{"id":484569,"date":"2014-02-06T01:20:54","date_gmt":"2014-02-06T02:20:54","guid":{"rendered":"http:\/\/www.eldigitaldeasturias.com\/noticias\/?p=484569"},"modified":"2014-02-06T01:20:54","modified_gmt":"2014-02-06T02:20:54","slug":"la-onu-condena-la-ola-de-atentados-en-irak-y-pide-unidad-contra-el-terrorismo","status":"publish","type":"post","link":"https:\/\/www.eldigitaldeasturias.com\/noticias\/la-onu-condena-la-ola-de-atentados-en-irak-y-pide-unidad-contra-el-terrorismo\/","title":{"rendered":"La ONU condena la ola de atentados en Irak y pide unidad contra el terrorismo"},"content":{"rendered":"<p><img loading=\"lazy\" decoding=\"async\" class=\"alignleft size-medium wp-image-484570\" alt=\"5914038w\" src=\"https:\/\/www.eldigitaldeasturias.com\/noticias\/wp-content\/uploads\/2014\/02\/5914038w-360x258.jpg\" width=\"360\" height=\"258\" \/>Naciones Unidas, 5 feb (EFE).- La ONU conden\u00f3 hoy la ola de atentados en Irak, uno de ellos a las puertas del Ministerio de Asuntos Exteriores, que dej\u00f3 decenas de muertos y heridos, y pidi\u00f3 a los l\u00edderes pol\u00edticos \u00abunidad\u00bb en la lucha contra el terrorismo.<\/p>\n<p>\u00abEl representante especial de la ONU para Irak, Nickolay Mladenov, condena en los t\u00e9rminos m\u00e1s en\u00e9rgicos el ataque de hoy contra el Ministerio de Exteriores\u00bb, dijo ante la prensa un portavoz de la ONU, Farham Haq.<\/p>\n<p>El portavoz a\u00f1adi\u00f3 que los responsables del ataque deben ser condenados por todos los l\u00edderes pol\u00edticos, religiosos y c\u00edvicos del pa\u00eds, e inst\u00f3 a los dirigentes pol\u00edticos a mostrar unidad en la lucha contra el terrorismo.<\/p>\n<p>Al menos 31 personas murieron hoy y 66 resultaron heridas en una serie de explosiones en Bagdad, la mayor\u00eda cerca de la fortificada Zona Verde, que alberga las sedes del Gobierno y del Parlamento iraqu\u00ed, as\u00ed como embajadas de pa\u00edses occidentales.<\/p>\n<p>Varios de los atentados fueron perpetrados por dos suicidas y con un coche bomba en los alrededores de la Zona Verde, uno en un puesto de control en la zona de Karrada Mariam, y otro en la entrada del Ministerio de Exteriores.<\/p>\n<p>Otras 10 personas perecieron y 24 sufrieron heridas por el estallido de dos coches bomba de forma consecutiva en la zona de Yisr Diyala, en el suroeste de la capital, mientras que otro ataque similar caus\u00f3 ocho heridos en el barrio cercano de Al Zafarana.<\/p>\n<p>Irak sufre un repunte de la violencia sectaria y de los atentados terroristas, que causaron en 2013 la muerte de 8.868 personas, de las que 7.818 eran civiles, seg\u00fan cifras de Naciones Unidas.<\/p>\n","protected":false},"excerpt":{"rendered":"<p>Naciones Unidas, 5 feb (EFE).- La ONU conden\u00f3 hoy la ola de atentados en Irak, uno de ellos a las puertas del Ministerio de Asuntos Exteriores, que dej\u00f3 decenas de muertos y heridos, y pidi\u00f3 a los l\u00edderes pol\u00edticos \u00abunidad\u00bb en la lucha contra el terrorismo. \u00abEl representante especial de la ONU para Irak, Nickolay [&hellip;]<\/p>\n","protected":false},"author":1,"featured_media":484570,"comment_status":"closed","ping_status":"open","sticky":false,"template":"","format":"standard","meta":{"footnotes":""},"categories":[1],"tags":[],"class_list":["post-484569","post","type-post","status-publish","format-standard","has-post-thumbnail","hentry","category-actualidad"],"aioseo_notices":[],"aioseo_head":"\n\t\t<!-- All in One SEO Pro 5.0.1 - aioseo.com -->\n\t<meta name=\"description\" content=\"Naciones Unidas, 5 feb (EFE).- La ONU conden\u00f3 hoy la ola de atentados en Irak, uno de ellos a las puertas del Ministerio de Asuntos Exteriores, que dej\u00f3 decenas de muertos y heridos, y pidi\u00f3 a los l\u00edderes pol\u00edticos &quot;unidad&quot; en la lucha contra el terrorismo. &quot;El representante especial de la ONU para Irak, Nickolay\" \/>\n\t<meta name=\"robots\" content=\"max-image-preview:large\" \/>\n\t<meta name=\"author\" content=\"El Digital de Asturias\"\/>\n\t<meta name=\"google-site-verification\" content=\"UA-38556648-1\" \/>\n\t<meta name=\"msvalidate.01\" content=\"7dfe9f3f1b24437ab69f4f2559babe99\" \/>\n\t<meta name=\"keywords\" content=\"actualidad\" \/>\n\t<link rel=\"canonical\" href=\"https:\/\/www.eldigitaldeasturias.com\/noticias\/la-onu-condena-la-ola-de-atentados-en-irak-y-pide-unidad-contra-el-terrorismo\/\" \/>\n\t<meta name=\"generator\" content=\"All in One SEO Pro (AIOSEO) 5.0.1\" \/>\n\t\t<meta property=\"og:locale\" content=\"es_ES\" \/>\n\t\t<meta property=\"og:site_name\" content=\"El Digital de Asturias\" \/>\n\t\t<meta property=\"og:type\" content=\"article\" \/>\n\t\t<meta property=\"og:title\" content=\"La ONU condena la ola de atentados en Irak y pide unidad contra el terrorismo - El Digital de Asturias\" \/>\n\t\t<meta property=\"og:description\" content=\"Naciones Unidas, 5 feb (EFE).- La ONU conden\u00f3 hoy la ola de atentados en Irak, uno de ellos a las puertas del Ministerio de Asuntos Exteriores, que dej\u00f3 decenas de muertos y heridos, y pidi\u00f3 a los l\u00edderes pol\u00edticos &quot;unidad&quot; en la lucha contra el terrorismo. &quot;El representante especial de la ONU para Irak, Nickolay\" \/>\n\t\t<meta property=\"og:url\" content=\"https:\/\/www.eldigitaldeasturias.com\/noticias\/la-onu-condena-la-ola-de-atentados-en-irak-y-pide-unidad-contra-el-terrorismo\/\" \/>\n\t\t<meta property=\"article:tag\" content=\"actualidad\" \/>\n\t\t<meta property=\"article:published_time\" content=\"2014-02-06T02:20:54+00:00\" \/>\n\t\t<meta property=\"article:modified_time\" content=\"2014-02-06T02:20:54+00:00\" \/>\n\t\t<meta property=\"article:publisher\" content=\"https:\/\/facebook.com\/eldigitaldeasturias\" \/>\n\t\t<meta name=\"twitter:card\" content=\"summary_large_image\" \/>\n\t\t<meta name=\"twitter:title\" content=\"La ONU condena la ola de atentados en Irak y pide unidad contra el terrorismo - El Digital de Asturias\" \/>\n\t\t<meta name=\"twitter:description\" content=\"Naciones Unidas, 5 feb (EFE).- La ONU conden\u00f3 hoy la ola de atentados en Irak, uno de ellos a las puertas del Ministerio de Asuntos Exteriores, que dej\u00f3 decenas de muertos y heridos, y pidi\u00f3 a los l\u00edderes pol\u00edticos &quot;unidad&quot; en la lucha contra el terrorismo. &quot;El representante especial de la ONU para Irak, Nickolay\" \/>\n\t\t<meta name=\"twitter:label1\" content=\"Escrito por\" \/>\n\t\t<meta name=\"twitter:data1\" content=\"El Digital de Asturias\" \/>\n\t\t<meta name=\"twitter:label2\" content=\"Tiempo de lectura estimado\" \/>\n\t\t<meta name=\"twitter:data2\" content=\"1 minuto\" \/>\n\t\t<script type=\"application\/ld+json\" class=\"aioseo-schema\">\n\t\t\t{\"@context\":\"https:\\\/\\\/schema.org\",\"@graph\":[{\"@type\":\"BlogPosting\",\"@id\":\"https:\\\/\\\/www.eldigitaldeasturias.com\\\/noticias\\\/la-onu-condena-la-ola-de-atentados-en-irak-y-pide-unidad-contra-el-terrorismo\\\/#blogposting\",\"name\":\"La ONU condena la ola de atentados en Irak y pide unidad contra el terrorismo - El Digital de Asturias\",\"headline\":\"La ONU condena la ola de atentados en Irak y pide unidad contra el terrorismo\",\"author\":{\"@id\":\"https:\\\/\\\/www.eldigitaldeasturias.com\\\/noticias\\\/author\\\/admin\\\/#author\"},\"publisher\":{\"@id\":\"https:\\\/\\\/www.eldigitaldeasturias.com\\\/noticias\\\/#organization\"},\"image\":{\"@type\":\"ImageObject\",\"url\":484570},\"datePublished\":\"2014-02-06T01:20:54+01:00\",\"dateModified\":\"2014-02-06T01:20:54+01:00\",\"inLanguage\":\"es-ES\",\"mainEntityOfPage\":{\"@id\":\"https:\\\/\\\/www.eldigitaldeasturias.com\\\/noticias\\\/la-onu-condena-la-ola-de-atentados-en-irak-y-pide-unidad-contra-el-terrorismo\\\/#webpage\"},\"isPartOf\":{\"@id\":\"https:\\\/\\\/www.eldigitaldeasturias.com\\\/noticias\\\/la-onu-condena-la-ola-de-atentados-en-irak-y-pide-unidad-contra-el-terrorismo\\\/#webpage\"},\"articleSection\":\"Actualidad\"},{\"@type\":\"BreadcrumbList\",\"@id\":\"https:\\\/\\\/www.eldigitaldeasturias.com\\\/noticias\\\/la-onu-condena-la-ola-de-atentados-en-irak-y-pide-unidad-contra-el-terrorismo\\\/#breadcrumblist\",\"itemListElement\":[{\"@type\":\"ListItem\",\"@id\":\"https:\\\/\\\/www.eldigitaldeasturias.com\\\/noticias#listItem\",\"position\":1,\"name\":\"Home\",\"item\":\"https:\\\/\\\/www.eldigitaldeasturias.com\\\/noticias\",\"nextItem\":{\"@type\":\"ListItem\",\"@id\":\"https:\\\/\\\/www.eldigitaldeasturias.com\\\/noticias\\\/category\\\/actualidad\\\/#listItem\",\"name\":\"Actualidad\"}},{\"@type\":\"ListItem\",\"@id\":\"https:\\\/\\\/www.eldigitaldeasturias.com\\\/noticias\\\/category\\\/actualidad\\\/#listItem\",\"position\":2,\"name\":\"Actualidad\",\"item\":\"https:\\\/\\\/www.eldigitaldeasturias.com\\\/noticias\\\/category\\\/actualidad\\\/\",\"nextItem\":{\"@type\":\"ListItem\",\"@id\":\"https:\\\/\\\/www.eldigitaldeasturias.com\\\/noticias\\\/la-onu-condena-la-ola-de-atentados-en-irak-y-pide-unidad-contra-el-terrorismo\\\/#listItem\",\"name\":\"La ONU condena la ola de atentados en Irak y pide unidad contra el terrorismo\"},\"previousItem\":{\"@type\":\"ListItem\",\"@id\":\"https:\\\/\\\/www.eldigitaldeasturias.com\\\/noticias#listItem\",\"name\":\"Home\"}},{\"@type\":\"ListItem\",\"@id\":\"https:\\\/\\\/www.eldigitaldeasturias.com\\\/noticias\\\/la-onu-condena-la-ola-de-atentados-en-irak-y-pide-unidad-contra-el-terrorismo\\\/#listItem\",\"position\":3,\"name\":\"La ONU condena la ola de atentados en Irak y pide unidad contra el terrorismo\",\"previousItem\":{\"@type\":\"ListItem\",\"@id\":\"https:\\\/\\\/www.eldigitaldeasturias.com\\\/noticias\\\/category\\\/actualidad\\\/#listItem\",\"name\":\"Actualidad\"}}]},{\"@type\":\"Organization\",\"@id\":\"https:\\\/\\\/www.eldigitaldeasturias.com\\\/noticias\\\/#organization\",\"name\":\"El Digital de Asturias\",\"description\":\"Hemeroteca\",\"url\":\"https:\\\/\\\/www.eldigitaldeasturias.com\\\/noticias\\\/\",\"email\":\"info@eldigitaldeasturias.com\",\"telephone\":\"+34652131393\",\"logo\":{\"@type\":\"ImageObject\",\"url\":\"https:\\\/\\\/www.eldigitaldeasturias.com\\\/noticias\\\/wp-content\\\/uploads\\\/2020\\\/12\\\/EDA.jpg\",\"@id\":\"https:\\\/\\\/www.eldigitaldeasturias.com\\\/noticias\\\/la-onu-condena-la-ola-de-atentados-en-irak-y-pide-unidad-contra-el-terrorismo\\\/#organizationLogo\"},\"image\":{\"@id\":\"https:\\\/\\\/www.eldigitaldeasturias.com\\\/noticias\\\/la-onu-condena-la-ola-de-atentados-en-irak-y-pide-unidad-contra-el-terrorismo\\\/#organizationLogo\"},\"sameAs\":[\"https:\\\/\\\/facebook.com\\\/eldigitaldeasturias\",\"https:\\\/\\\/www.youtube.com\\\/channel\\\/UCZP-2wLEB9Rv6erhFmqVnvg\"],\"address\":{\"@id\":\"https:\\\/\\\/www.eldigitaldeasturias.com\\\/noticias\\\/#postaladdress\",\"@type\":\"PostalAddress\",\"streetAddress\":\"san antonio 4\",\"postalCode\":\"33430\",\"addressLocality\":\"Cand\\u00e1s\",\"addressRegion\":\"Asturias\",\"addressCountry\":\"ES\"}},{\"@type\":\"Person\",\"@id\":\"https:\\\/\\\/www.eldigitaldeasturias.com\\\/noticias\\\/author\\\/admin\\\/#author\",\"url\":\"https:\\\/\\\/www.eldigitaldeasturias.com\\\/noticias\\\/author\\\/admin\\\/\",\"name\":\"El Digital de Asturias\",\"image\":{\"@type\":\"ImageObject\",\"@id\":\"https:\\\/\\\/www.eldigitaldeasturias.com\\\/noticias\\\/la-onu-condena-la-ola-de-atentados-en-irak-y-pide-unidad-contra-el-terrorismo\\\/#authorImage\",\"url\":\"https:\\\/\\\/secure.gravatar.com\\\/avatar\\\/df2aeffc32bcd13f8d26072ef8a91b623d677766deac7f97ca815868cd41bf5e?s=96&d=mm&r=g\",\"width\":96,\"height\":96,\"caption\":\"El Digital de Asturias\"}},{\"@type\":\"WebPage\",\"@id\":\"https:\\\/\\\/www.eldigitaldeasturias.com\\\/noticias\\\/la-onu-condena-la-ola-de-atentados-en-irak-y-pide-unidad-contra-el-terrorismo\\\/#webpage\",\"url\":\"https:\\\/\\\/www.eldigitaldeasturias.com\\\/noticias\\\/la-onu-condena-la-ola-de-atentados-en-irak-y-pide-unidad-contra-el-terrorismo\\\/\",\"name\":\"La ONU condena la ola de atentados en Irak y pide unidad contra el terrorismo - El Digital de Asturias\",\"description\":\"Naciones Unidas, 5 feb (EFE).- La ONU conden\\u00f3 hoy la ola de atentados en Irak, uno de ellos a las puertas del Ministerio de Asuntos Exteriores, que dej\\u00f3 decenas de muertos y heridos, y pidi\\u00f3 a los l\\u00edderes pol\\u00edticos \\\"unidad\\\" en la lucha contra el terrorismo. \\\"El representante especial de la ONU para Irak, Nickolay\",\"inLanguage\":\"es-ES\",\"isPartOf\":{\"@id\":\"https:\\\/\\\/www.eldigitaldeasturias.com\\\/noticias\\\/#website\"},\"breadcrumb\":{\"@id\":\"https:\\\/\\\/www.eldigitaldeasturias.com\\\/noticias\\\/la-onu-condena-la-ola-de-atentados-en-irak-y-pide-unidad-contra-el-terrorismo\\\/#breadcrumblist\"},\"author\":{\"@id\":\"https:\\\/\\\/www.eldigitaldeasturias.com\\\/noticias\\\/author\\\/admin\\\/#author\"},\"creator\":{\"@id\":\"https:\\\/\\\/www.eldigitaldeasturias.com\\\/noticias\\\/author\\\/admin\\\/#author\"},\"image\":{\"@type\":\"ImageObject\",\"url\":484570,\"@id\":\"https:\\\/\\\/www.eldigitaldeasturias.com\\\/noticias\\\/la-onu-condena-la-ola-de-atentados-en-irak-y-pide-unidad-contra-el-terrorismo\\\/#mainImage\"},\"primaryImageOfPage\":{\"@id\":\"https:\\\/\\\/www.eldigitaldeasturias.com\\\/noticias\\\/la-onu-condena-la-ola-de-atentados-en-irak-y-pide-unidad-contra-el-terrorismo\\\/#mainImage\"},\"datePublished\":\"2014-02-06T01:20:54+01:00\",\"dateModified\":\"2014-02-06T01:20:54+01:00\"},{\"@type\":\"WebSite\",\"@id\":\"https:\\\/\\\/www.eldigitaldeasturias.com\\\/noticias\\\/#website\",\"url\":\"https:\\\/\\\/www.eldigitaldeasturias.com\\\/noticias\\\/\",\"name\":\"El Digital de Asturias - Diario de actualidad y noticias\",\"alternateName\":\"El Digital de Asturias - Diario de actualidad y noticias\",\"description\":\"Hemeroteca\",\"inLanguage\":\"es-ES\",\"publisher\":{\"@id\":\"https:\\\/\\\/www.eldigitaldeasturias.com\\\/noticias\\\/#organization\"}}]}\n\t\t<\/script>\n\t\t<!-- All in One SEO Pro -->\r\n\t\t<title>La ONU condena la ola de atentados en Irak y pide unidad contra el terrorismo - El Digital de Asturias<\/title>\n\n","aioseo_head_json":{"title":"La ONU condena la ola de atentados en Irak y pide unidad contra el terrorismo - El Digital de Asturias","description":"Naciones Unidas, 5 feb (EFE).- La ONU conden\u00f3 hoy la ola de atentados en Irak, uno de ellos a las puertas del Ministerio de Asuntos Exteriores, que dej\u00f3 decenas de muertos y heridos, y pidi\u00f3 a los l\u00edderes pol\u00edticos \"unidad\" en la lucha contra el terrorismo. \"El representante especial de la ONU para Irak, Nickolay","canonical_url":"https:\/\/www.eldigitaldeasturias.com\/noticias\/la-onu-condena-la-ola-de-atentados-en-irak-y-pide-unidad-contra-el-terrorismo\/","robots":"max-image-preview:large","keywords":"actualidad","webmasterTools":{"google-site-verification":"UA-38556648-1","msvalidate.01":"7dfe9f3f1b24437ab69f4f2559babe99","miscellaneous":""},"schema":{"@context":"https:\/\/schema.org","@graph":[{"@type":"BlogPosting","@id":"https:\/\/www.eldigitaldeasturias.com\/noticias\/la-onu-condena-la-ola-de-atentados-en-irak-y-pide-unidad-contra-el-terrorismo\/#blogposting","name":"La ONU condena la ola de atentados en Irak y pide unidad contra el terrorismo - El Digital de Asturias","headline":"La ONU condena la ola de atentados en Irak y pide unidad contra el terrorismo","author":{"@id":"https:\/\/www.eldigitaldeasturias.com\/noticias\/author\/admin\/#author"},"publisher":{"@id":"https:\/\/www.eldigitaldeasturias.com\/noticias\/#organization"},"image":{"@type":"ImageObject","url":484570},"datePublished":"2014-02-06T01:20:54+01:00","dateModified":"2014-02-06T01:20:54+01:00","inLanguage":"es-ES","mainEntityOfPage":{"@id":"https:\/\/www.eldigitaldeasturias.com\/noticias\/la-onu-condena-la-ola-de-atentados-en-irak-y-pide-unidad-contra-el-terrorismo\/#webpage"},"isPartOf":{"@id":"https:\/\/www.eldigitaldeasturias.com\/noticias\/la-onu-condena-la-ola-de-atentados-en-irak-y-pide-unidad-contra-el-terrorismo\/#webpage"},"articleSection":"Actualidad"},{"@type":"BreadcrumbList","@id":"https:\/\/www.eldigitaldeasturias.com\/noticias\/la-onu-condena-la-ola-de-atentados-en-irak-y-pide-unidad-contra-el-terrorismo\/#breadcrumblist","itemListElement":[{"@type":"ListItem","@id":"https:\/\/www.eldigitaldeasturias.com\/noticias#listItem","position":1,"name":"Home","item":"https:\/\/www.eldigitaldeasturias.com\/noticias","nextItem":{"@type":"ListItem","@id":"https:\/\/www.eldigitaldeasturias.com\/noticias\/category\/actualidad\/#listItem","name":"Actualidad"}},{"@type":"ListItem","@id":"https:\/\/www.eldigitaldeasturias.com\/noticias\/category\/actualidad\/#listItem","position":2,"name":"Actualidad","item":"https:\/\/www.eldigitaldeasturias.com\/noticias\/category\/actualidad\/","nextItem":{"@type":"ListItem","@id":"https:\/\/www.eldigitaldeasturias.com\/noticias\/la-onu-condena-la-ola-de-atentados-en-irak-y-pide-unidad-contra-el-terrorismo\/#listItem","name":"La ONU condena la ola de atentados en Irak y pide unidad contra el terrorismo"},"previousItem":{"@type":"ListItem","@id":"https:\/\/www.eldigitaldeasturias.com\/noticias#listItem","name":"Home"}},{"@type":"ListItem","@id":"https:\/\/www.eldigitaldeasturias.com\/noticias\/la-onu-condena-la-ola-de-atentados-en-irak-y-pide-unidad-contra-el-terrorismo\/#listItem","position":3,"name":"La ONU condena la ola de atentados en Irak y pide unidad contra el terrorismo","previousItem":{"@type":"ListItem","@id":"https:\/\/www.eldigitaldeasturias.com\/noticias\/category\/actualidad\/#listItem","name":"Actualidad"}}]},{"@type":"Organization","@id":"https:\/\/www.eldigitaldeasturias.com\/noticias\/#organization","name":"El Digital de Asturias","description":"Hemeroteca","url":"https:\/\/www.eldigitaldeasturias.com\/noticias\/","email":"info@eldigitaldeasturias.com","telephone":"+34652131393","logo":{"@type":"ImageObject","url":"https:\/\/www.eldigitaldeasturias.com\/noticias\/wp-content\/uploads\/2020\/12\/EDA.jpg","@id":"https:\/\/www.eldigitaldeasturias.com\/noticias\/la-onu-condena-la-ola-de-atentados-en-irak-y-pide-unidad-contra-el-terrorismo\/#organizationLogo"},"image":{"@id":"https:\/\/www.eldigitaldeasturias.com\/noticias\/la-onu-condena-la-ola-de-atentados-en-irak-y-pide-unidad-contra-el-terrorismo\/#organizationLogo"},"sameAs":["https:\/\/facebook.com\/eldigitaldeasturias","https:\/\/www.youtube.com\/channel\/UCZP-2wLEB9Rv6erhFmqVnvg"],"address":{"@id":"https:\/\/www.eldigitaldeasturias.com\/noticias\/#postaladdress","@type":"PostalAddress","streetAddress":"san antonio 4","postalCode":"33430","addressLocality":"Cand\u00e1s","addressRegion":"Asturias","addressCountry":"ES"}},{"@type":"Person","@id":"https:\/\/www.eldigitaldeasturias.com\/noticias\/author\/admin\/#author","url":"https:\/\/www.eldigitaldeasturias.com\/noticias\/author\/admin\/","name":"El Digital de Asturias","image":{"@type":"ImageObject","@id":"https:\/\/www.eldigitaldeasturias.com\/noticias\/la-onu-condena-la-ola-de-atentados-en-irak-y-pide-unidad-contra-el-terrorismo\/#authorImage","url":"https:\/\/secure.gravatar.com\/avatar\/df2aeffc32bcd13f8d26072ef8a91b623d677766deac7f97ca815868cd41bf5e?s=96&d=mm&r=g","width":96,"height":96,"caption":"El Digital de Asturias"}},{"@type":"WebPage","@id":"https:\/\/www.eldigitaldeasturias.com\/noticias\/la-onu-condena-la-ola-de-atentados-en-irak-y-pide-unidad-contra-el-terrorismo\/#webpage","url":"https:\/\/www.eldigitaldeasturias.com\/noticias\/la-onu-condena-la-ola-de-atentados-en-irak-y-pide-unidad-contra-el-terrorismo\/","name":"La ONU condena la ola de atentados en Irak y pide unidad contra el terrorismo - El Digital de Asturias","description":"Naciones Unidas, 5 feb (EFE).- La ONU conden\u00f3 hoy la ola de atentados en Irak, uno de ellos a las puertas del Ministerio de Asuntos Exteriores, que dej\u00f3 decenas de muertos y heridos, y pidi\u00f3 a los l\u00edderes pol\u00edticos \"unidad\" en la lucha contra el terrorismo. \"El representante especial de la ONU para Irak, Nickolay","inLanguage":"es-ES","isPartOf":{"@id":"https:\/\/www.eldigitaldeasturias.com\/noticias\/#website"},"breadcrumb":{"@id":"https:\/\/www.eldigitaldeasturias.com\/noticias\/la-onu-condena-la-ola-de-atentados-en-irak-y-pide-unidad-contra-el-terrorismo\/#breadcrumblist"},"author":{"@id":"https:\/\/www.eldigitaldeasturias.com\/noticias\/author\/admin\/#author"},"creator":{"@id":"https:\/\/www.eldigitaldeasturias.com\/noticias\/author\/admin\/#author"},"image":{"@type":"ImageObject","url":484570,"@id":"https:\/\/www.eldigitaldeasturias.com\/noticias\/la-onu-condena-la-ola-de-atentados-en-irak-y-pide-unidad-contra-el-terrorismo\/#mainImage"},"primaryImageOfPage":{"@id":"https:\/\/www.eldigitaldeasturias.com\/noticias\/la-onu-condena-la-ola-de-atentados-en-irak-y-pide-unidad-contra-el-terrorismo\/#mainImage"},"datePublished":"2014-02-06T01:20:54+01:00","dateModified":"2014-02-06T01:20:54+01:00"},{"@type":"WebSite","@id":"https:\/\/www.eldigitaldeasturias.com\/noticias\/#website","url":"https:\/\/www.eldigitaldeasturias.com\/noticias\/","name":"El Digital de Asturias - Diario de actualidad y noticias","alternateName":"El Digital de Asturias - Diario de actualidad y noticias","description":"Hemeroteca","inLanguage":"es-ES","publisher":{"@id":"https:\/\/www.eldigitaldeasturias.com\/noticias\/#organization"}}]},"og:locale":"es_ES","og:site_name":"El Digital de Asturias","og:type":"article","og:title":"La ONU condena la ola de atentados en Irak y pide unidad contra el terrorismo - El Digital de Asturias","og:description":"Naciones Unidas, 5 feb (EFE).- La ONU conden\u00f3 hoy la ola de atentados en Irak, uno de ellos a las puertas del Ministerio de Asuntos Exteriores, que dej\u00f3 decenas de muertos y heridos, y pidi\u00f3 a los l\u00edderes pol\u00edticos &quot;unidad&quot; en la lucha contra el terrorismo. &quot;El representante especial de la ONU para Irak, Nickolay","og:url":"https:\/\/www.eldigitaldeasturias.com\/noticias\/la-onu-condena-la-ola-de-atentados-en-irak-y-pide-unidad-contra-el-terrorismo\/","article:tag":["actualidad"],"article:published_time":"2014-02-06T02:20:54+00:00","article:modified_time":"2014-02-06T02:20:54+00:00","article:publisher":"https:\/\/facebook.com\/eldigitaldeasturias","twitter:card":"summary_large_image","twitter:title":"La ONU condena la ola de atentados en Irak y pide unidad contra el terrorismo - El Digital de Asturias","twitter:description":"Naciones Unidas, 5 feb (EFE).- La ONU conden\u00f3 hoy la ola de atentados en Irak, uno de ellos a las puertas del Ministerio de Asuntos Exteriores, que dej\u00f3 decenas de muertos y heridos, y pidi\u00f3 a los l\u00edderes pol\u00edticos &quot;unidad&quot; en la lucha contra el terrorismo. &quot;El representante especial de la ONU para Irak, Nickolay","twitter:label1":"Escrito por","twitter:data1":"El Digital de Asturias","twitter:label2":"Tiempo de lectura estimado","twitter:data2":"1 minuto"},"aioseo_meta_data":{"post_id":"484569","title":null,"description":null,"keywords":null,"keyphrases":null,"primary_term":null,"canonical_url":null,"og_title":null,"og_description":null,"og_object_type":"default","og_image_type":"default","og_image_url":null,"og_image_width":null,"og_image_height":null,"og_image_custom_url":null,"og_image_custom_fields":null,"og_video":null,"og_custom_url":null,"og_article_section":null,"og_article_tags":null,"twitter_use_og":true,"twitter_card":"default","twitter_image_type":"default","twitter_image_url":null,"twitter_image_custom_url":null,"twitter_image_custom_fields":null,"twitter_title":null,"twitter_description":null,"schema":{"blockGraphs":[],"customGraphs":[],"default":{"data":{"Article":[],"Course":[],"Dataset":[],"FAQPage":[],"Movie":[],"Person":[],"Product":[],"ProductReview":[],"Car":[],"Recipe":[],"Service":[],"SoftwareApplication":[],"WebPage":[]},"graphName":"","isEnabled":true},"graphs":[],"defaultGraph":"","defaultPostTypeGraph":""},"schema_type":null,"schema_type_options":null,"pillar_content":false,"robots_default":true,"robots_noindex":false,"robots_noarchive":false,"robots_nosnippet":false,"robots_nofollow":false,"robots_noimageindex":false,"robots_noodp":false,"robots_notranslate":false,"robots_max_snippet":null,"robots_max_videopreview":null,"robots_max_imagepreview":"none","priority":null,"frequency":null,"local_seo":null,"seo_analyzer_scan_date":"2026-06-02 16:14:22","breadcrumb_settings":null,"limit_modified_date":false,"open_ai":null,"ai":null,"created":"2020-11-14 22:55:05","updated":"2026-06-02 16:14:22","focus_keyword":null,"additional_keywords":null,"truseo_locale":null},"aioseo_breadcrumb":"<div class=\"aioseo-breadcrumbs\"><span class=\"aioseo-breadcrumb\">\n\t<a href=\"https:\/\/www.eldigitaldeasturias.com\/noticias\" title=\"Home\">Home<\/a>\n<\/span><span class=\"aioseo-breadcrumb-separator\">\u2013<\/span><span class=\"aioseo-breadcrumb\">\n\t<a href=\"https:\/\/www.eldigitaldeasturias.com\/noticias\/category\/actualidad\/\" title=\"Actualidad\">Actualidad<\/a>\n<\/span><span class=\"aioseo-breadcrumb-separator\">\u2013<\/span><span class=\"aioseo-breadcrumb\">\n\t<a href=\"https:\/\/www.eldigitaldeasturias.com\/noticias\/la-onu-condena-la-ola-de-atentados-en-irak-y-pide-unidad-contra-el-terrorismo\/\" title=\"La ONU condena la ola de atentados en Irak y pide unidad contra el terrorismo\">La ONU condena la ola de atentados en Irak y pide unidad contra el terrorismo<\/a>\n<\/span><\/div>","aioseo_breadcrumb_json":[{"label":"Home","link":"https:\/\/www.eldigitaldeasturias.com\/noticias"},{"label":"Actualidad","link":"https:\/\/www.eldigitaldeasturias.com\/noticias\/category\/actualidad\/"},{"label":"La ONU condena la ola de atentados en Irak y pide unidad contra el terrorismo","link":"https:\/\/www.eldigitaldeasturias.com\/noticias\/la-onu-condena-la-ola-de-atentados-en-irak-y-pide-unidad-contra-el-terrorismo\/"}],"_links":{"self":[{"href":"https:\/\/www.eldigitaldeasturias.com\/noticias\/wp-json\/wp\/v2\/posts\/484569","targetHints":{"allow":["GET"]}}],"collection":[{"href":"https:\/\/www.eldigitaldeasturias.com\/noticias\/wp-json\/wp\/v2\/posts"}],"about":[{"href":"https:\/\/www.eldigitaldeasturias.com\/noticias\/wp-json\/wp\/v2\/types\/post"}],"author":[{"embeddable":true,"href":"https:\/\/www.eldigitaldeasturias.com\/noticias\/wp-json\/wp\/v2\/users\/1"}],"replies":[{"embeddable":true,"href":"https:\/\/www.eldigitaldeasturias.com\/noticias\/wp-json\/wp\/v2\/comments?post=484569"}],"version-history":[{"count":0,"href":"https:\/\/www.eldigitaldeasturias.com\/noticias\/wp-json\/wp\/v2\/posts\/484569\/revisions"}],"wp:attachment":[{"href":"https:\/\/www.eldigitaldeasturias.com\/noticias\/wp-json\/wp\/v2\/media?parent=484569"}],"wp:term":[{"taxonomy":"category","embeddable":true,"href":"https:\/\/www.eldigitaldeasturias.com\/noticias\/wp-json\/wp\/v2\/categories?post=484569"},{"taxonomy":"post_tag","embeddable":true,"href":"https:\/\/www.eldigitaldeasturias.com\/noticias\/wp-json\/wp\/v2\/tags?post=484569"}],"curies":[{"name":"wp","href":"https:\/\/api.w.org\/{rel}","templated":true}]}}