{"id":484551,"date":"2014-02-06T01:14:18","date_gmt":"2014-02-06T02:14:18","guid":{"rendered":"http:\/\/www.eldigitaldeasturias.com\/noticias\/?p=484551"},"modified":"2014-02-06T01:14:18","modified_gmt":"2014-02-06T02:14:18","slug":"el-rey-conversa-de-pie-45-minutos-con-los-embajadores-extranjeros-en-palacio","status":"publish","type":"post","link":"https:\/\/www.eldigitaldeasturias.com\/noticias\/el-rey-conversa-de-pie-45-minutos-con-los-embajadores-extranjeros-en-palacio\/","title":{"rendered":"El Rey conversa de pie 45 minutos con los embajadores extranjeros en Palacio"},"content":{"rendered":"<p><img loading=\"lazy\" decoding=\"async\" class=\"alignleft size-medium wp-image-484552\" alt=\"5912660w\" src=\"https:\/\/www.eldigitaldeasturias.com\/noticias\/wp-content\/uploads\/2014\/02\/5912660w-360x239.jpg\" width=\"360\" height=\"239\" \/>Madrid, 5 feb (EFE).- La tradicional recepci\u00f3n al cuerpo diplom\u00e1tico celebrada hoy en el Palacio Real, precedida de un discurso del Rey en el Sal\u00f3n del Trono, ha permitido a don Juan Carlos conversar animadamente durante 45 minutos, de pie, con los embajadores, que le han felicitado por su intervenci\u00f3n.<\/p>\n<p>De buen humor y con ganas de hablar con sus invitados, seg\u00fan han informado a EFE fuentes diplom\u00e1ticas, el Monarca ha departido con los representantes extranjeros acreditados en Espa\u00f1a durante el c\u00f3ctel celebrado en el Sal\u00f3n de Columnas del Palacio Real, en el que tambi\u00e9n han estado presentes la Reina y los Pr\u00edncipes de Asturias.<\/p>\n<p>El jefe del Estado, que ha permanecido de pie todo el tiempo en el centro de la sala, ayudado de su muleta, ha saludado a la mayor\u00eda de los embajadores que se han dado cita en la recepci\u00f3n.<\/p>\n<p>Tras su operaci\u00f3n del 21 de noviembre para reemplazarle una pr\u00f3tesis infectada en la cadera izquierda, don Juan Carlos ha utilizado en sus \u00faltimas comparecencias p\u00fablicas una o dos muletas, pero hoy se le ha visto por vez primera caminar con una sola cuando ha entrado en el Sal\u00f3n del Trono para pronunciar su discurso, al que han precedido unas palabras del nuncio del Vaticano, Renzo Fratini.<\/p>\n<p>Los embajadores, han asegurado las mismas fuentes, le han felicitado por su alocuci\u00f3n, en la que afirmado que \u00abhay motivos para el optimismo\u00bb sobre el crecimiento de la econom\u00eda espa\u00f1ola, ha llamado a una \u00abamplia participaci\u00f3n\u00bb en las elecciones al Parlamento Europeo y ha reafirmado el compromiso de Espa\u00f1a en favor de \u00absoluciones pac\u00edficas para los conflictos\u00bb basadas \u00aben el di\u00e1logo, en el consenso y en el respeto del Derecho Internacional\u00bb.<\/p>\n<p>Estas fuentes diplom\u00e1ticas han hecho hincapi\u00e9 asimismo en que han visto a don Juan Carlos \u00abde muy buen humor\u00bb ante sus interlocutores.<\/p>\n<p>Tras el anterior acto oficial protagonizado por el jefe del Estado en el Palacio Real con ocasi\u00f3n de la Pascua Militar, el 6 de enero, durante el que tuvo dificultades para pronunciar frases de su discurso, don Juan Carlos ha solventado hoy su compromiso sin problemas, despu\u00e9s de que Zarzuela dispusiera un atril con una luz m\u00e1s adecuada para la lectura del texto.<\/p>\n<p>A la tradicional recepci\u00f3n con el cuerpo diplom\u00e1tico han asistido el presidente del Gobierno, Mariano Rajoy, el ministro de Asuntos Exteriores, Jos\u00e9 Manuel Garc\u00eda-Margallo, altos cargos de Exteriores, Presidencia del Gobierno e Instituto Cervantes, y el nuncio, en su calidad de decano del cuerpo diplom\u00e1tico, a quienes el Rey, la Reina y los Pr\u00edncipes han saludado en la Saleta Gasparini antes de los discursos del Sal\u00f3n del Trono.<\/p>\n","protected":false},"excerpt":{"rendered":"<p>Madrid, 5 feb (EFE).- La tradicional recepci\u00f3n al cuerpo diplom\u00e1tico celebrada hoy en el Palacio Real, precedida de un discurso del Rey en el Sal\u00f3n del Trono, ha permitido a don Juan Carlos conversar animadamente durante 45 minutos, de pie, con los embajadores, que le han felicitado por su intervenci\u00f3n. De buen humor y con [&hellip;]<\/p>\n","protected":false},"author":1,"featured_media":484552,"comment_status":"closed","ping_status":"open","sticky":false,"template":"","format":"standard","meta":{"footnotes":""},"categories":[1],"tags":[],"class_list":["post-484551","post","type-post","status-publish","format-standard","has-post-thumbnail","hentry","category-actualidad"],"aioseo_notices":[],"aioseo_head":"\n\t\t<!-- All in One SEO Pro 5.0.1 - aioseo.com -->\n\t<meta name=\"description\" content=\"Madrid, 5 feb (EFE).- La tradicional recepci\u00f3n al cuerpo diplom\u00e1tico celebrada hoy en el Palacio Real, precedida de un discurso del Rey en el Sal\u00f3n del Trono, ha permitido a don Juan Carlos conversar animadamente durante 45 minutos, de pie, con los embajadores, que le han felicitado por su intervenci\u00f3n. De buen humor y con\" \/>\n\t<meta name=\"robots\" content=\"max-image-preview:large\" \/>\n\t<meta name=\"author\" content=\"El Digital de Asturias\"\/>\n\t<meta name=\"google-site-verification\" content=\"UA-38556648-1\" \/>\n\t<meta name=\"msvalidate.01\" content=\"7dfe9f3f1b24437ab69f4f2559babe99\" \/>\n\t<meta name=\"keywords\" content=\"actualidad\" \/>\n\t<link rel=\"canonical\" href=\"https:\/\/www.eldigitaldeasturias.com\/noticias\/el-rey-conversa-de-pie-45-minutos-con-los-embajadores-extranjeros-en-palacio\/\" \/>\n\t<meta name=\"generator\" content=\"All in One SEO Pro (AIOSEO) 5.0.1\" \/>\n\t\t<meta property=\"og:locale\" content=\"es_ES\" \/>\n\t\t<meta property=\"og:site_name\" content=\"El Digital de Asturias\" \/>\n\t\t<meta property=\"og:type\" content=\"article\" \/>\n\t\t<meta property=\"og:title\" content=\"El Rey conversa de pie 45 minutos con los embajadores extranjeros en Palacio - El Digital de Asturias\" \/>\n\t\t<meta property=\"og:description\" content=\"Madrid, 5 feb (EFE).- La tradicional recepci\u00f3n al cuerpo diplom\u00e1tico celebrada hoy en el Palacio Real, precedida de un discurso del Rey en el Sal\u00f3n del Trono, ha permitido a don Juan Carlos conversar animadamente durante 45 minutos, de pie, con los embajadores, que le han felicitado por su intervenci\u00f3n. De buen humor y con\" \/>\n\t\t<meta property=\"og:url\" content=\"https:\/\/www.eldigitaldeasturias.com\/noticias\/el-rey-conversa-de-pie-45-minutos-con-los-embajadores-extranjeros-en-palacio\/\" \/>\n\t\t<meta property=\"article:tag\" content=\"actualidad\" \/>\n\t\t<meta property=\"article:published_time\" content=\"2014-02-06T02:14:18+00:00\" \/>\n\t\t<meta property=\"article:modified_time\" content=\"2014-02-06T02:14:18+00:00\" \/>\n\t\t<meta property=\"article:publisher\" content=\"https:\/\/facebook.com\/eldigitaldeasturias\" \/>\n\t\t<meta name=\"twitter:card\" content=\"summary_large_image\" \/>\n\t\t<meta name=\"twitter:title\" content=\"El Rey conversa de pie 45 minutos con los embajadores extranjeros en Palacio - El Digital de Asturias\" \/>\n\t\t<meta name=\"twitter:description\" content=\"Madrid, 5 feb (EFE).- La tradicional recepci\u00f3n al cuerpo diplom\u00e1tico celebrada hoy en el Palacio Real, precedida de un discurso del Rey en el Sal\u00f3n del Trono, ha permitido a don Juan Carlos conversar animadamente durante 45 minutos, de pie, con los embajadores, que le han felicitado por su intervenci\u00f3n. De buen humor y con\" \/>\n\t\t<meta name=\"twitter:label1\" content=\"Escrito por\" \/>\n\t\t<meta name=\"twitter:data1\" content=\"El Digital de Asturias\" \/>\n\t\t<meta name=\"twitter:label2\" content=\"Tiempo de lectura estimado\" \/>\n\t\t<meta name=\"twitter:data2\" content=\"2 minutos\" \/>\n\t\t<script type=\"application\/ld+json\" class=\"aioseo-schema\">\n\t\t\t{\"@context\":\"https:\\\/\\\/schema.org\",\"@graph\":[{\"@type\":\"BlogPosting\",\"@id\":\"https:\\\/\\\/www.eldigitaldeasturias.com\\\/noticias\\\/el-rey-conversa-de-pie-45-minutos-con-los-embajadores-extranjeros-en-palacio\\\/#blogposting\",\"name\":\"El Rey conversa de pie 45 minutos con los embajadores extranjeros en Palacio - El Digital de Asturias\",\"headline\":\"El Rey conversa de pie 45 minutos con los embajadores extranjeros en Palacio\",\"author\":{\"@id\":\"https:\\\/\\\/www.eldigitaldeasturias.com\\\/noticias\\\/author\\\/admin\\\/#author\"},\"publisher\":{\"@id\":\"https:\\\/\\\/www.eldigitaldeasturias.com\\\/noticias\\\/#organization\"},\"image\":{\"@type\":\"ImageObject\",\"url\":484552},\"datePublished\":\"2014-02-06T01:14:18+01:00\",\"dateModified\":\"2014-02-06T01:14:18+01:00\",\"inLanguage\":\"es-ES\",\"mainEntityOfPage\":{\"@id\":\"https:\\\/\\\/www.eldigitaldeasturias.com\\\/noticias\\\/el-rey-conversa-de-pie-45-minutos-con-los-embajadores-extranjeros-en-palacio\\\/#webpage\"},\"isPartOf\":{\"@id\":\"https:\\\/\\\/www.eldigitaldeasturias.com\\\/noticias\\\/el-rey-conversa-de-pie-45-minutos-con-los-embajadores-extranjeros-en-palacio\\\/#webpage\"},\"articleSection\":\"Actualidad\"},{\"@type\":\"BreadcrumbList\",\"@id\":\"https:\\\/\\\/www.eldigitaldeasturias.com\\\/noticias\\\/el-rey-conversa-de-pie-45-minutos-con-los-embajadores-extranjeros-en-palacio\\\/#breadcrumblist\",\"itemListElement\":[{\"@type\":\"ListItem\",\"@id\":\"https:\\\/\\\/www.eldigitaldeasturias.com\\\/noticias#listItem\",\"position\":1,\"name\":\"Home\",\"item\":\"https:\\\/\\\/www.eldigitaldeasturias.com\\\/noticias\",\"nextItem\":{\"@type\":\"ListItem\",\"@id\":\"https:\\\/\\\/www.eldigitaldeasturias.com\\\/noticias\\\/category\\\/actualidad\\\/#listItem\",\"name\":\"Actualidad\"}},{\"@type\":\"ListItem\",\"@id\":\"https:\\\/\\\/www.eldigitaldeasturias.com\\\/noticias\\\/category\\\/actualidad\\\/#listItem\",\"position\":2,\"name\":\"Actualidad\",\"item\":\"https:\\\/\\\/www.eldigitaldeasturias.com\\\/noticias\\\/category\\\/actualidad\\\/\",\"nextItem\":{\"@type\":\"ListItem\",\"@id\":\"https:\\\/\\\/www.eldigitaldeasturias.com\\\/noticias\\\/el-rey-conversa-de-pie-45-minutos-con-los-embajadores-extranjeros-en-palacio\\\/#listItem\",\"name\":\"El Rey conversa de pie 45 minutos con los embajadores extranjeros en Palacio\"},\"previousItem\":{\"@type\":\"ListItem\",\"@id\":\"https:\\\/\\\/www.eldigitaldeasturias.com\\\/noticias#listItem\",\"name\":\"Home\"}},{\"@type\":\"ListItem\",\"@id\":\"https:\\\/\\\/www.eldigitaldeasturias.com\\\/noticias\\\/el-rey-conversa-de-pie-45-minutos-con-los-embajadores-extranjeros-en-palacio\\\/#listItem\",\"position\":3,\"name\":\"El Rey conversa de pie 45 minutos con los embajadores extranjeros en Palacio\",\"previousItem\":{\"@type\":\"ListItem\",\"@id\":\"https:\\\/\\\/www.eldigitaldeasturias.com\\\/noticias\\\/category\\\/actualidad\\\/#listItem\",\"name\":\"Actualidad\"}}]},{\"@type\":\"Organization\",\"@id\":\"https:\\\/\\\/www.eldigitaldeasturias.com\\\/noticias\\\/#organization\",\"name\":\"El Digital de Asturias\",\"description\":\"Hemeroteca\",\"url\":\"https:\\\/\\\/www.eldigitaldeasturias.com\\\/noticias\\\/\",\"email\":\"info@eldigitaldeasturias.com\",\"telephone\":\"+34652131393\",\"logo\":{\"@type\":\"ImageObject\",\"url\":\"https:\\\/\\\/www.eldigitaldeasturias.com\\\/noticias\\\/wp-content\\\/uploads\\\/2020\\\/12\\\/EDA.jpg\",\"@id\":\"https:\\\/\\\/www.eldigitaldeasturias.com\\\/noticias\\\/el-rey-conversa-de-pie-45-minutos-con-los-embajadores-extranjeros-en-palacio\\\/#organizationLogo\"},\"image\":{\"@id\":\"https:\\\/\\\/www.eldigitaldeasturias.com\\\/noticias\\\/el-rey-conversa-de-pie-45-minutos-con-los-embajadores-extranjeros-en-palacio\\\/#organizationLogo\"},\"sameAs\":[\"https:\\\/\\\/facebook.com\\\/eldigitaldeasturias\",\"https:\\\/\\\/www.youtube.com\\\/channel\\\/UCZP-2wLEB9Rv6erhFmqVnvg\"],\"address\":{\"@id\":\"https:\\\/\\\/www.eldigitaldeasturias.com\\\/noticias\\\/#postaladdress\",\"@type\":\"PostalAddress\",\"streetAddress\":\"san antonio 4\",\"postalCode\":\"33430\",\"addressLocality\":\"Cand\\u00e1s\",\"addressRegion\":\"Asturias\",\"addressCountry\":\"ES\"}},{\"@type\":\"Person\",\"@id\":\"https:\\\/\\\/www.eldigitaldeasturias.com\\\/noticias\\\/author\\\/admin\\\/#author\",\"url\":\"https:\\\/\\\/www.eldigitaldeasturias.com\\\/noticias\\\/author\\\/admin\\\/\",\"name\":\"El Digital de Asturias\",\"image\":{\"@type\":\"ImageObject\",\"@id\":\"https:\\\/\\\/www.eldigitaldeasturias.com\\\/noticias\\\/el-rey-conversa-de-pie-45-minutos-con-los-embajadores-extranjeros-en-palacio\\\/#authorImage\",\"url\":\"https:\\\/\\\/secure.gravatar.com\\\/avatar\\\/df2aeffc32bcd13f8d26072ef8a91b623d677766deac7f97ca815868cd41bf5e?s=96&d=mm&r=g\",\"width\":96,\"height\":96,\"caption\":\"El Digital de Asturias\"}},{\"@type\":\"WebPage\",\"@id\":\"https:\\\/\\\/www.eldigitaldeasturias.com\\\/noticias\\\/el-rey-conversa-de-pie-45-minutos-con-los-embajadores-extranjeros-en-palacio\\\/#webpage\",\"url\":\"https:\\\/\\\/www.eldigitaldeasturias.com\\\/noticias\\\/el-rey-conversa-de-pie-45-minutos-con-los-embajadores-extranjeros-en-palacio\\\/\",\"name\":\"El Rey conversa de pie 45 minutos con los embajadores extranjeros en Palacio - El Digital de Asturias\",\"description\":\"Madrid, 5 feb (EFE).- La tradicional recepci\\u00f3n al cuerpo diplom\\u00e1tico celebrada hoy en el Palacio Real, precedida de un discurso del Rey en el Sal\\u00f3n del Trono, ha permitido a don Juan Carlos conversar animadamente durante 45 minutos, de pie, con los embajadores, que le han felicitado por su intervenci\\u00f3n. De buen humor y con\",\"inLanguage\":\"es-ES\",\"isPartOf\":{\"@id\":\"https:\\\/\\\/www.eldigitaldeasturias.com\\\/noticias\\\/#website\"},\"breadcrumb\":{\"@id\":\"https:\\\/\\\/www.eldigitaldeasturias.com\\\/noticias\\\/el-rey-conversa-de-pie-45-minutos-con-los-embajadores-extranjeros-en-palacio\\\/#breadcrumblist\"},\"author\":{\"@id\":\"https:\\\/\\\/www.eldigitaldeasturias.com\\\/noticias\\\/author\\\/admin\\\/#author\"},\"creator\":{\"@id\":\"https:\\\/\\\/www.eldigitaldeasturias.com\\\/noticias\\\/author\\\/admin\\\/#author\"},\"image\":{\"@type\":\"ImageObject\",\"url\":484552,\"@id\":\"https:\\\/\\\/www.eldigitaldeasturias.com\\\/noticias\\\/el-rey-conversa-de-pie-45-minutos-con-los-embajadores-extranjeros-en-palacio\\\/#mainImage\"},\"primaryImageOfPage\":{\"@id\":\"https:\\\/\\\/www.eldigitaldeasturias.com\\\/noticias\\\/el-rey-conversa-de-pie-45-minutos-con-los-embajadores-extranjeros-en-palacio\\\/#mainImage\"},\"datePublished\":\"2014-02-06T01:14:18+01:00\",\"dateModified\":\"2014-02-06T01:14:18+01:00\"},{\"@type\":\"WebSite\",\"@id\":\"https:\\\/\\\/www.eldigitaldeasturias.com\\\/noticias\\\/#website\",\"url\":\"https:\\\/\\\/www.eldigitaldeasturias.com\\\/noticias\\\/\",\"name\":\"El Digital de Asturias - Diario de actualidad y noticias\",\"alternateName\":\"El Digital de Asturias - Diario de actualidad y noticias\",\"description\":\"Hemeroteca\",\"inLanguage\":\"es-ES\",\"publisher\":{\"@id\":\"https:\\\/\\\/www.eldigitaldeasturias.com\\\/noticias\\\/#organization\"}}]}\n\t\t<\/script>\n\t\t<!-- All in One SEO Pro -->\r\n\t\t<title>El Rey conversa de pie 45 minutos con los embajadores extranjeros en Palacio - El Digital de Asturias<\/title>\n\n","aioseo_head_json":{"title":"El Rey conversa de pie 45 minutos con los embajadores extranjeros en Palacio - El Digital de Asturias","description":"Madrid, 5 feb (EFE).- La tradicional recepci\u00f3n al cuerpo diplom\u00e1tico celebrada hoy en el Palacio Real, precedida de un discurso del Rey en el Sal\u00f3n del Trono, ha permitido a don Juan Carlos conversar animadamente durante 45 minutos, de pie, con los embajadores, que le han felicitado por su intervenci\u00f3n. De buen humor y con","canonical_url":"https:\/\/www.eldigitaldeasturias.com\/noticias\/el-rey-conversa-de-pie-45-minutos-con-los-embajadores-extranjeros-en-palacio\/","robots":"max-image-preview:large","keywords":"actualidad","webmasterTools":{"google-site-verification":"UA-38556648-1","msvalidate.01":"7dfe9f3f1b24437ab69f4f2559babe99","miscellaneous":""},"schema":{"@context":"https:\/\/schema.org","@graph":[{"@type":"BlogPosting","@id":"https:\/\/www.eldigitaldeasturias.com\/noticias\/el-rey-conversa-de-pie-45-minutos-con-los-embajadores-extranjeros-en-palacio\/#blogposting","name":"El Rey conversa de pie 45 minutos con los embajadores extranjeros en Palacio - El Digital de Asturias","headline":"El Rey conversa de pie 45 minutos con los embajadores extranjeros en Palacio","author":{"@id":"https:\/\/www.eldigitaldeasturias.com\/noticias\/author\/admin\/#author"},"publisher":{"@id":"https:\/\/www.eldigitaldeasturias.com\/noticias\/#organization"},"image":{"@type":"ImageObject","url":484552},"datePublished":"2014-02-06T01:14:18+01:00","dateModified":"2014-02-06T01:14:18+01:00","inLanguage":"es-ES","mainEntityOfPage":{"@id":"https:\/\/www.eldigitaldeasturias.com\/noticias\/el-rey-conversa-de-pie-45-minutos-con-los-embajadores-extranjeros-en-palacio\/#webpage"},"isPartOf":{"@id":"https:\/\/www.eldigitaldeasturias.com\/noticias\/el-rey-conversa-de-pie-45-minutos-con-los-embajadores-extranjeros-en-palacio\/#webpage"},"articleSection":"Actualidad"},{"@type":"BreadcrumbList","@id":"https:\/\/www.eldigitaldeasturias.com\/noticias\/el-rey-conversa-de-pie-45-minutos-con-los-embajadores-extranjeros-en-palacio\/#breadcrumblist","itemListElement":[{"@type":"ListItem","@id":"https:\/\/www.eldigitaldeasturias.com\/noticias#listItem","position":1,"name":"Home","item":"https:\/\/www.eldigitaldeasturias.com\/noticias","nextItem":{"@type":"ListItem","@id":"https:\/\/www.eldigitaldeasturias.com\/noticias\/category\/actualidad\/#listItem","name":"Actualidad"}},{"@type":"ListItem","@id":"https:\/\/www.eldigitaldeasturias.com\/noticias\/category\/actualidad\/#listItem","position":2,"name":"Actualidad","item":"https:\/\/www.eldigitaldeasturias.com\/noticias\/category\/actualidad\/","nextItem":{"@type":"ListItem","@id":"https:\/\/www.eldigitaldeasturias.com\/noticias\/el-rey-conversa-de-pie-45-minutos-con-los-embajadores-extranjeros-en-palacio\/#listItem","name":"El Rey conversa de pie 45 minutos con los embajadores extranjeros en Palacio"},"previousItem":{"@type":"ListItem","@id":"https:\/\/www.eldigitaldeasturias.com\/noticias#listItem","name":"Home"}},{"@type":"ListItem","@id":"https:\/\/www.eldigitaldeasturias.com\/noticias\/el-rey-conversa-de-pie-45-minutos-con-los-embajadores-extranjeros-en-palacio\/#listItem","position":3,"name":"El Rey conversa de pie 45 minutos con los embajadores extranjeros en Palacio","previousItem":{"@type":"ListItem","@id":"https:\/\/www.eldigitaldeasturias.com\/noticias\/category\/actualidad\/#listItem","name":"Actualidad"}}]},{"@type":"Organization","@id":"https:\/\/www.eldigitaldeasturias.com\/noticias\/#organization","name":"El Digital de Asturias","description":"Hemeroteca","url":"https:\/\/www.eldigitaldeasturias.com\/noticias\/","email":"info@eldigitaldeasturias.com","telephone":"+34652131393","logo":{"@type":"ImageObject","url":"https:\/\/www.eldigitaldeasturias.com\/noticias\/wp-content\/uploads\/2020\/12\/EDA.jpg","@id":"https:\/\/www.eldigitaldeasturias.com\/noticias\/el-rey-conversa-de-pie-45-minutos-con-los-embajadores-extranjeros-en-palacio\/#organizationLogo"},"image":{"@id":"https:\/\/www.eldigitaldeasturias.com\/noticias\/el-rey-conversa-de-pie-45-minutos-con-los-embajadores-extranjeros-en-palacio\/#organizationLogo"},"sameAs":["https:\/\/facebook.com\/eldigitaldeasturias","https:\/\/www.youtube.com\/channel\/UCZP-2wLEB9Rv6erhFmqVnvg"],"address":{"@id":"https:\/\/www.eldigitaldeasturias.com\/noticias\/#postaladdress","@type":"PostalAddress","streetAddress":"san antonio 4","postalCode":"33430","addressLocality":"Cand\u00e1s","addressRegion":"Asturias","addressCountry":"ES"}},{"@type":"Person","@id":"https:\/\/www.eldigitaldeasturias.com\/noticias\/author\/admin\/#author","url":"https:\/\/www.eldigitaldeasturias.com\/noticias\/author\/admin\/","name":"El Digital de Asturias","image":{"@type":"ImageObject","@id":"https:\/\/www.eldigitaldeasturias.com\/noticias\/el-rey-conversa-de-pie-45-minutos-con-los-embajadores-extranjeros-en-palacio\/#authorImage","url":"https:\/\/secure.gravatar.com\/avatar\/df2aeffc32bcd13f8d26072ef8a91b623d677766deac7f97ca815868cd41bf5e?s=96&d=mm&r=g","width":96,"height":96,"caption":"El Digital de Asturias"}},{"@type":"WebPage","@id":"https:\/\/www.eldigitaldeasturias.com\/noticias\/el-rey-conversa-de-pie-45-minutos-con-los-embajadores-extranjeros-en-palacio\/#webpage","url":"https:\/\/www.eldigitaldeasturias.com\/noticias\/el-rey-conversa-de-pie-45-minutos-con-los-embajadores-extranjeros-en-palacio\/","name":"El Rey conversa de pie 45 minutos con los embajadores extranjeros en Palacio - El Digital de Asturias","description":"Madrid, 5 feb (EFE).- La tradicional recepci\u00f3n al cuerpo diplom\u00e1tico celebrada hoy en el Palacio Real, precedida de un discurso del Rey en el Sal\u00f3n del Trono, ha permitido a don Juan Carlos conversar animadamente durante 45 minutos, de pie, con los embajadores, que le han felicitado por su intervenci\u00f3n. De buen humor y con","inLanguage":"es-ES","isPartOf":{"@id":"https:\/\/www.eldigitaldeasturias.com\/noticias\/#website"},"breadcrumb":{"@id":"https:\/\/www.eldigitaldeasturias.com\/noticias\/el-rey-conversa-de-pie-45-minutos-con-los-embajadores-extranjeros-en-palacio\/#breadcrumblist"},"author":{"@id":"https:\/\/www.eldigitaldeasturias.com\/noticias\/author\/admin\/#author"},"creator":{"@id":"https:\/\/www.eldigitaldeasturias.com\/noticias\/author\/admin\/#author"},"image":{"@type":"ImageObject","url":484552,"@id":"https:\/\/www.eldigitaldeasturias.com\/noticias\/el-rey-conversa-de-pie-45-minutos-con-los-embajadores-extranjeros-en-palacio\/#mainImage"},"primaryImageOfPage":{"@id":"https:\/\/www.eldigitaldeasturias.com\/noticias\/el-rey-conversa-de-pie-45-minutos-con-los-embajadores-extranjeros-en-palacio\/#mainImage"},"datePublished":"2014-02-06T01:14:18+01:00","dateModified":"2014-02-06T01:14:18+01:00"},{"@type":"WebSite","@id":"https:\/\/www.eldigitaldeasturias.com\/noticias\/#website","url":"https:\/\/www.eldigitaldeasturias.com\/noticias\/","name":"El Digital de Asturias - Diario de actualidad y noticias","alternateName":"El Digital de Asturias - Diario de actualidad y noticias","description":"Hemeroteca","inLanguage":"es-ES","publisher":{"@id":"https:\/\/www.eldigitaldeasturias.com\/noticias\/#organization"}}]},"og:locale":"es_ES","og:site_name":"El Digital de Asturias","og:type":"article","og:title":"El Rey conversa de pie 45 minutos con los embajadores extranjeros en Palacio - El Digital de Asturias","og:description":"Madrid, 5 feb (EFE).- La tradicional recepci\u00f3n al cuerpo diplom\u00e1tico celebrada hoy en el Palacio Real, precedida de un discurso del Rey en el Sal\u00f3n del Trono, ha permitido a don Juan Carlos conversar animadamente durante 45 minutos, de pie, con los embajadores, que le han felicitado por su intervenci\u00f3n. De buen humor y con","og:url":"https:\/\/www.eldigitaldeasturias.com\/noticias\/el-rey-conversa-de-pie-45-minutos-con-los-embajadores-extranjeros-en-palacio\/","article:tag":["actualidad"],"article:published_time":"2014-02-06T02:14:18+00:00","article:modified_time":"2014-02-06T02:14:18+00:00","article:publisher":"https:\/\/facebook.com\/eldigitaldeasturias","twitter:card":"summary_large_image","twitter:title":"El Rey conversa de pie 45 minutos con los embajadores extranjeros en Palacio - El Digital de Asturias","twitter:description":"Madrid, 5 feb (EFE).- La tradicional recepci\u00f3n al cuerpo diplom\u00e1tico celebrada hoy en el Palacio Real, precedida de un discurso del Rey en el Sal\u00f3n del Trono, ha permitido a don Juan Carlos conversar animadamente durante 45 minutos, de pie, con los embajadores, que le han felicitado por su intervenci\u00f3n. De buen humor y con","twitter:label1":"Escrito por","twitter:data1":"El Digital de Asturias","twitter:label2":"Tiempo de lectura estimado","twitter:data2":"2 minutos"},"aioseo_meta_data":{"post_id":"484551","title":null,"description":null,"keywords":null,"keyphrases":null,"primary_term":null,"canonical_url":null,"og_title":null,"og_description":null,"og_object_type":"default","og_image_type":"default","og_image_url":null,"og_image_width":null,"og_image_height":null,"og_image_custom_url":null,"og_image_custom_fields":null,"og_video":null,"og_custom_url":null,"og_article_section":null,"og_article_tags":null,"twitter_use_og":true,"twitter_card":"default","twitter_image_type":"default","twitter_image_url":null,"twitter_image_custom_url":null,"twitter_image_custom_fields":null,"twitter_title":null,"twitter_description":null,"schema":{"blockGraphs":[],"customGraphs":[],"default":{"data":{"Article":[],"Course":[],"Dataset":[],"FAQPage":[],"Movie":[],"Person":[],"Product":[],"ProductReview":[],"Car":[],"Recipe":[],"Service":[],"SoftwareApplication":[],"WebPage":[]},"graphName":"","isEnabled":true},"graphs":[],"defaultGraph":"","defaultPostTypeGraph":""},"schema_type":null,"schema_type_options":null,"pillar_content":false,"robots_default":true,"robots_noindex":false,"robots_noarchive":false,"robots_nosnippet":false,"robots_nofollow":false,"robots_noimageindex":false,"robots_noodp":false,"robots_notranslate":false,"robots_max_snippet":null,"robots_max_videopreview":null,"robots_max_imagepreview":"none","priority":null,"frequency":null,"local_seo":null,"seo_analyzer_scan_date":"2026-06-02 16:09:18","breadcrumb_settings":null,"limit_modified_date":false,"open_ai":null,"ai":null,"created":"2020-11-14 22:55:05","updated":"2026-06-02 16:09:18","focus_keyword":null,"additional_keywords":null,"truseo_locale":null},"aioseo_breadcrumb":"<div class=\"aioseo-breadcrumbs\"><span class=\"aioseo-breadcrumb\">\n\t<a href=\"https:\/\/www.eldigitaldeasturias.com\/noticias\" title=\"Home\">Home<\/a>\n<\/span><span class=\"aioseo-breadcrumb-separator\">\u2013<\/span><span class=\"aioseo-breadcrumb\">\n\t<a href=\"https:\/\/www.eldigitaldeasturias.com\/noticias\/category\/actualidad\/\" title=\"Actualidad\">Actualidad<\/a>\n<\/span><span class=\"aioseo-breadcrumb-separator\">\u2013<\/span><span class=\"aioseo-breadcrumb\">\n\t<a href=\"https:\/\/www.eldigitaldeasturias.com\/noticias\/el-rey-conversa-de-pie-45-minutos-con-los-embajadores-extranjeros-en-palacio\/\" title=\"El Rey conversa de pie 45 minutos con los embajadores extranjeros en Palacio\">El Rey conversa de pie 45 minutos con los embajadores extranjeros en Palacio<\/a>\n<\/span><\/div>","aioseo_breadcrumb_json":[{"label":"Home","link":"https:\/\/www.eldigitaldeasturias.com\/noticias"},{"label":"Actualidad","link":"https:\/\/www.eldigitaldeasturias.com\/noticias\/category\/actualidad\/"},{"label":"El Rey conversa de pie 45 minutos con los embajadores extranjeros en Palacio","link":"https:\/\/www.eldigitaldeasturias.com\/noticias\/el-rey-conversa-de-pie-45-minutos-con-los-embajadores-extranjeros-en-palacio\/"}],"_links":{"self":[{"href":"https:\/\/www.eldigitaldeasturias.com\/noticias\/wp-json\/wp\/v2\/posts\/484551","targetHints":{"allow":["GET"]}}],"collection":[{"href":"https:\/\/www.eldigitaldeasturias.com\/noticias\/wp-json\/wp\/v2\/posts"}],"about":[{"href":"https:\/\/www.eldigitaldeasturias.com\/noticias\/wp-json\/wp\/v2\/types\/post"}],"author":[{"embeddable":true,"href":"https:\/\/www.eldigitaldeasturias.com\/noticias\/wp-json\/wp\/v2\/users\/1"}],"replies":[{"embeddable":true,"href":"https:\/\/www.eldigitaldeasturias.com\/noticias\/wp-json\/wp\/v2\/comments?post=484551"}],"version-history":[{"count":0,"href":"https:\/\/www.eldigitaldeasturias.com\/noticias\/wp-json\/wp\/v2\/posts\/484551\/revisions"}],"wp:attachment":[{"href":"https:\/\/www.eldigitaldeasturias.com\/noticias\/wp-json\/wp\/v2\/media?parent=484551"}],"wp:term":[{"taxonomy":"category","embeddable":true,"href":"https:\/\/www.eldigitaldeasturias.com\/noticias\/wp-json\/wp\/v2\/categories?post=484551"},{"taxonomy":"post_tag","embeddable":true,"href":"https:\/\/www.eldigitaldeasturias.com\/noticias\/wp-json\/wp\/v2\/tags?post=484551"}],"curies":[{"name":"wp","href":"https:\/\/api.w.org\/{rel}","templated":true}]}}