{"id":484542,"date":"2014-02-06T01:10:42","date_gmt":"2014-02-06T02:10:42","guid":{"rendered":"http:\/\/www.eldigitaldeasturias.com\/noticias\/?p=484542"},"modified":"2014-02-06T01:10:42","modified_gmt":"2014-02-06T02:10:42","slug":"valenciano-pide-al-gobierno-no-dar-marcha-atras-en-la-lucha-contra-la-ablacion","status":"publish","type":"post","link":"https:\/\/www.eldigitaldeasturias.com\/noticias\/valenciano-pide-al-gobierno-no-dar-marcha-atras-en-la-lucha-contra-la-ablacion\/","title":{"rendered":"Valenciano pide al Gobierno no dar marcha atr\u00e1s en la lucha contra la ablaci\u00f3n"},"content":{"rendered":"<p><img loading=\"lazy\" decoding=\"async\" class=\"alignleft size-medium wp-image-484543\" alt=\"5913403w\" src=\"https:\/\/www.eldigitaldeasturias.com\/noticias\/wp-content\/uploads\/2014\/02\/5913403w-360x252.jpg\" width=\"360\" height=\"252\" \/>Madrid, 5 feb (EFE).- La vicesecretaria general del PSOE, Elena Valenciano, ha pedido hoy al Gobierno que no d\u00e9 marcha atr\u00e1s en la persecuci\u00f3n de la mutilaci\u00f3n genital femenina y escuche las recomendaciones de los organismos internacionales que urgen a tomar medidas para proteger a las mujeres y ni\u00f1as de esta pr\u00e1ctica.<\/p>\n<p>Con motivo del D\u00eda Internacional de Tolerancia Cero con la Mutilaci\u00f3n Genital Femenina, que se conmemora ma\u00f1ana, Valenciano ha esperado, en su perfil de Facebook, que en la reforma de la ley org\u00e1nica del Poder Judicial que prepara el Gobierno la lucha contra la ablaci\u00f3n \u00absiga intacta\u00bb.<\/p>\n<p>En este sentido, ha subrayado que el ejecutivo socialista en 2005 dio \u00abun gran paso\u00bb en la lucha para erradicar la mutilaci\u00f3n genital femenina al incorporarla como delito con el fin de evitar que las familias que residen en Espa\u00f1a lleven a sus hijas de viaje a sus pa\u00edses de origen para practicarles la ablaci\u00f3n del cl\u00edtoris.<\/p>\n<p>Desde entonces, ha agregado Valenciano, la justicia espa\u00f1ola ha perseguido universalmente estos delitos.<\/p>\n<p>La dirigente socialista ha subrayado que 140 millones de mujeres y ni\u00f1as sufren en la actualidad las consecuencias de la mutilaci\u00f3n genital femenina, de las que 92 millones viven en \u00c1frica y ha calificado esta pr\u00e1ctica como \u00abuna forma extrema de discriminaci\u00f3n de las mujeres\u00bb y \u00abuna violaci\u00f3n de los derechos a la salud, la seguridad y la integridad f\u00edsica\u00bb.<\/p>\n<p>Ha destacado que la concienciaci\u00f3n, la prevenci\u00f3n y, sobre todo, la prohibici\u00f3n de la mutilaci\u00f3n genital femenina, no solo en los pa\u00edses africanos, sino tambi\u00e9n donde la inmigraci\u00f3n ha importado esta pr\u00e1ctica, han hecho disminuir los casos, aunque, a su juicio, \u00abestamos muy lejos de acabar con esta violaci\u00f3n de derechos humanos\u00bb, que cada a\u00f1o afecta a tres millones de ni\u00f1as.<\/p>\n","protected":false},"excerpt":{"rendered":"<p>Madrid, 5 feb (EFE).- La vicesecretaria general del PSOE, Elena Valenciano, ha pedido hoy al Gobierno que no d\u00e9 marcha atr\u00e1s en la persecuci\u00f3n de la mutilaci\u00f3n genital femenina y escuche las recomendaciones de los organismos internacionales que urgen a tomar medidas para proteger a las mujeres y ni\u00f1as de esta pr\u00e1ctica. Con motivo del [&hellip;]<\/p>\n","protected":false},"author":1,"featured_media":484543,"comment_status":"closed","ping_status":"open","sticky":false,"template":"","format":"standard","meta":{"footnotes":""},"categories":[1],"tags":[],"class_list":["post-484542","post","type-post","status-publish","format-standard","has-post-thumbnail","hentry","category-actualidad"],"aioseo_notices":[],"aioseo_head":"\n\t\t<!-- All in One SEO Pro 5.0.1 - aioseo.com -->\n\t<meta name=\"description\" content=\"Madrid, 5 feb (EFE).- La vicesecretaria general del PSOE, Elena Valenciano, ha pedido hoy al Gobierno que no d\u00e9 marcha atr\u00e1s en la persecuci\u00f3n de la mutilaci\u00f3n genital femenina y escuche las recomendaciones de los organismos internacionales que urgen a tomar medidas para proteger a las mujeres y ni\u00f1as de esta pr\u00e1ctica. Con motivo del\" \/>\n\t<meta name=\"robots\" content=\"max-image-preview:large\" \/>\n\t<meta name=\"author\" content=\"El Digital de Asturias\"\/>\n\t<meta name=\"google-site-verification\" content=\"UA-38556648-1\" \/>\n\t<meta name=\"msvalidate.01\" content=\"7dfe9f3f1b24437ab69f4f2559babe99\" \/>\n\t<meta name=\"keywords\" content=\"actualidad\" \/>\n\t<link rel=\"canonical\" href=\"https:\/\/www.eldigitaldeasturias.com\/noticias\/valenciano-pide-al-gobierno-no-dar-marcha-atras-en-la-lucha-contra-la-ablacion\/\" \/>\n\t<meta name=\"generator\" content=\"All in One SEO Pro (AIOSEO) 5.0.1\" \/>\n\t\t<meta property=\"og:locale\" content=\"es_ES\" \/>\n\t\t<meta property=\"og:site_name\" content=\"El Digital de Asturias\" \/>\n\t\t<meta property=\"og:type\" content=\"article\" \/>\n\t\t<meta property=\"og:title\" content=\"Valenciano pide al Gobierno no dar marcha atr\u00e1s en la lucha contra la ablaci\u00f3n - El Digital de Asturias\" \/>\n\t\t<meta property=\"og:description\" content=\"Madrid, 5 feb (EFE).- La vicesecretaria general del PSOE, Elena Valenciano, ha pedido hoy al Gobierno que no d\u00e9 marcha atr\u00e1s en la persecuci\u00f3n de la mutilaci\u00f3n genital femenina y escuche las recomendaciones de los organismos internacionales que urgen a tomar medidas para proteger a las mujeres y ni\u00f1as de esta pr\u00e1ctica. Con motivo del\" \/>\n\t\t<meta property=\"og:url\" content=\"https:\/\/www.eldigitaldeasturias.com\/noticias\/valenciano-pide-al-gobierno-no-dar-marcha-atras-en-la-lucha-contra-la-ablacion\/\" \/>\n\t\t<meta property=\"article:tag\" content=\"actualidad\" \/>\n\t\t<meta property=\"article:published_time\" content=\"2014-02-06T02:10:42+00:00\" \/>\n\t\t<meta property=\"article:modified_time\" content=\"2014-02-06T02:10:42+00:00\" \/>\n\t\t<meta property=\"article:publisher\" content=\"https:\/\/facebook.com\/eldigitaldeasturias\" \/>\n\t\t<meta name=\"twitter:card\" content=\"summary_large_image\" \/>\n\t\t<meta name=\"twitter:title\" content=\"Valenciano pide al Gobierno no dar marcha atr\u00e1s en la lucha contra la ablaci\u00f3n - El Digital de Asturias\" \/>\n\t\t<meta name=\"twitter:description\" content=\"Madrid, 5 feb (EFE).- La vicesecretaria general del PSOE, Elena Valenciano, ha pedido hoy al Gobierno que no d\u00e9 marcha atr\u00e1s en la persecuci\u00f3n de la mutilaci\u00f3n genital femenina y escuche las recomendaciones de los organismos internacionales que urgen a tomar medidas para proteger a las mujeres y ni\u00f1as de esta pr\u00e1ctica. Con motivo del\" \/>\n\t\t<meta name=\"twitter:label1\" content=\"Escrito por\" \/>\n\t\t<meta name=\"twitter:data1\" content=\"El Digital de Asturias\" \/>\n\t\t<meta name=\"twitter:label2\" content=\"Tiempo de lectura estimado\" \/>\n\t\t<meta name=\"twitter:data2\" content=\"2 minutos\" \/>\n\t\t<script type=\"application\/ld+json\" class=\"aioseo-schema\">\n\t\t\t{\"@context\":\"https:\\\/\\\/schema.org\",\"@graph\":[{\"@type\":\"BlogPosting\",\"@id\":\"https:\\\/\\\/www.eldigitaldeasturias.com\\\/noticias\\\/valenciano-pide-al-gobierno-no-dar-marcha-atras-en-la-lucha-contra-la-ablacion\\\/#blogposting\",\"name\":\"Valenciano pide al Gobierno no dar marcha atr\\u00e1s en la lucha contra la ablaci\\u00f3n - El Digital de Asturias\",\"headline\":\"Valenciano pide al Gobierno no dar marcha atr\\u00e1s en la lucha contra la ablaci\\u00f3n\",\"author\":{\"@id\":\"https:\\\/\\\/www.eldigitaldeasturias.com\\\/noticias\\\/author\\\/admin\\\/#author\"},\"publisher\":{\"@id\":\"https:\\\/\\\/www.eldigitaldeasturias.com\\\/noticias\\\/#organization\"},\"image\":{\"@type\":\"ImageObject\",\"url\":484543},\"datePublished\":\"2014-02-06T01:10:42+01:00\",\"dateModified\":\"2014-02-06T01:10:42+01:00\",\"inLanguage\":\"es-ES\",\"mainEntityOfPage\":{\"@id\":\"https:\\\/\\\/www.eldigitaldeasturias.com\\\/noticias\\\/valenciano-pide-al-gobierno-no-dar-marcha-atras-en-la-lucha-contra-la-ablacion\\\/#webpage\"},\"isPartOf\":{\"@id\":\"https:\\\/\\\/www.eldigitaldeasturias.com\\\/noticias\\\/valenciano-pide-al-gobierno-no-dar-marcha-atras-en-la-lucha-contra-la-ablacion\\\/#webpage\"},\"articleSection\":\"Actualidad\"},{\"@type\":\"BreadcrumbList\",\"@id\":\"https:\\\/\\\/www.eldigitaldeasturias.com\\\/noticias\\\/valenciano-pide-al-gobierno-no-dar-marcha-atras-en-la-lucha-contra-la-ablacion\\\/#breadcrumblist\",\"itemListElement\":[{\"@type\":\"ListItem\",\"@id\":\"https:\\\/\\\/www.eldigitaldeasturias.com\\\/noticias#listItem\",\"position\":1,\"name\":\"Home\",\"item\":\"https:\\\/\\\/www.eldigitaldeasturias.com\\\/noticias\",\"nextItem\":{\"@type\":\"ListItem\",\"@id\":\"https:\\\/\\\/www.eldigitaldeasturias.com\\\/noticias\\\/category\\\/actualidad\\\/#listItem\",\"name\":\"Actualidad\"}},{\"@type\":\"ListItem\",\"@id\":\"https:\\\/\\\/www.eldigitaldeasturias.com\\\/noticias\\\/category\\\/actualidad\\\/#listItem\",\"position\":2,\"name\":\"Actualidad\",\"item\":\"https:\\\/\\\/www.eldigitaldeasturias.com\\\/noticias\\\/category\\\/actualidad\\\/\",\"nextItem\":{\"@type\":\"ListItem\",\"@id\":\"https:\\\/\\\/www.eldigitaldeasturias.com\\\/noticias\\\/valenciano-pide-al-gobierno-no-dar-marcha-atras-en-la-lucha-contra-la-ablacion\\\/#listItem\",\"name\":\"Valenciano pide al Gobierno no dar marcha atr\\u00e1s en la lucha contra la ablaci\\u00f3n\"},\"previousItem\":{\"@type\":\"ListItem\",\"@id\":\"https:\\\/\\\/www.eldigitaldeasturias.com\\\/noticias#listItem\",\"name\":\"Home\"}},{\"@type\":\"ListItem\",\"@id\":\"https:\\\/\\\/www.eldigitaldeasturias.com\\\/noticias\\\/valenciano-pide-al-gobierno-no-dar-marcha-atras-en-la-lucha-contra-la-ablacion\\\/#listItem\",\"position\":3,\"name\":\"Valenciano pide al Gobierno no dar marcha atr\\u00e1s en la lucha contra la ablaci\\u00f3n\",\"previousItem\":{\"@type\":\"ListItem\",\"@id\":\"https:\\\/\\\/www.eldigitaldeasturias.com\\\/noticias\\\/category\\\/actualidad\\\/#listItem\",\"name\":\"Actualidad\"}}]},{\"@type\":\"Organization\",\"@id\":\"https:\\\/\\\/www.eldigitaldeasturias.com\\\/noticias\\\/#organization\",\"name\":\"El Digital de Asturias\",\"description\":\"Hemeroteca\",\"url\":\"https:\\\/\\\/www.eldigitaldeasturias.com\\\/noticias\\\/\",\"email\":\"info@eldigitaldeasturias.com\",\"telephone\":\"+34652131393\",\"logo\":{\"@type\":\"ImageObject\",\"url\":\"https:\\\/\\\/www.eldigitaldeasturias.com\\\/noticias\\\/wp-content\\\/uploads\\\/2020\\\/12\\\/EDA.jpg\",\"@id\":\"https:\\\/\\\/www.eldigitaldeasturias.com\\\/noticias\\\/valenciano-pide-al-gobierno-no-dar-marcha-atras-en-la-lucha-contra-la-ablacion\\\/#organizationLogo\"},\"image\":{\"@id\":\"https:\\\/\\\/www.eldigitaldeasturias.com\\\/noticias\\\/valenciano-pide-al-gobierno-no-dar-marcha-atras-en-la-lucha-contra-la-ablacion\\\/#organizationLogo\"},\"sameAs\":[\"https:\\\/\\\/facebook.com\\\/eldigitaldeasturias\",\"https:\\\/\\\/www.youtube.com\\\/channel\\\/UCZP-2wLEB9Rv6erhFmqVnvg\"],\"address\":{\"@id\":\"https:\\\/\\\/www.eldigitaldeasturias.com\\\/noticias\\\/#postaladdress\",\"@type\":\"PostalAddress\",\"streetAddress\":\"san antonio 4\",\"postalCode\":\"33430\",\"addressLocality\":\"Cand\\u00e1s\",\"addressRegion\":\"Asturias\",\"addressCountry\":\"ES\"}},{\"@type\":\"Person\",\"@id\":\"https:\\\/\\\/www.eldigitaldeasturias.com\\\/noticias\\\/author\\\/admin\\\/#author\",\"url\":\"https:\\\/\\\/www.eldigitaldeasturias.com\\\/noticias\\\/author\\\/admin\\\/\",\"name\":\"El Digital de Asturias\",\"image\":{\"@type\":\"ImageObject\",\"@id\":\"https:\\\/\\\/www.eldigitaldeasturias.com\\\/noticias\\\/valenciano-pide-al-gobierno-no-dar-marcha-atras-en-la-lucha-contra-la-ablacion\\\/#authorImage\",\"url\":\"https:\\\/\\\/secure.gravatar.com\\\/avatar\\\/df2aeffc32bcd13f8d26072ef8a91b623d677766deac7f97ca815868cd41bf5e?s=96&d=mm&r=g\",\"width\":96,\"height\":96,\"caption\":\"El Digital de Asturias\"}},{\"@type\":\"WebPage\",\"@id\":\"https:\\\/\\\/www.eldigitaldeasturias.com\\\/noticias\\\/valenciano-pide-al-gobierno-no-dar-marcha-atras-en-la-lucha-contra-la-ablacion\\\/#webpage\",\"url\":\"https:\\\/\\\/www.eldigitaldeasturias.com\\\/noticias\\\/valenciano-pide-al-gobierno-no-dar-marcha-atras-en-la-lucha-contra-la-ablacion\\\/\",\"name\":\"Valenciano pide al Gobierno no dar marcha atr\\u00e1s en la lucha contra la ablaci\\u00f3n - El Digital de Asturias\",\"description\":\"Madrid, 5 feb (EFE).- La vicesecretaria general del PSOE, Elena Valenciano, ha pedido hoy al Gobierno que no d\\u00e9 marcha atr\\u00e1s en la persecuci\\u00f3n de la mutilaci\\u00f3n genital femenina y escuche las recomendaciones de los organismos internacionales que urgen a tomar medidas para proteger a las mujeres y ni\\u00f1as de esta pr\\u00e1ctica. Con motivo del\",\"inLanguage\":\"es-ES\",\"isPartOf\":{\"@id\":\"https:\\\/\\\/www.eldigitaldeasturias.com\\\/noticias\\\/#website\"},\"breadcrumb\":{\"@id\":\"https:\\\/\\\/www.eldigitaldeasturias.com\\\/noticias\\\/valenciano-pide-al-gobierno-no-dar-marcha-atras-en-la-lucha-contra-la-ablacion\\\/#breadcrumblist\"},\"author\":{\"@id\":\"https:\\\/\\\/www.eldigitaldeasturias.com\\\/noticias\\\/author\\\/admin\\\/#author\"},\"creator\":{\"@id\":\"https:\\\/\\\/www.eldigitaldeasturias.com\\\/noticias\\\/author\\\/admin\\\/#author\"},\"image\":{\"@type\":\"ImageObject\",\"url\":484543,\"@id\":\"https:\\\/\\\/www.eldigitaldeasturias.com\\\/noticias\\\/valenciano-pide-al-gobierno-no-dar-marcha-atras-en-la-lucha-contra-la-ablacion\\\/#mainImage\"},\"primaryImageOfPage\":{\"@id\":\"https:\\\/\\\/www.eldigitaldeasturias.com\\\/noticias\\\/valenciano-pide-al-gobierno-no-dar-marcha-atras-en-la-lucha-contra-la-ablacion\\\/#mainImage\"},\"datePublished\":\"2014-02-06T01:10:42+01:00\",\"dateModified\":\"2014-02-06T01:10:42+01:00\"},{\"@type\":\"WebSite\",\"@id\":\"https:\\\/\\\/www.eldigitaldeasturias.com\\\/noticias\\\/#website\",\"url\":\"https:\\\/\\\/www.eldigitaldeasturias.com\\\/noticias\\\/\",\"name\":\"El Digital de Asturias - Diario de actualidad y noticias\",\"alternateName\":\"El Digital de Asturias - Diario de actualidad y noticias\",\"description\":\"Hemeroteca\",\"inLanguage\":\"es-ES\",\"publisher\":{\"@id\":\"https:\\\/\\\/www.eldigitaldeasturias.com\\\/noticias\\\/#organization\"}}]}\n\t\t<\/script>\n\t\t<!-- All in One SEO Pro -->\r\n\t\t<title>Valenciano pide al Gobierno no dar marcha atr\u00e1s en la lucha contra la ablaci\u00f3n - El Digital de Asturias<\/title>\n\n","aioseo_head_json":{"title":"Valenciano pide al Gobierno no dar marcha atr\u00e1s en la lucha contra la ablaci\u00f3n - El Digital de Asturias","description":"Madrid, 5 feb (EFE).- La vicesecretaria general del PSOE, Elena Valenciano, ha pedido hoy al Gobierno que no d\u00e9 marcha atr\u00e1s en la persecuci\u00f3n de la mutilaci\u00f3n genital femenina y escuche las recomendaciones de los organismos internacionales que urgen a tomar medidas para proteger a las mujeres y ni\u00f1as de esta pr\u00e1ctica. Con motivo del","canonical_url":"https:\/\/www.eldigitaldeasturias.com\/noticias\/valenciano-pide-al-gobierno-no-dar-marcha-atras-en-la-lucha-contra-la-ablacion\/","robots":"max-image-preview:large","keywords":"actualidad","webmasterTools":{"google-site-verification":"UA-38556648-1","msvalidate.01":"7dfe9f3f1b24437ab69f4f2559babe99","miscellaneous":""},"schema":{"@context":"https:\/\/schema.org","@graph":[{"@type":"BlogPosting","@id":"https:\/\/www.eldigitaldeasturias.com\/noticias\/valenciano-pide-al-gobierno-no-dar-marcha-atras-en-la-lucha-contra-la-ablacion\/#blogposting","name":"Valenciano pide al Gobierno no dar marcha atr\u00e1s en la lucha contra la ablaci\u00f3n - El Digital de Asturias","headline":"Valenciano pide al Gobierno no dar marcha atr\u00e1s en la lucha contra la ablaci\u00f3n","author":{"@id":"https:\/\/www.eldigitaldeasturias.com\/noticias\/author\/admin\/#author"},"publisher":{"@id":"https:\/\/www.eldigitaldeasturias.com\/noticias\/#organization"},"image":{"@type":"ImageObject","url":484543},"datePublished":"2014-02-06T01:10:42+01:00","dateModified":"2014-02-06T01:10:42+01:00","inLanguage":"es-ES","mainEntityOfPage":{"@id":"https:\/\/www.eldigitaldeasturias.com\/noticias\/valenciano-pide-al-gobierno-no-dar-marcha-atras-en-la-lucha-contra-la-ablacion\/#webpage"},"isPartOf":{"@id":"https:\/\/www.eldigitaldeasturias.com\/noticias\/valenciano-pide-al-gobierno-no-dar-marcha-atras-en-la-lucha-contra-la-ablacion\/#webpage"},"articleSection":"Actualidad"},{"@type":"BreadcrumbList","@id":"https:\/\/www.eldigitaldeasturias.com\/noticias\/valenciano-pide-al-gobierno-no-dar-marcha-atras-en-la-lucha-contra-la-ablacion\/#breadcrumblist","itemListElement":[{"@type":"ListItem","@id":"https:\/\/www.eldigitaldeasturias.com\/noticias#listItem","position":1,"name":"Home","item":"https:\/\/www.eldigitaldeasturias.com\/noticias","nextItem":{"@type":"ListItem","@id":"https:\/\/www.eldigitaldeasturias.com\/noticias\/category\/actualidad\/#listItem","name":"Actualidad"}},{"@type":"ListItem","@id":"https:\/\/www.eldigitaldeasturias.com\/noticias\/category\/actualidad\/#listItem","position":2,"name":"Actualidad","item":"https:\/\/www.eldigitaldeasturias.com\/noticias\/category\/actualidad\/","nextItem":{"@type":"ListItem","@id":"https:\/\/www.eldigitaldeasturias.com\/noticias\/valenciano-pide-al-gobierno-no-dar-marcha-atras-en-la-lucha-contra-la-ablacion\/#listItem","name":"Valenciano pide al Gobierno no dar marcha atr\u00e1s en la lucha contra la ablaci\u00f3n"},"previousItem":{"@type":"ListItem","@id":"https:\/\/www.eldigitaldeasturias.com\/noticias#listItem","name":"Home"}},{"@type":"ListItem","@id":"https:\/\/www.eldigitaldeasturias.com\/noticias\/valenciano-pide-al-gobierno-no-dar-marcha-atras-en-la-lucha-contra-la-ablacion\/#listItem","position":3,"name":"Valenciano pide al Gobierno no dar marcha atr\u00e1s en la lucha contra la ablaci\u00f3n","previousItem":{"@type":"ListItem","@id":"https:\/\/www.eldigitaldeasturias.com\/noticias\/category\/actualidad\/#listItem","name":"Actualidad"}}]},{"@type":"Organization","@id":"https:\/\/www.eldigitaldeasturias.com\/noticias\/#organization","name":"El Digital de Asturias","description":"Hemeroteca","url":"https:\/\/www.eldigitaldeasturias.com\/noticias\/","email":"info@eldigitaldeasturias.com","telephone":"+34652131393","logo":{"@type":"ImageObject","url":"https:\/\/www.eldigitaldeasturias.com\/noticias\/wp-content\/uploads\/2020\/12\/EDA.jpg","@id":"https:\/\/www.eldigitaldeasturias.com\/noticias\/valenciano-pide-al-gobierno-no-dar-marcha-atras-en-la-lucha-contra-la-ablacion\/#organizationLogo"},"image":{"@id":"https:\/\/www.eldigitaldeasturias.com\/noticias\/valenciano-pide-al-gobierno-no-dar-marcha-atras-en-la-lucha-contra-la-ablacion\/#organizationLogo"},"sameAs":["https:\/\/facebook.com\/eldigitaldeasturias","https:\/\/www.youtube.com\/channel\/UCZP-2wLEB9Rv6erhFmqVnvg"],"address":{"@id":"https:\/\/www.eldigitaldeasturias.com\/noticias\/#postaladdress","@type":"PostalAddress","streetAddress":"san antonio 4","postalCode":"33430","addressLocality":"Cand\u00e1s","addressRegion":"Asturias","addressCountry":"ES"}},{"@type":"Person","@id":"https:\/\/www.eldigitaldeasturias.com\/noticias\/author\/admin\/#author","url":"https:\/\/www.eldigitaldeasturias.com\/noticias\/author\/admin\/","name":"El Digital de Asturias","image":{"@type":"ImageObject","@id":"https:\/\/www.eldigitaldeasturias.com\/noticias\/valenciano-pide-al-gobierno-no-dar-marcha-atras-en-la-lucha-contra-la-ablacion\/#authorImage","url":"https:\/\/secure.gravatar.com\/avatar\/df2aeffc32bcd13f8d26072ef8a91b623d677766deac7f97ca815868cd41bf5e?s=96&d=mm&r=g","width":96,"height":96,"caption":"El Digital de Asturias"}},{"@type":"WebPage","@id":"https:\/\/www.eldigitaldeasturias.com\/noticias\/valenciano-pide-al-gobierno-no-dar-marcha-atras-en-la-lucha-contra-la-ablacion\/#webpage","url":"https:\/\/www.eldigitaldeasturias.com\/noticias\/valenciano-pide-al-gobierno-no-dar-marcha-atras-en-la-lucha-contra-la-ablacion\/","name":"Valenciano pide al Gobierno no dar marcha atr\u00e1s en la lucha contra la ablaci\u00f3n - El Digital de Asturias","description":"Madrid, 5 feb (EFE).- La vicesecretaria general del PSOE, Elena Valenciano, ha pedido hoy al Gobierno que no d\u00e9 marcha atr\u00e1s en la persecuci\u00f3n de la mutilaci\u00f3n genital femenina y escuche las recomendaciones de los organismos internacionales que urgen a tomar medidas para proteger a las mujeres y ni\u00f1as de esta pr\u00e1ctica. Con motivo del","inLanguage":"es-ES","isPartOf":{"@id":"https:\/\/www.eldigitaldeasturias.com\/noticias\/#website"},"breadcrumb":{"@id":"https:\/\/www.eldigitaldeasturias.com\/noticias\/valenciano-pide-al-gobierno-no-dar-marcha-atras-en-la-lucha-contra-la-ablacion\/#breadcrumblist"},"author":{"@id":"https:\/\/www.eldigitaldeasturias.com\/noticias\/author\/admin\/#author"},"creator":{"@id":"https:\/\/www.eldigitaldeasturias.com\/noticias\/author\/admin\/#author"},"image":{"@type":"ImageObject","url":484543,"@id":"https:\/\/www.eldigitaldeasturias.com\/noticias\/valenciano-pide-al-gobierno-no-dar-marcha-atras-en-la-lucha-contra-la-ablacion\/#mainImage"},"primaryImageOfPage":{"@id":"https:\/\/www.eldigitaldeasturias.com\/noticias\/valenciano-pide-al-gobierno-no-dar-marcha-atras-en-la-lucha-contra-la-ablacion\/#mainImage"},"datePublished":"2014-02-06T01:10:42+01:00","dateModified":"2014-02-06T01:10:42+01:00"},{"@type":"WebSite","@id":"https:\/\/www.eldigitaldeasturias.com\/noticias\/#website","url":"https:\/\/www.eldigitaldeasturias.com\/noticias\/","name":"El Digital de Asturias - Diario de actualidad y noticias","alternateName":"El Digital de Asturias - Diario de actualidad y noticias","description":"Hemeroteca","inLanguage":"es-ES","publisher":{"@id":"https:\/\/www.eldigitaldeasturias.com\/noticias\/#organization"}}]},"og:locale":"es_ES","og:site_name":"El Digital de Asturias","og:type":"article","og:title":"Valenciano pide al Gobierno no dar marcha atr\u00e1s en la lucha contra la ablaci\u00f3n - El Digital de Asturias","og:description":"Madrid, 5 feb (EFE).- La vicesecretaria general del PSOE, Elena Valenciano, ha pedido hoy al Gobierno que no d\u00e9 marcha atr\u00e1s en la persecuci\u00f3n de la mutilaci\u00f3n genital femenina y escuche las recomendaciones de los organismos internacionales que urgen a tomar medidas para proteger a las mujeres y ni\u00f1as de esta pr\u00e1ctica. Con motivo del","og:url":"https:\/\/www.eldigitaldeasturias.com\/noticias\/valenciano-pide-al-gobierno-no-dar-marcha-atras-en-la-lucha-contra-la-ablacion\/","article:tag":["actualidad"],"article:published_time":"2014-02-06T02:10:42+00:00","article:modified_time":"2014-02-06T02:10:42+00:00","article:publisher":"https:\/\/facebook.com\/eldigitaldeasturias","twitter:card":"summary_large_image","twitter:title":"Valenciano pide al Gobierno no dar marcha atr\u00e1s en la lucha contra la ablaci\u00f3n - El Digital de Asturias","twitter:description":"Madrid, 5 feb (EFE).- La vicesecretaria general del PSOE, Elena Valenciano, ha pedido hoy al Gobierno que no d\u00e9 marcha atr\u00e1s en la persecuci\u00f3n de la mutilaci\u00f3n genital femenina y escuche las recomendaciones de los organismos internacionales que urgen a tomar medidas para proteger a las mujeres y ni\u00f1as de esta pr\u00e1ctica. Con motivo del","twitter:label1":"Escrito por","twitter:data1":"El Digital de Asturias","twitter:label2":"Tiempo de lectura estimado","twitter:data2":"2 minutos"},"aioseo_meta_data":{"post_id":"484542","title":null,"description":null,"keywords":null,"keyphrases":null,"primary_term":null,"canonical_url":null,"og_title":null,"og_description":null,"og_object_type":"default","og_image_type":"default","og_image_url":null,"og_image_width":null,"og_image_height":null,"og_image_custom_url":null,"og_image_custom_fields":null,"og_video":null,"og_custom_url":null,"og_article_section":null,"og_article_tags":null,"twitter_use_og":true,"twitter_card":"default","twitter_image_type":"default","twitter_image_url":null,"twitter_image_custom_url":null,"twitter_image_custom_fields":null,"twitter_title":null,"twitter_description":null,"schema":{"blockGraphs":[],"customGraphs":[],"default":{"data":{"Article":[],"Course":[],"Dataset":[],"FAQPage":[],"Movie":[],"Person":[],"Product":[],"ProductReview":[],"Car":[],"Recipe":[],"Service":[],"SoftwareApplication":[],"WebPage":[]},"graphName":"","isEnabled":true},"graphs":[],"defaultGraph":"","defaultPostTypeGraph":""},"schema_type":null,"schema_type_options":null,"pillar_content":false,"robots_default":true,"robots_noindex":false,"robots_noarchive":false,"robots_nosnippet":false,"robots_nofollow":false,"robots_noimageindex":false,"robots_noodp":false,"robots_notranslate":false,"robots_max_snippet":null,"robots_max_videopreview":null,"robots_max_imagepreview":"none","priority":null,"frequency":null,"local_seo":null,"seo_analyzer_scan_date":"2026-06-02 16:06:17","breadcrumb_settings":null,"limit_modified_date":false,"open_ai":null,"ai":null,"created":"2020-11-14 22:55:05","updated":"2026-06-02 16:06:17","focus_keyword":null,"additional_keywords":null,"truseo_locale":null},"aioseo_breadcrumb":"<div class=\"aioseo-breadcrumbs\"><span class=\"aioseo-breadcrumb\">\n\t<a href=\"https:\/\/www.eldigitaldeasturias.com\/noticias\" title=\"Home\">Home<\/a>\n<\/span><span class=\"aioseo-breadcrumb-separator\">\u2013<\/span><span class=\"aioseo-breadcrumb\">\n\t<a href=\"https:\/\/www.eldigitaldeasturias.com\/noticias\/category\/actualidad\/\" title=\"Actualidad\">Actualidad<\/a>\n<\/span><span class=\"aioseo-breadcrumb-separator\">\u2013<\/span><span class=\"aioseo-breadcrumb\">\n\t<a href=\"https:\/\/www.eldigitaldeasturias.com\/noticias\/valenciano-pide-al-gobierno-no-dar-marcha-atras-en-la-lucha-contra-la-ablacion\/\" title=\"Valenciano pide al Gobierno no dar marcha atr\u00e1s en la lucha contra la ablaci\u00f3n\">Valenciano pide al Gobierno no dar marcha atr\u00e1s en la lucha contra la ablaci\u00f3n<\/a>\n<\/span><\/div>","aioseo_breadcrumb_json":[{"label":"Home","link":"https:\/\/www.eldigitaldeasturias.com\/noticias"},{"label":"Actualidad","link":"https:\/\/www.eldigitaldeasturias.com\/noticias\/category\/actualidad\/"},{"label":"Valenciano pide al Gobierno no dar marcha atr\u00e1s en la lucha contra la ablaci\u00f3n","link":"https:\/\/www.eldigitaldeasturias.com\/noticias\/valenciano-pide-al-gobierno-no-dar-marcha-atras-en-la-lucha-contra-la-ablacion\/"}],"_links":{"self":[{"href":"https:\/\/www.eldigitaldeasturias.com\/noticias\/wp-json\/wp\/v2\/posts\/484542","targetHints":{"allow":["GET"]}}],"collection":[{"href":"https:\/\/www.eldigitaldeasturias.com\/noticias\/wp-json\/wp\/v2\/posts"}],"about":[{"href":"https:\/\/www.eldigitaldeasturias.com\/noticias\/wp-json\/wp\/v2\/types\/post"}],"author":[{"embeddable":true,"href":"https:\/\/www.eldigitaldeasturias.com\/noticias\/wp-json\/wp\/v2\/users\/1"}],"replies":[{"embeddable":true,"href":"https:\/\/www.eldigitaldeasturias.com\/noticias\/wp-json\/wp\/v2\/comments?post=484542"}],"version-history":[{"count":0,"href":"https:\/\/www.eldigitaldeasturias.com\/noticias\/wp-json\/wp\/v2\/posts\/484542\/revisions"}],"wp:attachment":[{"href":"https:\/\/www.eldigitaldeasturias.com\/noticias\/wp-json\/wp\/v2\/media?parent=484542"}],"wp:term":[{"taxonomy":"category","embeddable":true,"href":"https:\/\/www.eldigitaldeasturias.com\/noticias\/wp-json\/wp\/v2\/categories?post=484542"},{"taxonomy":"post_tag","embeddable":true,"href":"https:\/\/www.eldigitaldeasturias.com\/noticias\/wp-json\/wp\/v2\/tags?post=484542"}],"curies":[{"name":"wp","href":"https:\/\/api.w.org\/{rel}","templated":true}]}}