{"id":484500,"date":"2014-02-06T00:56:39","date_gmt":"2014-02-06T01:56:39","guid":{"rendered":"http:\/\/www.eldigitaldeasturias.com\/noticias\/?p=484500"},"modified":"2014-02-06T00:56:39","modified_gmt":"2014-02-06T01:56:39","slug":"el-rey-desea-estabilidad-para-libia-y-celebra-reformas-en-marruecos-y-argelia","status":"publish","type":"post","link":"https:\/\/www.eldigitaldeasturias.com\/noticias\/el-rey-desea-estabilidad-para-libia-y-celebra-reformas-en-marruecos-y-argelia\/","title":{"rendered":"El rey desea estabilidad para Libia y celebra reformas en Marruecos y Argelia"},"content":{"rendered":"<p><img loading=\"lazy\" decoding=\"async\" class=\"alignleft size-medium wp-image-484501\" alt=\"5913499w\" src=\"https:\/\/www.eldigitaldeasturias.com\/noticias\/wp-content\/uploads\/2014\/02\/5913499w-360x239.jpg\" width=\"360\" height=\"239\" \/>Madrid, 5 feb (EFE).- El rey Juan Carlos I de Espa\u00f1a expres\u00f3 hoy su deseo de \u00abla pronta estabilidad de Libia\u00bb y se congratul\u00f3 por \u00ablas reformas en Marruecos y en Argelia\u00bb, as\u00ed como la aprobaci\u00f3n de la nueva Constituci\u00f3n en T\u00fanez.<\/p>\n<p>Juan Carlos de Borb\u00f3n dirigi\u00f3 hoy un discurso a los representantes del Cuerpo Diplom\u00e1tico acreditado en Espa\u00f1a, en su tradicional recepci\u00f3n anual, y repas\u00f3 la situaci\u00f3n internacional y la posici\u00f3n espa\u00f1ola en cada caso.<\/p>\n<p>En su intervenci\u00f3n el jefe del Estado expres\u00f3 su esperanza de que los electores europeos acudan masivamente a las urnas en mayo pr\u00f3ximo para los comicios a la C\u00e1mara de Estrasburgo, porque se elegir\u00e1 entonces \u00abel Parlamento Europeo con mayor poder de su historia\u00bb y, seg\u00fan argument\u00f3, \u00abahora m\u00e1s que nunca importa alcanzar una amplia participaci\u00f3n\u00bb.<\/p>\n<p>\u00abEspa\u00f1a quiere acelerar el proceso de integraci\u00f3n europea\u00bb, subray\u00f3 el monarca espa\u00f1ol, tras destacar que, en la UE, \u00abla recuperaci\u00f3n a\u00fan es d\u00e9bil y desigual\u00bb y \u00absubsisten todav\u00eda problemas de fondo que hab\u00edan sido velados por la crisis\u00bb.<\/p>\n<p>Ante esos problemas la Uni\u00f3n \u00abno debe encerrarse en s\u00ed misma\u00bb y debe \u00abcompletar su red de acuerdos de asociaci\u00f3n con otros pa\u00edses del mundo\u00bb, como EEUU y los socios de Mercosur.<\/p>\n<p>En la UE, Espa\u00f1a desea acelerar el proceso de integraci\u00f3n mediante el fortalecimiento de la uni\u00f3n econ\u00f3mica y monetaria, el aumento de la capacidad interna y externa de la Uni\u00f3n y \u00abel reforzamiento de la legitimidad de sus instituciones\u00bb.<\/p>\n<p>Ante las m\u00e1s recientes tensiones internacionales, como las que se viven en Ucrania, la Rep\u00fablica Centroafricana, Sud\u00e1n del Sur y Tailandia, el rey record\u00f3 que Espa\u00f1a \u00abha confiado siempre en soluciones pac\u00edficas para los conflictos\u00bb, basadas \u00aben el di\u00e1logo, en el consenso y en el respeto del Derecho Internacional\u00bb, si bien ha advertido de que \u00abno puede haber paz sin desarrollo\u00bb.<\/p>\n<p>Espa\u00f1a ve \u00abventanas a la esperanza\u00bb en la tragedia de Siria tras la reciente reuni\u00f3n de Ginebra, conf\u00eda en que el acuerdo provisional con Ir\u00e1n \u00absea pronto definitivo\u00bb y, con el orgullo de mantener buenas relaciones tanto con palestinos como con israel\u00edes, observa c\u00f3mo ambas partes \u00abapuestan por una soluci\u00f3n que garantice un Israel seguro y una Palestina viable\u00bb.<\/p>\n<p>Juan Carlos de Borb\u00f3n pidi\u00f3 apoyo para las aspiraciones de Espa\u00f1a a ser miembro del Consejo de Seguridad de la ONU en el bienio 2015-2016, con el compromiso de servir a la comunidad internacional con una voz \u00abindependiente, promoviendo el di\u00e1logo y tendiendo puentes\u00bb.<\/p>\n<p>Espa\u00f1a compite con Turqu\u00eda y Nueva Zelanda por dos plazas en el Consejo y la votaci\u00f3n tendr\u00e1 lugar a final de este a\u00f1o.<\/p>\n","protected":false},"excerpt":{"rendered":"<p>Madrid, 5 feb (EFE).- El rey Juan Carlos I de Espa\u00f1a expres\u00f3 hoy su deseo de \u00abla pronta estabilidad de Libia\u00bb y se congratul\u00f3 por \u00ablas reformas en Marruecos y en Argelia\u00bb, as\u00ed como la aprobaci\u00f3n de la nueva Constituci\u00f3n en T\u00fanez. Juan Carlos de Borb\u00f3n dirigi\u00f3 hoy un discurso a los representantes del Cuerpo [&hellip;]<\/p>\n","protected":false},"author":1,"featured_media":484501,"comment_status":"closed","ping_status":"open","sticky":false,"template":"","format":"standard","meta":{"footnotes":""},"categories":[1],"tags":[],"class_list":["post-484500","post","type-post","status-publish","format-standard","has-post-thumbnail","hentry","category-actualidad"],"aioseo_notices":[],"aioseo_head":"\n\t\t<!-- All in One SEO Pro 5.0.1 - aioseo.com -->\n\t<meta name=\"description\" content=\"Madrid, 5 feb (EFE).- El rey Juan Carlos I de Espa\u00f1a expres\u00f3 hoy su deseo de &quot;la pronta estabilidad de Libia&quot; y se congratul\u00f3 por &quot;las reformas en Marruecos y en Argelia&quot;, as\u00ed como la aprobaci\u00f3n de la nueva Constituci\u00f3n en T\u00fanez. Juan Carlos de Borb\u00f3n dirigi\u00f3 hoy un discurso a los representantes del Cuerpo\" \/>\n\t<meta name=\"robots\" content=\"max-image-preview:large\" \/>\n\t<meta name=\"author\" content=\"El Digital de Asturias\"\/>\n\t<meta name=\"google-site-verification\" content=\"UA-38556648-1\" \/>\n\t<meta name=\"msvalidate.01\" content=\"7dfe9f3f1b24437ab69f4f2559babe99\" \/>\n\t<meta name=\"keywords\" content=\"actualidad\" \/>\n\t<link rel=\"canonical\" href=\"https:\/\/www.eldigitaldeasturias.com\/noticias\/el-rey-desea-estabilidad-para-libia-y-celebra-reformas-en-marruecos-y-argelia\/\" \/>\n\t<meta name=\"generator\" content=\"All in One SEO Pro (AIOSEO) 5.0.1\" \/>\n\t\t<meta property=\"og:locale\" content=\"es_ES\" \/>\n\t\t<meta property=\"og:site_name\" content=\"El Digital de Asturias\" \/>\n\t\t<meta property=\"og:type\" content=\"article\" \/>\n\t\t<meta property=\"og:title\" content=\"El rey desea estabilidad para Libia y celebra reformas en Marruecos y Argelia - El Digital de Asturias\" \/>\n\t\t<meta property=\"og:description\" content=\"Madrid, 5 feb (EFE).- El rey Juan Carlos I de Espa\u00f1a expres\u00f3 hoy su deseo de &quot;la pronta estabilidad de Libia&quot; y se congratul\u00f3 por &quot;las reformas en Marruecos y en Argelia&quot;, as\u00ed como la aprobaci\u00f3n de la nueva Constituci\u00f3n en T\u00fanez. Juan Carlos de Borb\u00f3n dirigi\u00f3 hoy un discurso a los representantes del Cuerpo\" \/>\n\t\t<meta property=\"og:url\" content=\"https:\/\/www.eldigitaldeasturias.com\/noticias\/el-rey-desea-estabilidad-para-libia-y-celebra-reformas-en-marruecos-y-argelia\/\" \/>\n\t\t<meta property=\"article:tag\" content=\"actualidad\" \/>\n\t\t<meta property=\"article:published_time\" content=\"2014-02-06T01:56:39+00:00\" \/>\n\t\t<meta property=\"article:modified_time\" content=\"2014-02-06T01:56:39+00:00\" \/>\n\t\t<meta property=\"article:publisher\" content=\"https:\/\/facebook.com\/eldigitaldeasturias\" \/>\n\t\t<meta name=\"twitter:card\" content=\"summary_large_image\" \/>\n\t\t<meta name=\"twitter:title\" content=\"El rey desea estabilidad para Libia y celebra reformas en Marruecos y Argelia - El Digital de Asturias\" \/>\n\t\t<meta name=\"twitter:description\" content=\"Madrid, 5 feb (EFE).- El rey Juan Carlos I de Espa\u00f1a expres\u00f3 hoy su deseo de &quot;la pronta estabilidad de Libia&quot; y se congratul\u00f3 por &quot;las reformas en Marruecos y en Argelia&quot;, as\u00ed como la aprobaci\u00f3n de la nueva Constituci\u00f3n en T\u00fanez. Juan Carlos de Borb\u00f3n dirigi\u00f3 hoy un discurso a los representantes del Cuerpo\" \/>\n\t\t<meta name=\"twitter:label1\" content=\"Escrito por\" \/>\n\t\t<meta name=\"twitter:data1\" content=\"El Digital de Asturias\" \/>\n\t\t<meta name=\"twitter:label2\" content=\"Tiempo de lectura estimado\" \/>\n\t\t<meta name=\"twitter:data2\" content=\"2 minutos\" \/>\n\t\t<script type=\"application\/ld+json\" class=\"aioseo-schema\">\n\t\t\t{\"@context\":\"https:\\\/\\\/schema.org\",\"@graph\":[{\"@type\":\"BlogPosting\",\"@id\":\"https:\\\/\\\/www.eldigitaldeasturias.com\\\/noticias\\\/el-rey-desea-estabilidad-para-libia-y-celebra-reformas-en-marruecos-y-argelia\\\/#blogposting\",\"name\":\"El rey desea estabilidad para Libia y celebra reformas en Marruecos y Argelia - El Digital de Asturias\",\"headline\":\"El rey desea estabilidad para Libia y celebra reformas en Marruecos y Argelia\",\"author\":{\"@id\":\"https:\\\/\\\/www.eldigitaldeasturias.com\\\/noticias\\\/author\\\/admin\\\/#author\"},\"publisher\":{\"@id\":\"https:\\\/\\\/www.eldigitaldeasturias.com\\\/noticias\\\/#organization\"},\"image\":{\"@type\":\"ImageObject\",\"url\":484501},\"datePublished\":\"2014-02-06T00:56:39+01:00\",\"dateModified\":\"2014-02-06T00:56:39+01:00\",\"inLanguage\":\"es-ES\",\"mainEntityOfPage\":{\"@id\":\"https:\\\/\\\/www.eldigitaldeasturias.com\\\/noticias\\\/el-rey-desea-estabilidad-para-libia-y-celebra-reformas-en-marruecos-y-argelia\\\/#webpage\"},\"isPartOf\":{\"@id\":\"https:\\\/\\\/www.eldigitaldeasturias.com\\\/noticias\\\/el-rey-desea-estabilidad-para-libia-y-celebra-reformas-en-marruecos-y-argelia\\\/#webpage\"},\"articleSection\":\"Actualidad\"},{\"@type\":\"BreadcrumbList\",\"@id\":\"https:\\\/\\\/www.eldigitaldeasturias.com\\\/noticias\\\/el-rey-desea-estabilidad-para-libia-y-celebra-reformas-en-marruecos-y-argelia\\\/#breadcrumblist\",\"itemListElement\":[{\"@type\":\"ListItem\",\"@id\":\"https:\\\/\\\/www.eldigitaldeasturias.com\\\/noticias#listItem\",\"position\":1,\"name\":\"Home\",\"item\":\"https:\\\/\\\/www.eldigitaldeasturias.com\\\/noticias\",\"nextItem\":{\"@type\":\"ListItem\",\"@id\":\"https:\\\/\\\/www.eldigitaldeasturias.com\\\/noticias\\\/category\\\/actualidad\\\/#listItem\",\"name\":\"Actualidad\"}},{\"@type\":\"ListItem\",\"@id\":\"https:\\\/\\\/www.eldigitaldeasturias.com\\\/noticias\\\/category\\\/actualidad\\\/#listItem\",\"position\":2,\"name\":\"Actualidad\",\"item\":\"https:\\\/\\\/www.eldigitaldeasturias.com\\\/noticias\\\/category\\\/actualidad\\\/\",\"nextItem\":{\"@type\":\"ListItem\",\"@id\":\"https:\\\/\\\/www.eldigitaldeasturias.com\\\/noticias\\\/el-rey-desea-estabilidad-para-libia-y-celebra-reformas-en-marruecos-y-argelia\\\/#listItem\",\"name\":\"El rey desea estabilidad para Libia y celebra reformas en Marruecos y Argelia\"},\"previousItem\":{\"@type\":\"ListItem\",\"@id\":\"https:\\\/\\\/www.eldigitaldeasturias.com\\\/noticias#listItem\",\"name\":\"Home\"}},{\"@type\":\"ListItem\",\"@id\":\"https:\\\/\\\/www.eldigitaldeasturias.com\\\/noticias\\\/el-rey-desea-estabilidad-para-libia-y-celebra-reformas-en-marruecos-y-argelia\\\/#listItem\",\"position\":3,\"name\":\"El rey desea estabilidad para Libia y celebra reformas en Marruecos y Argelia\",\"previousItem\":{\"@type\":\"ListItem\",\"@id\":\"https:\\\/\\\/www.eldigitaldeasturias.com\\\/noticias\\\/category\\\/actualidad\\\/#listItem\",\"name\":\"Actualidad\"}}]},{\"@type\":\"Organization\",\"@id\":\"https:\\\/\\\/www.eldigitaldeasturias.com\\\/noticias\\\/#organization\",\"name\":\"El Digital de Asturias\",\"description\":\"Hemeroteca\",\"url\":\"https:\\\/\\\/www.eldigitaldeasturias.com\\\/noticias\\\/\",\"email\":\"info@eldigitaldeasturias.com\",\"telephone\":\"+34652131393\",\"logo\":{\"@type\":\"ImageObject\",\"url\":\"https:\\\/\\\/www.eldigitaldeasturias.com\\\/noticias\\\/wp-content\\\/uploads\\\/2020\\\/12\\\/EDA.jpg\",\"@id\":\"https:\\\/\\\/www.eldigitaldeasturias.com\\\/noticias\\\/el-rey-desea-estabilidad-para-libia-y-celebra-reformas-en-marruecos-y-argelia\\\/#organizationLogo\"},\"image\":{\"@id\":\"https:\\\/\\\/www.eldigitaldeasturias.com\\\/noticias\\\/el-rey-desea-estabilidad-para-libia-y-celebra-reformas-en-marruecos-y-argelia\\\/#organizationLogo\"},\"sameAs\":[\"https:\\\/\\\/facebook.com\\\/eldigitaldeasturias\",\"https:\\\/\\\/www.youtube.com\\\/channel\\\/UCZP-2wLEB9Rv6erhFmqVnvg\"],\"address\":{\"@id\":\"https:\\\/\\\/www.eldigitaldeasturias.com\\\/noticias\\\/#postaladdress\",\"@type\":\"PostalAddress\",\"streetAddress\":\"san antonio 4\",\"postalCode\":\"33430\",\"addressLocality\":\"Cand\\u00e1s\",\"addressRegion\":\"Asturias\",\"addressCountry\":\"ES\"}},{\"@type\":\"Person\",\"@id\":\"https:\\\/\\\/www.eldigitaldeasturias.com\\\/noticias\\\/author\\\/admin\\\/#author\",\"url\":\"https:\\\/\\\/www.eldigitaldeasturias.com\\\/noticias\\\/author\\\/admin\\\/\",\"name\":\"El Digital de Asturias\",\"image\":{\"@type\":\"ImageObject\",\"@id\":\"https:\\\/\\\/www.eldigitaldeasturias.com\\\/noticias\\\/el-rey-desea-estabilidad-para-libia-y-celebra-reformas-en-marruecos-y-argelia\\\/#authorImage\",\"url\":\"https:\\\/\\\/secure.gravatar.com\\\/avatar\\\/df2aeffc32bcd13f8d26072ef8a91b623d677766deac7f97ca815868cd41bf5e?s=96&d=mm&r=g\",\"width\":96,\"height\":96,\"caption\":\"El Digital de Asturias\"}},{\"@type\":\"WebPage\",\"@id\":\"https:\\\/\\\/www.eldigitaldeasturias.com\\\/noticias\\\/el-rey-desea-estabilidad-para-libia-y-celebra-reformas-en-marruecos-y-argelia\\\/#webpage\",\"url\":\"https:\\\/\\\/www.eldigitaldeasturias.com\\\/noticias\\\/el-rey-desea-estabilidad-para-libia-y-celebra-reformas-en-marruecos-y-argelia\\\/\",\"name\":\"El rey desea estabilidad para Libia y celebra reformas en Marruecos y Argelia - El Digital de Asturias\",\"description\":\"Madrid, 5 feb (EFE).- El rey Juan Carlos I de Espa\\u00f1a expres\\u00f3 hoy su deseo de \\\"la pronta estabilidad de Libia\\\" y se congratul\\u00f3 por \\\"las reformas en Marruecos y en Argelia\\\", as\\u00ed como la aprobaci\\u00f3n de la nueva Constituci\\u00f3n en T\\u00fanez. Juan Carlos de Borb\\u00f3n dirigi\\u00f3 hoy un discurso a los representantes del Cuerpo\",\"inLanguage\":\"es-ES\",\"isPartOf\":{\"@id\":\"https:\\\/\\\/www.eldigitaldeasturias.com\\\/noticias\\\/#website\"},\"breadcrumb\":{\"@id\":\"https:\\\/\\\/www.eldigitaldeasturias.com\\\/noticias\\\/el-rey-desea-estabilidad-para-libia-y-celebra-reformas-en-marruecos-y-argelia\\\/#breadcrumblist\"},\"author\":{\"@id\":\"https:\\\/\\\/www.eldigitaldeasturias.com\\\/noticias\\\/author\\\/admin\\\/#author\"},\"creator\":{\"@id\":\"https:\\\/\\\/www.eldigitaldeasturias.com\\\/noticias\\\/author\\\/admin\\\/#author\"},\"image\":{\"@type\":\"ImageObject\",\"url\":484501,\"@id\":\"https:\\\/\\\/www.eldigitaldeasturias.com\\\/noticias\\\/el-rey-desea-estabilidad-para-libia-y-celebra-reformas-en-marruecos-y-argelia\\\/#mainImage\"},\"primaryImageOfPage\":{\"@id\":\"https:\\\/\\\/www.eldigitaldeasturias.com\\\/noticias\\\/el-rey-desea-estabilidad-para-libia-y-celebra-reformas-en-marruecos-y-argelia\\\/#mainImage\"},\"datePublished\":\"2014-02-06T00:56:39+01:00\",\"dateModified\":\"2014-02-06T00:56:39+01:00\"},{\"@type\":\"WebSite\",\"@id\":\"https:\\\/\\\/www.eldigitaldeasturias.com\\\/noticias\\\/#website\",\"url\":\"https:\\\/\\\/www.eldigitaldeasturias.com\\\/noticias\\\/\",\"name\":\"El Digital de Asturias - Diario de actualidad y noticias\",\"alternateName\":\"El Digital de Asturias - Diario de actualidad y noticias\",\"description\":\"Hemeroteca\",\"inLanguage\":\"es-ES\",\"publisher\":{\"@id\":\"https:\\\/\\\/www.eldigitaldeasturias.com\\\/noticias\\\/#organization\"}}]}\n\t\t<\/script>\n\t\t<!-- All in One SEO Pro -->\r\n\t\t<title>El rey desea estabilidad para Libia y celebra reformas en Marruecos y Argelia - El Digital de Asturias<\/title>\n\n","aioseo_head_json":{"title":"El rey desea estabilidad para Libia y celebra reformas en Marruecos y Argelia - El Digital de Asturias","description":"Madrid, 5 feb (EFE).- El rey Juan Carlos I de Espa\u00f1a expres\u00f3 hoy su deseo de \"la pronta estabilidad de Libia\" y se congratul\u00f3 por \"las reformas en Marruecos y en Argelia\", as\u00ed como la aprobaci\u00f3n de la nueva Constituci\u00f3n en T\u00fanez. Juan Carlos de Borb\u00f3n dirigi\u00f3 hoy un discurso a los representantes del Cuerpo","canonical_url":"https:\/\/www.eldigitaldeasturias.com\/noticias\/el-rey-desea-estabilidad-para-libia-y-celebra-reformas-en-marruecos-y-argelia\/","robots":"max-image-preview:large","keywords":"actualidad","webmasterTools":{"google-site-verification":"UA-38556648-1","msvalidate.01":"7dfe9f3f1b24437ab69f4f2559babe99","miscellaneous":""},"schema":{"@context":"https:\/\/schema.org","@graph":[{"@type":"BlogPosting","@id":"https:\/\/www.eldigitaldeasturias.com\/noticias\/el-rey-desea-estabilidad-para-libia-y-celebra-reformas-en-marruecos-y-argelia\/#blogposting","name":"El rey desea estabilidad para Libia y celebra reformas en Marruecos y Argelia - El Digital de Asturias","headline":"El rey desea estabilidad para Libia y celebra reformas en Marruecos y Argelia","author":{"@id":"https:\/\/www.eldigitaldeasturias.com\/noticias\/author\/admin\/#author"},"publisher":{"@id":"https:\/\/www.eldigitaldeasturias.com\/noticias\/#organization"},"image":{"@type":"ImageObject","url":484501},"datePublished":"2014-02-06T00:56:39+01:00","dateModified":"2014-02-06T00:56:39+01:00","inLanguage":"es-ES","mainEntityOfPage":{"@id":"https:\/\/www.eldigitaldeasturias.com\/noticias\/el-rey-desea-estabilidad-para-libia-y-celebra-reformas-en-marruecos-y-argelia\/#webpage"},"isPartOf":{"@id":"https:\/\/www.eldigitaldeasturias.com\/noticias\/el-rey-desea-estabilidad-para-libia-y-celebra-reformas-en-marruecos-y-argelia\/#webpage"},"articleSection":"Actualidad"},{"@type":"BreadcrumbList","@id":"https:\/\/www.eldigitaldeasturias.com\/noticias\/el-rey-desea-estabilidad-para-libia-y-celebra-reformas-en-marruecos-y-argelia\/#breadcrumblist","itemListElement":[{"@type":"ListItem","@id":"https:\/\/www.eldigitaldeasturias.com\/noticias#listItem","position":1,"name":"Home","item":"https:\/\/www.eldigitaldeasturias.com\/noticias","nextItem":{"@type":"ListItem","@id":"https:\/\/www.eldigitaldeasturias.com\/noticias\/category\/actualidad\/#listItem","name":"Actualidad"}},{"@type":"ListItem","@id":"https:\/\/www.eldigitaldeasturias.com\/noticias\/category\/actualidad\/#listItem","position":2,"name":"Actualidad","item":"https:\/\/www.eldigitaldeasturias.com\/noticias\/category\/actualidad\/","nextItem":{"@type":"ListItem","@id":"https:\/\/www.eldigitaldeasturias.com\/noticias\/el-rey-desea-estabilidad-para-libia-y-celebra-reformas-en-marruecos-y-argelia\/#listItem","name":"El rey desea estabilidad para Libia y celebra reformas en Marruecos y Argelia"},"previousItem":{"@type":"ListItem","@id":"https:\/\/www.eldigitaldeasturias.com\/noticias#listItem","name":"Home"}},{"@type":"ListItem","@id":"https:\/\/www.eldigitaldeasturias.com\/noticias\/el-rey-desea-estabilidad-para-libia-y-celebra-reformas-en-marruecos-y-argelia\/#listItem","position":3,"name":"El rey desea estabilidad para Libia y celebra reformas en Marruecos y Argelia","previousItem":{"@type":"ListItem","@id":"https:\/\/www.eldigitaldeasturias.com\/noticias\/category\/actualidad\/#listItem","name":"Actualidad"}}]},{"@type":"Organization","@id":"https:\/\/www.eldigitaldeasturias.com\/noticias\/#organization","name":"El Digital de Asturias","description":"Hemeroteca","url":"https:\/\/www.eldigitaldeasturias.com\/noticias\/","email":"info@eldigitaldeasturias.com","telephone":"+34652131393","logo":{"@type":"ImageObject","url":"https:\/\/www.eldigitaldeasturias.com\/noticias\/wp-content\/uploads\/2020\/12\/EDA.jpg","@id":"https:\/\/www.eldigitaldeasturias.com\/noticias\/el-rey-desea-estabilidad-para-libia-y-celebra-reformas-en-marruecos-y-argelia\/#organizationLogo"},"image":{"@id":"https:\/\/www.eldigitaldeasturias.com\/noticias\/el-rey-desea-estabilidad-para-libia-y-celebra-reformas-en-marruecos-y-argelia\/#organizationLogo"},"sameAs":["https:\/\/facebook.com\/eldigitaldeasturias","https:\/\/www.youtube.com\/channel\/UCZP-2wLEB9Rv6erhFmqVnvg"],"address":{"@id":"https:\/\/www.eldigitaldeasturias.com\/noticias\/#postaladdress","@type":"PostalAddress","streetAddress":"san antonio 4","postalCode":"33430","addressLocality":"Cand\u00e1s","addressRegion":"Asturias","addressCountry":"ES"}},{"@type":"Person","@id":"https:\/\/www.eldigitaldeasturias.com\/noticias\/author\/admin\/#author","url":"https:\/\/www.eldigitaldeasturias.com\/noticias\/author\/admin\/","name":"El Digital de Asturias","image":{"@type":"ImageObject","@id":"https:\/\/www.eldigitaldeasturias.com\/noticias\/el-rey-desea-estabilidad-para-libia-y-celebra-reformas-en-marruecos-y-argelia\/#authorImage","url":"https:\/\/secure.gravatar.com\/avatar\/df2aeffc32bcd13f8d26072ef8a91b623d677766deac7f97ca815868cd41bf5e?s=96&d=mm&r=g","width":96,"height":96,"caption":"El Digital de Asturias"}},{"@type":"WebPage","@id":"https:\/\/www.eldigitaldeasturias.com\/noticias\/el-rey-desea-estabilidad-para-libia-y-celebra-reformas-en-marruecos-y-argelia\/#webpage","url":"https:\/\/www.eldigitaldeasturias.com\/noticias\/el-rey-desea-estabilidad-para-libia-y-celebra-reformas-en-marruecos-y-argelia\/","name":"El rey desea estabilidad para Libia y celebra reformas en Marruecos y Argelia - El Digital de Asturias","description":"Madrid, 5 feb (EFE).- El rey Juan Carlos I de Espa\u00f1a expres\u00f3 hoy su deseo de \"la pronta estabilidad de Libia\" y se congratul\u00f3 por \"las reformas en Marruecos y en Argelia\", as\u00ed como la aprobaci\u00f3n de la nueva Constituci\u00f3n en T\u00fanez. Juan Carlos de Borb\u00f3n dirigi\u00f3 hoy un discurso a los representantes del Cuerpo","inLanguage":"es-ES","isPartOf":{"@id":"https:\/\/www.eldigitaldeasturias.com\/noticias\/#website"},"breadcrumb":{"@id":"https:\/\/www.eldigitaldeasturias.com\/noticias\/el-rey-desea-estabilidad-para-libia-y-celebra-reformas-en-marruecos-y-argelia\/#breadcrumblist"},"author":{"@id":"https:\/\/www.eldigitaldeasturias.com\/noticias\/author\/admin\/#author"},"creator":{"@id":"https:\/\/www.eldigitaldeasturias.com\/noticias\/author\/admin\/#author"},"image":{"@type":"ImageObject","url":484501,"@id":"https:\/\/www.eldigitaldeasturias.com\/noticias\/el-rey-desea-estabilidad-para-libia-y-celebra-reformas-en-marruecos-y-argelia\/#mainImage"},"primaryImageOfPage":{"@id":"https:\/\/www.eldigitaldeasturias.com\/noticias\/el-rey-desea-estabilidad-para-libia-y-celebra-reformas-en-marruecos-y-argelia\/#mainImage"},"datePublished":"2014-02-06T00:56:39+01:00","dateModified":"2014-02-06T00:56:39+01:00"},{"@type":"WebSite","@id":"https:\/\/www.eldigitaldeasturias.com\/noticias\/#website","url":"https:\/\/www.eldigitaldeasturias.com\/noticias\/","name":"El Digital de Asturias - Diario de actualidad y noticias","alternateName":"El Digital de Asturias - Diario de actualidad y noticias","description":"Hemeroteca","inLanguage":"es-ES","publisher":{"@id":"https:\/\/www.eldigitaldeasturias.com\/noticias\/#organization"}}]},"og:locale":"es_ES","og:site_name":"El Digital de Asturias","og:type":"article","og:title":"El rey desea estabilidad para Libia y celebra reformas en Marruecos y Argelia - El Digital de Asturias","og:description":"Madrid, 5 feb (EFE).- El rey Juan Carlos I de Espa\u00f1a expres\u00f3 hoy su deseo de &quot;la pronta estabilidad de Libia&quot; y se congratul\u00f3 por &quot;las reformas en Marruecos y en Argelia&quot;, as\u00ed como la aprobaci\u00f3n de la nueva Constituci\u00f3n en T\u00fanez. Juan Carlos de Borb\u00f3n dirigi\u00f3 hoy un discurso a los representantes del Cuerpo","og:url":"https:\/\/www.eldigitaldeasturias.com\/noticias\/el-rey-desea-estabilidad-para-libia-y-celebra-reformas-en-marruecos-y-argelia\/","article:tag":["actualidad"],"article:published_time":"2014-02-06T01:56:39+00:00","article:modified_time":"2014-02-06T01:56:39+00:00","article:publisher":"https:\/\/facebook.com\/eldigitaldeasturias","twitter:card":"summary_large_image","twitter:title":"El rey desea estabilidad para Libia y celebra reformas en Marruecos y Argelia - El Digital de Asturias","twitter:description":"Madrid, 5 feb (EFE).- El rey Juan Carlos I de Espa\u00f1a expres\u00f3 hoy su deseo de &quot;la pronta estabilidad de Libia&quot; y se congratul\u00f3 por &quot;las reformas en Marruecos y en Argelia&quot;, as\u00ed como la aprobaci\u00f3n de la nueva Constituci\u00f3n en T\u00fanez. Juan Carlos de Borb\u00f3n dirigi\u00f3 hoy un discurso a los representantes del Cuerpo","twitter:label1":"Escrito por","twitter:data1":"El Digital de Asturias","twitter:label2":"Tiempo de lectura estimado","twitter:data2":"2 minutos"},"aioseo_meta_data":{"post_id":"484500","title":null,"description":null,"keywords":null,"keyphrases":null,"primary_term":null,"canonical_url":null,"og_title":null,"og_description":null,"og_object_type":"default","og_image_type":"default","og_image_url":null,"og_image_width":null,"og_image_height":null,"og_image_custom_url":null,"og_image_custom_fields":null,"og_video":null,"og_custom_url":null,"og_article_section":null,"og_article_tags":null,"twitter_use_og":true,"twitter_card":"default","twitter_image_type":"default","twitter_image_url":null,"twitter_image_custom_url":null,"twitter_image_custom_fields":null,"twitter_title":null,"twitter_description":null,"schema":{"blockGraphs":[],"customGraphs":[],"default":{"data":{"Article":[],"Course":[],"Dataset":[],"FAQPage":[],"Movie":[],"Person":[],"Product":[],"ProductReview":[],"Car":[],"Recipe":[],"Service":[],"SoftwareApplication":[],"WebPage":[]},"graphName":"","isEnabled":true},"graphs":[],"defaultGraph":"","defaultPostTypeGraph":""},"schema_type":null,"schema_type_options":null,"pillar_content":false,"robots_default":true,"robots_noindex":false,"robots_noarchive":false,"robots_nosnippet":false,"robots_nofollow":false,"robots_noimageindex":false,"robots_noodp":false,"robots_notranslate":false,"robots_max_snippet":null,"robots_max_videopreview":null,"robots_max_imagepreview":"none","priority":null,"frequency":null,"local_seo":null,"seo_analyzer_scan_date":"2026-06-02 16:00:56","breadcrumb_settings":null,"limit_modified_date":false,"open_ai":null,"ai":null,"created":"2020-11-14 22:55:05","updated":"2026-06-02 16:00:56","focus_keyword":null,"additional_keywords":null,"truseo_locale":null},"aioseo_breadcrumb":"<div class=\"aioseo-breadcrumbs\"><span class=\"aioseo-breadcrumb\">\n\t<a href=\"https:\/\/www.eldigitaldeasturias.com\/noticias\" title=\"Home\">Home<\/a>\n<\/span><span class=\"aioseo-breadcrumb-separator\">\u2013<\/span><span class=\"aioseo-breadcrumb\">\n\t<a href=\"https:\/\/www.eldigitaldeasturias.com\/noticias\/category\/actualidad\/\" title=\"Actualidad\">Actualidad<\/a>\n<\/span><span class=\"aioseo-breadcrumb-separator\">\u2013<\/span><span class=\"aioseo-breadcrumb\">\n\t<a href=\"https:\/\/www.eldigitaldeasturias.com\/noticias\/el-rey-desea-estabilidad-para-libia-y-celebra-reformas-en-marruecos-y-argelia\/\" title=\"El rey desea estabilidad para Libia y celebra reformas en Marruecos y Argelia\">El rey desea estabilidad para Libia y celebra reformas en Marruecos y Argelia<\/a>\n<\/span><\/div>","aioseo_breadcrumb_json":[{"label":"Home","link":"https:\/\/www.eldigitaldeasturias.com\/noticias"},{"label":"Actualidad","link":"https:\/\/www.eldigitaldeasturias.com\/noticias\/category\/actualidad\/"},{"label":"El rey desea estabilidad para Libia y celebra reformas en Marruecos y Argelia","link":"https:\/\/www.eldigitaldeasturias.com\/noticias\/el-rey-desea-estabilidad-para-libia-y-celebra-reformas-en-marruecos-y-argelia\/"}],"_links":{"self":[{"href":"https:\/\/www.eldigitaldeasturias.com\/noticias\/wp-json\/wp\/v2\/posts\/484500","targetHints":{"allow":["GET"]}}],"collection":[{"href":"https:\/\/www.eldigitaldeasturias.com\/noticias\/wp-json\/wp\/v2\/posts"}],"about":[{"href":"https:\/\/www.eldigitaldeasturias.com\/noticias\/wp-json\/wp\/v2\/types\/post"}],"author":[{"embeddable":true,"href":"https:\/\/www.eldigitaldeasturias.com\/noticias\/wp-json\/wp\/v2\/users\/1"}],"replies":[{"embeddable":true,"href":"https:\/\/www.eldigitaldeasturias.com\/noticias\/wp-json\/wp\/v2\/comments?post=484500"}],"version-history":[{"count":0,"href":"https:\/\/www.eldigitaldeasturias.com\/noticias\/wp-json\/wp\/v2\/posts\/484500\/revisions"}],"wp:attachment":[{"href":"https:\/\/www.eldigitaldeasturias.com\/noticias\/wp-json\/wp\/v2\/media?parent=484500"}],"wp:term":[{"taxonomy":"category","embeddable":true,"href":"https:\/\/www.eldigitaldeasturias.com\/noticias\/wp-json\/wp\/v2\/categories?post=484500"},{"taxonomy":"post_tag","embeddable":true,"href":"https:\/\/www.eldigitaldeasturias.com\/noticias\/wp-json\/wp\/v2\/tags?post=484500"}],"curies":[{"name":"wp","href":"https:\/\/api.w.org\/{rel}","templated":true}]}}