{"id":484488,"date":"2014-02-06T00:50:36","date_gmt":"2014-02-06T01:50:36","guid":{"rendered":"http:\/\/www.eldigitaldeasturias.com\/noticias\/?p=484488"},"modified":"2014-02-06T00:50:36","modified_gmt":"2014-02-06T01:50:36","slug":"lombardi-y-la-transparencia-informativa-en-la-iglesia","status":"publish","type":"post","link":"https:\/\/www.eldigitaldeasturias.com\/noticias\/lombardi-y-la-transparencia-informativa-en-la-iglesia\/","title":{"rendered":"Lombardi y la transparencia informativa en la Iglesia"},"content":{"rendered":"<p><img loading=\"lazy\" decoding=\"async\" class=\"alignleft size-medium wp-image-484489\" alt=\"5913609w\" src=\"https:\/\/www.eldigitaldeasturias.com\/noticias\/wp-content\/uploads\/2014\/02\/5913609w-360x197.jpg\" width=\"360\" height=\"197\" \/>Madrid, 5 feb (EFE).- \u00abTransparencia\u00bb fue la palabra de la que m\u00e1s ech\u00f3 hoy mano el portavoz vaticano, Federico Lombardi, para referirse a los cambios en la Iglesia, impulsados -dijo- por Benedicto XVI y seguidos por Francisco, un papa cuyo \u00ab\u00e9xito\u00bb es, seg\u00fan dijo, \u00abdestruir las distancias y estar al lado de todos\u00bb.<\/p>\n<p>Lombardi recibi\u00f3 hoy en Madrid el premio \u00abBravo\u00bb especial a la comunicaci\u00f3n, concedido por la Conferencia Episcopal Espa\u00f1ola, y en una densa jornada de actos, el jesuita italiano inform\u00f3 de la labor de la Oficina de Prensa vaticana en una \u00e9poca, la actual, que exige \u00abtransparencia\u00bb y rigor.<\/p>\n<p>Transparencia -precis\u00f3- para afrontar, entre otros, los casos de cl\u00e9rigos pederastas. Lombardi reconoci\u00f3 que la presi\u00f3n de la prensa fue un componente muy importante sobre los procedimientos e iniciativas que se han adoptado en estos casos.<\/p>\n<p>\u00abHab\u00eda que responder a preguntas y a ataques que a veces eran muy ideol\u00f3gicos o parciales\u00bb, record\u00f3 el portavoz, que tambi\u00e9n destac\u00f3 la transparencia para informar y afrontar los esc\u00e1ndalos financieros relacionados con el Instituto para las Obras de Religi\u00f3n (IOR, el llamado banco del Vaticano) y para informar de manera correcta de hechos hasta ahora in\u00e9ditos -al menos en la \u00e9poca moderna- como la renuncia de un papa y el juicio al mayordomo de Benedicto XVI por robarle documentos privados.<\/p>\n<p>\u00abNunca me imagin\u00e9 -se\u00f1al\u00f3- que tendr\u00eda que gestionar la informaci\u00f3n period\u00edstica de un juicio en el Vaticano\u00bb, que se demostr\u00f3 el m\u00e1s medi\u00e1tico de la historia de la Iglesia.<\/p>\n<p>La Sala Stampa, como se conoce a la oficina de prensa vaticana, naci\u00f3 como consecuencia del Concilio Vaticano II y Lombardi reconoci\u00f3 que en este medio siglo \u00abno fue f\u00e1cil ni pac\u00edfico\u00bb el camino de las relaciones con la prensa y se\u00f1al\u00f3 que hoy d\u00eda con la velocidad de internet tienen que \u00abconvivir con la Red y en la Red\u00bb y tienen que estar preparados para informar de manera \u00abcorrecta y objetiva\u00bb de las situaciones que se creen.<\/p>\n<p>Lombardi record\u00f3 como les pill\u00f3 \u00abdesprevenidos\u00bb casos como el del obispo tradicionalista \u00ablefebvriano\u00bb Richard Williamson, que niega el holocausto jud\u00edo y a quien el papa Benedicto XVI, que no lo sab\u00eda, levant\u00f3 la excomuni\u00f3n, mientras en la red ya se informaba de su negacionismo.<\/p>\n<p>Otro momento dif\u00edcil fue cuando Benedicto XVI pronunci\u00f3 un discurso en la universidad de Ratisbona (Alemania) en el que habl\u00f3 de Mahoma y que fue considerado \u00abofensivo\u00bb por el mundo isl\u00e1mico.<\/p>\n<p>Ratzinger puso en \u00abpie de guerra\u00bb al Islam tras citar una conversaci\u00f3n entre el emperador bizantino Manuel II Pale\u00f3logo y un erudito persa, en la que el mandatario dec\u00eda que \u00abMahoma no hab\u00eda tra\u00eddo nada novedoso excepto la orden de extender la fe mediante la espada\u00bb.<\/p>\n<p>Tambi\u00e9n las palabras contra el uso del preservativo en la lucha contra el sida que pronunci\u00f3 el papa Ratzinger en un viaje a \u00c1frica y que desataron una fuerte pol\u00e9mica, as\u00ed como el esc\u00e1ndalo Vatileak, que puso en la picota a la Curia Vaticana al desvelar intrigas en su seno, obligaron a la Sala Stampa a revisar su forma de comunicar, precis\u00f3 Lombardi, en aras de esa transparencia y correcci\u00f3n.<\/p>\n<p>La transparencia -asegur\u00f3- es el camino \u00abobligatorio\u00bb que tiene que seguir la Iglesia para avanzar en credibilidad y se\u00f1al\u00f3 que el impulso dado por el papa Francisco en esa l\u00ednea \u00abayuda a vencer resistencias\u00bb.<\/p>\n<p>De Bergoglio destac\u00f3 que es un papa que se mueve con m\u00e1s libertad que los anteriores, que le gusta la cercan\u00eda con las personas, \u00abdestruir las distancias, estar cerca de todos\u00bb y que su forma de actuar -como cuando llama directamente por tel\u00e9fono a religiosas u otras personas- obliga a la Sala Stampa a una forma diferente de comunicar, menos oficial.<\/p>\n<p>Es un papa que tiene una relaci\u00f3n particular con los fieles, sin distancias y ello se vio -dijo Lombardi- el mismo d\u00eda en que fue elegido (el 13 de marzo de 2013) cuando pidi\u00f3 que recen por \u00e9l y que pidieran a Dios que le bendijera.<\/p>\n<p>Lombardi, en esa nueva l\u00ednea de comunicaci\u00f3n de la Iglesia, se mostr\u00f3 contrario al \u00abesp\u00edritu del centralismo y el control excesivo\u00bb por parte de la Sala Stampa y dijo que es \u00abnormal\u00bb que haya otras voces autorizadas de eclesi\u00e1sticos, que pueden ser consultadas por los periodistas.<\/p>\n<p>\u00abEs normal un pluralismo de voces y fuentes\u00bb dentro de la Iglesia, a\u00f1adi\u00f3 el portavoz.<\/p>\n<p>Juan Lara<\/p>\n","protected":false},"excerpt":{"rendered":"<p>Madrid, 5 feb (EFE).- \u00abTransparencia\u00bb fue la palabra de la que m\u00e1s ech\u00f3 hoy mano el portavoz vaticano, Federico Lombardi, para referirse a los cambios en la Iglesia, impulsados -dijo- por Benedicto XVI y seguidos por Francisco, un papa cuyo \u00ab\u00e9xito\u00bb es, seg\u00fan dijo, \u00abdestruir las distancias y estar al lado de todos\u00bb. Lombardi recibi\u00f3 [&hellip;]<\/p>\n","protected":false},"author":1,"featured_media":484489,"comment_status":"closed","ping_status":"open","sticky":false,"template":"","format":"standard","meta":{"footnotes":""},"categories":[1],"tags":[],"class_list":["post-484488","post","type-post","status-publish","format-standard","has-post-thumbnail","hentry","category-actualidad"],"aioseo_notices":[],"aioseo_head":"\n\t\t<!-- All in One SEO Pro 5.0.1 - aioseo.com -->\n\t<meta name=\"description\" content=\"Madrid, 5 feb (EFE).- &quot;Transparencia&quot; fue la palabra de la que m\u00e1s ech\u00f3 hoy mano el portavoz vaticano, Federico Lombardi, para referirse a los cambios en la Iglesia, impulsados -dijo- por Benedicto XVI y seguidos por Francisco, un papa cuyo &quot;\u00e9xito&quot; es, seg\u00fan dijo, &quot;destruir las distancias y estar al lado de todos&quot;. Lombardi recibi\u00f3\" \/>\n\t<meta name=\"robots\" content=\"max-image-preview:large\" \/>\n\t<meta name=\"author\" content=\"El Digital de Asturias\"\/>\n\t<meta name=\"google-site-verification\" content=\"UA-38556648-1\" \/>\n\t<meta name=\"msvalidate.01\" content=\"7dfe9f3f1b24437ab69f4f2559babe99\" \/>\n\t<meta name=\"keywords\" content=\"actualidad\" \/>\n\t<link rel=\"canonical\" href=\"https:\/\/www.eldigitaldeasturias.com\/noticias\/lombardi-y-la-transparencia-informativa-en-la-iglesia\/\" \/>\n\t<meta name=\"generator\" content=\"All in One SEO Pro (AIOSEO) 5.0.1\" \/>\n\t\t<meta property=\"og:locale\" content=\"es_ES\" \/>\n\t\t<meta property=\"og:site_name\" content=\"El Digital de Asturias\" \/>\n\t\t<meta property=\"og:type\" content=\"article\" \/>\n\t\t<meta property=\"og:title\" content=\"Lombardi y la transparencia informativa en la Iglesia - El Digital de Asturias\" \/>\n\t\t<meta property=\"og:description\" content=\"Madrid, 5 feb (EFE).- &quot;Transparencia&quot; fue la palabra de la que m\u00e1s ech\u00f3 hoy mano el portavoz vaticano, Federico Lombardi, para referirse a los cambios en la Iglesia, impulsados -dijo- por Benedicto XVI y seguidos por Francisco, un papa cuyo &quot;\u00e9xito&quot; es, seg\u00fan dijo, &quot;destruir las distancias y estar al lado de todos&quot;. Lombardi recibi\u00f3\" \/>\n\t\t<meta property=\"og:url\" content=\"https:\/\/www.eldigitaldeasturias.com\/noticias\/lombardi-y-la-transparencia-informativa-en-la-iglesia\/\" \/>\n\t\t<meta property=\"article:tag\" content=\"actualidad\" \/>\n\t\t<meta property=\"article:published_time\" content=\"2014-02-06T01:50:36+00:00\" \/>\n\t\t<meta property=\"article:modified_time\" content=\"2014-02-06T01:50:36+00:00\" \/>\n\t\t<meta property=\"article:publisher\" content=\"https:\/\/facebook.com\/eldigitaldeasturias\" \/>\n\t\t<meta name=\"twitter:card\" content=\"summary_large_image\" \/>\n\t\t<meta name=\"twitter:title\" content=\"Lombardi y la transparencia informativa en la Iglesia - El Digital de Asturias\" \/>\n\t\t<meta name=\"twitter:description\" content=\"Madrid, 5 feb (EFE).- &quot;Transparencia&quot; fue la palabra de la que m\u00e1s ech\u00f3 hoy mano el portavoz vaticano, Federico Lombardi, para referirse a los cambios en la Iglesia, impulsados -dijo- por Benedicto XVI y seguidos por Francisco, un papa cuyo &quot;\u00e9xito&quot; es, seg\u00fan dijo, &quot;destruir las distancias y estar al lado de todos&quot;. Lombardi recibi\u00f3\" \/>\n\t\t<meta name=\"twitter:label1\" content=\"Escrito por\" \/>\n\t\t<meta name=\"twitter:data1\" content=\"El Digital de Asturias\" \/>\n\t\t<meta name=\"twitter:label2\" content=\"Tiempo de lectura estimado\" \/>\n\t\t<meta name=\"twitter:data2\" content=\"4 minutos\" \/>\n\t\t<script type=\"application\/ld+json\" class=\"aioseo-schema\">\n\t\t\t{\"@context\":\"https:\\\/\\\/schema.org\",\"@graph\":[{\"@type\":\"BlogPosting\",\"@id\":\"https:\\\/\\\/www.eldigitaldeasturias.com\\\/noticias\\\/lombardi-y-la-transparencia-informativa-en-la-iglesia\\\/#blogposting\",\"name\":\"Lombardi y la transparencia informativa en la Iglesia - El Digital de Asturias\",\"headline\":\"Lombardi y la transparencia informativa en la Iglesia\",\"author\":{\"@id\":\"https:\\\/\\\/www.eldigitaldeasturias.com\\\/noticias\\\/author\\\/admin\\\/#author\"},\"publisher\":{\"@id\":\"https:\\\/\\\/www.eldigitaldeasturias.com\\\/noticias\\\/#organization\"},\"image\":{\"@type\":\"ImageObject\",\"url\":484489},\"datePublished\":\"2014-02-06T00:50:36+01:00\",\"dateModified\":\"2014-02-06T00:50:36+01:00\",\"inLanguage\":\"es-ES\",\"mainEntityOfPage\":{\"@id\":\"https:\\\/\\\/www.eldigitaldeasturias.com\\\/noticias\\\/lombardi-y-la-transparencia-informativa-en-la-iglesia\\\/#webpage\"},\"isPartOf\":{\"@id\":\"https:\\\/\\\/www.eldigitaldeasturias.com\\\/noticias\\\/lombardi-y-la-transparencia-informativa-en-la-iglesia\\\/#webpage\"},\"articleSection\":\"Actualidad\"},{\"@type\":\"BreadcrumbList\",\"@id\":\"https:\\\/\\\/www.eldigitaldeasturias.com\\\/noticias\\\/lombardi-y-la-transparencia-informativa-en-la-iglesia\\\/#breadcrumblist\",\"itemListElement\":[{\"@type\":\"ListItem\",\"@id\":\"https:\\\/\\\/www.eldigitaldeasturias.com\\\/noticias#listItem\",\"position\":1,\"name\":\"Home\",\"item\":\"https:\\\/\\\/www.eldigitaldeasturias.com\\\/noticias\",\"nextItem\":{\"@type\":\"ListItem\",\"@id\":\"https:\\\/\\\/www.eldigitaldeasturias.com\\\/noticias\\\/category\\\/actualidad\\\/#listItem\",\"name\":\"Actualidad\"}},{\"@type\":\"ListItem\",\"@id\":\"https:\\\/\\\/www.eldigitaldeasturias.com\\\/noticias\\\/category\\\/actualidad\\\/#listItem\",\"position\":2,\"name\":\"Actualidad\",\"item\":\"https:\\\/\\\/www.eldigitaldeasturias.com\\\/noticias\\\/category\\\/actualidad\\\/\",\"nextItem\":{\"@type\":\"ListItem\",\"@id\":\"https:\\\/\\\/www.eldigitaldeasturias.com\\\/noticias\\\/lombardi-y-la-transparencia-informativa-en-la-iglesia\\\/#listItem\",\"name\":\"Lombardi y la transparencia informativa en la Iglesia\"},\"previousItem\":{\"@type\":\"ListItem\",\"@id\":\"https:\\\/\\\/www.eldigitaldeasturias.com\\\/noticias#listItem\",\"name\":\"Home\"}},{\"@type\":\"ListItem\",\"@id\":\"https:\\\/\\\/www.eldigitaldeasturias.com\\\/noticias\\\/lombardi-y-la-transparencia-informativa-en-la-iglesia\\\/#listItem\",\"position\":3,\"name\":\"Lombardi y la transparencia informativa en la Iglesia\",\"previousItem\":{\"@type\":\"ListItem\",\"@id\":\"https:\\\/\\\/www.eldigitaldeasturias.com\\\/noticias\\\/category\\\/actualidad\\\/#listItem\",\"name\":\"Actualidad\"}}]},{\"@type\":\"Organization\",\"@id\":\"https:\\\/\\\/www.eldigitaldeasturias.com\\\/noticias\\\/#organization\",\"name\":\"El Digital de Asturias\",\"description\":\"Hemeroteca\",\"url\":\"https:\\\/\\\/www.eldigitaldeasturias.com\\\/noticias\\\/\",\"email\":\"info@eldigitaldeasturias.com\",\"telephone\":\"+34652131393\",\"logo\":{\"@type\":\"ImageObject\",\"url\":\"https:\\\/\\\/www.eldigitaldeasturias.com\\\/noticias\\\/wp-content\\\/uploads\\\/2020\\\/12\\\/EDA.jpg\",\"@id\":\"https:\\\/\\\/www.eldigitaldeasturias.com\\\/noticias\\\/lombardi-y-la-transparencia-informativa-en-la-iglesia\\\/#organizationLogo\"},\"image\":{\"@id\":\"https:\\\/\\\/www.eldigitaldeasturias.com\\\/noticias\\\/lombardi-y-la-transparencia-informativa-en-la-iglesia\\\/#organizationLogo\"},\"sameAs\":[\"https:\\\/\\\/facebook.com\\\/eldigitaldeasturias\",\"https:\\\/\\\/www.youtube.com\\\/channel\\\/UCZP-2wLEB9Rv6erhFmqVnvg\"],\"address\":{\"@id\":\"https:\\\/\\\/www.eldigitaldeasturias.com\\\/noticias\\\/#postaladdress\",\"@type\":\"PostalAddress\",\"streetAddress\":\"san antonio 4\",\"postalCode\":\"33430\",\"addressLocality\":\"Cand\\u00e1s\",\"addressRegion\":\"Asturias\",\"addressCountry\":\"ES\"}},{\"@type\":\"Person\",\"@id\":\"https:\\\/\\\/www.eldigitaldeasturias.com\\\/noticias\\\/author\\\/admin\\\/#author\",\"url\":\"https:\\\/\\\/www.eldigitaldeasturias.com\\\/noticias\\\/author\\\/admin\\\/\",\"name\":\"El Digital de Asturias\",\"image\":{\"@type\":\"ImageObject\",\"@id\":\"https:\\\/\\\/www.eldigitaldeasturias.com\\\/noticias\\\/lombardi-y-la-transparencia-informativa-en-la-iglesia\\\/#authorImage\",\"url\":\"https:\\\/\\\/secure.gravatar.com\\\/avatar\\\/df2aeffc32bcd13f8d26072ef8a91b623d677766deac7f97ca815868cd41bf5e?s=96&d=mm&r=g\",\"width\":96,\"height\":96,\"caption\":\"El Digital de Asturias\"}},{\"@type\":\"WebPage\",\"@id\":\"https:\\\/\\\/www.eldigitaldeasturias.com\\\/noticias\\\/lombardi-y-la-transparencia-informativa-en-la-iglesia\\\/#webpage\",\"url\":\"https:\\\/\\\/www.eldigitaldeasturias.com\\\/noticias\\\/lombardi-y-la-transparencia-informativa-en-la-iglesia\\\/\",\"name\":\"Lombardi y la transparencia informativa en la Iglesia - El Digital de Asturias\",\"description\":\"Madrid, 5 feb (EFE).- \\\"Transparencia\\\" fue la palabra de la que m\\u00e1s ech\\u00f3 hoy mano el portavoz vaticano, Federico Lombardi, para referirse a los cambios en la Iglesia, impulsados -dijo- por Benedicto XVI y seguidos por Francisco, un papa cuyo \\\"\\u00e9xito\\\" es, seg\\u00fan dijo, \\\"destruir las distancias y estar al lado de todos\\\". Lombardi recibi\\u00f3\",\"inLanguage\":\"es-ES\",\"isPartOf\":{\"@id\":\"https:\\\/\\\/www.eldigitaldeasturias.com\\\/noticias\\\/#website\"},\"breadcrumb\":{\"@id\":\"https:\\\/\\\/www.eldigitaldeasturias.com\\\/noticias\\\/lombardi-y-la-transparencia-informativa-en-la-iglesia\\\/#breadcrumblist\"},\"author\":{\"@id\":\"https:\\\/\\\/www.eldigitaldeasturias.com\\\/noticias\\\/author\\\/admin\\\/#author\"},\"creator\":{\"@id\":\"https:\\\/\\\/www.eldigitaldeasturias.com\\\/noticias\\\/author\\\/admin\\\/#author\"},\"image\":{\"@type\":\"ImageObject\",\"url\":484489,\"@id\":\"https:\\\/\\\/www.eldigitaldeasturias.com\\\/noticias\\\/lombardi-y-la-transparencia-informativa-en-la-iglesia\\\/#mainImage\"},\"primaryImageOfPage\":{\"@id\":\"https:\\\/\\\/www.eldigitaldeasturias.com\\\/noticias\\\/lombardi-y-la-transparencia-informativa-en-la-iglesia\\\/#mainImage\"},\"datePublished\":\"2014-02-06T00:50:36+01:00\",\"dateModified\":\"2014-02-06T00:50:36+01:00\"},{\"@type\":\"WebSite\",\"@id\":\"https:\\\/\\\/www.eldigitaldeasturias.com\\\/noticias\\\/#website\",\"url\":\"https:\\\/\\\/www.eldigitaldeasturias.com\\\/noticias\\\/\",\"name\":\"El Digital de Asturias - Diario de actualidad y noticias\",\"alternateName\":\"El Digital de Asturias - Diario de actualidad y noticias\",\"description\":\"Hemeroteca\",\"inLanguage\":\"es-ES\",\"publisher\":{\"@id\":\"https:\\\/\\\/www.eldigitaldeasturias.com\\\/noticias\\\/#organization\"}}]}\n\t\t<\/script>\n\t\t<!-- All in One SEO Pro -->\r\n\t\t<title>Lombardi y la transparencia informativa en la Iglesia - El Digital de Asturias<\/title>\n\n","aioseo_head_json":{"title":"Lombardi y la transparencia informativa en la Iglesia - El Digital de Asturias","description":"Madrid, 5 feb (EFE).- \"Transparencia\" fue la palabra de la que m\u00e1s ech\u00f3 hoy mano el portavoz vaticano, Federico Lombardi, para referirse a los cambios en la Iglesia, impulsados -dijo- por Benedicto XVI y seguidos por Francisco, un papa cuyo \"\u00e9xito\" es, seg\u00fan dijo, \"destruir las distancias y estar al lado de todos\". Lombardi recibi\u00f3","canonical_url":"https:\/\/www.eldigitaldeasturias.com\/noticias\/lombardi-y-la-transparencia-informativa-en-la-iglesia\/","robots":"max-image-preview:large","keywords":"actualidad","webmasterTools":{"google-site-verification":"UA-38556648-1","msvalidate.01":"7dfe9f3f1b24437ab69f4f2559babe99","miscellaneous":""},"schema":{"@context":"https:\/\/schema.org","@graph":[{"@type":"BlogPosting","@id":"https:\/\/www.eldigitaldeasturias.com\/noticias\/lombardi-y-la-transparencia-informativa-en-la-iglesia\/#blogposting","name":"Lombardi y la transparencia informativa en la Iglesia - El Digital de Asturias","headline":"Lombardi y la transparencia informativa en la Iglesia","author":{"@id":"https:\/\/www.eldigitaldeasturias.com\/noticias\/author\/admin\/#author"},"publisher":{"@id":"https:\/\/www.eldigitaldeasturias.com\/noticias\/#organization"},"image":{"@type":"ImageObject","url":484489},"datePublished":"2014-02-06T00:50:36+01:00","dateModified":"2014-02-06T00:50:36+01:00","inLanguage":"es-ES","mainEntityOfPage":{"@id":"https:\/\/www.eldigitaldeasturias.com\/noticias\/lombardi-y-la-transparencia-informativa-en-la-iglesia\/#webpage"},"isPartOf":{"@id":"https:\/\/www.eldigitaldeasturias.com\/noticias\/lombardi-y-la-transparencia-informativa-en-la-iglesia\/#webpage"},"articleSection":"Actualidad"},{"@type":"BreadcrumbList","@id":"https:\/\/www.eldigitaldeasturias.com\/noticias\/lombardi-y-la-transparencia-informativa-en-la-iglesia\/#breadcrumblist","itemListElement":[{"@type":"ListItem","@id":"https:\/\/www.eldigitaldeasturias.com\/noticias#listItem","position":1,"name":"Home","item":"https:\/\/www.eldigitaldeasturias.com\/noticias","nextItem":{"@type":"ListItem","@id":"https:\/\/www.eldigitaldeasturias.com\/noticias\/category\/actualidad\/#listItem","name":"Actualidad"}},{"@type":"ListItem","@id":"https:\/\/www.eldigitaldeasturias.com\/noticias\/category\/actualidad\/#listItem","position":2,"name":"Actualidad","item":"https:\/\/www.eldigitaldeasturias.com\/noticias\/category\/actualidad\/","nextItem":{"@type":"ListItem","@id":"https:\/\/www.eldigitaldeasturias.com\/noticias\/lombardi-y-la-transparencia-informativa-en-la-iglesia\/#listItem","name":"Lombardi y la transparencia informativa en la Iglesia"},"previousItem":{"@type":"ListItem","@id":"https:\/\/www.eldigitaldeasturias.com\/noticias#listItem","name":"Home"}},{"@type":"ListItem","@id":"https:\/\/www.eldigitaldeasturias.com\/noticias\/lombardi-y-la-transparencia-informativa-en-la-iglesia\/#listItem","position":3,"name":"Lombardi y la transparencia informativa en la Iglesia","previousItem":{"@type":"ListItem","@id":"https:\/\/www.eldigitaldeasturias.com\/noticias\/category\/actualidad\/#listItem","name":"Actualidad"}}]},{"@type":"Organization","@id":"https:\/\/www.eldigitaldeasturias.com\/noticias\/#organization","name":"El Digital de Asturias","description":"Hemeroteca","url":"https:\/\/www.eldigitaldeasturias.com\/noticias\/","email":"info@eldigitaldeasturias.com","telephone":"+34652131393","logo":{"@type":"ImageObject","url":"https:\/\/www.eldigitaldeasturias.com\/noticias\/wp-content\/uploads\/2020\/12\/EDA.jpg","@id":"https:\/\/www.eldigitaldeasturias.com\/noticias\/lombardi-y-la-transparencia-informativa-en-la-iglesia\/#organizationLogo"},"image":{"@id":"https:\/\/www.eldigitaldeasturias.com\/noticias\/lombardi-y-la-transparencia-informativa-en-la-iglesia\/#organizationLogo"},"sameAs":["https:\/\/facebook.com\/eldigitaldeasturias","https:\/\/www.youtube.com\/channel\/UCZP-2wLEB9Rv6erhFmqVnvg"],"address":{"@id":"https:\/\/www.eldigitaldeasturias.com\/noticias\/#postaladdress","@type":"PostalAddress","streetAddress":"san antonio 4","postalCode":"33430","addressLocality":"Cand\u00e1s","addressRegion":"Asturias","addressCountry":"ES"}},{"@type":"Person","@id":"https:\/\/www.eldigitaldeasturias.com\/noticias\/author\/admin\/#author","url":"https:\/\/www.eldigitaldeasturias.com\/noticias\/author\/admin\/","name":"El Digital de Asturias","image":{"@type":"ImageObject","@id":"https:\/\/www.eldigitaldeasturias.com\/noticias\/lombardi-y-la-transparencia-informativa-en-la-iglesia\/#authorImage","url":"https:\/\/secure.gravatar.com\/avatar\/df2aeffc32bcd13f8d26072ef8a91b623d677766deac7f97ca815868cd41bf5e?s=96&d=mm&r=g","width":96,"height":96,"caption":"El Digital de Asturias"}},{"@type":"WebPage","@id":"https:\/\/www.eldigitaldeasturias.com\/noticias\/lombardi-y-la-transparencia-informativa-en-la-iglesia\/#webpage","url":"https:\/\/www.eldigitaldeasturias.com\/noticias\/lombardi-y-la-transparencia-informativa-en-la-iglesia\/","name":"Lombardi y la transparencia informativa en la Iglesia - El Digital de Asturias","description":"Madrid, 5 feb (EFE).- \"Transparencia\" fue la palabra de la que m\u00e1s ech\u00f3 hoy mano el portavoz vaticano, Federico Lombardi, para referirse a los cambios en la Iglesia, impulsados -dijo- por Benedicto XVI y seguidos por Francisco, un papa cuyo \"\u00e9xito\" es, seg\u00fan dijo, \"destruir las distancias y estar al lado de todos\". Lombardi recibi\u00f3","inLanguage":"es-ES","isPartOf":{"@id":"https:\/\/www.eldigitaldeasturias.com\/noticias\/#website"},"breadcrumb":{"@id":"https:\/\/www.eldigitaldeasturias.com\/noticias\/lombardi-y-la-transparencia-informativa-en-la-iglesia\/#breadcrumblist"},"author":{"@id":"https:\/\/www.eldigitaldeasturias.com\/noticias\/author\/admin\/#author"},"creator":{"@id":"https:\/\/www.eldigitaldeasturias.com\/noticias\/author\/admin\/#author"},"image":{"@type":"ImageObject","url":484489,"@id":"https:\/\/www.eldigitaldeasturias.com\/noticias\/lombardi-y-la-transparencia-informativa-en-la-iglesia\/#mainImage"},"primaryImageOfPage":{"@id":"https:\/\/www.eldigitaldeasturias.com\/noticias\/lombardi-y-la-transparencia-informativa-en-la-iglesia\/#mainImage"},"datePublished":"2014-02-06T00:50:36+01:00","dateModified":"2014-02-06T00:50:36+01:00"},{"@type":"WebSite","@id":"https:\/\/www.eldigitaldeasturias.com\/noticias\/#website","url":"https:\/\/www.eldigitaldeasturias.com\/noticias\/","name":"El Digital de Asturias - Diario de actualidad y noticias","alternateName":"El Digital de Asturias - Diario de actualidad y noticias","description":"Hemeroteca","inLanguage":"es-ES","publisher":{"@id":"https:\/\/www.eldigitaldeasturias.com\/noticias\/#organization"}}]},"og:locale":"es_ES","og:site_name":"El Digital de Asturias","og:type":"article","og:title":"Lombardi y la transparencia informativa en la Iglesia - El Digital de Asturias","og:description":"Madrid, 5 feb (EFE).- &quot;Transparencia&quot; fue la palabra de la que m\u00e1s ech\u00f3 hoy mano el portavoz vaticano, Federico Lombardi, para referirse a los cambios en la Iglesia, impulsados -dijo- por Benedicto XVI y seguidos por Francisco, un papa cuyo &quot;\u00e9xito&quot; es, seg\u00fan dijo, &quot;destruir las distancias y estar al lado de todos&quot;. Lombardi recibi\u00f3","og:url":"https:\/\/www.eldigitaldeasturias.com\/noticias\/lombardi-y-la-transparencia-informativa-en-la-iglesia\/","article:tag":["actualidad"],"article:published_time":"2014-02-06T01:50:36+00:00","article:modified_time":"2014-02-06T01:50:36+00:00","article:publisher":"https:\/\/facebook.com\/eldigitaldeasturias","twitter:card":"summary_large_image","twitter:title":"Lombardi y la transparencia informativa en la Iglesia - El Digital de Asturias","twitter:description":"Madrid, 5 feb (EFE).- &quot;Transparencia&quot; fue la palabra de la que m\u00e1s ech\u00f3 hoy mano el portavoz vaticano, Federico Lombardi, para referirse a los cambios en la Iglesia, impulsados -dijo- por Benedicto XVI y seguidos por Francisco, un papa cuyo &quot;\u00e9xito&quot; es, seg\u00fan dijo, &quot;destruir las distancias y estar al lado de todos&quot;. Lombardi recibi\u00f3","twitter:label1":"Escrito por","twitter:data1":"El Digital de Asturias","twitter:label2":"Tiempo de lectura estimado","twitter:data2":"4 minutos"},"aioseo_meta_data":{"post_id":"484488","title":null,"description":null,"keywords":null,"keyphrases":null,"primary_term":null,"canonical_url":null,"og_title":null,"og_description":null,"og_object_type":"default","og_image_type":"default","og_image_url":null,"og_image_width":null,"og_image_height":null,"og_image_custom_url":null,"og_image_custom_fields":null,"og_video":null,"og_custom_url":null,"og_article_section":null,"og_article_tags":null,"twitter_use_og":true,"twitter_card":"default","twitter_image_type":"default","twitter_image_url":null,"twitter_image_custom_url":null,"twitter_image_custom_fields":null,"twitter_title":null,"twitter_description":null,"schema":{"blockGraphs":[],"customGraphs":[],"default":{"data":{"Article":[],"Course":[],"Dataset":[],"FAQPage":[],"Movie":[],"Person":[],"Product":[],"ProductReview":[],"Car":[],"Recipe":[],"Service":[],"SoftwareApplication":[],"WebPage":[]},"graphName":"","isEnabled":true},"graphs":[],"defaultGraph":"","defaultPostTypeGraph":""},"schema_type":null,"schema_type_options":null,"pillar_content":false,"robots_default":true,"robots_noindex":false,"robots_noarchive":false,"robots_nosnippet":false,"robots_nofollow":false,"robots_noimageindex":false,"robots_noodp":false,"robots_notranslate":false,"robots_max_snippet":null,"robots_max_videopreview":null,"robots_max_imagepreview":"none","priority":null,"frequency":null,"local_seo":null,"seo_analyzer_scan_date":"2026-06-02 15:58:50","breadcrumb_settings":null,"limit_modified_date":false,"open_ai":null,"ai":null,"created":"2020-11-14 22:55:04","updated":"2026-06-02 15:58:50","focus_keyword":null,"additional_keywords":null,"truseo_locale":null},"aioseo_breadcrumb":"<div class=\"aioseo-breadcrumbs\"><span class=\"aioseo-breadcrumb\">\n\t<a href=\"https:\/\/www.eldigitaldeasturias.com\/noticias\" title=\"Home\">Home<\/a>\n<\/span><span class=\"aioseo-breadcrumb-separator\">\u2013<\/span><span class=\"aioseo-breadcrumb\">\n\t<a href=\"https:\/\/www.eldigitaldeasturias.com\/noticias\/category\/actualidad\/\" title=\"Actualidad\">Actualidad<\/a>\n<\/span><span class=\"aioseo-breadcrumb-separator\">\u2013<\/span><span class=\"aioseo-breadcrumb\">\n\t<a href=\"https:\/\/www.eldigitaldeasturias.com\/noticias\/lombardi-y-la-transparencia-informativa-en-la-iglesia\/\" title=\"Lombardi y la transparencia informativa en la Iglesia\">Lombardi y la transparencia informativa en la Iglesia<\/a>\n<\/span><\/div>","aioseo_breadcrumb_json":[{"label":"Home","link":"https:\/\/www.eldigitaldeasturias.com\/noticias"},{"label":"Actualidad","link":"https:\/\/www.eldigitaldeasturias.com\/noticias\/category\/actualidad\/"},{"label":"Lombardi y la transparencia informativa en la Iglesia","link":"https:\/\/www.eldigitaldeasturias.com\/noticias\/lombardi-y-la-transparencia-informativa-en-la-iglesia\/"}],"_links":{"self":[{"href":"https:\/\/www.eldigitaldeasturias.com\/noticias\/wp-json\/wp\/v2\/posts\/484488","targetHints":{"allow":["GET"]}}],"collection":[{"href":"https:\/\/www.eldigitaldeasturias.com\/noticias\/wp-json\/wp\/v2\/posts"}],"about":[{"href":"https:\/\/www.eldigitaldeasturias.com\/noticias\/wp-json\/wp\/v2\/types\/post"}],"author":[{"embeddable":true,"href":"https:\/\/www.eldigitaldeasturias.com\/noticias\/wp-json\/wp\/v2\/users\/1"}],"replies":[{"embeddable":true,"href":"https:\/\/www.eldigitaldeasturias.com\/noticias\/wp-json\/wp\/v2\/comments?post=484488"}],"version-history":[{"count":0,"href":"https:\/\/www.eldigitaldeasturias.com\/noticias\/wp-json\/wp\/v2\/posts\/484488\/revisions"}],"wp:attachment":[{"href":"https:\/\/www.eldigitaldeasturias.com\/noticias\/wp-json\/wp\/v2\/media?parent=484488"}],"wp:term":[{"taxonomy":"category","embeddable":true,"href":"https:\/\/www.eldigitaldeasturias.com\/noticias\/wp-json\/wp\/v2\/categories?post=484488"},{"taxonomy":"post_tag","embeddable":true,"href":"https:\/\/www.eldigitaldeasturias.com\/noticias\/wp-json\/wp\/v2\/tags?post=484488"}],"curies":[{"name":"wp","href":"https:\/\/api.w.org\/{rel}","templated":true}]}}