{"id":484476,"date":"2014-02-06T00:46:39","date_gmt":"2014-02-06T01:46:39","guid":{"rendered":"http:\/\/www.eldigitaldeasturias.com\/noticias\/?p=484476"},"modified":"2014-02-06T00:46:39","modified_gmt":"2014-02-06T01:46:39","slug":"oliver-y-martin-no-descartan-apear-al-real-madrid-en-su-regreso-a-la-copa","status":"publish","type":"post","link":"https:\/\/www.eldigitaldeasturias.com\/noticias\/oliver-y-martin-no-descartan-apear-al-real-madrid-en-su-regreso-a-la-copa\/","title":{"rendered":"Oliver y Mart\u00edn no descartan apear al Real Madrid en su regreso a la Copa"},"content":{"rendered":"<p><img loading=\"lazy\" decoding=\"async\" class=\"alignleft size-medium wp-image-484477\" alt=\"5911332w\" src=\"https:\/\/www.eldigitaldeasturias.com\/noticias\/wp-content\/uploads\/2014\/02\/5911332w-329x320.jpg\" width=\"329\" height=\"320\" \/>Las Palmas de Gran Canaria, 5 feb (EFE).- El base Albert Oliver y el p\u00edvot Nacho Mart\u00edn, \u00faltimos refuerzos del Herbalife Gran Canaria, se reencontrar\u00e1n con la Copa del Rey de baloncesto este jueves en M\u00e1laga, donde no descartan ganar al gran favorito de todas las quinielas, el Real Madrid, l\u00edder invicto de la Liga Endesa.<\/p>\n<p>Oliver disputar\u00e1 su quinto torneo del KO ante el \u00abrival m\u00e1s dif\u00edcil\u00bb que les pod\u00eda tocar, pero el jugador catal\u00e1n ha recordado que \u00abes a un partido y una competici\u00f3n totalmente diferente\u00bb, por lo que acudir\u00e1n a la cita malacitana con el objetivo del triunfo.<\/p>\n<p>\u00abAqu\u00ed se lo pusimos dif\u00edcil. Pienso que, si el encuentro es parecido al que jugamos en casa y llegamos al final con opciones, ser\u00eda positivo. Est\u00e1 claro que queremos vencer y esperamos que no volvamos a perder como en la isla\u00bb, ha dicho a Efe.<\/p>\n<p>Tras pedir la complicidad y el apoyo del p\u00fablico -\u00absiempre arropan al m\u00e1s d\u00e9bil y esperamos jugar como en casa\u00bb-, Oliver ha reconocido que una racha ganadora antes de la Copa del Rey siempre es positiva, porque \u00abda m\u00e1s energ\u00eda\u00bb.<\/p>\n<p>El base amarillo ha recordado que hasta hace poco se hablaba de que el &#8216;Granca&#8217; no estaba muy fino, pero ha apuntado que lleva doce victorias y que ese balance es para estar \u00abcontento y feliz\u00bb.<\/p>\n<p>En su opini\u00f3n, la clave para ganar al Real Madrid es que el Herbalife est\u00e9 \u00abbien y, si es as\u00ed, al final habr\u00e1 opci\u00f3n de vencer\u00bb.<\/p>\n<p>\u00abTampoco podemos dejarles correr, porque, si lo hacen a campo abierto, el choque se va a complicar mucho. Ellos tienen un gran equipo y los que est\u00e1n en el banquillo son igual de buenos que los titulares\u00bb, ha a\u00f1adido.<\/p>\n<p>Por su parte, el p\u00edvot Nacho Mart\u00edn, que vivir\u00e1 su tercera aventura copera en M\u00e1laga, ha adelantado que el del Real Madrid ser\u00e1 \u00abun partido atractivo\u00bb del que todos disfrutar\u00e1n, tanto los jugadores como los aficionados.<\/p>\n<p>Mart\u00edn ha defendido que hay posibilidades de que el Gran Canaria gane: \u00abEllos est\u00e1n jugando muy bien y lo demuestran, pero nosotros lo estamos haciendo bien. Adem\u00e1s, ya demostramos que aqu\u00ed sufrieron para ganarnos y que sabemos como jugarles\u00bb.<\/p>\n<p>El vallisoletano ha adelantado que la sorpresa pasa por \u00abromper su ritmo de juego, que se caracteriza por la rapidez, la alegr\u00eda y los pases r\u00e1pidos en contraataque, por lo que hay que lograr que no se sientan c\u00f3modos con un juego un poco m\u00e1s en est\u00e1tico\u00bb, y ha a\u00f1adido que el &#8216;Granca&#8217; tambi\u00e9n tiene que estar muy acertado en el lanzamiento a canasta.<\/p>\n<p>\u00abEllos jugar\u00e1n con mayor responsabilidad, ya que la gente les da como campeones sin siquiera haber llegado a M\u00e1laga. Eso les puede meter algo m\u00e1s de presi\u00f3n, pero tambi\u00e9n saben jugar as\u00ed. Llevan 18-0 en la Liga Endesa y solo han perdido un partido de Euroliga, pero ah\u00ed estaremos nosotros para ponerles nerviosos\u00bb, ha subrayado.<\/p>\n<p>Nacho Mart\u00edn ha asegurado que las opciones del Herbalife aumentar\u00e1n si logran estar bien en ataque y si el partido se pone duro en defensa y va a pocos puntos; en definitiva, si consiguen que el Real Madrid \u00abno juegue como lo suele hacer cada fin de semana\u00bb.<\/p>\n<p>El p\u00edvot amarillo ha agregado que el &#8216;Granca&#8217; ha ganado dos partidos seguidos, pero acudir\u00e1 a M\u00e1laga de la misma forma que si hubiese perdido cinco encuentros.<\/p>\n<p>\u00abLas ganas se ponen igual, la Copa del Rey es un torneo totalmente diferente a la Liga Endesa, es otra historia\u00bb, ha resaltado.<\/p>\n<p>\u00abEstoy bien tanto en lo personal como f\u00edsicamente. S\u00ed es verdad que no todo lo acertado como me gustar\u00eda y en eso trabajo, no solo en los partidos sino en los entrenamientos. Me gustar\u00eda volver a ser el del principio de temporada\u00bb, ha se\u00f1alado Mart\u00edn.<\/p>\n","protected":false},"excerpt":{"rendered":"<p>Las Palmas de Gran Canaria, 5 feb (EFE).- El base Albert Oliver y el p\u00edvot Nacho Mart\u00edn, \u00faltimos refuerzos del Herbalife Gran Canaria, se reencontrar\u00e1n con la Copa del Rey de baloncesto este jueves en M\u00e1laga, donde no descartan ganar al gran favorito de todas las quinielas, el Real Madrid, l\u00edder invicto de la Liga [&hellip;]<\/p>\n","protected":false},"author":1,"featured_media":484477,"comment_status":"closed","ping_status":"open","sticky":false,"template":"","format":"standard","meta":{"footnotes":""},"categories":[1],"tags":[],"class_list":["post-484476","post","type-post","status-publish","format-standard","has-post-thumbnail","hentry","category-actualidad"],"aioseo_notices":[],"aioseo_head":"\n\t\t<!-- All in One SEO Pro 5.0.1 - aioseo.com -->\n\t<meta name=\"description\" content=\"Las Palmas de Gran Canaria, 5 feb (EFE).- El base Albert Oliver y el p\u00edvot Nacho Mart\u00edn, \u00faltimos refuerzos del Herbalife Gran Canaria, se reencontrar\u00e1n con la Copa del Rey de baloncesto este jueves en M\u00e1laga, donde no descartan ganar al gran favorito de todas las quinielas, el Real Madrid, l\u00edder invicto de la Liga\" \/>\n\t<meta name=\"robots\" content=\"max-image-preview:large\" \/>\n\t<meta name=\"author\" content=\"El Digital de Asturias\"\/>\n\t<meta name=\"google-site-verification\" content=\"UA-38556648-1\" \/>\n\t<meta name=\"msvalidate.01\" content=\"7dfe9f3f1b24437ab69f4f2559babe99\" \/>\n\t<meta name=\"keywords\" content=\"actualidad\" \/>\n\t<link rel=\"canonical\" href=\"https:\/\/www.eldigitaldeasturias.com\/noticias\/oliver-y-martin-no-descartan-apear-al-real-madrid-en-su-regreso-a-la-copa\/\" \/>\n\t<meta name=\"generator\" content=\"All in One SEO Pro (AIOSEO) 5.0.1\" \/>\n\t\t<meta property=\"og:locale\" content=\"es_ES\" \/>\n\t\t<meta property=\"og:site_name\" content=\"El Digital de Asturias\" \/>\n\t\t<meta property=\"og:type\" content=\"article\" \/>\n\t\t<meta property=\"og:title\" content=\"Oliver y Mart\u00edn no descartan apear al Real Madrid en su regreso a la Copa - El Digital de Asturias\" \/>\n\t\t<meta property=\"og:description\" content=\"Las Palmas de Gran Canaria, 5 feb (EFE).- El base Albert Oliver y el p\u00edvot Nacho Mart\u00edn, \u00faltimos refuerzos del Herbalife Gran Canaria, se reencontrar\u00e1n con la Copa del Rey de baloncesto este jueves en M\u00e1laga, donde no descartan ganar al gran favorito de todas las quinielas, el Real Madrid, l\u00edder invicto de la Liga\" \/>\n\t\t<meta property=\"og:url\" content=\"https:\/\/www.eldigitaldeasturias.com\/noticias\/oliver-y-martin-no-descartan-apear-al-real-madrid-en-su-regreso-a-la-copa\/\" \/>\n\t\t<meta property=\"article:tag\" content=\"actualidad\" \/>\n\t\t<meta property=\"article:published_time\" content=\"2014-02-06T01:46:39+00:00\" \/>\n\t\t<meta property=\"article:modified_time\" content=\"2014-02-06T01:46:39+00:00\" \/>\n\t\t<meta property=\"article:publisher\" content=\"https:\/\/facebook.com\/eldigitaldeasturias\" \/>\n\t\t<meta name=\"twitter:card\" content=\"summary_large_image\" \/>\n\t\t<meta name=\"twitter:title\" content=\"Oliver y Mart\u00edn no descartan apear al Real Madrid en su regreso a la Copa - El Digital de Asturias\" \/>\n\t\t<meta name=\"twitter:description\" content=\"Las Palmas de Gran Canaria, 5 feb (EFE).- El base Albert Oliver y el p\u00edvot Nacho Mart\u00edn, \u00faltimos refuerzos del Herbalife Gran Canaria, se reencontrar\u00e1n con la Copa del Rey de baloncesto este jueves en M\u00e1laga, donde no descartan ganar al gran favorito de todas las quinielas, el Real Madrid, l\u00edder invicto de la Liga\" \/>\n\t\t<meta name=\"twitter:label1\" content=\"Escrito por\" \/>\n\t\t<meta name=\"twitter:data1\" content=\"El Digital de Asturias\" \/>\n\t\t<meta name=\"twitter:label2\" content=\"Tiempo de lectura estimado\" \/>\n\t\t<meta name=\"twitter:data2\" content=\"3 minutos\" \/>\n\t\t<script type=\"application\/ld+json\" class=\"aioseo-schema\">\n\t\t\t{\"@context\":\"https:\\\/\\\/schema.org\",\"@graph\":[{\"@type\":\"BlogPosting\",\"@id\":\"https:\\\/\\\/www.eldigitaldeasturias.com\\\/noticias\\\/oliver-y-martin-no-descartan-apear-al-real-madrid-en-su-regreso-a-la-copa\\\/#blogposting\",\"name\":\"Oliver y Mart\\u00edn no descartan apear al Real Madrid en su regreso a la Copa - El Digital de Asturias\",\"headline\":\"Oliver y Mart\\u00edn no descartan apear al Real Madrid en su regreso a la Copa\",\"author\":{\"@id\":\"https:\\\/\\\/www.eldigitaldeasturias.com\\\/noticias\\\/author\\\/admin\\\/#author\"},\"publisher\":{\"@id\":\"https:\\\/\\\/www.eldigitaldeasturias.com\\\/noticias\\\/#organization\"},\"image\":{\"@type\":\"ImageObject\",\"url\":484477},\"datePublished\":\"2014-02-06T00:46:39+01:00\",\"dateModified\":\"2014-02-06T00:46:39+01:00\",\"inLanguage\":\"es-ES\",\"mainEntityOfPage\":{\"@id\":\"https:\\\/\\\/www.eldigitaldeasturias.com\\\/noticias\\\/oliver-y-martin-no-descartan-apear-al-real-madrid-en-su-regreso-a-la-copa\\\/#webpage\"},\"isPartOf\":{\"@id\":\"https:\\\/\\\/www.eldigitaldeasturias.com\\\/noticias\\\/oliver-y-martin-no-descartan-apear-al-real-madrid-en-su-regreso-a-la-copa\\\/#webpage\"},\"articleSection\":\"Actualidad\"},{\"@type\":\"BreadcrumbList\",\"@id\":\"https:\\\/\\\/www.eldigitaldeasturias.com\\\/noticias\\\/oliver-y-martin-no-descartan-apear-al-real-madrid-en-su-regreso-a-la-copa\\\/#breadcrumblist\",\"itemListElement\":[{\"@type\":\"ListItem\",\"@id\":\"https:\\\/\\\/www.eldigitaldeasturias.com\\\/noticias#listItem\",\"position\":1,\"name\":\"Home\",\"item\":\"https:\\\/\\\/www.eldigitaldeasturias.com\\\/noticias\",\"nextItem\":{\"@type\":\"ListItem\",\"@id\":\"https:\\\/\\\/www.eldigitaldeasturias.com\\\/noticias\\\/category\\\/actualidad\\\/#listItem\",\"name\":\"Actualidad\"}},{\"@type\":\"ListItem\",\"@id\":\"https:\\\/\\\/www.eldigitaldeasturias.com\\\/noticias\\\/category\\\/actualidad\\\/#listItem\",\"position\":2,\"name\":\"Actualidad\",\"item\":\"https:\\\/\\\/www.eldigitaldeasturias.com\\\/noticias\\\/category\\\/actualidad\\\/\",\"nextItem\":{\"@type\":\"ListItem\",\"@id\":\"https:\\\/\\\/www.eldigitaldeasturias.com\\\/noticias\\\/oliver-y-martin-no-descartan-apear-al-real-madrid-en-su-regreso-a-la-copa\\\/#listItem\",\"name\":\"Oliver y Mart\\u00edn no descartan apear al Real Madrid en su regreso a la Copa\"},\"previousItem\":{\"@type\":\"ListItem\",\"@id\":\"https:\\\/\\\/www.eldigitaldeasturias.com\\\/noticias#listItem\",\"name\":\"Home\"}},{\"@type\":\"ListItem\",\"@id\":\"https:\\\/\\\/www.eldigitaldeasturias.com\\\/noticias\\\/oliver-y-martin-no-descartan-apear-al-real-madrid-en-su-regreso-a-la-copa\\\/#listItem\",\"position\":3,\"name\":\"Oliver y Mart\\u00edn no descartan apear al Real Madrid en su regreso a la Copa\",\"previousItem\":{\"@type\":\"ListItem\",\"@id\":\"https:\\\/\\\/www.eldigitaldeasturias.com\\\/noticias\\\/category\\\/actualidad\\\/#listItem\",\"name\":\"Actualidad\"}}]},{\"@type\":\"Organization\",\"@id\":\"https:\\\/\\\/www.eldigitaldeasturias.com\\\/noticias\\\/#organization\",\"name\":\"El Digital de Asturias\",\"description\":\"Hemeroteca\",\"url\":\"https:\\\/\\\/www.eldigitaldeasturias.com\\\/noticias\\\/\",\"email\":\"info@eldigitaldeasturias.com\",\"telephone\":\"+34652131393\",\"logo\":{\"@type\":\"ImageObject\",\"url\":\"https:\\\/\\\/www.eldigitaldeasturias.com\\\/noticias\\\/wp-content\\\/uploads\\\/2020\\\/12\\\/EDA.jpg\",\"@id\":\"https:\\\/\\\/www.eldigitaldeasturias.com\\\/noticias\\\/oliver-y-martin-no-descartan-apear-al-real-madrid-en-su-regreso-a-la-copa\\\/#organizationLogo\"},\"image\":{\"@id\":\"https:\\\/\\\/www.eldigitaldeasturias.com\\\/noticias\\\/oliver-y-martin-no-descartan-apear-al-real-madrid-en-su-regreso-a-la-copa\\\/#organizationLogo\"},\"sameAs\":[\"https:\\\/\\\/facebook.com\\\/eldigitaldeasturias\",\"https:\\\/\\\/www.youtube.com\\\/channel\\\/UCZP-2wLEB9Rv6erhFmqVnvg\"],\"address\":{\"@id\":\"https:\\\/\\\/www.eldigitaldeasturias.com\\\/noticias\\\/#postaladdress\",\"@type\":\"PostalAddress\",\"streetAddress\":\"san antonio 4\",\"postalCode\":\"33430\",\"addressLocality\":\"Cand\\u00e1s\",\"addressRegion\":\"Asturias\",\"addressCountry\":\"ES\"}},{\"@type\":\"Person\",\"@id\":\"https:\\\/\\\/www.eldigitaldeasturias.com\\\/noticias\\\/author\\\/admin\\\/#author\",\"url\":\"https:\\\/\\\/www.eldigitaldeasturias.com\\\/noticias\\\/author\\\/admin\\\/\",\"name\":\"El Digital de Asturias\",\"image\":{\"@type\":\"ImageObject\",\"@id\":\"https:\\\/\\\/www.eldigitaldeasturias.com\\\/noticias\\\/oliver-y-martin-no-descartan-apear-al-real-madrid-en-su-regreso-a-la-copa\\\/#authorImage\",\"url\":\"https:\\\/\\\/secure.gravatar.com\\\/avatar\\\/df2aeffc32bcd13f8d26072ef8a91b623d677766deac7f97ca815868cd41bf5e?s=96&d=mm&r=g\",\"width\":96,\"height\":96,\"caption\":\"El Digital de Asturias\"}},{\"@type\":\"WebPage\",\"@id\":\"https:\\\/\\\/www.eldigitaldeasturias.com\\\/noticias\\\/oliver-y-martin-no-descartan-apear-al-real-madrid-en-su-regreso-a-la-copa\\\/#webpage\",\"url\":\"https:\\\/\\\/www.eldigitaldeasturias.com\\\/noticias\\\/oliver-y-martin-no-descartan-apear-al-real-madrid-en-su-regreso-a-la-copa\\\/\",\"name\":\"Oliver y Mart\\u00edn no descartan apear al Real Madrid en su regreso a la Copa - El Digital de Asturias\",\"description\":\"Las Palmas de Gran Canaria, 5 feb (EFE).- El base Albert Oliver y el p\\u00edvot Nacho Mart\\u00edn, \\u00faltimos refuerzos del Herbalife Gran Canaria, se reencontrar\\u00e1n con la Copa del Rey de baloncesto este jueves en M\\u00e1laga, donde no descartan ganar al gran favorito de todas las quinielas, el Real Madrid, l\\u00edder invicto de la Liga\",\"inLanguage\":\"es-ES\",\"isPartOf\":{\"@id\":\"https:\\\/\\\/www.eldigitaldeasturias.com\\\/noticias\\\/#website\"},\"breadcrumb\":{\"@id\":\"https:\\\/\\\/www.eldigitaldeasturias.com\\\/noticias\\\/oliver-y-martin-no-descartan-apear-al-real-madrid-en-su-regreso-a-la-copa\\\/#breadcrumblist\"},\"author\":{\"@id\":\"https:\\\/\\\/www.eldigitaldeasturias.com\\\/noticias\\\/author\\\/admin\\\/#author\"},\"creator\":{\"@id\":\"https:\\\/\\\/www.eldigitaldeasturias.com\\\/noticias\\\/author\\\/admin\\\/#author\"},\"image\":{\"@type\":\"ImageObject\",\"url\":484477,\"@id\":\"https:\\\/\\\/www.eldigitaldeasturias.com\\\/noticias\\\/oliver-y-martin-no-descartan-apear-al-real-madrid-en-su-regreso-a-la-copa\\\/#mainImage\"},\"primaryImageOfPage\":{\"@id\":\"https:\\\/\\\/www.eldigitaldeasturias.com\\\/noticias\\\/oliver-y-martin-no-descartan-apear-al-real-madrid-en-su-regreso-a-la-copa\\\/#mainImage\"},\"datePublished\":\"2014-02-06T00:46:39+01:00\",\"dateModified\":\"2014-02-06T00:46:39+01:00\"},{\"@type\":\"WebSite\",\"@id\":\"https:\\\/\\\/www.eldigitaldeasturias.com\\\/noticias\\\/#website\",\"url\":\"https:\\\/\\\/www.eldigitaldeasturias.com\\\/noticias\\\/\",\"name\":\"El Digital de Asturias - Diario de actualidad y noticias\",\"alternateName\":\"El Digital de Asturias - Diario de actualidad y noticias\",\"description\":\"Hemeroteca\",\"inLanguage\":\"es-ES\",\"publisher\":{\"@id\":\"https:\\\/\\\/www.eldigitaldeasturias.com\\\/noticias\\\/#organization\"}}]}\n\t\t<\/script>\n\t\t<!-- All in One SEO Pro -->\r\n\t\t<title>Oliver y Mart\u00edn no descartan apear al Real Madrid en su regreso a la Copa - El Digital de Asturias<\/title>\n\n","aioseo_head_json":{"title":"Oliver y Mart\u00edn no descartan apear al Real Madrid en su regreso a la Copa - El Digital de Asturias","description":"Las Palmas de Gran Canaria, 5 feb (EFE).- El base Albert Oliver y el p\u00edvot Nacho Mart\u00edn, \u00faltimos refuerzos del Herbalife Gran Canaria, se reencontrar\u00e1n con la Copa del Rey de baloncesto este jueves en M\u00e1laga, donde no descartan ganar al gran favorito de todas las quinielas, el Real Madrid, l\u00edder invicto de la Liga","canonical_url":"https:\/\/www.eldigitaldeasturias.com\/noticias\/oliver-y-martin-no-descartan-apear-al-real-madrid-en-su-regreso-a-la-copa\/","robots":"max-image-preview:large","keywords":"actualidad","webmasterTools":{"google-site-verification":"UA-38556648-1","msvalidate.01":"7dfe9f3f1b24437ab69f4f2559babe99","miscellaneous":""},"schema":{"@context":"https:\/\/schema.org","@graph":[{"@type":"BlogPosting","@id":"https:\/\/www.eldigitaldeasturias.com\/noticias\/oliver-y-martin-no-descartan-apear-al-real-madrid-en-su-regreso-a-la-copa\/#blogposting","name":"Oliver y Mart\u00edn no descartan apear al Real Madrid en su regreso a la Copa - El Digital de Asturias","headline":"Oliver y Mart\u00edn no descartan apear al Real Madrid en su regreso a la Copa","author":{"@id":"https:\/\/www.eldigitaldeasturias.com\/noticias\/author\/admin\/#author"},"publisher":{"@id":"https:\/\/www.eldigitaldeasturias.com\/noticias\/#organization"},"image":{"@type":"ImageObject","url":484477},"datePublished":"2014-02-06T00:46:39+01:00","dateModified":"2014-02-06T00:46:39+01:00","inLanguage":"es-ES","mainEntityOfPage":{"@id":"https:\/\/www.eldigitaldeasturias.com\/noticias\/oliver-y-martin-no-descartan-apear-al-real-madrid-en-su-regreso-a-la-copa\/#webpage"},"isPartOf":{"@id":"https:\/\/www.eldigitaldeasturias.com\/noticias\/oliver-y-martin-no-descartan-apear-al-real-madrid-en-su-regreso-a-la-copa\/#webpage"},"articleSection":"Actualidad"},{"@type":"BreadcrumbList","@id":"https:\/\/www.eldigitaldeasturias.com\/noticias\/oliver-y-martin-no-descartan-apear-al-real-madrid-en-su-regreso-a-la-copa\/#breadcrumblist","itemListElement":[{"@type":"ListItem","@id":"https:\/\/www.eldigitaldeasturias.com\/noticias#listItem","position":1,"name":"Home","item":"https:\/\/www.eldigitaldeasturias.com\/noticias","nextItem":{"@type":"ListItem","@id":"https:\/\/www.eldigitaldeasturias.com\/noticias\/category\/actualidad\/#listItem","name":"Actualidad"}},{"@type":"ListItem","@id":"https:\/\/www.eldigitaldeasturias.com\/noticias\/category\/actualidad\/#listItem","position":2,"name":"Actualidad","item":"https:\/\/www.eldigitaldeasturias.com\/noticias\/category\/actualidad\/","nextItem":{"@type":"ListItem","@id":"https:\/\/www.eldigitaldeasturias.com\/noticias\/oliver-y-martin-no-descartan-apear-al-real-madrid-en-su-regreso-a-la-copa\/#listItem","name":"Oliver y Mart\u00edn no descartan apear al Real Madrid en su regreso a la Copa"},"previousItem":{"@type":"ListItem","@id":"https:\/\/www.eldigitaldeasturias.com\/noticias#listItem","name":"Home"}},{"@type":"ListItem","@id":"https:\/\/www.eldigitaldeasturias.com\/noticias\/oliver-y-martin-no-descartan-apear-al-real-madrid-en-su-regreso-a-la-copa\/#listItem","position":3,"name":"Oliver y Mart\u00edn no descartan apear al Real Madrid en su regreso a la Copa","previousItem":{"@type":"ListItem","@id":"https:\/\/www.eldigitaldeasturias.com\/noticias\/category\/actualidad\/#listItem","name":"Actualidad"}}]},{"@type":"Organization","@id":"https:\/\/www.eldigitaldeasturias.com\/noticias\/#organization","name":"El Digital de Asturias","description":"Hemeroteca","url":"https:\/\/www.eldigitaldeasturias.com\/noticias\/","email":"info@eldigitaldeasturias.com","telephone":"+34652131393","logo":{"@type":"ImageObject","url":"https:\/\/www.eldigitaldeasturias.com\/noticias\/wp-content\/uploads\/2020\/12\/EDA.jpg","@id":"https:\/\/www.eldigitaldeasturias.com\/noticias\/oliver-y-martin-no-descartan-apear-al-real-madrid-en-su-regreso-a-la-copa\/#organizationLogo"},"image":{"@id":"https:\/\/www.eldigitaldeasturias.com\/noticias\/oliver-y-martin-no-descartan-apear-al-real-madrid-en-su-regreso-a-la-copa\/#organizationLogo"},"sameAs":["https:\/\/facebook.com\/eldigitaldeasturias","https:\/\/www.youtube.com\/channel\/UCZP-2wLEB9Rv6erhFmqVnvg"],"address":{"@id":"https:\/\/www.eldigitaldeasturias.com\/noticias\/#postaladdress","@type":"PostalAddress","streetAddress":"san antonio 4","postalCode":"33430","addressLocality":"Cand\u00e1s","addressRegion":"Asturias","addressCountry":"ES"}},{"@type":"Person","@id":"https:\/\/www.eldigitaldeasturias.com\/noticias\/author\/admin\/#author","url":"https:\/\/www.eldigitaldeasturias.com\/noticias\/author\/admin\/","name":"El Digital de Asturias","image":{"@type":"ImageObject","@id":"https:\/\/www.eldigitaldeasturias.com\/noticias\/oliver-y-martin-no-descartan-apear-al-real-madrid-en-su-regreso-a-la-copa\/#authorImage","url":"https:\/\/secure.gravatar.com\/avatar\/df2aeffc32bcd13f8d26072ef8a91b623d677766deac7f97ca815868cd41bf5e?s=96&d=mm&r=g","width":96,"height":96,"caption":"El Digital de Asturias"}},{"@type":"WebPage","@id":"https:\/\/www.eldigitaldeasturias.com\/noticias\/oliver-y-martin-no-descartan-apear-al-real-madrid-en-su-regreso-a-la-copa\/#webpage","url":"https:\/\/www.eldigitaldeasturias.com\/noticias\/oliver-y-martin-no-descartan-apear-al-real-madrid-en-su-regreso-a-la-copa\/","name":"Oliver y Mart\u00edn no descartan apear al Real Madrid en su regreso a la Copa - El Digital de Asturias","description":"Las Palmas de Gran Canaria, 5 feb (EFE).- El base Albert Oliver y el p\u00edvot Nacho Mart\u00edn, \u00faltimos refuerzos del Herbalife Gran Canaria, se reencontrar\u00e1n con la Copa del Rey de baloncesto este jueves en M\u00e1laga, donde no descartan ganar al gran favorito de todas las quinielas, el Real Madrid, l\u00edder invicto de la Liga","inLanguage":"es-ES","isPartOf":{"@id":"https:\/\/www.eldigitaldeasturias.com\/noticias\/#website"},"breadcrumb":{"@id":"https:\/\/www.eldigitaldeasturias.com\/noticias\/oliver-y-martin-no-descartan-apear-al-real-madrid-en-su-regreso-a-la-copa\/#breadcrumblist"},"author":{"@id":"https:\/\/www.eldigitaldeasturias.com\/noticias\/author\/admin\/#author"},"creator":{"@id":"https:\/\/www.eldigitaldeasturias.com\/noticias\/author\/admin\/#author"},"image":{"@type":"ImageObject","url":484477,"@id":"https:\/\/www.eldigitaldeasturias.com\/noticias\/oliver-y-martin-no-descartan-apear-al-real-madrid-en-su-regreso-a-la-copa\/#mainImage"},"primaryImageOfPage":{"@id":"https:\/\/www.eldigitaldeasturias.com\/noticias\/oliver-y-martin-no-descartan-apear-al-real-madrid-en-su-regreso-a-la-copa\/#mainImage"},"datePublished":"2014-02-06T00:46:39+01:00","dateModified":"2014-02-06T00:46:39+01:00"},{"@type":"WebSite","@id":"https:\/\/www.eldigitaldeasturias.com\/noticias\/#website","url":"https:\/\/www.eldigitaldeasturias.com\/noticias\/","name":"El Digital de Asturias - Diario de actualidad y noticias","alternateName":"El Digital de Asturias - Diario de actualidad y noticias","description":"Hemeroteca","inLanguage":"es-ES","publisher":{"@id":"https:\/\/www.eldigitaldeasturias.com\/noticias\/#organization"}}]},"og:locale":"es_ES","og:site_name":"El Digital de Asturias","og:type":"article","og:title":"Oliver y Mart\u00edn no descartan apear al Real Madrid en su regreso a la Copa - El Digital de Asturias","og:description":"Las Palmas de Gran Canaria, 5 feb (EFE).- El base Albert Oliver y el p\u00edvot Nacho Mart\u00edn, \u00faltimos refuerzos del Herbalife Gran Canaria, se reencontrar\u00e1n con la Copa del Rey de baloncesto este jueves en M\u00e1laga, donde no descartan ganar al gran favorito de todas las quinielas, el Real Madrid, l\u00edder invicto de la Liga","og:url":"https:\/\/www.eldigitaldeasturias.com\/noticias\/oliver-y-martin-no-descartan-apear-al-real-madrid-en-su-regreso-a-la-copa\/","article:tag":["actualidad"],"article:published_time":"2014-02-06T01:46:39+00:00","article:modified_time":"2014-02-06T01:46:39+00:00","article:publisher":"https:\/\/facebook.com\/eldigitaldeasturias","twitter:card":"summary_large_image","twitter:title":"Oliver y Mart\u00edn no descartan apear al Real Madrid en su regreso a la Copa - El Digital de Asturias","twitter:description":"Las Palmas de Gran Canaria, 5 feb (EFE).- El base Albert Oliver y el p\u00edvot Nacho Mart\u00edn, \u00faltimos refuerzos del Herbalife Gran Canaria, se reencontrar\u00e1n con la Copa del Rey de baloncesto este jueves en M\u00e1laga, donde no descartan ganar al gran favorito de todas las quinielas, el Real Madrid, l\u00edder invicto de la Liga","twitter:label1":"Escrito por","twitter:data1":"El Digital de Asturias","twitter:label2":"Tiempo de lectura estimado","twitter:data2":"3 minutos"},"aioseo_meta_data":{"post_id":"484476","title":null,"description":null,"keywords":null,"keyphrases":null,"primary_term":null,"canonical_url":null,"og_title":null,"og_description":null,"og_object_type":"default","og_image_type":"default","og_image_url":null,"og_image_width":null,"og_image_height":null,"og_image_custom_url":null,"og_image_custom_fields":null,"og_video":null,"og_custom_url":null,"og_article_section":null,"og_article_tags":null,"twitter_use_og":true,"twitter_card":"default","twitter_image_type":"default","twitter_image_url":null,"twitter_image_custom_url":null,"twitter_image_custom_fields":null,"twitter_title":null,"twitter_description":null,"schema":{"blockGraphs":[],"customGraphs":[],"default":{"data":{"Article":[],"Course":[],"Dataset":[],"FAQPage":[],"Movie":[],"Person":[],"Product":[],"ProductReview":[],"Car":[],"Recipe":[],"Service":[],"SoftwareApplication":[],"WebPage":[]},"graphName":"","isEnabled":true},"graphs":[],"defaultGraph":"","defaultPostTypeGraph":""},"schema_type":null,"schema_type_options":null,"pillar_content":false,"robots_default":true,"robots_noindex":false,"robots_noarchive":false,"robots_nosnippet":false,"robots_nofollow":false,"robots_noimageindex":false,"robots_noodp":false,"robots_notranslate":false,"robots_max_snippet":null,"robots_max_videopreview":null,"robots_max_imagepreview":"none","priority":null,"frequency":null,"local_seo":null,"seo_analyzer_scan_date":"2026-06-02 15:56:56","breadcrumb_settings":null,"limit_modified_date":false,"open_ai":null,"ai":null,"created":"2020-11-14 22:55:04","updated":"2026-06-02 15:56:56","focus_keyword":null,"additional_keywords":null,"truseo_locale":null},"aioseo_breadcrumb":"<div class=\"aioseo-breadcrumbs\"><span class=\"aioseo-breadcrumb\">\n\t<a href=\"https:\/\/www.eldigitaldeasturias.com\/noticias\" title=\"Home\">Home<\/a>\n<\/span><span class=\"aioseo-breadcrumb-separator\">\u2013<\/span><span class=\"aioseo-breadcrumb\">\n\t<a href=\"https:\/\/www.eldigitaldeasturias.com\/noticias\/category\/actualidad\/\" title=\"Actualidad\">Actualidad<\/a>\n<\/span><span class=\"aioseo-breadcrumb-separator\">\u2013<\/span><span class=\"aioseo-breadcrumb\">\n\t<a href=\"https:\/\/www.eldigitaldeasturias.com\/noticias\/oliver-y-martin-no-descartan-apear-al-real-madrid-en-su-regreso-a-la-copa\/\" title=\"Oliver y Mart\u00edn no descartan apear al Real Madrid en su regreso a la Copa\">Oliver y Mart\u00edn no descartan apear al Real Madrid en su regreso a la Copa<\/a>\n<\/span><\/div>","aioseo_breadcrumb_json":[{"label":"Home","link":"https:\/\/www.eldigitaldeasturias.com\/noticias"},{"label":"Actualidad","link":"https:\/\/www.eldigitaldeasturias.com\/noticias\/category\/actualidad\/"},{"label":"Oliver y Mart\u00edn no descartan apear al Real Madrid en su regreso a la Copa","link":"https:\/\/www.eldigitaldeasturias.com\/noticias\/oliver-y-martin-no-descartan-apear-al-real-madrid-en-su-regreso-a-la-copa\/"}],"_links":{"self":[{"href":"https:\/\/www.eldigitaldeasturias.com\/noticias\/wp-json\/wp\/v2\/posts\/484476","targetHints":{"allow":["GET"]}}],"collection":[{"href":"https:\/\/www.eldigitaldeasturias.com\/noticias\/wp-json\/wp\/v2\/posts"}],"about":[{"href":"https:\/\/www.eldigitaldeasturias.com\/noticias\/wp-json\/wp\/v2\/types\/post"}],"author":[{"embeddable":true,"href":"https:\/\/www.eldigitaldeasturias.com\/noticias\/wp-json\/wp\/v2\/users\/1"}],"replies":[{"embeddable":true,"href":"https:\/\/www.eldigitaldeasturias.com\/noticias\/wp-json\/wp\/v2\/comments?post=484476"}],"version-history":[{"count":0,"href":"https:\/\/www.eldigitaldeasturias.com\/noticias\/wp-json\/wp\/v2\/posts\/484476\/revisions"}],"wp:attachment":[{"href":"https:\/\/www.eldigitaldeasturias.com\/noticias\/wp-json\/wp\/v2\/media?parent=484476"}],"wp:term":[{"taxonomy":"category","embeddable":true,"href":"https:\/\/www.eldigitaldeasturias.com\/noticias\/wp-json\/wp\/v2\/categories?post=484476"},{"taxonomy":"post_tag","embeddable":true,"href":"https:\/\/www.eldigitaldeasturias.com\/noticias\/wp-json\/wp\/v2\/tags?post=484476"}],"curies":[{"name":"wp","href":"https:\/\/api.w.org\/{rel}","templated":true}]}}