{"id":484470,"date":"2014-02-06T00:44:55","date_gmt":"2014-02-06T01:44:55","guid":{"rendered":"http:\/\/www.eldigitaldeasturias.com\/noticias\/?p=484470"},"modified":"2014-02-06T00:44:55","modified_gmt":"2014-02-06T01:44:55","slug":"latinoamerica-exhibe-sus-productos-fruticolas-en-la-fruit-logistica-de-berlin","status":"publish","type":"post","link":"https:\/\/www.eldigitaldeasturias.com\/noticias\/latinoamerica-exhibe-sus-productos-fruticolas-en-la-fruit-logistica-de-berlin\/","title":{"rendered":"Latinoam\u00e9rica exhibe sus productos frut\u00edcolas en la Fruit Logistica de Berl\u00edn"},"content":{"rendered":"<p><img loading=\"lazy\" decoding=\"async\" class=\"alignleft size-medium wp-image-484471\" alt=\"5913509w\" src=\"https:\/\/www.eldigitaldeasturias.com\/noticias\/wp-content\/uploads\/2014\/02\/5913509w-360x239.jpg\" width=\"360\" height=\"239\" \/>Berl\u00edn, 5 feb (EFE).- Argentina es el pa\u00eds invitado este a\u00f1o a la feria de frutas y verduras Fruit Logistica, el mayor sal\u00f3n europeo del sector, que fue inaugurada en la capital alemana con una notable presencia latinoamericana.<\/p>\n<p>El pabell\u00f3n argentino aglutina a m\u00e1s de 50 empresas del pa\u00eds sudamericano en un estand de 840 metros cuadrados, una iniciativa conjunta de la Fundaci\u00f3n ExportAr y el Consejo Federal de Inversiones (CFI)<\/p>\n<p>El pa\u00eds ha desembarcado en una muestra en la que participa desde el a\u00f1o 2000 y que constituye la feria hortofrut\u00edcola m\u00e1s importante de Europa, el principal socio comercial de Argentina al ser el destino del 32 por ciento de sus exportaciones, seguido de Brasil con el 28 por ciento, Rusia con el 12 %, y Estados Unidos con el 7 por ciento.<\/p>\n<p>Fruto de esta actividad comercial exterior son los 1.700 millones de d\u00f3lares de volumen de negocio al a\u00f1o, generados por los 1.900 millones de toneladas frutas y hortalizas que se exportan a m\u00e1s de 100 pa\u00edses en todo el mundo.<\/p>\n<p>Adem\u00e1s de Argentina, Fruit Logistica re\u00fane hasta el viernes en Berl\u00edn a una amplia representaci\u00f3n de pa\u00edses latinoamericanos.<\/p>\n<p>Esta ma\u00f1ana el embajador de Chile en Alemania, Jorge O&#8217;Ryan; junto a los representantes diplom\u00e1ticos de Per\u00fa, Jos\u00e9 Antonio Meier; de Colombia, Juan Mayr; y de M\u00e9xico, Patricia Espinosa, inauguraron conjuntamente los pabellones de los pa\u00edses miembros de la Alianza del Pac\u00edfico.<\/p>\n<p>En un comunicado de prensa, el embajador chileno destac\u00f3 la importancia que Fruit Logistica, \u00abel evento m\u00e1s importante de Europa en el mercado de exportaciones de frutas\u00bb, tiene en \u00abla proyecci\u00f3n de los productos chilenos a nuevos mercados\u00bb.<\/p>\n<p>Por su parte, M\u00e9xico present\u00f3 53 empresas que llevan al pa\u00eds germano productos como fresas, ar\u00e1ndanos, cebolla toronja o aguacate, cuyo mayor productor mundial es el pa\u00eds norteamericano.<\/p>\n<p>El embajador colombiano, Mayr, subray\u00f3 la relevancia de Alemania como uno de los principales compradores de fruta provenientes de este pa\u00eds, as\u00ed como la capacidad de las naciones de la Alianza del Pac\u00edfico de abastecer de productos complementarios al mercado europeo.<\/p>\n<p>Por \u00faltimo, Per\u00fa est\u00e1 representado por 29 expositores que ofrecen productos hort\u00edcolas t\u00edpicos como esp\u00e1rragos, aguacate hass o mangos.<\/p>\n<p>El embajador de Per\u00fa valor\u00f3 la ventaja que representa que \u00abM\u00e9xico, Colombia, Chile y el Per\u00fa\u00bb puedan trabajar como uno s\u00f3lo en la exportaci\u00f3n y promoci\u00f3n de sus productos.<\/p>\n<p>Fruit Logistica espera reunir hasta el pr\u00f3ximo d\u00eda 7 de febrero a m\u00e1s de 58.000 visitantes profesionales provenientes de 120 pa\u00edses que podr\u00e1n visitar m\u00e1s de 2.600 expositores de 84 pa\u00edses de todo el planeta.<\/p>\n","protected":false},"excerpt":{"rendered":"<p>Berl\u00edn, 5 feb (EFE).- Argentina es el pa\u00eds invitado este a\u00f1o a la feria de frutas y verduras Fruit Logistica, el mayor sal\u00f3n europeo del sector, que fue inaugurada en la capital alemana con una notable presencia latinoamericana. El pabell\u00f3n argentino aglutina a m\u00e1s de 50 empresas del pa\u00eds sudamericano en un estand de 840 [&hellip;]<\/p>\n","protected":false},"author":1,"featured_media":484471,"comment_status":"closed","ping_status":"open","sticky":false,"template":"","format":"standard","meta":{"footnotes":""},"categories":[1],"tags":[],"class_list":["post-484470","post","type-post","status-publish","format-standard","has-post-thumbnail","hentry","category-actualidad"],"aioseo_notices":[],"aioseo_head":"\n\t\t<!-- All in One SEO Pro 5.0.1 - aioseo.com -->\n\t<meta name=\"description\" content=\"Berl\u00edn, 5 feb (EFE).- Argentina es el pa\u00eds invitado este a\u00f1o a la feria de frutas y verduras Fruit Logistica, el mayor sal\u00f3n europeo del sector, que fue inaugurada en la capital alemana con una notable presencia latinoamericana. El pabell\u00f3n argentino aglutina a m\u00e1s de 50 empresas del pa\u00eds sudamericano en un estand de 840\" \/>\n\t<meta name=\"robots\" content=\"max-image-preview:large\" \/>\n\t<meta name=\"author\" content=\"El Digital de Asturias\"\/>\n\t<meta name=\"google-site-verification\" content=\"UA-38556648-1\" \/>\n\t<meta name=\"msvalidate.01\" content=\"7dfe9f3f1b24437ab69f4f2559babe99\" \/>\n\t<meta name=\"keywords\" content=\"actualidad\" \/>\n\t<link rel=\"canonical\" href=\"https:\/\/www.eldigitaldeasturias.com\/noticias\/latinoamerica-exhibe-sus-productos-fruticolas-en-la-fruit-logistica-de-berlin\/\" \/>\n\t<meta name=\"generator\" content=\"All in One SEO Pro (AIOSEO) 5.0.1\" \/>\n\t\t<meta property=\"og:locale\" content=\"es_ES\" \/>\n\t\t<meta property=\"og:site_name\" content=\"El Digital de Asturias\" \/>\n\t\t<meta property=\"og:type\" content=\"article\" \/>\n\t\t<meta property=\"og:title\" content=\"Latinoam\u00e9rica exhibe sus productos frut\u00edcolas en la Fruit Logistica de Berl\u00edn - El Digital de Asturias\" \/>\n\t\t<meta property=\"og:description\" content=\"Berl\u00edn, 5 feb (EFE).- Argentina es el pa\u00eds invitado este a\u00f1o a la feria de frutas y verduras Fruit Logistica, el mayor sal\u00f3n europeo del sector, que fue inaugurada en la capital alemana con una notable presencia latinoamericana. El pabell\u00f3n argentino aglutina a m\u00e1s de 50 empresas del pa\u00eds sudamericano en un estand de 840\" \/>\n\t\t<meta property=\"og:url\" content=\"https:\/\/www.eldigitaldeasturias.com\/noticias\/latinoamerica-exhibe-sus-productos-fruticolas-en-la-fruit-logistica-de-berlin\/\" \/>\n\t\t<meta property=\"article:tag\" content=\"actualidad\" \/>\n\t\t<meta property=\"article:published_time\" content=\"2014-02-06T01:44:55+00:00\" \/>\n\t\t<meta property=\"article:modified_time\" content=\"2014-02-06T01:44:55+00:00\" \/>\n\t\t<meta property=\"article:publisher\" content=\"https:\/\/facebook.com\/eldigitaldeasturias\" \/>\n\t\t<meta name=\"twitter:card\" content=\"summary_large_image\" \/>\n\t\t<meta name=\"twitter:title\" content=\"Latinoam\u00e9rica exhibe sus productos frut\u00edcolas en la Fruit Logistica de Berl\u00edn - El Digital de Asturias\" \/>\n\t\t<meta name=\"twitter:description\" content=\"Berl\u00edn, 5 feb (EFE).- Argentina es el pa\u00eds invitado este a\u00f1o a la feria de frutas y verduras Fruit Logistica, el mayor sal\u00f3n europeo del sector, que fue inaugurada en la capital alemana con una notable presencia latinoamericana. El pabell\u00f3n argentino aglutina a m\u00e1s de 50 empresas del pa\u00eds sudamericano en un estand de 840\" \/>\n\t\t<meta name=\"twitter:label1\" content=\"Escrito por\" \/>\n\t\t<meta name=\"twitter:data1\" content=\"El Digital de Asturias\" \/>\n\t\t<meta name=\"twitter:label2\" content=\"Tiempo de lectura estimado\" \/>\n\t\t<meta name=\"twitter:data2\" content=\"2 minutos\" \/>\n\t\t<script type=\"application\/ld+json\" class=\"aioseo-schema\">\n\t\t\t{\"@context\":\"https:\\\/\\\/schema.org\",\"@graph\":[{\"@type\":\"BlogPosting\",\"@id\":\"https:\\\/\\\/www.eldigitaldeasturias.com\\\/noticias\\\/latinoamerica-exhibe-sus-productos-fruticolas-en-la-fruit-logistica-de-berlin\\\/#blogposting\",\"name\":\"Latinoam\\u00e9rica exhibe sus productos frut\\u00edcolas en la Fruit Logistica de Berl\\u00edn - El Digital de Asturias\",\"headline\":\"Latinoam\\u00e9rica exhibe sus productos frut\\u00edcolas en la Fruit Logistica de Berl\\u00edn\",\"author\":{\"@id\":\"https:\\\/\\\/www.eldigitaldeasturias.com\\\/noticias\\\/author\\\/admin\\\/#author\"},\"publisher\":{\"@id\":\"https:\\\/\\\/www.eldigitaldeasturias.com\\\/noticias\\\/#organization\"},\"image\":{\"@type\":\"ImageObject\",\"url\":484471},\"datePublished\":\"2014-02-06T00:44:55+01:00\",\"dateModified\":\"2014-02-06T00:44:55+01:00\",\"inLanguage\":\"es-ES\",\"mainEntityOfPage\":{\"@id\":\"https:\\\/\\\/www.eldigitaldeasturias.com\\\/noticias\\\/latinoamerica-exhibe-sus-productos-fruticolas-en-la-fruit-logistica-de-berlin\\\/#webpage\"},\"isPartOf\":{\"@id\":\"https:\\\/\\\/www.eldigitaldeasturias.com\\\/noticias\\\/latinoamerica-exhibe-sus-productos-fruticolas-en-la-fruit-logistica-de-berlin\\\/#webpage\"},\"articleSection\":\"Actualidad\"},{\"@type\":\"BreadcrumbList\",\"@id\":\"https:\\\/\\\/www.eldigitaldeasturias.com\\\/noticias\\\/latinoamerica-exhibe-sus-productos-fruticolas-en-la-fruit-logistica-de-berlin\\\/#breadcrumblist\",\"itemListElement\":[{\"@type\":\"ListItem\",\"@id\":\"https:\\\/\\\/www.eldigitaldeasturias.com\\\/noticias#listItem\",\"position\":1,\"name\":\"Home\",\"item\":\"https:\\\/\\\/www.eldigitaldeasturias.com\\\/noticias\",\"nextItem\":{\"@type\":\"ListItem\",\"@id\":\"https:\\\/\\\/www.eldigitaldeasturias.com\\\/noticias\\\/category\\\/actualidad\\\/#listItem\",\"name\":\"Actualidad\"}},{\"@type\":\"ListItem\",\"@id\":\"https:\\\/\\\/www.eldigitaldeasturias.com\\\/noticias\\\/category\\\/actualidad\\\/#listItem\",\"position\":2,\"name\":\"Actualidad\",\"item\":\"https:\\\/\\\/www.eldigitaldeasturias.com\\\/noticias\\\/category\\\/actualidad\\\/\",\"nextItem\":{\"@type\":\"ListItem\",\"@id\":\"https:\\\/\\\/www.eldigitaldeasturias.com\\\/noticias\\\/latinoamerica-exhibe-sus-productos-fruticolas-en-la-fruit-logistica-de-berlin\\\/#listItem\",\"name\":\"Latinoam\\u00e9rica exhibe sus productos frut\\u00edcolas en la Fruit Logistica de Berl\\u00edn\"},\"previousItem\":{\"@type\":\"ListItem\",\"@id\":\"https:\\\/\\\/www.eldigitaldeasturias.com\\\/noticias#listItem\",\"name\":\"Home\"}},{\"@type\":\"ListItem\",\"@id\":\"https:\\\/\\\/www.eldigitaldeasturias.com\\\/noticias\\\/latinoamerica-exhibe-sus-productos-fruticolas-en-la-fruit-logistica-de-berlin\\\/#listItem\",\"position\":3,\"name\":\"Latinoam\\u00e9rica exhibe sus productos frut\\u00edcolas en la Fruit Logistica de Berl\\u00edn\",\"previousItem\":{\"@type\":\"ListItem\",\"@id\":\"https:\\\/\\\/www.eldigitaldeasturias.com\\\/noticias\\\/category\\\/actualidad\\\/#listItem\",\"name\":\"Actualidad\"}}]},{\"@type\":\"Organization\",\"@id\":\"https:\\\/\\\/www.eldigitaldeasturias.com\\\/noticias\\\/#organization\",\"name\":\"El Digital de Asturias\",\"description\":\"Hemeroteca\",\"url\":\"https:\\\/\\\/www.eldigitaldeasturias.com\\\/noticias\\\/\",\"email\":\"info@eldigitaldeasturias.com\",\"telephone\":\"+34652131393\",\"logo\":{\"@type\":\"ImageObject\",\"url\":\"https:\\\/\\\/www.eldigitaldeasturias.com\\\/noticias\\\/wp-content\\\/uploads\\\/2020\\\/12\\\/EDA.jpg\",\"@id\":\"https:\\\/\\\/www.eldigitaldeasturias.com\\\/noticias\\\/latinoamerica-exhibe-sus-productos-fruticolas-en-la-fruit-logistica-de-berlin\\\/#organizationLogo\"},\"image\":{\"@id\":\"https:\\\/\\\/www.eldigitaldeasturias.com\\\/noticias\\\/latinoamerica-exhibe-sus-productos-fruticolas-en-la-fruit-logistica-de-berlin\\\/#organizationLogo\"},\"sameAs\":[\"https:\\\/\\\/facebook.com\\\/eldigitaldeasturias\",\"https:\\\/\\\/www.youtube.com\\\/channel\\\/UCZP-2wLEB9Rv6erhFmqVnvg\"],\"address\":{\"@id\":\"https:\\\/\\\/www.eldigitaldeasturias.com\\\/noticias\\\/#postaladdress\",\"@type\":\"PostalAddress\",\"streetAddress\":\"san antonio 4\",\"postalCode\":\"33430\",\"addressLocality\":\"Cand\\u00e1s\",\"addressRegion\":\"Asturias\",\"addressCountry\":\"ES\"}},{\"@type\":\"Person\",\"@id\":\"https:\\\/\\\/www.eldigitaldeasturias.com\\\/noticias\\\/author\\\/admin\\\/#author\",\"url\":\"https:\\\/\\\/www.eldigitaldeasturias.com\\\/noticias\\\/author\\\/admin\\\/\",\"name\":\"El Digital de Asturias\",\"image\":{\"@type\":\"ImageObject\",\"@id\":\"https:\\\/\\\/www.eldigitaldeasturias.com\\\/noticias\\\/latinoamerica-exhibe-sus-productos-fruticolas-en-la-fruit-logistica-de-berlin\\\/#authorImage\",\"url\":\"https:\\\/\\\/secure.gravatar.com\\\/avatar\\\/df2aeffc32bcd13f8d26072ef8a91b623d677766deac7f97ca815868cd41bf5e?s=96&d=mm&r=g\",\"width\":96,\"height\":96,\"caption\":\"El Digital de Asturias\"}},{\"@type\":\"WebPage\",\"@id\":\"https:\\\/\\\/www.eldigitaldeasturias.com\\\/noticias\\\/latinoamerica-exhibe-sus-productos-fruticolas-en-la-fruit-logistica-de-berlin\\\/#webpage\",\"url\":\"https:\\\/\\\/www.eldigitaldeasturias.com\\\/noticias\\\/latinoamerica-exhibe-sus-productos-fruticolas-en-la-fruit-logistica-de-berlin\\\/\",\"name\":\"Latinoam\\u00e9rica exhibe sus productos frut\\u00edcolas en la Fruit Logistica de Berl\\u00edn - El Digital de Asturias\",\"description\":\"Berl\\u00edn, 5 feb (EFE).- Argentina es el pa\\u00eds invitado este a\\u00f1o a la feria de frutas y verduras Fruit Logistica, el mayor sal\\u00f3n europeo del sector, que fue inaugurada en la capital alemana con una notable presencia latinoamericana. El pabell\\u00f3n argentino aglutina a m\\u00e1s de 50 empresas del pa\\u00eds sudamericano en un estand de 840\",\"inLanguage\":\"es-ES\",\"isPartOf\":{\"@id\":\"https:\\\/\\\/www.eldigitaldeasturias.com\\\/noticias\\\/#website\"},\"breadcrumb\":{\"@id\":\"https:\\\/\\\/www.eldigitaldeasturias.com\\\/noticias\\\/latinoamerica-exhibe-sus-productos-fruticolas-en-la-fruit-logistica-de-berlin\\\/#breadcrumblist\"},\"author\":{\"@id\":\"https:\\\/\\\/www.eldigitaldeasturias.com\\\/noticias\\\/author\\\/admin\\\/#author\"},\"creator\":{\"@id\":\"https:\\\/\\\/www.eldigitaldeasturias.com\\\/noticias\\\/author\\\/admin\\\/#author\"},\"image\":{\"@type\":\"ImageObject\",\"url\":484471,\"@id\":\"https:\\\/\\\/www.eldigitaldeasturias.com\\\/noticias\\\/latinoamerica-exhibe-sus-productos-fruticolas-en-la-fruit-logistica-de-berlin\\\/#mainImage\"},\"primaryImageOfPage\":{\"@id\":\"https:\\\/\\\/www.eldigitaldeasturias.com\\\/noticias\\\/latinoamerica-exhibe-sus-productos-fruticolas-en-la-fruit-logistica-de-berlin\\\/#mainImage\"},\"datePublished\":\"2014-02-06T00:44:55+01:00\",\"dateModified\":\"2014-02-06T00:44:55+01:00\"},{\"@type\":\"WebSite\",\"@id\":\"https:\\\/\\\/www.eldigitaldeasturias.com\\\/noticias\\\/#website\",\"url\":\"https:\\\/\\\/www.eldigitaldeasturias.com\\\/noticias\\\/\",\"name\":\"El Digital de Asturias - Diario de actualidad y noticias\",\"alternateName\":\"El Digital de Asturias - Diario de actualidad y noticias\",\"description\":\"Hemeroteca\",\"inLanguage\":\"es-ES\",\"publisher\":{\"@id\":\"https:\\\/\\\/www.eldigitaldeasturias.com\\\/noticias\\\/#organization\"}}]}\n\t\t<\/script>\n\t\t<!-- All in One SEO Pro -->\r\n\t\t<title>Latinoam\u00e9rica exhibe sus productos frut\u00edcolas en la Fruit Logistica de Berl\u00edn - El Digital de Asturias<\/title>\n\n","aioseo_head_json":{"title":"Latinoam\u00e9rica exhibe sus productos frut\u00edcolas en la Fruit Logistica de Berl\u00edn - El Digital de Asturias","description":"Berl\u00edn, 5 feb (EFE).- Argentina es el pa\u00eds invitado este a\u00f1o a la feria de frutas y verduras Fruit Logistica, el mayor sal\u00f3n europeo del sector, que fue inaugurada en la capital alemana con una notable presencia latinoamericana. El pabell\u00f3n argentino aglutina a m\u00e1s de 50 empresas del pa\u00eds sudamericano en un estand de 840","canonical_url":"https:\/\/www.eldigitaldeasturias.com\/noticias\/latinoamerica-exhibe-sus-productos-fruticolas-en-la-fruit-logistica-de-berlin\/","robots":"max-image-preview:large","keywords":"actualidad","webmasterTools":{"google-site-verification":"UA-38556648-1","msvalidate.01":"7dfe9f3f1b24437ab69f4f2559babe99","miscellaneous":""},"schema":{"@context":"https:\/\/schema.org","@graph":[{"@type":"BlogPosting","@id":"https:\/\/www.eldigitaldeasturias.com\/noticias\/latinoamerica-exhibe-sus-productos-fruticolas-en-la-fruit-logistica-de-berlin\/#blogposting","name":"Latinoam\u00e9rica exhibe sus productos frut\u00edcolas en la Fruit Logistica de Berl\u00edn - El Digital de Asturias","headline":"Latinoam\u00e9rica exhibe sus productos frut\u00edcolas en la Fruit Logistica de Berl\u00edn","author":{"@id":"https:\/\/www.eldigitaldeasturias.com\/noticias\/author\/admin\/#author"},"publisher":{"@id":"https:\/\/www.eldigitaldeasturias.com\/noticias\/#organization"},"image":{"@type":"ImageObject","url":484471},"datePublished":"2014-02-06T00:44:55+01:00","dateModified":"2014-02-06T00:44:55+01:00","inLanguage":"es-ES","mainEntityOfPage":{"@id":"https:\/\/www.eldigitaldeasturias.com\/noticias\/latinoamerica-exhibe-sus-productos-fruticolas-en-la-fruit-logistica-de-berlin\/#webpage"},"isPartOf":{"@id":"https:\/\/www.eldigitaldeasturias.com\/noticias\/latinoamerica-exhibe-sus-productos-fruticolas-en-la-fruit-logistica-de-berlin\/#webpage"},"articleSection":"Actualidad"},{"@type":"BreadcrumbList","@id":"https:\/\/www.eldigitaldeasturias.com\/noticias\/latinoamerica-exhibe-sus-productos-fruticolas-en-la-fruit-logistica-de-berlin\/#breadcrumblist","itemListElement":[{"@type":"ListItem","@id":"https:\/\/www.eldigitaldeasturias.com\/noticias#listItem","position":1,"name":"Home","item":"https:\/\/www.eldigitaldeasturias.com\/noticias","nextItem":{"@type":"ListItem","@id":"https:\/\/www.eldigitaldeasturias.com\/noticias\/category\/actualidad\/#listItem","name":"Actualidad"}},{"@type":"ListItem","@id":"https:\/\/www.eldigitaldeasturias.com\/noticias\/category\/actualidad\/#listItem","position":2,"name":"Actualidad","item":"https:\/\/www.eldigitaldeasturias.com\/noticias\/category\/actualidad\/","nextItem":{"@type":"ListItem","@id":"https:\/\/www.eldigitaldeasturias.com\/noticias\/latinoamerica-exhibe-sus-productos-fruticolas-en-la-fruit-logistica-de-berlin\/#listItem","name":"Latinoam\u00e9rica exhibe sus productos frut\u00edcolas en la Fruit Logistica de Berl\u00edn"},"previousItem":{"@type":"ListItem","@id":"https:\/\/www.eldigitaldeasturias.com\/noticias#listItem","name":"Home"}},{"@type":"ListItem","@id":"https:\/\/www.eldigitaldeasturias.com\/noticias\/latinoamerica-exhibe-sus-productos-fruticolas-en-la-fruit-logistica-de-berlin\/#listItem","position":3,"name":"Latinoam\u00e9rica exhibe sus productos frut\u00edcolas en la Fruit Logistica de Berl\u00edn","previousItem":{"@type":"ListItem","@id":"https:\/\/www.eldigitaldeasturias.com\/noticias\/category\/actualidad\/#listItem","name":"Actualidad"}}]},{"@type":"Organization","@id":"https:\/\/www.eldigitaldeasturias.com\/noticias\/#organization","name":"El Digital de Asturias","description":"Hemeroteca","url":"https:\/\/www.eldigitaldeasturias.com\/noticias\/","email":"info@eldigitaldeasturias.com","telephone":"+34652131393","logo":{"@type":"ImageObject","url":"https:\/\/www.eldigitaldeasturias.com\/noticias\/wp-content\/uploads\/2020\/12\/EDA.jpg","@id":"https:\/\/www.eldigitaldeasturias.com\/noticias\/latinoamerica-exhibe-sus-productos-fruticolas-en-la-fruit-logistica-de-berlin\/#organizationLogo"},"image":{"@id":"https:\/\/www.eldigitaldeasturias.com\/noticias\/latinoamerica-exhibe-sus-productos-fruticolas-en-la-fruit-logistica-de-berlin\/#organizationLogo"},"sameAs":["https:\/\/facebook.com\/eldigitaldeasturias","https:\/\/www.youtube.com\/channel\/UCZP-2wLEB9Rv6erhFmqVnvg"],"address":{"@id":"https:\/\/www.eldigitaldeasturias.com\/noticias\/#postaladdress","@type":"PostalAddress","streetAddress":"san antonio 4","postalCode":"33430","addressLocality":"Cand\u00e1s","addressRegion":"Asturias","addressCountry":"ES"}},{"@type":"Person","@id":"https:\/\/www.eldigitaldeasturias.com\/noticias\/author\/admin\/#author","url":"https:\/\/www.eldigitaldeasturias.com\/noticias\/author\/admin\/","name":"El Digital de Asturias","image":{"@type":"ImageObject","@id":"https:\/\/www.eldigitaldeasturias.com\/noticias\/latinoamerica-exhibe-sus-productos-fruticolas-en-la-fruit-logistica-de-berlin\/#authorImage","url":"https:\/\/secure.gravatar.com\/avatar\/df2aeffc32bcd13f8d26072ef8a91b623d677766deac7f97ca815868cd41bf5e?s=96&d=mm&r=g","width":96,"height":96,"caption":"El Digital de Asturias"}},{"@type":"WebPage","@id":"https:\/\/www.eldigitaldeasturias.com\/noticias\/latinoamerica-exhibe-sus-productos-fruticolas-en-la-fruit-logistica-de-berlin\/#webpage","url":"https:\/\/www.eldigitaldeasturias.com\/noticias\/latinoamerica-exhibe-sus-productos-fruticolas-en-la-fruit-logistica-de-berlin\/","name":"Latinoam\u00e9rica exhibe sus productos frut\u00edcolas en la Fruit Logistica de Berl\u00edn - El Digital de Asturias","description":"Berl\u00edn, 5 feb (EFE).- Argentina es el pa\u00eds invitado este a\u00f1o a la feria de frutas y verduras Fruit Logistica, el mayor sal\u00f3n europeo del sector, que fue inaugurada en la capital alemana con una notable presencia latinoamericana. El pabell\u00f3n argentino aglutina a m\u00e1s de 50 empresas del pa\u00eds sudamericano en un estand de 840","inLanguage":"es-ES","isPartOf":{"@id":"https:\/\/www.eldigitaldeasturias.com\/noticias\/#website"},"breadcrumb":{"@id":"https:\/\/www.eldigitaldeasturias.com\/noticias\/latinoamerica-exhibe-sus-productos-fruticolas-en-la-fruit-logistica-de-berlin\/#breadcrumblist"},"author":{"@id":"https:\/\/www.eldigitaldeasturias.com\/noticias\/author\/admin\/#author"},"creator":{"@id":"https:\/\/www.eldigitaldeasturias.com\/noticias\/author\/admin\/#author"},"image":{"@type":"ImageObject","url":484471,"@id":"https:\/\/www.eldigitaldeasturias.com\/noticias\/latinoamerica-exhibe-sus-productos-fruticolas-en-la-fruit-logistica-de-berlin\/#mainImage"},"primaryImageOfPage":{"@id":"https:\/\/www.eldigitaldeasturias.com\/noticias\/latinoamerica-exhibe-sus-productos-fruticolas-en-la-fruit-logistica-de-berlin\/#mainImage"},"datePublished":"2014-02-06T00:44:55+01:00","dateModified":"2014-02-06T00:44:55+01:00"},{"@type":"WebSite","@id":"https:\/\/www.eldigitaldeasturias.com\/noticias\/#website","url":"https:\/\/www.eldigitaldeasturias.com\/noticias\/","name":"El Digital de Asturias - Diario de actualidad y noticias","alternateName":"El Digital de Asturias - Diario de actualidad y noticias","description":"Hemeroteca","inLanguage":"es-ES","publisher":{"@id":"https:\/\/www.eldigitaldeasturias.com\/noticias\/#organization"}}]},"og:locale":"es_ES","og:site_name":"El Digital de Asturias","og:type":"article","og:title":"Latinoam\u00e9rica exhibe sus productos frut\u00edcolas en la Fruit Logistica de Berl\u00edn - El Digital de Asturias","og:description":"Berl\u00edn, 5 feb (EFE).- Argentina es el pa\u00eds invitado este a\u00f1o a la feria de frutas y verduras Fruit Logistica, el mayor sal\u00f3n europeo del sector, que fue inaugurada en la capital alemana con una notable presencia latinoamericana. El pabell\u00f3n argentino aglutina a m\u00e1s de 50 empresas del pa\u00eds sudamericano en un estand de 840","og:url":"https:\/\/www.eldigitaldeasturias.com\/noticias\/latinoamerica-exhibe-sus-productos-fruticolas-en-la-fruit-logistica-de-berlin\/","article:tag":["actualidad"],"article:published_time":"2014-02-06T01:44:55+00:00","article:modified_time":"2014-02-06T01:44:55+00:00","article:publisher":"https:\/\/facebook.com\/eldigitaldeasturias","twitter:card":"summary_large_image","twitter:title":"Latinoam\u00e9rica exhibe sus productos frut\u00edcolas en la Fruit Logistica de Berl\u00edn - El Digital de Asturias","twitter:description":"Berl\u00edn, 5 feb (EFE).- Argentina es el pa\u00eds invitado este a\u00f1o a la feria de frutas y verduras Fruit Logistica, el mayor sal\u00f3n europeo del sector, que fue inaugurada en la capital alemana con una notable presencia latinoamericana. El pabell\u00f3n argentino aglutina a m\u00e1s de 50 empresas del pa\u00eds sudamericano en un estand de 840","twitter:label1":"Escrito por","twitter:data1":"El Digital de Asturias","twitter:label2":"Tiempo de lectura estimado","twitter:data2":"2 minutos"},"aioseo_meta_data":{"post_id":"484470","title":null,"description":null,"keywords":null,"keyphrases":null,"primary_term":null,"canonical_url":null,"og_title":null,"og_description":null,"og_object_type":"default","og_image_type":"default","og_image_url":null,"og_image_width":null,"og_image_height":null,"og_image_custom_url":null,"og_image_custom_fields":null,"og_video":null,"og_custom_url":null,"og_article_section":null,"og_article_tags":null,"twitter_use_og":true,"twitter_card":"default","twitter_image_type":"default","twitter_image_url":null,"twitter_image_custom_url":null,"twitter_image_custom_fields":null,"twitter_title":null,"twitter_description":null,"schema":{"blockGraphs":[],"customGraphs":[],"default":{"data":{"Article":[],"Course":[],"Dataset":[],"FAQPage":[],"Movie":[],"Person":[],"Product":[],"ProductReview":[],"Car":[],"Recipe":[],"Service":[],"SoftwareApplication":[],"WebPage":[]},"graphName":"","isEnabled":true},"graphs":[],"defaultGraph":"","defaultPostTypeGraph":""},"schema_type":null,"schema_type_options":null,"pillar_content":false,"robots_default":true,"robots_noindex":false,"robots_noarchive":false,"robots_nosnippet":false,"robots_nofollow":false,"robots_noimageindex":false,"robots_noodp":false,"robots_notranslate":false,"robots_max_snippet":null,"robots_max_videopreview":null,"robots_max_imagepreview":"none","priority":null,"frequency":null,"local_seo":null,"seo_analyzer_scan_date":"2026-06-02 15:55:19","breadcrumb_settings":null,"limit_modified_date":false,"open_ai":null,"ai":null,"created":"2020-11-14 22:55:04","updated":"2026-06-02 15:55:19","focus_keyword":null,"additional_keywords":null,"truseo_locale":null},"aioseo_breadcrumb":"<div class=\"aioseo-breadcrumbs\"><span class=\"aioseo-breadcrumb\">\n\t<a href=\"https:\/\/www.eldigitaldeasturias.com\/noticias\" title=\"Home\">Home<\/a>\n<\/span><span class=\"aioseo-breadcrumb-separator\">\u2013<\/span><span class=\"aioseo-breadcrumb\">\n\t<a href=\"https:\/\/www.eldigitaldeasturias.com\/noticias\/category\/actualidad\/\" title=\"Actualidad\">Actualidad<\/a>\n<\/span><span class=\"aioseo-breadcrumb-separator\">\u2013<\/span><span class=\"aioseo-breadcrumb\">\n\t<a href=\"https:\/\/www.eldigitaldeasturias.com\/noticias\/latinoamerica-exhibe-sus-productos-fruticolas-en-la-fruit-logistica-de-berlin\/\" title=\"Latinoam\u00e9rica exhibe sus productos frut\u00edcolas en la Fruit Logistica de Berl\u00edn\">Latinoam\u00e9rica exhibe sus productos frut\u00edcolas en la Fruit Logistica de Berl\u00edn<\/a>\n<\/span><\/div>","aioseo_breadcrumb_json":[{"label":"Home","link":"https:\/\/www.eldigitaldeasturias.com\/noticias"},{"label":"Actualidad","link":"https:\/\/www.eldigitaldeasturias.com\/noticias\/category\/actualidad\/"},{"label":"Latinoam\u00e9rica exhibe sus productos frut\u00edcolas en la Fruit Logistica de Berl\u00edn","link":"https:\/\/www.eldigitaldeasturias.com\/noticias\/latinoamerica-exhibe-sus-productos-fruticolas-en-la-fruit-logistica-de-berlin\/"}],"_links":{"self":[{"href":"https:\/\/www.eldigitaldeasturias.com\/noticias\/wp-json\/wp\/v2\/posts\/484470","targetHints":{"allow":["GET"]}}],"collection":[{"href":"https:\/\/www.eldigitaldeasturias.com\/noticias\/wp-json\/wp\/v2\/posts"}],"about":[{"href":"https:\/\/www.eldigitaldeasturias.com\/noticias\/wp-json\/wp\/v2\/types\/post"}],"author":[{"embeddable":true,"href":"https:\/\/www.eldigitaldeasturias.com\/noticias\/wp-json\/wp\/v2\/users\/1"}],"replies":[{"embeddable":true,"href":"https:\/\/www.eldigitaldeasturias.com\/noticias\/wp-json\/wp\/v2\/comments?post=484470"}],"version-history":[{"count":0,"href":"https:\/\/www.eldigitaldeasturias.com\/noticias\/wp-json\/wp\/v2\/posts\/484470\/revisions"}],"wp:attachment":[{"href":"https:\/\/www.eldigitaldeasturias.com\/noticias\/wp-json\/wp\/v2\/media?parent=484470"}],"wp:term":[{"taxonomy":"category","embeddable":true,"href":"https:\/\/www.eldigitaldeasturias.com\/noticias\/wp-json\/wp\/v2\/categories?post=484470"},{"taxonomy":"post_tag","embeddable":true,"href":"https:\/\/www.eldigitaldeasturias.com\/noticias\/wp-json\/wp\/v2\/tags?post=484470"}],"curies":[{"name":"wp","href":"https:\/\/api.w.org\/{rel}","templated":true}]}}