{"id":484467,"date":"2014-02-06T00:44:00","date_gmt":"2014-02-06T01:44:00","guid":{"rendered":"http:\/\/www.eldigitaldeasturias.com\/noticias\/?p=484467"},"modified":"2014-02-06T00:44:00","modified_gmt":"2014-02-06T01:44:00","slug":"el-parlamento-europeo-autoriza-la-ratificacion-del-tratado-de-comercio-de-armas-aprobado-por-onu","status":"publish","type":"post","link":"https:\/\/www.eldigitaldeasturias.com\/noticias\/el-parlamento-europeo-autoriza-la-ratificacion-del-tratado-de-comercio-de-armas-aprobado-por-onu\/","title":{"rendered":"El Parlamento Europeo autoriza la ratificaci\u00f3n del Tratado de Comercio de Armas aprobado por ONU"},"content":{"rendered":"<p><img loading=\"lazy\" decoding=\"async\" class=\"alignleft size-medium wp-image-484468\" alt=\"5913426w\" src=\"https:\/\/www.eldigitaldeasturias.com\/noticias\/wp-content\/uploads\/2014\/02\/5913426w-212x320.jpg\" width=\"212\" height=\"320\" \/>Estrasburgo (Francia), 5 feb (EFE).- El Parlamento Europeo (PE) autoriz\u00f3 hoy a los pa\u00edses de la Uni\u00f3n Europea (UE) a que ratifiquen el Tratado de Comercio de Armas (TCA) aprobado por la Asamblea General de las Naciones Unidas el pasado abril.<\/p>\n<p>\u00abEl comercio no regulado de armas ha tenido un efecto devastador sobre la paz, la seguridad y el desarrollo de algunos de los pa\u00edses m\u00e1s vulnerables del mundo\u00bb, se\u00f1al\u00f3 en un comunicado el eurodiputado socialista brit\u00e1nico David Martin, impulsor de la votaci\u00f3n.<\/p>\n<p>La autorizaci\u00f3n de la Euroc\u00e1mara obtenida hoy era un paso necesario en la ratificaci\u00f3n del TCA, ya que, si bien solo los Estados miembros pueden firmar tratados de la ONU, la UE tiene transferida la competencia en pol\u00edtica comercial com\u00fan, inform\u00f3 el PE.<\/p>\n<p>\u00abLa UE tiene ahora una responsabilidad importante para dirigir la ratificaci\u00f3n mundial de este Tratado\u00bb, se\u00f1al\u00f3 Martin.<\/p>\n<p>Adem\u00e1s, los eurodiputados pidieron a los socios comunitarios que apliquen \u00abla interpretaci\u00f3n m\u00e1s amplia posible de las disposiciones del tratado\u00bb en una resoluci\u00f3n impulsada por el parlamentario franc\u00e9s Arnaud Danjean (PPE), quien record\u00f3 que \u00abla legislaci\u00f3n europea ya va m\u00e1s all\u00e1\u00bb.<\/p>\n<p>Los diputados tambi\u00e9n pidieron a los pa\u00edses que no han firmado el TCA que se sumen a \u00e9l \u00ablo antes posible\u00bb.<\/p>\n<p>El Tratado sobre Comercio de Armas fue adoptado el pasado 2 de abril en la Asamblea General de la ONU y establece normas internacionales vinculantes sobre el comercio de armas convencionales con el objetivo de erradicar su tr\u00e1fico ilegal.<\/p>\n","protected":false},"excerpt":{"rendered":"<p>Estrasburgo (Francia), 5 feb (EFE).- El Parlamento Europeo (PE) autoriz\u00f3 hoy a los pa\u00edses de la Uni\u00f3n Europea (UE) a que ratifiquen el Tratado de Comercio de Armas (TCA) aprobado por la Asamblea General de las Naciones Unidas el pasado abril. \u00abEl comercio no regulado de armas ha tenido un efecto devastador sobre la paz, [&hellip;]<\/p>\n","protected":false},"author":1,"featured_media":484468,"comment_status":"closed","ping_status":"open","sticky":false,"template":"","format":"standard","meta":{"footnotes":""},"categories":[1],"tags":[],"class_list":["post-484467","post","type-post","status-publish","format-standard","has-post-thumbnail","hentry","category-actualidad"],"aioseo_notices":[],"aioseo_head":"\n\t\t<!-- All in One SEO Pro 5.0.1 - aioseo.com -->\n\t<meta name=\"description\" content=\"Estrasburgo (Francia), 5 feb (EFE).- El Parlamento Europeo (PE) autoriz\u00f3 hoy a los pa\u00edses de la Uni\u00f3n Europea (UE) a que ratifiquen el Tratado de Comercio de Armas (TCA) aprobado por la Asamblea General de las Naciones Unidas el pasado abril. &quot;El comercio no regulado de armas ha tenido un efecto devastador sobre la paz,\" \/>\n\t<meta name=\"robots\" content=\"max-image-preview:large\" \/>\n\t<meta name=\"author\" content=\"El Digital de Asturias\"\/>\n\t<meta name=\"google-site-verification\" content=\"UA-38556648-1\" \/>\n\t<meta name=\"msvalidate.01\" content=\"7dfe9f3f1b24437ab69f4f2559babe99\" \/>\n\t<meta name=\"keywords\" content=\"actualidad\" \/>\n\t<link rel=\"canonical\" href=\"https:\/\/www.eldigitaldeasturias.com\/noticias\/el-parlamento-europeo-autoriza-la-ratificacion-del-tratado-de-comercio-de-armas-aprobado-por-onu\/\" \/>\n\t<meta name=\"generator\" content=\"All in One SEO Pro (AIOSEO) 5.0.1\" \/>\n\t\t<meta property=\"og:locale\" content=\"es_ES\" \/>\n\t\t<meta property=\"og:site_name\" content=\"El Digital de Asturias\" \/>\n\t\t<meta property=\"og:type\" content=\"article\" \/>\n\t\t<meta property=\"og:title\" content=\"El Parlamento Europeo autoriza la ratificaci\u00f3n del Tratado de Comercio de Armas aprobado por ONU - El Digital de Asturias\" \/>\n\t\t<meta property=\"og:description\" content=\"Estrasburgo (Francia), 5 feb (EFE).- El Parlamento Europeo (PE) autoriz\u00f3 hoy a los pa\u00edses de la Uni\u00f3n Europea (UE) a que ratifiquen el Tratado de Comercio de Armas (TCA) aprobado por la Asamblea General de las Naciones Unidas el pasado abril. &quot;El comercio no regulado de armas ha tenido un efecto devastador sobre la paz,\" \/>\n\t\t<meta property=\"og:url\" content=\"https:\/\/www.eldigitaldeasturias.com\/noticias\/el-parlamento-europeo-autoriza-la-ratificacion-del-tratado-de-comercio-de-armas-aprobado-por-onu\/\" \/>\n\t\t<meta property=\"article:tag\" content=\"actualidad\" \/>\n\t\t<meta property=\"article:published_time\" content=\"2014-02-06T01:44:00+00:00\" \/>\n\t\t<meta property=\"article:modified_time\" content=\"2014-02-06T01:44:00+00:00\" \/>\n\t\t<meta property=\"article:publisher\" content=\"https:\/\/facebook.com\/eldigitaldeasturias\" \/>\n\t\t<meta name=\"twitter:card\" content=\"summary_large_image\" \/>\n\t\t<meta name=\"twitter:title\" content=\"El Parlamento Europeo autoriza la ratificaci\u00f3n del Tratado de Comercio de Armas aprobado por ONU - El Digital de Asturias\" \/>\n\t\t<meta name=\"twitter:description\" content=\"Estrasburgo (Francia), 5 feb (EFE).- El Parlamento Europeo (PE) autoriz\u00f3 hoy a los pa\u00edses de la Uni\u00f3n Europea (UE) a que ratifiquen el Tratado de Comercio de Armas (TCA) aprobado por la Asamblea General de las Naciones Unidas el pasado abril. &quot;El comercio no regulado de armas ha tenido un efecto devastador sobre la paz,\" \/>\n\t\t<meta name=\"twitter:label1\" content=\"Escrito por\" \/>\n\t\t<meta name=\"twitter:data1\" content=\"El Digital de Asturias\" \/>\n\t\t<meta name=\"twitter:label2\" content=\"Tiempo de lectura estimado\" \/>\n\t\t<meta name=\"twitter:data2\" content=\"1 minuto\" \/>\n\t\t<script type=\"application\/ld+json\" class=\"aioseo-schema\">\n\t\t\t{\"@context\":\"https:\\\/\\\/schema.org\",\"@graph\":[{\"@type\":\"BlogPosting\",\"@id\":\"https:\\\/\\\/www.eldigitaldeasturias.com\\\/noticias\\\/el-parlamento-europeo-autoriza-la-ratificacion-del-tratado-de-comercio-de-armas-aprobado-por-onu\\\/#blogposting\",\"name\":\"El Parlamento Europeo autoriza la ratificaci\\u00f3n del Tratado de Comercio de Armas aprobado por ONU - El Digital de Asturias\",\"headline\":\"El Parlamento Europeo autoriza la ratificaci\\u00f3n del Tratado de Comercio de Armas aprobado por ONU\",\"author\":{\"@id\":\"https:\\\/\\\/www.eldigitaldeasturias.com\\\/noticias\\\/author\\\/admin\\\/#author\"},\"publisher\":{\"@id\":\"https:\\\/\\\/www.eldigitaldeasturias.com\\\/noticias\\\/#organization\"},\"image\":{\"@type\":\"ImageObject\",\"url\":484468},\"datePublished\":\"2014-02-06T00:44:00+01:00\",\"dateModified\":\"2014-02-06T00:44:00+01:00\",\"inLanguage\":\"es-ES\",\"mainEntityOfPage\":{\"@id\":\"https:\\\/\\\/www.eldigitaldeasturias.com\\\/noticias\\\/el-parlamento-europeo-autoriza-la-ratificacion-del-tratado-de-comercio-de-armas-aprobado-por-onu\\\/#webpage\"},\"isPartOf\":{\"@id\":\"https:\\\/\\\/www.eldigitaldeasturias.com\\\/noticias\\\/el-parlamento-europeo-autoriza-la-ratificacion-del-tratado-de-comercio-de-armas-aprobado-por-onu\\\/#webpage\"},\"articleSection\":\"Actualidad\"},{\"@type\":\"BreadcrumbList\",\"@id\":\"https:\\\/\\\/www.eldigitaldeasturias.com\\\/noticias\\\/el-parlamento-europeo-autoriza-la-ratificacion-del-tratado-de-comercio-de-armas-aprobado-por-onu\\\/#breadcrumblist\",\"itemListElement\":[{\"@type\":\"ListItem\",\"@id\":\"https:\\\/\\\/www.eldigitaldeasturias.com\\\/noticias#listItem\",\"position\":1,\"name\":\"Home\",\"item\":\"https:\\\/\\\/www.eldigitaldeasturias.com\\\/noticias\",\"nextItem\":{\"@type\":\"ListItem\",\"@id\":\"https:\\\/\\\/www.eldigitaldeasturias.com\\\/noticias\\\/category\\\/actualidad\\\/#listItem\",\"name\":\"Actualidad\"}},{\"@type\":\"ListItem\",\"@id\":\"https:\\\/\\\/www.eldigitaldeasturias.com\\\/noticias\\\/category\\\/actualidad\\\/#listItem\",\"position\":2,\"name\":\"Actualidad\",\"item\":\"https:\\\/\\\/www.eldigitaldeasturias.com\\\/noticias\\\/category\\\/actualidad\\\/\",\"nextItem\":{\"@type\":\"ListItem\",\"@id\":\"https:\\\/\\\/www.eldigitaldeasturias.com\\\/noticias\\\/el-parlamento-europeo-autoriza-la-ratificacion-del-tratado-de-comercio-de-armas-aprobado-por-onu\\\/#listItem\",\"name\":\"El Parlamento Europeo autoriza la ratificaci\\u00f3n del Tratado de Comercio de Armas aprobado por ONU\"},\"previousItem\":{\"@type\":\"ListItem\",\"@id\":\"https:\\\/\\\/www.eldigitaldeasturias.com\\\/noticias#listItem\",\"name\":\"Home\"}},{\"@type\":\"ListItem\",\"@id\":\"https:\\\/\\\/www.eldigitaldeasturias.com\\\/noticias\\\/el-parlamento-europeo-autoriza-la-ratificacion-del-tratado-de-comercio-de-armas-aprobado-por-onu\\\/#listItem\",\"position\":3,\"name\":\"El Parlamento Europeo autoriza la ratificaci\\u00f3n del Tratado de Comercio de Armas aprobado por ONU\",\"previousItem\":{\"@type\":\"ListItem\",\"@id\":\"https:\\\/\\\/www.eldigitaldeasturias.com\\\/noticias\\\/category\\\/actualidad\\\/#listItem\",\"name\":\"Actualidad\"}}]},{\"@type\":\"Organization\",\"@id\":\"https:\\\/\\\/www.eldigitaldeasturias.com\\\/noticias\\\/#organization\",\"name\":\"El Digital de Asturias\",\"description\":\"Hemeroteca\",\"url\":\"https:\\\/\\\/www.eldigitaldeasturias.com\\\/noticias\\\/\",\"email\":\"info@eldigitaldeasturias.com\",\"telephone\":\"+34652131393\",\"logo\":{\"@type\":\"ImageObject\",\"url\":\"https:\\\/\\\/www.eldigitaldeasturias.com\\\/noticias\\\/wp-content\\\/uploads\\\/2020\\\/12\\\/EDA.jpg\",\"@id\":\"https:\\\/\\\/www.eldigitaldeasturias.com\\\/noticias\\\/el-parlamento-europeo-autoriza-la-ratificacion-del-tratado-de-comercio-de-armas-aprobado-por-onu\\\/#organizationLogo\"},\"image\":{\"@id\":\"https:\\\/\\\/www.eldigitaldeasturias.com\\\/noticias\\\/el-parlamento-europeo-autoriza-la-ratificacion-del-tratado-de-comercio-de-armas-aprobado-por-onu\\\/#organizationLogo\"},\"sameAs\":[\"https:\\\/\\\/facebook.com\\\/eldigitaldeasturias\",\"https:\\\/\\\/www.youtube.com\\\/channel\\\/UCZP-2wLEB9Rv6erhFmqVnvg\"],\"address\":{\"@id\":\"https:\\\/\\\/www.eldigitaldeasturias.com\\\/noticias\\\/#postaladdress\",\"@type\":\"PostalAddress\",\"streetAddress\":\"san antonio 4\",\"postalCode\":\"33430\",\"addressLocality\":\"Cand\\u00e1s\",\"addressRegion\":\"Asturias\",\"addressCountry\":\"ES\"}},{\"@type\":\"Person\",\"@id\":\"https:\\\/\\\/www.eldigitaldeasturias.com\\\/noticias\\\/author\\\/admin\\\/#author\",\"url\":\"https:\\\/\\\/www.eldigitaldeasturias.com\\\/noticias\\\/author\\\/admin\\\/\",\"name\":\"El Digital de Asturias\",\"image\":{\"@type\":\"ImageObject\",\"@id\":\"https:\\\/\\\/www.eldigitaldeasturias.com\\\/noticias\\\/el-parlamento-europeo-autoriza-la-ratificacion-del-tratado-de-comercio-de-armas-aprobado-por-onu\\\/#authorImage\",\"url\":\"https:\\\/\\\/secure.gravatar.com\\\/avatar\\\/df2aeffc32bcd13f8d26072ef8a91b623d677766deac7f97ca815868cd41bf5e?s=96&d=mm&r=g\",\"width\":96,\"height\":96,\"caption\":\"El Digital de Asturias\"}},{\"@type\":\"WebPage\",\"@id\":\"https:\\\/\\\/www.eldigitaldeasturias.com\\\/noticias\\\/el-parlamento-europeo-autoriza-la-ratificacion-del-tratado-de-comercio-de-armas-aprobado-por-onu\\\/#webpage\",\"url\":\"https:\\\/\\\/www.eldigitaldeasturias.com\\\/noticias\\\/el-parlamento-europeo-autoriza-la-ratificacion-del-tratado-de-comercio-de-armas-aprobado-por-onu\\\/\",\"name\":\"El Parlamento Europeo autoriza la ratificaci\\u00f3n del Tratado de Comercio de Armas aprobado por ONU - El Digital de Asturias\",\"description\":\"Estrasburgo (Francia), 5 feb (EFE).- El Parlamento Europeo (PE) autoriz\\u00f3 hoy a los pa\\u00edses de la Uni\\u00f3n Europea (UE) a que ratifiquen el Tratado de Comercio de Armas (TCA) aprobado por la Asamblea General de las Naciones Unidas el pasado abril. \\\"El comercio no regulado de armas ha tenido un efecto devastador sobre la paz,\",\"inLanguage\":\"es-ES\",\"isPartOf\":{\"@id\":\"https:\\\/\\\/www.eldigitaldeasturias.com\\\/noticias\\\/#website\"},\"breadcrumb\":{\"@id\":\"https:\\\/\\\/www.eldigitaldeasturias.com\\\/noticias\\\/el-parlamento-europeo-autoriza-la-ratificacion-del-tratado-de-comercio-de-armas-aprobado-por-onu\\\/#breadcrumblist\"},\"author\":{\"@id\":\"https:\\\/\\\/www.eldigitaldeasturias.com\\\/noticias\\\/author\\\/admin\\\/#author\"},\"creator\":{\"@id\":\"https:\\\/\\\/www.eldigitaldeasturias.com\\\/noticias\\\/author\\\/admin\\\/#author\"},\"image\":{\"@type\":\"ImageObject\",\"url\":484468,\"@id\":\"https:\\\/\\\/www.eldigitaldeasturias.com\\\/noticias\\\/el-parlamento-europeo-autoriza-la-ratificacion-del-tratado-de-comercio-de-armas-aprobado-por-onu\\\/#mainImage\"},\"primaryImageOfPage\":{\"@id\":\"https:\\\/\\\/www.eldigitaldeasturias.com\\\/noticias\\\/el-parlamento-europeo-autoriza-la-ratificacion-del-tratado-de-comercio-de-armas-aprobado-por-onu\\\/#mainImage\"},\"datePublished\":\"2014-02-06T00:44:00+01:00\",\"dateModified\":\"2014-02-06T00:44:00+01:00\"},{\"@type\":\"WebSite\",\"@id\":\"https:\\\/\\\/www.eldigitaldeasturias.com\\\/noticias\\\/#website\",\"url\":\"https:\\\/\\\/www.eldigitaldeasturias.com\\\/noticias\\\/\",\"name\":\"El Digital de Asturias - Diario de actualidad y noticias\",\"alternateName\":\"El Digital de Asturias - Diario de actualidad y noticias\",\"description\":\"Hemeroteca\",\"inLanguage\":\"es-ES\",\"publisher\":{\"@id\":\"https:\\\/\\\/www.eldigitaldeasturias.com\\\/noticias\\\/#organization\"}}]}\n\t\t<\/script>\n\t\t<!-- All in One SEO Pro -->\r\n\t\t<title>El Parlamento Europeo autoriza la ratificaci\u00f3n del Tratado de Comercio de Armas aprobado por ONU - El Digital de Asturias<\/title>\n\n","aioseo_head_json":{"title":"El Parlamento Europeo autoriza la ratificaci\u00f3n del Tratado de Comercio de Armas aprobado por ONU - El Digital de Asturias","description":"Estrasburgo (Francia), 5 feb (EFE).- El Parlamento Europeo (PE) autoriz\u00f3 hoy a los pa\u00edses de la Uni\u00f3n Europea (UE) a que ratifiquen el Tratado de Comercio de Armas (TCA) aprobado por la Asamblea General de las Naciones Unidas el pasado abril. \"El comercio no regulado de armas ha tenido un efecto devastador sobre la paz,","canonical_url":"https:\/\/www.eldigitaldeasturias.com\/noticias\/el-parlamento-europeo-autoriza-la-ratificacion-del-tratado-de-comercio-de-armas-aprobado-por-onu\/","robots":"max-image-preview:large","keywords":"actualidad","webmasterTools":{"google-site-verification":"UA-38556648-1","msvalidate.01":"7dfe9f3f1b24437ab69f4f2559babe99","miscellaneous":""},"schema":{"@context":"https:\/\/schema.org","@graph":[{"@type":"BlogPosting","@id":"https:\/\/www.eldigitaldeasturias.com\/noticias\/el-parlamento-europeo-autoriza-la-ratificacion-del-tratado-de-comercio-de-armas-aprobado-por-onu\/#blogposting","name":"El Parlamento Europeo autoriza la ratificaci\u00f3n del Tratado de Comercio de Armas aprobado por ONU - El Digital de Asturias","headline":"El Parlamento Europeo autoriza la ratificaci\u00f3n del Tratado de Comercio de Armas aprobado por ONU","author":{"@id":"https:\/\/www.eldigitaldeasturias.com\/noticias\/author\/admin\/#author"},"publisher":{"@id":"https:\/\/www.eldigitaldeasturias.com\/noticias\/#organization"},"image":{"@type":"ImageObject","url":484468},"datePublished":"2014-02-06T00:44:00+01:00","dateModified":"2014-02-06T00:44:00+01:00","inLanguage":"es-ES","mainEntityOfPage":{"@id":"https:\/\/www.eldigitaldeasturias.com\/noticias\/el-parlamento-europeo-autoriza-la-ratificacion-del-tratado-de-comercio-de-armas-aprobado-por-onu\/#webpage"},"isPartOf":{"@id":"https:\/\/www.eldigitaldeasturias.com\/noticias\/el-parlamento-europeo-autoriza-la-ratificacion-del-tratado-de-comercio-de-armas-aprobado-por-onu\/#webpage"},"articleSection":"Actualidad"},{"@type":"BreadcrumbList","@id":"https:\/\/www.eldigitaldeasturias.com\/noticias\/el-parlamento-europeo-autoriza-la-ratificacion-del-tratado-de-comercio-de-armas-aprobado-por-onu\/#breadcrumblist","itemListElement":[{"@type":"ListItem","@id":"https:\/\/www.eldigitaldeasturias.com\/noticias#listItem","position":1,"name":"Home","item":"https:\/\/www.eldigitaldeasturias.com\/noticias","nextItem":{"@type":"ListItem","@id":"https:\/\/www.eldigitaldeasturias.com\/noticias\/category\/actualidad\/#listItem","name":"Actualidad"}},{"@type":"ListItem","@id":"https:\/\/www.eldigitaldeasturias.com\/noticias\/category\/actualidad\/#listItem","position":2,"name":"Actualidad","item":"https:\/\/www.eldigitaldeasturias.com\/noticias\/category\/actualidad\/","nextItem":{"@type":"ListItem","@id":"https:\/\/www.eldigitaldeasturias.com\/noticias\/el-parlamento-europeo-autoriza-la-ratificacion-del-tratado-de-comercio-de-armas-aprobado-por-onu\/#listItem","name":"El Parlamento Europeo autoriza la ratificaci\u00f3n del Tratado de Comercio de Armas aprobado por ONU"},"previousItem":{"@type":"ListItem","@id":"https:\/\/www.eldigitaldeasturias.com\/noticias#listItem","name":"Home"}},{"@type":"ListItem","@id":"https:\/\/www.eldigitaldeasturias.com\/noticias\/el-parlamento-europeo-autoriza-la-ratificacion-del-tratado-de-comercio-de-armas-aprobado-por-onu\/#listItem","position":3,"name":"El Parlamento Europeo autoriza la ratificaci\u00f3n del Tratado de Comercio de Armas aprobado por ONU","previousItem":{"@type":"ListItem","@id":"https:\/\/www.eldigitaldeasturias.com\/noticias\/category\/actualidad\/#listItem","name":"Actualidad"}}]},{"@type":"Organization","@id":"https:\/\/www.eldigitaldeasturias.com\/noticias\/#organization","name":"El Digital de Asturias","description":"Hemeroteca","url":"https:\/\/www.eldigitaldeasturias.com\/noticias\/","email":"info@eldigitaldeasturias.com","telephone":"+34652131393","logo":{"@type":"ImageObject","url":"https:\/\/www.eldigitaldeasturias.com\/noticias\/wp-content\/uploads\/2020\/12\/EDA.jpg","@id":"https:\/\/www.eldigitaldeasturias.com\/noticias\/el-parlamento-europeo-autoriza-la-ratificacion-del-tratado-de-comercio-de-armas-aprobado-por-onu\/#organizationLogo"},"image":{"@id":"https:\/\/www.eldigitaldeasturias.com\/noticias\/el-parlamento-europeo-autoriza-la-ratificacion-del-tratado-de-comercio-de-armas-aprobado-por-onu\/#organizationLogo"},"sameAs":["https:\/\/facebook.com\/eldigitaldeasturias","https:\/\/www.youtube.com\/channel\/UCZP-2wLEB9Rv6erhFmqVnvg"],"address":{"@id":"https:\/\/www.eldigitaldeasturias.com\/noticias\/#postaladdress","@type":"PostalAddress","streetAddress":"san antonio 4","postalCode":"33430","addressLocality":"Cand\u00e1s","addressRegion":"Asturias","addressCountry":"ES"}},{"@type":"Person","@id":"https:\/\/www.eldigitaldeasturias.com\/noticias\/author\/admin\/#author","url":"https:\/\/www.eldigitaldeasturias.com\/noticias\/author\/admin\/","name":"El Digital de Asturias","image":{"@type":"ImageObject","@id":"https:\/\/www.eldigitaldeasturias.com\/noticias\/el-parlamento-europeo-autoriza-la-ratificacion-del-tratado-de-comercio-de-armas-aprobado-por-onu\/#authorImage","url":"https:\/\/secure.gravatar.com\/avatar\/df2aeffc32bcd13f8d26072ef8a91b623d677766deac7f97ca815868cd41bf5e?s=96&d=mm&r=g","width":96,"height":96,"caption":"El Digital de Asturias"}},{"@type":"WebPage","@id":"https:\/\/www.eldigitaldeasturias.com\/noticias\/el-parlamento-europeo-autoriza-la-ratificacion-del-tratado-de-comercio-de-armas-aprobado-por-onu\/#webpage","url":"https:\/\/www.eldigitaldeasturias.com\/noticias\/el-parlamento-europeo-autoriza-la-ratificacion-del-tratado-de-comercio-de-armas-aprobado-por-onu\/","name":"El Parlamento Europeo autoriza la ratificaci\u00f3n del Tratado de Comercio de Armas aprobado por ONU - El Digital de Asturias","description":"Estrasburgo (Francia), 5 feb (EFE).- El Parlamento Europeo (PE) autoriz\u00f3 hoy a los pa\u00edses de la Uni\u00f3n Europea (UE) a que ratifiquen el Tratado de Comercio de Armas (TCA) aprobado por la Asamblea General de las Naciones Unidas el pasado abril. \"El comercio no regulado de armas ha tenido un efecto devastador sobre la paz,","inLanguage":"es-ES","isPartOf":{"@id":"https:\/\/www.eldigitaldeasturias.com\/noticias\/#website"},"breadcrumb":{"@id":"https:\/\/www.eldigitaldeasturias.com\/noticias\/el-parlamento-europeo-autoriza-la-ratificacion-del-tratado-de-comercio-de-armas-aprobado-por-onu\/#breadcrumblist"},"author":{"@id":"https:\/\/www.eldigitaldeasturias.com\/noticias\/author\/admin\/#author"},"creator":{"@id":"https:\/\/www.eldigitaldeasturias.com\/noticias\/author\/admin\/#author"},"image":{"@type":"ImageObject","url":484468,"@id":"https:\/\/www.eldigitaldeasturias.com\/noticias\/el-parlamento-europeo-autoriza-la-ratificacion-del-tratado-de-comercio-de-armas-aprobado-por-onu\/#mainImage"},"primaryImageOfPage":{"@id":"https:\/\/www.eldigitaldeasturias.com\/noticias\/el-parlamento-europeo-autoriza-la-ratificacion-del-tratado-de-comercio-de-armas-aprobado-por-onu\/#mainImage"},"datePublished":"2014-02-06T00:44:00+01:00","dateModified":"2014-02-06T00:44:00+01:00"},{"@type":"WebSite","@id":"https:\/\/www.eldigitaldeasturias.com\/noticias\/#website","url":"https:\/\/www.eldigitaldeasturias.com\/noticias\/","name":"El Digital de Asturias - Diario de actualidad y noticias","alternateName":"El Digital de Asturias - Diario de actualidad y noticias","description":"Hemeroteca","inLanguage":"es-ES","publisher":{"@id":"https:\/\/www.eldigitaldeasturias.com\/noticias\/#organization"}}]},"og:locale":"es_ES","og:site_name":"El Digital de Asturias","og:type":"article","og:title":"El Parlamento Europeo autoriza la ratificaci\u00f3n del Tratado de Comercio de Armas aprobado por ONU - El Digital de Asturias","og:description":"Estrasburgo (Francia), 5 feb (EFE).- El Parlamento Europeo (PE) autoriz\u00f3 hoy a los pa\u00edses de la Uni\u00f3n Europea (UE) a que ratifiquen el Tratado de Comercio de Armas (TCA) aprobado por la Asamblea General de las Naciones Unidas el pasado abril. &quot;El comercio no regulado de armas ha tenido un efecto devastador sobre la paz,","og:url":"https:\/\/www.eldigitaldeasturias.com\/noticias\/el-parlamento-europeo-autoriza-la-ratificacion-del-tratado-de-comercio-de-armas-aprobado-por-onu\/","article:tag":["actualidad"],"article:published_time":"2014-02-06T01:44:00+00:00","article:modified_time":"2014-02-06T01:44:00+00:00","article:publisher":"https:\/\/facebook.com\/eldigitaldeasturias","twitter:card":"summary_large_image","twitter:title":"El Parlamento Europeo autoriza la ratificaci\u00f3n del Tratado de Comercio de Armas aprobado por ONU - El Digital de Asturias","twitter:description":"Estrasburgo (Francia), 5 feb (EFE).- El Parlamento Europeo (PE) autoriz\u00f3 hoy a los pa\u00edses de la Uni\u00f3n Europea (UE) a que ratifiquen el Tratado de Comercio de Armas (TCA) aprobado por la Asamblea General de las Naciones Unidas el pasado abril. &quot;El comercio no regulado de armas ha tenido un efecto devastador sobre la paz,","twitter:label1":"Escrito por","twitter:data1":"El Digital de Asturias","twitter:label2":"Tiempo de lectura estimado","twitter:data2":"1 minuto"},"aioseo_meta_data":{"post_id":"484467","title":null,"description":null,"keywords":null,"keyphrases":null,"primary_term":null,"canonical_url":null,"og_title":null,"og_description":null,"og_object_type":"default","og_image_type":"default","og_image_url":null,"og_image_width":null,"og_image_height":null,"og_image_custom_url":null,"og_image_custom_fields":null,"og_video":null,"og_custom_url":null,"og_article_section":null,"og_article_tags":null,"twitter_use_og":true,"twitter_card":"default","twitter_image_type":"default","twitter_image_url":null,"twitter_image_custom_url":null,"twitter_image_custom_fields":null,"twitter_title":null,"twitter_description":null,"schema":{"blockGraphs":[],"customGraphs":[],"default":{"data":{"Article":[],"Course":[],"Dataset":[],"FAQPage":[],"Movie":[],"Person":[],"Product":[],"ProductReview":[],"Car":[],"Recipe":[],"Service":[],"SoftwareApplication":[],"WebPage":[]},"graphName":"","isEnabled":true},"graphs":[],"defaultGraph":"","defaultPostTypeGraph":""},"schema_type":null,"schema_type_options":null,"pillar_content":false,"robots_default":true,"robots_noindex":false,"robots_noarchive":false,"robots_nosnippet":false,"robots_nofollow":false,"robots_noimageindex":false,"robots_noodp":false,"robots_notranslate":false,"robots_max_snippet":null,"robots_max_videopreview":null,"robots_max_imagepreview":"none","priority":null,"frequency":null,"local_seo":null,"seo_analyzer_scan_date":"2026-06-02 15:55:18","breadcrumb_settings":null,"limit_modified_date":false,"open_ai":null,"ai":null,"created":"2020-11-14 22:55:04","updated":"2026-06-02 15:55:18","focus_keyword":null,"additional_keywords":null,"truseo_locale":null},"aioseo_breadcrumb":"<div class=\"aioseo-breadcrumbs\"><span class=\"aioseo-breadcrumb\">\n\t<a href=\"https:\/\/www.eldigitaldeasturias.com\/noticias\" title=\"Home\">Home<\/a>\n<\/span><span class=\"aioseo-breadcrumb-separator\">\u2013<\/span><span class=\"aioseo-breadcrumb\">\n\t<a href=\"https:\/\/www.eldigitaldeasturias.com\/noticias\/category\/actualidad\/\" title=\"Actualidad\">Actualidad<\/a>\n<\/span><span class=\"aioseo-breadcrumb-separator\">\u2013<\/span><span class=\"aioseo-breadcrumb\">\n\t<a href=\"https:\/\/www.eldigitaldeasturias.com\/noticias\/el-parlamento-europeo-autoriza-la-ratificacion-del-tratado-de-comercio-de-armas-aprobado-por-onu\/\" title=\"El Parlamento Europeo autoriza la ratificaci\u00f3n del Tratado de Comercio de Armas aprobado por ONU\">El Parlamento Europeo autoriza la ratificaci\u00f3n del Tratado de Comercio de Armas aprobado por ONU<\/a>\n<\/span><\/div>","aioseo_breadcrumb_json":[{"label":"Home","link":"https:\/\/www.eldigitaldeasturias.com\/noticias"},{"label":"Actualidad","link":"https:\/\/www.eldigitaldeasturias.com\/noticias\/category\/actualidad\/"},{"label":"El Parlamento Europeo autoriza la ratificaci\u00f3n del Tratado de Comercio de Armas aprobado por ONU","link":"https:\/\/www.eldigitaldeasturias.com\/noticias\/el-parlamento-europeo-autoriza-la-ratificacion-del-tratado-de-comercio-de-armas-aprobado-por-onu\/"}],"_links":{"self":[{"href":"https:\/\/www.eldigitaldeasturias.com\/noticias\/wp-json\/wp\/v2\/posts\/484467","targetHints":{"allow":["GET"]}}],"collection":[{"href":"https:\/\/www.eldigitaldeasturias.com\/noticias\/wp-json\/wp\/v2\/posts"}],"about":[{"href":"https:\/\/www.eldigitaldeasturias.com\/noticias\/wp-json\/wp\/v2\/types\/post"}],"author":[{"embeddable":true,"href":"https:\/\/www.eldigitaldeasturias.com\/noticias\/wp-json\/wp\/v2\/users\/1"}],"replies":[{"embeddable":true,"href":"https:\/\/www.eldigitaldeasturias.com\/noticias\/wp-json\/wp\/v2\/comments?post=484467"}],"version-history":[{"count":0,"href":"https:\/\/www.eldigitaldeasturias.com\/noticias\/wp-json\/wp\/v2\/posts\/484467\/revisions"}],"wp:attachment":[{"href":"https:\/\/www.eldigitaldeasturias.com\/noticias\/wp-json\/wp\/v2\/media?parent=484467"}],"wp:term":[{"taxonomy":"category","embeddable":true,"href":"https:\/\/www.eldigitaldeasturias.com\/noticias\/wp-json\/wp\/v2\/categories?post=484467"},{"taxonomy":"post_tag","embeddable":true,"href":"https:\/\/www.eldigitaldeasturias.com\/noticias\/wp-json\/wp\/v2\/tags?post=484467"}],"curies":[{"name":"wp","href":"https:\/\/api.w.org\/{rel}","templated":true}]}}