{"id":484446,"date":"2014-02-06T00:36:31","date_gmt":"2014-02-06T01:36:31","guid":{"rendered":"http:\/\/www.eldigitaldeasturias.com\/noticias\/?p=484446"},"modified":"2014-02-06T00:36:31","modified_gmt":"2014-02-06T01:36:31","slug":"nuevos-retos-de-la-economia-espanola","status":"publish","type":"post","link":"https:\/\/www.eldigitaldeasturias.com\/noticias\/nuevos-retos-de-la-economia-espanola\/","title":{"rendered":"Nuevos retos de la econom\u00eda espa\u00f1ola"},"content":{"rendered":"<p><img loading=\"lazy\" decoding=\"async\" class=\"alignleft size-medium wp-image-484447\" alt=\"5913345w\" src=\"https:\/\/www.eldigitaldeasturias.com\/noticias\/wp-content\/uploads\/2014\/02\/5913345w-360x265.jpg\" width=\"360\" height=\"265\" \/>Madrid, 5 f eb (EFE).- El ministro de Econom\u00eda y Competitividad, Luis de Guindos, ha enumerado hoy los seis retos que tiene por delante la econom\u00eda espa\u00f1ola, entre ellos una nueva ronda de liberalizaciones que afectar\u00e1 sobre todo al comercio y un desendeudamiento compatible con la concesi\u00f3n de cr\u00e9dito.<\/p>\n<p>En un coloquio organizado en Madrid por la Asociaci\u00f3n para el Progreso de la Direcci\u00f3n y Deloitte, De Guindos ha asegurado que esta media docena de retos son \u00abfundamentales\u00bb para consolidar la recuperaci\u00f3n \u00abfr\u00e1gil\u00bb de una econom\u00eda que este a\u00f1o -ha insistido- crecer\u00e1 en torno al 1 %.<\/p>\n<p>El primero de los retos econ\u00f3micos que determinar\u00e1 lo que ocurra en los pr\u00f3ximos trimestres es acabar con el proceso de la uni\u00f3n bancaria europea, ha se\u00f1alado.<\/p>\n<p>Al respecto, conf\u00eda en que haya un acuerdo sobre el fondo de resoluci\u00f3n \u00fanico antes de las elecciones europeas de mayo.<\/p>\n<p>El segundo es compatibilizar la reducci\u00f3n del d\u00e9ficit p\u00fablico con la reforma fiscal que entrar\u00e1 en vigor en 2015, y que deber\u00e1 suponer -seg\u00fan ha afirmado- incentivos al ahorro.<\/p>\n<p>Este cambio legislativo tendr\u00e1 que centrarse, seg\u00fan el ministro, en los impuestos directos, y en particular en la reducci\u00f3n de los tipos de inter\u00e9s, la simplificaci\u00f3n de las bases de cotizaci\u00f3n y la racionalizaci\u00f3n de las deducciones en el IRPF y en el Impuesto de Sociedades.<\/p>\n<p>Una \u00abreforma integral\u00bb que no afectar\u00e1 tanto al IVA, que \u00abya est\u00e1 pr\u00e1cticamente alineado con la media comunitaria\u00bb, ha subrayado De Guindos.<\/p>\n<p>Un tercer reto tiene que ver con el sector financiero, y con pasar de las dudas sobre la calidad de los activos de las entidades a que sus resultados muestren una mejora de la rentabilidad futura, compatible con la concesi\u00f3n de cr\u00e9dito.<\/p>\n<p>Al hilo de esto, el cuarto reto es, para De Guindos, empezar a pensar en una nueva forma de desapalancar la econom\u00eda espa\u00f1ola que sea compatible con la concesi\u00f3n de cr\u00e9dito a sectores viables.<\/p>\n<p>Hay empresas que son \u00abperfectamente solventes\u00bb, pero su futuro parece \u00abempa\u00f1ado\u00bb por el excesivo endeudamiento, ha opinado el titular de Econom\u00eda.<\/p>\n<p>Los procesos de desendeudamiento, ha a\u00f1adido, son \u00ablargos y complejos\u00bb e incluso pueden llevar a situaciones en las que activos rentables, que generan empleo y son viables a medio y largo plazo, se pueden ver afectados por reestructuraciones \u00abprolijas y complicadas\u00bb.<\/p>\n<p>As\u00ed, seg\u00fan ha anunciado, en la nueva Ley Financiera, que se presentar\u00e1 en las pr\u00f3ximas semanas, se determinar\u00e1 c\u00f3mo acelerar el proceso que facilite este proceso de desapalancamiento, de manera que se garantice que activos viables puedan seguir subsistiendo.<\/p>\n<p>El quinto reto, ha continuado, es continuar ganando competitividad, aunque ya se hayan recuperado niveles muy importantes gracias a la estabilidad de precios y una inflaci\u00f3n que seguir\u00e1 controlada en los pr\u00f3ximos meses.<\/p>\n<p>Este ha sido \u00abel factor desencadenante de la mejora de la percepci\u00f3n de la econom\u00eda\u00bb, ha defendido el ministro, gracias tambi\u00e9n a la reforma laboral, cuyos mejores frutos, seg\u00fan sus predicciones, empezar\u00e1n a verse en los pr\u00f3ximos meses.<\/p>\n<p>En sexto lugar, el ministro ha citado la necesidad de reestructurar las normativas que impiden en Espa\u00f1a el pleno desarrollo del entorno empresarial.<\/p>\n<p>Para ello, el Gobierno lanzar\u00e1 una segunda ronda de liberalizaci\u00f3n en los mercados de bienes y servicios, fundamentalmente en el comercio, y lo compaginar\u00e1 con los flujos tur\u00edsticos y el comercio electr\u00f3nico, as\u00ed como con racionalizar la normativa auton\u00f3mica.<\/p>\n<p>En declaraciones previas a su conferencia, De Guindos ha asegurado que el Gobierno intentar\u00e1 minimizar el \u00abimpacto\u00bb para el contribuyente de las fianzas y avales aportados a la constructora Sacyr en 2009 para que optase a las obras del Canal de Panam\u00e1.<\/p>\n<p>Ha considerado que en todo caso el \u00abenorme prestigio\u00bb de la obra p\u00fablica espa\u00f1ola en el exterior no se ver\u00e1 da\u00f1ado si se confirma la \u00abmala noticia\u00bb de la ruptura de las negociaciones para construir la ampliaci\u00f3n del Canal de Panam\u00e1 entre el consorcio liderado por la empresa espa\u00f1ola y las autoridades paname\u00f1as.<\/p>\n","protected":false},"excerpt":{"rendered":"<p>Madrid, 5 f eb (EFE).- El ministro de Econom\u00eda y Competitividad, Luis de Guindos, ha enumerado hoy los seis retos que tiene por delante la econom\u00eda espa\u00f1ola, entre ellos una nueva ronda de liberalizaciones que afectar\u00e1 sobre todo al comercio y un desendeudamiento compatible con la concesi\u00f3n de cr\u00e9dito. En un coloquio organizado en Madrid [&hellip;]<\/p>\n","protected":false},"author":1,"featured_media":484447,"comment_status":"closed","ping_status":"open","sticky":false,"template":"","format":"standard","meta":{"footnotes":""},"categories":[1],"tags":[],"class_list":["post-484446","post","type-post","status-publish","format-standard","has-post-thumbnail","hentry","category-actualidad"],"aioseo_notices":[],"aioseo_head":"\n\t\t<!-- All in One SEO Pro 5.0.1 - aioseo.com -->\n\t<meta name=\"description\" content=\"Madrid, 5 f eb (EFE).- El ministro de Econom\u00eda y Competitividad, Luis de Guindos, ha enumerado hoy los seis retos que tiene por delante la econom\u00eda espa\u00f1ola, entre ellos una nueva ronda de liberalizaciones que afectar\u00e1 sobre todo al comercio y un desendeudamiento compatible con la concesi\u00f3n de cr\u00e9dito. En un coloquio organizado en Madrid\" \/>\n\t<meta name=\"robots\" content=\"max-image-preview:large\" \/>\n\t<meta name=\"author\" content=\"El Digital de Asturias\"\/>\n\t<meta name=\"google-site-verification\" content=\"UA-38556648-1\" \/>\n\t<meta name=\"msvalidate.01\" content=\"7dfe9f3f1b24437ab69f4f2559babe99\" \/>\n\t<meta name=\"keywords\" content=\"actualidad\" \/>\n\t<link rel=\"canonical\" href=\"https:\/\/www.eldigitaldeasturias.com\/noticias\/nuevos-retos-de-la-economia-espanola\/\" \/>\n\t<meta name=\"generator\" content=\"All in One SEO Pro (AIOSEO) 5.0.1\" \/>\n\t\t<meta property=\"og:locale\" content=\"es_ES\" \/>\n\t\t<meta property=\"og:site_name\" content=\"El Digital de Asturias\" \/>\n\t\t<meta property=\"og:type\" content=\"article\" \/>\n\t\t<meta property=\"og:title\" content=\"Nuevos retos de la econom\u00eda espa\u00f1ola - El Digital de Asturias\" \/>\n\t\t<meta property=\"og:description\" content=\"Madrid, 5 f eb (EFE).- El ministro de Econom\u00eda y Competitividad, Luis de Guindos, ha enumerado hoy los seis retos que tiene por delante la econom\u00eda espa\u00f1ola, entre ellos una nueva ronda de liberalizaciones que afectar\u00e1 sobre todo al comercio y un desendeudamiento compatible con la concesi\u00f3n de cr\u00e9dito. En un coloquio organizado en Madrid\" \/>\n\t\t<meta property=\"og:url\" content=\"https:\/\/www.eldigitaldeasturias.com\/noticias\/nuevos-retos-de-la-economia-espanola\/\" \/>\n\t\t<meta property=\"article:tag\" content=\"actualidad\" \/>\n\t\t<meta property=\"article:published_time\" content=\"2014-02-06T01:36:31+00:00\" \/>\n\t\t<meta property=\"article:modified_time\" content=\"2014-02-06T01:36:31+00:00\" \/>\n\t\t<meta property=\"article:publisher\" content=\"https:\/\/facebook.com\/eldigitaldeasturias\" \/>\n\t\t<meta name=\"twitter:card\" content=\"summary_large_image\" \/>\n\t\t<meta name=\"twitter:title\" content=\"Nuevos retos de la econom\u00eda espa\u00f1ola - El Digital de Asturias\" \/>\n\t\t<meta name=\"twitter:description\" content=\"Madrid, 5 f eb (EFE).- El ministro de Econom\u00eda y Competitividad, Luis de Guindos, ha enumerado hoy los seis retos que tiene por delante la econom\u00eda espa\u00f1ola, entre ellos una nueva ronda de liberalizaciones que afectar\u00e1 sobre todo al comercio y un desendeudamiento compatible con la concesi\u00f3n de cr\u00e9dito. En un coloquio organizado en Madrid\" \/>\n\t\t<meta name=\"twitter:label1\" content=\"Escrito por\" \/>\n\t\t<meta name=\"twitter:data1\" content=\"El Digital de Asturias\" \/>\n\t\t<meta name=\"twitter:label2\" content=\"Tiempo de lectura estimado\" \/>\n\t\t<meta name=\"twitter:data2\" content=\"4 minutos\" \/>\n\t\t<script type=\"application\/ld+json\" class=\"aioseo-schema\">\n\t\t\t{\"@context\":\"https:\\\/\\\/schema.org\",\"@graph\":[{\"@type\":\"BlogPosting\",\"@id\":\"https:\\\/\\\/www.eldigitaldeasturias.com\\\/noticias\\\/nuevos-retos-de-la-economia-espanola\\\/#blogposting\",\"name\":\"Nuevos retos de la econom\\u00eda espa\\u00f1ola - El Digital de Asturias\",\"headline\":\"Nuevos retos de la econom\\u00eda espa\\u00f1ola\",\"author\":{\"@id\":\"https:\\\/\\\/www.eldigitaldeasturias.com\\\/noticias\\\/author\\\/admin\\\/#author\"},\"publisher\":{\"@id\":\"https:\\\/\\\/www.eldigitaldeasturias.com\\\/noticias\\\/#organization\"},\"image\":{\"@type\":\"ImageObject\",\"url\":484447},\"datePublished\":\"2014-02-06T00:36:31+01:00\",\"dateModified\":\"2014-02-06T00:36:31+01:00\",\"inLanguage\":\"es-ES\",\"mainEntityOfPage\":{\"@id\":\"https:\\\/\\\/www.eldigitaldeasturias.com\\\/noticias\\\/nuevos-retos-de-la-economia-espanola\\\/#webpage\"},\"isPartOf\":{\"@id\":\"https:\\\/\\\/www.eldigitaldeasturias.com\\\/noticias\\\/nuevos-retos-de-la-economia-espanola\\\/#webpage\"},\"articleSection\":\"Actualidad\"},{\"@type\":\"BreadcrumbList\",\"@id\":\"https:\\\/\\\/www.eldigitaldeasturias.com\\\/noticias\\\/nuevos-retos-de-la-economia-espanola\\\/#breadcrumblist\",\"itemListElement\":[{\"@type\":\"ListItem\",\"@id\":\"https:\\\/\\\/www.eldigitaldeasturias.com\\\/noticias#listItem\",\"position\":1,\"name\":\"Home\",\"item\":\"https:\\\/\\\/www.eldigitaldeasturias.com\\\/noticias\",\"nextItem\":{\"@type\":\"ListItem\",\"@id\":\"https:\\\/\\\/www.eldigitaldeasturias.com\\\/noticias\\\/category\\\/actualidad\\\/#listItem\",\"name\":\"Actualidad\"}},{\"@type\":\"ListItem\",\"@id\":\"https:\\\/\\\/www.eldigitaldeasturias.com\\\/noticias\\\/category\\\/actualidad\\\/#listItem\",\"position\":2,\"name\":\"Actualidad\",\"item\":\"https:\\\/\\\/www.eldigitaldeasturias.com\\\/noticias\\\/category\\\/actualidad\\\/\",\"nextItem\":{\"@type\":\"ListItem\",\"@id\":\"https:\\\/\\\/www.eldigitaldeasturias.com\\\/noticias\\\/nuevos-retos-de-la-economia-espanola\\\/#listItem\",\"name\":\"Nuevos retos de la econom\\u00eda espa\\u00f1ola\"},\"previousItem\":{\"@type\":\"ListItem\",\"@id\":\"https:\\\/\\\/www.eldigitaldeasturias.com\\\/noticias#listItem\",\"name\":\"Home\"}},{\"@type\":\"ListItem\",\"@id\":\"https:\\\/\\\/www.eldigitaldeasturias.com\\\/noticias\\\/nuevos-retos-de-la-economia-espanola\\\/#listItem\",\"position\":3,\"name\":\"Nuevos retos de la econom\\u00eda espa\\u00f1ola\",\"previousItem\":{\"@type\":\"ListItem\",\"@id\":\"https:\\\/\\\/www.eldigitaldeasturias.com\\\/noticias\\\/category\\\/actualidad\\\/#listItem\",\"name\":\"Actualidad\"}}]},{\"@type\":\"Organization\",\"@id\":\"https:\\\/\\\/www.eldigitaldeasturias.com\\\/noticias\\\/#organization\",\"name\":\"El Digital de Asturias\",\"description\":\"Hemeroteca\",\"url\":\"https:\\\/\\\/www.eldigitaldeasturias.com\\\/noticias\\\/\",\"email\":\"info@eldigitaldeasturias.com\",\"telephone\":\"+34652131393\",\"logo\":{\"@type\":\"ImageObject\",\"url\":\"https:\\\/\\\/www.eldigitaldeasturias.com\\\/noticias\\\/wp-content\\\/uploads\\\/2020\\\/12\\\/EDA.jpg\",\"@id\":\"https:\\\/\\\/www.eldigitaldeasturias.com\\\/noticias\\\/nuevos-retos-de-la-economia-espanola\\\/#organizationLogo\"},\"image\":{\"@id\":\"https:\\\/\\\/www.eldigitaldeasturias.com\\\/noticias\\\/nuevos-retos-de-la-economia-espanola\\\/#organizationLogo\"},\"sameAs\":[\"https:\\\/\\\/facebook.com\\\/eldigitaldeasturias\",\"https:\\\/\\\/www.youtube.com\\\/channel\\\/UCZP-2wLEB9Rv6erhFmqVnvg\"],\"address\":{\"@id\":\"https:\\\/\\\/www.eldigitaldeasturias.com\\\/noticias\\\/#postaladdress\",\"@type\":\"PostalAddress\",\"streetAddress\":\"san antonio 4\",\"postalCode\":\"33430\",\"addressLocality\":\"Cand\\u00e1s\",\"addressRegion\":\"Asturias\",\"addressCountry\":\"ES\"}},{\"@type\":\"Person\",\"@id\":\"https:\\\/\\\/www.eldigitaldeasturias.com\\\/noticias\\\/author\\\/admin\\\/#author\",\"url\":\"https:\\\/\\\/www.eldigitaldeasturias.com\\\/noticias\\\/author\\\/admin\\\/\",\"name\":\"El Digital de Asturias\",\"image\":{\"@type\":\"ImageObject\",\"@id\":\"https:\\\/\\\/www.eldigitaldeasturias.com\\\/noticias\\\/nuevos-retos-de-la-economia-espanola\\\/#authorImage\",\"url\":\"https:\\\/\\\/secure.gravatar.com\\\/avatar\\\/df2aeffc32bcd13f8d26072ef8a91b623d677766deac7f97ca815868cd41bf5e?s=96&d=mm&r=g\",\"width\":96,\"height\":96,\"caption\":\"El Digital de Asturias\"}},{\"@type\":\"WebPage\",\"@id\":\"https:\\\/\\\/www.eldigitaldeasturias.com\\\/noticias\\\/nuevos-retos-de-la-economia-espanola\\\/#webpage\",\"url\":\"https:\\\/\\\/www.eldigitaldeasturias.com\\\/noticias\\\/nuevos-retos-de-la-economia-espanola\\\/\",\"name\":\"Nuevos retos de la econom\\u00eda espa\\u00f1ola - El Digital de Asturias\",\"description\":\"Madrid, 5 f eb (EFE).- El ministro de Econom\\u00eda y Competitividad, Luis de Guindos, ha enumerado hoy los seis retos que tiene por delante la econom\\u00eda espa\\u00f1ola, entre ellos una nueva ronda de liberalizaciones que afectar\\u00e1 sobre todo al comercio y un desendeudamiento compatible con la concesi\\u00f3n de cr\\u00e9dito. En un coloquio organizado en Madrid\",\"inLanguage\":\"es-ES\",\"isPartOf\":{\"@id\":\"https:\\\/\\\/www.eldigitaldeasturias.com\\\/noticias\\\/#website\"},\"breadcrumb\":{\"@id\":\"https:\\\/\\\/www.eldigitaldeasturias.com\\\/noticias\\\/nuevos-retos-de-la-economia-espanola\\\/#breadcrumblist\"},\"author\":{\"@id\":\"https:\\\/\\\/www.eldigitaldeasturias.com\\\/noticias\\\/author\\\/admin\\\/#author\"},\"creator\":{\"@id\":\"https:\\\/\\\/www.eldigitaldeasturias.com\\\/noticias\\\/author\\\/admin\\\/#author\"},\"image\":{\"@type\":\"ImageObject\",\"url\":484447,\"@id\":\"https:\\\/\\\/www.eldigitaldeasturias.com\\\/noticias\\\/nuevos-retos-de-la-economia-espanola\\\/#mainImage\"},\"primaryImageOfPage\":{\"@id\":\"https:\\\/\\\/www.eldigitaldeasturias.com\\\/noticias\\\/nuevos-retos-de-la-economia-espanola\\\/#mainImage\"},\"datePublished\":\"2014-02-06T00:36:31+01:00\",\"dateModified\":\"2014-02-06T00:36:31+01:00\"},{\"@type\":\"WebSite\",\"@id\":\"https:\\\/\\\/www.eldigitaldeasturias.com\\\/noticias\\\/#website\",\"url\":\"https:\\\/\\\/www.eldigitaldeasturias.com\\\/noticias\\\/\",\"name\":\"El Digital de Asturias - Diario de actualidad y noticias\",\"alternateName\":\"El Digital de Asturias - Diario de actualidad y noticias\",\"description\":\"Hemeroteca\",\"inLanguage\":\"es-ES\",\"publisher\":{\"@id\":\"https:\\\/\\\/www.eldigitaldeasturias.com\\\/noticias\\\/#organization\"}}]}\n\t\t<\/script>\n\t\t<!-- All in One SEO Pro -->\r\n\t\t<title>Nuevos retos de la econom\u00eda espa\u00f1ola - El Digital de Asturias<\/title>\n\n","aioseo_head_json":{"title":"Nuevos retos de la econom\u00eda espa\u00f1ola - El Digital de Asturias","description":"Madrid, 5 f eb (EFE).- El ministro de Econom\u00eda y Competitividad, Luis de Guindos, ha enumerado hoy los seis retos que tiene por delante la econom\u00eda espa\u00f1ola, entre ellos una nueva ronda de liberalizaciones que afectar\u00e1 sobre todo al comercio y un desendeudamiento compatible con la concesi\u00f3n de cr\u00e9dito. En un coloquio organizado en Madrid","canonical_url":"https:\/\/www.eldigitaldeasturias.com\/noticias\/nuevos-retos-de-la-economia-espanola\/","robots":"max-image-preview:large","keywords":"actualidad","webmasterTools":{"google-site-verification":"UA-38556648-1","msvalidate.01":"7dfe9f3f1b24437ab69f4f2559babe99","miscellaneous":""},"schema":{"@context":"https:\/\/schema.org","@graph":[{"@type":"BlogPosting","@id":"https:\/\/www.eldigitaldeasturias.com\/noticias\/nuevos-retos-de-la-economia-espanola\/#blogposting","name":"Nuevos retos de la econom\u00eda espa\u00f1ola - El Digital de Asturias","headline":"Nuevos retos de la econom\u00eda espa\u00f1ola","author":{"@id":"https:\/\/www.eldigitaldeasturias.com\/noticias\/author\/admin\/#author"},"publisher":{"@id":"https:\/\/www.eldigitaldeasturias.com\/noticias\/#organization"},"image":{"@type":"ImageObject","url":484447},"datePublished":"2014-02-06T00:36:31+01:00","dateModified":"2014-02-06T00:36:31+01:00","inLanguage":"es-ES","mainEntityOfPage":{"@id":"https:\/\/www.eldigitaldeasturias.com\/noticias\/nuevos-retos-de-la-economia-espanola\/#webpage"},"isPartOf":{"@id":"https:\/\/www.eldigitaldeasturias.com\/noticias\/nuevos-retos-de-la-economia-espanola\/#webpage"},"articleSection":"Actualidad"},{"@type":"BreadcrumbList","@id":"https:\/\/www.eldigitaldeasturias.com\/noticias\/nuevos-retos-de-la-economia-espanola\/#breadcrumblist","itemListElement":[{"@type":"ListItem","@id":"https:\/\/www.eldigitaldeasturias.com\/noticias#listItem","position":1,"name":"Home","item":"https:\/\/www.eldigitaldeasturias.com\/noticias","nextItem":{"@type":"ListItem","@id":"https:\/\/www.eldigitaldeasturias.com\/noticias\/category\/actualidad\/#listItem","name":"Actualidad"}},{"@type":"ListItem","@id":"https:\/\/www.eldigitaldeasturias.com\/noticias\/category\/actualidad\/#listItem","position":2,"name":"Actualidad","item":"https:\/\/www.eldigitaldeasturias.com\/noticias\/category\/actualidad\/","nextItem":{"@type":"ListItem","@id":"https:\/\/www.eldigitaldeasturias.com\/noticias\/nuevos-retos-de-la-economia-espanola\/#listItem","name":"Nuevos retos de la econom\u00eda espa\u00f1ola"},"previousItem":{"@type":"ListItem","@id":"https:\/\/www.eldigitaldeasturias.com\/noticias#listItem","name":"Home"}},{"@type":"ListItem","@id":"https:\/\/www.eldigitaldeasturias.com\/noticias\/nuevos-retos-de-la-economia-espanola\/#listItem","position":3,"name":"Nuevos retos de la econom\u00eda espa\u00f1ola","previousItem":{"@type":"ListItem","@id":"https:\/\/www.eldigitaldeasturias.com\/noticias\/category\/actualidad\/#listItem","name":"Actualidad"}}]},{"@type":"Organization","@id":"https:\/\/www.eldigitaldeasturias.com\/noticias\/#organization","name":"El Digital de Asturias","description":"Hemeroteca","url":"https:\/\/www.eldigitaldeasturias.com\/noticias\/","email":"info@eldigitaldeasturias.com","telephone":"+34652131393","logo":{"@type":"ImageObject","url":"https:\/\/www.eldigitaldeasturias.com\/noticias\/wp-content\/uploads\/2020\/12\/EDA.jpg","@id":"https:\/\/www.eldigitaldeasturias.com\/noticias\/nuevos-retos-de-la-economia-espanola\/#organizationLogo"},"image":{"@id":"https:\/\/www.eldigitaldeasturias.com\/noticias\/nuevos-retos-de-la-economia-espanola\/#organizationLogo"},"sameAs":["https:\/\/facebook.com\/eldigitaldeasturias","https:\/\/www.youtube.com\/channel\/UCZP-2wLEB9Rv6erhFmqVnvg"],"address":{"@id":"https:\/\/www.eldigitaldeasturias.com\/noticias\/#postaladdress","@type":"PostalAddress","streetAddress":"san antonio 4","postalCode":"33430","addressLocality":"Cand\u00e1s","addressRegion":"Asturias","addressCountry":"ES"}},{"@type":"Person","@id":"https:\/\/www.eldigitaldeasturias.com\/noticias\/author\/admin\/#author","url":"https:\/\/www.eldigitaldeasturias.com\/noticias\/author\/admin\/","name":"El Digital de Asturias","image":{"@type":"ImageObject","@id":"https:\/\/www.eldigitaldeasturias.com\/noticias\/nuevos-retos-de-la-economia-espanola\/#authorImage","url":"https:\/\/secure.gravatar.com\/avatar\/df2aeffc32bcd13f8d26072ef8a91b623d677766deac7f97ca815868cd41bf5e?s=96&d=mm&r=g","width":96,"height":96,"caption":"El Digital de Asturias"}},{"@type":"WebPage","@id":"https:\/\/www.eldigitaldeasturias.com\/noticias\/nuevos-retos-de-la-economia-espanola\/#webpage","url":"https:\/\/www.eldigitaldeasturias.com\/noticias\/nuevos-retos-de-la-economia-espanola\/","name":"Nuevos retos de la econom\u00eda espa\u00f1ola - El Digital de Asturias","description":"Madrid, 5 f eb (EFE).- El ministro de Econom\u00eda y Competitividad, Luis de Guindos, ha enumerado hoy los seis retos que tiene por delante la econom\u00eda espa\u00f1ola, entre ellos una nueva ronda de liberalizaciones que afectar\u00e1 sobre todo al comercio y un desendeudamiento compatible con la concesi\u00f3n de cr\u00e9dito. En un coloquio organizado en Madrid","inLanguage":"es-ES","isPartOf":{"@id":"https:\/\/www.eldigitaldeasturias.com\/noticias\/#website"},"breadcrumb":{"@id":"https:\/\/www.eldigitaldeasturias.com\/noticias\/nuevos-retos-de-la-economia-espanola\/#breadcrumblist"},"author":{"@id":"https:\/\/www.eldigitaldeasturias.com\/noticias\/author\/admin\/#author"},"creator":{"@id":"https:\/\/www.eldigitaldeasturias.com\/noticias\/author\/admin\/#author"},"image":{"@type":"ImageObject","url":484447,"@id":"https:\/\/www.eldigitaldeasturias.com\/noticias\/nuevos-retos-de-la-economia-espanola\/#mainImage"},"primaryImageOfPage":{"@id":"https:\/\/www.eldigitaldeasturias.com\/noticias\/nuevos-retos-de-la-economia-espanola\/#mainImage"},"datePublished":"2014-02-06T00:36:31+01:00","dateModified":"2014-02-06T00:36:31+01:00"},{"@type":"WebSite","@id":"https:\/\/www.eldigitaldeasturias.com\/noticias\/#website","url":"https:\/\/www.eldigitaldeasturias.com\/noticias\/","name":"El Digital de Asturias - Diario de actualidad y noticias","alternateName":"El Digital de Asturias - Diario de actualidad y noticias","description":"Hemeroteca","inLanguage":"es-ES","publisher":{"@id":"https:\/\/www.eldigitaldeasturias.com\/noticias\/#organization"}}]},"og:locale":"es_ES","og:site_name":"El Digital de Asturias","og:type":"article","og:title":"Nuevos retos de la econom\u00eda espa\u00f1ola - El Digital de Asturias","og:description":"Madrid, 5 f eb (EFE).- El ministro de Econom\u00eda y Competitividad, Luis de Guindos, ha enumerado hoy los seis retos que tiene por delante la econom\u00eda espa\u00f1ola, entre ellos una nueva ronda de liberalizaciones que afectar\u00e1 sobre todo al comercio y un desendeudamiento compatible con la concesi\u00f3n de cr\u00e9dito. En un coloquio organizado en Madrid","og:url":"https:\/\/www.eldigitaldeasturias.com\/noticias\/nuevos-retos-de-la-economia-espanola\/","article:tag":["actualidad"],"article:published_time":"2014-02-06T01:36:31+00:00","article:modified_time":"2014-02-06T01:36:31+00:00","article:publisher":"https:\/\/facebook.com\/eldigitaldeasturias","twitter:card":"summary_large_image","twitter:title":"Nuevos retos de la econom\u00eda espa\u00f1ola - El Digital de Asturias","twitter:description":"Madrid, 5 f eb (EFE).- El ministro de Econom\u00eda y Competitividad, Luis de Guindos, ha enumerado hoy los seis retos que tiene por delante la econom\u00eda espa\u00f1ola, entre ellos una nueva ronda de liberalizaciones que afectar\u00e1 sobre todo al comercio y un desendeudamiento compatible con la concesi\u00f3n de cr\u00e9dito. En un coloquio organizado en Madrid","twitter:label1":"Escrito por","twitter:data1":"El Digital de Asturias","twitter:label2":"Tiempo de lectura estimado","twitter:data2":"4 minutos"},"aioseo_meta_data":{"post_id":"484446","title":null,"description":null,"keywords":null,"keyphrases":null,"primary_term":null,"canonical_url":null,"og_title":null,"og_description":null,"og_object_type":"default","og_image_type":"default","og_image_url":null,"og_image_width":null,"og_image_height":null,"og_image_custom_url":null,"og_image_custom_fields":null,"og_video":null,"og_custom_url":null,"og_article_section":null,"og_article_tags":null,"twitter_use_og":true,"twitter_card":"default","twitter_image_type":"default","twitter_image_url":null,"twitter_image_custom_url":null,"twitter_image_custom_fields":null,"twitter_title":null,"twitter_description":null,"schema":{"blockGraphs":[],"customGraphs":[],"default":{"data":{"Article":[],"Course":[],"Dataset":[],"FAQPage":[],"Movie":[],"Person":[],"Product":[],"ProductReview":[],"Car":[],"Recipe":[],"Service":[],"SoftwareApplication":[],"WebPage":[]},"graphName":"","isEnabled":true},"graphs":[],"defaultGraph":"","defaultPostTypeGraph":""},"schema_type":null,"schema_type_options":null,"pillar_content":false,"robots_default":true,"robots_noindex":false,"robots_noarchive":false,"robots_nosnippet":false,"robots_nofollow":false,"robots_noimageindex":false,"robots_noodp":false,"robots_notranslate":false,"robots_max_snippet":null,"robots_max_videopreview":null,"robots_max_imagepreview":"none","priority":null,"frequency":null,"local_seo":null,"seo_analyzer_scan_date":"2026-06-02 15:51:10","breadcrumb_settings":null,"limit_modified_date":false,"open_ai":null,"ai":null,"created":"2020-11-14 22:55:04","updated":"2026-06-02 15:51:10","focus_keyword":null,"additional_keywords":null,"truseo_locale":null},"aioseo_breadcrumb":"<div class=\"aioseo-breadcrumbs\"><span class=\"aioseo-breadcrumb\">\n\t<a href=\"https:\/\/www.eldigitaldeasturias.com\/noticias\" title=\"Home\">Home<\/a>\n<\/span><span class=\"aioseo-breadcrumb-separator\">\u2013<\/span><span class=\"aioseo-breadcrumb\">\n\t<a href=\"https:\/\/www.eldigitaldeasturias.com\/noticias\/category\/actualidad\/\" title=\"Actualidad\">Actualidad<\/a>\n<\/span><span class=\"aioseo-breadcrumb-separator\">\u2013<\/span><span class=\"aioseo-breadcrumb\">\n\t<a href=\"https:\/\/www.eldigitaldeasturias.com\/noticias\/nuevos-retos-de-la-economia-espanola\/\" title=\"Nuevos retos de la econom\u00eda espa\u00f1ola\">Nuevos retos de la econom\u00eda espa\u00f1ola<\/a>\n<\/span><\/div>","aioseo_breadcrumb_json":[{"label":"Home","link":"https:\/\/www.eldigitaldeasturias.com\/noticias"},{"label":"Actualidad","link":"https:\/\/www.eldigitaldeasturias.com\/noticias\/category\/actualidad\/"},{"label":"Nuevos retos de la econom\u00eda espa\u00f1ola","link":"https:\/\/www.eldigitaldeasturias.com\/noticias\/nuevos-retos-de-la-economia-espanola\/"}],"_links":{"self":[{"href":"https:\/\/www.eldigitaldeasturias.com\/noticias\/wp-json\/wp\/v2\/posts\/484446","targetHints":{"allow":["GET"]}}],"collection":[{"href":"https:\/\/www.eldigitaldeasturias.com\/noticias\/wp-json\/wp\/v2\/posts"}],"about":[{"href":"https:\/\/www.eldigitaldeasturias.com\/noticias\/wp-json\/wp\/v2\/types\/post"}],"author":[{"embeddable":true,"href":"https:\/\/www.eldigitaldeasturias.com\/noticias\/wp-json\/wp\/v2\/users\/1"}],"replies":[{"embeddable":true,"href":"https:\/\/www.eldigitaldeasturias.com\/noticias\/wp-json\/wp\/v2\/comments?post=484446"}],"version-history":[{"count":0,"href":"https:\/\/www.eldigitaldeasturias.com\/noticias\/wp-json\/wp\/v2\/posts\/484446\/revisions"}],"wp:attachment":[{"href":"https:\/\/www.eldigitaldeasturias.com\/noticias\/wp-json\/wp\/v2\/media?parent=484446"}],"wp:term":[{"taxonomy":"category","embeddable":true,"href":"https:\/\/www.eldigitaldeasturias.com\/noticias\/wp-json\/wp\/v2\/categories?post=484446"},{"taxonomy":"post_tag","embeddable":true,"href":"https:\/\/www.eldigitaldeasturias.com\/noticias\/wp-json\/wp\/v2\/tags?post=484446"}],"curies":[{"name":"wp","href":"https:\/\/api.w.org\/{rel}","templated":true}]}}