{"id":484434,"date":"2014-02-06T00:31:34","date_gmt":"2014-02-06T01:31:34","guid":{"rendered":"http:\/\/www.eldigitaldeasturias.com\/noticias\/?p=484434"},"modified":"2014-02-06T00:31:34","modified_gmt":"2014-02-06T01:31:34","slug":"ministra-venezolana-admite-falta-control-en-las-carceles-pero-niega-hacinamiento","status":"publish","type":"post","link":"https:\/\/www.eldigitaldeasturias.com\/noticias\/ministra-venezolana-admite-falta-control-en-las-carceles-pero-niega-hacinamiento\/","title":{"rendered":"Ministra venezolana admite falta control en las c\u00e1rceles pero niega hacinamiento"},"content":{"rendered":"<p><img loading=\"lazy\" decoding=\"async\" class=\"alignleft size-medium wp-image-484435\" alt=\"5913283w\" src=\"https:\/\/www.eldigitaldeasturias.com\/noticias\/wp-content\/uploads\/2014\/02\/5913283w-360x239.jpg\" width=\"360\" height=\"239\" \/>Caracas, 5 feb (EFE).- La ministra venezolana de Asuntos Penitenciarios, Iris Varela, reconoci\u00f3 que el Estado no tiene el control completo de algunas de las c\u00e1rceles del pa\u00eds, pero neg\u00f3 que haya hacinamiento, al asegurar incluso que el n\u00famero total de presos es inferior a la capacidad disponible en los recintos.<\/p>\n<p>En una entrevista publicada hoy en el diario El Universal, la ministra mencion\u00f3 situaciones que revelan c\u00f3mo los reclusos muchas veces controlan el ingreso a las c\u00e1rceles y mantienen, en ocasiones, gobiernos paralelos a los de las autoridades penitenciarias, al amparo de una tenencia ilegal de armas.<\/p>\n<p>\u00abImag\u00ednate que un d\u00eda fue uno de mis trabajadores a un penal y tuvo que pedir permiso para pasar. Le colocaron ocho fusiles en el pecho y lo amenazaron\u00bb, afirm\u00f3.<\/p>\n<p>Al mismo tiempo, indic\u00f3 que su orden de cerrar una discoteca que funcionaba al interior de un penal del estado de Aragua (centro), donde en enero muri\u00f3 una visitante de 18 a\u00f1os producto del consumo de sustancias t\u00f3xicas, no prosper\u00f3 porque los reclusos se negaron a acatarla.<\/p>\n<p>\u00abEl dilema que existe all\u00ed es que tienen un Gobierno implementado y en manos de los privados (reclusos) y no aceptan el r\u00e9gimen, no aceptan disciplina\u00bb, dijo.<\/p>\n<p>Sin embargo, defendi\u00f3 los esfuerzos de su gesti\u00f3n para acabar con las \u00abmafias carcelarias\u00bb, un problema que, consider\u00f3, data de antes de la llegada del chavismo al poder en 1999.<\/p>\n<p>\u00abSi yo quiero ir a contar los presos, hacer el registro (&#8230;), lo hago. No hay qui\u00e9n me lo impida. Aqu\u00ed se acab\u00f3 el malandreo (la delincuencia) y los pactos con mafias carcelarias\u00bb, afirm\u00f3.<\/p>\n<p>\u00abLos privados deben cumplir las normas, aqu\u00ed hay autoridad\u00bb, dijo en otro tramo de la entrevista.<\/p>\n<p>La ministra sali\u00f3 al paso tambi\u00e9n de aquellos que la cuestionan por tomarse fotos con algunos l\u00edderes carcelarios cuando visita penales y manifest\u00f3 que \u00abeso no tiene nada de malo\u00bb, que si pudiera retratarse \u00abcon el papa lo har\u00eda\u00bb.<\/p>\n<p>Tras calificar de \u00abfalsas\u00bb las cifras de la ONG Observatorio Venezolano de Prisiones (OVP) sobre el presunto hacinamiento en las c\u00e1rceles, Varela sostuvo que desde su ministerio se han remodelado espacios que estaban abandonados y que \u00abse trabaja mucho para tener una poblaci\u00f3n holgada en cada centro penitenciario\u00bb.<\/p>\n<p>\u00abTodo ese trabajo est\u00e1 en contra del hacinamiento. Antes s\u00ed lo hab\u00eda, no lo niego, pero ahora no\u00bb, dijo.<\/p>\n<p>Seg\u00fan la ministra, en el pa\u00eds hay un total de 50.000 presos hombres y 2.340 mujeres distribuidos en 49 centros penitenciarios, cuando la capacidad real del sistema es de 55.000 internos.<\/p>\n<p>\u00abTenemos por debajo de la capacidad. Por eso no hay hacinamiento\u00bb, asegur\u00f3.<\/p>\n<p>Sus cifras contrastan con las publicadas la semana pasada por el OVP en su informe anual, que contabiliz\u00f3 53.566 presos en 51 centros de reclusi\u00f3n de Venezuela, incluyendo prisiones, retenes y comisar\u00edas, que est\u00e1n dise\u00f1ados para albergar a 16.189 personas.<\/p>\n<p>El sistema penitenciario venezolano padece una crisis cr\u00f3nica por la falta de control de las prisiones, donde ingresan armas y estupefacientes y hay altas tasas de asesinatos, un problema que el fallecido presidente Hugo Ch\u00e1vez (1999-2013) lleg\u00f3 a tildar de \u00abc\u00e1ncer\u00bb y que lo impuls\u00f3 a crear hace dos a\u00f1os un ministerio dedicado al sector.<\/p>\n<p>Seg\u00fan el OVP, el hacinamiento carcelario lleg\u00f3 al 231 % el a\u00f1o pasado, cuando adem\u00e1s murieron 506 presos en las c\u00e1rceles, una cifra a\u00fan elevada pese a ser un 14 % inferior a la del 2012.<\/p>\n","protected":false},"excerpt":{"rendered":"<p>Caracas, 5 feb (EFE).- La ministra venezolana de Asuntos Penitenciarios, Iris Varela, reconoci\u00f3 que el Estado no tiene el control completo de algunas de las c\u00e1rceles del pa\u00eds, pero neg\u00f3 que haya hacinamiento, al asegurar incluso que el n\u00famero total de presos es inferior a la capacidad disponible en los recintos. En una entrevista publicada [&hellip;]<\/p>\n","protected":false},"author":1,"featured_media":484435,"comment_status":"closed","ping_status":"open","sticky":false,"template":"","format":"standard","meta":{"footnotes":""},"categories":[1],"tags":[],"class_list":["post-484434","post","type-post","status-publish","format-standard","has-post-thumbnail","hentry","category-actualidad"],"aioseo_notices":[],"aioseo_head":"\n\t\t<!-- All in One SEO Pro 5.0.1 - aioseo.com -->\n\t<meta name=\"description\" content=\"Caracas, 5 feb (EFE).- La ministra venezolana de Asuntos Penitenciarios, Iris Varela, reconoci\u00f3 que el Estado no tiene el control completo de algunas de las c\u00e1rceles del pa\u00eds, pero neg\u00f3 que haya hacinamiento, al asegurar incluso que el n\u00famero total de presos es inferior a la capacidad disponible en los recintos. En una entrevista publicada\" \/>\n\t<meta name=\"robots\" content=\"max-image-preview:large\" \/>\n\t<meta name=\"author\" content=\"El Digital de Asturias\"\/>\n\t<meta name=\"google-site-verification\" content=\"UA-38556648-1\" \/>\n\t<meta name=\"msvalidate.01\" content=\"7dfe9f3f1b24437ab69f4f2559babe99\" \/>\n\t<meta name=\"keywords\" content=\"actualidad\" \/>\n\t<link rel=\"canonical\" href=\"https:\/\/www.eldigitaldeasturias.com\/noticias\/ministra-venezolana-admite-falta-control-en-las-carceles-pero-niega-hacinamiento\/\" \/>\n\t<meta name=\"generator\" content=\"All in One SEO Pro (AIOSEO) 5.0.1\" \/>\n\t\t<meta property=\"og:locale\" content=\"es_ES\" \/>\n\t\t<meta property=\"og:site_name\" content=\"El Digital de Asturias\" \/>\n\t\t<meta property=\"og:type\" content=\"article\" \/>\n\t\t<meta property=\"og:title\" content=\"Ministra venezolana admite falta control en las c\u00e1rceles pero niega hacinamiento - El Digital de Asturias\" \/>\n\t\t<meta property=\"og:description\" content=\"Caracas, 5 feb (EFE).- La ministra venezolana de Asuntos Penitenciarios, Iris Varela, reconoci\u00f3 que el Estado no tiene el control completo de algunas de las c\u00e1rceles del pa\u00eds, pero neg\u00f3 que haya hacinamiento, al asegurar incluso que el n\u00famero total de presos es inferior a la capacidad disponible en los recintos. En una entrevista publicada\" \/>\n\t\t<meta property=\"og:url\" content=\"https:\/\/www.eldigitaldeasturias.com\/noticias\/ministra-venezolana-admite-falta-control-en-las-carceles-pero-niega-hacinamiento\/\" \/>\n\t\t<meta property=\"article:tag\" content=\"actualidad\" \/>\n\t\t<meta property=\"article:published_time\" content=\"2014-02-06T01:31:34+00:00\" \/>\n\t\t<meta property=\"article:modified_time\" content=\"2014-02-06T01:31:34+00:00\" \/>\n\t\t<meta property=\"article:publisher\" content=\"https:\/\/facebook.com\/eldigitaldeasturias\" \/>\n\t\t<meta name=\"twitter:card\" content=\"summary_large_image\" \/>\n\t\t<meta name=\"twitter:title\" content=\"Ministra venezolana admite falta control en las c\u00e1rceles pero niega hacinamiento - El Digital de Asturias\" \/>\n\t\t<meta name=\"twitter:description\" content=\"Caracas, 5 feb (EFE).- La ministra venezolana de Asuntos Penitenciarios, Iris Varela, reconoci\u00f3 que el Estado no tiene el control completo de algunas de las c\u00e1rceles del pa\u00eds, pero neg\u00f3 que haya hacinamiento, al asegurar incluso que el n\u00famero total de presos es inferior a la capacidad disponible en los recintos. En una entrevista publicada\" \/>\n\t\t<meta name=\"twitter:label1\" content=\"Escrito por\" \/>\n\t\t<meta name=\"twitter:data1\" content=\"El Digital de Asturias\" \/>\n\t\t<meta name=\"twitter:label2\" content=\"Tiempo de lectura estimado\" \/>\n\t\t<meta name=\"twitter:data2\" content=\"3 minutos\" \/>\n\t\t<script type=\"application\/ld+json\" class=\"aioseo-schema\">\n\t\t\t{\"@context\":\"https:\\\/\\\/schema.org\",\"@graph\":[{\"@type\":\"BlogPosting\",\"@id\":\"https:\\\/\\\/www.eldigitaldeasturias.com\\\/noticias\\\/ministra-venezolana-admite-falta-control-en-las-carceles-pero-niega-hacinamiento\\\/#blogposting\",\"name\":\"Ministra venezolana admite falta control en las c\\u00e1rceles pero niega hacinamiento - El Digital de Asturias\",\"headline\":\"Ministra venezolana admite falta control en las c\\u00e1rceles pero niega hacinamiento\",\"author\":{\"@id\":\"https:\\\/\\\/www.eldigitaldeasturias.com\\\/noticias\\\/author\\\/admin\\\/#author\"},\"publisher\":{\"@id\":\"https:\\\/\\\/www.eldigitaldeasturias.com\\\/noticias\\\/#organization\"},\"image\":{\"@type\":\"ImageObject\",\"url\":484435},\"datePublished\":\"2014-02-06T00:31:34+01:00\",\"dateModified\":\"2014-02-06T00:31:34+01:00\",\"inLanguage\":\"es-ES\",\"mainEntityOfPage\":{\"@id\":\"https:\\\/\\\/www.eldigitaldeasturias.com\\\/noticias\\\/ministra-venezolana-admite-falta-control-en-las-carceles-pero-niega-hacinamiento\\\/#webpage\"},\"isPartOf\":{\"@id\":\"https:\\\/\\\/www.eldigitaldeasturias.com\\\/noticias\\\/ministra-venezolana-admite-falta-control-en-las-carceles-pero-niega-hacinamiento\\\/#webpage\"},\"articleSection\":\"Actualidad\"},{\"@type\":\"BreadcrumbList\",\"@id\":\"https:\\\/\\\/www.eldigitaldeasturias.com\\\/noticias\\\/ministra-venezolana-admite-falta-control-en-las-carceles-pero-niega-hacinamiento\\\/#breadcrumblist\",\"itemListElement\":[{\"@type\":\"ListItem\",\"@id\":\"https:\\\/\\\/www.eldigitaldeasturias.com\\\/noticias#listItem\",\"position\":1,\"name\":\"Home\",\"item\":\"https:\\\/\\\/www.eldigitaldeasturias.com\\\/noticias\",\"nextItem\":{\"@type\":\"ListItem\",\"@id\":\"https:\\\/\\\/www.eldigitaldeasturias.com\\\/noticias\\\/category\\\/actualidad\\\/#listItem\",\"name\":\"Actualidad\"}},{\"@type\":\"ListItem\",\"@id\":\"https:\\\/\\\/www.eldigitaldeasturias.com\\\/noticias\\\/category\\\/actualidad\\\/#listItem\",\"position\":2,\"name\":\"Actualidad\",\"item\":\"https:\\\/\\\/www.eldigitaldeasturias.com\\\/noticias\\\/category\\\/actualidad\\\/\",\"nextItem\":{\"@type\":\"ListItem\",\"@id\":\"https:\\\/\\\/www.eldigitaldeasturias.com\\\/noticias\\\/ministra-venezolana-admite-falta-control-en-las-carceles-pero-niega-hacinamiento\\\/#listItem\",\"name\":\"Ministra venezolana admite falta control en las c\\u00e1rceles pero niega hacinamiento\"},\"previousItem\":{\"@type\":\"ListItem\",\"@id\":\"https:\\\/\\\/www.eldigitaldeasturias.com\\\/noticias#listItem\",\"name\":\"Home\"}},{\"@type\":\"ListItem\",\"@id\":\"https:\\\/\\\/www.eldigitaldeasturias.com\\\/noticias\\\/ministra-venezolana-admite-falta-control-en-las-carceles-pero-niega-hacinamiento\\\/#listItem\",\"position\":3,\"name\":\"Ministra venezolana admite falta control en las c\\u00e1rceles pero niega hacinamiento\",\"previousItem\":{\"@type\":\"ListItem\",\"@id\":\"https:\\\/\\\/www.eldigitaldeasturias.com\\\/noticias\\\/category\\\/actualidad\\\/#listItem\",\"name\":\"Actualidad\"}}]},{\"@type\":\"Organization\",\"@id\":\"https:\\\/\\\/www.eldigitaldeasturias.com\\\/noticias\\\/#organization\",\"name\":\"El Digital de Asturias\",\"description\":\"Hemeroteca\",\"url\":\"https:\\\/\\\/www.eldigitaldeasturias.com\\\/noticias\\\/\",\"email\":\"info@eldigitaldeasturias.com\",\"telephone\":\"+34652131393\",\"logo\":{\"@type\":\"ImageObject\",\"url\":\"https:\\\/\\\/www.eldigitaldeasturias.com\\\/noticias\\\/wp-content\\\/uploads\\\/2020\\\/12\\\/EDA.jpg\",\"@id\":\"https:\\\/\\\/www.eldigitaldeasturias.com\\\/noticias\\\/ministra-venezolana-admite-falta-control-en-las-carceles-pero-niega-hacinamiento\\\/#organizationLogo\"},\"image\":{\"@id\":\"https:\\\/\\\/www.eldigitaldeasturias.com\\\/noticias\\\/ministra-venezolana-admite-falta-control-en-las-carceles-pero-niega-hacinamiento\\\/#organizationLogo\"},\"sameAs\":[\"https:\\\/\\\/facebook.com\\\/eldigitaldeasturias\",\"https:\\\/\\\/www.youtube.com\\\/channel\\\/UCZP-2wLEB9Rv6erhFmqVnvg\"],\"address\":{\"@id\":\"https:\\\/\\\/www.eldigitaldeasturias.com\\\/noticias\\\/#postaladdress\",\"@type\":\"PostalAddress\",\"streetAddress\":\"san antonio 4\",\"postalCode\":\"33430\",\"addressLocality\":\"Cand\\u00e1s\",\"addressRegion\":\"Asturias\",\"addressCountry\":\"ES\"}},{\"@type\":\"Person\",\"@id\":\"https:\\\/\\\/www.eldigitaldeasturias.com\\\/noticias\\\/author\\\/admin\\\/#author\",\"url\":\"https:\\\/\\\/www.eldigitaldeasturias.com\\\/noticias\\\/author\\\/admin\\\/\",\"name\":\"El Digital de Asturias\",\"image\":{\"@type\":\"ImageObject\",\"@id\":\"https:\\\/\\\/www.eldigitaldeasturias.com\\\/noticias\\\/ministra-venezolana-admite-falta-control-en-las-carceles-pero-niega-hacinamiento\\\/#authorImage\",\"url\":\"https:\\\/\\\/secure.gravatar.com\\\/avatar\\\/df2aeffc32bcd13f8d26072ef8a91b623d677766deac7f97ca815868cd41bf5e?s=96&d=mm&r=g\",\"width\":96,\"height\":96,\"caption\":\"El Digital de Asturias\"}},{\"@type\":\"WebPage\",\"@id\":\"https:\\\/\\\/www.eldigitaldeasturias.com\\\/noticias\\\/ministra-venezolana-admite-falta-control-en-las-carceles-pero-niega-hacinamiento\\\/#webpage\",\"url\":\"https:\\\/\\\/www.eldigitaldeasturias.com\\\/noticias\\\/ministra-venezolana-admite-falta-control-en-las-carceles-pero-niega-hacinamiento\\\/\",\"name\":\"Ministra venezolana admite falta control en las c\\u00e1rceles pero niega hacinamiento - El Digital de Asturias\",\"description\":\"Caracas, 5 feb (EFE).- La ministra venezolana de Asuntos Penitenciarios, Iris Varela, reconoci\\u00f3 que el Estado no tiene el control completo de algunas de las c\\u00e1rceles del pa\\u00eds, pero neg\\u00f3 que haya hacinamiento, al asegurar incluso que el n\\u00famero total de presos es inferior a la capacidad disponible en los recintos. En una entrevista publicada\",\"inLanguage\":\"es-ES\",\"isPartOf\":{\"@id\":\"https:\\\/\\\/www.eldigitaldeasturias.com\\\/noticias\\\/#website\"},\"breadcrumb\":{\"@id\":\"https:\\\/\\\/www.eldigitaldeasturias.com\\\/noticias\\\/ministra-venezolana-admite-falta-control-en-las-carceles-pero-niega-hacinamiento\\\/#breadcrumblist\"},\"author\":{\"@id\":\"https:\\\/\\\/www.eldigitaldeasturias.com\\\/noticias\\\/author\\\/admin\\\/#author\"},\"creator\":{\"@id\":\"https:\\\/\\\/www.eldigitaldeasturias.com\\\/noticias\\\/author\\\/admin\\\/#author\"},\"image\":{\"@type\":\"ImageObject\",\"url\":484435,\"@id\":\"https:\\\/\\\/www.eldigitaldeasturias.com\\\/noticias\\\/ministra-venezolana-admite-falta-control-en-las-carceles-pero-niega-hacinamiento\\\/#mainImage\"},\"primaryImageOfPage\":{\"@id\":\"https:\\\/\\\/www.eldigitaldeasturias.com\\\/noticias\\\/ministra-venezolana-admite-falta-control-en-las-carceles-pero-niega-hacinamiento\\\/#mainImage\"},\"datePublished\":\"2014-02-06T00:31:34+01:00\",\"dateModified\":\"2014-02-06T00:31:34+01:00\"},{\"@type\":\"WebSite\",\"@id\":\"https:\\\/\\\/www.eldigitaldeasturias.com\\\/noticias\\\/#website\",\"url\":\"https:\\\/\\\/www.eldigitaldeasturias.com\\\/noticias\\\/\",\"name\":\"El Digital de Asturias - Diario de actualidad y noticias\",\"alternateName\":\"El Digital de Asturias - Diario de actualidad y noticias\",\"description\":\"Hemeroteca\",\"inLanguage\":\"es-ES\",\"publisher\":{\"@id\":\"https:\\\/\\\/www.eldigitaldeasturias.com\\\/noticias\\\/#organization\"}}]}\n\t\t<\/script>\n\t\t<!-- All in One SEO Pro -->\r\n\t\t<title>Ministra venezolana admite falta control en las c\u00e1rceles pero niega hacinamiento - El Digital de Asturias<\/title>\n\n","aioseo_head_json":{"title":"Ministra venezolana admite falta control en las c\u00e1rceles pero niega hacinamiento - El Digital de Asturias","description":"Caracas, 5 feb (EFE).- La ministra venezolana de Asuntos Penitenciarios, Iris Varela, reconoci\u00f3 que el Estado no tiene el control completo de algunas de las c\u00e1rceles del pa\u00eds, pero neg\u00f3 que haya hacinamiento, al asegurar incluso que el n\u00famero total de presos es inferior a la capacidad disponible en los recintos. En una entrevista publicada","canonical_url":"https:\/\/www.eldigitaldeasturias.com\/noticias\/ministra-venezolana-admite-falta-control-en-las-carceles-pero-niega-hacinamiento\/","robots":"max-image-preview:large","keywords":"actualidad","webmasterTools":{"google-site-verification":"UA-38556648-1","msvalidate.01":"7dfe9f3f1b24437ab69f4f2559babe99","miscellaneous":""},"schema":{"@context":"https:\/\/schema.org","@graph":[{"@type":"BlogPosting","@id":"https:\/\/www.eldigitaldeasturias.com\/noticias\/ministra-venezolana-admite-falta-control-en-las-carceles-pero-niega-hacinamiento\/#blogposting","name":"Ministra venezolana admite falta control en las c\u00e1rceles pero niega hacinamiento - El Digital de Asturias","headline":"Ministra venezolana admite falta control en las c\u00e1rceles pero niega hacinamiento","author":{"@id":"https:\/\/www.eldigitaldeasturias.com\/noticias\/author\/admin\/#author"},"publisher":{"@id":"https:\/\/www.eldigitaldeasturias.com\/noticias\/#organization"},"image":{"@type":"ImageObject","url":484435},"datePublished":"2014-02-06T00:31:34+01:00","dateModified":"2014-02-06T00:31:34+01:00","inLanguage":"es-ES","mainEntityOfPage":{"@id":"https:\/\/www.eldigitaldeasturias.com\/noticias\/ministra-venezolana-admite-falta-control-en-las-carceles-pero-niega-hacinamiento\/#webpage"},"isPartOf":{"@id":"https:\/\/www.eldigitaldeasturias.com\/noticias\/ministra-venezolana-admite-falta-control-en-las-carceles-pero-niega-hacinamiento\/#webpage"},"articleSection":"Actualidad"},{"@type":"BreadcrumbList","@id":"https:\/\/www.eldigitaldeasturias.com\/noticias\/ministra-venezolana-admite-falta-control-en-las-carceles-pero-niega-hacinamiento\/#breadcrumblist","itemListElement":[{"@type":"ListItem","@id":"https:\/\/www.eldigitaldeasturias.com\/noticias#listItem","position":1,"name":"Home","item":"https:\/\/www.eldigitaldeasturias.com\/noticias","nextItem":{"@type":"ListItem","@id":"https:\/\/www.eldigitaldeasturias.com\/noticias\/category\/actualidad\/#listItem","name":"Actualidad"}},{"@type":"ListItem","@id":"https:\/\/www.eldigitaldeasturias.com\/noticias\/category\/actualidad\/#listItem","position":2,"name":"Actualidad","item":"https:\/\/www.eldigitaldeasturias.com\/noticias\/category\/actualidad\/","nextItem":{"@type":"ListItem","@id":"https:\/\/www.eldigitaldeasturias.com\/noticias\/ministra-venezolana-admite-falta-control-en-las-carceles-pero-niega-hacinamiento\/#listItem","name":"Ministra venezolana admite falta control en las c\u00e1rceles pero niega hacinamiento"},"previousItem":{"@type":"ListItem","@id":"https:\/\/www.eldigitaldeasturias.com\/noticias#listItem","name":"Home"}},{"@type":"ListItem","@id":"https:\/\/www.eldigitaldeasturias.com\/noticias\/ministra-venezolana-admite-falta-control-en-las-carceles-pero-niega-hacinamiento\/#listItem","position":3,"name":"Ministra venezolana admite falta control en las c\u00e1rceles pero niega hacinamiento","previousItem":{"@type":"ListItem","@id":"https:\/\/www.eldigitaldeasturias.com\/noticias\/category\/actualidad\/#listItem","name":"Actualidad"}}]},{"@type":"Organization","@id":"https:\/\/www.eldigitaldeasturias.com\/noticias\/#organization","name":"El Digital de Asturias","description":"Hemeroteca","url":"https:\/\/www.eldigitaldeasturias.com\/noticias\/","email":"info@eldigitaldeasturias.com","telephone":"+34652131393","logo":{"@type":"ImageObject","url":"https:\/\/www.eldigitaldeasturias.com\/noticias\/wp-content\/uploads\/2020\/12\/EDA.jpg","@id":"https:\/\/www.eldigitaldeasturias.com\/noticias\/ministra-venezolana-admite-falta-control-en-las-carceles-pero-niega-hacinamiento\/#organizationLogo"},"image":{"@id":"https:\/\/www.eldigitaldeasturias.com\/noticias\/ministra-venezolana-admite-falta-control-en-las-carceles-pero-niega-hacinamiento\/#organizationLogo"},"sameAs":["https:\/\/facebook.com\/eldigitaldeasturias","https:\/\/www.youtube.com\/channel\/UCZP-2wLEB9Rv6erhFmqVnvg"],"address":{"@id":"https:\/\/www.eldigitaldeasturias.com\/noticias\/#postaladdress","@type":"PostalAddress","streetAddress":"san antonio 4","postalCode":"33430","addressLocality":"Cand\u00e1s","addressRegion":"Asturias","addressCountry":"ES"}},{"@type":"Person","@id":"https:\/\/www.eldigitaldeasturias.com\/noticias\/author\/admin\/#author","url":"https:\/\/www.eldigitaldeasturias.com\/noticias\/author\/admin\/","name":"El Digital de Asturias","image":{"@type":"ImageObject","@id":"https:\/\/www.eldigitaldeasturias.com\/noticias\/ministra-venezolana-admite-falta-control-en-las-carceles-pero-niega-hacinamiento\/#authorImage","url":"https:\/\/secure.gravatar.com\/avatar\/df2aeffc32bcd13f8d26072ef8a91b623d677766deac7f97ca815868cd41bf5e?s=96&d=mm&r=g","width":96,"height":96,"caption":"El Digital de Asturias"}},{"@type":"WebPage","@id":"https:\/\/www.eldigitaldeasturias.com\/noticias\/ministra-venezolana-admite-falta-control-en-las-carceles-pero-niega-hacinamiento\/#webpage","url":"https:\/\/www.eldigitaldeasturias.com\/noticias\/ministra-venezolana-admite-falta-control-en-las-carceles-pero-niega-hacinamiento\/","name":"Ministra venezolana admite falta control en las c\u00e1rceles pero niega hacinamiento - El Digital de Asturias","description":"Caracas, 5 feb (EFE).- La ministra venezolana de Asuntos Penitenciarios, Iris Varela, reconoci\u00f3 que el Estado no tiene el control completo de algunas de las c\u00e1rceles del pa\u00eds, pero neg\u00f3 que haya hacinamiento, al asegurar incluso que el n\u00famero total de presos es inferior a la capacidad disponible en los recintos. En una entrevista publicada","inLanguage":"es-ES","isPartOf":{"@id":"https:\/\/www.eldigitaldeasturias.com\/noticias\/#website"},"breadcrumb":{"@id":"https:\/\/www.eldigitaldeasturias.com\/noticias\/ministra-venezolana-admite-falta-control-en-las-carceles-pero-niega-hacinamiento\/#breadcrumblist"},"author":{"@id":"https:\/\/www.eldigitaldeasturias.com\/noticias\/author\/admin\/#author"},"creator":{"@id":"https:\/\/www.eldigitaldeasturias.com\/noticias\/author\/admin\/#author"},"image":{"@type":"ImageObject","url":484435,"@id":"https:\/\/www.eldigitaldeasturias.com\/noticias\/ministra-venezolana-admite-falta-control-en-las-carceles-pero-niega-hacinamiento\/#mainImage"},"primaryImageOfPage":{"@id":"https:\/\/www.eldigitaldeasturias.com\/noticias\/ministra-venezolana-admite-falta-control-en-las-carceles-pero-niega-hacinamiento\/#mainImage"},"datePublished":"2014-02-06T00:31:34+01:00","dateModified":"2014-02-06T00:31:34+01:00"},{"@type":"WebSite","@id":"https:\/\/www.eldigitaldeasturias.com\/noticias\/#website","url":"https:\/\/www.eldigitaldeasturias.com\/noticias\/","name":"El Digital de Asturias - Diario de actualidad y noticias","alternateName":"El Digital de Asturias - Diario de actualidad y noticias","description":"Hemeroteca","inLanguage":"es-ES","publisher":{"@id":"https:\/\/www.eldigitaldeasturias.com\/noticias\/#organization"}}]},"og:locale":"es_ES","og:site_name":"El Digital de Asturias","og:type":"article","og:title":"Ministra venezolana admite falta control en las c\u00e1rceles pero niega hacinamiento - El Digital de Asturias","og:description":"Caracas, 5 feb (EFE).- La ministra venezolana de Asuntos Penitenciarios, Iris Varela, reconoci\u00f3 que el Estado no tiene el control completo de algunas de las c\u00e1rceles del pa\u00eds, pero neg\u00f3 que haya hacinamiento, al asegurar incluso que el n\u00famero total de presos es inferior a la capacidad disponible en los recintos. En una entrevista publicada","og:url":"https:\/\/www.eldigitaldeasturias.com\/noticias\/ministra-venezolana-admite-falta-control-en-las-carceles-pero-niega-hacinamiento\/","article:tag":["actualidad"],"article:published_time":"2014-02-06T01:31:34+00:00","article:modified_time":"2014-02-06T01:31:34+00:00","article:publisher":"https:\/\/facebook.com\/eldigitaldeasturias","twitter:card":"summary_large_image","twitter:title":"Ministra venezolana admite falta control en las c\u00e1rceles pero niega hacinamiento - El Digital de Asturias","twitter:description":"Caracas, 5 feb (EFE).- La ministra venezolana de Asuntos Penitenciarios, Iris Varela, reconoci\u00f3 que el Estado no tiene el control completo de algunas de las c\u00e1rceles del pa\u00eds, pero neg\u00f3 que haya hacinamiento, al asegurar incluso que el n\u00famero total de presos es inferior a la capacidad disponible en los recintos. En una entrevista publicada","twitter:label1":"Escrito por","twitter:data1":"El Digital de Asturias","twitter:label2":"Tiempo de lectura estimado","twitter:data2":"3 minutos"},"aioseo_meta_data":{"post_id":"484434","title":null,"description":null,"keywords":null,"keyphrases":null,"primary_term":null,"canonical_url":null,"og_title":null,"og_description":null,"og_object_type":"default","og_image_type":"default","og_image_url":null,"og_image_width":null,"og_image_height":null,"og_image_custom_url":null,"og_image_custom_fields":null,"og_video":null,"og_custom_url":null,"og_article_section":null,"og_article_tags":null,"twitter_use_og":true,"twitter_card":"default","twitter_image_type":"default","twitter_image_url":null,"twitter_image_custom_url":null,"twitter_image_custom_fields":null,"twitter_title":null,"twitter_description":null,"schema":{"blockGraphs":[],"customGraphs":[],"default":{"data":{"Article":[],"Course":[],"Dataset":[],"FAQPage":[],"Movie":[],"Person":[],"Product":[],"ProductReview":[],"Car":[],"Recipe":[],"Service":[],"SoftwareApplication":[],"WebPage":[]},"graphName":"","isEnabled":true},"graphs":[],"defaultGraph":"","defaultPostTypeGraph":""},"schema_type":null,"schema_type_options":null,"pillar_content":false,"robots_default":true,"robots_noindex":false,"robots_noarchive":false,"robots_nosnippet":false,"robots_nofollow":false,"robots_noimageindex":false,"robots_noodp":false,"robots_notranslate":false,"robots_max_snippet":null,"robots_max_videopreview":null,"robots_max_imagepreview":"none","priority":null,"frequency":null,"local_seo":null,"seo_analyzer_scan_date":"2026-06-02 15:48:56","breadcrumb_settings":null,"limit_modified_date":false,"open_ai":null,"ai":null,"created":"2020-11-14 22:55:04","updated":"2026-06-02 15:48:56","focus_keyword":null,"additional_keywords":null,"truseo_locale":null},"aioseo_breadcrumb":"<div class=\"aioseo-breadcrumbs\"><span class=\"aioseo-breadcrumb\">\n\t<a href=\"https:\/\/www.eldigitaldeasturias.com\/noticias\" title=\"Home\">Home<\/a>\n<\/span><span class=\"aioseo-breadcrumb-separator\">\u2013<\/span><span class=\"aioseo-breadcrumb\">\n\t<a href=\"https:\/\/www.eldigitaldeasturias.com\/noticias\/category\/actualidad\/\" title=\"Actualidad\">Actualidad<\/a>\n<\/span><span class=\"aioseo-breadcrumb-separator\">\u2013<\/span><span class=\"aioseo-breadcrumb\">\n\t<a href=\"https:\/\/www.eldigitaldeasturias.com\/noticias\/ministra-venezolana-admite-falta-control-en-las-carceles-pero-niega-hacinamiento\/\" title=\"Ministra venezolana admite falta control en las c\u00e1rceles pero niega hacinamiento\">Ministra venezolana admite falta control en las c\u00e1rceles pero niega hacinamiento<\/a>\n<\/span><\/div>","aioseo_breadcrumb_json":[{"label":"Home","link":"https:\/\/www.eldigitaldeasturias.com\/noticias"},{"label":"Actualidad","link":"https:\/\/www.eldigitaldeasturias.com\/noticias\/category\/actualidad\/"},{"label":"Ministra venezolana admite falta control en las c\u00e1rceles pero niega hacinamiento","link":"https:\/\/www.eldigitaldeasturias.com\/noticias\/ministra-venezolana-admite-falta-control-en-las-carceles-pero-niega-hacinamiento\/"}],"_links":{"self":[{"href":"https:\/\/www.eldigitaldeasturias.com\/noticias\/wp-json\/wp\/v2\/posts\/484434","targetHints":{"allow":["GET"]}}],"collection":[{"href":"https:\/\/www.eldigitaldeasturias.com\/noticias\/wp-json\/wp\/v2\/posts"}],"about":[{"href":"https:\/\/www.eldigitaldeasturias.com\/noticias\/wp-json\/wp\/v2\/types\/post"}],"author":[{"embeddable":true,"href":"https:\/\/www.eldigitaldeasturias.com\/noticias\/wp-json\/wp\/v2\/users\/1"}],"replies":[{"embeddable":true,"href":"https:\/\/www.eldigitaldeasturias.com\/noticias\/wp-json\/wp\/v2\/comments?post=484434"}],"version-history":[{"count":0,"href":"https:\/\/www.eldigitaldeasturias.com\/noticias\/wp-json\/wp\/v2\/posts\/484434\/revisions"}],"wp:attachment":[{"href":"https:\/\/www.eldigitaldeasturias.com\/noticias\/wp-json\/wp\/v2\/media?parent=484434"}],"wp:term":[{"taxonomy":"category","embeddable":true,"href":"https:\/\/www.eldigitaldeasturias.com\/noticias\/wp-json\/wp\/v2\/categories?post=484434"},{"taxonomy":"post_tag","embeddable":true,"href":"https:\/\/www.eldigitaldeasturias.com\/noticias\/wp-json\/wp\/v2\/tags?post=484434"}],"curies":[{"name":"wp","href":"https:\/\/api.w.org\/{rel}","templated":true}]}}