{"id":484407,"date":"2014-02-06T00:21:45","date_gmt":"2014-02-06T01:21:45","guid":{"rendered":"http:\/\/www.eldigitaldeasturias.com\/noticias\/?p=484407"},"modified":"2014-02-06T00:21:45","modified_gmt":"2014-02-06T01:21:45","slug":"de-guindos-afirma-que-industria-presentara-propuestas-para-fijar-el-precio-de-la-tarifa-electrica","status":"publish","type":"post","link":"https:\/\/www.eldigitaldeasturias.com\/noticias\/de-guindos-afirma-que-industria-presentara-propuestas-para-fijar-el-precio-de-la-tarifa-electrica\/","title":{"rendered":"De Guindos afirma que Industria presentar\u00e1 propuestas para fijar el precio de la tarifa el\u00e9ctrica"},"content":{"rendered":"<p><img loading=\"lazy\" decoding=\"async\" class=\"alignleft size-medium wp-image-484408\" alt=\"5912996w\" src=\"https:\/\/www.eldigitaldeasturias.com\/noticias\/wp-content\/uploads\/2014\/02\/5912996w-360x281.jpg\" width=\"360\" height=\"281\" \/>Madrid, 5 feb (EFE).- El ministro de Econom\u00eda, Luis de Guindos, ha adelantado hoy que en las pr\u00f3ximas semanas el Ministerio de Industria llevar\u00e1 al Consejo de Ministros su propuesta para reformar el sistema para fijar el precio de la tarifa el\u00e9ctrica.<\/p>\n<p>De Guindos ha hecho este anuncio durante su intervenci\u00f3n en una jornada organizada por APD, y ha explicado que aunque dichas medidas las anunciar\u00e1 el ministro de Industria, Jos\u00e9 Manuel Soria, \u00e9stas tienen que ver con la fijaci\u00f3n del precio de la electricidad.<\/p>\n<p>\u00abUn precio que seguir\u00e1 estando orientado al mercado, pero que evitar\u00e1 situaciones como las vividas en el pasado\u00bb, ha asegurado el ministro de Econom\u00eda, que tambi\u00e9n ha a\u00f1adido que el Gobierno tomar\u00e1 medidas para incrementar la competencia en el mercado el\u00e9ctrico espa\u00f1ol.<\/p>\n<p>\u00abEspa\u00f1a ten\u00eda un d\u00e9ficit el\u00e9ctrico enorme\u00bb, ha manifestado De Guindos, que ha recordado que el Gobierno ha tomado medidas en este sentido, lo que en su opini\u00f3n \u00abdesde el punto de vista macroecon\u00f3mico es positivo porque indica que uno de los desequilibrios de la econom\u00eda espa\u00f1ola ha ido desapareciendo\u00bb.<\/p>\n<p>El pasado mes de diciembre, el Gobierno suspendi\u00f3 la aplicaci\u00f3n del resultado de la subasta el\u00e9ctrica -con la que tradicionalmente se determina el componente energ\u00e9tico de la tarifa, a la que est\u00e1n acogidos unos 16 millones de consumidores- ante la concurrencia de \u00abcircunstancias at\u00edpicas\u00bb que hubieran llevado a una subida de la luz de m\u00e1s del 10 %.<\/p>\n<p>El Ejecutivo fij\u00f3 un precio el\u00e9ctrico provisional para el primer trimestre del a\u00f1o y anunci\u00f3 que reformar\u00eda el sistema de fijaci\u00f3n de este componente de la tarifa, con el objetivo de evitar grandes oscilaciones, durante el primer trimestre del a\u00f1o.<\/p>\n","protected":false},"excerpt":{"rendered":"<p>Madrid, 5 feb (EFE).- El ministro de Econom\u00eda, Luis de Guindos, ha adelantado hoy que en las pr\u00f3ximas semanas el Ministerio de Industria llevar\u00e1 al Consejo de Ministros su propuesta para reformar el sistema para fijar el precio de la tarifa el\u00e9ctrica. De Guindos ha hecho este anuncio durante su intervenci\u00f3n en una jornada organizada [&hellip;]<\/p>\n","protected":false},"author":1,"featured_media":484408,"comment_status":"closed","ping_status":"open","sticky":false,"template":"","format":"standard","meta":{"footnotes":""},"categories":[1],"tags":[],"class_list":["post-484407","post","type-post","status-publish","format-standard","has-post-thumbnail","hentry","category-actualidad"],"aioseo_notices":[],"aioseo_head":"\n\t\t<!-- All in One SEO Pro 5.0.1 - aioseo.com -->\n\t<meta name=\"description\" content=\"Madrid, 5 feb (EFE).- El ministro de Econom\u00eda, Luis de Guindos, ha adelantado hoy que en las pr\u00f3ximas semanas el Ministerio de Industria llevar\u00e1 al Consejo de Ministros su propuesta para reformar el sistema para fijar el precio de la tarifa el\u00e9ctrica. De Guindos ha hecho este anuncio durante su intervenci\u00f3n en una jornada organizada\" \/>\n\t<meta name=\"robots\" content=\"max-image-preview:large\" \/>\n\t<meta name=\"author\" content=\"El Digital de Asturias\"\/>\n\t<meta name=\"google-site-verification\" content=\"UA-38556648-1\" \/>\n\t<meta name=\"msvalidate.01\" content=\"7dfe9f3f1b24437ab69f4f2559babe99\" \/>\n\t<meta name=\"keywords\" content=\"actualidad\" \/>\n\t<link rel=\"canonical\" href=\"https:\/\/www.eldigitaldeasturias.com\/noticias\/de-guindos-afirma-que-industria-presentara-propuestas-para-fijar-el-precio-de-la-tarifa-electrica\/\" \/>\n\t<meta name=\"generator\" content=\"All in One SEO Pro (AIOSEO) 5.0.1\" \/>\n\t\t<meta property=\"og:locale\" content=\"es_ES\" \/>\n\t\t<meta property=\"og:site_name\" content=\"El Digital de Asturias\" \/>\n\t\t<meta property=\"og:type\" content=\"article\" \/>\n\t\t<meta property=\"og:title\" content=\"De Guindos afirma que Industria presentar\u00e1 propuestas para fijar el precio de la tarifa el\u00e9ctrica - El Digital de Asturias\" \/>\n\t\t<meta property=\"og:description\" content=\"Madrid, 5 feb (EFE).- El ministro de Econom\u00eda, Luis de Guindos, ha adelantado hoy que en las pr\u00f3ximas semanas el Ministerio de Industria llevar\u00e1 al Consejo de Ministros su propuesta para reformar el sistema para fijar el precio de la tarifa el\u00e9ctrica. De Guindos ha hecho este anuncio durante su intervenci\u00f3n en una jornada organizada\" \/>\n\t\t<meta property=\"og:url\" content=\"https:\/\/www.eldigitaldeasturias.com\/noticias\/de-guindos-afirma-que-industria-presentara-propuestas-para-fijar-el-precio-de-la-tarifa-electrica\/\" \/>\n\t\t<meta property=\"article:tag\" content=\"actualidad\" \/>\n\t\t<meta property=\"article:published_time\" content=\"2014-02-06T01:21:45+00:00\" \/>\n\t\t<meta property=\"article:modified_time\" content=\"2014-02-06T01:21:45+00:00\" \/>\n\t\t<meta property=\"article:publisher\" content=\"https:\/\/facebook.com\/eldigitaldeasturias\" \/>\n\t\t<meta name=\"twitter:card\" content=\"summary_large_image\" \/>\n\t\t<meta name=\"twitter:title\" content=\"De Guindos afirma que Industria presentar\u00e1 propuestas para fijar el precio de la tarifa el\u00e9ctrica - El Digital de Asturias\" \/>\n\t\t<meta name=\"twitter:description\" content=\"Madrid, 5 feb (EFE).- El ministro de Econom\u00eda, Luis de Guindos, ha adelantado hoy que en las pr\u00f3ximas semanas el Ministerio de Industria llevar\u00e1 al Consejo de Ministros su propuesta para reformar el sistema para fijar el precio de la tarifa el\u00e9ctrica. De Guindos ha hecho este anuncio durante su intervenci\u00f3n en una jornada organizada\" \/>\n\t\t<meta name=\"twitter:label1\" content=\"Escrito por\" \/>\n\t\t<meta name=\"twitter:data1\" content=\"El Digital de Asturias\" \/>\n\t\t<meta name=\"twitter:label2\" content=\"Tiempo de lectura estimado\" \/>\n\t\t<meta name=\"twitter:data2\" content=\"2 minutos\" \/>\n\t\t<script type=\"application\/ld+json\" class=\"aioseo-schema\">\n\t\t\t{\"@context\":\"https:\\\/\\\/schema.org\",\"@graph\":[{\"@type\":\"BlogPosting\",\"@id\":\"https:\\\/\\\/www.eldigitaldeasturias.com\\\/noticias\\\/de-guindos-afirma-que-industria-presentara-propuestas-para-fijar-el-precio-de-la-tarifa-electrica\\\/#blogposting\",\"name\":\"De Guindos afirma que Industria presentar\\u00e1 propuestas para fijar el precio de la tarifa el\\u00e9ctrica - El Digital de Asturias\",\"headline\":\"De Guindos afirma que Industria presentar\\u00e1 propuestas para fijar el precio de la tarifa el\\u00e9ctrica\",\"author\":{\"@id\":\"https:\\\/\\\/www.eldigitaldeasturias.com\\\/noticias\\\/author\\\/admin\\\/#author\"},\"publisher\":{\"@id\":\"https:\\\/\\\/www.eldigitaldeasturias.com\\\/noticias\\\/#organization\"},\"image\":{\"@type\":\"ImageObject\",\"url\":484408},\"datePublished\":\"2014-02-06T00:21:45+01:00\",\"dateModified\":\"2014-02-06T00:21:45+01:00\",\"inLanguage\":\"es-ES\",\"mainEntityOfPage\":{\"@id\":\"https:\\\/\\\/www.eldigitaldeasturias.com\\\/noticias\\\/de-guindos-afirma-que-industria-presentara-propuestas-para-fijar-el-precio-de-la-tarifa-electrica\\\/#webpage\"},\"isPartOf\":{\"@id\":\"https:\\\/\\\/www.eldigitaldeasturias.com\\\/noticias\\\/de-guindos-afirma-que-industria-presentara-propuestas-para-fijar-el-precio-de-la-tarifa-electrica\\\/#webpage\"},\"articleSection\":\"Actualidad\"},{\"@type\":\"BreadcrumbList\",\"@id\":\"https:\\\/\\\/www.eldigitaldeasturias.com\\\/noticias\\\/de-guindos-afirma-que-industria-presentara-propuestas-para-fijar-el-precio-de-la-tarifa-electrica\\\/#breadcrumblist\",\"itemListElement\":[{\"@type\":\"ListItem\",\"@id\":\"https:\\\/\\\/www.eldigitaldeasturias.com\\\/noticias#listItem\",\"position\":1,\"name\":\"Home\",\"item\":\"https:\\\/\\\/www.eldigitaldeasturias.com\\\/noticias\",\"nextItem\":{\"@type\":\"ListItem\",\"@id\":\"https:\\\/\\\/www.eldigitaldeasturias.com\\\/noticias\\\/category\\\/actualidad\\\/#listItem\",\"name\":\"Actualidad\"}},{\"@type\":\"ListItem\",\"@id\":\"https:\\\/\\\/www.eldigitaldeasturias.com\\\/noticias\\\/category\\\/actualidad\\\/#listItem\",\"position\":2,\"name\":\"Actualidad\",\"item\":\"https:\\\/\\\/www.eldigitaldeasturias.com\\\/noticias\\\/category\\\/actualidad\\\/\",\"nextItem\":{\"@type\":\"ListItem\",\"@id\":\"https:\\\/\\\/www.eldigitaldeasturias.com\\\/noticias\\\/de-guindos-afirma-que-industria-presentara-propuestas-para-fijar-el-precio-de-la-tarifa-electrica\\\/#listItem\",\"name\":\"De Guindos afirma que Industria presentar\\u00e1 propuestas para fijar el precio de la tarifa el\\u00e9ctrica\"},\"previousItem\":{\"@type\":\"ListItem\",\"@id\":\"https:\\\/\\\/www.eldigitaldeasturias.com\\\/noticias#listItem\",\"name\":\"Home\"}},{\"@type\":\"ListItem\",\"@id\":\"https:\\\/\\\/www.eldigitaldeasturias.com\\\/noticias\\\/de-guindos-afirma-que-industria-presentara-propuestas-para-fijar-el-precio-de-la-tarifa-electrica\\\/#listItem\",\"position\":3,\"name\":\"De Guindos afirma que Industria presentar\\u00e1 propuestas para fijar el precio de la tarifa el\\u00e9ctrica\",\"previousItem\":{\"@type\":\"ListItem\",\"@id\":\"https:\\\/\\\/www.eldigitaldeasturias.com\\\/noticias\\\/category\\\/actualidad\\\/#listItem\",\"name\":\"Actualidad\"}}]},{\"@type\":\"Organization\",\"@id\":\"https:\\\/\\\/www.eldigitaldeasturias.com\\\/noticias\\\/#organization\",\"name\":\"El Digital de Asturias\",\"description\":\"Hemeroteca\",\"url\":\"https:\\\/\\\/www.eldigitaldeasturias.com\\\/noticias\\\/\",\"email\":\"info@eldigitaldeasturias.com\",\"telephone\":\"+34652131393\",\"logo\":{\"@type\":\"ImageObject\",\"url\":\"https:\\\/\\\/www.eldigitaldeasturias.com\\\/noticias\\\/wp-content\\\/uploads\\\/2020\\\/12\\\/EDA.jpg\",\"@id\":\"https:\\\/\\\/www.eldigitaldeasturias.com\\\/noticias\\\/de-guindos-afirma-que-industria-presentara-propuestas-para-fijar-el-precio-de-la-tarifa-electrica\\\/#organizationLogo\"},\"image\":{\"@id\":\"https:\\\/\\\/www.eldigitaldeasturias.com\\\/noticias\\\/de-guindos-afirma-que-industria-presentara-propuestas-para-fijar-el-precio-de-la-tarifa-electrica\\\/#organizationLogo\"},\"sameAs\":[\"https:\\\/\\\/facebook.com\\\/eldigitaldeasturias\",\"https:\\\/\\\/www.youtube.com\\\/channel\\\/UCZP-2wLEB9Rv6erhFmqVnvg\"],\"address\":{\"@id\":\"https:\\\/\\\/www.eldigitaldeasturias.com\\\/noticias\\\/#postaladdress\",\"@type\":\"PostalAddress\",\"streetAddress\":\"san antonio 4\",\"postalCode\":\"33430\",\"addressLocality\":\"Cand\\u00e1s\",\"addressRegion\":\"Asturias\",\"addressCountry\":\"ES\"}},{\"@type\":\"Person\",\"@id\":\"https:\\\/\\\/www.eldigitaldeasturias.com\\\/noticias\\\/author\\\/admin\\\/#author\",\"url\":\"https:\\\/\\\/www.eldigitaldeasturias.com\\\/noticias\\\/author\\\/admin\\\/\",\"name\":\"El Digital de Asturias\",\"image\":{\"@type\":\"ImageObject\",\"@id\":\"https:\\\/\\\/www.eldigitaldeasturias.com\\\/noticias\\\/de-guindos-afirma-que-industria-presentara-propuestas-para-fijar-el-precio-de-la-tarifa-electrica\\\/#authorImage\",\"url\":\"https:\\\/\\\/secure.gravatar.com\\\/avatar\\\/df2aeffc32bcd13f8d26072ef8a91b623d677766deac7f97ca815868cd41bf5e?s=96&d=mm&r=g\",\"width\":96,\"height\":96,\"caption\":\"El Digital de Asturias\"}},{\"@type\":\"WebPage\",\"@id\":\"https:\\\/\\\/www.eldigitaldeasturias.com\\\/noticias\\\/de-guindos-afirma-que-industria-presentara-propuestas-para-fijar-el-precio-de-la-tarifa-electrica\\\/#webpage\",\"url\":\"https:\\\/\\\/www.eldigitaldeasturias.com\\\/noticias\\\/de-guindos-afirma-que-industria-presentara-propuestas-para-fijar-el-precio-de-la-tarifa-electrica\\\/\",\"name\":\"De Guindos afirma que Industria presentar\\u00e1 propuestas para fijar el precio de la tarifa el\\u00e9ctrica - El Digital de Asturias\",\"description\":\"Madrid, 5 feb (EFE).- El ministro de Econom\\u00eda, Luis de Guindos, ha adelantado hoy que en las pr\\u00f3ximas semanas el Ministerio de Industria llevar\\u00e1 al Consejo de Ministros su propuesta para reformar el sistema para fijar el precio de la tarifa el\\u00e9ctrica. De Guindos ha hecho este anuncio durante su intervenci\\u00f3n en una jornada organizada\",\"inLanguage\":\"es-ES\",\"isPartOf\":{\"@id\":\"https:\\\/\\\/www.eldigitaldeasturias.com\\\/noticias\\\/#website\"},\"breadcrumb\":{\"@id\":\"https:\\\/\\\/www.eldigitaldeasturias.com\\\/noticias\\\/de-guindos-afirma-que-industria-presentara-propuestas-para-fijar-el-precio-de-la-tarifa-electrica\\\/#breadcrumblist\"},\"author\":{\"@id\":\"https:\\\/\\\/www.eldigitaldeasturias.com\\\/noticias\\\/author\\\/admin\\\/#author\"},\"creator\":{\"@id\":\"https:\\\/\\\/www.eldigitaldeasturias.com\\\/noticias\\\/author\\\/admin\\\/#author\"},\"image\":{\"@type\":\"ImageObject\",\"url\":484408,\"@id\":\"https:\\\/\\\/www.eldigitaldeasturias.com\\\/noticias\\\/de-guindos-afirma-que-industria-presentara-propuestas-para-fijar-el-precio-de-la-tarifa-electrica\\\/#mainImage\"},\"primaryImageOfPage\":{\"@id\":\"https:\\\/\\\/www.eldigitaldeasturias.com\\\/noticias\\\/de-guindos-afirma-que-industria-presentara-propuestas-para-fijar-el-precio-de-la-tarifa-electrica\\\/#mainImage\"},\"datePublished\":\"2014-02-06T00:21:45+01:00\",\"dateModified\":\"2014-02-06T00:21:45+01:00\"},{\"@type\":\"WebSite\",\"@id\":\"https:\\\/\\\/www.eldigitaldeasturias.com\\\/noticias\\\/#website\",\"url\":\"https:\\\/\\\/www.eldigitaldeasturias.com\\\/noticias\\\/\",\"name\":\"El Digital de Asturias - Diario de actualidad y noticias\",\"alternateName\":\"El Digital de Asturias - Diario de actualidad y noticias\",\"description\":\"Hemeroteca\",\"inLanguage\":\"es-ES\",\"publisher\":{\"@id\":\"https:\\\/\\\/www.eldigitaldeasturias.com\\\/noticias\\\/#organization\"}}]}\n\t\t<\/script>\n\t\t<!-- All in One SEO Pro -->\r\n\t\t<title>De Guindos afirma que Industria presentar\u00e1 propuestas para fijar el precio de la tarifa el\u00e9ctrica - El Digital de Asturias<\/title>\n\n","aioseo_head_json":{"title":"De Guindos afirma que Industria presentar\u00e1 propuestas para fijar el precio de la tarifa el\u00e9ctrica - El Digital de Asturias","description":"Madrid, 5 feb (EFE).- El ministro de Econom\u00eda, Luis de Guindos, ha adelantado hoy que en las pr\u00f3ximas semanas el Ministerio de Industria llevar\u00e1 al Consejo de Ministros su propuesta para reformar el sistema para fijar el precio de la tarifa el\u00e9ctrica. De Guindos ha hecho este anuncio durante su intervenci\u00f3n en una jornada organizada","canonical_url":"https:\/\/www.eldigitaldeasturias.com\/noticias\/de-guindos-afirma-que-industria-presentara-propuestas-para-fijar-el-precio-de-la-tarifa-electrica\/","robots":"max-image-preview:large","keywords":"actualidad","webmasterTools":{"google-site-verification":"UA-38556648-1","msvalidate.01":"7dfe9f3f1b24437ab69f4f2559babe99","miscellaneous":""},"schema":{"@context":"https:\/\/schema.org","@graph":[{"@type":"BlogPosting","@id":"https:\/\/www.eldigitaldeasturias.com\/noticias\/de-guindos-afirma-que-industria-presentara-propuestas-para-fijar-el-precio-de-la-tarifa-electrica\/#blogposting","name":"De Guindos afirma que Industria presentar\u00e1 propuestas para fijar el precio de la tarifa el\u00e9ctrica - El Digital de Asturias","headline":"De Guindos afirma que Industria presentar\u00e1 propuestas para fijar el precio de la tarifa el\u00e9ctrica","author":{"@id":"https:\/\/www.eldigitaldeasturias.com\/noticias\/author\/admin\/#author"},"publisher":{"@id":"https:\/\/www.eldigitaldeasturias.com\/noticias\/#organization"},"image":{"@type":"ImageObject","url":484408},"datePublished":"2014-02-06T00:21:45+01:00","dateModified":"2014-02-06T00:21:45+01:00","inLanguage":"es-ES","mainEntityOfPage":{"@id":"https:\/\/www.eldigitaldeasturias.com\/noticias\/de-guindos-afirma-que-industria-presentara-propuestas-para-fijar-el-precio-de-la-tarifa-electrica\/#webpage"},"isPartOf":{"@id":"https:\/\/www.eldigitaldeasturias.com\/noticias\/de-guindos-afirma-que-industria-presentara-propuestas-para-fijar-el-precio-de-la-tarifa-electrica\/#webpage"},"articleSection":"Actualidad"},{"@type":"BreadcrumbList","@id":"https:\/\/www.eldigitaldeasturias.com\/noticias\/de-guindos-afirma-que-industria-presentara-propuestas-para-fijar-el-precio-de-la-tarifa-electrica\/#breadcrumblist","itemListElement":[{"@type":"ListItem","@id":"https:\/\/www.eldigitaldeasturias.com\/noticias#listItem","position":1,"name":"Home","item":"https:\/\/www.eldigitaldeasturias.com\/noticias","nextItem":{"@type":"ListItem","@id":"https:\/\/www.eldigitaldeasturias.com\/noticias\/category\/actualidad\/#listItem","name":"Actualidad"}},{"@type":"ListItem","@id":"https:\/\/www.eldigitaldeasturias.com\/noticias\/category\/actualidad\/#listItem","position":2,"name":"Actualidad","item":"https:\/\/www.eldigitaldeasturias.com\/noticias\/category\/actualidad\/","nextItem":{"@type":"ListItem","@id":"https:\/\/www.eldigitaldeasturias.com\/noticias\/de-guindos-afirma-que-industria-presentara-propuestas-para-fijar-el-precio-de-la-tarifa-electrica\/#listItem","name":"De Guindos afirma que Industria presentar\u00e1 propuestas para fijar el precio de la tarifa el\u00e9ctrica"},"previousItem":{"@type":"ListItem","@id":"https:\/\/www.eldigitaldeasturias.com\/noticias#listItem","name":"Home"}},{"@type":"ListItem","@id":"https:\/\/www.eldigitaldeasturias.com\/noticias\/de-guindos-afirma-que-industria-presentara-propuestas-para-fijar-el-precio-de-la-tarifa-electrica\/#listItem","position":3,"name":"De Guindos afirma que Industria presentar\u00e1 propuestas para fijar el precio de la tarifa el\u00e9ctrica","previousItem":{"@type":"ListItem","@id":"https:\/\/www.eldigitaldeasturias.com\/noticias\/category\/actualidad\/#listItem","name":"Actualidad"}}]},{"@type":"Organization","@id":"https:\/\/www.eldigitaldeasturias.com\/noticias\/#organization","name":"El Digital de Asturias","description":"Hemeroteca","url":"https:\/\/www.eldigitaldeasturias.com\/noticias\/","email":"info@eldigitaldeasturias.com","telephone":"+34652131393","logo":{"@type":"ImageObject","url":"https:\/\/www.eldigitaldeasturias.com\/noticias\/wp-content\/uploads\/2020\/12\/EDA.jpg","@id":"https:\/\/www.eldigitaldeasturias.com\/noticias\/de-guindos-afirma-que-industria-presentara-propuestas-para-fijar-el-precio-de-la-tarifa-electrica\/#organizationLogo"},"image":{"@id":"https:\/\/www.eldigitaldeasturias.com\/noticias\/de-guindos-afirma-que-industria-presentara-propuestas-para-fijar-el-precio-de-la-tarifa-electrica\/#organizationLogo"},"sameAs":["https:\/\/facebook.com\/eldigitaldeasturias","https:\/\/www.youtube.com\/channel\/UCZP-2wLEB9Rv6erhFmqVnvg"],"address":{"@id":"https:\/\/www.eldigitaldeasturias.com\/noticias\/#postaladdress","@type":"PostalAddress","streetAddress":"san antonio 4","postalCode":"33430","addressLocality":"Cand\u00e1s","addressRegion":"Asturias","addressCountry":"ES"}},{"@type":"Person","@id":"https:\/\/www.eldigitaldeasturias.com\/noticias\/author\/admin\/#author","url":"https:\/\/www.eldigitaldeasturias.com\/noticias\/author\/admin\/","name":"El Digital de Asturias","image":{"@type":"ImageObject","@id":"https:\/\/www.eldigitaldeasturias.com\/noticias\/de-guindos-afirma-que-industria-presentara-propuestas-para-fijar-el-precio-de-la-tarifa-electrica\/#authorImage","url":"https:\/\/secure.gravatar.com\/avatar\/df2aeffc32bcd13f8d26072ef8a91b623d677766deac7f97ca815868cd41bf5e?s=96&d=mm&r=g","width":96,"height":96,"caption":"El Digital de Asturias"}},{"@type":"WebPage","@id":"https:\/\/www.eldigitaldeasturias.com\/noticias\/de-guindos-afirma-que-industria-presentara-propuestas-para-fijar-el-precio-de-la-tarifa-electrica\/#webpage","url":"https:\/\/www.eldigitaldeasturias.com\/noticias\/de-guindos-afirma-que-industria-presentara-propuestas-para-fijar-el-precio-de-la-tarifa-electrica\/","name":"De Guindos afirma que Industria presentar\u00e1 propuestas para fijar el precio de la tarifa el\u00e9ctrica - El Digital de Asturias","description":"Madrid, 5 feb (EFE).- El ministro de Econom\u00eda, Luis de Guindos, ha adelantado hoy que en las pr\u00f3ximas semanas el Ministerio de Industria llevar\u00e1 al Consejo de Ministros su propuesta para reformar el sistema para fijar el precio de la tarifa el\u00e9ctrica. De Guindos ha hecho este anuncio durante su intervenci\u00f3n en una jornada organizada","inLanguage":"es-ES","isPartOf":{"@id":"https:\/\/www.eldigitaldeasturias.com\/noticias\/#website"},"breadcrumb":{"@id":"https:\/\/www.eldigitaldeasturias.com\/noticias\/de-guindos-afirma-que-industria-presentara-propuestas-para-fijar-el-precio-de-la-tarifa-electrica\/#breadcrumblist"},"author":{"@id":"https:\/\/www.eldigitaldeasturias.com\/noticias\/author\/admin\/#author"},"creator":{"@id":"https:\/\/www.eldigitaldeasturias.com\/noticias\/author\/admin\/#author"},"image":{"@type":"ImageObject","url":484408,"@id":"https:\/\/www.eldigitaldeasturias.com\/noticias\/de-guindos-afirma-que-industria-presentara-propuestas-para-fijar-el-precio-de-la-tarifa-electrica\/#mainImage"},"primaryImageOfPage":{"@id":"https:\/\/www.eldigitaldeasturias.com\/noticias\/de-guindos-afirma-que-industria-presentara-propuestas-para-fijar-el-precio-de-la-tarifa-electrica\/#mainImage"},"datePublished":"2014-02-06T00:21:45+01:00","dateModified":"2014-02-06T00:21:45+01:00"},{"@type":"WebSite","@id":"https:\/\/www.eldigitaldeasturias.com\/noticias\/#website","url":"https:\/\/www.eldigitaldeasturias.com\/noticias\/","name":"El Digital de Asturias - Diario de actualidad y noticias","alternateName":"El Digital de Asturias - Diario de actualidad y noticias","description":"Hemeroteca","inLanguage":"es-ES","publisher":{"@id":"https:\/\/www.eldigitaldeasturias.com\/noticias\/#organization"}}]},"og:locale":"es_ES","og:site_name":"El Digital de Asturias","og:type":"article","og:title":"De Guindos afirma que Industria presentar\u00e1 propuestas para fijar el precio de la tarifa el\u00e9ctrica - El Digital de Asturias","og:description":"Madrid, 5 feb (EFE).- El ministro de Econom\u00eda, Luis de Guindos, ha adelantado hoy que en las pr\u00f3ximas semanas el Ministerio de Industria llevar\u00e1 al Consejo de Ministros su propuesta para reformar el sistema para fijar el precio de la tarifa el\u00e9ctrica. De Guindos ha hecho este anuncio durante su intervenci\u00f3n en una jornada organizada","og:url":"https:\/\/www.eldigitaldeasturias.com\/noticias\/de-guindos-afirma-que-industria-presentara-propuestas-para-fijar-el-precio-de-la-tarifa-electrica\/","article:tag":["actualidad"],"article:published_time":"2014-02-06T01:21:45+00:00","article:modified_time":"2014-02-06T01:21:45+00:00","article:publisher":"https:\/\/facebook.com\/eldigitaldeasturias","twitter:card":"summary_large_image","twitter:title":"De Guindos afirma que Industria presentar\u00e1 propuestas para fijar el precio de la tarifa el\u00e9ctrica - El Digital de Asturias","twitter:description":"Madrid, 5 feb (EFE).- El ministro de Econom\u00eda, Luis de Guindos, ha adelantado hoy que en las pr\u00f3ximas semanas el Ministerio de Industria llevar\u00e1 al Consejo de Ministros su propuesta para reformar el sistema para fijar el precio de la tarifa el\u00e9ctrica. De Guindos ha hecho este anuncio durante su intervenci\u00f3n en una jornada organizada","twitter:label1":"Escrito por","twitter:data1":"El Digital de Asturias","twitter:label2":"Tiempo de lectura estimado","twitter:data2":"2 minutos"},"aioseo_meta_data":{"post_id":"484407","title":null,"description":null,"keywords":null,"keyphrases":null,"primary_term":null,"canonical_url":null,"og_title":null,"og_description":null,"og_object_type":"default","og_image_type":"default","og_image_url":null,"og_image_width":null,"og_image_height":null,"og_image_custom_url":null,"og_image_custom_fields":null,"og_video":null,"og_custom_url":null,"og_article_section":null,"og_article_tags":null,"twitter_use_og":true,"twitter_card":"default","twitter_image_type":"default","twitter_image_url":null,"twitter_image_custom_url":null,"twitter_image_custom_fields":null,"twitter_title":null,"twitter_description":null,"schema":{"blockGraphs":[],"customGraphs":[],"default":{"data":{"Article":[],"Course":[],"Dataset":[],"FAQPage":[],"Movie":[],"Person":[],"Product":[],"ProductReview":[],"Car":[],"Recipe":[],"Service":[],"SoftwareApplication":[],"WebPage":[]},"graphName":"","isEnabled":true},"graphs":[],"defaultGraph":"","defaultPostTypeGraph":""},"schema_type":null,"schema_type_options":null,"pillar_content":false,"robots_default":true,"robots_noindex":false,"robots_noarchive":false,"robots_nosnippet":false,"robots_nofollow":false,"robots_noimageindex":false,"robots_noodp":false,"robots_notranslate":false,"robots_max_snippet":null,"robots_max_videopreview":null,"robots_max_imagepreview":"none","priority":null,"frequency":null,"local_seo":null,"seo_analyzer_scan_date":"2026-06-02 15:44:47","breadcrumb_settings":null,"limit_modified_date":false,"open_ai":null,"ai":null,"created":"2020-11-14 22:55:04","updated":"2026-06-02 15:44:47","focus_keyword":null,"additional_keywords":null,"truseo_locale":null},"aioseo_breadcrumb":"<div class=\"aioseo-breadcrumbs\"><span class=\"aioseo-breadcrumb\">\n\t<a href=\"https:\/\/www.eldigitaldeasturias.com\/noticias\" title=\"Home\">Home<\/a>\n<\/span><span class=\"aioseo-breadcrumb-separator\">\u2013<\/span><span class=\"aioseo-breadcrumb\">\n\t<a href=\"https:\/\/www.eldigitaldeasturias.com\/noticias\/category\/actualidad\/\" title=\"Actualidad\">Actualidad<\/a>\n<\/span><span class=\"aioseo-breadcrumb-separator\">\u2013<\/span><span class=\"aioseo-breadcrumb\">\n\t<a href=\"https:\/\/www.eldigitaldeasturias.com\/noticias\/de-guindos-afirma-que-industria-presentara-propuestas-para-fijar-el-precio-de-la-tarifa-electrica\/\" title=\"De Guindos afirma que Industria presentar\u00e1 propuestas para fijar el precio de la tarifa el\u00e9ctrica\">De Guindos afirma que Industria presentar\u00e1 propuestas para fijar el precio de la tarifa el\u00e9ctrica<\/a>\n<\/span><\/div>","aioseo_breadcrumb_json":[{"label":"Home","link":"https:\/\/www.eldigitaldeasturias.com\/noticias"},{"label":"Actualidad","link":"https:\/\/www.eldigitaldeasturias.com\/noticias\/category\/actualidad\/"},{"label":"De Guindos afirma que Industria presentar\u00e1 propuestas para fijar el precio de la tarifa el\u00e9ctrica","link":"https:\/\/www.eldigitaldeasturias.com\/noticias\/de-guindos-afirma-que-industria-presentara-propuestas-para-fijar-el-precio-de-la-tarifa-electrica\/"}],"_links":{"self":[{"href":"https:\/\/www.eldigitaldeasturias.com\/noticias\/wp-json\/wp\/v2\/posts\/484407","targetHints":{"allow":["GET"]}}],"collection":[{"href":"https:\/\/www.eldigitaldeasturias.com\/noticias\/wp-json\/wp\/v2\/posts"}],"about":[{"href":"https:\/\/www.eldigitaldeasturias.com\/noticias\/wp-json\/wp\/v2\/types\/post"}],"author":[{"embeddable":true,"href":"https:\/\/www.eldigitaldeasturias.com\/noticias\/wp-json\/wp\/v2\/users\/1"}],"replies":[{"embeddable":true,"href":"https:\/\/www.eldigitaldeasturias.com\/noticias\/wp-json\/wp\/v2\/comments?post=484407"}],"version-history":[{"count":0,"href":"https:\/\/www.eldigitaldeasturias.com\/noticias\/wp-json\/wp\/v2\/posts\/484407\/revisions"}],"wp:attachment":[{"href":"https:\/\/www.eldigitaldeasturias.com\/noticias\/wp-json\/wp\/v2\/media?parent=484407"}],"wp:term":[{"taxonomy":"category","embeddable":true,"href":"https:\/\/www.eldigitaldeasturias.com\/noticias\/wp-json\/wp\/v2\/categories?post=484407"},{"taxonomy":"post_tag","embeddable":true,"href":"https:\/\/www.eldigitaldeasturias.com\/noticias\/wp-json\/wp\/v2\/tags?post=484407"}],"curies":[{"name":"wp","href":"https:\/\/api.w.org\/{rel}","templated":true}]}}