{"id":484398,"date":"2014-02-06T00:18:44","date_gmt":"2014-02-06T01:18:44","guid":{"rendered":"http:\/\/www.eldigitaldeasturias.com\/noticias\/?p=484398"},"modified":"2014-02-06T00:18:44","modified_gmt":"2014-02-06T01:18:44","slug":"el-frob-aclara-que-solo-quiere-saber-si-ya-es-el-momento-de-vender-bankia","status":"publish","type":"post","link":"https:\/\/www.eldigitaldeasturias.com\/noticias\/el-frob-aclara-que-solo-quiere-saber-si-ya-es-el-momento-de-vender-bankia\/","title":{"rendered":"El FROB aclara que s\u00f3lo quiere saber si ya es el momento de vender Bankia"},"content":{"rendered":"<p><img loading=\"lazy\" decoding=\"async\" class=\"alignleft size-medium wp-image-484399\" alt=\"5911898w\" src=\"https:\/\/www.eldigitaldeasturias.com\/noticias\/wp-content\/uploads\/2014\/02\/5911898w-360x239.jpg\" width=\"360\" height=\"239\" \/>Madrid, 5 feb (EFE).- El fondo de rescate espa\u00f1ol, el FROB, ha aclarado que s\u00f3lo quiere saber si ya es el mejor momento para vender la participaci\u00f3n p\u00fablica en Bankia o conviene esperar, seg\u00fan ha explicado hoy el presidente del organismo, Fernando Restoy.<\/p>\n<p>Durante su comparecencia en la Comisi\u00f3n de Econom\u00eda del Congreso, el m\u00e1ximo responsable del Frob ha considerado que es \u00abrazonable\u00bb iniciar la reflexi\u00f3n sobre si ha llegado el momento de empezar a vender la participaci\u00f3n p\u00fablica en Bankia y, por ello, se busca \u00abal menos\u00bb un banco de inversi\u00f3n.<\/p>\n<p>En cualquier caso, un d\u00eda despu\u00e9s de conocerse que el FROB hab\u00eda sacado un concurso para elegir al menos un banco de inversi\u00f3n que le ayude en la venta de Bankia, Restoy ha pedido \u00abm\u00e1xima cautela\u00bb.<\/p>\n<p>En respuesta a los diputados, ha insistido en que se trata s\u00f3lo de conocer cu\u00e1l es la f\u00f3rmula que debe emplearse para proceder a esta enajenaci\u00f3n, con la idea de preservar el patrimonio p\u00fablico.<\/p>\n<p>En estos momentos, ha a\u00f1adido, el valor total en Bolsa de Bankia es de unos 15.300 millones de euros y, en torno a un tercio es propiedad del FROB, lo que da una idea de que se podr\u00eda recuperar el dinero inyectado en la entidad.<\/p>\n<p>Es m\u00e1s, Bankia cotiza a 1,5 veces su valor contable, lo que supone que est\u00e1 entre los 2 \u00f3 3 niveles m\u00e1s altos de todas las entidades financieras de Europa.<\/p>\n<p>Todo ello hace, en su opini\u00f3n, \u00abrazonable\u00bb que se inicie la reflexi\u00f3n de si se debe empezar a vender la entidad.<\/p>\n","protected":false},"excerpt":{"rendered":"<p>Madrid, 5 feb (EFE).- El fondo de rescate espa\u00f1ol, el FROB, ha aclarado que s\u00f3lo quiere saber si ya es el mejor momento para vender la participaci\u00f3n p\u00fablica en Bankia o conviene esperar, seg\u00fan ha explicado hoy el presidente del organismo, Fernando Restoy. Durante su comparecencia en la Comisi\u00f3n de Econom\u00eda del Congreso, el m\u00e1ximo [&hellip;]<\/p>\n","protected":false},"author":1,"featured_media":484399,"comment_status":"closed","ping_status":"open","sticky":false,"template":"","format":"standard","meta":{"footnotes":""},"categories":[1],"tags":[],"class_list":["post-484398","post","type-post","status-publish","format-standard","has-post-thumbnail","hentry","category-actualidad"],"aioseo_notices":[],"aioseo_head":"\n\t\t<!-- All in One SEO Pro 5.0.1 - aioseo.com -->\n\t<meta name=\"description\" content=\"Madrid, 5 feb (EFE).- El fondo de rescate espa\u00f1ol, el FROB, ha aclarado que s\u00f3lo quiere saber si ya es el mejor momento para vender la participaci\u00f3n p\u00fablica en Bankia o conviene esperar, seg\u00fan ha explicado hoy el presidente del organismo, Fernando Restoy. Durante su comparecencia en la Comisi\u00f3n de Econom\u00eda del Congreso, el m\u00e1ximo\" \/>\n\t<meta name=\"robots\" content=\"max-image-preview:large\" \/>\n\t<meta name=\"author\" content=\"El Digital de Asturias\"\/>\n\t<meta name=\"google-site-verification\" content=\"UA-38556648-1\" \/>\n\t<meta name=\"msvalidate.01\" content=\"7dfe9f3f1b24437ab69f4f2559babe99\" \/>\n\t<meta name=\"keywords\" content=\"actualidad\" \/>\n\t<link rel=\"canonical\" href=\"https:\/\/www.eldigitaldeasturias.com\/noticias\/el-frob-aclara-que-solo-quiere-saber-si-ya-es-el-momento-de-vender-bankia\/\" \/>\n\t<meta name=\"generator\" content=\"All in One SEO Pro (AIOSEO) 5.0.1\" \/>\n\t\t<meta property=\"og:locale\" content=\"es_ES\" \/>\n\t\t<meta property=\"og:site_name\" content=\"El Digital de Asturias\" \/>\n\t\t<meta property=\"og:type\" content=\"article\" \/>\n\t\t<meta property=\"og:title\" content=\"El FROB aclara que s\u00f3lo quiere saber si ya es el momento de vender Bankia - El Digital de Asturias\" \/>\n\t\t<meta property=\"og:description\" content=\"Madrid, 5 feb (EFE).- El fondo de rescate espa\u00f1ol, el FROB, ha aclarado que s\u00f3lo quiere saber si ya es el mejor momento para vender la participaci\u00f3n p\u00fablica en Bankia o conviene esperar, seg\u00fan ha explicado hoy el presidente del organismo, Fernando Restoy. Durante su comparecencia en la Comisi\u00f3n de Econom\u00eda del Congreso, el m\u00e1ximo\" \/>\n\t\t<meta property=\"og:url\" content=\"https:\/\/www.eldigitaldeasturias.com\/noticias\/el-frob-aclara-que-solo-quiere-saber-si-ya-es-el-momento-de-vender-bankia\/\" \/>\n\t\t<meta property=\"article:tag\" content=\"actualidad\" \/>\n\t\t<meta property=\"article:published_time\" content=\"2014-02-06T01:18:44+00:00\" \/>\n\t\t<meta property=\"article:modified_time\" content=\"2014-02-06T01:18:44+00:00\" \/>\n\t\t<meta property=\"article:publisher\" content=\"https:\/\/facebook.com\/eldigitaldeasturias\" \/>\n\t\t<meta name=\"twitter:card\" content=\"summary_large_image\" \/>\n\t\t<meta name=\"twitter:title\" content=\"El FROB aclara que s\u00f3lo quiere saber si ya es el momento de vender Bankia - El Digital de Asturias\" \/>\n\t\t<meta name=\"twitter:description\" content=\"Madrid, 5 feb (EFE).- El fondo de rescate espa\u00f1ol, el FROB, ha aclarado que s\u00f3lo quiere saber si ya es el mejor momento para vender la participaci\u00f3n p\u00fablica en Bankia o conviene esperar, seg\u00fan ha explicado hoy el presidente del organismo, Fernando Restoy. Durante su comparecencia en la Comisi\u00f3n de Econom\u00eda del Congreso, el m\u00e1ximo\" \/>\n\t\t<meta name=\"twitter:label1\" content=\"Escrito por\" \/>\n\t\t<meta name=\"twitter:data1\" content=\"El Digital de Asturias\" \/>\n\t\t<meta name=\"twitter:label2\" content=\"Tiempo de lectura estimado\" \/>\n\t\t<meta name=\"twitter:data2\" content=\"1 minuto\" \/>\n\t\t<script type=\"application\/ld+json\" class=\"aioseo-schema\">\n\t\t\t{\"@context\":\"https:\\\/\\\/schema.org\",\"@graph\":[{\"@type\":\"BlogPosting\",\"@id\":\"https:\\\/\\\/www.eldigitaldeasturias.com\\\/noticias\\\/el-frob-aclara-que-solo-quiere-saber-si-ya-es-el-momento-de-vender-bankia\\\/#blogposting\",\"name\":\"El FROB aclara que s\\u00f3lo quiere saber si ya es el momento de vender Bankia - El Digital de Asturias\",\"headline\":\"El FROB aclara que s\\u00f3lo quiere saber si ya es el momento de vender Bankia\",\"author\":{\"@id\":\"https:\\\/\\\/www.eldigitaldeasturias.com\\\/noticias\\\/author\\\/admin\\\/#author\"},\"publisher\":{\"@id\":\"https:\\\/\\\/www.eldigitaldeasturias.com\\\/noticias\\\/#organization\"},\"image\":{\"@type\":\"ImageObject\",\"url\":484399},\"datePublished\":\"2014-02-06T00:18:44+01:00\",\"dateModified\":\"2014-02-06T00:18:44+01:00\",\"inLanguage\":\"es-ES\",\"mainEntityOfPage\":{\"@id\":\"https:\\\/\\\/www.eldigitaldeasturias.com\\\/noticias\\\/el-frob-aclara-que-solo-quiere-saber-si-ya-es-el-momento-de-vender-bankia\\\/#webpage\"},\"isPartOf\":{\"@id\":\"https:\\\/\\\/www.eldigitaldeasturias.com\\\/noticias\\\/el-frob-aclara-que-solo-quiere-saber-si-ya-es-el-momento-de-vender-bankia\\\/#webpage\"},\"articleSection\":\"Actualidad\"},{\"@type\":\"BreadcrumbList\",\"@id\":\"https:\\\/\\\/www.eldigitaldeasturias.com\\\/noticias\\\/el-frob-aclara-que-solo-quiere-saber-si-ya-es-el-momento-de-vender-bankia\\\/#breadcrumblist\",\"itemListElement\":[{\"@type\":\"ListItem\",\"@id\":\"https:\\\/\\\/www.eldigitaldeasturias.com\\\/noticias#listItem\",\"position\":1,\"name\":\"Home\",\"item\":\"https:\\\/\\\/www.eldigitaldeasturias.com\\\/noticias\",\"nextItem\":{\"@type\":\"ListItem\",\"@id\":\"https:\\\/\\\/www.eldigitaldeasturias.com\\\/noticias\\\/category\\\/actualidad\\\/#listItem\",\"name\":\"Actualidad\"}},{\"@type\":\"ListItem\",\"@id\":\"https:\\\/\\\/www.eldigitaldeasturias.com\\\/noticias\\\/category\\\/actualidad\\\/#listItem\",\"position\":2,\"name\":\"Actualidad\",\"item\":\"https:\\\/\\\/www.eldigitaldeasturias.com\\\/noticias\\\/category\\\/actualidad\\\/\",\"nextItem\":{\"@type\":\"ListItem\",\"@id\":\"https:\\\/\\\/www.eldigitaldeasturias.com\\\/noticias\\\/el-frob-aclara-que-solo-quiere-saber-si-ya-es-el-momento-de-vender-bankia\\\/#listItem\",\"name\":\"El FROB aclara que s\\u00f3lo quiere saber si ya es el momento de vender Bankia\"},\"previousItem\":{\"@type\":\"ListItem\",\"@id\":\"https:\\\/\\\/www.eldigitaldeasturias.com\\\/noticias#listItem\",\"name\":\"Home\"}},{\"@type\":\"ListItem\",\"@id\":\"https:\\\/\\\/www.eldigitaldeasturias.com\\\/noticias\\\/el-frob-aclara-que-solo-quiere-saber-si-ya-es-el-momento-de-vender-bankia\\\/#listItem\",\"position\":3,\"name\":\"El FROB aclara que s\\u00f3lo quiere saber si ya es el momento de vender Bankia\",\"previousItem\":{\"@type\":\"ListItem\",\"@id\":\"https:\\\/\\\/www.eldigitaldeasturias.com\\\/noticias\\\/category\\\/actualidad\\\/#listItem\",\"name\":\"Actualidad\"}}]},{\"@type\":\"Organization\",\"@id\":\"https:\\\/\\\/www.eldigitaldeasturias.com\\\/noticias\\\/#organization\",\"name\":\"El Digital de Asturias\",\"description\":\"Hemeroteca\",\"url\":\"https:\\\/\\\/www.eldigitaldeasturias.com\\\/noticias\\\/\",\"email\":\"info@eldigitaldeasturias.com\",\"telephone\":\"+34652131393\",\"logo\":{\"@type\":\"ImageObject\",\"url\":\"https:\\\/\\\/www.eldigitaldeasturias.com\\\/noticias\\\/wp-content\\\/uploads\\\/2020\\\/12\\\/EDA.jpg\",\"@id\":\"https:\\\/\\\/www.eldigitaldeasturias.com\\\/noticias\\\/el-frob-aclara-que-solo-quiere-saber-si-ya-es-el-momento-de-vender-bankia\\\/#organizationLogo\"},\"image\":{\"@id\":\"https:\\\/\\\/www.eldigitaldeasturias.com\\\/noticias\\\/el-frob-aclara-que-solo-quiere-saber-si-ya-es-el-momento-de-vender-bankia\\\/#organizationLogo\"},\"sameAs\":[\"https:\\\/\\\/facebook.com\\\/eldigitaldeasturias\",\"https:\\\/\\\/www.youtube.com\\\/channel\\\/UCZP-2wLEB9Rv6erhFmqVnvg\"],\"address\":{\"@id\":\"https:\\\/\\\/www.eldigitaldeasturias.com\\\/noticias\\\/#postaladdress\",\"@type\":\"PostalAddress\",\"streetAddress\":\"san antonio 4\",\"postalCode\":\"33430\",\"addressLocality\":\"Cand\\u00e1s\",\"addressRegion\":\"Asturias\",\"addressCountry\":\"ES\"}},{\"@type\":\"Person\",\"@id\":\"https:\\\/\\\/www.eldigitaldeasturias.com\\\/noticias\\\/author\\\/admin\\\/#author\",\"url\":\"https:\\\/\\\/www.eldigitaldeasturias.com\\\/noticias\\\/author\\\/admin\\\/\",\"name\":\"El Digital de Asturias\",\"image\":{\"@type\":\"ImageObject\",\"@id\":\"https:\\\/\\\/www.eldigitaldeasturias.com\\\/noticias\\\/el-frob-aclara-que-solo-quiere-saber-si-ya-es-el-momento-de-vender-bankia\\\/#authorImage\",\"url\":\"https:\\\/\\\/secure.gravatar.com\\\/avatar\\\/df2aeffc32bcd13f8d26072ef8a91b623d677766deac7f97ca815868cd41bf5e?s=96&d=mm&r=g\",\"width\":96,\"height\":96,\"caption\":\"El Digital de Asturias\"}},{\"@type\":\"WebPage\",\"@id\":\"https:\\\/\\\/www.eldigitaldeasturias.com\\\/noticias\\\/el-frob-aclara-que-solo-quiere-saber-si-ya-es-el-momento-de-vender-bankia\\\/#webpage\",\"url\":\"https:\\\/\\\/www.eldigitaldeasturias.com\\\/noticias\\\/el-frob-aclara-que-solo-quiere-saber-si-ya-es-el-momento-de-vender-bankia\\\/\",\"name\":\"El FROB aclara que s\\u00f3lo quiere saber si ya es el momento de vender Bankia - El Digital de Asturias\",\"description\":\"Madrid, 5 feb (EFE).- El fondo de rescate espa\\u00f1ol, el FROB, ha aclarado que s\\u00f3lo quiere saber si ya es el mejor momento para vender la participaci\\u00f3n p\\u00fablica en Bankia o conviene esperar, seg\\u00fan ha explicado hoy el presidente del organismo, Fernando Restoy. Durante su comparecencia en la Comisi\\u00f3n de Econom\\u00eda del Congreso, el m\\u00e1ximo\",\"inLanguage\":\"es-ES\",\"isPartOf\":{\"@id\":\"https:\\\/\\\/www.eldigitaldeasturias.com\\\/noticias\\\/#website\"},\"breadcrumb\":{\"@id\":\"https:\\\/\\\/www.eldigitaldeasturias.com\\\/noticias\\\/el-frob-aclara-que-solo-quiere-saber-si-ya-es-el-momento-de-vender-bankia\\\/#breadcrumblist\"},\"author\":{\"@id\":\"https:\\\/\\\/www.eldigitaldeasturias.com\\\/noticias\\\/author\\\/admin\\\/#author\"},\"creator\":{\"@id\":\"https:\\\/\\\/www.eldigitaldeasturias.com\\\/noticias\\\/author\\\/admin\\\/#author\"},\"image\":{\"@type\":\"ImageObject\",\"url\":484399,\"@id\":\"https:\\\/\\\/www.eldigitaldeasturias.com\\\/noticias\\\/el-frob-aclara-que-solo-quiere-saber-si-ya-es-el-momento-de-vender-bankia\\\/#mainImage\"},\"primaryImageOfPage\":{\"@id\":\"https:\\\/\\\/www.eldigitaldeasturias.com\\\/noticias\\\/el-frob-aclara-que-solo-quiere-saber-si-ya-es-el-momento-de-vender-bankia\\\/#mainImage\"},\"datePublished\":\"2014-02-06T00:18:44+01:00\",\"dateModified\":\"2014-02-06T00:18:44+01:00\"},{\"@type\":\"WebSite\",\"@id\":\"https:\\\/\\\/www.eldigitaldeasturias.com\\\/noticias\\\/#website\",\"url\":\"https:\\\/\\\/www.eldigitaldeasturias.com\\\/noticias\\\/\",\"name\":\"El Digital de Asturias - Diario de actualidad y noticias\",\"alternateName\":\"El Digital de Asturias - Diario de actualidad y noticias\",\"description\":\"Hemeroteca\",\"inLanguage\":\"es-ES\",\"publisher\":{\"@id\":\"https:\\\/\\\/www.eldigitaldeasturias.com\\\/noticias\\\/#organization\"}}]}\n\t\t<\/script>\n\t\t<!-- All in One SEO Pro -->\r\n\t\t<title>El FROB aclara que s\u00f3lo quiere saber si ya es el momento de vender Bankia - El Digital de Asturias<\/title>\n\n","aioseo_head_json":{"title":"El FROB aclara que s\u00f3lo quiere saber si ya es el momento de vender Bankia - El Digital de Asturias","description":"Madrid, 5 feb (EFE).- El fondo de rescate espa\u00f1ol, el FROB, ha aclarado que s\u00f3lo quiere saber si ya es el mejor momento para vender la participaci\u00f3n p\u00fablica en Bankia o conviene esperar, seg\u00fan ha explicado hoy el presidente del organismo, Fernando Restoy. Durante su comparecencia en la Comisi\u00f3n de Econom\u00eda del Congreso, el m\u00e1ximo","canonical_url":"https:\/\/www.eldigitaldeasturias.com\/noticias\/el-frob-aclara-que-solo-quiere-saber-si-ya-es-el-momento-de-vender-bankia\/","robots":"max-image-preview:large","keywords":"actualidad","webmasterTools":{"google-site-verification":"UA-38556648-1","msvalidate.01":"7dfe9f3f1b24437ab69f4f2559babe99","miscellaneous":""},"schema":{"@context":"https:\/\/schema.org","@graph":[{"@type":"BlogPosting","@id":"https:\/\/www.eldigitaldeasturias.com\/noticias\/el-frob-aclara-que-solo-quiere-saber-si-ya-es-el-momento-de-vender-bankia\/#blogposting","name":"El FROB aclara que s\u00f3lo quiere saber si ya es el momento de vender Bankia - El Digital de Asturias","headline":"El FROB aclara que s\u00f3lo quiere saber si ya es el momento de vender Bankia","author":{"@id":"https:\/\/www.eldigitaldeasturias.com\/noticias\/author\/admin\/#author"},"publisher":{"@id":"https:\/\/www.eldigitaldeasturias.com\/noticias\/#organization"},"image":{"@type":"ImageObject","url":484399},"datePublished":"2014-02-06T00:18:44+01:00","dateModified":"2014-02-06T00:18:44+01:00","inLanguage":"es-ES","mainEntityOfPage":{"@id":"https:\/\/www.eldigitaldeasturias.com\/noticias\/el-frob-aclara-que-solo-quiere-saber-si-ya-es-el-momento-de-vender-bankia\/#webpage"},"isPartOf":{"@id":"https:\/\/www.eldigitaldeasturias.com\/noticias\/el-frob-aclara-que-solo-quiere-saber-si-ya-es-el-momento-de-vender-bankia\/#webpage"},"articleSection":"Actualidad"},{"@type":"BreadcrumbList","@id":"https:\/\/www.eldigitaldeasturias.com\/noticias\/el-frob-aclara-que-solo-quiere-saber-si-ya-es-el-momento-de-vender-bankia\/#breadcrumblist","itemListElement":[{"@type":"ListItem","@id":"https:\/\/www.eldigitaldeasturias.com\/noticias#listItem","position":1,"name":"Home","item":"https:\/\/www.eldigitaldeasturias.com\/noticias","nextItem":{"@type":"ListItem","@id":"https:\/\/www.eldigitaldeasturias.com\/noticias\/category\/actualidad\/#listItem","name":"Actualidad"}},{"@type":"ListItem","@id":"https:\/\/www.eldigitaldeasturias.com\/noticias\/category\/actualidad\/#listItem","position":2,"name":"Actualidad","item":"https:\/\/www.eldigitaldeasturias.com\/noticias\/category\/actualidad\/","nextItem":{"@type":"ListItem","@id":"https:\/\/www.eldigitaldeasturias.com\/noticias\/el-frob-aclara-que-solo-quiere-saber-si-ya-es-el-momento-de-vender-bankia\/#listItem","name":"El FROB aclara que s\u00f3lo quiere saber si ya es el momento de vender Bankia"},"previousItem":{"@type":"ListItem","@id":"https:\/\/www.eldigitaldeasturias.com\/noticias#listItem","name":"Home"}},{"@type":"ListItem","@id":"https:\/\/www.eldigitaldeasturias.com\/noticias\/el-frob-aclara-que-solo-quiere-saber-si-ya-es-el-momento-de-vender-bankia\/#listItem","position":3,"name":"El FROB aclara que s\u00f3lo quiere saber si ya es el momento de vender Bankia","previousItem":{"@type":"ListItem","@id":"https:\/\/www.eldigitaldeasturias.com\/noticias\/category\/actualidad\/#listItem","name":"Actualidad"}}]},{"@type":"Organization","@id":"https:\/\/www.eldigitaldeasturias.com\/noticias\/#organization","name":"El Digital de Asturias","description":"Hemeroteca","url":"https:\/\/www.eldigitaldeasturias.com\/noticias\/","email":"info@eldigitaldeasturias.com","telephone":"+34652131393","logo":{"@type":"ImageObject","url":"https:\/\/www.eldigitaldeasturias.com\/noticias\/wp-content\/uploads\/2020\/12\/EDA.jpg","@id":"https:\/\/www.eldigitaldeasturias.com\/noticias\/el-frob-aclara-que-solo-quiere-saber-si-ya-es-el-momento-de-vender-bankia\/#organizationLogo"},"image":{"@id":"https:\/\/www.eldigitaldeasturias.com\/noticias\/el-frob-aclara-que-solo-quiere-saber-si-ya-es-el-momento-de-vender-bankia\/#organizationLogo"},"sameAs":["https:\/\/facebook.com\/eldigitaldeasturias","https:\/\/www.youtube.com\/channel\/UCZP-2wLEB9Rv6erhFmqVnvg"],"address":{"@id":"https:\/\/www.eldigitaldeasturias.com\/noticias\/#postaladdress","@type":"PostalAddress","streetAddress":"san antonio 4","postalCode":"33430","addressLocality":"Cand\u00e1s","addressRegion":"Asturias","addressCountry":"ES"}},{"@type":"Person","@id":"https:\/\/www.eldigitaldeasturias.com\/noticias\/author\/admin\/#author","url":"https:\/\/www.eldigitaldeasturias.com\/noticias\/author\/admin\/","name":"El Digital de Asturias","image":{"@type":"ImageObject","@id":"https:\/\/www.eldigitaldeasturias.com\/noticias\/el-frob-aclara-que-solo-quiere-saber-si-ya-es-el-momento-de-vender-bankia\/#authorImage","url":"https:\/\/secure.gravatar.com\/avatar\/df2aeffc32bcd13f8d26072ef8a91b623d677766deac7f97ca815868cd41bf5e?s=96&d=mm&r=g","width":96,"height":96,"caption":"El Digital de Asturias"}},{"@type":"WebPage","@id":"https:\/\/www.eldigitaldeasturias.com\/noticias\/el-frob-aclara-que-solo-quiere-saber-si-ya-es-el-momento-de-vender-bankia\/#webpage","url":"https:\/\/www.eldigitaldeasturias.com\/noticias\/el-frob-aclara-que-solo-quiere-saber-si-ya-es-el-momento-de-vender-bankia\/","name":"El FROB aclara que s\u00f3lo quiere saber si ya es el momento de vender Bankia - El Digital de Asturias","description":"Madrid, 5 feb (EFE).- El fondo de rescate espa\u00f1ol, el FROB, ha aclarado que s\u00f3lo quiere saber si ya es el mejor momento para vender la participaci\u00f3n p\u00fablica en Bankia o conviene esperar, seg\u00fan ha explicado hoy el presidente del organismo, Fernando Restoy. Durante su comparecencia en la Comisi\u00f3n de Econom\u00eda del Congreso, el m\u00e1ximo","inLanguage":"es-ES","isPartOf":{"@id":"https:\/\/www.eldigitaldeasturias.com\/noticias\/#website"},"breadcrumb":{"@id":"https:\/\/www.eldigitaldeasturias.com\/noticias\/el-frob-aclara-que-solo-quiere-saber-si-ya-es-el-momento-de-vender-bankia\/#breadcrumblist"},"author":{"@id":"https:\/\/www.eldigitaldeasturias.com\/noticias\/author\/admin\/#author"},"creator":{"@id":"https:\/\/www.eldigitaldeasturias.com\/noticias\/author\/admin\/#author"},"image":{"@type":"ImageObject","url":484399,"@id":"https:\/\/www.eldigitaldeasturias.com\/noticias\/el-frob-aclara-que-solo-quiere-saber-si-ya-es-el-momento-de-vender-bankia\/#mainImage"},"primaryImageOfPage":{"@id":"https:\/\/www.eldigitaldeasturias.com\/noticias\/el-frob-aclara-que-solo-quiere-saber-si-ya-es-el-momento-de-vender-bankia\/#mainImage"},"datePublished":"2014-02-06T00:18:44+01:00","dateModified":"2014-02-06T00:18:44+01:00"},{"@type":"WebSite","@id":"https:\/\/www.eldigitaldeasturias.com\/noticias\/#website","url":"https:\/\/www.eldigitaldeasturias.com\/noticias\/","name":"El Digital de Asturias - Diario de actualidad y noticias","alternateName":"El Digital de Asturias - Diario de actualidad y noticias","description":"Hemeroteca","inLanguage":"es-ES","publisher":{"@id":"https:\/\/www.eldigitaldeasturias.com\/noticias\/#organization"}}]},"og:locale":"es_ES","og:site_name":"El Digital de Asturias","og:type":"article","og:title":"El FROB aclara que s\u00f3lo quiere saber si ya es el momento de vender Bankia - El Digital de Asturias","og:description":"Madrid, 5 feb (EFE).- El fondo de rescate espa\u00f1ol, el FROB, ha aclarado que s\u00f3lo quiere saber si ya es el mejor momento para vender la participaci\u00f3n p\u00fablica en Bankia o conviene esperar, seg\u00fan ha explicado hoy el presidente del organismo, Fernando Restoy. Durante su comparecencia en la Comisi\u00f3n de Econom\u00eda del Congreso, el m\u00e1ximo","og:url":"https:\/\/www.eldigitaldeasturias.com\/noticias\/el-frob-aclara-que-solo-quiere-saber-si-ya-es-el-momento-de-vender-bankia\/","article:tag":["actualidad"],"article:published_time":"2014-02-06T01:18:44+00:00","article:modified_time":"2014-02-06T01:18:44+00:00","article:publisher":"https:\/\/facebook.com\/eldigitaldeasturias","twitter:card":"summary_large_image","twitter:title":"El FROB aclara que s\u00f3lo quiere saber si ya es el momento de vender Bankia - El Digital de Asturias","twitter:description":"Madrid, 5 feb (EFE).- El fondo de rescate espa\u00f1ol, el FROB, ha aclarado que s\u00f3lo quiere saber si ya es el mejor momento para vender la participaci\u00f3n p\u00fablica en Bankia o conviene esperar, seg\u00fan ha explicado hoy el presidente del organismo, Fernando Restoy. Durante su comparecencia en la Comisi\u00f3n de Econom\u00eda del Congreso, el m\u00e1ximo","twitter:label1":"Escrito por","twitter:data1":"El Digital de Asturias","twitter:label2":"Tiempo de lectura estimado","twitter:data2":"1 minuto"},"aioseo_meta_data":{"post_id":"484398","title":null,"description":null,"keywords":null,"keyphrases":null,"primary_term":null,"canonical_url":null,"og_title":null,"og_description":null,"og_object_type":"default","og_image_type":"default","og_image_url":null,"og_image_width":null,"og_image_height":null,"og_image_custom_url":null,"og_image_custom_fields":null,"og_video":null,"og_custom_url":null,"og_article_section":null,"og_article_tags":null,"twitter_use_og":true,"twitter_card":"default","twitter_image_type":"default","twitter_image_url":null,"twitter_image_custom_url":null,"twitter_image_custom_fields":null,"twitter_title":null,"twitter_description":null,"schema":{"blockGraphs":[],"customGraphs":[],"default":{"data":{"Article":[],"Course":[],"Dataset":[],"FAQPage":[],"Movie":[],"Person":[],"Product":[],"ProductReview":[],"Car":[],"Recipe":[],"Service":[],"SoftwareApplication":[],"WebPage":[]},"graphName":"","isEnabled":true},"graphs":[],"defaultGraph":"","defaultPostTypeGraph":""},"schema_type":null,"schema_type_options":null,"pillar_content":false,"robots_default":true,"robots_noindex":false,"robots_noarchive":false,"robots_nosnippet":false,"robots_nofollow":false,"robots_noimageindex":false,"robots_noodp":false,"robots_notranslate":false,"robots_max_snippet":null,"robots_max_videopreview":null,"robots_max_imagepreview":"none","priority":null,"frequency":null,"local_seo":null,"seo_analyzer_scan_date":"2026-06-02 15:43:24","breadcrumb_settings":null,"limit_modified_date":false,"open_ai":null,"ai":null,"created":"2020-11-14 22:55:04","updated":"2026-06-02 15:43:24","focus_keyword":null,"additional_keywords":null,"truseo_locale":null},"aioseo_breadcrumb":"<div class=\"aioseo-breadcrumbs\"><span class=\"aioseo-breadcrumb\">\n\t<a href=\"https:\/\/www.eldigitaldeasturias.com\/noticias\" title=\"Home\">Home<\/a>\n<\/span><span class=\"aioseo-breadcrumb-separator\">\u2013<\/span><span class=\"aioseo-breadcrumb\">\n\t<a href=\"https:\/\/www.eldigitaldeasturias.com\/noticias\/category\/actualidad\/\" title=\"Actualidad\">Actualidad<\/a>\n<\/span><span class=\"aioseo-breadcrumb-separator\">\u2013<\/span><span class=\"aioseo-breadcrumb\">\n\t<a href=\"https:\/\/www.eldigitaldeasturias.com\/noticias\/el-frob-aclara-que-solo-quiere-saber-si-ya-es-el-momento-de-vender-bankia\/\" title=\"El FROB aclara que s\u00f3lo quiere saber si ya es el momento de vender Bankia\">El FROB aclara que s\u00f3lo quiere saber si ya es el momento de vender Bankia<\/a>\n<\/span><\/div>","aioseo_breadcrumb_json":[{"label":"Home","link":"https:\/\/www.eldigitaldeasturias.com\/noticias"},{"label":"Actualidad","link":"https:\/\/www.eldigitaldeasturias.com\/noticias\/category\/actualidad\/"},{"label":"El FROB aclara que s\u00f3lo quiere saber si ya es el momento de vender Bankia","link":"https:\/\/www.eldigitaldeasturias.com\/noticias\/el-frob-aclara-que-solo-quiere-saber-si-ya-es-el-momento-de-vender-bankia\/"}],"_links":{"self":[{"href":"https:\/\/www.eldigitaldeasturias.com\/noticias\/wp-json\/wp\/v2\/posts\/484398","targetHints":{"allow":["GET"]}}],"collection":[{"href":"https:\/\/www.eldigitaldeasturias.com\/noticias\/wp-json\/wp\/v2\/posts"}],"about":[{"href":"https:\/\/www.eldigitaldeasturias.com\/noticias\/wp-json\/wp\/v2\/types\/post"}],"author":[{"embeddable":true,"href":"https:\/\/www.eldigitaldeasturias.com\/noticias\/wp-json\/wp\/v2\/users\/1"}],"replies":[{"embeddable":true,"href":"https:\/\/www.eldigitaldeasturias.com\/noticias\/wp-json\/wp\/v2\/comments?post=484398"}],"version-history":[{"count":0,"href":"https:\/\/www.eldigitaldeasturias.com\/noticias\/wp-json\/wp\/v2\/posts\/484398\/revisions"}],"wp:attachment":[{"href":"https:\/\/www.eldigitaldeasturias.com\/noticias\/wp-json\/wp\/v2\/media?parent=484398"}],"wp:term":[{"taxonomy":"category","embeddable":true,"href":"https:\/\/www.eldigitaldeasturias.com\/noticias\/wp-json\/wp\/v2\/categories?post=484398"},{"taxonomy":"post_tag","embeddable":true,"href":"https:\/\/www.eldigitaldeasturias.com\/noticias\/wp-json\/wp\/v2\/tags?post=484398"}],"curies":[{"name":"wp","href":"https:\/\/api.w.org\/{rel}","templated":true}]}}