{"id":484380,"date":"2014-02-06T00:12:54","date_gmt":"2014-02-06T01:12:54","guid":{"rendered":"http:\/\/www.eldigitaldeasturias.com\/noticias\/?p=484380"},"modified":"2014-02-06T00:12:54","modified_gmt":"2014-02-06T01:12:54","slug":"el-tesorero-de-la-cdu-de-merkel-bajo-sospecha-por-fondos-en-paraiso-fiscal","status":"publish","type":"post","link":"https:\/\/www.eldigitaldeasturias.com\/noticias\/el-tesorero-de-la-cdu-de-merkel-bajo-sospecha-por-fondos-en-paraiso-fiscal\/","title":{"rendered":"El tesorero de la CDU de Merkel, bajo sospecha por fondos en para\u00edso fiscal"},"content":{"rendered":"<p><img loading=\"lazy\" decoding=\"async\" class=\"alignleft size-medium wp-image-484381\" alt=\"5911378w\" src=\"https:\/\/www.eldigitaldeasturias.com\/noticias\/wp-content\/uploads\/2014\/02\/5911378w-360x259.jpg\" width=\"360\" height=\"259\" \/>Berl\u00edn, 5 feb (EFE).- Los socialdem\u00f3cratas y los Verdes alemanes instaron hoy a la Uni\u00f3n Cristianodem\u00f3crata (CDU) de la canciller, Angela Merkel, a aclarar las sospechas que pesan sobre el tesorero de su partido, que pudo haber ocultado dinero en empresas tapadera de para\u00edsos fiscales.<\/p>\n<p>La historia fue publicada por la revista alemana \u00abStern\u00bb, que se\u00f1ala que Helmut Linssen, entre 1997 y 2004, realiz\u00f3 ingresos en una cuenta de un banco luxemburgu\u00e9s a nombre de una empresa tapadera con sede primero en Bahamas y despu\u00e9s en Panam\u00e1.<\/p>\n<p>El tesorero ha negado de forma categ\u00f3rica haber evadido impuestos, pero tanto el Partido Socialdem\u00f3crata, socio de Merkel en el gobierno alem\u00e1n, como los Verdes, exigieron explicaciones claras y p\u00fablicas.<\/p>\n<p>Seg\u00fan \u00abStern\u00bb, las autoridades tuvieron conocimiento de la cuenta sospechosa en 2010, gracias a un CD que compr\u00f3 el \u00abLand\u00bb de Renania del Norte-Westfalia, donde Linssen hab\u00eda ocupado el cargo de ministro de Finanzas.<\/p>\n<p>En 2012, sostiene la publicaci\u00f3n, se abri\u00f3 un procedimiento penal contra \u00e9l, pero no fue inculpado porque, al haberse cancelado la cuenta en 2004, el presunto delito hab\u00eda prescrito, por lo que Linssen s\u00f3lo tuvo que pagar por los intereses del periodo entre 2001 y 2005.<\/p>\n<p>El tesorero por su parte ha explicado que el dinero proced\u00eda de la herencia de sus padres, por la que ya hab\u00eda pagado impuestos, y que no obtuvo ning\u00fan beneficio.<\/p>\n<p>La informaci\u00f3n se une al goteo de presuntos casos de evasi\u00f3n de impuestos de conocidas personalidades alemanas publicados en los \u00faltimos d\u00edas.<\/p>\n<p>El lunes dimiti\u00f3 el secretario de Estado de Cultura de Berl\u00edn, el socialdem\u00f3crata Andr\u00e9 Schmitz, tras revelarse que posey\u00f3 una cuenta en Suiza con cerca de medio mill\u00f3n de euros.<\/p>\n<p>Poco antes se hab\u00eda sabido que Alice Schwarzer, una de las principales feministas del pa\u00eds, hab\u00eda confesado a la justicia que desde los a\u00f1os ochenta mantuvo fondos en el pa\u00eds helv\u00e9tico.<\/p>\n","protected":false},"excerpt":{"rendered":"<p>Berl\u00edn, 5 feb (EFE).- Los socialdem\u00f3cratas y los Verdes alemanes instaron hoy a la Uni\u00f3n Cristianodem\u00f3crata (CDU) de la canciller, Angela Merkel, a aclarar las sospechas que pesan sobre el tesorero de su partido, que pudo haber ocultado dinero en empresas tapadera de para\u00edsos fiscales. La historia fue publicada por la revista alemana \u00abStern\u00bb, que [&hellip;]<\/p>\n","protected":false},"author":1,"featured_media":484381,"comment_status":"closed","ping_status":"open","sticky":false,"template":"","format":"standard","meta":{"footnotes":""},"categories":[1],"tags":[],"class_list":["post-484380","post","type-post","status-publish","format-standard","has-post-thumbnail","hentry","category-actualidad"],"aioseo_notices":[],"aioseo_head":"\n\t\t<!-- All in One SEO Pro 5.0.1 - aioseo.com -->\n\t<meta name=\"description\" content=\"Berl\u00edn, 5 feb (EFE).- Los socialdem\u00f3cratas y los Verdes alemanes instaron hoy a la Uni\u00f3n Cristianodem\u00f3crata (CDU) de la canciller, Angela Merkel, a aclarar las sospechas que pesan sobre el tesorero de su partido, que pudo haber ocultado dinero en empresas tapadera de para\u00edsos fiscales. La historia fue publicada por la revista alemana &quot;Stern&quot;, que\" \/>\n\t<meta name=\"robots\" content=\"max-image-preview:large\" \/>\n\t<meta name=\"author\" content=\"El Digital de Asturias\"\/>\n\t<meta name=\"google-site-verification\" content=\"UA-38556648-1\" \/>\n\t<meta name=\"msvalidate.01\" content=\"7dfe9f3f1b24437ab69f4f2559babe99\" \/>\n\t<meta name=\"keywords\" content=\"actualidad\" \/>\n\t<link rel=\"canonical\" href=\"https:\/\/www.eldigitaldeasturias.com\/noticias\/el-tesorero-de-la-cdu-de-merkel-bajo-sospecha-por-fondos-en-paraiso-fiscal\/\" \/>\n\t<meta name=\"generator\" content=\"All in One SEO Pro (AIOSEO) 5.0.1\" \/>\n\t\t<meta property=\"og:locale\" content=\"es_ES\" \/>\n\t\t<meta property=\"og:site_name\" content=\"El Digital de Asturias\" \/>\n\t\t<meta property=\"og:type\" content=\"article\" \/>\n\t\t<meta property=\"og:title\" content=\"El tesorero de la CDU de Merkel, bajo sospecha por fondos en para\u00edso fiscal - El Digital de Asturias\" \/>\n\t\t<meta property=\"og:description\" content=\"Berl\u00edn, 5 feb (EFE).- Los socialdem\u00f3cratas y los Verdes alemanes instaron hoy a la Uni\u00f3n Cristianodem\u00f3crata (CDU) de la canciller, Angela Merkel, a aclarar las sospechas que pesan sobre el tesorero de su partido, que pudo haber ocultado dinero en empresas tapadera de para\u00edsos fiscales. La historia fue publicada por la revista alemana &quot;Stern&quot;, que\" \/>\n\t\t<meta property=\"og:url\" content=\"https:\/\/www.eldigitaldeasturias.com\/noticias\/el-tesorero-de-la-cdu-de-merkel-bajo-sospecha-por-fondos-en-paraiso-fiscal\/\" \/>\n\t\t<meta property=\"article:tag\" content=\"actualidad\" \/>\n\t\t<meta property=\"article:published_time\" content=\"2014-02-06T01:12:54+00:00\" \/>\n\t\t<meta property=\"article:modified_time\" content=\"2014-02-06T01:12:54+00:00\" \/>\n\t\t<meta property=\"article:publisher\" content=\"https:\/\/facebook.com\/eldigitaldeasturias\" \/>\n\t\t<meta name=\"twitter:card\" content=\"summary_large_image\" \/>\n\t\t<meta name=\"twitter:title\" content=\"El tesorero de la CDU de Merkel, bajo sospecha por fondos en para\u00edso fiscal - El Digital de Asturias\" \/>\n\t\t<meta name=\"twitter:description\" content=\"Berl\u00edn, 5 feb (EFE).- Los socialdem\u00f3cratas y los Verdes alemanes instaron hoy a la Uni\u00f3n Cristianodem\u00f3crata (CDU) de la canciller, Angela Merkel, a aclarar las sospechas que pesan sobre el tesorero de su partido, que pudo haber ocultado dinero en empresas tapadera de para\u00edsos fiscales. La historia fue publicada por la revista alemana &quot;Stern&quot;, que\" \/>\n\t\t<meta name=\"twitter:label1\" content=\"Escrito por\" \/>\n\t\t<meta name=\"twitter:data1\" content=\"El Digital de Asturias\" \/>\n\t\t<meta name=\"twitter:label2\" content=\"Tiempo de lectura estimado\" \/>\n\t\t<meta name=\"twitter:data2\" content=\"2 minutos\" \/>\n\t\t<script type=\"application\/ld+json\" class=\"aioseo-schema\">\n\t\t\t{\"@context\":\"https:\\\/\\\/schema.org\",\"@graph\":[{\"@type\":\"BlogPosting\",\"@id\":\"https:\\\/\\\/www.eldigitaldeasturias.com\\\/noticias\\\/el-tesorero-de-la-cdu-de-merkel-bajo-sospecha-por-fondos-en-paraiso-fiscal\\\/#blogposting\",\"name\":\"El tesorero de la CDU de Merkel, bajo sospecha por fondos en para\\u00edso fiscal - El Digital de Asturias\",\"headline\":\"El tesorero de la CDU de Merkel, bajo sospecha por fondos en para\\u00edso fiscal\",\"author\":{\"@id\":\"https:\\\/\\\/www.eldigitaldeasturias.com\\\/noticias\\\/author\\\/admin\\\/#author\"},\"publisher\":{\"@id\":\"https:\\\/\\\/www.eldigitaldeasturias.com\\\/noticias\\\/#organization\"},\"image\":{\"@type\":\"ImageObject\",\"url\":484381},\"datePublished\":\"2014-02-06T00:12:54+01:00\",\"dateModified\":\"2014-02-06T00:12:54+01:00\",\"inLanguage\":\"es-ES\",\"mainEntityOfPage\":{\"@id\":\"https:\\\/\\\/www.eldigitaldeasturias.com\\\/noticias\\\/el-tesorero-de-la-cdu-de-merkel-bajo-sospecha-por-fondos-en-paraiso-fiscal\\\/#webpage\"},\"isPartOf\":{\"@id\":\"https:\\\/\\\/www.eldigitaldeasturias.com\\\/noticias\\\/el-tesorero-de-la-cdu-de-merkel-bajo-sospecha-por-fondos-en-paraiso-fiscal\\\/#webpage\"},\"articleSection\":\"Actualidad\"},{\"@type\":\"BreadcrumbList\",\"@id\":\"https:\\\/\\\/www.eldigitaldeasturias.com\\\/noticias\\\/el-tesorero-de-la-cdu-de-merkel-bajo-sospecha-por-fondos-en-paraiso-fiscal\\\/#breadcrumblist\",\"itemListElement\":[{\"@type\":\"ListItem\",\"@id\":\"https:\\\/\\\/www.eldigitaldeasturias.com\\\/noticias#listItem\",\"position\":1,\"name\":\"Home\",\"item\":\"https:\\\/\\\/www.eldigitaldeasturias.com\\\/noticias\",\"nextItem\":{\"@type\":\"ListItem\",\"@id\":\"https:\\\/\\\/www.eldigitaldeasturias.com\\\/noticias\\\/category\\\/actualidad\\\/#listItem\",\"name\":\"Actualidad\"}},{\"@type\":\"ListItem\",\"@id\":\"https:\\\/\\\/www.eldigitaldeasturias.com\\\/noticias\\\/category\\\/actualidad\\\/#listItem\",\"position\":2,\"name\":\"Actualidad\",\"item\":\"https:\\\/\\\/www.eldigitaldeasturias.com\\\/noticias\\\/category\\\/actualidad\\\/\",\"nextItem\":{\"@type\":\"ListItem\",\"@id\":\"https:\\\/\\\/www.eldigitaldeasturias.com\\\/noticias\\\/el-tesorero-de-la-cdu-de-merkel-bajo-sospecha-por-fondos-en-paraiso-fiscal\\\/#listItem\",\"name\":\"El tesorero de la CDU de Merkel, bajo sospecha por fondos en para\\u00edso fiscal\"},\"previousItem\":{\"@type\":\"ListItem\",\"@id\":\"https:\\\/\\\/www.eldigitaldeasturias.com\\\/noticias#listItem\",\"name\":\"Home\"}},{\"@type\":\"ListItem\",\"@id\":\"https:\\\/\\\/www.eldigitaldeasturias.com\\\/noticias\\\/el-tesorero-de-la-cdu-de-merkel-bajo-sospecha-por-fondos-en-paraiso-fiscal\\\/#listItem\",\"position\":3,\"name\":\"El tesorero de la CDU de Merkel, bajo sospecha por fondos en para\\u00edso fiscal\",\"previousItem\":{\"@type\":\"ListItem\",\"@id\":\"https:\\\/\\\/www.eldigitaldeasturias.com\\\/noticias\\\/category\\\/actualidad\\\/#listItem\",\"name\":\"Actualidad\"}}]},{\"@type\":\"Organization\",\"@id\":\"https:\\\/\\\/www.eldigitaldeasturias.com\\\/noticias\\\/#organization\",\"name\":\"El Digital de Asturias\",\"description\":\"Hemeroteca\",\"url\":\"https:\\\/\\\/www.eldigitaldeasturias.com\\\/noticias\\\/\",\"email\":\"info@eldigitaldeasturias.com\",\"telephone\":\"+34652131393\",\"logo\":{\"@type\":\"ImageObject\",\"url\":\"https:\\\/\\\/www.eldigitaldeasturias.com\\\/noticias\\\/wp-content\\\/uploads\\\/2020\\\/12\\\/EDA.jpg\",\"@id\":\"https:\\\/\\\/www.eldigitaldeasturias.com\\\/noticias\\\/el-tesorero-de-la-cdu-de-merkel-bajo-sospecha-por-fondos-en-paraiso-fiscal\\\/#organizationLogo\"},\"image\":{\"@id\":\"https:\\\/\\\/www.eldigitaldeasturias.com\\\/noticias\\\/el-tesorero-de-la-cdu-de-merkel-bajo-sospecha-por-fondos-en-paraiso-fiscal\\\/#organizationLogo\"},\"sameAs\":[\"https:\\\/\\\/facebook.com\\\/eldigitaldeasturias\",\"https:\\\/\\\/www.youtube.com\\\/channel\\\/UCZP-2wLEB9Rv6erhFmqVnvg\"],\"address\":{\"@id\":\"https:\\\/\\\/www.eldigitaldeasturias.com\\\/noticias\\\/#postaladdress\",\"@type\":\"PostalAddress\",\"streetAddress\":\"san antonio 4\",\"postalCode\":\"33430\",\"addressLocality\":\"Cand\\u00e1s\",\"addressRegion\":\"Asturias\",\"addressCountry\":\"ES\"}},{\"@type\":\"Person\",\"@id\":\"https:\\\/\\\/www.eldigitaldeasturias.com\\\/noticias\\\/author\\\/admin\\\/#author\",\"url\":\"https:\\\/\\\/www.eldigitaldeasturias.com\\\/noticias\\\/author\\\/admin\\\/\",\"name\":\"El Digital de Asturias\",\"image\":{\"@type\":\"ImageObject\",\"@id\":\"https:\\\/\\\/www.eldigitaldeasturias.com\\\/noticias\\\/el-tesorero-de-la-cdu-de-merkel-bajo-sospecha-por-fondos-en-paraiso-fiscal\\\/#authorImage\",\"url\":\"https:\\\/\\\/secure.gravatar.com\\\/avatar\\\/df2aeffc32bcd13f8d26072ef8a91b623d677766deac7f97ca815868cd41bf5e?s=96&d=mm&r=g\",\"width\":96,\"height\":96,\"caption\":\"El Digital de Asturias\"}},{\"@type\":\"WebPage\",\"@id\":\"https:\\\/\\\/www.eldigitaldeasturias.com\\\/noticias\\\/el-tesorero-de-la-cdu-de-merkel-bajo-sospecha-por-fondos-en-paraiso-fiscal\\\/#webpage\",\"url\":\"https:\\\/\\\/www.eldigitaldeasturias.com\\\/noticias\\\/el-tesorero-de-la-cdu-de-merkel-bajo-sospecha-por-fondos-en-paraiso-fiscal\\\/\",\"name\":\"El tesorero de la CDU de Merkel, bajo sospecha por fondos en para\\u00edso fiscal - El Digital de Asturias\",\"description\":\"Berl\\u00edn, 5 feb (EFE).- Los socialdem\\u00f3cratas y los Verdes alemanes instaron hoy a la Uni\\u00f3n Cristianodem\\u00f3crata (CDU) de la canciller, Angela Merkel, a aclarar las sospechas que pesan sobre el tesorero de su partido, que pudo haber ocultado dinero en empresas tapadera de para\\u00edsos fiscales. La historia fue publicada por la revista alemana \\\"Stern\\\", que\",\"inLanguage\":\"es-ES\",\"isPartOf\":{\"@id\":\"https:\\\/\\\/www.eldigitaldeasturias.com\\\/noticias\\\/#website\"},\"breadcrumb\":{\"@id\":\"https:\\\/\\\/www.eldigitaldeasturias.com\\\/noticias\\\/el-tesorero-de-la-cdu-de-merkel-bajo-sospecha-por-fondos-en-paraiso-fiscal\\\/#breadcrumblist\"},\"author\":{\"@id\":\"https:\\\/\\\/www.eldigitaldeasturias.com\\\/noticias\\\/author\\\/admin\\\/#author\"},\"creator\":{\"@id\":\"https:\\\/\\\/www.eldigitaldeasturias.com\\\/noticias\\\/author\\\/admin\\\/#author\"},\"image\":{\"@type\":\"ImageObject\",\"url\":484381,\"@id\":\"https:\\\/\\\/www.eldigitaldeasturias.com\\\/noticias\\\/el-tesorero-de-la-cdu-de-merkel-bajo-sospecha-por-fondos-en-paraiso-fiscal\\\/#mainImage\"},\"primaryImageOfPage\":{\"@id\":\"https:\\\/\\\/www.eldigitaldeasturias.com\\\/noticias\\\/el-tesorero-de-la-cdu-de-merkel-bajo-sospecha-por-fondos-en-paraiso-fiscal\\\/#mainImage\"},\"datePublished\":\"2014-02-06T00:12:54+01:00\",\"dateModified\":\"2014-02-06T00:12:54+01:00\"},{\"@type\":\"WebSite\",\"@id\":\"https:\\\/\\\/www.eldigitaldeasturias.com\\\/noticias\\\/#website\",\"url\":\"https:\\\/\\\/www.eldigitaldeasturias.com\\\/noticias\\\/\",\"name\":\"El Digital de Asturias - Diario de actualidad y noticias\",\"alternateName\":\"El Digital de Asturias - Diario de actualidad y noticias\",\"description\":\"Hemeroteca\",\"inLanguage\":\"es-ES\",\"publisher\":{\"@id\":\"https:\\\/\\\/www.eldigitaldeasturias.com\\\/noticias\\\/#organization\"}}]}\n\t\t<\/script>\n\t\t<!-- All in One SEO Pro -->\r\n\t\t<title>El tesorero de la CDU de Merkel, bajo sospecha por fondos en para\u00edso fiscal - El Digital de Asturias<\/title>\n\n","aioseo_head_json":{"title":"El tesorero de la CDU de Merkel, bajo sospecha por fondos en para\u00edso fiscal - El Digital de Asturias","description":"Berl\u00edn, 5 feb (EFE).- Los socialdem\u00f3cratas y los Verdes alemanes instaron hoy a la Uni\u00f3n Cristianodem\u00f3crata (CDU) de la canciller, Angela Merkel, a aclarar las sospechas que pesan sobre el tesorero de su partido, que pudo haber ocultado dinero en empresas tapadera de para\u00edsos fiscales. La historia fue publicada por la revista alemana \"Stern\", que","canonical_url":"https:\/\/www.eldigitaldeasturias.com\/noticias\/el-tesorero-de-la-cdu-de-merkel-bajo-sospecha-por-fondos-en-paraiso-fiscal\/","robots":"max-image-preview:large","keywords":"actualidad","webmasterTools":{"google-site-verification":"UA-38556648-1","msvalidate.01":"7dfe9f3f1b24437ab69f4f2559babe99","miscellaneous":""},"schema":{"@context":"https:\/\/schema.org","@graph":[{"@type":"BlogPosting","@id":"https:\/\/www.eldigitaldeasturias.com\/noticias\/el-tesorero-de-la-cdu-de-merkel-bajo-sospecha-por-fondos-en-paraiso-fiscal\/#blogposting","name":"El tesorero de la CDU de Merkel, bajo sospecha por fondos en para\u00edso fiscal - El Digital de Asturias","headline":"El tesorero de la CDU de Merkel, bajo sospecha por fondos en para\u00edso fiscal","author":{"@id":"https:\/\/www.eldigitaldeasturias.com\/noticias\/author\/admin\/#author"},"publisher":{"@id":"https:\/\/www.eldigitaldeasturias.com\/noticias\/#organization"},"image":{"@type":"ImageObject","url":484381},"datePublished":"2014-02-06T00:12:54+01:00","dateModified":"2014-02-06T00:12:54+01:00","inLanguage":"es-ES","mainEntityOfPage":{"@id":"https:\/\/www.eldigitaldeasturias.com\/noticias\/el-tesorero-de-la-cdu-de-merkel-bajo-sospecha-por-fondos-en-paraiso-fiscal\/#webpage"},"isPartOf":{"@id":"https:\/\/www.eldigitaldeasturias.com\/noticias\/el-tesorero-de-la-cdu-de-merkel-bajo-sospecha-por-fondos-en-paraiso-fiscal\/#webpage"},"articleSection":"Actualidad"},{"@type":"BreadcrumbList","@id":"https:\/\/www.eldigitaldeasturias.com\/noticias\/el-tesorero-de-la-cdu-de-merkel-bajo-sospecha-por-fondos-en-paraiso-fiscal\/#breadcrumblist","itemListElement":[{"@type":"ListItem","@id":"https:\/\/www.eldigitaldeasturias.com\/noticias#listItem","position":1,"name":"Home","item":"https:\/\/www.eldigitaldeasturias.com\/noticias","nextItem":{"@type":"ListItem","@id":"https:\/\/www.eldigitaldeasturias.com\/noticias\/category\/actualidad\/#listItem","name":"Actualidad"}},{"@type":"ListItem","@id":"https:\/\/www.eldigitaldeasturias.com\/noticias\/category\/actualidad\/#listItem","position":2,"name":"Actualidad","item":"https:\/\/www.eldigitaldeasturias.com\/noticias\/category\/actualidad\/","nextItem":{"@type":"ListItem","@id":"https:\/\/www.eldigitaldeasturias.com\/noticias\/el-tesorero-de-la-cdu-de-merkel-bajo-sospecha-por-fondos-en-paraiso-fiscal\/#listItem","name":"El tesorero de la CDU de Merkel, bajo sospecha por fondos en para\u00edso fiscal"},"previousItem":{"@type":"ListItem","@id":"https:\/\/www.eldigitaldeasturias.com\/noticias#listItem","name":"Home"}},{"@type":"ListItem","@id":"https:\/\/www.eldigitaldeasturias.com\/noticias\/el-tesorero-de-la-cdu-de-merkel-bajo-sospecha-por-fondos-en-paraiso-fiscal\/#listItem","position":3,"name":"El tesorero de la CDU de Merkel, bajo sospecha por fondos en para\u00edso fiscal","previousItem":{"@type":"ListItem","@id":"https:\/\/www.eldigitaldeasturias.com\/noticias\/category\/actualidad\/#listItem","name":"Actualidad"}}]},{"@type":"Organization","@id":"https:\/\/www.eldigitaldeasturias.com\/noticias\/#organization","name":"El Digital de Asturias","description":"Hemeroteca","url":"https:\/\/www.eldigitaldeasturias.com\/noticias\/","email":"info@eldigitaldeasturias.com","telephone":"+34652131393","logo":{"@type":"ImageObject","url":"https:\/\/www.eldigitaldeasturias.com\/noticias\/wp-content\/uploads\/2020\/12\/EDA.jpg","@id":"https:\/\/www.eldigitaldeasturias.com\/noticias\/el-tesorero-de-la-cdu-de-merkel-bajo-sospecha-por-fondos-en-paraiso-fiscal\/#organizationLogo"},"image":{"@id":"https:\/\/www.eldigitaldeasturias.com\/noticias\/el-tesorero-de-la-cdu-de-merkel-bajo-sospecha-por-fondos-en-paraiso-fiscal\/#organizationLogo"},"sameAs":["https:\/\/facebook.com\/eldigitaldeasturias","https:\/\/www.youtube.com\/channel\/UCZP-2wLEB9Rv6erhFmqVnvg"],"address":{"@id":"https:\/\/www.eldigitaldeasturias.com\/noticias\/#postaladdress","@type":"PostalAddress","streetAddress":"san antonio 4","postalCode":"33430","addressLocality":"Cand\u00e1s","addressRegion":"Asturias","addressCountry":"ES"}},{"@type":"Person","@id":"https:\/\/www.eldigitaldeasturias.com\/noticias\/author\/admin\/#author","url":"https:\/\/www.eldigitaldeasturias.com\/noticias\/author\/admin\/","name":"El Digital de Asturias","image":{"@type":"ImageObject","@id":"https:\/\/www.eldigitaldeasturias.com\/noticias\/el-tesorero-de-la-cdu-de-merkel-bajo-sospecha-por-fondos-en-paraiso-fiscal\/#authorImage","url":"https:\/\/secure.gravatar.com\/avatar\/df2aeffc32bcd13f8d26072ef8a91b623d677766deac7f97ca815868cd41bf5e?s=96&d=mm&r=g","width":96,"height":96,"caption":"El Digital de Asturias"}},{"@type":"WebPage","@id":"https:\/\/www.eldigitaldeasturias.com\/noticias\/el-tesorero-de-la-cdu-de-merkel-bajo-sospecha-por-fondos-en-paraiso-fiscal\/#webpage","url":"https:\/\/www.eldigitaldeasturias.com\/noticias\/el-tesorero-de-la-cdu-de-merkel-bajo-sospecha-por-fondos-en-paraiso-fiscal\/","name":"El tesorero de la CDU de Merkel, bajo sospecha por fondos en para\u00edso fiscal - El Digital de Asturias","description":"Berl\u00edn, 5 feb (EFE).- Los socialdem\u00f3cratas y los Verdes alemanes instaron hoy a la Uni\u00f3n Cristianodem\u00f3crata (CDU) de la canciller, Angela Merkel, a aclarar las sospechas que pesan sobre el tesorero de su partido, que pudo haber ocultado dinero en empresas tapadera de para\u00edsos fiscales. La historia fue publicada por la revista alemana \"Stern\", que","inLanguage":"es-ES","isPartOf":{"@id":"https:\/\/www.eldigitaldeasturias.com\/noticias\/#website"},"breadcrumb":{"@id":"https:\/\/www.eldigitaldeasturias.com\/noticias\/el-tesorero-de-la-cdu-de-merkel-bajo-sospecha-por-fondos-en-paraiso-fiscal\/#breadcrumblist"},"author":{"@id":"https:\/\/www.eldigitaldeasturias.com\/noticias\/author\/admin\/#author"},"creator":{"@id":"https:\/\/www.eldigitaldeasturias.com\/noticias\/author\/admin\/#author"},"image":{"@type":"ImageObject","url":484381,"@id":"https:\/\/www.eldigitaldeasturias.com\/noticias\/el-tesorero-de-la-cdu-de-merkel-bajo-sospecha-por-fondos-en-paraiso-fiscal\/#mainImage"},"primaryImageOfPage":{"@id":"https:\/\/www.eldigitaldeasturias.com\/noticias\/el-tesorero-de-la-cdu-de-merkel-bajo-sospecha-por-fondos-en-paraiso-fiscal\/#mainImage"},"datePublished":"2014-02-06T00:12:54+01:00","dateModified":"2014-02-06T00:12:54+01:00"},{"@type":"WebSite","@id":"https:\/\/www.eldigitaldeasturias.com\/noticias\/#website","url":"https:\/\/www.eldigitaldeasturias.com\/noticias\/","name":"El Digital de Asturias - Diario de actualidad y noticias","alternateName":"El Digital de Asturias - Diario de actualidad y noticias","description":"Hemeroteca","inLanguage":"es-ES","publisher":{"@id":"https:\/\/www.eldigitaldeasturias.com\/noticias\/#organization"}}]},"og:locale":"es_ES","og:site_name":"El Digital de Asturias","og:type":"article","og:title":"El tesorero de la CDU de Merkel, bajo sospecha por fondos en para\u00edso fiscal - El Digital de Asturias","og:description":"Berl\u00edn, 5 feb (EFE).- Los socialdem\u00f3cratas y los Verdes alemanes instaron hoy a la Uni\u00f3n Cristianodem\u00f3crata (CDU) de la canciller, Angela Merkel, a aclarar las sospechas que pesan sobre el tesorero de su partido, que pudo haber ocultado dinero en empresas tapadera de para\u00edsos fiscales. La historia fue publicada por la revista alemana &quot;Stern&quot;, que","og:url":"https:\/\/www.eldigitaldeasturias.com\/noticias\/el-tesorero-de-la-cdu-de-merkel-bajo-sospecha-por-fondos-en-paraiso-fiscal\/","article:tag":["actualidad"],"article:published_time":"2014-02-06T01:12:54+00:00","article:modified_time":"2014-02-06T01:12:54+00:00","article:publisher":"https:\/\/facebook.com\/eldigitaldeasturias","twitter:card":"summary_large_image","twitter:title":"El tesorero de la CDU de Merkel, bajo sospecha por fondos en para\u00edso fiscal - El Digital de Asturias","twitter:description":"Berl\u00edn, 5 feb (EFE).- Los socialdem\u00f3cratas y los Verdes alemanes instaron hoy a la Uni\u00f3n Cristianodem\u00f3crata (CDU) de la canciller, Angela Merkel, a aclarar las sospechas que pesan sobre el tesorero de su partido, que pudo haber ocultado dinero en empresas tapadera de para\u00edsos fiscales. La historia fue publicada por la revista alemana &quot;Stern&quot;, que","twitter:label1":"Escrito por","twitter:data1":"El Digital de Asturias","twitter:label2":"Tiempo de lectura estimado","twitter:data2":"2 minutos"},"aioseo_meta_data":{"post_id":"484380","title":null,"description":null,"keywords":null,"keyphrases":null,"primary_term":null,"canonical_url":null,"og_title":null,"og_description":null,"og_object_type":"default","og_image_type":"default","og_image_url":null,"og_image_width":null,"og_image_height":null,"og_image_custom_url":null,"og_image_custom_fields":null,"og_video":null,"og_custom_url":null,"og_article_section":null,"og_article_tags":null,"twitter_use_og":true,"twitter_card":"default","twitter_image_type":"default","twitter_image_url":null,"twitter_image_custom_url":null,"twitter_image_custom_fields":null,"twitter_title":null,"twitter_description":null,"schema":{"blockGraphs":[],"customGraphs":[],"default":{"data":{"Article":[],"Course":[],"Dataset":[],"FAQPage":[],"Movie":[],"Person":[],"Product":[],"ProductReview":[],"Car":[],"Recipe":[],"Service":[],"SoftwareApplication":[],"WebPage":[]},"graphName":"","isEnabled":true},"graphs":[],"defaultGraph":"","defaultPostTypeGraph":""},"schema_type":null,"schema_type_options":null,"pillar_content":false,"robots_default":true,"robots_noindex":false,"robots_noarchive":false,"robots_nosnippet":false,"robots_nofollow":false,"robots_noimageindex":false,"robots_noodp":false,"robots_notranslate":false,"robots_max_snippet":null,"robots_max_videopreview":null,"robots_max_imagepreview":"none","priority":null,"frequency":null,"local_seo":null,"seo_analyzer_scan_date":"2026-06-02 15:40:55","breadcrumb_settings":null,"limit_modified_date":false,"open_ai":null,"ai":null,"created":"2020-11-14 22:55:04","updated":"2026-06-02 15:40:55","focus_keyword":null,"additional_keywords":null,"truseo_locale":null},"aioseo_breadcrumb":"<div class=\"aioseo-breadcrumbs\"><span class=\"aioseo-breadcrumb\">\n\t<a href=\"https:\/\/www.eldigitaldeasturias.com\/noticias\" title=\"Home\">Home<\/a>\n<\/span><span class=\"aioseo-breadcrumb-separator\">\u2013<\/span><span class=\"aioseo-breadcrumb\">\n\t<a href=\"https:\/\/www.eldigitaldeasturias.com\/noticias\/category\/actualidad\/\" title=\"Actualidad\">Actualidad<\/a>\n<\/span><span class=\"aioseo-breadcrumb-separator\">\u2013<\/span><span class=\"aioseo-breadcrumb\">\n\t<a href=\"https:\/\/www.eldigitaldeasturias.com\/noticias\/el-tesorero-de-la-cdu-de-merkel-bajo-sospecha-por-fondos-en-paraiso-fiscal\/\" title=\"El tesorero de la CDU de Merkel, bajo sospecha por fondos en para\u00edso fiscal\">El tesorero de la CDU de Merkel, bajo sospecha por fondos en para\u00edso fiscal<\/a>\n<\/span><\/div>","aioseo_breadcrumb_json":[{"label":"Home","link":"https:\/\/www.eldigitaldeasturias.com\/noticias"},{"label":"Actualidad","link":"https:\/\/www.eldigitaldeasturias.com\/noticias\/category\/actualidad\/"},{"label":"El tesorero de la CDU de Merkel, bajo sospecha por fondos en para\u00edso fiscal","link":"https:\/\/www.eldigitaldeasturias.com\/noticias\/el-tesorero-de-la-cdu-de-merkel-bajo-sospecha-por-fondos-en-paraiso-fiscal\/"}],"_links":{"self":[{"href":"https:\/\/www.eldigitaldeasturias.com\/noticias\/wp-json\/wp\/v2\/posts\/484380","targetHints":{"allow":["GET"]}}],"collection":[{"href":"https:\/\/www.eldigitaldeasturias.com\/noticias\/wp-json\/wp\/v2\/posts"}],"about":[{"href":"https:\/\/www.eldigitaldeasturias.com\/noticias\/wp-json\/wp\/v2\/types\/post"}],"author":[{"embeddable":true,"href":"https:\/\/www.eldigitaldeasturias.com\/noticias\/wp-json\/wp\/v2\/users\/1"}],"replies":[{"embeddable":true,"href":"https:\/\/www.eldigitaldeasturias.com\/noticias\/wp-json\/wp\/v2\/comments?post=484380"}],"version-history":[{"count":0,"href":"https:\/\/www.eldigitaldeasturias.com\/noticias\/wp-json\/wp\/v2\/posts\/484380\/revisions"}],"wp:attachment":[{"href":"https:\/\/www.eldigitaldeasturias.com\/noticias\/wp-json\/wp\/v2\/media?parent=484380"}],"wp:term":[{"taxonomy":"category","embeddable":true,"href":"https:\/\/www.eldigitaldeasturias.com\/noticias\/wp-json\/wp\/v2\/categories?post=484380"},{"taxonomy":"post_tag","embeddable":true,"href":"https:\/\/www.eldigitaldeasturias.com\/noticias\/wp-json\/wp\/v2\/tags?post=484380"}],"curies":[{"name":"wp","href":"https:\/\/api.w.org\/{rel}","templated":true}]}}