{"id":484359,"date":"2014-02-05T23:53:36","date_gmt":"2014-02-06T00:53:36","guid":{"rendered":"http:\/\/www.eldigitaldeasturias.com\/noticias\/?p=484359"},"modified":"2014-02-05T23:53:36","modified_gmt":"2014-02-06T00:53:36","slug":"pizzi-ensaya-con-senderos-y-vargas-en-el-once-titular-ante-el-betis","status":"publish","type":"post","link":"https:\/\/www.eldigitaldeasturias.com\/noticias\/pizzi-ensaya-con-senderos-y-vargas-en-el-once-titular-ante-el-betis\/","title":{"rendered":"Pizzi ensaya con Senderos y Vargas en el once titular ante el Betis"},"content":{"rendered":"<p><img loading=\"lazy\" decoding=\"async\" class=\"alignleft size-medium wp-image-484360\" alt=\"5911934w\" src=\"https:\/\/www.eldigitaldeasturias.com\/noticias\/wp-content\/uploads\/2014\/02\/5911934w-360x250.jpg\" width=\"360\" height=\"250\" \/>Valencia, 5 feb (EFE).- El entrenador del Valencia, Juan Antonio Pizzi, ensay\u00f3 hoy con el suizo Philippe Senderos y el chileno Eduardo Vargas en el once titular valencianista que podr\u00eda medirse al Real Betis en Mestalla, el pr\u00f3ximo fin de semana en el encuentro de la vig\u00e9sima tercera jornada de Liga BBVA.<\/p>\n<p>El central Senderos, que fue presentado el martes ante los medios de comunicaci\u00f3n, ocup\u00f3 un lugar en la defensa junto al franc\u00e9s Jeremy Mathieu para suplir la baja del sancionado Ricardo Costa.<\/p>\n<p>Mientras, Vargas, que ya disfrut\u00f3 de sus primeros minutos como valencianista ante el Barcelona, tambi\u00e9n form\u00f3 en el equipo titular al lado de Paco Alc\u00e1cer en la delantera.<\/p>\n<p>El once que prob\u00f3 el t\u00e9cnico hispano argentino fue el formado por Diego Alves, Barrag\u00e1n, Senderos, Mathieu, Bernat, Javi Fuego, Parejo, Feghouli, Piatti, Vargas y Alc\u00e1cer.<\/p>\n<p>El otro equipo estuvo integrado por Guaita, V\u00edctor Ruiz, Vezo, Ricardo Costa, Joao Pereira, Oriol Romeu, Keita, Zahibo o Rober, M\u00edchel, Fede y Jonas.<\/p>\n<p>Oriol Romeu, con molestias en la parte posterior del muslo derecho, y Sofiane Feghouli, que arrastraba dolor tras visitar al dentista, se reincorporaron a los entrenamientos tras su ausencia en el d\u00eda de ayer.<\/p>\n<p>Juan Antonio Pizzi volvi\u00f3 a recurrir al filial para completar la sesi\u00f3n y cit\u00f3 a los canteranos Wilfried Zahibo, mediocentro franc\u00e9s fichado en este mercado de invierno, y al extremo Rober Ib\u00e1\u00f1ez.<\/p>\n","protected":false},"excerpt":{"rendered":"<p>Valencia, 5 feb (EFE).- El entrenador del Valencia, Juan Antonio Pizzi, ensay\u00f3 hoy con el suizo Philippe Senderos y el chileno Eduardo Vargas en el once titular valencianista que podr\u00eda medirse al Real Betis en Mestalla, el pr\u00f3ximo fin de semana en el encuentro de la vig\u00e9sima tercera jornada de Liga BBVA. El central Senderos, [&hellip;]<\/p>\n","protected":false},"author":1,"featured_media":484360,"comment_status":"closed","ping_status":"open","sticky":false,"template":"","format":"standard","meta":{"footnotes":""},"categories":[1],"tags":[],"class_list":["post-484359","post","type-post","status-publish","format-standard","has-post-thumbnail","hentry","category-actualidad"],"aioseo_notices":[],"aioseo_head":"\n\t\t<!-- All in One SEO Pro 5.0.1 - aioseo.com -->\n\t<meta name=\"description\" content=\"Valencia, 5 feb (EFE).- El entrenador del Valencia, Juan Antonio Pizzi, ensay\u00f3 hoy con el suizo Philippe Senderos y el chileno Eduardo Vargas en el once titular valencianista que podr\u00eda medirse al Real Betis en Mestalla, el pr\u00f3ximo fin de semana en el encuentro de la vig\u00e9sima tercera jornada de Liga BBVA. El central Senderos,\" \/>\n\t<meta name=\"robots\" content=\"max-image-preview:large\" \/>\n\t<meta name=\"author\" content=\"El Digital de Asturias\"\/>\n\t<meta name=\"google-site-verification\" content=\"UA-38556648-1\" \/>\n\t<meta name=\"msvalidate.01\" content=\"7dfe9f3f1b24437ab69f4f2559babe99\" \/>\n\t<meta name=\"keywords\" content=\"actualidad\" \/>\n\t<link rel=\"canonical\" href=\"https:\/\/www.eldigitaldeasturias.com\/noticias\/pizzi-ensaya-con-senderos-y-vargas-en-el-once-titular-ante-el-betis\/\" \/>\n\t<meta name=\"generator\" content=\"All in One SEO Pro (AIOSEO) 5.0.1\" \/>\n\t\t<meta property=\"og:locale\" content=\"es_ES\" \/>\n\t\t<meta property=\"og:site_name\" content=\"El Digital de Asturias\" \/>\n\t\t<meta property=\"og:type\" content=\"article\" \/>\n\t\t<meta property=\"og:title\" content=\"Pizzi ensaya con Senderos y Vargas en el once titular ante el Betis - El Digital de Asturias\" \/>\n\t\t<meta property=\"og:description\" content=\"Valencia, 5 feb (EFE).- El entrenador del Valencia, Juan Antonio Pizzi, ensay\u00f3 hoy con el suizo Philippe Senderos y el chileno Eduardo Vargas en el once titular valencianista que podr\u00eda medirse al Real Betis en Mestalla, el pr\u00f3ximo fin de semana en el encuentro de la vig\u00e9sima tercera jornada de Liga BBVA. El central Senderos,\" \/>\n\t\t<meta property=\"og:url\" content=\"https:\/\/www.eldigitaldeasturias.com\/noticias\/pizzi-ensaya-con-senderos-y-vargas-en-el-once-titular-ante-el-betis\/\" \/>\n\t\t<meta property=\"article:tag\" content=\"actualidad\" \/>\n\t\t<meta property=\"article:published_time\" content=\"2014-02-06T00:53:36+00:00\" \/>\n\t\t<meta property=\"article:modified_time\" content=\"2014-02-06T00:53:36+00:00\" \/>\n\t\t<meta property=\"article:publisher\" content=\"https:\/\/facebook.com\/eldigitaldeasturias\" \/>\n\t\t<meta name=\"twitter:card\" content=\"summary_large_image\" \/>\n\t\t<meta name=\"twitter:title\" content=\"Pizzi ensaya con Senderos y Vargas en el once titular ante el Betis - El Digital de Asturias\" \/>\n\t\t<meta name=\"twitter:description\" content=\"Valencia, 5 feb (EFE).- El entrenador del Valencia, Juan Antonio Pizzi, ensay\u00f3 hoy con el suizo Philippe Senderos y el chileno Eduardo Vargas en el once titular valencianista que podr\u00eda medirse al Real Betis en Mestalla, el pr\u00f3ximo fin de semana en el encuentro de la vig\u00e9sima tercera jornada de Liga BBVA. El central Senderos,\" \/>\n\t\t<meta name=\"twitter:label1\" content=\"Escrito por\" \/>\n\t\t<meta name=\"twitter:data1\" content=\"El Digital de Asturias\" \/>\n\t\t<meta name=\"twitter:label2\" content=\"Tiempo de lectura estimado\" \/>\n\t\t<meta name=\"twitter:data2\" content=\"1 minuto\" \/>\n\t\t<script type=\"application\/ld+json\" class=\"aioseo-schema\">\n\t\t\t{\"@context\":\"https:\\\/\\\/schema.org\",\"@graph\":[{\"@type\":\"BlogPosting\",\"@id\":\"https:\\\/\\\/www.eldigitaldeasturias.com\\\/noticias\\\/pizzi-ensaya-con-senderos-y-vargas-en-el-once-titular-ante-el-betis\\\/#blogposting\",\"name\":\"Pizzi ensaya con Senderos y Vargas en el once titular ante el Betis - El Digital de Asturias\",\"headline\":\"Pizzi ensaya con Senderos y Vargas en el once titular ante el Betis\",\"author\":{\"@id\":\"https:\\\/\\\/www.eldigitaldeasturias.com\\\/noticias\\\/author\\\/admin\\\/#author\"},\"publisher\":{\"@id\":\"https:\\\/\\\/www.eldigitaldeasturias.com\\\/noticias\\\/#organization\"},\"image\":{\"@type\":\"ImageObject\",\"url\":484360},\"datePublished\":\"2014-02-05T23:53:36+01:00\",\"dateModified\":\"2014-02-05T23:53:36+01:00\",\"inLanguage\":\"es-ES\",\"mainEntityOfPage\":{\"@id\":\"https:\\\/\\\/www.eldigitaldeasturias.com\\\/noticias\\\/pizzi-ensaya-con-senderos-y-vargas-en-el-once-titular-ante-el-betis\\\/#webpage\"},\"isPartOf\":{\"@id\":\"https:\\\/\\\/www.eldigitaldeasturias.com\\\/noticias\\\/pizzi-ensaya-con-senderos-y-vargas-en-el-once-titular-ante-el-betis\\\/#webpage\"},\"articleSection\":\"Actualidad\"},{\"@type\":\"BreadcrumbList\",\"@id\":\"https:\\\/\\\/www.eldigitaldeasturias.com\\\/noticias\\\/pizzi-ensaya-con-senderos-y-vargas-en-el-once-titular-ante-el-betis\\\/#breadcrumblist\",\"itemListElement\":[{\"@type\":\"ListItem\",\"@id\":\"https:\\\/\\\/www.eldigitaldeasturias.com\\\/noticias#listItem\",\"position\":1,\"name\":\"Home\",\"item\":\"https:\\\/\\\/www.eldigitaldeasturias.com\\\/noticias\",\"nextItem\":{\"@type\":\"ListItem\",\"@id\":\"https:\\\/\\\/www.eldigitaldeasturias.com\\\/noticias\\\/category\\\/actualidad\\\/#listItem\",\"name\":\"Actualidad\"}},{\"@type\":\"ListItem\",\"@id\":\"https:\\\/\\\/www.eldigitaldeasturias.com\\\/noticias\\\/category\\\/actualidad\\\/#listItem\",\"position\":2,\"name\":\"Actualidad\",\"item\":\"https:\\\/\\\/www.eldigitaldeasturias.com\\\/noticias\\\/category\\\/actualidad\\\/\",\"nextItem\":{\"@type\":\"ListItem\",\"@id\":\"https:\\\/\\\/www.eldigitaldeasturias.com\\\/noticias\\\/pizzi-ensaya-con-senderos-y-vargas-en-el-once-titular-ante-el-betis\\\/#listItem\",\"name\":\"Pizzi ensaya con Senderos y Vargas en el once titular ante el Betis\"},\"previousItem\":{\"@type\":\"ListItem\",\"@id\":\"https:\\\/\\\/www.eldigitaldeasturias.com\\\/noticias#listItem\",\"name\":\"Home\"}},{\"@type\":\"ListItem\",\"@id\":\"https:\\\/\\\/www.eldigitaldeasturias.com\\\/noticias\\\/pizzi-ensaya-con-senderos-y-vargas-en-el-once-titular-ante-el-betis\\\/#listItem\",\"position\":3,\"name\":\"Pizzi ensaya con Senderos y Vargas en el once titular ante el Betis\",\"previousItem\":{\"@type\":\"ListItem\",\"@id\":\"https:\\\/\\\/www.eldigitaldeasturias.com\\\/noticias\\\/category\\\/actualidad\\\/#listItem\",\"name\":\"Actualidad\"}}]},{\"@type\":\"Organization\",\"@id\":\"https:\\\/\\\/www.eldigitaldeasturias.com\\\/noticias\\\/#organization\",\"name\":\"El Digital de Asturias\",\"description\":\"Hemeroteca\",\"url\":\"https:\\\/\\\/www.eldigitaldeasturias.com\\\/noticias\\\/\",\"email\":\"info@eldigitaldeasturias.com\",\"telephone\":\"+34652131393\",\"logo\":{\"@type\":\"ImageObject\",\"url\":\"https:\\\/\\\/www.eldigitaldeasturias.com\\\/noticias\\\/wp-content\\\/uploads\\\/2020\\\/12\\\/EDA.jpg\",\"@id\":\"https:\\\/\\\/www.eldigitaldeasturias.com\\\/noticias\\\/pizzi-ensaya-con-senderos-y-vargas-en-el-once-titular-ante-el-betis\\\/#organizationLogo\"},\"image\":{\"@id\":\"https:\\\/\\\/www.eldigitaldeasturias.com\\\/noticias\\\/pizzi-ensaya-con-senderos-y-vargas-en-el-once-titular-ante-el-betis\\\/#organizationLogo\"},\"sameAs\":[\"https:\\\/\\\/facebook.com\\\/eldigitaldeasturias\",\"https:\\\/\\\/www.youtube.com\\\/channel\\\/UCZP-2wLEB9Rv6erhFmqVnvg\"],\"address\":{\"@id\":\"https:\\\/\\\/www.eldigitaldeasturias.com\\\/noticias\\\/#postaladdress\",\"@type\":\"PostalAddress\",\"streetAddress\":\"san antonio 4\",\"postalCode\":\"33430\",\"addressLocality\":\"Cand\\u00e1s\",\"addressRegion\":\"Asturias\",\"addressCountry\":\"ES\"}},{\"@type\":\"Person\",\"@id\":\"https:\\\/\\\/www.eldigitaldeasturias.com\\\/noticias\\\/author\\\/admin\\\/#author\",\"url\":\"https:\\\/\\\/www.eldigitaldeasturias.com\\\/noticias\\\/author\\\/admin\\\/\",\"name\":\"El Digital de Asturias\",\"image\":{\"@type\":\"ImageObject\",\"@id\":\"https:\\\/\\\/www.eldigitaldeasturias.com\\\/noticias\\\/pizzi-ensaya-con-senderos-y-vargas-en-el-once-titular-ante-el-betis\\\/#authorImage\",\"url\":\"https:\\\/\\\/secure.gravatar.com\\\/avatar\\\/df2aeffc32bcd13f8d26072ef8a91b623d677766deac7f97ca815868cd41bf5e?s=96&d=mm&r=g\",\"width\":96,\"height\":96,\"caption\":\"El Digital de Asturias\"}},{\"@type\":\"WebPage\",\"@id\":\"https:\\\/\\\/www.eldigitaldeasturias.com\\\/noticias\\\/pizzi-ensaya-con-senderos-y-vargas-en-el-once-titular-ante-el-betis\\\/#webpage\",\"url\":\"https:\\\/\\\/www.eldigitaldeasturias.com\\\/noticias\\\/pizzi-ensaya-con-senderos-y-vargas-en-el-once-titular-ante-el-betis\\\/\",\"name\":\"Pizzi ensaya con Senderos y Vargas en el once titular ante el Betis - El Digital de Asturias\",\"description\":\"Valencia, 5 feb (EFE).- El entrenador del Valencia, Juan Antonio Pizzi, ensay\\u00f3 hoy con el suizo Philippe Senderos y el chileno Eduardo Vargas en el once titular valencianista que podr\\u00eda medirse al Real Betis en Mestalla, el pr\\u00f3ximo fin de semana en el encuentro de la vig\\u00e9sima tercera jornada de Liga BBVA. El central Senderos,\",\"inLanguage\":\"es-ES\",\"isPartOf\":{\"@id\":\"https:\\\/\\\/www.eldigitaldeasturias.com\\\/noticias\\\/#website\"},\"breadcrumb\":{\"@id\":\"https:\\\/\\\/www.eldigitaldeasturias.com\\\/noticias\\\/pizzi-ensaya-con-senderos-y-vargas-en-el-once-titular-ante-el-betis\\\/#breadcrumblist\"},\"author\":{\"@id\":\"https:\\\/\\\/www.eldigitaldeasturias.com\\\/noticias\\\/author\\\/admin\\\/#author\"},\"creator\":{\"@id\":\"https:\\\/\\\/www.eldigitaldeasturias.com\\\/noticias\\\/author\\\/admin\\\/#author\"},\"image\":{\"@type\":\"ImageObject\",\"url\":484360,\"@id\":\"https:\\\/\\\/www.eldigitaldeasturias.com\\\/noticias\\\/pizzi-ensaya-con-senderos-y-vargas-en-el-once-titular-ante-el-betis\\\/#mainImage\"},\"primaryImageOfPage\":{\"@id\":\"https:\\\/\\\/www.eldigitaldeasturias.com\\\/noticias\\\/pizzi-ensaya-con-senderos-y-vargas-en-el-once-titular-ante-el-betis\\\/#mainImage\"},\"datePublished\":\"2014-02-05T23:53:36+01:00\",\"dateModified\":\"2014-02-05T23:53:36+01:00\"},{\"@type\":\"WebSite\",\"@id\":\"https:\\\/\\\/www.eldigitaldeasturias.com\\\/noticias\\\/#website\",\"url\":\"https:\\\/\\\/www.eldigitaldeasturias.com\\\/noticias\\\/\",\"name\":\"El Digital de Asturias - Diario de actualidad y noticias\",\"alternateName\":\"El Digital de Asturias - Diario de actualidad y noticias\",\"description\":\"Hemeroteca\",\"inLanguage\":\"es-ES\",\"publisher\":{\"@id\":\"https:\\\/\\\/www.eldigitaldeasturias.com\\\/noticias\\\/#organization\"}}]}\n\t\t<\/script>\n\t\t<!-- All in One SEO Pro -->\r\n\t\t<title>Pizzi ensaya con Senderos y Vargas en el once titular ante el Betis - El Digital de Asturias<\/title>\n\n","aioseo_head_json":{"title":"Pizzi ensaya con Senderos y Vargas en el once titular ante el Betis - El Digital de Asturias","description":"Valencia, 5 feb (EFE).- El entrenador del Valencia, Juan Antonio Pizzi, ensay\u00f3 hoy con el suizo Philippe Senderos y el chileno Eduardo Vargas en el once titular valencianista que podr\u00eda medirse al Real Betis en Mestalla, el pr\u00f3ximo fin de semana en el encuentro de la vig\u00e9sima tercera jornada de Liga BBVA. El central Senderos,","canonical_url":"https:\/\/www.eldigitaldeasturias.com\/noticias\/pizzi-ensaya-con-senderos-y-vargas-en-el-once-titular-ante-el-betis\/","robots":"max-image-preview:large","keywords":"actualidad","webmasterTools":{"google-site-verification":"UA-38556648-1","msvalidate.01":"7dfe9f3f1b24437ab69f4f2559babe99","miscellaneous":""},"schema":{"@context":"https:\/\/schema.org","@graph":[{"@type":"BlogPosting","@id":"https:\/\/www.eldigitaldeasturias.com\/noticias\/pizzi-ensaya-con-senderos-y-vargas-en-el-once-titular-ante-el-betis\/#blogposting","name":"Pizzi ensaya con Senderos y Vargas en el once titular ante el Betis - El Digital de Asturias","headline":"Pizzi ensaya con Senderos y Vargas en el once titular ante el Betis","author":{"@id":"https:\/\/www.eldigitaldeasturias.com\/noticias\/author\/admin\/#author"},"publisher":{"@id":"https:\/\/www.eldigitaldeasturias.com\/noticias\/#organization"},"image":{"@type":"ImageObject","url":484360},"datePublished":"2014-02-05T23:53:36+01:00","dateModified":"2014-02-05T23:53:36+01:00","inLanguage":"es-ES","mainEntityOfPage":{"@id":"https:\/\/www.eldigitaldeasturias.com\/noticias\/pizzi-ensaya-con-senderos-y-vargas-en-el-once-titular-ante-el-betis\/#webpage"},"isPartOf":{"@id":"https:\/\/www.eldigitaldeasturias.com\/noticias\/pizzi-ensaya-con-senderos-y-vargas-en-el-once-titular-ante-el-betis\/#webpage"},"articleSection":"Actualidad"},{"@type":"BreadcrumbList","@id":"https:\/\/www.eldigitaldeasturias.com\/noticias\/pizzi-ensaya-con-senderos-y-vargas-en-el-once-titular-ante-el-betis\/#breadcrumblist","itemListElement":[{"@type":"ListItem","@id":"https:\/\/www.eldigitaldeasturias.com\/noticias#listItem","position":1,"name":"Home","item":"https:\/\/www.eldigitaldeasturias.com\/noticias","nextItem":{"@type":"ListItem","@id":"https:\/\/www.eldigitaldeasturias.com\/noticias\/category\/actualidad\/#listItem","name":"Actualidad"}},{"@type":"ListItem","@id":"https:\/\/www.eldigitaldeasturias.com\/noticias\/category\/actualidad\/#listItem","position":2,"name":"Actualidad","item":"https:\/\/www.eldigitaldeasturias.com\/noticias\/category\/actualidad\/","nextItem":{"@type":"ListItem","@id":"https:\/\/www.eldigitaldeasturias.com\/noticias\/pizzi-ensaya-con-senderos-y-vargas-en-el-once-titular-ante-el-betis\/#listItem","name":"Pizzi ensaya con Senderos y Vargas en el once titular ante el Betis"},"previousItem":{"@type":"ListItem","@id":"https:\/\/www.eldigitaldeasturias.com\/noticias#listItem","name":"Home"}},{"@type":"ListItem","@id":"https:\/\/www.eldigitaldeasturias.com\/noticias\/pizzi-ensaya-con-senderos-y-vargas-en-el-once-titular-ante-el-betis\/#listItem","position":3,"name":"Pizzi ensaya con Senderos y Vargas en el once titular ante el Betis","previousItem":{"@type":"ListItem","@id":"https:\/\/www.eldigitaldeasturias.com\/noticias\/category\/actualidad\/#listItem","name":"Actualidad"}}]},{"@type":"Organization","@id":"https:\/\/www.eldigitaldeasturias.com\/noticias\/#organization","name":"El Digital de Asturias","description":"Hemeroteca","url":"https:\/\/www.eldigitaldeasturias.com\/noticias\/","email":"info@eldigitaldeasturias.com","telephone":"+34652131393","logo":{"@type":"ImageObject","url":"https:\/\/www.eldigitaldeasturias.com\/noticias\/wp-content\/uploads\/2020\/12\/EDA.jpg","@id":"https:\/\/www.eldigitaldeasturias.com\/noticias\/pizzi-ensaya-con-senderos-y-vargas-en-el-once-titular-ante-el-betis\/#organizationLogo"},"image":{"@id":"https:\/\/www.eldigitaldeasturias.com\/noticias\/pizzi-ensaya-con-senderos-y-vargas-en-el-once-titular-ante-el-betis\/#organizationLogo"},"sameAs":["https:\/\/facebook.com\/eldigitaldeasturias","https:\/\/www.youtube.com\/channel\/UCZP-2wLEB9Rv6erhFmqVnvg"],"address":{"@id":"https:\/\/www.eldigitaldeasturias.com\/noticias\/#postaladdress","@type":"PostalAddress","streetAddress":"san antonio 4","postalCode":"33430","addressLocality":"Cand\u00e1s","addressRegion":"Asturias","addressCountry":"ES"}},{"@type":"Person","@id":"https:\/\/www.eldigitaldeasturias.com\/noticias\/author\/admin\/#author","url":"https:\/\/www.eldigitaldeasturias.com\/noticias\/author\/admin\/","name":"El Digital de Asturias","image":{"@type":"ImageObject","@id":"https:\/\/www.eldigitaldeasturias.com\/noticias\/pizzi-ensaya-con-senderos-y-vargas-en-el-once-titular-ante-el-betis\/#authorImage","url":"https:\/\/secure.gravatar.com\/avatar\/df2aeffc32bcd13f8d26072ef8a91b623d677766deac7f97ca815868cd41bf5e?s=96&d=mm&r=g","width":96,"height":96,"caption":"El Digital de Asturias"}},{"@type":"WebPage","@id":"https:\/\/www.eldigitaldeasturias.com\/noticias\/pizzi-ensaya-con-senderos-y-vargas-en-el-once-titular-ante-el-betis\/#webpage","url":"https:\/\/www.eldigitaldeasturias.com\/noticias\/pizzi-ensaya-con-senderos-y-vargas-en-el-once-titular-ante-el-betis\/","name":"Pizzi ensaya con Senderos y Vargas en el once titular ante el Betis - El Digital de Asturias","description":"Valencia, 5 feb (EFE).- El entrenador del Valencia, Juan Antonio Pizzi, ensay\u00f3 hoy con el suizo Philippe Senderos y el chileno Eduardo Vargas en el once titular valencianista que podr\u00eda medirse al Real Betis en Mestalla, el pr\u00f3ximo fin de semana en el encuentro de la vig\u00e9sima tercera jornada de Liga BBVA. El central Senderos,","inLanguage":"es-ES","isPartOf":{"@id":"https:\/\/www.eldigitaldeasturias.com\/noticias\/#website"},"breadcrumb":{"@id":"https:\/\/www.eldigitaldeasturias.com\/noticias\/pizzi-ensaya-con-senderos-y-vargas-en-el-once-titular-ante-el-betis\/#breadcrumblist"},"author":{"@id":"https:\/\/www.eldigitaldeasturias.com\/noticias\/author\/admin\/#author"},"creator":{"@id":"https:\/\/www.eldigitaldeasturias.com\/noticias\/author\/admin\/#author"},"image":{"@type":"ImageObject","url":484360,"@id":"https:\/\/www.eldigitaldeasturias.com\/noticias\/pizzi-ensaya-con-senderos-y-vargas-en-el-once-titular-ante-el-betis\/#mainImage"},"primaryImageOfPage":{"@id":"https:\/\/www.eldigitaldeasturias.com\/noticias\/pizzi-ensaya-con-senderos-y-vargas-en-el-once-titular-ante-el-betis\/#mainImage"},"datePublished":"2014-02-05T23:53:36+01:00","dateModified":"2014-02-05T23:53:36+01:00"},{"@type":"WebSite","@id":"https:\/\/www.eldigitaldeasturias.com\/noticias\/#website","url":"https:\/\/www.eldigitaldeasturias.com\/noticias\/","name":"El Digital de Asturias - Diario de actualidad y noticias","alternateName":"El Digital de Asturias - Diario de actualidad y noticias","description":"Hemeroteca","inLanguage":"es-ES","publisher":{"@id":"https:\/\/www.eldigitaldeasturias.com\/noticias\/#organization"}}]},"og:locale":"es_ES","og:site_name":"El Digital de Asturias","og:type":"article","og:title":"Pizzi ensaya con Senderos y Vargas en el once titular ante el Betis - El Digital de Asturias","og:description":"Valencia, 5 feb (EFE).- El entrenador del Valencia, Juan Antonio Pizzi, ensay\u00f3 hoy con el suizo Philippe Senderos y el chileno Eduardo Vargas en el once titular valencianista que podr\u00eda medirse al Real Betis en Mestalla, el pr\u00f3ximo fin de semana en el encuentro de la vig\u00e9sima tercera jornada de Liga BBVA. El central Senderos,","og:url":"https:\/\/www.eldigitaldeasturias.com\/noticias\/pizzi-ensaya-con-senderos-y-vargas-en-el-once-titular-ante-el-betis\/","article:tag":["actualidad"],"article:published_time":"2014-02-06T00:53:36+00:00","article:modified_time":"2014-02-06T00:53:36+00:00","article:publisher":"https:\/\/facebook.com\/eldigitaldeasturias","twitter:card":"summary_large_image","twitter:title":"Pizzi ensaya con Senderos y Vargas en el once titular ante el Betis - El Digital de Asturias","twitter:description":"Valencia, 5 feb (EFE).- El entrenador del Valencia, Juan Antonio Pizzi, ensay\u00f3 hoy con el suizo Philippe Senderos y el chileno Eduardo Vargas en el once titular valencianista que podr\u00eda medirse al Real Betis en Mestalla, el pr\u00f3ximo fin de semana en el encuentro de la vig\u00e9sima tercera jornada de Liga BBVA. El central Senderos,","twitter:label1":"Escrito por","twitter:data1":"El Digital de Asturias","twitter:label2":"Tiempo de lectura estimado","twitter:data2":"1 minuto"},"aioseo_meta_data":{"post_id":"484359","title":null,"description":null,"keywords":null,"keyphrases":null,"primary_term":null,"canonical_url":null,"og_title":null,"og_description":null,"og_object_type":"default","og_image_type":"default","og_image_url":null,"og_image_width":null,"og_image_height":null,"og_image_custom_url":null,"og_image_custom_fields":null,"og_video":null,"og_custom_url":null,"og_article_section":null,"og_article_tags":null,"twitter_use_og":true,"twitter_card":"default","twitter_image_type":"default","twitter_image_url":null,"twitter_image_custom_url":null,"twitter_image_custom_fields":null,"twitter_title":null,"twitter_description":null,"schema":{"blockGraphs":[],"customGraphs":[],"default":{"data":{"Article":[],"Course":[],"Dataset":[],"FAQPage":[],"Movie":[],"Person":[],"Product":[],"ProductReview":[],"Car":[],"Recipe":[],"Service":[],"SoftwareApplication":[],"WebPage":[]},"graphName":"","isEnabled":true},"graphs":[],"defaultGraph":"","defaultPostTypeGraph":""},"schema_type":null,"schema_type_options":null,"pillar_content":false,"robots_default":true,"robots_noindex":false,"robots_noarchive":false,"robots_nosnippet":false,"robots_nofollow":false,"robots_noimageindex":false,"robots_noodp":false,"robots_notranslate":false,"robots_max_snippet":null,"robots_max_videopreview":null,"robots_max_imagepreview":"none","priority":null,"frequency":null,"local_seo":null,"seo_analyzer_scan_date":"2026-06-02 15:36:47","breadcrumb_settings":null,"limit_modified_date":false,"open_ai":null,"ai":null,"created":"2020-11-14 22:55:04","updated":"2026-06-02 15:36:47","focus_keyword":null,"additional_keywords":null,"truseo_locale":null},"aioseo_breadcrumb":"<div class=\"aioseo-breadcrumbs\"><span class=\"aioseo-breadcrumb\">\n\t<a href=\"https:\/\/www.eldigitaldeasturias.com\/noticias\" title=\"Home\">Home<\/a>\n<\/span><span class=\"aioseo-breadcrumb-separator\">\u2013<\/span><span class=\"aioseo-breadcrumb\">\n\t<a href=\"https:\/\/www.eldigitaldeasturias.com\/noticias\/category\/actualidad\/\" title=\"Actualidad\">Actualidad<\/a>\n<\/span><span class=\"aioseo-breadcrumb-separator\">\u2013<\/span><span class=\"aioseo-breadcrumb\">\n\t<a href=\"https:\/\/www.eldigitaldeasturias.com\/noticias\/pizzi-ensaya-con-senderos-y-vargas-en-el-once-titular-ante-el-betis\/\" title=\"Pizzi ensaya con Senderos y Vargas en el once titular ante el Betis\">Pizzi ensaya con Senderos y Vargas en el once titular ante el Betis<\/a>\n<\/span><\/div>","aioseo_breadcrumb_json":[{"label":"Home","link":"https:\/\/www.eldigitaldeasturias.com\/noticias"},{"label":"Actualidad","link":"https:\/\/www.eldigitaldeasturias.com\/noticias\/category\/actualidad\/"},{"label":"Pizzi ensaya con Senderos y Vargas en el once titular ante el Betis","link":"https:\/\/www.eldigitaldeasturias.com\/noticias\/pizzi-ensaya-con-senderos-y-vargas-en-el-once-titular-ante-el-betis\/"}],"_links":{"self":[{"href":"https:\/\/www.eldigitaldeasturias.com\/noticias\/wp-json\/wp\/v2\/posts\/484359","targetHints":{"allow":["GET"]}}],"collection":[{"href":"https:\/\/www.eldigitaldeasturias.com\/noticias\/wp-json\/wp\/v2\/posts"}],"about":[{"href":"https:\/\/www.eldigitaldeasturias.com\/noticias\/wp-json\/wp\/v2\/types\/post"}],"author":[{"embeddable":true,"href":"https:\/\/www.eldigitaldeasturias.com\/noticias\/wp-json\/wp\/v2\/users\/1"}],"replies":[{"embeddable":true,"href":"https:\/\/www.eldigitaldeasturias.com\/noticias\/wp-json\/wp\/v2\/comments?post=484359"}],"version-history":[{"count":0,"href":"https:\/\/www.eldigitaldeasturias.com\/noticias\/wp-json\/wp\/v2\/posts\/484359\/revisions"}],"wp:attachment":[{"href":"https:\/\/www.eldigitaldeasturias.com\/noticias\/wp-json\/wp\/v2\/media?parent=484359"}],"wp:term":[{"taxonomy":"category","embeddable":true,"href":"https:\/\/www.eldigitaldeasturias.com\/noticias\/wp-json\/wp\/v2\/categories?post=484359"},{"taxonomy":"post_tag","embeddable":true,"href":"https:\/\/www.eldigitaldeasturias.com\/noticias\/wp-json\/wp\/v2\/tags?post=484359"}],"curies":[{"name":"wp","href":"https:\/\/api.w.org\/{rel}","templated":true}]}}