{"id":484356,"date":"2014-02-05T23:52:41","date_gmt":"2014-02-06T00:52:41","guid":{"rendered":"http:\/\/www.eldigitaldeasturias.com\/noticias\/?p=484356"},"modified":"2014-02-05T23:52:41","modified_gmt":"2014-02-06T00:52:41","slug":"evo-morales-y-ollanta-humala-se-reuniran-a-fin-de-mes-en-peru","status":"publish","type":"post","link":"https:\/\/www.eldigitaldeasturias.com\/noticias\/evo-morales-y-ollanta-humala-se-reuniran-a-fin-de-mes-en-peru\/","title":{"rendered":"Evo Morales y Ollanta Humala se reunir\u00e1n a fin de mes en Per\u00fa"},"content":{"rendered":"<p><img loading=\"lazy\" decoding=\"async\" class=\"alignleft size-medium wp-image-484357\" alt=\"5912750w\" src=\"https:\/\/www.eldigitaldeasturias.com\/noticias\/wp-content\/uploads\/2014\/02\/5912750w-360x251.jpg\" width=\"360\" height=\"251\" \/>La Paz, 5 feb (EFE).- El presidente boliviano, Evo Morales, visitar\u00e1 a su colega peruano, Ollanta Humala, a fin de este mes para analizar proyectos bilaterales de integraci\u00f3n, informaron hoy fuentes diplom\u00e1ticas.<\/p>\n<p>La embajadora de Per\u00fa en La Paz, Silvia Alfaro, dijo a los medios estatales que la reuni\u00f3n es el resultado de una conversaci\u00f3n que los mandatarios tuvieron cuando asistieron a la reuni\u00f3n de la Comunidad de Estados Latinoamericanos y Caribe\u00f1os (Celac) en La Habana.<\/p>\n<p>\u00abAhora se van a encontrar a fin de mes en el Per\u00fa\u00bb, dijo Alfaro.<\/p>\n<p>Morales adelant\u00f3 la semana pasada su intenci\u00f3n de analizar con Humala la construcci\u00f3n de un \u00abmegapuerto\u00bb en la costa de Ilo, en el sur de Per\u00fa, para ayudar al aumento de las exportaciones bolivianas.<\/p>\n<p>En otra oportunidad, el presidente boliviano dijo que plante\u00f3 al mandatario chino, Xi Jinping, que su pa\u00eds cofinancie la construcci\u00f3n de un ferrocarril que una la frontera de Bolivia y Brasil y llegue hasta el puerto de Ilo, en un v\u00eda de 1.500 kil\u00f3metros.<\/p>\n<p>Bolivia usa mayoritariamente los puertos del norte de Chile para su comercio, pero en el \u00faltimo tiempo el Gobierno boliviano ha protestado porque los empresarios bolivianos se perjudicaron por huelgas que afectaron la aduana y las terminales chilenas.<\/p>\n","protected":false},"excerpt":{"rendered":"<p>La Paz, 5 feb (EFE).- El presidente boliviano, Evo Morales, visitar\u00e1 a su colega peruano, Ollanta Humala, a fin de este mes para analizar proyectos bilaterales de integraci\u00f3n, informaron hoy fuentes diplom\u00e1ticas. La embajadora de Per\u00fa en La Paz, Silvia Alfaro, dijo a los medios estatales que la reuni\u00f3n es el resultado de una conversaci\u00f3n [&hellip;]<\/p>\n","protected":false},"author":1,"featured_media":484357,"comment_status":"closed","ping_status":"open","sticky":false,"template":"","format":"standard","meta":{"footnotes":""},"categories":[1],"tags":[],"class_list":["post-484356","post","type-post","status-publish","format-standard","has-post-thumbnail","hentry","category-actualidad"],"aioseo_notices":[],"aioseo_head":"\n\t\t<!-- All in One SEO Pro 5.0.1 - aioseo.com -->\n\t<meta name=\"description\" content=\"La Paz, 5 feb (EFE).- El presidente boliviano, Evo Morales, visitar\u00e1 a su colega peruano, Ollanta Humala, a fin de este mes para analizar proyectos bilaterales de integraci\u00f3n, informaron hoy fuentes diplom\u00e1ticas. La embajadora de Per\u00fa en La Paz, Silvia Alfaro, dijo a los medios estatales que la reuni\u00f3n es el resultado de una conversaci\u00f3n\" \/>\n\t<meta name=\"robots\" content=\"max-image-preview:large\" \/>\n\t<meta name=\"author\" content=\"El Digital de Asturias\"\/>\n\t<meta name=\"google-site-verification\" content=\"UA-38556648-1\" \/>\n\t<meta name=\"msvalidate.01\" content=\"7dfe9f3f1b24437ab69f4f2559babe99\" \/>\n\t<meta name=\"keywords\" content=\"actualidad\" \/>\n\t<link rel=\"canonical\" href=\"https:\/\/www.eldigitaldeasturias.com\/noticias\/evo-morales-y-ollanta-humala-se-reuniran-a-fin-de-mes-en-peru\/\" \/>\n\t<meta name=\"generator\" content=\"All in One SEO Pro (AIOSEO) 5.0.1\" \/>\n\t\t<meta property=\"og:locale\" content=\"es_ES\" \/>\n\t\t<meta property=\"og:site_name\" content=\"El Digital de Asturias\" \/>\n\t\t<meta property=\"og:type\" content=\"article\" \/>\n\t\t<meta property=\"og:title\" content=\"Evo Morales y Ollanta Humala se reunir\u00e1n a fin de mes en Per\u00fa - El Digital de Asturias\" \/>\n\t\t<meta property=\"og:description\" content=\"La Paz, 5 feb (EFE).- El presidente boliviano, Evo Morales, visitar\u00e1 a su colega peruano, Ollanta Humala, a fin de este mes para analizar proyectos bilaterales de integraci\u00f3n, informaron hoy fuentes diplom\u00e1ticas. La embajadora de Per\u00fa en La Paz, Silvia Alfaro, dijo a los medios estatales que la reuni\u00f3n es el resultado de una conversaci\u00f3n\" \/>\n\t\t<meta property=\"og:url\" content=\"https:\/\/www.eldigitaldeasturias.com\/noticias\/evo-morales-y-ollanta-humala-se-reuniran-a-fin-de-mes-en-peru\/\" \/>\n\t\t<meta property=\"article:tag\" content=\"actualidad\" \/>\n\t\t<meta property=\"article:published_time\" content=\"2014-02-06T00:52:41+00:00\" \/>\n\t\t<meta property=\"article:modified_time\" content=\"2014-02-06T00:52:41+00:00\" \/>\n\t\t<meta property=\"article:publisher\" content=\"https:\/\/facebook.com\/eldigitaldeasturias\" \/>\n\t\t<meta name=\"twitter:card\" content=\"summary_large_image\" \/>\n\t\t<meta name=\"twitter:title\" content=\"Evo Morales y Ollanta Humala se reunir\u00e1n a fin de mes en Per\u00fa - El Digital de Asturias\" \/>\n\t\t<meta name=\"twitter:description\" content=\"La Paz, 5 feb (EFE).- El presidente boliviano, Evo Morales, visitar\u00e1 a su colega peruano, Ollanta Humala, a fin de este mes para analizar proyectos bilaterales de integraci\u00f3n, informaron hoy fuentes diplom\u00e1ticas. La embajadora de Per\u00fa en La Paz, Silvia Alfaro, dijo a los medios estatales que la reuni\u00f3n es el resultado de una conversaci\u00f3n\" \/>\n\t\t<meta name=\"twitter:label1\" content=\"Escrito por\" \/>\n\t\t<meta name=\"twitter:data1\" content=\"El Digital de Asturias\" \/>\n\t\t<meta name=\"twitter:label2\" content=\"Tiempo de lectura estimado\" \/>\n\t\t<meta name=\"twitter:data2\" content=\"1 minuto\" \/>\n\t\t<script type=\"application\/ld+json\" class=\"aioseo-schema\">\n\t\t\t{\"@context\":\"https:\\\/\\\/schema.org\",\"@graph\":[{\"@type\":\"BlogPosting\",\"@id\":\"https:\\\/\\\/www.eldigitaldeasturias.com\\\/noticias\\\/evo-morales-y-ollanta-humala-se-reuniran-a-fin-de-mes-en-peru\\\/#blogposting\",\"name\":\"Evo Morales y Ollanta Humala se reunir\\u00e1n a fin de mes en Per\\u00fa - El Digital de Asturias\",\"headline\":\"Evo Morales y Ollanta Humala se reunir\\u00e1n a fin de mes en Per\\u00fa\",\"author\":{\"@id\":\"https:\\\/\\\/www.eldigitaldeasturias.com\\\/noticias\\\/author\\\/admin\\\/#author\"},\"publisher\":{\"@id\":\"https:\\\/\\\/www.eldigitaldeasturias.com\\\/noticias\\\/#organization\"},\"image\":{\"@type\":\"ImageObject\",\"url\":484357},\"datePublished\":\"2014-02-05T23:52:41+01:00\",\"dateModified\":\"2014-02-05T23:52:41+01:00\",\"inLanguage\":\"es-ES\",\"mainEntityOfPage\":{\"@id\":\"https:\\\/\\\/www.eldigitaldeasturias.com\\\/noticias\\\/evo-morales-y-ollanta-humala-se-reuniran-a-fin-de-mes-en-peru\\\/#webpage\"},\"isPartOf\":{\"@id\":\"https:\\\/\\\/www.eldigitaldeasturias.com\\\/noticias\\\/evo-morales-y-ollanta-humala-se-reuniran-a-fin-de-mes-en-peru\\\/#webpage\"},\"articleSection\":\"Actualidad\"},{\"@type\":\"BreadcrumbList\",\"@id\":\"https:\\\/\\\/www.eldigitaldeasturias.com\\\/noticias\\\/evo-morales-y-ollanta-humala-se-reuniran-a-fin-de-mes-en-peru\\\/#breadcrumblist\",\"itemListElement\":[{\"@type\":\"ListItem\",\"@id\":\"https:\\\/\\\/www.eldigitaldeasturias.com\\\/noticias#listItem\",\"position\":1,\"name\":\"Home\",\"item\":\"https:\\\/\\\/www.eldigitaldeasturias.com\\\/noticias\",\"nextItem\":{\"@type\":\"ListItem\",\"@id\":\"https:\\\/\\\/www.eldigitaldeasturias.com\\\/noticias\\\/category\\\/actualidad\\\/#listItem\",\"name\":\"Actualidad\"}},{\"@type\":\"ListItem\",\"@id\":\"https:\\\/\\\/www.eldigitaldeasturias.com\\\/noticias\\\/category\\\/actualidad\\\/#listItem\",\"position\":2,\"name\":\"Actualidad\",\"item\":\"https:\\\/\\\/www.eldigitaldeasturias.com\\\/noticias\\\/category\\\/actualidad\\\/\",\"nextItem\":{\"@type\":\"ListItem\",\"@id\":\"https:\\\/\\\/www.eldigitaldeasturias.com\\\/noticias\\\/evo-morales-y-ollanta-humala-se-reuniran-a-fin-de-mes-en-peru\\\/#listItem\",\"name\":\"Evo Morales y Ollanta Humala se reunir\\u00e1n a fin de mes en Per\\u00fa\"},\"previousItem\":{\"@type\":\"ListItem\",\"@id\":\"https:\\\/\\\/www.eldigitaldeasturias.com\\\/noticias#listItem\",\"name\":\"Home\"}},{\"@type\":\"ListItem\",\"@id\":\"https:\\\/\\\/www.eldigitaldeasturias.com\\\/noticias\\\/evo-morales-y-ollanta-humala-se-reuniran-a-fin-de-mes-en-peru\\\/#listItem\",\"position\":3,\"name\":\"Evo Morales y Ollanta Humala se reunir\\u00e1n a fin de mes en Per\\u00fa\",\"previousItem\":{\"@type\":\"ListItem\",\"@id\":\"https:\\\/\\\/www.eldigitaldeasturias.com\\\/noticias\\\/category\\\/actualidad\\\/#listItem\",\"name\":\"Actualidad\"}}]},{\"@type\":\"Organization\",\"@id\":\"https:\\\/\\\/www.eldigitaldeasturias.com\\\/noticias\\\/#organization\",\"name\":\"El Digital de Asturias\",\"description\":\"Hemeroteca\",\"url\":\"https:\\\/\\\/www.eldigitaldeasturias.com\\\/noticias\\\/\",\"email\":\"info@eldigitaldeasturias.com\",\"telephone\":\"+34652131393\",\"logo\":{\"@type\":\"ImageObject\",\"url\":\"https:\\\/\\\/www.eldigitaldeasturias.com\\\/noticias\\\/wp-content\\\/uploads\\\/2020\\\/12\\\/EDA.jpg\",\"@id\":\"https:\\\/\\\/www.eldigitaldeasturias.com\\\/noticias\\\/evo-morales-y-ollanta-humala-se-reuniran-a-fin-de-mes-en-peru\\\/#organizationLogo\"},\"image\":{\"@id\":\"https:\\\/\\\/www.eldigitaldeasturias.com\\\/noticias\\\/evo-morales-y-ollanta-humala-se-reuniran-a-fin-de-mes-en-peru\\\/#organizationLogo\"},\"sameAs\":[\"https:\\\/\\\/facebook.com\\\/eldigitaldeasturias\",\"https:\\\/\\\/www.youtube.com\\\/channel\\\/UCZP-2wLEB9Rv6erhFmqVnvg\"],\"address\":{\"@id\":\"https:\\\/\\\/www.eldigitaldeasturias.com\\\/noticias\\\/#postaladdress\",\"@type\":\"PostalAddress\",\"streetAddress\":\"san antonio 4\",\"postalCode\":\"33430\",\"addressLocality\":\"Cand\\u00e1s\",\"addressRegion\":\"Asturias\",\"addressCountry\":\"ES\"}},{\"@type\":\"Person\",\"@id\":\"https:\\\/\\\/www.eldigitaldeasturias.com\\\/noticias\\\/author\\\/admin\\\/#author\",\"url\":\"https:\\\/\\\/www.eldigitaldeasturias.com\\\/noticias\\\/author\\\/admin\\\/\",\"name\":\"El Digital de Asturias\",\"image\":{\"@type\":\"ImageObject\",\"@id\":\"https:\\\/\\\/www.eldigitaldeasturias.com\\\/noticias\\\/evo-morales-y-ollanta-humala-se-reuniran-a-fin-de-mes-en-peru\\\/#authorImage\",\"url\":\"https:\\\/\\\/secure.gravatar.com\\\/avatar\\\/df2aeffc32bcd13f8d26072ef8a91b623d677766deac7f97ca815868cd41bf5e?s=96&d=mm&r=g\",\"width\":96,\"height\":96,\"caption\":\"El Digital de Asturias\"}},{\"@type\":\"WebPage\",\"@id\":\"https:\\\/\\\/www.eldigitaldeasturias.com\\\/noticias\\\/evo-morales-y-ollanta-humala-se-reuniran-a-fin-de-mes-en-peru\\\/#webpage\",\"url\":\"https:\\\/\\\/www.eldigitaldeasturias.com\\\/noticias\\\/evo-morales-y-ollanta-humala-se-reuniran-a-fin-de-mes-en-peru\\\/\",\"name\":\"Evo Morales y Ollanta Humala se reunir\\u00e1n a fin de mes en Per\\u00fa - El Digital de Asturias\",\"description\":\"La Paz, 5 feb (EFE).- El presidente boliviano, Evo Morales, visitar\\u00e1 a su colega peruano, Ollanta Humala, a fin de este mes para analizar proyectos bilaterales de integraci\\u00f3n, informaron hoy fuentes diplom\\u00e1ticas. La embajadora de Per\\u00fa en La Paz, Silvia Alfaro, dijo a los medios estatales que la reuni\\u00f3n es el resultado de una conversaci\\u00f3n\",\"inLanguage\":\"es-ES\",\"isPartOf\":{\"@id\":\"https:\\\/\\\/www.eldigitaldeasturias.com\\\/noticias\\\/#website\"},\"breadcrumb\":{\"@id\":\"https:\\\/\\\/www.eldigitaldeasturias.com\\\/noticias\\\/evo-morales-y-ollanta-humala-se-reuniran-a-fin-de-mes-en-peru\\\/#breadcrumblist\"},\"author\":{\"@id\":\"https:\\\/\\\/www.eldigitaldeasturias.com\\\/noticias\\\/author\\\/admin\\\/#author\"},\"creator\":{\"@id\":\"https:\\\/\\\/www.eldigitaldeasturias.com\\\/noticias\\\/author\\\/admin\\\/#author\"},\"image\":{\"@type\":\"ImageObject\",\"url\":484357,\"@id\":\"https:\\\/\\\/www.eldigitaldeasturias.com\\\/noticias\\\/evo-morales-y-ollanta-humala-se-reuniran-a-fin-de-mes-en-peru\\\/#mainImage\"},\"primaryImageOfPage\":{\"@id\":\"https:\\\/\\\/www.eldigitaldeasturias.com\\\/noticias\\\/evo-morales-y-ollanta-humala-se-reuniran-a-fin-de-mes-en-peru\\\/#mainImage\"},\"datePublished\":\"2014-02-05T23:52:41+01:00\",\"dateModified\":\"2014-02-05T23:52:41+01:00\"},{\"@type\":\"WebSite\",\"@id\":\"https:\\\/\\\/www.eldigitaldeasturias.com\\\/noticias\\\/#website\",\"url\":\"https:\\\/\\\/www.eldigitaldeasturias.com\\\/noticias\\\/\",\"name\":\"El Digital de Asturias - Diario de actualidad y noticias\",\"alternateName\":\"El Digital de Asturias - Diario de actualidad y noticias\",\"description\":\"Hemeroteca\",\"inLanguage\":\"es-ES\",\"publisher\":{\"@id\":\"https:\\\/\\\/www.eldigitaldeasturias.com\\\/noticias\\\/#organization\"}}]}\n\t\t<\/script>\n\t\t<!-- All in One SEO Pro -->\r\n\t\t<title>Evo Morales y Ollanta Humala se reunir\u00e1n a fin de mes en Per\u00fa - El Digital de Asturias<\/title>\n\n","aioseo_head_json":{"title":"Evo Morales y Ollanta Humala se reunir\u00e1n a fin de mes en Per\u00fa - El Digital de Asturias","description":"La Paz, 5 feb (EFE).- El presidente boliviano, Evo Morales, visitar\u00e1 a su colega peruano, Ollanta Humala, a fin de este mes para analizar proyectos bilaterales de integraci\u00f3n, informaron hoy fuentes diplom\u00e1ticas. La embajadora de Per\u00fa en La Paz, Silvia Alfaro, dijo a los medios estatales que la reuni\u00f3n es el resultado de una conversaci\u00f3n","canonical_url":"https:\/\/www.eldigitaldeasturias.com\/noticias\/evo-morales-y-ollanta-humala-se-reuniran-a-fin-de-mes-en-peru\/","robots":"max-image-preview:large","keywords":"actualidad","webmasterTools":{"google-site-verification":"UA-38556648-1","msvalidate.01":"7dfe9f3f1b24437ab69f4f2559babe99","miscellaneous":""},"schema":{"@context":"https:\/\/schema.org","@graph":[{"@type":"BlogPosting","@id":"https:\/\/www.eldigitaldeasturias.com\/noticias\/evo-morales-y-ollanta-humala-se-reuniran-a-fin-de-mes-en-peru\/#blogposting","name":"Evo Morales y Ollanta Humala se reunir\u00e1n a fin de mes en Per\u00fa - El Digital de Asturias","headline":"Evo Morales y Ollanta Humala se reunir\u00e1n a fin de mes en Per\u00fa","author":{"@id":"https:\/\/www.eldigitaldeasturias.com\/noticias\/author\/admin\/#author"},"publisher":{"@id":"https:\/\/www.eldigitaldeasturias.com\/noticias\/#organization"},"image":{"@type":"ImageObject","url":484357},"datePublished":"2014-02-05T23:52:41+01:00","dateModified":"2014-02-05T23:52:41+01:00","inLanguage":"es-ES","mainEntityOfPage":{"@id":"https:\/\/www.eldigitaldeasturias.com\/noticias\/evo-morales-y-ollanta-humala-se-reuniran-a-fin-de-mes-en-peru\/#webpage"},"isPartOf":{"@id":"https:\/\/www.eldigitaldeasturias.com\/noticias\/evo-morales-y-ollanta-humala-se-reuniran-a-fin-de-mes-en-peru\/#webpage"},"articleSection":"Actualidad"},{"@type":"BreadcrumbList","@id":"https:\/\/www.eldigitaldeasturias.com\/noticias\/evo-morales-y-ollanta-humala-se-reuniran-a-fin-de-mes-en-peru\/#breadcrumblist","itemListElement":[{"@type":"ListItem","@id":"https:\/\/www.eldigitaldeasturias.com\/noticias#listItem","position":1,"name":"Home","item":"https:\/\/www.eldigitaldeasturias.com\/noticias","nextItem":{"@type":"ListItem","@id":"https:\/\/www.eldigitaldeasturias.com\/noticias\/category\/actualidad\/#listItem","name":"Actualidad"}},{"@type":"ListItem","@id":"https:\/\/www.eldigitaldeasturias.com\/noticias\/category\/actualidad\/#listItem","position":2,"name":"Actualidad","item":"https:\/\/www.eldigitaldeasturias.com\/noticias\/category\/actualidad\/","nextItem":{"@type":"ListItem","@id":"https:\/\/www.eldigitaldeasturias.com\/noticias\/evo-morales-y-ollanta-humala-se-reuniran-a-fin-de-mes-en-peru\/#listItem","name":"Evo Morales y Ollanta Humala se reunir\u00e1n a fin de mes en Per\u00fa"},"previousItem":{"@type":"ListItem","@id":"https:\/\/www.eldigitaldeasturias.com\/noticias#listItem","name":"Home"}},{"@type":"ListItem","@id":"https:\/\/www.eldigitaldeasturias.com\/noticias\/evo-morales-y-ollanta-humala-se-reuniran-a-fin-de-mes-en-peru\/#listItem","position":3,"name":"Evo Morales y Ollanta Humala se reunir\u00e1n a fin de mes en Per\u00fa","previousItem":{"@type":"ListItem","@id":"https:\/\/www.eldigitaldeasturias.com\/noticias\/category\/actualidad\/#listItem","name":"Actualidad"}}]},{"@type":"Organization","@id":"https:\/\/www.eldigitaldeasturias.com\/noticias\/#organization","name":"El Digital de Asturias","description":"Hemeroteca","url":"https:\/\/www.eldigitaldeasturias.com\/noticias\/","email":"info@eldigitaldeasturias.com","telephone":"+34652131393","logo":{"@type":"ImageObject","url":"https:\/\/www.eldigitaldeasturias.com\/noticias\/wp-content\/uploads\/2020\/12\/EDA.jpg","@id":"https:\/\/www.eldigitaldeasturias.com\/noticias\/evo-morales-y-ollanta-humala-se-reuniran-a-fin-de-mes-en-peru\/#organizationLogo"},"image":{"@id":"https:\/\/www.eldigitaldeasturias.com\/noticias\/evo-morales-y-ollanta-humala-se-reuniran-a-fin-de-mes-en-peru\/#organizationLogo"},"sameAs":["https:\/\/facebook.com\/eldigitaldeasturias","https:\/\/www.youtube.com\/channel\/UCZP-2wLEB9Rv6erhFmqVnvg"],"address":{"@id":"https:\/\/www.eldigitaldeasturias.com\/noticias\/#postaladdress","@type":"PostalAddress","streetAddress":"san antonio 4","postalCode":"33430","addressLocality":"Cand\u00e1s","addressRegion":"Asturias","addressCountry":"ES"}},{"@type":"Person","@id":"https:\/\/www.eldigitaldeasturias.com\/noticias\/author\/admin\/#author","url":"https:\/\/www.eldigitaldeasturias.com\/noticias\/author\/admin\/","name":"El Digital de Asturias","image":{"@type":"ImageObject","@id":"https:\/\/www.eldigitaldeasturias.com\/noticias\/evo-morales-y-ollanta-humala-se-reuniran-a-fin-de-mes-en-peru\/#authorImage","url":"https:\/\/secure.gravatar.com\/avatar\/df2aeffc32bcd13f8d26072ef8a91b623d677766deac7f97ca815868cd41bf5e?s=96&d=mm&r=g","width":96,"height":96,"caption":"El Digital de Asturias"}},{"@type":"WebPage","@id":"https:\/\/www.eldigitaldeasturias.com\/noticias\/evo-morales-y-ollanta-humala-se-reuniran-a-fin-de-mes-en-peru\/#webpage","url":"https:\/\/www.eldigitaldeasturias.com\/noticias\/evo-morales-y-ollanta-humala-se-reuniran-a-fin-de-mes-en-peru\/","name":"Evo Morales y Ollanta Humala se reunir\u00e1n a fin de mes en Per\u00fa - El Digital de Asturias","description":"La Paz, 5 feb (EFE).- El presidente boliviano, Evo Morales, visitar\u00e1 a su colega peruano, Ollanta Humala, a fin de este mes para analizar proyectos bilaterales de integraci\u00f3n, informaron hoy fuentes diplom\u00e1ticas. La embajadora de Per\u00fa en La Paz, Silvia Alfaro, dijo a los medios estatales que la reuni\u00f3n es el resultado de una conversaci\u00f3n","inLanguage":"es-ES","isPartOf":{"@id":"https:\/\/www.eldigitaldeasturias.com\/noticias\/#website"},"breadcrumb":{"@id":"https:\/\/www.eldigitaldeasturias.com\/noticias\/evo-morales-y-ollanta-humala-se-reuniran-a-fin-de-mes-en-peru\/#breadcrumblist"},"author":{"@id":"https:\/\/www.eldigitaldeasturias.com\/noticias\/author\/admin\/#author"},"creator":{"@id":"https:\/\/www.eldigitaldeasturias.com\/noticias\/author\/admin\/#author"},"image":{"@type":"ImageObject","url":484357,"@id":"https:\/\/www.eldigitaldeasturias.com\/noticias\/evo-morales-y-ollanta-humala-se-reuniran-a-fin-de-mes-en-peru\/#mainImage"},"primaryImageOfPage":{"@id":"https:\/\/www.eldigitaldeasturias.com\/noticias\/evo-morales-y-ollanta-humala-se-reuniran-a-fin-de-mes-en-peru\/#mainImage"},"datePublished":"2014-02-05T23:52:41+01:00","dateModified":"2014-02-05T23:52:41+01:00"},{"@type":"WebSite","@id":"https:\/\/www.eldigitaldeasturias.com\/noticias\/#website","url":"https:\/\/www.eldigitaldeasturias.com\/noticias\/","name":"El Digital de Asturias - Diario de actualidad y noticias","alternateName":"El Digital de Asturias - Diario de actualidad y noticias","description":"Hemeroteca","inLanguage":"es-ES","publisher":{"@id":"https:\/\/www.eldigitaldeasturias.com\/noticias\/#organization"}}]},"og:locale":"es_ES","og:site_name":"El Digital de Asturias","og:type":"article","og:title":"Evo Morales y Ollanta Humala se reunir\u00e1n a fin de mes en Per\u00fa - El Digital de Asturias","og:description":"La Paz, 5 feb (EFE).- El presidente boliviano, Evo Morales, visitar\u00e1 a su colega peruano, Ollanta Humala, a fin de este mes para analizar proyectos bilaterales de integraci\u00f3n, informaron hoy fuentes diplom\u00e1ticas. La embajadora de Per\u00fa en La Paz, Silvia Alfaro, dijo a los medios estatales que la reuni\u00f3n es el resultado de una conversaci\u00f3n","og:url":"https:\/\/www.eldigitaldeasturias.com\/noticias\/evo-morales-y-ollanta-humala-se-reuniran-a-fin-de-mes-en-peru\/","article:tag":["actualidad"],"article:published_time":"2014-02-06T00:52:41+00:00","article:modified_time":"2014-02-06T00:52:41+00:00","article:publisher":"https:\/\/facebook.com\/eldigitaldeasturias","twitter:card":"summary_large_image","twitter:title":"Evo Morales y Ollanta Humala se reunir\u00e1n a fin de mes en Per\u00fa - El Digital de Asturias","twitter:description":"La Paz, 5 feb (EFE).- El presidente boliviano, Evo Morales, visitar\u00e1 a su colega peruano, Ollanta Humala, a fin de este mes para analizar proyectos bilaterales de integraci\u00f3n, informaron hoy fuentes diplom\u00e1ticas. La embajadora de Per\u00fa en La Paz, Silvia Alfaro, dijo a los medios estatales que la reuni\u00f3n es el resultado de una conversaci\u00f3n","twitter:label1":"Escrito por","twitter:data1":"El Digital de Asturias","twitter:label2":"Tiempo de lectura estimado","twitter:data2":"1 minuto"},"aioseo_meta_data":{"post_id":"484356","title":null,"description":null,"keywords":null,"keyphrases":null,"primary_term":null,"canonical_url":null,"og_title":null,"og_description":null,"og_object_type":"default","og_image_type":"default","og_image_url":null,"og_image_width":null,"og_image_height":null,"og_image_custom_url":null,"og_image_custom_fields":null,"og_video":null,"og_custom_url":null,"og_article_section":null,"og_article_tags":null,"twitter_use_og":true,"twitter_card":"default","twitter_image_type":"default","twitter_image_url":null,"twitter_image_custom_url":null,"twitter_image_custom_fields":null,"twitter_title":null,"twitter_description":null,"schema":{"blockGraphs":[],"customGraphs":[],"default":{"data":{"Article":[],"Course":[],"Dataset":[],"FAQPage":[],"Movie":[],"Person":[],"Product":[],"ProductReview":[],"Car":[],"Recipe":[],"Service":[],"SoftwareApplication":[],"WebPage":[]},"graphName":"","isEnabled":true},"graphs":[],"defaultGraph":"","defaultPostTypeGraph":""},"schema_type":null,"schema_type_options":null,"pillar_content":false,"robots_default":true,"robots_noindex":false,"robots_noarchive":false,"robots_nosnippet":false,"robots_nofollow":false,"robots_noimageindex":false,"robots_noodp":false,"robots_notranslate":false,"robots_max_snippet":null,"robots_max_videopreview":null,"robots_max_imagepreview":"none","priority":null,"frequency":null,"local_seo":null,"seo_analyzer_scan_date":"2026-06-02 15:36:46","breadcrumb_settings":null,"limit_modified_date":false,"open_ai":null,"ai":null,"created":"2020-11-14 22:55:04","updated":"2026-06-02 15:36:46","focus_keyword":null,"additional_keywords":null,"truseo_locale":null},"aioseo_breadcrumb":"<div class=\"aioseo-breadcrumbs\"><span class=\"aioseo-breadcrumb\">\n\t<a href=\"https:\/\/www.eldigitaldeasturias.com\/noticias\" title=\"Home\">Home<\/a>\n<\/span><span class=\"aioseo-breadcrumb-separator\">\u2013<\/span><span class=\"aioseo-breadcrumb\">\n\t<a href=\"https:\/\/www.eldigitaldeasturias.com\/noticias\/category\/actualidad\/\" title=\"Actualidad\">Actualidad<\/a>\n<\/span><span class=\"aioseo-breadcrumb-separator\">\u2013<\/span><span class=\"aioseo-breadcrumb\">\n\t<a href=\"https:\/\/www.eldigitaldeasturias.com\/noticias\/evo-morales-y-ollanta-humala-se-reuniran-a-fin-de-mes-en-peru\/\" title=\"Evo Morales y Ollanta Humala se reunir\u00e1n a fin de mes en Per\u00fa\">Evo Morales y Ollanta Humala se reunir\u00e1n a fin de mes en Per\u00fa<\/a>\n<\/span><\/div>","aioseo_breadcrumb_json":[{"label":"Home","link":"https:\/\/www.eldigitaldeasturias.com\/noticias"},{"label":"Actualidad","link":"https:\/\/www.eldigitaldeasturias.com\/noticias\/category\/actualidad\/"},{"label":"Evo Morales y Ollanta Humala se reunir\u00e1n a fin de mes en Per\u00fa","link":"https:\/\/www.eldigitaldeasturias.com\/noticias\/evo-morales-y-ollanta-humala-se-reuniran-a-fin-de-mes-en-peru\/"}],"_links":{"self":[{"href":"https:\/\/www.eldigitaldeasturias.com\/noticias\/wp-json\/wp\/v2\/posts\/484356","targetHints":{"allow":["GET"]}}],"collection":[{"href":"https:\/\/www.eldigitaldeasturias.com\/noticias\/wp-json\/wp\/v2\/posts"}],"about":[{"href":"https:\/\/www.eldigitaldeasturias.com\/noticias\/wp-json\/wp\/v2\/types\/post"}],"author":[{"embeddable":true,"href":"https:\/\/www.eldigitaldeasturias.com\/noticias\/wp-json\/wp\/v2\/users\/1"}],"replies":[{"embeddable":true,"href":"https:\/\/www.eldigitaldeasturias.com\/noticias\/wp-json\/wp\/v2\/comments?post=484356"}],"version-history":[{"count":0,"href":"https:\/\/www.eldigitaldeasturias.com\/noticias\/wp-json\/wp\/v2\/posts\/484356\/revisions"}],"wp:attachment":[{"href":"https:\/\/www.eldigitaldeasturias.com\/noticias\/wp-json\/wp\/v2\/media?parent=484356"}],"wp:term":[{"taxonomy":"category","embeddable":true,"href":"https:\/\/www.eldigitaldeasturias.com\/noticias\/wp-json\/wp\/v2\/categories?post=484356"},{"taxonomy":"post_tag","embeddable":true,"href":"https:\/\/www.eldigitaldeasturias.com\/noticias\/wp-json\/wp\/v2\/tags?post=484356"}],"curies":[{"name":"wp","href":"https:\/\/api.w.org\/{rel}","templated":true}]}}