{"id":484353,"date":"2014-02-05T23:51:51","date_gmt":"2014-02-06T00:51:51","guid":{"rendered":"http:\/\/www.eldigitaldeasturias.com\/noticias\/?p=484353"},"modified":"2014-02-05T23:51:51","modified_gmt":"2014-02-06T00:51:51","slug":"el-parlamento-europeo-da-luz-verde-al-protocolo-de-pesca-con-gabon","status":"publish","type":"post","link":"https:\/\/www.eldigitaldeasturias.com\/noticias\/el-parlamento-europeo-da-luz-verde-al-protocolo-de-pesca-con-gabon\/","title":{"rendered":"El Parlamento Europeo da luz verde al protocolo de pesca con Gab\u00f3n"},"content":{"rendered":"<p><img loading=\"lazy\" decoding=\"async\" class=\"alignleft size-medium wp-image-484354\" alt=\"5912748w\" src=\"https:\/\/www.eldigitaldeasturias.com\/noticias\/wp-content\/uploads\/2014\/02\/5912748w-360x245.jpg\" width=\"360\" height=\"245\" \/>Estrasburgo (Francia), 5 feb (EFE).- El Parlamento Europeo (PE) ha aprobado hoy el nuevo acuerdo pesquero entre la Uni\u00f3n Europea (UE) y Gab\u00f3n, que permitir\u00e1 faenar en las aguas del pa\u00eds africano a buques atuneros de Espa\u00f1a y Francia.<\/p>\n<p>El protocolo, que estar\u00e1 vigente durante tres a\u00f1os, beneficiar\u00e1 a 27 atuneros cerqueros y a 8 atuneros ca\u00f1eros.<\/p>\n<p>El pacto no ha renovado las posibilidades de pesca para el palangre de superficie, que en el anterior pacto inclu\u00eda 16 licencias.<\/p>\n<p>A cambio de faenar en aguas gabonesas, la UE pagar\u00e1 anualmente 1,35 millones de euros, de los que cerca de medio mill\u00f3n se invertir\u00e1n en el sector pesquero local del pa\u00eds africano.<\/p>\n<p>Los 900.000 euros restantes corresponden a derechos de acceso.<\/p>\n<p>Adem\u00e1s, los armadores de la UE deber\u00e1n pagar un canon por cada tonelada capturada, que ser\u00e1 de 55 euros por tonelada pescada durante el primer a\u00f1o de aplicaci\u00f3n del protocolo, y de 65 euros por tonelada a partir del segundo a\u00f1o.<\/p>\n<p>Asimismo, se cobrar\u00e1 un canon nacional de 13.750 euros anuales.<\/p>\n<p>Los armadores estar\u00e1n obligados a contratar al menos un 20 por ciento de marineros originarios de Estados de \u00c1frica, del Caribe y del Pac\u00edfico (ACP), al tiempo que velar\u00e1n por enrolar a marineros gaboneses.<\/p>\n<p>El nuevo protocolo se aplica provisionalmente desde la fecha de su firma, el 24 de julio de 2013.<\/p>\n<p>El anterior acuerdo, que estuvo en vigor desde el 3 de diciembre de 2005 hasta el 2 de diciembre de 2011, beneficiaba a 28 buques de la flota espa\u00f1ola: 15 barcos de cerco (atuneros) y 13 palangreros de superficie, la mayor\u00eda de ellos procedentes de Galicia y el Pa\u00eds Vasco.<\/p>\n","protected":false},"excerpt":{"rendered":"<p>Estrasburgo (Francia), 5 feb (EFE).- El Parlamento Europeo (PE) ha aprobado hoy el nuevo acuerdo pesquero entre la Uni\u00f3n Europea (UE) y Gab\u00f3n, que permitir\u00e1 faenar en las aguas del pa\u00eds africano a buques atuneros de Espa\u00f1a y Francia. El protocolo, que estar\u00e1 vigente durante tres a\u00f1os, beneficiar\u00e1 a 27 atuneros cerqueros y a 8 [&hellip;]<\/p>\n","protected":false},"author":1,"featured_media":484354,"comment_status":"closed","ping_status":"open","sticky":false,"template":"","format":"standard","meta":{"footnotes":""},"categories":[1],"tags":[],"class_list":["post-484353","post","type-post","status-publish","format-standard","has-post-thumbnail","hentry","category-actualidad"],"aioseo_notices":[],"aioseo_head":"\n\t\t<!-- All in One SEO Pro 5.0.1 - aioseo.com -->\n\t<meta name=\"description\" content=\"Estrasburgo (Francia), 5 feb (EFE).- El Parlamento Europeo (PE) ha aprobado hoy el nuevo acuerdo pesquero entre la Uni\u00f3n Europea (UE) y Gab\u00f3n, que permitir\u00e1 faenar en las aguas del pa\u00eds africano a buques atuneros de Espa\u00f1a y Francia. El protocolo, que estar\u00e1 vigente durante tres a\u00f1os, beneficiar\u00e1 a 27 atuneros cerqueros y a 8\" \/>\n\t<meta name=\"robots\" content=\"max-image-preview:large\" \/>\n\t<meta name=\"author\" content=\"El Digital de Asturias\"\/>\n\t<meta name=\"google-site-verification\" content=\"UA-38556648-1\" \/>\n\t<meta name=\"msvalidate.01\" content=\"7dfe9f3f1b24437ab69f4f2559babe99\" \/>\n\t<meta name=\"keywords\" content=\"actualidad\" \/>\n\t<link rel=\"canonical\" href=\"https:\/\/www.eldigitaldeasturias.com\/noticias\/el-parlamento-europeo-da-luz-verde-al-protocolo-de-pesca-con-gabon\/\" \/>\n\t<meta name=\"generator\" content=\"All in One SEO Pro (AIOSEO) 5.0.1\" \/>\n\t\t<meta property=\"og:locale\" content=\"es_ES\" \/>\n\t\t<meta property=\"og:site_name\" content=\"El Digital de Asturias\" \/>\n\t\t<meta property=\"og:type\" content=\"article\" \/>\n\t\t<meta property=\"og:title\" content=\"El Parlamento Europeo da luz verde al protocolo de pesca con Gab\u00f3n - El Digital de Asturias\" \/>\n\t\t<meta property=\"og:description\" content=\"Estrasburgo (Francia), 5 feb (EFE).- El Parlamento Europeo (PE) ha aprobado hoy el nuevo acuerdo pesquero entre la Uni\u00f3n Europea (UE) y Gab\u00f3n, que permitir\u00e1 faenar en las aguas del pa\u00eds africano a buques atuneros de Espa\u00f1a y Francia. El protocolo, que estar\u00e1 vigente durante tres a\u00f1os, beneficiar\u00e1 a 27 atuneros cerqueros y a 8\" \/>\n\t\t<meta property=\"og:url\" content=\"https:\/\/www.eldigitaldeasturias.com\/noticias\/el-parlamento-europeo-da-luz-verde-al-protocolo-de-pesca-con-gabon\/\" \/>\n\t\t<meta property=\"article:tag\" content=\"actualidad\" \/>\n\t\t<meta property=\"article:published_time\" content=\"2014-02-06T00:51:51+00:00\" \/>\n\t\t<meta property=\"article:modified_time\" content=\"2014-02-06T00:51:51+00:00\" \/>\n\t\t<meta property=\"article:publisher\" content=\"https:\/\/facebook.com\/eldigitaldeasturias\" \/>\n\t\t<meta name=\"twitter:card\" content=\"summary_large_image\" \/>\n\t\t<meta name=\"twitter:title\" content=\"El Parlamento Europeo da luz verde al protocolo de pesca con Gab\u00f3n - El Digital de Asturias\" \/>\n\t\t<meta name=\"twitter:description\" content=\"Estrasburgo (Francia), 5 feb (EFE).- El Parlamento Europeo (PE) ha aprobado hoy el nuevo acuerdo pesquero entre la Uni\u00f3n Europea (UE) y Gab\u00f3n, que permitir\u00e1 faenar en las aguas del pa\u00eds africano a buques atuneros de Espa\u00f1a y Francia. El protocolo, que estar\u00e1 vigente durante tres a\u00f1os, beneficiar\u00e1 a 27 atuneros cerqueros y a 8\" \/>\n\t\t<meta name=\"twitter:label1\" content=\"Escrito por\" \/>\n\t\t<meta name=\"twitter:data1\" content=\"El Digital de Asturias\" \/>\n\t\t<meta name=\"twitter:label2\" content=\"Tiempo de lectura estimado\" \/>\n\t\t<meta name=\"twitter:data2\" content=\"1 minuto\" \/>\n\t\t<script type=\"application\/ld+json\" class=\"aioseo-schema\">\n\t\t\t{\"@context\":\"https:\\\/\\\/schema.org\",\"@graph\":[{\"@type\":\"BlogPosting\",\"@id\":\"https:\\\/\\\/www.eldigitaldeasturias.com\\\/noticias\\\/el-parlamento-europeo-da-luz-verde-al-protocolo-de-pesca-con-gabon\\\/#blogposting\",\"name\":\"El Parlamento Europeo da luz verde al protocolo de pesca con Gab\\u00f3n - El Digital de Asturias\",\"headline\":\"El Parlamento Europeo da luz verde al protocolo de pesca con Gab\\u00f3n\",\"author\":{\"@id\":\"https:\\\/\\\/www.eldigitaldeasturias.com\\\/noticias\\\/author\\\/admin\\\/#author\"},\"publisher\":{\"@id\":\"https:\\\/\\\/www.eldigitaldeasturias.com\\\/noticias\\\/#organization\"},\"image\":{\"@type\":\"ImageObject\",\"url\":484354},\"datePublished\":\"2014-02-05T23:51:51+01:00\",\"dateModified\":\"2014-02-05T23:51:51+01:00\",\"inLanguage\":\"es-ES\",\"mainEntityOfPage\":{\"@id\":\"https:\\\/\\\/www.eldigitaldeasturias.com\\\/noticias\\\/el-parlamento-europeo-da-luz-verde-al-protocolo-de-pesca-con-gabon\\\/#webpage\"},\"isPartOf\":{\"@id\":\"https:\\\/\\\/www.eldigitaldeasturias.com\\\/noticias\\\/el-parlamento-europeo-da-luz-verde-al-protocolo-de-pesca-con-gabon\\\/#webpage\"},\"articleSection\":\"Actualidad\"},{\"@type\":\"BreadcrumbList\",\"@id\":\"https:\\\/\\\/www.eldigitaldeasturias.com\\\/noticias\\\/el-parlamento-europeo-da-luz-verde-al-protocolo-de-pesca-con-gabon\\\/#breadcrumblist\",\"itemListElement\":[{\"@type\":\"ListItem\",\"@id\":\"https:\\\/\\\/www.eldigitaldeasturias.com\\\/noticias#listItem\",\"position\":1,\"name\":\"Home\",\"item\":\"https:\\\/\\\/www.eldigitaldeasturias.com\\\/noticias\",\"nextItem\":{\"@type\":\"ListItem\",\"@id\":\"https:\\\/\\\/www.eldigitaldeasturias.com\\\/noticias\\\/category\\\/actualidad\\\/#listItem\",\"name\":\"Actualidad\"}},{\"@type\":\"ListItem\",\"@id\":\"https:\\\/\\\/www.eldigitaldeasturias.com\\\/noticias\\\/category\\\/actualidad\\\/#listItem\",\"position\":2,\"name\":\"Actualidad\",\"item\":\"https:\\\/\\\/www.eldigitaldeasturias.com\\\/noticias\\\/category\\\/actualidad\\\/\",\"nextItem\":{\"@type\":\"ListItem\",\"@id\":\"https:\\\/\\\/www.eldigitaldeasturias.com\\\/noticias\\\/el-parlamento-europeo-da-luz-verde-al-protocolo-de-pesca-con-gabon\\\/#listItem\",\"name\":\"El Parlamento Europeo da luz verde al protocolo de pesca con Gab\\u00f3n\"},\"previousItem\":{\"@type\":\"ListItem\",\"@id\":\"https:\\\/\\\/www.eldigitaldeasturias.com\\\/noticias#listItem\",\"name\":\"Home\"}},{\"@type\":\"ListItem\",\"@id\":\"https:\\\/\\\/www.eldigitaldeasturias.com\\\/noticias\\\/el-parlamento-europeo-da-luz-verde-al-protocolo-de-pesca-con-gabon\\\/#listItem\",\"position\":3,\"name\":\"El Parlamento Europeo da luz verde al protocolo de pesca con Gab\\u00f3n\",\"previousItem\":{\"@type\":\"ListItem\",\"@id\":\"https:\\\/\\\/www.eldigitaldeasturias.com\\\/noticias\\\/category\\\/actualidad\\\/#listItem\",\"name\":\"Actualidad\"}}]},{\"@type\":\"Organization\",\"@id\":\"https:\\\/\\\/www.eldigitaldeasturias.com\\\/noticias\\\/#organization\",\"name\":\"El Digital de Asturias\",\"description\":\"Hemeroteca\",\"url\":\"https:\\\/\\\/www.eldigitaldeasturias.com\\\/noticias\\\/\",\"email\":\"info@eldigitaldeasturias.com\",\"telephone\":\"+34652131393\",\"logo\":{\"@type\":\"ImageObject\",\"url\":\"https:\\\/\\\/www.eldigitaldeasturias.com\\\/noticias\\\/wp-content\\\/uploads\\\/2020\\\/12\\\/EDA.jpg\",\"@id\":\"https:\\\/\\\/www.eldigitaldeasturias.com\\\/noticias\\\/el-parlamento-europeo-da-luz-verde-al-protocolo-de-pesca-con-gabon\\\/#organizationLogo\"},\"image\":{\"@id\":\"https:\\\/\\\/www.eldigitaldeasturias.com\\\/noticias\\\/el-parlamento-europeo-da-luz-verde-al-protocolo-de-pesca-con-gabon\\\/#organizationLogo\"},\"sameAs\":[\"https:\\\/\\\/facebook.com\\\/eldigitaldeasturias\",\"https:\\\/\\\/www.youtube.com\\\/channel\\\/UCZP-2wLEB9Rv6erhFmqVnvg\"],\"address\":{\"@id\":\"https:\\\/\\\/www.eldigitaldeasturias.com\\\/noticias\\\/#postaladdress\",\"@type\":\"PostalAddress\",\"streetAddress\":\"san antonio 4\",\"postalCode\":\"33430\",\"addressLocality\":\"Cand\\u00e1s\",\"addressRegion\":\"Asturias\",\"addressCountry\":\"ES\"}},{\"@type\":\"Person\",\"@id\":\"https:\\\/\\\/www.eldigitaldeasturias.com\\\/noticias\\\/author\\\/admin\\\/#author\",\"url\":\"https:\\\/\\\/www.eldigitaldeasturias.com\\\/noticias\\\/author\\\/admin\\\/\",\"name\":\"El Digital de Asturias\",\"image\":{\"@type\":\"ImageObject\",\"@id\":\"https:\\\/\\\/www.eldigitaldeasturias.com\\\/noticias\\\/el-parlamento-europeo-da-luz-verde-al-protocolo-de-pesca-con-gabon\\\/#authorImage\",\"url\":\"https:\\\/\\\/secure.gravatar.com\\\/avatar\\\/df2aeffc32bcd13f8d26072ef8a91b623d677766deac7f97ca815868cd41bf5e?s=96&d=mm&r=g\",\"width\":96,\"height\":96,\"caption\":\"El Digital de Asturias\"}},{\"@type\":\"WebPage\",\"@id\":\"https:\\\/\\\/www.eldigitaldeasturias.com\\\/noticias\\\/el-parlamento-europeo-da-luz-verde-al-protocolo-de-pesca-con-gabon\\\/#webpage\",\"url\":\"https:\\\/\\\/www.eldigitaldeasturias.com\\\/noticias\\\/el-parlamento-europeo-da-luz-verde-al-protocolo-de-pesca-con-gabon\\\/\",\"name\":\"El Parlamento Europeo da luz verde al protocolo de pesca con Gab\\u00f3n - El Digital de Asturias\",\"description\":\"Estrasburgo (Francia), 5 feb (EFE).- El Parlamento Europeo (PE) ha aprobado hoy el nuevo acuerdo pesquero entre la Uni\\u00f3n Europea (UE) y Gab\\u00f3n, que permitir\\u00e1 faenar en las aguas del pa\\u00eds africano a buques atuneros de Espa\\u00f1a y Francia. El protocolo, que estar\\u00e1 vigente durante tres a\\u00f1os, beneficiar\\u00e1 a 27 atuneros cerqueros y a 8\",\"inLanguage\":\"es-ES\",\"isPartOf\":{\"@id\":\"https:\\\/\\\/www.eldigitaldeasturias.com\\\/noticias\\\/#website\"},\"breadcrumb\":{\"@id\":\"https:\\\/\\\/www.eldigitaldeasturias.com\\\/noticias\\\/el-parlamento-europeo-da-luz-verde-al-protocolo-de-pesca-con-gabon\\\/#breadcrumblist\"},\"author\":{\"@id\":\"https:\\\/\\\/www.eldigitaldeasturias.com\\\/noticias\\\/author\\\/admin\\\/#author\"},\"creator\":{\"@id\":\"https:\\\/\\\/www.eldigitaldeasturias.com\\\/noticias\\\/author\\\/admin\\\/#author\"},\"image\":{\"@type\":\"ImageObject\",\"url\":484354,\"@id\":\"https:\\\/\\\/www.eldigitaldeasturias.com\\\/noticias\\\/el-parlamento-europeo-da-luz-verde-al-protocolo-de-pesca-con-gabon\\\/#mainImage\"},\"primaryImageOfPage\":{\"@id\":\"https:\\\/\\\/www.eldigitaldeasturias.com\\\/noticias\\\/el-parlamento-europeo-da-luz-verde-al-protocolo-de-pesca-con-gabon\\\/#mainImage\"},\"datePublished\":\"2014-02-05T23:51:51+01:00\",\"dateModified\":\"2014-02-05T23:51:51+01:00\"},{\"@type\":\"WebSite\",\"@id\":\"https:\\\/\\\/www.eldigitaldeasturias.com\\\/noticias\\\/#website\",\"url\":\"https:\\\/\\\/www.eldigitaldeasturias.com\\\/noticias\\\/\",\"name\":\"El Digital de Asturias - Diario de actualidad y noticias\",\"alternateName\":\"El Digital de Asturias - Diario de actualidad y noticias\",\"description\":\"Hemeroteca\",\"inLanguage\":\"es-ES\",\"publisher\":{\"@id\":\"https:\\\/\\\/www.eldigitaldeasturias.com\\\/noticias\\\/#organization\"}}]}\n\t\t<\/script>\n\t\t<!-- All in One SEO Pro -->\r\n\t\t<title>El Parlamento Europeo da luz verde al protocolo de pesca con Gab\u00f3n - El Digital de Asturias<\/title>\n\n","aioseo_head_json":{"title":"El Parlamento Europeo da luz verde al protocolo de pesca con Gab\u00f3n - El Digital de Asturias","description":"Estrasburgo (Francia), 5 feb (EFE).- El Parlamento Europeo (PE) ha aprobado hoy el nuevo acuerdo pesquero entre la Uni\u00f3n Europea (UE) y Gab\u00f3n, que permitir\u00e1 faenar en las aguas del pa\u00eds africano a buques atuneros de Espa\u00f1a y Francia. El protocolo, que estar\u00e1 vigente durante tres a\u00f1os, beneficiar\u00e1 a 27 atuneros cerqueros y a 8","canonical_url":"https:\/\/www.eldigitaldeasturias.com\/noticias\/el-parlamento-europeo-da-luz-verde-al-protocolo-de-pesca-con-gabon\/","robots":"max-image-preview:large","keywords":"actualidad","webmasterTools":{"google-site-verification":"UA-38556648-1","msvalidate.01":"7dfe9f3f1b24437ab69f4f2559babe99","miscellaneous":""},"schema":{"@context":"https:\/\/schema.org","@graph":[{"@type":"BlogPosting","@id":"https:\/\/www.eldigitaldeasturias.com\/noticias\/el-parlamento-europeo-da-luz-verde-al-protocolo-de-pesca-con-gabon\/#blogposting","name":"El Parlamento Europeo da luz verde al protocolo de pesca con Gab\u00f3n - El Digital de Asturias","headline":"El Parlamento Europeo da luz verde al protocolo de pesca con Gab\u00f3n","author":{"@id":"https:\/\/www.eldigitaldeasturias.com\/noticias\/author\/admin\/#author"},"publisher":{"@id":"https:\/\/www.eldigitaldeasturias.com\/noticias\/#organization"},"image":{"@type":"ImageObject","url":484354},"datePublished":"2014-02-05T23:51:51+01:00","dateModified":"2014-02-05T23:51:51+01:00","inLanguage":"es-ES","mainEntityOfPage":{"@id":"https:\/\/www.eldigitaldeasturias.com\/noticias\/el-parlamento-europeo-da-luz-verde-al-protocolo-de-pesca-con-gabon\/#webpage"},"isPartOf":{"@id":"https:\/\/www.eldigitaldeasturias.com\/noticias\/el-parlamento-europeo-da-luz-verde-al-protocolo-de-pesca-con-gabon\/#webpage"},"articleSection":"Actualidad"},{"@type":"BreadcrumbList","@id":"https:\/\/www.eldigitaldeasturias.com\/noticias\/el-parlamento-europeo-da-luz-verde-al-protocolo-de-pesca-con-gabon\/#breadcrumblist","itemListElement":[{"@type":"ListItem","@id":"https:\/\/www.eldigitaldeasturias.com\/noticias#listItem","position":1,"name":"Home","item":"https:\/\/www.eldigitaldeasturias.com\/noticias","nextItem":{"@type":"ListItem","@id":"https:\/\/www.eldigitaldeasturias.com\/noticias\/category\/actualidad\/#listItem","name":"Actualidad"}},{"@type":"ListItem","@id":"https:\/\/www.eldigitaldeasturias.com\/noticias\/category\/actualidad\/#listItem","position":2,"name":"Actualidad","item":"https:\/\/www.eldigitaldeasturias.com\/noticias\/category\/actualidad\/","nextItem":{"@type":"ListItem","@id":"https:\/\/www.eldigitaldeasturias.com\/noticias\/el-parlamento-europeo-da-luz-verde-al-protocolo-de-pesca-con-gabon\/#listItem","name":"El Parlamento Europeo da luz verde al protocolo de pesca con Gab\u00f3n"},"previousItem":{"@type":"ListItem","@id":"https:\/\/www.eldigitaldeasturias.com\/noticias#listItem","name":"Home"}},{"@type":"ListItem","@id":"https:\/\/www.eldigitaldeasturias.com\/noticias\/el-parlamento-europeo-da-luz-verde-al-protocolo-de-pesca-con-gabon\/#listItem","position":3,"name":"El Parlamento Europeo da luz verde al protocolo de pesca con Gab\u00f3n","previousItem":{"@type":"ListItem","@id":"https:\/\/www.eldigitaldeasturias.com\/noticias\/category\/actualidad\/#listItem","name":"Actualidad"}}]},{"@type":"Organization","@id":"https:\/\/www.eldigitaldeasturias.com\/noticias\/#organization","name":"El Digital de Asturias","description":"Hemeroteca","url":"https:\/\/www.eldigitaldeasturias.com\/noticias\/","email":"info@eldigitaldeasturias.com","telephone":"+34652131393","logo":{"@type":"ImageObject","url":"https:\/\/www.eldigitaldeasturias.com\/noticias\/wp-content\/uploads\/2020\/12\/EDA.jpg","@id":"https:\/\/www.eldigitaldeasturias.com\/noticias\/el-parlamento-europeo-da-luz-verde-al-protocolo-de-pesca-con-gabon\/#organizationLogo"},"image":{"@id":"https:\/\/www.eldigitaldeasturias.com\/noticias\/el-parlamento-europeo-da-luz-verde-al-protocolo-de-pesca-con-gabon\/#organizationLogo"},"sameAs":["https:\/\/facebook.com\/eldigitaldeasturias","https:\/\/www.youtube.com\/channel\/UCZP-2wLEB9Rv6erhFmqVnvg"],"address":{"@id":"https:\/\/www.eldigitaldeasturias.com\/noticias\/#postaladdress","@type":"PostalAddress","streetAddress":"san antonio 4","postalCode":"33430","addressLocality":"Cand\u00e1s","addressRegion":"Asturias","addressCountry":"ES"}},{"@type":"Person","@id":"https:\/\/www.eldigitaldeasturias.com\/noticias\/author\/admin\/#author","url":"https:\/\/www.eldigitaldeasturias.com\/noticias\/author\/admin\/","name":"El Digital de Asturias","image":{"@type":"ImageObject","@id":"https:\/\/www.eldigitaldeasturias.com\/noticias\/el-parlamento-europeo-da-luz-verde-al-protocolo-de-pesca-con-gabon\/#authorImage","url":"https:\/\/secure.gravatar.com\/avatar\/df2aeffc32bcd13f8d26072ef8a91b623d677766deac7f97ca815868cd41bf5e?s=96&d=mm&r=g","width":96,"height":96,"caption":"El Digital de Asturias"}},{"@type":"WebPage","@id":"https:\/\/www.eldigitaldeasturias.com\/noticias\/el-parlamento-europeo-da-luz-verde-al-protocolo-de-pesca-con-gabon\/#webpage","url":"https:\/\/www.eldigitaldeasturias.com\/noticias\/el-parlamento-europeo-da-luz-verde-al-protocolo-de-pesca-con-gabon\/","name":"El Parlamento Europeo da luz verde al protocolo de pesca con Gab\u00f3n - El Digital de Asturias","description":"Estrasburgo (Francia), 5 feb (EFE).- El Parlamento Europeo (PE) ha aprobado hoy el nuevo acuerdo pesquero entre la Uni\u00f3n Europea (UE) y Gab\u00f3n, que permitir\u00e1 faenar en las aguas del pa\u00eds africano a buques atuneros de Espa\u00f1a y Francia. El protocolo, que estar\u00e1 vigente durante tres a\u00f1os, beneficiar\u00e1 a 27 atuneros cerqueros y a 8","inLanguage":"es-ES","isPartOf":{"@id":"https:\/\/www.eldigitaldeasturias.com\/noticias\/#website"},"breadcrumb":{"@id":"https:\/\/www.eldigitaldeasturias.com\/noticias\/el-parlamento-europeo-da-luz-verde-al-protocolo-de-pesca-con-gabon\/#breadcrumblist"},"author":{"@id":"https:\/\/www.eldigitaldeasturias.com\/noticias\/author\/admin\/#author"},"creator":{"@id":"https:\/\/www.eldigitaldeasturias.com\/noticias\/author\/admin\/#author"},"image":{"@type":"ImageObject","url":484354,"@id":"https:\/\/www.eldigitaldeasturias.com\/noticias\/el-parlamento-europeo-da-luz-verde-al-protocolo-de-pesca-con-gabon\/#mainImage"},"primaryImageOfPage":{"@id":"https:\/\/www.eldigitaldeasturias.com\/noticias\/el-parlamento-europeo-da-luz-verde-al-protocolo-de-pesca-con-gabon\/#mainImage"},"datePublished":"2014-02-05T23:51:51+01:00","dateModified":"2014-02-05T23:51:51+01:00"},{"@type":"WebSite","@id":"https:\/\/www.eldigitaldeasturias.com\/noticias\/#website","url":"https:\/\/www.eldigitaldeasturias.com\/noticias\/","name":"El Digital de Asturias - Diario de actualidad y noticias","alternateName":"El Digital de Asturias - Diario de actualidad y noticias","description":"Hemeroteca","inLanguage":"es-ES","publisher":{"@id":"https:\/\/www.eldigitaldeasturias.com\/noticias\/#organization"}}]},"og:locale":"es_ES","og:site_name":"El Digital de Asturias","og:type":"article","og:title":"El Parlamento Europeo da luz verde al protocolo de pesca con Gab\u00f3n - El Digital de Asturias","og:description":"Estrasburgo (Francia), 5 feb (EFE).- El Parlamento Europeo (PE) ha aprobado hoy el nuevo acuerdo pesquero entre la Uni\u00f3n Europea (UE) y Gab\u00f3n, que permitir\u00e1 faenar en las aguas del pa\u00eds africano a buques atuneros de Espa\u00f1a y Francia. El protocolo, que estar\u00e1 vigente durante tres a\u00f1os, beneficiar\u00e1 a 27 atuneros cerqueros y a 8","og:url":"https:\/\/www.eldigitaldeasturias.com\/noticias\/el-parlamento-europeo-da-luz-verde-al-protocolo-de-pesca-con-gabon\/","article:tag":["actualidad"],"article:published_time":"2014-02-06T00:51:51+00:00","article:modified_time":"2014-02-06T00:51:51+00:00","article:publisher":"https:\/\/facebook.com\/eldigitaldeasturias","twitter:card":"summary_large_image","twitter:title":"El Parlamento Europeo da luz verde al protocolo de pesca con Gab\u00f3n - El Digital de Asturias","twitter:description":"Estrasburgo (Francia), 5 feb (EFE).- El Parlamento Europeo (PE) ha aprobado hoy el nuevo acuerdo pesquero entre la Uni\u00f3n Europea (UE) y Gab\u00f3n, que permitir\u00e1 faenar en las aguas del pa\u00eds africano a buques atuneros de Espa\u00f1a y Francia. El protocolo, que estar\u00e1 vigente durante tres a\u00f1os, beneficiar\u00e1 a 27 atuneros cerqueros y a 8","twitter:label1":"Escrito por","twitter:data1":"El Digital de Asturias","twitter:label2":"Tiempo de lectura estimado","twitter:data2":"1 minuto"},"aioseo_meta_data":{"post_id":"484353","title":null,"description":null,"keywords":null,"keyphrases":null,"primary_term":null,"canonical_url":null,"og_title":null,"og_description":null,"og_object_type":"default","og_image_type":"default","og_image_url":null,"og_image_width":null,"og_image_height":null,"og_image_custom_url":null,"og_image_custom_fields":null,"og_video":null,"og_custom_url":null,"og_article_section":null,"og_article_tags":null,"twitter_use_og":true,"twitter_card":"default","twitter_image_type":"default","twitter_image_url":null,"twitter_image_custom_url":null,"twitter_image_custom_fields":null,"twitter_title":null,"twitter_description":null,"schema":{"blockGraphs":[],"customGraphs":[],"default":{"data":{"Article":[],"Course":[],"Dataset":[],"FAQPage":[],"Movie":[],"Person":[],"Product":[],"ProductReview":[],"Car":[],"Recipe":[],"Service":[],"SoftwareApplication":[],"WebPage":[]},"graphName":"","isEnabled":true},"graphs":[],"defaultGraph":"","defaultPostTypeGraph":""},"schema_type":null,"schema_type_options":null,"pillar_content":false,"robots_default":true,"robots_noindex":false,"robots_noarchive":false,"robots_nosnippet":false,"robots_nofollow":false,"robots_noimageindex":false,"robots_noodp":false,"robots_notranslate":false,"robots_max_snippet":null,"robots_max_videopreview":null,"robots_max_imagepreview":"none","priority":null,"frequency":null,"local_seo":null,"seo_analyzer_scan_date":"2026-06-02 15:36:46","breadcrumb_settings":null,"limit_modified_date":false,"open_ai":null,"ai":null,"created":"2020-11-14 22:55:04","updated":"2026-06-02 15:36:46","focus_keyword":null,"additional_keywords":null,"truseo_locale":null},"aioseo_breadcrumb":"<div class=\"aioseo-breadcrumbs\"><span class=\"aioseo-breadcrumb\">\n\t<a href=\"https:\/\/www.eldigitaldeasturias.com\/noticias\" title=\"Home\">Home<\/a>\n<\/span><span class=\"aioseo-breadcrumb-separator\">\u2013<\/span><span class=\"aioseo-breadcrumb\">\n\t<a href=\"https:\/\/www.eldigitaldeasturias.com\/noticias\/category\/actualidad\/\" title=\"Actualidad\">Actualidad<\/a>\n<\/span><span class=\"aioseo-breadcrumb-separator\">\u2013<\/span><span class=\"aioseo-breadcrumb\">\n\t<a href=\"https:\/\/www.eldigitaldeasturias.com\/noticias\/el-parlamento-europeo-da-luz-verde-al-protocolo-de-pesca-con-gabon\/\" title=\"El Parlamento Europeo da luz verde al protocolo de pesca con Gab\u00f3n\">El Parlamento Europeo da luz verde al protocolo de pesca con Gab\u00f3n<\/a>\n<\/span><\/div>","aioseo_breadcrumb_json":[{"label":"Home","link":"https:\/\/www.eldigitaldeasturias.com\/noticias"},{"label":"Actualidad","link":"https:\/\/www.eldigitaldeasturias.com\/noticias\/category\/actualidad\/"},{"label":"El Parlamento Europeo da luz verde al protocolo de pesca con Gab\u00f3n","link":"https:\/\/www.eldigitaldeasturias.com\/noticias\/el-parlamento-europeo-da-luz-verde-al-protocolo-de-pesca-con-gabon\/"}],"_links":{"self":[{"href":"https:\/\/www.eldigitaldeasturias.com\/noticias\/wp-json\/wp\/v2\/posts\/484353","targetHints":{"allow":["GET"]}}],"collection":[{"href":"https:\/\/www.eldigitaldeasturias.com\/noticias\/wp-json\/wp\/v2\/posts"}],"about":[{"href":"https:\/\/www.eldigitaldeasturias.com\/noticias\/wp-json\/wp\/v2\/types\/post"}],"author":[{"embeddable":true,"href":"https:\/\/www.eldigitaldeasturias.com\/noticias\/wp-json\/wp\/v2\/users\/1"}],"replies":[{"embeddable":true,"href":"https:\/\/www.eldigitaldeasturias.com\/noticias\/wp-json\/wp\/v2\/comments?post=484353"}],"version-history":[{"count":0,"href":"https:\/\/www.eldigitaldeasturias.com\/noticias\/wp-json\/wp\/v2\/posts\/484353\/revisions"}],"wp:attachment":[{"href":"https:\/\/www.eldigitaldeasturias.com\/noticias\/wp-json\/wp\/v2\/media?parent=484353"}],"wp:term":[{"taxonomy":"category","embeddable":true,"href":"https:\/\/www.eldigitaldeasturias.com\/noticias\/wp-json\/wp\/v2\/categories?post=484353"},{"taxonomy":"post_tag","embeddable":true,"href":"https:\/\/www.eldigitaldeasturias.com\/noticias\/wp-json\/wp\/v2\/tags?post=484353"}],"curies":[{"name":"wp","href":"https:\/\/api.w.org\/{rel}","templated":true}]}}