{"id":484346,"date":"2014-02-05T23:49:53","date_gmt":"2014-02-06T00:49:53","guid":{"rendered":"http:\/\/www.eldigitaldeasturias.com\/noticias\/?p=484346"},"modified":"2014-02-05T23:49:53","modified_gmt":"2014-02-06T00:49:53","slug":"pp-y-psoe-caen-a-minimos-historicos","status":"publish","type":"post","link":"https:\/\/www.eldigitaldeasturias.com\/noticias\/pp-y-psoe-caen-a-minimos-historicos\/","title":{"rendered":"PP y PSOE caen a m\u00ednimos historicos."},"content":{"rendered":"<p><img loading=\"lazy\" decoding=\"async\" class=\"alignleft size-medium wp-image-484348\" alt=\"5911810w\" src=\"https:\/\/www.eldigitaldeasturias.com\/noticias\/wp-content\/uploads\/2014\/02\/5911810w-360x252.jpg\" width=\"360\" height=\"252\" \/>Madrid, 5 feb (EFE).- La estimaci\u00f3n de voto de PP y PSOE ha ca\u00eddo hasta m\u00ednimos hist\u00f3ricos en la \u00faltima encuesta del Centro de Investigaciones Sociol\u00f3gicas (CIS), de la que se desprende a su vez la consolidaci\u00f3n del apoyo de IU y UPyD y un aumento de la desconfianza en los dirigentes de los grandes partidos.<\/p>\n<p>Seg\u00fan la encuesta del CIS, realizada entre el 3 y el 15 de enero, cuando ya se conoc\u00eda la reforma del aborto, el PP ha perdido dos puntos y si hoy se celebraran elecciones generales obtendr\u00eda un 32,1 por ciento de los votos, frente al 34 por ciento de octubre.<\/p>\n<p>Ello supone tambi\u00e9n una ca\u00edda de doce puntos respecto a los comicios de 2011 y es adem\u00e1s su peor resultado de la serie hist\u00f3rica.<\/p>\n<p>Situaci\u00f3n similar a la del PSOE, que no logra despegar: hoy los socialistas conseguir\u00edan un 26,6 por ciento de los sufragios y, aunque la bajada respecto a octubre no es significativa -de apenas dos d\u00e9cimas-, pierde tambi\u00e9n dos puntos desde las generales y es tambi\u00e9n su peor resultado en una encuesta del CIS.<\/p>\n<p>Por el contrario, IU y UPyD parecen consolidar sus apoyos. La coalici\u00f3n de Cayo Lara mantiene el mismo porcentaje que en octubre -11,3- y adem\u00e1s ha ganado cinco puntos desde las elecciones de 2011, reforzando su posici\u00f3n como tercera fuerza pol\u00edtica parlamentaria.<\/p>\n<p>La encuesta tambi\u00e9n le da ox\u00edgeno al partido de Rosa D\u00edez, que obtiene su mejor resultado desde 2011, sube un punto y medio y pasa del 7,7 de octubre al 9,2 por ciento en enero, casi el mismo porcentaje que pierde el PP.<\/p>\n<p>En voto directo, sin la estimaci\u00f3n que realiza el CIS, el PSOE, con un 11,8 por ciento de los sufragios, ganar\u00eda al PP con un 10,8 por ciento, aunque la cifra m\u00e1s alta se la lleva la abstenci\u00f3n, ya que un 24,2 por ciento de los encuestados asegura que no ir\u00e1 a votar.<\/p>\n<p>La p\u00e9rdida de confianza en los grandes partidos se refleja tambi\u00e9n en la valoraci\u00f3n de sus dirigentes.<\/p>\n<p>Tanto el presidente del Gobierno, Mariano Rajoy, con una nota de 2,22 sobre diez, como el l\u00edder de la oposici\u00f3n, Alfredo P\u00e9rez Rubalcaba, con un 3, siguen bajando en la opini\u00f3n que los ciudadanos tienen de ellos, mientras que Rosa D\u00edez se mantiene como la mejor valorada.<\/p>\n<p>Al ser preguntados por la confianza que les inspira personalmente el jefe del Ejecutivo, el 63,3 por ciento de los encuestados asegura que \u00abninguna\u00bb, mientras que al 24,8 por ciento le ofrece \u00abpoca\u00bb; al 9,4 por ciento, \u00abbastante\u00bb, y al 1,4 por ciento, \u00abmucha\u00bb confianza.<\/p>\n<p>Incluso entre quienes se declaran votantes del PP, el 64 por ciento dice que Rajoy le inspira poca o ninguna confianza.<\/p>\n<p>En el caso de Rubalcaba, al 56,2 por ciento le da \u00abninguna\u00bb confianza; al 34,7 por ciento le ofrece \u00abpoca\u00bb; al 6,6 por ciento, \u00abbastante\u00bb, y al 0,7 por ciento, \u00abmucha\u00bb.<\/p>\n<p>Y al 79,5 por ciento de los encuestados que se reconocen como votantes socialistas tambi\u00e9n Rubalcaba les provoca poca o ninguna confianza.<\/p>\n<p>Los ministros del Gobierno tampoco salen muy bien parados en las notas de los encuestados por el CIS: ninguno aprueba y los titulares de Educaci\u00f3n, Jos\u00e9 Ignacio Wert, y Hacienda, Crist\u00f3bal Montoro, son los peor valorados con un 1,42 y 1,84, respectivamente.<\/p>\n<p>La lista la encabeza como mejor valorado el titular de Agricultura, Miguel Arias Ca\u00f1ete, aunque tambi\u00e9n suspende con una calificaci\u00f3n de 3,17.<\/p>\n<p>Igual que aumenta la desconfianza en los pol\u00edticos, tambi\u00e9n sigue aumentando en el bar\u00f3metro del CIS la preocupaci\u00f3n ciudadana por la corrupci\u00f3n, que se mantiene como el segundo problema para los espa\u00f1oles tras el paro.<\/p>\n<p>As\u00ed, el desempleo supone el principal problema para la ciudadan\u00eda -lo citan el 78,5 por ciento- seguido de la corrupci\u00f3n y el fraude (39,5), los problemas econ\u00f3micos (30,5) y los pol\u00edticos y los partidos (26,9).<\/p>\n<p>Adem\u00e1s, la gran mayor\u00eda de los ciudadanos (81,8 por ciento) considera que la situaci\u00f3n pol\u00edtica es \u00abmala\u00bb o \u00abmuy mala\u00bb, aunque sigue siendo peor la percepci\u00f3n que se tiene de la situaci\u00f3n econ\u00f3mica, pues la califican de \u00abmala\u00bb o \u00abmuy mala\u00bb el 86,7 por ciento.<\/p>\n<p>Tambi\u00e9n se incrementa el porcentaje de parados que cree que encontrar\u00e1 empleo en un a\u00f1o, que ha subido cinco puntos hasta el 34,6 por ciento, aunque siguen siendo m\u00e1s de la mitad -el 56,8 por ciento- los que no esperan lograr un puesto de trabajo en ese tiempo.<\/p>\n","protected":false},"excerpt":{"rendered":"<p>Madrid, 5 feb (EFE).- La estimaci\u00f3n de voto de PP y PSOE ha ca\u00eddo hasta m\u00ednimos hist\u00f3ricos en la \u00faltima encuesta del Centro de Investigaciones Sociol\u00f3gicas (CIS), de la que se desprende a su vez la consolidaci\u00f3n del apoyo de IU y UPyD y un aumento de la desconfianza en los dirigentes de los grandes [&hellip;]<\/p>\n","protected":false},"author":1,"featured_media":484348,"comment_status":"closed","ping_status":"open","sticky":false,"template":"","format":"standard","meta":{"footnotes":""},"categories":[1],"tags":[],"class_list":["post-484346","post","type-post","status-publish","format-standard","has-post-thumbnail","hentry","category-actualidad"],"aioseo_notices":[],"aioseo_head":"\n\t\t<!-- All in One SEO Pro 5.0.1 - aioseo.com -->\n\t<meta name=\"description\" content=\"Madrid, 5 feb (EFE).- La estimaci\u00f3n de voto de PP y PSOE ha ca\u00eddo hasta m\u00ednimos hist\u00f3ricos en la \u00faltima encuesta del Centro de Investigaciones Sociol\u00f3gicas (CIS), de la que se desprende a su vez la consolidaci\u00f3n del apoyo de IU y UPyD y un aumento de la desconfianza en los dirigentes de los grandes\" \/>\n\t<meta name=\"robots\" content=\"max-image-preview:large\" \/>\n\t<meta name=\"author\" content=\"El Digital de Asturias\"\/>\n\t<meta name=\"google-site-verification\" content=\"UA-38556648-1\" \/>\n\t<meta name=\"msvalidate.01\" content=\"7dfe9f3f1b24437ab69f4f2559babe99\" \/>\n\t<meta name=\"keywords\" content=\"actualidad\" \/>\n\t<link rel=\"canonical\" href=\"https:\/\/www.eldigitaldeasturias.com\/noticias\/pp-y-psoe-caen-a-minimos-historicos\/\" \/>\n\t<meta name=\"generator\" content=\"All in One SEO Pro (AIOSEO) 5.0.1\" \/>\n\t\t<meta property=\"og:locale\" content=\"es_ES\" \/>\n\t\t<meta property=\"og:site_name\" content=\"El Digital de Asturias\" \/>\n\t\t<meta property=\"og:type\" content=\"article\" \/>\n\t\t<meta property=\"og:title\" content=\"PP y PSOE caen a m\u00ednimos historicos. - El Digital de Asturias\" \/>\n\t\t<meta property=\"og:description\" content=\"Madrid, 5 feb (EFE).- La estimaci\u00f3n de voto de PP y PSOE ha ca\u00eddo hasta m\u00ednimos hist\u00f3ricos en la \u00faltima encuesta del Centro de Investigaciones Sociol\u00f3gicas (CIS), de la que se desprende a su vez la consolidaci\u00f3n del apoyo de IU y UPyD y un aumento de la desconfianza en los dirigentes de los grandes\" \/>\n\t\t<meta property=\"og:url\" content=\"https:\/\/www.eldigitaldeasturias.com\/noticias\/pp-y-psoe-caen-a-minimos-historicos\/\" \/>\n\t\t<meta property=\"article:tag\" content=\"actualidad\" \/>\n\t\t<meta property=\"article:published_time\" content=\"2014-02-06T00:49:53+00:00\" \/>\n\t\t<meta property=\"article:modified_time\" content=\"2014-02-06T00:49:53+00:00\" \/>\n\t\t<meta property=\"article:publisher\" content=\"https:\/\/facebook.com\/eldigitaldeasturias\" \/>\n\t\t<meta name=\"twitter:card\" content=\"summary_large_image\" \/>\n\t\t<meta name=\"twitter:title\" content=\"PP y PSOE caen a m\u00ednimos historicos. - El Digital de Asturias\" \/>\n\t\t<meta name=\"twitter:description\" content=\"Madrid, 5 feb (EFE).- La estimaci\u00f3n de voto de PP y PSOE ha ca\u00eddo hasta m\u00ednimos hist\u00f3ricos en la \u00faltima encuesta del Centro de Investigaciones Sociol\u00f3gicas (CIS), de la que se desprende a su vez la consolidaci\u00f3n del apoyo de IU y UPyD y un aumento de la desconfianza en los dirigentes de los grandes\" \/>\n\t\t<meta name=\"twitter:label1\" content=\"Escrito por\" \/>\n\t\t<meta name=\"twitter:data1\" content=\"El Digital de Asturias\" \/>\n\t\t<meta name=\"twitter:label2\" content=\"Tiempo de lectura estimado\" \/>\n\t\t<meta name=\"twitter:data2\" content=\"4 minutos\" \/>\n\t\t<script type=\"application\/ld+json\" class=\"aioseo-schema\">\n\t\t\t{\"@context\":\"https:\\\/\\\/schema.org\",\"@graph\":[{\"@type\":\"BlogPosting\",\"@id\":\"https:\\\/\\\/www.eldigitaldeasturias.com\\\/noticias\\\/pp-y-psoe-caen-a-minimos-historicos\\\/#blogposting\",\"name\":\"PP y PSOE caen a m\\u00ednimos historicos. - El Digital de Asturias\",\"headline\":\"PP y PSOE caen a m\\u00ednimos historicos.\",\"author\":{\"@id\":\"https:\\\/\\\/www.eldigitaldeasturias.com\\\/noticias\\\/author\\\/admin\\\/#author\"},\"publisher\":{\"@id\":\"https:\\\/\\\/www.eldigitaldeasturias.com\\\/noticias\\\/#organization\"},\"image\":{\"@type\":\"ImageObject\",\"url\":484348},\"datePublished\":\"2014-02-05T23:49:53+01:00\",\"dateModified\":\"2014-02-05T23:49:53+01:00\",\"inLanguage\":\"es-ES\",\"mainEntityOfPage\":{\"@id\":\"https:\\\/\\\/www.eldigitaldeasturias.com\\\/noticias\\\/pp-y-psoe-caen-a-minimos-historicos\\\/#webpage\"},\"isPartOf\":{\"@id\":\"https:\\\/\\\/www.eldigitaldeasturias.com\\\/noticias\\\/pp-y-psoe-caen-a-minimos-historicos\\\/#webpage\"},\"articleSection\":\"Actualidad\"},{\"@type\":\"BreadcrumbList\",\"@id\":\"https:\\\/\\\/www.eldigitaldeasturias.com\\\/noticias\\\/pp-y-psoe-caen-a-minimos-historicos\\\/#breadcrumblist\",\"itemListElement\":[{\"@type\":\"ListItem\",\"@id\":\"https:\\\/\\\/www.eldigitaldeasturias.com\\\/noticias#listItem\",\"position\":1,\"name\":\"Home\",\"item\":\"https:\\\/\\\/www.eldigitaldeasturias.com\\\/noticias\",\"nextItem\":{\"@type\":\"ListItem\",\"@id\":\"https:\\\/\\\/www.eldigitaldeasturias.com\\\/noticias\\\/category\\\/actualidad\\\/#listItem\",\"name\":\"Actualidad\"}},{\"@type\":\"ListItem\",\"@id\":\"https:\\\/\\\/www.eldigitaldeasturias.com\\\/noticias\\\/category\\\/actualidad\\\/#listItem\",\"position\":2,\"name\":\"Actualidad\",\"item\":\"https:\\\/\\\/www.eldigitaldeasturias.com\\\/noticias\\\/category\\\/actualidad\\\/\",\"nextItem\":{\"@type\":\"ListItem\",\"@id\":\"https:\\\/\\\/www.eldigitaldeasturias.com\\\/noticias\\\/pp-y-psoe-caen-a-minimos-historicos\\\/#listItem\",\"name\":\"PP y PSOE caen a m\\u00ednimos historicos.\"},\"previousItem\":{\"@type\":\"ListItem\",\"@id\":\"https:\\\/\\\/www.eldigitaldeasturias.com\\\/noticias#listItem\",\"name\":\"Home\"}},{\"@type\":\"ListItem\",\"@id\":\"https:\\\/\\\/www.eldigitaldeasturias.com\\\/noticias\\\/pp-y-psoe-caen-a-minimos-historicos\\\/#listItem\",\"position\":3,\"name\":\"PP y PSOE caen a m\\u00ednimos historicos.\",\"previousItem\":{\"@type\":\"ListItem\",\"@id\":\"https:\\\/\\\/www.eldigitaldeasturias.com\\\/noticias\\\/category\\\/actualidad\\\/#listItem\",\"name\":\"Actualidad\"}}]},{\"@type\":\"Organization\",\"@id\":\"https:\\\/\\\/www.eldigitaldeasturias.com\\\/noticias\\\/#organization\",\"name\":\"El Digital de Asturias\",\"description\":\"Hemeroteca\",\"url\":\"https:\\\/\\\/www.eldigitaldeasturias.com\\\/noticias\\\/\",\"email\":\"info@eldigitaldeasturias.com\",\"telephone\":\"+34652131393\",\"logo\":{\"@type\":\"ImageObject\",\"url\":\"https:\\\/\\\/www.eldigitaldeasturias.com\\\/noticias\\\/wp-content\\\/uploads\\\/2020\\\/12\\\/EDA.jpg\",\"@id\":\"https:\\\/\\\/www.eldigitaldeasturias.com\\\/noticias\\\/pp-y-psoe-caen-a-minimos-historicos\\\/#organizationLogo\"},\"image\":{\"@id\":\"https:\\\/\\\/www.eldigitaldeasturias.com\\\/noticias\\\/pp-y-psoe-caen-a-minimos-historicos\\\/#organizationLogo\"},\"sameAs\":[\"https:\\\/\\\/facebook.com\\\/eldigitaldeasturias\",\"https:\\\/\\\/www.youtube.com\\\/channel\\\/UCZP-2wLEB9Rv6erhFmqVnvg\"],\"address\":{\"@id\":\"https:\\\/\\\/www.eldigitaldeasturias.com\\\/noticias\\\/#postaladdress\",\"@type\":\"PostalAddress\",\"streetAddress\":\"san antonio 4\",\"postalCode\":\"33430\",\"addressLocality\":\"Cand\\u00e1s\",\"addressRegion\":\"Asturias\",\"addressCountry\":\"ES\"}},{\"@type\":\"Person\",\"@id\":\"https:\\\/\\\/www.eldigitaldeasturias.com\\\/noticias\\\/author\\\/admin\\\/#author\",\"url\":\"https:\\\/\\\/www.eldigitaldeasturias.com\\\/noticias\\\/author\\\/admin\\\/\",\"name\":\"El Digital de Asturias\",\"image\":{\"@type\":\"ImageObject\",\"@id\":\"https:\\\/\\\/www.eldigitaldeasturias.com\\\/noticias\\\/pp-y-psoe-caen-a-minimos-historicos\\\/#authorImage\",\"url\":\"https:\\\/\\\/secure.gravatar.com\\\/avatar\\\/df2aeffc32bcd13f8d26072ef8a91b623d677766deac7f97ca815868cd41bf5e?s=96&d=mm&r=g\",\"width\":96,\"height\":96,\"caption\":\"El Digital de Asturias\"}},{\"@type\":\"WebPage\",\"@id\":\"https:\\\/\\\/www.eldigitaldeasturias.com\\\/noticias\\\/pp-y-psoe-caen-a-minimos-historicos\\\/#webpage\",\"url\":\"https:\\\/\\\/www.eldigitaldeasturias.com\\\/noticias\\\/pp-y-psoe-caen-a-minimos-historicos\\\/\",\"name\":\"PP y PSOE caen a m\\u00ednimos historicos. - El Digital de Asturias\",\"description\":\"Madrid, 5 feb (EFE).- La estimaci\\u00f3n de voto de PP y PSOE ha ca\\u00eddo hasta m\\u00ednimos hist\\u00f3ricos en la \\u00faltima encuesta del Centro de Investigaciones Sociol\\u00f3gicas (CIS), de la que se desprende a su vez la consolidaci\\u00f3n del apoyo de IU y UPyD y un aumento de la desconfianza en los dirigentes de los grandes\",\"inLanguage\":\"es-ES\",\"isPartOf\":{\"@id\":\"https:\\\/\\\/www.eldigitaldeasturias.com\\\/noticias\\\/#website\"},\"breadcrumb\":{\"@id\":\"https:\\\/\\\/www.eldigitaldeasturias.com\\\/noticias\\\/pp-y-psoe-caen-a-minimos-historicos\\\/#breadcrumblist\"},\"author\":{\"@id\":\"https:\\\/\\\/www.eldigitaldeasturias.com\\\/noticias\\\/author\\\/admin\\\/#author\"},\"creator\":{\"@id\":\"https:\\\/\\\/www.eldigitaldeasturias.com\\\/noticias\\\/author\\\/admin\\\/#author\"},\"image\":{\"@type\":\"ImageObject\",\"url\":484348,\"@id\":\"https:\\\/\\\/www.eldigitaldeasturias.com\\\/noticias\\\/pp-y-psoe-caen-a-minimos-historicos\\\/#mainImage\"},\"primaryImageOfPage\":{\"@id\":\"https:\\\/\\\/www.eldigitaldeasturias.com\\\/noticias\\\/pp-y-psoe-caen-a-minimos-historicos\\\/#mainImage\"},\"datePublished\":\"2014-02-05T23:49:53+01:00\",\"dateModified\":\"2014-02-05T23:49:53+01:00\"},{\"@type\":\"WebSite\",\"@id\":\"https:\\\/\\\/www.eldigitaldeasturias.com\\\/noticias\\\/#website\",\"url\":\"https:\\\/\\\/www.eldigitaldeasturias.com\\\/noticias\\\/\",\"name\":\"El Digital de Asturias - Diario de actualidad y noticias\",\"alternateName\":\"El Digital de Asturias - Diario de actualidad y noticias\",\"description\":\"Hemeroteca\",\"inLanguage\":\"es-ES\",\"publisher\":{\"@id\":\"https:\\\/\\\/www.eldigitaldeasturias.com\\\/noticias\\\/#organization\"}}]}\n\t\t<\/script>\n\t\t<!-- All in One SEO Pro -->\r\n\t\t<title>PP y PSOE caen a m\u00ednimos historicos. - El Digital de Asturias<\/title>\n\n","aioseo_head_json":{"title":"PP y PSOE caen a m\u00ednimos historicos. - El Digital de Asturias","description":"Madrid, 5 feb (EFE).- La estimaci\u00f3n de voto de PP y PSOE ha ca\u00eddo hasta m\u00ednimos hist\u00f3ricos en la \u00faltima encuesta del Centro de Investigaciones Sociol\u00f3gicas (CIS), de la que se desprende a su vez la consolidaci\u00f3n del apoyo de IU y UPyD y un aumento de la desconfianza en los dirigentes de los grandes","canonical_url":"https:\/\/www.eldigitaldeasturias.com\/noticias\/pp-y-psoe-caen-a-minimos-historicos\/","robots":"max-image-preview:large","keywords":"actualidad","webmasterTools":{"google-site-verification":"UA-38556648-1","msvalidate.01":"7dfe9f3f1b24437ab69f4f2559babe99","miscellaneous":""},"schema":{"@context":"https:\/\/schema.org","@graph":[{"@type":"BlogPosting","@id":"https:\/\/www.eldigitaldeasturias.com\/noticias\/pp-y-psoe-caen-a-minimos-historicos\/#blogposting","name":"PP y PSOE caen a m\u00ednimos historicos. - El Digital de Asturias","headline":"PP y PSOE caen a m\u00ednimos historicos.","author":{"@id":"https:\/\/www.eldigitaldeasturias.com\/noticias\/author\/admin\/#author"},"publisher":{"@id":"https:\/\/www.eldigitaldeasturias.com\/noticias\/#organization"},"image":{"@type":"ImageObject","url":484348},"datePublished":"2014-02-05T23:49:53+01:00","dateModified":"2014-02-05T23:49:53+01:00","inLanguage":"es-ES","mainEntityOfPage":{"@id":"https:\/\/www.eldigitaldeasturias.com\/noticias\/pp-y-psoe-caen-a-minimos-historicos\/#webpage"},"isPartOf":{"@id":"https:\/\/www.eldigitaldeasturias.com\/noticias\/pp-y-psoe-caen-a-minimos-historicos\/#webpage"},"articleSection":"Actualidad"},{"@type":"BreadcrumbList","@id":"https:\/\/www.eldigitaldeasturias.com\/noticias\/pp-y-psoe-caen-a-minimos-historicos\/#breadcrumblist","itemListElement":[{"@type":"ListItem","@id":"https:\/\/www.eldigitaldeasturias.com\/noticias#listItem","position":1,"name":"Home","item":"https:\/\/www.eldigitaldeasturias.com\/noticias","nextItem":{"@type":"ListItem","@id":"https:\/\/www.eldigitaldeasturias.com\/noticias\/category\/actualidad\/#listItem","name":"Actualidad"}},{"@type":"ListItem","@id":"https:\/\/www.eldigitaldeasturias.com\/noticias\/category\/actualidad\/#listItem","position":2,"name":"Actualidad","item":"https:\/\/www.eldigitaldeasturias.com\/noticias\/category\/actualidad\/","nextItem":{"@type":"ListItem","@id":"https:\/\/www.eldigitaldeasturias.com\/noticias\/pp-y-psoe-caen-a-minimos-historicos\/#listItem","name":"PP y PSOE caen a m\u00ednimos historicos."},"previousItem":{"@type":"ListItem","@id":"https:\/\/www.eldigitaldeasturias.com\/noticias#listItem","name":"Home"}},{"@type":"ListItem","@id":"https:\/\/www.eldigitaldeasturias.com\/noticias\/pp-y-psoe-caen-a-minimos-historicos\/#listItem","position":3,"name":"PP y PSOE caen a m\u00ednimos historicos.","previousItem":{"@type":"ListItem","@id":"https:\/\/www.eldigitaldeasturias.com\/noticias\/category\/actualidad\/#listItem","name":"Actualidad"}}]},{"@type":"Organization","@id":"https:\/\/www.eldigitaldeasturias.com\/noticias\/#organization","name":"El Digital de Asturias","description":"Hemeroteca","url":"https:\/\/www.eldigitaldeasturias.com\/noticias\/","email":"info@eldigitaldeasturias.com","telephone":"+34652131393","logo":{"@type":"ImageObject","url":"https:\/\/www.eldigitaldeasturias.com\/noticias\/wp-content\/uploads\/2020\/12\/EDA.jpg","@id":"https:\/\/www.eldigitaldeasturias.com\/noticias\/pp-y-psoe-caen-a-minimos-historicos\/#organizationLogo"},"image":{"@id":"https:\/\/www.eldigitaldeasturias.com\/noticias\/pp-y-psoe-caen-a-minimos-historicos\/#organizationLogo"},"sameAs":["https:\/\/facebook.com\/eldigitaldeasturias","https:\/\/www.youtube.com\/channel\/UCZP-2wLEB9Rv6erhFmqVnvg"],"address":{"@id":"https:\/\/www.eldigitaldeasturias.com\/noticias\/#postaladdress","@type":"PostalAddress","streetAddress":"san antonio 4","postalCode":"33430","addressLocality":"Cand\u00e1s","addressRegion":"Asturias","addressCountry":"ES"}},{"@type":"Person","@id":"https:\/\/www.eldigitaldeasturias.com\/noticias\/author\/admin\/#author","url":"https:\/\/www.eldigitaldeasturias.com\/noticias\/author\/admin\/","name":"El Digital de Asturias","image":{"@type":"ImageObject","@id":"https:\/\/www.eldigitaldeasturias.com\/noticias\/pp-y-psoe-caen-a-minimos-historicos\/#authorImage","url":"https:\/\/secure.gravatar.com\/avatar\/df2aeffc32bcd13f8d26072ef8a91b623d677766deac7f97ca815868cd41bf5e?s=96&d=mm&r=g","width":96,"height":96,"caption":"El Digital de Asturias"}},{"@type":"WebPage","@id":"https:\/\/www.eldigitaldeasturias.com\/noticias\/pp-y-psoe-caen-a-minimos-historicos\/#webpage","url":"https:\/\/www.eldigitaldeasturias.com\/noticias\/pp-y-psoe-caen-a-minimos-historicos\/","name":"PP y PSOE caen a m\u00ednimos historicos. - El Digital de Asturias","description":"Madrid, 5 feb (EFE).- La estimaci\u00f3n de voto de PP y PSOE ha ca\u00eddo hasta m\u00ednimos hist\u00f3ricos en la \u00faltima encuesta del Centro de Investigaciones Sociol\u00f3gicas (CIS), de la que se desprende a su vez la consolidaci\u00f3n del apoyo de IU y UPyD y un aumento de la desconfianza en los dirigentes de los grandes","inLanguage":"es-ES","isPartOf":{"@id":"https:\/\/www.eldigitaldeasturias.com\/noticias\/#website"},"breadcrumb":{"@id":"https:\/\/www.eldigitaldeasturias.com\/noticias\/pp-y-psoe-caen-a-minimos-historicos\/#breadcrumblist"},"author":{"@id":"https:\/\/www.eldigitaldeasturias.com\/noticias\/author\/admin\/#author"},"creator":{"@id":"https:\/\/www.eldigitaldeasturias.com\/noticias\/author\/admin\/#author"},"image":{"@type":"ImageObject","url":484348,"@id":"https:\/\/www.eldigitaldeasturias.com\/noticias\/pp-y-psoe-caen-a-minimos-historicos\/#mainImage"},"primaryImageOfPage":{"@id":"https:\/\/www.eldigitaldeasturias.com\/noticias\/pp-y-psoe-caen-a-minimos-historicos\/#mainImage"},"datePublished":"2014-02-05T23:49:53+01:00","dateModified":"2014-02-05T23:49:53+01:00"},{"@type":"WebSite","@id":"https:\/\/www.eldigitaldeasturias.com\/noticias\/#website","url":"https:\/\/www.eldigitaldeasturias.com\/noticias\/","name":"El Digital de Asturias - Diario de actualidad y noticias","alternateName":"El Digital de Asturias - Diario de actualidad y noticias","description":"Hemeroteca","inLanguage":"es-ES","publisher":{"@id":"https:\/\/www.eldigitaldeasturias.com\/noticias\/#organization"}}]},"og:locale":"es_ES","og:site_name":"El Digital de Asturias","og:type":"article","og:title":"PP y PSOE caen a m\u00ednimos historicos. - El Digital de Asturias","og:description":"Madrid, 5 feb (EFE).- La estimaci\u00f3n de voto de PP y PSOE ha ca\u00eddo hasta m\u00ednimos hist\u00f3ricos en la \u00faltima encuesta del Centro de Investigaciones Sociol\u00f3gicas (CIS), de la que se desprende a su vez la consolidaci\u00f3n del apoyo de IU y UPyD y un aumento de la desconfianza en los dirigentes de los grandes","og:url":"https:\/\/www.eldigitaldeasturias.com\/noticias\/pp-y-psoe-caen-a-minimos-historicos\/","article:tag":["actualidad"],"article:published_time":"2014-02-06T00:49:53+00:00","article:modified_time":"2014-02-06T00:49:53+00:00","article:publisher":"https:\/\/facebook.com\/eldigitaldeasturias","twitter:card":"summary_large_image","twitter:title":"PP y PSOE caen a m\u00ednimos historicos. - El Digital de Asturias","twitter:description":"Madrid, 5 feb (EFE).- La estimaci\u00f3n de voto de PP y PSOE ha ca\u00eddo hasta m\u00ednimos hist\u00f3ricos en la \u00faltima encuesta del Centro de Investigaciones Sociol\u00f3gicas (CIS), de la que se desprende a su vez la consolidaci\u00f3n del apoyo de IU y UPyD y un aumento de la desconfianza en los dirigentes de los grandes","twitter:label1":"Escrito por","twitter:data1":"El Digital de Asturias","twitter:label2":"Tiempo de lectura estimado","twitter:data2":"4 minutos"},"aioseo_meta_data":{"post_id":"484346","title":null,"description":null,"keywords":null,"keyphrases":null,"primary_term":null,"canonical_url":null,"og_title":null,"og_description":null,"og_object_type":"default","og_image_type":"default","og_image_url":null,"og_image_width":null,"og_image_height":null,"og_image_custom_url":null,"og_image_custom_fields":null,"og_video":null,"og_custom_url":null,"og_article_section":null,"og_article_tags":null,"twitter_use_og":true,"twitter_card":"default","twitter_image_type":"default","twitter_image_url":null,"twitter_image_custom_url":null,"twitter_image_custom_fields":null,"twitter_title":null,"twitter_description":null,"schema":{"blockGraphs":[],"customGraphs":[],"default":{"data":{"Article":[],"Course":[],"Dataset":[],"FAQPage":[],"Movie":[],"Person":[],"Product":[],"ProductReview":[],"Car":[],"Recipe":[],"Service":[],"SoftwareApplication":[],"WebPage":[]},"graphName":"","isEnabled":true},"graphs":[],"defaultGraph":"","defaultPostTypeGraph":""},"schema_type":null,"schema_type_options":null,"pillar_content":false,"robots_default":true,"robots_noindex":false,"robots_noarchive":false,"robots_nosnippet":false,"robots_nofollow":false,"robots_noimageindex":false,"robots_noodp":false,"robots_notranslate":false,"robots_max_snippet":null,"robots_max_videopreview":null,"robots_max_imagepreview":"none","priority":null,"frequency":null,"local_seo":null,"seo_analyzer_scan_date":"2026-06-02 15:34:37","breadcrumb_settings":null,"limit_modified_date":false,"open_ai":null,"ai":null,"created":"2020-11-14 22:55:04","updated":"2026-06-02 15:34:37","focus_keyword":null,"additional_keywords":null,"truseo_locale":null},"aioseo_breadcrumb":"<div class=\"aioseo-breadcrumbs\"><span class=\"aioseo-breadcrumb\">\n\t<a href=\"https:\/\/www.eldigitaldeasturias.com\/noticias\" title=\"Home\">Home<\/a>\n<\/span><span class=\"aioseo-breadcrumb-separator\">\u2013<\/span><span class=\"aioseo-breadcrumb\">\n\t<a href=\"https:\/\/www.eldigitaldeasturias.com\/noticias\/category\/actualidad\/\" title=\"Actualidad\">Actualidad<\/a>\n<\/span><span class=\"aioseo-breadcrumb-separator\">\u2013<\/span><span class=\"aioseo-breadcrumb\">\n\t<a href=\"https:\/\/www.eldigitaldeasturias.com\/noticias\/pp-y-psoe-caen-a-minimos-historicos\/\" title=\"PP y PSOE caen a m\u00ednimos historicos.\">PP y PSOE caen a m\u00ednimos historicos.<\/a>\n<\/span><\/div>","aioseo_breadcrumb_json":[{"label":"Home","link":"https:\/\/www.eldigitaldeasturias.com\/noticias"},{"label":"Actualidad","link":"https:\/\/www.eldigitaldeasturias.com\/noticias\/category\/actualidad\/"},{"label":"PP y PSOE caen a m\u00ednimos historicos.","link":"https:\/\/www.eldigitaldeasturias.com\/noticias\/pp-y-psoe-caen-a-minimos-historicos\/"}],"_links":{"self":[{"href":"https:\/\/www.eldigitaldeasturias.com\/noticias\/wp-json\/wp\/v2\/posts\/484346","targetHints":{"allow":["GET"]}}],"collection":[{"href":"https:\/\/www.eldigitaldeasturias.com\/noticias\/wp-json\/wp\/v2\/posts"}],"about":[{"href":"https:\/\/www.eldigitaldeasturias.com\/noticias\/wp-json\/wp\/v2\/types\/post"}],"author":[{"embeddable":true,"href":"https:\/\/www.eldigitaldeasturias.com\/noticias\/wp-json\/wp\/v2\/users\/1"}],"replies":[{"embeddable":true,"href":"https:\/\/www.eldigitaldeasturias.com\/noticias\/wp-json\/wp\/v2\/comments?post=484346"}],"version-history":[{"count":0,"href":"https:\/\/www.eldigitaldeasturias.com\/noticias\/wp-json\/wp\/v2\/posts\/484346\/revisions"}],"wp:attachment":[{"href":"https:\/\/www.eldigitaldeasturias.com\/noticias\/wp-json\/wp\/v2\/media?parent=484346"}],"wp:term":[{"taxonomy":"category","embeddable":true,"href":"https:\/\/www.eldigitaldeasturias.com\/noticias\/wp-json\/wp\/v2\/categories?post=484346"},{"taxonomy":"post_tag","embeddable":true,"href":"https:\/\/www.eldigitaldeasturias.com\/noticias\/wp-json\/wp\/v2\/tags?post=484346"}],"curies":[{"name":"wp","href":"https:\/\/api.w.org\/{rel}","templated":true}]}}