{"id":484340,"date":"2014-02-05T23:47:42","date_gmt":"2014-02-06T00:47:42","guid":{"rendered":"http:\/\/www.eldigitaldeasturias.com\/noticias\/?p=484340"},"modified":"2014-02-05T23:47:42","modified_gmt":"2014-02-06T00:47:42","slug":"sube-tension-entre-gobierno-argentino-y-sindicatos-ante-negociacion-salarial","status":"publish","type":"post","link":"https:\/\/www.eldigitaldeasturias.com\/noticias\/sube-tension-entre-gobierno-argentino-y-sindicatos-ante-negociacion-salarial\/","title":{"rendered":"Sube tensi\u00f3n entre Gobierno argentino y sindicatos ante negociaci\u00f3n salarial"},"content":{"rendered":"<p><img loading=\"lazy\" decoding=\"async\" class=\"alignleft size-medium wp-image-484341\" alt=\"5912690w\" src=\"https:\/\/www.eldigitaldeasturias.com\/noticias\/wp-content\/uploads\/2014\/02\/5912690w-360x233.jpg\" width=\"360\" height=\"233\" \/>Buenos Aires, 5 feb (EFE).- A pocas semanas del inicio de negociaciones salariales para 2014, sindicalistas oficialistas reiteraron hoy que la inflaci\u00f3n ha adelgazado los salarios en Argentina, mientras que el Gobierno defendi\u00f3 los avances de estas organizaciones debido a su gesti\u00f3n.<\/p>\n<p>\u00abMuchos actores sindicales deben reconocer que han tenido un crecimiento muy importante del n\u00famero de afiliados, precisamente porque la pol\u00edtica econ\u00f3mica permiti\u00f3 el crecimiento del sector\u00bb, dijo hoy en rueda de prensa el jefe de Gabinete argentino, Jorge Capitanich.<\/p>\n<p>Capitanich dijo que el proceso de industrializaci\u00f3n y la pol\u00edtica econ\u00f3mica llevada a cabo desde 2003 permiti\u00f3 \u00abaumentar la rentabilidad de los empresarios y los salarios de los trabajadores\u00bb.<\/p>\n<p>Sus declaraciones se suman a las realizadas anoche por la presidenta argentina, Cristina Fern\u00e1ndez, quien interpel\u00f3 al l\u00edder de la facci\u00f3n oficialista de la Confederaci\u00f3n General del Trabajo (CGT), Antonio Cal\u00f3, por haber dicho que los salarios no llegan para comer y puso en duda que haya trabajadores que mueran de hambre en Argentina.<\/p>\n<p>El l\u00edder de la Central de Trabajadores de la Argentina (CTA), m\u00e1s cercana al Gobierno, Hugo Yasky, respald\u00f3 hoy a Cal\u00f3 en declaraciones a una emisora de radio y admiti\u00f3 que hay trabajadores no registrados \u00abque tienen dificultades\u00bb para cumplir con sus necesidades b\u00e1sicas y cit\u00f3 como ejemplo a los docentes.<\/p>\n<p>Los profesores reclaman un sueldo m\u00ednimo de 5.500 pesos (685 d\u00f3lares), lo que significar\u00eda un aumento salarial del 61% para este a\u00f1o, y amenazan con declararse en huelga si el Gobierno no atiende a sus reivindicaciones antes del inicio de las clases a finales de este mes.<\/p>\n<p>Con sus cr\u00edticas, el sindicalismo oficialista se distancia del Gobierno y se acerca a los l\u00edderes gremiales opositores, como Luis Barrionuevo, quien cuestion\u00f3 hoy la permanencia de la presidenta Cristina Fern\u00e1ndez al frente de Argentina hasta el fin de su mandato, en 2015.<\/p>\n<p>\u00abSi tienen miedo de irse antes, es porque seguro se van a ir antes\u00bb, dijo Barrionuevo en Radio Mitre despu\u00e9s de que varios ministros kirchneristas asegurasen que Fern\u00e1ndez no dejar\u00e1 su cargo anticipadamente.<\/p>\n<p>Argentina cerr\u00f3 2013 con una inflaci\u00f3n del 10,9%, seg\u00fan datos oficiales, aunque estimaciones privadas la elevaron hasta el 28,3%, y prev\u00e9n que este a\u00f1o se acerque al 30%, cifra m\u00ednima que barajan los sindicatos en sus reivindicaciones de alza salarial para 2014.<\/p>\n<p>En las provincias, donde la situaci\u00f3n fiscal es d\u00e9bil, el antecedente m\u00e1s cercano son las subidas salariales de hasta el 50 por ciento concedidas a finales del pasado a\u00f1o a fuerzas de seguridad locales, en medio de huelgas policiales y violentos saqueos.<\/p>\n","protected":false},"excerpt":{"rendered":"<p>Buenos Aires, 5 feb (EFE).- A pocas semanas del inicio de negociaciones salariales para 2014, sindicalistas oficialistas reiteraron hoy que la inflaci\u00f3n ha adelgazado los salarios en Argentina, mientras que el Gobierno defendi\u00f3 los avances de estas organizaciones debido a su gesti\u00f3n. \u00abMuchos actores sindicales deben reconocer que han tenido un crecimiento muy importante del [&hellip;]<\/p>\n","protected":false},"author":1,"featured_media":484341,"comment_status":"closed","ping_status":"open","sticky":false,"template":"","format":"standard","meta":{"footnotes":""},"categories":[1],"tags":[],"class_list":["post-484340","post","type-post","status-publish","format-standard","has-post-thumbnail","hentry","category-actualidad"],"aioseo_notices":[],"aioseo_head":"\n\t\t<!-- All in One SEO Pro 5.0.1 - aioseo.com -->\n\t<meta name=\"description\" content=\"Buenos Aires, 5 feb (EFE).- A pocas semanas del inicio de negociaciones salariales para 2014, sindicalistas oficialistas reiteraron hoy que la inflaci\u00f3n ha adelgazado los salarios en Argentina, mientras que el Gobierno defendi\u00f3 los avances de estas organizaciones debido a su gesti\u00f3n. &quot;Muchos actores sindicales deben reconocer que han tenido un crecimiento muy importante del\" \/>\n\t<meta name=\"robots\" content=\"max-image-preview:large\" \/>\n\t<meta name=\"author\" content=\"El Digital de Asturias\"\/>\n\t<meta name=\"google-site-verification\" content=\"UA-38556648-1\" \/>\n\t<meta name=\"msvalidate.01\" content=\"7dfe9f3f1b24437ab69f4f2559babe99\" \/>\n\t<meta name=\"keywords\" content=\"actualidad\" \/>\n\t<link rel=\"canonical\" href=\"https:\/\/www.eldigitaldeasturias.com\/noticias\/sube-tension-entre-gobierno-argentino-y-sindicatos-ante-negociacion-salarial\/\" \/>\n\t<meta name=\"generator\" content=\"All in One SEO Pro (AIOSEO) 5.0.1\" \/>\n\t\t<meta property=\"og:locale\" content=\"es_ES\" \/>\n\t\t<meta property=\"og:site_name\" content=\"El Digital de Asturias\" \/>\n\t\t<meta property=\"og:type\" content=\"article\" \/>\n\t\t<meta property=\"og:title\" content=\"Sube tensi\u00f3n entre Gobierno argentino y sindicatos ante negociaci\u00f3n salarial - El Digital de Asturias\" \/>\n\t\t<meta property=\"og:description\" content=\"Buenos Aires, 5 feb (EFE).- A pocas semanas del inicio de negociaciones salariales para 2014, sindicalistas oficialistas reiteraron hoy que la inflaci\u00f3n ha adelgazado los salarios en Argentina, mientras que el Gobierno defendi\u00f3 los avances de estas organizaciones debido a su gesti\u00f3n. &quot;Muchos actores sindicales deben reconocer que han tenido un crecimiento muy importante del\" \/>\n\t\t<meta property=\"og:url\" content=\"https:\/\/www.eldigitaldeasturias.com\/noticias\/sube-tension-entre-gobierno-argentino-y-sindicatos-ante-negociacion-salarial\/\" \/>\n\t\t<meta property=\"article:tag\" content=\"actualidad\" \/>\n\t\t<meta property=\"article:published_time\" content=\"2014-02-06T00:47:42+00:00\" \/>\n\t\t<meta property=\"article:modified_time\" content=\"2014-02-06T00:47:42+00:00\" \/>\n\t\t<meta property=\"article:publisher\" content=\"https:\/\/facebook.com\/eldigitaldeasturias\" \/>\n\t\t<meta name=\"twitter:card\" content=\"summary_large_image\" \/>\n\t\t<meta name=\"twitter:title\" content=\"Sube tensi\u00f3n entre Gobierno argentino y sindicatos ante negociaci\u00f3n salarial - El Digital de Asturias\" \/>\n\t\t<meta name=\"twitter:description\" content=\"Buenos Aires, 5 feb (EFE).- A pocas semanas del inicio de negociaciones salariales para 2014, sindicalistas oficialistas reiteraron hoy que la inflaci\u00f3n ha adelgazado los salarios en Argentina, mientras que el Gobierno defendi\u00f3 los avances de estas organizaciones debido a su gesti\u00f3n. &quot;Muchos actores sindicales deben reconocer que han tenido un crecimiento muy importante del\" \/>\n\t\t<meta name=\"twitter:label1\" content=\"Escrito por\" \/>\n\t\t<meta name=\"twitter:data1\" content=\"El Digital de Asturias\" \/>\n\t\t<meta name=\"twitter:label2\" content=\"Tiempo de lectura estimado\" \/>\n\t\t<meta name=\"twitter:data2\" content=\"2 minutos\" \/>\n\t\t<script type=\"application\/ld+json\" class=\"aioseo-schema\">\n\t\t\t{\"@context\":\"https:\\\/\\\/schema.org\",\"@graph\":[{\"@type\":\"BlogPosting\",\"@id\":\"https:\\\/\\\/www.eldigitaldeasturias.com\\\/noticias\\\/sube-tension-entre-gobierno-argentino-y-sindicatos-ante-negociacion-salarial\\\/#blogposting\",\"name\":\"Sube tensi\\u00f3n entre Gobierno argentino y sindicatos ante negociaci\\u00f3n salarial - El Digital de Asturias\",\"headline\":\"Sube tensi\\u00f3n entre Gobierno argentino y sindicatos ante negociaci\\u00f3n salarial\",\"author\":{\"@id\":\"https:\\\/\\\/www.eldigitaldeasturias.com\\\/noticias\\\/author\\\/admin\\\/#author\"},\"publisher\":{\"@id\":\"https:\\\/\\\/www.eldigitaldeasturias.com\\\/noticias\\\/#organization\"},\"image\":{\"@type\":\"ImageObject\",\"url\":484341},\"datePublished\":\"2014-02-05T23:47:42+01:00\",\"dateModified\":\"2014-02-05T23:47:42+01:00\",\"inLanguage\":\"es-ES\",\"mainEntityOfPage\":{\"@id\":\"https:\\\/\\\/www.eldigitaldeasturias.com\\\/noticias\\\/sube-tension-entre-gobierno-argentino-y-sindicatos-ante-negociacion-salarial\\\/#webpage\"},\"isPartOf\":{\"@id\":\"https:\\\/\\\/www.eldigitaldeasturias.com\\\/noticias\\\/sube-tension-entre-gobierno-argentino-y-sindicatos-ante-negociacion-salarial\\\/#webpage\"},\"articleSection\":\"Actualidad\"},{\"@type\":\"BreadcrumbList\",\"@id\":\"https:\\\/\\\/www.eldigitaldeasturias.com\\\/noticias\\\/sube-tension-entre-gobierno-argentino-y-sindicatos-ante-negociacion-salarial\\\/#breadcrumblist\",\"itemListElement\":[{\"@type\":\"ListItem\",\"@id\":\"https:\\\/\\\/www.eldigitaldeasturias.com\\\/noticias#listItem\",\"position\":1,\"name\":\"Home\",\"item\":\"https:\\\/\\\/www.eldigitaldeasturias.com\\\/noticias\",\"nextItem\":{\"@type\":\"ListItem\",\"@id\":\"https:\\\/\\\/www.eldigitaldeasturias.com\\\/noticias\\\/category\\\/actualidad\\\/#listItem\",\"name\":\"Actualidad\"}},{\"@type\":\"ListItem\",\"@id\":\"https:\\\/\\\/www.eldigitaldeasturias.com\\\/noticias\\\/category\\\/actualidad\\\/#listItem\",\"position\":2,\"name\":\"Actualidad\",\"item\":\"https:\\\/\\\/www.eldigitaldeasturias.com\\\/noticias\\\/category\\\/actualidad\\\/\",\"nextItem\":{\"@type\":\"ListItem\",\"@id\":\"https:\\\/\\\/www.eldigitaldeasturias.com\\\/noticias\\\/sube-tension-entre-gobierno-argentino-y-sindicatos-ante-negociacion-salarial\\\/#listItem\",\"name\":\"Sube tensi\\u00f3n entre Gobierno argentino y sindicatos ante negociaci\\u00f3n salarial\"},\"previousItem\":{\"@type\":\"ListItem\",\"@id\":\"https:\\\/\\\/www.eldigitaldeasturias.com\\\/noticias#listItem\",\"name\":\"Home\"}},{\"@type\":\"ListItem\",\"@id\":\"https:\\\/\\\/www.eldigitaldeasturias.com\\\/noticias\\\/sube-tension-entre-gobierno-argentino-y-sindicatos-ante-negociacion-salarial\\\/#listItem\",\"position\":3,\"name\":\"Sube tensi\\u00f3n entre Gobierno argentino y sindicatos ante negociaci\\u00f3n salarial\",\"previousItem\":{\"@type\":\"ListItem\",\"@id\":\"https:\\\/\\\/www.eldigitaldeasturias.com\\\/noticias\\\/category\\\/actualidad\\\/#listItem\",\"name\":\"Actualidad\"}}]},{\"@type\":\"Organization\",\"@id\":\"https:\\\/\\\/www.eldigitaldeasturias.com\\\/noticias\\\/#organization\",\"name\":\"El Digital de Asturias\",\"description\":\"Hemeroteca\",\"url\":\"https:\\\/\\\/www.eldigitaldeasturias.com\\\/noticias\\\/\",\"email\":\"info@eldigitaldeasturias.com\",\"telephone\":\"+34652131393\",\"logo\":{\"@type\":\"ImageObject\",\"url\":\"https:\\\/\\\/www.eldigitaldeasturias.com\\\/noticias\\\/wp-content\\\/uploads\\\/2020\\\/12\\\/EDA.jpg\",\"@id\":\"https:\\\/\\\/www.eldigitaldeasturias.com\\\/noticias\\\/sube-tension-entre-gobierno-argentino-y-sindicatos-ante-negociacion-salarial\\\/#organizationLogo\"},\"image\":{\"@id\":\"https:\\\/\\\/www.eldigitaldeasturias.com\\\/noticias\\\/sube-tension-entre-gobierno-argentino-y-sindicatos-ante-negociacion-salarial\\\/#organizationLogo\"},\"sameAs\":[\"https:\\\/\\\/facebook.com\\\/eldigitaldeasturias\",\"https:\\\/\\\/www.youtube.com\\\/channel\\\/UCZP-2wLEB9Rv6erhFmqVnvg\"],\"address\":{\"@id\":\"https:\\\/\\\/www.eldigitaldeasturias.com\\\/noticias\\\/#postaladdress\",\"@type\":\"PostalAddress\",\"streetAddress\":\"san antonio 4\",\"postalCode\":\"33430\",\"addressLocality\":\"Cand\\u00e1s\",\"addressRegion\":\"Asturias\",\"addressCountry\":\"ES\"}},{\"@type\":\"Person\",\"@id\":\"https:\\\/\\\/www.eldigitaldeasturias.com\\\/noticias\\\/author\\\/admin\\\/#author\",\"url\":\"https:\\\/\\\/www.eldigitaldeasturias.com\\\/noticias\\\/author\\\/admin\\\/\",\"name\":\"El Digital de Asturias\",\"image\":{\"@type\":\"ImageObject\",\"@id\":\"https:\\\/\\\/www.eldigitaldeasturias.com\\\/noticias\\\/sube-tension-entre-gobierno-argentino-y-sindicatos-ante-negociacion-salarial\\\/#authorImage\",\"url\":\"https:\\\/\\\/secure.gravatar.com\\\/avatar\\\/df2aeffc32bcd13f8d26072ef8a91b623d677766deac7f97ca815868cd41bf5e?s=96&d=mm&r=g\",\"width\":96,\"height\":96,\"caption\":\"El Digital de Asturias\"}},{\"@type\":\"WebPage\",\"@id\":\"https:\\\/\\\/www.eldigitaldeasturias.com\\\/noticias\\\/sube-tension-entre-gobierno-argentino-y-sindicatos-ante-negociacion-salarial\\\/#webpage\",\"url\":\"https:\\\/\\\/www.eldigitaldeasturias.com\\\/noticias\\\/sube-tension-entre-gobierno-argentino-y-sindicatos-ante-negociacion-salarial\\\/\",\"name\":\"Sube tensi\\u00f3n entre Gobierno argentino y sindicatos ante negociaci\\u00f3n salarial - El Digital de Asturias\",\"description\":\"Buenos Aires, 5 feb (EFE).- A pocas semanas del inicio de negociaciones salariales para 2014, sindicalistas oficialistas reiteraron hoy que la inflaci\\u00f3n ha adelgazado los salarios en Argentina, mientras que el Gobierno defendi\\u00f3 los avances de estas organizaciones debido a su gesti\\u00f3n. \\\"Muchos actores sindicales deben reconocer que han tenido un crecimiento muy importante del\",\"inLanguage\":\"es-ES\",\"isPartOf\":{\"@id\":\"https:\\\/\\\/www.eldigitaldeasturias.com\\\/noticias\\\/#website\"},\"breadcrumb\":{\"@id\":\"https:\\\/\\\/www.eldigitaldeasturias.com\\\/noticias\\\/sube-tension-entre-gobierno-argentino-y-sindicatos-ante-negociacion-salarial\\\/#breadcrumblist\"},\"author\":{\"@id\":\"https:\\\/\\\/www.eldigitaldeasturias.com\\\/noticias\\\/author\\\/admin\\\/#author\"},\"creator\":{\"@id\":\"https:\\\/\\\/www.eldigitaldeasturias.com\\\/noticias\\\/author\\\/admin\\\/#author\"},\"image\":{\"@type\":\"ImageObject\",\"url\":484341,\"@id\":\"https:\\\/\\\/www.eldigitaldeasturias.com\\\/noticias\\\/sube-tension-entre-gobierno-argentino-y-sindicatos-ante-negociacion-salarial\\\/#mainImage\"},\"primaryImageOfPage\":{\"@id\":\"https:\\\/\\\/www.eldigitaldeasturias.com\\\/noticias\\\/sube-tension-entre-gobierno-argentino-y-sindicatos-ante-negociacion-salarial\\\/#mainImage\"},\"datePublished\":\"2014-02-05T23:47:42+01:00\",\"dateModified\":\"2014-02-05T23:47:42+01:00\"},{\"@type\":\"WebSite\",\"@id\":\"https:\\\/\\\/www.eldigitaldeasturias.com\\\/noticias\\\/#website\",\"url\":\"https:\\\/\\\/www.eldigitaldeasturias.com\\\/noticias\\\/\",\"name\":\"El Digital de Asturias - Diario de actualidad y noticias\",\"alternateName\":\"El Digital de Asturias - Diario de actualidad y noticias\",\"description\":\"Hemeroteca\",\"inLanguage\":\"es-ES\",\"publisher\":{\"@id\":\"https:\\\/\\\/www.eldigitaldeasturias.com\\\/noticias\\\/#organization\"}}]}\n\t\t<\/script>\n\t\t<!-- All in One SEO Pro -->\r\n\t\t<title>Sube tensi\u00f3n entre Gobierno argentino y sindicatos ante negociaci\u00f3n salarial - El Digital de Asturias<\/title>\n\n","aioseo_head_json":{"title":"Sube tensi\u00f3n entre Gobierno argentino y sindicatos ante negociaci\u00f3n salarial - El Digital de Asturias","description":"Buenos Aires, 5 feb (EFE).- A pocas semanas del inicio de negociaciones salariales para 2014, sindicalistas oficialistas reiteraron hoy que la inflaci\u00f3n ha adelgazado los salarios en Argentina, mientras que el Gobierno defendi\u00f3 los avances de estas organizaciones debido a su gesti\u00f3n. \"Muchos actores sindicales deben reconocer que han tenido un crecimiento muy importante del","canonical_url":"https:\/\/www.eldigitaldeasturias.com\/noticias\/sube-tension-entre-gobierno-argentino-y-sindicatos-ante-negociacion-salarial\/","robots":"max-image-preview:large","keywords":"actualidad","webmasterTools":{"google-site-verification":"UA-38556648-1","msvalidate.01":"7dfe9f3f1b24437ab69f4f2559babe99","miscellaneous":""},"schema":{"@context":"https:\/\/schema.org","@graph":[{"@type":"BlogPosting","@id":"https:\/\/www.eldigitaldeasturias.com\/noticias\/sube-tension-entre-gobierno-argentino-y-sindicatos-ante-negociacion-salarial\/#blogposting","name":"Sube tensi\u00f3n entre Gobierno argentino y sindicatos ante negociaci\u00f3n salarial - El Digital de Asturias","headline":"Sube tensi\u00f3n entre Gobierno argentino y sindicatos ante negociaci\u00f3n salarial","author":{"@id":"https:\/\/www.eldigitaldeasturias.com\/noticias\/author\/admin\/#author"},"publisher":{"@id":"https:\/\/www.eldigitaldeasturias.com\/noticias\/#organization"},"image":{"@type":"ImageObject","url":484341},"datePublished":"2014-02-05T23:47:42+01:00","dateModified":"2014-02-05T23:47:42+01:00","inLanguage":"es-ES","mainEntityOfPage":{"@id":"https:\/\/www.eldigitaldeasturias.com\/noticias\/sube-tension-entre-gobierno-argentino-y-sindicatos-ante-negociacion-salarial\/#webpage"},"isPartOf":{"@id":"https:\/\/www.eldigitaldeasturias.com\/noticias\/sube-tension-entre-gobierno-argentino-y-sindicatos-ante-negociacion-salarial\/#webpage"},"articleSection":"Actualidad"},{"@type":"BreadcrumbList","@id":"https:\/\/www.eldigitaldeasturias.com\/noticias\/sube-tension-entre-gobierno-argentino-y-sindicatos-ante-negociacion-salarial\/#breadcrumblist","itemListElement":[{"@type":"ListItem","@id":"https:\/\/www.eldigitaldeasturias.com\/noticias#listItem","position":1,"name":"Home","item":"https:\/\/www.eldigitaldeasturias.com\/noticias","nextItem":{"@type":"ListItem","@id":"https:\/\/www.eldigitaldeasturias.com\/noticias\/category\/actualidad\/#listItem","name":"Actualidad"}},{"@type":"ListItem","@id":"https:\/\/www.eldigitaldeasturias.com\/noticias\/category\/actualidad\/#listItem","position":2,"name":"Actualidad","item":"https:\/\/www.eldigitaldeasturias.com\/noticias\/category\/actualidad\/","nextItem":{"@type":"ListItem","@id":"https:\/\/www.eldigitaldeasturias.com\/noticias\/sube-tension-entre-gobierno-argentino-y-sindicatos-ante-negociacion-salarial\/#listItem","name":"Sube tensi\u00f3n entre Gobierno argentino y sindicatos ante negociaci\u00f3n salarial"},"previousItem":{"@type":"ListItem","@id":"https:\/\/www.eldigitaldeasturias.com\/noticias#listItem","name":"Home"}},{"@type":"ListItem","@id":"https:\/\/www.eldigitaldeasturias.com\/noticias\/sube-tension-entre-gobierno-argentino-y-sindicatos-ante-negociacion-salarial\/#listItem","position":3,"name":"Sube tensi\u00f3n entre Gobierno argentino y sindicatos ante negociaci\u00f3n salarial","previousItem":{"@type":"ListItem","@id":"https:\/\/www.eldigitaldeasturias.com\/noticias\/category\/actualidad\/#listItem","name":"Actualidad"}}]},{"@type":"Organization","@id":"https:\/\/www.eldigitaldeasturias.com\/noticias\/#organization","name":"El Digital de Asturias","description":"Hemeroteca","url":"https:\/\/www.eldigitaldeasturias.com\/noticias\/","email":"info@eldigitaldeasturias.com","telephone":"+34652131393","logo":{"@type":"ImageObject","url":"https:\/\/www.eldigitaldeasturias.com\/noticias\/wp-content\/uploads\/2020\/12\/EDA.jpg","@id":"https:\/\/www.eldigitaldeasturias.com\/noticias\/sube-tension-entre-gobierno-argentino-y-sindicatos-ante-negociacion-salarial\/#organizationLogo"},"image":{"@id":"https:\/\/www.eldigitaldeasturias.com\/noticias\/sube-tension-entre-gobierno-argentino-y-sindicatos-ante-negociacion-salarial\/#organizationLogo"},"sameAs":["https:\/\/facebook.com\/eldigitaldeasturias","https:\/\/www.youtube.com\/channel\/UCZP-2wLEB9Rv6erhFmqVnvg"],"address":{"@id":"https:\/\/www.eldigitaldeasturias.com\/noticias\/#postaladdress","@type":"PostalAddress","streetAddress":"san antonio 4","postalCode":"33430","addressLocality":"Cand\u00e1s","addressRegion":"Asturias","addressCountry":"ES"}},{"@type":"Person","@id":"https:\/\/www.eldigitaldeasturias.com\/noticias\/author\/admin\/#author","url":"https:\/\/www.eldigitaldeasturias.com\/noticias\/author\/admin\/","name":"El Digital de Asturias","image":{"@type":"ImageObject","@id":"https:\/\/www.eldigitaldeasturias.com\/noticias\/sube-tension-entre-gobierno-argentino-y-sindicatos-ante-negociacion-salarial\/#authorImage","url":"https:\/\/secure.gravatar.com\/avatar\/df2aeffc32bcd13f8d26072ef8a91b623d677766deac7f97ca815868cd41bf5e?s=96&d=mm&r=g","width":96,"height":96,"caption":"El Digital de Asturias"}},{"@type":"WebPage","@id":"https:\/\/www.eldigitaldeasturias.com\/noticias\/sube-tension-entre-gobierno-argentino-y-sindicatos-ante-negociacion-salarial\/#webpage","url":"https:\/\/www.eldigitaldeasturias.com\/noticias\/sube-tension-entre-gobierno-argentino-y-sindicatos-ante-negociacion-salarial\/","name":"Sube tensi\u00f3n entre Gobierno argentino y sindicatos ante negociaci\u00f3n salarial - El Digital de Asturias","description":"Buenos Aires, 5 feb (EFE).- A pocas semanas del inicio de negociaciones salariales para 2014, sindicalistas oficialistas reiteraron hoy que la inflaci\u00f3n ha adelgazado los salarios en Argentina, mientras que el Gobierno defendi\u00f3 los avances de estas organizaciones debido a su gesti\u00f3n. \"Muchos actores sindicales deben reconocer que han tenido un crecimiento muy importante del","inLanguage":"es-ES","isPartOf":{"@id":"https:\/\/www.eldigitaldeasturias.com\/noticias\/#website"},"breadcrumb":{"@id":"https:\/\/www.eldigitaldeasturias.com\/noticias\/sube-tension-entre-gobierno-argentino-y-sindicatos-ante-negociacion-salarial\/#breadcrumblist"},"author":{"@id":"https:\/\/www.eldigitaldeasturias.com\/noticias\/author\/admin\/#author"},"creator":{"@id":"https:\/\/www.eldigitaldeasturias.com\/noticias\/author\/admin\/#author"},"image":{"@type":"ImageObject","url":484341,"@id":"https:\/\/www.eldigitaldeasturias.com\/noticias\/sube-tension-entre-gobierno-argentino-y-sindicatos-ante-negociacion-salarial\/#mainImage"},"primaryImageOfPage":{"@id":"https:\/\/www.eldigitaldeasturias.com\/noticias\/sube-tension-entre-gobierno-argentino-y-sindicatos-ante-negociacion-salarial\/#mainImage"},"datePublished":"2014-02-05T23:47:42+01:00","dateModified":"2014-02-05T23:47:42+01:00"},{"@type":"WebSite","@id":"https:\/\/www.eldigitaldeasturias.com\/noticias\/#website","url":"https:\/\/www.eldigitaldeasturias.com\/noticias\/","name":"El Digital de Asturias - Diario de actualidad y noticias","alternateName":"El Digital de Asturias - Diario de actualidad y noticias","description":"Hemeroteca","inLanguage":"es-ES","publisher":{"@id":"https:\/\/www.eldigitaldeasturias.com\/noticias\/#organization"}}]},"og:locale":"es_ES","og:site_name":"El Digital de Asturias","og:type":"article","og:title":"Sube tensi\u00f3n entre Gobierno argentino y sindicatos ante negociaci\u00f3n salarial - El Digital de Asturias","og:description":"Buenos Aires, 5 feb (EFE).- A pocas semanas del inicio de negociaciones salariales para 2014, sindicalistas oficialistas reiteraron hoy que la inflaci\u00f3n ha adelgazado los salarios en Argentina, mientras que el Gobierno defendi\u00f3 los avances de estas organizaciones debido a su gesti\u00f3n. &quot;Muchos actores sindicales deben reconocer que han tenido un crecimiento muy importante del","og:url":"https:\/\/www.eldigitaldeasturias.com\/noticias\/sube-tension-entre-gobierno-argentino-y-sindicatos-ante-negociacion-salarial\/","article:tag":["actualidad"],"article:published_time":"2014-02-06T00:47:42+00:00","article:modified_time":"2014-02-06T00:47:42+00:00","article:publisher":"https:\/\/facebook.com\/eldigitaldeasturias","twitter:card":"summary_large_image","twitter:title":"Sube tensi\u00f3n entre Gobierno argentino y sindicatos ante negociaci\u00f3n salarial - El Digital de Asturias","twitter:description":"Buenos Aires, 5 feb (EFE).- A pocas semanas del inicio de negociaciones salariales para 2014, sindicalistas oficialistas reiteraron hoy que la inflaci\u00f3n ha adelgazado los salarios en Argentina, mientras que el Gobierno defendi\u00f3 los avances de estas organizaciones debido a su gesti\u00f3n. &quot;Muchos actores sindicales deben reconocer que han tenido un crecimiento muy importante del","twitter:label1":"Escrito por","twitter:data1":"El Digital de Asturias","twitter:label2":"Tiempo de lectura estimado","twitter:data2":"2 minutos"},"aioseo_meta_data":{"post_id":"484340","title":null,"description":null,"keywords":null,"keyphrases":null,"primary_term":null,"canonical_url":null,"og_title":null,"og_description":null,"og_object_type":"default","og_image_type":"default","og_image_url":null,"og_image_width":null,"og_image_height":null,"og_image_custom_url":null,"og_image_custom_fields":null,"og_video":null,"og_custom_url":null,"og_article_section":null,"og_article_tags":null,"twitter_use_og":true,"twitter_card":"default","twitter_image_type":"default","twitter_image_url":null,"twitter_image_custom_url":null,"twitter_image_custom_fields":null,"twitter_title":null,"twitter_description":null,"schema":{"blockGraphs":[],"customGraphs":[],"default":{"data":{"Article":[],"Course":[],"Dataset":[],"FAQPage":[],"Movie":[],"Person":[],"Product":[],"ProductReview":[],"Car":[],"Recipe":[],"Service":[],"SoftwareApplication":[],"WebPage":[]},"graphName":"","isEnabled":true},"graphs":[],"defaultGraph":"","defaultPostTypeGraph":""},"schema_type":null,"schema_type_options":null,"pillar_content":false,"robots_default":true,"robots_noindex":false,"robots_noarchive":false,"robots_nosnippet":false,"robots_nofollow":false,"robots_noimageindex":false,"robots_noodp":false,"robots_notranslate":false,"robots_max_snippet":null,"robots_max_videopreview":null,"robots_max_imagepreview":"none","priority":null,"frequency":null,"local_seo":null,"seo_analyzer_scan_date":"2026-06-02 15:34:36","breadcrumb_settings":null,"limit_modified_date":false,"open_ai":null,"ai":null,"created":"2020-11-14 22:55:04","updated":"2026-06-02 15:34:36","focus_keyword":null,"additional_keywords":null,"truseo_locale":null},"aioseo_breadcrumb":"<div class=\"aioseo-breadcrumbs\"><span class=\"aioseo-breadcrumb\">\n\t<a href=\"https:\/\/www.eldigitaldeasturias.com\/noticias\" title=\"Home\">Home<\/a>\n<\/span><span class=\"aioseo-breadcrumb-separator\">\u2013<\/span><span class=\"aioseo-breadcrumb\">\n\t<a href=\"https:\/\/www.eldigitaldeasturias.com\/noticias\/category\/actualidad\/\" title=\"Actualidad\">Actualidad<\/a>\n<\/span><span class=\"aioseo-breadcrumb-separator\">\u2013<\/span><span class=\"aioseo-breadcrumb\">\n\t<a href=\"https:\/\/www.eldigitaldeasturias.com\/noticias\/sube-tension-entre-gobierno-argentino-y-sindicatos-ante-negociacion-salarial\/\" title=\"Sube tensi\u00f3n entre Gobierno argentino y sindicatos ante negociaci\u00f3n salarial\">Sube tensi\u00f3n entre Gobierno argentino y sindicatos ante negociaci\u00f3n salarial<\/a>\n<\/span><\/div>","aioseo_breadcrumb_json":[{"label":"Home","link":"https:\/\/www.eldigitaldeasturias.com\/noticias"},{"label":"Actualidad","link":"https:\/\/www.eldigitaldeasturias.com\/noticias\/category\/actualidad\/"},{"label":"Sube tensi\u00f3n entre Gobierno argentino y sindicatos ante negociaci\u00f3n salarial","link":"https:\/\/www.eldigitaldeasturias.com\/noticias\/sube-tension-entre-gobierno-argentino-y-sindicatos-ante-negociacion-salarial\/"}],"_links":{"self":[{"href":"https:\/\/www.eldigitaldeasturias.com\/noticias\/wp-json\/wp\/v2\/posts\/484340","targetHints":{"allow":["GET"]}}],"collection":[{"href":"https:\/\/www.eldigitaldeasturias.com\/noticias\/wp-json\/wp\/v2\/posts"}],"about":[{"href":"https:\/\/www.eldigitaldeasturias.com\/noticias\/wp-json\/wp\/v2\/types\/post"}],"author":[{"embeddable":true,"href":"https:\/\/www.eldigitaldeasturias.com\/noticias\/wp-json\/wp\/v2\/users\/1"}],"replies":[{"embeddable":true,"href":"https:\/\/www.eldigitaldeasturias.com\/noticias\/wp-json\/wp\/v2\/comments?post=484340"}],"version-history":[{"count":0,"href":"https:\/\/www.eldigitaldeasturias.com\/noticias\/wp-json\/wp\/v2\/posts\/484340\/revisions"}],"wp:attachment":[{"href":"https:\/\/www.eldigitaldeasturias.com\/noticias\/wp-json\/wp\/v2\/media?parent=484340"}],"wp:term":[{"taxonomy":"category","embeddable":true,"href":"https:\/\/www.eldigitaldeasturias.com\/noticias\/wp-json\/wp\/v2\/categories?post=484340"},{"taxonomy":"post_tag","embeddable":true,"href":"https:\/\/www.eldigitaldeasturias.com\/noticias\/wp-json\/wp\/v2\/tags?post=484340"}],"curies":[{"name":"wp","href":"https:\/\/api.w.org\/{rel}","templated":true}]}}