{"id":484337,"date":"2014-02-05T23:46:48","date_gmt":"2014-02-06T00:46:48","guid":{"rendered":"http:\/\/www.eldigitaldeasturias.com\/noticias\/?p=484337"},"modified":"2014-02-05T23:46:48","modified_gmt":"2014-02-06T00:46:48","slug":"villar-inaugura-en-madrid-el-vi-simposio-medico-de-la-uefa","status":"publish","type":"post","link":"https:\/\/www.eldigitaldeasturias.com\/noticias\/villar-inaugura-en-madrid-el-vi-simposio-medico-de-la-uefa\/","title":{"rendered":"Villar inaugura en Madrid el VI Simposio M\u00e9dico de la UEFA"},"content":{"rendered":"<p><img loading=\"lazy\" decoding=\"async\" class=\"alignleft size-medium wp-image-484338\" alt=\"5912708w\" src=\"https:\/\/www.eldigitaldeasturias.com\/noticias\/wp-content\/uploads\/2014\/02\/5912708w-360x247.jpg\" width=\"360\" height=\"247\" \/>Madrid, 5 feb (EFE).- \u00c1ngel Mar\u00eda Villar, presidente de la Real Federaci\u00f3n Espa\u00f1ola de F\u00fatbol (RFEF), inaugur\u00f3 hoy el VI Simposio M\u00e9dico de la UEFA, denominado &#8216;Evoluci\u00f3n&#8217;, en el que durante tres d\u00edas los mayores expertos europeos en la materia van a compartir conocimientos para \u00abun mejor desarrollo m\u00e9dico de los deportistas\u00bb.<\/p>\n<p>\u00abLa medicina del deporte ha evolucionado mucho y en esta instituci\u00f3n ha evolucionado porque hay gente que se ha interesado, principalmente Michel Platini (presidente de la UEFA) y Michel D&#8217;Hooghe (presidente de la Comisi\u00f3n M\u00e9dica de la UEFA). Gracias a ellos, entre otros, se ha visto un cambio radical al respecto los \u00faltimos a\u00f1os\u00bb, dijo Villar, que record\u00f3 su pasado como futbolista profesional en el Athletic de Bilbao.<\/p>\n<p>\u00abHe jugado doce a\u00f1os en un club donde no hab\u00eda m\u00e9dico, solo un traumat\u00f3logo, pero no contratado. La medicina deportiva ha evolucionado para bien. Cuando me eligieron presidente de la RFEF hace veintid\u00f3s a\u00f1os me empec\u00e9 a interesar por estos temas y vi que ten\u00eda que evolucionar porque ocupa un rol importante\u00bb, expuso.<\/p>\n<p>Durante su intervenci\u00f3n, Villar record\u00f3 al recientemente fallecido Luis Aragon\u00e9s, exseleccionador nacional entre 2004 y 2008.<\/p>\n<p>\u00abLuis se preocupaba much\u00edsimo de la medicina deportiva aplicada al f\u00fatbol y esto es un homenaje. Era un entrenador que se daba cuenta de la importancia que ten\u00eda la medicina deportiva en el rendimiento del jugador\u00bb, confes\u00f3.<\/p>\n<p>En la inauguraci\u00f3n del Simposio tambi\u00e9n estuvo el presidente de la Comisi\u00f3n M\u00e9dica de la UEFA, el belga Michel D&#8217;Hooghe, que resalt\u00f3 el \u00abesp\u00edritu de esta cita por proteger la salud y el estado f\u00edsico de todos los futbolistas\u00bb.<\/p>\n<p>\u00abNos reunimos como m\u00e9dicos del mundo del f\u00fatbol a nivel principal. Queremos ampliar los conocimientos en nuestra lucha tambi\u00e9n contra el dopaje. La evoluci\u00f3n va a ser la clave, el saber de d\u00f3nde venimos, pero sobre todo hacia d\u00f3nde la tecnolog\u00eda nos va a llevar al futuro\u00bb, coment\u00f3.<\/p>\n<p>\u00abEste Simposio celebra el papel clave que la medicina del f\u00fatbol desempe\u00f1a en el deporte. La UEFA ha mejorado mucho en el apoyo m\u00e9dico y en la concienciaci\u00f3n para la familia del f\u00fatbol europeo, y un ejemplo de eso es la aplicaci\u00f3n de los requisitos m\u00ednimos\u00bb, manifest\u00f3 D&#8217;Hooghe, que tambi\u00e9n tuvo un recuerdo para Luis Aragon\u00e9s.<\/p>\n<p>\u00abQuisiera recordar a Luis, porque le va a echar mucho de menos todo el mundo del f\u00fatbol y siempre ser\u00e1 recordado como uno de los mejores entrenadores espa\u00f1oles\u00bb, finaliz\u00f3.<\/p>\n<p>Marc Vouillamoz, jefe de la Unidad M\u00e9dica y Antidopaje de la UEFA desde 2005, mostr\u00f3 su satisfacci\u00f3n por el alto poder de convocatoria que ha tenido el Simposio que, a su juicio, demuestra \u00abel gran inter\u00e9s para escuchar y ampliar conocimientos\u00bb de los m\u00e9dicos europeos.<\/p>\n<p>\u00abLos m\u00e9dicos desempe\u00f1an un papel clave en el \u00e9xito de los clubes y los estudios de lesiones demuestran que los equipos que ganan son los que cuentan con un mayor n\u00famero de jugadores en forma para trabajar sobre el terreno. Nuestro estudio de lesiones lo demuestra de forma clara y por eso es importante el apoyo m\u00e9dico\u00bb, apunt\u00f3.<\/p>\n<p>\u00abLa ciencia del deporte va a seguir innovando porque su papel es orientar los progresos pero teniendo en cuenta la \u00e9tica del deporte para proteger el juego. Es sumamente importante que los m\u00e9dicos sigan dando prioridad a la integridad fisiol\u00f3gica y al bienestar psicol\u00f3gico del jugador por encima de todo\u00bb, confes\u00f3.<\/p>\n<p>La doctora Helena Herrera, jefa de los servicios m\u00e9dicos de la RFEF desde 2012, calific\u00f3 el Simposio que se celebra en el hotel Meli\u00e1 Castilla de \u00abfundamental para el desarrollo de la medicina en el f\u00fatbol\u00bb y asegur\u00f3 que ha sido \u00abun verdadero reto organizarlo\u00bb.<\/p>\n","protected":false},"excerpt":{"rendered":"<p>Madrid, 5 feb (EFE).- \u00c1ngel Mar\u00eda Villar, presidente de la Real Federaci\u00f3n Espa\u00f1ola de F\u00fatbol (RFEF), inaugur\u00f3 hoy el VI Simposio M\u00e9dico de la UEFA, denominado &#8216;Evoluci\u00f3n&#8217;, en el que durante tres d\u00edas los mayores expertos europeos en la materia van a compartir conocimientos para \u00abun mejor desarrollo m\u00e9dico de los deportistas\u00bb. \u00abLa medicina del [&hellip;]<\/p>\n","protected":false},"author":1,"featured_media":484338,"comment_status":"closed","ping_status":"open","sticky":false,"template":"","format":"standard","meta":{"footnotes":""},"categories":[1],"tags":[],"class_list":["post-484337","post","type-post","status-publish","format-standard","has-post-thumbnail","hentry","category-actualidad"],"aioseo_notices":[],"aioseo_head":"\n\t\t<!-- All in One SEO Pro 5.0.1 - aioseo.com -->\n\t<meta name=\"description\" content=\"Madrid, 5 feb (EFE).- \u00c1ngel Mar\u00eda Villar, presidente de la Real Federaci\u00f3n Espa\u00f1ola de F\u00fatbol (RFEF), inaugur\u00f3 hoy el VI Simposio M\u00e9dico de la UEFA, denominado &#039;Evoluci\u00f3n&#039;, en el que durante tres d\u00edas los mayores expertos europeos en la materia van a compartir conocimientos para &quot;un mejor desarrollo m\u00e9dico de los deportistas&quot;. &quot;La medicina del\" \/>\n\t<meta name=\"robots\" content=\"max-image-preview:large\" \/>\n\t<meta name=\"author\" content=\"El Digital de Asturias\"\/>\n\t<meta name=\"google-site-verification\" content=\"UA-38556648-1\" \/>\n\t<meta name=\"msvalidate.01\" content=\"7dfe9f3f1b24437ab69f4f2559babe99\" \/>\n\t<meta name=\"keywords\" content=\"actualidad\" \/>\n\t<link rel=\"canonical\" href=\"https:\/\/www.eldigitaldeasturias.com\/noticias\/villar-inaugura-en-madrid-el-vi-simposio-medico-de-la-uefa\/\" \/>\n\t<meta name=\"generator\" content=\"All in One SEO Pro (AIOSEO) 5.0.1\" \/>\n\t\t<meta property=\"og:locale\" content=\"es_ES\" \/>\n\t\t<meta property=\"og:site_name\" content=\"El Digital de Asturias\" \/>\n\t\t<meta property=\"og:type\" content=\"article\" \/>\n\t\t<meta property=\"og:title\" content=\"Villar inaugura en Madrid el VI Simposio M\u00e9dico de la UEFA - El Digital de Asturias\" \/>\n\t\t<meta property=\"og:description\" content=\"Madrid, 5 feb (EFE).- \u00c1ngel Mar\u00eda Villar, presidente de la Real Federaci\u00f3n Espa\u00f1ola de F\u00fatbol (RFEF), inaugur\u00f3 hoy el VI Simposio M\u00e9dico de la UEFA, denominado &#039;Evoluci\u00f3n&#039;, en el que durante tres d\u00edas los mayores expertos europeos en la materia van a compartir conocimientos para &quot;un mejor desarrollo m\u00e9dico de los deportistas&quot;. &quot;La medicina del\" \/>\n\t\t<meta property=\"og:url\" content=\"https:\/\/www.eldigitaldeasturias.com\/noticias\/villar-inaugura-en-madrid-el-vi-simposio-medico-de-la-uefa\/\" \/>\n\t\t<meta property=\"article:tag\" content=\"actualidad\" \/>\n\t\t<meta property=\"article:published_time\" content=\"2014-02-06T00:46:48+00:00\" \/>\n\t\t<meta property=\"article:modified_time\" content=\"2014-02-06T00:46:48+00:00\" \/>\n\t\t<meta property=\"article:publisher\" content=\"https:\/\/facebook.com\/eldigitaldeasturias\" \/>\n\t\t<meta name=\"twitter:card\" content=\"summary_large_image\" \/>\n\t\t<meta name=\"twitter:title\" content=\"Villar inaugura en Madrid el VI Simposio M\u00e9dico de la UEFA - El Digital de Asturias\" \/>\n\t\t<meta name=\"twitter:description\" content=\"Madrid, 5 feb (EFE).- \u00c1ngel Mar\u00eda Villar, presidente de la Real Federaci\u00f3n Espa\u00f1ola de F\u00fatbol (RFEF), inaugur\u00f3 hoy el VI Simposio M\u00e9dico de la UEFA, denominado &#039;Evoluci\u00f3n&#039;, en el que durante tres d\u00edas los mayores expertos europeos en la materia van a compartir conocimientos para &quot;un mejor desarrollo m\u00e9dico de los deportistas&quot;. &quot;La medicina del\" \/>\n\t\t<meta name=\"twitter:label1\" content=\"Escrito por\" \/>\n\t\t<meta name=\"twitter:data1\" content=\"El Digital de Asturias\" \/>\n\t\t<meta name=\"twitter:label2\" content=\"Tiempo de lectura estimado\" \/>\n\t\t<meta name=\"twitter:data2\" content=\"3 minutos\" \/>\n\t\t<script type=\"application\/ld+json\" class=\"aioseo-schema\">\n\t\t\t{\"@context\":\"https:\\\/\\\/schema.org\",\"@graph\":[{\"@type\":\"BlogPosting\",\"@id\":\"https:\\\/\\\/www.eldigitaldeasturias.com\\\/noticias\\\/villar-inaugura-en-madrid-el-vi-simposio-medico-de-la-uefa\\\/#blogposting\",\"name\":\"Villar inaugura en Madrid el VI Simposio M\\u00e9dico de la UEFA - El Digital de Asturias\",\"headline\":\"Villar inaugura en Madrid el VI Simposio M\\u00e9dico de la UEFA\",\"author\":{\"@id\":\"https:\\\/\\\/www.eldigitaldeasturias.com\\\/noticias\\\/author\\\/admin\\\/#author\"},\"publisher\":{\"@id\":\"https:\\\/\\\/www.eldigitaldeasturias.com\\\/noticias\\\/#organization\"},\"image\":{\"@type\":\"ImageObject\",\"url\":484338},\"datePublished\":\"2014-02-05T23:46:48+01:00\",\"dateModified\":\"2014-02-05T23:46:48+01:00\",\"inLanguage\":\"es-ES\",\"mainEntityOfPage\":{\"@id\":\"https:\\\/\\\/www.eldigitaldeasturias.com\\\/noticias\\\/villar-inaugura-en-madrid-el-vi-simposio-medico-de-la-uefa\\\/#webpage\"},\"isPartOf\":{\"@id\":\"https:\\\/\\\/www.eldigitaldeasturias.com\\\/noticias\\\/villar-inaugura-en-madrid-el-vi-simposio-medico-de-la-uefa\\\/#webpage\"},\"articleSection\":\"Actualidad\"},{\"@type\":\"BreadcrumbList\",\"@id\":\"https:\\\/\\\/www.eldigitaldeasturias.com\\\/noticias\\\/villar-inaugura-en-madrid-el-vi-simposio-medico-de-la-uefa\\\/#breadcrumblist\",\"itemListElement\":[{\"@type\":\"ListItem\",\"@id\":\"https:\\\/\\\/www.eldigitaldeasturias.com\\\/noticias#listItem\",\"position\":1,\"name\":\"Home\",\"item\":\"https:\\\/\\\/www.eldigitaldeasturias.com\\\/noticias\",\"nextItem\":{\"@type\":\"ListItem\",\"@id\":\"https:\\\/\\\/www.eldigitaldeasturias.com\\\/noticias\\\/category\\\/actualidad\\\/#listItem\",\"name\":\"Actualidad\"}},{\"@type\":\"ListItem\",\"@id\":\"https:\\\/\\\/www.eldigitaldeasturias.com\\\/noticias\\\/category\\\/actualidad\\\/#listItem\",\"position\":2,\"name\":\"Actualidad\",\"item\":\"https:\\\/\\\/www.eldigitaldeasturias.com\\\/noticias\\\/category\\\/actualidad\\\/\",\"nextItem\":{\"@type\":\"ListItem\",\"@id\":\"https:\\\/\\\/www.eldigitaldeasturias.com\\\/noticias\\\/villar-inaugura-en-madrid-el-vi-simposio-medico-de-la-uefa\\\/#listItem\",\"name\":\"Villar inaugura en Madrid el VI Simposio M\\u00e9dico de la UEFA\"},\"previousItem\":{\"@type\":\"ListItem\",\"@id\":\"https:\\\/\\\/www.eldigitaldeasturias.com\\\/noticias#listItem\",\"name\":\"Home\"}},{\"@type\":\"ListItem\",\"@id\":\"https:\\\/\\\/www.eldigitaldeasturias.com\\\/noticias\\\/villar-inaugura-en-madrid-el-vi-simposio-medico-de-la-uefa\\\/#listItem\",\"position\":3,\"name\":\"Villar inaugura en Madrid el VI Simposio M\\u00e9dico de la UEFA\",\"previousItem\":{\"@type\":\"ListItem\",\"@id\":\"https:\\\/\\\/www.eldigitaldeasturias.com\\\/noticias\\\/category\\\/actualidad\\\/#listItem\",\"name\":\"Actualidad\"}}]},{\"@type\":\"Organization\",\"@id\":\"https:\\\/\\\/www.eldigitaldeasturias.com\\\/noticias\\\/#organization\",\"name\":\"El Digital de Asturias\",\"description\":\"Hemeroteca\",\"url\":\"https:\\\/\\\/www.eldigitaldeasturias.com\\\/noticias\\\/\",\"email\":\"info@eldigitaldeasturias.com\",\"telephone\":\"+34652131393\",\"logo\":{\"@type\":\"ImageObject\",\"url\":\"https:\\\/\\\/www.eldigitaldeasturias.com\\\/noticias\\\/wp-content\\\/uploads\\\/2020\\\/12\\\/EDA.jpg\",\"@id\":\"https:\\\/\\\/www.eldigitaldeasturias.com\\\/noticias\\\/villar-inaugura-en-madrid-el-vi-simposio-medico-de-la-uefa\\\/#organizationLogo\"},\"image\":{\"@id\":\"https:\\\/\\\/www.eldigitaldeasturias.com\\\/noticias\\\/villar-inaugura-en-madrid-el-vi-simposio-medico-de-la-uefa\\\/#organizationLogo\"},\"sameAs\":[\"https:\\\/\\\/facebook.com\\\/eldigitaldeasturias\",\"https:\\\/\\\/www.youtube.com\\\/channel\\\/UCZP-2wLEB9Rv6erhFmqVnvg\"],\"address\":{\"@id\":\"https:\\\/\\\/www.eldigitaldeasturias.com\\\/noticias\\\/#postaladdress\",\"@type\":\"PostalAddress\",\"streetAddress\":\"san antonio 4\",\"postalCode\":\"33430\",\"addressLocality\":\"Cand\\u00e1s\",\"addressRegion\":\"Asturias\",\"addressCountry\":\"ES\"}},{\"@type\":\"Person\",\"@id\":\"https:\\\/\\\/www.eldigitaldeasturias.com\\\/noticias\\\/author\\\/admin\\\/#author\",\"url\":\"https:\\\/\\\/www.eldigitaldeasturias.com\\\/noticias\\\/author\\\/admin\\\/\",\"name\":\"El Digital de Asturias\",\"image\":{\"@type\":\"ImageObject\",\"@id\":\"https:\\\/\\\/www.eldigitaldeasturias.com\\\/noticias\\\/villar-inaugura-en-madrid-el-vi-simposio-medico-de-la-uefa\\\/#authorImage\",\"url\":\"https:\\\/\\\/secure.gravatar.com\\\/avatar\\\/df2aeffc32bcd13f8d26072ef8a91b623d677766deac7f97ca815868cd41bf5e?s=96&d=mm&r=g\",\"width\":96,\"height\":96,\"caption\":\"El Digital de Asturias\"}},{\"@type\":\"WebPage\",\"@id\":\"https:\\\/\\\/www.eldigitaldeasturias.com\\\/noticias\\\/villar-inaugura-en-madrid-el-vi-simposio-medico-de-la-uefa\\\/#webpage\",\"url\":\"https:\\\/\\\/www.eldigitaldeasturias.com\\\/noticias\\\/villar-inaugura-en-madrid-el-vi-simposio-medico-de-la-uefa\\\/\",\"name\":\"Villar inaugura en Madrid el VI Simposio M\\u00e9dico de la UEFA - El Digital de Asturias\",\"description\":\"Madrid, 5 feb (EFE).- \\u00c1ngel Mar\\u00eda Villar, presidente de la Real Federaci\\u00f3n Espa\\u00f1ola de F\\u00fatbol (RFEF), inaugur\\u00f3 hoy el VI Simposio M\\u00e9dico de la UEFA, denominado 'Evoluci\\u00f3n', en el que durante tres d\\u00edas los mayores expertos europeos en la materia van a compartir conocimientos para \\\"un mejor desarrollo m\\u00e9dico de los deportistas\\\". \\\"La medicina del\",\"inLanguage\":\"es-ES\",\"isPartOf\":{\"@id\":\"https:\\\/\\\/www.eldigitaldeasturias.com\\\/noticias\\\/#website\"},\"breadcrumb\":{\"@id\":\"https:\\\/\\\/www.eldigitaldeasturias.com\\\/noticias\\\/villar-inaugura-en-madrid-el-vi-simposio-medico-de-la-uefa\\\/#breadcrumblist\"},\"author\":{\"@id\":\"https:\\\/\\\/www.eldigitaldeasturias.com\\\/noticias\\\/author\\\/admin\\\/#author\"},\"creator\":{\"@id\":\"https:\\\/\\\/www.eldigitaldeasturias.com\\\/noticias\\\/author\\\/admin\\\/#author\"},\"image\":{\"@type\":\"ImageObject\",\"url\":484338,\"@id\":\"https:\\\/\\\/www.eldigitaldeasturias.com\\\/noticias\\\/villar-inaugura-en-madrid-el-vi-simposio-medico-de-la-uefa\\\/#mainImage\"},\"primaryImageOfPage\":{\"@id\":\"https:\\\/\\\/www.eldigitaldeasturias.com\\\/noticias\\\/villar-inaugura-en-madrid-el-vi-simposio-medico-de-la-uefa\\\/#mainImage\"},\"datePublished\":\"2014-02-05T23:46:48+01:00\",\"dateModified\":\"2014-02-05T23:46:48+01:00\"},{\"@type\":\"WebSite\",\"@id\":\"https:\\\/\\\/www.eldigitaldeasturias.com\\\/noticias\\\/#website\",\"url\":\"https:\\\/\\\/www.eldigitaldeasturias.com\\\/noticias\\\/\",\"name\":\"El Digital de Asturias - Diario de actualidad y noticias\",\"alternateName\":\"El Digital de Asturias - Diario de actualidad y noticias\",\"description\":\"Hemeroteca\",\"inLanguage\":\"es-ES\",\"publisher\":{\"@id\":\"https:\\\/\\\/www.eldigitaldeasturias.com\\\/noticias\\\/#organization\"}}]}\n\t\t<\/script>\n\t\t<!-- All in One SEO Pro -->\r\n\t\t<title>Villar inaugura en Madrid el VI Simposio M\u00e9dico de la UEFA - El Digital de Asturias<\/title>\n\n","aioseo_head_json":{"title":"Villar inaugura en Madrid el VI Simposio M\u00e9dico de la UEFA - El Digital de Asturias","description":"Madrid, 5 feb (EFE).- \u00c1ngel Mar\u00eda Villar, presidente de la Real Federaci\u00f3n Espa\u00f1ola de F\u00fatbol (RFEF), inaugur\u00f3 hoy el VI Simposio M\u00e9dico de la UEFA, denominado 'Evoluci\u00f3n', en el que durante tres d\u00edas los mayores expertos europeos en la materia van a compartir conocimientos para \"un mejor desarrollo m\u00e9dico de los deportistas\". \"La medicina del","canonical_url":"https:\/\/www.eldigitaldeasturias.com\/noticias\/villar-inaugura-en-madrid-el-vi-simposio-medico-de-la-uefa\/","robots":"max-image-preview:large","keywords":"actualidad","webmasterTools":{"google-site-verification":"UA-38556648-1","msvalidate.01":"7dfe9f3f1b24437ab69f4f2559babe99","miscellaneous":""},"schema":{"@context":"https:\/\/schema.org","@graph":[{"@type":"BlogPosting","@id":"https:\/\/www.eldigitaldeasturias.com\/noticias\/villar-inaugura-en-madrid-el-vi-simposio-medico-de-la-uefa\/#blogposting","name":"Villar inaugura en Madrid el VI Simposio M\u00e9dico de la UEFA - El Digital de Asturias","headline":"Villar inaugura en Madrid el VI Simposio M\u00e9dico de la UEFA","author":{"@id":"https:\/\/www.eldigitaldeasturias.com\/noticias\/author\/admin\/#author"},"publisher":{"@id":"https:\/\/www.eldigitaldeasturias.com\/noticias\/#organization"},"image":{"@type":"ImageObject","url":484338},"datePublished":"2014-02-05T23:46:48+01:00","dateModified":"2014-02-05T23:46:48+01:00","inLanguage":"es-ES","mainEntityOfPage":{"@id":"https:\/\/www.eldigitaldeasturias.com\/noticias\/villar-inaugura-en-madrid-el-vi-simposio-medico-de-la-uefa\/#webpage"},"isPartOf":{"@id":"https:\/\/www.eldigitaldeasturias.com\/noticias\/villar-inaugura-en-madrid-el-vi-simposio-medico-de-la-uefa\/#webpage"},"articleSection":"Actualidad"},{"@type":"BreadcrumbList","@id":"https:\/\/www.eldigitaldeasturias.com\/noticias\/villar-inaugura-en-madrid-el-vi-simposio-medico-de-la-uefa\/#breadcrumblist","itemListElement":[{"@type":"ListItem","@id":"https:\/\/www.eldigitaldeasturias.com\/noticias#listItem","position":1,"name":"Home","item":"https:\/\/www.eldigitaldeasturias.com\/noticias","nextItem":{"@type":"ListItem","@id":"https:\/\/www.eldigitaldeasturias.com\/noticias\/category\/actualidad\/#listItem","name":"Actualidad"}},{"@type":"ListItem","@id":"https:\/\/www.eldigitaldeasturias.com\/noticias\/category\/actualidad\/#listItem","position":2,"name":"Actualidad","item":"https:\/\/www.eldigitaldeasturias.com\/noticias\/category\/actualidad\/","nextItem":{"@type":"ListItem","@id":"https:\/\/www.eldigitaldeasturias.com\/noticias\/villar-inaugura-en-madrid-el-vi-simposio-medico-de-la-uefa\/#listItem","name":"Villar inaugura en Madrid el VI Simposio M\u00e9dico de la UEFA"},"previousItem":{"@type":"ListItem","@id":"https:\/\/www.eldigitaldeasturias.com\/noticias#listItem","name":"Home"}},{"@type":"ListItem","@id":"https:\/\/www.eldigitaldeasturias.com\/noticias\/villar-inaugura-en-madrid-el-vi-simposio-medico-de-la-uefa\/#listItem","position":3,"name":"Villar inaugura en Madrid el VI Simposio M\u00e9dico de la UEFA","previousItem":{"@type":"ListItem","@id":"https:\/\/www.eldigitaldeasturias.com\/noticias\/category\/actualidad\/#listItem","name":"Actualidad"}}]},{"@type":"Organization","@id":"https:\/\/www.eldigitaldeasturias.com\/noticias\/#organization","name":"El Digital de Asturias","description":"Hemeroteca","url":"https:\/\/www.eldigitaldeasturias.com\/noticias\/","email":"info@eldigitaldeasturias.com","telephone":"+34652131393","logo":{"@type":"ImageObject","url":"https:\/\/www.eldigitaldeasturias.com\/noticias\/wp-content\/uploads\/2020\/12\/EDA.jpg","@id":"https:\/\/www.eldigitaldeasturias.com\/noticias\/villar-inaugura-en-madrid-el-vi-simposio-medico-de-la-uefa\/#organizationLogo"},"image":{"@id":"https:\/\/www.eldigitaldeasturias.com\/noticias\/villar-inaugura-en-madrid-el-vi-simposio-medico-de-la-uefa\/#organizationLogo"},"sameAs":["https:\/\/facebook.com\/eldigitaldeasturias","https:\/\/www.youtube.com\/channel\/UCZP-2wLEB9Rv6erhFmqVnvg"],"address":{"@id":"https:\/\/www.eldigitaldeasturias.com\/noticias\/#postaladdress","@type":"PostalAddress","streetAddress":"san antonio 4","postalCode":"33430","addressLocality":"Cand\u00e1s","addressRegion":"Asturias","addressCountry":"ES"}},{"@type":"Person","@id":"https:\/\/www.eldigitaldeasturias.com\/noticias\/author\/admin\/#author","url":"https:\/\/www.eldigitaldeasturias.com\/noticias\/author\/admin\/","name":"El Digital de Asturias","image":{"@type":"ImageObject","@id":"https:\/\/www.eldigitaldeasturias.com\/noticias\/villar-inaugura-en-madrid-el-vi-simposio-medico-de-la-uefa\/#authorImage","url":"https:\/\/secure.gravatar.com\/avatar\/df2aeffc32bcd13f8d26072ef8a91b623d677766deac7f97ca815868cd41bf5e?s=96&d=mm&r=g","width":96,"height":96,"caption":"El Digital de Asturias"}},{"@type":"WebPage","@id":"https:\/\/www.eldigitaldeasturias.com\/noticias\/villar-inaugura-en-madrid-el-vi-simposio-medico-de-la-uefa\/#webpage","url":"https:\/\/www.eldigitaldeasturias.com\/noticias\/villar-inaugura-en-madrid-el-vi-simposio-medico-de-la-uefa\/","name":"Villar inaugura en Madrid el VI Simposio M\u00e9dico de la UEFA - El Digital de Asturias","description":"Madrid, 5 feb (EFE).- \u00c1ngel Mar\u00eda Villar, presidente de la Real Federaci\u00f3n Espa\u00f1ola de F\u00fatbol (RFEF), inaugur\u00f3 hoy el VI Simposio M\u00e9dico de la UEFA, denominado 'Evoluci\u00f3n', en el que durante tres d\u00edas los mayores expertos europeos en la materia van a compartir conocimientos para \"un mejor desarrollo m\u00e9dico de los deportistas\". \"La medicina del","inLanguage":"es-ES","isPartOf":{"@id":"https:\/\/www.eldigitaldeasturias.com\/noticias\/#website"},"breadcrumb":{"@id":"https:\/\/www.eldigitaldeasturias.com\/noticias\/villar-inaugura-en-madrid-el-vi-simposio-medico-de-la-uefa\/#breadcrumblist"},"author":{"@id":"https:\/\/www.eldigitaldeasturias.com\/noticias\/author\/admin\/#author"},"creator":{"@id":"https:\/\/www.eldigitaldeasturias.com\/noticias\/author\/admin\/#author"},"image":{"@type":"ImageObject","url":484338,"@id":"https:\/\/www.eldigitaldeasturias.com\/noticias\/villar-inaugura-en-madrid-el-vi-simposio-medico-de-la-uefa\/#mainImage"},"primaryImageOfPage":{"@id":"https:\/\/www.eldigitaldeasturias.com\/noticias\/villar-inaugura-en-madrid-el-vi-simposio-medico-de-la-uefa\/#mainImage"},"datePublished":"2014-02-05T23:46:48+01:00","dateModified":"2014-02-05T23:46:48+01:00"},{"@type":"WebSite","@id":"https:\/\/www.eldigitaldeasturias.com\/noticias\/#website","url":"https:\/\/www.eldigitaldeasturias.com\/noticias\/","name":"El Digital de Asturias - Diario de actualidad y noticias","alternateName":"El Digital de Asturias - Diario de actualidad y noticias","description":"Hemeroteca","inLanguage":"es-ES","publisher":{"@id":"https:\/\/www.eldigitaldeasturias.com\/noticias\/#organization"}}]},"og:locale":"es_ES","og:site_name":"El Digital de Asturias","og:type":"article","og:title":"Villar inaugura en Madrid el VI Simposio M\u00e9dico de la UEFA - El Digital de Asturias","og:description":"Madrid, 5 feb (EFE).- \u00c1ngel Mar\u00eda Villar, presidente de la Real Federaci\u00f3n Espa\u00f1ola de F\u00fatbol (RFEF), inaugur\u00f3 hoy el VI Simposio M\u00e9dico de la UEFA, denominado 'Evoluci\u00f3n', en el que durante tres d\u00edas los mayores expertos europeos en la materia van a compartir conocimientos para &quot;un mejor desarrollo m\u00e9dico de los deportistas&quot;. &quot;La medicina del","og:url":"https:\/\/www.eldigitaldeasturias.com\/noticias\/villar-inaugura-en-madrid-el-vi-simposio-medico-de-la-uefa\/","article:tag":["actualidad"],"article:published_time":"2014-02-06T00:46:48+00:00","article:modified_time":"2014-02-06T00:46:48+00:00","article:publisher":"https:\/\/facebook.com\/eldigitaldeasturias","twitter:card":"summary_large_image","twitter:title":"Villar inaugura en Madrid el VI Simposio M\u00e9dico de la UEFA - El Digital de Asturias","twitter:description":"Madrid, 5 feb (EFE).- \u00c1ngel Mar\u00eda Villar, presidente de la Real Federaci\u00f3n Espa\u00f1ola de F\u00fatbol (RFEF), inaugur\u00f3 hoy el VI Simposio M\u00e9dico de la UEFA, denominado 'Evoluci\u00f3n', en el que durante tres d\u00edas los mayores expertos europeos en la materia van a compartir conocimientos para &quot;un mejor desarrollo m\u00e9dico de los deportistas&quot;. &quot;La medicina del","twitter:label1":"Escrito por","twitter:data1":"El Digital de Asturias","twitter:label2":"Tiempo de lectura estimado","twitter:data2":"3 minutos"},"aioseo_meta_data":{"post_id":"484337","title":null,"description":null,"keywords":null,"keyphrases":null,"primary_term":null,"canonical_url":null,"og_title":null,"og_description":null,"og_object_type":"default","og_image_type":"default","og_image_url":null,"og_image_width":null,"og_image_height":null,"og_image_custom_url":null,"og_image_custom_fields":null,"og_video":null,"og_custom_url":null,"og_article_section":null,"og_article_tags":null,"twitter_use_og":true,"twitter_card":"default","twitter_image_type":"default","twitter_image_url":null,"twitter_image_custom_url":null,"twitter_image_custom_fields":null,"twitter_title":null,"twitter_description":null,"schema":{"blockGraphs":[],"customGraphs":[],"default":{"data":{"Article":[],"Course":[],"Dataset":[],"FAQPage":[],"Movie":[],"Person":[],"Product":[],"ProductReview":[],"Car":[],"Recipe":[],"Service":[],"SoftwareApplication":[],"WebPage":[]},"graphName":"","isEnabled":true},"graphs":[],"defaultGraph":"","defaultPostTypeGraph":""},"schema_type":null,"schema_type_options":null,"pillar_content":false,"robots_default":true,"robots_noindex":false,"robots_noarchive":false,"robots_nosnippet":false,"robots_nofollow":false,"robots_noimageindex":false,"robots_noodp":false,"robots_notranslate":false,"robots_max_snippet":null,"robots_max_videopreview":null,"robots_max_imagepreview":"none","priority":null,"frequency":null,"local_seo":null,"seo_analyzer_scan_date":"2026-06-02 15:31:48","breadcrumb_settings":null,"limit_modified_date":false,"open_ai":null,"ai":null,"created":"2020-11-14 22:55:03","updated":"2026-06-02 15:31:48","focus_keyword":null,"additional_keywords":null,"truseo_locale":null},"aioseo_breadcrumb":"<div class=\"aioseo-breadcrumbs\"><span class=\"aioseo-breadcrumb\">\n\t<a href=\"https:\/\/www.eldigitaldeasturias.com\/noticias\" title=\"Home\">Home<\/a>\n<\/span><span class=\"aioseo-breadcrumb-separator\">\u2013<\/span><span class=\"aioseo-breadcrumb\">\n\t<a href=\"https:\/\/www.eldigitaldeasturias.com\/noticias\/category\/actualidad\/\" title=\"Actualidad\">Actualidad<\/a>\n<\/span><span class=\"aioseo-breadcrumb-separator\">\u2013<\/span><span class=\"aioseo-breadcrumb\">\n\t<a href=\"https:\/\/www.eldigitaldeasturias.com\/noticias\/villar-inaugura-en-madrid-el-vi-simposio-medico-de-la-uefa\/\" title=\"Villar inaugura en Madrid el VI Simposio M\u00e9dico de la UEFA\">Villar inaugura en Madrid el VI Simposio M\u00e9dico de la UEFA<\/a>\n<\/span><\/div>","aioseo_breadcrumb_json":[{"label":"Home","link":"https:\/\/www.eldigitaldeasturias.com\/noticias"},{"label":"Actualidad","link":"https:\/\/www.eldigitaldeasturias.com\/noticias\/category\/actualidad\/"},{"label":"Villar inaugura en Madrid el VI Simposio M\u00e9dico de la UEFA","link":"https:\/\/www.eldigitaldeasturias.com\/noticias\/villar-inaugura-en-madrid-el-vi-simposio-medico-de-la-uefa\/"}],"_links":{"self":[{"href":"https:\/\/www.eldigitaldeasturias.com\/noticias\/wp-json\/wp\/v2\/posts\/484337","targetHints":{"allow":["GET"]}}],"collection":[{"href":"https:\/\/www.eldigitaldeasturias.com\/noticias\/wp-json\/wp\/v2\/posts"}],"about":[{"href":"https:\/\/www.eldigitaldeasturias.com\/noticias\/wp-json\/wp\/v2\/types\/post"}],"author":[{"embeddable":true,"href":"https:\/\/www.eldigitaldeasturias.com\/noticias\/wp-json\/wp\/v2\/users\/1"}],"replies":[{"embeddable":true,"href":"https:\/\/www.eldigitaldeasturias.com\/noticias\/wp-json\/wp\/v2\/comments?post=484337"}],"version-history":[{"count":0,"href":"https:\/\/www.eldigitaldeasturias.com\/noticias\/wp-json\/wp\/v2\/posts\/484337\/revisions"}],"wp:attachment":[{"href":"https:\/\/www.eldigitaldeasturias.com\/noticias\/wp-json\/wp\/v2\/media?parent=484337"}],"wp:term":[{"taxonomy":"category","embeddable":true,"href":"https:\/\/www.eldigitaldeasturias.com\/noticias\/wp-json\/wp\/v2\/categories?post=484337"},{"taxonomy":"post_tag","embeddable":true,"href":"https:\/\/www.eldigitaldeasturias.com\/noticias\/wp-json\/wp\/v2\/tags?post=484337"}],"curies":[{"name":"wp","href":"https:\/\/api.w.org\/{rel}","templated":true}]}}