{"id":484331,"date":"2014-02-05T23:44:36","date_gmt":"2014-02-06T00:44:36","guid":{"rendered":"http:\/\/www.eldigitaldeasturias.com\/noticias\/?p=484331"},"modified":"2014-02-05T23:44:36","modified_gmt":"2014-02-06T00:44:36","slug":"retrasan-a-marzo-la-comparecencia-de-altos-cargos-en-el-juicio-contra-mursi","status":"publish","type":"post","link":"https:\/\/www.eldigitaldeasturias.com\/noticias\/retrasan-a-marzo-la-comparecencia-de-altos-cargos-en-el-juicio-contra-mursi\/","title":{"rendered":"Retrasan a marzo la comparecencia de altos cargos en el juicio contra Mursi"},"content":{"rendered":"<p><img loading=\"lazy\" decoding=\"async\" class=\"alignleft size-medium wp-image-484332\" alt=\"5912686w\" src=\"https:\/\/www.eldigitaldeasturias.com\/noticias\/wp-content\/uploads\/2014\/02\/5912686w-360x239.jpg\" width=\"360\" height=\"239\" \/>El Cairo, 5 feb (EFE).- El tribunal egipcio que juzga al depuesto presidente Mohamed Mursi y a otros catorce dirigentes islamistas por su supuesta implicaci\u00f3n en la muerte de manifestantes, retras\u00f3 hoy hasta el 1 de marzo la comparecencia de tres altos mandos de seguridad.<\/p>\n<p>Los tres responsables de la Guardia Republicana, entre los que destaca el comandante del cuerpo Mohamed Ahmed Zaki, ten\u00edan previsto declarar en la sesi\u00f3n de hoy como testigos de la acusaci\u00f3n.<\/p>\n<p>El magistrado Hasan Sabri Yusef posterg\u00f3 su testimonio hasta recibir un informe de expertos de la radiotelevisi\u00f3n con las im\u00e1genes filmadas de los hechos que se imputan a Mursi.<\/p>\n<p>Este informe sobre los choques registrados entre partidarios y detractores de Mursi frente al palacio presidencial de El Cairo en diciembre de 2012 ser\u00e1 presentado en la vista del pr\u00f3ximo 1 de marzo como prueba condenatoria.<\/p>\n<p>Junto al exmandatario egipcio est\u00e1n siendo procesados el vicepresidente del Partido Libertad y Justicia (PLJ) -brazo pol\u00edtico de la Hermandad- Esam al Arian, y el miembro de su ejecutiva Mohamed Beltagui.<\/p>\n<p>Mursi, depuesto en un golpe de Estado el 3 de julio de 2013, fue trasladado en helic\u00f3ptero desde la prisi\u00f3n de Burg al Arab, en el noreste de Egipto, a la Academia de la Polic\u00eda, en las afueras de El Cairo, donde se celebra el juicio.<\/p>\n<p>Los dem\u00e1s acusados llegaron a la sesi\u00f3n en veh\u00edculos blindados desde la c\u00e1rcel cairota de Tora.<\/p>\n<p>Los Hermanos Musulmanes se\u00f1alaron que el retraso del juicio hasta el 1 de marzo se produjo en respuesta a una petici\u00f3n de la defensa y para esperar el informe de la radiotelevisi\u00f3n.<\/p>\n<p>Mursi afronta otros juicios por huir de una c\u00e1rcel durante la revoluci\u00f3n de enero de 2011 que derrib\u00f3 al presidente Hosni Mubarak, por entregar informaci\u00f3n clasificada a pa\u00edses y organizaciones extranjeras como el movimiento islamista palestino Ham\u00e1s, y por insultar a la judicatura.<\/p>\n","protected":false},"excerpt":{"rendered":"<p>El Cairo, 5 feb (EFE).- El tribunal egipcio que juzga al depuesto presidente Mohamed Mursi y a otros catorce dirigentes islamistas por su supuesta implicaci\u00f3n en la muerte de manifestantes, retras\u00f3 hoy hasta el 1 de marzo la comparecencia de tres altos mandos de seguridad. Los tres responsables de la Guardia Republicana, entre los que [&hellip;]<\/p>\n","protected":false},"author":1,"featured_media":484332,"comment_status":"closed","ping_status":"open","sticky":false,"template":"","format":"standard","meta":{"footnotes":""},"categories":[1],"tags":[],"class_list":["post-484331","post","type-post","status-publish","format-standard","has-post-thumbnail","hentry","category-actualidad"],"aioseo_notices":[],"aioseo_head":"\n\t\t<!-- All in One SEO Pro 5.0.1 - aioseo.com -->\n\t<meta name=\"description\" content=\"El Cairo, 5 feb (EFE).- El tribunal egipcio que juzga al depuesto presidente Mohamed Mursi y a otros catorce dirigentes islamistas por su supuesta implicaci\u00f3n en la muerte de manifestantes, retras\u00f3 hoy hasta el 1 de marzo la comparecencia de tres altos mandos de seguridad. Los tres responsables de la Guardia Republicana, entre los que\" \/>\n\t<meta name=\"robots\" content=\"max-image-preview:large\" \/>\n\t<meta name=\"author\" content=\"El Digital de Asturias\"\/>\n\t<meta name=\"google-site-verification\" content=\"UA-38556648-1\" \/>\n\t<meta name=\"msvalidate.01\" content=\"7dfe9f3f1b24437ab69f4f2559babe99\" \/>\n\t<meta name=\"keywords\" content=\"actualidad\" \/>\n\t<link rel=\"canonical\" href=\"https:\/\/www.eldigitaldeasturias.com\/noticias\/retrasan-a-marzo-la-comparecencia-de-altos-cargos-en-el-juicio-contra-mursi\/\" \/>\n\t<meta name=\"generator\" content=\"All in One SEO Pro (AIOSEO) 5.0.1\" \/>\n\t\t<meta property=\"og:locale\" content=\"es_ES\" \/>\n\t\t<meta property=\"og:site_name\" content=\"El Digital de Asturias\" \/>\n\t\t<meta property=\"og:type\" content=\"article\" \/>\n\t\t<meta property=\"og:title\" content=\"Retrasan a marzo la comparecencia de altos cargos en el juicio contra Mursi - El Digital de Asturias\" \/>\n\t\t<meta property=\"og:description\" content=\"El Cairo, 5 feb (EFE).- El tribunal egipcio que juzga al depuesto presidente Mohamed Mursi y a otros catorce dirigentes islamistas por su supuesta implicaci\u00f3n en la muerte de manifestantes, retras\u00f3 hoy hasta el 1 de marzo la comparecencia de tres altos mandos de seguridad. Los tres responsables de la Guardia Republicana, entre los que\" \/>\n\t\t<meta property=\"og:url\" content=\"https:\/\/www.eldigitaldeasturias.com\/noticias\/retrasan-a-marzo-la-comparecencia-de-altos-cargos-en-el-juicio-contra-mursi\/\" \/>\n\t\t<meta property=\"article:tag\" content=\"actualidad\" \/>\n\t\t<meta property=\"article:published_time\" content=\"2014-02-06T00:44:36+00:00\" \/>\n\t\t<meta property=\"article:modified_time\" content=\"2014-02-06T00:44:36+00:00\" \/>\n\t\t<meta property=\"article:publisher\" content=\"https:\/\/facebook.com\/eldigitaldeasturias\" \/>\n\t\t<meta name=\"twitter:card\" content=\"summary_large_image\" \/>\n\t\t<meta name=\"twitter:title\" content=\"Retrasan a marzo la comparecencia de altos cargos en el juicio contra Mursi - El Digital de Asturias\" \/>\n\t\t<meta name=\"twitter:description\" content=\"El Cairo, 5 feb (EFE).- El tribunal egipcio que juzga al depuesto presidente Mohamed Mursi y a otros catorce dirigentes islamistas por su supuesta implicaci\u00f3n en la muerte de manifestantes, retras\u00f3 hoy hasta el 1 de marzo la comparecencia de tres altos mandos de seguridad. Los tres responsables de la Guardia Republicana, entre los que\" \/>\n\t\t<meta name=\"twitter:label1\" content=\"Escrito por\" \/>\n\t\t<meta name=\"twitter:data1\" content=\"El Digital de Asturias\" \/>\n\t\t<meta name=\"twitter:label2\" content=\"Tiempo de lectura estimado\" \/>\n\t\t<meta name=\"twitter:data2\" content=\"2 minutos\" \/>\n\t\t<script type=\"application\/ld+json\" class=\"aioseo-schema\">\n\t\t\t{\"@context\":\"https:\\\/\\\/schema.org\",\"@graph\":[{\"@type\":\"BlogPosting\",\"@id\":\"https:\\\/\\\/www.eldigitaldeasturias.com\\\/noticias\\\/retrasan-a-marzo-la-comparecencia-de-altos-cargos-en-el-juicio-contra-mursi\\\/#blogposting\",\"name\":\"Retrasan a marzo la comparecencia de altos cargos en el juicio contra Mursi - El Digital de Asturias\",\"headline\":\"Retrasan a marzo la comparecencia de altos cargos en el juicio contra Mursi\",\"author\":{\"@id\":\"https:\\\/\\\/www.eldigitaldeasturias.com\\\/noticias\\\/author\\\/admin\\\/#author\"},\"publisher\":{\"@id\":\"https:\\\/\\\/www.eldigitaldeasturias.com\\\/noticias\\\/#organization\"},\"image\":{\"@type\":\"ImageObject\",\"url\":484332},\"datePublished\":\"2014-02-05T23:44:36+01:00\",\"dateModified\":\"2014-02-05T23:44:36+01:00\",\"inLanguage\":\"es-ES\",\"mainEntityOfPage\":{\"@id\":\"https:\\\/\\\/www.eldigitaldeasturias.com\\\/noticias\\\/retrasan-a-marzo-la-comparecencia-de-altos-cargos-en-el-juicio-contra-mursi\\\/#webpage\"},\"isPartOf\":{\"@id\":\"https:\\\/\\\/www.eldigitaldeasturias.com\\\/noticias\\\/retrasan-a-marzo-la-comparecencia-de-altos-cargos-en-el-juicio-contra-mursi\\\/#webpage\"},\"articleSection\":\"Actualidad\"},{\"@type\":\"BreadcrumbList\",\"@id\":\"https:\\\/\\\/www.eldigitaldeasturias.com\\\/noticias\\\/retrasan-a-marzo-la-comparecencia-de-altos-cargos-en-el-juicio-contra-mursi\\\/#breadcrumblist\",\"itemListElement\":[{\"@type\":\"ListItem\",\"@id\":\"https:\\\/\\\/www.eldigitaldeasturias.com\\\/noticias#listItem\",\"position\":1,\"name\":\"Home\",\"item\":\"https:\\\/\\\/www.eldigitaldeasturias.com\\\/noticias\",\"nextItem\":{\"@type\":\"ListItem\",\"@id\":\"https:\\\/\\\/www.eldigitaldeasturias.com\\\/noticias\\\/category\\\/actualidad\\\/#listItem\",\"name\":\"Actualidad\"}},{\"@type\":\"ListItem\",\"@id\":\"https:\\\/\\\/www.eldigitaldeasturias.com\\\/noticias\\\/category\\\/actualidad\\\/#listItem\",\"position\":2,\"name\":\"Actualidad\",\"item\":\"https:\\\/\\\/www.eldigitaldeasturias.com\\\/noticias\\\/category\\\/actualidad\\\/\",\"nextItem\":{\"@type\":\"ListItem\",\"@id\":\"https:\\\/\\\/www.eldigitaldeasturias.com\\\/noticias\\\/retrasan-a-marzo-la-comparecencia-de-altos-cargos-en-el-juicio-contra-mursi\\\/#listItem\",\"name\":\"Retrasan a marzo la comparecencia de altos cargos en el juicio contra Mursi\"},\"previousItem\":{\"@type\":\"ListItem\",\"@id\":\"https:\\\/\\\/www.eldigitaldeasturias.com\\\/noticias#listItem\",\"name\":\"Home\"}},{\"@type\":\"ListItem\",\"@id\":\"https:\\\/\\\/www.eldigitaldeasturias.com\\\/noticias\\\/retrasan-a-marzo-la-comparecencia-de-altos-cargos-en-el-juicio-contra-mursi\\\/#listItem\",\"position\":3,\"name\":\"Retrasan a marzo la comparecencia de altos cargos en el juicio contra Mursi\",\"previousItem\":{\"@type\":\"ListItem\",\"@id\":\"https:\\\/\\\/www.eldigitaldeasturias.com\\\/noticias\\\/category\\\/actualidad\\\/#listItem\",\"name\":\"Actualidad\"}}]},{\"@type\":\"Organization\",\"@id\":\"https:\\\/\\\/www.eldigitaldeasturias.com\\\/noticias\\\/#organization\",\"name\":\"El Digital de Asturias\",\"description\":\"Hemeroteca\",\"url\":\"https:\\\/\\\/www.eldigitaldeasturias.com\\\/noticias\\\/\",\"email\":\"info@eldigitaldeasturias.com\",\"telephone\":\"+34652131393\",\"logo\":{\"@type\":\"ImageObject\",\"url\":\"https:\\\/\\\/www.eldigitaldeasturias.com\\\/noticias\\\/wp-content\\\/uploads\\\/2020\\\/12\\\/EDA.jpg\",\"@id\":\"https:\\\/\\\/www.eldigitaldeasturias.com\\\/noticias\\\/retrasan-a-marzo-la-comparecencia-de-altos-cargos-en-el-juicio-contra-mursi\\\/#organizationLogo\"},\"image\":{\"@id\":\"https:\\\/\\\/www.eldigitaldeasturias.com\\\/noticias\\\/retrasan-a-marzo-la-comparecencia-de-altos-cargos-en-el-juicio-contra-mursi\\\/#organizationLogo\"},\"sameAs\":[\"https:\\\/\\\/facebook.com\\\/eldigitaldeasturias\",\"https:\\\/\\\/www.youtube.com\\\/channel\\\/UCZP-2wLEB9Rv6erhFmqVnvg\"],\"address\":{\"@id\":\"https:\\\/\\\/www.eldigitaldeasturias.com\\\/noticias\\\/#postaladdress\",\"@type\":\"PostalAddress\",\"streetAddress\":\"san antonio 4\",\"postalCode\":\"33430\",\"addressLocality\":\"Cand\\u00e1s\",\"addressRegion\":\"Asturias\",\"addressCountry\":\"ES\"}},{\"@type\":\"Person\",\"@id\":\"https:\\\/\\\/www.eldigitaldeasturias.com\\\/noticias\\\/author\\\/admin\\\/#author\",\"url\":\"https:\\\/\\\/www.eldigitaldeasturias.com\\\/noticias\\\/author\\\/admin\\\/\",\"name\":\"El Digital de Asturias\",\"image\":{\"@type\":\"ImageObject\",\"@id\":\"https:\\\/\\\/www.eldigitaldeasturias.com\\\/noticias\\\/retrasan-a-marzo-la-comparecencia-de-altos-cargos-en-el-juicio-contra-mursi\\\/#authorImage\",\"url\":\"https:\\\/\\\/secure.gravatar.com\\\/avatar\\\/df2aeffc32bcd13f8d26072ef8a91b623d677766deac7f97ca815868cd41bf5e?s=96&d=mm&r=g\",\"width\":96,\"height\":96,\"caption\":\"El Digital de Asturias\"}},{\"@type\":\"WebPage\",\"@id\":\"https:\\\/\\\/www.eldigitaldeasturias.com\\\/noticias\\\/retrasan-a-marzo-la-comparecencia-de-altos-cargos-en-el-juicio-contra-mursi\\\/#webpage\",\"url\":\"https:\\\/\\\/www.eldigitaldeasturias.com\\\/noticias\\\/retrasan-a-marzo-la-comparecencia-de-altos-cargos-en-el-juicio-contra-mursi\\\/\",\"name\":\"Retrasan a marzo la comparecencia de altos cargos en el juicio contra Mursi - El Digital de Asturias\",\"description\":\"El Cairo, 5 feb (EFE).- El tribunal egipcio que juzga al depuesto presidente Mohamed Mursi y a otros catorce dirigentes islamistas por su supuesta implicaci\\u00f3n en la muerte de manifestantes, retras\\u00f3 hoy hasta el 1 de marzo la comparecencia de tres altos mandos de seguridad. Los tres responsables de la Guardia Republicana, entre los que\",\"inLanguage\":\"es-ES\",\"isPartOf\":{\"@id\":\"https:\\\/\\\/www.eldigitaldeasturias.com\\\/noticias\\\/#website\"},\"breadcrumb\":{\"@id\":\"https:\\\/\\\/www.eldigitaldeasturias.com\\\/noticias\\\/retrasan-a-marzo-la-comparecencia-de-altos-cargos-en-el-juicio-contra-mursi\\\/#breadcrumblist\"},\"author\":{\"@id\":\"https:\\\/\\\/www.eldigitaldeasturias.com\\\/noticias\\\/author\\\/admin\\\/#author\"},\"creator\":{\"@id\":\"https:\\\/\\\/www.eldigitaldeasturias.com\\\/noticias\\\/author\\\/admin\\\/#author\"},\"image\":{\"@type\":\"ImageObject\",\"url\":484332,\"@id\":\"https:\\\/\\\/www.eldigitaldeasturias.com\\\/noticias\\\/retrasan-a-marzo-la-comparecencia-de-altos-cargos-en-el-juicio-contra-mursi\\\/#mainImage\"},\"primaryImageOfPage\":{\"@id\":\"https:\\\/\\\/www.eldigitaldeasturias.com\\\/noticias\\\/retrasan-a-marzo-la-comparecencia-de-altos-cargos-en-el-juicio-contra-mursi\\\/#mainImage\"},\"datePublished\":\"2014-02-05T23:44:36+01:00\",\"dateModified\":\"2014-02-05T23:44:36+01:00\"},{\"@type\":\"WebSite\",\"@id\":\"https:\\\/\\\/www.eldigitaldeasturias.com\\\/noticias\\\/#website\",\"url\":\"https:\\\/\\\/www.eldigitaldeasturias.com\\\/noticias\\\/\",\"name\":\"El Digital de Asturias - Diario de actualidad y noticias\",\"alternateName\":\"El Digital de Asturias - Diario de actualidad y noticias\",\"description\":\"Hemeroteca\",\"inLanguage\":\"es-ES\",\"publisher\":{\"@id\":\"https:\\\/\\\/www.eldigitaldeasturias.com\\\/noticias\\\/#organization\"}}]}\n\t\t<\/script>\n\t\t<!-- All in One SEO Pro -->\r\n\t\t<title>Retrasan a marzo la comparecencia de altos cargos en el juicio contra Mursi - El Digital de Asturias<\/title>\n\n","aioseo_head_json":{"title":"Retrasan a marzo la comparecencia de altos cargos en el juicio contra Mursi - El Digital de Asturias","description":"El Cairo, 5 feb (EFE).- El tribunal egipcio que juzga al depuesto presidente Mohamed Mursi y a otros catorce dirigentes islamistas por su supuesta implicaci\u00f3n en la muerte de manifestantes, retras\u00f3 hoy hasta el 1 de marzo la comparecencia de tres altos mandos de seguridad. Los tres responsables de la Guardia Republicana, entre los que","canonical_url":"https:\/\/www.eldigitaldeasturias.com\/noticias\/retrasan-a-marzo-la-comparecencia-de-altos-cargos-en-el-juicio-contra-mursi\/","robots":"max-image-preview:large","keywords":"actualidad","webmasterTools":{"google-site-verification":"UA-38556648-1","msvalidate.01":"7dfe9f3f1b24437ab69f4f2559babe99","miscellaneous":""},"schema":{"@context":"https:\/\/schema.org","@graph":[{"@type":"BlogPosting","@id":"https:\/\/www.eldigitaldeasturias.com\/noticias\/retrasan-a-marzo-la-comparecencia-de-altos-cargos-en-el-juicio-contra-mursi\/#blogposting","name":"Retrasan a marzo la comparecencia de altos cargos en el juicio contra Mursi - El Digital de Asturias","headline":"Retrasan a marzo la comparecencia de altos cargos en el juicio contra Mursi","author":{"@id":"https:\/\/www.eldigitaldeasturias.com\/noticias\/author\/admin\/#author"},"publisher":{"@id":"https:\/\/www.eldigitaldeasturias.com\/noticias\/#organization"},"image":{"@type":"ImageObject","url":484332},"datePublished":"2014-02-05T23:44:36+01:00","dateModified":"2014-02-05T23:44:36+01:00","inLanguage":"es-ES","mainEntityOfPage":{"@id":"https:\/\/www.eldigitaldeasturias.com\/noticias\/retrasan-a-marzo-la-comparecencia-de-altos-cargos-en-el-juicio-contra-mursi\/#webpage"},"isPartOf":{"@id":"https:\/\/www.eldigitaldeasturias.com\/noticias\/retrasan-a-marzo-la-comparecencia-de-altos-cargos-en-el-juicio-contra-mursi\/#webpage"},"articleSection":"Actualidad"},{"@type":"BreadcrumbList","@id":"https:\/\/www.eldigitaldeasturias.com\/noticias\/retrasan-a-marzo-la-comparecencia-de-altos-cargos-en-el-juicio-contra-mursi\/#breadcrumblist","itemListElement":[{"@type":"ListItem","@id":"https:\/\/www.eldigitaldeasturias.com\/noticias#listItem","position":1,"name":"Home","item":"https:\/\/www.eldigitaldeasturias.com\/noticias","nextItem":{"@type":"ListItem","@id":"https:\/\/www.eldigitaldeasturias.com\/noticias\/category\/actualidad\/#listItem","name":"Actualidad"}},{"@type":"ListItem","@id":"https:\/\/www.eldigitaldeasturias.com\/noticias\/category\/actualidad\/#listItem","position":2,"name":"Actualidad","item":"https:\/\/www.eldigitaldeasturias.com\/noticias\/category\/actualidad\/","nextItem":{"@type":"ListItem","@id":"https:\/\/www.eldigitaldeasturias.com\/noticias\/retrasan-a-marzo-la-comparecencia-de-altos-cargos-en-el-juicio-contra-mursi\/#listItem","name":"Retrasan a marzo la comparecencia de altos cargos en el juicio contra Mursi"},"previousItem":{"@type":"ListItem","@id":"https:\/\/www.eldigitaldeasturias.com\/noticias#listItem","name":"Home"}},{"@type":"ListItem","@id":"https:\/\/www.eldigitaldeasturias.com\/noticias\/retrasan-a-marzo-la-comparecencia-de-altos-cargos-en-el-juicio-contra-mursi\/#listItem","position":3,"name":"Retrasan a marzo la comparecencia de altos cargos en el juicio contra Mursi","previousItem":{"@type":"ListItem","@id":"https:\/\/www.eldigitaldeasturias.com\/noticias\/category\/actualidad\/#listItem","name":"Actualidad"}}]},{"@type":"Organization","@id":"https:\/\/www.eldigitaldeasturias.com\/noticias\/#organization","name":"El Digital de Asturias","description":"Hemeroteca","url":"https:\/\/www.eldigitaldeasturias.com\/noticias\/","email":"info@eldigitaldeasturias.com","telephone":"+34652131393","logo":{"@type":"ImageObject","url":"https:\/\/www.eldigitaldeasturias.com\/noticias\/wp-content\/uploads\/2020\/12\/EDA.jpg","@id":"https:\/\/www.eldigitaldeasturias.com\/noticias\/retrasan-a-marzo-la-comparecencia-de-altos-cargos-en-el-juicio-contra-mursi\/#organizationLogo"},"image":{"@id":"https:\/\/www.eldigitaldeasturias.com\/noticias\/retrasan-a-marzo-la-comparecencia-de-altos-cargos-en-el-juicio-contra-mursi\/#organizationLogo"},"sameAs":["https:\/\/facebook.com\/eldigitaldeasturias","https:\/\/www.youtube.com\/channel\/UCZP-2wLEB9Rv6erhFmqVnvg"],"address":{"@id":"https:\/\/www.eldigitaldeasturias.com\/noticias\/#postaladdress","@type":"PostalAddress","streetAddress":"san antonio 4","postalCode":"33430","addressLocality":"Cand\u00e1s","addressRegion":"Asturias","addressCountry":"ES"}},{"@type":"Person","@id":"https:\/\/www.eldigitaldeasturias.com\/noticias\/author\/admin\/#author","url":"https:\/\/www.eldigitaldeasturias.com\/noticias\/author\/admin\/","name":"El Digital de Asturias","image":{"@type":"ImageObject","@id":"https:\/\/www.eldigitaldeasturias.com\/noticias\/retrasan-a-marzo-la-comparecencia-de-altos-cargos-en-el-juicio-contra-mursi\/#authorImage","url":"https:\/\/secure.gravatar.com\/avatar\/df2aeffc32bcd13f8d26072ef8a91b623d677766deac7f97ca815868cd41bf5e?s=96&d=mm&r=g","width":96,"height":96,"caption":"El Digital de Asturias"}},{"@type":"WebPage","@id":"https:\/\/www.eldigitaldeasturias.com\/noticias\/retrasan-a-marzo-la-comparecencia-de-altos-cargos-en-el-juicio-contra-mursi\/#webpage","url":"https:\/\/www.eldigitaldeasturias.com\/noticias\/retrasan-a-marzo-la-comparecencia-de-altos-cargos-en-el-juicio-contra-mursi\/","name":"Retrasan a marzo la comparecencia de altos cargos en el juicio contra Mursi - El Digital de Asturias","description":"El Cairo, 5 feb (EFE).- El tribunal egipcio que juzga al depuesto presidente Mohamed Mursi y a otros catorce dirigentes islamistas por su supuesta implicaci\u00f3n en la muerte de manifestantes, retras\u00f3 hoy hasta el 1 de marzo la comparecencia de tres altos mandos de seguridad. Los tres responsables de la Guardia Republicana, entre los que","inLanguage":"es-ES","isPartOf":{"@id":"https:\/\/www.eldigitaldeasturias.com\/noticias\/#website"},"breadcrumb":{"@id":"https:\/\/www.eldigitaldeasturias.com\/noticias\/retrasan-a-marzo-la-comparecencia-de-altos-cargos-en-el-juicio-contra-mursi\/#breadcrumblist"},"author":{"@id":"https:\/\/www.eldigitaldeasturias.com\/noticias\/author\/admin\/#author"},"creator":{"@id":"https:\/\/www.eldigitaldeasturias.com\/noticias\/author\/admin\/#author"},"image":{"@type":"ImageObject","url":484332,"@id":"https:\/\/www.eldigitaldeasturias.com\/noticias\/retrasan-a-marzo-la-comparecencia-de-altos-cargos-en-el-juicio-contra-mursi\/#mainImage"},"primaryImageOfPage":{"@id":"https:\/\/www.eldigitaldeasturias.com\/noticias\/retrasan-a-marzo-la-comparecencia-de-altos-cargos-en-el-juicio-contra-mursi\/#mainImage"},"datePublished":"2014-02-05T23:44:36+01:00","dateModified":"2014-02-05T23:44:36+01:00"},{"@type":"WebSite","@id":"https:\/\/www.eldigitaldeasturias.com\/noticias\/#website","url":"https:\/\/www.eldigitaldeasturias.com\/noticias\/","name":"El Digital de Asturias - Diario de actualidad y noticias","alternateName":"El Digital de Asturias - Diario de actualidad y noticias","description":"Hemeroteca","inLanguage":"es-ES","publisher":{"@id":"https:\/\/www.eldigitaldeasturias.com\/noticias\/#organization"}}]},"og:locale":"es_ES","og:site_name":"El Digital de Asturias","og:type":"article","og:title":"Retrasan a marzo la comparecencia de altos cargos en el juicio contra Mursi - El Digital de Asturias","og:description":"El Cairo, 5 feb (EFE).- El tribunal egipcio que juzga al depuesto presidente Mohamed Mursi y a otros catorce dirigentes islamistas por su supuesta implicaci\u00f3n en la muerte de manifestantes, retras\u00f3 hoy hasta el 1 de marzo la comparecencia de tres altos mandos de seguridad. Los tres responsables de la Guardia Republicana, entre los que","og:url":"https:\/\/www.eldigitaldeasturias.com\/noticias\/retrasan-a-marzo-la-comparecencia-de-altos-cargos-en-el-juicio-contra-mursi\/","article:tag":["actualidad"],"article:published_time":"2014-02-06T00:44:36+00:00","article:modified_time":"2014-02-06T00:44:36+00:00","article:publisher":"https:\/\/facebook.com\/eldigitaldeasturias","twitter:card":"summary_large_image","twitter:title":"Retrasan a marzo la comparecencia de altos cargos en el juicio contra Mursi - El Digital de Asturias","twitter:description":"El Cairo, 5 feb (EFE).- El tribunal egipcio que juzga al depuesto presidente Mohamed Mursi y a otros catorce dirigentes islamistas por su supuesta implicaci\u00f3n en la muerte de manifestantes, retras\u00f3 hoy hasta el 1 de marzo la comparecencia de tres altos mandos de seguridad. Los tres responsables de la Guardia Republicana, entre los que","twitter:label1":"Escrito por","twitter:data1":"El Digital de Asturias","twitter:label2":"Tiempo de lectura estimado","twitter:data2":"2 minutos"},"aioseo_meta_data":{"post_id":"484331","title":null,"description":null,"keywords":null,"keyphrases":null,"primary_term":null,"canonical_url":null,"og_title":null,"og_description":null,"og_object_type":"default","og_image_type":"default","og_image_url":null,"og_image_width":null,"og_image_height":null,"og_image_custom_url":null,"og_image_custom_fields":null,"og_video":null,"og_custom_url":null,"og_article_section":null,"og_article_tags":null,"twitter_use_og":true,"twitter_card":"default","twitter_image_type":"default","twitter_image_url":null,"twitter_image_custom_url":null,"twitter_image_custom_fields":null,"twitter_title":null,"twitter_description":null,"schema":{"blockGraphs":[],"customGraphs":[],"default":{"data":{"Article":[],"Course":[],"Dataset":[],"FAQPage":[],"Movie":[],"Person":[],"Product":[],"ProductReview":[],"Car":[],"Recipe":[],"Service":[],"SoftwareApplication":[],"WebPage":[]},"graphName":"","isEnabled":true},"graphs":[],"defaultGraph":"","defaultPostTypeGraph":""},"schema_type":null,"schema_type_options":null,"pillar_content":false,"robots_default":true,"robots_noindex":false,"robots_noarchive":false,"robots_nosnippet":false,"robots_nofollow":false,"robots_noimageindex":false,"robots_noodp":false,"robots_notranslate":false,"robots_max_snippet":null,"robots_max_videopreview":null,"robots_max_imagepreview":"none","priority":null,"frequency":null,"local_seo":null,"seo_analyzer_scan_date":"2026-06-02 15:31:46","breadcrumb_settings":null,"limit_modified_date":false,"open_ai":null,"ai":null,"created":"2020-11-14 22:55:03","updated":"2026-06-02 15:31:46","focus_keyword":null,"additional_keywords":null,"truseo_locale":null},"aioseo_breadcrumb":"<div class=\"aioseo-breadcrumbs\"><span class=\"aioseo-breadcrumb\">\n\t<a href=\"https:\/\/www.eldigitaldeasturias.com\/noticias\" title=\"Home\">Home<\/a>\n<\/span><span class=\"aioseo-breadcrumb-separator\">\u2013<\/span><span class=\"aioseo-breadcrumb\">\n\t<a href=\"https:\/\/www.eldigitaldeasturias.com\/noticias\/category\/actualidad\/\" title=\"Actualidad\">Actualidad<\/a>\n<\/span><span class=\"aioseo-breadcrumb-separator\">\u2013<\/span><span class=\"aioseo-breadcrumb\">\n\t<a href=\"https:\/\/www.eldigitaldeasturias.com\/noticias\/retrasan-a-marzo-la-comparecencia-de-altos-cargos-en-el-juicio-contra-mursi\/\" title=\"Retrasan a marzo la comparecencia de altos cargos en el juicio contra Mursi\">Retrasan a marzo la comparecencia de altos cargos en el juicio contra Mursi<\/a>\n<\/span><\/div>","aioseo_breadcrumb_json":[{"label":"Home","link":"https:\/\/www.eldigitaldeasturias.com\/noticias"},{"label":"Actualidad","link":"https:\/\/www.eldigitaldeasturias.com\/noticias\/category\/actualidad\/"},{"label":"Retrasan a marzo la comparecencia de altos cargos en el juicio contra Mursi","link":"https:\/\/www.eldigitaldeasturias.com\/noticias\/retrasan-a-marzo-la-comparecencia-de-altos-cargos-en-el-juicio-contra-mursi\/"}],"_links":{"self":[{"href":"https:\/\/www.eldigitaldeasturias.com\/noticias\/wp-json\/wp\/v2\/posts\/484331","targetHints":{"allow":["GET"]}}],"collection":[{"href":"https:\/\/www.eldigitaldeasturias.com\/noticias\/wp-json\/wp\/v2\/posts"}],"about":[{"href":"https:\/\/www.eldigitaldeasturias.com\/noticias\/wp-json\/wp\/v2\/types\/post"}],"author":[{"embeddable":true,"href":"https:\/\/www.eldigitaldeasturias.com\/noticias\/wp-json\/wp\/v2\/users\/1"}],"replies":[{"embeddable":true,"href":"https:\/\/www.eldigitaldeasturias.com\/noticias\/wp-json\/wp\/v2\/comments?post=484331"}],"version-history":[{"count":0,"href":"https:\/\/www.eldigitaldeasturias.com\/noticias\/wp-json\/wp\/v2\/posts\/484331\/revisions"}],"wp:attachment":[{"href":"https:\/\/www.eldigitaldeasturias.com\/noticias\/wp-json\/wp\/v2\/media?parent=484331"}],"wp:term":[{"taxonomy":"category","embeddable":true,"href":"https:\/\/www.eldigitaldeasturias.com\/noticias\/wp-json\/wp\/v2\/categories?post=484331"},{"taxonomy":"post_tag","embeddable":true,"href":"https:\/\/www.eldigitaldeasturias.com\/noticias\/wp-json\/wp\/v2\/tags?post=484331"}],"curies":[{"name":"wp","href":"https:\/\/api.w.org\/{rel}","templated":true}]}}