{"id":484310,"date":"2014-02-05T23:28:01","date_gmt":"2014-02-06T00:28:01","guid":{"rendered":"http:\/\/www.eldigitaldeasturias.com\/noticias\/?p=484310"},"modified":"2014-02-05T23:28:01","modified_gmt":"2014-02-06T00:28:01","slug":"las-victimas-del-paro-son-familias-completas-y-jovenes-emigrantes-segun-la-epa","status":"publish","type":"post","link":"https:\/\/www.eldigitaldeasturias.com\/noticias\/las-victimas-del-paro-son-familias-completas-y-jovenes-emigrantes-segun-la-epa\/","title":{"rendered":"Las v\u00edctimas del paro son familias completas y j\u00f3venes emigrantes, seg\u00fan la EPA"},"content":{"rendered":"<p><img loading=\"lazy\" decoding=\"async\" class=\"alignleft size-medium wp-image-484311\" alt=\"5912634w\" src=\"https:\/\/www.eldigitaldeasturias.com\/noticias\/wp-content\/uploads\/2014\/02\/5912634w-360x242.jpg\" width=\"360\" height=\"242\" \/>Ourense, 5 feb (EFE).- Durante mucho tiempo se ha reflexionado sobre el t\u00f3pico de vivir para trabajar o trabajar para vivir. Sin embargo, en los \u00faltimos a\u00f1os, de la mano de la crisis econ\u00f3mica y el aumento del paro, ha tocado la pregunta de c\u00f3mo sobrevivir sin tener un trabajo.<\/p>\n<p>Seg\u00fan la \u00faltima Encuesta de Poblaci\u00f3n Activa (EPA), el n\u00famero de hogares gallegos con todos sus miembros en paro se ha situado en 92.800. La de E.O.F, que solo aporta sus siglas, es una de ellas.<\/p>\n<p>Mantiene a su familia en Ourense con una prestaci\u00f3n por desempleo de 389 euros al mes. \u00c9l est\u00e1 inactivo desde julio de 2013. Hasta entonces hab\u00eda trabajado en la hosteler\u00eda y en la construcci\u00f3n. Su \u00faltimo empleo fue a media jornada.<\/p>\n<p>Su pareja no encuentra un puesto de trabajo desde 2011. A su cargo tienen una peque\u00f1a de a\u00f1o y medio.<\/p>\n<p>\u00abCobro 389 euros de paro y pago 260 de alquiler\u00bb, explica este padre, y enumera como prioridades un techo en el que vivir, \u00abluego comer y pagar las facturas. O, a veces, haces una cosa o la otra\u00bb.<\/p>\n<p>La situaci\u00f3n de sus respectivos parientes no es muy boyante, pero \u00absomos como una pi\u00f1a y dentro de sus posibilidades nos ayudan. Si necesitamos pa\u00f1ales para la ni\u00f1a o leche ellos est\u00e1n ah\u00ed\u00bb.<\/p>\n<p>Tambi\u00e9n acuden a Cruz Roja, al Banco de Alimentos o a la Iglesia.<\/p>\n<p>En su d\u00eda a d\u00eda no falta una revisi\u00f3n diaria de todas las ofertas de trabajo. \u00abMiramos el peri\u00f3dico, llevamos curr\u00edculos por los negocios y tambi\u00e9n vamos al INEM a mirar las ofertas y los cursos\u00bb.<\/p>\n<p>Pero muchas veces \u00abdirectamente nos dicen que la cosa est\u00e1 muy complicada\u00bb.<\/p>\n<p>\u00abNo es f\u00e1cil estar as\u00ed todos los d\u00edas, solo piensas en c\u00f3mo conseguir dinero. El \u00e1nimo te lo da la ni\u00f1a, que no le falte de nada. No es que no deba, es que no puede faltarle de nada\u00bb, asegura.<\/p>\n<p>Pero pese a esta actitud vital, la realidad es dura: \u00abDe todos los juguetes, ropa o calzado que tiene la ni\u00f1a&#8230; compradas por nosotros ser\u00e1n dos o tres cosas, y para Reyes pasamos meses ahorrando dos o tres euros para comprarle algo, y, a\u00fan as\u00ed, nos pudimos gastar menos de 30 euros\u00bb.<\/p>\n<p>Los \u00abpeque\u00f1os lujos\u00bb est\u00e1n, por supuesto, fuera de su alcance.<\/p>\n<p>\u00abEn dos a\u00f1os y medio de relaci\u00f3n hemos salido a cenar dos veces, y nunca hemos ido de vacaciones o al cine\u00bb, relata. Lo \u00fanico que puede asegurar con orgullo es que \u00aba la ni\u00f1a no le falta de nada\u00bb.<\/p>\n<p>Uno de los segmentos que sufre duramente esta situaci\u00f3n es el de los j\u00f3venes. Seg\u00fan el Instituto Galego de Estad\u00edstica (IGE) la tasa de paro entre gallegos de entre 16 y 29 a\u00f1os ascendi\u00f3 hasta el 38,1% al finalizar el pasado a\u00f1o, casi dos puntos por encima con respecto a 2012.<\/p>\n<p>Andrea Rodr\u00edguez tiene 27 a\u00f1os y es natural de Vigo, aunque lleva siete meses en Nueva Zelanda. Forma parte de esa nueva generaci\u00f3n de emigrantes gallegos.<\/p>\n<p>Su curr\u00edculo acad\u00e9mico es cuando menos impresionante. Es licenciada en Periodismo por la Universidad de Santiago de Compostela y tiene un M\u00e1ster en Comunicaci\u00f3n Social, con especialidad en Comunicolog\u00eda por la Universidad Complutense de Madrid.<\/p>\n<p>Adem\u00e1s, estudi\u00f3 un ciclo superior en Realizaci\u00f3n de Audiovisuales y Espect\u00e1culos en la Escuela de Imagen y Sonido de Vigo. Y, por si no fuese suficiente, es Community Manager y habla espa\u00f1ol, gallego italiano e ingl\u00e9s.<\/p>\n<p>Pero, pese a esto, desde septiembre del 2011 no ha vuelto a trabajar en Espa\u00f1a. Despu\u00e9s de periodos de pr\u00e1cticas -\u00e9poca en la que incluso obtuvo una menci\u00f3n especial en los V Premios Galicia Solidarios de la ONCE- solo consigui\u00f3 que una televisi\u00f3n local la llamase una vez porque hab\u00edan encontrado su curr\u00edculo en la base de datos de alumnos de la Complutense.<\/p>\n<p>Le ofrecieron trabajar sin remuneraci\u00f3n y se indign\u00f3 al entender que su preparaci\u00f3n y conocimientos requer\u00edan una compensaci\u00f3n aunque fuese m\u00ednima.<\/p>\n<p>Tras mucho tiempo de b\u00fasqueda fallida de trabajo por otros puntos de Europa, tanto ella como su novio, un italiano que es ingeniero aeron\u00e1utico de profesi\u00f3n, decidieron poner rumbo a las ant\u00edpodas.<\/p>\n<p>\u00abRealmente, nos daba igual el destino, quer\u00edamos escapar y dejar atr\u00e1s la situaci\u00f3n que est\u00e1bamos viviendo desde hac\u00eda un a\u00f1o, as\u00ed que la decisi\u00f3n de marchar fue muy f\u00e1cil de tomar, y el irnos nos ha llenado de esperanza y energ\u00eda\u00bb, relata Andrea para EFE.<\/p>\n<p>Pero esto no ha sido \u00abuna aventura divertida como a veces califican los pol\u00edticos la emigraci\u00f3n juvenil. Las aventuras est\u00e1n muy bien cuando uno decide hacerlas libremente, no obligados por una situaci\u00f3n desesperante y sin salida\u00bb.<\/p>\n<p>Su decisi\u00f3n repercuti\u00f3 en su familia que \u00aben un primer momento se puso muy triste, pero en cuanto les mostr\u00e9 im\u00e1genes y datos sobre Nueva Zelanda se tranquilizaron y lo entendieron\u00bb.<\/p>\n<p>La que m\u00e1s apoyo le ha brindado ha sido su abuela de 89 a\u00f1os, \u00abesa se\u00f1ora que cuid\u00f3 a sus 7 hijos sola en el pueblo mientras su marido trabajaba en Alemania. Ella sabe mejor que nadie que emigrar es la soluci\u00f3n que queda\u00bb.<\/p>\n<p>\u00abLa integraci\u00f3n ha sido facil\u00edsima. Los neozelandeses son gente muy hospitalaria, generosa y educada, porque son un pa\u00eds lleno de emigrantes\u00bb, explica, pero deja claro que \u00abno he venido a la otra punta del mundo de vacaciones. De hecho, poco conozco del pa\u00eds. He venido a buscarme la vida, al igual que hizo mi abuelo hace 50 a\u00f1os. Soy una emigrante del siglo XXI, es decir, con estudios e idiomas\u00bb.<\/p>\n<p>Ambos, ella y su pareja, se encuentran inmersos en procesos de selecci\u00f3n para trabajos directamente relacionados con sus estudios. Con todo, dice Andrea, \u00abclaro que me gustar\u00eda volver a Galicia. A\u00fan no lo s\u00e9 seguro, pero espero quedarme en Nueva Zelanda unos dos o tres a\u00f1os m\u00ednimo y despu\u00e9s volver a Europa\u00bb.<\/p>\n<p>Desea que \u00ablas cosas cambien y que el panorama laboral gallego se presente atractivo y todos los gallegos que andamos por el mundo podamos volver a casa y dejar atr\u00e1s la morri\u00f1a\u00bb.<\/p>\n<p>Esto se ha hecho real en el caso de la periodista lucense Noem\u00ed Alonso. Despu\u00e9s de trabajar de camarera durante varios meses en febrero de 2013 recibi\u00f3 esa llamada que tantos esperan. Ahora se dedica a lo que m\u00e1s le gusta, la radio, de la mano de RNE en Pontevedra.<\/p>\n<p>\u00abCuando me llamaron no me lo pod\u00eda creer, me sent\u00ed muy contenta, recompensada por todo mi esfuerzo y el de todos aquellos que pelearon para que yo pudiese formarme\u00bb, ha dicho a EFE.<\/p>\n<p>Pero eso no la hace ajena a la realidad mayoritaria: \u00abLo \u00fanico malo de tener trabajo es que mis amigos no lo tienen\u00bb, concluye.<\/p>\n<p>Alba Chao<\/p>\n","protected":false},"excerpt":{"rendered":"<p>Ourense, 5 feb (EFE).- Durante mucho tiempo se ha reflexionado sobre el t\u00f3pico de vivir para trabajar o trabajar para vivir. Sin embargo, en los \u00faltimos a\u00f1os, de la mano de la crisis econ\u00f3mica y el aumento del paro, ha tocado la pregunta de c\u00f3mo sobrevivir sin tener un trabajo. Seg\u00fan la \u00faltima Encuesta de [&hellip;]<\/p>\n","protected":false},"author":1,"featured_media":484311,"comment_status":"closed","ping_status":"open","sticky":false,"template":"","format":"standard","meta":{"footnotes":""},"categories":[1],"tags":[],"class_list":["post-484310","post","type-post","status-publish","format-standard","has-post-thumbnail","hentry","category-actualidad"],"aioseo_notices":[],"aioseo_head":"\n\t\t<!-- All in One SEO Pro 5.0.1 - aioseo.com -->\n\t<meta name=\"description\" content=\"Ourense, 5 feb (EFE).- Durante mucho tiempo se ha reflexionado sobre el t\u00f3pico de vivir para trabajar o trabajar para vivir. Sin embargo, en los \u00faltimos a\u00f1os, de la mano de la crisis econ\u00f3mica y el aumento del paro, ha tocado la pregunta de c\u00f3mo sobrevivir sin tener un trabajo. Seg\u00fan la \u00faltima Encuesta de\" \/>\n\t<meta name=\"robots\" content=\"max-image-preview:large\" \/>\n\t<meta name=\"author\" content=\"El Digital de Asturias\"\/>\n\t<meta name=\"google-site-verification\" content=\"UA-38556648-1\" \/>\n\t<meta name=\"msvalidate.01\" content=\"7dfe9f3f1b24437ab69f4f2559babe99\" \/>\n\t<meta name=\"keywords\" content=\"actualidad\" \/>\n\t<link rel=\"canonical\" href=\"https:\/\/www.eldigitaldeasturias.com\/noticias\/las-victimas-del-paro-son-familias-completas-y-jovenes-emigrantes-segun-la-epa\/\" \/>\n\t<meta name=\"generator\" content=\"All in One SEO Pro (AIOSEO) 5.0.1\" \/>\n\t\t<meta property=\"og:locale\" content=\"es_ES\" \/>\n\t\t<meta property=\"og:site_name\" content=\"El Digital de Asturias\" \/>\n\t\t<meta property=\"og:type\" content=\"article\" \/>\n\t\t<meta property=\"og:title\" content=\"Las v\u00edctimas del paro son familias completas y j\u00f3venes emigrantes, seg\u00fan la EPA - El Digital de Asturias\" \/>\n\t\t<meta property=\"og:description\" content=\"Ourense, 5 feb (EFE).- Durante mucho tiempo se ha reflexionado sobre el t\u00f3pico de vivir para trabajar o trabajar para vivir. Sin embargo, en los \u00faltimos a\u00f1os, de la mano de la crisis econ\u00f3mica y el aumento del paro, ha tocado la pregunta de c\u00f3mo sobrevivir sin tener un trabajo. Seg\u00fan la \u00faltima Encuesta de\" \/>\n\t\t<meta property=\"og:url\" content=\"https:\/\/www.eldigitaldeasturias.com\/noticias\/las-victimas-del-paro-son-familias-completas-y-jovenes-emigrantes-segun-la-epa\/\" \/>\n\t\t<meta property=\"article:tag\" content=\"actualidad\" \/>\n\t\t<meta property=\"article:published_time\" content=\"2014-02-06T00:28:01+00:00\" \/>\n\t\t<meta property=\"article:modified_time\" content=\"2014-02-06T00:28:01+00:00\" \/>\n\t\t<meta property=\"article:publisher\" content=\"https:\/\/facebook.com\/eldigitaldeasturias\" \/>\n\t\t<meta name=\"twitter:card\" content=\"summary_large_image\" \/>\n\t\t<meta name=\"twitter:title\" content=\"Las v\u00edctimas del paro son familias completas y j\u00f3venes emigrantes, seg\u00fan la EPA - El Digital de Asturias\" \/>\n\t\t<meta name=\"twitter:description\" content=\"Ourense, 5 feb (EFE).- Durante mucho tiempo se ha reflexionado sobre el t\u00f3pico de vivir para trabajar o trabajar para vivir. Sin embargo, en los \u00faltimos a\u00f1os, de la mano de la crisis econ\u00f3mica y el aumento del paro, ha tocado la pregunta de c\u00f3mo sobrevivir sin tener un trabajo. Seg\u00fan la \u00faltima Encuesta de\" \/>\n\t\t<meta name=\"twitter:label1\" content=\"Escrito por\" \/>\n\t\t<meta name=\"twitter:data1\" content=\"El Digital de Asturias\" \/>\n\t\t<meta name=\"twitter:label2\" content=\"Tiempo de lectura estimado\" \/>\n\t\t<meta name=\"twitter:data2\" content=\"6 minutos\" \/>\n\t\t<script type=\"application\/ld+json\" class=\"aioseo-schema\">\n\t\t\t{\"@context\":\"https:\\\/\\\/schema.org\",\"@graph\":[{\"@type\":\"BlogPosting\",\"@id\":\"https:\\\/\\\/www.eldigitaldeasturias.com\\\/noticias\\\/las-victimas-del-paro-son-familias-completas-y-jovenes-emigrantes-segun-la-epa\\\/#blogposting\",\"name\":\"Las v\\u00edctimas del paro son familias completas y j\\u00f3venes emigrantes, seg\\u00fan la EPA - El Digital de Asturias\",\"headline\":\"Las v\\u00edctimas del paro son familias completas y j\\u00f3venes emigrantes, seg\\u00fan la EPA\",\"author\":{\"@id\":\"https:\\\/\\\/www.eldigitaldeasturias.com\\\/noticias\\\/author\\\/admin\\\/#author\"},\"publisher\":{\"@id\":\"https:\\\/\\\/www.eldigitaldeasturias.com\\\/noticias\\\/#organization\"},\"image\":{\"@type\":\"ImageObject\",\"url\":484311},\"datePublished\":\"2014-02-05T23:28:01+01:00\",\"dateModified\":\"2014-02-05T23:28:01+01:00\",\"inLanguage\":\"es-ES\",\"mainEntityOfPage\":{\"@id\":\"https:\\\/\\\/www.eldigitaldeasturias.com\\\/noticias\\\/las-victimas-del-paro-son-familias-completas-y-jovenes-emigrantes-segun-la-epa\\\/#webpage\"},\"isPartOf\":{\"@id\":\"https:\\\/\\\/www.eldigitaldeasturias.com\\\/noticias\\\/las-victimas-del-paro-son-familias-completas-y-jovenes-emigrantes-segun-la-epa\\\/#webpage\"},\"articleSection\":\"Actualidad\"},{\"@type\":\"BreadcrumbList\",\"@id\":\"https:\\\/\\\/www.eldigitaldeasturias.com\\\/noticias\\\/las-victimas-del-paro-son-familias-completas-y-jovenes-emigrantes-segun-la-epa\\\/#breadcrumblist\",\"itemListElement\":[{\"@type\":\"ListItem\",\"@id\":\"https:\\\/\\\/www.eldigitaldeasturias.com\\\/noticias#listItem\",\"position\":1,\"name\":\"Home\",\"item\":\"https:\\\/\\\/www.eldigitaldeasturias.com\\\/noticias\",\"nextItem\":{\"@type\":\"ListItem\",\"@id\":\"https:\\\/\\\/www.eldigitaldeasturias.com\\\/noticias\\\/category\\\/actualidad\\\/#listItem\",\"name\":\"Actualidad\"}},{\"@type\":\"ListItem\",\"@id\":\"https:\\\/\\\/www.eldigitaldeasturias.com\\\/noticias\\\/category\\\/actualidad\\\/#listItem\",\"position\":2,\"name\":\"Actualidad\",\"item\":\"https:\\\/\\\/www.eldigitaldeasturias.com\\\/noticias\\\/category\\\/actualidad\\\/\",\"nextItem\":{\"@type\":\"ListItem\",\"@id\":\"https:\\\/\\\/www.eldigitaldeasturias.com\\\/noticias\\\/las-victimas-del-paro-son-familias-completas-y-jovenes-emigrantes-segun-la-epa\\\/#listItem\",\"name\":\"Las v\\u00edctimas del paro son familias completas y j\\u00f3venes emigrantes, seg\\u00fan la EPA\"},\"previousItem\":{\"@type\":\"ListItem\",\"@id\":\"https:\\\/\\\/www.eldigitaldeasturias.com\\\/noticias#listItem\",\"name\":\"Home\"}},{\"@type\":\"ListItem\",\"@id\":\"https:\\\/\\\/www.eldigitaldeasturias.com\\\/noticias\\\/las-victimas-del-paro-son-familias-completas-y-jovenes-emigrantes-segun-la-epa\\\/#listItem\",\"position\":3,\"name\":\"Las v\\u00edctimas del paro son familias completas y j\\u00f3venes emigrantes, seg\\u00fan la EPA\",\"previousItem\":{\"@type\":\"ListItem\",\"@id\":\"https:\\\/\\\/www.eldigitaldeasturias.com\\\/noticias\\\/category\\\/actualidad\\\/#listItem\",\"name\":\"Actualidad\"}}]},{\"@type\":\"Organization\",\"@id\":\"https:\\\/\\\/www.eldigitaldeasturias.com\\\/noticias\\\/#organization\",\"name\":\"El Digital de Asturias\",\"description\":\"Hemeroteca\",\"url\":\"https:\\\/\\\/www.eldigitaldeasturias.com\\\/noticias\\\/\",\"email\":\"info@eldigitaldeasturias.com\",\"telephone\":\"+34652131393\",\"logo\":{\"@type\":\"ImageObject\",\"url\":\"https:\\\/\\\/www.eldigitaldeasturias.com\\\/noticias\\\/wp-content\\\/uploads\\\/2020\\\/12\\\/EDA.jpg\",\"@id\":\"https:\\\/\\\/www.eldigitaldeasturias.com\\\/noticias\\\/las-victimas-del-paro-son-familias-completas-y-jovenes-emigrantes-segun-la-epa\\\/#organizationLogo\"},\"image\":{\"@id\":\"https:\\\/\\\/www.eldigitaldeasturias.com\\\/noticias\\\/las-victimas-del-paro-son-familias-completas-y-jovenes-emigrantes-segun-la-epa\\\/#organizationLogo\"},\"sameAs\":[\"https:\\\/\\\/facebook.com\\\/eldigitaldeasturias\",\"https:\\\/\\\/www.youtube.com\\\/channel\\\/UCZP-2wLEB9Rv6erhFmqVnvg\"],\"address\":{\"@id\":\"https:\\\/\\\/www.eldigitaldeasturias.com\\\/noticias\\\/#postaladdress\",\"@type\":\"PostalAddress\",\"streetAddress\":\"san antonio 4\",\"postalCode\":\"33430\",\"addressLocality\":\"Cand\\u00e1s\",\"addressRegion\":\"Asturias\",\"addressCountry\":\"ES\"}},{\"@type\":\"Person\",\"@id\":\"https:\\\/\\\/www.eldigitaldeasturias.com\\\/noticias\\\/author\\\/admin\\\/#author\",\"url\":\"https:\\\/\\\/www.eldigitaldeasturias.com\\\/noticias\\\/author\\\/admin\\\/\",\"name\":\"El Digital de Asturias\",\"image\":{\"@type\":\"ImageObject\",\"@id\":\"https:\\\/\\\/www.eldigitaldeasturias.com\\\/noticias\\\/las-victimas-del-paro-son-familias-completas-y-jovenes-emigrantes-segun-la-epa\\\/#authorImage\",\"url\":\"https:\\\/\\\/secure.gravatar.com\\\/avatar\\\/df2aeffc32bcd13f8d26072ef8a91b623d677766deac7f97ca815868cd41bf5e?s=96&d=mm&r=g\",\"width\":96,\"height\":96,\"caption\":\"El Digital de Asturias\"}},{\"@type\":\"WebPage\",\"@id\":\"https:\\\/\\\/www.eldigitaldeasturias.com\\\/noticias\\\/las-victimas-del-paro-son-familias-completas-y-jovenes-emigrantes-segun-la-epa\\\/#webpage\",\"url\":\"https:\\\/\\\/www.eldigitaldeasturias.com\\\/noticias\\\/las-victimas-del-paro-son-familias-completas-y-jovenes-emigrantes-segun-la-epa\\\/\",\"name\":\"Las v\\u00edctimas del paro son familias completas y j\\u00f3venes emigrantes, seg\\u00fan la EPA - El Digital de Asturias\",\"description\":\"Ourense, 5 feb (EFE).- Durante mucho tiempo se ha reflexionado sobre el t\\u00f3pico de vivir para trabajar o trabajar para vivir. Sin embargo, en los \\u00faltimos a\\u00f1os, de la mano de la crisis econ\\u00f3mica y el aumento del paro, ha tocado la pregunta de c\\u00f3mo sobrevivir sin tener un trabajo. Seg\\u00fan la \\u00faltima Encuesta de\",\"inLanguage\":\"es-ES\",\"isPartOf\":{\"@id\":\"https:\\\/\\\/www.eldigitaldeasturias.com\\\/noticias\\\/#website\"},\"breadcrumb\":{\"@id\":\"https:\\\/\\\/www.eldigitaldeasturias.com\\\/noticias\\\/las-victimas-del-paro-son-familias-completas-y-jovenes-emigrantes-segun-la-epa\\\/#breadcrumblist\"},\"author\":{\"@id\":\"https:\\\/\\\/www.eldigitaldeasturias.com\\\/noticias\\\/author\\\/admin\\\/#author\"},\"creator\":{\"@id\":\"https:\\\/\\\/www.eldigitaldeasturias.com\\\/noticias\\\/author\\\/admin\\\/#author\"},\"image\":{\"@type\":\"ImageObject\",\"url\":484311,\"@id\":\"https:\\\/\\\/www.eldigitaldeasturias.com\\\/noticias\\\/las-victimas-del-paro-son-familias-completas-y-jovenes-emigrantes-segun-la-epa\\\/#mainImage\"},\"primaryImageOfPage\":{\"@id\":\"https:\\\/\\\/www.eldigitaldeasturias.com\\\/noticias\\\/las-victimas-del-paro-son-familias-completas-y-jovenes-emigrantes-segun-la-epa\\\/#mainImage\"},\"datePublished\":\"2014-02-05T23:28:01+01:00\",\"dateModified\":\"2014-02-05T23:28:01+01:00\"},{\"@type\":\"WebSite\",\"@id\":\"https:\\\/\\\/www.eldigitaldeasturias.com\\\/noticias\\\/#website\",\"url\":\"https:\\\/\\\/www.eldigitaldeasturias.com\\\/noticias\\\/\",\"name\":\"El Digital de Asturias - Diario de actualidad y noticias\",\"alternateName\":\"El Digital de Asturias - Diario de actualidad y noticias\",\"description\":\"Hemeroteca\",\"inLanguage\":\"es-ES\",\"publisher\":{\"@id\":\"https:\\\/\\\/www.eldigitaldeasturias.com\\\/noticias\\\/#organization\"}}]}\n\t\t<\/script>\n\t\t<!-- All in One SEO Pro -->\r\n\t\t<title>Las v\u00edctimas del paro son familias completas y j\u00f3venes emigrantes, seg\u00fan la EPA - El Digital de Asturias<\/title>\n\n","aioseo_head_json":{"title":"Las v\u00edctimas del paro son familias completas y j\u00f3venes emigrantes, seg\u00fan la EPA - El Digital de Asturias","description":"Ourense, 5 feb (EFE).- Durante mucho tiempo se ha reflexionado sobre el t\u00f3pico de vivir para trabajar o trabajar para vivir. Sin embargo, en los \u00faltimos a\u00f1os, de la mano de la crisis econ\u00f3mica y el aumento del paro, ha tocado la pregunta de c\u00f3mo sobrevivir sin tener un trabajo. Seg\u00fan la \u00faltima Encuesta de","canonical_url":"https:\/\/www.eldigitaldeasturias.com\/noticias\/las-victimas-del-paro-son-familias-completas-y-jovenes-emigrantes-segun-la-epa\/","robots":"max-image-preview:large","keywords":"actualidad","webmasterTools":{"google-site-verification":"UA-38556648-1","msvalidate.01":"7dfe9f3f1b24437ab69f4f2559babe99","miscellaneous":""},"schema":{"@context":"https:\/\/schema.org","@graph":[{"@type":"BlogPosting","@id":"https:\/\/www.eldigitaldeasturias.com\/noticias\/las-victimas-del-paro-son-familias-completas-y-jovenes-emigrantes-segun-la-epa\/#blogposting","name":"Las v\u00edctimas del paro son familias completas y j\u00f3venes emigrantes, seg\u00fan la EPA - El Digital de Asturias","headline":"Las v\u00edctimas del paro son familias completas y j\u00f3venes emigrantes, seg\u00fan la EPA","author":{"@id":"https:\/\/www.eldigitaldeasturias.com\/noticias\/author\/admin\/#author"},"publisher":{"@id":"https:\/\/www.eldigitaldeasturias.com\/noticias\/#organization"},"image":{"@type":"ImageObject","url":484311},"datePublished":"2014-02-05T23:28:01+01:00","dateModified":"2014-02-05T23:28:01+01:00","inLanguage":"es-ES","mainEntityOfPage":{"@id":"https:\/\/www.eldigitaldeasturias.com\/noticias\/las-victimas-del-paro-son-familias-completas-y-jovenes-emigrantes-segun-la-epa\/#webpage"},"isPartOf":{"@id":"https:\/\/www.eldigitaldeasturias.com\/noticias\/las-victimas-del-paro-son-familias-completas-y-jovenes-emigrantes-segun-la-epa\/#webpage"},"articleSection":"Actualidad"},{"@type":"BreadcrumbList","@id":"https:\/\/www.eldigitaldeasturias.com\/noticias\/las-victimas-del-paro-son-familias-completas-y-jovenes-emigrantes-segun-la-epa\/#breadcrumblist","itemListElement":[{"@type":"ListItem","@id":"https:\/\/www.eldigitaldeasturias.com\/noticias#listItem","position":1,"name":"Home","item":"https:\/\/www.eldigitaldeasturias.com\/noticias","nextItem":{"@type":"ListItem","@id":"https:\/\/www.eldigitaldeasturias.com\/noticias\/category\/actualidad\/#listItem","name":"Actualidad"}},{"@type":"ListItem","@id":"https:\/\/www.eldigitaldeasturias.com\/noticias\/category\/actualidad\/#listItem","position":2,"name":"Actualidad","item":"https:\/\/www.eldigitaldeasturias.com\/noticias\/category\/actualidad\/","nextItem":{"@type":"ListItem","@id":"https:\/\/www.eldigitaldeasturias.com\/noticias\/las-victimas-del-paro-son-familias-completas-y-jovenes-emigrantes-segun-la-epa\/#listItem","name":"Las v\u00edctimas del paro son familias completas y j\u00f3venes emigrantes, seg\u00fan la EPA"},"previousItem":{"@type":"ListItem","@id":"https:\/\/www.eldigitaldeasturias.com\/noticias#listItem","name":"Home"}},{"@type":"ListItem","@id":"https:\/\/www.eldigitaldeasturias.com\/noticias\/las-victimas-del-paro-son-familias-completas-y-jovenes-emigrantes-segun-la-epa\/#listItem","position":3,"name":"Las v\u00edctimas del paro son familias completas y j\u00f3venes emigrantes, seg\u00fan la EPA","previousItem":{"@type":"ListItem","@id":"https:\/\/www.eldigitaldeasturias.com\/noticias\/category\/actualidad\/#listItem","name":"Actualidad"}}]},{"@type":"Organization","@id":"https:\/\/www.eldigitaldeasturias.com\/noticias\/#organization","name":"El Digital de Asturias","description":"Hemeroteca","url":"https:\/\/www.eldigitaldeasturias.com\/noticias\/","email":"info@eldigitaldeasturias.com","telephone":"+34652131393","logo":{"@type":"ImageObject","url":"https:\/\/www.eldigitaldeasturias.com\/noticias\/wp-content\/uploads\/2020\/12\/EDA.jpg","@id":"https:\/\/www.eldigitaldeasturias.com\/noticias\/las-victimas-del-paro-son-familias-completas-y-jovenes-emigrantes-segun-la-epa\/#organizationLogo"},"image":{"@id":"https:\/\/www.eldigitaldeasturias.com\/noticias\/las-victimas-del-paro-son-familias-completas-y-jovenes-emigrantes-segun-la-epa\/#organizationLogo"},"sameAs":["https:\/\/facebook.com\/eldigitaldeasturias","https:\/\/www.youtube.com\/channel\/UCZP-2wLEB9Rv6erhFmqVnvg"],"address":{"@id":"https:\/\/www.eldigitaldeasturias.com\/noticias\/#postaladdress","@type":"PostalAddress","streetAddress":"san antonio 4","postalCode":"33430","addressLocality":"Cand\u00e1s","addressRegion":"Asturias","addressCountry":"ES"}},{"@type":"Person","@id":"https:\/\/www.eldigitaldeasturias.com\/noticias\/author\/admin\/#author","url":"https:\/\/www.eldigitaldeasturias.com\/noticias\/author\/admin\/","name":"El Digital de Asturias","image":{"@type":"ImageObject","@id":"https:\/\/www.eldigitaldeasturias.com\/noticias\/las-victimas-del-paro-son-familias-completas-y-jovenes-emigrantes-segun-la-epa\/#authorImage","url":"https:\/\/secure.gravatar.com\/avatar\/df2aeffc32bcd13f8d26072ef8a91b623d677766deac7f97ca815868cd41bf5e?s=96&d=mm&r=g","width":96,"height":96,"caption":"El Digital de Asturias"}},{"@type":"WebPage","@id":"https:\/\/www.eldigitaldeasturias.com\/noticias\/las-victimas-del-paro-son-familias-completas-y-jovenes-emigrantes-segun-la-epa\/#webpage","url":"https:\/\/www.eldigitaldeasturias.com\/noticias\/las-victimas-del-paro-son-familias-completas-y-jovenes-emigrantes-segun-la-epa\/","name":"Las v\u00edctimas del paro son familias completas y j\u00f3venes emigrantes, seg\u00fan la EPA - El Digital de Asturias","description":"Ourense, 5 feb (EFE).- Durante mucho tiempo se ha reflexionado sobre el t\u00f3pico de vivir para trabajar o trabajar para vivir. Sin embargo, en los \u00faltimos a\u00f1os, de la mano de la crisis econ\u00f3mica y el aumento del paro, ha tocado la pregunta de c\u00f3mo sobrevivir sin tener un trabajo. Seg\u00fan la \u00faltima Encuesta de","inLanguage":"es-ES","isPartOf":{"@id":"https:\/\/www.eldigitaldeasturias.com\/noticias\/#website"},"breadcrumb":{"@id":"https:\/\/www.eldigitaldeasturias.com\/noticias\/las-victimas-del-paro-son-familias-completas-y-jovenes-emigrantes-segun-la-epa\/#breadcrumblist"},"author":{"@id":"https:\/\/www.eldigitaldeasturias.com\/noticias\/author\/admin\/#author"},"creator":{"@id":"https:\/\/www.eldigitaldeasturias.com\/noticias\/author\/admin\/#author"},"image":{"@type":"ImageObject","url":484311,"@id":"https:\/\/www.eldigitaldeasturias.com\/noticias\/las-victimas-del-paro-son-familias-completas-y-jovenes-emigrantes-segun-la-epa\/#mainImage"},"primaryImageOfPage":{"@id":"https:\/\/www.eldigitaldeasturias.com\/noticias\/las-victimas-del-paro-son-familias-completas-y-jovenes-emigrantes-segun-la-epa\/#mainImage"},"datePublished":"2014-02-05T23:28:01+01:00","dateModified":"2014-02-05T23:28:01+01:00"},{"@type":"WebSite","@id":"https:\/\/www.eldigitaldeasturias.com\/noticias\/#website","url":"https:\/\/www.eldigitaldeasturias.com\/noticias\/","name":"El Digital de Asturias - Diario de actualidad y noticias","alternateName":"El Digital de Asturias - Diario de actualidad y noticias","description":"Hemeroteca","inLanguage":"es-ES","publisher":{"@id":"https:\/\/www.eldigitaldeasturias.com\/noticias\/#organization"}}]},"og:locale":"es_ES","og:site_name":"El Digital de Asturias","og:type":"article","og:title":"Las v\u00edctimas del paro son familias completas y j\u00f3venes emigrantes, seg\u00fan la EPA - El Digital de Asturias","og:description":"Ourense, 5 feb (EFE).- Durante mucho tiempo se ha reflexionado sobre el t\u00f3pico de vivir para trabajar o trabajar para vivir. Sin embargo, en los \u00faltimos a\u00f1os, de la mano de la crisis econ\u00f3mica y el aumento del paro, ha tocado la pregunta de c\u00f3mo sobrevivir sin tener un trabajo. Seg\u00fan la \u00faltima Encuesta de","og:url":"https:\/\/www.eldigitaldeasturias.com\/noticias\/las-victimas-del-paro-son-familias-completas-y-jovenes-emigrantes-segun-la-epa\/","article:tag":["actualidad"],"article:published_time":"2014-02-06T00:28:01+00:00","article:modified_time":"2014-02-06T00:28:01+00:00","article:publisher":"https:\/\/facebook.com\/eldigitaldeasturias","twitter:card":"summary_large_image","twitter:title":"Las v\u00edctimas del paro son familias completas y j\u00f3venes emigrantes, seg\u00fan la EPA - El Digital de Asturias","twitter:description":"Ourense, 5 feb (EFE).- Durante mucho tiempo se ha reflexionado sobre el t\u00f3pico de vivir para trabajar o trabajar para vivir. Sin embargo, en los \u00faltimos a\u00f1os, de la mano de la crisis econ\u00f3mica y el aumento del paro, ha tocado la pregunta de c\u00f3mo sobrevivir sin tener un trabajo. Seg\u00fan la \u00faltima Encuesta de","twitter:label1":"Escrito por","twitter:data1":"El Digital de Asturias","twitter:label2":"Tiempo de lectura estimado","twitter:data2":"6 minutos"},"aioseo_meta_data":{"post_id":"484310","title":null,"description":null,"keywords":null,"keyphrases":null,"primary_term":null,"canonical_url":null,"og_title":null,"og_description":null,"og_object_type":"default","og_image_type":"default","og_image_url":null,"og_image_width":null,"og_image_height":null,"og_image_custom_url":null,"og_image_custom_fields":null,"og_video":null,"og_custom_url":null,"og_article_section":null,"og_article_tags":null,"twitter_use_og":true,"twitter_card":"default","twitter_image_type":"default","twitter_image_url":null,"twitter_image_custom_url":null,"twitter_image_custom_fields":null,"twitter_title":null,"twitter_description":null,"schema":{"blockGraphs":[],"customGraphs":[],"default":{"data":{"Article":[],"Course":[],"Dataset":[],"FAQPage":[],"Movie":[],"Person":[],"Product":[],"ProductReview":[],"Car":[],"Recipe":[],"Service":[],"SoftwareApplication":[],"WebPage":[]},"graphName":"","isEnabled":true},"graphs":[],"defaultGraph":"","defaultPostTypeGraph":""},"schema_type":null,"schema_type_options":null,"pillar_content":false,"robots_default":true,"robots_noindex":false,"robots_noarchive":false,"robots_nosnippet":false,"robots_nofollow":false,"robots_noimageindex":false,"robots_noodp":false,"robots_notranslate":false,"robots_max_snippet":null,"robots_max_videopreview":null,"robots_max_imagepreview":"none","priority":null,"frequency":null,"local_seo":null,"seo_analyzer_scan_date":"2026-06-02 15:28:07","breadcrumb_settings":null,"limit_modified_date":false,"open_ai":null,"ai":null,"created":"2020-11-14 22:55:03","updated":"2026-06-02 15:28:07","focus_keyword":null,"additional_keywords":null,"truseo_locale":null},"aioseo_breadcrumb":"<div class=\"aioseo-breadcrumbs\"><span class=\"aioseo-breadcrumb\">\n\t<a href=\"https:\/\/www.eldigitaldeasturias.com\/noticias\" title=\"Home\">Home<\/a>\n<\/span><span class=\"aioseo-breadcrumb-separator\">\u2013<\/span><span class=\"aioseo-breadcrumb\">\n\t<a href=\"https:\/\/www.eldigitaldeasturias.com\/noticias\/category\/actualidad\/\" title=\"Actualidad\">Actualidad<\/a>\n<\/span><span class=\"aioseo-breadcrumb-separator\">\u2013<\/span><span class=\"aioseo-breadcrumb\">\n\t<a href=\"https:\/\/www.eldigitaldeasturias.com\/noticias\/las-victimas-del-paro-son-familias-completas-y-jovenes-emigrantes-segun-la-epa\/\" title=\"Las v\u00edctimas del paro son familias completas y j\u00f3venes emigrantes, seg\u00fan la EPA\">Las v\u00edctimas del paro son familias completas y j\u00f3venes emigrantes, seg\u00fan la EPA<\/a>\n<\/span><\/div>","aioseo_breadcrumb_json":[{"label":"Home","link":"https:\/\/www.eldigitaldeasturias.com\/noticias"},{"label":"Actualidad","link":"https:\/\/www.eldigitaldeasturias.com\/noticias\/category\/actualidad\/"},{"label":"Las v\u00edctimas del paro son familias completas y j\u00f3venes emigrantes, seg\u00fan la EPA","link":"https:\/\/www.eldigitaldeasturias.com\/noticias\/las-victimas-del-paro-son-familias-completas-y-jovenes-emigrantes-segun-la-epa\/"}],"_links":{"self":[{"href":"https:\/\/www.eldigitaldeasturias.com\/noticias\/wp-json\/wp\/v2\/posts\/484310","targetHints":{"allow":["GET"]}}],"collection":[{"href":"https:\/\/www.eldigitaldeasturias.com\/noticias\/wp-json\/wp\/v2\/posts"}],"about":[{"href":"https:\/\/www.eldigitaldeasturias.com\/noticias\/wp-json\/wp\/v2\/types\/post"}],"author":[{"embeddable":true,"href":"https:\/\/www.eldigitaldeasturias.com\/noticias\/wp-json\/wp\/v2\/users\/1"}],"replies":[{"embeddable":true,"href":"https:\/\/www.eldigitaldeasturias.com\/noticias\/wp-json\/wp\/v2\/comments?post=484310"}],"version-history":[{"count":0,"href":"https:\/\/www.eldigitaldeasturias.com\/noticias\/wp-json\/wp\/v2\/posts\/484310\/revisions"}],"wp:attachment":[{"href":"https:\/\/www.eldigitaldeasturias.com\/noticias\/wp-json\/wp\/v2\/media?parent=484310"}],"wp:term":[{"taxonomy":"category","embeddable":true,"href":"https:\/\/www.eldigitaldeasturias.com\/noticias\/wp-json\/wp\/v2\/categories?post=484310"},{"taxonomy":"post_tag","embeddable":true,"href":"https:\/\/www.eldigitaldeasturias.com\/noticias\/wp-json\/wp\/v2\/tags?post=484310"}],"curies":[{"name":"wp","href":"https:\/\/api.w.org\/{rel}","templated":true}]}}