{"id":484289,"date":"2014-02-05T23:20:21","date_gmt":"2014-02-06T00:20:21","guid":{"rendered":"http:\/\/www.eldigitaldeasturias.com\/noticias\/?p=484289"},"modified":"2014-02-05T23:20:21","modified_gmt":"2014-02-06T00:20:21","slug":"el-temporal-de-viento-y-lluvia-azota-con-fuerza-europa-occidental","status":"publish","type":"post","link":"https:\/\/www.eldigitaldeasturias.com\/noticias\/el-temporal-de-viento-y-lluvia-azota-con-fuerza-europa-occidental\/","title":{"rendered":"El temporal de viento y lluvia azota con fuerza Europa Occidental"},"content":{"rendered":"<p><img loading=\"lazy\" decoding=\"async\" class=\"alignleft size-medium wp-image-484290\" alt=\"5911848w\" src=\"https:\/\/www.eldigitaldeasturias.com\/noticias\/wp-content\/uploads\/2014\/02\/5911848w-360x255.jpg\" width=\"360\" height=\"255\" \/>Redacci\u00f3n de Internacional, 5 feb (EFE).- El temporal de viento y lluvia azota con fuerza Europa Occidental, donde se han visto afectados miles de hogares, l\u00edneas el\u00e9ctricas, carreteras y v\u00edas f\u00e9rreas.<\/p>\n<p>En Francia, el temporal de viento y lluvia que sacudi\u00f3 la pasada noche toda la costa atl\u00e1ntica francesa gener\u00f3 r\u00e1fagas con picos superiores a los 150 kil\u00f3metros por hora en Breta\u00f1a, donde los da\u00f1os en las l\u00edneas el\u00e9ctricas privaron de corriente a varias decenas de miles de viviendas.<\/p>\n<p>Durante la noche hasta 40.000 hogares se quedaron sin corriente, una cifra que se hab\u00eda reducido a 25.000 a media ma\u00f1ana.<\/p>\n<p>La borrasca \u00abPetra\u00bb, que barre la fachada atl\u00e1ntica europea, provoc\u00f3 la pasada noche olas de entre 10 y 14 metros en Breta\u00f1a, donde caus\u00f3 desperfectos en algunas infraestructuras en la l\u00ednea de la costa.<\/p>\n<p>Adem\u00e1s, el carguero espa\u00f1ol \u00abLuno\u00bb se parti\u00f3 hoy en dos tras embarrancar en la costa vascofrancesa, en las proximidades de la ciudad de Anglet, y uno de los 12 miembros de la tripulaci\u00f3n, que ha sido evacuada en helic\u00f3ptero, result\u00f3 herido, aunque su estado no es grave.<\/p>\n<p>En el Reino Unido, miles de hogares en el suroeste de Inglaterra y en Gales est\u00e1n hoy sin electricidad por las fuertes lluvias que afectan a estas zonas, castigada tambi\u00e9n por inundaciones, que tambi\u00e9n han afectado a los servicios ferroviarios, informaron las autoridades locales.<\/p>\n<p>Unos 44.000 clientes se han visto afectados por la ca\u00edda del suministro el\u00e9ctrico, tras las intensas lluvias ca\u00eddas en las \u00faltimas horas, que se suman al mal tiempo que afecta a esta regi\u00f3n desde hace m\u00e1s de un mes.<\/p>\n<p>En Gales, numerosas carreteras han tenido que cerrarse al tr\u00e1fico por la ca\u00edda de \u00e1rboles y por inundaciones.<\/p>\n<p>Toda la costa portuguesa est\u00e1 en situaci\u00f3n de alerta naranja, la segunda m\u00e1s grave de una escala de cuatro, a causa del temporal de viento y lluvia.<\/p>\n<p>La marina ha prohibido el tr\u00e1fico mar\u00edtimo en varios puertos del norte del pa\u00eds ante la previsi\u00f3n de olas que pueden alcanzar los 10 metros de altura.<\/p>\n<p>En el interior, Viana do Castelo, Braga, Vila Real, Bragan\u00e7a, Oporto y Viseo, -todos en el norte-, est\u00e1n bajo alerta amarilla ante la posibilidad de fuertes nevadas, aunque la situaci\u00f3n m\u00e1s preocupante es la que afecta a las islas occidentales de las Azores, para las que se ha emitido una alerta roja (situaci\u00f3n meteorol\u00f3gica de riesgo extremo) por los pron\u00f3sticos de vientos muy fuertes.<\/p>\n<p>El temporal de lluvia y viento que azota Irlanda ha provocado inundaciones en localidades de todo el pa\u00eds, sobre todo en el sur, donde unos 10.000 usuarios est\u00e1n hoy sin electricidad, aunque no se han registrado da\u00f1os personales.<\/p>\n<p>Entre las ciudades m\u00e1s afectadas destaca Cork (sur), la segunda m\u00e1s importante de Irlanda, donde la pasada noche la crecida del mar hizo llegar el agua hasta su centro urbano, que qued\u00f3 aislado durante horas.<\/p>\n<p>A las abundantes precipitaciones y los fuertes vientos se han unido las crecidas de las mareas y los r\u00edos, lo que ha contribuido a anegar muchas localidades, sobre todo las costeras.<\/p>\n<p>En Europa Central, Eslovenia sigue paralizada hoy por un temporal de nieve y hielo que ha derribado numerosos \u00e1rboles y postes de electricidad, lo que mantiene sin suministro de energ\u00eda a unos 50.000 hogares, seg\u00fan la prensa eslovena.<\/p>\n<p>El viento, junto a precipitaciones de lluvia helada, han causado en las \u00faltimas horas nuevas ca\u00eddas de \u00e1rboles, cubiertos por enormes placas de hielo, y que bloquean adem\u00e1s el transporte por carretera en numerosas zonas.<\/p>\n<p>La llegada de grupos electr\u00f3genos port\u00e1tiles desde Alemania, Austria, la Rep\u00fablica Checa y Croacia ha ayudado a paliar la falta de energ\u00eda.<\/p>\n","protected":false},"excerpt":{"rendered":"<p>Redacci\u00f3n de Internacional, 5 feb (EFE).- El temporal de viento y lluvia azota con fuerza Europa Occidental, donde se han visto afectados miles de hogares, l\u00edneas el\u00e9ctricas, carreteras y v\u00edas f\u00e9rreas. En Francia, el temporal de viento y lluvia que sacudi\u00f3 la pasada noche toda la costa atl\u00e1ntica francesa gener\u00f3 r\u00e1fagas con picos superiores a [&hellip;]<\/p>\n","protected":false},"author":1,"featured_media":484290,"comment_status":"closed","ping_status":"open","sticky":false,"template":"","format":"standard","meta":{"footnotes":""},"categories":[1],"tags":[],"class_list":["post-484289","post","type-post","status-publish","format-standard","has-post-thumbnail","hentry","category-actualidad"],"aioseo_notices":[],"aioseo_head":"\n\t\t<!-- All in One SEO Pro 5.0.1 - aioseo.com -->\n\t<meta name=\"description\" content=\"Redacci\u00f3n de Internacional, 5 feb (EFE).- El temporal de viento y lluvia azota con fuerza Europa Occidental, donde se han visto afectados miles de hogares, l\u00edneas el\u00e9ctricas, carreteras y v\u00edas f\u00e9rreas. En Francia, el temporal de viento y lluvia que sacudi\u00f3 la pasada noche toda la costa atl\u00e1ntica francesa gener\u00f3 r\u00e1fagas con picos superiores a\" \/>\n\t<meta name=\"robots\" content=\"max-image-preview:large\" \/>\n\t<meta name=\"author\" content=\"El Digital de Asturias\"\/>\n\t<meta name=\"google-site-verification\" content=\"UA-38556648-1\" \/>\n\t<meta name=\"msvalidate.01\" content=\"7dfe9f3f1b24437ab69f4f2559babe99\" \/>\n\t<meta name=\"keywords\" content=\"actualidad\" \/>\n\t<link rel=\"canonical\" href=\"https:\/\/www.eldigitaldeasturias.com\/noticias\/el-temporal-de-viento-y-lluvia-azota-con-fuerza-europa-occidental\/\" \/>\n\t<meta name=\"generator\" content=\"All in One SEO Pro (AIOSEO) 5.0.1\" \/>\n\t\t<meta property=\"og:locale\" content=\"es_ES\" \/>\n\t\t<meta property=\"og:site_name\" content=\"El Digital de Asturias\" \/>\n\t\t<meta property=\"og:type\" content=\"article\" \/>\n\t\t<meta property=\"og:title\" content=\"El temporal de viento y lluvia azota con fuerza Europa Occidental - El Digital de Asturias\" \/>\n\t\t<meta property=\"og:description\" content=\"Redacci\u00f3n de Internacional, 5 feb (EFE).- El temporal de viento y lluvia azota con fuerza Europa Occidental, donde se han visto afectados miles de hogares, l\u00edneas el\u00e9ctricas, carreteras y v\u00edas f\u00e9rreas. En Francia, el temporal de viento y lluvia que sacudi\u00f3 la pasada noche toda la costa atl\u00e1ntica francesa gener\u00f3 r\u00e1fagas con picos superiores a\" \/>\n\t\t<meta property=\"og:url\" content=\"https:\/\/www.eldigitaldeasturias.com\/noticias\/el-temporal-de-viento-y-lluvia-azota-con-fuerza-europa-occidental\/\" \/>\n\t\t<meta property=\"article:tag\" content=\"actualidad\" \/>\n\t\t<meta property=\"article:published_time\" content=\"2014-02-06T00:20:21+00:00\" \/>\n\t\t<meta property=\"article:modified_time\" content=\"2014-02-06T00:20:21+00:00\" \/>\n\t\t<meta property=\"article:publisher\" content=\"https:\/\/facebook.com\/eldigitaldeasturias\" \/>\n\t\t<meta name=\"twitter:card\" content=\"summary_large_image\" \/>\n\t\t<meta name=\"twitter:title\" content=\"El temporal de viento y lluvia azota con fuerza Europa Occidental - El Digital de Asturias\" \/>\n\t\t<meta name=\"twitter:description\" content=\"Redacci\u00f3n de Internacional, 5 feb (EFE).- El temporal de viento y lluvia azota con fuerza Europa Occidental, donde se han visto afectados miles de hogares, l\u00edneas el\u00e9ctricas, carreteras y v\u00edas f\u00e9rreas. En Francia, el temporal de viento y lluvia que sacudi\u00f3 la pasada noche toda la costa atl\u00e1ntica francesa gener\u00f3 r\u00e1fagas con picos superiores a\" \/>\n\t\t<meta name=\"twitter:label1\" content=\"Escrito por\" \/>\n\t\t<meta name=\"twitter:data1\" content=\"El Digital de Asturias\" \/>\n\t\t<meta name=\"twitter:label2\" content=\"Tiempo de lectura estimado\" \/>\n\t\t<meta name=\"twitter:data2\" content=\"3 minutos\" \/>\n\t\t<script type=\"application\/ld+json\" class=\"aioseo-schema\">\n\t\t\t{\"@context\":\"https:\\\/\\\/schema.org\",\"@graph\":[{\"@type\":\"BlogPosting\",\"@id\":\"https:\\\/\\\/www.eldigitaldeasturias.com\\\/noticias\\\/el-temporal-de-viento-y-lluvia-azota-con-fuerza-europa-occidental\\\/#blogposting\",\"name\":\"El temporal de viento y lluvia azota con fuerza Europa Occidental - El Digital de Asturias\",\"headline\":\"El temporal de viento y lluvia azota con fuerza Europa Occidental\",\"author\":{\"@id\":\"https:\\\/\\\/www.eldigitaldeasturias.com\\\/noticias\\\/author\\\/admin\\\/#author\"},\"publisher\":{\"@id\":\"https:\\\/\\\/www.eldigitaldeasturias.com\\\/noticias\\\/#organization\"},\"image\":{\"@type\":\"ImageObject\",\"url\":484290},\"datePublished\":\"2014-02-05T23:20:21+01:00\",\"dateModified\":\"2014-02-05T23:20:21+01:00\",\"inLanguage\":\"es-ES\",\"mainEntityOfPage\":{\"@id\":\"https:\\\/\\\/www.eldigitaldeasturias.com\\\/noticias\\\/el-temporal-de-viento-y-lluvia-azota-con-fuerza-europa-occidental\\\/#webpage\"},\"isPartOf\":{\"@id\":\"https:\\\/\\\/www.eldigitaldeasturias.com\\\/noticias\\\/el-temporal-de-viento-y-lluvia-azota-con-fuerza-europa-occidental\\\/#webpage\"},\"articleSection\":\"Actualidad\"},{\"@type\":\"BreadcrumbList\",\"@id\":\"https:\\\/\\\/www.eldigitaldeasturias.com\\\/noticias\\\/el-temporal-de-viento-y-lluvia-azota-con-fuerza-europa-occidental\\\/#breadcrumblist\",\"itemListElement\":[{\"@type\":\"ListItem\",\"@id\":\"https:\\\/\\\/www.eldigitaldeasturias.com\\\/noticias#listItem\",\"position\":1,\"name\":\"Home\",\"item\":\"https:\\\/\\\/www.eldigitaldeasturias.com\\\/noticias\",\"nextItem\":{\"@type\":\"ListItem\",\"@id\":\"https:\\\/\\\/www.eldigitaldeasturias.com\\\/noticias\\\/category\\\/actualidad\\\/#listItem\",\"name\":\"Actualidad\"}},{\"@type\":\"ListItem\",\"@id\":\"https:\\\/\\\/www.eldigitaldeasturias.com\\\/noticias\\\/category\\\/actualidad\\\/#listItem\",\"position\":2,\"name\":\"Actualidad\",\"item\":\"https:\\\/\\\/www.eldigitaldeasturias.com\\\/noticias\\\/category\\\/actualidad\\\/\",\"nextItem\":{\"@type\":\"ListItem\",\"@id\":\"https:\\\/\\\/www.eldigitaldeasturias.com\\\/noticias\\\/el-temporal-de-viento-y-lluvia-azota-con-fuerza-europa-occidental\\\/#listItem\",\"name\":\"El temporal de viento y lluvia azota con fuerza Europa Occidental\"},\"previousItem\":{\"@type\":\"ListItem\",\"@id\":\"https:\\\/\\\/www.eldigitaldeasturias.com\\\/noticias#listItem\",\"name\":\"Home\"}},{\"@type\":\"ListItem\",\"@id\":\"https:\\\/\\\/www.eldigitaldeasturias.com\\\/noticias\\\/el-temporal-de-viento-y-lluvia-azota-con-fuerza-europa-occidental\\\/#listItem\",\"position\":3,\"name\":\"El temporal de viento y lluvia azota con fuerza Europa Occidental\",\"previousItem\":{\"@type\":\"ListItem\",\"@id\":\"https:\\\/\\\/www.eldigitaldeasturias.com\\\/noticias\\\/category\\\/actualidad\\\/#listItem\",\"name\":\"Actualidad\"}}]},{\"@type\":\"Organization\",\"@id\":\"https:\\\/\\\/www.eldigitaldeasturias.com\\\/noticias\\\/#organization\",\"name\":\"El Digital de Asturias\",\"description\":\"Hemeroteca\",\"url\":\"https:\\\/\\\/www.eldigitaldeasturias.com\\\/noticias\\\/\",\"email\":\"info@eldigitaldeasturias.com\",\"telephone\":\"+34652131393\",\"logo\":{\"@type\":\"ImageObject\",\"url\":\"https:\\\/\\\/www.eldigitaldeasturias.com\\\/noticias\\\/wp-content\\\/uploads\\\/2020\\\/12\\\/EDA.jpg\",\"@id\":\"https:\\\/\\\/www.eldigitaldeasturias.com\\\/noticias\\\/el-temporal-de-viento-y-lluvia-azota-con-fuerza-europa-occidental\\\/#organizationLogo\"},\"image\":{\"@id\":\"https:\\\/\\\/www.eldigitaldeasturias.com\\\/noticias\\\/el-temporal-de-viento-y-lluvia-azota-con-fuerza-europa-occidental\\\/#organizationLogo\"},\"sameAs\":[\"https:\\\/\\\/facebook.com\\\/eldigitaldeasturias\",\"https:\\\/\\\/www.youtube.com\\\/channel\\\/UCZP-2wLEB9Rv6erhFmqVnvg\"],\"address\":{\"@id\":\"https:\\\/\\\/www.eldigitaldeasturias.com\\\/noticias\\\/#postaladdress\",\"@type\":\"PostalAddress\",\"streetAddress\":\"san antonio 4\",\"postalCode\":\"33430\",\"addressLocality\":\"Cand\\u00e1s\",\"addressRegion\":\"Asturias\",\"addressCountry\":\"ES\"}},{\"@type\":\"Person\",\"@id\":\"https:\\\/\\\/www.eldigitaldeasturias.com\\\/noticias\\\/author\\\/admin\\\/#author\",\"url\":\"https:\\\/\\\/www.eldigitaldeasturias.com\\\/noticias\\\/author\\\/admin\\\/\",\"name\":\"El Digital de Asturias\",\"image\":{\"@type\":\"ImageObject\",\"@id\":\"https:\\\/\\\/www.eldigitaldeasturias.com\\\/noticias\\\/el-temporal-de-viento-y-lluvia-azota-con-fuerza-europa-occidental\\\/#authorImage\",\"url\":\"https:\\\/\\\/secure.gravatar.com\\\/avatar\\\/df2aeffc32bcd13f8d26072ef8a91b623d677766deac7f97ca815868cd41bf5e?s=96&d=mm&r=g\",\"width\":96,\"height\":96,\"caption\":\"El Digital de Asturias\"}},{\"@type\":\"WebPage\",\"@id\":\"https:\\\/\\\/www.eldigitaldeasturias.com\\\/noticias\\\/el-temporal-de-viento-y-lluvia-azota-con-fuerza-europa-occidental\\\/#webpage\",\"url\":\"https:\\\/\\\/www.eldigitaldeasturias.com\\\/noticias\\\/el-temporal-de-viento-y-lluvia-azota-con-fuerza-europa-occidental\\\/\",\"name\":\"El temporal de viento y lluvia azota con fuerza Europa Occidental - El Digital de Asturias\",\"description\":\"Redacci\\u00f3n de Internacional, 5 feb (EFE).- El temporal de viento y lluvia azota con fuerza Europa Occidental, donde se han visto afectados miles de hogares, l\\u00edneas el\\u00e9ctricas, carreteras y v\\u00edas f\\u00e9rreas. En Francia, el temporal de viento y lluvia que sacudi\\u00f3 la pasada noche toda la costa atl\\u00e1ntica francesa gener\\u00f3 r\\u00e1fagas con picos superiores a\",\"inLanguage\":\"es-ES\",\"isPartOf\":{\"@id\":\"https:\\\/\\\/www.eldigitaldeasturias.com\\\/noticias\\\/#website\"},\"breadcrumb\":{\"@id\":\"https:\\\/\\\/www.eldigitaldeasturias.com\\\/noticias\\\/el-temporal-de-viento-y-lluvia-azota-con-fuerza-europa-occidental\\\/#breadcrumblist\"},\"author\":{\"@id\":\"https:\\\/\\\/www.eldigitaldeasturias.com\\\/noticias\\\/author\\\/admin\\\/#author\"},\"creator\":{\"@id\":\"https:\\\/\\\/www.eldigitaldeasturias.com\\\/noticias\\\/author\\\/admin\\\/#author\"},\"image\":{\"@type\":\"ImageObject\",\"url\":484290,\"@id\":\"https:\\\/\\\/www.eldigitaldeasturias.com\\\/noticias\\\/el-temporal-de-viento-y-lluvia-azota-con-fuerza-europa-occidental\\\/#mainImage\"},\"primaryImageOfPage\":{\"@id\":\"https:\\\/\\\/www.eldigitaldeasturias.com\\\/noticias\\\/el-temporal-de-viento-y-lluvia-azota-con-fuerza-europa-occidental\\\/#mainImage\"},\"datePublished\":\"2014-02-05T23:20:21+01:00\",\"dateModified\":\"2014-02-05T23:20:21+01:00\"},{\"@type\":\"WebSite\",\"@id\":\"https:\\\/\\\/www.eldigitaldeasturias.com\\\/noticias\\\/#website\",\"url\":\"https:\\\/\\\/www.eldigitaldeasturias.com\\\/noticias\\\/\",\"name\":\"El Digital de Asturias - Diario de actualidad y noticias\",\"alternateName\":\"El Digital de Asturias - Diario de actualidad y noticias\",\"description\":\"Hemeroteca\",\"inLanguage\":\"es-ES\",\"publisher\":{\"@id\":\"https:\\\/\\\/www.eldigitaldeasturias.com\\\/noticias\\\/#organization\"}}]}\n\t\t<\/script>\n\t\t<!-- All in One SEO Pro -->\r\n\t\t<title>El temporal de viento y lluvia azota con fuerza Europa Occidental - El Digital de Asturias<\/title>\n\n","aioseo_head_json":{"title":"El temporal de viento y lluvia azota con fuerza Europa Occidental - El Digital de Asturias","description":"Redacci\u00f3n de Internacional, 5 feb (EFE).- El temporal de viento y lluvia azota con fuerza Europa Occidental, donde se han visto afectados miles de hogares, l\u00edneas el\u00e9ctricas, carreteras y v\u00edas f\u00e9rreas. En Francia, el temporal de viento y lluvia que sacudi\u00f3 la pasada noche toda la costa atl\u00e1ntica francesa gener\u00f3 r\u00e1fagas con picos superiores a","canonical_url":"https:\/\/www.eldigitaldeasturias.com\/noticias\/el-temporal-de-viento-y-lluvia-azota-con-fuerza-europa-occidental\/","robots":"max-image-preview:large","keywords":"actualidad","webmasterTools":{"google-site-verification":"UA-38556648-1","msvalidate.01":"7dfe9f3f1b24437ab69f4f2559babe99","miscellaneous":""},"schema":{"@context":"https:\/\/schema.org","@graph":[{"@type":"BlogPosting","@id":"https:\/\/www.eldigitaldeasturias.com\/noticias\/el-temporal-de-viento-y-lluvia-azota-con-fuerza-europa-occidental\/#blogposting","name":"El temporal de viento y lluvia azota con fuerza Europa Occidental - El Digital de Asturias","headline":"El temporal de viento y lluvia azota con fuerza Europa Occidental","author":{"@id":"https:\/\/www.eldigitaldeasturias.com\/noticias\/author\/admin\/#author"},"publisher":{"@id":"https:\/\/www.eldigitaldeasturias.com\/noticias\/#organization"},"image":{"@type":"ImageObject","url":484290},"datePublished":"2014-02-05T23:20:21+01:00","dateModified":"2014-02-05T23:20:21+01:00","inLanguage":"es-ES","mainEntityOfPage":{"@id":"https:\/\/www.eldigitaldeasturias.com\/noticias\/el-temporal-de-viento-y-lluvia-azota-con-fuerza-europa-occidental\/#webpage"},"isPartOf":{"@id":"https:\/\/www.eldigitaldeasturias.com\/noticias\/el-temporal-de-viento-y-lluvia-azota-con-fuerza-europa-occidental\/#webpage"},"articleSection":"Actualidad"},{"@type":"BreadcrumbList","@id":"https:\/\/www.eldigitaldeasturias.com\/noticias\/el-temporal-de-viento-y-lluvia-azota-con-fuerza-europa-occidental\/#breadcrumblist","itemListElement":[{"@type":"ListItem","@id":"https:\/\/www.eldigitaldeasturias.com\/noticias#listItem","position":1,"name":"Home","item":"https:\/\/www.eldigitaldeasturias.com\/noticias","nextItem":{"@type":"ListItem","@id":"https:\/\/www.eldigitaldeasturias.com\/noticias\/category\/actualidad\/#listItem","name":"Actualidad"}},{"@type":"ListItem","@id":"https:\/\/www.eldigitaldeasturias.com\/noticias\/category\/actualidad\/#listItem","position":2,"name":"Actualidad","item":"https:\/\/www.eldigitaldeasturias.com\/noticias\/category\/actualidad\/","nextItem":{"@type":"ListItem","@id":"https:\/\/www.eldigitaldeasturias.com\/noticias\/el-temporal-de-viento-y-lluvia-azota-con-fuerza-europa-occidental\/#listItem","name":"El temporal de viento y lluvia azota con fuerza Europa Occidental"},"previousItem":{"@type":"ListItem","@id":"https:\/\/www.eldigitaldeasturias.com\/noticias#listItem","name":"Home"}},{"@type":"ListItem","@id":"https:\/\/www.eldigitaldeasturias.com\/noticias\/el-temporal-de-viento-y-lluvia-azota-con-fuerza-europa-occidental\/#listItem","position":3,"name":"El temporal de viento y lluvia azota con fuerza Europa Occidental","previousItem":{"@type":"ListItem","@id":"https:\/\/www.eldigitaldeasturias.com\/noticias\/category\/actualidad\/#listItem","name":"Actualidad"}}]},{"@type":"Organization","@id":"https:\/\/www.eldigitaldeasturias.com\/noticias\/#organization","name":"El Digital de Asturias","description":"Hemeroteca","url":"https:\/\/www.eldigitaldeasturias.com\/noticias\/","email":"info@eldigitaldeasturias.com","telephone":"+34652131393","logo":{"@type":"ImageObject","url":"https:\/\/www.eldigitaldeasturias.com\/noticias\/wp-content\/uploads\/2020\/12\/EDA.jpg","@id":"https:\/\/www.eldigitaldeasturias.com\/noticias\/el-temporal-de-viento-y-lluvia-azota-con-fuerza-europa-occidental\/#organizationLogo"},"image":{"@id":"https:\/\/www.eldigitaldeasturias.com\/noticias\/el-temporal-de-viento-y-lluvia-azota-con-fuerza-europa-occidental\/#organizationLogo"},"sameAs":["https:\/\/facebook.com\/eldigitaldeasturias","https:\/\/www.youtube.com\/channel\/UCZP-2wLEB9Rv6erhFmqVnvg"],"address":{"@id":"https:\/\/www.eldigitaldeasturias.com\/noticias\/#postaladdress","@type":"PostalAddress","streetAddress":"san antonio 4","postalCode":"33430","addressLocality":"Cand\u00e1s","addressRegion":"Asturias","addressCountry":"ES"}},{"@type":"Person","@id":"https:\/\/www.eldigitaldeasturias.com\/noticias\/author\/admin\/#author","url":"https:\/\/www.eldigitaldeasturias.com\/noticias\/author\/admin\/","name":"El Digital de Asturias","image":{"@type":"ImageObject","@id":"https:\/\/www.eldigitaldeasturias.com\/noticias\/el-temporal-de-viento-y-lluvia-azota-con-fuerza-europa-occidental\/#authorImage","url":"https:\/\/secure.gravatar.com\/avatar\/df2aeffc32bcd13f8d26072ef8a91b623d677766deac7f97ca815868cd41bf5e?s=96&d=mm&r=g","width":96,"height":96,"caption":"El Digital de Asturias"}},{"@type":"WebPage","@id":"https:\/\/www.eldigitaldeasturias.com\/noticias\/el-temporal-de-viento-y-lluvia-azota-con-fuerza-europa-occidental\/#webpage","url":"https:\/\/www.eldigitaldeasturias.com\/noticias\/el-temporal-de-viento-y-lluvia-azota-con-fuerza-europa-occidental\/","name":"El temporal de viento y lluvia azota con fuerza Europa Occidental - El Digital de Asturias","description":"Redacci\u00f3n de Internacional, 5 feb (EFE).- El temporal de viento y lluvia azota con fuerza Europa Occidental, donde se han visto afectados miles de hogares, l\u00edneas el\u00e9ctricas, carreteras y v\u00edas f\u00e9rreas. En Francia, el temporal de viento y lluvia que sacudi\u00f3 la pasada noche toda la costa atl\u00e1ntica francesa gener\u00f3 r\u00e1fagas con picos superiores a","inLanguage":"es-ES","isPartOf":{"@id":"https:\/\/www.eldigitaldeasturias.com\/noticias\/#website"},"breadcrumb":{"@id":"https:\/\/www.eldigitaldeasturias.com\/noticias\/el-temporal-de-viento-y-lluvia-azota-con-fuerza-europa-occidental\/#breadcrumblist"},"author":{"@id":"https:\/\/www.eldigitaldeasturias.com\/noticias\/author\/admin\/#author"},"creator":{"@id":"https:\/\/www.eldigitaldeasturias.com\/noticias\/author\/admin\/#author"},"image":{"@type":"ImageObject","url":484290,"@id":"https:\/\/www.eldigitaldeasturias.com\/noticias\/el-temporal-de-viento-y-lluvia-azota-con-fuerza-europa-occidental\/#mainImage"},"primaryImageOfPage":{"@id":"https:\/\/www.eldigitaldeasturias.com\/noticias\/el-temporal-de-viento-y-lluvia-azota-con-fuerza-europa-occidental\/#mainImage"},"datePublished":"2014-02-05T23:20:21+01:00","dateModified":"2014-02-05T23:20:21+01:00"},{"@type":"WebSite","@id":"https:\/\/www.eldigitaldeasturias.com\/noticias\/#website","url":"https:\/\/www.eldigitaldeasturias.com\/noticias\/","name":"El Digital de Asturias - Diario de actualidad y noticias","alternateName":"El Digital de Asturias - Diario de actualidad y noticias","description":"Hemeroteca","inLanguage":"es-ES","publisher":{"@id":"https:\/\/www.eldigitaldeasturias.com\/noticias\/#organization"}}]},"og:locale":"es_ES","og:site_name":"El Digital de Asturias","og:type":"article","og:title":"El temporal de viento y lluvia azota con fuerza Europa Occidental - El Digital de Asturias","og:description":"Redacci\u00f3n de Internacional, 5 feb (EFE).- El temporal de viento y lluvia azota con fuerza Europa Occidental, donde se han visto afectados miles de hogares, l\u00edneas el\u00e9ctricas, carreteras y v\u00edas f\u00e9rreas. En Francia, el temporal de viento y lluvia que sacudi\u00f3 la pasada noche toda la costa atl\u00e1ntica francesa gener\u00f3 r\u00e1fagas con picos superiores a","og:url":"https:\/\/www.eldigitaldeasturias.com\/noticias\/el-temporal-de-viento-y-lluvia-azota-con-fuerza-europa-occidental\/","article:tag":["actualidad"],"article:published_time":"2014-02-06T00:20:21+00:00","article:modified_time":"2014-02-06T00:20:21+00:00","article:publisher":"https:\/\/facebook.com\/eldigitaldeasturias","twitter:card":"summary_large_image","twitter:title":"El temporal de viento y lluvia azota con fuerza Europa Occidental - El Digital de Asturias","twitter:description":"Redacci\u00f3n de Internacional, 5 feb (EFE).- El temporal de viento y lluvia azota con fuerza Europa Occidental, donde se han visto afectados miles de hogares, l\u00edneas el\u00e9ctricas, carreteras y v\u00edas f\u00e9rreas. En Francia, el temporal de viento y lluvia que sacudi\u00f3 la pasada noche toda la costa atl\u00e1ntica francesa gener\u00f3 r\u00e1fagas con picos superiores a","twitter:label1":"Escrito por","twitter:data1":"El Digital de Asturias","twitter:label2":"Tiempo de lectura estimado","twitter:data2":"3 minutos"},"aioseo_meta_data":{"post_id":"484289","title":null,"description":null,"keywords":null,"keyphrases":null,"primary_term":null,"canonical_url":null,"og_title":null,"og_description":null,"og_object_type":"default","og_image_type":"default","og_image_url":null,"og_image_width":null,"og_image_height":null,"og_image_custom_url":null,"og_image_custom_fields":null,"og_video":null,"og_custom_url":null,"og_article_section":null,"og_article_tags":null,"twitter_use_og":true,"twitter_card":"default","twitter_image_type":"default","twitter_image_url":null,"twitter_image_custom_url":null,"twitter_image_custom_fields":null,"twitter_title":null,"twitter_description":null,"schema":{"blockGraphs":[],"customGraphs":[],"default":{"data":{"Article":[],"Course":[],"Dataset":[],"FAQPage":[],"Movie":[],"Person":[],"Product":[],"ProductReview":[],"Car":[],"Recipe":[],"Service":[],"SoftwareApplication":[],"WebPage":[]},"graphName":"","isEnabled":true},"graphs":[],"defaultGraph":"","defaultPostTypeGraph":""},"schema_type":null,"schema_type_options":null,"pillar_content":false,"robots_default":true,"robots_noindex":false,"robots_noarchive":false,"robots_nosnippet":false,"robots_nofollow":false,"robots_noimageindex":false,"robots_noodp":false,"robots_notranslate":false,"robots_max_snippet":null,"robots_max_videopreview":null,"robots_max_imagepreview":"none","priority":null,"frequency":null,"local_seo":null,"seo_analyzer_scan_date":"2026-06-02 15:23:49","breadcrumb_settings":null,"limit_modified_date":false,"open_ai":null,"ai":null,"created":"2020-11-14 22:55:03","updated":"2026-06-02 15:23:49","focus_keyword":null,"additional_keywords":null,"truseo_locale":null},"aioseo_breadcrumb":"<div class=\"aioseo-breadcrumbs\"><span class=\"aioseo-breadcrumb\">\n\t<a href=\"https:\/\/www.eldigitaldeasturias.com\/noticias\" title=\"Home\">Home<\/a>\n<\/span><span class=\"aioseo-breadcrumb-separator\">\u2013<\/span><span class=\"aioseo-breadcrumb\">\n\t<a href=\"https:\/\/www.eldigitaldeasturias.com\/noticias\/category\/actualidad\/\" title=\"Actualidad\">Actualidad<\/a>\n<\/span><span class=\"aioseo-breadcrumb-separator\">\u2013<\/span><span class=\"aioseo-breadcrumb\">\n\t<a href=\"https:\/\/www.eldigitaldeasturias.com\/noticias\/el-temporal-de-viento-y-lluvia-azota-con-fuerza-europa-occidental\/\" title=\"El temporal de viento y lluvia azota con fuerza Europa Occidental\">El temporal de viento y lluvia azota con fuerza Europa Occidental<\/a>\n<\/span><\/div>","aioseo_breadcrumb_json":[{"label":"Home","link":"https:\/\/www.eldigitaldeasturias.com\/noticias"},{"label":"Actualidad","link":"https:\/\/www.eldigitaldeasturias.com\/noticias\/category\/actualidad\/"},{"label":"El temporal de viento y lluvia azota con fuerza Europa Occidental","link":"https:\/\/www.eldigitaldeasturias.com\/noticias\/el-temporal-de-viento-y-lluvia-azota-con-fuerza-europa-occidental\/"}],"_links":{"self":[{"href":"https:\/\/www.eldigitaldeasturias.com\/noticias\/wp-json\/wp\/v2\/posts\/484289","targetHints":{"allow":["GET"]}}],"collection":[{"href":"https:\/\/www.eldigitaldeasturias.com\/noticias\/wp-json\/wp\/v2\/posts"}],"about":[{"href":"https:\/\/www.eldigitaldeasturias.com\/noticias\/wp-json\/wp\/v2\/types\/post"}],"author":[{"embeddable":true,"href":"https:\/\/www.eldigitaldeasturias.com\/noticias\/wp-json\/wp\/v2\/users\/1"}],"replies":[{"embeddable":true,"href":"https:\/\/www.eldigitaldeasturias.com\/noticias\/wp-json\/wp\/v2\/comments?post=484289"}],"version-history":[{"count":0,"href":"https:\/\/www.eldigitaldeasturias.com\/noticias\/wp-json\/wp\/v2\/posts\/484289\/revisions"}],"wp:attachment":[{"href":"https:\/\/www.eldigitaldeasturias.com\/noticias\/wp-json\/wp\/v2\/media?parent=484289"}],"wp:term":[{"taxonomy":"category","embeddable":true,"href":"https:\/\/www.eldigitaldeasturias.com\/noticias\/wp-json\/wp\/v2\/categories?post=484289"},{"taxonomy":"post_tag","embeddable":true,"href":"https:\/\/www.eldigitaldeasturias.com\/noticias\/wp-json\/wp\/v2\/tags?post=484289"}],"curies":[{"name":"wp","href":"https:\/\/api.w.org\/{rel}","templated":true}]}}