{"id":484283,"date":"2014-02-05T23:17:21","date_gmt":"2014-02-06T00:17:21","guid":{"rendered":"http:\/\/www.eldigitaldeasturias.com\/noticias\/?p=484283"},"modified":"2014-02-05T23:17:21","modified_gmt":"2014-02-06T00:17:21","slug":"ancelotti-no-es-normal-que-sancionen-a-cristiano-con-tres-partidos","status":"publish","type":"post","link":"https:\/\/www.eldigitaldeasturias.com\/noticias\/ancelotti-no-es-normal-que-sancionen-a-cristiano-con-tres-partidos\/","title":{"rendered":"Ancelotti: \u00abNo es normal que sancionen a Cristiano con tres partidos\u00bb"},"content":{"rendered":"<p><img loading=\"lazy\" decoding=\"async\" class=\"alignleft size-medium wp-image-484254\" alt=\"5912118w\" src=\"https:\/\/www.eldigitaldeasturias.com\/noticias\/wp-content\/uploads\/2014\/02\/5912118w-360x267.jpg\" width=\"360\" height=\"267\" \/>Madrid, 5 feb (EFE).- Carlo Ancelotti, t\u00e9cnico del Real Madrid, asegur\u00f3 que \u00abno es normal\u00bb la sanci\u00f3n de tres partidos con la que el Comit\u00e9 de Competici\u00f3n castig\u00f3 la expulsi\u00f3n de Cristiano Ronaldo en San Mam\u00e9s frente al Athletic y dijo que espera una reducci\u00f3n de la misma por el recurso que presentar\u00e1 el club.<\/p>\n<p>\u00abNinguno est\u00e1 contento por la sanci\u00f3n porque tres partidos sin jugar no es normal\u00bb, asegur\u00f3 Ancelotti en la rueda de prensa posterior al triunfo del Real Madrid en la ida de semifinales de la Copa del Rey ante el Atl\u00e9tico de Madrid (3-0).<\/p>\n<p>\u00abPor eso hemos hecho un recurso en el club. Creo que es normal que le deben quitar alg\u00fan partido porque tres, por lo que ha hecho Cristiano, no es normal\u00bb, insisti\u00f3.<\/p>\n","protected":false},"excerpt":{"rendered":"<p>Madrid, 5 feb (EFE).- Carlo Ancelotti, t\u00e9cnico del Real Madrid, asegur\u00f3 que \u00abno es normal\u00bb la sanci\u00f3n de tres partidos con la que el Comit\u00e9 de Competici\u00f3n castig\u00f3 la expulsi\u00f3n de Cristiano Ronaldo en San Mam\u00e9s frente al Athletic y dijo que espera una reducci\u00f3n de la misma por el recurso que presentar\u00e1 el club. [&hellip;]<\/p>\n","protected":false},"author":1,"featured_media":484284,"comment_status":"closed","ping_status":"open","sticky":false,"template":"","format":"standard","meta":{"footnotes":""},"categories":[1],"tags":[],"class_list":["post-484283","post","type-post","status-publish","format-standard","has-post-thumbnail","hentry","category-actualidad"],"aioseo_notices":[],"aioseo_head":"\n\t\t<!-- All in One SEO Pro 5.0.1 - aioseo.com -->\n\t<meta name=\"description\" content=\"Madrid, 5 feb (EFE).- Carlo Ancelotti, t\u00e9cnico del Real Madrid, asegur\u00f3 que &quot;no es normal&quot; la sanci\u00f3n de tres partidos con la que el Comit\u00e9 de Competici\u00f3n castig\u00f3 la expulsi\u00f3n de Cristiano Ronaldo en San Mam\u00e9s frente al Athletic y dijo que espera una reducci\u00f3n de la misma por el recurso que presentar\u00e1 el club.\" \/>\n\t<meta name=\"robots\" content=\"max-image-preview:large\" \/>\n\t<meta name=\"author\" content=\"El Digital de Asturias\"\/>\n\t<meta name=\"google-site-verification\" content=\"UA-38556648-1\" \/>\n\t<meta name=\"msvalidate.01\" content=\"7dfe9f3f1b24437ab69f4f2559babe99\" \/>\n\t<meta name=\"keywords\" content=\"actualidad\" \/>\n\t<link rel=\"canonical\" href=\"https:\/\/www.eldigitaldeasturias.com\/noticias\/ancelotti-no-es-normal-que-sancionen-a-cristiano-con-tres-partidos\/\" \/>\n\t<meta name=\"generator\" content=\"All in One SEO Pro (AIOSEO) 5.0.1\" \/>\n\t\t<meta property=\"og:locale\" content=\"es_ES\" \/>\n\t\t<meta property=\"og:site_name\" content=\"El Digital de Asturias\" \/>\n\t\t<meta property=\"og:type\" content=\"article\" \/>\n\t\t<meta property=\"og:title\" content=\"Ancelotti: \u00abNo es normal que sancionen a Cristiano con tres partidos\u00bb - El Digital de Asturias\" \/>\n\t\t<meta property=\"og:description\" content=\"Madrid, 5 feb (EFE).- Carlo Ancelotti, t\u00e9cnico del Real Madrid, asegur\u00f3 que &quot;no es normal&quot; la sanci\u00f3n de tres partidos con la que el Comit\u00e9 de Competici\u00f3n castig\u00f3 la expulsi\u00f3n de Cristiano Ronaldo en San Mam\u00e9s frente al Athletic y dijo que espera una reducci\u00f3n de la misma por el recurso que presentar\u00e1 el club.\" \/>\n\t\t<meta property=\"og:url\" content=\"https:\/\/www.eldigitaldeasturias.com\/noticias\/ancelotti-no-es-normal-que-sancionen-a-cristiano-con-tres-partidos\/\" \/>\n\t\t<meta property=\"article:tag\" content=\"actualidad\" \/>\n\t\t<meta property=\"article:published_time\" content=\"2014-02-06T00:17:21+00:00\" \/>\n\t\t<meta property=\"article:modified_time\" content=\"2014-02-06T00:17:21+00:00\" \/>\n\t\t<meta property=\"article:publisher\" content=\"https:\/\/facebook.com\/eldigitaldeasturias\" \/>\n\t\t<meta name=\"twitter:card\" content=\"summary_large_image\" \/>\n\t\t<meta name=\"twitter:title\" content=\"Ancelotti: \u00abNo es normal que sancionen a Cristiano con tres partidos\u00bb - El Digital de Asturias\" \/>\n\t\t<meta name=\"twitter:description\" content=\"Madrid, 5 feb (EFE).- Carlo Ancelotti, t\u00e9cnico del Real Madrid, asegur\u00f3 que &quot;no es normal&quot; la sanci\u00f3n de tres partidos con la que el Comit\u00e9 de Competici\u00f3n castig\u00f3 la expulsi\u00f3n de Cristiano Ronaldo en San Mam\u00e9s frente al Athletic y dijo que espera una reducci\u00f3n de la misma por el recurso que presentar\u00e1 el club.\" \/>\n\t\t<meta name=\"twitter:label1\" content=\"Escrito por\" \/>\n\t\t<meta name=\"twitter:data1\" content=\"El Digital de Asturias\" \/>\n\t\t<meta name=\"twitter:label2\" content=\"Tiempo de lectura estimado\" \/>\n\t\t<meta name=\"twitter:data2\" content=\"1 minuto\" \/>\n\t\t<script type=\"application\/ld+json\" class=\"aioseo-schema\">\n\t\t\t{\"@context\":\"https:\\\/\\\/schema.org\",\"@graph\":[{\"@type\":\"BlogPosting\",\"@id\":\"https:\\\/\\\/www.eldigitaldeasturias.com\\\/noticias\\\/ancelotti-no-es-normal-que-sancionen-a-cristiano-con-tres-partidos\\\/#blogposting\",\"name\":\"Ancelotti: \\u00abNo es normal que sancionen a Cristiano con tres partidos\\u00bb - El Digital de Asturias\",\"headline\":\"Ancelotti: \\u00abNo es normal que sancionen a Cristiano con tres partidos\\u00bb\",\"author\":{\"@id\":\"https:\\\/\\\/www.eldigitaldeasturias.com\\\/noticias\\\/author\\\/admin\\\/#author\"},\"publisher\":{\"@id\":\"https:\\\/\\\/www.eldigitaldeasturias.com\\\/noticias\\\/#organization\"},\"image\":{\"@type\":\"ImageObject\",\"url\":484284},\"datePublished\":\"2014-02-05T23:17:21+01:00\",\"dateModified\":\"2014-02-05T23:17:21+01:00\",\"inLanguage\":\"es-ES\",\"mainEntityOfPage\":{\"@id\":\"https:\\\/\\\/www.eldigitaldeasturias.com\\\/noticias\\\/ancelotti-no-es-normal-que-sancionen-a-cristiano-con-tres-partidos\\\/#webpage\"},\"isPartOf\":{\"@id\":\"https:\\\/\\\/www.eldigitaldeasturias.com\\\/noticias\\\/ancelotti-no-es-normal-que-sancionen-a-cristiano-con-tres-partidos\\\/#webpage\"},\"articleSection\":\"Actualidad\"},{\"@type\":\"BreadcrumbList\",\"@id\":\"https:\\\/\\\/www.eldigitaldeasturias.com\\\/noticias\\\/ancelotti-no-es-normal-que-sancionen-a-cristiano-con-tres-partidos\\\/#breadcrumblist\",\"itemListElement\":[{\"@type\":\"ListItem\",\"@id\":\"https:\\\/\\\/www.eldigitaldeasturias.com\\\/noticias#listItem\",\"position\":1,\"name\":\"Home\",\"item\":\"https:\\\/\\\/www.eldigitaldeasturias.com\\\/noticias\",\"nextItem\":{\"@type\":\"ListItem\",\"@id\":\"https:\\\/\\\/www.eldigitaldeasturias.com\\\/noticias\\\/category\\\/actualidad\\\/#listItem\",\"name\":\"Actualidad\"}},{\"@type\":\"ListItem\",\"@id\":\"https:\\\/\\\/www.eldigitaldeasturias.com\\\/noticias\\\/category\\\/actualidad\\\/#listItem\",\"position\":2,\"name\":\"Actualidad\",\"item\":\"https:\\\/\\\/www.eldigitaldeasturias.com\\\/noticias\\\/category\\\/actualidad\\\/\",\"nextItem\":{\"@type\":\"ListItem\",\"@id\":\"https:\\\/\\\/www.eldigitaldeasturias.com\\\/noticias\\\/ancelotti-no-es-normal-que-sancionen-a-cristiano-con-tres-partidos\\\/#listItem\",\"name\":\"Ancelotti: \\u00abNo es normal que sancionen a Cristiano con tres partidos\\u00bb\"},\"previousItem\":{\"@type\":\"ListItem\",\"@id\":\"https:\\\/\\\/www.eldigitaldeasturias.com\\\/noticias#listItem\",\"name\":\"Home\"}},{\"@type\":\"ListItem\",\"@id\":\"https:\\\/\\\/www.eldigitaldeasturias.com\\\/noticias\\\/ancelotti-no-es-normal-que-sancionen-a-cristiano-con-tres-partidos\\\/#listItem\",\"position\":3,\"name\":\"Ancelotti: \\u00abNo es normal que sancionen a Cristiano con tres partidos\\u00bb\",\"previousItem\":{\"@type\":\"ListItem\",\"@id\":\"https:\\\/\\\/www.eldigitaldeasturias.com\\\/noticias\\\/category\\\/actualidad\\\/#listItem\",\"name\":\"Actualidad\"}}]},{\"@type\":\"Organization\",\"@id\":\"https:\\\/\\\/www.eldigitaldeasturias.com\\\/noticias\\\/#organization\",\"name\":\"El Digital de Asturias\",\"description\":\"Hemeroteca\",\"url\":\"https:\\\/\\\/www.eldigitaldeasturias.com\\\/noticias\\\/\",\"email\":\"info@eldigitaldeasturias.com\",\"telephone\":\"+34652131393\",\"logo\":{\"@type\":\"ImageObject\",\"url\":\"https:\\\/\\\/www.eldigitaldeasturias.com\\\/noticias\\\/wp-content\\\/uploads\\\/2020\\\/12\\\/EDA.jpg\",\"@id\":\"https:\\\/\\\/www.eldigitaldeasturias.com\\\/noticias\\\/ancelotti-no-es-normal-que-sancionen-a-cristiano-con-tres-partidos\\\/#organizationLogo\"},\"image\":{\"@id\":\"https:\\\/\\\/www.eldigitaldeasturias.com\\\/noticias\\\/ancelotti-no-es-normal-que-sancionen-a-cristiano-con-tres-partidos\\\/#organizationLogo\"},\"sameAs\":[\"https:\\\/\\\/facebook.com\\\/eldigitaldeasturias\",\"https:\\\/\\\/www.youtube.com\\\/channel\\\/UCZP-2wLEB9Rv6erhFmqVnvg\"],\"address\":{\"@id\":\"https:\\\/\\\/www.eldigitaldeasturias.com\\\/noticias\\\/#postaladdress\",\"@type\":\"PostalAddress\",\"streetAddress\":\"san antonio 4\",\"postalCode\":\"33430\",\"addressLocality\":\"Cand\\u00e1s\",\"addressRegion\":\"Asturias\",\"addressCountry\":\"ES\"}},{\"@type\":\"Person\",\"@id\":\"https:\\\/\\\/www.eldigitaldeasturias.com\\\/noticias\\\/author\\\/admin\\\/#author\",\"url\":\"https:\\\/\\\/www.eldigitaldeasturias.com\\\/noticias\\\/author\\\/admin\\\/\",\"name\":\"El Digital de Asturias\",\"image\":{\"@type\":\"ImageObject\",\"@id\":\"https:\\\/\\\/www.eldigitaldeasturias.com\\\/noticias\\\/ancelotti-no-es-normal-que-sancionen-a-cristiano-con-tres-partidos\\\/#authorImage\",\"url\":\"https:\\\/\\\/secure.gravatar.com\\\/avatar\\\/df2aeffc32bcd13f8d26072ef8a91b623d677766deac7f97ca815868cd41bf5e?s=96&d=mm&r=g\",\"width\":96,\"height\":96,\"caption\":\"El Digital de Asturias\"}},{\"@type\":\"WebPage\",\"@id\":\"https:\\\/\\\/www.eldigitaldeasturias.com\\\/noticias\\\/ancelotti-no-es-normal-que-sancionen-a-cristiano-con-tres-partidos\\\/#webpage\",\"url\":\"https:\\\/\\\/www.eldigitaldeasturias.com\\\/noticias\\\/ancelotti-no-es-normal-que-sancionen-a-cristiano-con-tres-partidos\\\/\",\"name\":\"Ancelotti: \\u00abNo es normal que sancionen a Cristiano con tres partidos\\u00bb - El Digital de Asturias\",\"description\":\"Madrid, 5 feb (EFE).- Carlo Ancelotti, t\\u00e9cnico del Real Madrid, asegur\\u00f3 que \\\"no es normal\\\" la sanci\\u00f3n de tres partidos con la que el Comit\\u00e9 de Competici\\u00f3n castig\\u00f3 la expulsi\\u00f3n de Cristiano Ronaldo en San Mam\\u00e9s frente al Athletic y dijo que espera una reducci\\u00f3n de la misma por el recurso que presentar\\u00e1 el club.\",\"inLanguage\":\"es-ES\",\"isPartOf\":{\"@id\":\"https:\\\/\\\/www.eldigitaldeasturias.com\\\/noticias\\\/#website\"},\"breadcrumb\":{\"@id\":\"https:\\\/\\\/www.eldigitaldeasturias.com\\\/noticias\\\/ancelotti-no-es-normal-que-sancionen-a-cristiano-con-tres-partidos\\\/#breadcrumblist\"},\"author\":{\"@id\":\"https:\\\/\\\/www.eldigitaldeasturias.com\\\/noticias\\\/author\\\/admin\\\/#author\"},\"creator\":{\"@id\":\"https:\\\/\\\/www.eldigitaldeasturias.com\\\/noticias\\\/author\\\/admin\\\/#author\"},\"image\":{\"@type\":\"ImageObject\",\"url\":484284,\"@id\":\"https:\\\/\\\/www.eldigitaldeasturias.com\\\/noticias\\\/ancelotti-no-es-normal-que-sancionen-a-cristiano-con-tres-partidos\\\/#mainImage\"},\"primaryImageOfPage\":{\"@id\":\"https:\\\/\\\/www.eldigitaldeasturias.com\\\/noticias\\\/ancelotti-no-es-normal-que-sancionen-a-cristiano-con-tres-partidos\\\/#mainImage\"},\"datePublished\":\"2014-02-05T23:17:21+01:00\",\"dateModified\":\"2014-02-05T23:17:21+01:00\"},{\"@type\":\"WebSite\",\"@id\":\"https:\\\/\\\/www.eldigitaldeasturias.com\\\/noticias\\\/#website\",\"url\":\"https:\\\/\\\/www.eldigitaldeasturias.com\\\/noticias\\\/\",\"name\":\"El Digital de Asturias - Diario de actualidad y noticias\",\"alternateName\":\"El Digital de Asturias - Diario de actualidad y noticias\",\"description\":\"Hemeroteca\",\"inLanguage\":\"es-ES\",\"publisher\":{\"@id\":\"https:\\\/\\\/www.eldigitaldeasturias.com\\\/noticias\\\/#organization\"}}]}\n\t\t<\/script>\n\t\t<!-- All in One SEO Pro -->\r\n\t\t<title>Ancelotti: \u00abNo es normal que sancionen a Cristiano con tres partidos\u00bb - El Digital de Asturias<\/title>\n\n","aioseo_head_json":{"title":"Ancelotti: \u00abNo es normal que sancionen a Cristiano con tres partidos\u00bb - El Digital de Asturias","description":"Madrid, 5 feb (EFE).- Carlo Ancelotti, t\u00e9cnico del Real Madrid, asegur\u00f3 que \"no es normal\" la sanci\u00f3n de tres partidos con la que el Comit\u00e9 de Competici\u00f3n castig\u00f3 la expulsi\u00f3n de Cristiano Ronaldo en San Mam\u00e9s frente al Athletic y dijo que espera una reducci\u00f3n de la misma por el recurso que presentar\u00e1 el club.","canonical_url":"https:\/\/www.eldigitaldeasturias.com\/noticias\/ancelotti-no-es-normal-que-sancionen-a-cristiano-con-tres-partidos\/","robots":"max-image-preview:large","keywords":"actualidad","webmasterTools":{"google-site-verification":"UA-38556648-1","msvalidate.01":"7dfe9f3f1b24437ab69f4f2559babe99","miscellaneous":""},"schema":{"@context":"https:\/\/schema.org","@graph":[{"@type":"BlogPosting","@id":"https:\/\/www.eldigitaldeasturias.com\/noticias\/ancelotti-no-es-normal-que-sancionen-a-cristiano-con-tres-partidos\/#blogposting","name":"Ancelotti: \u00abNo es normal que sancionen a Cristiano con tres partidos\u00bb - El Digital de Asturias","headline":"Ancelotti: \u00abNo es normal que sancionen a Cristiano con tres partidos\u00bb","author":{"@id":"https:\/\/www.eldigitaldeasturias.com\/noticias\/author\/admin\/#author"},"publisher":{"@id":"https:\/\/www.eldigitaldeasturias.com\/noticias\/#organization"},"image":{"@type":"ImageObject","url":484284},"datePublished":"2014-02-05T23:17:21+01:00","dateModified":"2014-02-05T23:17:21+01:00","inLanguage":"es-ES","mainEntityOfPage":{"@id":"https:\/\/www.eldigitaldeasturias.com\/noticias\/ancelotti-no-es-normal-que-sancionen-a-cristiano-con-tres-partidos\/#webpage"},"isPartOf":{"@id":"https:\/\/www.eldigitaldeasturias.com\/noticias\/ancelotti-no-es-normal-que-sancionen-a-cristiano-con-tres-partidos\/#webpage"},"articleSection":"Actualidad"},{"@type":"BreadcrumbList","@id":"https:\/\/www.eldigitaldeasturias.com\/noticias\/ancelotti-no-es-normal-que-sancionen-a-cristiano-con-tres-partidos\/#breadcrumblist","itemListElement":[{"@type":"ListItem","@id":"https:\/\/www.eldigitaldeasturias.com\/noticias#listItem","position":1,"name":"Home","item":"https:\/\/www.eldigitaldeasturias.com\/noticias","nextItem":{"@type":"ListItem","@id":"https:\/\/www.eldigitaldeasturias.com\/noticias\/category\/actualidad\/#listItem","name":"Actualidad"}},{"@type":"ListItem","@id":"https:\/\/www.eldigitaldeasturias.com\/noticias\/category\/actualidad\/#listItem","position":2,"name":"Actualidad","item":"https:\/\/www.eldigitaldeasturias.com\/noticias\/category\/actualidad\/","nextItem":{"@type":"ListItem","@id":"https:\/\/www.eldigitaldeasturias.com\/noticias\/ancelotti-no-es-normal-que-sancionen-a-cristiano-con-tres-partidos\/#listItem","name":"Ancelotti: \u00abNo es normal que sancionen a Cristiano con tres partidos\u00bb"},"previousItem":{"@type":"ListItem","@id":"https:\/\/www.eldigitaldeasturias.com\/noticias#listItem","name":"Home"}},{"@type":"ListItem","@id":"https:\/\/www.eldigitaldeasturias.com\/noticias\/ancelotti-no-es-normal-que-sancionen-a-cristiano-con-tres-partidos\/#listItem","position":3,"name":"Ancelotti: \u00abNo es normal que sancionen a Cristiano con tres partidos\u00bb","previousItem":{"@type":"ListItem","@id":"https:\/\/www.eldigitaldeasturias.com\/noticias\/category\/actualidad\/#listItem","name":"Actualidad"}}]},{"@type":"Organization","@id":"https:\/\/www.eldigitaldeasturias.com\/noticias\/#organization","name":"El Digital de Asturias","description":"Hemeroteca","url":"https:\/\/www.eldigitaldeasturias.com\/noticias\/","email":"info@eldigitaldeasturias.com","telephone":"+34652131393","logo":{"@type":"ImageObject","url":"https:\/\/www.eldigitaldeasturias.com\/noticias\/wp-content\/uploads\/2020\/12\/EDA.jpg","@id":"https:\/\/www.eldigitaldeasturias.com\/noticias\/ancelotti-no-es-normal-que-sancionen-a-cristiano-con-tres-partidos\/#organizationLogo"},"image":{"@id":"https:\/\/www.eldigitaldeasturias.com\/noticias\/ancelotti-no-es-normal-que-sancionen-a-cristiano-con-tres-partidos\/#organizationLogo"},"sameAs":["https:\/\/facebook.com\/eldigitaldeasturias","https:\/\/www.youtube.com\/channel\/UCZP-2wLEB9Rv6erhFmqVnvg"],"address":{"@id":"https:\/\/www.eldigitaldeasturias.com\/noticias\/#postaladdress","@type":"PostalAddress","streetAddress":"san antonio 4","postalCode":"33430","addressLocality":"Cand\u00e1s","addressRegion":"Asturias","addressCountry":"ES"}},{"@type":"Person","@id":"https:\/\/www.eldigitaldeasturias.com\/noticias\/author\/admin\/#author","url":"https:\/\/www.eldigitaldeasturias.com\/noticias\/author\/admin\/","name":"El Digital de Asturias","image":{"@type":"ImageObject","@id":"https:\/\/www.eldigitaldeasturias.com\/noticias\/ancelotti-no-es-normal-que-sancionen-a-cristiano-con-tres-partidos\/#authorImage","url":"https:\/\/secure.gravatar.com\/avatar\/df2aeffc32bcd13f8d26072ef8a91b623d677766deac7f97ca815868cd41bf5e?s=96&d=mm&r=g","width":96,"height":96,"caption":"El Digital de Asturias"}},{"@type":"WebPage","@id":"https:\/\/www.eldigitaldeasturias.com\/noticias\/ancelotti-no-es-normal-que-sancionen-a-cristiano-con-tres-partidos\/#webpage","url":"https:\/\/www.eldigitaldeasturias.com\/noticias\/ancelotti-no-es-normal-que-sancionen-a-cristiano-con-tres-partidos\/","name":"Ancelotti: \u00abNo es normal que sancionen a Cristiano con tres partidos\u00bb - El Digital de Asturias","description":"Madrid, 5 feb (EFE).- Carlo Ancelotti, t\u00e9cnico del Real Madrid, asegur\u00f3 que \"no es normal\" la sanci\u00f3n de tres partidos con la que el Comit\u00e9 de Competici\u00f3n castig\u00f3 la expulsi\u00f3n de Cristiano Ronaldo en San Mam\u00e9s frente al Athletic y dijo que espera una reducci\u00f3n de la misma por el recurso que presentar\u00e1 el club.","inLanguage":"es-ES","isPartOf":{"@id":"https:\/\/www.eldigitaldeasturias.com\/noticias\/#website"},"breadcrumb":{"@id":"https:\/\/www.eldigitaldeasturias.com\/noticias\/ancelotti-no-es-normal-que-sancionen-a-cristiano-con-tres-partidos\/#breadcrumblist"},"author":{"@id":"https:\/\/www.eldigitaldeasturias.com\/noticias\/author\/admin\/#author"},"creator":{"@id":"https:\/\/www.eldigitaldeasturias.com\/noticias\/author\/admin\/#author"},"image":{"@type":"ImageObject","url":484284,"@id":"https:\/\/www.eldigitaldeasturias.com\/noticias\/ancelotti-no-es-normal-que-sancionen-a-cristiano-con-tres-partidos\/#mainImage"},"primaryImageOfPage":{"@id":"https:\/\/www.eldigitaldeasturias.com\/noticias\/ancelotti-no-es-normal-que-sancionen-a-cristiano-con-tres-partidos\/#mainImage"},"datePublished":"2014-02-05T23:17:21+01:00","dateModified":"2014-02-05T23:17:21+01:00"},{"@type":"WebSite","@id":"https:\/\/www.eldigitaldeasturias.com\/noticias\/#website","url":"https:\/\/www.eldigitaldeasturias.com\/noticias\/","name":"El Digital de Asturias - Diario de actualidad y noticias","alternateName":"El Digital de Asturias - Diario de actualidad y noticias","description":"Hemeroteca","inLanguage":"es-ES","publisher":{"@id":"https:\/\/www.eldigitaldeasturias.com\/noticias\/#organization"}}]},"og:locale":"es_ES","og:site_name":"El Digital de Asturias","og:type":"article","og:title":"Ancelotti: \u00abNo es normal que sancionen a Cristiano con tres partidos\u00bb - El Digital de Asturias","og:description":"Madrid, 5 feb (EFE).- Carlo Ancelotti, t\u00e9cnico del Real Madrid, asegur\u00f3 que &quot;no es normal&quot; la sanci\u00f3n de tres partidos con la que el Comit\u00e9 de Competici\u00f3n castig\u00f3 la expulsi\u00f3n de Cristiano Ronaldo en San Mam\u00e9s frente al Athletic y dijo que espera una reducci\u00f3n de la misma por el recurso que presentar\u00e1 el club.","og:url":"https:\/\/www.eldigitaldeasturias.com\/noticias\/ancelotti-no-es-normal-que-sancionen-a-cristiano-con-tres-partidos\/","article:tag":["actualidad"],"article:published_time":"2014-02-06T00:17:21+00:00","article:modified_time":"2014-02-06T00:17:21+00:00","article:publisher":"https:\/\/facebook.com\/eldigitaldeasturias","twitter:card":"summary_large_image","twitter:title":"Ancelotti: \u00abNo es normal que sancionen a Cristiano con tres partidos\u00bb - El Digital de Asturias","twitter:description":"Madrid, 5 feb (EFE).- Carlo Ancelotti, t\u00e9cnico del Real Madrid, asegur\u00f3 que &quot;no es normal&quot; la sanci\u00f3n de tres partidos con la que el Comit\u00e9 de Competici\u00f3n castig\u00f3 la expulsi\u00f3n de Cristiano Ronaldo en San Mam\u00e9s frente al Athletic y dijo que espera una reducci\u00f3n de la misma por el recurso que presentar\u00e1 el club.","twitter:label1":"Escrito por","twitter:data1":"El Digital de Asturias","twitter:label2":"Tiempo de lectura estimado","twitter:data2":"1 minuto"},"aioseo_meta_data":{"post_id":"484283","title":null,"description":null,"keywords":null,"keyphrases":null,"primary_term":null,"canonical_url":null,"og_title":null,"og_description":null,"og_object_type":"default","og_image_type":"default","og_image_url":null,"og_image_width":null,"og_image_height":null,"og_image_custom_url":null,"og_image_custom_fields":null,"og_video":null,"og_custom_url":null,"og_article_section":null,"og_article_tags":null,"twitter_use_og":true,"twitter_card":"default","twitter_image_type":"default","twitter_image_url":null,"twitter_image_custom_url":null,"twitter_image_custom_fields":null,"twitter_title":null,"twitter_description":null,"schema":{"blockGraphs":[],"customGraphs":[],"default":{"data":{"Article":[],"Course":[],"Dataset":[],"FAQPage":[],"Movie":[],"Person":[],"Product":[],"ProductReview":[],"Car":[],"Recipe":[],"Service":[],"SoftwareApplication":[],"WebPage":[]},"graphName":"","isEnabled":true},"graphs":[],"defaultGraph":"","defaultPostTypeGraph":""},"schema_type":null,"schema_type_options":null,"pillar_content":false,"robots_default":true,"robots_noindex":false,"robots_noarchive":false,"robots_nosnippet":false,"robots_nofollow":false,"robots_noimageindex":false,"robots_noodp":false,"robots_notranslate":false,"robots_max_snippet":null,"robots_max_videopreview":null,"robots_max_imagepreview":"none","priority":null,"frequency":null,"local_seo":null,"seo_analyzer_scan_date":"2026-06-02 15:23:47","breadcrumb_settings":null,"limit_modified_date":false,"open_ai":null,"ai":null,"created":"2020-11-14 22:55:03","updated":"2026-06-02 15:23:47","focus_keyword":null,"additional_keywords":null,"truseo_locale":null},"aioseo_breadcrumb":"<div class=\"aioseo-breadcrumbs\"><span class=\"aioseo-breadcrumb\">\n\t<a href=\"https:\/\/www.eldigitaldeasturias.com\/noticias\" title=\"Home\">Home<\/a>\n<\/span><span class=\"aioseo-breadcrumb-separator\">\u2013<\/span><span class=\"aioseo-breadcrumb\">\n\t<a href=\"https:\/\/www.eldigitaldeasturias.com\/noticias\/category\/actualidad\/\" title=\"Actualidad\">Actualidad<\/a>\n<\/span><span class=\"aioseo-breadcrumb-separator\">\u2013<\/span><span class=\"aioseo-breadcrumb\">\n\t<a href=\"https:\/\/www.eldigitaldeasturias.com\/noticias\/ancelotti-no-es-normal-que-sancionen-a-cristiano-con-tres-partidos\/\" title=\"Ancelotti: \u00abNo es normal que sancionen a Cristiano con tres partidos\u00bb\">Ancelotti: \u00abNo es normal que sancionen a Cristiano con tres partidos\u00bb<\/a>\n<\/span><\/div>","aioseo_breadcrumb_json":[{"label":"Home","link":"https:\/\/www.eldigitaldeasturias.com\/noticias"},{"label":"Actualidad","link":"https:\/\/www.eldigitaldeasturias.com\/noticias\/category\/actualidad\/"},{"label":"Ancelotti: \u00abNo es normal que sancionen a Cristiano con tres partidos\u00bb","link":"https:\/\/www.eldigitaldeasturias.com\/noticias\/ancelotti-no-es-normal-que-sancionen-a-cristiano-con-tres-partidos\/"}],"_links":{"self":[{"href":"https:\/\/www.eldigitaldeasturias.com\/noticias\/wp-json\/wp\/v2\/posts\/484283","targetHints":{"allow":["GET"]}}],"collection":[{"href":"https:\/\/www.eldigitaldeasturias.com\/noticias\/wp-json\/wp\/v2\/posts"}],"about":[{"href":"https:\/\/www.eldigitaldeasturias.com\/noticias\/wp-json\/wp\/v2\/types\/post"}],"author":[{"embeddable":true,"href":"https:\/\/www.eldigitaldeasturias.com\/noticias\/wp-json\/wp\/v2\/users\/1"}],"replies":[{"embeddable":true,"href":"https:\/\/www.eldigitaldeasturias.com\/noticias\/wp-json\/wp\/v2\/comments?post=484283"}],"version-history":[{"count":0,"href":"https:\/\/www.eldigitaldeasturias.com\/noticias\/wp-json\/wp\/v2\/posts\/484283\/revisions"}],"wp:attachment":[{"href":"https:\/\/www.eldigitaldeasturias.com\/noticias\/wp-json\/wp\/v2\/media?parent=484283"}],"wp:term":[{"taxonomy":"category","embeddable":true,"href":"https:\/\/www.eldigitaldeasturias.com\/noticias\/wp-json\/wp\/v2\/categories?post=484283"},{"taxonomy":"post_tag","embeddable":true,"href":"https:\/\/www.eldigitaldeasturias.com\/noticias\/wp-json\/wp\/v2\/tags?post=484283"}],"curies":[{"name":"wp","href":"https:\/\/api.w.org\/{rel}","templated":true}]}}