{"id":484277,"date":"2014-02-05T23:14:33","date_gmt":"2014-02-06T00:14:33","guid":{"rendered":"http:\/\/www.eldigitaldeasturias.com\/noticias\/?p=484277"},"modified":"2014-02-05T23:14:33","modified_gmt":"2014-02-06T00:14:33","slug":"el-paro-cayo-en-irlanda-al-123-por-ciento-en-enero","status":"publish","type":"post","link":"https:\/\/www.eldigitaldeasturias.com\/noticias\/el-paro-cayo-en-irlanda-al-123-por-ciento-en-enero\/","title":{"rendered":"El paro cay\u00f3 en Irlanda al 12,3 por ciento en enero"},"content":{"rendered":"<p><img loading=\"lazy\" decoding=\"async\" class=\"alignleft size-medium wp-image-484278\" alt=\"5912593w\" src=\"https:\/\/www.eldigitaldeasturias.com\/noticias\/wp-content\/uploads\/2014\/02\/5912593w-360x283.jpg\" width=\"360\" height=\"283\" \/>Dubl\u00edn, 5 feb (EFE).- La tasa de desempleo estandarizada (SUR) en la Rep\u00fablica de Irlanda baj\u00f3 en enero hasta el 12,3 por ciento, una d\u00e9cima menos que el mes anterior, inform\u00f3 hoy la Oficina Central de Estad\u00edsticas (CSO, siglas en ingl\u00e9s).<\/p>\n<p>El n\u00famero de desempleados inscritos en el llamado \u00abRegistro Vivo\u00bb, que incluye a trabajadores a tiempo parcial (no m\u00e1s de tres d\u00edas semanales), temporales y ocasionales con derecho a subsidios de paro, se redujo en enero en 2.300 respecto al mes anterior, hasta un total de 399.630.<\/p>\n<p>Se trata de la tasa m\u00e1s baja registrada en los \u00faltimos tres a\u00f1os y medio en este pa\u00eds, despu\u00e9s de que la cifra de desempleados volviera a caer por decimonoveno mes consecutivo.<\/p>\n<p>La CSO record\u00f3 que la \u00faltima ocasi\u00f3n en que el desempleo se situ\u00f3 por debajo del 12,5 por ciento fue en junio de 2009, cuando comenz\u00f3 a repuntar hasta alcanzar el 15 por ciento en 2012.<\/p>\n<p>Entre los meses de enero de 2013 y de 2014 el n\u00famero de parados cay\u00f3 un 6,9 por ciento, lo que contribuy\u00f3 a que el total de salidas del \u00abRegistro Vivo\u00bb beneficiara a 29.766 personas, destac\u00f3 el estudio.<\/p>\n<p>La SUR es una estimaci\u00f3n efectuada por la CSO de la tasa de desempleo mensual, que sirve despu\u00e9s para calcular el \u00edndice de paro real que esta agencia estatal da a conocer cada trimestre, despu\u00e9s de tener en cuenta ciertos ajustes, y ambas suelen coincidir.<\/p>\n<p>En este sentido, se espera que el desempleo en Irlanda rondar\u00e1 ese 12,3 por ciento de la SUR, despu\u00e9s de alcanzar en el tercer trimestre de 2013 su nivel m\u00e1s bajo desde 2009 con 12,8 por ciento, ocho d\u00e9cimas menos que en el periodo anterior.<\/p>\n<p>Como viene siendo habitual, la reducci\u00f3n del n\u00famero de receptores de beneficios varones fue mayor que el de las mujeres, pues durante el a\u00f1o cay\u00f3 un 9,1 y un 3,1 por ciento, hasta los 248.723 y 150.907, respectivamente.<\/p>\n<p>Estas cifras contrastan con las de ese mismo periodo del a\u00f1o anterior, cuando el desempleo entre los varones baj\u00f3 un 3,6 por ciento, mientras que el de las mujeres subi\u00f3 un 1,2 por ciento.<\/p>\n<p>Por edades, la tasa de parados mayores de 25 a\u00f1os cay\u00f3 un 6,1 por ciento durante el a\u00f1o y la de los menores de 25 a\u00f1os lo hizo en un 11,4 por ciento, hasta representar estos \u00faltimos un 15,1 por ciento del total del \u00abRegistro Vivo\u00bb.<\/p>\n<p>Desde enero de 2012, cuando el paro juvenil se situ\u00f3 en el 17,1 por ciento, las ca\u00eddas del desempleo han sido atribuidas, sobre todo, al fen\u00f3meno de la inmigraci\u00f3n, si bien las autoridades aseguran que, tras estabilizarse, la creaci\u00f3n de puestos de trabajos para este sector demogr\u00e1fico es ahora significativa.<\/p>\n<p>La realidad es que por cada 5,5 trabajadores mayores de 25 a\u00f1os hay uno menor de esa edad en la fuerza laboral irlandesa, frente a la proporci\u00f3n de cuatro a uno que se dio entre 2003 y 2008.<\/p>\n<p>La consultora econ\u00f3mica dublinesa Merrion apunt\u00f3 hoy que el desempleo podr\u00eda seguir cayendo durante este a\u00f1o hasta situarse en torno al 11,8 por ciento.<\/p>\n","protected":false},"excerpt":{"rendered":"<p>Dubl\u00edn, 5 feb (EFE).- La tasa de desempleo estandarizada (SUR) en la Rep\u00fablica de Irlanda baj\u00f3 en enero hasta el 12,3 por ciento, una d\u00e9cima menos que el mes anterior, inform\u00f3 hoy la Oficina Central de Estad\u00edsticas (CSO, siglas en ingl\u00e9s). El n\u00famero de desempleados inscritos en el llamado \u00abRegistro Vivo\u00bb, que incluye a trabajadores [&hellip;]<\/p>\n","protected":false},"author":1,"featured_media":484278,"comment_status":"closed","ping_status":"open","sticky":false,"template":"","format":"standard","meta":{"footnotes":""},"categories":[1],"tags":[],"class_list":["post-484277","post","type-post","status-publish","format-standard","has-post-thumbnail","hentry","category-actualidad"],"aioseo_notices":[],"aioseo_head":"\n\t\t<!-- All in One SEO Pro 5.0.1 - aioseo.com -->\n\t<meta name=\"description\" content=\"Dubl\u00edn, 5 feb (EFE).- La tasa de desempleo estandarizada (SUR) en la Rep\u00fablica de Irlanda baj\u00f3 en enero hasta el 12,3 por ciento, una d\u00e9cima menos que el mes anterior, inform\u00f3 hoy la Oficina Central de Estad\u00edsticas (CSO, siglas en ingl\u00e9s). El n\u00famero de desempleados inscritos en el llamado &quot;Registro Vivo&quot;, que incluye a trabajadores\" \/>\n\t<meta name=\"robots\" content=\"max-image-preview:large\" \/>\n\t<meta name=\"author\" content=\"El Digital de Asturias\"\/>\n\t<meta name=\"google-site-verification\" content=\"UA-38556648-1\" \/>\n\t<meta name=\"msvalidate.01\" content=\"7dfe9f3f1b24437ab69f4f2559babe99\" \/>\n\t<meta name=\"keywords\" content=\"actualidad\" \/>\n\t<link rel=\"canonical\" href=\"https:\/\/www.eldigitaldeasturias.com\/noticias\/el-paro-cayo-en-irlanda-al-123-por-ciento-en-enero\/\" \/>\n\t<meta name=\"generator\" content=\"All in One SEO Pro (AIOSEO) 5.0.1\" \/>\n\t\t<meta property=\"og:locale\" content=\"es_ES\" \/>\n\t\t<meta property=\"og:site_name\" content=\"El Digital de Asturias\" \/>\n\t\t<meta property=\"og:type\" content=\"article\" \/>\n\t\t<meta property=\"og:title\" content=\"El paro cay\u00f3 en Irlanda al 12,3 por ciento en enero - El Digital de Asturias\" \/>\n\t\t<meta property=\"og:description\" content=\"Dubl\u00edn, 5 feb (EFE).- La tasa de desempleo estandarizada (SUR) en la Rep\u00fablica de Irlanda baj\u00f3 en enero hasta el 12,3 por ciento, una d\u00e9cima menos que el mes anterior, inform\u00f3 hoy la Oficina Central de Estad\u00edsticas (CSO, siglas en ingl\u00e9s). El n\u00famero de desempleados inscritos en el llamado &quot;Registro Vivo&quot;, que incluye a trabajadores\" \/>\n\t\t<meta property=\"og:url\" content=\"https:\/\/www.eldigitaldeasturias.com\/noticias\/el-paro-cayo-en-irlanda-al-123-por-ciento-en-enero\/\" \/>\n\t\t<meta property=\"article:tag\" content=\"actualidad\" \/>\n\t\t<meta property=\"article:published_time\" content=\"2014-02-06T00:14:33+00:00\" \/>\n\t\t<meta property=\"article:modified_time\" content=\"2014-02-06T00:14:33+00:00\" \/>\n\t\t<meta property=\"article:publisher\" content=\"https:\/\/facebook.com\/eldigitaldeasturias\" \/>\n\t\t<meta name=\"twitter:card\" content=\"summary_large_image\" \/>\n\t\t<meta name=\"twitter:title\" content=\"El paro cay\u00f3 en Irlanda al 12,3 por ciento en enero - El Digital de Asturias\" \/>\n\t\t<meta name=\"twitter:description\" content=\"Dubl\u00edn, 5 feb (EFE).- La tasa de desempleo estandarizada (SUR) en la Rep\u00fablica de Irlanda baj\u00f3 en enero hasta el 12,3 por ciento, una d\u00e9cima menos que el mes anterior, inform\u00f3 hoy la Oficina Central de Estad\u00edsticas (CSO, siglas en ingl\u00e9s). El n\u00famero de desempleados inscritos en el llamado &quot;Registro Vivo&quot;, que incluye a trabajadores\" \/>\n\t\t<meta name=\"twitter:label1\" content=\"Escrito por\" \/>\n\t\t<meta name=\"twitter:data1\" content=\"El Digital de Asturias\" \/>\n\t\t<meta name=\"twitter:label2\" content=\"Tiempo de lectura estimado\" \/>\n\t\t<meta name=\"twitter:data2\" content=\"3 minutos\" \/>\n\t\t<script type=\"application\/ld+json\" class=\"aioseo-schema\">\n\t\t\t{\"@context\":\"https:\\\/\\\/schema.org\",\"@graph\":[{\"@type\":\"BlogPosting\",\"@id\":\"https:\\\/\\\/www.eldigitaldeasturias.com\\\/noticias\\\/el-paro-cayo-en-irlanda-al-123-por-ciento-en-enero\\\/#blogposting\",\"name\":\"El paro cay\\u00f3 en Irlanda al 12,3 por ciento en enero - El Digital de Asturias\",\"headline\":\"El paro cay\\u00f3 en Irlanda al 12,3 por ciento en enero\",\"author\":{\"@id\":\"https:\\\/\\\/www.eldigitaldeasturias.com\\\/noticias\\\/author\\\/admin\\\/#author\"},\"publisher\":{\"@id\":\"https:\\\/\\\/www.eldigitaldeasturias.com\\\/noticias\\\/#organization\"},\"image\":{\"@type\":\"ImageObject\",\"url\":484278},\"datePublished\":\"2014-02-05T23:14:33+01:00\",\"dateModified\":\"2014-02-05T23:14:33+01:00\",\"inLanguage\":\"es-ES\",\"mainEntityOfPage\":{\"@id\":\"https:\\\/\\\/www.eldigitaldeasturias.com\\\/noticias\\\/el-paro-cayo-en-irlanda-al-123-por-ciento-en-enero\\\/#webpage\"},\"isPartOf\":{\"@id\":\"https:\\\/\\\/www.eldigitaldeasturias.com\\\/noticias\\\/el-paro-cayo-en-irlanda-al-123-por-ciento-en-enero\\\/#webpage\"},\"articleSection\":\"Actualidad\"},{\"@type\":\"BreadcrumbList\",\"@id\":\"https:\\\/\\\/www.eldigitaldeasturias.com\\\/noticias\\\/el-paro-cayo-en-irlanda-al-123-por-ciento-en-enero\\\/#breadcrumblist\",\"itemListElement\":[{\"@type\":\"ListItem\",\"@id\":\"https:\\\/\\\/www.eldigitaldeasturias.com\\\/noticias#listItem\",\"position\":1,\"name\":\"Home\",\"item\":\"https:\\\/\\\/www.eldigitaldeasturias.com\\\/noticias\",\"nextItem\":{\"@type\":\"ListItem\",\"@id\":\"https:\\\/\\\/www.eldigitaldeasturias.com\\\/noticias\\\/category\\\/actualidad\\\/#listItem\",\"name\":\"Actualidad\"}},{\"@type\":\"ListItem\",\"@id\":\"https:\\\/\\\/www.eldigitaldeasturias.com\\\/noticias\\\/category\\\/actualidad\\\/#listItem\",\"position\":2,\"name\":\"Actualidad\",\"item\":\"https:\\\/\\\/www.eldigitaldeasturias.com\\\/noticias\\\/category\\\/actualidad\\\/\",\"nextItem\":{\"@type\":\"ListItem\",\"@id\":\"https:\\\/\\\/www.eldigitaldeasturias.com\\\/noticias\\\/el-paro-cayo-en-irlanda-al-123-por-ciento-en-enero\\\/#listItem\",\"name\":\"El paro cay\\u00f3 en Irlanda al 12,3 por ciento en enero\"},\"previousItem\":{\"@type\":\"ListItem\",\"@id\":\"https:\\\/\\\/www.eldigitaldeasturias.com\\\/noticias#listItem\",\"name\":\"Home\"}},{\"@type\":\"ListItem\",\"@id\":\"https:\\\/\\\/www.eldigitaldeasturias.com\\\/noticias\\\/el-paro-cayo-en-irlanda-al-123-por-ciento-en-enero\\\/#listItem\",\"position\":3,\"name\":\"El paro cay\\u00f3 en Irlanda al 12,3 por ciento en enero\",\"previousItem\":{\"@type\":\"ListItem\",\"@id\":\"https:\\\/\\\/www.eldigitaldeasturias.com\\\/noticias\\\/category\\\/actualidad\\\/#listItem\",\"name\":\"Actualidad\"}}]},{\"@type\":\"Organization\",\"@id\":\"https:\\\/\\\/www.eldigitaldeasturias.com\\\/noticias\\\/#organization\",\"name\":\"El Digital de Asturias\",\"description\":\"Hemeroteca\",\"url\":\"https:\\\/\\\/www.eldigitaldeasturias.com\\\/noticias\\\/\",\"email\":\"info@eldigitaldeasturias.com\",\"telephone\":\"+34652131393\",\"logo\":{\"@type\":\"ImageObject\",\"url\":\"https:\\\/\\\/www.eldigitaldeasturias.com\\\/noticias\\\/wp-content\\\/uploads\\\/2020\\\/12\\\/EDA.jpg\",\"@id\":\"https:\\\/\\\/www.eldigitaldeasturias.com\\\/noticias\\\/el-paro-cayo-en-irlanda-al-123-por-ciento-en-enero\\\/#organizationLogo\"},\"image\":{\"@id\":\"https:\\\/\\\/www.eldigitaldeasturias.com\\\/noticias\\\/el-paro-cayo-en-irlanda-al-123-por-ciento-en-enero\\\/#organizationLogo\"},\"sameAs\":[\"https:\\\/\\\/facebook.com\\\/eldigitaldeasturias\",\"https:\\\/\\\/www.youtube.com\\\/channel\\\/UCZP-2wLEB9Rv6erhFmqVnvg\"],\"address\":{\"@id\":\"https:\\\/\\\/www.eldigitaldeasturias.com\\\/noticias\\\/#postaladdress\",\"@type\":\"PostalAddress\",\"streetAddress\":\"san antonio 4\",\"postalCode\":\"33430\",\"addressLocality\":\"Cand\\u00e1s\",\"addressRegion\":\"Asturias\",\"addressCountry\":\"ES\"}},{\"@type\":\"Person\",\"@id\":\"https:\\\/\\\/www.eldigitaldeasturias.com\\\/noticias\\\/author\\\/admin\\\/#author\",\"url\":\"https:\\\/\\\/www.eldigitaldeasturias.com\\\/noticias\\\/author\\\/admin\\\/\",\"name\":\"El Digital de Asturias\",\"image\":{\"@type\":\"ImageObject\",\"@id\":\"https:\\\/\\\/www.eldigitaldeasturias.com\\\/noticias\\\/el-paro-cayo-en-irlanda-al-123-por-ciento-en-enero\\\/#authorImage\",\"url\":\"https:\\\/\\\/secure.gravatar.com\\\/avatar\\\/df2aeffc32bcd13f8d26072ef8a91b623d677766deac7f97ca815868cd41bf5e?s=96&d=mm&r=g\",\"width\":96,\"height\":96,\"caption\":\"El Digital de Asturias\"}},{\"@type\":\"WebPage\",\"@id\":\"https:\\\/\\\/www.eldigitaldeasturias.com\\\/noticias\\\/el-paro-cayo-en-irlanda-al-123-por-ciento-en-enero\\\/#webpage\",\"url\":\"https:\\\/\\\/www.eldigitaldeasturias.com\\\/noticias\\\/el-paro-cayo-en-irlanda-al-123-por-ciento-en-enero\\\/\",\"name\":\"El paro cay\\u00f3 en Irlanda al 12,3 por ciento en enero - El Digital de Asturias\",\"description\":\"Dubl\\u00edn, 5 feb (EFE).- La tasa de desempleo estandarizada (SUR) en la Rep\\u00fablica de Irlanda baj\\u00f3 en enero hasta el 12,3 por ciento, una d\\u00e9cima menos que el mes anterior, inform\\u00f3 hoy la Oficina Central de Estad\\u00edsticas (CSO, siglas en ingl\\u00e9s). El n\\u00famero de desempleados inscritos en el llamado \\\"Registro Vivo\\\", que incluye a trabajadores\",\"inLanguage\":\"es-ES\",\"isPartOf\":{\"@id\":\"https:\\\/\\\/www.eldigitaldeasturias.com\\\/noticias\\\/#website\"},\"breadcrumb\":{\"@id\":\"https:\\\/\\\/www.eldigitaldeasturias.com\\\/noticias\\\/el-paro-cayo-en-irlanda-al-123-por-ciento-en-enero\\\/#breadcrumblist\"},\"author\":{\"@id\":\"https:\\\/\\\/www.eldigitaldeasturias.com\\\/noticias\\\/author\\\/admin\\\/#author\"},\"creator\":{\"@id\":\"https:\\\/\\\/www.eldigitaldeasturias.com\\\/noticias\\\/author\\\/admin\\\/#author\"},\"image\":{\"@type\":\"ImageObject\",\"url\":484278,\"@id\":\"https:\\\/\\\/www.eldigitaldeasturias.com\\\/noticias\\\/el-paro-cayo-en-irlanda-al-123-por-ciento-en-enero\\\/#mainImage\"},\"primaryImageOfPage\":{\"@id\":\"https:\\\/\\\/www.eldigitaldeasturias.com\\\/noticias\\\/el-paro-cayo-en-irlanda-al-123-por-ciento-en-enero\\\/#mainImage\"},\"datePublished\":\"2014-02-05T23:14:33+01:00\",\"dateModified\":\"2014-02-05T23:14:33+01:00\"},{\"@type\":\"WebSite\",\"@id\":\"https:\\\/\\\/www.eldigitaldeasturias.com\\\/noticias\\\/#website\",\"url\":\"https:\\\/\\\/www.eldigitaldeasturias.com\\\/noticias\\\/\",\"name\":\"El Digital de Asturias - Diario de actualidad y noticias\",\"alternateName\":\"El Digital de Asturias - Diario de actualidad y noticias\",\"description\":\"Hemeroteca\",\"inLanguage\":\"es-ES\",\"publisher\":{\"@id\":\"https:\\\/\\\/www.eldigitaldeasturias.com\\\/noticias\\\/#organization\"}}]}\n\t\t<\/script>\n\t\t<!-- All in One SEO Pro -->\r\n\t\t<title>El paro cay\u00f3 en Irlanda al 12,3 por ciento en enero - El Digital de Asturias<\/title>\n\n","aioseo_head_json":{"title":"El paro cay\u00f3 en Irlanda al 12,3 por ciento en enero - El Digital de Asturias","description":"Dubl\u00edn, 5 feb (EFE).- La tasa de desempleo estandarizada (SUR) en la Rep\u00fablica de Irlanda baj\u00f3 en enero hasta el 12,3 por ciento, una d\u00e9cima menos que el mes anterior, inform\u00f3 hoy la Oficina Central de Estad\u00edsticas (CSO, siglas en ingl\u00e9s). El n\u00famero de desempleados inscritos en el llamado \"Registro Vivo\", que incluye a trabajadores","canonical_url":"https:\/\/www.eldigitaldeasturias.com\/noticias\/el-paro-cayo-en-irlanda-al-123-por-ciento-en-enero\/","robots":"max-image-preview:large","keywords":"actualidad","webmasterTools":{"google-site-verification":"UA-38556648-1","msvalidate.01":"7dfe9f3f1b24437ab69f4f2559babe99","miscellaneous":""},"schema":{"@context":"https:\/\/schema.org","@graph":[{"@type":"BlogPosting","@id":"https:\/\/www.eldigitaldeasturias.com\/noticias\/el-paro-cayo-en-irlanda-al-123-por-ciento-en-enero\/#blogposting","name":"El paro cay\u00f3 en Irlanda al 12,3 por ciento en enero - El Digital de Asturias","headline":"El paro cay\u00f3 en Irlanda al 12,3 por ciento en enero","author":{"@id":"https:\/\/www.eldigitaldeasturias.com\/noticias\/author\/admin\/#author"},"publisher":{"@id":"https:\/\/www.eldigitaldeasturias.com\/noticias\/#organization"},"image":{"@type":"ImageObject","url":484278},"datePublished":"2014-02-05T23:14:33+01:00","dateModified":"2014-02-05T23:14:33+01:00","inLanguage":"es-ES","mainEntityOfPage":{"@id":"https:\/\/www.eldigitaldeasturias.com\/noticias\/el-paro-cayo-en-irlanda-al-123-por-ciento-en-enero\/#webpage"},"isPartOf":{"@id":"https:\/\/www.eldigitaldeasturias.com\/noticias\/el-paro-cayo-en-irlanda-al-123-por-ciento-en-enero\/#webpage"},"articleSection":"Actualidad"},{"@type":"BreadcrumbList","@id":"https:\/\/www.eldigitaldeasturias.com\/noticias\/el-paro-cayo-en-irlanda-al-123-por-ciento-en-enero\/#breadcrumblist","itemListElement":[{"@type":"ListItem","@id":"https:\/\/www.eldigitaldeasturias.com\/noticias#listItem","position":1,"name":"Home","item":"https:\/\/www.eldigitaldeasturias.com\/noticias","nextItem":{"@type":"ListItem","@id":"https:\/\/www.eldigitaldeasturias.com\/noticias\/category\/actualidad\/#listItem","name":"Actualidad"}},{"@type":"ListItem","@id":"https:\/\/www.eldigitaldeasturias.com\/noticias\/category\/actualidad\/#listItem","position":2,"name":"Actualidad","item":"https:\/\/www.eldigitaldeasturias.com\/noticias\/category\/actualidad\/","nextItem":{"@type":"ListItem","@id":"https:\/\/www.eldigitaldeasturias.com\/noticias\/el-paro-cayo-en-irlanda-al-123-por-ciento-en-enero\/#listItem","name":"El paro cay\u00f3 en Irlanda al 12,3 por ciento en enero"},"previousItem":{"@type":"ListItem","@id":"https:\/\/www.eldigitaldeasturias.com\/noticias#listItem","name":"Home"}},{"@type":"ListItem","@id":"https:\/\/www.eldigitaldeasturias.com\/noticias\/el-paro-cayo-en-irlanda-al-123-por-ciento-en-enero\/#listItem","position":3,"name":"El paro cay\u00f3 en Irlanda al 12,3 por ciento en enero","previousItem":{"@type":"ListItem","@id":"https:\/\/www.eldigitaldeasturias.com\/noticias\/category\/actualidad\/#listItem","name":"Actualidad"}}]},{"@type":"Organization","@id":"https:\/\/www.eldigitaldeasturias.com\/noticias\/#organization","name":"El Digital de Asturias","description":"Hemeroteca","url":"https:\/\/www.eldigitaldeasturias.com\/noticias\/","email":"info@eldigitaldeasturias.com","telephone":"+34652131393","logo":{"@type":"ImageObject","url":"https:\/\/www.eldigitaldeasturias.com\/noticias\/wp-content\/uploads\/2020\/12\/EDA.jpg","@id":"https:\/\/www.eldigitaldeasturias.com\/noticias\/el-paro-cayo-en-irlanda-al-123-por-ciento-en-enero\/#organizationLogo"},"image":{"@id":"https:\/\/www.eldigitaldeasturias.com\/noticias\/el-paro-cayo-en-irlanda-al-123-por-ciento-en-enero\/#organizationLogo"},"sameAs":["https:\/\/facebook.com\/eldigitaldeasturias","https:\/\/www.youtube.com\/channel\/UCZP-2wLEB9Rv6erhFmqVnvg"],"address":{"@id":"https:\/\/www.eldigitaldeasturias.com\/noticias\/#postaladdress","@type":"PostalAddress","streetAddress":"san antonio 4","postalCode":"33430","addressLocality":"Cand\u00e1s","addressRegion":"Asturias","addressCountry":"ES"}},{"@type":"Person","@id":"https:\/\/www.eldigitaldeasturias.com\/noticias\/author\/admin\/#author","url":"https:\/\/www.eldigitaldeasturias.com\/noticias\/author\/admin\/","name":"El Digital de Asturias","image":{"@type":"ImageObject","@id":"https:\/\/www.eldigitaldeasturias.com\/noticias\/el-paro-cayo-en-irlanda-al-123-por-ciento-en-enero\/#authorImage","url":"https:\/\/secure.gravatar.com\/avatar\/df2aeffc32bcd13f8d26072ef8a91b623d677766deac7f97ca815868cd41bf5e?s=96&d=mm&r=g","width":96,"height":96,"caption":"El Digital de Asturias"}},{"@type":"WebPage","@id":"https:\/\/www.eldigitaldeasturias.com\/noticias\/el-paro-cayo-en-irlanda-al-123-por-ciento-en-enero\/#webpage","url":"https:\/\/www.eldigitaldeasturias.com\/noticias\/el-paro-cayo-en-irlanda-al-123-por-ciento-en-enero\/","name":"El paro cay\u00f3 en Irlanda al 12,3 por ciento en enero - El Digital de Asturias","description":"Dubl\u00edn, 5 feb (EFE).- La tasa de desempleo estandarizada (SUR) en la Rep\u00fablica de Irlanda baj\u00f3 en enero hasta el 12,3 por ciento, una d\u00e9cima menos que el mes anterior, inform\u00f3 hoy la Oficina Central de Estad\u00edsticas (CSO, siglas en ingl\u00e9s). El n\u00famero de desempleados inscritos en el llamado \"Registro Vivo\", que incluye a trabajadores","inLanguage":"es-ES","isPartOf":{"@id":"https:\/\/www.eldigitaldeasturias.com\/noticias\/#website"},"breadcrumb":{"@id":"https:\/\/www.eldigitaldeasturias.com\/noticias\/el-paro-cayo-en-irlanda-al-123-por-ciento-en-enero\/#breadcrumblist"},"author":{"@id":"https:\/\/www.eldigitaldeasturias.com\/noticias\/author\/admin\/#author"},"creator":{"@id":"https:\/\/www.eldigitaldeasturias.com\/noticias\/author\/admin\/#author"},"image":{"@type":"ImageObject","url":484278,"@id":"https:\/\/www.eldigitaldeasturias.com\/noticias\/el-paro-cayo-en-irlanda-al-123-por-ciento-en-enero\/#mainImage"},"primaryImageOfPage":{"@id":"https:\/\/www.eldigitaldeasturias.com\/noticias\/el-paro-cayo-en-irlanda-al-123-por-ciento-en-enero\/#mainImage"},"datePublished":"2014-02-05T23:14:33+01:00","dateModified":"2014-02-05T23:14:33+01:00"},{"@type":"WebSite","@id":"https:\/\/www.eldigitaldeasturias.com\/noticias\/#website","url":"https:\/\/www.eldigitaldeasturias.com\/noticias\/","name":"El Digital de Asturias - Diario de actualidad y noticias","alternateName":"El Digital de Asturias - Diario de actualidad y noticias","description":"Hemeroteca","inLanguage":"es-ES","publisher":{"@id":"https:\/\/www.eldigitaldeasturias.com\/noticias\/#organization"}}]},"og:locale":"es_ES","og:site_name":"El Digital de Asturias","og:type":"article","og:title":"El paro cay\u00f3 en Irlanda al 12,3 por ciento en enero - El Digital de Asturias","og:description":"Dubl\u00edn, 5 feb (EFE).- La tasa de desempleo estandarizada (SUR) en la Rep\u00fablica de Irlanda baj\u00f3 en enero hasta el 12,3 por ciento, una d\u00e9cima menos que el mes anterior, inform\u00f3 hoy la Oficina Central de Estad\u00edsticas (CSO, siglas en ingl\u00e9s). El n\u00famero de desempleados inscritos en el llamado &quot;Registro Vivo&quot;, que incluye a trabajadores","og:url":"https:\/\/www.eldigitaldeasturias.com\/noticias\/el-paro-cayo-en-irlanda-al-123-por-ciento-en-enero\/","article:tag":["actualidad"],"article:published_time":"2014-02-06T00:14:33+00:00","article:modified_time":"2014-02-06T00:14:33+00:00","article:publisher":"https:\/\/facebook.com\/eldigitaldeasturias","twitter:card":"summary_large_image","twitter:title":"El paro cay\u00f3 en Irlanda al 12,3 por ciento en enero - El Digital de Asturias","twitter:description":"Dubl\u00edn, 5 feb (EFE).- La tasa de desempleo estandarizada (SUR) en la Rep\u00fablica de Irlanda baj\u00f3 en enero hasta el 12,3 por ciento, una d\u00e9cima menos que el mes anterior, inform\u00f3 hoy la Oficina Central de Estad\u00edsticas (CSO, siglas en ingl\u00e9s). El n\u00famero de desempleados inscritos en el llamado &quot;Registro Vivo&quot;, que incluye a trabajadores","twitter:label1":"Escrito por","twitter:data1":"El Digital de Asturias","twitter:label2":"Tiempo de lectura estimado","twitter:data2":"3 minutos"},"aioseo_meta_data":{"post_id":"484277","title":null,"description":null,"keywords":null,"keyphrases":null,"primary_term":null,"canonical_url":null,"og_title":null,"og_description":null,"og_object_type":"default","og_image_type":"default","og_image_url":null,"og_image_width":null,"og_image_height":null,"og_image_custom_url":null,"og_image_custom_fields":null,"og_video":null,"og_custom_url":null,"og_article_section":null,"og_article_tags":null,"twitter_use_og":true,"twitter_card":"default","twitter_image_type":"default","twitter_image_url":null,"twitter_image_custom_url":null,"twitter_image_custom_fields":null,"twitter_title":null,"twitter_description":null,"schema":{"blockGraphs":[],"customGraphs":[],"default":{"data":{"Article":[],"Course":[],"Dataset":[],"FAQPage":[],"Movie":[],"Person":[],"Product":[],"ProductReview":[],"Car":[],"Recipe":[],"Service":[],"SoftwareApplication":[],"WebPage":[]},"graphName":"","isEnabled":true},"graphs":[],"defaultGraph":"","defaultPostTypeGraph":""},"schema_type":null,"schema_type_options":null,"pillar_content":false,"robots_default":true,"robots_noindex":false,"robots_noarchive":false,"robots_nosnippet":false,"robots_nofollow":false,"robots_noimageindex":false,"robots_noodp":false,"robots_notranslate":false,"robots_max_snippet":null,"robots_max_videopreview":null,"robots_max_imagepreview":"none","priority":null,"frequency":null,"local_seo":null,"seo_analyzer_scan_date":"2026-06-02 15:21:50","breadcrumb_settings":null,"limit_modified_date":false,"open_ai":null,"ai":null,"created":"2020-11-14 22:55:03","updated":"2026-06-02 15:21:50","focus_keyword":null,"additional_keywords":null,"truseo_locale":null},"aioseo_breadcrumb":"<div class=\"aioseo-breadcrumbs\"><span class=\"aioseo-breadcrumb\">\n\t<a href=\"https:\/\/www.eldigitaldeasturias.com\/noticias\" title=\"Home\">Home<\/a>\n<\/span><span class=\"aioseo-breadcrumb-separator\">\u2013<\/span><span class=\"aioseo-breadcrumb\">\n\t<a href=\"https:\/\/www.eldigitaldeasturias.com\/noticias\/category\/actualidad\/\" title=\"Actualidad\">Actualidad<\/a>\n<\/span><span class=\"aioseo-breadcrumb-separator\">\u2013<\/span><span class=\"aioseo-breadcrumb\">\n\t<a href=\"https:\/\/www.eldigitaldeasturias.com\/noticias\/el-paro-cayo-en-irlanda-al-123-por-ciento-en-enero\/\" title=\"El paro cay\u00f3 en Irlanda al 12,3 por ciento en enero\">El paro cay\u00f3 en Irlanda al 12,3 por ciento en enero<\/a>\n<\/span><\/div>","aioseo_breadcrumb_json":[{"label":"Home","link":"https:\/\/www.eldigitaldeasturias.com\/noticias"},{"label":"Actualidad","link":"https:\/\/www.eldigitaldeasturias.com\/noticias\/category\/actualidad\/"},{"label":"El paro cay\u00f3 en Irlanda al 12,3 por ciento en enero","link":"https:\/\/www.eldigitaldeasturias.com\/noticias\/el-paro-cayo-en-irlanda-al-123-por-ciento-en-enero\/"}],"_links":{"self":[{"href":"https:\/\/www.eldigitaldeasturias.com\/noticias\/wp-json\/wp\/v2\/posts\/484277","targetHints":{"allow":["GET"]}}],"collection":[{"href":"https:\/\/www.eldigitaldeasturias.com\/noticias\/wp-json\/wp\/v2\/posts"}],"about":[{"href":"https:\/\/www.eldigitaldeasturias.com\/noticias\/wp-json\/wp\/v2\/types\/post"}],"author":[{"embeddable":true,"href":"https:\/\/www.eldigitaldeasturias.com\/noticias\/wp-json\/wp\/v2\/users\/1"}],"replies":[{"embeddable":true,"href":"https:\/\/www.eldigitaldeasturias.com\/noticias\/wp-json\/wp\/v2\/comments?post=484277"}],"version-history":[{"count":0,"href":"https:\/\/www.eldigitaldeasturias.com\/noticias\/wp-json\/wp\/v2\/posts\/484277\/revisions"}],"wp:attachment":[{"href":"https:\/\/www.eldigitaldeasturias.com\/noticias\/wp-json\/wp\/v2\/media?parent=484277"}],"wp:term":[{"taxonomy":"category","embeddable":true,"href":"https:\/\/www.eldigitaldeasturias.com\/noticias\/wp-json\/wp\/v2\/categories?post=484277"},{"taxonomy":"post_tag","embeddable":true,"href":"https:\/\/www.eldigitaldeasturias.com\/noticias\/wp-json\/wp\/v2\/tags?post=484277"}],"curies":[{"name":"wp","href":"https:\/\/api.w.org\/{rel}","templated":true}]}}