{"id":484274,"date":"2014-02-05T23:13:39","date_gmt":"2014-02-06T00:13:39","guid":{"rendered":"http:\/\/www.eldigitaldeasturias.com\/noticias\/?p=484274"},"modified":"2014-02-05T23:13:39","modified_gmt":"2014-02-06T00:13:39","slug":"andres-fernandez-afirma-que-ante-el-getafe-saldran-como-si-fuera-una-final","status":"publish","type":"post","link":"https:\/\/www.eldigitaldeasturias.com\/noticias\/andres-fernandez-afirma-que-ante-el-getafe-saldran-como-si-fuera-una-final\/","title":{"rendered":"Andr\u00e9s Fern\u00e1ndez afirma que ante el Getafe saldr\u00e1n \u00abcomo si fuera una final\u00bb"},"content":{"rendered":"<p><img loading=\"lazy\" decoding=\"async\" class=\"alignleft size-medium wp-image-484275\" alt=\"5912582w\" src=\"https:\/\/www.eldigitaldeasturias.com\/noticias\/wp-content\/uploads\/2014\/02\/5912582w-360x250.jpg\" width=\"360\" height=\"250\" \/>Pamplona, 5 feb (EFE).- El portero de Osasuna Andr\u00e9s Fern\u00e1ndez ha manifestado hoy que su equipo saldr\u00e1 el domingo ante el Getafe, pr\u00f3ximo rival en la liga, \u00abcomo si fuera una final\u00bb.<\/p>\n<p>\u00abEl partido del domingo tiene que ser un partido que tenemos que trabajarlo muy bien durante la semana y tenemos que salir como si fuera una final\u00bb, ha asegurado hoy en rueda de prensa despu\u00e9s del entrenamiento en las instalaciones de Tajonar.<\/p>\n<p>El guardameta ha reconocido que en los dos \u00faltimos encuentros, ante el Athletic (1-5) y Villarreal (3-1), a su equipo le ha faltado esa \u00abchispa y esa agresividad\u00bb que tienen que \u00abrecuperar\u00bb para sumar puntos en los pr\u00f3ximos partidos.<\/p>\n<p>A su vez, ha indicado que la situaci\u00f3n del equipo en la clasificaci\u00f3n no es tan \u00abalarmante\u00bb despu\u00e9s de dos derrotas, con dos puntos de ventaja sobre los equipos en puestos de descenso.<\/p>\n<p>Andr\u00e9s Fern\u00e1ndez ha comentado que no est\u00e1 \u00abpreocupado\u00bb por su rendimiento, aunque \u00absiempre se puede hacer algo m\u00e1s en los goles\u00bb encajados. Ha indicado que cuando las cosas van mal el primer \u00abfoco de atenci\u00f3n\u00bb se pone en el portero y que el f\u00fatbol \u00abno tiene memoria\u00bb.<\/p>\n<p>El portero murciano, titular habitual desde hace tres temporadas en el club navarro, ha subrayado que le \u00absorprendi\u00f3 mucho\u00bb escuchar que su momento de juego actual est\u00e1 afectado por \u00abmotivos personales\u00bb, seg\u00fan palabras del secretario t\u00e9cnico del club Pedja Vasiljevic. Andr\u00e9s ha dicho que dichos motivos \u00abno los veo\u00bb y que no le va a dar m\u00e1s \u00abvueltas\u00bb a ese comentario.<\/p>\n<p>Andr\u00e9s ha se\u00f1alado que en los dos \u00faltimos partidos de Osasuna ha habido \u00aberrores individuales\u00bb que se han \u00abnotado m\u00e1s\u00bb, pero no hay que \u00abalarmarse\u00bb ni caer en el \u00abderrotismo\u00bb, sino no \u00abseguir adelante\u00bb y que lo \u00abimportante\u00bb es ganar el domingo al Getafe en el estadio del Sadar.<\/p>\n<p>En cuanto a si se va a sentir presionado si es titular ante el equipo madrile\u00f1o, ha explicado que su trabajo \u00abno es estar pendiente de esas cosas\u00bb, sino \u00abayudar\u00bb al equipo, y que la decisi\u00f3n de qui\u00e9n va a ocupar la porter\u00eda es \u00abdel entrenador\u00bb.<\/p>\n","protected":false},"excerpt":{"rendered":"<p>Pamplona, 5 feb (EFE).- El portero de Osasuna Andr\u00e9s Fern\u00e1ndez ha manifestado hoy que su equipo saldr\u00e1 el domingo ante el Getafe, pr\u00f3ximo rival en la liga, \u00abcomo si fuera una final\u00bb. \u00abEl partido del domingo tiene que ser un partido que tenemos que trabajarlo muy bien durante la semana y tenemos que salir como [&hellip;]<\/p>\n","protected":false},"author":1,"featured_media":484275,"comment_status":"closed","ping_status":"open","sticky":false,"template":"","format":"standard","meta":{"footnotes":""},"categories":[1],"tags":[],"class_list":["post-484274","post","type-post","status-publish","format-standard","has-post-thumbnail","hentry","category-actualidad"],"aioseo_notices":[],"aioseo_head":"\n\t\t<!-- All in One SEO Pro 5.0.1 - aioseo.com -->\n\t<meta name=\"description\" content=\"Pamplona, 5 feb (EFE).- El portero de Osasuna Andr\u00e9s Fern\u00e1ndez ha manifestado hoy que su equipo saldr\u00e1 el domingo ante el Getafe, pr\u00f3ximo rival en la liga, &quot;como si fuera una final&quot;. &quot;El partido del domingo tiene que ser un partido que tenemos que trabajarlo muy bien durante la semana y tenemos que salir como\" \/>\n\t<meta name=\"robots\" content=\"max-image-preview:large\" \/>\n\t<meta name=\"author\" content=\"El Digital de Asturias\"\/>\n\t<meta name=\"google-site-verification\" content=\"UA-38556648-1\" \/>\n\t<meta name=\"msvalidate.01\" content=\"7dfe9f3f1b24437ab69f4f2559babe99\" \/>\n\t<meta name=\"keywords\" content=\"actualidad\" \/>\n\t<link rel=\"canonical\" href=\"https:\/\/www.eldigitaldeasturias.com\/noticias\/andres-fernandez-afirma-que-ante-el-getafe-saldran-como-si-fuera-una-final\/\" \/>\n\t<meta name=\"generator\" content=\"All in One SEO Pro (AIOSEO) 5.0.1\" \/>\n\t\t<meta property=\"og:locale\" content=\"es_ES\" \/>\n\t\t<meta property=\"og:site_name\" content=\"El Digital de Asturias\" \/>\n\t\t<meta property=\"og:type\" content=\"article\" \/>\n\t\t<meta property=\"og:title\" content=\"Andr\u00e9s Fern\u00e1ndez afirma que ante el Getafe saldr\u00e1n \u00abcomo si fuera una final\u00bb - El Digital de Asturias\" \/>\n\t\t<meta property=\"og:description\" content=\"Pamplona, 5 feb (EFE).- El portero de Osasuna Andr\u00e9s Fern\u00e1ndez ha manifestado hoy que su equipo saldr\u00e1 el domingo ante el Getafe, pr\u00f3ximo rival en la liga, &quot;como si fuera una final&quot;. &quot;El partido del domingo tiene que ser un partido que tenemos que trabajarlo muy bien durante la semana y tenemos que salir como\" \/>\n\t\t<meta property=\"og:url\" content=\"https:\/\/www.eldigitaldeasturias.com\/noticias\/andres-fernandez-afirma-que-ante-el-getafe-saldran-como-si-fuera-una-final\/\" \/>\n\t\t<meta property=\"article:tag\" content=\"actualidad\" \/>\n\t\t<meta property=\"article:published_time\" content=\"2014-02-06T00:13:39+00:00\" \/>\n\t\t<meta property=\"article:modified_time\" content=\"2014-02-06T00:13:39+00:00\" \/>\n\t\t<meta property=\"article:publisher\" content=\"https:\/\/facebook.com\/eldigitaldeasturias\" \/>\n\t\t<meta name=\"twitter:card\" content=\"summary_large_image\" \/>\n\t\t<meta name=\"twitter:title\" content=\"Andr\u00e9s Fern\u00e1ndez afirma que ante el Getafe saldr\u00e1n \u00abcomo si fuera una final\u00bb - El Digital de Asturias\" \/>\n\t\t<meta name=\"twitter:description\" content=\"Pamplona, 5 feb (EFE).- El portero de Osasuna Andr\u00e9s Fern\u00e1ndez ha manifestado hoy que su equipo saldr\u00e1 el domingo ante el Getafe, pr\u00f3ximo rival en la liga, &quot;como si fuera una final&quot;. &quot;El partido del domingo tiene que ser un partido que tenemos que trabajarlo muy bien durante la semana y tenemos que salir como\" \/>\n\t\t<meta name=\"twitter:label1\" content=\"Escrito por\" \/>\n\t\t<meta name=\"twitter:data1\" content=\"El Digital de Asturias\" \/>\n\t\t<meta name=\"twitter:label2\" content=\"Tiempo de lectura estimado\" \/>\n\t\t<meta name=\"twitter:data2\" content=\"2 minutos\" \/>\n\t\t<script type=\"application\/ld+json\" class=\"aioseo-schema\">\n\t\t\t{\"@context\":\"https:\\\/\\\/schema.org\",\"@graph\":[{\"@type\":\"BlogPosting\",\"@id\":\"https:\\\/\\\/www.eldigitaldeasturias.com\\\/noticias\\\/andres-fernandez-afirma-que-ante-el-getafe-saldran-como-si-fuera-una-final\\\/#blogposting\",\"name\":\"Andr\\u00e9s Fern\\u00e1ndez afirma que ante el Getafe saldr\\u00e1n \\u00abcomo si fuera una final\\u00bb - El Digital de Asturias\",\"headline\":\"Andr\\u00e9s Fern\\u00e1ndez afirma que ante el Getafe saldr\\u00e1n \\u00abcomo si fuera una final\\u00bb\",\"author\":{\"@id\":\"https:\\\/\\\/www.eldigitaldeasturias.com\\\/noticias\\\/author\\\/admin\\\/#author\"},\"publisher\":{\"@id\":\"https:\\\/\\\/www.eldigitaldeasturias.com\\\/noticias\\\/#organization\"},\"image\":{\"@type\":\"ImageObject\",\"url\":484275},\"datePublished\":\"2014-02-05T23:13:39+01:00\",\"dateModified\":\"2014-02-05T23:13:39+01:00\",\"inLanguage\":\"es-ES\",\"mainEntityOfPage\":{\"@id\":\"https:\\\/\\\/www.eldigitaldeasturias.com\\\/noticias\\\/andres-fernandez-afirma-que-ante-el-getafe-saldran-como-si-fuera-una-final\\\/#webpage\"},\"isPartOf\":{\"@id\":\"https:\\\/\\\/www.eldigitaldeasturias.com\\\/noticias\\\/andres-fernandez-afirma-que-ante-el-getafe-saldran-como-si-fuera-una-final\\\/#webpage\"},\"articleSection\":\"Actualidad\"},{\"@type\":\"BreadcrumbList\",\"@id\":\"https:\\\/\\\/www.eldigitaldeasturias.com\\\/noticias\\\/andres-fernandez-afirma-que-ante-el-getafe-saldran-como-si-fuera-una-final\\\/#breadcrumblist\",\"itemListElement\":[{\"@type\":\"ListItem\",\"@id\":\"https:\\\/\\\/www.eldigitaldeasturias.com\\\/noticias#listItem\",\"position\":1,\"name\":\"Home\",\"item\":\"https:\\\/\\\/www.eldigitaldeasturias.com\\\/noticias\",\"nextItem\":{\"@type\":\"ListItem\",\"@id\":\"https:\\\/\\\/www.eldigitaldeasturias.com\\\/noticias\\\/category\\\/actualidad\\\/#listItem\",\"name\":\"Actualidad\"}},{\"@type\":\"ListItem\",\"@id\":\"https:\\\/\\\/www.eldigitaldeasturias.com\\\/noticias\\\/category\\\/actualidad\\\/#listItem\",\"position\":2,\"name\":\"Actualidad\",\"item\":\"https:\\\/\\\/www.eldigitaldeasturias.com\\\/noticias\\\/category\\\/actualidad\\\/\",\"nextItem\":{\"@type\":\"ListItem\",\"@id\":\"https:\\\/\\\/www.eldigitaldeasturias.com\\\/noticias\\\/andres-fernandez-afirma-que-ante-el-getafe-saldran-como-si-fuera-una-final\\\/#listItem\",\"name\":\"Andr\\u00e9s Fern\\u00e1ndez afirma que ante el Getafe saldr\\u00e1n \\u00abcomo si fuera una final\\u00bb\"},\"previousItem\":{\"@type\":\"ListItem\",\"@id\":\"https:\\\/\\\/www.eldigitaldeasturias.com\\\/noticias#listItem\",\"name\":\"Home\"}},{\"@type\":\"ListItem\",\"@id\":\"https:\\\/\\\/www.eldigitaldeasturias.com\\\/noticias\\\/andres-fernandez-afirma-que-ante-el-getafe-saldran-como-si-fuera-una-final\\\/#listItem\",\"position\":3,\"name\":\"Andr\\u00e9s Fern\\u00e1ndez afirma que ante el Getafe saldr\\u00e1n \\u00abcomo si fuera una final\\u00bb\",\"previousItem\":{\"@type\":\"ListItem\",\"@id\":\"https:\\\/\\\/www.eldigitaldeasturias.com\\\/noticias\\\/category\\\/actualidad\\\/#listItem\",\"name\":\"Actualidad\"}}]},{\"@type\":\"Organization\",\"@id\":\"https:\\\/\\\/www.eldigitaldeasturias.com\\\/noticias\\\/#organization\",\"name\":\"El Digital de Asturias\",\"description\":\"Hemeroteca\",\"url\":\"https:\\\/\\\/www.eldigitaldeasturias.com\\\/noticias\\\/\",\"email\":\"info@eldigitaldeasturias.com\",\"telephone\":\"+34652131393\",\"logo\":{\"@type\":\"ImageObject\",\"url\":\"https:\\\/\\\/www.eldigitaldeasturias.com\\\/noticias\\\/wp-content\\\/uploads\\\/2020\\\/12\\\/EDA.jpg\",\"@id\":\"https:\\\/\\\/www.eldigitaldeasturias.com\\\/noticias\\\/andres-fernandez-afirma-que-ante-el-getafe-saldran-como-si-fuera-una-final\\\/#organizationLogo\"},\"image\":{\"@id\":\"https:\\\/\\\/www.eldigitaldeasturias.com\\\/noticias\\\/andres-fernandez-afirma-que-ante-el-getafe-saldran-como-si-fuera-una-final\\\/#organizationLogo\"},\"sameAs\":[\"https:\\\/\\\/facebook.com\\\/eldigitaldeasturias\",\"https:\\\/\\\/www.youtube.com\\\/channel\\\/UCZP-2wLEB9Rv6erhFmqVnvg\"],\"address\":{\"@id\":\"https:\\\/\\\/www.eldigitaldeasturias.com\\\/noticias\\\/#postaladdress\",\"@type\":\"PostalAddress\",\"streetAddress\":\"san antonio 4\",\"postalCode\":\"33430\",\"addressLocality\":\"Cand\\u00e1s\",\"addressRegion\":\"Asturias\",\"addressCountry\":\"ES\"}},{\"@type\":\"Person\",\"@id\":\"https:\\\/\\\/www.eldigitaldeasturias.com\\\/noticias\\\/author\\\/admin\\\/#author\",\"url\":\"https:\\\/\\\/www.eldigitaldeasturias.com\\\/noticias\\\/author\\\/admin\\\/\",\"name\":\"El Digital de Asturias\",\"image\":{\"@type\":\"ImageObject\",\"@id\":\"https:\\\/\\\/www.eldigitaldeasturias.com\\\/noticias\\\/andres-fernandez-afirma-que-ante-el-getafe-saldran-como-si-fuera-una-final\\\/#authorImage\",\"url\":\"https:\\\/\\\/secure.gravatar.com\\\/avatar\\\/df2aeffc32bcd13f8d26072ef8a91b623d677766deac7f97ca815868cd41bf5e?s=96&d=mm&r=g\",\"width\":96,\"height\":96,\"caption\":\"El Digital de Asturias\"}},{\"@type\":\"WebPage\",\"@id\":\"https:\\\/\\\/www.eldigitaldeasturias.com\\\/noticias\\\/andres-fernandez-afirma-que-ante-el-getafe-saldran-como-si-fuera-una-final\\\/#webpage\",\"url\":\"https:\\\/\\\/www.eldigitaldeasturias.com\\\/noticias\\\/andres-fernandez-afirma-que-ante-el-getafe-saldran-como-si-fuera-una-final\\\/\",\"name\":\"Andr\\u00e9s Fern\\u00e1ndez afirma que ante el Getafe saldr\\u00e1n \\u00abcomo si fuera una final\\u00bb - El Digital de Asturias\",\"description\":\"Pamplona, 5 feb (EFE).- El portero de Osasuna Andr\\u00e9s Fern\\u00e1ndez ha manifestado hoy que su equipo saldr\\u00e1 el domingo ante el Getafe, pr\\u00f3ximo rival en la liga, \\\"como si fuera una final\\\". \\\"El partido del domingo tiene que ser un partido que tenemos que trabajarlo muy bien durante la semana y tenemos que salir como\",\"inLanguage\":\"es-ES\",\"isPartOf\":{\"@id\":\"https:\\\/\\\/www.eldigitaldeasturias.com\\\/noticias\\\/#website\"},\"breadcrumb\":{\"@id\":\"https:\\\/\\\/www.eldigitaldeasturias.com\\\/noticias\\\/andres-fernandez-afirma-que-ante-el-getafe-saldran-como-si-fuera-una-final\\\/#breadcrumblist\"},\"author\":{\"@id\":\"https:\\\/\\\/www.eldigitaldeasturias.com\\\/noticias\\\/author\\\/admin\\\/#author\"},\"creator\":{\"@id\":\"https:\\\/\\\/www.eldigitaldeasturias.com\\\/noticias\\\/author\\\/admin\\\/#author\"},\"image\":{\"@type\":\"ImageObject\",\"url\":484275,\"@id\":\"https:\\\/\\\/www.eldigitaldeasturias.com\\\/noticias\\\/andres-fernandez-afirma-que-ante-el-getafe-saldran-como-si-fuera-una-final\\\/#mainImage\"},\"primaryImageOfPage\":{\"@id\":\"https:\\\/\\\/www.eldigitaldeasturias.com\\\/noticias\\\/andres-fernandez-afirma-que-ante-el-getafe-saldran-como-si-fuera-una-final\\\/#mainImage\"},\"datePublished\":\"2014-02-05T23:13:39+01:00\",\"dateModified\":\"2014-02-05T23:13:39+01:00\"},{\"@type\":\"WebSite\",\"@id\":\"https:\\\/\\\/www.eldigitaldeasturias.com\\\/noticias\\\/#website\",\"url\":\"https:\\\/\\\/www.eldigitaldeasturias.com\\\/noticias\\\/\",\"name\":\"El Digital de Asturias - Diario de actualidad y noticias\",\"alternateName\":\"El Digital de Asturias - Diario de actualidad y noticias\",\"description\":\"Hemeroteca\",\"inLanguage\":\"es-ES\",\"publisher\":{\"@id\":\"https:\\\/\\\/www.eldigitaldeasturias.com\\\/noticias\\\/#organization\"}}]}\n\t\t<\/script>\n\t\t<!-- All in One SEO Pro -->\r\n\t\t<title>Andr\u00e9s Fern\u00e1ndez afirma que ante el Getafe saldr\u00e1n \u00abcomo si fuera una final\u00bb - El Digital de Asturias<\/title>\n\n","aioseo_head_json":{"title":"Andr\u00e9s Fern\u00e1ndez afirma que ante el Getafe saldr\u00e1n \u00abcomo si fuera una final\u00bb - El Digital de Asturias","description":"Pamplona, 5 feb (EFE).- El portero de Osasuna Andr\u00e9s Fern\u00e1ndez ha manifestado hoy que su equipo saldr\u00e1 el domingo ante el Getafe, pr\u00f3ximo rival en la liga, \"como si fuera una final\". \"El partido del domingo tiene que ser un partido que tenemos que trabajarlo muy bien durante la semana y tenemos que salir como","canonical_url":"https:\/\/www.eldigitaldeasturias.com\/noticias\/andres-fernandez-afirma-que-ante-el-getafe-saldran-como-si-fuera-una-final\/","robots":"max-image-preview:large","keywords":"actualidad","webmasterTools":{"google-site-verification":"UA-38556648-1","msvalidate.01":"7dfe9f3f1b24437ab69f4f2559babe99","miscellaneous":""},"schema":{"@context":"https:\/\/schema.org","@graph":[{"@type":"BlogPosting","@id":"https:\/\/www.eldigitaldeasturias.com\/noticias\/andres-fernandez-afirma-que-ante-el-getafe-saldran-como-si-fuera-una-final\/#blogposting","name":"Andr\u00e9s Fern\u00e1ndez afirma que ante el Getafe saldr\u00e1n \u00abcomo si fuera una final\u00bb - El Digital de Asturias","headline":"Andr\u00e9s Fern\u00e1ndez afirma que ante el Getafe saldr\u00e1n \u00abcomo si fuera una final\u00bb","author":{"@id":"https:\/\/www.eldigitaldeasturias.com\/noticias\/author\/admin\/#author"},"publisher":{"@id":"https:\/\/www.eldigitaldeasturias.com\/noticias\/#organization"},"image":{"@type":"ImageObject","url":484275},"datePublished":"2014-02-05T23:13:39+01:00","dateModified":"2014-02-05T23:13:39+01:00","inLanguage":"es-ES","mainEntityOfPage":{"@id":"https:\/\/www.eldigitaldeasturias.com\/noticias\/andres-fernandez-afirma-que-ante-el-getafe-saldran-como-si-fuera-una-final\/#webpage"},"isPartOf":{"@id":"https:\/\/www.eldigitaldeasturias.com\/noticias\/andres-fernandez-afirma-que-ante-el-getafe-saldran-como-si-fuera-una-final\/#webpage"},"articleSection":"Actualidad"},{"@type":"BreadcrumbList","@id":"https:\/\/www.eldigitaldeasturias.com\/noticias\/andres-fernandez-afirma-que-ante-el-getafe-saldran-como-si-fuera-una-final\/#breadcrumblist","itemListElement":[{"@type":"ListItem","@id":"https:\/\/www.eldigitaldeasturias.com\/noticias#listItem","position":1,"name":"Home","item":"https:\/\/www.eldigitaldeasturias.com\/noticias","nextItem":{"@type":"ListItem","@id":"https:\/\/www.eldigitaldeasturias.com\/noticias\/category\/actualidad\/#listItem","name":"Actualidad"}},{"@type":"ListItem","@id":"https:\/\/www.eldigitaldeasturias.com\/noticias\/category\/actualidad\/#listItem","position":2,"name":"Actualidad","item":"https:\/\/www.eldigitaldeasturias.com\/noticias\/category\/actualidad\/","nextItem":{"@type":"ListItem","@id":"https:\/\/www.eldigitaldeasturias.com\/noticias\/andres-fernandez-afirma-que-ante-el-getafe-saldran-como-si-fuera-una-final\/#listItem","name":"Andr\u00e9s Fern\u00e1ndez afirma que ante el Getafe saldr\u00e1n \u00abcomo si fuera una final\u00bb"},"previousItem":{"@type":"ListItem","@id":"https:\/\/www.eldigitaldeasturias.com\/noticias#listItem","name":"Home"}},{"@type":"ListItem","@id":"https:\/\/www.eldigitaldeasturias.com\/noticias\/andres-fernandez-afirma-que-ante-el-getafe-saldran-como-si-fuera-una-final\/#listItem","position":3,"name":"Andr\u00e9s Fern\u00e1ndez afirma que ante el Getafe saldr\u00e1n \u00abcomo si fuera una final\u00bb","previousItem":{"@type":"ListItem","@id":"https:\/\/www.eldigitaldeasturias.com\/noticias\/category\/actualidad\/#listItem","name":"Actualidad"}}]},{"@type":"Organization","@id":"https:\/\/www.eldigitaldeasturias.com\/noticias\/#organization","name":"El Digital de Asturias","description":"Hemeroteca","url":"https:\/\/www.eldigitaldeasturias.com\/noticias\/","email":"info@eldigitaldeasturias.com","telephone":"+34652131393","logo":{"@type":"ImageObject","url":"https:\/\/www.eldigitaldeasturias.com\/noticias\/wp-content\/uploads\/2020\/12\/EDA.jpg","@id":"https:\/\/www.eldigitaldeasturias.com\/noticias\/andres-fernandez-afirma-que-ante-el-getafe-saldran-como-si-fuera-una-final\/#organizationLogo"},"image":{"@id":"https:\/\/www.eldigitaldeasturias.com\/noticias\/andres-fernandez-afirma-que-ante-el-getafe-saldran-como-si-fuera-una-final\/#organizationLogo"},"sameAs":["https:\/\/facebook.com\/eldigitaldeasturias","https:\/\/www.youtube.com\/channel\/UCZP-2wLEB9Rv6erhFmqVnvg"],"address":{"@id":"https:\/\/www.eldigitaldeasturias.com\/noticias\/#postaladdress","@type":"PostalAddress","streetAddress":"san antonio 4","postalCode":"33430","addressLocality":"Cand\u00e1s","addressRegion":"Asturias","addressCountry":"ES"}},{"@type":"Person","@id":"https:\/\/www.eldigitaldeasturias.com\/noticias\/author\/admin\/#author","url":"https:\/\/www.eldigitaldeasturias.com\/noticias\/author\/admin\/","name":"El Digital de Asturias","image":{"@type":"ImageObject","@id":"https:\/\/www.eldigitaldeasturias.com\/noticias\/andres-fernandez-afirma-que-ante-el-getafe-saldran-como-si-fuera-una-final\/#authorImage","url":"https:\/\/secure.gravatar.com\/avatar\/df2aeffc32bcd13f8d26072ef8a91b623d677766deac7f97ca815868cd41bf5e?s=96&d=mm&r=g","width":96,"height":96,"caption":"El Digital de Asturias"}},{"@type":"WebPage","@id":"https:\/\/www.eldigitaldeasturias.com\/noticias\/andres-fernandez-afirma-que-ante-el-getafe-saldran-como-si-fuera-una-final\/#webpage","url":"https:\/\/www.eldigitaldeasturias.com\/noticias\/andres-fernandez-afirma-que-ante-el-getafe-saldran-como-si-fuera-una-final\/","name":"Andr\u00e9s Fern\u00e1ndez afirma que ante el Getafe saldr\u00e1n \u00abcomo si fuera una final\u00bb - El Digital de Asturias","description":"Pamplona, 5 feb (EFE).- El portero de Osasuna Andr\u00e9s Fern\u00e1ndez ha manifestado hoy que su equipo saldr\u00e1 el domingo ante el Getafe, pr\u00f3ximo rival en la liga, \"como si fuera una final\". \"El partido del domingo tiene que ser un partido que tenemos que trabajarlo muy bien durante la semana y tenemos que salir como","inLanguage":"es-ES","isPartOf":{"@id":"https:\/\/www.eldigitaldeasturias.com\/noticias\/#website"},"breadcrumb":{"@id":"https:\/\/www.eldigitaldeasturias.com\/noticias\/andres-fernandez-afirma-que-ante-el-getafe-saldran-como-si-fuera-una-final\/#breadcrumblist"},"author":{"@id":"https:\/\/www.eldigitaldeasturias.com\/noticias\/author\/admin\/#author"},"creator":{"@id":"https:\/\/www.eldigitaldeasturias.com\/noticias\/author\/admin\/#author"},"image":{"@type":"ImageObject","url":484275,"@id":"https:\/\/www.eldigitaldeasturias.com\/noticias\/andres-fernandez-afirma-que-ante-el-getafe-saldran-como-si-fuera-una-final\/#mainImage"},"primaryImageOfPage":{"@id":"https:\/\/www.eldigitaldeasturias.com\/noticias\/andres-fernandez-afirma-que-ante-el-getafe-saldran-como-si-fuera-una-final\/#mainImage"},"datePublished":"2014-02-05T23:13:39+01:00","dateModified":"2014-02-05T23:13:39+01:00"},{"@type":"WebSite","@id":"https:\/\/www.eldigitaldeasturias.com\/noticias\/#website","url":"https:\/\/www.eldigitaldeasturias.com\/noticias\/","name":"El Digital de Asturias - Diario de actualidad y noticias","alternateName":"El Digital de Asturias - Diario de actualidad y noticias","description":"Hemeroteca","inLanguage":"es-ES","publisher":{"@id":"https:\/\/www.eldigitaldeasturias.com\/noticias\/#organization"}}]},"og:locale":"es_ES","og:site_name":"El Digital de Asturias","og:type":"article","og:title":"Andr\u00e9s Fern\u00e1ndez afirma que ante el Getafe saldr\u00e1n \u00abcomo si fuera una final\u00bb - El Digital de Asturias","og:description":"Pamplona, 5 feb (EFE).- El portero de Osasuna Andr\u00e9s Fern\u00e1ndez ha manifestado hoy que su equipo saldr\u00e1 el domingo ante el Getafe, pr\u00f3ximo rival en la liga, &quot;como si fuera una final&quot;. &quot;El partido del domingo tiene que ser un partido que tenemos que trabajarlo muy bien durante la semana y tenemos que salir como","og:url":"https:\/\/www.eldigitaldeasturias.com\/noticias\/andres-fernandez-afirma-que-ante-el-getafe-saldran-como-si-fuera-una-final\/","article:tag":["actualidad"],"article:published_time":"2014-02-06T00:13:39+00:00","article:modified_time":"2014-02-06T00:13:39+00:00","article:publisher":"https:\/\/facebook.com\/eldigitaldeasturias","twitter:card":"summary_large_image","twitter:title":"Andr\u00e9s Fern\u00e1ndez afirma que ante el Getafe saldr\u00e1n \u00abcomo si fuera una final\u00bb - El Digital de Asturias","twitter:description":"Pamplona, 5 feb (EFE).- El portero de Osasuna Andr\u00e9s Fern\u00e1ndez ha manifestado hoy que su equipo saldr\u00e1 el domingo ante el Getafe, pr\u00f3ximo rival en la liga, &quot;como si fuera una final&quot;. &quot;El partido del domingo tiene que ser un partido que tenemos que trabajarlo muy bien durante la semana y tenemos que salir como","twitter:label1":"Escrito por","twitter:data1":"El Digital de Asturias","twitter:label2":"Tiempo de lectura estimado","twitter:data2":"2 minutos"},"aioseo_meta_data":{"post_id":"484274","title":null,"description":null,"keywords":null,"keyphrases":null,"primary_term":null,"canonical_url":null,"og_title":null,"og_description":null,"og_object_type":"default","og_image_type":"default","og_image_url":null,"og_image_width":null,"og_image_height":null,"og_image_custom_url":null,"og_image_custom_fields":null,"og_video":null,"og_custom_url":null,"og_article_section":null,"og_article_tags":null,"twitter_use_og":true,"twitter_card":"default","twitter_image_type":"default","twitter_image_url":null,"twitter_image_custom_url":null,"twitter_image_custom_fields":null,"twitter_title":null,"twitter_description":null,"schema":{"blockGraphs":[],"customGraphs":[],"default":{"data":{"Article":[],"Course":[],"Dataset":[],"FAQPage":[],"Movie":[],"Person":[],"Product":[],"ProductReview":[],"Car":[],"Recipe":[],"Service":[],"SoftwareApplication":[],"WebPage":[]},"graphName":"","isEnabled":true},"graphs":[],"defaultGraph":"","defaultPostTypeGraph":""},"schema_type":null,"schema_type_options":null,"pillar_content":false,"robots_default":true,"robots_noindex":false,"robots_noarchive":false,"robots_nosnippet":false,"robots_nofollow":false,"robots_noimageindex":false,"robots_noodp":false,"robots_notranslate":false,"robots_max_snippet":null,"robots_max_videopreview":null,"robots_max_imagepreview":"none","priority":null,"frequency":null,"local_seo":null,"seo_analyzer_scan_date":"2026-06-02 15:21:49","breadcrumb_settings":null,"limit_modified_date":false,"open_ai":null,"ai":null,"created":"2020-11-14 22:55:03","updated":"2026-06-02 15:21:49","focus_keyword":null,"additional_keywords":null,"truseo_locale":null},"aioseo_breadcrumb":"<div class=\"aioseo-breadcrumbs\"><span class=\"aioseo-breadcrumb\">\n\t<a href=\"https:\/\/www.eldigitaldeasturias.com\/noticias\" title=\"Home\">Home<\/a>\n<\/span><span class=\"aioseo-breadcrumb-separator\">\u2013<\/span><span class=\"aioseo-breadcrumb\">\n\t<a href=\"https:\/\/www.eldigitaldeasturias.com\/noticias\/category\/actualidad\/\" title=\"Actualidad\">Actualidad<\/a>\n<\/span><span class=\"aioseo-breadcrumb-separator\">\u2013<\/span><span class=\"aioseo-breadcrumb\">\n\t<a href=\"https:\/\/www.eldigitaldeasturias.com\/noticias\/andres-fernandez-afirma-que-ante-el-getafe-saldran-como-si-fuera-una-final\/\" title=\"Andr\u00e9s Fern\u00e1ndez afirma que ante el Getafe saldr\u00e1n \u00abcomo si fuera una final\u00bb\">Andr\u00e9s Fern\u00e1ndez afirma que ante el Getafe saldr\u00e1n \u00abcomo si fuera una final\u00bb<\/a>\n<\/span><\/div>","aioseo_breadcrumb_json":[{"label":"Home","link":"https:\/\/www.eldigitaldeasturias.com\/noticias"},{"label":"Actualidad","link":"https:\/\/www.eldigitaldeasturias.com\/noticias\/category\/actualidad\/"},{"label":"Andr\u00e9s Fern\u00e1ndez afirma que ante el Getafe saldr\u00e1n \u00abcomo si fuera una final\u00bb","link":"https:\/\/www.eldigitaldeasturias.com\/noticias\/andres-fernandez-afirma-que-ante-el-getafe-saldran-como-si-fuera-una-final\/"}],"_links":{"self":[{"href":"https:\/\/www.eldigitaldeasturias.com\/noticias\/wp-json\/wp\/v2\/posts\/484274","targetHints":{"allow":["GET"]}}],"collection":[{"href":"https:\/\/www.eldigitaldeasturias.com\/noticias\/wp-json\/wp\/v2\/posts"}],"about":[{"href":"https:\/\/www.eldigitaldeasturias.com\/noticias\/wp-json\/wp\/v2\/types\/post"}],"author":[{"embeddable":true,"href":"https:\/\/www.eldigitaldeasturias.com\/noticias\/wp-json\/wp\/v2\/users\/1"}],"replies":[{"embeddable":true,"href":"https:\/\/www.eldigitaldeasturias.com\/noticias\/wp-json\/wp\/v2\/comments?post=484274"}],"version-history":[{"count":0,"href":"https:\/\/www.eldigitaldeasturias.com\/noticias\/wp-json\/wp\/v2\/posts\/484274\/revisions"}],"wp:attachment":[{"href":"https:\/\/www.eldigitaldeasturias.com\/noticias\/wp-json\/wp\/v2\/media?parent=484274"}],"wp:term":[{"taxonomy":"category","embeddable":true,"href":"https:\/\/www.eldigitaldeasturias.com\/noticias\/wp-json\/wp\/v2\/categories?post=484274"},{"taxonomy":"post_tag","embeddable":true,"href":"https:\/\/www.eldigitaldeasturias.com\/noticias\/wp-json\/wp\/v2\/tags?post=484274"}],"curies":[{"name":"wp","href":"https:\/\/api.w.org\/{rel}","templated":true}]}}