{"id":484256,"date":"2014-02-05T23:07:32","date_gmt":"2014-02-06T00:07:32","guid":{"rendered":"http:\/\/www.eldigitaldeasturias.com\/noticias\/?p=484256"},"modified":"2014-02-05T23:07:32","modified_gmt":"2014-02-06T00:07:32","slug":"el-campo-principal-de-futbol-de-alcobendas-llevara-el-nombre-de-luis-aragones","status":"publish","type":"post","link":"https:\/\/www.eldigitaldeasturias.com\/noticias\/el-campo-principal-de-futbol-de-alcobendas-llevara-el-nombre-de-luis-aragones\/","title":{"rendered":"El campo principal de f\u00fatbol de Alcobendas llevar\u00e1 el nombre de Luis Aragon\u00e9s"},"content":{"rendered":"<p><img loading=\"lazy\" decoding=\"async\" class=\"alignleft size-medium wp-image-484257\" alt=\"5912504w\" src=\"https:\/\/www.eldigitaldeasturias.com\/noticias\/wp-content\/uploads\/2014\/02\/5912504w-360x207.jpg\" width=\"360\" height=\"207\" \/>Madrid, 5 feb (EFE).- El campo de f\u00fatbol m\u00e1s importante de Alcobendas, localidad en la que resid\u00eda el fallecido exseleccionador nacional Luis Aragon\u00e9s, llevar\u00e1 su nombre.<\/p>\n<p>El campo est\u00e1 situado en el polideportivo municipal Jos\u00e9 Caballero y a partir de ahora tendr\u00e1 el nombre del &#8216;Sabio de Hortaleza&#8217;, que falleci\u00f3 el pasado s\u00e1bado a los 75 a\u00f1os.<\/p>\n<p>Seg\u00fan informa el Ayuntamiento de esta localidad madrile\u00f1a en un comunicado, nada m\u00e1s conocerse la noticia, muchos vecinos pidieron a trav\u00e9s de las redes sociales un reconocimiento por parte de la ciudad.<\/p>\n<p>El alcalde de Alcobendas, Ignacio Garc\u00eda de Vinuesa, reconoce que con dicha decisi\u00f3n responden a dicha petici\u00f3n, \u00abalgo que nuestro gobierno ya estudiaba; habl\u00e9 de ello con el propio Luis cuando estuvo con nosotros en el preg\u00f3n de las fiestas de la ciudad\u00bb, explica el primer edil.<\/p>\n<p>\u00abTodos sab\u00e9is que era un hombre modesto al que estas cuestiones le provocaban hasta rubor. Hoy, all\u00e1 donde est\u00e9, seguro que agradece este reconocimiento de sus vecinos y el cari\u00f1o de su ciudad. Es el campo m\u00e1s importante de Alcobendas y es un orgullo para todos que en el Polideportivo municipal luzca para siempre el nombre de uno de los m\u00e1s grandes del f\u00fatbol espa\u00f1ol\u00bb, apunta Garc\u00eda de Vinuesa.<\/p>\n","protected":false},"excerpt":{"rendered":"<p>Madrid, 5 feb (EFE).- El campo de f\u00fatbol m\u00e1s importante de Alcobendas, localidad en la que resid\u00eda el fallecido exseleccionador nacional Luis Aragon\u00e9s, llevar\u00e1 su nombre. El campo est\u00e1 situado en el polideportivo municipal Jos\u00e9 Caballero y a partir de ahora tendr\u00e1 el nombre del &#8216;Sabio de Hortaleza&#8217;, que falleci\u00f3 el pasado s\u00e1bado a los [&hellip;]<\/p>\n","protected":false},"author":1,"featured_media":484257,"comment_status":"closed","ping_status":"open","sticky":false,"template":"","format":"standard","meta":{"footnotes":""},"categories":[1],"tags":[],"class_list":["post-484256","post","type-post","status-publish","format-standard","has-post-thumbnail","hentry","category-actualidad"],"aioseo_notices":[],"aioseo_head":"\n\t\t<!-- All in One SEO Pro 5.0.1 - aioseo.com -->\n\t<meta name=\"description\" content=\"Madrid, 5 feb (EFE).- El campo de f\u00fatbol m\u00e1s importante de Alcobendas, localidad en la que resid\u00eda el fallecido exseleccionador nacional Luis Aragon\u00e9s, llevar\u00e1 su nombre. El campo est\u00e1 situado en el polideportivo municipal Jos\u00e9 Caballero y a partir de ahora tendr\u00e1 el nombre del &#039;Sabio de Hortaleza&#039;, que falleci\u00f3 el pasado s\u00e1bado a los\" \/>\n\t<meta name=\"robots\" content=\"max-image-preview:large\" \/>\n\t<meta name=\"author\" content=\"El Digital de Asturias\"\/>\n\t<meta name=\"google-site-verification\" content=\"UA-38556648-1\" \/>\n\t<meta name=\"msvalidate.01\" content=\"7dfe9f3f1b24437ab69f4f2559babe99\" \/>\n\t<meta name=\"keywords\" content=\"actualidad\" \/>\n\t<link rel=\"canonical\" href=\"https:\/\/www.eldigitaldeasturias.com\/noticias\/el-campo-principal-de-futbol-de-alcobendas-llevara-el-nombre-de-luis-aragones\/\" \/>\n\t<meta name=\"generator\" content=\"All in One SEO Pro (AIOSEO) 5.0.1\" \/>\n\t\t<meta property=\"og:locale\" content=\"es_ES\" \/>\n\t\t<meta property=\"og:site_name\" content=\"El Digital de Asturias\" \/>\n\t\t<meta property=\"og:type\" content=\"article\" \/>\n\t\t<meta property=\"og:title\" content=\"El campo principal de f\u00fatbol de Alcobendas llevar\u00e1 el nombre de Luis Aragon\u00e9s - El Digital de Asturias\" \/>\n\t\t<meta property=\"og:description\" content=\"Madrid, 5 feb (EFE).- El campo de f\u00fatbol m\u00e1s importante de Alcobendas, localidad en la que resid\u00eda el fallecido exseleccionador nacional Luis Aragon\u00e9s, llevar\u00e1 su nombre. El campo est\u00e1 situado en el polideportivo municipal Jos\u00e9 Caballero y a partir de ahora tendr\u00e1 el nombre del &#039;Sabio de Hortaleza&#039;, que falleci\u00f3 el pasado s\u00e1bado a los\" \/>\n\t\t<meta property=\"og:url\" content=\"https:\/\/www.eldigitaldeasturias.com\/noticias\/el-campo-principal-de-futbol-de-alcobendas-llevara-el-nombre-de-luis-aragones\/\" \/>\n\t\t<meta property=\"article:tag\" content=\"actualidad\" \/>\n\t\t<meta property=\"article:published_time\" content=\"2014-02-06T00:07:32+00:00\" \/>\n\t\t<meta property=\"article:modified_time\" content=\"2014-02-06T00:07:32+00:00\" \/>\n\t\t<meta property=\"article:publisher\" content=\"https:\/\/facebook.com\/eldigitaldeasturias\" \/>\n\t\t<meta name=\"twitter:card\" content=\"summary_large_image\" \/>\n\t\t<meta name=\"twitter:title\" content=\"El campo principal de f\u00fatbol de Alcobendas llevar\u00e1 el nombre de Luis Aragon\u00e9s - El Digital de Asturias\" \/>\n\t\t<meta name=\"twitter:description\" content=\"Madrid, 5 feb (EFE).- El campo de f\u00fatbol m\u00e1s importante de Alcobendas, localidad en la que resid\u00eda el fallecido exseleccionador nacional Luis Aragon\u00e9s, llevar\u00e1 su nombre. El campo est\u00e1 situado en el polideportivo municipal Jos\u00e9 Caballero y a partir de ahora tendr\u00e1 el nombre del &#039;Sabio de Hortaleza&#039;, que falleci\u00f3 el pasado s\u00e1bado a los\" \/>\n\t\t<meta name=\"twitter:label1\" content=\"Escrito por\" \/>\n\t\t<meta name=\"twitter:data1\" content=\"El Digital de Asturias\" \/>\n\t\t<meta name=\"twitter:label2\" content=\"Tiempo de lectura estimado\" \/>\n\t\t<meta name=\"twitter:data2\" content=\"1 minuto\" \/>\n\t\t<script type=\"application\/ld+json\" class=\"aioseo-schema\">\n\t\t\t{\"@context\":\"https:\\\/\\\/schema.org\",\"@graph\":[{\"@type\":\"BlogPosting\",\"@id\":\"https:\\\/\\\/www.eldigitaldeasturias.com\\\/noticias\\\/el-campo-principal-de-futbol-de-alcobendas-llevara-el-nombre-de-luis-aragones\\\/#blogposting\",\"name\":\"El campo principal de f\\u00fatbol de Alcobendas llevar\\u00e1 el nombre de Luis Aragon\\u00e9s - El Digital de Asturias\",\"headline\":\"El campo principal de f\\u00fatbol de Alcobendas llevar\\u00e1 el nombre de Luis Aragon\\u00e9s\",\"author\":{\"@id\":\"https:\\\/\\\/www.eldigitaldeasturias.com\\\/noticias\\\/author\\\/admin\\\/#author\"},\"publisher\":{\"@id\":\"https:\\\/\\\/www.eldigitaldeasturias.com\\\/noticias\\\/#organization\"},\"image\":{\"@type\":\"ImageObject\",\"url\":484257},\"datePublished\":\"2014-02-05T23:07:32+01:00\",\"dateModified\":\"2014-02-05T23:07:32+01:00\",\"inLanguage\":\"es-ES\",\"mainEntityOfPage\":{\"@id\":\"https:\\\/\\\/www.eldigitaldeasturias.com\\\/noticias\\\/el-campo-principal-de-futbol-de-alcobendas-llevara-el-nombre-de-luis-aragones\\\/#webpage\"},\"isPartOf\":{\"@id\":\"https:\\\/\\\/www.eldigitaldeasturias.com\\\/noticias\\\/el-campo-principal-de-futbol-de-alcobendas-llevara-el-nombre-de-luis-aragones\\\/#webpage\"},\"articleSection\":\"Actualidad\"},{\"@type\":\"BreadcrumbList\",\"@id\":\"https:\\\/\\\/www.eldigitaldeasturias.com\\\/noticias\\\/el-campo-principal-de-futbol-de-alcobendas-llevara-el-nombre-de-luis-aragones\\\/#breadcrumblist\",\"itemListElement\":[{\"@type\":\"ListItem\",\"@id\":\"https:\\\/\\\/www.eldigitaldeasturias.com\\\/noticias#listItem\",\"position\":1,\"name\":\"Home\",\"item\":\"https:\\\/\\\/www.eldigitaldeasturias.com\\\/noticias\",\"nextItem\":{\"@type\":\"ListItem\",\"@id\":\"https:\\\/\\\/www.eldigitaldeasturias.com\\\/noticias\\\/category\\\/actualidad\\\/#listItem\",\"name\":\"Actualidad\"}},{\"@type\":\"ListItem\",\"@id\":\"https:\\\/\\\/www.eldigitaldeasturias.com\\\/noticias\\\/category\\\/actualidad\\\/#listItem\",\"position\":2,\"name\":\"Actualidad\",\"item\":\"https:\\\/\\\/www.eldigitaldeasturias.com\\\/noticias\\\/category\\\/actualidad\\\/\",\"nextItem\":{\"@type\":\"ListItem\",\"@id\":\"https:\\\/\\\/www.eldigitaldeasturias.com\\\/noticias\\\/el-campo-principal-de-futbol-de-alcobendas-llevara-el-nombre-de-luis-aragones\\\/#listItem\",\"name\":\"El campo principal de f\\u00fatbol de Alcobendas llevar\\u00e1 el nombre de Luis Aragon\\u00e9s\"},\"previousItem\":{\"@type\":\"ListItem\",\"@id\":\"https:\\\/\\\/www.eldigitaldeasturias.com\\\/noticias#listItem\",\"name\":\"Home\"}},{\"@type\":\"ListItem\",\"@id\":\"https:\\\/\\\/www.eldigitaldeasturias.com\\\/noticias\\\/el-campo-principal-de-futbol-de-alcobendas-llevara-el-nombre-de-luis-aragones\\\/#listItem\",\"position\":3,\"name\":\"El campo principal de f\\u00fatbol de Alcobendas llevar\\u00e1 el nombre de Luis Aragon\\u00e9s\",\"previousItem\":{\"@type\":\"ListItem\",\"@id\":\"https:\\\/\\\/www.eldigitaldeasturias.com\\\/noticias\\\/category\\\/actualidad\\\/#listItem\",\"name\":\"Actualidad\"}}]},{\"@type\":\"Organization\",\"@id\":\"https:\\\/\\\/www.eldigitaldeasturias.com\\\/noticias\\\/#organization\",\"name\":\"El Digital de Asturias\",\"description\":\"Hemeroteca\",\"url\":\"https:\\\/\\\/www.eldigitaldeasturias.com\\\/noticias\\\/\",\"email\":\"info@eldigitaldeasturias.com\",\"telephone\":\"+34652131393\",\"logo\":{\"@type\":\"ImageObject\",\"url\":\"https:\\\/\\\/www.eldigitaldeasturias.com\\\/noticias\\\/wp-content\\\/uploads\\\/2020\\\/12\\\/EDA.jpg\",\"@id\":\"https:\\\/\\\/www.eldigitaldeasturias.com\\\/noticias\\\/el-campo-principal-de-futbol-de-alcobendas-llevara-el-nombre-de-luis-aragones\\\/#organizationLogo\"},\"image\":{\"@id\":\"https:\\\/\\\/www.eldigitaldeasturias.com\\\/noticias\\\/el-campo-principal-de-futbol-de-alcobendas-llevara-el-nombre-de-luis-aragones\\\/#organizationLogo\"},\"sameAs\":[\"https:\\\/\\\/facebook.com\\\/eldigitaldeasturias\",\"https:\\\/\\\/www.youtube.com\\\/channel\\\/UCZP-2wLEB9Rv6erhFmqVnvg\"],\"address\":{\"@id\":\"https:\\\/\\\/www.eldigitaldeasturias.com\\\/noticias\\\/#postaladdress\",\"@type\":\"PostalAddress\",\"streetAddress\":\"san antonio 4\",\"postalCode\":\"33430\",\"addressLocality\":\"Cand\\u00e1s\",\"addressRegion\":\"Asturias\",\"addressCountry\":\"ES\"}},{\"@type\":\"Person\",\"@id\":\"https:\\\/\\\/www.eldigitaldeasturias.com\\\/noticias\\\/author\\\/admin\\\/#author\",\"url\":\"https:\\\/\\\/www.eldigitaldeasturias.com\\\/noticias\\\/author\\\/admin\\\/\",\"name\":\"El Digital de Asturias\",\"image\":{\"@type\":\"ImageObject\",\"@id\":\"https:\\\/\\\/www.eldigitaldeasturias.com\\\/noticias\\\/el-campo-principal-de-futbol-de-alcobendas-llevara-el-nombre-de-luis-aragones\\\/#authorImage\",\"url\":\"https:\\\/\\\/secure.gravatar.com\\\/avatar\\\/df2aeffc32bcd13f8d26072ef8a91b623d677766deac7f97ca815868cd41bf5e?s=96&d=mm&r=g\",\"width\":96,\"height\":96,\"caption\":\"El Digital de Asturias\"}},{\"@type\":\"WebPage\",\"@id\":\"https:\\\/\\\/www.eldigitaldeasturias.com\\\/noticias\\\/el-campo-principal-de-futbol-de-alcobendas-llevara-el-nombre-de-luis-aragones\\\/#webpage\",\"url\":\"https:\\\/\\\/www.eldigitaldeasturias.com\\\/noticias\\\/el-campo-principal-de-futbol-de-alcobendas-llevara-el-nombre-de-luis-aragones\\\/\",\"name\":\"El campo principal de f\\u00fatbol de Alcobendas llevar\\u00e1 el nombre de Luis Aragon\\u00e9s - El Digital de Asturias\",\"description\":\"Madrid, 5 feb (EFE).- El campo de f\\u00fatbol m\\u00e1s importante de Alcobendas, localidad en la que resid\\u00eda el fallecido exseleccionador nacional Luis Aragon\\u00e9s, llevar\\u00e1 su nombre. El campo est\\u00e1 situado en el polideportivo municipal Jos\\u00e9 Caballero y a partir de ahora tendr\\u00e1 el nombre del 'Sabio de Hortaleza', que falleci\\u00f3 el pasado s\\u00e1bado a los\",\"inLanguage\":\"es-ES\",\"isPartOf\":{\"@id\":\"https:\\\/\\\/www.eldigitaldeasturias.com\\\/noticias\\\/#website\"},\"breadcrumb\":{\"@id\":\"https:\\\/\\\/www.eldigitaldeasturias.com\\\/noticias\\\/el-campo-principal-de-futbol-de-alcobendas-llevara-el-nombre-de-luis-aragones\\\/#breadcrumblist\"},\"author\":{\"@id\":\"https:\\\/\\\/www.eldigitaldeasturias.com\\\/noticias\\\/author\\\/admin\\\/#author\"},\"creator\":{\"@id\":\"https:\\\/\\\/www.eldigitaldeasturias.com\\\/noticias\\\/author\\\/admin\\\/#author\"},\"image\":{\"@type\":\"ImageObject\",\"url\":484257,\"@id\":\"https:\\\/\\\/www.eldigitaldeasturias.com\\\/noticias\\\/el-campo-principal-de-futbol-de-alcobendas-llevara-el-nombre-de-luis-aragones\\\/#mainImage\"},\"primaryImageOfPage\":{\"@id\":\"https:\\\/\\\/www.eldigitaldeasturias.com\\\/noticias\\\/el-campo-principal-de-futbol-de-alcobendas-llevara-el-nombre-de-luis-aragones\\\/#mainImage\"},\"datePublished\":\"2014-02-05T23:07:32+01:00\",\"dateModified\":\"2014-02-05T23:07:32+01:00\"},{\"@type\":\"WebSite\",\"@id\":\"https:\\\/\\\/www.eldigitaldeasturias.com\\\/noticias\\\/#website\",\"url\":\"https:\\\/\\\/www.eldigitaldeasturias.com\\\/noticias\\\/\",\"name\":\"El Digital de Asturias - Diario de actualidad y noticias\",\"alternateName\":\"El Digital de Asturias - Diario de actualidad y noticias\",\"description\":\"Hemeroteca\",\"inLanguage\":\"es-ES\",\"publisher\":{\"@id\":\"https:\\\/\\\/www.eldigitaldeasturias.com\\\/noticias\\\/#organization\"}}]}\n\t\t<\/script>\n\t\t<!-- All in One SEO Pro -->\r\n\t\t<title>El campo principal de f\u00fatbol de Alcobendas llevar\u00e1 el nombre de Luis Aragon\u00e9s - El Digital de Asturias<\/title>\n\n","aioseo_head_json":{"title":"El campo principal de f\u00fatbol de Alcobendas llevar\u00e1 el nombre de Luis Aragon\u00e9s - El Digital de Asturias","description":"Madrid, 5 feb (EFE).- El campo de f\u00fatbol m\u00e1s importante de Alcobendas, localidad en la que resid\u00eda el fallecido exseleccionador nacional Luis Aragon\u00e9s, llevar\u00e1 su nombre. El campo est\u00e1 situado en el polideportivo municipal Jos\u00e9 Caballero y a partir de ahora tendr\u00e1 el nombre del 'Sabio de Hortaleza', que falleci\u00f3 el pasado s\u00e1bado a los","canonical_url":"https:\/\/www.eldigitaldeasturias.com\/noticias\/el-campo-principal-de-futbol-de-alcobendas-llevara-el-nombre-de-luis-aragones\/","robots":"max-image-preview:large","keywords":"actualidad","webmasterTools":{"google-site-verification":"UA-38556648-1","msvalidate.01":"7dfe9f3f1b24437ab69f4f2559babe99","miscellaneous":""},"schema":{"@context":"https:\/\/schema.org","@graph":[{"@type":"BlogPosting","@id":"https:\/\/www.eldigitaldeasturias.com\/noticias\/el-campo-principal-de-futbol-de-alcobendas-llevara-el-nombre-de-luis-aragones\/#blogposting","name":"El campo principal de f\u00fatbol de Alcobendas llevar\u00e1 el nombre de Luis Aragon\u00e9s - El Digital de Asturias","headline":"El campo principal de f\u00fatbol de Alcobendas llevar\u00e1 el nombre de Luis Aragon\u00e9s","author":{"@id":"https:\/\/www.eldigitaldeasturias.com\/noticias\/author\/admin\/#author"},"publisher":{"@id":"https:\/\/www.eldigitaldeasturias.com\/noticias\/#organization"},"image":{"@type":"ImageObject","url":484257},"datePublished":"2014-02-05T23:07:32+01:00","dateModified":"2014-02-05T23:07:32+01:00","inLanguage":"es-ES","mainEntityOfPage":{"@id":"https:\/\/www.eldigitaldeasturias.com\/noticias\/el-campo-principal-de-futbol-de-alcobendas-llevara-el-nombre-de-luis-aragones\/#webpage"},"isPartOf":{"@id":"https:\/\/www.eldigitaldeasturias.com\/noticias\/el-campo-principal-de-futbol-de-alcobendas-llevara-el-nombre-de-luis-aragones\/#webpage"},"articleSection":"Actualidad"},{"@type":"BreadcrumbList","@id":"https:\/\/www.eldigitaldeasturias.com\/noticias\/el-campo-principal-de-futbol-de-alcobendas-llevara-el-nombre-de-luis-aragones\/#breadcrumblist","itemListElement":[{"@type":"ListItem","@id":"https:\/\/www.eldigitaldeasturias.com\/noticias#listItem","position":1,"name":"Home","item":"https:\/\/www.eldigitaldeasturias.com\/noticias","nextItem":{"@type":"ListItem","@id":"https:\/\/www.eldigitaldeasturias.com\/noticias\/category\/actualidad\/#listItem","name":"Actualidad"}},{"@type":"ListItem","@id":"https:\/\/www.eldigitaldeasturias.com\/noticias\/category\/actualidad\/#listItem","position":2,"name":"Actualidad","item":"https:\/\/www.eldigitaldeasturias.com\/noticias\/category\/actualidad\/","nextItem":{"@type":"ListItem","@id":"https:\/\/www.eldigitaldeasturias.com\/noticias\/el-campo-principal-de-futbol-de-alcobendas-llevara-el-nombre-de-luis-aragones\/#listItem","name":"El campo principal de f\u00fatbol de Alcobendas llevar\u00e1 el nombre de Luis Aragon\u00e9s"},"previousItem":{"@type":"ListItem","@id":"https:\/\/www.eldigitaldeasturias.com\/noticias#listItem","name":"Home"}},{"@type":"ListItem","@id":"https:\/\/www.eldigitaldeasturias.com\/noticias\/el-campo-principal-de-futbol-de-alcobendas-llevara-el-nombre-de-luis-aragones\/#listItem","position":3,"name":"El campo principal de f\u00fatbol de Alcobendas llevar\u00e1 el nombre de Luis Aragon\u00e9s","previousItem":{"@type":"ListItem","@id":"https:\/\/www.eldigitaldeasturias.com\/noticias\/category\/actualidad\/#listItem","name":"Actualidad"}}]},{"@type":"Organization","@id":"https:\/\/www.eldigitaldeasturias.com\/noticias\/#organization","name":"El Digital de Asturias","description":"Hemeroteca","url":"https:\/\/www.eldigitaldeasturias.com\/noticias\/","email":"info@eldigitaldeasturias.com","telephone":"+34652131393","logo":{"@type":"ImageObject","url":"https:\/\/www.eldigitaldeasturias.com\/noticias\/wp-content\/uploads\/2020\/12\/EDA.jpg","@id":"https:\/\/www.eldigitaldeasturias.com\/noticias\/el-campo-principal-de-futbol-de-alcobendas-llevara-el-nombre-de-luis-aragones\/#organizationLogo"},"image":{"@id":"https:\/\/www.eldigitaldeasturias.com\/noticias\/el-campo-principal-de-futbol-de-alcobendas-llevara-el-nombre-de-luis-aragones\/#organizationLogo"},"sameAs":["https:\/\/facebook.com\/eldigitaldeasturias","https:\/\/www.youtube.com\/channel\/UCZP-2wLEB9Rv6erhFmqVnvg"],"address":{"@id":"https:\/\/www.eldigitaldeasturias.com\/noticias\/#postaladdress","@type":"PostalAddress","streetAddress":"san antonio 4","postalCode":"33430","addressLocality":"Cand\u00e1s","addressRegion":"Asturias","addressCountry":"ES"}},{"@type":"Person","@id":"https:\/\/www.eldigitaldeasturias.com\/noticias\/author\/admin\/#author","url":"https:\/\/www.eldigitaldeasturias.com\/noticias\/author\/admin\/","name":"El Digital de Asturias","image":{"@type":"ImageObject","@id":"https:\/\/www.eldigitaldeasturias.com\/noticias\/el-campo-principal-de-futbol-de-alcobendas-llevara-el-nombre-de-luis-aragones\/#authorImage","url":"https:\/\/secure.gravatar.com\/avatar\/df2aeffc32bcd13f8d26072ef8a91b623d677766deac7f97ca815868cd41bf5e?s=96&d=mm&r=g","width":96,"height":96,"caption":"El Digital de Asturias"}},{"@type":"WebPage","@id":"https:\/\/www.eldigitaldeasturias.com\/noticias\/el-campo-principal-de-futbol-de-alcobendas-llevara-el-nombre-de-luis-aragones\/#webpage","url":"https:\/\/www.eldigitaldeasturias.com\/noticias\/el-campo-principal-de-futbol-de-alcobendas-llevara-el-nombre-de-luis-aragones\/","name":"El campo principal de f\u00fatbol de Alcobendas llevar\u00e1 el nombre de Luis Aragon\u00e9s - El Digital de Asturias","description":"Madrid, 5 feb (EFE).- El campo de f\u00fatbol m\u00e1s importante de Alcobendas, localidad en la que resid\u00eda el fallecido exseleccionador nacional Luis Aragon\u00e9s, llevar\u00e1 su nombre. El campo est\u00e1 situado en el polideportivo municipal Jos\u00e9 Caballero y a partir de ahora tendr\u00e1 el nombre del 'Sabio de Hortaleza', que falleci\u00f3 el pasado s\u00e1bado a los","inLanguage":"es-ES","isPartOf":{"@id":"https:\/\/www.eldigitaldeasturias.com\/noticias\/#website"},"breadcrumb":{"@id":"https:\/\/www.eldigitaldeasturias.com\/noticias\/el-campo-principal-de-futbol-de-alcobendas-llevara-el-nombre-de-luis-aragones\/#breadcrumblist"},"author":{"@id":"https:\/\/www.eldigitaldeasturias.com\/noticias\/author\/admin\/#author"},"creator":{"@id":"https:\/\/www.eldigitaldeasturias.com\/noticias\/author\/admin\/#author"},"image":{"@type":"ImageObject","url":484257,"@id":"https:\/\/www.eldigitaldeasturias.com\/noticias\/el-campo-principal-de-futbol-de-alcobendas-llevara-el-nombre-de-luis-aragones\/#mainImage"},"primaryImageOfPage":{"@id":"https:\/\/www.eldigitaldeasturias.com\/noticias\/el-campo-principal-de-futbol-de-alcobendas-llevara-el-nombre-de-luis-aragones\/#mainImage"},"datePublished":"2014-02-05T23:07:32+01:00","dateModified":"2014-02-05T23:07:32+01:00"},{"@type":"WebSite","@id":"https:\/\/www.eldigitaldeasturias.com\/noticias\/#website","url":"https:\/\/www.eldigitaldeasturias.com\/noticias\/","name":"El Digital de Asturias - Diario de actualidad y noticias","alternateName":"El Digital de Asturias - Diario de actualidad y noticias","description":"Hemeroteca","inLanguage":"es-ES","publisher":{"@id":"https:\/\/www.eldigitaldeasturias.com\/noticias\/#organization"}}]},"og:locale":"es_ES","og:site_name":"El Digital de Asturias","og:type":"article","og:title":"El campo principal de f\u00fatbol de Alcobendas llevar\u00e1 el nombre de Luis Aragon\u00e9s - El Digital de Asturias","og:description":"Madrid, 5 feb (EFE).- El campo de f\u00fatbol m\u00e1s importante de Alcobendas, localidad en la que resid\u00eda el fallecido exseleccionador nacional Luis Aragon\u00e9s, llevar\u00e1 su nombre. El campo est\u00e1 situado en el polideportivo municipal Jos\u00e9 Caballero y a partir de ahora tendr\u00e1 el nombre del 'Sabio de Hortaleza', que falleci\u00f3 el pasado s\u00e1bado a los","og:url":"https:\/\/www.eldigitaldeasturias.com\/noticias\/el-campo-principal-de-futbol-de-alcobendas-llevara-el-nombre-de-luis-aragones\/","article:tag":["actualidad"],"article:published_time":"2014-02-06T00:07:32+00:00","article:modified_time":"2014-02-06T00:07:32+00:00","article:publisher":"https:\/\/facebook.com\/eldigitaldeasturias","twitter:card":"summary_large_image","twitter:title":"El campo principal de f\u00fatbol de Alcobendas llevar\u00e1 el nombre de Luis Aragon\u00e9s - El Digital de Asturias","twitter:description":"Madrid, 5 feb (EFE).- El campo de f\u00fatbol m\u00e1s importante de Alcobendas, localidad en la que resid\u00eda el fallecido exseleccionador nacional Luis Aragon\u00e9s, llevar\u00e1 su nombre. El campo est\u00e1 situado en el polideportivo municipal Jos\u00e9 Caballero y a partir de ahora tendr\u00e1 el nombre del 'Sabio de Hortaleza', que falleci\u00f3 el pasado s\u00e1bado a los","twitter:label1":"Escrito por","twitter:data1":"El Digital de Asturias","twitter:label2":"Tiempo de lectura estimado","twitter:data2":"1 minuto"},"aioseo_meta_data":{"post_id":"484256","title":null,"description":null,"keywords":null,"keyphrases":null,"primary_term":null,"canonical_url":null,"og_title":null,"og_description":null,"og_object_type":"default","og_image_type":"default","og_image_url":null,"og_image_width":null,"og_image_height":null,"og_image_custom_url":null,"og_image_custom_fields":null,"og_video":null,"og_custom_url":null,"og_article_section":null,"og_article_tags":null,"twitter_use_og":true,"twitter_card":"default","twitter_image_type":"default","twitter_image_url":null,"twitter_image_custom_url":null,"twitter_image_custom_fields":null,"twitter_title":null,"twitter_description":null,"schema":{"blockGraphs":[],"customGraphs":[],"default":{"data":{"Article":[],"Course":[],"Dataset":[],"FAQPage":[],"Movie":[],"Person":[],"Product":[],"ProductReview":[],"Car":[],"Recipe":[],"Service":[],"SoftwareApplication":[],"WebPage":[]},"graphName":"","isEnabled":true},"graphs":[],"defaultGraph":"","defaultPostTypeGraph":""},"schema_type":null,"schema_type_options":null,"pillar_content":false,"robots_default":true,"robots_noindex":false,"robots_noarchive":false,"robots_nosnippet":false,"robots_nofollow":false,"robots_noimageindex":false,"robots_noodp":false,"robots_notranslate":false,"robots_max_snippet":null,"robots_max_videopreview":null,"robots_max_imagepreview":"none","priority":null,"frequency":null,"local_seo":null,"seo_analyzer_scan_date":"2026-06-02 15:20:09","breadcrumb_settings":null,"limit_modified_date":false,"open_ai":null,"ai":null,"created":"2020-11-14 22:55:03","updated":"2026-06-02 15:20:09","focus_keyword":null,"additional_keywords":null,"truseo_locale":null},"aioseo_breadcrumb":"<div class=\"aioseo-breadcrumbs\"><span class=\"aioseo-breadcrumb\">\n\t<a href=\"https:\/\/www.eldigitaldeasturias.com\/noticias\" title=\"Home\">Home<\/a>\n<\/span><span class=\"aioseo-breadcrumb-separator\">\u2013<\/span><span class=\"aioseo-breadcrumb\">\n\t<a href=\"https:\/\/www.eldigitaldeasturias.com\/noticias\/category\/actualidad\/\" title=\"Actualidad\">Actualidad<\/a>\n<\/span><span class=\"aioseo-breadcrumb-separator\">\u2013<\/span><span class=\"aioseo-breadcrumb\">\n\t<a href=\"https:\/\/www.eldigitaldeasturias.com\/noticias\/el-campo-principal-de-futbol-de-alcobendas-llevara-el-nombre-de-luis-aragones\/\" title=\"El campo principal de f\u00fatbol de Alcobendas llevar\u00e1 el nombre de Luis Aragon\u00e9s\">El campo principal de f\u00fatbol de Alcobendas llevar\u00e1 el nombre de Luis Aragon\u00e9s<\/a>\n<\/span><\/div>","aioseo_breadcrumb_json":[{"label":"Home","link":"https:\/\/www.eldigitaldeasturias.com\/noticias"},{"label":"Actualidad","link":"https:\/\/www.eldigitaldeasturias.com\/noticias\/category\/actualidad\/"},{"label":"El campo principal de f\u00fatbol de Alcobendas llevar\u00e1 el nombre de Luis Aragon\u00e9s","link":"https:\/\/www.eldigitaldeasturias.com\/noticias\/el-campo-principal-de-futbol-de-alcobendas-llevara-el-nombre-de-luis-aragones\/"}],"_links":{"self":[{"href":"https:\/\/www.eldigitaldeasturias.com\/noticias\/wp-json\/wp\/v2\/posts\/484256","targetHints":{"allow":["GET"]}}],"collection":[{"href":"https:\/\/www.eldigitaldeasturias.com\/noticias\/wp-json\/wp\/v2\/posts"}],"about":[{"href":"https:\/\/www.eldigitaldeasturias.com\/noticias\/wp-json\/wp\/v2\/types\/post"}],"author":[{"embeddable":true,"href":"https:\/\/www.eldigitaldeasturias.com\/noticias\/wp-json\/wp\/v2\/users\/1"}],"replies":[{"embeddable":true,"href":"https:\/\/www.eldigitaldeasturias.com\/noticias\/wp-json\/wp\/v2\/comments?post=484256"}],"version-history":[{"count":0,"href":"https:\/\/www.eldigitaldeasturias.com\/noticias\/wp-json\/wp\/v2\/posts\/484256\/revisions"}],"wp:attachment":[{"href":"https:\/\/www.eldigitaldeasturias.com\/noticias\/wp-json\/wp\/v2\/media?parent=484256"}],"wp:term":[{"taxonomy":"category","embeddable":true,"href":"https:\/\/www.eldigitaldeasturias.com\/noticias\/wp-json\/wp\/v2\/categories?post=484256"},{"taxonomy":"post_tag","embeddable":true,"href":"https:\/\/www.eldigitaldeasturias.com\/noticias\/wp-json\/wp\/v2\/tags?post=484256"}],"curies":[{"name":"wp","href":"https:\/\/api.w.org\/{rel}","templated":true}]}}