{"id":484253,"date":"2014-02-05T23:06:39","date_gmt":"2014-02-06T00:06:39","guid":{"rendered":"http:\/\/www.eldigitaldeasturias.com\/noticias\/?p=484253"},"modified":"2014-02-05T23:06:39","modified_gmt":"2014-02-06T00:06:39","slug":"toquero-ekiza-e-inigo-perez-ausencias-en-el-regreso-al-trabajo-del-athletic","status":"publish","type":"post","link":"https:\/\/www.eldigitaldeasturias.com\/noticias\/toquero-ekiza-e-inigo-perez-ausencias-en-el-regreso-al-trabajo-del-athletic\/","title":{"rendered":"Toquero, Ekiza e \u00cd\u00f1igo P\u00e9rez, ausencias en el regreso al trabajo del Athletic"},"content":{"rendered":"<p><img loading=\"lazy\" decoding=\"async\" class=\"alignleft size-medium wp-image-484254\" alt=\"5912118w\" src=\"https:\/\/www.eldigitaldeasturias.com\/noticias\/wp-content\/uploads\/2014\/02\/5912118w-360x267.jpg\" width=\"360\" height=\"267\" \/>Lezama (Bizkaia), 5 feb (EFE).- Los jugadores Gaizka Toquero, \u00fanica baja por lesi\u00f3n en el equipo bilba\u00edno, Borja Ekiza e \u00cd\u00f1igo P\u00e9rez han estado ausentes en el entrenamiento de hoy del Athletic Club, una sesi\u00f3n con la que el conjunto rojiblanco ha regresado al trabajo tras gozar de dos d\u00edas de descanso despu\u00e9s del partido liguero ante el Real Madrid en San Mam\u00e9s de la \u00faltima jornada.<\/p>\n<p>Tras ese entrenamiento, Ernesto Valverde ha recibido, en las mismas Instalaciones de Lezama, el galard\u00f3n de mejor t\u00e9cnico de enero que le ha concedido la Liga de F\u00fatbol Profesional.<\/p>\n<p>A pesar de que el partido ante el Real Madrid fue el domingo, el entrenamiento de esta ma\u00f1ana del Athletic ha sido el habitual de d\u00eda despu\u00e9s de partido, menos exigente para los titulares que para el resto de la plantilla.<\/p>\n<p>No obstante, unos de los titulares del domingo, \u00d3scar de Marcos, sustituido al inicio de la segunda mitad, se ha ejercitado con los que no salieron de inicio. Como tambi\u00e9n lo ha hecho Andoni Iraola, su relevo en el minuto 58 del choque frente al conjunto blanco.<\/p>\n<p>Despu\u00e9s de los dos d\u00edas de descanso de los que ha disfrutado, el Athletic entrenar\u00e1 ya todos los d\u00edas de cara al pr\u00f3ximo partido liguero ante el Celta en Vigo, encuentro programado para el lunes, d\u00eda 10, a las 22.00 horas.<\/p>\n<p>Para ese partido, el Celta ha remitido al Athletic un total de 100 entradas al precio de 40 euros para ponga a la venta entre sus socios y aficionados.<\/p>\n<p>Por otro lado, el club vasco ha informado hoy que el choque ante el Granada, correspondiente a la vig\u00e9simo sexta jornada de la Liga BBVA se disputar\u00e1 el viernes 28 de febrero a las 20.30 horas.<\/p>\n","protected":false},"excerpt":{"rendered":"<p>Lezama (Bizkaia), 5 feb (EFE).- Los jugadores Gaizka Toquero, \u00fanica baja por lesi\u00f3n en el equipo bilba\u00edno, Borja Ekiza e \u00cd\u00f1igo P\u00e9rez han estado ausentes en el entrenamiento de hoy del Athletic Club, una sesi\u00f3n con la que el conjunto rojiblanco ha regresado al trabajo tras gozar de dos d\u00edas de descanso despu\u00e9s del partido [&hellip;]<\/p>\n","protected":false},"author":1,"featured_media":484254,"comment_status":"closed","ping_status":"open","sticky":false,"template":"","format":"standard","meta":{"footnotes":""},"categories":[1],"tags":[],"class_list":["post-484253","post","type-post","status-publish","format-standard","has-post-thumbnail","hentry","category-actualidad"],"aioseo_notices":[],"aioseo_head":"\n\t\t<!-- All in One SEO Pro 5.0.1 - aioseo.com -->\n\t<meta name=\"description\" content=\"Lezama (Bizkaia), 5 feb (EFE).- Los jugadores Gaizka Toquero, \u00fanica baja por lesi\u00f3n en el equipo bilba\u00edno, Borja Ekiza e \u00cd\u00f1igo P\u00e9rez han estado ausentes en el entrenamiento de hoy del Athletic Club, una sesi\u00f3n con la que el conjunto rojiblanco ha regresado al trabajo tras gozar de dos d\u00edas de descanso despu\u00e9s del partido\" \/>\n\t<meta name=\"robots\" content=\"max-image-preview:large\" \/>\n\t<meta name=\"author\" content=\"El Digital de Asturias\"\/>\n\t<meta name=\"google-site-verification\" content=\"UA-38556648-1\" \/>\n\t<meta name=\"msvalidate.01\" content=\"7dfe9f3f1b24437ab69f4f2559babe99\" \/>\n\t<meta name=\"keywords\" content=\"actualidad\" \/>\n\t<link rel=\"canonical\" href=\"https:\/\/www.eldigitaldeasturias.com\/noticias\/toquero-ekiza-e-inigo-perez-ausencias-en-el-regreso-al-trabajo-del-athletic\/\" \/>\n\t<meta name=\"generator\" content=\"All in One SEO Pro (AIOSEO) 5.0.1\" \/>\n\t\t<meta property=\"og:locale\" content=\"es_ES\" \/>\n\t\t<meta property=\"og:site_name\" content=\"El Digital de Asturias\" \/>\n\t\t<meta property=\"og:type\" content=\"article\" \/>\n\t\t<meta property=\"og:title\" content=\"Toquero, Ekiza e \u00cd\u00f1igo P\u00e9rez, ausencias en el regreso al trabajo del Athletic - El Digital de Asturias\" \/>\n\t\t<meta property=\"og:description\" content=\"Lezama (Bizkaia), 5 feb (EFE).- Los jugadores Gaizka Toquero, \u00fanica baja por lesi\u00f3n en el equipo bilba\u00edno, Borja Ekiza e \u00cd\u00f1igo P\u00e9rez han estado ausentes en el entrenamiento de hoy del Athletic Club, una sesi\u00f3n con la que el conjunto rojiblanco ha regresado al trabajo tras gozar de dos d\u00edas de descanso despu\u00e9s del partido\" \/>\n\t\t<meta property=\"og:url\" content=\"https:\/\/www.eldigitaldeasturias.com\/noticias\/toquero-ekiza-e-inigo-perez-ausencias-en-el-regreso-al-trabajo-del-athletic\/\" \/>\n\t\t<meta property=\"article:tag\" content=\"actualidad\" \/>\n\t\t<meta property=\"article:published_time\" content=\"2014-02-06T00:06:39+00:00\" \/>\n\t\t<meta property=\"article:modified_time\" content=\"2014-02-06T00:06:39+00:00\" \/>\n\t\t<meta property=\"article:publisher\" content=\"https:\/\/facebook.com\/eldigitaldeasturias\" \/>\n\t\t<meta name=\"twitter:card\" content=\"summary_large_image\" \/>\n\t\t<meta name=\"twitter:title\" content=\"Toquero, Ekiza e \u00cd\u00f1igo P\u00e9rez, ausencias en el regreso al trabajo del Athletic - El Digital de Asturias\" \/>\n\t\t<meta name=\"twitter:description\" content=\"Lezama (Bizkaia), 5 feb (EFE).- Los jugadores Gaizka Toquero, \u00fanica baja por lesi\u00f3n en el equipo bilba\u00edno, Borja Ekiza e \u00cd\u00f1igo P\u00e9rez han estado ausentes en el entrenamiento de hoy del Athletic Club, una sesi\u00f3n con la que el conjunto rojiblanco ha regresado al trabajo tras gozar de dos d\u00edas de descanso despu\u00e9s del partido\" \/>\n\t\t<meta name=\"twitter:label1\" content=\"Escrito por\" \/>\n\t\t<meta name=\"twitter:data1\" content=\"El Digital de Asturias\" \/>\n\t\t<meta name=\"twitter:label2\" content=\"Tiempo de lectura estimado\" \/>\n\t\t<meta name=\"twitter:data2\" content=\"2 minutos\" \/>\n\t\t<script type=\"application\/ld+json\" class=\"aioseo-schema\">\n\t\t\t{\"@context\":\"https:\\\/\\\/schema.org\",\"@graph\":[{\"@type\":\"BlogPosting\",\"@id\":\"https:\\\/\\\/www.eldigitaldeasturias.com\\\/noticias\\\/toquero-ekiza-e-inigo-perez-ausencias-en-el-regreso-al-trabajo-del-athletic\\\/#blogposting\",\"name\":\"Toquero, Ekiza e \\u00cd\\u00f1igo P\\u00e9rez, ausencias en el regreso al trabajo del Athletic - El Digital de Asturias\",\"headline\":\"Toquero, Ekiza e \\u00cd\\u00f1igo P\\u00e9rez, ausencias en el regreso al trabajo del Athletic\",\"author\":{\"@id\":\"https:\\\/\\\/www.eldigitaldeasturias.com\\\/noticias\\\/author\\\/admin\\\/#author\"},\"publisher\":{\"@id\":\"https:\\\/\\\/www.eldigitaldeasturias.com\\\/noticias\\\/#organization\"},\"image\":{\"@type\":\"ImageObject\",\"url\":484254},\"datePublished\":\"2014-02-05T23:06:39+01:00\",\"dateModified\":\"2014-02-05T23:06:39+01:00\",\"inLanguage\":\"es-ES\",\"mainEntityOfPage\":{\"@id\":\"https:\\\/\\\/www.eldigitaldeasturias.com\\\/noticias\\\/toquero-ekiza-e-inigo-perez-ausencias-en-el-regreso-al-trabajo-del-athletic\\\/#webpage\"},\"isPartOf\":{\"@id\":\"https:\\\/\\\/www.eldigitaldeasturias.com\\\/noticias\\\/toquero-ekiza-e-inigo-perez-ausencias-en-el-regreso-al-trabajo-del-athletic\\\/#webpage\"},\"articleSection\":\"Actualidad\"},{\"@type\":\"BreadcrumbList\",\"@id\":\"https:\\\/\\\/www.eldigitaldeasturias.com\\\/noticias\\\/toquero-ekiza-e-inigo-perez-ausencias-en-el-regreso-al-trabajo-del-athletic\\\/#breadcrumblist\",\"itemListElement\":[{\"@type\":\"ListItem\",\"@id\":\"https:\\\/\\\/www.eldigitaldeasturias.com\\\/noticias#listItem\",\"position\":1,\"name\":\"Home\",\"item\":\"https:\\\/\\\/www.eldigitaldeasturias.com\\\/noticias\",\"nextItem\":{\"@type\":\"ListItem\",\"@id\":\"https:\\\/\\\/www.eldigitaldeasturias.com\\\/noticias\\\/category\\\/actualidad\\\/#listItem\",\"name\":\"Actualidad\"}},{\"@type\":\"ListItem\",\"@id\":\"https:\\\/\\\/www.eldigitaldeasturias.com\\\/noticias\\\/category\\\/actualidad\\\/#listItem\",\"position\":2,\"name\":\"Actualidad\",\"item\":\"https:\\\/\\\/www.eldigitaldeasturias.com\\\/noticias\\\/category\\\/actualidad\\\/\",\"nextItem\":{\"@type\":\"ListItem\",\"@id\":\"https:\\\/\\\/www.eldigitaldeasturias.com\\\/noticias\\\/toquero-ekiza-e-inigo-perez-ausencias-en-el-regreso-al-trabajo-del-athletic\\\/#listItem\",\"name\":\"Toquero, Ekiza e \\u00cd\\u00f1igo P\\u00e9rez, ausencias en el regreso al trabajo del Athletic\"},\"previousItem\":{\"@type\":\"ListItem\",\"@id\":\"https:\\\/\\\/www.eldigitaldeasturias.com\\\/noticias#listItem\",\"name\":\"Home\"}},{\"@type\":\"ListItem\",\"@id\":\"https:\\\/\\\/www.eldigitaldeasturias.com\\\/noticias\\\/toquero-ekiza-e-inigo-perez-ausencias-en-el-regreso-al-trabajo-del-athletic\\\/#listItem\",\"position\":3,\"name\":\"Toquero, Ekiza e \\u00cd\\u00f1igo P\\u00e9rez, ausencias en el regreso al trabajo del Athletic\",\"previousItem\":{\"@type\":\"ListItem\",\"@id\":\"https:\\\/\\\/www.eldigitaldeasturias.com\\\/noticias\\\/category\\\/actualidad\\\/#listItem\",\"name\":\"Actualidad\"}}]},{\"@type\":\"Organization\",\"@id\":\"https:\\\/\\\/www.eldigitaldeasturias.com\\\/noticias\\\/#organization\",\"name\":\"El Digital de Asturias\",\"description\":\"Hemeroteca\",\"url\":\"https:\\\/\\\/www.eldigitaldeasturias.com\\\/noticias\\\/\",\"email\":\"info@eldigitaldeasturias.com\",\"telephone\":\"+34652131393\",\"logo\":{\"@type\":\"ImageObject\",\"url\":\"https:\\\/\\\/www.eldigitaldeasturias.com\\\/noticias\\\/wp-content\\\/uploads\\\/2020\\\/12\\\/EDA.jpg\",\"@id\":\"https:\\\/\\\/www.eldigitaldeasturias.com\\\/noticias\\\/toquero-ekiza-e-inigo-perez-ausencias-en-el-regreso-al-trabajo-del-athletic\\\/#organizationLogo\"},\"image\":{\"@id\":\"https:\\\/\\\/www.eldigitaldeasturias.com\\\/noticias\\\/toquero-ekiza-e-inigo-perez-ausencias-en-el-regreso-al-trabajo-del-athletic\\\/#organizationLogo\"},\"sameAs\":[\"https:\\\/\\\/facebook.com\\\/eldigitaldeasturias\",\"https:\\\/\\\/www.youtube.com\\\/channel\\\/UCZP-2wLEB9Rv6erhFmqVnvg\"],\"address\":{\"@id\":\"https:\\\/\\\/www.eldigitaldeasturias.com\\\/noticias\\\/#postaladdress\",\"@type\":\"PostalAddress\",\"streetAddress\":\"san antonio 4\",\"postalCode\":\"33430\",\"addressLocality\":\"Cand\\u00e1s\",\"addressRegion\":\"Asturias\",\"addressCountry\":\"ES\"}},{\"@type\":\"Person\",\"@id\":\"https:\\\/\\\/www.eldigitaldeasturias.com\\\/noticias\\\/author\\\/admin\\\/#author\",\"url\":\"https:\\\/\\\/www.eldigitaldeasturias.com\\\/noticias\\\/author\\\/admin\\\/\",\"name\":\"El Digital de Asturias\",\"image\":{\"@type\":\"ImageObject\",\"@id\":\"https:\\\/\\\/www.eldigitaldeasturias.com\\\/noticias\\\/toquero-ekiza-e-inigo-perez-ausencias-en-el-regreso-al-trabajo-del-athletic\\\/#authorImage\",\"url\":\"https:\\\/\\\/secure.gravatar.com\\\/avatar\\\/df2aeffc32bcd13f8d26072ef8a91b623d677766deac7f97ca815868cd41bf5e?s=96&d=mm&r=g\",\"width\":96,\"height\":96,\"caption\":\"El Digital de Asturias\"}},{\"@type\":\"WebPage\",\"@id\":\"https:\\\/\\\/www.eldigitaldeasturias.com\\\/noticias\\\/toquero-ekiza-e-inigo-perez-ausencias-en-el-regreso-al-trabajo-del-athletic\\\/#webpage\",\"url\":\"https:\\\/\\\/www.eldigitaldeasturias.com\\\/noticias\\\/toquero-ekiza-e-inigo-perez-ausencias-en-el-regreso-al-trabajo-del-athletic\\\/\",\"name\":\"Toquero, Ekiza e \\u00cd\\u00f1igo P\\u00e9rez, ausencias en el regreso al trabajo del Athletic - El Digital de Asturias\",\"description\":\"Lezama (Bizkaia), 5 feb (EFE).- Los jugadores Gaizka Toquero, \\u00fanica baja por lesi\\u00f3n en el equipo bilba\\u00edno, Borja Ekiza e \\u00cd\\u00f1igo P\\u00e9rez han estado ausentes en el entrenamiento de hoy del Athletic Club, una sesi\\u00f3n con la que el conjunto rojiblanco ha regresado al trabajo tras gozar de dos d\\u00edas de descanso despu\\u00e9s del partido\",\"inLanguage\":\"es-ES\",\"isPartOf\":{\"@id\":\"https:\\\/\\\/www.eldigitaldeasturias.com\\\/noticias\\\/#website\"},\"breadcrumb\":{\"@id\":\"https:\\\/\\\/www.eldigitaldeasturias.com\\\/noticias\\\/toquero-ekiza-e-inigo-perez-ausencias-en-el-regreso-al-trabajo-del-athletic\\\/#breadcrumblist\"},\"author\":{\"@id\":\"https:\\\/\\\/www.eldigitaldeasturias.com\\\/noticias\\\/author\\\/admin\\\/#author\"},\"creator\":{\"@id\":\"https:\\\/\\\/www.eldigitaldeasturias.com\\\/noticias\\\/author\\\/admin\\\/#author\"},\"image\":{\"@type\":\"ImageObject\",\"url\":484254,\"@id\":\"https:\\\/\\\/www.eldigitaldeasturias.com\\\/noticias\\\/toquero-ekiza-e-inigo-perez-ausencias-en-el-regreso-al-trabajo-del-athletic\\\/#mainImage\"},\"primaryImageOfPage\":{\"@id\":\"https:\\\/\\\/www.eldigitaldeasturias.com\\\/noticias\\\/toquero-ekiza-e-inigo-perez-ausencias-en-el-regreso-al-trabajo-del-athletic\\\/#mainImage\"},\"datePublished\":\"2014-02-05T23:06:39+01:00\",\"dateModified\":\"2014-02-05T23:06:39+01:00\"},{\"@type\":\"WebSite\",\"@id\":\"https:\\\/\\\/www.eldigitaldeasturias.com\\\/noticias\\\/#website\",\"url\":\"https:\\\/\\\/www.eldigitaldeasturias.com\\\/noticias\\\/\",\"name\":\"El Digital de Asturias - Diario de actualidad y noticias\",\"alternateName\":\"El Digital de Asturias - Diario de actualidad y noticias\",\"description\":\"Hemeroteca\",\"inLanguage\":\"es-ES\",\"publisher\":{\"@id\":\"https:\\\/\\\/www.eldigitaldeasturias.com\\\/noticias\\\/#organization\"}}]}\n\t\t<\/script>\n\t\t<!-- All in One SEO Pro -->\r\n\t\t<title>Toquero, Ekiza e \u00cd\u00f1igo P\u00e9rez, ausencias en el regreso al trabajo del Athletic - El Digital de Asturias<\/title>\n\n","aioseo_head_json":{"title":"Toquero, Ekiza e \u00cd\u00f1igo P\u00e9rez, ausencias en el regreso al trabajo del Athletic - El Digital de Asturias","description":"Lezama (Bizkaia), 5 feb (EFE).- Los jugadores Gaizka Toquero, \u00fanica baja por lesi\u00f3n en el equipo bilba\u00edno, Borja Ekiza e \u00cd\u00f1igo P\u00e9rez han estado ausentes en el entrenamiento de hoy del Athletic Club, una sesi\u00f3n con la que el conjunto rojiblanco ha regresado al trabajo tras gozar de dos d\u00edas de descanso despu\u00e9s del partido","canonical_url":"https:\/\/www.eldigitaldeasturias.com\/noticias\/toquero-ekiza-e-inigo-perez-ausencias-en-el-regreso-al-trabajo-del-athletic\/","robots":"max-image-preview:large","keywords":"actualidad","webmasterTools":{"google-site-verification":"UA-38556648-1","msvalidate.01":"7dfe9f3f1b24437ab69f4f2559babe99","miscellaneous":""},"schema":{"@context":"https:\/\/schema.org","@graph":[{"@type":"BlogPosting","@id":"https:\/\/www.eldigitaldeasturias.com\/noticias\/toquero-ekiza-e-inigo-perez-ausencias-en-el-regreso-al-trabajo-del-athletic\/#blogposting","name":"Toquero, Ekiza e \u00cd\u00f1igo P\u00e9rez, ausencias en el regreso al trabajo del Athletic - El Digital de Asturias","headline":"Toquero, Ekiza e \u00cd\u00f1igo P\u00e9rez, ausencias en el regreso al trabajo del Athletic","author":{"@id":"https:\/\/www.eldigitaldeasturias.com\/noticias\/author\/admin\/#author"},"publisher":{"@id":"https:\/\/www.eldigitaldeasturias.com\/noticias\/#organization"},"image":{"@type":"ImageObject","url":484254},"datePublished":"2014-02-05T23:06:39+01:00","dateModified":"2014-02-05T23:06:39+01:00","inLanguage":"es-ES","mainEntityOfPage":{"@id":"https:\/\/www.eldigitaldeasturias.com\/noticias\/toquero-ekiza-e-inigo-perez-ausencias-en-el-regreso-al-trabajo-del-athletic\/#webpage"},"isPartOf":{"@id":"https:\/\/www.eldigitaldeasturias.com\/noticias\/toquero-ekiza-e-inigo-perez-ausencias-en-el-regreso-al-trabajo-del-athletic\/#webpage"},"articleSection":"Actualidad"},{"@type":"BreadcrumbList","@id":"https:\/\/www.eldigitaldeasturias.com\/noticias\/toquero-ekiza-e-inigo-perez-ausencias-en-el-regreso-al-trabajo-del-athletic\/#breadcrumblist","itemListElement":[{"@type":"ListItem","@id":"https:\/\/www.eldigitaldeasturias.com\/noticias#listItem","position":1,"name":"Home","item":"https:\/\/www.eldigitaldeasturias.com\/noticias","nextItem":{"@type":"ListItem","@id":"https:\/\/www.eldigitaldeasturias.com\/noticias\/category\/actualidad\/#listItem","name":"Actualidad"}},{"@type":"ListItem","@id":"https:\/\/www.eldigitaldeasturias.com\/noticias\/category\/actualidad\/#listItem","position":2,"name":"Actualidad","item":"https:\/\/www.eldigitaldeasturias.com\/noticias\/category\/actualidad\/","nextItem":{"@type":"ListItem","@id":"https:\/\/www.eldigitaldeasturias.com\/noticias\/toquero-ekiza-e-inigo-perez-ausencias-en-el-regreso-al-trabajo-del-athletic\/#listItem","name":"Toquero, Ekiza e \u00cd\u00f1igo P\u00e9rez, ausencias en el regreso al trabajo del Athletic"},"previousItem":{"@type":"ListItem","@id":"https:\/\/www.eldigitaldeasturias.com\/noticias#listItem","name":"Home"}},{"@type":"ListItem","@id":"https:\/\/www.eldigitaldeasturias.com\/noticias\/toquero-ekiza-e-inigo-perez-ausencias-en-el-regreso-al-trabajo-del-athletic\/#listItem","position":3,"name":"Toquero, Ekiza e \u00cd\u00f1igo P\u00e9rez, ausencias en el regreso al trabajo del Athletic","previousItem":{"@type":"ListItem","@id":"https:\/\/www.eldigitaldeasturias.com\/noticias\/category\/actualidad\/#listItem","name":"Actualidad"}}]},{"@type":"Organization","@id":"https:\/\/www.eldigitaldeasturias.com\/noticias\/#organization","name":"El Digital de Asturias","description":"Hemeroteca","url":"https:\/\/www.eldigitaldeasturias.com\/noticias\/","email":"info@eldigitaldeasturias.com","telephone":"+34652131393","logo":{"@type":"ImageObject","url":"https:\/\/www.eldigitaldeasturias.com\/noticias\/wp-content\/uploads\/2020\/12\/EDA.jpg","@id":"https:\/\/www.eldigitaldeasturias.com\/noticias\/toquero-ekiza-e-inigo-perez-ausencias-en-el-regreso-al-trabajo-del-athletic\/#organizationLogo"},"image":{"@id":"https:\/\/www.eldigitaldeasturias.com\/noticias\/toquero-ekiza-e-inigo-perez-ausencias-en-el-regreso-al-trabajo-del-athletic\/#organizationLogo"},"sameAs":["https:\/\/facebook.com\/eldigitaldeasturias","https:\/\/www.youtube.com\/channel\/UCZP-2wLEB9Rv6erhFmqVnvg"],"address":{"@id":"https:\/\/www.eldigitaldeasturias.com\/noticias\/#postaladdress","@type":"PostalAddress","streetAddress":"san antonio 4","postalCode":"33430","addressLocality":"Cand\u00e1s","addressRegion":"Asturias","addressCountry":"ES"}},{"@type":"Person","@id":"https:\/\/www.eldigitaldeasturias.com\/noticias\/author\/admin\/#author","url":"https:\/\/www.eldigitaldeasturias.com\/noticias\/author\/admin\/","name":"El Digital de Asturias","image":{"@type":"ImageObject","@id":"https:\/\/www.eldigitaldeasturias.com\/noticias\/toquero-ekiza-e-inigo-perez-ausencias-en-el-regreso-al-trabajo-del-athletic\/#authorImage","url":"https:\/\/secure.gravatar.com\/avatar\/df2aeffc32bcd13f8d26072ef8a91b623d677766deac7f97ca815868cd41bf5e?s=96&d=mm&r=g","width":96,"height":96,"caption":"El Digital de Asturias"}},{"@type":"WebPage","@id":"https:\/\/www.eldigitaldeasturias.com\/noticias\/toquero-ekiza-e-inigo-perez-ausencias-en-el-regreso-al-trabajo-del-athletic\/#webpage","url":"https:\/\/www.eldigitaldeasturias.com\/noticias\/toquero-ekiza-e-inigo-perez-ausencias-en-el-regreso-al-trabajo-del-athletic\/","name":"Toquero, Ekiza e \u00cd\u00f1igo P\u00e9rez, ausencias en el regreso al trabajo del Athletic - El Digital de Asturias","description":"Lezama (Bizkaia), 5 feb (EFE).- Los jugadores Gaizka Toquero, \u00fanica baja por lesi\u00f3n en el equipo bilba\u00edno, Borja Ekiza e \u00cd\u00f1igo P\u00e9rez han estado ausentes en el entrenamiento de hoy del Athletic Club, una sesi\u00f3n con la que el conjunto rojiblanco ha regresado al trabajo tras gozar de dos d\u00edas de descanso despu\u00e9s del partido","inLanguage":"es-ES","isPartOf":{"@id":"https:\/\/www.eldigitaldeasturias.com\/noticias\/#website"},"breadcrumb":{"@id":"https:\/\/www.eldigitaldeasturias.com\/noticias\/toquero-ekiza-e-inigo-perez-ausencias-en-el-regreso-al-trabajo-del-athletic\/#breadcrumblist"},"author":{"@id":"https:\/\/www.eldigitaldeasturias.com\/noticias\/author\/admin\/#author"},"creator":{"@id":"https:\/\/www.eldigitaldeasturias.com\/noticias\/author\/admin\/#author"},"image":{"@type":"ImageObject","url":484254,"@id":"https:\/\/www.eldigitaldeasturias.com\/noticias\/toquero-ekiza-e-inigo-perez-ausencias-en-el-regreso-al-trabajo-del-athletic\/#mainImage"},"primaryImageOfPage":{"@id":"https:\/\/www.eldigitaldeasturias.com\/noticias\/toquero-ekiza-e-inigo-perez-ausencias-en-el-regreso-al-trabajo-del-athletic\/#mainImage"},"datePublished":"2014-02-05T23:06:39+01:00","dateModified":"2014-02-05T23:06:39+01:00"},{"@type":"WebSite","@id":"https:\/\/www.eldigitaldeasturias.com\/noticias\/#website","url":"https:\/\/www.eldigitaldeasturias.com\/noticias\/","name":"El Digital de Asturias - Diario de actualidad y noticias","alternateName":"El Digital de Asturias - Diario de actualidad y noticias","description":"Hemeroteca","inLanguage":"es-ES","publisher":{"@id":"https:\/\/www.eldigitaldeasturias.com\/noticias\/#organization"}}]},"og:locale":"es_ES","og:site_name":"El Digital de Asturias","og:type":"article","og:title":"Toquero, Ekiza e \u00cd\u00f1igo P\u00e9rez, ausencias en el regreso al trabajo del Athletic - El Digital de Asturias","og:description":"Lezama (Bizkaia), 5 feb (EFE).- Los jugadores Gaizka Toquero, \u00fanica baja por lesi\u00f3n en el equipo bilba\u00edno, Borja Ekiza e \u00cd\u00f1igo P\u00e9rez han estado ausentes en el entrenamiento de hoy del Athletic Club, una sesi\u00f3n con la que el conjunto rojiblanco ha regresado al trabajo tras gozar de dos d\u00edas de descanso despu\u00e9s del partido","og:url":"https:\/\/www.eldigitaldeasturias.com\/noticias\/toquero-ekiza-e-inigo-perez-ausencias-en-el-regreso-al-trabajo-del-athletic\/","article:tag":["actualidad"],"article:published_time":"2014-02-06T00:06:39+00:00","article:modified_time":"2014-02-06T00:06:39+00:00","article:publisher":"https:\/\/facebook.com\/eldigitaldeasturias","twitter:card":"summary_large_image","twitter:title":"Toquero, Ekiza e \u00cd\u00f1igo P\u00e9rez, ausencias en el regreso al trabajo del Athletic - El Digital de Asturias","twitter:description":"Lezama (Bizkaia), 5 feb (EFE).- Los jugadores Gaizka Toquero, \u00fanica baja por lesi\u00f3n en el equipo bilba\u00edno, Borja Ekiza e \u00cd\u00f1igo P\u00e9rez han estado ausentes en el entrenamiento de hoy del Athletic Club, una sesi\u00f3n con la que el conjunto rojiblanco ha regresado al trabajo tras gozar de dos d\u00edas de descanso despu\u00e9s del partido","twitter:label1":"Escrito por","twitter:data1":"El Digital de Asturias","twitter:label2":"Tiempo de lectura estimado","twitter:data2":"2 minutos"},"aioseo_meta_data":{"post_id":"484253","title":null,"description":null,"keywords":null,"keyphrases":null,"primary_term":null,"canonical_url":null,"og_title":null,"og_description":null,"og_object_type":"default","og_image_type":"default","og_image_url":null,"og_image_width":null,"og_image_height":null,"og_image_custom_url":null,"og_image_custom_fields":null,"og_video":null,"og_custom_url":null,"og_article_section":null,"og_article_tags":null,"twitter_use_og":true,"twitter_card":"default","twitter_image_type":"default","twitter_image_url":null,"twitter_image_custom_url":null,"twitter_image_custom_fields":null,"twitter_title":null,"twitter_description":null,"schema":{"blockGraphs":[],"customGraphs":[],"default":{"data":{"Article":[],"Course":[],"Dataset":[],"FAQPage":[],"Movie":[],"Person":[],"Product":[],"ProductReview":[],"Car":[],"Recipe":[],"Service":[],"SoftwareApplication":[],"WebPage":[]},"graphName":"","isEnabled":true},"graphs":[],"defaultGraph":"","defaultPostTypeGraph":""},"schema_type":null,"schema_type_options":null,"pillar_content":false,"robots_default":true,"robots_noindex":false,"robots_noarchive":false,"robots_nosnippet":false,"robots_nofollow":false,"robots_noimageindex":false,"robots_noodp":false,"robots_notranslate":false,"robots_max_snippet":null,"robots_max_videopreview":null,"robots_max_imagepreview":"none","priority":null,"frequency":null,"local_seo":null,"seo_analyzer_scan_date":"2026-06-02 15:17:59","breadcrumb_settings":null,"limit_modified_date":false,"open_ai":null,"ai":null,"created":"2020-11-14 22:55:03","updated":"2026-06-02 15:17:59","focus_keyword":null,"additional_keywords":null,"truseo_locale":null},"aioseo_breadcrumb":"<div class=\"aioseo-breadcrumbs\"><span class=\"aioseo-breadcrumb\">\n\t<a href=\"https:\/\/www.eldigitaldeasturias.com\/noticias\" title=\"Home\">Home<\/a>\n<\/span><span class=\"aioseo-breadcrumb-separator\">\u2013<\/span><span class=\"aioseo-breadcrumb\">\n\t<a href=\"https:\/\/www.eldigitaldeasturias.com\/noticias\/category\/actualidad\/\" title=\"Actualidad\">Actualidad<\/a>\n<\/span><span class=\"aioseo-breadcrumb-separator\">\u2013<\/span><span class=\"aioseo-breadcrumb\">\n\t<a href=\"https:\/\/www.eldigitaldeasturias.com\/noticias\/toquero-ekiza-e-inigo-perez-ausencias-en-el-regreso-al-trabajo-del-athletic\/\" title=\"Toquero, Ekiza e \u00cd\u00f1igo P\u00e9rez, ausencias en el regreso al trabajo del Athletic\">Toquero, Ekiza e \u00cd\u00f1igo P\u00e9rez, ausencias en el regreso al trabajo del Athletic<\/a>\n<\/span><\/div>","aioseo_breadcrumb_json":[{"label":"Home","link":"https:\/\/www.eldigitaldeasturias.com\/noticias"},{"label":"Actualidad","link":"https:\/\/www.eldigitaldeasturias.com\/noticias\/category\/actualidad\/"},{"label":"Toquero, Ekiza e \u00cd\u00f1igo P\u00e9rez, ausencias en el regreso al trabajo del Athletic","link":"https:\/\/www.eldigitaldeasturias.com\/noticias\/toquero-ekiza-e-inigo-perez-ausencias-en-el-regreso-al-trabajo-del-athletic\/"}],"_links":{"self":[{"href":"https:\/\/www.eldigitaldeasturias.com\/noticias\/wp-json\/wp\/v2\/posts\/484253","targetHints":{"allow":["GET"]}}],"collection":[{"href":"https:\/\/www.eldigitaldeasturias.com\/noticias\/wp-json\/wp\/v2\/posts"}],"about":[{"href":"https:\/\/www.eldigitaldeasturias.com\/noticias\/wp-json\/wp\/v2\/types\/post"}],"author":[{"embeddable":true,"href":"https:\/\/www.eldigitaldeasturias.com\/noticias\/wp-json\/wp\/v2\/users\/1"}],"replies":[{"embeddable":true,"href":"https:\/\/www.eldigitaldeasturias.com\/noticias\/wp-json\/wp\/v2\/comments?post=484253"}],"version-history":[{"count":0,"href":"https:\/\/www.eldigitaldeasturias.com\/noticias\/wp-json\/wp\/v2\/posts\/484253\/revisions"}],"wp:attachment":[{"href":"https:\/\/www.eldigitaldeasturias.com\/noticias\/wp-json\/wp\/v2\/media?parent=484253"}],"wp:term":[{"taxonomy":"category","embeddable":true,"href":"https:\/\/www.eldigitaldeasturias.com\/noticias\/wp-json\/wp\/v2\/categories?post=484253"},{"taxonomy":"post_tag","embeddable":true,"href":"https:\/\/www.eldigitaldeasturias.com\/noticias\/wp-json\/wp\/v2\/tags?post=484253"}],"curies":[{"name":"wp","href":"https:\/\/api.w.org\/{rel}","templated":true}]}}