{"id":484249,"date":"2014-02-05T23:05:41","date_gmt":"2014-02-06T00:05:41","guid":{"rendered":"http:\/\/www.eldigitaldeasturias.com\/noticias\/?p=484249"},"modified":"2014-02-05T23:05:41","modified_gmt":"2014-02-06T00:05:41","slug":"mainz-es-baja-por-un-pinchazo-muscular-para-jugar-ante-el-espanyol","status":"publish","type":"post","link":"https:\/\/www.eldigitaldeasturias.com\/noticias\/mainz-es-baja-por-un-pinchazo-muscular-para-jugar-ante-el-espanyol\/","title":{"rendered":"Mainz es baja por un \u00abpinchazo\u00bb muscular para jugar ante el Espanyol"},"content":{"rendered":"<p><img loading=\"lazy\" decoding=\"async\" class=\"alignleft size-medium wp-image-484251\" alt=\"5912014w\" src=\"https:\/\/www.eldigitaldeasturias.com\/noticias\/wp-content\/uploads\/2014\/02\/5912014w-360x243.jpg\" width=\"360\" height=\"243\" \/>Granada, 5 Feb (EFE).- El defensa central Diego Mainz se ha quedado fuera de la lista de convocados del Granada para el encuentro del pr\u00f3ximo viernes ante el Espanyol al haber sufrido en el entrenamiento de hoy un \u00abpinchazo\u00bb muscular que queda pendiente de pruebas m\u00e9dicas.<\/p>\n<p>Mainz ha sufrido de forma fortuita una lesi\u00f3n que le ha obligado a abandonar la sesi\u00f3n, a puerta cerrada, que el equipo ha completado hoy en el Estadio Nuevo Los C\u00e1rmenes y que le deja fuera de los 18 citados por el t\u00e9cnico Lucas Alcaraz.<\/p>\n<p>Tampoco est\u00e1n en la convocatoria el delantero nigeriano Odion Ighalo, que se encuentra lesionado, ni el extremo Dani Ben\u00edtez, descartado por decisi\u00f3n t\u00e9cnica junto a los j\u00f3venes del filial Stole Dimitrievski y \u00c1lvaro Garc\u00eda.<\/p>\n<p>Las grandes novedades en la citaci\u00f3n son el delantero Iv\u00e1n S\u00e1nchez Rico \u00abRiki\u00bb, que ha acortado los plazos de recuperaci\u00f3n de la lesi\u00f3n muscular que sufr\u00eda y est\u00e1 disponible, y el central portugu\u00e9s Tiago Ilori, \u00fanico refuerzo invernal del Granada que se estrena en una lista.<\/p>\n<p>La expedici\u00f3n rojiblanca viajar\u00e1 ma\u00f1ana por la ma\u00f1ana a Barcelona y tiene previsto completar por la tarde en la ciudad Condal un \u00faltimo entrenamiento previo al partido del viernes ante el Espanyol.<\/p>\n<p>La lista completa de convocados la conforman los porteros Roberto y Karnezis, los defensas Nyom, Foulquier, Angulo, Ilori, Murillo y Coeff, los medios Iturra, Fatau, Fran Rico, Recio, Brahimi, Pereira y Buonanotte, y los delanteros Piti, El Arabi y Riki.<\/p>\n","protected":false},"excerpt":{"rendered":"<p>Granada, 5 Feb (EFE).- El defensa central Diego Mainz se ha quedado fuera de la lista de convocados del Granada para el encuentro del pr\u00f3ximo viernes ante el Espanyol al haber sufrido en el entrenamiento de hoy un \u00abpinchazo\u00bb muscular que queda pendiente de pruebas m\u00e9dicas. Mainz ha sufrido de forma fortuita una lesi\u00f3n que [&hellip;]<\/p>\n","protected":false},"author":1,"featured_media":484251,"comment_status":"closed","ping_status":"open","sticky":false,"template":"","format":"standard","meta":{"footnotes":""},"categories":[1],"tags":[],"class_list":["post-484249","post","type-post","status-publish","format-standard","has-post-thumbnail","hentry","category-actualidad"],"aioseo_notices":[],"aioseo_head":"\n\t\t<!-- All in One SEO Pro 5.0.1 - aioseo.com -->\n\t<meta name=\"description\" content=\"Granada, 5 Feb (EFE).- El defensa central Diego Mainz se ha quedado fuera de la lista de convocados del Granada para el encuentro del pr\u00f3ximo viernes ante el Espanyol al haber sufrido en el entrenamiento de hoy un &quot;pinchazo&quot; muscular que queda pendiente de pruebas m\u00e9dicas. Mainz ha sufrido de forma fortuita una lesi\u00f3n que\" \/>\n\t<meta name=\"robots\" content=\"max-image-preview:large\" \/>\n\t<meta name=\"author\" content=\"El Digital de Asturias\"\/>\n\t<meta name=\"google-site-verification\" content=\"UA-38556648-1\" \/>\n\t<meta name=\"msvalidate.01\" content=\"7dfe9f3f1b24437ab69f4f2559babe99\" \/>\n\t<meta name=\"keywords\" content=\"actualidad\" \/>\n\t<link rel=\"canonical\" href=\"https:\/\/www.eldigitaldeasturias.com\/noticias\/mainz-es-baja-por-un-pinchazo-muscular-para-jugar-ante-el-espanyol\/\" \/>\n\t<meta name=\"generator\" content=\"All in One SEO Pro (AIOSEO) 5.0.1\" \/>\n\t\t<meta property=\"og:locale\" content=\"es_ES\" \/>\n\t\t<meta property=\"og:site_name\" content=\"El Digital de Asturias\" \/>\n\t\t<meta property=\"og:type\" content=\"article\" \/>\n\t\t<meta property=\"og:title\" content=\"Mainz es baja por un \u00abpinchazo\u00bb muscular para jugar ante el Espanyol - El Digital de Asturias\" \/>\n\t\t<meta property=\"og:description\" content=\"Granada, 5 Feb (EFE).- El defensa central Diego Mainz se ha quedado fuera de la lista de convocados del Granada para el encuentro del pr\u00f3ximo viernes ante el Espanyol al haber sufrido en el entrenamiento de hoy un &quot;pinchazo&quot; muscular que queda pendiente de pruebas m\u00e9dicas. Mainz ha sufrido de forma fortuita una lesi\u00f3n que\" \/>\n\t\t<meta property=\"og:url\" content=\"https:\/\/www.eldigitaldeasturias.com\/noticias\/mainz-es-baja-por-un-pinchazo-muscular-para-jugar-ante-el-espanyol\/\" \/>\n\t\t<meta property=\"article:tag\" content=\"actualidad\" \/>\n\t\t<meta property=\"article:published_time\" content=\"2014-02-06T00:05:41+00:00\" \/>\n\t\t<meta property=\"article:modified_time\" content=\"2014-02-06T00:05:41+00:00\" \/>\n\t\t<meta property=\"article:publisher\" content=\"https:\/\/facebook.com\/eldigitaldeasturias\" \/>\n\t\t<meta name=\"twitter:card\" content=\"summary_large_image\" \/>\n\t\t<meta name=\"twitter:title\" content=\"Mainz es baja por un \u00abpinchazo\u00bb muscular para jugar ante el Espanyol - El Digital de Asturias\" \/>\n\t\t<meta name=\"twitter:description\" content=\"Granada, 5 Feb (EFE).- El defensa central Diego Mainz se ha quedado fuera de la lista de convocados del Granada para el encuentro del pr\u00f3ximo viernes ante el Espanyol al haber sufrido en el entrenamiento de hoy un &quot;pinchazo&quot; muscular que queda pendiente de pruebas m\u00e9dicas. Mainz ha sufrido de forma fortuita una lesi\u00f3n que\" \/>\n\t\t<meta name=\"twitter:label1\" content=\"Escrito por\" \/>\n\t\t<meta name=\"twitter:data1\" content=\"El Digital de Asturias\" \/>\n\t\t<meta name=\"twitter:label2\" content=\"Tiempo de lectura estimado\" \/>\n\t\t<meta name=\"twitter:data2\" content=\"1 minuto\" \/>\n\t\t<script type=\"application\/ld+json\" class=\"aioseo-schema\">\n\t\t\t{\"@context\":\"https:\\\/\\\/schema.org\",\"@graph\":[{\"@type\":\"BlogPosting\",\"@id\":\"https:\\\/\\\/www.eldigitaldeasturias.com\\\/noticias\\\/mainz-es-baja-por-un-pinchazo-muscular-para-jugar-ante-el-espanyol\\\/#blogposting\",\"name\":\"Mainz es baja por un \\u00abpinchazo\\u00bb muscular para jugar ante el Espanyol - El Digital de Asturias\",\"headline\":\"Mainz es baja por un \\u00abpinchazo\\u00bb muscular para jugar ante el Espanyol\",\"author\":{\"@id\":\"https:\\\/\\\/www.eldigitaldeasturias.com\\\/noticias\\\/author\\\/admin\\\/#author\"},\"publisher\":{\"@id\":\"https:\\\/\\\/www.eldigitaldeasturias.com\\\/noticias\\\/#organization\"},\"image\":{\"@type\":\"ImageObject\",\"url\":484251},\"datePublished\":\"2014-02-05T23:05:41+01:00\",\"dateModified\":\"2014-02-05T23:05:41+01:00\",\"inLanguage\":\"es-ES\",\"mainEntityOfPage\":{\"@id\":\"https:\\\/\\\/www.eldigitaldeasturias.com\\\/noticias\\\/mainz-es-baja-por-un-pinchazo-muscular-para-jugar-ante-el-espanyol\\\/#webpage\"},\"isPartOf\":{\"@id\":\"https:\\\/\\\/www.eldigitaldeasturias.com\\\/noticias\\\/mainz-es-baja-por-un-pinchazo-muscular-para-jugar-ante-el-espanyol\\\/#webpage\"},\"articleSection\":\"Actualidad\"},{\"@type\":\"BreadcrumbList\",\"@id\":\"https:\\\/\\\/www.eldigitaldeasturias.com\\\/noticias\\\/mainz-es-baja-por-un-pinchazo-muscular-para-jugar-ante-el-espanyol\\\/#breadcrumblist\",\"itemListElement\":[{\"@type\":\"ListItem\",\"@id\":\"https:\\\/\\\/www.eldigitaldeasturias.com\\\/noticias#listItem\",\"position\":1,\"name\":\"Home\",\"item\":\"https:\\\/\\\/www.eldigitaldeasturias.com\\\/noticias\",\"nextItem\":{\"@type\":\"ListItem\",\"@id\":\"https:\\\/\\\/www.eldigitaldeasturias.com\\\/noticias\\\/category\\\/actualidad\\\/#listItem\",\"name\":\"Actualidad\"}},{\"@type\":\"ListItem\",\"@id\":\"https:\\\/\\\/www.eldigitaldeasturias.com\\\/noticias\\\/category\\\/actualidad\\\/#listItem\",\"position\":2,\"name\":\"Actualidad\",\"item\":\"https:\\\/\\\/www.eldigitaldeasturias.com\\\/noticias\\\/category\\\/actualidad\\\/\",\"nextItem\":{\"@type\":\"ListItem\",\"@id\":\"https:\\\/\\\/www.eldigitaldeasturias.com\\\/noticias\\\/mainz-es-baja-por-un-pinchazo-muscular-para-jugar-ante-el-espanyol\\\/#listItem\",\"name\":\"Mainz es baja por un \\u00abpinchazo\\u00bb muscular para jugar ante el Espanyol\"},\"previousItem\":{\"@type\":\"ListItem\",\"@id\":\"https:\\\/\\\/www.eldigitaldeasturias.com\\\/noticias#listItem\",\"name\":\"Home\"}},{\"@type\":\"ListItem\",\"@id\":\"https:\\\/\\\/www.eldigitaldeasturias.com\\\/noticias\\\/mainz-es-baja-por-un-pinchazo-muscular-para-jugar-ante-el-espanyol\\\/#listItem\",\"position\":3,\"name\":\"Mainz es baja por un \\u00abpinchazo\\u00bb muscular para jugar ante el Espanyol\",\"previousItem\":{\"@type\":\"ListItem\",\"@id\":\"https:\\\/\\\/www.eldigitaldeasturias.com\\\/noticias\\\/category\\\/actualidad\\\/#listItem\",\"name\":\"Actualidad\"}}]},{\"@type\":\"Organization\",\"@id\":\"https:\\\/\\\/www.eldigitaldeasturias.com\\\/noticias\\\/#organization\",\"name\":\"El Digital de Asturias\",\"description\":\"Hemeroteca\",\"url\":\"https:\\\/\\\/www.eldigitaldeasturias.com\\\/noticias\\\/\",\"email\":\"info@eldigitaldeasturias.com\",\"telephone\":\"+34652131393\",\"logo\":{\"@type\":\"ImageObject\",\"url\":\"https:\\\/\\\/www.eldigitaldeasturias.com\\\/noticias\\\/wp-content\\\/uploads\\\/2020\\\/12\\\/EDA.jpg\",\"@id\":\"https:\\\/\\\/www.eldigitaldeasturias.com\\\/noticias\\\/mainz-es-baja-por-un-pinchazo-muscular-para-jugar-ante-el-espanyol\\\/#organizationLogo\"},\"image\":{\"@id\":\"https:\\\/\\\/www.eldigitaldeasturias.com\\\/noticias\\\/mainz-es-baja-por-un-pinchazo-muscular-para-jugar-ante-el-espanyol\\\/#organizationLogo\"},\"sameAs\":[\"https:\\\/\\\/facebook.com\\\/eldigitaldeasturias\",\"https:\\\/\\\/www.youtube.com\\\/channel\\\/UCZP-2wLEB9Rv6erhFmqVnvg\"],\"address\":{\"@id\":\"https:\\\/\\\/www.eldigitaldeasturias.com\\\/noticias\\\/#postaladdress\",\"@type\":\"PostalAddress\",\"streetAddress\":\"san antonio 4\",\"postalCode\":\"33430\",\"addressLocality\":\"Cand\\u00e1s\",\"addressRegion\":\"Asturias\",\"addressCountry\":\"ES\"}},{\"@type\":\"Person\",\"@id\":\"https:\\\/\\\/www.eldigitaldeasturias.com\\\/noticias\\\/author\\\/admin\\\/#author\",\"url\":\"https:\\\/\\\/www.eldigitaldeasturias.com\\\/noticias\\\/author\\\/admin\\\/\",\"name\":\"El Digital de Asturias\",\"image\":{\"@type\":\"ImageObject\",\"@id\":\"https:\\\/\\\/www.eldigitaldeasturias.com\\\/noticias\\\/mainz-es-baja-por-un-pinchazo-muscular-para-jugar-ante-el-espanyol\\\/#authorImage\",\"url\":\"https:\\\/\\\/secure.gravatar.com\\\/avatar\\\/df2aeffc32bcd13f8d26072ef8a91b623d677766deac7f97ca815868cd41bf5e?s=96&d=mm&r=g\",\"width\":96,\"height\":96,\"caption\":\"El Digital de Asturias\"}},{\"@type\":\"WebPage\",\"@id\":\"https:\\\/\\\/www.eldigitaldeasturias.com\\\/noticias\\\/mainz-es-baja-por-un-pinchazo-muscular-para-jugar-ante-el-espanyol\\\/#webpage\",\"url\":\"https:\\\/\\\/www.eldigitaldeasturias.com\\\/noticias\\\/mainz-es-baja-por-un-pinchazo-muscular-para-jugar-ante-el-espanyol\\\/\",\"name\":\"Mainz es baja por un \\u00abpinchazo\\u00bb muscular para jugar ante el Espanyol - El Digital de Asturias\",\"description\":\"Granada, 5 Feb (EFE).- El defensa central Diego Mainz se ha quedado fuera de la lista de convocados del Granada para el encuentro del pr\\u00f3ximo viernes ante el Espanyol al haber sufrido en el entrenamiento de hoy un \\\"pinchazo\\\" muscular que queda pendiente de pruebas m\\u00e9dicas. Mainz ha sufrido de forma fortuita una lesi\\u00f3n que\",\"inLanguage\":\"es-ES\",\"isPartOf\":{\"@id\":\"https:\\\/\\\/www.eldigitaldeasturias.com\\\/noticias\\\/#website\"},\"breadcrumb\":{\"@id\":\"https:\\\/\\\/www.eldigitaldeasturias.com\\\/noticias\\\/mainz-es-baja-por-un-pinchazo-muscular-para-jugar-ante-el-espanyol\\\/#breadcrumblist\"},\"author\":{\"@id\":\"https:\\\/\\\/www.eldigitaldeasturias.com\\\/noticias\\\/author\\\/admin\\\/#author\"},\"creator\":{\"@id\":\"https:\\\/\\\/www.eldigitaldeasturias.com\\\/noticias\\\/author\\\/admin\\\/#author\"},\"image\":{\"@type\":\"ImageObject\",\"url\":484251,\"@id\":\"https:\\\/\\\/www.eldigitaldeasturias.com\\\/noticias\\\/mainz-es-baja-por-un-pinchazo-muscular-para-jugar-ante-el-espanyol\\\/#mainImage\"},\"primaryImageOfPage\":{\"@id\":\"https:\\\/\\\/www.eldigitaldeasturias.com\\\/noticias\\\/mainz-es-baja-por-un-pinchazo-muscular-para-jugar-ante-el-espanyol\\\/#mainImage\"},\"datePublished\":\"2014-02-05T23:05:41+01:00\",\"dateModified\":\"2014-02-05T23:05:41+01:00\"},{\"@type\":\"WebSite\",\"@id\":\"https:\\\/\\\/www.eldigitaldeasturias.com\\\/noticias\\\/#website\",\"url\":\"https:\\\/\\\/www.eldigitaldeasturias.com\\\/noticias\\\/\",\"name\":\"El Digital de Asturias - Diario de actualidad y noticias\",\"alternateName\":\"El Digital de Asturias - Diario de actualidad y noticias\",\"description\":\"Hemeroteca\",\"inLanguage\":\"es-ES\",\"publisher\":{\"@id\":\"https:\\\/\\\/www.eldigitaldeasturias.com\\\/noticias\\\/#organization\"}}]}\n\t\t<\/script>\n\t\t<!-- All in One SEO Pro -->\r\n\t\t<title>Mainz es baja por un \u00abpinchazo\u00bb muscular para jugar ante el Espanyol - El Digital de Asturias<\/title>\n\n","aioseo_head_json":{"title":"Mainz es baja por un \u00abpinchazo\u00bb muscular para jugar ante el Espanyol - El Digital de Asturias","description":"Granada, 5 Feb (EFE).- El defensa central Diego Mainz se ha quedado fuera de la lista de convocados del Granada para el encuentro del pr\u00f3ximo viernes ante el Espanyol al haber sufrido en el entrenamiento de hoy un \"pinchazo\" muscular que queda pendiente de pruebas m\u00e9dicas. Mainz ha sufrido de forma fortuita una lesi\u00f3n que","canonical_url":"https:\/\/www.eldigitaldeasturias.com\/noticias\/mainz-es-baja-por-un-pinchazo-muscular-para-jugar-ante-el-espanyol\/","robots":"max-image-preview:large","keywords":"actualidad","webmasterTools":{"google-site-verification":"UA-38556648-1","msvalidate.01":"7dfe9f3f1b24437ab69f4f2559babe99","miscellaneous":""},"schema":{"@context":"https:\/\/schema.org","@graph":[{"@type":"BlogPosting","@id":"https:\/\/www.eldigitaldeasturias.com\/noticias\/mainz-es-baja-por-un-pinchazo-muscular-para-jugar-ante-el-espanyol\/#blogposting","name":"Mainz es baja por un \u00abpinchazo\u00bb muscular para jugar ante el Espanyol - El Digital de Asturias","headline":"Mainz es baja por un \u00abpinchazo\u00bb muscular para jugar ante el Espanyol","author":{"@id":"https:\/\/www.eldigitaldeasturias.com\/noticias\/author\/admin\/#author"},"publisher":{"@id":"https:\/\/www.eldigitaldeasturias.com\/noticias\/#organization"},"image":{"@type":"ImageObject","url":484251},"datePublished":"2014-02-05T23:05:41+01:00","dateModified":"2014-02-05T23:05:41+01:00","inLanguage":"es-ES","mainEntityOfPage":{"@id":"https:\/\/www.eldigitaldeasturias.com\/noticias\/mainz-es-baja-por-un-pinchazo-muscular-para-jugar-ante-el-espanyol\/#webpage"},"isPartOf":{"@id":"https:\/\/www.eldigitaldeasturias.com\/noticias\/mainz-es-baja-por-un-pinchazo-muscular-para-jugar-ante-el-espanyol\/#webpage"},"articleSection":"Actualidad"},{"@type":"BreadcrumbList","@id":"https:\/\/www.eldigitaldeasturias.com\/noticias\/mainz-es-baja-por-un-pinchazo-muscular-para-jugar-ante-el-espanyol\/#breadcrumblist","itemListElement":[{"@type":"ListItem","@id":"https:\/\/www.eldigitaldeasturias.com\/noticias#listItem","position":1,"name":"Home","item":"https:\/\/www.eldigitaldeasturias.com\/noticias","nextItem":{"@type":"ListItem","@id":"https:\/\/www.eldigitaldeasturias.com\/noticias\/category\/actualidad\/#listItem","name":"Actualidad"}},{"@type":"ListItem","@id":"https:\/\/www.eldigitaldeasturias.com\/noticias\/category\/actualidad\/#listItem","position":2,"name":"Actualidad","item":"https:\/\/www.eldigitaldeasturias.com\/noticias\/category\/actualidad\/","nextItem":{"@type":"ListItem","@id":"https:\/\/www.eldigitaldeasturias.com\/noticias\/mainz-es-baja-por-un-pinchazo-muscular-para-jugar-ante-el-espanyol\/#listItem","name":"Mainz es baja por un \u00abpinchazo\u00bb muscular para jugar ante el Espanyol"},"previousItem":{"@type":"ListItem","@id":"https:\/\/www.eldigitaldeasturias.com\/noticias#listItem","name":"Home"}},{"@type":"ListItem","@id":"https:\/\/www.eldigitaldeasturias.com\/noticias\/mainz-es-baja-por-un-pinchazo-muscular-para-jugar-ante-el-espanyol\/#listItem","position":3,"name":"Mainz es baja por un \u00abpinchazo\u00bb muscular para jugar ante el Espanyol","previousItem":{"@type":"ListItem","@id":"https:\/\/www.eldigitaldeasturias.com\/noticias\/category\/actualidad\/#listItem","name":"Actualidad"}}]},{"@type":"Organization","@id":"https:\/\/www.eldigitaldeasturias.com\/noticias\/#organization","name":"El Digital de Asturias","description":"Hemeroteca","url":"https:\/\/www.eldigitaldeasturias.com\/noticias\/","email":"info@eldigitaldeasturias.com","telephone":"+34652131393","logo":{"@type":"ImageObject","url":"https:\/\/www.eldigitaldeasturias.com\/noticias\/wp-content\/uploads\/2020\/12\/EDA.jpg","@id":"https:\/\/www.eldigitaldeasturias.com\/noticias\/mainz-es-baja-por-un-pinchazo-muscular-para-jugar-ante-el-espanyol\/#organizationLogo"},"image":{"@id":"https:\/\/www.eldigitaldeasturias.com\/noticias\/mainz-es-baja-por-un-pinchazo-muscular-para-jugar-ante-el-espanyol\/#organizationLogo"},"sameAs":["https:\/\/facebook.com\/eldigitaldeasturias","https:\/\/www.youtube.com\/channel\/UCZP-2wLEB9Rv6erhFmqVnvg"],"address":{"@id":"https:\/\/www.eldigitaldeasturias.com\/noticias\/#postaladdress","@type":"PostalAddress","streetAddress":"san antonio 4","postalCode":"33430","addressLocality":"Cand\u00e1s","addressRegion":"Asturias","addressCountry":"ES"}},{"@type":"Person","@id":"https:\/\/www.eldigitaldeasturias.com\/noticias\/author\/admin\/#author","url":"https:\/\/www.eldigitaldeasturias.com\/noticias\/author\/admin\/","name":"El Digital de Asturias","image":{"@type":"ImageObject","@id":"https:\/\/www.eldigitaldeasturias.com\/noticias\/mainz-es-baja-por-un-pinchazo-muscular-para-jugar-ante-el-espanyol\/#authorImage","url":"https:\/\/secure.gravatar.com\/avatar\/df2aeffc32bcd13f8d26072ef8a91b623d677766deac7f97ca815868cd41bf5e?s=96&d=mm&r=g","width":96,"height":96,"caption":"El Digital de Asturias"}},{"@type":"WebPage","@id":"https:\/\/www.eldigitaldeasturias.com\/noticias\/mainz-es-baja-por-un-pinchazo-muscular-para-jugar-ante-el-espanyol\/#webpage","url":"https:\/\/www.eldigitaldeasturias.com\/noticias\/mainz-es-baja-por-un-pinchazo-muscular-para-jugar-ante-el-espanyol\/","name":"Mainz es baja por un \u00abpinchazo\u00bb muscular para jugar ante el Espanyol - El Digital de Asturias","description":"Granada, 5 Feb (EFE).- El defensa central Diego Mainz se ha quedado fuera de la lista de convocados del Granada para el encuentro del pr\u00f3ximo viernes ante el Espanyol al haber sufrido en el entrenamiento de hoy un \"pinchazo\" muscular que queda pendiente de pruebas m\u00e9dicas. Mainz ha sufrido de forma fortuita una lesi\u00f3n que","inLanguage":"es-ES","isPartOf":{"@id":"https:\/\/www.eldigitaldeasturias.com\/noticias\/#website"},"breadcrumb":{"@id":"https:\/\/www.eldigitaldeasturias.com\/noticias\/mainz-es-baja-por-un-pinchazo-muscular-para-jugar-ante-el-espanyol\/#breadcrumblist"},"author":{"@id":"https:\/\/www.eldigitaldeasturias.com\/noticias\/author\/admin\/#author"},"creator":{"@id":"https:\/\/www.eldigitaldeasturias.com\/noticias\/author\/admin\/#author"},"image":{"@type":"ImageObject","url":484251,"@id":"https:\/\/www.eldigitaldeasturias.com\/noticias\/mainz-es-baja-por-un-pinchazo-muscular-para-jugar-ante-el-espanyol\/#mainImage"},"primaryImageOfPage":{"@id":"https:\/\/www.eldigitaldeasturias.com\/noticias\/mainz-es-baja-por-un-pinchazo-muscular-para-jugar-ante-el-espanyol\/#mainImage"},"datePublished":"2014-02-05T23:05:41+01:00","dateModified":"2014-02-05T23:05:41+01:00"},{"@type":"WebSite","@id":"https:\/\/www.eldigitaldeasturias.com\/noticias\/#website","url":"https:\/\/www.eldigitaldeasturias.com\/noticias\/","name":"El Digital de Asturias - Diario de actualidad y noticias","alternateName":"El Digital de Asturias - Diario de actualidad y noticias","description":"Hemeroteca","inLanguage":"es-ES","publisher":{"@id":"https:\/\/www.eldigitaldeasturias.com\/noticias\/#organization"}}]},"og:locale":"es_ES","og:site_name":"El Digital de Asturias","og:type":"article","og:title":"Mainz es baja por un \u00abpinchazo\u00bb muscular para jugar ante el Espanyol - El Digital de Asturias","og:description":"Granada, 5 Feb (EFE).- El defensa central Diego Mainz se ha quedado fuera de la lista de convocados del Granada para el encuentro del pr\u00f3ximo viernes ante el Espanyol al haber sufrido en el entrenamiento de hoy un &quot;pinchazo&quot; muscular que queda pendiente de pruebas m\u00e9dicas. Mainz ha sufrido de forma fortuita una lesi\u00f3n que","og:url":"https:\/\/www.eldigitaldeasturias.com\/noticias\/mainz-es-baja-por-un-pinchazo-muscular-para-jugar-ante-el-espanyol\/","article:tag":["actualidad"],"article:published_time":"2014-02-06T00:05:41+00:00","article:modified_time":"2014-02-06T00:05:41+00:00","article:publisher":"https:\/\/facebook.com\/eldigitaldeasturias","twitter:card":"summary_large_image","twitter:title":"Mainz es baja por un \u00abpinchazo\u00bb muscular para jugar ante el Espanyol - El Digital de Asturias","twitter:description":"Granada, 5 Feb (EFE).- El defensa central Diego Mainz se ha quedado fuera de la lista de convocados del Granada para el encuentro del pr\u00f3ximo viernes ante el Espanyol al haber sufrido en el entrenamiento de hoy un &quot;pinchazo&quot; muscular que queda pendiente de pruebas m\u00e9dicas. Mainz ha sufrido de forma fortuita una lesi\u00f3n que","twitter:label1":"Escrito por","twitter:data1":"El Digital de Asturias","twitter:label2":"Tiempo de lectura estimado","twitter:data2":"1 minuto"},"aioseo_meta_data":{"post_id":"484249","title":null,"description":null,"keywords":null,"keyphrases":null,"primary_term":null,"canonical_url":null,"og_title":null,"og_description":null,"og_object_type":"default","og_image_type":"default","og_image_url":null,"og_image_width":null,"og_image_height":null,"og_image_custom_url":null,"og_image_custom_fields":null,"og_video":null,"og_custom_url":null,"og_article_section":null,"og_article_tags":null,"twitter_use_og":true,"twitter_card":"default","twitter_image_type":"default","twitter_image_url":null,"twitter_image_custom_url":null,"twitter_image_custom_fields":null,"twitter_title":null,"twitter_description":null,"schema":{"blockGraphs":[],"customGraphs":[],"default":{"data":{"Article":[],"Course":[],"Dataset":[],"FAQPage":[],"Movie":[],"Person":[],"Product":[],"ProductReview":[],"Car":[],"Recipe":[],"Service":[],"SoftwareApplication":[],"WebPage":[]},"graphName":"","isEnabled":true},"graphs":[],"defaultGraph":"","defaultPostTypeGraph":""},"schema_type":null,"schema_type_options":null,"pillar_content":false,"robots_default":true,"robots_noindex":false,"robots_noarchive":false,"robots_nosnippet":false,"robots_nofollow":false,"robots_noimageindex":false,"robots_noodp":false,"robots_notranslate":false,"robots_max_snippet":null,"robots_max_videopreview":null,"robots_max_imagepreview":"none","priority":null,"frequency":null,"local_seo":null,"seo_analyzer_scan_date":"2026-06-02 15:17:58","breadcrumb_settings":null,"limit_modified_date":false,"open_ai":null,"ai":null,"created":"2020-11-14 22:55:03","updated":"2026-06-02 15:17:58","focus_keyword":null,"additional_keywords":null,"truseo_locale":null},"aioseo_breadcrumb":"<div class=\"aioseo-breadcrumbs\"><span class=\"aioseo-breadcrumb\">\n\t<a href=\"https:\/\/www.eldigitaldeasturias.com\/noticias\" title=\"Home\">Home<\/a>\n<\/span><span class=\"aioseo-breadcrumb-separator\">\u2013<\/span><span class=\"aioseo-breadcrumb\">\n\t<a href=\"https:\/\/www.eldigitaldeasturias.com\/noticias\/category\/actualidad\/\" title=\"Actualidad\">Actualidad<\/a>\n<\/span><span class=\"aioseo-breadcrumb-separator\">\u2013<\/span><span class=\"aioseo-breadcrumb\">\n\t<a href=\"https:\/\/www.eldigitaldeasturias.com\/noticias\/mainz-es-baja-por-un-pinchazo-muscular-para-jugar-ante-el-espanyol\/\" title=\"Mainz es baja por un \u00abpinchazo\u00bb muscular para jugar ante el Espanyol\">Mainz es baja por un \u00abpinchazo\u00bb muscular para jugar ante el Espanyol<\/a>\n<\/span><\/div>","aioseo_breadcrumb_json":[{"label":"Home","link":"https:\/\/www.eldigitaldeasturias.com\/noticias"},{"label":"Actualidad","link":"https:\/\/www.eldigitaldeasturias.com\/noticias\/category\/actualidad\/"},{"label":"Mainz es baja por un \u00abpinchazo\u00bb muscular para jugar ante el Espanyol","link":"https:\/\/www.eldigitaldeasturias.com\/noticias\/mainz-es-baja-por-un-pinchazo-muscular-para-jugar-ante-el-espanyol\/"}],"_links":{"self":[{"href":"https:\/\/www.eldigitaldeasturias.com\/noticias\/wp-json\/wp\/v2\/posts\/484249","targetHints":{"allow":["GET"]}}],"collection":[{"href":"https:\/\/www.eldigitaldeasturias.com\/noticias\/wp-json\/wp\/v2\/posts"}],"about":[{"href":"https:\/\/www.eldigitaldeasturias.com\/noticias\/wp-json\/wp\/v2\/types\/post"}],"author":[{"embeddable":true,"href":"https:\/\/www.eldigitaldeasturias.com\/noticias\/wp-json\/wp\/v2\/users\/1"}],"replies":[{"embeddable":true,"href":"https:\/\/www.eldigitaldeasturias.com\/noticias\/wp-json\/wp\/v2\/comments?post=484249"}],"version-history":[{"count":0,"href":"https:\/\/www.eldigitaldeasturias.com\/noticias\/wp-json\/wp\/v2\/posts\/484249\/revisions"}],"wp:attachment":[{"href":"https:\/\/www.eldigitaldeasturias.com\/noticias\/wp-json\/wp\/v2\/media?parent=484249"}],"wp:term":[{"taxonomy":"category","embeddable":true,"href":"https:\/\/www.eldigitaldeasturias.com\/noticias\/wp-json\/wp\/v2\/categories?post=484249"},{"taxonomy":"post_tag","embeddable":true,"href":"https:\/\/www.eldigitaldeasturias.com\/noticias\/wp-json\/wp\/v2\/tags?post=484249"}],"curies":[{"name":"wp","href":"https:\/\/api.w.org\/{rel}","templated":true}]}}