{"id":484246,"date":"2014-02-05T23:04:36","date_gmt":"2014-02-06T00:04:36","guid":{"rendered":"http:\/\/www.eldigitaldeasturias.com\/noticias\/?p=484246"},"modified":"2014-02-05T23:04:36","modified_gmt":"2014-02-06T00:04:36","slug":"el-senado-rechaza-en-comision-los-vetos-a-la-ley-de-proteccion-de-empleo-parcial","status":"publish","type":"post","link":"https:\/\/www.eldigitaldeasturias.com\/noticias\/el-senado-rechaza-en-comision-los-vetos-a-la-ley-de-proteccion-de-empleo-parcial\/","title":{"rendered":"El Senado rechaza en Comisi\u00f3n los vetos a la ley de protecci\u00f3n de empleo parcial"},"content":{"rendered":"<p><img loading=\"lazy\" decoding=\"async\" class=\"alignleft size-medium wp-image-484247\" alt=\"5912482w\" src=\"https:\/\/www.eldigitaldeasturias.com\/noticias\/wp-content\/uploads\/2014\/02\/5912482w-360x302.jpg\" width=\"360\" height=\"302\" \/>Madrid, 5 feb (EFE).- La Comisi\u00f3n de Empleo del Senado ha rechazado hoy los vetos planteados por el Grupo Parlamentario Mixto y por el Grupo Entesa pel Progr\u00e9s de Catalunya al proyecto de ley para la protecci\u00f3n de los trabajadores a tiempo parcial.<\/p>\n<p>El texto del proyecto de Ley ha sido aprobado con la incorporaci\u00f3n s\u00f3lo de las cuatro enmiendas presentadas por el PP, ya que las 150 restantes de los dem\u00e1s grupos fueron rechazadas, y ser\u00e1 debatido en el Pleno de la C\u00e1mara Alta el pr\u00f3ximo 11 de febrero.<\/p>\n<p>La mayor\u00eda de los grupos parlamentarios han recriminado al Gobierno la utilizaci\u00f3n de un proyecto de Ley, que cont\u00f3 con el apoyo de los agentes sociales y pol\u00edticos, para incluir otra serie de asuntos que \u00abnada tienen que ver con el empleo\u00bb.<\/p>\n<p>Tambi\u00e9n han criticado las formas, ya que los grupos consideran que las enmiendas debatidas hoy no han podido ser analizadas porque el plazo para presentarlas culmin\u00f3 ayer.<\/p>\n<p>La senadora del grupo parlamentario popular Beatriz Jurado ha salido al paso de las cr\u00edticas y ha resaltado que el asunto principal del proyecto de Ley cuenta con el acuerdo de los sindicatos, algo que considera motivo m\u00e1s que suficiente para que se apruebe.<\/p>\n<p>Asimismo, ha resaltado que otros asuntos van destinados a dotar de mayor garant\u00eda la implementaci\u00f3n de la reforma laboral, que est\u00e1 ofreciendo resultados \u00abque nos dan y nos seguir\u00e1n dando esperanza\u00bb, al tiempo que otras cuestiones solucionar\u00e1n problemas de otros \u00e1mbitos.<\/p>\n<p>Pese a que su grupo ha votado en contra de los dos vetos y de las 150 enmiendas presentadas por el resto de los grupos, la senadora popular ha avanzado \u00abun debate del contenido\u00bb de la Ley en el Pleno del Senado y ha mostrado la disposici\u00f3n de su grupo a \u00abllegar a acuerdos\u00bb.<\/p>\n<p>El portavoz del grupo parlamentario socialista en Empleo, Juan Francisco Mart\u00ednez-Aldama, ha considerado que el Gobierno \u00abha camuflado un nuevo recorte a los derechos de los trabajadores\u00bb en el proyecto de Ley, si bien se ha mostrado de acuerdo con las modificaciones que introduce en cuanto a la seguridad a\u00e9rea y al sector ferroviario.<\/p>\n<p>Ha Recordado que este proyecto de Ley \u00abvuelve a modificar el Estatuto de los Trabajadores en cuanto a movilidad geogr\u00e1fica, las condiciones de trabajo o el descuelgue de los convenios colectivos, para dar al empresario m\u00e1s poder sobre el trabajador\u00bb.<\/p>\n<p>La portavoz del grupo parlamentario CiU, Mar\u00eda Rieradevall Tarr\u00e9s, ha reclamado al Gobierno una \u00abmanera de legislar m\u00e1s seria\u00bb, ya que ha considerado que ha realizado una \u00abburda instrumentalizaci\u00f3n del Senado\u00bb y ha criticado la falta de tiempo para analizar las enmiendas planteadas por los grupos.<\/p>\n<p>En este sentido, el portavoz del grupo parlamentario Mixto Jes\u00fas Iglesias ha criticado tambi\u00e9n que el Gobierno haya utilizado \u00abla t\u00e9cnica del proyecto de Ley Transiberiano, con muchos vagones con contenidos variopintos\u00bb que modifican la normativa de despido colectivo, la regulaci\u00f3n de la Sareb o el Fondo de Pago a Proveedores.<\/p>\n<p>Todo este \u00abbatiburrillo\u00bb genera \u00abconfusi\u00f3n\u00bb y dificultades serias para determinar qu\u00e9 normas est\u00e1n presentes en cada momento, ha apuntado, al tiempo que ha rechazado algunos asuntos que incorpora la Ley como la subcontrataci\u00f3n de ETTs por parte de los servicios p\u00fablicos de empleo.<\/p>\n<p>De \u00abcaj\u00f3n de sastre\u00bb y \u00abtotum revolutum\u00bb ha calificado el proyecto de Ley el portavoz de Entesa per Progr\u00e9s de Catalunya, Jordi Guillot, y se ha preguntado \u00abqu\u00e9 hace la Comisi\u00f3n de Empleo del Senado discutiendo de la Sareb o de Adif\u00bb.<\/p>\n<p>Por su parte, la portavoz de PNV, Rut Mart\u00ednez, ha considerado que el Gobierno lleva a cabo un \u00abuso y abuso\u00bb en el procedimiento de urgencia en la tramitaci\u00f3n de esta Ley en el Senado.<\/p>\n<p>Tres de las cuatro enmiendas aprobadas hoy suprimen dos disposiciones que fueron incluidas en el Real Decreto Ley aprobado a finales de 2013 para favorecer la contrataci\u00f3n estable y mejorar la empleabilidad de los trabajadores.<\/p>\n<p>La cuarta enmienda aprobada hoy introduce una modificaci\u00f3n en la Ley del Sector Ferroviario para que los t\u00e9cnicos de investigaci\u00f3n de la comisi\u00f3n tengan consideraci\u00f3n de agentes de la autoridad cuando act\u00faen en el ejercicio de su funci\u00f3n investigadora.<\/p>\n<p>Asimismo, la Comisi\u00f3n de Empleo ha aprobado el nombramiento del senador socialista Jos\u00e9 Quintana Villar como vicepresidente segundo de la Comisi\u00f3n.<\/p>\n","protected":false},"excerpt":{"rendered":"<p>Madrid, 5 feb (EFE).- La Comisi\u00f3n de Empleo del Senado ha rechazado hoy los vetos planteados por el Grupo Parlamentario Mixto y por el Grupo Entesa pel Progr\u00e9s de Catalunya al proyecto de ley para la protecci\u00f3n de los trabajadores a tiempo parcial. El texto del proyecto de Ley ha sido aprobado con la incorporaci\u00f3n [&hellip;]<\/p>\n","protected":false},"author":1,"featured_media":484247,"comment_status":"closed","ping_status":"open","sticky":false,"template":"","format":"standard","meta":{"footnotes":""},"categories":[1],"tags":[],"class_list":["post-484246","post","type-post","status-publish","format-standard","has-post-thumbnail","hentry","category-actualidad"],"aioseo_notices":[],"aioseo_head":"\n\t\t<!-- All in One SEO Pro 5.0.1 - aioseo.com -->\n\t<meta name=\"description\" content=\"Madrid, 5 feb (EFE).- La Comisi\u00f3n de Empleo del Senado ha rechazado hoy los vetos planteados por el Grupo Parlamentario Mixto y por el Grupo Entesa pel Progr\u00e9s de Catalunya al proyecto de ley para la protecci\u00f3n de los trabajadores a tiempo parcial. El texto del proyecto de Ley ha sido aprobado con la incorporaci\u00f3n\" \/>\n\t<meta name=\"robots\" content=\"max-image-preview:large\" \/>\n\t<meta name=\"author\" content=\"El Digital de Asturias\"\/>\n\t<meta name=\"google-site-verification\" content=\"UA-38556648-1\" \/>\n\t<meta name=\"msvalidate.01\" content=\"7dfe9f3f1b24437ab69f4f2559babe99\" \/>\n\t<meta name=\"keywords\" content=\"actualidad\" \/>\n\t<link rel=\"canonical\" href=\"https:\/\/www.eldigitaldeasturias.com\/noticias\/el-senado-rechaza-en-comision-los-vetos-a-la-ley-de-proteccion-de-empleo-parcial\/\" \/>\n\t<meta name=\"generator\" content=\"All in One SEO Pro (AIOSEO) 5.0.1\" \/>\n\t\t<meta property=\"og:locale\" content=\"es_ES\" \/>\n\t\t<meta property=\"og:site_name\" content=\"El Digital de Asturias\" \/>\n\t\t<meta property=\"og:type\" content=\"article\" \/>\n\t\t<meta property=\"og:title\" content=\"El Senado rechaza en Comisi\u00f3n los vetos a la ley de protecci\u00f3n de empleo parcial - El Digital de Asturias\" \/>\n\t\t<meta property=\"og:description\" content=\"Madrid, 5 feb (EFE).- La Comisi\u00f3n de Empleo del Senado ha rechazado hoy los vetos planteados por el Grupo Parlamentario Mixto y por el Grupo Entesa pel Progr\u00e9s de Catalunya al proyecto de ley para la protecci\u00f3n de los trabajadores a tiempo parcial. El texto del proyecto de Ley ha sido aprobado con la incorporaci\u00f3n\" \/>\n\t\t<meta property=\"og:url\" content=\"https:\/\/www.eldigitaldeasturias.com\/noticias\/el-senado-rechaza-en-comision-los-vetos-a-la-ley-de-proteccion-de-empleo-parcial\/\" \/>\n\t\t<meta property=\"article:tag\" content=\"actualidad\" \/>\n\t\t<meta property=\"article:published_time\" content=\"2014-02-06T00:04:36+00:00\" \/>\n\t\t<meta property=\"article:modified_time\" content=\"2014-02-06T00:04:36+00:00\" \/>\n\t\t<meta property=\"article:publisher\" content=\"https:\/\/facebook.com\/eldigitaldeasturias\" \/>\n\t\t<meta name=\"twitter:card\" content=\"summary_large_image\" \/>\n\t\t<meta name=\"twitter:title\" content=\"El Senado rechaza en Comisi\u00f3n los vetos a la ley de protecci\u00f3n de empleo parcial - El Digital de Asturias\" \/>\n\t\t<meta name=\"twitter:description\" content=\"Madrid, 5 feb (EFE).- La Comisi\u00f3n de Empleo del Senado ha rechazado hoy los vetos planteados por el Grupo Parlamentario Mixto y por el Grupo Entesa pel Progr\u00e9s de Catalunya al proyecto de ley para la protecci\u00f3n de los trabajadores a tiempo parcial. El texto del proyecto de Ley ha sido aprobado con la incorporaci\u00f3n\" \/>\n\t\t<meta name=\"twitter:label1\" content=\"Escrito por\" \/>\n\t\t<meta name=\"twitter:data1\" content=\"El Digital de Asturias\" \/>\n\t\t<meta name=\"twitter:label2\" content=\"Tiempo de lectura estimado\" \/>\n\t\t<meta name=\"twitter:data2\" content=\"4 minutos\" \/>\n\t\t<script type=\"application\/ld+json\" class=\"aioseo-schema\">\n\t\t\t{\"@context\":\"https:\\\/\\\/schema.org\",\"@graph\":[{\"@type\":\"BlogPosting\",\"@id\":\"https:\\\/\\\/www.eldigitaldeasturias.com\\\/noticias\\\/el-senado-rechaza-en-comision-los-vetos-a-la-ley-de-proteccion-de-empleo-parcial\\\/#blogposting\",\"name\":\"El Senado rechaza en Comisi\\u00f3n los vetos a la ley de protecci\\u00f3n de empleo parcial - El Digital de Asturias\",\"headline\":\"El Senado rechaza en Comisi\\u00f3n los vetos a la ley de protecci\\u00f3n de empleo parcial\",\"author\":{\"@id\":\"https:\\\/\\\/www.eldigitaldeasturias.com\\\/noticias\\\/author\\\/admin\\\/#author\"},\"publisher\":{\"@id\":\"https:\\\/\\\/www.eldigitaldeasturias.com\\\/noticias\\\/#organization\"},\"image\":{\"@type\":\"ImageObject\",\"url\":484247},\"datePublished\":\"2014-02-05T23:04:36+01:00\",\"dateModified\":\"2014-02-05T23:04:36+01:00\",\"inLanguage\":\"es-ES\",\"mainEntityOfPage\":{\"@id\":\"https:\\\/\\\/www.eldigitaldeasturias.com\\\/noticias\\\/el-senado-rechaza-en-comision-los-vetos-a-la-ley-de-proteccion-de-empleo-parcial\\\/#webpage\"},\"isPartOf\":{\"@id\":\"https:\\\/\\\/www.eldigitaldeasturias.com\\\/noticias\\\/el-senado-rechaza-en-comision-los-vetos-a-la-ley-de-proteccion-de-empleo-parcial\\\/#webpage\"},\"articleSection\":\"Actualidad\"},{\"@type\":\"BreadcrumbList\",\"@id\":\"https:\\\/\\\/www.eldigitaldeasturias.com\\\/noticias\\\/el-senado-rechaza-en-comision-los-vetos-a-la-ley-de-proteccion-de-empleo-parcial\\\/#breadcrumblist\",\"itemListElement\":[{\"@type\":\"ListItem\",\"@id\":\"https:\\\/\\\/www.eldigitaldeasturias.com\\\/noticias#listItem\",\"position\":1,\"name\":\"Home\",\"item\":\"https:\\\/\\\/www.eldigitaldeasturias.com\\\/noticias\",\"nextItem\":{\"@type\":\"ListItem\",\"@id\":\"https:\\\/\\\/www.eldigitaldeasturias.com\\\/noticias\\\/category\\\/actualidad\\\/#listItem\",\"name\":\"Actualidad\"}},{\"@type\":\"ListItem\",\"@id\":\"https:\\\/\\\/www.eldigitaldeasturias.com\\\/noticias\\\/category\\\/actualidad\\\/#listItem\",\"position\":2,\"name\":\"Actualidad\",\"item\":\"https:\\\/\\\/www.eldigitaldeasturias.com\\\/noticias\\\/category\\\/actualidad\\\/\",\"nextItem\":{\"@type\":\"ListItem\",\"@id\":\"https:\\\/\\\/www.eldigitaldeasturias.com\\\/noticias\\\/el-senado-rechaza-en-comision-los-vetos-a-la-ley-de-proteccion-de-empleo-parcial\\\/#listItem\",\"name\":\"El Senado rechaza en Comisi\\u00f3n los vetos a la ley de protecci\\u00f3n de empleo parcial\"},\"previousItem\":{\"@type\":\"ListItem\",\"@id\":\"https:\\\/\\\/www.eldigitaldeasturias.com\\\/noticias#listItem\",\"name\":\"Home\"}},{\"@type\":\"ListItem\",\"@id\":\"https:\\\/\\\/www.eldigitaldeasturias.com\\\/noticias\\\/el-senado-rechaza-en-comision-los-vetos-a-la-ley-de-proteccion-de-empleo-parcial\\\/#listItem\",\"position\":3,\"name\":\"El Senado rechaza en Comisi\\u00f3n los vetos a la ley de protecci\\u00f3n de empleo parcial\",\"previousItem\":{\"@type\":\"ListItem\",\"@id\":\"https:\\\/\\\/www.eldigitaldeasturias.com\\\/noticias\\\/category\\\/actualidad\\\/#listItem\",\"name\":\"Actualidad\"}}]},{\"@type\":\"Organization\",\"@id\":\"https:\\\/\\\/www.eldigitaldeasturias.com\\\/noticias\\\/#organization\",\"name\":\"El Digital de Asturias\",\"description\":\"Hemeroteca\",\"url\":\"https:\\\/\\\/www.eldigitaldeasturias.com\\\/noticias\\\/\",\"email\":\"info@eldigitaldeasturias.com\",\"telephone\":\"+34652131393\",\"logo\":{\"@type\":\"ImageObject\",\"url\":\"https:\\\/\\\/www.eldigitaldeasturias.com\\\/noticias\\\/wp-content\\\/uploads\\\/2020\\\/12\\\/EDA.jpg\",\"@id\":\"https:\\\/\\\/www.eldigitaldeasturias.com\\\/noticias\\\/el-senado-rechaza-en-comision-los-vetos-a-la-ley-de-proteccion-de-empleo-parcial\\\/#organizationLogo\"},\"image\":{\"@id\":\"https:\\\/\\\/www.eldigitaldeasturias.com\\\/noticias\\\/el-senado-rechaza-en-comision-los-vetos-a-la-ley-de-proteccion-de-empleo-parcial\\\/#organizationLogo\"},\"sameAs\":[\"https:\\\/\\\/facebook.com\\\/eldigitaldeasturias\",\"https:\\\/\\\/www.youtube.com\\\/channel\\\/UCZP-2wLEB9Rv6erhFmqVnvg\"],\"address\":{\"@id\":\"https:\\\/\\\/www.eldigitaldeasturias.com\\\/noticias\\\/#postaladdress\",\"@type\":\"PostalAddress\",\"streetAddress\":\"san antonio 4\",\"postalCode\":\"33430\",\"addressLocality\":\"Cand\\u00e1s\",\"addressRegion\":\"Asturias\",\"addressCountry\":\"ES\"}},{\"@type\":\"Person\",\"@id\":\"https:\\\/\\\/www.eldigitaldeasturias.com\\\/noticias\\\/author\\\/admin\\\/#author\",\"url\":\"https:\\\/\\\/www.eldigitaldeasturias.com\\\/noticias\\\/author\\\/admin\\\/\",\"name\":\"El Digital de Asturias\",\"image\":{\"@type\":\"ImageObject\",\"@id\":\"https:\\\/\\\/www.eldigitaldeasturias.com\\\/noticias\\\/el-senado-rechaza-en-comision-los-vetos-a-la-ley-de-proteccion-de-empleo-parcial\\\/#authorImage\",\"url\":\"https:\\\/\\\/secure.gravatar.com\\\/avatar\\\/df2aeffc32bcd13f8d26072ef8a91b623d677766deac7f97ca815868cd41bf5e?s=96&d=mm&r=g\",\"width\":96,\"height\":96,\"caption\":\"El Digital de Asturias\"}},{\"@type\":\"WebPage\",\"@id\":\"https:\\\/\\\/www.eldigitaldeasturias.com\\\/noticias\\\/el-senado-rechaza-en-comision-los-vetos-a-la-ley-de-proteccion-de-empleo-parcial\\\/#webpage\",\"url\":\"https:\\\/\\\/www.eldigitaldeasturias.com\\\/noticias\\\/el-senado-rechaza-en-comision-los-vetos-a-la-ley-de-proteccion-de-empleo-parcial\\\/\",\"name\":\"El Senado rechaza en Comisi\\u00f3n los vetos a la ley de protecci\\u00f3n de empleo parcial - El Digital de Asturias\",\"description\":\"Madrid, 5 feb (EFE).- La Comisi\\u00f3n de Empleo del Senado ha rechazado hoy los vetos planteados por el Grupo Parlamentario Mixto y por el Grupo Entesa pel Progr\\u00e9s de Catalunya al proyecto de ley para la protecci\\u00f3n de los trabajadores a tiempo parcial. El texto del proyecto de Ley ha sido aprobado con la incorporaci\\u00f3n\",\"inLanguage\":\"es-ES\",\"isPartOf\":{\"@id\":\"https:\\\/\\\/www.eldigitaldeasturias.com\\\/noticias\\\/#website\"},\"breadcrumb\":{\"@id\":\"https:\\\/\\\/www.eldigitaldeasturias.com\\\/noticias\\\/el-senado-rechaza-en-comision-los-vetos-a-la-ley-de-proteccion-de-empleo-parcial\\\/#breadcrumblist\"},\"author\":{\"@id\":\"https:\\\/\\\/www.eldigitaldeasturias.com\\\/noticias\\\/author\\\/admin\\\/#author\"},\"creator\":{\"@id\":\"https:\\\/\\\/www.eldigitaldeasturias.com\\\/noticias\\\/author\\\/admin\\\/#author\"},\"image\":{\"@type\":\"ImageObject\",\"url\":484247,\"@id\":\"https:\\\/\\\/www.eldigitaldeasturias.com\\\/noticias\\\/el-senado-rechaza-en-comision-los-vetos-a-la-ley-de-proteccion-de-empleo-parcial\\\/#mainImage\"},\"primaryImageOfPage\":{\"@id\":\"https:\\\/\\\/www.eldigitaldeasturias.com\\\/noticias\\\/el-senado-rechaza-en-comision-los-vetos-a-la-ley-de-proteccion-de-empleo-parcial\\\/#mainImage\"},\"datePublished\":\"2014-02-05T23:04:36+01:00\",\"dateModified\":\"2014-02-05T23:04:36+01:00\"},{\"@type\":\"WebSite\",\"@id\":\"https:\\\/\\\/www.eldigitaldeasturias.com\\\/noticias\\\/#website\",\"url\":\"https:\\\/\\\/www.eldigitaldeasturias.com\\\/noticias\\\/\",\"name\":\"El Digital de Asturias - Diario de actualidad y noticias\",\"alternateName\":\"El Digital de Asturias - Diario de actualidad y noticias\",\"description\":\"Hemeroteca\",\"inLanguage\":\"es-ES\",\"publisher\":{\"@id\":\"https:\\\/\\\/www.eldigitaldeasturias.com\\\/noticias\\\/#organization\"}}]}\n\t\t<\/script>\n\t\t<!-- All in One SEO Pro -->\r\n\t\t<title>El Senado rechaza en Comisi\u00f3n los vetos a la ley de protecci\u00f3n de empleo parcial - El Digital de Asturias<\/title>\n\n","aioseo_head_json":{"title":"El Senado rechaza en Comisi\u00f3n los vetos a la ley de protecci\u00f3n de empleo parcial - El Digital de Asturias","description":"Madrid, 5 feb (EFE).- La Comisi\u00f3n de Empleo del Senado ha rechazado hoy los vetos planteados por el Grupo Parlamentario Mixto y por el Grupo Entesa pel Progr\u00e9s de Catalunya al proyecto de ley para la protecci\u00f3n de los trabajadores a tiempo parcial. El texto del proyecto de Ley ha sido aprobado con la incorporaci\u00f3n","canonical_url":"https:\/\/www.eldigitaldeasturias.com\/noticias\/el-senado-rechaza-en-comision-los-vetos-a-la-ley-de-proteccion-de-empleo-parcial\/","robots":"max-image-preview:large","keywords":"actualidad","webmasterTools":{"google-site-verification":"UA-38556648-1","msvalidate.01":"7dfe9f3f1b24437ab69f4f2559babe99","miscellaneous":""},"schema":{"@context":"https:\/\/schema.org","@graph":[{"@type":"BlogPosting","@id":"https:\/\/www.eldigitaldeasturias.com\/noticias\/el-senado-rechaza-en-comision-los-vetos-a-la-ley-de-proteccion-de-empleo-parcial\/#blogposting","name":"El Senado rechaza en Comisi\u00f3n los vetos a la ley de protecci\u00f3n de empleo parcial - El Digital de Asturias","headline":"El Senado rechaza en Comisi\u00f3n los vetos a la ley de protecci\u00f3n de empleo parcial","author":{"@id":"https:\/\/www.eldigitaldeasturias.com\/noticias\/author\/admin\/#author"},"publisher":{"@id":"https:\/\/www.eldigitaldeasturias.com\/noticias\/#organization"},"image":{"@type":"ImageObject","url":484247},"datePublished":"2014-02-05T23:04:36+01:00","dateModified":"2014-02-05T23:04:36+01:00","inLanguage":"es-ES","mainEntityOfPage":{"@id":"https:\/\/www.eldigitaldeasturias.com\/noticias\/el-senado-rechaza-en-comision-los-vetos-a-la-ley-de-proteccion-de-empleo-parcial\/#webpage"},"isPartOf":{"@id":"https:\/\/www.eldigitaldeasturias.com\/noticias\/el-senado-rechaza-en-comision-los-vetos-a-la-ley-de-proteccion-de-empleo-parcial\/#webpage"},"articleSection":"Actualidad"},{"@type":"BreadcrumbList","@id":"https:\/\/www.eldigitaldeasturias.com\/noticias\/el-senado-rechaza-en-comision-los-vetos-a-la-ley-de-proteccion-de-empleo-parcial\/#breadcrumblist","itemListElement":[{"@type":"ListItem","@id":"https:\/\/www.eldigitaldeasturias.com\/noticias#listItem","position":1,"name":"Home","item":"https:\/\/www.eldigitaldeasturias.com\/noticias","nextItem":{"@type":"ListItem","@id":"https:\/\/www.eldigitaldeasturias.com\/noticias\/category\/actualidad\/#listItem","name":"Actualidad"}},{"@type":"ListItem","@id":"https:\/\/www.eldigitaldeasturias.com\/noticias\/category\/actualidad\/#listItem","position":2,"name":"Actualidad","item":"https:\/\/www.eldigitaldeasturias.com\/noticias\/category\/actualidad\/","nextItem":{"@type":"ListItem","@id":"https:\/\/www.eldigitaldeasturias.com\/noticias\/el-senado-rechaza-en-comision-los-vetos-a-la-ley-de-proteccion-de-empleo-parcial\/#listItem","name":"El Senado rechaza en Comisi\u00f3n los vetos a la ley de protecci\u00f3n de empleo parcial"},"previousItem":{"@type":"ListItem","@id":"https:\/\/www.eldigitaldeasturias.com\/noticias#listItem","name":"Home"}},{"@type":"ListItem","@id":"https:\/\/www.eldigitaldeasturias.com\/noticias\/el-senado-rechaza-en-comision-los-vetos-a-la-ley-de-proteccion-de-empleo-parcial\/#listItem","position":3,"name":"El Senado rechaza en Comisi\u00f3n los vetos a la ley de protecci\u00f3n de empleo parcial","previousItem":{"@type":"ListItem","@id":"https:\/\/www.eldigitaldeasturias.com\/noticias\/category\/actualidad\/#listItem","name":"Actualidad"}}]},{"@type":"Organization","@id":"https:\/\/www.eldigitaldeasturias.com\/noticias\/#organization","name":"El Digital de Asturias","description":"Hemeroteca","url":"https:\/\/www.eldigitaldeasturias.com\/noticias\/","email":"info@eldigitaldeasturias.com","telephone":"+34652131393","logo":{"@type":"ImageObject","url":"https:\/\/www.eldigitaldeasturias.com\/noticias\/wp-content\/uploads\/2020\/12\/EDA.jpg","@id":"https:\/\/www.eldigitaldeasturias.com\/noticias\/el-senado-rechaza-en-comision-los-vetos-a-la-ley-de-proteccion-de-empleo-parcial\/#organizationLogo"},"image":{"@id":"https:\/\/www.eldigitaldeasturias.com\/noticias\/el-senado-rechaza-en-comision-los-vetos-a-la-ley-de-proteccion-de-empleo-parcial\/#organizationLogo"},"sameAs":["https:\/\/facebook.com\/eldigitaldeasturias","https:\/\/www.youtube.com\/channel\/UCZP-2wLEB9Rv6erhFmqVnvg"],"address":{"@id":"https:\/\/www.eldigitaldeasturias.com\/noticias\/#postaladdress","@type":"PostalAddress","streetAddress":"san antonio 4","postalCode":"33430","addressLocality":"Cand\u00e1s","addressRegion":"Asturias","addressCountry":"ES"}},{"@type":"Person","@id":"https:\/\/www.eldigitaldeasturias.com\/noticias\/author\/admin\/#author","url":"https:\/\/www.eldigitaldeasturias.com\/noticias\/author\/admin\/","name":"El Digital de Asturias","image":{"@type":"ImageObject","@id":"https:\/\/www.eldigitaldeasturias.com\/noticias\/el-senado-rechaza-en-comision-los-vetos-a-la-ley-de-proteccion-de-empleo-parcial\/#authorImage","url":"https:\/\/secure.gravatar.com\/avatar\/df2aeffc32bcd13f8d26072ef8a91b623d677766deac7f97ca815868cd41bf5e?s=96&d=mm&r=g","width":96,"height":96,"caption":"El Digital de Asturias"}},{"@type":"WebPage","@id":"https:\/\/www.eldigitaldeasturias.com\/noticias\/el-senado-rechaza-en-comision-los-vetos-a-la-ley-de-proteccion-de-empleo-parcial\/#webpage","url":"https:\/\/www.eldigitaldeasturias.com\/noticias\/el-senado-rechaza-en-comision-los-vetos-a-la-ley-de-proteccion-de-empleo-parcial\/","name":"El Senado rechaza en Comisi\u00f3n los vetos a la ley de protecci\u00f3n de empleo parcial - El Digital de Asturias","description":"Madrid, 5 feb (EFE).- La Comisi\u00f3n de Empleo del Senado ha rechazado hoy los vetos planteados por el Grupo Parlamentario Mixto y por el Grupo Entesa pel Progr\u00e9s de Catalunya al proyecto de ley para la protecci\u00f3n de los trabajadores a tiempo parcial. El texto del proyecto de Ley ha sido aprobado con la incorporaci\u00f3n","inLanguage":"es-ES","isPartOf":{"@id":"https:\/\/www.eldigitaldeasturias.com\/noticias\/#website"},"breadcrumb":{"@id":"https:\/\/www.eldigitaldeasturias.com\/noticias\/el-senado-rechaza-en-comision-los-vetos-a-la-ley-de-proteccion-de-empleo-parcial\/#breadcrumblist"},"author":{"@id":"https:\/\/www.eldigitaldeasturias.com\/noticias\/author\/admin\/#author"},"creator":{"@id":"https:\/\/www.eldigitaldeasturias.com\/noticias\/author\/admin\/#author"},"image":{"@type":"ImageObject","url":484247,"@id":"https:\/\/www.eldigitaldeasturias.com\/noticias\/el-senado-rechaza-en-comision-los-vetos-a-la-ley-de-proteccion-de-empleo-parcial\/#mainImage"},"primaryImageOfPage":{"@id":"https:\/\/www.eldigitaldeasturias.com\/noticias\/el-senado-rechaza-en-comision-los-vetos-a-la-ley-de-proteccion-de-empleo-parcial\/#mainImage"},"datePublished":"2014-02-05T23:04:36+01:00","dateModified":"2014-02-05T23:04:36+01:00"},{"@type":"WebSite","@id":"https:\/\/www.eldigitaldeasturias.com\/noticias\/#website","url":"https:\/\/www.eldigitaldeasturias.com\/noticias\/","name":"El Digital de Asturias - Diario de actualidad y noticias","alternateName":"El Digital de Asturias - Diario de actualidad y noticias","description":"Hemeroteca","inLanguage":"es-ES","publisher":{"@id":"https:\/\/www.eldigitaldeasturias.com\/noticias\/#organization"}}]},"og:locale":"es_ES","og:site_name":"El Digital de Asturias","og:type":"article","og:title":"El Senado rechaza en Comisi\u00f3n los vetos a la ley de protecci\u00f3n de empleo parcial - El Digital de Asturias","og:description":"Madrid, 5 feb (EFE).- La Comisi\u00f3n de Empleo del Senado ha rechazado hoy los vetos planteados por el Grupo Parlamentario Mixto y por el Grupo Entesa pel Progr\u00e9s de Catalunya al proyecto de ley para la protecci\u00f3n de los trabajadores a tiempo parcial. El texto del proyecto de Ley ha sido aprobado con la incorporaci\u00f3n","og:url":"https:\/\/www.eldigitaldeasturias.com\/noticias\/el-senado-rechaza-en-comision-los-vetos-a-la-ley-de-proteccion-de-empleo-parcial\/","article:tag":["actualidad"],"article:published_time":"2014-02-06T00:04:36+00:00","article:modified_time":"2014-02-06T00:04:36+00:00","article:publisher":"https:\/\/facebook.com\/eldigitaldeasturias","twitter:card":"summary_large_image","twitter:title":"El Senado rechaza en Comisi\u00f3n los vetos a la ley de protecci\u00f3n de empleo parcial - El Digital de Asturias","twitter:description":"Madrid, 5 feb (EFE).- La Comisi\u00f3n de Empleo del Senado ha rechazado hoy los vetos planteados por el Grupo Parlamentario Mixto y por el Grupo Entesa pel Progr\u00e9s de Catalunya al proyecto de ley para la protecci\u00f3n de los trabajadores a tiempo parcial. El texto del proyecto de Ley ha sido aprobado con la incorporaci\u00f3n","twitter:label1":"Escrito por","twitter:data1":"El Digital de Asturias","twitter:label2":"Tiempo de lectura estimado","twitter:data2":"4 minutos"},"aioseo_meta_data":{"post_id":"484246","title":null,"description":null,"keywords":null,"keyphrases":null,"primary_term":null,"canonical_url":null,"og_title":null,"og_description":null,"og_object_type":"default","og_image_type":"default","og_image_url":null,"og_image_width":null,"og_image_height":null,"og_image_custom_url":null,"og_image_custom_fields":null,"og_video":null,"og_custom_url":null,"og_article_section":null,"og_article_tags":null,"twitter_use_og":true,"twitter_card":"default","twitter_image_type":"default","twitter_image_url":null,"twitter_image_custom_url":null,"twitter_image_custom_fields":null,"twitter_title":null,"twitter_description":null,"schema":{"blockGraphs":[],"customGraphs":[],"default":{"data":{"Article":[],"Course":[],"Dataset":[],"FAQPage":[],"Movie":[],"Person":[],"Product":[],"ProductReview":[],"Car":[],"Recipe":[],"Service":[],"SoftwareApplication":[],"WebPage":[]},"graphName":"","isEnabled":true},"graphs":[],"defaultGraph":"","defaultPostTypeGraph":""},"schema_type":null,"schema_type_options":null,"pillar_content":false,"robots_default":true,"robots_noindex":false,"robots_noarchive":false,"robots_nosnippet":false,"robots_nofollow":false,"robots_noimageindex":false,"robots_noodp":false,"robots_notranslate":false,"robots_max_snippet":null,"robots_max_videopreview":null,"robots_max_imagepreview":"none","priority":null,"frequency":null,"local_seo":null,"seo_analyzer_scan_date":"2026-06-02 15:17:58","breadcrumb_settings":null,"limit_modified_date":false,"open_ai":null,"ai":null,"created":"2020-11-14 22:55:03","updated":"2026-06-02 15:17:58","focus_keyword":null,"additional_keywords":null,"truseo_locale":null},"aioseo_breadcrumb":"<div class=\"aioseo-breadcrumbs\"><span class=\"aioseo-breadcrumb\">\n\t<a href=\"https:\/\/www.eldigitaldeasturias.com\/noticias\" title=\"Home\">Home<\/a>\n<\/span><span class=\"aioseo-breadcrumb-separator\">\u2013<\/span><span class=\"aioseo-breadcrumb\">\n\t<a href=\"https:\/\/www.eldigitaldeasturias.com\/noticias\/category\/actualidad\/\" title=\"Actualidad\">Actualidad<\/a>\n<\/span><span class=\"aioseo-breadcrumb-separator\">\u2013<\/span><span class=\"aioseo-breadcrumb\">\n\t<a href=\"https:\/\/www.eldigitaldeasturias.com\/noticias\/el-senado-rechaza-en-comision-los-vetos-a-la-ley-de-proteccion-de-empleo-parcial\/\" title=\"El Senado rechaza en Comisi\u00f3n los vetos a la ley de protecci\u00f3n de empleo parcial\">El Senado rechaza en Comisi\u00f3n los vetos a la ley de protecci\u00f3n de empleo parcial<\/a>\n<\/span><\/div>","aioseo_breadcrumb_json":[{"label":"Home","link":"https:\/\/www.eldigitaldeasturias.com\/noticias"},{"label":"Actualidad","link":"https:\/\/www.eldigitaldeasturias.com\/noticias\/category\/actualidad\/"},{"label":"El Senado rechaza en Comisi\u00f3n los vetos a la ley de protecci\u00f3n de empleo parcial","link":"https:\/\/www.eldigitaldeasturias.com\/noticias\/el-senado-rechaza-en-comision-los-vetos-a-la-ley-de-proteccion-de-empleo-parcial\/"}],"_links":{"self":[{"href":"https:\/\/www.eldigitaldeasturias.com\/noticias\/wp-json\/wp\/v2\/posts\/484246","targetHints":{"allow":["GET"]}}],"collection":[{"href":"https:\/\/www.eldigitaldeasturias.com\/noticias\/wp-json\/wp\/v2\/posts"}],"about":[{"href":"https:\/\/www.eldigitaldeasturias.com\/noticias\/wp-json\/wp\/v2\/types\/post"}],"author":[{"embeddable":true,"href":"https:\/\/www.eldigitaldeasturias.com\/noticias\/wp-json\/wp\/v2\/users\/1"}],"replies":[{"embeddable":true,"href":"https:\/\/www.eldigitaldeasturias.com\/noticias\/wp-json\/wp\/v2\/comments?post=484246"}],"version-history":[{"count":0,"href":"https:\/\/www.eldigitaldeasturias.com\/noticias\/wp-json\/wp\/v2\/posts\/484246\/revisions"}],"wp:attachment":[{"href":"https:\/\/www.eldigitaldeasturias.com\/noticias\/wp-json\/wp\/v2\/media?parent=484246"}],"wp:term":[{"taxonomy":"category","embeddable":true,"href":"https:\/\/www.eldigitaldeasturias.com\/noticias\/wp-json\/wp\/v2\/categories?post=484246"},{"taxonomy":"post_tag","embeddable":true,"href":"https:\/\/www.eldigitaldeasturias.com\/noticias\/wp-json\/wp\/v2\/tags?post=484246"}],"curies":[{"name":"wp","href":"https:\/\/api.w.org\/{rel}","templated":true}]}}