{"id":484237,"date":"2014-02-05T23:01:44","date_gmt":"2014-02-06T00:01:44","guid":{"rendered":"http:\/\/www.eldigitaldeasturias.com\/noticias\/?p=484237"},"modified":"2014-02-05T23:01:44","modified_gmt":"2014-02-06T00:01:44","slug":"rakitic-opina-que-nunca-es-un-buen-dia-para-jugar-contra-el-barcelona","status":"publish","type":"post","link":"https:\/\/www.eldigitaldeasturias.com\/noticias\/rakitic-opina-que-nunca-es-un-buen-dia-para-jugar-contra-el-barcelona\/","title":{"rendered":"Rakitic opina que \u00abnunca es un buen d\u00eda para jugar contra el Barcelona\u00bb"},"content":{"rendered":"<p><img loading=\"lazy\" decoding=\"async\" class=\"alignleft size-medium wp-image-484238\" alt=\"5912447w\" src=\"https:\/\/www.eldigitaldeasturias.com\/noticias\/wp-content\/uploads\/2014\/02\/5912447w-360x239.jpg\" width=\"360\" height=\"239\" \/>Sevilla, 5 feb (EFE).- El centrocampista croata del Sevilla Iv\u00e1n Rakitic ha asegurado hoy que \u00abnunca es un buen d\u00eda para jugar contra el Barcelona\u00bb, al que los sevillista se enfrentan el domingo.<\/p>\n<p>En conferencia de prensa, el croata ha recordado que el Barcelona, tras su derrota del pasado s\u00e1bado \u00abya no va primero y tiene un poco m\u00e1s de presi\u00f3n\u00bb por lo que los sevillistas se plantean \u00abal estar en casa, ser fuertes e ir a por ellos\u00bb.<\/p>\n<p>Tras ser distinguido como el mejor jugador de la Liga BBVA del mes de enero, Rakitic ha indicado que se tata de \u00abun premio muy bonito e importante\u00bb y quiso dar \u00ablas gracias a los compa\u00f1eros y al t\u00e9cnico, porque sin ellos no podr\u00eda tener este premio\u00bb, lo que supone \u00abuna motivaci\u00f3n m\u00e1s para seguir trabajando\u00bb.<\/p>\n<p>El futbolista de origen suizo ha admitido que las negociaciones para su renovaci\u00f3n \u00absiguen igual\u00bb a la espera de que su hermano y representante venga \u00abpara ac\u00e1 y se siente otra vez a ver si se puede avanzar algo m\u00e1s\u00bb, pues las posturas se han \u00abacercado en las \u00faltimas reuniones\u00bb.<\/p>\n<p>\u00abNo tengo mucha prisa, me queda un a\u00f1o y medio, y no hay preocupaci\u00f3n ni nada. Estamos muy contentos el uno con el otro\u00bb, ha a\u00f1adido Rakitic quien es consciente de que \u00abel presupuesto no es igual que hace cinco a\u00f1os\u00bb por lo que no desea \u00abcobrar como lo hac\u00edan Kanout\u00e9 o Negredo porque eran tiempos diferentes para todos\u00bb.<\/p>\n<p>\u00abMe siento bien y c\u00f3modo y os puedo asegurar que lo primero no es el dinero. Hay jugadores que se van a un sitio que no les gusta y ni saben d\u00f3nde est\u00e1n. Eso no tiene importancia y s\u00ed lo deportivo\u00bb, ha asegurado.<\/p>\n<p>Sobre posibles ofertas de equipos grandes que se han interesado por \u00e9l, como el Atl\u00e9tico de Madrid o el Par\u00eds Saint-Germain, Rakitic se pregunt\u00f3 si militar en ellos, \u00ab\u00bfes m\u00e1s bonito que jugar en el Sevilla? Lo importante es sentirse c\u00f3modo\u00bb, de modo que remiti\u00f3 \u00abal que tenga inter\u00e9s, que llame al presidente y que se haga lo mejor para todos\u00bb.<\/p>\n<p>Pese a haber sumado s\u00f3lo dos de los \u00faltimos doce puntos, Rakitic ha vaticinado que el Sevilla \u00abestar\u00e1 arriba\u00bb y que pese a la mala racha de resultados, \u00abnunca debe olvidarse\u00bb la aspiraci\u00f3n de jugar la Liga de Campeones porque \u00absiempre es importante tener el objetivo lo m\u00e1s alto que se pueda\u00bb.<\/p>\n<p>El futbolista balc\u00e1nico tuvo un roce el pasado s\u00e1bado con el entrenador M\u00e1laga, Bernd Schuster, quien le dio \u00abun empuj\u00f3n\u00bb, si bien mostr\u00f3 su \u00abrespeto\u00bb por el t\u00e9cnico alem\u00e1n pues le \u00abgusta un entrenador as\u00ed porque la li\u00f3 para el bien de su equipo\u00bb y se trata de un incidente que \u00abno se debe dramatizar, se vive el f\u00fatbol al cien por cien\u00bb.<\/p>\n<p>\u00abLo pasado, pasado est\u00e1. Schuster se fue a su casa con una sonrisa y nosotros no\u00bb, zanj\u00f3.<\/p>\n<p>Rakitic, capit\u00e1n del plantel sevillista, tuvo elogios para los reci\u00e9n salidos Perotti y Cala, quienes \u00abhan puesto cosas bonitas en la pizarra del vestuario para despedirse\u00bb, y a quienes desea \u00ablo mejor del mundo\u00bb.<\/p>\n","protected":false},"excerpt":{"rendered":"<p>Sevilla, 5 feb (EFE).- El centrocampista croata del Sevilla Iv\u00e1n Rakitic ha asegurado hoy que \u00abnunca es un buen d\u00eda para jugar contra el Barcelona\u00bb, al que los sevillista se enfrentan el domingo. En conferencia de prensa, el croata ha recordado que el Barcelona, tras su derrota del pasado s\u00e1bado \u00abya no va primero y [&hellip;]<\/p>\n","protected":false},"author":1,"featured_media":484238,"comment_status":"closed","ping_status":"open","sticky":false,"template":"","format":"standard","meta":{"footnotes":""},"categories":[1],"tags":[],"class_list":["post-484237","post","type-post","status-publish","format-standard","has-post-thumbnail","hentry","category-actualidad"],"aioseo_notices":[],"aioseo_head":"\n\t\t<!-- All in One SEO Pro 5.0.1 - aioseo.com -->\n\t<meta name=\"description\" content=\"Sevilla, 5 feb (EFE).- El centrocampista croata del Sevilla Iv\u00e1n Rakitic ha asegurado hoy que &quot;nunca es un buen d\u00eda para jugar contra el Barcelona&quot;, al que los sevillista se enfrentan el domingo. En conferencia de prensa, el croata ha recordado que el Barcelona, tras su derrota del pasado s\u00e1bado &quot;ya no va primero y\" \/>\n\t<meta name=\"robots\" content=\"max-image-preview:large\" \/>\n\t<meta name=\"author\" content=\"El Digital de Asturias\"\/>\n\t<meta name=\"google-site-verification\" content=\"UA-38556648-1\" \/>\n\t<meta name=\"msvalidate.01\" content=\"7dfe9f3f1b24437ab69f4f2559babe99\" \/>\n\t<meta name=\"keywords\" content=\"actualidad\" \/>\n\t<link rel=\"canonical\" href=\"https:\/\/www.eldigitaldeasturias.com\/noticias\/rakitic-opina-que-nunca-es-un-buen-dia-para-jugar-contra-el-barcelona\/\" \/>\n\t<meta name=\"generator\" content=\"All in One SEO Pro (AIOSEO) 5.0.1\" \/>\n\t\t<meta property=\"og:locale\" content=\"es_ES\" \/>\n\t\t<meta property=\"og:site_name\" content=\"El Digital de Asturias\" \/>\n\t\t<meta property=\"og:type\" content=\"article\" \/>\n\t\t<meta property=\"og:title\" content=\"Rakitic opina que \u00abnunca es un buen d\u00eda para jugar contra el Barcelona\u00bb - El Digital de Asturias\" \/>\n\t\t<meta property=\"og:description\" content=\"Sevilla, 5 feb (EFE).- El centrocampista croata del Sevilla Iv\u00e1n Rakitic ha asegurado hoy que &quot;nunca es un buen d\u00eda para jugar contra el Barcelona&quot;, al que los sevillista se enfrentan el domingo. En conferencia de prensa, el croata ha recordado que el Barcelona, tras su derrota del pasado s\u00e1bado &quot;ya no va primero y\" \/>\n\t\t<meta property=\"og:url\" content=\"https:\/\/www.eldigitaldeasturias.com\/noticias\/rakitic-opina-que-nunca-es-un-buen-dia-para-jugar-contra-el-barcelona\/\" \/>\n\t\t<meta property=\"article:tag\" content=\"actualidad\" \/>\n\t\t<meta property=\"article:published_time\" content=\"2014-02-06T00:01:44+00:00\" \/>\n\t\t<meta property=\"article:modified_time\" content=\"2014-02-06T00:01:44+00:00\" \/>\n\t\t<meta property=\"article:publisher\" content=\"https:\/\/facebook.com\/eldigitaldeasturias\" \/>\n\t\t<meta name=\"twitter:card\" content=\"summary_large_image\" \/>\n\t\t<meta name=\"twitter:title\" content=\"Rakitic opina que \u00abnunca es un buen d\u00eda para jugar contra el Barcelona\u00bb - El Digital de Asturias\" \/>\n\t\t<meta name=\"twitter:description\" content=\"Sevilla, 5 feb (EFE).- El centrocampista croata del Sevilla Iv\u00e1n Rakitic ha asegurado hoy que &quot;nunca es un buen d\u00eda para jugar contra el Barcelona&quot;, al que los sevillista se enfrentan el domingo. En conferencia de prensa, el croata ha recordado que el Barcelona, tras su derrota del pasado s\u00e1bado &quot;ya no va primero y\" \/>\n\t\t<meta name=\"twitter:label1\" content=\"Escrito por\" \/>\n\t\t<meta name=\"twitter:data1\" content=\"El Digital de Asturias\" \/>\n\t\t<meta name=\"twitter:label2\" content=\"Tiempo de lectura estimado\" \/>\n\t\t<meta name=\"twitter:data2\" content=\"3 minutos\" \/>\n\t\t<script type=\"application\/ld+json\" class=\"aioseo-schema\">\n\t\t\t{\"@context\":\"https:\\\/\\\/schema.org\",\"@graph\":[{\"@type\":\"BlogPosting\",\"@id\":\"https:\\\/\\\/www.eldigitaldeasturias.com\\\/noticias\\\/rakitic-opina-que-nunca-es-un-buen-dia-para-jugar-contra-el-barcelona\\\/#blogposting\",\"name\":\"Rakitic opina que \\u00abnunca es un buen d\\u00eda para jugar contra el Barcelona\\u00bb - El Digital de Asturias\",\"headline\":\"Rakitic opina que \\u00abnunca es un buen d\\u00eda para jugar contra el Barcelona\\u00bb\",\"author\":{\"@id\":\"https:\\\/\\\/www.eldigitaldeasturias.com\\\/noticias\\\/author\\\/admin\\\/#author\"},\"publisher\":{\"@id\":\"https:\\\/\\\/www.eldigitaldeasturias.com\\\/noticias\\\/#organization\"},\"image\":{\"@type\":\"ImageObject\",\"url\":484238},\"datePublished\":\"2014-02-05T23:01:44+01:00\",\"dateModified\":\"2014-02-05T23:01:44+01:00\",\"inLanguage\":\"es-ES\",\"mainEntityOfPage\":{\"@id\":\"https:\\\/\\\/www.eldigitaldeasturias.com\\\/noticias\\\/rakitic-opina-que-nunca-es-un-buen-dia-para-jugar-contra-el-barcelona\\\/#webpage\"},\"isPartOf\":{\"@id\":\"https:\\\/\\\/www.eldigitaldeasturias.com\\\/noticias\\\/rakitic-opina-que-nunca-es-un-buen-dia-para-jugar-contra-el-barcelona\\\/#webpage\"},\"articleSection\":\"Actualidad\"},{\"@type\":\"BreadcrumbList\",\"@id\":\"https:\\\/\\\/www.eldigitaldeasturias.com\\\/noticias\\\/rakitic-opina-que-nunca-es-un-buen-dia-para-jugar-contra-el-barcelona\\\/#breadcrumblist\",\"itemListElement\":[{\"@type\":\"ListItem\",\"@id\":\"https:\\\/\\\/www.eldigitaldeasturias.com\\\/noticias#listItem\",\"position\":1,\"name\":\"Home\",\"item\":\"https:\\\/\\\/www.eldigitaldeasturias.com\\\/noticias\",\"nextItem\":{\"@type\":\"ListItem\",\"@id\":\"https:\\\/\\\/www.eldigitaldeasturias.com\\\/noticias\\\/category\\\/actualidad\\\/#listItem\",\"name\":\"Actualidad\"}},{\"@type\":\"ListItem\",\"@id\":\"https:\\\/\\\/www.eldigitaldeasturias.com\\\/noticias\\\/category\\\/actualidad\\\/#listItem\",\"position\":2,\"name\":\"Actualidad\",\"item\":\"https:\\\/\\\/www.eldigitaldeasturias.com\\\/noticias\\\/category\\\/actualidad\\\/\",\"nextItem\":{\"@type\":\"ListItem\",\"@id\":\"https:\\\/\\\/www.eldigitaldeasturias.com\\\/noticias\\\/rakitic-opina-que-nunca-es-un-buen-dia-para-jugar-contra-el-barcelona\\\/#listItem\",\"name\":\"Rakitic opina que \\u00abnunca es un buen d\\u00eda para jugar contra el Barcelona\\u00bb\"},\"previousItem\":{\"@type\":\"ListItem\",\"@id\":\"https:\\\/\\\/www.eldigitaldeasturias.com\\\/noticias#listItem\",\"name\":\"Home\"}},{\"@type\":\"ListItem\",\"@id\":\"https:\\\/\\\/www.eldigitaldeasturias.com\\\/noticias\\\/rakitic-opina-que-nunca-es-un-buen-dia-para-jugar-contra-el-barcelona\\\/#listItem\",\"position\":3,\"name\":\"Rakitic opina que \\u00abnunca es un buen d\\u00eda para jugar contra el Barcelona\\u00bb\",\"previousItem\":{\"@type\":\"ListItem\",\"@id\":\"https:\\\/\\\/www.eldigitaldeasturias.com\\\/noticias\\\/category\\\/actualidad\\\/#listItem\",\"name\":\"Actualidad\"}}]},{\"@type\":\"Organization\",\"@id\":\"https:\\\/\\\/www.eldigitaldeasturias.com\\\/noticias\\\/#organization\",\"name\":\"El Digital de Asturias\",\"description\":\"Hemeroteca\",\"url\":\"https:\\\/\\\/www.eldigitaldeasturias.com\\\/noticias\\\/\",\"email\":\"info@eldigitaldeasturias.com\",\"telephone\":\"+34652131393\",\"logo\":{\"@type\":\"ImageObject\",\"url\":\"https:\\\/\\\/www.eldigitaldeasturias.com\\\/noticias\\\/wp-content\\\/uploads\\\/2020\\\/12\\\/EDA.jpg\",\"@id\":\"https:\\\/\\\/www.eldigitaldeasturias.com\\\/noticias\\\/rakitic-opina-que-nunca-es-un-buen-dia-para-jugar-contra-el-barcelona\\\/#organizationLogo\"},\"image\":{\"@id\":\"https:\\\/\\\/www.eldigitaldeasturias.com\\\/noticias\\\/rakitic-opina-que-nunca-es-un-buen-dia-para-jugar-contra-el-barcelona\\\/#organizationLogo\"},\"sameAs\":[\"https:\\\/\\\/facebook.com\\\/eldigitaldeasturias\",\"https:\\\/\\\/www.youtube.com\\\/channel\\\/UCZP-2wLEB9Rv6erhFmqVnvg\"],\"address\":{\"@id\":\"https:\\\/\\\/www.eldigitaldeasturias.com\\\/noticias\\\/#postaladdress\",\"@type\":\"PostalAddress\",\"streetAddress\":\"san antonio 4\",\"postalCode\":\"33430\",\"addressLocality\":\"Cand\\u00e1s\",\"addressRegion\":\"Asturias\",\"addressCountry\":\"ES\"}},{\"@type\":\"Person\",\"@id\":\"https:\\\/\\\/www.eldigitaldeasturias.com\\\/noticias\\\/author\\\/admin\\\/#author\",\"url\":\"https:\\\/\\\/www.eldigitaldeasturias.com\\\/noticias\\\/author\\\/admin\\\/\",\"name\":\"El Digital de Asturias\",\"image\":{\"@type\":\"ImageObject\",\"@id\":\"https:\\\/\\\/www.eldigitaldeasturias.com\\\/noticias\\\/rakitic-opina-que-nunca-es-un-buen-dia-para-jugar-contra-el-barcelona\\\/#authorImage\",\"url\":\"https:\\\/\\\/secure.gravatar.com\\\/avatar\\\/df2aeffc32bcd13f8d26072ef8a91b623d677766deac7f97ca815868cd41bf5e?s=96&d=mm&r=g\",\"width\":96,\"height\":96,\"caption\":\"El Digital de Asturias\"}},{\"@type\":\"WebPage\",\"@id\":\"https:\\\/\\\/www.eldigitaldeasturias.com\\\/noticias\\\/rakitic-opina-que-nunca-es-un-buen-dia-para-jugar-contra-el-barcelona\\\/#webpage\",\"url\":\"https:\\\/\\\/www.eldigitaldeasturias.com\\\/noticias\\\/rakitic-opina-que-nunca-es-un-buen-dia-para-jugar-contra-el-barcelona\\\/\",\"name\":\"Rakitic opina que \\u00abnunca es un buen d\\u00eda para jugar contra el Barcelona\\u00bb - El Digital de Asturias\",\"description\":\"Sevilla, 5 feb (EFE).- El centrocampista croata del Sevilla Iv\\u00e1n Rakitic ha asegurado hoy que \\\"nunca es un buen d\\u00eda para jugar contra el Barcelona\\\", al que los sevillista se enfrentan el domingo. En conferencia de prensa, el croata ha recordado que el Barcelona, tras su derrota del pasado s\\u00e1bado \\\"ya no va primero y\",\"inLanguage\":\"es-ES\",\"isPartOf\":{\"@id\":\"https:\\\/\\\/www.eldigitaldeasturias.com\\\/noticias\\\/#website\"},\"breadcrumb\":{\"@id\":\"https:\\\/\\\/www.eldigitaldeasturias.com\\\/noticias\\\/rakitic-opina-que-nunca-es-un-buen-dia-para-jugar-contra-el-barcelona\\\/#breadcrumblist\"},\"author\":{\"@id\":\"https:\\\/\\\/www.eldigitaldeasturias.com\\\/noticias\\\/author\\\/admin\\\/#author\"},\"creator\":{\"@id\":\"https:\\\/\\\/www.eldigitaldeasturias.com\\\/noticias\\\/author\\\/admin\\\/#author\"},\"image\":{\"@type\":\"ImageObject\",\"url\":484238,\"@id\":\"https:\\\/\\\/www.eldigitaldeasturias.com\\\/noticias\\\/rakitic-opina-que-nunca-es-un-buen-dia-para-jugar-contra-el-barcelona\\\/#mainImage\"},\"primaryImageOfPage\":{\"@id\":\"https:\\\/\\\/www.eldigitaldeasturias.com\\\/noticias\\\/rakitic-opina-que-nunca-es-un-buen-dia-para-jugar-contra-el-barcelona\\\/#mainImage\"},\"datePublished\":\"2014-02-05T23:01:44+01:00\",\"dateModified\":\"2014-02-05T23:01:44+01:00\"},{\"@type\":\"WebSite\",\"@id\":\"https:\\\/\\\/www.eldigitaldeasturias.com\\\/noticias\\\/#website\",\"url\":\"https:\\\/\\\/www.eldigitaldeasturias.com\\\/noticias\\\/\",\"name\":\"El Digital de Asturias - Diario de actualidad y noticias\",\"alternateName\":\"El Digital de Asturias - Diario de actualidad y noticias\",\"description\":\"Hemeroteca\",\"inLanguage\":\"es-ES\",\"publisher\":{\"@id\":\"https:\\\/\\\/www.eldigitaldeasturias.com\\\/noticias\\\/#organization\"}}]}\n\t\t<\/script>\n\t\t<!-- All in One SEO Pro -->\r\n\t\t<title>Rakitic opina que \u00abnunca es un buen d\u00eda para jugar contra el Barcelona\u00bb - El Digital de Asturias<\/title>\n\n","aioseo_head_json":{"title":"Rakitic opina que \u00abnunca es un buen d\u00eda para jugar contra el Barcelona\u00bb - El Digital de Asturias","description":"Sevilla, 5 feb (EFE).- El centrocampista croata del Sevilla Iv\u00e1n Rakitic ha asegurado hoy que \"nunca es un buen d\u00eda para jugar contra el Barcelona\", al que los sevillista se enfrentan el domingo. En conferencia de prensa, el croata ha recordado que el Barcelona, tras su derrota del pasado s\u00e1bado \"ya no va primero y","canonical_url":"https:\/\/www.eldigitaldeasturias.com\/noticias\/rakitic-opina-que-nunca-es-un-buen-dia-para-jugar-contra-el-barcelona\/","robots":"max-image-preview:large","keywords":"actualidad","webmasterTools":{"google-site-verification":"UA-38556648-1","msvalidate.01":"7dfe9f3f1b24437ab69f4f2559babe99","miscellaneous":""},"schema":{"@context":"https:\/\/schema.org","@graph":[{"@type":"BlogPosting","@id":"https:\/\/www.eldigitaldeasturias.com\/noticias\/rakitic-opina-que-nunca-es-un-buen-dia-para-jugar-contra-el-barcelona\/#blogposting","name":"Rakitic opina que \u00abnunca es un buen d\u00eda para jugar contra el Barcelona\u00bb - El Digital de Asturias","headline":"Rakitic opina que \u00abnunca es un buen d\u00eda para jugar contra el Barcelona\u00bb","author":{"@id":"https:\/\/www.eldigitaldeasturias.com\/noticias\/author\/admin\/#author"},"publisher":{"@id":"https:\/\/www.eldigitaldeasturias.com\/noticias\/#organization"},"image":{"@type":"ImageObject","url":484238},"datePublished":"2014-02-05T23:01:44+01:00","dateModified":"2014-02-05T23:01:44+01:00","inLanguage":"es-ES","mainEntityOfPage":{"@id":"https:\/\/www.eldigitaldeasturias.com\/noticias\/rakitic-opina-que-nunca-es-un-buen-dia-para-jugar-contra-el-barcelona\/#webpage"},"isPartOf":{"@id":"https:\/\/www.eldigitaldeasturias.com\/noticias\/rakitic-opina-que-nunca-es-un-buen-dia-para-jugar-contra-el-barcelona\/#webpage"},"articleSection":"Actualidad"},{"@type":"BreadcrumbList","@id":"https:\/\/www.eldigitaldeasturias.com\/noticias\/rakitic-opina-que-nunca-es-un-buen-dia-para-jugar-contra-el-barcelona\/#breadcrumblist","itemListElement":[{"@type":"ListItem","@id":"https:\/\/www.eldigitaldeasturias.com\/noticias#listItem","position":1,"name":"Home","item":"https:\/\/www.eldigitaldeasturias.com\/noticias","nextItem":{"@type":"ListItem","@id":"https:\/\/www.eldigitaldeasturias.com\/noticias\/category\/actualidad\/#listItem","name":"Actualidad"}},{"@type":"ListItem","@id":"https:\/\/www.eldigitaldeasturias.com\/noticias\/category\/actualidad\/#listItem","position":2,"name":"Actualidad","item":"https:\/\/www.eldigitaldeasturias.com\/noticias\/category\/actualidad\/","nextItem":{"@type":"ListItem","@id":"https:\/\/www.eldigitaldeasturias.com\/noticias\/rakitic-opina-que-nunca-es-un-buen-dia-para-jugar-contra-el-barcelona\/#listItem","name":"Rakitic opina que \u00abnunca es un buen d\u00eda para jugar contra el Barcelona\u00bb"},"previousItem":{"@type":"ListItem","@id":"https:\/\/www.eldigitaldeasturias.com\/noticias#listItem","name":"Home"}},{"@type":"ListItem","@id":"https:\/\/www.eldigitaldeasturias.com\/noticias\/rakitic-opina-que-nunca-es-un-buen-dia-para-jugar-contra-el-barcelona\/#listItem","position":3,"name":"Rakitic opina que \u00abnunca es un buen d\u00eda para jugar contra el Barcelona\u00bb","previousItem":{"@type":"ListItem","@id":"https:\/\/www.eldigitaldeasturias.com\/noticias\/category\/actualidad\/#listItem","name":"Actualidad"}}]},{"@type":"Organization","@id":"https:\/\/www.eldigitaldeasturias.com\/noticias\/#organization","name":"El Digital de Asturias","description":"Hemeroteca","url":"https:\/\/www.eldigitaldeasturias.com\/noticias\/","email":"info@eldigitaldeasturias.com","telephone":"+34652131393","logo":{"@type":"ImageObject","url":"https:\/\/www.eldigitaldeasturias.com\/noticias\/wp-content\/uploads\/2020\/12\/EDA.jpg","@id":"https:\/\/www.eldigitaldeasturias.com\/noticias\/rakitic-opina-que-nunca-es-un-buen-dia-para-jugar-contra-el-barcelona\/#organizationLogo"},"image":{"@id":"https:\/\/www.eldigitaldeasturias.com\/noticias\/rakitic-opina-que-nunca-es-un-buen-dia-para-jugar-contra-el-barcelona\/#organizationLogo"},"sameAs":["https:\/\/facebook.com\/eldigitaldeasturias","https:\/\/www.youtube.com\/channel\/UCZP-2wLEB9Rv6erhFmqVnvg"],"address":{"@id":"https:\/\/www.eldigitaldeasturias.com\/noticias\/#postaladdress","@type":"PostalAddress","streetAddress":"san antonio 4","postalCode":"33430","addressLocality":"Cand\u00e1s","addressRegion":"Asturias","addressCountry":"ES"}},{"@type":"Person","@id":"https:\/\/www.eldigitaldeasturias.com\/noticias\/author\/admin\/#author","url":"https:\/\/www.eldigitaldeasturias.com\/noticias\/author\/admin\/","name":"El Digital de Asturias","image":{"@type":"ImageObject","@id":"https:\/\/www.eldigitaldeasturias.com\/noticias\/rakitic-opina-que-nunca-es-un-buen-dia-para-jugar-contra-el-barcelona\/#authorImage","url":"https:\/\/secure.gravatar.com\/avatar\/df2aeffc32bcd13f8d26072ef8a91b623d677766deac7f97ca815868cd41bf5e?s=96&d=mm&r=g","width":96,"height":96,"caption":"El Digital de Asturias"}},{"@type":"WebPage","@id":"https:\/\/www.eldigitaldeasturias.com\/noticias\/rakitic-opina-que-nunca-es-un-buen-dia-para-jugar-contra-el-barcelona\/#webpage","url":"https:\/\/www.eldigitaldeasturias.com\/noticias\/rakitic-opina-que-nunca-es-un-buen-dia-para-jugar-contra-el-barcelona\/","name":"Rakitic opina que \u00abnunca es un buen d\u00eda para jugar contra el Barcelona\u00bb - El Digital de Asturias","description":"Sevilla, 5 feb (EFE).- El centrocampista croata del Sevilla Iv\u00e1n Rakitic ha asegurado hoy que \"nunca es un buen d\u00eda para jugar contra el Barcelona\", al que los sevillista se enfrentan el domingo. En conferencia de prensa, el croata ha recordado que el Barcelona, tras su derrota del pasado s\u00e1bado \"ya no va primero y","inLanguage":"es-ES","isPartOf":{"@id":"https:\/\/www.eldigitaldeasturias.com\/noticias\/#website"},"breadcrumb":{"@id":"https:\/\/www.eldigitaldeasturias.com\/noticias\/rakitic-opina-que-nunca-es-un-buen-dia-para-jugar-contra-el-barcelona\/#breadcrumblist"},"author":{"@id":"https:\/\/www.eldigitaldeasturias.com\/noticias\/author\/admin\/#author"},"creator":{"@id":"https:\/\/www.eldigitaldeasturias.com\/noticias\/author\/admin\/#author"},"image":{"@type":"ImageObject","url":484238,"@id":"https:\/\/www.eldigitaldeasturias.com\/noticias\/rakitic-opina-que-nunca-es-un-buen-dia-para-jugar-contra-el-barcelona\/#mainImage"},"primaryImageOfPage":{"@id":"https:\/\/www.eldigitaldeasturias.com\/noticias\/rakitic-opina-que-nunca-es-un-buen-dia-para-jugar-contra-el-barcelona\/#mainImage"},"datePublished":"2014-02-05T23:01:44+01:00","dateModified":"2014-02-05T23:01:44+01:00"},{"@type":"WebSite","@id":"https:\/\/www.eldigitaldeasturias.com\/noticias\/#website","url":"https:\/\/www.eldigitaldeasturias.com\/noticias\/","name":"El Digital de Asturias - Diario de actualidad y noticias","alternateName":"El Digital de Asturias - Diario de actualidad y noticias","description":"Hemeroteca","inLanguage":"es-ES","publisher":{"@id":"https:\/\/www.eldigitaldeasturias.com\/noticias\/#organization"}}]},"og:locale":"es_ES","og:site_name":"El Digital de Asturias","og:type":"article","og:title":"Rakitic opina que \u00abnunca es un buen d\u00eda para jugar contra el Barcelona\u00bb - El Digital de Asturias","og:description":"Sevilla, 5 feb (EFE).- El centrocampista croata del Sevilla Iv\u00e1n Rakitic ha asegurado hoy que &quot;nunca es un buen d\u00eda para jugar contra el Barcelona&quot;, al que los sevillista se enfrentan el domingo. En conferencia de prensa, el croata ha recordado que el Barcelona, tras su derrota del pasado s\u00e1bado &quot;ya no va primero y","og:url":"https:\/\/www.eldigitaldeasturias.com\/noticias\/rakitic-opina-que-nunca-es-un-buen-dia-para-jugar-contra-el-barcelona\/","article:tag":["actualidad"],"article:published_time":"2014-02-06T00:01:44+00:00","article:modified_time":"2014-02-06T00:01:44+00:00","article:publisher":"https:\/\/facebook.com\/eldigitaldeasturias","twitter:card":"summary_large_image","twitter:title":"Rakitic opina que \u00abnunca es un buen d\u00eda para jugar contra el Barcelona\u00bb - El Digital de Asturias","twitter:description":"Sevilla, 5 feb (EFE).- El centrocampista croata del Sevilla Iv\u00e1n Rakitic ha asegurado hoy que &quot;nunca es un buen d\u00eda para jugar contra el Barcelona&quot;, al que los sevillista se enfrentan el domingo. En conferencia de prensa, el croata ha recordado que el Barcelona, tras su derrota del pasado s\u00e1bado &quot;ya no va primero y","twitter:label1":"Escrito por","twitter:data1":"El Digital de Asturias","twitter:label2":"Tiempo de lectura estimado","twitter:data2":"3 minutos"},"aioseo_meta_data":{"post_id":"484237","title":null,"description":null,"keywords":null,"keyphrases":null,"primary_term":null,"canonical_url":null,"og_title":null,"og_description":null,"og_object_type":"default","og_image_type":"default","og_image_url":null,"og_image_width":null,"og_image_height":null,"og_image_custom_url":null,"og_image_custom_fields":null,"og_video":null,"og_custom_url":null,"og_article_section":null,"og_article_tags":null,"twitter_use_og":true,"twitter_card":"default","twitter_image_type":"default","twitter_image_url":null,"twitter_image_custom_url":null,"twitter_image_custom_fields":null,"twitter_title":null,"twitter_description":null,"schema":{"blockGraphs":[],"customGraphs":[],"default":{"data":{"Article":[],"Course":[],"Dataset":[],"FAQPage":[],"Movie":[],"Person":[],"Product":[],"ProductReview":[],"Car":[],"Recipe":[],"Service":[],"SoftwareApplication":[],"WebPage":[]},"graphName":"","isEnabled":true},"graphs":[],"defaultGraph":"","defaultPostTypeGraph":""},"schema_type":null,"schema_type_options":null,"pillar_content":false,"robots_default":true,"robots_noindex":false,"robots_noarchive":false,"robots_nosnippet":false,"robots_nofollow":false,"robots_noimageindex":false,"robots_noodp":false,"robots_notranslate":false,"robots_max_snippet":null,"robots_max_videopreview":null,"robots_max_imagepreview":"none","priority":null,"frequency":null,"local_seo":null,"seo_analyzer_scan_date":"2026-06-02 15:15:50","breadcrumb_settings":null,"limit_modified_date":false,"open_ai":null,"ai":null,"created":"2020-11-14 22:55:03","updated":"2026-06-02 15:15:50","focus_keyword":null,"additional_keywords":null,"truseo_locale":null},"aioseo_breadcrumb":"<div class=\"aioseo-breadcrumbs\"><span class=\"aioseo-breadcrumb\">\n\t<a href=\"https:\/\/www.eldigitaldeasturias.com\/noticias\" title=\"Home\">Home<\/a>\n<\/span><span class=\"aioseo-breadcrumb-separator\">\u2013<\/span><span class=\"aioseo-breadcrumb\">\n\t<a href=\"https:\/\/www.eldigitaldeasturias.com\/noticias\/category\/actualidad\/\" title=\"Actualidad\">Actualidad<\/a>\n<\/span><span class=\"aioseo-breadcrumb-separator\">\u2013<\/span><span class=\"aioseo-breadcrumb\">\n\t<a href=\"https:\/\/www.eldigitaldeasturias.com\/noticias\/rakitic-opina-que-nunca-es-un-buen-dia-para-jugar-contra-el-barcelona\/\" title=\"Rakitic opina que \u00abnunca es un buen d\u00eda para jugar contra el Barcelona\u00bb\">Rakitic opina que \u00abnunca es un buen d\u00eda para jugar contra el Barcelona\u00bb<\/a>\n<\/span><\/div>","aioseo_breadcrumb_json":[{"label":"Home","link":"https:\/\/www.eldigitaldeasturias.com\/noticias"},{"label":"Actualidad","link":"https:\/\/www.eldigitaldeasturias.com\/noticias\/category\/actualidad\/"},{"label":"Rakitic opina que \u00abnunca es un buen d\u00eda para jugar contra el Barcelona\u00bb","link":"https:\/\/www.eldigitaldeasturias.com\/noticias\/rakitic-opina-que-nunca-es-un-buen-dia-para-jugar-contra-el-barcelona\/"}],"_links":{"self":[{"href":"https:\/\/www.eldigitaldeasturias.com\/noticias\/wp-json\/wp\/v2\/posts\/484237","targetHints":{"allow":["GET"]}}],"collection":[{"href":"https:\/\/www.eldigitaldeasturias.com\/noticias\/wp-json\/wp\/v2\/posts"}],"about":[{"href":"https:\/\/www.eldigitaldeasturias.com\/noticias\/wp-json\/wp\/v2\/types\/post"}],"author":[{"embeddable":true,"href":"https:\/\/www.eldigitaldeasturias.com\/noticias\/wp-json\/wp\/v2\/users\/1"}],"replies":[{"embeddable":true,"href":"https:\/\/www.eldigitaldeasturias.com\/noticias\/wp-json\/wp\/v2\/comments?post=484237"}],"version-history":[{"count":0,"href":"https:\/\/www.eldigitaldeasturias.com\/noticias\/wp-json\/wp\/v2\/posts\/484237\/revisions"}],"wp:attachment":[{"href":"https:\/\/www.eldigitaldeasturias.com\/noticias\/wp-json\/wp\/v2\/media?parent=484237"}],"wp:term":[{"taxonomy":"category","embeddable":true,"href":"https:\/\/www.eldigitaldeasturias.com\/noticias\/wp-json\/wp\/v2\/categories?post=484237"},{"taxonomy":"post_tag","embeddable":true,"href":"https:\/\/www.eldigitaldeasturias.com\/noticias\/wp-json\/wp\/v2\/tags?post=484237"}],"curies":[{"name":"wp","href":"https:\/\/api.w.org\/{rel}","templated":true}]}}