{"id":484231,"date":"2014-02-05T23:00:07","date_gmt":"2014-02-06T00:00:07","guid":{"rendered":"http:\/\/www.eldigitaldeasturias.com\/noticias\/?p=484231"},"modified":"2014-02-05T23:00:07","modified_gmt":"2014-02-06T00:00:07","slug":"aumenta-la-preocupacion-por-la-corrupcion-segundo-problema-tras-el-paro-segun-el-cis","status":"publish","type":"post","link":"https:\/\/www.eldigitaldeasturias.com\/noticias\/aumenta-la-preocupacion-por-la-corrupcion-segundo-problema-tras-el-paro-segun-el-cis\/","title":{"rendered":"Aumenta la preocupaci\u00f3n por la corrupci\u00f3n, segundo problema tras el paro, seg\u00fan el CIS"},"content":{"rendered":"<p><img loading=\"lazy\" decoding=\"async\" class=\"alignleft size-medium wp-image-484232\" alt=\"5911833w\" src=\"https:\/\/www.eldigitaldeasturias.com\/noticias\/wp-content\/uploads\/2014\/02\/5911833w-360x248.jpg\" width=\"360\" height=\"248\" \/>Madrid, 5 feb (EFE).- La preocupaci\u00f3n ciudadana por la corrupci\u00f3n sigue aumentando y se mantiene como el segundo problema para los espa\u00f1oles tras el paro, seg\u00fan el bar\u00f3metro de enero del Centro de Investigaciones Sociol\u00f3gicas (CIS).<\/p>\n<p>As\u00ed, el desempleo supone el principal problema para la ciudadan\u00eda, pues lo citan el 78,5 por ciento, seguido de la corrupci\u00f3n y el fraude (39,5 %), los problemas econ\u00f3micos (30,5 %) y los pol\u00edticos y los partidos (26,9 %).<\/p>\n<p>Seg\u00fan la encuesta del CIS, la sanidad es la quinta inquietud para los ciudadanos, seguida de la educaci\u00f3n.<\/p>\n","protected":false},"excerpt":{"rendered":"<p>Madrid, 5 feb (EFE).- La preocupaci\u00f3n ciudadana por la corrupci\u00f3n sigue aumentando y se mantiene como el segundo problema para los espa\u00f1oles tras el paro, seg\u00fan el bar\u00f3metro de enero del Centro de Investigaciones Sociol\u00f3gicas (CIS). As\u00ed, el desempleo supone el principal problema para la ciudadan\u00eda, pues lo citan el 78,5 por ciento, seguido de [&hellip;]<\/p>\n","protected":false},"author":1,"featured_media":484232,"comment_status":"closed","ping_status":"open","sticky":false,"template":"","format":"standard","meta":{"footnotes":""},"categories":[1],"tags":[],"class_list":["post-484231","post","type-post","status-publish","format-standard","has-post-thumbnail","hentry","category-actualidad"],"aioseo_notices":[],"aioseo_head":"\n\t\t<!-- All in One SEO Pro 5.0.1 - aioseo.com -->\n\t<meta name=\"description\" content=\"Madrid, 5 feb (EFE).- La preocupaci\u00f3n ciudadana por la corrupci\u00f3n sigue aumentando y se mantiene como el segundo problema para los espa\u00f1oles tras el paro, seg\u00fan el bar\u00f3metro de enero del Centro de Investigaciones Sociol\u00f3gicas (CIS). As\u00ed, el desempleo supone el principal problema para la ciudadan\u00eda, pues lo citan el 78,5 por ciento, seguido de\" \/>\n\t<meta name=\"robots\" content=\"max-image-preview:large\" \/>\n\t<meta name=\"author\" content=\"El Digital de Asturias\"\/>\n\t<meta name=\"google-site-verification\" content=\"UA-38556648-1\" \/>\n\t<meta name=\"msvalidate.01\" content=\"7dfe9f3f1b24437ab69f4f2559babe99\" \/>\n\t<meta name=\"keywords\" content=\"actualidad\" \/>\n\t<link rel=\"canonical\" href=\"https:\/\/www.eldigitaldeasturias.com\/noticias\/aumenta-la-preocupacion-por-la-corrupcion-segundo-problema-tras-el-paro-segun-el-cis\/\" \/>\n\t<meta name=\"generator\" content=\"All in One SEO Pro (AIOSEO) 5.0.1\" \/>\n\t\t<meta property=\"og:locale\" content=\"es_ES\" \/>\n\t\t<meta property=\"og:site_name\" content=\"El Digital de Asturias\" \/>\n\t\t<meta property=\"og:type\" content=\"article\" \/>\n\t\t<meta property=\"og:title\" content=\"Aumenta la preocupaci\u00f3n por la corrupci\u00f3n, segundo problema tras el paro, seg\u00fan el CIS - El Digital de Asturias\" \/>\n\t\t<meta property=\"og:description\" content=\"Madrid, 5 feb (EFE).- La preocupaci\u00f3n ciudadana por la corrupci\u00f3n sigue aumentando y se mantiene como el segundo problema para los espa\u00f1oles tras el paro, seg\u00fan el bar\u00f3metro de enero del Centro de Investigaciones Sociol\u00f3gicas (CIS). As\u00ed, el desempleo supone el principal problema para la ciudadan\u00eda, pues lo citan el 78,5 por ciento, seguido de\" \/>\n\t\t<meta property=\"og:url\" content=\"https:\/\/www.eldigitaldeasturias.com\/noticias\/aumenta-la-preocupacion-por-la-corrupcion-segundo-problema-tras-el-paro-segun-el-cis\/\" \/>\n\t\t<meta property=\"article:tag\" content=\"actualidad\" \/>\n\t\t<meta property=\"article:published_time\" content=\"2014-02-06T00:00:07+00:00\" \/>\n\t\t<meta property=\"article:modified_time\" content=\"2014-02-06T00:00:07+00:00\" \/>\n\t\t<meta property=\"article:publisher\" content=\"https:\/\/facebook.com\/eldigitaldeasturias\" \/>\n\t\t<meta name=\"twitter:card\" content=\"summary_large_image\" \/>\n\t\t<meta name=\"twitter:title\" content=\"Aumenta la preocupaci\u00f3n por la corrupci\u00f3n, segundo problema tras el paro, seg\u00fan el CIS - El Digital de Asturias\" \/>\n\t\t<meta name=\"twitter:description\" content=\"Madrid, 5 feb (EFE).- La preocupaci\u00f3n ciudadana por la corrupci\u00f3n sigue aumentando y se mantiene como el segundo problema para los espa\u00f1oles tras el paro, seg\u00fan el bar\u00f3metro de enero del Centro de Investigaciones Sociol\u00f3gicas (CIS). As\u00ed, el desempleo supone el principal problema para la ciudadan\u00eda, pues lo citan el 78,5 por ciento, seguido de\" \/>\n\t\t<meta name=\"twitter:label1\" content=\"Escrito por\" \/>\n\t\t<meta name=\"twitter:data1\" content=\"El Digital de Asturias\" \/>\n\t\t<script type=\"application\/ld+json\" class=\"aioseo-schema\">\n\t\t\t{\"@context\":\"https:\\\/\\\/schema.org\",\"@graph\":[{\"@type\":\"BlogPosting\",\"@id\":\"https:\\\/\\\/www.eldigitaldeasturias.com\\\/noticias\\\/aumenta-la-preocupacion-por-la-corrupcion-segundo-problema-tras-el-paro-segun-el-cis\\\/#blogposting\",\"name\":\"Aumenta la preocupaci\\u00f3n por la corrupci\\u00f3n, segundo problema tras el paro, seg\\u00fan el CIS - El Digital de Asturias\",\"headline\":\"Aumenta la preocupaci\\u00f3n por la corrupci\\u00f3n, segundo problema tras el paro, seg\\u00fan el CIS\",\"author\":{\"@id\":\"https:\\\/\\\/www.eldigitaldeasturias.com\\\/noticias\\\/author\\\/admin\\\/#author\"},\"publisher\":{\"@id\":\"https:\\\/\\\/www.eldigitaldeasturias.com\\\/noticias\\\/#organization\"},\"image\":{\"@type\":\"ImageObject\",\"url\":484232},\"datePublished\":\"2014-02-05T23:00:07+01:00\",\"dateModified\":\"2014-02-05T23:00:07+01:00\",\"inLanguage\":\"es-ES\",\"mainEntityOfPage\":{\"@id\":\"https:\\\/\\\/www.eldigitaldeasturias.com\\\/noticias\\\/aumenta-la-preocupacion-por-la-corrupcion-segundo-problema-tras-el-paro-segun-el-cis\\\/#webpage\"},\"isPartOf\":{\"@id\":\"https:\\\/\\\/www.eldigitaldeasturias.com\\\/noticias\\\/aumenta-la-preocupacion-por-la-corrupcion-segundo-problema-tras-el-paro-segun-el-cis\\\/#webpage\"},\"articleSection\":\"Actualidad\"},{\"@type\":\"BreadcrumbList\",\"@id\":\"https:\\\/\\\/www.eldigitaldeasturias.com\\\/noticias\\\/aumenta-la-preocupacion-por-la-corrupcion-segundo-problema-tras-el-paro-segun-el-cis\\\/#breadcrumblist\",\"itemListElement\":[{\"@type\":\"ListItem\",\"@id\":\"https:\\\/\\\/www.eldigitaldeasturias.com\\\/noticias#listItem\",\"position\":1,\"name\":\"Home\",\"item\":\"https:\\\/\\\/www.eldigitaldeasturias.com\\\/noticias\",\"nextItem\":{\"@type\":\"ListItem\",\"@id\":\"https:\\\/\\\/www.eldigitaldeasturias.com\\\/noticias\\\/category\\\/actualidad\\\/#listItem\",\"name\":\"Actualidad\"}},{\"@type\":\"ListItem\",\"@id\":\"https:\\\/\\\/www.eldigitaldeasturias.com\\\/noticias\\\/category\\\/actualidad\\\/#listItem\",\"position\":2,\"name\":\"Actualidad\",\"item\":\"https:\\\/\\\/www.eldigitaldeasturias.com\\\/noticias\\\/category\\\/actualidad\\\/\",\"nextItem\":{\"@type\":\"ListItem\",\"@id\":\"https:\\\/\\\/www.eldigitaldeasturias.com\\\/noticias\\\/aumenta-la-preocupacion-por-la-corrupcion-segundo-problema-tras-el-paro-segun-el-cis\\\/#listItem\",\"name\":\"Aumenta la preocupaci\\u00f3n por la corrupci\\u00f3n, segundo problema tras el paro, seg\\u00fan el CIS\"},\"previousItem\":{\"@type\":\"ListItem\",\"@id\":\"https:\\\/\\\/www.eldigitaldeasturias.com\\\/noticias#listItem\",\"name\":\"Home\"}},{\"@type\":\"ListItem\",\"@id\":\"https:\\\/\\\/www.eldigitaldeasturias.com\\\/noticias\\\/aumenta-la-preocupacion-por-la-corrupcion-segundo-problema-tras-el-paro-segun-el-cis\\\/#listItem\",\"position\":3,\"name\":\"Aumenta la preocupaci\\u00f3n por la corrupci\\u00f3n, segundo problema tras el paro, seg\\u00fan el CIS\",\"previousItem\":{\"@type\":\"ListItem\",\"@id\":\"https:\\\/\\\/www.eldigitaldeasturias.com\\\/noticias\\\/category\\\/actualidad\\\/#listItem\",\"name\":\"Actualidad\"}}]},{\"@type\":\"Organization\",\"@id\":\"https:\\\/\\\/www.eldigitaldeasturias.com\\\/noticias\\\/#organization\",\"name\":\"El Digital de Asturias\",\"description\":\"Hemeroteca\",\"url\":\"https:\\\/\\\/www.eldigitaldeasturias.com\\\/noticias\\\/\",\"email\":\"info@eldigitaldeasturias.com\",\"telephone\":\"+34652131393\",\"logo\":{\"@type\":\"ImageObject\",\"url\":\"https:\\\/\\\/www.eldigitaldeasturias.com\\\/noticias\\\/wp-content\\\/uploads\\\/2020\\\/12\\\/EDA.jpg\",\"@id\":\"https:\\\/\\\/www.eldigitaldeasturias.com\\\/noticias\\\/aumenta-la-preocupacion-por-la-corrupcion-segundo-problema-tras-el-paro-segun-el-cis\\\/#organizationLogo\"},\"image\":{\"@id\":\"https:\\\/\\\/www.eldigitaldeasturias.com\\\/noticias\\\/aumenta-la-preocupacion-por-la-corrupcion-segundo-problema-tras-el-paro-segun-el-cis\\\/#organizationLogo\"},\"sameAs\":[\"https:\\\/\\\/facebook.com\\\/eldigitaldeasturias\",\"https:\\\/\\\/www.youtube.com\\\/channel\\\/UCZP-2wLEB9Rv6erhFmqVnvg\"],\"address\":{\"@id\":\"https:\\\/\\\/www.eldigitaldeasturias.com\\\/noticias\\\/#postaladdress\",\"@type\":\"PostalAddress\",\"streetAddress\":\"san antonio 4\",\"postalCode\":\"33430\",\"addressLocality\":\"Cand\\u00e1s\",\"addressRegion\":\"Asturias\",\"addressCountry\":\"ES\"}},{\"@type\":\"Person\",\"@id\":\"https:\\\/\\\/www.eldigitaldeasturias.com\\\/noticias\\\/author\\\/admin\\\/#author\",\"url\":\"https:\\\/\\\/www.eldigitaldeasturias.com\\\/noticias\\\/author\\\/admin\\\/\",\"name\":\"El Digital de Asturias\",\"image\":{\"@type\":\"ImageObject\",\"@id\":\"https:\\\/\\\/www.eldigitaldeasturias.com\\\/noticias\\\/aumenta-la-preocupacion-por-la-corrupcion-segundo-problema-tras-el-paro-segun-el-cis\\\/#authorImage\",\"url\":\"https:\\\/\\\/secure.gravatar.com\\\/avatar\\\/df2aeffc32bcd13f8d26072ef8a91b623d677766deac7f97ca815868cd41bf5e?s=96&d=mm&r=g\",\"width\":96,\"height\":96,\"caption\":\"El Digital de Asturias\"}},{\"@type\":\"WebPage\",\"@id\":\"https:\\\/\\\/www.eldigitaldeasturias.com\\\/noticias\\\/aumenta-la-preocupacion-por-la-corrupcion-segundo-problema-tras-el-paro-segun-el-cis\\\/#webpage\",\"url\":\"https:\\\/\\\/www.eldigitaldeasturias.com\\\/noticias\\\/aumenta-la-preocupacion-por-la-corrupcion-segundo-problema-tras-el-paro-segun-el-cis\\\/\",\"name\":\"Aumenta la preocupaci\\u00f3n por la corrupci\\u00f3n, segundo problema tras el paro, seg\\u00fan el CIS - El Digital de Asturias\",\"description\":\"Madrid, 5 feb (EFE).- La preocupaci\\u00f3n ciudadana por la corrupci\\u00f3n sigue aumentando y se mantiene como el segundo problema para los espa\\u00f1oles tras el paro, seg\\u00fan el bar\\u00f3metro de enero del Centro de Investigaciones Sociol\\u00f3gicas (CIS). As\\u00ed, el desempleo supone el principal problema para la ciudadan\\u00eda, pues lo citan el 78,5 por ciento, seguido de\",\"inLanguage\":\"es-ES\",\"isPartOf\":{\"@id\":\"https:\\\/\\\/www.eldigitaldeasturias.com\\\/noticias\\\/#website\"},\"breadcrumb\":{\"@id\":\"https:\\\/\\\/www.eldigitaldeasturias.com\\\/noticias\\\/aumenta-la-preocupacion-por-la-corrupcion-segundo-problema-tras-el-paro-segun-el-cis\\\/#breadcrumblist\"},\"author\":{\"@id\":\"https:\\\/\\\/www.eldigitaldeasturias.com\\\/noticias\\\/author\\\/admin\\\/#author\"},\"creator\":{\"@id\":\"https:\\\/\\\/www.eldigitaldeasturias.com\\\/noticias\\\/author\\\/admin\\\/#author\"},\"image\":{\"@type\":\"ImageObject\",\"url\":484232,\"@id\":\"https:\\\/\\\/www.eldigitaldeasturias.com\\\/noticias\\\/aumenta-la-preocupacion-por-la-corrupcion-segundo-problema-tras-el-paro-segun-el-cis\\\/#mainImage\"},\"primaryImageOfPage\":{\"@id\":\"https:\\\/\\\/www.eldigitaldeasturias.com\\\/noticias\\\/aumenta-la-preocupacion-por-la-corrupcion-segundo-problema-tras-el-paro-segun-el-cis\\\/#mainImage\"},\"datePublished\":\"2014-02-05T23:00:07+01:00\",\"dateModified\":\"2014-02-05T23:00:07+01:00\"},{\"@type\":\"WebSite\",\"@id\":\"https:\\\/\\\/www.eldigitaldeasturias.com\\\/noticias\\\/#website\",\"url\":\"https:\\\/\\\/www.eldigitaldeasturias.com\\\/noticias\\\/\",\"name\":\"El Digital de Asturias - Diario de actualidad y noticias\",\"alternateName\":\"El Digital de Asturias - Diario de actualidad y noticias\",\"description\":\"Hemeroteca\",\"inLanguage\":\"es-ES\",\"publisher\":{\"@id\":\"https:\\\/\\\/www.eldigitaldeasturias.com\\\/noticias\\\/#organization\"}}]}\n\t\t<\/script>\n\t\t<!-- All in One SEO Pro -->\r\n\t\t<title>Aumenta la preocupaci\u00f3n por la corrupci\u00f3n, segundo problema tras el paro, seg\u00fan el CIS - El Digital de Asturias<\/title>\n\n","aioseo_head_json":{"title":"Aumenta la preocupaci\u00f3n por la corrupci\u00f3n, segundo problema tras el paro, seg\u00fan el CIS - El Digital de Asturias","description":"Madrid, 5 feb (EFE).- La preocupaci\u00f3n ciudadana por la corrupci\u00f3n sigue aumentando y se mantiene como el segundo problema para los espa\u00f1oles tras el paro, seg\u00fan el bar\u00f3metro de enero del Centro de Investigaciones Sociol\u00f3gicas (CIS). As\u00ed, el desempleo supone el principal problema para la ciudadan\u00eda, pues lo citan el 78,5 por ciento, seguido de","canonical_url":"https:\/\/www.eldigitaldeasturias.com\/noticias\/aumenta-la-preocupacion-por-la-corrupcion-segundo-problema-tras-el-paro-segun-el-cis\/","robots":"max-image-preview:large","keywords":"actualidad","webmasterTools":{"google-site-verification":"UA-38556648-1","msvalidate.01":"7dfe9f3f1b24437ab69f4f2559babe99","miscellaneous":""},"schema":{"@context":"https:\/\/schema.org","@graph":[{"@type":"BlogPosting","@id":"https:\/\/www.eldigitaldeasturias.com\/noticias\/aumenta-la-preocupacion-por-la-corrupcion-segundo-problema-tras-el-paro-segun-el-cis\/#blogposting","name":"Aumenta la preocupaci\u00f3n por la corrupci\u00f3n, segundo problema tras el paro, seg\u00fan el CIS - El Digital de Asturias","headline":"Aumenta la preocupaci\u00f3n por la corrupci\u00f3n, segundo problema tras el paro, seg\u00fan el CIS","author":{"@id":"https:\/\/www.eldigitaldeasturias.com\/noticias\/author\/admin\/#author"},"publisher":{"@id":"https:\/\/www.eldigitaldeasturias.com\/noticias\/#organization"},"image":{"@type":"ImageObject","url":484232},"datePublished":"2014-02-05T23:00:07+01:00","dateModified":"2014-02-05T23:00:07+01:00","inLanguage":"es-ES","mainEntityOfPage":{"@id":"https:\/\/www.eldigitaldeasturias.com\/noticias\/aumenta-la-preocupacion-por-la-corrupcion-segundo-problema-tras-el-paro-segun-el-cis\/#webpage"},"isPartOf":{"@id":"https:\/\/www.eldigitaldeasturias.com\/noticias\/aumenta-la-preocupacion-por-la-corrupcion-segundo-problema-tras-el-paro-segun-el-cis\/#webpage"},"articleSection":"Actualidad"},{"@type":"BreadcrumbList","@id":"https:\/\/www.eldigitaldeasturias.com\/noticias\/aumenta-la-preocupacion-por-la-corrupcion-segundo-problema-tras-el-paro-segun-el-cis\/#breadcrumblist","itemListElement":[{"@type":"ListItem","@id":"https:\/\/www.eldigitaldeasturias.com\/noticias#listItem","position":1,"name":"Home","item":"https:\/\/www.eldigitaldeasturias.com\/noticias","nextItem":{"@type":"ListItem","@id":"https:\/\/www.eldigitaldeasturias.com\/noticias\/category\/actualidad\/#listItem","name":"Actualidad"}},{"@type":"ListItem","@id":"https:\/\/www.eldigitaldeasturias.com\/noticias\/category\/actualidad\/#listItem","position":2,"name":"Actualidad","item":"https:\/\/www.eldigitaldeasturias.com\/noticias\/category\/actualidad\/","nextItem":{"@type":"ListItem","@id":"https:\/\/www.eldigitaldeasturias.com\/noticias\/aumenta-la-preocupacion-por-la-corrupcion-segundo-problema-tras-el-paro-segun-el-cis\/#listItem","name":"Aumenta la preocupaci\u00f3n por la corrupci\u00f3n, segundo problema tras el paro, seg\u00fan el CIS"},"previousItem":{"@type":"ListItem","@id":"https:\/\/www.eldigitaldeasturias.com\/noticias#listItem","name":"Home"}},{"@type":"ListItem","@id":"https:\/\/www.eldigitaldeasturias.com\/noticias\/aumenta-la-preocupacion-por-la-corrupcion-segundo-problema-tras-el-paro-segun-el-cis\/#listItem","position":3,"name":"Aumenta la preocupaci\u00f3n por la corrupci\u00f3n, segundo problema tras el paro, seg\u00fan el CIS","previousItem":{"@type":"ListItem","@id":"https:\/\/www.eldigitaldeasturias.com\/noticias\/category\/actualidad\/#listItem","name":"Actualidad"}}]},{"@type":"Organization","@id":"https:\/\/www.eldigitaldeasturias.com\/noticias\/#organization","name":"El Digital de Asturias","description":"Hemeroteca","url":"https:\/\/www.eldigitaldeasturias.com\/noticias\/","email":"info@eldigitaldeasturias.com","telephone":"+34652131393","logo":{"@type":"ImageObject","url":"https:\/\/www.eldigitaldeasturias.com\/noticias\/wp-content\/uploads\/2020\/12\/EDA.jpg","@id":"https:\/\/www.eldigitaldeasturias.com\/noticias\/aumenta-la-preocupacion-por-la-corrupcion-segundo-problema-tras-el-paro-segun-el-cis\/#organizationLogo"},"image":{"@id":"https:\/\/www.eldigitaldeasturias.com\/noticias\/aumenta-la-preocupacion-por-la-corrupcion-segundo-problema-tras-el-paro-segun-el-cis\/#organizationLogo"},"sameAs":["https:\/\/facebook.com\/eldigitaldeasturias","https:\/\/www.youtube.com\/channel\/UCZP-2wLEB9Rv6erhFmqVnvg"],"address":{"@id":"https:\/\/www.eldigitaldeasturias.com\/noticias\/#postaladdress","@type":"PostalAddress","streetAddress":"san antonio 4","postalCode":"33430","addressLocality":"Cand\u00e1s","addressRegion":"Asturias","addressCountry":"ES"}},{"@type":"Person","@id":"https:\/\/www.eldigitaldeasturias.com\/noticias\/author\/admin\/#author","url":"https:\/\/www.eldigitaldeasturias.com\/noticias\/author\/admin\/","name":"El Digital de Asturias","image":{"@type":"ImageObject","@id":"https:\/\/www.eldigitaldeasturias.com\/noticias\/aumenta-la-preocupacion-por-la-corrupcion-segundo-problema-tras-el-paro-segun-el-cis\/#authorImage","url":"https:\/\/secure.gravatar.com\/avatar\/df2aeffc32bcd13f8d26072ef8a91b623d677766deac7f97ca815868cd41bf5e?s=96&d=mm&r=g","width":96,"height":96,"caption":"El Digital de Asturias"}},{"@type":"WebPage","@id":"https:\/\/www.eldigitaldeasturias.com\/noticias\/aumenta-la-preocupacion-por-la-corrupcion-segundo-problema-tras-el-paro-segun-el-cis\/#webpage","url":"https:\/\/www.eldigitaldeasturias.com\/noticias\/aumenta-la-preocupacion-por-la-corrupcion-segundo-problema-tras-el-paro-segun-el-cis\/","name":"Aumenta la preocupaci\u00f3n por la corrupci\u00f3n, segundo problema tras el paro, seg\u00fan el CIS - El Digital de Asturias","description":"Madrid, 5 feb (EFE).- La preocupaci\u00f3n ciudadana por la corrupci\u00f3n sigue aumentando y se mantiene como el segundo problema para los espa\u00f1oles tras el paro, seg\u00fan el bar\u00f3metro de enero del Centro de Investigaciones Sociol\u00f3gicas (CIS). As\u00ed, el desempleo supone el principal problema para la ciudadan\u00eda, pues lo citan el 78,5 por ciento, seguido de","inLanguage":"es-ES","isPartOf":{"@id":"https:\/\/www.eldigitaldeasturias.com\/noticias\/#website"},"breadcrumb":{"@id":"https:\/\/www.eldigitaldeasturias.com\/noticias\/aumenta-la-preocupacion-por-la-corrupcion-segundo-problema-tras-el-paro-segun-el-cis\/#breadcrumblist"},"author":{"@id":"https:\/\/www.eldigitaldeasturias.com\/noticias\/author\/admin\/#author"},"creator":{"@id":"https:\/\/www.eldigitaldeasturias.com\/noticias\/author\/admin\/#author"},"image":{"@type":"ImageObject","url":484232,"@id":"https:\/\/www.eldigitaldeasturias.com\/noticias\/aumenta-la-preocupacion-por-la-corrupcion-segundo-problema-tras-el-paro-segun-el-cis\/#mainImage"},"primaryImageOfPage":{"@id":"https:\/\/www.eldigitaldeasturias.com\/noticias\/aumenta-la-preocupacion-por-la-corrupcion-segundo-problema-tras-el-paro-segun-el-cis\/#mainImage"},"datePublished":"2014-02-05T23:00:07+01:00","dateModified":"2014-02-05T23:00:07+01:00"},{"@type":"WebSite","@id":"https:\/\/www.eldigitaldeasturias.com\/noticias\/#website","url":"https:\/\/www.eldigitaldeasturias.com\/noticias\/","name":"El Digital de Asturias - Diario de actualidad y noticias","alternateName":"El Digital de Asturias - Diario de actualidad y noticias","description":"Hemeroteca","inLanguage":"es-ES","publisher":{"@id":"https:\/\/www.eldigitaldeasturias.com\/noticias\/#organization"}}]},"og:locale":"es_ES","og:site_name":"El Digital de Asturias","og:type":"article","og:title":"Aumenta la preocupaci\u00f3n por la corrupci\u00f3n, segundo problema tras el paro, seg\u00fan el CIS - El Digital de Asturias","og:description":"Madrid, 5 feb (EFE).- La preocupaci\u00f3n ciudadana por la corrupci\u00f3n sigue aumentando y se mantiene como el segundo problema para los espa\u00f1oles tras el paro, seg\u00fan el bar\u00f3metro de enero del Centro de Investigaciones Sociol\u00f3gicas (CIS). As\u00ed, el desempleo supone el principal problema para la ciudadan\u00eda, pues lo citan el 78,5 por ciento, seguido de","og:url":"https:\/\/www.eldigitaldeasturias.com\/noticias\/aumenta-la-preocupacion-por-la-corrupcion-segundo-problema-tras-el-paro-segun-el-cis\/","article:tag":["actualidad"],"article:published_time":"2014-02-06T00:00:07+00:00","article:modified_time":"2014-02-06T00:00:07+00:00","article:publisher":"https:\/\/facebook.com\/eldigitaldeasturias","twitter:card":"summary_large_image","twitter:title":"Aumenta la preocupaci\u00f3n por la corrupci\u00f3n, segundo problema tras el paro, seg\u00fan el CIS - El Digital de Asturias","twitter:description":"Madrid, 5 feb (EFE).- La preocupaci\u00f3n ciudadana por la corrupci\u00f3n sigue aumentando y se mantiene como el segundo problema para los espa\u00f1oles tras el paro, seg\u00fan el bar\u00f3metro de enero del Centro de Investigaciones Sociol\u00f3gicas (CIS). As\u00ed, el desempleo supone el principal problema para la ciudadan\u00eda, pues lo citan el 78,5 por ciento, seguido de","twitter:label1":"Escrito por","twitter:data1":"El Digital de Asturias"},"aioseo_meta_data":{"post_id":"484231","title":null,"description":null,"keywords":null,"keyphrases":null,"primary_term":null,"canonical_url":null,"og_title":null,"og_description":null,"og_object_type":"default","og_image_type":"default","og_image_url":null,"og_image_width":null,"og_image_height":null,"og_image_custom_url":null,"og_image_custom_fields":null,"og_video":null,"og_custom_url":null,"og_article_section":null,"og_article_tags":null,"twitter_use_og":true,"twitter_card":"default","twitter_image_type":"default","twitter_image_url":null,"twitter_image_custom_url":null,"twitter_image_custom_fields":null,"twitter_title":null,"twitter_description":null,"schema":{"blockGraphs":[],"customGraphs":[],"default":{"data":{"Article":[],"Course":[],"Dataset":[],"FAQPage":[],"Movie":[],"Person":[],"Product":[],"ProductReview":[],"Car":[],"Recipe":[],"Service":[],"SoftwareApplication":[],"WebPage":[]},"graphName":"","isEnabled":true},"graphs":[],"defaultGraph":"","defaultPostTypeGraph":""},"schema_type":null,"schema_type_options":null,"pillar_content":false,"robots_default":true,"robots_noindex":false,"robots_noarchive":false,"robots_nosnippet":false,"robots_nofollow":false,"robots_noimageindex":false,"robots_noodp":false,"robots_notranslate":false,"robots_max_snippet":null,"robots_max_videopreview":null,"robots_max_imagepreview":"none","priority":null,"frequency":null,"local_seo":null,"seo_analyzer_scan_date":"2026-06-02 15:15:49","breadcrumb_settings":null,"limit_modified_date":false,"open_ai":null,"ai":null,"created":"2020-11-14 22:55:03","updated":"2026-06-02 15:15:49","focus_keyword":null,"additional_keywords":null,"truseo_locale":null},"aioseo_breadcrumb":"<div class=\"aioseo-breadcrumbs\"><span class=\"aioseo-breadcrumb\">\n\t<a href=\"https:\/\/www.eldigitaldeasturias.com\/noticias\" title=\"Home\">Home<\/a>\n<\/span><span class=\"aioseo-breadcrumb-separator\">\u2013<\/span><span class=\"aioseo-breadcrumb\">\n\t<a href=\"https:\/\/www.eldigitaldeasturias.com\/noticias\/category\/actualidad\/\" title=\"Actualidad\">Actualidad<\/a>\n<\/span><span class=\"aioseo-breadcrumb-separator\">\u2013<\/span><span class=\"aioseo-breadcrumb\">\n\t<a href=\"https:\/\/www.eldigitaldeasturias.com\/noticias\/aumenta-la-preocupacion-por-la-corrupcion-segundo-problema-tras-el-paro-segun-el-cis\/\" title=\"Aumenta la preocupaci\u00f3n por la corrupci\u00f3n, segundo problema tras el paro, seg\u00fan el CIS\">Aumenta la preocupaci\u00f3n por la corrupci\u00f3n, segundo problema tras el paro, seg\u00fan el CIS<\/a>\n<\/span><\/div>","aioseo_breadcrumb_json":[{"label":"Home","link":"https:\/\/www.eldigitaldeasturias.com\/noticias"},{"label":"Actualidad","link":"https:\/\/www.eldigitaldeasturias.com\/noticias\/category\/actualidad\/"},{"label":"Aumenta la preocupaci\u00f3n por la corrupci\u00f3n, segundo problema tras el paro, seg\u00fan el CIS","link":"https:\/\/www.eldigitaldeasturias.com\/noticias\/aumenta-la-preocupacion-por-la-corrupcion-segundo-problema-tras-el-paro-segun-el-cis\/"}],"_links":{"self":[{"href":"https:\/\/www.eldigitaldeasturias.com\/noticias\/wp-json\/wp\/v2\/posts\/484231","targetHints":{"allow":["GET"]}}],"collection":[{"href":"https:\/\/www.eldigitaldeasturias.com\/noticias\/wp-json\/wp\/v2\/posts"}],"about":[{"href":"https:\/\/www.eldigitaldeasturias.com\/noticias\/wp-json\/wp\/v2\/types\/post"}],"author":[{"embeddable":true,"href":"https:\/\/www.eldigitaldeasturias.com\/noticias\/wp-json\/wp\/v2\/users\/1"}],"replies":[{"embeddable":true,"href":"https:\/\/www.eldigitaldeasturias.com\/noticias\/wp-json\/wp\/v2\/comments?post=484231"}],"version-history":[{"count":0,"href":"https:\/\/www.eldigitaldeasturias.com\/noticias\/wp-json\/wp\/v2\/posts\/484231\/revisions"}],"wp:attachment":[{"href":"https:\/\/www.eldigitaldeasturias.com\/noticias\/wp-json\/wp\/v2\/media?parent=484231"}],"wp:term":[{"taxonomy":"category","embeddable":true,"href":"https:\/\/www.eldigitaldeasturias.com\/noticias\/wp-json\/wp\/v2\/categories?post=484231"},{"taxonomy":"post_tag","embeddable":true,"href":"https:\/\/www.eldigitaldeasturias.com\/noticias\/wp-json\/wp\/v2\/tags?post=484231"}],"curies":[{"name":"wp","href":"https:\/\/api.w.org\/{rel}","templated":true}]}}