{"id":484228,"date":"2014-02-05T22:59:17","date_gmt":"2014-02-05T23:59:17","guid":{"rendered":"http:\/\/www.eldigitaldeasturias.com\/noticias\/?p=484228"},"modified":"2014-02-05T22:59:17","modified_gmt":"2014-02-05T23:59:17","slug":"trevino-el-enclave-que-lleva-mas-de-tres-siglos-buscando-su-identidad","status":"publish","type":"post","link":"https:\/\/www.eldigitaldeasturias.com\/noticias\/trevino-el-enclave-que-lleva-mas-de-tres-siglos-buscando-su-identidad\/","title":{"rendered":"Trevi\u00f1o, el enclave que lleva m\u00e1s de tres siglos buscando su identidad"},"content":{"rendered":"<p><img loading=\"lazy\" decoding=\"async\" class=\"alignleft size-medium wp-image-484229\" alt=\"5912422w\" src=\"https:\/\/www.eldigitaldeasturias.com\/noticias\/wp-content\/uploads\/2014\/02\/5912422w-360x239.jpg\" width=\"360\" height=\"239\" \/>Vitoria, 5 feb (EFE).- El enclave burgal\u00e9s de Trevi\u00f1o, 222 kil\u00f3metros cuadrados ubicados en el coraz\u00f3n geogr\u00e1fico de \u00c1lava, lleva m\u00e1s de tres siglos buscando su identidad para superar esa dicotom\u00eda de depender pol\u00edticamente de una administraci\u00f3n y en la vida real de otra.<\/p>\n<p>La mayor\u00eda de sus cerca de 2.000 habitantes se han mostrado partidarios en varias ocasiones de segregarse de Burgos y Castilla y Le\u00f3n, y de anexionarse a \u00c1lava y Euskadi, donde muchos de ellos hacen su vida cotidiana.<\/p>\n<p>Por ello, los alcaldes de los dos municipios del enclave, ambos independientes, recalcan que no se trata de una aventura soberanista, sino de buscar una soluci\u00f3n a lo que ellos consideran que es un abandono por parte de la administraci\u00f3n castellano-leonesa.<\/p>\n<p>Todo este embrollo vital en el que viven los trevi\u00f1eses va a tener un nuevo cap\u00edtulo ma\u00f1ana. El Parlamento Vasco aprobar\u00e1 una iniciativa para llevar por primera vez a las Cortes Generales el debate sobre la anexi\u00f3n y as\u00ed poder saltarse el veto que hist\u00f3ricamente ha puesto el Parlamento y la Junta de Castilla y Le\u00f3n.<\/p>\n<p>La petici\u00f3n que se enviar\u00e1 al Congreso es que apruebe una ley org\u00e1nica que modifique los l\u00edmites territoriales de \u00c1lava y Burgos, con lo que no requerir\u00eda del visto bueno de Castilla y Le\u00f3n, aunque es probable que el PP, con mayor\u00eda absoluta vuelva a \u00abarchivar\u00bb este asunto<\/p>\n<p>Fundado en 1160, Trevi\u00f1o, con una extensi\u00f3n de 222 kil\u00f3metros cuadrados, est\u00e1 situado a 17 kil\u00f3metros de Vitoria y a unos 100 kil\u00f3metros de Burgos. En los dos municipios viven unas 2.000 personas.<\/p>\n<p>El comienzo de sus aspiraciones segregacionistas se remonta a 1646 y tras la restauraci\u00f3n de la democracia la cuesti\u00f3n de este enclave se ha planteado de nuevo en 1980 y en 1998, dos intentos que no prosperaron por la oposici\u00f3n de Castilla y Le\u00f3n.<\/p>\n<p>La dualidad en la vida de los trevi\u00f1eses se muestra en muchos aspectos, como, por ejemplo, que la gran mayor\u00eda de los ni\u00f1os del enclave est\u00e1n escolarizados desde peque\u00f1os en centros vascos, en Vitoria o en Nanclares de la Oca, con el objetivo de que cuando cursen la educaci\u00f3n secundaria y posterior el desconocimiento del euskera no sea un problema para ellos.<\/p>\n<p>Por ejemplo, en el centro de educaci\u00f3n infantil y primaria de Trevi\u00f1o hay matriculados algo m\u00e1s de sesenta ni\u00f1os, cuando es una infraestructura dise\u00f1ada para m\u00e1s de trescientos.<\/p>\n<p>Tambi\u00e9n en el cuidado de la salud, el enclave vive una especie de \u00abdoble personalidad\u00bb. En el centro de atenci\u00f3n primaria de Trevi\u00f1o, el dispensario m\u00e1s importante del enclave, hoy una mujer de mediana edad recib\u00eda el volante de su m\u00e9dico para recibir atenci\u00f3n especializada en el Hospital Universitario de \u00c1lava.<\/p>\n<p>Los habitantes del enclave, gracias a un convenio entre las comunidades de Castilla y Le\u00f3n y Euskadi, pueden elegir si se someten a intervenciones m\u00e9dicas de entidad en Vitoria o, por ejemplo, en Miranda de Ebro (Burgos).<\/p>\n<p>Jose, que regenta la tienda de alimentaci\u00f3n de Trevi\u00f1o, explica que muchos vecinos, como \u00e9l, quieren la anexi\u00f3n a \u00c1lava, no por cuestiones pol\u00edticas sino por el \u00abbienestar de la gente\u00bb.<\/p>\n<p>Lamenta que por las disputas pol\u00edticas, las administraciones no invierten en la zona todo lo que deber\u00edan, como en infraestructuras, aunque reconoce que es un tema que no provoca discusiones entre los partidarios y los detractores de la desanexi\u00f3n. \u00abVivimos en paz\u00bb.<\/p>\n<p>En La Puebla de Arganz\u00f3n, Enrique, un anciano de 83 a\u00f1os, es reacio a hablar de este tema pol\u00edtico. \u00abYo vivo bien como estoy\u00bb, dice el jubilado que ironiza con el nuevo episodio pol\u00edtico sobre el futuro administrativo del enclave al recordar: \u00abDesde que tengo catorce a\u00f1os ya se est\u00e1 votando para juntarnos a \u00c1lava\u00bb.<\/p>\n<p>Este hombre dice que la mayor\u00eda de las personas mayores del enclave lo que quieren es que los que \u00abmandan\u00bb en Castilla y Le\u00f3n y en Vitoria se pongan de acuerdo y que este debate lo han fomentado los j\u00f3venes que se han asentado all\u00ed procedentes de Vitoria.<\/p>\n","protected":false},"excerpt":{"rendered":"<p>Vitoria, 5 feb (EFE).- El enclave burgal\u00e9s de Trevi\u00f1o, 222 kil\u00f3metros cuadrados ubicados en el coraz\u00f3n geogr\u00e1fico de \u00c1lava, lleva m\u00e1s de tres siglos buscando su identidad para superar esa dicotom\u00eda de depender pol\u00edticamente de una administraci\u00f3n y en la vida real de otra. La mayor\u00eda de sus cerca de 2.000 habitantes se han mostrado [&hellip;]<\/p>\n","protected":false},"author":1,"featured_media":484229,"comment_status":"closed","ping_status":"open","sticky":false,"template":"","format":"standard","meta":{"footnotes":""},"categories":[1],"tags":[],"class_list":["post-484228","post","type-post","status-publish","format-standard","has-post-thumbnail","hentry","category-actualidad"],"aioseo_notices":[],"aioseo_head":"\n\t\t<!-- All in One SEO Pro 5.0.1 - aioseo.com -->\n\t<meta name=\"description\" content=\"Vitoria, 5 feb (EFE).- El enclave burgal\u00e9s de Trevi\u00f1o, 222 kil\u00f3metros cuadrados ubicados en el coraz\u00f3n geogr\u00e1fico de \u00c1lava, lleva m\u00e1s de tres siglos buscando su identidad para superar esa dicotom\u00eda de depender pol\u00edticamente de una administraci\u00f3n y en la vida real de otra. La mayor\u00eda de sus cerca de 2.000 habitantes se han mostrado\" \/>\n\t<meta name=\"robots\" content=\"max-image-preview:large\" \/>\n\t<meta name=\"author\" content=\"El Digital de Asturias\"\/>\n\t<meta name=\"google-site-verification\" content=\"UA-38556648-1\" \/>\n\t<meta name=\"msvalidate.01\" content=\"7dfe9f3f1b24437ab69f4f2559babe99\" \/>\n\t<meta name=\"keywords\" content=\"actualidad\" \/>\n\t<link rel=\"canonical\" href=\"https:\/\/www.eldigitaldeasturias.com\/noticias\/trevino-el-enclave-que-lleva-mas-de-tres-siglos-buscando-su-identidad\/\" \/>\n\t<meta name=\"generator\" content=\"All in One SEO Pro (AIOSEO) 5.0.1\" \/>\n\t\t<meta property=\"og:locale\" content=\"es_ES\" \/>\n\t\t<meta property=\"og:site_name\" content=\"El Digital de Asturias\" \/>\n\t\t<meta property=\"og:type\" content=\"article\" \/>\n\t\t<meta property=\"og:title\" content=\"Trevi\u00f1o, el enclave que lleva m\u00e1s de tres siglos buscando su identidad - El Digital de Asturias\" \/>\n\t\t<meta property=\"og:description\" content=\"Vitoria, 5 feb (EFE).- El enclave burgal\u00e9s de Trevi\u00f1o, 222 kil\u00f3metros cuadrados ubicados en el coraz\u00f3n geogr\u00e1fico de \u00c1lava, lleva m\u00e1s de tres siglos buscando su identidad para superar esa dicotom\u00eda de depender pol\u00edticamente de una administraci\u00f3n y en la vida real de otra. La mayor\u00eda de sus cerca de 2.000 habitantes se han mostrado\" \/>\n\t\t<meta property=\"og:url\" content=\"https:\/\/www.eldigitaldeasturias.com\/noticias\/trevino-el-enclave-que-lleva-mas-de-tres-siglos-buscando-su-identidad\/\" \/>\n\t\t<meta property=\"article:tag\" content=\"actualidad\" \/>\n\t\t<meta property=\"article:published_time\" content=\"2014-02-05T23:59:17+00:00\" \/>\n\t\t<meta property=\"article:modified_time\" content=\"2014-02-05T23:59:17+00:00\" \/>\n\t\t<meta property=\"article:publisher\" content=\"https:\/\/facebook.com\/eldigitaldeasturias\" \/>\n\t\t<meta name=\"twitter:card\" content=\"summary_large_image\" \/>\n\t\t<meta name=\"twitter:title\" content=\"Trevi\u00f1o, el enclave que lleva m\u00e1s de tres siglos buscando su identidad - El Digital de Asturias\" \/>\n\t\t<meta name=\"twitter:description\" content=\"Vitoria, 5 feb (EFE).- El enclave burgal\u00e9s de Trevi\u00f1o, 222 kil\u00f3metros cuadrados ubicados en el coraz\u00f3n geogr\u00e1fico de \u00c1lava, lleva m\u00e1s de tres siglos buscando su identidad para superar esa dicotom\u00eda de depender pol\u00edticamente de una administraci\u00f3n y en la vida real de otra. La mayor\u00eda de sus cerca de 2.000 habitantes se han mostrado\" \/>\n\t\t<meta name=\"twitter:label1\" content=\"Escrito por\" \/>\n\t\t<meta name=\"twitter:data1\" content=\"El Digital de Asturias\" \/>\n\t\t<meta name=\"twitter:label2\" content=\"Tiempo de lectura estimado\" \/>\n\t\t<meta name=\"twitter:data2\" content=\"4 minutos\" \/>\n\t\t<script type=\"application\/ld+json\" class=\"aioseo-schema\">\n\t\t\t{\"@context\":\"https:\\\/\\\/schema.org\",\"@graph\":[{\"@type\":\"BlogPosting\",\"@id\":\"https:\\\/\\\/www.eldigitaldeasturias.com\\\/noticias\\\/trevino-el-enclave-que-lleva-mas-de-tres-siglos-buscando-su-identidad\\\/#blogposting\",\"name\":\"Trevi\\u00f1o, el enclave que lleva m\\u00e1s de tres siglos buscando su identidad - El Digital de Asturias\",\"headline\":\"Trevi\\u00f1o, el enclave que lleva m\\u00e1s de tres siglos buscando su identidad\",\"author\":{\"@id\":\"https:\\\/\\\/www.eldigitaldeasturias.com\\\/noticias\\\/author\\\/admin\\\/#author\"},\"publisher\":{\"@id\":\"https:\\\/\\\/www.eldigitaldeasturias.com\\\/noticias\\\/#organization\"},\"image\":{\"@type\":\"ImageObject\",\"url\":484229},\"datePublished\":\"2014-02-05T22:59:17+01:00\",\"dateModified\":\"2014-02-05T22:59:17+01:00\",\"inLanguage\":\"es-ES\",\"mainEntityOfPage\":{\"@id\":\"https:\\\/\\\/www.eldigitaldeasturias.com\\\/noticias\\\/trevino-el-enclave-que-lleva-mas-de-tres-siglos-buscando-su-identidad\\\/#webpage\"},\"isPartOf\":{\"@id\":\"https:\\\/\\\/www.eldigitaldeasturias.com\\\/noticias\\\/trevino-el-enclave-que-lleva-mas-de-tres-siglos-buscando-su-identidad\\\/#webpage\"},\"articleSection\":\"Actualidad\"},{\"@type\":\"BreadcrumbList\",\"@id\":\"https:\\\/\\\/www.eldigitaldeasturias.com\\\/noticias\\\/trevino-el-enclave-que-lleva-mas-de-tres-siglos-buscando-su-identidad\\\/#breadcrumblist\",\"itemListElement\":[{\"@type\":\"ListItem\",\"@id\":\"https:\\\/\\\/www.eldigitaldeasturias.com\\\/noticias#listItem\",\"position\":1,\"name\":\"Home\",\"item\":\"https:\\\/\\\/www.eldigitaldeasturias.com\\\/noticias\",\"nextItem\":{\"@type\":\"ListItem\",\"@id\":\"https:\\\/\\\/www.eldigitaldeasturias.com\\\/noticias\\\/category\\\/actualidad\\\/#listItem\",\"name\":\"Actualidad\"}},{\"@type\":\"ListItem\",\"@id\":\"https:\\\/\\\/www.eldigitaldeasturias.com\\\/noticias\\\/category\\\/actualidad\\\/#listItem\",\"position\":2,\"name\":\"Actualidad\",\"item\":\"https:\\\/\\\/www.eldigitaldeasturias.com\\\/noticias\\\/category\\\/actualidad\\\/\",\"nextItem\":{\"@type\":\"ListItem\",\"@id\":\"https:\\\/\\\/www.eldigitaldeasturias.com\\\/noticias\\\/trevino-el-enclave-que-lleva-mas-de-tres-siglos-buscando-su-identidad\\\/#listItem\",\"name\":\"Trevi\\u00f1o, el enclave que lleva m\\u00e1s de tres siglos buscando su identidad\"},\"previousItem\":{\"@type\":\"ListItem\",\"@id\":\"https:\\\/\\\/www.eldigitaldeasturias.com\\\/noticias#listItem\",\"name\":\"Home\"}},{\"@type\":\"ListItem\",\"@id\":\"https:\\\/\\\/www.eldigitaldeasturias.com\\\/noticias\\\/trevino-el-enclave-que-lleva-mas-de-tres-siglos-buscando-su-identidad\\\/#listItem\",\"position\":3,\"name\":\"Trevi\\u00f1o, el enclave que lleva m\\u00e1s de tres siglos buscando su identidad\",\"previousItem\":{\"@type\":\"ListItem\",\"@id\":\"https:\\\/\\\/www.eldigitaldeasturias.com\\\/noticias\\\/category\\\/actualidad\\\/#listItem\",\"name\":\"Actualidad\"}}]},{\"@type\":\"Organization\",\"@id\":\"https:\\\/\\\/www.eldigitaldeasturias.com\\\/noticias\\\/#organization\",\"name\":\"El Digital de Asturias\",\"description\":\"Hemeroteca\",\"url\":\"https:\\\/\\\/www.eldigitaldeasturias.com\\\/noticias\\\/\",\"email\":\"info@eldigitaldeasturias.com\",\"telephone\":\"+34652131393\",\"logo\":{\"@type\":\"ImageObject\",\"url\":\"https:\\\/\\\/www.eldigitaldeasturias.com\\\/noticias\\\/wp-content\\\/uploads\\\/2020\\\/12\\\/EDA.jpg\",\"@id\":\"https:\\\/\\\/www.eldigitaldeasturias.com\\\/noticias\\\/trevino-el-enclave-que-lleva-mas-de-tres-siglos-buscando-su-identidad\\\/#organizationLogo\"},\"image\":{\"@id\":\"https:\\\/\\\/www.eldigitaldeasturias.com\\\/noticias\\\/trevino-el-enclave-que-lleva-mas-de-tres-siglos-buscando-su-identidad\\\/#organizationLogo\"},\"sameAs\":[\"https:\\\/\\\/facebook.com\\\/eldigitaldeasturias\",\"https:\\\/\\\/www.youtube.com\\\/channel\\\/UCZP-2wLEB9Rv6erhFmqVnvg\"],\"address\":{\"@id\":\"https:\\\/\\\/www.eldigitaldeasturias.com\\\/noticias\\\/#postaladdress\",\"@type\":\"PostalAddress\",\"streetAddress\":\"san antonio 4\",\"postalCode\":\"33430\",\"addressLocality\":\"Cand\\u00e1s\",\"addressRegion\":\"Asturias\",\"addressCountry\":\"ES\"}},{\"@type\":\"Person\",\"@id\":\"https:\\\/\\\/www.eldigitaldeasturias.com\\\/noticias\\\/author\\\/admin\\\/#author\",\"url\":\"https:\\\/\\\/www.eldigitaldeasturias.com\\\/noticias\\\/author\\\/admin\\\/\",\"name\":\"El Digital de Asturias\",\"image\":{\"@type\":\"ImageObject\",\"@id\":\"https:\\\/\\\/www.eldigitaldeasturias.com\\\/noticias\\\/trevino-el-enclave-que-lleva-mas-de-tres-siglos-buscando-su-identidad\\\/#authorImage\",\"url\":\"https:\\\/\\\/secure.gravatar.com\\\/avatar\\\/df2aeffc32bcd13f8d26072ef8a91b623d677766deac7f97ca815868cd41bf5e?s=96&d=mm&r=g\",\"width\":96,\"height\":96,\"caption\":\"El Digital de Asturias\"}},{\"@type\":\"WebPage\",\"@id\":\"https:\\\/\\\/www.eldigitaldeasturias.com\\\/noticias\\\/trevino-el-enclave-que-lleva-mas-de-tres-siglos-buscando-su-identidad\\\/#webpage\",\"url\":\"https:\\\/\\\/www.eldigitaldeasturias.com\\\/noticias\\\/trevino-el-enclave-que-lleva-mas-de-tres-siglos-buscando-su-identidad\\\/\",\"name\":\"Trevi\\u00f1o, el enclave que lleva m\\u00e1s de tres siglos buscando su identidad - El Digital de Asturias\",\"description\":\"Vitoria, 5 feb (EFE).- El enclave burgal\\u00e9s de Trevi\\u00f1o, 222 kil\\u00f3metros cuadrados ubicados en el coraz\\u00f3n geogr\\u00e1fico de \\u00c1lava, lleva m\\u00e1s de tres siglos buscando su identidad para superar esa dicotom\\u00eda de depender pol\\u00edticamente de una administraci\\u00f3n y en la vida real de otra. La mayor\\u00eda de sus cerca de 2.000 habitantes se han mostrado\",\"inLanguage\":\"es-ES\",\"isPartOf\":{\"@id\":\"https:\\\/\\\/www.eldigitaldeasturias.com\\\/noticias\\\/#website\"},\"breadcrumb\":{\"@id\":\"https:\\\/\\\/www.eldigitaldeasturias.com\\\/noticias\\\/trevino-el-enclave-que-lleva-mas-de-tres-siglos-buscando-su-identidad\\\/#breadcrumblist\"},\"author\":{\"@id\":\"https:\\\/\\\/www.eldigitaldeasturias.com\\\/noticias\\\/author\\\/admin\\\/#author\"},\"creator\":{\"@id\":\"https:\\\/\\\/www.eldigitaldeasturias.com\\\/noticias\\\/author\\\/admin\\\/#author\"},\"image\":{\"@type\":\"ImageObject\",\"url\":484229,\"@id\":\"https:\\\/\\\/www.eldigitaldeasturias.com\\\/noticias\\\/trevino-el-enclave-que-lleva-mas-de-tres-siglos-buscando-su-identidad\\\/#mainImage\"},\"primaryImageOfPage\":{\"@id\":\"https:\\\/\\\/www.eldigitaldeasturias.com\\\/noticias\\\/trevino-el-enclave-que-lleva-mas-de-tres-siglos-buscando-su-identidad\\\/#mainImage\"},\"datePublished\":\"2014-02-05T22:59:17+01:00\",\"dateModified\":\"2014-02-05T22:59:17+01:00\"},{\"@type\":\"WebSite\",\"@id\":\"https:\\\/\\\/www.eldigitaldeasturias.com\\\/noticias\\\/#website\",\"url\":\"https:\\\/\\\/www.eldigitaldeasturias.com\\\/noticias\\\/\",\"name\":\"El Digital de Asturias - Diario de actualidad y noticias\",\"alternateName\":\"El Digital de Asturias - Diario de actualidad y noticias\",\"description\":\"Hemeroteca\",\"inLanguage\":\"es-ES\",\"publisher\":{\"@id\":\"https:\\\/\\\/www.eldigitaldeasturias.com\\\/noticias\\\/#organization\"}}]}\n\t\t<\/script>\n\t\t<!-- All in One SEO Pro -->\r\n\t\t<title>Trevi\u00f1o, el enclave que lleva m\u00e1s de tres siglos buscando su identidad - El Digital de Asturias<\/title>\n\n","aioseo_head_json":{"title":"Trevi\u00f1o, el enclave que lleva m\u00e1s de tres siglos buscando su identidad - El Digital de Asturias","description":"Vitoria, 5 feb (EFE).- El enclave burgal\u00e9s de Trevi\u00f1o, 222 kil\u00f3metros cuadrados ubicados en el coraz\u00f3n geogr\u00e1fico de \u00c1lava, lleva m\u00e1s de tres siglos buscando su identidad para superar esa dicotom\u00eda de depender pol\u00edticamente de una administraci\u00f3n y en la vida real de otra. La mayor\u00eda de sus cerca de 2.000 habitantes se han mostrado","canonical_url":"https:\/\/www.eldigitaldeasturias.com\/noticias\/trevino-el-enclave-que-lleva-mas-de-tres-siglos-buscando-su-identidad\/","robots":"max-image-preview:large","keywords":"actualidad","webmasterTools":{"google-site-verification":"UA-38556648-1","msvalidate.01":"7dfe9f3f1b24437ab69f4f2559babe99","miscellaneous":""},"schema":{"@context":"https:\/\/schema.org","@graph":[{"@type":"BlogPosting","@id":"https:\/\/www.eldigitaldeasturias.com\/noticias\/trevino-el-enclave-que-lleva-mas-de-tres-siglos-buscando-su-identidad\/#blogposting","name":"Trevi\u00f1o, el enclave que lleva m\u00e1s de tres siglos buscando su identidad - El Digital de Asturias","headline":"Trevi\u00f1o, el enclave que lleva m\u00e1s de tres siglos buscando su identidad","author":{"@id":"https:\/\/www.eldigitaldeasturias.com\/noticias\/author\/admin\/#author"},"publisher":{"@id":"https:\/\/www.eldigitaldeasturias.com\/noticias\/#organization"},"image":{"@type":"ImageObject","url":484229},"datePublished":"2014-02-05T22:59:17+01:00","dateModified":"2014-02-05T22:59:17+01:00","inLanguage":"es-ES","mainEntityOfPage":{"@id":"https:\/\/www.eldigitaldeasturias.com\/noticias\/trevino-el-enclave-que-lleva-mas-de-tres-siglos-buscando-su-identidad\/#webpage"},"isPartOf":{"@id":"https:\/\/www.eldigitaldeasturias.com\/noticias\/trevino-el-enclave-que-lleva-mas-de-tres-siglos-buscando-su-identidad\/#webpage"},"articleSection":"Actualidad"},{"@type":"BreadcrumbList","@id":"https:\/\/www.eldigitaldeasturias.com\/noticias\/trevino-el-enclave-que-lleva-mas-de-tres-siglos-buscando-su-identidad\/#breadcrumblist","itemListElement":[{"@type":"ListItem","@id":"https:\/\/www.eldigitaldeasturias.com\/noticias#listItem","position":1,"name":"Home","item":"https:\/\/www.eldigitaldeasturias.com\/noticias","nextItem":{"@type":"ListItem","@id":"https:\/\/www.eldigitaldeasturias.com\/noticias\/category\/actualidad\/#listItem","name":"Actualidad"}},{"@type":"ListItem","@id":"https:\/\/www.eldigitaldeasturias.com\/noticias\/category\/actualidad\/#listItem","position":2,"name":"Actualidad","item":"https:\/\/www.eldigitaldeasturias.com\/noticias\/category\/actualidad\/","nextItem":{"@type":"ListItem","@id":"https:\/\/www.eldigitaldeasturias.com\/noticias\/trevino-el-enclave-que-lleva-mas-de-tres-siglos-buscando-su-identidad\/#listItem","name":"Trevi\u00f1o, el enclave que lleva m\u00e1s de tres siglos buscando su identidad"},"previousItem":{"@type":"ListItem","@id":"https:\/\/www.eldigitaldeasturias.com\/noticias#listItem","name":"Home"}},{"@type":"ListItem","@id":"https:\/\/www.eldigitaldeasturias.com\/noticias\/trevino-el-enclave-que-lleva-mas-de-tres-siglos-buscando-su-identidad\/#listItem","position":3,"name":"Trevi\u00f1o, el enclave que lleva m\u00e1s de tres siglos buscando su identidad","previousItem":{"@type":"ListItem","@id":"https:\/\/www.eldigitaldeasturias.com\/noticias\/category\/actualidad\/#listItem","name":"Actualidad"}}]},{"@type":"Organization","@id":"https:\/\/www.eldigitaldeasturias.com\/noticias\/#organization","name":"El Digital de Asturias","description":"Hemeroteca","url":"https:\/\/www.eldigitaldeasturias.com\/noticias\/","email":"info@eldigitaldeasturias.com","telephone":"+34652131393","logo":{"@type":"ImageObject","url":"https:\/\/www.eldigitaldeasturias.com\/noticias\/wp-content\/uploads\/2020\/12\/EDA.jpg","@id":"https:\/\/www.eldigitaldeasturias.com\/noticias\/trevino-el-enclave-que-lleva-mas-de-tres-siglos-buscando-su-identidad\/#organizationLogo"},"image":{"@id":"https:\/\/www.eldigitaldeasturias.com\/noticias\/trevino-el-enclave-que-lleva-mas-de-tres-siglos-buscando-su-identidad\/#organizationLogo"},"sameAs":["https:\/\/facebook.com\/eldigitaldeasturias","https:\/\/www.youtube.com\/channel\/UCZP-2wLEB9Rv6erhFmqVnvg"],"address":{"@id":"https:\/\/www.eldigitaldeasturias.com\/noticias\/#postaladdress","@type":"PostalAddress","streetAddress":"san antonio 4","postalCode":"33430","addressLocality":"Cand\u00e1s","addressRegion":"Asturias","addressCountry":"ES"}},{"@type":"Person","@id":"https:\/\/www.eldigitaldeasturias.com\/noticias\/author\/admin\/#author","url":"https:\/\/www.eldigitaldeasturias.com\/noticias\/author\/admin\/","name":"El Digital de Asturias","image":{"@type":"ImageObject","@id":"https:\/\/www.eldigitaldeasturias.com\/noticias\/trevino-el-enclave-que-lleva-mas-de-tres-siglos-buscando-su-identidad\/#authorImage","url":"https:\/\/secure.gravatar.com\/avatar\/df2aeffc32bcd13f8d26072ef8a91b623d677766deac7f97ca815868cd41bf5e?s=96&d=mm&r=g","width":96,"height":96,"caption":"El Digital de Asturias"}},{"@type":"WebPage","@id":"https:\/\/www.eldigitaldeasturias.com\/noticias\/trevino-el-enclave-que-lleva-mas-de-tres-siglos-buscando-su-identidad\/#webpage","url":"https:\/\/www.eldigitaldeasturias.com\/noticias\/trevino-el-enclave-que-lleva-mas-de-tres-siglos-buscando-su-identidad\/","name":"Trevi\u00f1o, el enclave que lleva m\u00e1s de tres siglos buscando su identidad - El Digital de Asturias","description":"Vitoria, 5 feb (EFE).- El enclave burgal\u00e9s de Trevi\u00f1o, 222 kil\u00f3metros cuadrados ubicados en el coraz\u00f3n geogr\u00e1fico de \u00c1lava, lleva m\u00e1s de tres siglos buscando su identidad para superar esa dicotom\u00eda de depender pol\u00edticamente de una administraci\u00f3n y en la vida real de otra. La mayor\u00eda de sus cerca de 2.000 habitantes se han mostrado","inLanguage":"es-ES","isPartOf":{"@id":"https:\/\/www.eldigitaldeasturias.com\/noticias\/#website"},"breadcrumb":{"@id":"https:\/\/www.eldigitaldeasturias.com\/noticias\/trevino-el-enclave-que-lleva-mas-de-tres-siglos-buscando-su-identidad\/#breadcrumblist"},"author":{"@id":"https:\/\/www.eldigitaldeasturias.com\/noticias\/author\/admin\/#author"},"creator":{"@id":"https:\/\/www.eldigitaldeasturias.com\/noticias\/author\/admin\/#author"},"image":{"@type":"ImageObject","url":484229,"@id":"https:\/\/www.eldigitaldeasturias.com\/noticias\/trevino-el-enclave-que-lleva-mas-de-tres-siglos-buscando-su-identidad\/#mainImage"},"primaryImageOfPage":{"@id":"https:\/\/www.eldigitaldeasturias.com\/noticias\/trevino-el-enclave-que-lleva-mas-de-tres-siglos-buscando-su-identidad\/#mainImage"},"datePublished":"2014-02-05T22:59:17+01:00","dateModified":"2014-02-05T22:59:17+01:00"},{"@type":"WebSite","@id":"https:\/\/www.eldigitaldeasturias.com\/noticias\/#website","url":"https:\/\/www.eldigitaldeasturias.com\/noticias\/","name":"El Digital de Asturias - Diario de actualidad y noticias","alternateName":"El Digital de Asturias - Diario de actualidad y noticias","description":"Hemeroteca","inLanguage":"es-ES","publisher":{"@id":"https:\/\/www.eldigitaldeasturias.com\/noticias\/#organization"}}]},"og:locale":"es_ES","og:site_name":"El Digital de Asturias","og:type":"article","og:title":"Trevi\u00f1o, el enclave que lleva m\u00e1s de tres siglos buscando su identidad - El Digital de Asturias","og:description":"Vitoria, 5 feb (EFE).- El enclave burgal\u00e9s de Trevi\u00f1o, 222 kil\u00f3metros cuadrados ubicados en el coraz\u00f3n geogr\u00e1fico de \u00c1lava, lleva m\u00e1s de tres siglos buscando su identidad para superar esa dicotom\u00eda de depender pol\u00edticamente de una administraci\u00f3n y en la vida real de otra. La mayor\u00eda de sus cerca de 2.000 habitantes se han mostrado","og:url":"https:\/\/www.eldigitaldeasturias.com\/noticias\/trevino-el-enclave-que-lleva-mas-de-tres-siglos-buscando-su-identidad\/","article:tag":["actualidad"],"article:published_time":"2014-02-05T23:59:17+00:00","article:modified_time":"2014-02-05T23:59:17+00:00","article:publisher":"https:\/\/facebook.com\/eldigitaldeasturias","twitter:card":"summary_large_image","twitter:title":"Trevi\u00f1o, el enclave que lleva m\u00e1s de tres siglos buscando su identidad - El Digital de Asturias","twitter:description":"Vitoria, 5 feb (EFE).- El enclave burgal\u00e9s de Trevi\u00f1o, 222 kil\u00f3metros cuadrados ubicados en el coraz\u00f3n geogr\u00e1fico de \u00c1lava, lleva m\u00e1s de tres siglos buscando su identidad para superar esa dicotom\u00eda de depender pol\u00edticamente de una administraci\u00f3n y en la vida real de otra. La mayor\u00eda de sus cerca de 2.000 habitantes se han mostrado","twitter:label1":"Escrito por","twitter:data1":"El Digital de Asturias","twitter:label2":"Tiempo de lectura estimado","twitter:data2":"4 minutos"},"aioseo_meta_data":{"post_id":"484228","title":null,"description":null,"keywords":null,"keyphrases":null,"primary_term":null,"canonical_url":null,"og_title":null,"og_description":null,"og_object_type":"default","og_image_type":"default","og_image_url":null,"og_image_width":null,"og_image_height":null,"og_image_custom_url":null,"og_image_custom_fields":null,"og_video":null,"og_custom_url":null,"og_article_section":null,"og_article_tags":null,"twitter_use_og":true,"twitter_card":"default","twitter_image_type":"default","twitter_image_url":null,"twitter_image_custom_url":null,"twitter_image_custom_fields":null,"twitter_title":null,"twitter_description":null,"schema":{"blockGraphs":[],"customGraphs":[],"default":{"data":{"Article":[],"Course":[],"Dataset":[],"FAQPage":[],"Movie":[],"Person":[],"Product":[],"ProductReview":[],"Car":[],"Recipe":[],"Service":[],"SoftwareApplication":[],"WebPage":[]},"graphName":"","isEnabled":true},"graphs":[],"defaultGraph":"","defaultPostTypeGraph":""},"schema_type":null,"schema_type_options":null,"pillar_content":false,"robots_default":true,"robots_noindex":false,"robots_noarchive":false,"robots_nosnippet":false,"robots_nofollow":false,"robots_noimageindex":false,"robots_noodp":false,"robots_notranslate":false,"robots_max_snippet":null,"robots_max_videopreview":null,"robots_max_imagepreview":"none","priority":null,"frequency":null,"local_seo":null,"seo_analyzer_scan_date":"2026-06-02 15:13:47","breadcrumb_settings":null,"limit_modified_date":false,"open_ai":null,"ai":null,"created":"2020-11-14 22:55:03","updated":"2026-06-02 15:13:47","focus_keyword":null,"additional_keywords":null,"truseo_locale":null},"aioseo_breadcrumb":"<div class=\"aioseo-breadcrumbs\"><span class=\"aioseo-breadcrumb\">\n\t<a href=\"https:\/\/www.eldigitaldeasturias.com\/noticias\" title=\"Home\">Home<\/a>\n<\/span><span class=\"aioseo-breadcrumb-separator\">\u2013<\/span><span class=\"aioseo-breadcrumb\">\n\t<a href=\"https:\/\/www.eldigitaldeasturias.com\/noticias\/category\/actualidad\/\" title=\"Actualidad\">Actualidad<\/a>\n<\/span><span class=\"aioseo-breadcrumb-separator\">\u2013<\/span><span class=\"aioseo-breadcrumb\">\n\t<a href=\"https:\/\/www.eldigitaldeasturias.com\/noticias\/trevino-el-enclave-que-lleva-mas-de-tres-siglos-buscando-su-identidad\/\" title=\"Trevi\u00f1o, el enclave que lleva m\u00e1s de tres siglos buscando su identidad\">Trevi\u00f1o, el enclave que lleva m\u00e1s de tres siglos buscando su identidad<\/a>\n<\/span><\/div>","aioseo_breadcrumb_json":[{"label":"Home","link":"https:\/\/www.eldigitaldeasturias.com\/noticias"},{"label":"Actualidad","link":"https:\/\/www.eldigitaldeasturias.com\/noticias\/category\/actualidad\/"},{"label":"Trevi\u00f1o, el enclave que lleva m\u00e1s de tres siglos buscando su identidad","link":"https:\/\/www.eldigitaldeasturias.com\/noticias\/trevino-el-enclave-que-lleva-mas-de-tres-siglos-buscando-su-identidad\/"}],"_links":{"self":[{"href":"https:\/\/www.eldigitaldeasturias.com\/noticias\/wp-json\/wp\/v2\/posts\/484228","targetHints":{"allow":["GET"]}}],"collection":[{"href":"https:\/\/www.eldigitaldeasturias.com\/noticias\/wp-json\/wp\/v2\/posts"}],"about":[{"href":"https:\/\/www.eldigitaldeasturias.com\/noticias\/wp-json\/wp\/v2\/types\/post"}],"author":[{"embeddable":true,"href":"https:\/\/www.eldigitaldeasturias.com\/noticias\/wp-json\/wp\/v2\/users\/1"}],"replies":[{"embeddable":true,"href":"https:\/\/www.eldigitaldeasturias.com\/noticias\/wp-json\/wp\/v2\/comments?post=484228"}],"version-history":[{"count":0,"href":"https:\/\/www.eldigitaldeasturias.com\/noticias\/wp-json\/wp\/v2\/posts\/484228\/revisions"}],"wp:attachment":[{"href":"https:\/\/www.eldigitaldeasturias.com\/noticias\/wp-json\/wp\/v2\/media?parent=484228"}],"wp:term":[{"taxonomy":"category","embeddable":true,"href":"https:\/\/www.eldigitaldeasturias.com\/noticias\/wp-json\/wp\/v2\/categories?post=484228"},{"taxonomy":"post_tag","embeddable":true,"href":"https:\/\/www.eldigitaldeasturias.com\/noticias\/wp-json\/wp\/v2\/tags?post=484228"}],"curies":[{"name":"wp","href":"https:\/\/api.w.org\/{rel}","templated":true}]}}