{"id":484225,"date":"2014-02-05T22:58:29","date_gmt":"2014-02-05T23:58:29","guid":{"rendered":"http:\/\/www.eldigitaldeasturias.com\/noticias\/?p=484225"},"modified":"2014-02-05T22:58:29","modified_gmt":"2014-02-05T23:58:29","slug":"echaniz-sobre-el-aborto-dice-que-su-posicion-es-la-del-pp-no-comento-opiniones","status":"publish","type":"post","link":"https:\/\/www.eldigitaldeasturias.com\/noticias\/echaniz-sobre-el-aborto-dice-que-su-posicion-es-la-del-pp-no-comento-opiniones\/","title":{"rendered":"Ech\u00e1niz sobre el aborto dice que su posici\u00f3n es la del PP, \u00abno comento opiniones\u00bb"},"content":{"rendered":"<p><img loading=\"lazy\" decoding=\"async\" class=\"alignleft size-medium wp-image-484226\" alt=\"5912413w\" src=\"https:\/\/www.eldigitaldeasturias.com\/noticias\/wp-content\/uploads\/2014\/02\/5912413w-360x239.jpg\" width=\"360\" height=\"239\" \/>Toledo, 5 feb (EFE).- El consejero de Sanidad y Asuntos Sociales de Castilla-La Mancha y responsable de Sanidad del PP, Jos\u00e9 Ignacio Ech\u00e1niz, ha afirmado hoy que su posici\u00f3n sobre la reforma de la ley del aborto es la que ha fijado su partido y se ha negado a comentar \u00abopiniones personales\u00bb de compa\u00f1eros de partido.<\/p>\n<p>Ech\u00e1niz, que ha participado en un desayuno informativo organizado por encastillalamancha.es, ha recordado que la posici\u00f3n del PP se ha fijado en treinta a\u00f1os de debates en los programas electorales y en los congresos, de los que ha salido \u00abuna doctrina que es la que es\u00bb y que \u00e9l comparte \u00abplenamente\u00bb.<\/p>\n<p>\u00abLo que no voy a hacer es comentar opiniones personales\u00bb, ha insistido el secretario de Sanidad del PP, quien ha recordado que \u00e9l fue uno de los cincuenta diputados que firm\u00f3 el recurso ante el Tribunal Constitucional contra la actual ley del aborto.<\/p>\n","protected":false},"excerpt":{"rendered":"<p>Toledo, 5 feb (EFE).- El consejero de Sanidad y Asuntos Sociales de Castilla-La Mancha y responsable de Sanidad del PP, Jos\u00e9 Ignacio Ech\u00e1niz, ha afirmado hoy que su posici\u00f3n sobre la reforma de la ley del aborto es la que ha fijado su partido y se ha negado a comentar \u00abopiniones personales\u00bb de compa\u00f1eros de [&hellip;]<\/p>\n","protected":false},"author":1,"featured_media":484226,"comment_status":"closed","ping_status":"open","sticky":false,"template":"","format":"standard","meta":{"footnotes":""},"categories":[1],"tags":[],"class_list":["post-484225","post","type-post","status-publish","format-standard","has-post-thumbnail","hentry","category-actualidad"],"aioseo_notices":[],"aioseo_head":"\n\t\t<!-- All in One SEO Pro 5.0.1 - aioseo.com -->\n\t<meta name=\"description\" content=\"Toledo, 5 feb (EFE).- El consejero de Sanidad y Asuntos Sociales de Castilla-La Mancha y responsable de Sanidad del PP, Jos\u00e9 Ignacio Ech\u00e1niz, ha afirmado hoy que su posici\u00f3n sobre la reforma de la ley del aborto es la que ha fijado su partido y se ha negado a comentar &quot;opiniones personales&quot; de compa\u00f1eros de\" \/>\n\t<meta name=\"robots\" content=\"max-image-preview:large\" \/>\n\t<meta name=\"author\" content=\"El Digital de Asturias\"\/>\n\t<meta name=\"google-site-verification\" content=\"UA-38556648-1\" \/>\n\t<meta name=\"msvalidate.01\" content=\"7dfe9f3f1b24437ab69f4f2559babe99\" \/>\n\t<meta name=\"keywords\" content=\"actualidad\" \/>\n\t<link rel=\"canonical\" href=\"https:\/\/www.eldigitaldeasturias.com\/noticias\/echaniz-sobre-el-aborto-dice-que-su-posicion-es-la-del-pp-no-comento-opiniones\/\" \/>\n\t<meta name=\"generator\" content=\"All in One SEO Pro (AIOSEO) 5.0.1\" \/>\n\t\t<meta property=\"og:locale\" content=\"es_ES\" \/>\n\t\t<meta property=\"og:site_name\" content=\"El Digital de Asturias\" \/>\n\t\t<meta property=\"og:type\" content=\"article\" \/>\n\t\t<meta property=\"og:title\" content=\"Ech\u00e1niz sobre el aborto dice que su posici\u00f3n es la del PP, \u00abno comento opiniones\u00bb - El Digital de Asturias\" \/>\n\t\t<meta property=\"og:description\" content=\"Toledo, 5 feb (EFE).- El consejero de Sanidad y Asuntos Sociales de Castilla-La Mancha y responsable de Sanidad del PP, Jos\u00e9 Ignacio Ech\u00e1niz, ha afirmado hoy que su posici\u00f3n sobre la reforma de la ley del aborto es la que ha fijado su partido y se ha negado a comentar &quot;opiniones personales&quot; de compa\u00f1eros de\" \/>\n\t\t<meta property=\"og:url\" content=\"https:\/\/www.eldigitaldeasturias.com\/noticias\/echaniz-sobre-el-aborto-dice-que-su-posicion-es-la-del-pp-no-comento-opiniones\/\" \/>\n\t\t<meta property=\"article:tag\" content=\"actualidad\" \/>\n\t\t<meta property=\"article:published_time\" content=\"2014-02-05T23:58:29+00:00\" \/>\n\t\t<meta property=\"article:modified_time\" content=\"2014-02-05T23:58:29+00:00\" \/>\n\t\t<meta property=\"article:publisher\" content=\"https:\/\/facebook.com\/eldigitaldeasturias\" \/>\n\t\t<meta name=\"twitter:card\" content=\"summary_large_image\" \/>\n\t\t<meta name=\"twitter:title\" content=\"Ech\u00e1niz sobre el aborto dice que su posici\u00f3n es la del PP, \u00abno comento opiniones\u00bb - El Digital de Asturias\" \/>\n\t\t<meta name=\"twitter:description\" content=\"Toledo, 5 feb (EFE).- El consejero de Sanidad y Asuntos Sociales de Castilla-La Mancha y responsable de Sanidad del PP, Jos\u00e9 Ignacio Ech\u00e1niz, ha afirmado hoy que su posici\u00f3n sobre la reforma de la ley del aborto es la que ha fijado su partido y se ha negado a comentar &quot;opiniones personales&quot; de compa\u00f1eros de\" \/>\n\t\t<meta name=\"twitter:label1\" content=\"Escrito por\" \/>\n\t\t<meta name=\"twitter:data1\" content=\"El Digital de Asturias\" \/>\n\t\t<meta name=\"twitter:label2\" content=\"Tiempo de lectura estimado\" \/>\n\t\t<meta name=\"twitter:data2\" content=\"1 minuto\" \/>\n\t\t<script type=\"application\/ld+json\" class=\"aioseo-schema\">\n\t\t\t{\"@context\":\"https:\\\/\\\/schema.org\",\"@graph\":[{\"@type\":\"BlogPosting\",\"@id\":\"https:\\\/\\\/www.eldigitaldeasturias.com\\\/noticias\\\/echaniz-sobre-el-aborto-dice-que-su-posicion-es-la-del-pp-no-comento-opiniones\\\/#blogposting\",\"name\":\"Ech\\u00e1niz sobre el aborto dice que su posici\\u00f3n es la del PP, \\u00abno comento opiniones\\u00bb - El Digital de Asturias\",\"headline\":\"Ech\\u00e1niz sobre el aborto dice que su posici\\u00f3n es la del PP, \\u00abno comento opiniones\\u00bb\",\"author\":{\"@id\":\"https:\\\/\\\/www.eldigitaldeasturias.com\\\/noticias\\\/author\\\/admin\\\/#author\"},\"publisher\":{\"@id\":\"https:\\\/\\\/www.eldigitaldeasturias.com\\\/noticias\\\/#organization\"},\"image\":{\"@type\":\"ImageObject\",\"url\":484226},\"datePublished\":\"2014-02-05T22:58:29+01:00\",\"dateModified\":\"2014-02-05T22:58:29+01:00\",\"inLanguage\":\"es-ES\",\"mainEntityOfPage\":{\"@id\":\"https:\\\/\\\/www.eldigitaldeasturias.com\\\/noticias\\\/echaniz-sobre-el-aborto-dice-que-su-posicion-es-la-del-pp-no-comento-opiniones\\\/#webpage\"},\"isPartOf\":{\"@id\":\"https:\\\/\\\/www.eldigitaldeasturias.com\\\/noticias\\\/echaniz-sobre-el-aborto-dice-que-su-posicion-es-la-del-pp-no-comento-opiniones\\\/#webpage\"},\"articleSection\":\"Actualidad\"},{\"@type\":\"BreadcrumbList\",\"@id\":\"https:\\\/\\\/www.eldigitaldeasturias.com\\\/noticias\\\/echaniz-sobre-el-aborto-dice-que-su-posicion-es-la-del-pp-no-comento-opiniones\\\/#breadcrumblist\",\"itemListElement\":[{\"@type\":\"ListItem\",\"@id\":\"https:\\\/\\\/www.eldigitaldeasturias.com\\\/noticias#listItem\",\"position\":1,\"name\":\"Home\",\"item\":\"https:\\\/\\\/www.eldigitaldeasturias.com\\\/noticias\",\"nextItem\":{\"@type\":\"ListItem\",\"@id\":\"https:\\\/\\\/www.eldigitaldeasturias.com\\\/noticias\\\/category\\\/actualidad\\\/#listItem\",\"name\":\"Actualidad\"}},{\"@type\":\"ListItem\",\"@id\":\"https:\\\/\\\/www.eldigitaldeasturias.com\\\/noticias\\\/category\\\/actualidad\\\/#listItem\",\"position\":2,\"name\":\"Actualidad\",\"item\":\"https:\\\/\\\/www.eldigitaldeasturias.com\\\/noticias\\\/category\\\/actualidad\\\/\",\"nextItem\":{\"@type\":\"ListItem\",\"@id\":\"https:\\\/\\\/www.eldigitaldeasturias.com\\\/noticias\\\/echaniz-sobre-el-aborto-dice-que-su-posicion-es-la-del-pp-no-comento-opiniones\\\/#listItem\",\"name\":\"Ech\\u00e1niz sobre el aborto dice que su posici\\u00f3n es la del PP, \\u00abno comento opiniones\\u00bb\"},\"previousItem\":{\"@type\":\"ListItem\",\"@id\":\"https:\\\/\\\/www.eldigitaldeasturias.com\\\/noticias#listItem\",\"name\":\"Home\"}},{\"@type\":\"ListItem\",\"@id\":\"https:\\\/\\\/www.eldigitaldeasturias.com\\\/noticias\\\/echaniz-sobre-el-aborto-dice-que-su-posicion-es-la-del-pp-no-comento-opiniones\\\/#listItem\",\"position\":3,\"name\":\"Ech\\u00e1niz sobre el aborto dice que su posici\\u00f3n es la del PP, \\u00abno comento opiniones\\u00bb\",\"previousItem\":{\"@type\":\"ListItem\",\"@id\":\"https:\\\/\\\/www.eldigitaldeasturias.com\\\/noticias\\\/category\\\/actualidad\\\/#listItem\",\"name\":\"Actualidad\"}}]},{\"@type\":\"Organization\",\"@id\":\"https:\\\/\\\/www.eldigitaldeasturias.com\\\/noticias\\\/#organization\",\"name\":\"El Digital de Asturias\",\"description\":\"Hemeroteca\",\"url\":\"https:\\\/\\\/www.eldigitaldeasturias.com\\\/noticias\\\/\",\"email\":\"info@eldigitaldeasturias.com\",\"telephone\":\"+34652131393\",\"logo\":{\"@type\":\"ImageObject\",\"url\":\"https:\\\/\\\/www.eldigitaldeasturias.com\\\/noticias\\\/wp-content\\\/uploads\\\/2020\\\/12\\\/EDA.jpg\",\"@id\":\"https:\\\/\\\/www.eldigitaldeasturias.com\\\/noticias\\\/echaniz-sobre-el-aborto-dice-que-su-posicion-es-la-del-pp-no-comento-opiniones\\\/#organizationLogo\"},\"image\":{\"@id\":\"https:\\\/\\\/www.eldigitaldeasturias.com\\\/noticias\\\/echaniz-sobre-el-aborto-dice-que-su-posicion-es-la-del-pp-no-comento-opiniones\\\/#organizationLogo\"},\"sameAs\":[\"https:\\\/\\\/facebook.com\\\/eldigitaldeasturias\",\"https:\\\/\\\/www.youtube.com\\\/channel\\\/UCZP-2wLEB9Rv6erhFmqVnvg\"],\"address\":{\"@id\":\"https:\\\/\\\/www.eldigitaldeasturias.com\\\/noticias\\\/#postaladdress\",\"@type\":\"PostalAddress\",\"streetAddress\":\"san antonio 4\",\"postalCode\":\"33430\",\"addressLocality\":\"Cand\\u00e1s\",\"addressRegion\":\"Asturias\",\"addressCountry\":\"ES\"}},{\"@type\":\"Person\",\"@id\":\"https:\\\/\\\/www.eldigitaldeasturias.com\\\/noticias\\\/author\\\/admin\\\/#author\",\"url\":\"https:\\\/\\\/www.eldigitaldeasturias.com\\\/noticias\\\/author\\\/admin\\\/\",\"name\":\"El Digital de Asturias\",\"image\":{\"@type\":\"ImageObject\",\"@id\":\"https:\\\/\\\/www.eldigitaldeasturias.com\\\/noticias\\\/echaniz-sobre-el-aborto-dice-que-su-posicion-es-la-del-pp-no-comento-opiniones\\\/#authorImage\",\"url\":\"https:\\\/\\\/secure.gravatar.com\\\/avatar\\\/df2aeffc32bcd13f8d26072ef8a91b623d677766deac7f97ca815868cd41bf5e?s=96&d=mm&r=g\",\"width\":96,\"height\":96,\"caption\":\"El Digital de Asturias\"}},{\"@type\":\"WebPage\",\"@id\":\"https:\\\/\\\/www.eldigitaldeasturias.com\\\/noticias\\\/echaniz-sobre-el-aborto-dice-que-su-posicion-es-la-del-pp-no-comento-opiniones\\\/#webpage\",\"url\":\"https:\\\/\\\/www.eldigitaldeasturias.com\\\/noticias\\\/echaniz-sobre-el-aborto-dice-que-su-posicion-es-la-del-pp-no-comento-opiniones\\\/\",\"name\":\"Ech\\u00e1niz sobre el aborto dice que su posici\\u00f3n es la del PP, \\u00abno comento opiniones\\u00bb - El Digital de Asturias\",\"description\":\"Toledo, 5 feb (EFE).- El consejero de Sanidad y Asuntos Sociales de Castilla-La Mancha y responsable de Sanidad del PP, Jos\\u00e9 Ignacio Ech\\u00e1niz, ha afirmado hoy que su posici\\u00f3n sobre la reforma de la ley del aborto es la que ha fijado su partido y se ha negado a comentar \\\"opiniones personales\\\" de compa\\u00f1eros de\",\"inLanguage\":\"es-ES\",\"isPartOf\":{\"@id\":\"https:\\\/\\\/www.eldigitaldeasturias.com\\\/noticias\\\/#website\"},\"breadcrumb\":{\"@id\":\"https:\\\/\\\/www.eldigitaldeasturias.com\\\/noticias\\\/echaniz-sobre-el-aborto-dice-que-su-posicion-es-la-del-pp-no-comento-opiniones\\\/#breadcrumblist\"},\"author\":{\"@id\":\"https:\\\/\\\/www.eldigitaldeasturias.com\\\/noticias\\\/author\\\/admin\\\/#author\"},\"creator\":{\"@id\":\"https:\\\/\\\/www.eldigitaldeasturias.com\\\/noticias\\\/author\\\/admin\\\/#author\"},\"image\":{\"@type\":\"ImageObject\",\"url\":484226,\"@id\":\"https:\\\/\\\/www.eldigitaldeasturias.com\\\/noticias\\\/echaniz-sobre-el-aborto-dice-que-su-posicion-es-la-del-pp-no-comento-opiniones\\\/#mainImage\"},\"primaryImageOfPage\":{\"@id\":\"https:\\\/\\\/www.eldigitaldeasturias.com\\\/noticias\\\/echaniz-sobre-el-aborto-dice-que-su-posicion-es-la-del-pp-no-comento-opiniones\\\/#mainImage\"},\"datePublished\":\"2014-02-05T22:58:29+01:00\",\"dateModified\":\"2014-02-05T22:58:29+01:00\"},{\"@type\":\"WebSite\",\"@id\":\"https:\\\/\\\/www.eldigitaldeasturias.com\\\/noticias\\\/#website\",\"url\":\"https:\\\/\\\/www.eldigitaldeasturias.com\\\/noticias\\\/\",\"name\":\"El Digital de Asturias - Diario de actualidad y noticias\",\"alternateName\":\"El Digital de Asturias - Diario de actualidad y noticias\",\"description\":\"Hemeroteca\",\"inLanguage\":\"es-ES\",\"publisher\":{\"@id\":\"https:\\\/\\\/www.eldigitaldeasturias.com\\\/noticias\\\/#organization\"}}]}\n\t\t<\/script>\n\t\t<!-- All in One SEO Pro -->\r\n\t\t<title>Ech\u00e1niz sobre el aborto dice que su posici\u00f3n es la del PP, \u00abno comento opiniones\u00bb - El Digital de Asturias<\/title>\n\n","aioseo_head_json":{"title":"Ech\u00e1niz sobre el aborto dice que su posici\u00f3n es la del PP, \u00abno comento opiniones\u00bb - El Digital de Asturias","description":"Toledo, 5 feb (EFE).- El consejero de Sanidad y Asuntos Sociales de Castilla-La Mancha y responsable de Sanidad del PP, Jos\u00e9 Ignacio Ech\u00e1niz, ha afirmado hoy que su posici\u00f3n sobre la reforma de la ley del aborto es la que ha fijado su partido y se ha negado a comentar \"opiniones personales\" de compa\u00f1eros de","canonical_url":"https:\/\/www.eldigitaldeasturias.com\/noticias\/echaniz-sobre-el-aborto-dice-que-su-posicion-es-la-del-pp-no-comento-opiniones\/","robots":"max-image-preview:large","keywords":"actualidad","webmasterTools":{"google-site-verification":"UA-38556648-1","msvalidate.01":"7dfe9f3f1b24437ab69f4f2559babe99","miscellaneous":""},"schema":{"@context":"https:\/\/schema.org","@graph":[{"@type":"BlogPosting","@id":"https:\/\/www.eldigitaldeasturias.com\/noticias\/echaniz-sobre-el-aborto-dice-que-su-posicion-es-la-del-pp-no-comento-opiniones\/#blogposting","name":"Ech\u00e1niz sobre el aborto dice que su posici\u00f3n es la del PP, \u00abno comento opiniones\u00bb - El Digital de Asturias","headline":"Ech\u00e1niz sobre el aborto dice que su posici\u00f3n es la del PP, \u00abno comento opiniones\u00bb","author":{"@id":"https:\/\/www.eldigitaldeasturias.com\/noticias\/author\/admin\/#author"},"publisher":{"@id":"https:\/\/www.eldigitaldeasturias.com\/noticias\/#organization"},"image":{"@type":"ImageObject","url":484226},"datePublished":"2014-02-05T22:58:29+01:00","dateModified":"2014-02-05T22:58:29+01:00","inLanguage":"es-ES","mainEntityOfPage":{"@id":"https:\/\/www.eldigitaldeasturias.com\/noticias\/echaniz-sobre-el-aborto-dice-que-su-posicion-es-la-del-pp-no-comento-opiniones\/#webpage"},"isPartOf":{"@id":"https:\/\/www.eldigitaldeasturias.com\/noticias\/echaniz-sobre-el-aborto-dice-que-su-posicion-es-la-del-pp-no-comento-opiniones\/#webpage"},"articleSection":"Actualidad"},{"@type":"BreadcrumbList","@id":"https:\/\/www.eldigitaldeasturias.com\/noticias\/echaniz-sobre-el-aborto-dice-que-su-posicion-es-la-del-pp-no-comento-opiniones\/#breadcrumblist","itemListElement":[{"@type":"ListItem","@id":"https:\/\/www.eldigitaldeasturias.com\/noticias#listItem","position":1,"name":"Home","item":"https:\/\/www.eldigitaldeasturias.com\/noticias","nextItem":{"@type":"ListItem","@id":"https:\/\/www.eldigitaldeasturias.com\/noticias\/category\/actualidad\/#listItem","name":"Actualidad"}},{"@type":"ListItem","@id":"https:\/\/www.eldigitaldeasturias.com\/noticias\/category\/actualidad\/#listItem","position":2,"name":"Actualidad","item":"https:\/\/www.eldigitaldeasturias.com\/noticias\/category\/actualidad\/","nextItem":{"@type":"ListItem","@id":"https:\/\/www.eldigitaldeasturias.com\/noticias\/echaniz-sobre-el-aborto-dice-que-su-posicion-es-la-del-pp-no-comento-opiniones\/#listItem","name":"Ech\u00e1niz sobre el aborto dice que su posici\u00f3n es la del PP, \u00abno comento opiniones\u00bb"},"previousItem":{"@type":"ListItem","@id":"https:\/\/www.eldigitaldeasturias.com\/noticias#listItem","name":"Home"}},{"@type":"ListItem","@id":"https:\/\/www.eldigitaldeasturias.com\/noticias\/echaniz-sobre-el-aborto-dice-que-su-posicion-es-la-del-pp-no-comento-opiniones\/#listItem","position":3,"name":"Ech\u00e1niz sobre el aborto dice que su posici\u00f3n es la del PP, \u00abno comento opiniones\u00bb","previousItem":{"@type":"ListItem","@id":"https:\/\/www.eldigitaldeasturias.com\/noticias\/category\/actualidad\/#listItem","name":"Actualidad"}}]},{"@type":"Organization","@id":"https:\/\/www.eldigitaldeasturias.com\/noticias\/#organization","name":"El Digital de Asturias","description":"Hemeroteca","url":"https:\/\/www.eldigitaldeasturias.com\/noticias\/","email":"info@eldigitaldeasturias.com","telephone":"+34652131393","logo":{"@type":"ImageObject","url":"https:\/\/www.eldigitaldeasturias.com\/noticias\/wp-content\/uploads\/2020\/12\/EDA.jpg","@id":"https:\/\/www.eldigitaldeasturias.com\/noticias\/echaniz-sobre-el-aborto-dice-que-su-posicion-es-la-del-pp-no-comento-opiniones\/#organizationLogo"},"image":{"@id":"https:\/\/www.eldigitaldeasturias.com\/noticias\/echaniz-sobre-el-aborto-dice-que-su-posicion-es-la-del-pp-no-comento-opiniones\/#organizationLogo"},"sameAs":["https:\/\/facebook.com\/eldigitaldeasturias","https:\/\/www.youtube.com\/channel\/UCZP-2wLEB9Rv6erhFmqVnvg"],"address":{"@id":"https:\/\/www.eldigitaldeasturias.com\/noticias\/#postaladdress","@type":"PostalAddress","streetAddress":"san antonio 4","postalCode":"33430","addressLocality":"Cand\u00e1s","addressRegion":"Asturias","addressCountry":"ES"}},{"@type":"Person","@id":"https:\/\/www.eldigitaldeasturias.com\/noticias\/author\/admin\/#author","url":"https:\/\/www.eldigitaldeasturias.com\/noticias\/author\/admin\/","name":"El Digital de Asturias","image":{"@type":"ImageObject","@id":"https:\/\/www.eldigitaldeasturias.com\/noticias\/echaniz-sobre-el-aborto-dice-que-su-posicion-es-la-del-pp-no-comento-opiniones\/#authorImage","url":"https:\/\/secure.gravatar.com\/avatar\/df2aeffc32bcd13f8d26072ef8a91b623d677766deac7f97ca815868cd41bf5e?s=96&d=mm&r=g","width":96,"height":96,"caption":"El Digital de Asturias"}},{"@type":"WebPage","@id":"https:\/\/www.eldigitaldeasturias.com\/noticias\/echaniz-sobre-el-aborto-dice-que-su-posicion-es-la-del-pp-no-comento-opiniones\/#webpage","url":"https:\/\/www.eldigitaldeasturias.com\/noticias\/echaniz-sobre-el-aborto-dice-que-su-posicion-es-la-del-pp-no-comento-opiniones\/","name":"Ech\u00e1niz sobre el aborto dice que su posici\u00f3n es la del PP, \u00abno comento opiniones\u00bb - El Digital de Asturias","description":"Toledo, 5 feb (EFE).- El consejero de Sanidad y Asuntos Sociales de Castilla-La Mancha y responsable de Sanidad del PP, Jos\u00e9 Ignacio Ech\u00e1niz, ha afirmado hoy que su posici\u00f3n sobre la reforma de la ley del aborto es la que ha fijado su partido y se ha negado a comentar \"opiniones personales\" de compa\u00f1eros de","inLanguage":"es-ES","isPartOf":{"@id":"https:\/\/www.eldigitaldeasturias.com\/noticias\/#website"},"breadcrumb":{"@id":"https:\/\/www.eldigitaldeasturias.com\/noticias\/echaniz-sobre-el-aborto-dice-que-su-posicion-es-la-del-pp-no-comento-opiniones\/#breadcrumblist"},"author":{"@id":"https:\/\/www.eldigitaldeasturias.com\/noticias\/author\/admin\/#author"},"creator":{"@id":"https:\/\/www.eldigitaldeasturias.com\/noticias\/author\/admin\/#author"},"image":{"@type":"ImageObject","url":484226,"@id":"https:\/\/www.eldigitaldeasturias.com\/noticias\/echaniz-sobre-el-aborto-dice-que-su-posicion-es-la-del-pp-no-comento-opiniones\/#mainImage"},"primaryImageOfPage":{"@id":"https:\/\/www.eldigitaldeasturias.com\/noticias\/echaniz-sobre-el-aborto-dice-que-su-posicion-es-la-del-pp-no-comento-opiniones\/#mainImage"},"datePublished":"2014-02-05T22:58:29+01:00","dateModified":"2014-02-05T22:58:29+01:00"},{"@type":"WebSite","@id":"https:\/\/www.eldigitaldeasturias.com\/noticias\/#website","url":"https:\/\/www.eldigitaldeasturias.com\/noticias\/","name":"El Digital de Asturias - Diario de actualidad y noticias","alternateName":"El Digital de Asturias - Diario de actualidad y noticias","description":"Hemeroteca","inLanguage":"es-ES","publisher":{"@id":"https:\/\/www.eldigitaldeasturias.com\/noticias\/#organization"}}]},"og:locale":"es_ES","og:site_name":"El Digital de Asturias","og:type":"article","og:title":"Ech\u00e1niz sobre el aborto dice que su posici\u00f3n es la del PP, \u00abno comento opiniones\u00bb - El Digital de Asturias","og:description":"Toledo, 5 feb (EFE).- El consejero de Sanidad y Asuntos Sociales de Castilla-La Mancha y responsable de Sanidad del PP, Jos\u00e9 Ignacio Ech\u00e1niz, ha afirmado hoy que su posici\u00f3n sobre la reforma de la ley del aborto es la que ha fijado su partido y se ha negado a comentar &quot;opiniones personales&quot; de compa\u00f1eros de","og:url":"https:\/\/www.eldigitaldeasturias.com\/noticias\/echaniz-sobre-el-aborto-dice-que-su-posicion-es-la-del-pp-no-comento-opiniones\/","article:tag":["actualidad"],"article:published_time":"2014-02-05T23:58:29+00:00","article:modified_time":"2014-02-05T23:58:29+00:00","article:publisher":"https:\/\/facebook.com\/eldigitaldeasturias","twitter:card":"summary_large_image","twitter:title":"Ech\u00e1niz sobre el aborto dice que su posici\u00f3n es la del PP, \u00abno comento opiniones\u00bb - El Digital de Asturias","twitter:description":"Toledo, 5 feb (EFE).- El consejero de Sanidad y Asuntos Sociales de Castilla-La Mancha y responsable de Sanidad del PP, Jos\u00e9 Ignacio Ech\u00e1niz, ha afirmado hoy que su posici\u00f3n sobre la reforma de la ley del aborto es la que ha fijado su partido y se ha negado a comentar &quot;opiniones personales&quot; de compa\u00f1eros de","twitter:label1":"Escrito por","twitter:data1":"El Digital de Asturias","twitter:label2":"Tiempo de lectura estimado","twitter:data2":"1 minuto"},"aioseo_meta_data":{"post_id":"484225","title":null,"description":null,"keywords":null,"keyphrases":null,"primary_term":null,"canonical_url":null,"og_title":null,"og_description":null,"og_object_type":"default","og_image_type":"default","og_image_url":null,"og_image_width":null,"og_image_height":null,"og_image_custom_url":null,"og_image_custom_fields":null,"og_video":null,"og_custom_url":null,"og_article_section":null,"og_article_tags":null,"twitter_use_og":true,"twitter_card":"default","twitter_image_type":"default","twitter_image_url":null,"twitter_image_custom_url":null,"twitter_image_custom_fields":null,"twitter_title":null,"twitter_description":null,"schema":{"blockGraphs":[],"customGraphs":[],"default":{"data":{"Article":[],"Course":[],"Dataset":[],"FAQPage":[],"Movie":[],"Person":[],"Product":[],"ProductReview":[],"Car":[],"Recipe":[],"Service":[],"SoftwareApplication":[],"WebPage":[]},"graphName":"","isEnabled":true},"graphs":[],"defaultGraph":"","defaultPostTypeGraph":""},"schema_type":null,"schema_type_options":null,"pillar_content":false,"robots_default":true,"robots_noindex":false,"robots_noarchive":false,"robots_nosnippet":false,"robots_nofollow":false,"robots_noimageindex":false,"robots_noodp":false,"robots_notranslate":false,"robots_max_snippet":null,"robots_max_videopreview":null,"robots_max_imagepreview":"none","priority":null,"frequency":null,"local_seo":null,"seo_analyzer_scan_date":"2026-06-02 15:13:46","breadcrumb_settings":null,"limit_modified_date":false,"open_ai":null,"ai":null,"created":"2020-11-14 22:55:03","updated":"2026-06-02 15:13:46","focus_keyword":null,"additional_keywords":null,"truseo_locale":null},"aioseo_breadcrumb":"<div class=\"aioseo-breadcrumbs\"><span class=\"aioseo-breadcrumb\">\n\t<a href=\"https:\/\/www.eldigitaldeasturias.com\/noticias\" title=\"Home\">Home<\/a>\n<\/span><span class=\"aioseo-breadcrumb-separator\">\u2013<\/span><span class=\"aioseo-breadcrumb\">\n\t<a href=\"https:\/\/www.eldigitaldeasturias.com\/noticias\/category\/actualidad\/\" title=\"Actualidad\">Actualidad<\/a>\n<\/span><span class=\"aioseo-breadcrumb-separator\">\u2013<\/span><span class=\"aioseo-breadcrumb\">\n\t<a href=\"https:\/\/www.eldigitaldeasturias.com\/noticias\/echaniz-sobre-el-aborto-dice-que-su-posicion-es-la-del-pp-no-comento-opiniones\/\" title=\"Ech\u00e1niz sobre el aborto dice que su posici\u00f3n es la del PP, \u00abno comento opiniones\u00bb\">Ech\u00e1niz sobre el aborto dice que su posici\u00f3n es la del PP, \u00abno comento opiniones\u00bb<\/a>\n<\/span><\/div>","aioseo_breadcrumb_json":[{"label":"Home","link":"https:\/\/www.eldigitaldeasturias.com\/noticias"},{"label":"Actualidad","link":"https:\/\/www.eldigitaldeasturias.com\/noticias\/category\/actualidad\/"},{"label":"Ech\u00e1niz sobre el aborto dice que su posici\u00f3n es la del PP, \u00abno comento opiniones\u00bb","link":"https:\/\/www.eldigitaldeasturias.com\/noticias\/echaniz-sobre-el-aborto-dice-que-su-posicion-es-la-del-pp-no-comento-opiniones\/"}],"_links":{"self":[{"href":"https:\/\/www.eldigitaldeasturias.com\/noticias\/wp-json\/wp\/v2\/posts\/484225","targetHints":{"allow":["GET"]}}],"collection":[{"href":"https:\/\/www.eldigitaldeasturias.com\/noticias\/wp-json\/wp\/v2\/posts"}],"about":[{"href":"https:\/\/www.eldigitaldeasturias.com\/noticias\/wp-json\/wp\/v2\/types\/post"}],"author":[{"embeddable":true,"href":"https:\/\/www.eldigitaldeasturias.com\/noticias\/wp-json\/wp\/v2\/users\/1"}],"replies":[{"embeddable":true,"href":"https:\/\/www.eldigitaldeasturias.com\/noticias\/wp-json\/wp\/v2\/comments?post=484225"}],"version-history":[{"count":0,"href":"https:\/\/www.eldigitaldeasturias.com\/noticias\/wp-json\/wp\/v2\/posts\/484225\/revisions"}],"wp:attachment":[{"href":"https:\/\/www.eldigitaldeasturias.com\/noticias\/wp-json\/wp\/v2\/media?parent=484225"}],"wp:term":[{"taxonomy":"category","embeddable":true,"href":"https:\/\/www.eldigitaldeasturias.com\/noticias\/wp-json\/wp\/v2\/categories?post=484225"},{"taxonomy":"post_tag","embeddable":true,"href":"https:\/\/www.eldigitaldeasturias.com\/noticias\/wp-json\/wp\/v2\/tags?post=484225"}],"curies":[{"name":"wp","href":"https:\/\/api.w.org\/{rel}","templated":true}]}}