{"id":484219,"date":"2014-02-05T22:56:46","date_gmt":"2014-02-05T23:56:46","guid":{"rendered":"http:\/\/www.eldigitaldeasturias.com\/noticias\/?p=484219"},"modified":"2014-02-05T22:56:46","modified_gmt":"2014-02-05T23:56:46","slug":"laura-martin-viuda-de-una-victima-de-los-gal-nueva-vicepresidenta-de-covite","status":"publish","type":"post","link":"https:\/\/www.eldigitaldeasturias.com\/noticias\/laura-martin-viuda-de-una-victima-de-los-gal-nueva-vicepresidenta-de-covite\/","title":{"rendered":"Laura Mart\u00edn, viuda de una v\u00edctima de los GAL, nueva vicepresidenta de Covite"},"content":{"rendered":"<p><img loading=\"lazy\" decoding=\"async\" class=\"alignleft size-medium wp-image-484220\" alt=\"5912370w\" src=\"https:\/\/www.eldigitaldeasturias.com\/noticias\/wp-content\/uploads\/2014\/02\/5912370w-214x320.jpg\" width=\"214\" height=\"320\" \/>San Sebasti\u00e1n, 5 feb (EFE).- Laura Mart\u00edn, viuda de Juan Carlos Garc\u00eda Goena, \u00faltima v\u00edctima de los GAL, asesinado en 1987, ha sido designada hoy como vicepresidenta del Colectivo de V\u00edctimas del Terrorismo en el Pa\u00eds Vasco, Covite, por el equipo directivo de esta asociaci\u00f3n.<\/p>\n<p>Mart\u00edn, cuyo marido era un objetor de conciencia que se exili\u00f3 en Francia y que fue asesinado por los GAL, que lo confundieron con un miembro de ETA, sustituye de esta manera a Maite Pagazaurtudua, quien ha pedido ser reemplazada en el cargo en cumplimiento del c\u00f3digo deontol\u00f3gico de Covite, tras ser elegida como n\u00famero dos en la candidatura de UPyD a las pr\u00f3ximas elecciones europeas.<\/p>\n<p>La decisi\u00f3n fue adoptada ayer por la direcci\u00f3n de Covite, que ha agradecido a Pagazaurtundua la \u00abintensa labor\u00bb que ha desarrollado en este colectivo, \u00abespecialmente a lo largo del \u00faltimo a\u00f1o, en el que se ha volcado de lleno implic\u00e1ndose en todos y cada uno de los proyectos que la asociaci\u00f3n ha sacado adelante\u00bb.<\/p>\n<p>Seg\u00fan explica este colectivo en una nota, Laura Mart\u00edn forma parte de su direcci\u00f3n desde enero de 2013, cuando decidi\u00f3 sumarse al equipo coordinador, con el que \u00abcomparte el objetivo com\u00fan de luchar por que la memoria, la dignidad y la justicia sean una realidad para todas las v\u00edctimas del terrorismo\u00bb.<\/p>\n","protected":false},"excerpt":{"rendered":"<p>San Sebasti\u00e1n, 5 feb (EFE).- Laura Mart\u00edn, viuda de Juan Carlos Garc\u00eda Goena, \u00faltima v\u00edctima de los GAL, asesinado en 1987, ha sido designada hoy como vicepresidenta del Colectivo de V\u00edctimas del Terrorismo en el Pa\u00eds Vasco, Covite, por el equipo directivo de esta asociaci\u00f3n. Mart\u00edn, cuyo marido era un objetor de conciencia que se [&hellip;]<\/p>\n","protected":false},"author":1,"featured_media":484220,"comment_status":"closed","ping_status":"open","sticky":false,"template":"","format":"standard","meta":{"footnotes":""},"categories":[1],"tags":[],"class_list":["post-484219","post","type-post","status-publish","format-standard","has-post-thumbnail","hentry","category-actualidad"],"aioseo_notices":[],"aioseo_head":"\n\t\t<!-- All in One SEO Pro 5.0.1 - aioseo.com -->\n\t<meta name=\"description\" content=\"San Sebasti\u00e1n, 5 feb (EFE).- Laura Mart\u00edn, viuda de Juan Carlos Garc\u00eda Goena, \u00faltima v\u00edctima de los GAL, asesinado en 1987, ha sido designada hoy como vicepresidenta del Colectivo de V\u00edctimas del Terrorismo en el Pa\u00eds Vasco, Covite, por el equipo directivo de esta asociaci\u00f3n. Mart\u00edn, cuyo marido era un objetor de conciencia que se\" \/>\n\t<meta name=\"robots\" content=\"max-image-preview:large\" \/>\n\t<meta name=\"author\" content=\"El Digital de Asturias\"\/>\n\t<meta name=\"google-site-verification\" content=\"UA-38556648-1\" \/>\n\t<meta name=\"msvalidate.01\" content=\"7dfe9f3f1b24437ab69f4f2559babe99\" \/>\n\t<meta name=\"keywords\" content=\"actualidad\" \/>\n\t<link rel=\"canonical\" href=\"https:\/\/www.eldigitaldeasturias.com\/noticias\/laura-martin-viuda-de-una-victima-de-los-gal-nueva-vicepresidenta-de-covite\/\" \/>\n\t<meta name=\"generator\" content=\"All in One SEO Pro (AIOSEO) 5.0.1\" \/>\n\t\t<meta property=\"og:locale\" content=\"es_ES\" \/>\n\t\t<meta property=\"og:site_name\" content=\"El Digital de Asturias\" \/>\n\t\t<meta property=\"og:type\" content=\"article\" \/>\n\t\t<meta property=\"og:title\" content=\"Laura Mart\u00edn, viuda de una v\u00edctima de los GAL, nueva vicepresidenta de Covite - El Digital de Asturias\" \/>\n\t\t<meta property=\"og:description\" content=\"San Sebasti\u00e1n, 5 feb (EFE).- Laura Mart\u00edn, viuda de Juan Carlos Garc\u00eda Goena, \u00faltima v\u00edctima de los GAL, asesinado en 1987, ha sido designada hoy como vicepresidenta del Colectivo de V\u00edctimas del Terrorismo en el Pa\u00eds Vasco, Covite, por el equipo directivo de esta asociaci\u00f3n. Mart\u00edn, cuyo marido era un objetor de conciencia que se\" \/>\n\t\t<meta property=\"og:url\" content=\"https:\/\/www.eldigitaldeasturias.com\/noticias\/laura-martin-viuda-de-una-victima-de-los-gal-nueva-vicepresidenta-de-covite\/\" \/>\n\t\t<meta property=\"article:tag\" content=\"actualidad\" \/>\n\t\t<meta property=\"article:published_time\" content=\"2014-02-05T23:56:46+00:00\" \/>\n\t\t<meta property=\"article:modified_time\" content=\"2014-02-05T23:56:46+00:00\" \/>\n\t\t<meta property=\"article:publisher\" content=\"https:\/\/facebook.com\/eldigitaldeasturias\" \/>\n\t\t<meta name=\"twitter:card\" content=\"summary_large_image\" \/>\n\t\t<meta name=\"twitter:title\" content=\"Laura Mart\u00edn, viuda de una v\u00edctima de los GAL, nueva vicepresidenta de Covite - El Digital de Asturias\" \/>\n\t\t<meta name=\"twitter:description\" content=\"San Sebasti\u00e1n, 5 feb (EFE).- Laura Mart\u00edn, viuda de Juan Carlos Garc\u00eda Goena, \u00faltima v\u00edctima de los GAL, asesinado en 1987, ha sido designada hoy como vicepresidenta del Colectivo de V\u00edctimas del Terrorismo en el Pa\u00eds Vasco, Covite, por el equipo directivo de esta asociaci\u00f3n. Mart\u00edn, cuyo marido era un objetor de conciencia que se\" \/>\n\t\t<meta name=\"twitter:label1\" content=\"Escrito por\" \/>\n\t\t<meta name=\"twitter:data1\" content=\"El Digital de Asturias\" \/>\n\t\t<meta name=\"twitter:label2\" content=\"Tiempo de lectura estimado\" \/>\n\t\t<meta name=\"twitter:data2\" content=\"1 minuto\" \/>\n\t\t<script type=\"application\/ld+json\" class=\"aioseo-schema\">\n\t\t\t{\"@context\":\"https:\\\/\\\/schema.org\",\"@graph\":[{\"@type\":\"BlogPosting\",\"@id\":\"https:\\\/\\\/www.eldigitaldeasturias.com\\\/noticias\\\/laura-martin-viuda-de-una-victima-de-los-gal-nueva-vicepresidenta-de-covite\\\/#blogposting\",\"name\":\"Laura Mart\\u00edn, viuda de una v\\u00edctima de los GAL, nueva vicepresidenta de Covite - El Digital de Asturias\",\"headline\":\"Laura Mart\\u00edn, viuda de una v\\u00edctima de los GAL, nueva vicepresidenta de Covite\",\"author\":{\"@id\":\"https:\\\/\\\/www.eldigitaldeasturias.com\\\/noticias\\\/author\\\/admin\\\/#author\"},\"publisher\":{\"@id\":\"https:\\\/\\\/www.eldigitaldeasturias.com\\\/noticias\\\/#organization\"},\"image\":{\"@type\":\"ImageObject\",\"url\":484220},\"datePublished\":\"2014-02-05T22:56:46+01:00\",\"dateModified\":\"2014-02-05T22:56:46+01:00\",\"inLanguage\":\"es-ES\",\"mainEntityOfPage\":{\"@id\":\"https:\\\/\\\/www.eldigitaldeasturias.com\\\/noticias\\\/laura-martin-viuda-de-una-victima-de-los-gal-nueva-vicepresidenta-de-covite\\\/#webpage\"},\"isPartOf\":{\"@id\":\"https:\\\/\\\/www.eldigitaldeasturias.com\\\/noticias\\\/laura-martin-viuda-de-una-victima-de-los-gal-nueva-vicepresidenta-de-covite\\\/#webpage\"},\"articleSection\":\"Actualidad\"},{\"@type\":\"BreadcrumbList\",\"@id\":\"https:\\\/\\\/www.eldigitaldeasturias.com\\\/noticias\\\/laura-martin-viuda-de-una-victima-de-los-gal-nueva-vicepresidenta-de-covite\\\/#breadcrumblist\",\"itemListElement\":[{\"@type\":\"ListItem\",\"@id\":\"https:\\\/\\\/www.eldigitaldeasturias.com\\\/noticias#listItem\",\"position\":1,\"name\":\"Home\",\"item\":\"https:\\\/\\\/www.eldigitaldeasturias.com\\\/noticias\",\"nextItem\":{\"@type\":\"ListItem\",\"@id\":\"https:\\\/\\\/www.eldigitaldeasturias.com\\\/noticias\\\/category\\\/actualidad\\\/#listItem\",\"name\":\"Actualidad\"}},{\"@type\":\"ListItem\",\"@id\":\"https:\\\/\\\/www.eldigitaldeasturias.com\\\/noticias\\\/category\\\/actualidad\\\/#listItem\",\"position\":2,\"name\":\"Actualidad\",\"item\":\"https:\\\/\\\/www.eldigitaldeasturias.com\\\/noticias\\\/category\\\/actualidad\\\/\",\"nextItem\":{\"@type\":\"ListItem\",\"@id\":\"https:\\\/\\\/www.eldigitaldeasturias.com\\\/noticias\\\/laura-martin-viuda-de-una-victima-de-los-gal-nueva-vicepresidenta-de-covite\\\/#listItem\",\"name\":\"Laura Mart\\u00edn, viuda de una v\\u00edctima de los GAL, nueva vicepresidenta de Covite\"},\"previousItem\":{\"@type\":\"ListItem\",\"@id\":\"https:\\\/\\\/www.eldigitaldeasturias.com\\\/noticias#listItem\",\"name\":\"Home\"}},{\"@type\":\"ListItem\",\"@id\":\"https:\\\/\\\/www.eldigitaldeasturias.com\\\/noticias\\\/laura-martin-viuda-de-una-victima-de-los-gal-nueva-vicepresidenta-de-covite\\\/#listItem\",\"position\":3,\"name\":\"Laura Mart\\u00edn, viuda de una v\\u00edctima de los GAL, nueva vicepresidenta de Covite\",\"previousItem\":{\"@type\":\"ListItem\",\"@id\":\"https:\\\/\\\/www.eldigitaldeasturias.com\\\/noticias\\\/category\\\/actualidad\\\/#listItem\",\"name\":\"Actualidad\"}}]},{\"@type\":\"Organization\",\"@id\":\"https:\\\/\\\/www.eldigitaldeasturias.com\\\/noticias\\\/#organization\",\"name\":\"El Digital de Asturias\",\"description\":\"Hemeroteca\",\"url\":\"https:\\\/\\\/www.eldigitaldeasturias.com\\\/noticias\\\/\",\"email\":\"info@eldigitaldeasturias.com\",\"telephone\":\"+34652131393\",\"logo\":{\"@type\":\"ImageObject\",\"url\":\"https:\\\/\\\/www.eldigitaldeasturias.com\\\/noticias\\\/wp-content\\\/uploads\\\/2020\\\/12\\\/EDA.jpg\",\"@id\":\"https:\\\/\\\/www.eldigitaldeasturias.com\\\/noticias\\\/laura-martin-viuda-de-una-victima-de-los-gal-nueva-vicepresidenta-de-covite\\\/#organizationLogo\"},\"image\":{\"@id\":\"https:\\\/\\\/www.eldigitaldeasturias.com\\\/noticias\\\/laura-martin-viuda-de-una-victima-de-los-gal-nueva-vicepresidenta-de-covite\\\/#organizationLogo\"},\"sameAs\":[\"https:\\\/\\\/facebook.com\\\/eldigitaldeasturias\",\"https:\\\/\\\/www.youtube.com\\\/channel\\\/UCZP-2wLEB9Rv6erhFmqVnvg\"],\"address\":{\"@id\":\"https:\\\/\\\/www.eldigitaldeasturias.com\\\/noticias\\\/#postaladdress\",\"@type\":\"PostalAddress\",\"streetAddress\":\"san antonio 4\",\"postalCode\":\"33430\",\"addressLocality\":\"Cand\\u00e1s\",\"addressRegion\":\"Asturias\",\"addressCountry\":\"ES\"}},{\"@type\":\"Person\",\"@id\":\"https:\\\/\\\/www.eldigitaldeasturias.com\\\/noticias\\\/author\\\/admin\\\/#author\",\"url\":\"https:\\\/\\\/www.eldigitaldeasturias.com\\\/noticias\\\/author\\\/admin\\\/\",\"name\":\"El Digital de Asturias\",\"image\":{\"@type\":\"ImageObject\",\"@id\":\"https:\\\/\\\/www.eldigitaldeasturias.com\\\/noticias\\\/laura-martin-viuda-de-una-victima-de-los-gal-nueva-vicepresidenta-de-covite\\\/#authorImage\",\"url\":\"https:\\\/\\\/secure.gravatar.com\\\/avatar\\\/df2aeffc32bcd13f8d26072ef8a91b623d677766deac7f97ca815868cd41bf5e?s=96&d=mm&r=g\",\"width\":96,\"height\":96,\"caption\":\"El Digital de Asturias\"}},{\"@type\":\"WebPage\",\"@id\":\"https:\\\/\\\/www.eldigitaldeasturias.com\\\/noticias\\\/laura-martin-viuda-de-una-victima-de-los-gal-nueva-vicepresidenta-de-covite\\\/#webpage\",\"url\":\"https:\\\/\\\/www.eldigitaldeasturias.com\\\/noticias\\\/laura-martin-viuda-de-una-victima-de-los-gal-nueva-vicepresidenta-de-covite\\\/\",\"name\":\"Laura Mart\\u00edn, viuda de una v\\u00edctima de los GAL, nueva vicepresidenta de Covite - El Digital de Asturias\",\"description\":\"San Sebasti\\u00e1n, 5 feb (EFE).- Laura Mart\\u00edn, viuda de Juan Carlos Garc\\u00eda Goena, \\u00faltima v\\u00edctima de los GAL, asesinado en 1987, ha sido designada hoy como vicepresidenta del Colectivo de V\\u00edctimas del Terrorismo en el Pa\\u00eds Vasco, Covite, por el equipo directivo de esta asociaci\\u00f3n. Mart\\u00edn, cuyo marido era un objetor de conciencia que se\",\"inLanguage\":\"es-ES\",\"isPartOf\":{\"@id\":\"https:\\\/\\\/www.eldigitaldeasturias.com\\\/noticias\\\/#website\"},\"breadcrumb\":{\"@id\":\"https:\\\/\\\/www.eldigitaldeasturias.com\\\/noticias\\\/laura-martin-viuda-de-una-victima-de-los-gal-nueva-vicepresidenta-de-covite\\\/#breadcrumblist\"},\"author\":{\"@id\":\"https:\\\/\\\/www.eldigitaldeasturias.com\\\/noticias\\\/author\\\/admin\\\/#author\"},\"creator\":{\"@id\":\"https:\\\/\\\/www.eldigitaldeasturias.com\\\/noticias\\\/author\\\/admin\\\/#author\"},\"image\":{\"@type\":\"ImageObject\",\"url\":484220,\"@id\":\"https:\\\/\\\/www.eldigitaldeasturias.com\\\/noticias\\\/laura-martin-viuda-de-una-victima-de-los-gal-nueva-vicepresidenta-de-covite\\\/#mainImage\"},\"primaryImageOfPage\":{\"@id\":\"https:\\\/\\\/www.eldigitaldeasturias.com\\\/noticias\\\/laura-martin-viuda-de-una-victima-de-los-gal-nueva-vicepresidenta-de-covite\\\/#mainImage\"},\"datePublished\":\"2014-02-05T22:56:46+01:00\",\"dateModified\":\"2014-02-05T22:56:46+01:00\"},{\"@type\":\"WebSite\",\"@id\":\"https:\\\/\\\/www.eldigitaldeasturias.com\\\/noticias\\\/#website\",\"url\":\"https:\\\/\\\/www.eldigitaldeasturias.com\\\/noticias\\\/\",\"name\":\"El Digital de Asturias - Diario de actualidad y noticias\",\"alternateName\":\"El Digital de Asturias - Diario de actualidad y noticias\",\"description\":\"Hemeroteca\",\"inLanguage\":\"es-ES\",\"publisher\":{\"@id\":\"https:\\\/\\\/www.eldigitaldeasturias.com\\\/noticias\\\/#organization\"}}]}\n\t\t<\/script>\n\t\t<!-- All in One SEO Pro -->\r\n\t\t<title>Laura Mart\u00edn, viuda de una v\u00edctima de los GAL, nueva vicepresidenta de Covite - El Digital de Asturias<\/title>\n\n","aioseo_head_json":{"title":"Laura Mart\u00edn, viuda de una v\u00edctima de los GAL, nueva vicepresidenta de Covite - El Digital de Asturias","description":"San Sebasti\u00e1n, 5 feb (EFE).- Laura Mart\u00edn, viuda de Juan Carlos Garc\u00eda Goena, \u00faltima v\u00edctima de los GAL, asesinado en 1987, ha sido designada hoy como vicepresidenta del Colectivo de V\u00edctimas del Terrorismo en el Pa\u00eds Vasco, Covite, por el equipo directivo de esta asociaci\u00f3n. Mart\u00edn, cuyo marido era un objetor de conciencia que se","canonical_url":"https:\/\/www.eldigitaldeasturias.com\/noticias\/laura-martin-viuda-de-una-victima-de-los-gal-nueva-vicepresidenta-de-covite\/","robots":"max-image-preview:large","keywords":"actualidad","webmasterTools":{"google-site-verification":"UA-38556648-1","msvalidate.01":"7dfe9f3f1b24437ab69f4f2559babe99","miscellaneous":""},"schema":{"@context":"https:\/\/schema.org","@graph":[{"@type":"BlogPosting","@id":"https:\/\/www.eldigitaldeasturias.com\/noticias\/laura-martin-viuda-de-una-victima-de-los-gal-nueva-vicepresidenta-de-covite\/#blogposting","name":"Laura Mart\u00edn, viuda de una v\u00edctima de los GAL, nueva vicepresidenta de Covite - El Digital de Asturias","headline":"Laura Mart\u00edn, viuda de una v\u00edctima de los GAL, nueva vicepresidenta de Covite","author":{"@id":"https:\/\/www.eldigitaldeasturias.com\/noticias\/author\/admin\/#author"},"publisher":{"@id":"https:\/\/www.eldigitaldeasturias.com\/noticias\/#organization"},"image":{"@type":"ImageObject","url":484220},"datePublished":"2014-02-05T22:56:46+01:00","dateModified":"2014-02-05T22:56:46+01:00","inLanguage":"es-ES","mainEntityOfPage":{"@id":"https:\/\/www.eldigitaldeasturias.com\/noticias\/laura-martin-viuda-de-una-victima-de-los-gal-nueva-vicepresidenta-de-covite\/#webpage"},"isPartOf":{"@id":"https:\/\/www.eldigitaldeasturias.com\/noticias\/laura-martin-viuda-de-una-victima-de-los-gal-nueva-vicepresidenta-de-covite\/#webpage"},"articleSection":"Actualidad"},{"@type":"BreadcrumbList","@id":"https:\/\/www.eldigitaldeasturias.com\/noticias\/laura-martin-viuda-de-una-victima-de-los-gal-nueva-vicepresidenta-de-covite\/#breadcrumblist","itemListElement":[{"@type":"ListItem","@id":"https:\/\/www.eldigitaldeasturias.com\/noticias#listItem","position":1,"name":"Home","item":"https:\/\/www.eldigitaldeasturias.com\/noticias","nextItem":{"@type":"ListItem","@id":"https:\/\/www.eldigitaldeasturias.com\/noticias\/category\/actualidad\/#listItem","name":"Actualidad"}},{"@type":"ListItem","@id":"https:\/\/www.eldigitaldeasturias.com\/noticias\/category\/actualidad\/#listItem","position":2,"name":"Actualidad","item":"https:\/\/www.eldigitaldeasturias.com\/noticias\/category\/actualidad\/","nextItem":{"@type":"ListItem","@id":"https:\/\/www.eldigitaldeasturias.com\/noticias\/laura-martin-viuda-de-una-victima-de-los-gal-nueva-vicepresidenta-de-covite\/#listItem","name":"Laura Mart\u00edn, viuda de una v\u00edctima de los GAL, nueva vicepresidenta de Covite"},"previousItem":{"@type":"ListItem","@id":"https:\/\/www.eldigitaldeasturias.com\/noticias#listItem","name":"Home"}},{"@type":"ListItem","@id":"https:\/\/www.eldigitaldeasturias.com\/noticias\/laura-martin-viuda-de-una-victima-de-los-gal-nueva-vicepresidenta-de-covite\/#listItem","position":3,"name":"Laura Mart\u00edn, viuda de una v\u00edctima de los GAL, nueva vicepresidenta de Covite","previousItem":{"@type":"ListItem","@id":"https:\/\/www.eldigitaldeasturias.com\/noticias\/category\/actualidad\/#listItem","name":"Actualidad"}}]},{"@type":"Organization","@id":"https:\/\/www.eldigitaldeasturias.com\/noticias\/#organization","name":"El Digital de Asturias","description":"Hemeroteca","url":"https:\/\/www.eldigitaldeasturias.com\/noticias\/","email":"info@eldigitaldeasturias.com","telephone":"+34652131393","logo":{"@type":"ImageObject","url":"https:\/\/www.eldigitaldeasturias.com\/noticias\/wp-content\/uploads\/2020\/12\/EDA.jpg","@id":"https:\/\/www.eldigitaldeasturias.com\/noticias\/laura-martin-viuda-de-una-victima-de-los-gal-nueva-vicepresidenta-de-covite\/#organizationLogo"},"image":{"@id":"https:\/\/www.eldigitaldeasturias.com\/noticias\/laura-martin-viuda-de-una-victima-de-los-gal-nueva-vicepresidenta-de-covite\/#organizationLogo"},"sameAs":["https:\/\/facebook.com\/eldigitaldeasturias","https:\/\/www.youtube.com\/channel\/UCZP-2wLEB9Rv6erhFmqVnvg"],"address":{"@id":"https:\/\/www.eldigitaldeasturias.com\/noticias\/#postaladdress","@type":"PostalAddress","streetAddress":"san antonio 4","postalCode":"33430","addressLocality":"Cand\u00e1s","addressRegion":"Asturias","addressCountry":"ES"}},{"@type":"Person","@id":"https:\/\/www.eldigitaldeasturias.com\/noticias\/author\/admin\/#author","url":"https:\/\/www.eldigitaldeasturias.com\/noticias\/author\/admin\/","name":"El Digital de Asturias","image":{"@type":"ImageObject","@id":"https:\/\/www.eldigitaldeasturias.com\/noticias\/laura-martin-viuda-de-una-victima-de-los-gal-nueva-vicepresidenta-de-covite\/#authorImage","url":"https:\/\/secure.gravatar.com\/avatar\/df2aeffc32bcd13f8d26072ef8a91b623d677766deac7f97ca815868cd41bf5e?s=96&d=mm&r=g","width":96,"height":96,"caption":"El Digital de Asturias"}},{"@type":"WebPage","@id":"https:\/\/www.eldigitaldeasturias.com\/noticias\/laura-martin-viuda-de-una-victima-de-los-gal-nueva-vicepresidenta-de-covite\/#webpage","url":"https:\/\/www.eldigitaldeasturias.com\/noticias\/laura-martin-viuda-de-una-victima-de-los-gal-nueva-vicepresidenta-de-covite\/","name":"Laura Mart\u00edn, viuda de una v\u00edctima de los GAL, nueva vicepresidenta de Covite - El Digital de Asturias","description":"San Sebasti\u00e1n, 5 feb (EFE).- Laura Mart\u00edn, viuda de Juan Carlos Garc\u00eda Goena, \u00faltima v\u00edctima de los GAL, asesinado en 1987, ha sido designada hoy como vicepresidenta del Colectivo de V\u00edctimas del Terrorismo en el Pa\u00eds Vasco, Covite, por el equipo directivo de esta asociaci\u00f3n. Mart\u00edn, cuyo marido era un objetor de conciencia que se","inLanguage":"es-ES","isPartOf":{"@id":"https:\/\/www.eldigitaldeasturias.com\/noticias\/#website"},"breadcrumb":{"@id":"https:\/\/www.eldigitaldeasturias.com\/noticias\/laura-martin-viuda-de-una-victima-de-los-gal-nueva-vicepresidenta-de-covite\/#breadcrumblist"},"author":{"@id":"https:\/\/www.eldigitaldeasturias.com\/noticias\/author\/admin\/#author"},"creator":{"@id":"https:\/\/www.eldigitaldeasturias.com\/noticias\/author\/admin\/#author"},"image":{"@type":"ImageObject","url":484220,"@id":"https:\/\/www.eldigitaldeasturias.com\/noticias\/laura-martin-viuda-de-una-victima-de-los-gal-nueva-vicepresidenta-de-covite\/#mainImage"},"primaryImageOfPage":{"@id":"https:\/\/www.eldigitaldeasturias.com\/noticias\/laura-martin-viuda-de-una-victima-de-los-gal-nueva-vicepresidenta-de-covite\/#mainImage"},"datePublished":"2014-02-05T22:56:46+01:00","dateModified":"2014-02-05T22:56:46+01:00"},{"@type":"WebSite","@id":"https:\/\/www.eldigitaldeasturias.com\/noticias\/#website","url":"https:\/\/www.eldigitaldeasturias.com\/noticias\/","name":"El Digital de Asturias - Diario de actualidad y noticias","alternateName":"El Digital de Asturias - Diario de actualidad y noticias","description":"Hemeroteca","inLanguage":"es-ES","publisher":{"@id":"https:\/\/www.eldigitaldeasturias.com\/noticias\/#organization"}}]},"og:locale":"es_ES","og:site_name":"El Digital de Asturias","og:type":"article","og:title":"Laura Mart\u00edn, viuda de una v\u00edctima de los GAL, nueva vicepresidenta de Covite - El Digital de Asturias","og:description":"San Sebasti\u00e1n, 5 feb (EFE).- Laura Mart\u00edn, viuda de Juan Carlos Garc\u00eda Goena, \u00faltima v\u00edctima de los GAL, asesinado en 1987, ha sido designada hoy como vicepresidenta del Colectivo de V\u00edctimas del Terrorismo en el Pa\u00eds Vasco, Covite, por el equipo directivo de esta asociaci\u00f3n. Mart\u00edn, cuyo marido era un objetor de conciencia que se","og:url":"https:\/\/www.eldigitaldeasturias.com\/noticias\/laura-martin-viuda-de-una-victima-de-los-gal-nueva-vicepresidenta-de-covite\/","article:tag":["actualidad"],"article:published_time":"2014-02-05T23:56:46+00:00","article:modified_time":"2014-02-05T23:56:46+00:00","article:publisher":"https:\/\/facebook.com\/eldigitaldeasturias","twitter:card":"summary_large_image","twitter:title":"Laura Mart\u00edn, viuda de una v\u00edctima de los GAL, nueva vicepresidenta de Covite - El Digital de Asturias","twitter:description":"San Sebasti\u00e1n, 5 feb (EFE).- Laura Mart\u00edn, viuda de Juan Carlos Garc\u00eda Goena, \u00faltima v\u00edctima de los GAL, asesinado en 1987, ha sido designada hoy como vicepresidenta del Colectivo de V\u00edctimas del Terrorismo en el Pa\u00eds Vasco, Covite, por el equipo directivo de esta asociaci\u00f3n. Mart\u00edn, cuyo marido era un objetor de conciencia que se","twitter:label1":"Escrito por","twitter:data1":"El Digital de Asturias","twitter:label2":"Tiempo de lectura estimado","twitter:data2":"1 minuto"},"aioseo_meta_data":{"post_id":"484219","title":null,"description":null,"keywords":null,"keyphrases":null,"primary_term":null,"canonical_url":null,"og_title":null,"og_description":null,"og_object_type":"default","og_image_type":"default","og_image_url":null,"og_image_width":null,"og_image_height":null,"og_image_custom_url":null,"og_image_custom_fields":null,"og_video":null,"og_custom_url":null,"og_article_section":null,"og_article_tags":null,"twitter_use_og":true,"twitter_card":"default","twitter_image_type":"default","twitter_image_url":null,"twitter_image_custom_url":null,"twitter_image_custom_fields":null,"twitter_title":null,"twitter_description":null,"schema":{"blockGraphs":[],"customGraphs":[],"default":{"data":{"Article":[],"Course":[],"Dataset":[],"FAQPage":[],"Movie":[],"Person":[],"Product":[],"ProductReview":[],"Car":[],"Recipe":[],"Service":[],"SoftwareApplication":[],"WebPage":[]},"graphName":"","isEnabled":true},"graphs":[],"defaultGraph":"","defaultPostTypeGraph":""},"schema_type":null,"schema_type_options":null,"pillar_content":false,"robots_default":true,"robots_noindex":false,"robots_noarchive":false,"robots_nosnippet":false,"robots_nofollow":false,"robots_noimageindex":false,"robots_noodp":false,"robots_notranslate":false,"robots_max_snippet":null,"robots_max_videopreview":null,"robots_max_imagepreview":"none","priority":null,"frequency":null,"local_seo":null,"seo_analyzer_scan_date":"2026-06-02 15:13:45","breadcrumb_settings":null,"limit_modified_date":false,"open_ai":null,"ai":null,"created":"2020-11-14 22:55:03","updated":"2026-06-02 15:13:45","focus_keyword":null,"additional_keywords":null,"truseo_locale":null},"aioseo_breadcrumb":"<div class=\"aioseo-breadcrumbs\"><span class=\"aioseo-breadcrumb\">\n\t<a href=\"https:\/\/www.eldigitaldeasturias.com\/noticias\" title=\"Home\">Home<\/a>\n<\/span><span class=\"aioseo-breadcrumb-separator\">\u2013<\/span><span class=\"aioseo-breadcrumb\">\n\t<a href=\"https:\/\/www.eldigitaldeasturias.com\/noticias\/category\/actualidad\/\" title=\"Actualidad\">Actualidad<\/a>\n<\/span><span class=\"aioseo-breadcrumb-separator\">\u2013<\/span><span class=\"aioseo-breadcrumb\">\n\t<a href=\"https:\/\/www.eldigitaldeasturias.com\/noticias\/laura-martin-viuda-de-una-victima-de-los-gal-nueva-vicepresidenta-de-covite\/\" title=\"Laura Mart\u00edn, viuda de una v\u00edctima de los GAL, nueva vicepresidenta de Covite\">Laura Mart\u00edn, viuda de una v\u00edctima de los GAL, nueva vicepresidenta de Covite<\/a>\n<\/span><\/div>","aioseo_breadcrumb_json":[{"label":"Home","link":"https:\/\/www.eldigitaldeasturias.com\/noticias"},{"label":"Actualidad","link":"https:\/\/www.eldigitaldeasturias.com\/noticias\/category\/actualidad\/"},{"label":"Laura Mart\u00edn, viuda de una v\u00edctima de los GAL, nueva vicepresidenta de Covite","link":"https:\/\/www.eldigitaldeasturias.com\/noticias\/laura-martin-viuda-de-una-victima-de-los-gal-nueva-vicepresidenta-de-covite\/"}],"_links":{"self":[{"href":"https:\/\/www.eldigitaldeasturias.com\/noticias\/wp-json\/wp\/v2\/posts\/484219","targetHints":{"allow":["GET"]}}],"collection":[{"href":"https:\/\/www.eldigitaldeasturias.com\/noticias\/wp-json\/wp\/v2\/posts"}],"about":[{"href":"https:\/\/www.eldigitaldeasturias.com\/noticias\/wp-json\/wp\/v2\/types\/post"}],"author":[{"embeddable":true,"href":"https:\/\/www.eldigitaldeasturias.com\/noticias\/wp-json\/wp\/v2\/users\/1"}],"replies":[{"embeddable":true,"href":"https:\/\/www.eldigitaldeasturias.com\/noticias\/wp-json\/wp\/v2\/comments?post=484219"}],"version-history":[{"count":0,"href":"https:\/\/www.eldigitaldeasturias.com\/noticias\/wp-json\/wp\/v2\/posts\/484219\/revisions"}],"wp:attachment":[{"href":"https:\/\/www.eldigitaldeasturias.com\/noticias\/wp-json\/wp\/v2\/media?parent=484219"}],"wp:term":[{"taxonomy":"category","embeddable":true,"href":"https:\/\/www.eldigitaldeasturias.com\/noticias\/wp-json\/wp\/v2\/categories?post=484219"},{"taxonomy":"post_tag","embeddable":true,"href":"https:\/\/www.eldigitaldeasturias.com\/noticias\/wp-json\/wp\/v2\/tags?post=484219"}],"curies":[{"name":"wp","href":"https:\/\/api.w.org\/{rel}","templated":true}]}}