{"id":484213,"date":"2014-02-05T22:55:02","date_gmt":"2014-02-05T23:55:02","guid":{"rendered":"http:\/\/www.eldigitaldeasturias.com\/noticias\/?p=484213"},"modified":"2014-02-05T22:55:02","modified_gmt":"2014-02-05T23:55:02","slug":"maite-pagazaurtundua-sera-la-numero-dos-de-upyd-en-las-elecciones-europeas","status":"publish","type":"post","link":"https:\/\/www.eldigitaldeasturias.com\/noticias\/maite-pagazaurtundua-sera-la-numero-dos-de-upyd-en-las-elecciones-europeas\/","title":{"rendered":"Maite Pagazaurtundua ser\u00e1 \u00abla n\u00famero dos\u00bb de UPyD en las elecciones europeas"},"content":{"rendered":"<p><img loading=\"lazy\" decoding=\"async\" class=\"alignleft size-medium wp-image-484214\" alt=\"5911594w\" src=\"https:\/\/www.eldigitaldeasturias.com\/noticias\/wp-content\/uploads\/2014\/02\/5911594w-360x320.jpg\" width=\"360\" height=\"320\" \/>Madrid, 5 feb (EFE).- La expresidenta de la Fundaci\u00f3n de V\u00edctimas del Terrorismo (FVT) Maite Pagazaurtundua ser\u00e1 la &#8216;n\u00famero dos&#8217; de la lista de UPyD en las elecciones al Parlamento Europeo del pr\u00f3ximo mes de mayo, que encabeza Francisco Sosa Wagner, elegido en las primarias de la formaci\u00f3n.<\/p>\n<p>En una rueda de prensa junto a la l\u00edder de UPyD, Rosa D\u00edez, Pagazaurtundua ha reconocido que ha sido su descontento con la pol\u00edtica antiterrorista del Gobierno uno de los motivos por los que ha decidido comprometerse con esta formaci\u00f3n.<\/p>\n<p>Y lo ha hecho para poder trabajar en Europa, donde cree que falta \u00abmucho por hacer\u00bb para desmontar las \u00abmuchas mentiras\u00bb que circulan entorno al mundo de ETA.<\/p>\n<p>En esa \u00abgran operaci\u00f3n de blanqueamiento\u00bb por parte del nacionalismo que \u00abno ha matado\u00bb para tapar al nacionalismo que s\u00ed lo ha hecho, ha se\u00f1alado, \u00abel factor internacional es fundamental\u00bb.<\/p>\n<p>Por eso y por la \u00abfalta de calidad\u00bb que existe en la pol\u00edtica actual, ha explicado Pagazaurtundua, ha vuelto a dar el salto a la pol\u00edtica. Por segunda vez y en esta ocasi\u00f3n, al igual que hizo Rosa D\u00edez en su momento, ha hecho el viaje desde el PSOE a UPyD.<\/p>\n<p>De momento, Pagazaurtundua no se afilia al partido y se mantiene como independiente, aunque s\u00ed ha pedido ser sustituida como vicepresidenta de Covite, la asociaci\u00f3n de v\u00edctimas del terrorismo del Pa\u00eds Vasco que preside Consuelo Ord\u00f3\u00f1ez, en cumplimiento del c\u00f3digo deontol\u00f3gico de la organizaci\u00f3n.<\/p>\n<p>Su decisi\u00f3n de incorporarse a la candidatura de UPyD no ha sido una sorpresa puesto que ya en el congreso del partido del pasado de noviembre, al que acudi\u00f3 como invitada, Pagazaurtundua no descart\u00f3 sumarse al proyecto europeo de Rosa D\u00edez.<\/p>\n<p>Durante la comparecencia, la hermana de Joseba Pagazaurtundua, el polic\u00eda local asesinado por la banda armada, se ha definido como una persona moderada, pero no tibia y desde luego \u00abapasionada\u00bb para defender la libertad y \u00absuperar el miedo\u00bb.<\/p>\n<p>Es en este contexto y en este momento dif\u00edcil como el actual, en el que cree que no se pueden mirar \u00ablos toros desde la barrera\u00bb sino que es preciso comprometerse y abandonar el \u00abespacio de confort\u00bb.<\/p>\n<p>Porque para ella, ha a\u00f1adido, hubiera sido m\u00e1s c\u00f3modo quedarse en casa y ver a sus hijas crecer.<\/p>\n<p>Pagazaurtundua no ha querido entrar en las presuntas irregularidades en la gesti\u00f3n de los fondos de algunas organizaciones de v\u00edctimas, y s\u00f3lo ha dicho que, de probarse, ser\u00eda \u00abun asunto muy serio\u00bb.<\/p>\n<p>De la sentencia que ha obligado a revocar la doctrina Parot, ha dicho que su aplicaci\u00f3n ha sido \u00abmuy extra\u00f1a y abrupta\u00bb ya que el fallo judicial se refer\u00eda estrictamente al caso de la etarra In\u00e9s del R\u00edo.<\/p>\n<p>En una justicia \u00abtan lenta\u00bb que llega a ser injusta, Pagazaurtundua ha dicho sorprenderse de la celeridad in\u00e9dita que se ha tenido para excarcelar a los que se les hab\u00eda aplicado esta doctrina.<\/p>\n<p>Maite Pagazaurtundua ha lamentado tambi\u00e9n que el lehendakari vasco, I\u00f1igo Urkullu, haya dado a Jonan Fern\u00e1ndez, que proviene de Batasuna, la responsabilidad del plan de paz para Euskadi al situarle al frente de la Secretar\u00eda de Paz y Convivencia.<\/p>\n<p>En su opini\u00f3n, esta designaci\u00f3n va en la l\u00ednea de lograr una paz para el Pa\u00eds Vasco \u00absin hacer catarsis\u00bb y para que al entorno de ETA le resulte \u00abconfortable\u00bb.<\/p>\n<p>La lista europea completa para la cita del 25 de mayo se conocer\u00e1 el pr\u00f3ximo 8 de marzo, en el Consejo Pol\u00edtico de UPyD, tal como ha confirmado Rosa D\u00edez.<\/p>\n","protected":false},"excerpt":{"rendered":"<p>Madrid, 5 feb (EFE).- La expresidenta de la Fundaci\u00f3n de V\u00edctimas del Terrorismo (FVT) Maite Pagazaurtundua ser\u00e1 la &#8216;n\u00famero dos&#8217; de la lista de UPyD en las elecciones al Parlamento Europeo del pr\u00f3ximo mes de mayo, que encabeza Francisco Sosa Wagner, elegido en las primarias de la formaci\u00f3n. En una rueda de prensa junto a [&hellip;]<\/p>\n","protected":false},"author":1,"featured_media":484214,"comment_status":"closed","ping_status":"open","sticky":false,"template":"","format":"standard","meta":{"footnotes":""},"categories":[1],"tags":[],"class_list":["post-484213","post","type-post","status-publish","format-standard","has-post-thumbnail","hentry","category-actualidad"],"aioseo_notices":[],"aioseo_head":"\n\t\t<!-- All in One SEO Pro 5.0.1 - aioseo.com -->\n\t<meta name=\"description\" content=\"Madrid, 5 feb (EFE).- La expresidenta de la Fundaci\u00f3n de V\u00edctimas del Terrorismo (FVT) Maite Pagazaurtundua ser\u00e1 la &#039;n\u00famero dos&#039; de la lista de UPyD en las elecciones al Parlamento Europeo del pr\u00f3ximo mes de mayo, que encabeza Francisco Sosa Wagner, elegido en las primarias de la formaci\u00f3n. En una rueda de prensa junto a\" \/>\n\t<meta name=\"robots\" content=\"max-image-preview:large\" \/>\n\t<meta name=\"author\" content=\"El Digital de Asturias\"\/>\n\t<meta name=\"google-site-verification\" content=\"UA-38556648-1\" \/>\n\t<meta name=\"msvalidate.01\" content=\"7dfe9f3f1b24437ab69f4f2559babe99\" \/>\n\t<meta name=\"keywords\" content=\"actualidad\" \/>\n\t<link rel=\"canonical\" href=\"https:\/\/www.eldigitaldeasturias.com\/noticias\/maite-pagazaurtundua-sera-la-numero-dos-de-upyd-en-las-elecciones-europeas\/\" \/>\n\t<meta name=\"generator\" content=\"All in One SEO Pro (AIOSEO) 5.0.1\" \/>\n\t\t<meta property=\"og:locale\" content=\"es_ES\" \/>\n\t\t<meta property=\"og:site_name\" content=\"El Digital de Asturias\" \/>\n\t\t<meta property=\"og:type\" content=\"article\" \/>\n\t\t<meta property=\"og:title\" content=\"Maite Pagazaurtundua ser\u00e1 \u00abla n\u00famero dos\u00bb de UPyD en las elecciones europeas - El Digital de Asturias\" \/>\n\t\t<meta property=\"og:description\" content=\"Madrid, 5 feb (EFE).- La expresidenta de la Fundaci\u00f3n de V\u00edctimas del Terrorismo (FVT) Maite Pagazaurtundua ser\u00e1 la &#039;n\u00famero dos&#039; de la lista de UPyD en las elecciones al Parlamento Europeo del pr\u00f3ximo mes de mayo, que encabeza Francisco Sosa Wagner, elegido en las primarias de la formaci\u00f3n. En una rueda de prensa junto a\" \/>\n\t\t<meta property=\"og:url\" content=\"https:\/\/www.eldigitaldeasturias.com\/noticias\/maite-pagazaurtundua-sera-la-numero-dos-de-upyd-en-las-elecciones-europeas\/\" \/>\n\t\t<meta property=\"article:tag\" content=\"actualidad\" \/>\n\t\t<meta property=\"article:published_time\" content=\"2014-02-05T23:55:02+00:00\" \/>\n\t\t<meta property=\"article:modified_time\" content=\"2014-02-05T23:55:02+00:00\" \/>\n\t\t<meta property=\"article:publisher\" content=\"https:\/\/facebook.com\/eldigitaldeasturias\" \/>\n\t\t<meta name=\"twitter:card\" content=\"summary_large_image\" \/>\n\t\t<meta name=\"twitter:title\" content=\"Maite Pagazaurtundua ser\u00e1 \u00abla n\u00famero dos\u00bb de UPyD en las elecciones europeas - El Digital de Asturias\" \/>\n\t\t<meta name=\"twitter:description\" content=\"Madrid, 5 feb (EFE).- La expresidenta de la Fundaci\u00f3n de V\u00edctimas del Terrorismo (FVT) Maite Pagazaurtundua ser\u00e1 la &#039;n\u00famero dos&#039; de la lista de UPyD en las elecciones al Parlamento Europeo del pr\u00f3ximo mes de mayo, que encabeza Francisco Sosa Wagner, elegido en las primarias de la formaci\u00f3n. En una rueda de prensa junto a\" \/>\n\t\t<meta name=\"twitter:label1\" content=\"Escrito por\" \/>\n\t\t<meta name=\"twitter:data1\" content=\"El Digital de Asturias\" \/>\n\t\t<meta name=\"twitter:label2\" content=\"Tiempo de lectura estimado\" \/>\n\t\t<meta name=\"twitter:data2\" content=\"3 minutos\" \/>\n\t\t<script type=\"application\/ld+json\" class=\"aioseo-schema\">\n\t\t\t{\"@context\":\"https:\\\/\\\/schema.org\",\"@graph\":[{\"@type\":\"BlogPosting\",\"@id\":\"https:\\\/\\\/www.eldigitaldeasturias.com\\\/noticias\\\/maite-pagazaurtundua-sera-la-numero-dos-de-upyd-en-las-elecciones-europeas\\\/#blogposting\",\"name\":\"Maite Pagazaurtundua ser\\u00e1 \\u00abla n\\u00famero dos\\u00bb de UPyD en las elecciones europeas - El Digital de Asturias\",\"headline\":\"Maite Pagazaurtundua ser\\u00e1 \\u00abla n\\u00famero dos\\u00bb de UPyD en las elecciones europeas\",\"author\":{\"@id\":\"https:\\\/\\\/www.eldigitaldeasturias.com\\\/noticias\\\/author\\\/admin\\\/#author\"},\"publisher\":{\"@id\":\"https:\\\/\\\/www.eldigitaldeasturias.com\\\/noticias\\\/#organization\"},\"image\":{\"@type\":\"ImageObject\",\"url\":484214},\"datePublished\":\"2014-02-05T22:55:02+01:00\",\"dateModified\":\"2014-02-05T22:55:02+01:00\",\"inLanguage\":\"es-ES\",\"mainEntityOfPage\":{\"@id\":\"https:\\\/\\\/www.eldigitaldeasturias.com\\\/noticias\\\/maite-pagazaurtundua-sera-la-numero-dos-de-upyd-en-las-elecciones-europeas\\\/#webpage\"},\"isPartOf\":{\"@id\":\"https:\\\/\\\/www.eldigitaldeasturias.com\\\/noticias\\\/maite-pagazaurtundua-sera-la-numero-dos-de-upyd-en-las-elecciones-europeas\\\/#webpage\"},\"articleSection\":\"Actualidad\"},{\"@type\":\"BreadcrumbList\",\"@id\":\"https:\\\/\\\/www.eldigitaldeasturias.com\\\/noticias\\\/maite-pagazaurtundua-sera-la-numero-dos-de-upyd-en-las-elecciones-europeas\\\/#breadcrumblist\",\"itemListElement\":[{\"@type\":\"ListItem\",\"@id\":\"https:\\\/\\\/www.eldigitaldeasturias.com\\\/noticias#listItem\",\"position\":1,\"name\":\"Home\",\"item\":\"https:\\\/\\\/www.eldigitaldeasturias.com\\\/noticias\",\"nextItem\":{\"@type\":\"ListItem\",\"@id\":\"https:\\\/\\\/www.eldigitaldeasturias.com\\\/noticias\\\/category\\\/actualidad\\\/#listItem\",\"name\":\"Actualidad\"}},{\"@type\":\"ListItem\",\"@id\":\"https:\\\/\\\/www.eldigitaldeasturias.com\\\/noticias\\\/category\\\/actualidad\\\/#listItem\",\"position\":2,\"name\":\"Actualidad\",\"item\":\"https:\\\/\\\/www.eldigitaldeasturias.com\\\/noticias\\\/category\\\/actualidad\\\/\",\"nextItem\":{\"@type\":\"ListItem\",\"@id\":\"https:\\\/\\\/www.eldigitaldeasturias.com\\\/noticias\\\/maite-pagazaurtundua-sera-la-numero-dos-de-upyd-en-las-elecciones-europeas\\\/#listItem\",\"name\":\"Maite Pagazaurtundua ser\\u00e1 \\u00abla n\\u00famero dos\\u00bb de UPyD en las elecciones europeas\"},\"previousItem\":{\"@type\":\"ListItem\",\"@id\":\"https:\\\/\\\/www.eldigitaldeasturias.com\\\/noticias#listItem\",\"name\":\"Home\"}},{\"@type\":\"ListItem\",\"@id\":\"https:\\\/\\\/www.eldigitaldeasturias.com\\\/noticias\\\/maite-pagazaurtundua-sera-la-numero-dos-de-upyd-en-las-elecciones-europeas\\\/#listItem\",\"position\":3,\"name\":\"Maite Pagazaurtundua ser\\u00e1 \\u00abla n\\u00famero dos\\u00bb de UPyD en las elecciones europeas\",\"previousItem\":{\"@type\":\"ListItem\",\"@id\":\"https:\\\/\\\/www.eldigitaldeasturias.com\\\/noticias\\\/category\\\/actualidad\\\/#listItem\",\"name\":\"Actualidad\"}}]},{\"@type\":\"Organization\",\"@id\":\"https:\\\/\\\/www.eldigitaldeasturias.com\\\/noticias\\\/#organization\",\"name\":\"El Digital de Asturias\",\"description\":\"Hemeroteca\",\"url\":\"https:\\\/\\\/www.eldigitaldeasturias.com\\\/noticias\\\/\",\"email\":\"info@eldigitaldeasturias.com\",\"telephone\":\"+34652131393\",\"logo\":{\"@type\":\"ImageObject\",\"url\":\"https:\\\/\\\/www.eldigitaldeasturias.com\\\/noticias\\\/wp-content\\\/uploads\\\/2020\\\/12\\\/EDA.jpg\",\"@id\":\"https:\\\/\\\/www.eldigitaldeasturias.com\\\/noticias\\\/maite-pagazaurtundua-sera-la-numero-dos-de-upyd-en-las-elecciones-europeas\\\/#organizationLogo\"},\"image\":{\"@id\":\"https:\\\/\\\/www.eldigitaldeasturias.com\\\/noticias\\\/maite-pagazaurtundua-sera-la-numero-dos-de-upyd-en-las-elecciones-europeas\\\/#organizationLogo\"},\"sameAs\":[\"https:\\\/\\\/facebook.com\\\/eldigitaldeasturias\",\"https:\\\/\\\/www.youtube.com\\\/channel\\\/UCZP-2wLEB9Rv6erhFmqVnvg\"],\"address\":{\"@id\":\"https:\\\/\\\/www.eldigitaldeasturias.com\\\/noticias\\\/#postaladdress\",\"@type\":\"PostalAddress\",\"streetAddress\":\"san antonio 4\",\"postalCode\":\"33430\",\"addressLocality\":\"Cand\\u00e1s\",\"addressRegion\":\"Asturias\",\"addressCountry\":\"ES\"}},{\"@type\":\"Person\",\"@id\":\"https:\\\/\\\/www.eldigitaldeasturias.com\\\/noticias\\\/author\\\/admin\\\/#author\",\"url\":\"https:\\\/\\\/www.eldigitaldeasturias.com\\\/noticias\\\/author\\\/admin\\\/\",\"name\":\"El Digital de Asturias\",\"image\":{\"@type\":\"ImageObject\",\"@id\":\"https:\\\/\\\/www.eldigitaldeasturias.com\\\/noticias\\\/maite-pagazaurtundua-sera-la-numero-dos-de-upyd-en-las-elecciones-europeas\\\/#authorImage\",\"url\":\"https:\\\/\\\/secure.gravatar.com\\\/avatar\\\/df2aeffc32bcd13f8d26072ef8a91b623d677766deac7f97ca815868cd41bf5e?s=96&d=mm&r=g\",\"width\":96,\"height\":96,\"caption\":\"El Digital de Asturias\"}},{\"@type\":\"WebPage\",\"@id\":\"https:\\\/\\\/www.eldigitaldeasturias.com\\\/noticias\\\/maite-pagazaurtundua-sera-la-numero-dos-de-upyd-en-las-elecciones-europeas\\\/#webpage\",\"url\":\"https:\\\/\\\/www.eldigitaldeasturias.com\\\/noticias\\\/maite-pagazaurtundua-sera-la-numero-dos-de-upyd-en-las-elecciones-europeas\\\/\",\"name\":\"Maite Pagazaurtundua ser\\u00e1 \\u00abla n\\u00famero dos\\u00bb de UPyD en las elecciones europeas - El Digital de Asturias\",\"description\":\"Madrid, 5 feb (EFE).- La expresidenta de la Fundaci\\u00f3n de V\\u00edctimas del Terrorismo (FVT) Maite Pagazaurtundua ser\\u00e1 la 'n\\u00famero dos' de la lista de UPyD en las elecciones al Parlamento Europeo del pr\\u00f3ximo mes de mayo, que encabeza Francisco Sosa Wagner, elegido en las primarias de la formaci\\u00f3n. En una rueda de prensa junto a\",\"inLanguage\":\"es-ES\",\"isPartOf\":{\"@id\":\"https:\\\/\\\/www.eldigitaldeasturias.com\\\/noticias\\\/#website\"},\"breadcrumb\":{\"@id\":\"https:\\\/\\\/www.eldigitaldeasturias.com\\\/noticias\\\/maite-pagazaurtundua-sera-la-numero-dos-de-upyd-en-las-elecciones-europeas\\\/#breadcrumblist\"},\"author\":{\"@id\":\"https:\\\/\\\/www.eldigitaldeasturias.com\\\/noticias\\\/author\\\/admin\\\/#author\"},\"creator\":{\"@id\":\"https:\\\/\\\/www.eldigitaldeasturias.com\\\/noticias\\\/author\\\/admin\\\/#author\"},\"image\":{\"@type\":\"ImageObject\",\"url\":484214,\"@id\":\"https:\\\/\\\/www.eldigitaldeasturias.com\\\/noticias\\\/maite-pagazaurtundua-sera-la-numero-dos-de-upyd-en-las-elecciones-europeas\\\/#mainImage\"},\"primaryImageOfPage\":{\"@id\":\"https:\\\/\\\/www.eldigitaldeasturias.com\\\/noticias\\\/maite-pagazaurtundua-sera-la-numero-dos-de-upyd-en-las-elecciones-europeas\\\/#mainImage\"},\"datePublished\":\"2014-02-05T22:55:02+01:00\",\"dateModified\":\"2014-02-05T22:55:02+01:00\"},{\"@type\":\"WebSite\",\"@id\":\"https:\\\/\\\/www.eldigitaldeasturias.com\\\/noticias\\\/#website\",\"url\":\"https:\\\/\\\/www.eldigitaldeasturias.com\\\/noticias\\\/\",\"name\":\"El Digital de Asturias - Diario de actualidad y noticias\",\"alternateName\":\"El Digital de Asturias - Diario de actualidad y noticias\",\"description\":\"Hemeroteca\",\"inLanguage\":\"es-ES\",\"publisher\":{\"@id\":\"https:\\\/\\\/www.eldigitaldeasturias.com\\\/noticias\\\/#organization\"}}]}\n\t\t<\/script>\n\t\t<!-- All in One SEO Pro -->\r\n\t\t<title>Maite Pagazaurtundua ser\u00e1 \u00abla n\u00famero dos\u00bb de UPyD en las elecciones europeas - El Digital de Asturias<\/title>\n\n","aioseo_head_json":{"title":"Maite Pagazaurtundua ser\u00e1 \u00abla n\u00famero dos\u00bb de UPyD en las elecciones europeas - El Digital de Asturias","description":"Madrid, 5 feb (EFE).- La expresidenta de la Fundaci\u00f3n de V\u00edctimas del Terrorismo (FVT) Maite Pagazaurtundua ser\u00e1 la 'n\u00famero dos' de la lista de UPyD en las elecciones al Parlamento Europeo del pr\u00f3ximo mes de mayo, que encabeza Francisco Sosa Wagner, elegido en las primarias de la formaci\u00f3n. En una rueda de prensa junto a","canonical_url":"https:\/\/www.eldigitaldeasturias.com\/noticias\/maite-pagazaurtundua-sera-la-numero-dos-de-upyd-en-las-elecciones-europeas\/","robots":"max-image-preview:large","keywords":"actualidad","webmasterTools":{"google-site-verification":"UA-38556648-1","msvalidate.01":"7dfe9f3f1b24437ab69f4f2559babe99","miscellaneous":""},"schema":{"@context":"https:\/\/schema.org","@graph":[{"@type":"BlogPosting","@id":"https:\/\/www.eldigitaldeasturias.com\/noticias\/maite-pagazaurtundua-sera-la-numero-dos-de-upyd-en-las-elecciones-europeas\/#blogposting","name":"Maite Pagazaurtundua ser\u00e1 \u00abla n\u00famero dos\u00bb de UPyD en las elecciones europeas - El Digital de Asturias","headline":"Maite Pagazaurtundua ser\u00e1 \u00abla n\u00famero dos\u00bb de UPyD en las elecciones europeas","author":{"@id":"https:\/\/www.eldigitaldeasturias.com\/noticias\/author\/admin\/#author"},"publisher":{"@id":"https:\/\/www.eldigitaldeasturias.com\/noticias\/#organization"},"image":{"@type":"ImageObject","url":484214},"datePublished":"2014-02-05T22:55:02+01:00","dateModified":"2014-02-05T22:55:02+01:00","inLanguage":"es-ES","mainEntityOfPage":{"@id":"https:\/\/www.eldigitaldeasturias.com\/noticias\/maite-pagazaurtundua-sera-la-numero-dos-de-upyd-en-las-elecciones-europeas\/#webpage"},"isPartOf":{"@id":"https:\/\/www.eldigitaldeasturias.com\/noticias\/maite-pagazaurtundua-sera-la-numero-dos-de-upyd-en-las-elecciones-europeas\/#webpage"},"articleSection":"Actualidad"},{"@type":"BreadcrumbList","@id":"https:\/\/www.eldigitaldeasturias.com\/noticias\/maite-pagazaurtundua-sera-la-numero-dos-de-upyd-en-las-elecciones-europeas\/#breadcrumblist","itemListElement":[{"@type":"ListItem","@id":"https:\/\/www.eldigitaldeasturias.com\/noticias#listItem","position":1,"name":"Home","item":"https:\/\/www.eldigitaldeasturias.com\/noticias","nextItem":{"@type":"ListItem","@id":"https:\/\/www.eldigitaldeasturias.com\/noticias\/category\/actualidad\/#listItem","name":"Actualidad"}},{"@type":"ListItem","@id":"https:\/\/www.eldigitaldeasturias.com\/noticias\/category\/actualidad\/#listItem","position":2,"name":"Actualidad","item":"https:\/\/www.eldigitaldeasturias.com\/noticias\/category\/actualidad\/","nextItem":{"@type":"ListItem","@id":"https:\/\/www.eldigitaldeasturias.com\/noticias\/maite-pagazaurtundua-sera-la-numero-dos-de-upyd-en-las-elecciones-europeas\/#listItem","name":"Maite Pagazaurtundua ser\u00e1 \u00abla n\u00famero dos\u00bb de UPyD en las elecciones europeas"},"previousItem":{"@type":"ListItem","@id":"https:\/\/www.eldigitaldeasturias.com\/noticias#listItem","name":"Home"}},{"@type":"ListItem","@id":"https:\/\/www.eldigitaldeasturias.com\/noticias\/maite-pagazaurtundua-sera-la-numero-dos-de-upyd-en-las-elecciones-europeas\/#listItem","position":3,"name":"Maite Pagazaurtundua ser\u00e1 \u00abla n\u00famero dos\u00bb de UPyD en las elecciones europeas","previousItem":{"@type":"ListItem","@id":"https:\/\/www.eldigitaldeasturias.com\/noticias\/category\/actualidad\/#listItem","name":"Actualidad"}}]},{"@type":"Organization","@id":"https:\/\/www.eldigitaldeasturias.com\/noticias\/#organization","name":"El Digital de Asturias","description":"Hemeroteca","url":"https:\/\/www.eldigitaldeasturias.com\/noticias\/","email":"info@eldigitaldeasturias.com","telephone":"+34652131393","logo":{"@type":"ImageObject","url":"https:\/\/www.eldigitaldeasturias.com\/noticias\/wp-content\/uploads\/2020\/12\/EDA.jpg","@id":"https:\/\/www.eldigitaldeasturias.com\/noticias\/maite-pagazaurtundua-sera-la-numero-dos-de-upyd-en-las-elecciones-europeas\/#organizationLogo"},"image":{"@id":"https:\/\/www.eldigitaldeasturias.com\/noticias\/maite-pagazaurtundua-sera-la-numero-dos-de-upyd-en-las-elecciones-europeas\/#organizationLogo"},"sameAs":["https:\/\/facebook.com\/eldigitaldeasturias","https:\/\/www.youtube.com\/channel\/UCZP-2wLEB9Rv6erhFmqVnvg"],"address":{"@id":"https:\/\/www.eldigitaldeasturias.com\/noticias\/#postaladdress","@type":"PostalAddress","streetAddress":"san antonio 4","postalCode":"33430","addressLocality":"Cand\u00e1s","addressRegion":"Asturias","addressCountry":"ES"}},{"@type":"Person","@id":"https:\/\/www.eldigitaldeasturias.com\/noticias\/author\/admin\/#author","url":"https:\/\/www.eldigitaldeasturias.com\/noticias\/author\/admin\/","name":"El Digital de Asturias","image":{"@type":"ImageObject","@id":"https:\/\/www.eldigitaldeasturias.com\/noticias\/maite-pagazaurtundua-sera-la-numero-dos-de-upyd-en-las-elecciones-europeas\/#authorImage","url":"https:\/\/secure.gravatar.com\/avatar\/df2aeffc32bcd13f8d26072ef8a91b623d677766deac7f97ca815868cd41bf5e?s=96&d=mm&r=g","width":96,"height":96,"caption":"El Digital de Asturias"}},{"@type":"WebPage","@id":"https:\/\/www.eldigitaldeasturias.com\/noticias\/maite-pagazaurtundua-sera-la-numero-dos-de-upyd-en-las-elecciones-europeas\/#webpage","url":"https:\/\/www.eldigitaldeasturias.com\/noticias\/maite-pagazaurtundua-sera-la-numero-dos-de-upyd-en-las-elecciones-europeas\/","name":"Maite Pagazaurtundua ser\u00e1 \u00abla n\u00famero dos\u00bb de UPyD en las elecciones europeas - El Digital de Asturias","description":"Madrid, 5 feb (EFE).- La expresidenta de la Fundaci\u00f3n de V\u00edctimas del Terrorismo (FVT) Maite Pagazaurtundua ser\u00e1 la 'n\u00famero dos' de la lista de UPyD en las elecciones al Parlamento Europeo del pr\u00f3ximo mes de mayo, que encabeza Francisco Sosa Wagner, elegido en las primarias de la formaci\u00f3n. En una rueda de prensa junto a","inLanguage":"es-ES","isPartOf":{"@id":"https:\/\/www.eldigitaldeasturias.com\/noticias\/#website"},"breadcrumb":{"@id":"https:\/\/www.eldigitaldeasturias.com\/noticias\/maite-pagazaurtundua-sera-la-numero-dos-de-upyd-en-las-elecciones-europeas\/#breadcrumblist"},"author":{"@id":"https:\/\/www.eldigitaldeasturias.com\/noticias\/author\/admin\/#author"},"creator":{"@id":"https:\/\/www.eldigitaldeasturias.com\/noticias\/author\/admin\/#author"},"image":{"@type":"ImageObject","url":484214,"@id":"https:\/\/www.eldigitaldeasturias.com\/noticias\/maite-pagazaurtundua-sera-la-numero-dos-de-upyd-en-las-elecciones-europeas\/#mainImage"},"primaryImageOfPage":{"@id":"https:\/\/www.eldigitaldeasturias.com\/noticias\/maite-pagazaurtundua-sera-la-numero-dos-de-upyd-en-las-elecciones-europeas\/#mainImage"},"datePublished":"2014-02-05T22:55:02+01:00","dateModified":"2014-02-05T22:55:02+01:00"},{"@type":"WebSite","@id":"https:\/\/www.eldigitaldeasturias.com\/noticias\/#website","url":"https:\/\/www.eldigitaldeasturias.com\/noticias\/","name":"El Digital de Asturias - Diario de actualidad y noticias","alternateName":"El Digital de Asturias - Diario de actualidad y noticias","description":"Hemeroteca","inLanguage":"es-ES","publisher":{"@id":"https:\/\/www.eldigitaldeasturias.com\/noticias\/#organization"}}]},"og:locale":"es_ES","og:site_name":"El Digital de Asturias","og:type":"article","og:title":"Maite Pagazaurtundua ser\u00e1 \u00abla n\u00famero dos\u00bb de UPyD en las elecciones europeas - El Digital de Asturias","og:description":"Madrid, 5 feb (EFE).- La expresidenta de la Fundaci\u00f3n de V\u00edctimas del Terrorismo (FVT) Maite Pagazaurtundua ser\u00e1 la 'n\u00famero dos' de la lista de UPyD en las elecciones al Parlamento Europeo del pr\u00f3ximo mes de mayo, que encabeza Francisco Sosa Wagner, elegido en las primarias de la formaci\u00f3n. En una rueda de prensa junto a","og:url":"https:\/\/www.eldigitaldeasturias.com\/noticias\/maite-pagazaurtundua-sera-la-numero-dos-de-upyd-en-las-elecciones-europeas\/","article:tag":["actualidad"],"article:published_time":"2014-02-05T23:55:02+00:00","article:modified_time":"2014-02-05T23:55:02+00:00","article:publisher":"https:\/\/facebook.com\/eldigitaldeasturias","twitter:card":"summary_large_image","twitter:title":"Maite Pagazaurtundua ser\u00e1 \u00abla n\u00famero dos\u00bb de UPyD en las elecciones europeas - El Digital de Asturias","twitter:description":"Madrid, 5 feb (EFE).- La expresidenta de la Fundaci\u00f3n de V\u00edctimas del Terrorismo (FVT) Maite Pagazaurtundua ser\u00e1 la 'n\u00famero dos' de la lista de UPyD en las elecciones al Parlamento Europeo del pr\u00f3ximo mes de mayo, que encabeza Francisco Sosa Wagner, elegido en las primarias de la formaci\u00f3n. En una rueda de prensa junto a","twitter:label1":"Escrito por","twitter:data1":"El Digital de Asturias","twitter:label2":"Tiempo de lectura estimado","twitter:data2":"3 minutos"},"aioseo_meta_data":{"post_id":"484213","title":null,"description":null,"keywords":null,"keyphrases":null,"primary_term":null,"canonical_url":null,"og_title":null,"og_description":null,"og_object_type":"default","og_image_type":"default","og_image_url":null,"og_image_width":null,"og_image_height":null,"og_image_custom_url":null,"og_image_custom_fields":null,"og_video":null,"og_custom_url":null,"og_article_section":null,"og_article_tags":null,"twitter_use_og":true,"twitter_card":"default","twitter_image_type":"default","twitter_image_url":null,"twitter_image_custom_url":null,"twitter_image_custom_fields":null,"twitter_title":null,"twitter_description":null,"schema":{"blockGraphs":[],"customGraphs":[],"default":{"data":{"Article":[],"Course":[],"Dataset":[],"FAQPage":[],"Movie":[],"Person":[],"Product":[],"ProductReview":[],"Car":[],"Recipe":[],"Service":[],"SoftwareApplication":[],"WebPage":[]},"graphName":"","isEnabled":true},"graphs":[],"defaultGraph":"","defaultPostTypeGraph":""},"schema_type":null,"schema_type_options":null,"pillar_content":false,"robots_default":true,"robots_noindex":false,"robots_noarchive":false,"robots_nosnippet":false,"robots_nofollow":false,"robots_noimageindex":false,"robots_noodp":false,"robots_notranslate":false,"robots_max_snippet":null,"robots_max_videopreview":null,"robots_max_imagepreview":"none","priority":null,"frequency":null,"local_seo":null,"seo_analyzer_scan_date":"2026-06-02 15:11:49","breadcrumb_settings":null,"limit_modified_date":false,"open_ai":null,"ai":null,"created":"2020-11-14 22:55:03","updated":"2026-06-02 15:11:49","focus_keyword":null,"additional_keywords":null,"truseo_locale":null},"aioseo_breadcrumb":"<div class=\"aioseo-breadcrumbs\"><span class=\"aioseo-breadcrumb\">\n\t<a href=\"https:\/\/www.eldigitaldeasturias.com\/noticias\" title=\"Home\">Home<\/a>\n<\/span><span class=\"aioseo-breadcrumb-separator\">\u2013<\/span><span class=\"aioseo-breadcrumb\">\n\t<a href=\"https:\/\/www.eldigitaldeasturias.com\/noticias\/category\/actualidad\/\" title=\"Actualidad\">Actualidad<\/a>\n<\/span><span class=\"aioseo-breadcrumb-separator\">\u2013<\/span><span class=\"aioseo-breadcrumb\">\n\t<a href=\"https:\/\/www.eldigitaldeasturias.com\/noticias\/maite-pagazaurtundua-sera-la-numero-dos-de-upyd-en-las-elecciones-europeas\/\" title=\"Maite Pagazaurtundua ser\u00e1 \u00abla n\u00famero dos\u00bb de UPyD en las elecciones europeas\">Maite Pagazaurtundua ser\u00e1 \u00abla n\u00famero dos\u00bb de UPyD en las elecciones europeas<\/a>\n<\/span><\/div>","aioseo_breadcrumb_json":[{"label":"Home","link":"https:\/\/www.eldigitaldeasturias.com\/noticias"},{"label":"Actualidad","link":"https:\/\/www.eldigitaldeasturias.com\/noticias\/category\/actualidad\/"},{"label":"Maite Pagazaurtundua ser\u00e1 \u00abla n\u00famero dos\u00bb de UPyD en las elecciones europeas","link":"https:\/\/www.eldigitaldeasturias.com\/noticias\/maite-pagazaurtundua-sera-la-numero-dos-de-upyd-en-las-elecciones-europeas\/"}],"_links":{"self":[{"href":"https:\/\/www.eldigitaldeasturias.com\/noticias\/wp-json\/wp\/v2\/posts\/484213","targetHints":{"allow":["GET"]}}],"collection":[{"href":"https:\/\/www.eldigitaldeasturias.com\/noticias\/wp-json\/wp\/v2\/posts"}],"about":[{"href":"https:\/\/www.eldigitaldeasturias.com\/noticias\/wp-json\/wp\/v2\/types\/post"}],"author":[{"embeddable":true,"href":"https:\/\/www.eldigitaldeasturias.com\/noticias\/wp-json\/wp\/v2\/users\/1"}],"replies":[{"embeddable":true,"href":"https:\/\/www.eldigitaldeasturias.com\/noticias\/wp-json\/wp\/v2\/comments?post=484213"}],"version-history":[{"count":0,"href":"https:\/\/www.eldigitaldeasturias.com\/noticias\/wp-json\/wp\/v2\/posts\/484213\/revisions"}],"wp:attachment":[{"href":"https:\/\/www.eldigitaldeasturias.com\/noticias\/wp-json\/wp\/v2\/media?parent=484213"}],"wp:term":[{"taxonomy":"category","embeddable":true,"href":"https:\/\/www.eldigitaldeasturias.com\/noticias\/wp-json\/wp\/v2\/categories?post=484213"},{"taxonomy":"post_tag","embeddable":true,"href":"https:\/\/www.eldigitaldeasturias.com\/noticias\/wp-json\/wp\/v2\/tags?post=484213"}],"curies":[{"name":"wp","href":"https:\/\/api.w.org\/{rel}","templated":true}]}}