{"id":484170,"date":"2014-02-05T21:03:53","date_gmt":"2014-02-05T22:03:53","guid":{"rendered":"http:\/\/www.eldigitaldeasturias.com\/noticias\/?p=484170"},"modified":"2014-02-05T21:03:53","modified_gmt":"2014-02-05T22:03:53","slug":"cifuentes-dice-que-las-protestas-crecen-por-la-crisis-y-tambien-porque-gobierna-el-pp","status":"publish","type":"post","link":"https:\/\/www.eldigitaldeasturias.com\/noticias\/cifuentes-dice-que-las-protestas-crecen-por-la-crisis-y-tambien-porque-gobierna-el-pp\/","title":{"rendered":"Cifuentes dice que las protestas crecen por la crisis y tambi\u00e9n porque gobierna el PP"},"content":{"rendered":"<p><img loading=\"lazy\" decoding=\"async\" class=\"alignleft size-medium wp-image-484171\" alt=\"5912169w\" src=\"https:\/\/www.eldigitaldeasturias.com\/noticias\/wp-content\/uploads\/2014\/02\/5912169w-360x228.jpg\" width=\"360\" height=\"228\" \/>Madrid, 5 feb (EFE).- La delegada del Gobierno en Madrid, Cristina Cifuentes, cree que el aumento de protestas en la calle se debe a la crisis y tambi\u00e9n \u00abal hecho de que el PP est\u00e9 gobernado\u00bb, ya que desde entonces \u00abdeterminados grupos pol\u00edticos y de presi\u00f3n que intentaron ganar en la calle lo que no consiguieron en las urnas\u00bb.<\/p>\n<p>Cifuentes se ha referido as\u00ed, en un Efe Encuentros, cita informativa en la sede central de la Agencia Efe, al mayor n\u00famero de manifestaciones, concentraciones y otros actos de protesta convocados por diferentes colectivos en los dos \u00faltimos a\u00f1os, que son los que ella lleva al frente de la Delegaci\u00f3n del Gobierno en la Comunidad de Madrid.<\/p>\n<p>En 2012 y 2013 se han celebrado en Madrid casi 8.000 manifestaciones y concentraciones (3.419 en 2012 y 4.354 en 2013), un n\u00famero superior a las 7.082 que se sucedieron en los cinco a\u00f1os precedentes.<\/p>\n<p>Para Cifuentes esto se debe a dos motivos: \u00abuno que tiene ver con la situaci\u00f3n econ\u00f3mica, con la crisis, con el malestar social con medidas que ha tomado el Gobierno\u00bb y otro relacionado \u00abcon el hecho de que el PP est\u00e9 gobernando\u00bb, ya desde el \u00abminuto cero\u00bb del Gobierno de Mariano Rajoy hubo partidos y \u00abgrupos de presi\u00f3n\u00bb que intentaron \u00abganar en la calle lo que no consiguieron en las urnas\u00bb.<\/p>\n<p>La delegada subraya que \u00abpor fortuna, la inmensa mayor\u00eda de las convocatorias han sido pac\u00edficas\u00bb y de hecho la Unidad de Intervenci\u00f3n Policial s\u00f3lo han utilizado material antidisturbios en ocho de esas casi 8.000 ocasiones.<\/p>\n<p>Es en estas manifestaciones que acaban con incidentes violentos \u00aben las que hay que actuar y dar mecanismos a las administraciones para poder combatir ese tipo de violencia callejera\u00bb.<\/p>\n<p>Tiene claro que \u00abla situaci\u00f3n es grave, dif\u00edcil, hay gente que lo est\u00e1 pasando mal y eso hace que salgan a la calle a manifestar su descontento\u00bb, lo que es un derecho constitucional que ella defiende y protege, pero otra cosa es \u00abel derecho a salir a la calle a romper mobiliario urbano y provocar actos de violencia, lo que est\u00e1 prohibido y penalizado por la ley\u00bb.<\/p>\n<p>Es desde hace un a\u00f1o y medio desde cuando \u00abdeterminados grupos intentan radicalizar las protestas, sin conseguirlo hasta el momento, salvo en incidentes aislados y muy concretos\u00bb.<\/p>\n<p>Precisa que en la mayor\u00eda de las convocatorias que acaban en incidentes \u00abhay algunos grupos que suelen estar presentes de alguna manera\u00bb y \u00abusan esa guerrilla urbana, de &#8216;kale borroka'\u00bb, como ir encapuchados y lanzar artefactos similares a c\u00f3cteles molotov.<\/p>\n<p>Sobre el incidente ocurrido entre un bombero del Ayuntamiento de Madrid y un polic\u00eda el pasado 15 de enero, Cifuentes incide en que fue un problema \u00abmuy puntual\u00bb, como demuestra el hecho de que los servicios de emergencia del Consistorio y la Polic\u00eda Nacional hayan colaborado en 17.000 ocasiones en el \u00faltimo a\u00f1o.<\/p>\n<p>Y considera \u00abuna hip\u00f3tesis completamente absurda\u00bb que se haya especulado con que el Ayuntamiento ha sido beligerante en este asunto porque ella puede ser candidata a la Alcald\u00eda, negando que haya \u00abdescoordinaci\u00f3n o batalla\u00bb entre ambas instituciones.<\/p>\n<p>Por otra parte, la delegada del Gobierno ha dicho sobre su futuro pol\u00edtico que ella se descarta para ser candidata a la Presidencia de la Comunidad de Madrid o a la Alcald\u00eda de la capital pero s\u00f3lo \u00aben este momento presente\u00bb, como a su juicio ha hecho la presidenta del PP de Madrid, Esperanza Aguirre.<\/p>\n<p>No obstante, se ha declarado \u00aba disposici\u00f3n\u00bb del partido, aunque entiende que \u00abno toca todav\u00eda abrir ese mel\u00f3n de las candidaturas\u00bb porque eso supone \u00abuna presi\u00f3n adicional\u00bb sobre las personas que en estos momentos ostentan esa responsabilidad -Ignacio Gonz\u00e1lez y Ana Botella, respectivamente-, que \u00ablo est\u00e1n haciendo con mucho m\u00e9rito en un momento muy complicado\u00bb.<\/p>\n<p>En su opini\u00f3n, el PP debe dedicarse ahora a explicar a los ciudadanos por qu\u00e9 ha actuado como lo ha hecho en estos dos a\u00f1os de gobierno y qu\u00e9 va a hacer en los dos siguientes para \u00abrecuperar la confianza\u00bb de aquellos ciudadanos que las encuestas dicen que est\u00e1n \u00abdecepcionados con la gesti\u00f3n del Partido Popular\u00bb.<\/p>\n<p>En esa v\u00eda considera que ha avanzado el PP en la convenci\u00f3n celebrada este fin de semana en Valladolid, de la que su formaci\u00f3n ha salido como un partido \u00abunido\u00bb, \u00abgrande\u00bb y \u00abmuy fuerte\u00bb en torno a un programa, unas ideas y unos principios \u00abque siempre han sido los mismos\u00bb.<\/p>\n<p>Cristina Cifuentes prefiere no hablar de otros partidos, incluido el formado por algunos ex militantes del PP, Vox, que a su juicio \u00abest\u00e1n en su derecho\u00bb de marcharse si ten\u00edan \u00abunas determinadas expectativas de ir en unas listas que en el Partido Popular no se hubieran cumplido\u00bb.<\/p>\n","protected":false},"excerpt":{"rendered":"<p>Madrid, 5 feb (EFE).- La delegada del Gobierno en Madrid, Cristina Cifuentes, cree que el aumento de protestas en la calle se debe a la crisis y tambi\u00e9n \u00abal hecho de que el PP est\u00e9 gobernado\u00bb, ya que desde entonces \u00abdeterminados grupos pol\u00edticos y de presi\u00f3n que intentaron ganar en la calle lo que no [&hellip;]<\/p>\n","protected":false},"author":1,"featured_media":484171,"comment_status":"closed","ping_status":"open","sticky":false,"template":"","format":"standard","meta":{"footnotes":""},"categories":[1],"tags":[],"class_list":["post-484170","post","type-post","status-publish","format-standard","has-post-thumbnail","hentry","category-actualidad"],"aioseo_notices":[],"aioseo_head":"\n\t\t<!-- All in One SEO Pro 5.0.1 - aioseo.com -->\n\t<meta name=\"description\" content=\"Madrid, 5 feb (EFE).- La delegada del Gobierno en Madrid, Cristina Cifuentes, cree que el aumento de protestas en la calle se debe a la crisis y tambi\u00e9n &quot;al hecho de que el PP est\u00e9 gobernado&quot;, ya que desde entonces &quot;determinados grupos pol\u00edticos y de presi\u00f3n que intentaron ganar en la calle lo que no\" \/>\n\t<meta name=\"robots\" content=\"max-image-preview:large\" \/>\n\t<meta name=\"author\" content=\"El Digital de Asturias\"\/>\n\t<meta name=\"google-site-verification\" content=\"UA-38556648-1\" \/>\n\t<meta name=\"msvalidate.01\" content=\"7dfe9f3f1b24437ab69f4f2559babe99\" \/>\n\t<meta name=\"keywords\" content=\"actualidad\" \/>\n\t<link rel=\"canonical\" href=\"https:\/\/www.eldigitaldeasturias.com\/noticias\/cifuentes-dice-que-las-protestas-crecen-por-la-crisis-y-tambien-porque-gobierna-el-pp\/\" \/>\n\t<meta name=\"generator\" content=\"All in One SEO Pro (AIOSEO) 5.0.1\" \/>\n\t\t<meta property=\"og:locale\" content=\"es_ES\" \/>\n\t\t<meta property=\"og:site_name\" content=\"El Digital de Asturias\" \/>\n\t\t<meta property=\"og:type\" content=\"article\" \/>\n\t\t<meta property=\"og:title\" content=\"Cifuentes dice que las protestas crecen por la crisis y tambi\u00e9n porque gobierna el PP - El Digital de Asturias\" \/>\n\t\t<meta property=\"og:description\" content=\"Madrid, 5 feb (EFE).- La delegada del Gobierno en Madrid, Cristina Cifuentes, cree que el aumento de protestas en la calle se debe a la crisis y tambi\u00e9n &quot;al hecho de que el PP est\u00e9 gobernado&quot;, ya que desde entonces &quot;determinados grupos pol\u00edticos y de presi\u00f3n que intentaron ganar en la calle lo que no\" \/>\n\t\t<meta property=\"og:url\" content=\"https:\/\/www.eldigitaldeasturias.com\/noticias\/cifuentes-dice-que-las-protestas-crecen-por-la-crisis-y-tambien-porque-gobierna-el-pp\/\" \/>\n\t\t<meta property=\"article:tag\" content=\"actualidad\" \/>\n\t\t<meta property=\"article:published_time\" content=\"2014-02-05T22:03:53+00:00\" \/>\n\t\t<meta property=\"article:modified_time\" content=\"2014-02-05T22:03:53+00:00\" \/>\n\t\t<meta property=\"article:publisher\" content=\"https:\/\/facebook.com\/eldigitaldeasturias\" \/>\n\t\t<meta name=\"twitter:card\" content=\"summary_large_image\" \/>\n\t\t<meta name=\"twitter:title\" content=\"Cifuentes dice que las protestas crecen por la crisis y tambi\u00e9n porque gobierna el PP - El Digital de Asturias\" \/>\n\t\t<meta name=\"twitter:description\" content=\"Madrid, 5 feb (EFE).- La delegada del Gobierno en Madrid, Cristina Cifuentes, cree que el aumento de protestas en la calle se debe a la crisis y tambi\u00e9n &quot;al hecho de que el PP est\u00e9 gobernado&quot;, ya que desde entonces &quot;determinados grupos pol\u00edticos y de presi\u00f3n que intentaron ganar en la calle lo que no\" \/>\n\t\t<meta name=\"twitter:label1\" content=\"Escrito por\" \/>\n\t\t<meta name=\"twitter:data1\" content=\"El Digital de Asturias\" \/>\n\t\t<meta name=\"twitter:label2\" content=\"Tiempo de lectura estimado\" \/>\n\t\t<meta name=\"twitter:data2\" content=\"4 minutos\" \/>\n\t\t<script type=\"application\/ld+json\" class=\"aioseo-schema\">\n\t\t\t{\"@context\":\"https:\\\/\\\/schema.org\",\"@graph\":[{\"@type\":\"BlogPosting\",\"@id\":\"https:\\\/\\\/www.eldigitaldeasturias.com\\\/noticias\\\/cifuentes-dice-que-las-protestas-crecen-por-la-crisis-y-tambien-porque-gobierna-el-pp\\\/#blogposting\",\"name\":\"Cifuentes dice que las protestas crecen por la crisis y tambi\\u00e9n porque gobierna el PP - El Digital de Asturias\",\"headline\":\"Cifuentes dice que las protestas crecen por la crisis y tambi\\u00e9n porque gobierna el PP\",\"author\":{\"@id\":\"https:\\\/\\\/www.eldigitaldeasturias.com\\\/noticias\\\/author\\\/admin\\\/#author\"},\"publisher\":{\"@id\":\"https:\\\/\\\/www.eldigitaldeasturias.com\\\/noticias\\\/#organization\"},\"image\":{\"@type\":\"ImageObject\",\"url\":484171},\"datePublished\":\"2014-02-05T21:03:53+01:00\",\"dateModified\":\"2014-02-05T21:03:53+01:00\",\"inLanguage\":\"es-ES\",\"mainEntityOfPage\":{\"@id\":\"https:\\\/\\\/www.eldigitaldeasturias.com\\\/noticias\\\/cifuentes-dice-que-las-protestas-crecen-por-la-crisis-y-tambien-porque-gobierna-el-pp\\\/#webpage\"},\"isPartOf\":{\"@id\":\"https:\\\/\\\/www.eldigitaldeasturias.com\\\/noticias\\\/cifuentes-dice-que-las-protestas-crecen-por-la-crisis-y-tambien-porque-gobierna-el-pp\\\/#webpage\"},\"articleSection\":\"Actualidad\"},{\"@type\":\"BreadcrumbList\",\"@id\":\"https:\\\/\\\/www.eldigitaldeasturias.com\\\/noticias\\\/cifuentes-dice-que-las-protestas-crecen-por-la-crisis-y-tambien-porque-gobierna-el-pp\\\/#breadcrumblist\",\"itemListElement\":[{\"@type\":\"ListItem\",\"@id\":\"https:\\\/\\\/www.eldigitaldeasturias.com\\\/noticias#listItem\",\"position\":1,\"name\":\"Home\",\"item\":\"https:\\\/\\\/www.eldigitaldeasturias.com\\\/noticias\",\"nextItem\":{\"@type\":\"ListItem\",\"@id\":\"https:\\\/\\\/www.eldigitaldeasturias.com\\\/noticias\\\/category\\\/actualidad\\\/#listItem\",\"name\":\"Actualidad\"}},{\"@type\":\"ListItem\",\"@id\":\"https:\\\/\\\/www.eldigitaldeasturias.com\\\/noticias\\\/category\\\/actualidad\\\/#listItem\",\"position\":2,\"name\":\"Actualidad\",\"item\":\"https:\\\/\\\/www.eldigitaldeasturias.com\\\/noticias\\\/category\\\/actualidad\\\/\",\"nextItem\":{\"@type\":\"ListItem\",\"@id\":\"https:\\\/\\\/www.eldigitaldeasturias.com\\\/noticias\\\/cifuentes-dice-que-las-protestas-crecen-por-la-crisis-y-tambien-porque-gobierna-el-pp\\\/#listItem\",\"name\":\"Cifuentes dice que las protestas crecen por la crisis y tambi\\u00e9n porque gobierna el PP\"},\"previousItem\":{\"@type\":\"ListItem\",\"@id\":\"https:\\\/\\\/www.eldigitaldeasturias.com\\\/noticias#listItem\",\"name\":\"Home\"}},{\"@type\":\"ListItem\",\"@id\":\"https:\\\/\\\/www.eldigitaldeasturias.com\\\/noticias\\\/cifuentes-dice-que-las-protestas-crecen-por-la-crisis-y-tambien-porque-gobierna-el-pp\\\/#listItem\",\"position\":3,\"name\":\"Cifuentes dice que las protestas crecen por la crisis y tambi\\u00e9n porque gobierna el PP\",\"previousItem\":{\"@type\":\"ListItem\",\"@id\":\"https:\\\/\\\/www.eldigitaldeasturias.com\\\/noticias\\\/category\\\/actualidad\\\/#listItem\",\"name\":\"Actualidad\"}}]},{\"@type\":\"Organization\",\"@id\":\"https:\\\/\\\/www.eldigitaldeasturias.com\\\/noticias\\\/#organization\",\"name\":\"El Digital de Asturias\",\"description\":\"Hemeroteca\",\"url\":\"https:\\\/\\\/www.eldigitaldeasturias.com\\\/noticias\\\/\",\"email\":\"info@eldigitaldeasturias.com\",\"telephone\":\"+34652131393\",\"logo\":{\"@type\":\"ImageObject\",\"url\":\"https:\\\/\\\/www.eldigitaldeasturias.com\\\/noticias\\\/wp-content\\\/uploads\\\/2020\\\/12\\\/EDA.jpg\",\"@id\":\"https:\\\/\\\/www.eldigitaldeasturias.com\\\/noticias\\\/cifuentes-dice-que-las-protestas-crecen-por-la-crisis-y-tambien-porque-gobierna-el-pp\\\/#organizationLogo\"},\"image\":{\"@id\":\"https:\\\/\\\/www.eldigitaldeasturias.com\\\/noticias\\\/cifuentes-dice-que-las-protestas-crecen-por-la-crisis-y-tambien-porque-gobierna-el-pp\\\/#organizationLogo\"},\"sameAs\":[\"https:\\\/\\\/facebook.com\\\/eldigitaldeasturias\",\"https:\\\/\\\/www.youtube.com\\\/channel\\\/UCZP-2wLEB9Rv6erhFmqVnvg\"],\"address\":{\"@id\":\"https:\\\/\\\/www.eldigitaldeasturias.com\\\/noticias\\\/#postaladdress\",\"@type\":\"PostalAddress\",\"streetAddress\":\"san antonio 4\",\"postalCode\":\"33430\",\"addressLocality\":\"Cand\\u00e1s\",\"addressRegion\":\"Asturias\",\"addressCountry\":\"ES\"}},{\"@type\":\"Person\",\"@id\":\"https:\\\/\\\/www.eldigitaldeasturias.com\\\/noticias\\\/author\\\/admin\\\/#author\",\"url\":\"https:\\\/\\\/www.eldigitaldeasturias.com\\\/noticias\\\/author\\\/admin\\\/\",\"name\":\"El Digital de Asturias\",\"image\":{\"@type\":\"ImageObject\",\"@id\":\"https:\\\/\\\/www.eldigitaldeasturias.com\\\/noticias\\\/cifuentes-dice-que-las-protestas-crecen-por-la-crisis-y-tambien-porque-gobierna-el-pp\\\/#authorImage\",\"url\":\"https:\\\/\\\/secure.gravatar.com\\\/avatar\\\/df2aeffc32bcd13f8d26072ef8a91b623d677766deac7f97ca815868cd41bf5e?s=96&d=mm&r=g\",\"width\":96,\"height\":96,\"caption\":\"El Digital de Asturias\"}},{\"@type\":\"WebPage\",\"@id\":\"https:\\\/\\\/www.eldigitaldeasturias.com\\\/noticias\\\/cifuentes-dice-que-las-protestas-crecen-por-la-crisis-y-tambien-porque-gobierna-el-pp\\\/#webpage\",\"url\":\"https:\\\/\\\/www.eldigitaldeasturias.com\\\/noticias\\\/cifuentes-dice-que-las-protestas-crecen-por-la-crisis-y-tambien-porque-gobierna-el-pp\\\/\",\"name\":\"Cifuentes dice que las protestas crecen por la crisis y tambi\\u00e9n porque gobierna el PP - El Digital de Asturias\",\"description\":\"Madrid, 5 feb (EFE).- La delegada del Gobierno en Madrid, Cristina Cifuentes, cree que el aumento de protestas en la calle se debe a la crisis y tambi\\u00e9n \\\"al hecho de que el PP est\\u00e9 gobernado\\\", ya que desde entonces \\\"determinados grupos pol\\u00edticos y de presi\\u00f3n que intentaron ganar en la calle lo que no\",\"inLanguage\":\"es-ES\",\"isPartOf\":{\"@id\":\"https:\\\/\\\/www.eldigitaldeasturias.com\\\/noticias\\\/#website\"},\"breadcrumb\":{\"@id\":\"https:\\\/\\\/www.eldigitaldeasturias.com\\\/noticias\\\/cifuentes-dice-que-las-protestas-crecen-por-la-crisis-y-tambien-porque-gobierna-el-pp\\\/#breadcrumblist\"},\"author\":{\"@id\":\"https:\\\/\\\/www.eldigitaldeasturias.com\\\/noticias\\\/author\\\/admin\\\/#author\"},\"creator\":{\"@id\":\"https:\\\/\\\/www.eldigitaldeasturias.com\\\/noticias\\\/author\\\/admin\\\/#author\"},\"image\":{\"@type\":\"ImageObject\",\"url\":484171,\"@id\":\"https:\\\/\\\/www.eldigitaldeasturias.com\\\/noticias\\\/cifuentes-dice-que-las-protestas-crecen-por-la-crisis-y-tambien-porque-gobierna-el-pp\\\/#mainImage\"},\"primaryImageOfPage\":{\"@id\":\"https:\\\/\\\/www.eldigitaldeasturias.com\\\/noticias\\\/cifuentes-dice-que-las-protestas-crecen-por-la-crisis-y-tambien-porque-gobierna-el-pp\\\/#mainImage\"},\"datePublished\":\"2014-02-05T21:03:53+01:00\",\"dateModified\":\"2014-02-05T21:03:53+01:00\"},{\"@type\":\"WebSite\",\"@id\":\"https:\\\/\\\/www.eldigitaldeasturias.com\\\/noticias\\\/#website\",\"url\":\"https:\\\/\\\/www.eldigitaldeasturias.com\\\/noticias\\\/\",\"name\":\"El Digital de Asturias - Diario de actualidad y noticias\",\"alternateName\":\"El Digital de Asturias - Diario de actualidad y noticias\",\"description\":\"Hemeroteca\",\"inLanguage\":\"es-ES\",\"publisher\":{\"@id\":\"https:\\\/\\\/www.eldigitaldeasturias.com\\\/noticias\\\/#organization\"}}]}\n\t\t<\/script>\n\t\t<!-- All in One SEO Pro -->\r\n\t\t<title>Cifuentes dice que las protestas crecen por la crisis y tambi\u00e9n porque gobierna el PP - El Digital de Asturias<\/title>\n\n","aioseo_head_json":{"title":"Cifuentes dice que las protestas crecen por la crisis y tambi\u00e9n porque gobierna el PP - El Digital de Asturias","description":"Madrid, 5 feb (EFE).- La delegada del Gobierno en Madrid, Cristina Cifuentes, cree que el aumento de protestas en la calle se debe a la crisis y tambi\u00e9n \"al hecho de que el PP est\u00e9 gobernado\", ya que desde entonces \"determinados grupos pol\u00edticos y de presi\u00f3n que intentaron ganar en la calle lo que no","canonical_url":"https:\/\/www.eldigitaldeasturias.com\/noticias\/cifuentes-dice-que-las-protestas-crecen-por-la-crisis-y-tambien-porque-gobierna-el-pp\/","robots":"max-image-preview:large","keywords":"actualidad","webmasterTools":{"google-site-verification":"UA-38556648-1","msvalidate.01":"7dfe9f3f1b24437ab69f4f2559babe99","miscellaneous":""},"schema":{"@context":"https:\/\/schema.org","@graph":[{"@type":"BlogPosting","@id":"https:\/\/www.eldigitaldeasturias.com\/noticias\/cifuentes-dice-que-las-protestas-crecen-por-la-crisis-y-tambien-porque-gobierna-el-pp\/#blogposting","name":"Cifuentes dice que las protestas crecen por la crisis y tambi\u00e9n porque gobierna el PP - El Digital de Asturias","headline":"Cifuentes dice que las protestas crecen por la crisis y tambi\u00e9n porque gobierna el PP","author":{"@id":"https:\/\/www.eldigitaldeasturias.com\/noticias\/author\/admin\/#author"},"publisher":{"@id":"https:\/\/www.eldigitaldeasturias.com\/noticias\/#organization"},"image":{"@type":"ImageObject","url":484171},"datePublished":"2014-02-05T21:03:53+01:00","dateModified":"2014-02-05T21:03:53+01:00","inLanguage":"es-ES","mainEntityOfPage":{"@id":"https:\/\/www.eldigitaldeasturias.com\/noticias\/cifuentes-dice-que-las-protestas-crecen-por-la-crisis-y-tambien-porque-gobierna-el-pp\/#webpage"},"isPartOf":{"@id":"https:\/\/www.eldigitaldeasturias.com\/noticias\/cifuentes-dice-que-las-protestas-crecen-por-la-crisis-y-tambien-porque-gobierna-el-pp\/#webpage"},"articleSection":"Actualidad"},{"@type":"BreadcrumbList","@id":"https:\/\/www.eldigitaldeasturias.com\/noticias\/cifuentes-dice-que-las-protestas-crecen-por-la-crisis-y-tambien-porque-gobierna-el-pp\/#breadcrumblist","itemListElement":[{"@type":"ListItem","@id":"https:\/\/www.eldigitaldeasturias.com\/noticias#listItem","position":1,"name":"Home","item":"https:\/\/www.eldigitaldeasturias.com\/noticias","nextItem":{"@type":"ListItem","@id":"https:\/\/www.eldigitaldeasturias.com\/noticias\/category\/actualidad\/#listItem","name":"Actualidad"}},{"@type":"ListItem","@id":"https:\/\/www.eldigitaldeasturias.com\/noticias\/category\/actualidad\/#listItem","position":2,"name":"Actualidad","item":"https:\/\/www.eldigitaldeasturias.com\/noticias\/category\/actualidad\/","nextItem":{"@type":"ListItem","@id":"https:\/\/www.eldigitaldeasturias.com\/noticias\/cifuentes-dice-que-las-protestas-crecen-por-la-crisis-y-tambien-porque-gobierna-el-pp\/#listItem","name":"Cifuentes dice que las protestas crecen por la crisis y tambi\u00e9n porque gobierna el PP"},"previousItem":{"@type":"ListItem","@id":"https:\/\/www.eldigitaldeasturias.com\/noticias#listItem","name":"Home"}},{"@type":"ListItem","@id":"https:\/\/www.eldigitaldeasturias.com\/noticias\/cifuentes-dice-que-las-protestas-crecen-por-la-crisis-y-tambien-porque-gobierna-el-pp\/#listItem","position":3,"name":"Cifuentes dice que las protestas crecen por la crisis y tambi\u00e9n porque gobierna el PP","previousItem":{"@type":"ListItem","@id":"https:\/\/www.eldigitaldeasturias.com\/noticias\/category\/actualidad\/#listItem","name":"Actualidad"}}]},{"@type":"Organization","@id":"https:\/\/www.eldigitaldeasturias.com\/noticias\/#organization","name":"El Digital de Asturias","description":"Hemeroteca","url":"https:\/\/www.eldigitaldeasturias.com\/noticias\/","email":"info@eldigitaldeasturias.com","telephone":"+34652131393","logo":{"@type":"ImageObject","url":"https:\/\/www.eldigitaldeasturias.com\/noticias\/wp-content\/uploads\/2020\/12\/EDA.jpg","@id":"https:\/\/www.eldigitaldeasturias.com\/noticias\/cifuentes-dice-que-las-protestas-crecen-por-la-crisis-y-tambien-porque-gobierna-el-pp\/#organizationLogo"},"image":{"@id":"https:\/\/www.eldigitaldeasturias.com\/noticias\/cifuentes-dice-que-las-protestas-crecen-por-la-crisis-y-tambien-porque-gobierna-el-pp\/#organizationLogo"},"sameAs":["https:\/\/facebook.com\/eldigitaldeasturias","https:\/\/www.youtube.com\/channel\/UCZP-2wLEB9Rv6erhFmqVnvg"],"address":{"@id":"https:\/\/www.eldigitaldeasturias.com\/noticias\/#postaladdress","@type":"PostalAddress","streetAddress":"san antonio 4","postalCode":"33430","addressLocality":"Cand\u00e1s","addressRegion":"Asturias","addressCountry":"ES"}},{"@type":"Person","@id":"https:\/\/www.eldigitaldeasturias.com\/noticias\/author\/admin\/#author","url":"https:\/\/www.eldigitaldeasturias.com\/noticias\/author\/admin\/","name":"El Digital de Asturias","image":{"@type":"ImageObject","@id":"https:\/\/www.eldigitaldeasturias.com\/noticias\/cifuentes-dice-que-las-protestas-crecen-por-la-crisis-y-tambien-porque-gobierna-el-pp\/#authorImage","url":"https:\/\/secure.gravatar.com\/avatar\/df2aeffc32bcd13f8d26072ef8a91b623d677766deac7f97ca815868cd41bf5e?s=96&d=mm&r=g","width":96,"height":96,"caption":"El Digital de Asturias"}},{"@type":"WebPage","@id":"https:\/\/www.eldigitaldeasturias.com\/noticias\/cifuentes-dice-que-las-protestas-crecen-por-la-crisis-y-tambien-porque-gobierna-el-pp\/#webpage","url":"https:\/\/www.eldigitaldeasturias.com\/noticias\/cifuentes-dice-que-las-protestas-crecen-por-la-crisis-y-tambien-porque-gobierna-el-pp\/","name":"Cifuentes dice que las protestas crecen por la crisis y tambi\u00e9n porque gobierna el PP - El Digital de Asturias","description":"Madrid, 5 feb (EFE).- La delegada del Gobierno en Madrid, Cristina Cifuentes, cree que el aumento de protestas en la calle se debe a la crisis y tambi\u00e9n \"al hecho de que el PP est\u00e9 gobernado\", ya que desde entonces \"determinados grupos pol\u00edticos y de presi\u00f3n que intentaron ganar en la calle lo que no","inLanguage":"es-ES","isPartOf":{"@id":"https:\/\/www.eldigitaldeasturias.com\/noticias\/#website"},"breadcrumb":{"@id":"https:\/\/www.eldigitaldeasturias.com\/noticias\/cifuentes-dice-que-las-protestas-crecen-por-la-crisis-y-tambien-porque-gobierna-el-pp\/#breadcrumblist"},"author":{"@id":"https:\/\/www.eldigitaldeasturias.com\/noticias\/author\/admin\/#author"},"creator":{"@id":"https:\/\/www.eldigitaldeasturias.com\/noticias\/author\/admin\/#author"},"image":{"@type":"ImageObject","url":484171,"@id":"https:\/\/www.eldigitaldeasturias.com\/noticias\/cifuentes-dice-que-las-protestas-crecen-por-la-crisis-y-tambien-porque-gobierna-el-pp\/#mainImage"},"primaryImageOfPage":{"@id":"https:\/\/www.eldigitaldeasturias.com\/noticias\/cifuentes-dice-que-las-protestas-crecen-por-la-crisis-y-tambien-porque-gobierna-el-pp\/#mainImage"},"datePublished":"2014-02-05T21:03:53+01:00","dateModified":"2014-02-05T21:03:53+01:00"},{"@type":"WebSite","@id":"https:\/\/www.eldigitaldeasturias.com\/noticias\/#website","url":"https:\/\/www.eldigitaldeasturias.com\/noticias\/","name":"El Digital de Asturias - Diario de actualidad y noticias","alternateName":"El Digital de Asturias - Diario de actualidad y noticias","description":"Hemeroteca","inLanguage":"es-ES","publisher":{"@id":"https:\/\/www.eldigitaldeasturias.com\/noticias\/#organization"}}]},"og:locale":"es_ES","og:site_name":"El Digital de Asturias","og:type":"article","og:title":"Cifuentes dice que las protestas crecen por la crisis y tambi\u00e9n porque gobierna el PP - El Digital de Asturias","og:description":"Madrid, 5 feb (EFE).- La delegada del Gobierno en Madrid, Cristina Cifuentes, cree que el aumento de protestas en la calle se debe a la crisis y tambi\u00e9n &quot;al hecho de que el PP est\u00e9 gobernado&quot;, ya que desde entonces &quot;determinados grupos pol\u00edticos y de presi\u00f3n que intentaron ganar en la calle lo que no","og:url":"https:\/\/www.eldigitaldeasturias.com\/noticias\/cifuentes-dice-que-las-protestas-crecen-por-la-crisis-y-tambien-porque-gobierna-el-pp\/","article:tag":["actualidad"],"article:published_time":"2014-02-05T22:03:53+00:00","article:modified_time":"2014-02-05T22:03:53+00:00","article:publisher":"https:\/\/facebook.com\/eldigitaldeasturias","twitter:card":"summary_large_image","twitter:title":"Cifuentes dice que las protestas crecen por la crisis y tambi\u00e9n porque gobierna el PP - El Digital de Asturias","twitter:description":"Madrid, 5 feb (EFE).- La delegada del Gobierno en Madrid, Cristina Cifuentes, cree que el aumento de protestas en la calle se debe a la crisis y tambi\u00e9n &quot;al hecho de que el PP est\u00e9 gobernado&quot;, ya que desde entonces &quot;determinados grupos pol\u00edticos y de presi\u00f3n que intentaron ganar en la calle lo que no","twitter:label1":"Escrito por","twitter:data1":"El Digital de Asturias","twitter:label2":"Tiempo de lectura estimado","twitter:data2":"4 minutos"},"aioseo_meta_data":{"post_id":"484170","title":null,"description":null,"keywords":null,"keyphrases":null,"primary_term":null,"canonical_url":null,"og_title":null,"og_description":null,"og_object_type":"default","og_image_type":"default","og_image_url":null,"og_image_width":null,"og_image_height":null,"og_image_custom_url":null,"og_image_custom_fields":null,"og_video":null,"og_custom_url":null,"og_article_section":null,"og_article_tags":null,"twitter_use_og":true,"twitter_card":"default","twitter_image_type":"default","twitter_image_url":null,"twitter_image_custom_url":null,"twitter_image_custom_fields":null,"twitter_title":null,"twitter_description":null,"schema":{"blockGraphs":[],"customGraphs":[],"default":{"data":{"Article":[],"Course":[],"Dataset":[],"FAQPage":[],"Movie":[],"Person":[],"Product":[],"ProductReview":[],"Car":[],"Recipe":[],"Service":[],"SoftwareApplication":[],"WebPage":[]},"graphName":"","isEnabled":true},"graphs":[],"defaultGraph":"","defaultPostTypeGraph":""},"schema_type":null,"schema_type_options":null,"pillar_content":false,"robots_default":true,"robots_noindex":false,"robots_noarchive":false,"robots_nosnippet":false,"robots_nofollow":false,"robots_noimageindex":false,"robots_noodp":false,"robots_notranslate":false,"robots_max_snippet":null,"robots_max_videopreview":null,"robots_max_imagepreview":"none","priority":null,"frequency":null,"local_seo":null,"seo_analyzer_scan_date":"2026-06-02 15:03:46","breadcrumb_settings":null,"limit_modified_date":false,"open_ai":null,"ai":null,"created":"2020-11-14 22:55:00","updated":"2026-06-02 15:03:46","focus_keyword":null,"additional_keywords":null,"truseo_locale":null},"aioseo_breadcrumb":"<div class=\"aioseo-breadcrumbs\"><span class=\"aioseo-breadcrumb\">\n\t<a href=\"https:\/\/www.eldigitaldeasturias.com\/noticias\" title=\"Home\">Home<\/a>\n<\/span><span class=\"aioseo-breadcrumb-separator\">\u2013<\/span><span class=\"aioseo-breadcrumb\">\n\t<a href=\"https:\/\/www.eldigitaldeasturias.com\/noticias\/category\/actualidad\/\" title=\"Actualidad\">Actualidad<\/a>\n<\/span><span class=\"aioseo-breadcrumb-separator\">\u2013<\/span><span class=\"aioseo-breadcrumb\">\n\t<a href=\"https:\/\/www.eldigitaldeasturias.com\/noticias\/cifuentes-dice-que-las-protestas-crecen-por-la-crisis-y-tambien-porque-gobierna-el-pp\/\" title=\"Cifuentes dice que las protestas crecen por la crisis y tambi\u00e9n porque gobierna el PP\">Cifuentes dice que las protestas crecen por la crisis y tambi\u00e9n porque gobierna el PP<\/a>\n<\/span><\/div>","aioseo_breadcrumb_json":[{"label":"Home","link":"https:\/\/www.eldigitaldeasturias.com\/noticias"},{"label":"Actualidad","link":"https:\/\/www.eldigitaldeasturias.com\/noticias\/category\/actualidad\/"},{"label":"Cifuentes dice que las protestas crecen por la crisis y tambi\u00e9n porque gobierna el PP","link":"https:\/\/www.eldigitaldeasturias.com\/noticias\/cifuentes-dice-que-las-protestas-crecen-por-la-crisis-y-tambien-porque-gobierna-el-pp\/"}],"_links":{"self":[{"href":"https:\/\/www.eldigitaldeasturias.com\/noticias\/wp-json\/wp\/v2\/posts\/484170","targetHints":{"allow":["GET"]}}],"collection":[{"href":"https:\/\/www.eldigitaldeasturias.com\/noticias\/wp-json\/wp\/v2\/posts"}],"about":[{"href":"https:\/\/www.eldigitaldeasturias.com\/noticias\/wp-json\/wp\/v2\/types\/post"}],"author":[{"embeddable":true,"href":"https:\/\/www.eldigitaldeasturias.com\/noticias\/wp-json\/wp\/v2\/users\/1"}],"replies":[{"embeddable":true,"href":"https:\/\/www.eldigitaldeasturias.com\/noticias\/wp-json\/wp\/v2\/comments?post=484170"}],"version-history":[{"count":0,"href":"https:\/\/www.eldigitaldeasturias.com\/noticias\/wp-json\/wp\/v2\/posts\/484170\/revisions"}],"wp:attachment":[{"href":"https:\/\/www.eldigitaldeasturias.com\/noticias\/wp-json\/wp\/v2\/media?parent=484170"}],"wp:term":[{"taxonomy":"category","embeddable":true,"href":"https:\/\/www.eldigitaldeasturias.com\/noticias\/wp-json\/wp\/v2\/categories?post=484170"},{"taxonomy":"post_tag","embeddable":true,"href":"https:\/\/www.eldigitaldeasturias.com\/noticias\/wp-json\/wp\/v2\/tags?post=484170"}],"curies":[{"name":"wp","href":"https:\/\/api.w.org\/{rel}","templated":true}]}}