{"id":484164,"date":"2014-02-05T20:59:34","date_gmt":"2014-02-05T21:59:34","guid":{"rendered":"http:\/\/www.eldigitaldeasturias.com\/noticias\/?p=484164"},"modified":"2014-02-05T20:59:34","modified_gmt":"2014-02-05T21:59:34","slug":"aumenta-el-porcentaje-de-parados-que-cree-que-encontrara-empleo-en-un-ano","status":"publish","type":"post","link":"https:\/\/www.eldigitaldeasturias.com\/noticias\/aumenta-el-porcentaje-de-parados-que-cree-que-encontrara-empleo-en-un-ano\/","title":{"rendered":"Aumenta el porcentaje de parados que cree que encontrar\u00e1 empleo en un a\u00f1o"},"content":{"rendered":"<p><img loading=\"lazy\" decoding=\"async\" class=\"alignleft size-medium wp-image-484165\" alt=\"5912160w\" src=\"https:\/\/www.eldigitaldeasturias.com\/noticias\/wp-content\/uploads\/2014\/02\/5912160w-360x243.jpg\" width=\"360\" height=\"243\" \/>Madrid, 5 feb (EFE).- El porcentaje de parados que cree que encontrar\u00e1 empleo en un a\u00f1o ha subido cinco puntos hasta el 34,6 %, aunque siguen siendo m\u00e1s de la mitad -56,8 %- los que no esperan lograr un puesto de trabajo en ese tiempo.<\/p>\n<p>As\u00ed lo se\u00f1ala el bar\u00f3metro de enero del Centro de Investigaciones Sociol\u00f3gicas, que eleva del 29,6 % al 34,6 % el porcentaje de desempleados que ve \u00abmuy probable\u00bb o \u00abbastante probable\u00bb encontrar una ocupaci\u00f3n en los pr\u00f3ximos doce meses.<\/p>\n<p>Sigue siendo en cualquier caso mucho mayor el pesimismo entre los desempleados, pues 56,8 % considera \u00abpoco\u00bb o \u00abnada\u00bb probable, aunque este porcentaje ha descendido seis puntos con respecto al bar\u00f3metro de diciembre.<\/p>\n<p>En cuanto a las personas con trabajo, tambi\u00e9n aumenta el optimismo, y un 74,7 % ve \u00abpoco\u00bb o \u00abnada\u00bb probable quedarse en el paro en el pr\u00f3ximo a\u00f1o, frente al 73,5 % que lo pensaba en diciembre.<\/p>\n<p>Mientras, un 17 por ciento ve \u00abmuy probable\u00bb o \u00abbastante probable\u00bb perder su empleo, porcentaje inferior al del anterior bar\u00f3metro, que fue del 17,6 por ciento.<\/p>\n","protected":false},"excerpt":{"rendered":"<p>Madrid, 5 feb (EFE).- El porcentaje de parados que cree que encontrar\u00e1 empleo en un a\u00f1o ha subido cinco puntos hasta el 34,6 %, aunque siguen siendo m\u00e1s de la mitad -56,8 %- los que no esperan lograr un puesto de trabajo en ese tiempo. As\u00ed lo se\u00f1ala el bar\u00f3metro de enero del Centro de [&hellip;]<\/p>\n","protected":false},"author":1,"featured_media":484165,"comment_status":"closed","ping_status":"open","sticky":false,"template":"","format":"standard","meta":{"footnotes":""},"categories":[1],"tags":[],"class_list":["post-484164","post","type-post","status-publish","format-standard","has-post-thumbnail","hentry","category-actualidad"],"aioseo_notices":[],"aioseo_head":"\n\t\t<!-- All in One SEO Pro 5.0.1 - aioseo.com -->\n\t<meta name=\"description\" content=\"Madrid, 5 feb (EFE).- El porcentaje de parados que cree que encontrar\u00e1 empleo en un a\u00f1o ha subido cinco puntos hasta el 34,6 %, aunque siguen siendo m\u00e1s de la mitad -56,8 %- los que no esperan lograr un puesto de trabajo en ese tiempo. As\u00ed lo se\u00f1ala el bar\u00f3metro de enero del Centro de\" \/>\n\t<meta name=\"robots\" content=\"max-image-preview:large\" \/>\n\t<meta name=\"author\" content=\"El Digital de Asturias\"\/>\n\t<meta name=\"google-site-verification\" content=\"UA-38556648-1\" \/>\n\t<meta name=\"msvalidate.01\" content=\"7dfe9f3f1b24437ab69f4f2559babe99\" \/>\n\t<meta name=\"keywords\" content=\"actualidad\" \/>\n\t<link rel=\"canonical\" href=\"https:\/\/www.eldigitaldeasturias.com\/noticias\/aumenta-el-porcentaje-de-parados-que-cree-que-encontrara-empleo-en-un-ano\/\" \/>\n\t<meta name=\"generator\" content=\"All in One SEO Pro (AIOSEO) 5.0.1\" \/>\n\t\t<meta property=\"og:locale\" content=\"es_ES\" \/>\n\t\t<meta property=\"og:site_name\" content=\"El Digital de Asturias\" \/>\n\t\t<meta property=\"og:type\" content=\"article\" \/>\n\t\t<meta property=\"og:title\" content=\"Aumenta el porcentaje de parados que cree que encontrar\u00e1 empleo en un a\u00f1o - El Digital de Asturias\" \/>\n\t\t<meta property=\"og:description\" content=\"Madrid, 5 feb (EFE).- El porcentaje de parados que cree que encontrar\u00e1 empleo en un a\u00f1o ha subido cinco puntos hasta el 34,6 %, aunque siguen siendo m\u00e1s de la mitad -56,8 %- los que no esperan lograr un puesto de trabajo en ese tiempo. As\u00ed lo se\u00f1ala el bar\u00f3metro de enero del Centro de\" \/>\n\t\t<meta property=\"og:url\" content=\"https:\/\/www.eldigitaldeasturias.com\/noticias\/aumenta-el-porcentaje-de-parados-que-cree-que-encontrara-empleo-en-un-ano\/\" \/>\n\t\t<meta property=\"article:tag\" content=\"actualidad\" \/>\n\t\t<meta property=\"article:published_time\" content=\"2014-02-05T21:59:34+00:00\" \/>\n\t\t<meta property=\"article:modified_time\" content=\"2014-02-05T21:59:34+00:00\" \/>\n\t\t<meta property=\"article:publisher\" content=\"https:\/\/facebook.com\/eldigitaldeasturias\" \/>\n\t\t<meta name=\"twitter:card\" content=\"summary_large_image\" \/>\n\t\t<meta name=\"twitter:title\" content=\"Aumenta el porcentaje de parados que cree que encontrar\u00e1 empleo en un a\u00f1o - El Digital de Asturias\" \/>\n\t\t<meta name=\"twitter:description\" content=\"Madrid, 5 feb (EFE).- El porcentaje de parados que cree que encontrar\u00e1 empleo en un a\u00f1o ha subido cinco puntos hasta el 34,6 %, aunque siguen siendo m\u00e1s de la mitad -56,8 %- los que no esperan lograr un puesto de trabajo en ese tiempo. As\u00ed lo se\u00f1ala el bar\u00f3metro de enero del Centro de\" \/>\n\t\t<meta name=\"twitter:label1\" content=\"Escrito por\" \/>\n\t\t<meta name=\"twitter:data1\" content=\"El Digital de Asturias\" \/>\n\t\t<meta name=\"twitter:label2\" content=\"Tiempo de lectura estimado\" \/>\n\t\t<meta name=\"twitter:data2\" content=\"1 minuto\" \/>\n\t\t<script type=\"application\/ld+json\" class=\"aioseo-schema\">\n\t\t\t{\"@context\":\"https:\\\/\\\/schema.org\",\"@graph\":[{\"@type\":\"BlogPosting\",\"@id\":\"https:\\\/\\\/www.eldigitaldeasturias.com\\\/noticias\\\/aumenta-el-porcentaje-de-parados-que-cree-que-encontrara-empleo-en-un-ano\\\/#blogposting\",\"name\":\"Aumenta el porcentaje de parados que cree que encontrar\\u00e1 empleo en un a\\u00f1o - El Digital de Asturias\",\"headline\":\"Aumenta el porcentaje de parados que cree que encontrar\\u00e1 empleo en un a\\u00f1o\",\"author\":{\"@id\":\"https:\\\/\\\/www.eldigitaldeasturias.com\\\/noticias\\\/author\\\/admin\\\/#author\"},\"publisher\":{\"@id\":\"https:\\\/\\\/www.eldigitaldeasturias.com\\\/noticias\\\/#organization\"},\"image\":{\"@type\":\"ImageObject\",\"url\":484165},\"datePublished\":\"2014-02-05T20:59:34+01:00\",\"dateModified\":\"2014-02-05T20:59:34+01:00\",\"inLanguage\":\"es-ES\",\"mainEntityOfPage\":{\"@id\":\"https:\\\/\\\/www.eldigitaldeasturias.com\\\/noticias\\\/aumenta-el-porcentaje-de-parados-que-cree-que-encontrara-empleo-en-un-ano\\\/#webpage\"},\"isPartOf\":{\"@id\":\"https:\\\/\\\/www.eldigitaldeasturias.com\\\/noticias\\\/aumenta-el-porcentaje-de-parados-que-cree-que-encontrara-empleo-en-un-ano\\\/#webpage\"},\"articleSection\":\"Actualidad\"},{\"@type\":\"BreadcrumbList\",\"@id\":\"https:\\\/\\\/www.eldigitaldeasturias.com\\\/noticias\\\/aumenta-el-porcentaje-de-parados-que-cree-que-encontrara-empleo-en-un-ano\\\/#breadcrumblist\",\"itemListElement\":[{\"@type\":\"ListItem\",\"@id\":\"https:\\\/\\\/www.eldigitaldeasturias.com\\\/noticias#listItem\",\"position\":1,\"name\":\"Home\",\"item\":\"https:\\\/\\\/www.eldigitaldeasturias.com\\\/noticias\",\"nextItem\":{\"@type\":\"ListItem\",\"@id\":\"https:\\\/\\\/www.eldigitaldeasturias.com\\\/noticias\\\/category\\\/actualidad\\\/#listItem\",\"name\":\"Actualidad\"}},{\"@type\":\"ListItem\",\"@id\":\"https:\\\/\\\/www.eldigitaldeasturias.com\\\/noticias\\\/category\\\/actualidad\\\/#listItem\",\"position\":2,\"name\":\"Actualidad\",\"item\":\"https:\\\/\\\/www.eldigitaldeasturias.com\\\/noticias\\\/category\\\/actualidad\\\/\",\"nextItem\":{\"@type\":\"ListItem\",\"@id\":\"https:\\\/\\\/www.eldigitaldeasturias.com\\\/noticias\\\/aumenta-el-porcentaje-de-parados-que-cree-que-encontrara-empleo-en-un-ano\\\/#listItem\",\"name\":\"Aumenta el porcentaje de parados que cree que encontrar\\u00e1 empleo en un a\\u00f1o\"},\"previousItem\":{\"@type\":\"ListItem\",\"@id\":\"https:\\\/\\\/www.eldigitaldeasturias.com\\\/noticias#listItem\",\"name\":\"Home\"}},{\"@type\":\"ListItem\",\"@id\":\"https:\\\/\\\/www.eldigitaldeasturias.com\\\/noticias\\\/aumenta-el-porcentaje-de-parados-que-cree-que-encontrara-empleo-en-un-ano\\\/#listItem\",\"position\":3,\"name\":\"Aumenta el porcentaje de parados que cree que encontrar\\u00e1 empleo en un a\\u00f1o\",\"previousItem\":{\"@type\":\"ListItem\",\"@id\":\"https:\\\/\\\/www.eldigitaldeasturias.com\\\/noticias\\\/category\\\/actualidad\\\/#listItem\",\"name\":\"Actualidad\"}}]},{\"@type\":\"Organization\",\"@id\":\"https:\\\/\\\/www.eldigitaldeasturias.com\\\/noticias\\\/#organization\",\"name\":\"El Digital de Asturias\",\"description\":\"Hemeroteca\",\"url\":\"https:\\\/\\\/www.eldigitaldeasturias.com\\\/noticias\\\/\",\"email\":\"info@eldigitaldeasturias.com\",\"telephone\":\"+34652131393\",\"logo\":{\"@type\":\"ImageObject\",\"url\":\"https:\\\/\\\/www.eldigitaldeasturias.com\\\/noticias\\\/wp-content\\\/uploads\\\/2020\\\/12\\\/EDA.jpg\",\"@id\":\"https:\\\/\\\/www.eldigitaldeasturias.com\\\/noticias\\\/aumenta-el-porcentaje-de-parados-que-cree-que-encontrara-empleo-en-un-ano\\\/#organizationLogo\"},\"image\":{\"@id\":\"https:\\\/\\\/www.eldigitaldeasturias.com\\\/noticias\\\/aumenta-el-porcentaje-de-parados-que-cree-que-encontrara-empleo-en-un-ano\\\/#organizationLogo\"},\"sameAs\":[\"https:\\\/\\\/facebook.com\\\/eldigitaldeasturias\",\"https:\\\/\\\/www.youtube.com\\\/channel\\\/UCZP-2wLEB9Rv6erhFmqVnvg\"],\"address\":{\"@id\":\"https:\\\/\\\/www.eldigitaldeasturias.com\\\/noticias\\\/#postaladdress\",\"@type\":\"PostalAddress\",\"streetAddress\":\"san antonio 4\",\"postalCode\":\"33430\",\"addressLocality\":\"Cand\\u00e1s\",\"addressRegion\":\"Asturias\",\"addressCountry\":\"ES\"}},{\"@type\":\"Person\",\"@id\":\"https:\\\/\\\/www.eldigitaldeasturias.com\\\/noticias\\\/author\\\/admin\\\/#author\",\"url\":\"https:\\\/\\\/www.eldigitaldeasturias.com\\\/noticias\\\/author\\\/admin\\\/\",\"name\":\"El Digital de Asturias\",\"image\":{\"@type\":\"ImageObject\",\"@id\":\"https:\\\/\\\/www.eldigitaldeasturias.com\\\/noticias\\\/aumenta-el-porcentaje-de-parados-que-cree-que-encontrara-empleo-en-un-ano\\\/#authorImage\",\"url\":\"https:\\\/\\\/secure.gravatar.com\\\/avatar\\\/df2aeffc32bcd13f8d26072ef8a91b623d677766deac7f97ca815868cd41bf5e?s=96&d=mm&r=g\",\"width\":96,\"height\":96,\"caption\":\"El Digital de Asturias\"}},{\"@type\":\"WebPage\",\"@id\":\"https:\\\/\\\/www.eldigitaldeasturias.com\\\/noticias\\\/aumenta-el-porcentaje-de-parados-que-cree-que-encontrara-empleo-en-un-ano\\\/#webpage\",\"url\":\"https:\\\/\\\/www.eldigitaldeasturias.com\\\/noticias\\\/aumenta-el-porcentaje-de-parados-que-cree-que-encontrara-empleo-en-un-ano\\\/\",\"name\":\"Aumenta el porcentaje de parados que cree que encontrar\\u00e1 empleo en un a\\u00f1o - El Digital de Asturias\",\"description\":\"Madrid, 5 feb (EFE).- El porcentaje de parados que cree que encontrar\\u00e1 empleo en un a\\u00f1o ha subido cinco puntos hasta el 34,6 %, aunque siguen siendo m\\u00e1s de la mitad -56,8 %- los que no esperan lograr un puesto de trabajo en ese tiempo. As\\u00ed lo se\\u00f1ala el bar\\u00f3metro de enero del Centro de\",\"inLanguage\":\"es-ES\",\"isPartOf\":{\"@id\":\"https:\\\/\\\/www.eldigitaldeasturias.com\\\/noticias\\\/#website\"},\"breadcrumb\":{\"@id\":\"https:\\\/\\\/www.eldigitaldeasturias.com\\\/noticias\\\/aumenta-el-porcentaje-de-parados-que-cree-que-encontrara-empleo-en-un-ano\\\/#breadcrumblist\"},\"author\":{\"@id\":\"https:\\\/\\\/www.eldigitaldeasturias.com\\\/noticias\\\/author\\\/admin\\\/#author\"},\"creator\":{\"@id\":\"https:\\\/\\\/www.eldigitaldeasturias.com\\\/noticias\\\/author\\\/admin\\\/#author\"},\"image\":{\"@type\":\"ImageObject\",\"url\":484165,\"@id\":\"https:\\\/\\\/www.eldigitaldeasturias.com\\\/noticias\\\/aumenta-el-porcentaje-de-parados-que-cree-que-encontrara-empleo-en-un-ano\\\/#mainImage\"},\"primaryImageOfPage\":{\"@id\":\"https:\\\/\\\/www.eldigitaldeasturias.com\\\/noticias\\\/aumenta-el-porcentaje-de-parados-que-cree-que-encontrara-empleo-en-un-ano\\\/#mainImage\"},\"datePublished\":\"2014-02-05T20:59:34+01:00\",\"dateModified\":\"2014-02-05T20:59:34+01:00\"},{\"@type\":\"WebSite\",\"@id\":\"https:\\\/\\\/www.eldigitaldeasturias.com\\\/noticias\\\/#website\",\"url\":\"https:\\\/\\\/www.eldigitaldeasturias.com\\\/noticias\\\/\",\"name\":\"El Digital de Asturias - Diario de actualidad y noticias\",\"alternateName\":\"El Digital de Asturias - Diario de actualidad y noticias\",\"description\":\"Hemeroteca\",\"inLanguage\":\"es-ES\",\"publisher\":{\"@id\":\"https:\\\/\\\/www.eldigitaldeasturias.com\\\/noticias\\\/#organization\"}}]}\n\t\t<\/script>\n\t\t<!-- All in One SEO Pro -->\r\n\t\t<title>Aumenta el porcentaje de parados que cree que encontrar\u00e1 empleo en un a\u00f1o - El Digital de Asturias<\/title>\n\n","aioseo_head_json":{"title":"Aumenta el porcentaje de parados que cree que encontrar\u00e1 empleo en un a\u00f1o - El Digital de Asturias","description":"Madrid, 5 feb (EFE).- El porcentaje de parados que cree que encontrar\u00e1 empleo en un a\u00f1o ha subido cinco puntos hasta el 34,6 %, aunque siguen siendo m\u00e1s de la mitad -56,8 %- los que no esperan lograr un puesto de trabajo en ese tiempo. As\u00ed lo se\u00f1ala el bar\u00f3metro de enero del Centro de","canonical_url":"https:\/\/www.eldigitaldeasturias.com\/noticias\/aumenta-el-porcentaje-de-parados-que-cree-que-encontrara-empleo-en-un-ano\/","robots":"max-image-preview:large","keywords":"actualidad","webmasterTools":{"google-site-verification":"UA-38556648-1","msvalidate.01":"7dfe9f3f1b24437ab69f4f2559babe99","miscellaneous":""},"schema":{"@context":"https:\/\/schema.org","@graph":[{"@type":"BlogPosting","@id":"https:\/\/www.eldigitaldeasturias.com\/noticias\/aumenta-el-porcentaje-de-parados-que-cree-que-encontrara-empleo-en-un-ano\/#blogposting","name":"Aumenta el porcentaje de parados que cree que encontrar\u00e1 empleo en un a\u00f1o - El Digital de Asturias","headline":"Aumenta el porcentaje de parados que cree que encontrar\u00e1 empleo en un a\u00f1o","author":{"@id":"https:\/\/www.eldigitaldeasturias.com\/noticias\/author\/admin\/#author"},"publisher":{"@id":"https:\/\/www.eldigitaldeasturias.com\/noticias\/#organization"},"image":{"@type":"ImageObject","url":484165},"datePublished":"2014-02-05T20:59:34+01:00","dateModified":"2014-02-05T20:59:34+01:00","inLanguage":"es-ES","mainEntityOfPage":{"@id":"https:\/\/www.eldigitaldeasturias.com\/noticias\/aumenta-el-porcentaje-de-parados-que-cree-que-encontrara-empleo-en-un-ano\/#webpage"},"isPartOf":{"@id":"https:\/\/www.eldigitaldeasturias.com\/noticias\/aumenta-el-porcentaje-de-parados-que-cree-que-encontrara-empleo-en-un-ano\/#webpage"},"articleSection":"Actualidad"},{"@type":"BreadcrumbList","@id":"https:\/\/www.eldigitaldeasturias.com\/noticias\/aumenta-el-porcentaje-de-parados-que-cree-que-encontrara-empleo-en-un-ano\/#breadcrumblist","itemListElement":[{"@type":"ListItem","@id":"https:\/\/www.eldigitaldeasturias.com\/noticias#listItem","position":1,"name":"Home","item":"https:\/\/www.eldigitaldeasturias.com\/noticias","nextItem":{"@type":"ListItem","@id":"https:\/\/www.eldigitaldeasturias.com\/noticias\/category\/actualidad\/#listItem","name":"Actualidad"}},{"@type":"ListItem","@id":"https:\/\/www.eldigitaldeasturias.com\/noticias\/category\/actualidad\/#listItem","position":2,"name":"Actualidad","item":"https:\/\/www.eldigitaldeasturias.com\/noticias\/category\/actualidad\/","nextItem":{"@type":"ListItem","@id":"https:\/\/www.eldigitaldeasturias.com\/noticias\/aumenta-el-porcentaje-de-parados-que-cree-que-encontrara-empleo-en-un-ano\/#listItem","name":"Aumenta el porcentaje de parados que cree que encontrar\u00e1 empleo en un a\u00f1o"},"previousItem":{"@type":"ListItem","@id":"https:\/\/www.eldigitaldeasturias.com\/noticias#listItem","name":"Home"}},{"@type":"ListItem","@id":"https:\/\/www.eldigitaldeasturias.com\/noticias\/aumenta-el-porcentaje-de-parados-que-cree-que-encontrara-empleo-en-un-ano\/#listItem","position":3,"name":"Aumenta el porcentaje de parados que cree que encontrar\u00e1 empleo en un a\u00f1o","previousItem":{"@type":"ListItem","@id":"https:\/\/www.eldigitaldeasturias.com\/noticias\/category\/actualidad\/#listItem","name":"Actualidad"}}]},{"@type":"Organization","@id":"https:\/\/www.eldigitaldeasturias.com\/noticias\/#organization","name":"El Digital de Asturias","description":"Hemeroteca","url":"https:\/\/www.eldigitaldeasturias.com\/noticias\/","email":"info@eldigitaldeasturias.com","telephone":"+34652131393","logo":{"@type":"ImageObject","url":"https:\/\/www.eldigitaldeasturias.com\/noticias\/wp-content\/uploads\/2020\/12\/EDA.jpg","@id":"https:\/\/www.eldigitaldeasturias.com\/noticias\/aumenta-el-porcentaje-de-parados-que-cree-que-encontrara-empleo-en-un-ano\/#organizationLogo"},"image":{"@id":"https:\/\/www.eldigitaldeasturias.com\/noticias\/aumenta-el-porcentaje-de-parados-que-cree-que-encontrara-empleo-en-un-ano\/#organizationLogo"},"sameAs":["https:\/\/facebook.com\/eldigitaldeasturias","https:\/\/www.youtube.com\/channel\/UCZP-2wLEB9Rv6erhFmqVnvg"],"address":{"@id":"https:\/\/www.eldigitaldeasturias.com\/noticias\/#postaladdress","@type":"PostalAddress","streetAddress":"san antonio 4","postalCode":"33430","addressLocality":"Cand\u00e1s","addressRegion":"Asturias","addressCountry":"ES"}},{"@type":"Person","@id":"https:\/\/www.eldigitaldeasturias.com\/noticias\/author\/admin\/#author","url":"https:\/\/www.eldigitaldeasturias.com\/noticias\/author\/admin\/","name":"El Digital de Asturias","image":{"@type":"ImageObject","@id":"https:\/\/www.eldigitaldeasturias.com\/noticias\/aumenta-el-porcentaje-de-parados-que-cree-que-encontrara-empleo-en-un-ano\/#authorImage","url":"https:\/\/secure.gravatar.com\/avatar\/df2aeffc32bcd13f8d26072ef8a91b623d677766deac7f97ca815868cd41bf5e?s=96&d=mm&r=g","width":96,"height":96,"caption":"El Digital de Asturias"}},{"@type":"WebPage","@id":"https:\/\/www.eldigitaldeasturias.com\/noticias\/aumenta-el-porcentaje-de-parados-que-cree-que-encontrara-empleo-en-un-ano\/#webpage","url":"https:\/\/www.eldigitaldeasturias.com\/noticias\/aumenta-el-porcentaje-de-parados-que-cree-que-encontrara-empleo-en-un-ano\/","name":"Aumenta el porcentaje de parados que cree que encontrar\u00e1 empleo en un a\u00f1o - El Digital de Asturias","description":"Madrid, 5 feb (EFE).- El porcentaje de parados que cree que encontrar\u00e1 empleo en un a\u00f1o ha subido cinco puntos hasta el 34,6 %, aunque siguen siendo m\u00e1s de la mitad -56,8 %- los que no esperan lograr un puesto de trabajo en ese tiempo. As\u00ed lo se\u00f1ala el bar\u00f3metro de enero del Centro de","inLanguage":"es-ES","isPartOf":{"@id":"https:\/\/www.eldigitaldeasturias.com\/noticias\/#website"},"breadcrumb":{"@id":"https:\/\/www.eldigitaldeasturias.com\/noticias\/aumenta-el-porcentaje-de-parados-que-cree-que-encontrara-empleo-en-un-ano\/#breadcrumblist"},"author":{"@id":"https:\/\/www.eldigitaldeasturias.com\/noticias\/author\/admin\/#author"},"creator":{"@id":"https:\/\/www.eldigitaldeasturias.com\/noticias\/author\/admin\/#author"},"image":{"@type":"ImageObject","url":484165,"@id":"https:\/\/www.eldigitaldeasturias.com\/noticias\/aumenta-el-porcentaje-de-parados-que-cree-que-encontrara-empleo-en-un-ano\/#mainImage"},"primaryImageOfPage":{"@id":"https:\/\/www.eldigitaldeasturias.com\/noticias\/aumenta-el-porcentaje-de-parados-que-cree-que-encontrara-empleo-en-un-ano\/#mainImage"},"datePublished":"2014-02-05T20:59:34+01:00","dateModified":"2014-02-05T20:59:34+01:00"},{"@type":"WebSite","@id":"https:\/\/www.eldigitaldeasturias.com\/noticias\/#website","url":"https:\/\/www.eldigitaldeasturias.com\/noticias\/","name":"El Digital de Asturias - Diario de actualidad y noticias","alternateName":"El Digital de Asturias - Diario de actualidad y noticias","description":"Hemeroteca","inLanguage":"es-ES","publisher":{"@id":"https:\/\/www.eldigitaldeasturias.com\/noticias\/#organization"}}]},"og:locale":"es_ES","og:site_name":"El Digital de Asturias","og:type":"article","og:title":"Aumenta el porcentaje de parados que cree que encontrar\u00e1 empleo en un a\u00f1o - El Digital de Asturias","og:description":"Madrid, 5 feb (EFE).- El porcentaje de parados que cree que encontrar\u00e1 empleo en un a\u00f1o ha subido cinco puntos hasta el 34,6 %, aunque siguen siendo m\u00e1s de la mitad -56,8 %- los que no esperan lograr un puesto de trabajo en ese tiempo. As\u00ed lo se\u00f1ala el bar\u00f3metro de enero del Centro de","og:url":"https:\/\/www.eldigitaldeasturias.com\/noticias\/aumenta-el-porcentaje-de-parados-que-cree-que-encontrara-empleo-en-un-ano\/","article:tag":["actualidad"],"article:published_time":"2014-02-05T21:59:34+00:00","article:modified_time":"2014-02-05T21:59:34+00:00","article:publisher":"https:\/\/facebook.com\/eldigitaldeasturias","twitter:card":"summary_large_image","twitter:title":"Aumenta el porcentaje de parados que cree que encontrar\u00e1 empleo en un a\u00f1o - El Digital de Asturias","twitter:description":"Madrid, 5 feb (EFE).- El porcentaje de parados que cree que encontrar\u00e1 empleo en un a\u00f1o ha subido cinco puntos hasta el 34,6 %, aunque siguen siendo m\u00e1s de la mitad -56,8 %- los que no esperan lograr un puesto de trabajo en ese tiempo. As\u00ed lo se\u00f1ala el bar\u00f3metro de enero del Centro de","twitter:label1":"Escrito por","twitter:data1":"El Digital de Asturias","twitter:label2":"Tiempo de lectura estimado","twitter:data2":"1 minuto"},"aioseo_meta_data":{"post_id":"484164","title":null,"description":null,"keywords":null,"keyphrases":null,"primary_term":null,"canonical_url":null,"og_title":null,"og_description":null,"og_object_type":"default","og_image_type":"default","og_image_url":null,"og_image_width":null,"og_image_height":null,"og_image_custom_url":null,"og_image_custom_fields":null,"og_video":null,"og_custom_url":null,"og_article_section":null,"og_article_tags":null,"twitter_use_og":true,"twitter_card":"default","twitter_image_type":"default","twitter_image_url":null,"twitter_image_custom_url":null,"twitter_image_custom_fields":null,"twitter_title":null,"twitter_description":null,"schema":{"blockGraphs":[],"customGraphs":[],"default":{"data":{"Article":[],"Course":[],"Dataset":[],"FAQPage":[],"Movie":[],"Person":[],"Product":[],"ProductReview":[],"Car":[],"Recipe":[],"Service":[],"SoftwareApplication":[],"WebPage":[]},"graphName":"","isEnabled":true},"graphs":[],"defaultGraph":"","defaultPostTypeGraph":""},"schema_type":null,"schema_type_options":null,"pillar_content":false,"robots_default":true,"robots_noindex":false,"robots_noarchive":false,"robots_nosnippet":false,"robots_nofollow":false,"robots_noimageindex":false,"robots_noodp":false,"robots_notranslate":false,"robots_max_snippet":null,"robots_max_videopreview":null,"robots_max_imagepreview":"none","priority":null,"frequency":null,"local_seo":null,"seo_analyzer_scan_date":"2026-06-02 15:00:53","breadcrumb_settings":null,"limit_modified_date":false,"open_ai":null,"ai":null,"created":"2020-11-14 22:55:00","updated":"2026-06-02 15:00:53","focus_keyword":null,"additional_keywords":null,"truseo_locale":null},"aioseo_breadcrumb":"<div class=\"aioseo-breadcrumbs\"><span class=\"aioseo-breadcrumb\">\n\t<a href=\"https:\/\/www.eldigitaldeasturias.com\/noticias\" title=\"Home\">Home<\/a>\n<\/span><span class=\"aioseo-breadcrumb-separator\">\u2013<\/span><span class=\"aioseo-breadcrumb\">\n\t<a href=\"https:\/\/www.eldigitaldeasturias.com\/noticias\/category\/actualidad\/\" title=\"Actualidad\">Actualidad<\/a>\n<\/span><span class=\"aioseo-breadcrumb-separator\">\u2013<\/span><span class=\"aioseo-breadcrumb\">\n\t<a href=\"https:\/\/www.eldigitaldeasturias.com\/noticias\/aumenta-el-porcentaje-de-parados-que-cree-que-encontrara-empleo-en-un-ano\/\" title=\"Aumenta el porcentaje de parados que cree que encontrar\u00e1 empleo en un a\u00f1o\">Aumenta el porcentaje de parados que cree que encontrar\u00e1 empleo en un a\u00f1o<\/a>\n<\/span><\/div>","aioseo_breadcrumb_json":[{"label":"Home","link":"https:\/\/www.eldigitaldeasturias.com\/noticias"},{"label":"Actualidad","link":"https:\/\/www.eldigitaldeasturias.com\/noticias\/category\/actualidad\/"},{"label":"Aumenta el porcentaje de parados que cree que encontrar\u00e1 empleo en un a\u00f1o","link":"https:\/\/www.eldigitaldeasturias.com\/noticias\/aumenta-el-porcentaje-de-parados-que-cree-que-encontrara-empleo-en-un-ano\/"}],"_links":{"self":[{"href":"https:\/\/www.eldigitaldeasturias.com\/noticias\/wp-json\/wp\/v2\/posts\/484164","targetHints":{"allow":["GET"]}}],"collection":[{"href":"https:\/\/www.eldigitaldeasturias.com\/noticias\/wp-json\/wp\/v2\/posts"}],"about":[{"href":"https:\/\/www.eldigitaldeasturias.com\/noticias\/wp-json\/wp\/v2\/types\/post"}],"author":[{"embeddable":true,"href":"https:\/\/www.eldigitaldeasturias.com\/noticias\/wp-json\/wp\/v2\/users\/1"}],"replies":[{"embeddable":true,"href":"https:\/\/www.eldigitaldeasturias.com\/noticias\/wp-json\/wp\/v2\/comments?post=484164"}],"version-history":[{"count":0,"href":"https:\/\/www.eldigitaldeasturias.com\/noticias\/wp-json\/wp\/v2\/posts\/484164\/revisions"}],"wp:attachment":[{"href":"https:\/\/www.eldigitaldeasturias.com\/noticias\/wp-json\/wp\/v2\/media?parent=484164"}],"wp:term":[{"taxonomy":"category","embeddable":true,"href":"https:\/\/www.eldigitaldeasturias.com\/noticias\/wp-json\/wp\/v2\/categories?post=484164"},{"taxonomy":"post_tag","embeddable":true,"href":"https:\/\/www.eldigitaldeasturias.com\/noticias\/wp-json\/wp\/v2\/tags?post=484164"}],"curies":[{"name":"wp","href":"https:\/\/api.w.org\/{rel}","templated":true}]}}