{"id":484161,"date":"2014-02-05T20:58:06","date_gmt":"2014-02-05T21:58:06","guid":{"rendered":"http:\/\/www.eldigitaldeasturias.com\/noticias\/?p=484161"},"modified":"2014-02-05T20:58:06","modified_gmt":"2014-02-05T21:58:06","slug":"ccoo-preve-un-verano-conflictivo-en-la-hosteleria-andaluza-si-no-pactan-convenios","status":"publish","type":"post","link":"https:\/\/www.eldigitaldeasturias.com\/noticias\/ccoo-preve-un-verano-conflictivo-en-la-hosteleria-andaluza-si-no-pactan-convenios\/","title":{"rendered":"CCOO prev\u00e9 un verano \u00abconflictivo\u00bb en la hosteler\u00eda andaluza si no pactan convenios"},"content":{"rendered":"<p><img loading=\"lazy\" decoding=\"async\" class=\"alignleft size-medium wp-image-484162\" alt=\"5912153w\" src=\"https:\/\/www.eldigitaldeasturias.com\/noticias\/wp-content\/uploads\/2014\/02\/5912153w-360x239.jpg\" width=\"360\" height=\"239\" \/>M\u00e1laga, 5 feb (EFE).- Comisiones Obreras ha avisado hoy de que el verano ser\u00e1 \u00abconflictivo\u00bb en la hosteler\u00eda andaluza si no se llega a acuerdos con los empresarios de M\u00e1laga, Granada, C\u00f3rdoba, Ja\u00e9n y Huelva en la negociaci\u00f3n de los respectivos convenios provinciales del sector, que aglutinan a m\u00e1s de 110.000 trabajadores.<\/p>\n<p>El secretario de la Federaci\u00f3n de Turismo, Comercio y Hosteler\u00eda de CCOO en Andaluc\u00eda, Gonzalo Fuentes, ha advertido en rueda de prensa de que el sindicato no ceder\u00e1 a las pretensiones de la patronal sobre la eliminaci\u00f3n de derechos logrados en los \u00faltimos 35 a\u00f1os.<\/p>\n<p>Fuentes ha recordado que los empleados de la hosteler\u00eda ya han perdido poder adquisitivo durante la crisis econ\u00f3mica, con salarios situados \u00abpor debajo de 1.000 euros en muchos de los casos\u00bb, y ha opinado que los empresarios del sector son \u00abinsaciables\u00bb.<\/p>\n<p>En el caso de M\u00e1laga, los empresarios denunciaron el pasado julio el convenio vigente y en la plataforma presentada han propuesto un 30 por ciento de flexibilidad (68 d\u00edas al a\u00f1o de libre disposici\u00f3n de los empresarios) o la eliminaci\u00f3n del requisito de 12 horas de descanso entre jornadas.<\/p>\n<p>Tambi\u00e9n han planteado que se pueda trabajar m\u00e1s de 9 horas diarias, el pago del 75 por ciento de la Incapacidad Temporal (ahora es el 100 %) o establecer un d\u00eda de descanso y otro en las pr\u00f3ximas cuatro semanas, en lugar de dos seguidos.<\/p>\n<p>Algunos de estos derechos supusieron la convocatoria de huelgas en el sector, como las de 1982 y 1979, por lo que CCOO insiste en que su eliminaci\u00f3n conllevar\u00eda movilizaciones.<\/p>\n<p>Las propuestas de las patronales de las otras provincias cuyos convenios deben negociarse este a\u00f1o van \u00aben la misma direcci\u00f3n\u00bb que las de M\u00e1laga, pese a los buenos resultados tur\u00edsticos obtenidos en Andaluc\u00eda durante 2013.<\/p>\n<p>Un informe elaborado por el sindicato revela que durante el pasado a\u00f1o crecieron en Andaluc\u00eda los principales indicadores tur\u00edsticos como pernoctaciones (4,47 %), viajeros alojados en hoteles (3,41 %), ocupaci\u00f3n (3,38 %) y estancia media (1 %), mientras que el empleo hotelero se redujo (2,3 %).<\/p>\n<p>Adem\u00e1s de disminuir el empleo, se ha incrementado la temporalidad y los contratos a tiempo parcial, lo que conduce a un modelo \u00abinsostenible\u00bb, seg\u00fan el dirigente sindical, que ha criticado la \u00abmiop\u00eda\u00bb que existe en una parte de los empresarios, ya que el empleo de calidad repercute en el servicio que se presta al cliente.<\/p>\n<p>Por ello, ha asegurado que el sindicato combatir\u00e1 que se aproveche la crisis econ\u00f3mica para recortar derechos de los trabajadores del sector, que ya est\u00e1n \u00abmuy castigados\u00bb.<\/p>\n<p>Para este a\u00f1o las previsiones son optimistas y la Consejer\u00eda andaluza de Turismo y Comercio de la Junta pronostica un crecimiento de entre el 2,9 y 5,3 por ciento, un aumento que tambi\u00e9n deber\u00eda producirse en el empleo, seg\u00fan CCOO.<\/p>\n","protected":false},"excerpt":{"rendered":"<p>M\u00e1laga, 5 feb (EFE).- Comisiones Obreras ha avisado hoy de que el verano ser\u00e1 \u00abconflictivo\u00bb en la hosteler\u00eda andaluza si no se llega a acuerdos con los empresarios de M\u00e1laga, Granada, C\u00f3rdoba, Ja\u00e9n y Huelva en la negociaci\u00f3n de los respectivos convenios provinciales del sector, que aglutinan a m\u00e1s de 110.000 trabajadores. El secretario de [&hellip;]<\/p>\n","protected":false},"author":1,"featured_media":484162,"comment_status":"closed","ping_status":"open","sticky":false,"template":"","format":"standard","meta":{"footnotes":""},"categories":[1],"tags":[],"class_list":["post-484161","post","type-post","status-publish","format-standard","has-post-thumbnail","hentry","category-actualidad"],"aioseo_notices":[],"aioseo_head":"\n\t\t<!-- All in One SEO Pro 5.0.1 - aioseo.com -->\n\t<meta name=\"description\" content=\"M\u00e1laga, 5 feb (EFE).- Comisiones Obreras ha avisado hoy de que el verano ser\u00e1 &quot;conflictivo&quot; en la hosteler\u00eda andaluza si no se llega a acuerdos con los empresarios de M\u00e1laga, Granada, C\u00f3rdoba, Ja\u00e9n y Huelva en la negociaci\u00f3n de los respectivos convenios provinciales del sector, que aglutinan a m\u00e1s de 110.000 trabajadores. El secretario de\" \/>\n\t<meta name=\"robots\" content=\"max-image-preview:large\" \/>\n\t<meta name=\"author\" content=\"El Digital de Asturias\"\/>\n\t<meta name=\"google-site-verification\" content=\"UA-38556648-1\" \/>\n\t<meta name=\"msvalidate.01\" content=\"7dfe9f3f1b24437ab69f4f2559babe99\" \/>\n\t<meta name=\"keywords\" content=\"actualidad\" \/>\n\t<link rel=\"canonical\" href=\"https:\/\/www.eldigitaldeasturias.com\/noticias\/ccoo-preve-un-verano-conflictivo-en-la-hosteleria-andaluza-si-no-pactan-convenios\/\" \/>\n\t<meta name=\"generator\" content=\"All in One SEO Pro (AIOSEO) 5.0.1\" \/>\n\t\t<meta property=\"og:locale\" content=\"es_ES\" \/>\n\t\t<meta property=\"og:site_name\" content=\"El Digital de Asturias\" \/>\n\t\t<meta property=\"og:type\" content=\"article\" \/>\n\t\t<meta property=\"og:title\" content=\"CCOO prev\u00e9 un verano \u00abconflictivo\u00bb en la hosteler\u00eda andaluza si no pactan convenios - El Digital de Asturias\" \/>\n\t\t<meta property=\"og:description\" content=\"M\u00e1laga, 5 feb (EFE).- Comisiones Obreras ha avisado hoy de que el verano ser\u00e1 &quot;conflictivo&quot; en la hosteler\u00eda andaluza si no se llega a acuerdos con los empresarios de M\u00e1laga, Granada, C\u00f3rdoba, Ja\u00e9n y Huelva en la negociaci\u00f3n de los respectivos convenios provinciales del sector, que aglutinan a m\u00e1s de 110.000 trabajadores. El secretario de\" \/>\n\t\t<meta property=\"og:url\" content=\"https:\/\/www.eldigitaldeasturias.com\/noticias\/ccoo-preve-un-verano-conflictivo-en-la-hosteleria-andaluza-si-no-pactan-convenios\/\" \/>\n\t\t<meta property=\"article:tag\" content=\"actualidad\" \/>\n\t\t<meta property=\"article:published_time\" content=\"2014-02-05T21:58:06+00:00\" \/>\n\t\t<meta property=\"article:modified_time\" content=\"2014-02-05T21:58:06+00:00\" \/>\n\t\t<meta property=\"article:publisher\" content=\"https:\/\/facebook.com\/eldigitaldeasturias\" \/>\n\t\t<meta name=\"twitter:card\" content=\"summary_large_image\" \/>\n\t\t<meta name=\"twitter:title\" content=\"CCOO prev\u00e9 un verano \u00abconflictivo\u00bb en la hosteler\u00eda andaluza si no pactan convenios - El Digital de Asturias\" \/>\n\t\t<meta name=\"twitter:description\" content=\"M\u00e1laga, 5 feb (EFE).- Comisiones Obreras ha avisado hoy de que el verano ser\u00e1 &quot;conflictivo&quot; en la hosteler\u00eda andaluza si no se llega a acuerdos con los empresarios de M\u00e1laga, Granada, C\u00f3rdoba, Ja\u00e9n y Huelva en la negociaci\u00f3n de los respectivos convenios provinciales del sector, que aglutinan a m\u00e1s de 110.000 trabajadores. El secretario de\" \/>\n\t\t<meta name=\"twitter:label1\" content=\"Escrito por\" \/>\n\t\t<meta name=\"twitter:data1\" content=\"El Digital de Asturias\" \/>\n\t\t<meta name=\"twitter:label2\" content=\"Tiempo de lectura estimado\" \/>\n\t\t<meta name=\"twitter:data2\" content=\"2 minutos\" \/>\n\t\t<script type=\"application\/ld+json\" class=\"aioseo-schema\">\n\t\t\t{\"@context\":\"https:\\\/\\\/schema.org\",\"@graph\":[{\"@type\":\"BlogPosting\",\"@id\":\"https:\\\/\\\/www.eldigitaldeasturias.com\\\/noticias\\\/ccoo-preve-un-verano-conflictivo-en-la-hosteleria-andaluza-si-no-pactan-convenios\\\/#blogposting\",\"name\":\"CCOO prev\\u00e9 un verano \\u00abconflictivo\\u00bb en la hosteler\\u00eda andaluza si no pactan convenios - El Digital de Asturias\",\"headline\":\"CCOO prev\\u00e9 un verano \\u00abconflictivo\\u00bb en la hosteler\\u00eda andaluza si no pactan convenios\",\"author\":{\"@id\":\"https:\\\/\\\/www.eldigitaldeasturias.com\\\/noticias\\\/author\\\/admin\\\/#author\"},\"publisher\":{\"@id\":\"https:\\\/\\\/www.eldigitaldeasturias.com\\\/noticias\\\/#organization\"},\"image\":{\"@type\":\"ImageObject\",\"url\":484162},\"datePublished\":\"2014-02-05T20:58:06+01:00\",\"dateModified\":\"2014-02-05T20:58:06+01:00\",\"inLanguage\":\"es-ES\",\"mainEntityOfPage\":{\"@id\":\"https:\\\/\\\/www.eldigitaldeasturias.com\\\/noticias\\\/ccoo-preve-un-verano-conflictivo-en-la-hosteleria-andaluza-si-no-pactan-convenios\\\/#webpage\"},\"isPartOf\":{\"@id\":\"https:\\\/\\\/www.eldigitaldeasturias.com\\\/noticias\\\/ccoo-preve-un-verano-conflictivo-en-la-hosteleria-andaluza-si-no-pactan-convenios\\\/#webpage\"},\"articleSection\":\"Actualidad\"},{\"@type\":\"BreadcrumbList\",\"@id\":\"https:\\\/\\\/www.eldigitaldeasturias.com\\\/noticias\\\/ccoo-preve-un-verano-conflictivo-en-la-hosteleria-andaluza-si-no-pactan-convenios\\\/#breadcrumblist\",\"itemListElement\":[{\"@type\":\"ListItem\",\"@id\":\"https:\\\/\\\/www.eldigitaldeasturias.com\\\/noticias#listItem\",\"position\":1,\"name\":\"Home\",\"item\":\"https:\\\/\\\/www.eldigitaldeasturias.com\\\/noticias\",\"nextItem\":{\"@type\":\"ListItem\",\"@id\":\"https:\\\/\\\/www.eldigitaldeasturias.com\\\/noticias\\\/category\\\/actualidad\\\/#listItem\",\"name\":\"Actualidad\"}},{\"@type\":\"ListItem\",\"@id\":\"https:\\\/\\\/www.eldigitaldeasturias.com\\\/noticias\\\/category\\\/actualidad\\\/#listItem\",\"position\":2,\"name\":\"Actualidad\",\"item\":\"https:\\\/\\\/www.eldigitaldeasturias.com\\\/noticias\\\/category\\\/actualidad\\\/\",\"nextItem\":{\"@type\":\"ListItem\",\"@id\":\"https:\\\/\\\/www.eldigitaldeasturias.com\\\/noticias\\\/ccoo-preve-un-verano-conflictivo-en-la-hosteleria-andaluza-si-no-pactan-convenios\\\/#listItem\",\"name\":\"CCOO prev\\u00e9 un verano \\u00abconflictivo\\u00bb en la hosteler\\u00eda andaluza si no pactan convenios\"},\"previousItem\":{\"@type\":\"ListItem\",\"@id\":\"https:\\\/\\\/www.eldigitaldeasturias.com\\\/noticias#listItem\",\"name\":\"Home\"}},{\"@type\":\"ListItem\",\"@id\":\"https:\\\/\\\/www.eldigitaldeasturias.com\\\/noticias\\\/ccoo-preve-un-verano-conflictivo-en-la-hosteleria-andaluza-si-no-pactan-convenios\\\/#listItem\",\"position\":3,\"name\":\"CCOO prev\\u00e9 un verano \\u00abconflictivo\\u00bb en la hosteler\\u00eda andaluza si no pactan convenios\",\"previousItem\":{\"@type\":\"ListItem\",\"@id\":\"https:\\\/\\\/www.eldigitaldeasturias.com\\\/noticias\\\/category\\\/actualidad\\\/#listItem\",\"name\":\"Actualidad\"}}]},{\"@type\":\"Organization\",\"@id\":\"https:\\\/\\\/www.eldigitaldeasturias.com\\\/noticias\\\/#organization\",\"name\":\"El Digital de Asturias\",\"description\":\"Hemeroteca\",\"url\":\"https:\\\/\\\/www.eldigitaldeasturias.com\\\/noticias\\\/\",\"email\":\"info@eldigitaldeasturias.com\",\"telephone\":\"+34652131393\",\"logo\":{\"@type\":\"ImageObject\",\"url\":\"https:\\\/\\\/www.eldigitaldeasturias.com\\\/noticias\\\/wp-content\\\/uploads\\\/2020\\\/12\\\/EDA.jpg\",\"@id\":\"https:\\\/\\\/www.eldigitaldeasturias.com\\\/noticias\\\/ccoo-preve-un-verano-conflictivo-en-la-hosteleria-andaluza-si-no-pactan-convenios\\\/#organizationLogo\"},\"image\":{\"@id\":\"https:\\\/\\\/www.eldigitaldeasturias.com\\\/noticias\\\/ccoo-preve-un-verano-conflictivo-en-la-hosteleria-andaluza-si-no-pactan-convenios\\\/#organizationLogo\"},\"sameAs\":[\"https:\\\/\\\/facebook.com\\\/eldigitaldeasturias\",\"https:\\\/\\\/www.youtube.com\\\/channel\\\/UCZP-2wLEB9Rv6erhFmqVnvg\"],\"address\":{\"@id\":\"https:\\\/\\\/www.eldigitaldeasturias.com\\\/noticias\\\/#postaladdress\",\"@type\":\"PostalAddress\",\"streetAddress\":\"san antonio 4\",\"postalCode\":\"33430\",\"addressLocality\":\"Cand\\u00e1s\",\"addressRegion\":\"Asturias\",\"addressCountry\":\"ES\"}},{\"@type\":\"Person\",\"@id\":\"https:\\\/\\\/www.eldigitaldeasturias.com\\\/noticias\\\/author\\\/admin\\\/#author\",\"url\":\"https:\\\/\\\/www.eldigitaldeasturias.com\\\/noticias\\\/author\\\/admin\\\/\",\"name\":\"El Digital de Asturias\",\"image\":{\"@type\":\"ImageObject\",\"@id\":\"https:\\\/\\\/www.eldigitaldeasturias.com\\\/noticias\\\/ccoo-preve-un-verano-conflictivo-en-la-hosteleria-andaluza-si-no-pactan-convenios\\\/#authorImage\",\"url\":\"https:\\\/\\\/secure.gravatar.com\\\/avatar\\\/df2aeffc32bcd13f8d26072ef8a91b623d677766deac7f97ca815868cd41bf5e?s=96&d=mm&r=g\",\"width\":96,\"height\":96,\"caption\":\"El Digital de Asturias\"}},{\"@type\":\"WebPage\",\"@id\":\"https:\\\/\\\/www.eldigitaldeasturias.com\\\/noticias\\\/ccoo-preve-un-verano-conflictivo-en-la-hosteleria-andaluza-si-no-pactan-convenios\\\/#webpage\",\"url\":\"https:\\\/\\\/www.eldigitaldeasturias.com\\\/noticias\\\/ccoo-preve-un-verano-conflictivo-en-la-hosteleria-andaluza-si-no-pactan-convenios\\\/\",\"name\":\"CCOO prev\\u00e9 un verano \\u00abconflictivo\\u00bb en la hosteler\\u00eda andaluza si no pactan convenios - El Digital de Asturias\",\"description\":\"M\\u00e1laga, 5 feb (EFE).- Comisiones Obreras ha avisado hoy de que el verano ser\\u00e1 \\\"conflictivo\\\" en la hosteler\\u00eda andaluza si no se llega a acuerdos con los empresarios de M\\u00e1laga, Granada, C\\u00f3rdoba, Ja\\u00e9n y Huelva en la negociaci\\u00f3n de los respectivos convenios provinciales del sector, que aglutinan a m\\u00e1s de 110.000 trabajadores. El secretario de\",\"inLanguage\":\"es-ES\",\"isPartOf\":{\"@id\":\"https:\\\/\\\/www.eldigitaldeasturias.com\\\/noticias\\\/#website\"},\"breadcrumb\":{\"@id\":\"https:\\\/\\\/www.eldigitaldeasturias.com\\\/noticias\\\/ccoo-preve-un-verano-conflictivo-en-la-hosteleria-andaluza-si-no-pactan-convenios\\\/#breadcrumblist\"},\"author\":{\"@id\":\"https:\\\/\\\/www.eldigitaldeasturias.com\\\/noticias\\\/author\\\/admin\\\/#author\"},\"creator\":{\"@id\":\"https:\\\/\\\/www.eldigitaldeasturias.com\\\/noticias\\\/author\\\/admin\\\/#author\"},\"image\":{\"@type\":\"ImageObject\",\"url\":484162,\"@id\":\"https:\\\/\\\/www.eldigitaldeasturias.com\\\/noticias\\\/ccoo-preve-un-verano-conflictivo-en-la-hosteleria-andaluza-si-no-pactan-convenios\\\/#mainImage\"},\"primaryImageOfPage\":{\"@id\":\"https:\\\/\\\/www.eldigitaldeasturias.com\\\/noticias\\\/ccoo-preve-un-verano-conflictivo-en-la-hosteleria-andaluza-si-no-pactan-convenios\\\/#mainImage\"},\"datePublished\":\"2014-02-05T20:58:06+01:00\",\"dateModified\":\"2014-02-05T20:58:06+01:00\"},{\"@type\":\"WebSite\",\"@id\":\"https:\\\/\\\/www.eldigitaldeasturias.com\\\/noticias\\\/#website\",\"url\":\"https:\\\/\\\/www.eldigitaldeasturias.com\\\/noticias\\\/\",\"name\":\"El Digital de Asturias - Diario de actualidad y noticias\",\"alternateName\":\"El Digital de Asturias - Diario de actualidad y noticias\",\"description\":\"Hemeroteca\",\"inLanguage\":\"es-ES\",\"publisher\":{\"@id\":\"https:\\\/\\\/www.eldigitaldeasturias.com\\\/noticias\\\/#organization\"}}]}\n\t\t<\/script>\n\t\t<!-- All in One SEO Pro -->\r\n\t\t<title>CCOO prev\u00e9 un verano \u00abconflictivo\u00bb en la hosteler\u00eda andaluza si no pactan convenios - El Digital de Asturias<\/title>\n\n","aioseo_head_json":{"title":"CCOO prev\u00e9 un verano \u00abconflictivo\u00bb en la hosteler\u00eda andaluza si no pactan convenios - El Digital de Asturias","description":"M\u00e1laga, 5 feb (EFE).- Comisiones Obreras ha avisado hoy de que el verano ser\u00e1 \"conflictivo\" en la hosteler\u00eda andaluza si no se llega a acuerdos con los empresarios de M\u00e1laga, Granada, C\u00f3rdoba, Ja\u00e9n y Huelva en la negociaci\u00f3n de los respectivos convenios provinciales del sector, que aglutinan a m\u00e1s de 110.000 trabajadores. El secretario de","canonical_url":"https:\/\/www.eldigitaldeasturias.com\/noticias\/ccoo-preve-un-verano-conflictivo-en-la-hosteleria-andaluza-si-no-pactan-convenios\/","robots":"max-image-preview:large","keywords":"actualidad","webmasterTools":{"google-site-verification":"UA-38556648-1","msvalidate.01":"7dfe9f3f1b24437ab69f4f2559babe99","miscellaneous":""},"schema":{"@context":"https:\/\/schema.org","@graph":[{"@type":"BlogPosting","@id":"https:\/\/www.eldigitaldeasturias.com\/noticias\/ccoo-preve-un-verano-conflictivo-en-la-hosteleria-andaluza-si-no-pactan-convenios\/#blogposting","name":"CCOO prev\u00e9 un verano \u00abconflictivo\u00bb en la hosteler\u00eda andaluza si no pactan convenios - El Digital de Asturias","headline":"CCOO prev\u00e9 un verano \u00abconflictivo\u00bb en la hosteler\u00eda andaluza si no pactan convenios","author":{"@id":"https:\/\/www.eldigitaldeasturias.com\/noticias\/author\/admin\/#author"},"publisher":{"@id":"https:\/\/www.eldigitaldeasturias.com\/noticias\/#organization"},"image":{"@type":"ImageObject","url":484162},"datePublished":"2014-02-05T20:58:06+01:00","dateModified":"2014-02-05T20:58:06+01:00","inLanguage":"es-ES","mainEntityOfPage":{"@id":"https:\/\/www.eldigitaldeasturias.com\/noticias\/ccoo-preve-un-verano-conflictivo-en-la-hosteleria-andaluza-si-no-pactan-convenios\/#webpage"},"isPartOf":{"@id":"https:\/\/www.eldigitaldeasturias.com\/noticias\/ccoo-preve-un-verano-conflictivo-en-la-hosteleria-andaluza-si-no-pactan-convenios\/#webpage"},"articleSection":"Actualidad"},{"@type":"BreadcrumbList","@id":"https:\/\/www.eldigitaldeasturias.com\/noticias\/ccoo-preve-un-verano-conflictivo-en-la-hosteleria-andaluza-si-no-pactan-convenios\/#breadcrumblist","itemListElement":[{"@type":"ListItem","@id":"https:\/\/www.eldigitaldeasturias.com\/noticias#listItem","position":1,"name":"Home","item":"https:\/\/www.eldigitaldeasturias.com\/noticias","nextItem":{"@type":"ListItem","@id":"https:\/\/www.eldigitaldeasturias.com\/noticias\/category\/actualidad\/#listItem","name":"Actualidad"}},{"@type":"ListItem","@id":"https:\/\/www.eldigitaldeasturias.com\/noticias\/category\/actualidad\/#listItem","position":2,"name":"Actualidad","item":"https:\/\/www.eldigitaldeasturias.com\/noticias\/category\/actualidad\/","nextItem":{"@type":"ListItem","@id":"https:\/\/www.eldigitaldeasturias.com\/noticias\/ccoo-preve-un-verano-conflictivo-en-la-hosteleria-andaluza-si-no-pactan-convenios\/#listItem","name":"CCOO prev\u00e9 un verano \u00abconflictivo\u00bb en la hosteler\u00eda andaluza si no pactan convenios"},"previousItem":{"@type":"ListItem","@id":"https:\/\/www.eldigitaldeasturias.com\/noticias#listItem","name":"Home"}},{"@type":"ListItem","@id":"https:\/\/www.eldigitaldeasturias.com\/noticias\/ccoo-preve-un-verano-conflictivo-en-la-hosteleria-andaluza-si-no-pactan-convenios\/#listItem","position":3,"name":"CCOO prev\u00e9 un verano \u00abconflictivo\u00bb en la hosteler\u00eda andaluza si no pactan convenios","previousItem":{"@type":"ListItem","@id":"https:\/\/www.eldigitaldeasturias.com\/noticias\/category\/actualidad\/#listItem","name":"Actualidad"}}]},{"@type":"Organization","@id":"https:\/\/www.eldigitaldeasturias.com\/noticias\/#organization","name":"El Digital de Asturias","description":"Hemeroteca","url":"https:\/\/www.eldigitaldeasturias.com\/noticias\/","email":"info@eldigitaldeasturias.com","telephone":"+34652131393","logo":{"@type":"ImageObject","url":"https:\/\/www.eldigitaldeasturias.com\/noticias\/wp-content\/uploads\/2020\/12\/EDA.jpg","@id":"https:\/\/www.eldigitaldeasturias.com\/noticias\/ccoo-preve-un-verano-conflictivo-en-la-hosteleria-andaluza-si-no-pactan-convenios\/#organizationLogo"},"image":{"@id":"https:\/\/www.eldigitaldeasturias.com\/noticias\/ccoo-preve-un-verano-conflictivo-en-la-hosteleria-andaluza-si-no-pactan-convenios\/#organizationLogo"},"sameAs":["https:\/\/facebook.com\/eldigitaldeasturias","https:\/\/www.youtube.com\/channel\/UCZP-2wLEB9Rv6erhFmqVnvg"],"address":{"@id":"https:\/\/www.eldigitaldeasturias.com\/noticias\/#postaladdress","@type":"PostalAddress","streetAddress":"san antonio 4","postalCode":"33430","addressLocality":"Cand\u00e1s","addressRegion":"Asturias","addressCountry":"ES"}},{"@type":"Person","@id":"https:\/\/www.eldigitaldeasturias.com\/noticias\/author\/admin\/#author","url":"https:\/\/www.eldigitaldeasturias.com\/noticias\/author\/admin\/","name":"El Digital de Asturias","image":{"@type":"ImageObject","@id":"https:\/\/www.eldigitaldeasturias.com\/noticias\/ccoo-preve-un-verano-conflictivo-en-la-hosteleria-andaluza-si-no-pactan-convenios\/#authorImage","url":"https:\/\/secure.gravatar.com\/avatar\/df2aeffc32bcd13f8d26072ef8a91b623d677766deac7f97ca815868cd41bf5e?s=96&d=mm&r=g","width":96,"height":96,"caption":"El Digital de Asturias"}},{"@type":"WebPage","@id":"https:\/\/www.eldigitaldeasturias.com\/noticias\/ccoo-preve-un-verano-conflictivo-en-la-hosteleria-andaluza-si-no-pactan-convenios\/#webpage","url":"https:\/\/www.eldigitaldeasturias.com\/noticias\/ccoo-preve-un-verano-conflictivo-en-la-hosteleria-andaluza-si-no-pactan-convenios\/","name":"CCOO prev\u00e9 un verano \u00abconflictivo\u00bb en la hosteler\u00eda andaluza si no pactan convenios - El Digital de Asturias","description":"M\u00e1laga, 5 feb (EFE).- Comisiones Obreras ha avisado hoy de que el verano ser\u00e1 \"conflictivo\" en la hosteler\u00eda andaluza si no se llega a acuerdos con los empresarios de M\u00e1laga, Granada, C\u00f3rdoba, Ja\u00e9n y Huelva en la negociaci\u00f3n de los respectivos convenios provinciales del sector, que aglutinan a m\u00e1s de 110.000 trabajadores. El secretario de","inLanguage":"es-ES","isPartOf":{"@id":"https:\/\/www.eldigitaldeasturias.com\/noticias\/#website"},"breadcrumb":{"@id":"https:\/\/www.eldigitaldeasturias.com\/noticias\/ccoo-preve-un-verano-conflictivo-en-la-hosteleria-andaluza-si-no-pactan-convenios\/#breadcrumblist"},"author":{"@id":"https:\/\/www.eldigitaldeasturias.com\/noticias\/author\/admin\/#author"},"creator":{"@id":"https:\/\/www.eldigitaldeasturias.com\/noticias\/author\/admin\/#author"},"image":{"@type":"ImageObject","url":484162,"@id":"https:\/\/www.eldigitaldeasturias.com\/noticias\/ccoo-preve-un-verano-conflictivo-en-la-hosteleria-andaluza-si-no-pactan-convenios\/#mainImage"},"primaryImageOfPage":{"@id":"https:\/\/www.eldigitaldeasturias.com\/noticias\/ccoo-preve-un-verano-conflictivo-en-la-hosteleria-andaluza-si-no-pactan-convenios\/#mainImage"},"datePublished":"2014-02-05T20:58:06+01:00","dateModified":"2014-02-05T20:58:06+01:00"},{"@type":"WebSite","@id":"https:\/\/www.eldigitaldeasturias.com\/noticias\/#website","url":"https:\/\/www.eldigitaldeasturias.com\/noticias\/","name":"El Digital de Asturias - Diario de actualidad y noticias","alternateName":"El Digital de Asturias - Diario de actualidad y noticias","description":"Hemeroteca","inLanguage":"es-ES","publisher":{"@id":"https:\/\/www.eldigitaldeasturias.com\/noticias\/#organization"}}]},"og:locale":"es_ES","og:site_name":"El Digital de Asturias","og:type":"article","og:title":"CCOO prev\u00e9 un verano \u00abconflictivo\u00bb en la hosteler\u00eda andaluza si no pactan convenios - El Digital de Asturias","og:description":"M\u00e1laga, 5 feb (EFE).- Comisiones Obreras ha avisado hoy de que el verano ser\u00e1 &quot;conflictivo&quot; en la hosteler\u00eda andaluza si no se llega a acuerdos con los empresarios de M\u00e1laga, Granada, C\u00f3rdoba, Ja\u00e9n y Huelva en la negociaci\u00f3n de los respectivos convenios provinciales del sector, que aglutinan a m\u00e1s de 110.000 trabajadores. El secretario de","og:url":"https:\/\/www.eldigitaldeasturias.com\/noticias\/ccoo-preve-un-verano-conflictivo-en-la-hosteleria-andaluza-si-no-pactan-convenios\/","article:tag":["actualidad"],"article:published_time":"2014-02-05T21:58:06+00:00","article:modified_time":"2014-02-05T21:58:06+00:00","article:publisher":"https:\/\/facebook.com\/eldigitaldeasturias","twitter:card":"summary_large_image","twitter:title":"CCOO prev\u00e9 un verano \u00abconflictivo\u00bb en la hosteler\u00eda andaluza si no pactan convenios - El Digital de Asturias","twitter:description":"M\u00e1laga, 5 feb (EFE).- Comisiones Obreras ha avisado hoy de que el verano ser\u00e1 &quot;conflictivo&quot; en la hosteler\u00eda andaluza si no se llega a acuerdos con los empresarios de M\u00e1laga, Granada, C\u00f3rdoba, Ja\u00e9n y Huelva en la negociaci\u00f3n de los respectivos convenios provinciales del sector, que aglutinan a m\u00e1s de 110.000 trabajadores. El secretario de","twitter:label1":"Escrito por","twitter:data1":"El Digital de Asturias","twitter:label2":"Tiempo de lectura estimado","twitter:data2":"2 minutos"},"aioseo_meta_data":{"post_id":"484161","title":null,"description":null,"keywords":null,"keyphrases":null,"primary_term":null,"canonical_url":null,"og_title":null,"og_description":null,"og_object_type":"default","og_image_type":"default","og_image_url":null,"og_image_width":null,"og_image_height":null,"og_image_custom_url":null,"og_image_custom_fields":null,"og_video":null,"og_custom_url":null,"og_article_section":null,"og_article_tags":null,"twitter_use_og":true,"twitter_card":"default","twitter_image_type":"default","twitter_image_url":null,"twitter_image_custom_url":null,"twitter_image_custom_fields":null,"twitter_title":null,"twitter_description":null,"schema":{"blockGraphs":[],"customGraphs":[],"default":{"data":{"Article":[],"Course":[],"Dataset":[],"FAQPage":[],"Movie":[],"Person":[],"Product":[],"ProductReview":[],"Car":[],"Recipe":[],"Service":[],"SoftwareApplication":[],"WebPage":[]},"graphName":"","isEnabled":true},"graphs":[],"defaultGraph":"","defaultPostTypeGraph":""},"schema_type":null,"schema_type_options":null,"pillar_content":false,"robots_default":true,"robots_noindex":false,"robots_noarchive":false,"robots_nosnippet":false,"robots_nofollow":false,"robots_noimageindex":false,"robots_noodp":false,"robots_notranslate":false,"robots_max_snippet":null,"robots_max_videopreview":null,"robots_max_imagepreview":"none","priority":null,"frequency":null,"local_seo":null,"seo_analyzer_scan_date":"2026-06-02 15:00:52","breadcrumb_settings":null,"limit_modified_date":false,"open_ai":null,"ai":null,"created":"2020-11-14 22:55:00","updated":"2026-06-02 15:00:52","focus_keyword":null,"additional_keywords":null,"truseo_locale":null},"aioseo_breadcrumb":"<div class=\"aioseo-breadcrumbs\"><span class=\"aioseo-breadcrumb\">\n\t<a href=\"https:\/\/www.eldigitaldeasturias.com\/noticias\" title=\"Home\">Home<\/a>\n<\/span><span class=\"aioseo-breadcrumb-separator\">\u2013<\/span><span class=\"aioseo-breadcrumb\">\n\t<a href=\"https:\/\/www.eldigitaldeasturias.com\/noticias\/category\/actualidad\/\" title=\"Actualidad\">Actualidad<\/a>\n<\/span><span class=\"aioseo-breadcrumb-separator\">\u2013<\/span><span class=\"aioseo-breadcrumb\">\n\t<a href=\"https:\/\/www.eldigitaldeasturias.com\/noticias\/ccoo-preve-un-verano-conflictivo-en-la-hosteleria-andaluza-si-no-pactan-convenios\/\" title=\"CCOO prev\u00e9 un verano \u00abconflictivo\u00bb en la hosteler\u00eda andaluza si no pactan convenios\">CCOO prev\u00e9 un verano \u00abconflictivo\u00bb en la hosteler\u00eda andaluza si no pactan convenios<\/a>\n<\/span><\/div>","aioseo_breadcrumb_json":[{"label":"Home","link":"https:\/\/www.eldigitaldeasturias.com\/noticias"},{"label":"Actualidad","link":"https:\/\/www.eldigitaldeasturias.com\/noticias\/category\/actualidad\/"},{"label":"CCOO prev\u00e9 un verano \u00abconflictivo\u00bb en la hosteler\u00eda andaluza si no pactan convenios","link":"https:\/\/www.eldigitaldeasturias.com\/noticias\/ccoo-preve-un-verano-conflictivo-en-la-hosteleria-andaluza-si-no-pactan-convenios\/"}],"_links":{"self":[{"href":"https:\/\/www.eldigitaldeasturias.com\/noticias\/wp-json\/wp\/v2\/posts\/484161","targetHints":{"allow":["GET"]}}],"collection":[{"href":"https:\/\/www.eldigitaldeasturias.com\/noticias\/wp-json\/wp\/v2\/posts"}],"about":[{"href":"https:\/\/www.eldigitaldeasturias.com\/noticias\/wp-json\/wp\/v2\/types\/post"}],"author":[{"embeddable":true,"href":"https:\/\/www.eldigitaldeasturias.com\/noticias\/wp-json\/wp\/v2\/users\/1"}],"replies":[{"embeddable":true,"href":"https:\/\/www.eldigitaldeasturias.com\/noticias\/wp-json\/wp\/v2\/comments?post=484161"}],"version-history":[{"count":0,"href":"https:\/\/www.eldigitaldeasturias.com\/noticias\/wp-json\/wp\/v2\/posts\/484161\/revisions"}],"wp:attachment":[{"href":"https:\/\/www.eldigitaldeasturias.com\/noticias\/wp-json\/wp\/v2\/media?parent=484161"}],"wp:term":[{"taxonomy":"category","embeddable":true,"href":"https:\/\/www.eldigitaldeasturias.com\/noticias\/wp-json\/wp\/v2\/categories?post=484161"},{"taxonomy":"post_tag","embeddable":true,"href":"https:\/\/www.eldigitaldeasturias.com\/noticias\/wp-json\/wp\/v2\/tags?post=484161"}],"curies":[{"name":"wp","href":"https:\/\/api.w.org\/{rel}","templated":true}]}}