{"id":484155,"date":"2014-02-05T20:49:50","date_gmt":"2014-02-05T21:49:50","guid":{"rendered":"http:\/\/www.eldigitaldeasturias.com\/noticias\/?p=484155"},"modified":"2014-02-05T20:49:50","modified_gmt":"2014-02-05T21:49:50","slug":"los-embajadores-de-la-ue-aprueban-el-mandato-para-negociar-un-acuerdo-con-cuba","status":"publish","type":"post","link":"https:\/\/www.eldigitaldeasturias.com\/noticias\/los-embajadores-de-la-ue-aprueban-el-mandato-para-negociar-un-acuerdo-con-cuba\/","title":{"rendered":"Los embajadores de la UE aprueban el mandato para negociar un acuerdo con Cuba"},"content":{"rendered":"<p><img loading=\"lazy\" decoding=\"async\" class=\"alignleft size-medium wp-image-484156\" alt=\"5911809w\" src=\"https:\/\/www.eldigitaldeasturias.com\/noticias\/wp-content\/uploads\/2014\/02\/5911809w-360x230.jpg\" width=\"360\" height=\"230\" \/>Bruselas, 5 feb (EFE).- Los embajadores permanentes de los Veintiocho aprobaron hoy el mandato para abrir la negociaci\u00f3n de un acuerdo bilateral con Cuba, informaron hoy a Efe fuentes comunitarias.<\/p>\n<p>Las mismas fuentes precisaron que, tras la autorizaci\u00f3n de los representantes permanentes, la aprobaci\u00f3n definitiva llegar\u00e1 el pr\u00f3ximo lunes durante el consejo de ministros de Asuntos Exteriores de la Uni\u00f3n Europea (UE) como un punto sin debate.<\/p>\n<p>A finales de 2012 los responsables de Exteriores de la UE encargaron a la jefa de la diplomacia europea, Catherine Ashton, explorar las posibilidades para negociar eventualmente un acuerdo bilateral con Cuba.<\/p>\n<p>Bruselas podr\u00e1 iniciar as\u00ed la negociaci\u00f3n de un acuerdo de asociaci\u00f3n con La Habana, mientras se mantiene la posici\u00f3n com\u00fan que rige la pol\u00edtica de la UE hacia la isla.<\/p>\n<p>La posici\u00f3n com\u00fan, que est\u00e1 vigente desde 1996 y fue impulsada por el Gobierno conservador espa\u00f1ol encabezado entonces por Jos\u00e9 Mar\u00eda Aznar, condiciona todo progreso en las relaciones a avances en la democratizaci\u00f3n y los derechos humanos en la isla, defendiendo el contacto directo con los disidentes.<\/p>\n<p>Son los Veintiocho los que tienen la posibilidad de cambiar la posici\u00f3n com\u00fan, que La Habana rechaza.<\/p>\n<p>Los Estados miembros de la Uni\u00f3n han superado as\u00ed los \u00faltimos escollos sobre la directiva de negociaci\u00f3n y han dado v\u00eda libre para que los ministros adopten formalmente el acuerdo, sin que ning\u00fan pa\u00eds haya bloqueado, indicaron las fuentes.<\/p>\n<p>En las \u00faltimas semanas, Alemania y alg\u00fan otro pa\u00eds se mostraron reticentes a respaldar el mandato, aunque \u00e9stas observaciones se refer\u00edan \u00fanicamente a \u00abalgunos asuntos internos pendientes\u00bb relacionados m\u00e1s con temas t\u00e9cnicos y de procedimiento que con el objetivo en s\u00ed de las discusiones, seg\u00fan las fuentes.<\/p>\n<p>Entre los Veintiocho ha habido una \u00abvoluntad colectiva de avanzar hacia el inicio de las negociaciones\u00bb, agregaron las fuentes.<\/p>\n<p>El siguiente paso del procedimiento ser\u00e1 que el Consejo de Ministros de Exteriores de la UE no debata el asunto sino que lo apruebe directamente en su orden del d\u00eda del pr\u00f3ximo 10 de febrero.<\/p>\n<p>Una vez que el Consejo autorice el mandato de negociaci\u00f3n, dar\u00e1 tambi\u00e9n luz verde a Ashton y a la Comisi\u00f3n Europea para que abran esas conversaciones con La Habana.<\/p>\n<p>Cuba es el \u00fanico pa\u00eds de Am\u00e9rica Latina con el que la Uni\u00f3n Europea no tiene suscrito ning\u00fan tipo de pacto.<\/p>\n<p>Desde que en 2012 se pidi\u00f3 a Ashton explorar las posibilidades de entablar las conversaciones para ese acuerdo, el Consejo ha tenido discusiones t\u00e9cnicas para intentar cerrar el mandato de negociaci\u00f3n, la base para entablar contacto con Cuba y un proceso en el que se ha recalcado la importancia de dar protagonismo a los derechos humanos.<\/p>\n<p>El Gobierno de La Habana ha rechazado siempre la posici\u00f3n com\u00fan, por ser una pol\u00edtica restrictiva y la ha considerado un escollo para una relaci\u00f3n plena con la UE, aunque habr\u00eda aceptado su continuidad mientras se trabaja en un nuevo tipo de relaci\u00f3n, seg\u00fan fuentes diplom\u00e1ticas.<\/p>\n<p>La Habana y Bruselas han vivido unas relaciones complicadas en los \u00faltimos a\u00f1os, especialmente a ra\u00edz de la llamada \u00abPrimavera Negra\u00bb, cuando Cuba encarcel\u00f3 a 75 opositores.<\/p>\n<p>La Uni\u00f3n respondi\u00f3 con la imposici\u00f3n de sanciones diplom\u00e1ticas en 2003 y Cuba contest\u00f3 rechazando la ayuda comunitaria al desarrollo.<\/p>\n<p>Ambas partes reanudaron la cooperaci\u00f3n y el di\u00e1logo pol\u00edtico en octubre de 2008, despu\u00e9s de que en junio de ese a\u00f1o el Consejo Europeo decidiese a propuesta de Espa\u00f1a levantar las sanciones.<\/p>\n","protected":false},"excerpt":{"rendered":"<p>Bruselas, 5 feb (EFE).- Los embajadores permanentes de los Veintiocho aprobaron hoy el mandato para abrir la negociaci\u00f3n de un acuerdo bilateral con Cuba, informaron hoy a Efe fuentes comunitarias. Las mismas fuentes precisaron que, tras la autorizaci\u00f3n de los representantes permanentes, la aprobaci\u00f3n definitiva llegar\u00e1 el pr\u00f3ximo lunes durante el consejo de ministros de [&hellip;]<\/p>\n","protected":false},"author":1,"featured_media":484156,"comment_status":"closed","ping_status":"open","sticky":false,"template":"","format":"standard","meta":{"footnotes":""},"categories":[1],"tags":[],"class_list":["post-484155","post","type-post","status-publish","format-standard","has-post-thumbnail","hentry","category-actualidad"],"aioseo_notices":[],"aioseo_head":"\n\t\t<!-- All in One SEO Pro 5.0.1 - aioseo.com -->\n\t<meta name=\"description\" content=\"Bruselas, 5 feb (EFE).- Los embajadores permanentes de los Veintiocho aprobaron hoy el mandato para abrir la negociaci\u00f3n de un acuerdo bilateral con Cuba, informaron hoy a Efe fuentes comunitarias. Las mismas fuentes precisaron que, tras la autorizaci\u00f3n de los representantes permanentes, la aprobaci\u00f3n definitiva llegar\u00e1 el pr\u00f3ximo lunes durante el consejo de ministros de\" \/>\n\t<meta name=\"robots\" content=\"max-image-preview:large\" \/>\n\t<meta name=\"author\" content=\"El Digital de Asturias\"\/>\n\t<meta name=\"google-site-verification\" content=\"UA-38556648-1\" \/>\n\t<meta name=\"msvalidate.01\" content=\"7dfe9f3f1b24437ab69f4f2559babe99\" \/>\n\t<meta name=\"keywords\" content=\"actualidad\" \/>\n\t<link rel=\"canonical\" href=\"https:\/\/www.eldigitaldeasturias.com\/noticias\/los-embajadores-de-la-ue-aprueban-el-mandato-para-negociar-un-acuerdo-con-cuba\/\" \/>\n\t<meta name=\"generator\" content=\"All in One SEO Pro (AIOSEO) 5.0.1\" \/>\n\t\t<meta property=\"og:locale\" content=\"es_ES\" \/>\n\t\t<meta property=\"og:site_name\" content=\"El Digital de Asturias\" \/>\n\t\t<meta property=\"og:type\" content=\"article\" \/>\n\t\t<meta property=\"og:title\" content=\"Los embajadores de la UE aprueban el mandato para negociar un acuerdo con Cuba - El Digital de Asturias\" \/>\n\t\t<meta property=\"og:description\" content=\"Bruselas, 5 feb (EFE).- Los embajadores permanentes de los Veintiocho aprobaron hoy el mandato para abrir la negociaci\u00f3n de un acuerdo bilateral con Cuba, informaron hoy a Efe fuentes comunitarias. Las mismas fuentes precisaron que, tras la autorizaci\u00f3n de los representantes permanentes, la aprobaci\u00f3n definitiva llegar\u00e1 el pr\u00f3ximo lunes durante el consejo de ministros de\" \/>\n\t\t<meta property=\"og:url\" content=\"https:\/\/www.eldigitaldeasturias.com\/noticias\/los-embajadores-de-la-ue-aprueban-el-mandato-para-negociar-un-acuerdo-con-cuba\/\" \/>\n\t\t<meta property=\"article:tag\" content=\"actualidad\" \/>\n\t\t<meta property=\"article:published_time\" content=\"2014-02-05T21:49:50+00:00\" \/>\n\t\t<meta property=\"article:modified_time\" content=\"2014-02-05T21:49:50+00:00\" \/>\n\t\t<meta property=\"article:publisher\" content=\"https:\/\/facebook.com\/eldigitaldeasturias\" \/>\n\t\t<meta name=\"twitter:card\" content=\"summary_large_image\" \/>\n\t\t<meta name=\"twitter:title\" content=\"Los embajadores de la UE aprueban el mandato para negociar un acuerdo con Cuba - El Digital de Asturias\" \/>\n\t\t<meta name=\"twitter:description\" content=\"Bruselas, 5 feb (EFE).- Los embajadores permanentes de los Veintiocho aprobaron hoy el mandato para abrir la negociaci\u00f3n de un acuerdo bilateral con Cuba, informaron hoy a Efe fuentes comunitarias. Las mismas fuentes precisaron que, tras la autorizaci\u00f3n de los representantes permanentes, la aprobaci\u00f3n definitiva llegar\u00e1 el pr\u00f3ximo lunes durante el consejo de ministros de\" \/>\n\t\t<meta name=\"twitter:label1\" content=\"Escrito por\" \/>\n\t\t<meta name=\"twitter:data1\" content=\"El Digital de Asturias\" \/>\n\t\t<meta name=\"twitter:label2\" content=\"Tiempo de lectura estimado\" \/>\n\t\t<meta name=\"twitter:data2\" content=\"3 minutos\" \/>\n\t\t<script type=\"application\/ld+json\" class=\"aioseo-schema\">\n\t\t\t{\"@context\":\"https:\\\/\\\/schema.org\",\"@graph\":[{\"@type\":\"BlogPosting\",\"@id\":\"https:\\\/\\\/www.eldigitaldeasturias.com\\\/noticias\\\/los-embajadores-de-la-ue-aprueban-el-mandato-para-negociar-un-acuerdo-con-cuba\\\/#blogposting\",\"name\":\"Los embajadores de la UE aprueban el mandato para negociar un acuerdo con Cuba - El Digital de Asturias\",\"headline\":\"Los embajadores de la UE aprueban el mandato para negociar un acuerdo con Cuba\",\"author\":{\"@id\":\"https:\\\/\\\/www.eldigitaldeasturias.com\\\/noticias\\\/author\\\/admin\\\/#author\"},\"publisher\":{\"@id\":\"https:\\\/\\\/www.eldigitaldeasturias.com\\\/noticias\\\/#organization\"},\"image\":{\"@type\":\"ImageObject\",\"url\":484156},\"datePublished\":\"2014-02-05T20:49:50+01:00\",\"dateModified\":\"2014-02-05T20:49:50+01:00\",\"inLanguage\":\"es-ES\",\"mainEntityOfPage\":{\"@id\":\"https:\\\/\\\/www.eldigitaldeasturias.com\\\/noticias\\\/los-embajadores-de-la-ue-aprueban-el-mandato-para-negociar-un-acuerdo-con-cuba\\\/#webpage\"},\"isPartOf\":{\"@id\":\"https:\\\/\\\/www.eldigitaldeasturias.com\\\/noticias\\\/los-embajadores-de-la-ue-aprueban-el-mandato-para-negociar-un-acuerdo-con-cuba\\\/#webpage\"},\"articleSection\":\"Actualidad\"},{\"@type\":\"BreadcrumbList\",\"@id\":\"https:\\\/\\\/www.eldigitaldeasturias.com\\\/noticias\\\/los-embajadores-de-la-ue-aprueban-el-mandato-para-negociar-un-acuerdo-con-cuba\\\/#breadcrumblist\",\"itemListElement\":[{\"@type\":\"ListItem\",\"@id\":\"https:\\\/\\\/www.eldigitaldeasturias.com\\\/noticias#listItem\",\"position\":1,\"name\":\"Home\",\"item\":\"https:\\\/\\\/www.eldigitaldeasturias.com\\\/noticias\",\"nextItem\":{\"@type\":\"ListItem\",\"@id\":\"https:\\\/\\\/www.eldigitaldeasturias.com\\\/noticias\\\/category\\\/actualidad\\\/#listItem\",\"name\":\"Actualidad\"}},{\"@type\":\"ListItem\",\"@id\":\"https:\\\/\\\/www.eldigitaldeasturias.com\\\/noticias\\\/category\\\/actualidad\\\/#listItem\",\"position\":2,\"name\":\"Actualidad\",\"item\":\"https:\\\/\\\/www.eldigitaldeasturias.com\\\/noticias\\\/category\\\/actualidad\\\/\",\"nextItem\":{\"@type\":\"ListItem\",\"@id\":\"https:\\\/\\\/www.eldigitaldeasturias.com\\\/noticias\\\/los-embajadores-de-la-ue-aprueban-el-mandato-para-negociar-un-acuerdo-con-cuba\\\/#listItem\",\"name\":\"Los embajadores de la UE aprueban el mandato para negociar un acuerdo con Cuba\"},\"previousItem\":{\"@type\":\"ListItem\",\"@id\":\"https:\\\/\\\/www.eldigitaldeasturias.com\\\/noticias#listItem\",\"name\":\"Home\"}},{\"@type\":\"ListItem\",\"@id\":\"https:\\\/\\\/www.eldigitaldeasturias.com\\\/noticias\\\/los-embajadores-de-la-ue-aprueban-el-mandato-para-negociar-un-acuerdo-con-cuba\\\/#listItem\",\"position\":3,\"name\":\"Los embajadores de la UE aprueban el mandato para negociar un acuerdo con Cuba\",\"previousItem\":{\"@type\":\"ListItem\",\"@id\":\"https:\\\/\\\/www.eldigitaldeasturias.com\\\/noticias\\\/category\\\/actualidad\\\/#listItem\",\"name\":\"Actualidad\"}}]},{\"@type\":\"Organization\",\"@id\":\"https:\\\/\\\/www.eldigitaldeasturias.com\\\/noticias\\\/#organization\",\"name\":\"El Digital de Asturias\",\"description\":\"Hemeroteca\",\"url\":\"https:\\\/\\\/www.eldigitaldeasturias.com\\\/noticias\\\/\",\"email\":\"info@eldigitaldeasturias.com\",\"telephone\":\"+34652131393\",\"logo\":{\"@type\":\"ImageObject\",\"url\":\"https:\\\/\\\/www.eldigitaldeasturias.com\\\/noticias\\\/wp-content\\\/uploads\\\/2020\\\/12\\\/EDA.jpg\",\"@id\":\"https:\\\/\\\/www.eldigitaldeasturias.com\\\/noticias\\\/los-embajadores-de-la-ue-aprueban-el-mandato-para-negociar-un-acuerdo-con-cuba\\\/#organizationLogo\"},\"image\":{\"@id\":\"https:\\\/\\\/www.eldigitaldeasturias.com\\\/noticias\\\/los-embajadores-de-la-ue-aprueban-el-mandato-para-negociar-un-acuerdo-con-cuba\\\/#organizationLogo\"},\"sameAs\":[\"https:\\\/\\\/facebook.com\\\/eldigitaldeasturias\",\"https:\\\/\\\/www.youtube.com\\\/channel\\\/UCZP-2wLEB9Rv6erhFmqVnvg\"],\"address\":{\"@id\":\"https:\\\/\\\/www.eldigitaldeasturias.com\\\/noticias\\\/#postaladdress\",\"@type\":\"PostalAddress\",\"streetAddress\":\"san antonio 4\",\"postalCode\":\"33430\",\"addressLocality\":\"Cand\\u00e1s\",\"addressRegion\":\"Asturias\",\"addressCountry\":\"ES\"}},{\"@type\":\"Person\",\"@id\":\"https:\\\/\\\/www.eldigitaldeasturias.com\\\/noticias\\\/author\\\/admin\\\/#author\",\"url\":\"https:\\\/\\\/www.eldigitaldeasturias.com\\\/noticias\\\/author\\\/admin\\\/\",\"name\":\"El Digital de Asturias\",\"image\":{\"@type\":\"ImageObject\",\"@id\":\"https:\\\/\\\/www.eldigitaldeasturias.com\\\/noticias\\\/los-embajadores-de-la-ue-aprueban-el-mandato-para-negociar-un-acuerdo-con-cuba\\\/#authorImage\",\"url\":\"https:\\\/\\\/secure.gravatar.com\\\/avatar\\\/df2aeffc32bcd13f8d26072ef8a91b623d677766deac7f97ca815868cd41bf5e?s=96&d=mm&r=g\",\"width\":96,\"height\":96,\"caption\":\"El Digital de Asturias\"}},{\"@type\":\"WebPage\",\"@id\":\"https:\\\/\\\/www.eldigitaldeasturias.com\\\/noticias\\\/los-embajadores-de-la-ue-aprueban-el-mandato-para-negociar-un-acuerdo-con-cuba\\\/#webpage\",\"url\":\"https:\\\/\\\/www.eldigitaldeasturias.com\\\/noticias\\\/los-embajadores-de-la-ue-aprueban-el-mandato-para-negociar-un-acuerdo-con-cuba\\\/\",\"name\":\"Los embajadores de la UE aprueban el mandato para negociar un acuerdo con Cuba - El Digital de Asturias\",\"description\":\"Bruselas, 5 feb (EFE).- Los embajadores permanentes de los Veintiocho aprobaron hoy el mandato para abrir la negociaci\\u00f3n de un acuerdo bilateral con Cuba, informaron hoy a Efe fuentes comunitarias. Las mismas fuentes precisaron que, tras la autorizaci\\u00f3n de los representantes permanentes, la aprobaci\\u00f3n definitiva llegar\\u00e1 el pr\\u00f3ximo lunes durante el consejo de ministros de\",\"inLanguage\":\"es-ES\",\"isPartOf\":{\"@id\":\"https:\\\/\\\/www.eldigitaldeasturias.com\\\/noticias\\\/#website\"},\"breadcrumb\":{\"@id\":\"https:\\\/\\\/www.eldigitaldeasturias.com\\\/noticias\\\/los-embajadores-de-la-ue-aprueban-el-mandato-para-negociar-un-acuerdo-con-cuba\\\/#breadcrumblist\"},\"author\":{\"@id\":\"https:\\\/\\\/www.eldigitaldeasturias.com\\\/noticias\\\/author\\\/admin\\\/#author\"},\"creator\":{\"@id\":\"https:\\\/\\\/www.eldigitaldeasturias.com\\\/noticias\\\/author\\\/admin\\\/#author\"},\"image\":{\"@type\":\"ImageObject\",\"url\":484156,\"@id\":\"https:\\\/\\\/www.eldigitaldeasturias.com\\\/noticias\\\/los-embajadores-de-la-ue-aprueban-el-mandato-para-negociar-un-acuerdo-con-cuba\\\/#mainImage\"},\"primaryImageOfPage\":{\"@id\":\"https:\\\/\\\/www.eldigitaldeasturias.com\\\/noticias\\\/los-embajadores-de-la-ue-aprueban-el-mandato-para-negociar-un-acuerdo-con-cuba\\\/#mainImage\"},\"datePublished\":\"2014-02-05T20:49:50+01:00\",\"dateModified\":\"2014-02-05T20:49:50+01:00\"},{\"@type\":\"WebSite\",\"@id\":\"https:\\\/\\\/www.eldigitaldeasturias.com\\\/noticias\\\/#website\",\"url\":\"https:\\\/\\\/www.eldigitaldeasturias.com\\\/noticias\\\/\",\"name\":\"El Digital de Asturias - Diario de actualidad y noticias\",\"alternateName\":\"El Digital de Asturias - Diario de actualidad y noticias\",\"description\":\"Hemeroteca\",\"inLanguage\":\"es-ES\",\"publisher\":{\"@id\":\"https:\\\/\\\/www.eldigitaldeasturias.com\\\/noticias\\\/#organization\"}}]}\n\t\t<\/script>\n\t\t<!-- All in One SEO Pro -->\r\n\t\t<title>Los embajadores de la UE aprueban el mandato para negociar un acuerdo con Cuba - El Digital de Asturias<\/title>\n\n","aioseo_head_json":{"title":"Los embajadores de la UE aprueban el mandato para negociar un acuerdo con Cuba - El Digital de Asturias","description":"Bruselas, 5 feb (EFE).- Los embajadores permanentes de los Veintiocho aprobaron hoy el mandato para abrir la negociaci\u00f3n de un acuerdo bilateral con Cuba, informaron hoy a Efe fuentes comunitarias. Las mismas fuentes precisaron que, tras la autorizaci\u00f3n de los representantes permanentes, la aprobaci\u00f3n definitiva llegar\u00e1 el pr\u00f3ximo lunes durante el consejo de ministros de","canonical_url":"https:\/\/www.eldigitaldeasturias.com\/noticias\/los-embajadores-de-la-ue-aprueban-el-mandato-para-negociar-un-acuerdo-con-cuba\/","robots":"max-image-preview:large","keywords":"actualidad","webmasterTools":{"google-site-verification":"UA-38556648-1","msvalidate.01":"7dfe9f3f1b24437ab69f4f2559babe99","miscellaneous":""},"schema":{"@context":"https:\/\/schema.org","@graph":[{"@type":"BlogPosting","@id":"https:\/\/www.eldigitaldeasturias.com\/noticias\/los-embajadores-de-la-ue-aprueban-el-mandato-para-negociar-un-acuerdo-con-cuba\/#blogposting","name":"Los embajadores de la UE aprueban el mandato para negociar un acuerdo con Cuba - El Digital de Asturias","headline":"Los embajadores de la UE aprueban el mandato para negociar un acuerdo con Cuba","author":{"@id":"https:\/\/www.eldigitaldeasturias.com\/noticias\/author\/admin\/#author"},"publisher":{"@id":"https:\/\/www.eldigitaldeasturias.com\/noticias\/#organization"},"image":{"@type":"ImageObject","url":484156},"datePublished":"2014-02-05T20:49:50+01:00","dateModified":"2014-02-05T20:49:50+01:00","inLanguage":"es-ES","mainEntityOfPage":{"@id":"https:\/\/www.eldigitaldeasturias.com\/noticias\/los-embajadores-de-la-ue-aprueban-el-mandato-para-negociar-un-acuerdo-con-cuba\/#webpage"},"isPartOf":{"@id":"https:\/\/www.eldigitaldeasturias.com\/noticias\/los-embajadores-de-la-ue-aprueban-el-mandato-para-negociar-un-acuerdo-con-cuba\/#webpage"},"articleSection":"Actualidad"},{"@type":"BreadcrumbList","@id":"https:\/\/www.eldigitaldeasturias.com\/noticias\/los-embajadores-de-la-ue-aprueban-el-mandato-para-negociar-un-acuerdo-con-cuba\/#breadcrumblist","itemListElement":[{"@type":"ListItem","@id":"https:\/\/www.eldigitaldeasturias.com\/noticias#listItem","position":1,"name":"Home","item":"https:\/\/www.eldigitaldeasturias.com\/noticias","nextItem":{"@type":"ListItem","@id":"https:\/\/www.eldigitaldeasturias.com\/noticias\/category\/actualidad\/#listItem","name":"Actualidad"}},{"@type":"ListItem","@id":"https:\/\/www.eldigitaldeasturias.com\/noticias\/category\/actualidad\/#listItem","position":2,"name":"Actualidad","item":"https:\/\/www.eldigitaldeasturias.com\/noticias\/category\/actualidad\/","nextItem":{"@type":"ListItem","@id":"https:\/\/www.eldigitaldeasturias.com\/noticias\/los-embajadores-de-la-ue-aprueban-el-mandato-para-negociar-un-acuerdo-con-cuba\/#listItem","name":"Los embajadores de la UE aprueban el mandato para negociar un acuerdo con Cuba"},"previousItem":{"@type":"ListItem","@id":"https:\/\/www.eldigitaldeasturias.com\/noticias#listItem","name":"Home"}},{"@type":"ListItem","@id":"https:\/\/www.eldigitaldeasturias.com\/noticias\/los-embajadores-de-la-ue-aprueban-el-mandato-para-negociar-un-acuerdo-con-cuba\/#listItem","position":3,"name":"Los embajadores de la UE aprueban el mandato para negociar un acuerdo con Cuba","previousItem":{"@type":"ListItem","@id":"https:\/\/www.eldigitaldeasturias.com\/noticias\/category\/actualidad\/#listItem","name":"Actualidad"}}]},{"@type":"Organization","@id":"https:\/\/www.eldigitaldeasturias.com\/noticias\/#organization","name":"El Digital de Asturias","description":"Hemeroteca","url":"https:\/\/www.eldigitaldeasturias.com\/noticias\/","email":"info@eldigitaldeasturias.com","telephone":"+34652131393","logo":{"@type":"ImageObject","url":"https:\/\/www.eldigitaldeasturias.com\/noticias\/wp-content\/uploads\/2020\/12\/EDA.jpg","@id":"https:\/\/www.eldigitaldeasturias.com\/noticias\/los-embajadores-de-la-ue-aprueban-el-mandato-para-negociar-un-acuerdo-con-cuba\/#organizationLogo"},"image":{"@id":"https:\/\/www.eldigitaldeasturias.com\/noticias\/los-embajadores-de-la-ue-aprueban-el-mandato-para-negociar-un-acuerdo-con-cuba\/#organizationLogo"},"sameAs":["https:\/\/facebook.com\/eldigitaldeasturias","https:\/\/www.youtube.com\/channel\/UCZP-2wLEB9Rv6erhFmqVnvg"],"address":{"@id":"https:\/\/www.eldigitaldeasturias.com\/noticias\/#postaladdress","@type":"PostalAddress","streetAddress":"san antonio 4","postalCode":"33430","addressLocality":"Cand\u00e1s","addressRegion":"Asturias","addressCountry":"ES"}},{"@type":"Person","@id":"https:\/\/www.eldigitaldeasturias.com\/noticias\/author\/admin\/#author","url":"https:\/\/www.eldigitaldeasturias.com\/noticias\/author\/admin\/","name":"El Digital de Asturias","image":{"@type":"ImageObject","@id":"https:\/\/www.eldigitaldeasturias.com\/noticias\/los-embajadores-de-la-ue-aprueban-el-mandato-para-negociar-un-acuerdo-con-cuba\/#authorImage","url":"https:\/\/secure.gravatar.com\/avatar\/df2aeffc32bcd13f8d26072ef8a91b623d677766deac7f97ca815868cd41bf5e?s=96&d=mm&r=g","width":96,"height":96,"caption":"El Digital de Asturias"}},{"@type":"WebPage","@id":"https:\/\/www.eldigitaldeasturias.com\/noticias\/los-embajadores-de-la-ue-aprueban-el-mandato-para-negociar-un-acuerdo-con-cuba\/#webpage","url":"https:\/\/www.eldigitaldeasturias.com\/noticias\/los-embajadores-de-la-ue-aprueban-el-mandato-para-negociar-un-acuerdo-con-cuba\/","name":"Los embajadores de la UE aprueban el mandato para negociar un acuerdo con Cuba - El Digital de Asturias","description":"Bruselas, 5 feb (EFE).- Los embajadores permanentes de los Veintiocho aprobaron hoy el mandato para abrir la negociaci\u00f3n de un acuerdo bilateral con Cuba, informaron hoy a Efe fuentes comunitarias. Las mismas fuentes precisaron que, tras la autorizaci\u00f3n de los representantes permanentes, la aprobaci\u00f3n definitiva llegar\u00e1 el pr\u00f3ximo lunes durante el consejo de ministros de","inLanguage":"es-ES","isPartOf":{"@id":"https:\/\/www.eldigitaldeasturias.com\/noticias\/#website"},"breadcrumb":{"@id":"https:\/\/www.eldigitaldeasturias.com\/noticias\/los-embajadores-de-la-ue-aprueban-el-mandato-para-negociar-un-acuerdo-con-cuba\/#breadcrumblist"},"author":{"@id":"https:\/\/www.eldigitaldeasturias.com\/noticias\/author\/admin\/#author"},"creator":{"@id":"https:\/\/www.eldigitaldeasturias.com\/noticias\/author\/admin\/#author"},"image":{"@type":"ImageObject","url":484156,"@id":"https:\/\/www.eldigitaldeasturias.com\/noticias\/los-embajadores-de-la-ue-aprueban-el-mandato-para-negociar-un-acuerdo-con-cuba\/#mainImage"},"primaryImageOfPage":{"@id":"https:\/\/www.eldigitaldeasturias.com\/noticias\/los-embajadores-de-la-ue-aprueban-el-mandato-para-negociar-un-acuerdo-con-cuba\/#mainImage"},"datePublished":"2014-02-05T20:49:50+01:00","dateModified":"2014-02-05T20:49:50+01:00"},{"@type":"WebSite","@id":"https:\/\/www.eldigitaldeasturias.com\/noticias\/#website","url":"https:\/\/www.eldigitaldeasturias.com\/noticias\/","name":"El Digital de Asturias - Diario de actualidad y noticias","alternateName":"El Digital de Asturias - Diario de actualidad y noticias","description":"Hemeroteca","inLanguage":"es-ES","publisher":{"@id":"https:\/\/www.eldigitaldeasturias.com\/noticias\/#organization"}}]},"og:locale":"es_ES","og:site_name":"El Digital de Asturias","og:type":"article","og:title":"Los embajadores de la UE aprueban el mandato para negociar un acuerdo con Cuba - El Digital de Asturias","og:description":"Bruselas, 5 feb (EFE).- Los embajadores permanentes de los Veintiocho aprobaron hoy el mandato para abrir la negociaci\u00f3n de un acuerdo bilateral con Cuba, informaron hoy a Efe fuentes comunitarias. Las mismas fuentes precisaron que, tras la autorizaci\u00f3n de los representantes permanentes, la aprobaci\u00f3n definitiva llegar\u00e1 el pr\u00f3ximo lunes durante el consejo de ministros de","og:url":"https:\/\/www.eldigitaldeasturias.com\/noticias\/los-embajadores-de-la-ue-aprueban-el-mandato-para-negociar-un-acuerdo-con-cuba\/","article:tag":["actualidad"],"article:published_time":"2014-02-05T21:49:50+00:00","article:modified_time":"2014-02-05T21:49:50+00:00","article:publisher":"https:\/\/facebook.com\/eldigitaldeasturias","twitter:card":"summary_large_image","twitter:title":"Los embajadores de la UE aprueban el mandato para negociar un acuerdo con Cuba - El Digital de Asturias","twitter:description":"Bruselas, 5 feb (EFE).- Los embajadores permanentes de los Veintiocho aprobaron hoy el mandato para abrir la negociaci\u00f3n de un acuerdo bilateral con Cuba, informaron hoy a Efe fuentes comunitarias. Las mismas fuentes precisaron que, tras la autorizaci\u00f3n de los representantes permanentes, la aprobaci\u00f3n definitiva llegar\u00e1 el pr\u00f3ximo lunes durante el consejo de ministros de","twitter:label1":"Escrito por","twitter:data1":"El Digital de Asturias","twitter:label2":"Tiempo de lectura estimado","twitter:data2":"3 minutos"},"aioseo_meta_data":{"post_id":"484155","title":null,"description":null,"keywords":null,"keyphrases":null,"primary_term":null,"canonical_url":null,"og_title":null,"og_description":null,"og_object_type":"default","og_image_type":"default","og_image_url":null,"og_image_width":null,"og_image_height":null,"og_image_custom_url":null,"og_image_custom_fields":null,"og_video":null,"og_custom_url":null,"og_article_section":null,"og_article_tags":null,"twitter_use_og":true,"twitter_card":"default","twitter_image_type":"default","twitter_image_url":null,"twitter_image_custom_url":null,"twitter_image_custom_fields":null,"twitter_title":null,"twitter_description":null,"schema":{"blockGraphs":[],"customGraphs":[],"default":{"data":{"Article":[],"Course":[],"Dataset":[],"FAQPage":[],"Movie":[],"Person":[],"Product":[],"ProductReview":[],"Car":[],"Recipe":[],"Service":[],"SoftwareApplication":[],"WebPage":[]},"graphName":"","isEnabled":true},"graphs":[],"defaultGraph":"","defaultPostTypeGraph":""},"schema_type":null,"schema_type_options":null,"pillar_content":false,"robots_default":true,"robots_noindex":false,"robots_noarchive":false,"robots_nosnippet":false,"robots_nofollow":false,"robots_noimageindex":false,"robots_noodp":false,"robots_notranslate":false,"robots_max_snippet":null,"robots_max_videopreview":null,"robots_max_imagepreview":"none","priority":null,"frequency":null,"local_seo":null,"seo_analyzer_scan_date":"2026-06-02 14:58:51","breadcrumb_settings":null,"limit_modified_date":false,"open_ai":null,"ai":null,"created":"2020-11-14 22:55:00","updated":"2026-06-02 14:58:51","focus_keyword":null,"additional_keywords":null,"truseo_locale":null},"aioseo_breadcrumb":"<div class=\"aioseo-breadcrumbs\"><span class=\"aioseo-breadcrumb\">\n\t<a href=\"https:\/\/www.eldigitaldeasturias.com\/noticias\" title=\"Home\">Home<\/a>\n<\/span><span class=\"aioseo-breadcrumb-separator\">\u2013<\/span><span class=\"aioseo-breadcrumb\">\n\t<a href=\"https:\/\/www.eldigitaldeasturias.com\/noticias\/category\/actualidad\/\" title=\"Actualidad\">Actualidad<\/a>\n<\/span><span class=\"aioseo-breadcrumb-separator\">\u2013<\/span><span class=\"aioseo-breadcrumb\">\n\t<a href=\"https:\/\/www.eldigitaldeasturias.com\/noticias\/los-embajadores-de-la-ue-aprueban-el-mandato-para-negociar-un-acuerdo-con-cuba\/\" title=\"Los embajadores de la UE aprueban el mandato para negociar un acuerdo con Cuba\">Los embajadores de la UE aprueban el mandato para negociar un acuerdo con Cuba<\/a>\n<\/span><\/div>","aioseo_breadcrumb_json":[{"label":"Home","link":"https:\/\/www.eldigitaldeasturias.com\/noticias"},{"label":"Actualidad","link":"https:\/\/www.eldigitaldeasturias.com\/noticias\/category\/actualidad\/"},{"label":"Los embajadores de la UE aprueban el mandato para negociar un acuerdo con Cuba","link":"https:\/\/www.eldigitaldeasturias.com\/noticias\/los-embajadores-de-la-ue-aprueban-el-mandato-para-negociar-un-acuerdo-con-cuba\/"}],"_links":{"self":[{"href":"https:\/\/www.eldigitaldeasturias.com\/noticias\/wp-json\/wp\/v2\/posts\/484155","targetHints":{"allow":["GET"]}}],"collection":[{"href":"https:\/\/www.eldigitaldeasturias.com\/noticias\/wp-json\/wp\/v2\/posts"}],"about":[{"href":"https:\/\/www.eldigitaldeasturias.com\/noticias\/wp-json\/wp\/v2\/types\/post"}],"author":[{"embeddable":true,"href":"https:\/\/www.eldigitaldeasturias.com\/noticias\/wp-json\/wp\/v2\/users\/1"}],"replies":[{"embeddable":true,"href":"https:\/\/www.eldigitaldeasturias.com\/noticias\/wp-json\/wp\/v2\/comments?post=484155"}],"version-history":[{"count":0,"href":"https:\/\/www.eldigitaldeasturias.com\/noticias\/wp-json\/wp\/v2\/posts\/484155\/revisions"}],"wp:attachment":[{"href":"https:\/\/www.eldigitaldeasturias.com\/noticias\/wp-json\/wp\/v2\/media?parent=484155"}],"wp:term":[{"taxonomy":"category","embeddable":true,"href":"https:\/\/www.eldigitaldeasturias.com\/noticias\/wp-json\/wp\/v2\/categories?post=484155"},{"taxonomy":"post_tag","embeddable":true,"href":"https:\/\/www.eldigitaldeasturias.com\/noticias\/wp-json\/wp\/v2\/tags?post=484155"}],"curies":[{"name":"wp","href":"https:\/\/api.w.org\/{rel}","templated":true}]}}