{"id":484152,"date":"2014-02-05T20:48:53","date_gmt":"2014-02-05T21:48:53","guid":{"rendered":"http:\/\/www.eldigitaldeasturias.com\/noticias\/?p=484152"},"modified":"2014-02-05T20:48:53","modified_gmt":"2014-02-05T21:48:53","slug":"carlos-soria-cumple-75-anos-pletorico-e-ilusionado-ante-nuevos-retos","status":"publish","type":"post","link":"https:\/\/www.eldigitaldeasturias.com\/noticias\/carlos-soria-cumple-75-anos-pletorico-e-ilusionado-ante-nuevos-retos\/","title":{"rendered":"Carlos Soria cumple 75 a\u00f1os \u00abplet\u00f3rico\u00bb e ilusionado ante nuevos retos"},"content":{"rendered":"<p><img loading=\"lazy\" decoding=\"async\" class=\"alignleft size-medium wp-image-484153\" alt=\"5912097w\" src=\"https:\/\/www.eldigitaldeasturias.com\/noticias\/wp-content\/uploads\/2014\/02\/5912097w-360x248.jpg\" width=\"360\" height=\"248\" \/>Madrid, 5 feb (EFE).- El alpinista abulense Carlos Soria, que hoy celebra su 75 aniversario, se confiesa \u00abplet\u00f3rico\u00bb antes de afrontar el reto de coronar la pr\u00f3xima primavera la tercera monta\u00f1a m\u00e1s alta del mundo, el Kanchenjunga (8.586 metros).<\/p>\n<p>\u00abMe siento encantado de haber inaugurado esta cifra tan bonita\u00bb, afirm\u00f3 Carlos Soria. \u00abNo he parado de entrenarme desde que llegu\u00e9 de la \u00faltima expedici\u00f3n y me siento plet\u00f3rico para afrontar este nuevo reto\u00bb, agreg\u00f3 en declaraciones facilitadas por BBVA, patrocinador principal de sus expediciones.<\/p>\n<p>Con sesenta a\u00f1os de trayectoria deportiva a sus espaldas, Carlos Soria ha sido el \u00fanico monta\u00f1ero de la historia capaz de coronar nueve monta\u00f1as de m\u00e1s de 8.000 metros despu\u00e9s de haber cumplido los 60 a\u00f1os. As\u00ed, su ascensi\u00f3n al K2 (8.611 metros) y al Makalu (8.463 metros) en 2004 y 2008, respectivamente, supusieron una revoluci\u00f3n en el mundo del monta\u00f1ismo.<\/p>\n<p>En su aspiraci\u00f3n de convertirse en el alpinista de mayor edad en coronar las 14 cimas m\u00e1s altas del planeta, Carlos Soria dej\u00f3 atr\u00e1s el K2, el Shisha Pagma Central, el Lhotse y el Manaslu, cumplidos en esa \u00faltima ascensi\u00f3n los 70 a\u00f1os.<\/p>\n<p>Lejos queda el inicio de su afici\u00f3n a la monta\u00f1a, que surgi\u00f3 en una excursi\u00f3n a la Sierra de Guadarrama cuando contaba 14 a\u00f1os. Sin embargo, no fue hasta 1960 cuando se inici\u00f3 en la escalada de gran dificultad en un viaje en moto a los Alpes.<\/p>\n<p>Ya en 1968, form\u00f3 parte de la primera expedici\u00f3n espa\u00f1ola que ascendi\u00f3 el monte Elbrus (Rusia), la monta\u00f1a m\u00e1s alta de Europa con 5.642 metros. En 1971 coron\u00f3 el monte McKinley de Alaska (6.194 metros) aunque no fue hasta 1990 cuando logr\u00f3 su primer ochomil.<\/p>\n<p>Con la compa\u00f1\u00eda de pocos sherpas y porteadores, Carlos Soria fue descontando grandes cumbres y, desde julio de 2011, BBVA le ofrece los medios necesarios para culminar el proyecto de los 14 ochomiles.<\/p>\n<p>Algunas de las an\u00e9cdotas vividas en estas expediciones est\u00e1n recogidas en su libro digital &#8216;Recetas de cocina para situaciones l\u00edmite&#8217;, donde las experiencias de Carlos Soria se intercalan con el manual de cocina de Nathi Sherpa.<\/p>\n<p>\u00abCuando publicamos el libro no sab\u00edamos que iba a tener tanto \u00e9xito. Pens\u00e1bamos que era un libro curioso, que iba a gustar, pero nunca que llegar\u00edamos a las 60.000 descargas. Es un perfecto regalo de cumplea\u00f1os\u00bb, coment\u00f3 Carlos Soria.<\/p>\n","protected":false},"excerpt":{"rendered":"<p>Madrid, 5 feb (EFE).- El alpinista abulense Carlos Soria, que hoy celebra su 75 aniversario, se confiesa \u00abplet\u00f3rico\u00bb antes de afrontar el reto de coronar la pr\u00f3xima primavera la tercera monta\u00f1a m\u00e1s alta del mundo, el Kanchenjunga (8.586 metros). \u00abMe siento encantado de haber inaugurado esta cifra tan bonita\u00bb, afirm\u00f3 Carlos Soria. \u00abNo he parado [&hellip;]<\/p>\n","protected":false},"author":1,"featured_media":484153,"comment_status":"closed","ping_status":"open","sticky":false,"template":"","format":"standard","meta":{"footnotes":""},"categories":[1],"tags":[],"class_list":["post-484152","post","type-post","status-publish","format-standard","has-post-thumbnail","hentry","category-actualidad"],"aioseo_notices":[],"aioseo_head":"\n\t\t<!-- All in One SEO Pro 5.0.1 - aioseo.com -->\n\t<meta name=\"description\" content=\"Madrid, 5 feb (EFE).- El alpinista abulense Carlos Soria, que hoy celebra su 75 aniversario, se confiesa &quot;plet\u00f3rico&quot; antes de afrontar el reto de coronar la pr\u00f3xima primavera la tercera monta\u00f1a m\u00e1s alta del mundo, el Kanchenjunga (8.586 metros). &quot;Me siento encantado de haber inaugurado esta cifra tan bonita&quot;, afirm\u00f3 Carlos Soria. &quot;No he parado\" \/>\n\t<meta name=\"robots\" content=\"max-image-preview:large\" \/>\n\t<meta name=\"author\" content=\"El Digital de Asturias\"\/>\n\t<meta name=\"google-site-verification\" content=\"UA-38556648-1\" \/>\n\t<meta name=\"msvalidate.01\" content=\"7dfe9f3f1b24437ab69f4f2559babe99\" \/>\n\t<meta name=\"keywords\" content=\"actualidad\" \/>\n\t<link rel=\"canonical\" href=\"https:\/\/www.eldigitaldeasturias.com\/noticias\/carlos-soria-cumple-75-anos-pletorico-e-ilusionado-ante-nuevos-retos\/\" \/>\n\t<meta name=\"generator\" content=\"All in One SEO Pro (AIOSEO) 5.0.1\" \/>\n\t\t<meta property=\"og:locale\" content=\"es_ES\" \/>\n\t\t<meta property=\"og:site_name\" content=\"El Digital de Asturias\" \/>\n\t\t<meta property=\"og:type\" content=\"article\" \/>\n\t\t<meta property=\"og:title\" content=\"Carlos Soria cumple 75 a\u00f1os \u00abplet\u00f3rico\u00bb e ilusionado ante nuevos retos - El Digital de Asturias\" \/>\n\t\t<meta property=\"og:description\" content=\"Madrid, 5 feb (EFE).- El alpinista abulense Carlos Soria, que hoy celebra su 75 aniversario, se confiesa &quot;plet\u00f3rico&quot; antes de afrontar el reto de coronar la pr\u00f3xima primavera la tercera monta\u00f1a m\u00e1s alta del mundo, el Kanchenjunga (8.586 metros). &quot;Me siento encantado de haber inaugurado esta cifra tan bonita&quot;, afirm\u00f3 Carlos Soria. &quot;No he parado\" \/>\n\t\t<meta property=\"og:url\" content=\"https:\/\/www.eldigitaldeasturias.com\/noticias\/carlos-soria-cumple-75-anos-pletorico-e-ilusionado-ante-nuevos-retos\/\" \/>\n\t\t<meta property=\"article:tag\" content=\"actualidad\" \/>\n\t\t<meta property=\"article:published_time\" content=\"2014-02-05T21:48:53+00:00\" \/>\n\t\t<meta property=\"article:modified_time\" content=\"2014-02-05T21:48:53+00:00\" \/>\n\t\t<meta property=\"article:publisher\" content=\"https:\/\/facebook.com\/eldigitaldeasturias\" \/>\n\t\t<meta name=\"twitter:card\" content=\"summary_large_image\" \/>\n\t\t<meta name=\"twitter:title\" content=\"Carlos Soria cumple 75 a\u00f1os \u00abplet\u00f3rico\u00bb e ilusionado ante nuevos retos - El Digital de Asturias\" \/>\n\t\t<meta name=\"twitter:description\" content=\"Madrid, 5 feb (EFE).- El alpinista abulense Carlos Soria, que hoy celebra su 75 aniversario, se confiesa &quot;plet\u00f3rico&quot; antes de afrontar el reto de coronar la pr\u00f3xima primavera la tercera monta\u00f1a m\u00e1s alta del mundo, el Kanchenjunga (8.586 metros). &quot;Me siento encantado de haber inaugurado esta cifra tan bonita&quot;, afirm\u00f3 Carlos Soria. &quot;No he parado\" \/>\n\t\t<meta name=\"twitter:label1\" content=\"Escrito por\" \/>\n\t\t<meta name=\"twitter:data1\" content=\"El Digital de Asturias\" \/>\n\t\t<meta name=\"twitter:label2\" content=\"Tiempo de lectura estimado\" \/>\n\t\t<meta name=\"twitter:data2\" content=\"2 minutos\" \/>\n\t\t<script type=\"application\/ld+json\" class=\"aioseo-schema\">\n\t\t\t{\"@context\":\"https:\\\/\\\/schema.org\",\"@graph\":[{\"@type\":\"BlogPosting\",\"@id\":\"https:\\\/\\\/www.eldigitaldeasturias.com\\\/noticias\\\/carlos-soria-cumple-75-anos-pletorico-e-ilusionado-ante-nuevos-retos\\\/#blogposting\",\"name\":\"Carlos Soria cumple 75 a\\u00f1os \\u00abplet\\u00f3rico\\u00bb e ilusionado ante nuevos retos - El Digital de Asturias\",\"headline\":\"Carlos Soria cumple 75 a\\u00f1os \\u00abplet\\u00f3rico\\u00bb e ilusionado ante nuevos retos\",\"author\":{\"@id\":\"https:\\\/\\\/www.eldigitaldeasturias.com\\\/noticias\\\/author\\\/admin\\\/#author\"},\"publisher\":{\"@id\":\"https:\\\/\\\/www.eldigitaldeasturias.com\\\/noticias\\\/#organization\"},\"image\":{\"@type\":\"ImageObject\",\"url\":484153},\"datePublished\":\"2014-02-05T20:48:53+01:00\",\"dateModified\":\"2014-02-05T20:48:53+01:00\",\"inLanguage\":\"es-ES\",\"mainEntityOfPage\":{\"@id\":\"https:\\\/\\\/www.eldigitaldeasturias.com\\\/noticias\\\/carlos-soria-cumple-75-anos-pletorico-e-ilusionado-ante-nuevos-retos\\\/#webpage\"},\"isPartOf\":{\"@id\":\"https:\\\/\\\/www.eldigitaldeasturias.com\\\/noticias\\\/carlos-soria-cumple-75-anos-pletorico-e-ilusionado-ante-nuevos-retos\\\/#webpage\"},\"articleSection\":\"Actualidad\"},{\"@type\":\"BreadcrumbList\",\"@id\":\"https:\\\/\\\/www.eldigitaldeasturias.com\\\/noticias\\\/carlos-soria-cumple-75-anos-pletorico-e-ilusionado-ante-nuevos-retos\\\/#breadcrumblist\",\"itemListElement\":[{\"@type\":\"ListItem\",\"@id\":\"https:\\\/\\\/www.eldigitaldeasturias.com\\\/noticias#listItem\",\"position\":1,\"name\":\"Home\",\"item\":\"https:\\\/\\\/www.eldigitaldeasturias.com\\\/noticias\",\"nextItem\":{\"@type\":\"ListItem\",\"@id\":\"https:\\\/\\\/www.eldigitaldeasturias.com\\\/noticias\\\/category\\\/actualidad\\\/#listItem\",\"name\":\"Actualidad\"}},{\"@type\":\"ListItem\",\"@id\":\"https:\\\/\\\/www.eldigitaldeasturias.com\\\/noticias\\\/category\\\/actualidad\\\/#listItem\",\"position\":2,\"name\":\"Actualidad\",\"item\":\"https:\\\/\\\/www.eldigitaldeasturias.com\\\/noticias\\\/category\\\/actualidad\\\/\",\"nextItem\":{\"@type\":\"ListItem\",\"@id\":\"https:\\\/\\\/www.eldigitaldeasturias.com\\\/noticias\\\/carlos-soria-cumple-75-anos-pletorico-e-ilusionado-ante-nuevos-retos\\\/#listItem\",\"name\":\"Carlos Soria cumple 75 a\\u00f1os \\u00abplet\\u00f3rico\\u00bb e ilusionado ante nuevos retos\"},\"previousItem\":{\"@type\":\"ListItem\",\"@id\":\"https:\\\/\\\/www.eldigitaldeasturias.com\\\/noticias#listItem\",\"name\":\"Home\"}},{\"@type\":\"ListItem\",\"@id\":\"https:\\\/\\\/www.eldigitaldeasturias.com\\\/noticias\\\/carlos-soria-cumple-75-anos-pletorico-e-ilusionado-ante-nuevos-retos\\\/#listItem\",\"position\":3,\"name\":\"Carlos Soria cumple 75 a\\u00f1os \\u00abplet\\u00f3rico\\u00bb e ilusionado ante nuevos retos\",\"previousItem\":{\"@type\":\"ListItem\",\"@id\":\"https:\\\/\\\/www.eldigitaldeasturias.com\\\/noticias\\\/category\\\/actualidad\\\/#listItem\",\"name\":\"Actualidad\"}}]},{\"@type\":\"Organization\",\"@id\":\"https:\\\/\\\/www.eldigitaldeasturias.com\\\/noticias\\\/#organization\",\"name\":\"El Digital de Asturias\",\"description\":\"Hemeroteca\",\"url\":\"https:\\\/\\\/www.eldigitaldeasturias.com\\\/noticias\\\/\",\"email\":\"info@eldigitaldeasturias.com\",\"telephone\":\"+34652131393\",\"logo\":{\"@type\":\"ImageObject\",\"url\":\"https:\\\/\\\/www.eldigitaldeasturias.com\\\/noticias\\\/wp-content\\\/uploads\\\/2020\\\/12\\\/EDA.jpg\",\"@id\":\"https:\\\/\\\/www.eldigitaldeasturias.com\\\/noticias\\\/carlos-soria-cumple-75-anos-pletorico-e-ilusionado-ante-nuevos-retos\\\/#organizationLogo\"},\"image\":{\"@id\":\"https:\\\/\\\/www.eldigitaldeasturias.com\\\/noticias\\\/carlos-soria-cumple-75-anos-pletorico-e-ilusionado-ante-nuevos-retos\\\/#organizationLogo\"},\"sameAs\":[\"https:\\\/\\\/facebook.com\\\/eldigitaldeasturias\",\"https:\\\/\\\/www.youtube.com\\\/channel\\\/UCZP-2wLEB9Rv6erhFmqVnvg\"],\"address\":{\"@id\":\"https:\\\/\\\/www.eldigitaldeasturias.com\\\/noticias\\\/#postaladdress\",\"@type\":\"PostalAddress\",\"streetAddress\":\"san antonio 4\",\"postalCode\":\"33430\",\"addressLocality\":\"Cand\\u00e1s\",\"addressRegion\":\"Asturias\",\"addressCountry\":\"ES\"}},{\"@type\":\"Person\",\"@id\":\"https:\\\/\\\/www.eldigitaldeasturias.com\\\/noticias\\\/author\\\/admin\\\/#author\",\"url\":\"https:\\\/\\\/www.eldigitaldeasturias.com\\\/noticias\\\/author\\\/admin\\\/\",\"name\":\"El Digital de Asturias\",\"image\":{\"@type\":\"ImageObject\",\"@id\":\"https:\\\/\\\/www.eldigitaldeasturias.com\\\/noticias\\\/carlos-soria-cumple-75-anos-pletorico-e-ilusionado-ante-nuevos-retos\\\/#authorImage\",\"url\":\"https:\\\/\\\/secure.gravatar.com\\\/avatar\\\/df2aeffc32bcd13f8d26072ef8a91b623d677766deac7f97ca815868cd41bf5e?s=96&d=mm&r=g\",\"width\":96,\"height\":96,\"caption\":\"El Digital de Asturias\"}},{\"@type\":\"WebPage\",\"@id\":\"https:\\\/\\\/www.eldigitaldeasturias.com\\\/noticias\\\/carlos-soria-cumple-75-anos-pletorico-e-ilusionado-ante-nuevos-retos\\\/#webpage\",\"url\":\"https:\\\/\\\/www.eldigitaldeasturias.com\\\/noticias\\\/carlos-soria-cumple-75-anos-pletorico-e-ilusionado-ante-nuevos-retos\\\/\",\"name\":\"Carlos Soria cumple 75 a\\u00f1os \\u00abplet\\u00f3rico\\u00bb e ilusionado ante nuevos retos - El Digital de Asturias\",\"description\":\"Madrid, 5 feb (EFE).- El alpinista abulense Carlos Soria, que hoy celebra su 75 aniversario, se confiesa \\\"plet\\u00f3rico\\\" antes de afrontar el reto de coronar la pr\\u00f3xima primavera la tercera monta\\u00f1a m\\u00e1s alta del mundo, el Kanchenjunga (8.586 metros). \\\"Me siento encantado de haber inaugurado esta cifra tan bonita\\\", afirm\\u00f3 Carlos Soria. \\\"No he parado\",\"inLanguage\":\"es-ES\",\"isPartOf\":{\"@id\":\"https:\\\/\\\/www.eldigitaldeasturias.com\\\/noticias\\\/#website\"},\"breadcrumb\":{\"@id\":\"https:\\\/\\\/www.eldigitaldeasturias.com\\\/noticias\\\/carlos-soria-cumple-75-anos-pletorico-e-ilusionado-ante-nuevos-retos\\\/#breadcrumblist\"},\"author\":{\"@id\":\"https:\\\/\\\/www.eldigitaldeasturias.com\\\/noticias\\\/author\\\/admin\\\/#author\"},\"creator\":{\"@id\":\"https:\\\/\\\/www.eldigitaldeasturias.com\\\/noticias\\\/author\\\/admin\\\/#author\"},\"image\":{\"@type\":\"ImageObject\",\"url\":484153,\"@id\":\"https:\\\/\\\/www.eldigitaldeasturias.com\\\/noticias\\\/carlos-soria-cumple-75-anos-pletorico-e-ilusionado-ante-nuevos-retos\\\/#mainImage\"},\"primaryImageOfPage\":{\"@id\":\"https:\\\/\\\/www.eldigitaldeasturias.com\\\/noticias\\\/carlos-soria-cumple-75-anos-pletorico-e-ilusionado-ante-nuevos-retos\\\/#mainImage\"},\"datePublished\":\"2014-02-05T20:48:53+01:00\",\"dateModified\":\"2014-02-05T20:48:53+01:00\"},{\"@type\":\"WebSite\",\"@id\":\"https:\\\/\\\/www.eldigitaldeasturias.com\\\/noticias\\\/#website\",\"url\":\"https:\\\/\\\/www.eldigitaldeasturias.com\\\/noticias\\\/\",\"name\":\"El Digital de Asturias - Diario de actualidad y noticias\",\"alternateName\":\"El Digital de Asturias - Diario de actualidad y noticias\",\"description\":\"Hemeroteca\",\"inLanguage\":\"es-ES\",\"publisher\":{\"@id\":\"https:\\\/\\\/www.eldigitaldeasturias.com\\\/noticias\\\/#organization\"}}]}\n\t\t<\/script>\n\t\t<!-- All in One SEO Pro -->\r\n\t\t<title>Carlos Soria cumple 75 a\u00f1os \u00abplet\u00f3rico\u00bb e ilusionado ante nuevos retos - El Digital de Asturias<\/title>\n\n","aioseo_head_json":{"title":"Carlos Soria cumple 75 a\u00f1os \u00abplet\u00f3rico\u00bb e ilusionado ante nuevos retos - El Digital de Asturias","description":"Madrid, 5 feb (EFE).- El alpinista abulense Carlos Soria, que hoy celebra su 75 aniversario, se confiesa \"plet\u00f3rico\" antes de afrontar el reto de coronar la pr\u00f3xima primavera la tercera monta\u00f1a m\u00e1s alta del mundo, el Kanchenjunga (8.586 metros). \"Me siento encantado de haber inaugurado esta cifra tan bonita\", afirm\u00f3 Carlos Soria. \"No he parado","canonical_url":"https:\/\/www.eldigitaldeasturias.com\/noticias\/carlos-soria-cumple-75-anos-pletorico-e-ilusionado-ante-nuevos-retos\/","robots":"max-image-preview:large","keywords":"actualidad","webmasterTools":{"google-site-verification":"UA-38556648-1","msvalidate.01":"7dfe9f3f1b24437ab69f4f2559babe99","miscellaneous":""},"schema":{"@context":"https:\/\/schema.org","@graph":[{"@type":"BlogPosting","@id":"https:\/\/www.eldigitaldeasturias.com\/noticias\/carlos-soria-cumple-75-anos-pletorico-e-ilusionado-ante-nuevos-retos\/#blogposting","name":"Carlos Soria cumple 75 a\u00f1os \u00abplet\u00f3rico\u00bb e ilusionado ante nuevos retos - El Digital de Asturias","headline":"Carlos Soria cumple 75 a\u00f1os \u00abplet\u00f3rico\u00bb e ilusionado ante nuevos retos","author":{"@id":"https:\/\/www.eldigitaldeasturias.com\/noticias\/author\/admin\/#author"},"publisher":{"@id":"https:\/\/www.eldigitaldeasturias.com\/noticias\/#organization"},"image":{"@type":"ImageObject","url":484153},"datePublished":"2014-02-05T20:48:53+01:00","dateModified":"2014-02-05T20:48:53+01:00","inLanguage":"es-ES","mainEntityOfPage":{"@id":"https:\/\/www.eldigitaldeasturias.com\/noticias\/carlos-soria-cumple-75-anos-pletorico-e-ilusionado-ante-nuevos-retos\/#webpage"},"isPartOf":{"@id":"https:\/\/www.eldigitaldeasturias.com\/noticias\/carlos-soria-cumple-75-anos-pletorico-e-ilusionado-ante-nuevos-retos\/#webpage"},"articleSection":"Actualidad"},{"@type":"BreadcrumbList","@id":"https:\/\/www.eldigitaldeasturias.com\/noticias\/carlos-soria-cumple-75-anos-pletorico-e-ilusionado-ante-nuevos-retos\/#breadcrumblist","itemListElement":[{"@type":"ListItem","@id":"https:\/\/www.eldigitaldeasturias.com\/noticias#listItem","position":1,"name":"Home","item":"https:\/\/www.eldigitaldeasturias.com\/noticias","nextItem":{"@type":"ListItem","@id":"https:\/\/www.eldigitaldeasturias.com\/noticias\/category\/actualidad\/#listItem","name":"Actualidad"}},{"@type":"ListItem","@id":"https:\/\/www.eldigitaldeasturias.com\/noticias\/category\/actualidad\/#listItem","position":2,"name":"Actualidad","item":"https:\/\/www.eldigitaldeasturias.com\/noticias\/category\/actualidad\/","nextItem":{"@type":"ListItem","@id":"https:\/\/www.eldigitaldeasturias.com\/noticias\/carlos-soria-cumple-75-anos-pletorico-e-ilusionado-ante-nuevos-retos\/#listItem","name":"Carlos Soria cumple 75 a\u00f1os \u00abplet\u00f3rico\u00bb e ilusionado ante nuevos retos"},"previousItem":{"@type":"ListItem","@id":"https:\/\/www.eldigitaldeasturias.com\/noticias#listItem","name":"Home"}},{"@type":"ListItem","@id":"https:\/\/www.eldigitaldeasturias.com\/noticias\/carlos-soria-cumple-75-anos-pletorico-e-ilusionado-ante-nuevos-retos\/#listItem","position":3,"name":"Carlos Soria cumple 75 a\u00f1os \u00abplet\u00f3rico\u00bb e ilusionado ante nuevos retos","previousItem":{"@type":"ListItem","@id":"https:\/\/www.eldigitaldeasturias.com\/noticias\/category\/actualidad\/#listItem","name":"Actualidad"}}]},{"@type":"Organization","@id":"https:\/\/www.eldigitaldeasturias.com\/noticias\/#organization","name":"El Digital de Asturias","description":"Hemeroteca","url":"https:\/\/www.eldigitaldeasturias.com\/noticias\/","email":"info@eldigitaldeasturias.com","telephone":"+34652131393","logo":{"@type":"ImageObject","url":"https:\/\/www.eldigitaldeasturias.com\/noticias\/wp-content\/uploads\/2020\/12\/EDA.jpg","@id":"https:\/\/www.eldigitaldeasturias.com\/noticias\/carlos-soria-cumple-75-anos-pletorico-e-ilusionado-ante-nuevos-retos\/#organizationLogo"},"image":{"@id":"https:\/\/www.eldigitaldeasturias.com\/noticias\/carlos-soria-cumple-75-anos-pletorico-e-ilusionado-ante-nuevos-retos\/#organizationLogo"},"sameAs":["https:\/\/facebook.com\/eldigitaldeasturias","https:\/\/www.youtube.com\/channel\/UCZP-2wLEB9Rv6erhFmqVnvg"],"address":{"@id":"https:\/\/www.eldigitaldeasturias.com\/noticias\/#postaladdress","@type":"PostalAddress","streetAddress":"san antonio 4","postalCode":"33430","addressLocality":"Cand\u00e1s","addressRegion":"Asturias","addressCountry":"ES"}},{"@type":"Person","@id":"https:\/\/www.eldigitaldeasturias.com\/noticias\/author\/admin\/#author","url":"https:\/\/www.eldigitaldeasturias.com\/noticias\/author\/admin\/","name":"El Digital de Asturias","image":{"@type":"ImageObject","@id":"https:\/\/www.eldigitaldeasturias.com\/noticias\/carlos-soria-cumple-75-anos-pletorico-e-ilusionado-ante-nuevos-retos\/#authorImage","url":"https:\/\/secure.gravatar.com\/avatar\/df2aeffc32bcd13f8d26072ef8a91b623d677766deac7f97ca815868cd41bf5e?s=96&d=mm&r=g","width":96,"height":96,"caption":"El Digital de Asturias"}},{"@type":"WebPage","@id":"https:\/\/www.eldigitaldeasturias.com\/noticias\/carlos-soria-cumple-75-anos-pletorico-e-ilusionado-ante-nuevos-retos\/#webpage","url":"https:\/\/www.eldigitaldeasturias.com\/noticias\/carlos-soria-cumple-75-anos-pletorico-e-ilusionado-ante-nuevos-retos\/","name":"Carlos Soria cumple 75 a\u00f1os \u00abplet\u00f3rico\u00bb e ilusionado ante nuevos retos - El Digital de Asturias","description":"Madrid, 5 feb (EFE).- El alpinista abulense Carlos Soria, que hoy celebra su 75 aniversario, se confiesa \"plet\u00f3rico\" antes de afrontar el reto de coronar la pr\u00f3xima primavera la tercera monta\u00f1a m\u00e1s alta del mundo, el Kanchenjunga (8.586 metros). \"Me siento encantado de haber inaugurado esta cifra tan bonita\", afirm\u00f3 Carlos Soria. \"No he parado","inLanguage":"es-ES","isPartOf":{"@id":"https:\/\/www.eldigitaldeasturias.com\/noticias\/#website"},"breadcrumb":{"@id":"https:\/\/www.eldigitaldeasturias.com\/noticias\/carlos-soria-cumple-75-anos-pletorico-e-ilusionado-ante-nuevos-retos\/#breadcrumblist"},"author":{"@id":"https:\/\/www.eldigitaldeasturias.com\/noticias\/author\/admin\/#author"},"creator":{"@id":"https:\/\/www.eldigitaldeasturias.com\/noticias\/author\/admin\/#author"},"image":{"@type":"ImageObject","url":484153,"@id":"https:\/\/www.eldigitaldeasturias.com\/noticias\/carlos-soria-cumple-75-anos-pletorico-e-ilusionado-ante-nuevos-retos\/#mainImage"},"primaryImageOfPage":{"@id":"https:\/\/www.eldigitaldeasturias.com\/noticias\/carlos-soria-cumple-75-anos-pletorico-e-ilusionado-ante-nuevos-retos\/#mainImage"},"datePublished":"2014-02-05T20:48:53+01:00","dateModified":"2014-02-05T20:48:53+01:00"},{"@type":"WebSite","@id":"https:\/\/www.eldigitaldeasturias.com\/noticias\/#website","url":"https:\/\/www.eldigitaldeasturias.com\/noticias\/","name":"El Digital de Asturias - Diario de actualidad y noticias","alternateName":"El Digital de Asturias - Diario de actualidad y noticias","description":"Hemeroteca","inLanguage":"es-ES","publisher":{"@id":"https:\/\/www.eldigitaldeasturias.com\/noticias\/#organization"}}]},"og:locale":"es_ES","og:site_name":"El Digital de Asturias","og:type":"article","og:title":"Carlos Soria cumple 75 a\u00f1os \u00abplet\u00f3rico\u00bb e ilusionado ante nuevos retos - El Digital de Asturias","og:description":"Madrid, 5 feb (EFE).- El alpinista abulense Carlos Soria, que hoy celebra su 75 aniversario, se confiesa &quot;plet\u00f3rico&quot; antes de afrontar el reto de coronar la pr\u00f3xima primavera la tercera monta\u00f1a m\u00e1s alta del mundo, el Kanchenjunga (8.586 metros). &quot;Me siento encantado de haber inaugurado esta cifra tan bonita&quot;, afirm\u00f3 Carlos Soria. &quot;No he parado","og:url":"https:\/\/www.eldigitaldeasturias.com\/noticias\/carlos-soria-cumple-75-anos-pletorico-e-ilusionado-ante-nuevos-retos\/","article:tag":["actualidad"],"article:published_time":"2014-02-05T21:48:53+00:00","article:modified_time":"2014-02-05T21:48:53+00:00","article:publisher":"https:\/\/facebook.com\/eldigitaldeasturias","twitter:card":"summary_large_image","twitter:title":"Carlos Soria cumple 75 a\u00f1os \u00abplet\u00f3rico\u00bb e ilusionado ante nuevos retos - El Digital de Asturias","twitter:description":"Madrid, 5 feb (EFE).- El alpinista abulense Carlos Soria, que hoy celebra su 75 aniversario, se confiesa &quot;plet\u00f3rico&quot; antes de afrontar el reto de coronar la pr\u00f3xima primavera la tercera monta\u00f1a m\u00e1s alta del mundo, el Kanchenjunga (8.586 metros). &quot;Me siento encantado de haber inaugurado esta cifra tan bonita&quot;, afirm\u00f3 Carlos Soria. &quot;No he parado","twitter:label1":"Escrito por","twitter:data1":"El Digital de Asturias","twitter:label2":"Tiempo de lectura estimado","twitter:data2":"2 minutos"},"aioseo_meta_data":{"post_id":"484152","title":null,"description":null,"keywords":null,"keyphrases":null,"primary_term":null,"canonical_url":null,"og_title":null,"og_description":null,"og_object_type":"default","og_image_type":"default","og_image_url":null,"og_image_width":null,"og_image_height":null,"og_image_custom_url":null,"og_image_custom_fields":null,"og_video":null,"og_custom_url":null,"og_article_section":null,"og_article_tags":null,"twitter_use_og":true,"twitter_card":"default","twitter_image_type":"default","twitter_image_url":null,"twitter_image_custom_url":null,"twitter_image_custom_fields":null,"twitter_title":null,"twitter_description":null,"schema":{"blockGraphs":[],"customGraphs":[],"default":{"data":{"Article":[],"Course":[],"Dataset":[],"FAQPage":[],"Movie":[],"Person":[],"Product":[],"ProductReview":[],"Car":[],"Recipe":[],"Service":[],"SoftwareApplication":[],"WebPage":[]},"graphName":"","isEnabled":true},"graphs":[],"defaultGraph":"","defaultPostTypeGraph":""},"schema_type":null,"schema_type_options":null,"pillar_content":false,"robots_default":true,"robots_noindex":false,"robots_noarchive":false,"robots_nosnippet":false,"robots_nofollow":false,"robots_noimageindex":false,"robots_noodp":false,"robots_notranslate":false,"robots_max_snippet":null,"robots_max_videopreview":null,"robots_max_imagepreview":"none","priority":null,"frequency":null,"local_seo":null,"seo_analyzer_scan_date":"2026-06-02 14:58:50","breadcrumb_settings":null,"limit_modified_date":false,"open_ai":null,"ai":null,"created":"2020-11-14 22:55:00","updated":"2026-06-02 14:58:50","focus_keyword":null,"additional_keywords":null,"truseo_locale":null},"aioseo_breadcrumb":"<div class=\"aioseo-breadcrumbs\"><span class=\"aioseo-breadcrumb\">\n\t<a href=\"https:\/\/www.eldigitaldeasturias.com\/noticias\" title=\"Home\">Home<\/a>\n<\/span><span class=\"aioseo-breadcrumb-separator\">\u2013<\/span><span class=\"aioseo-breadcrumb\">\n\t<a href=\"https:\/\/www.eldigitaldeasturias.com\/noticias\/category\/actualidad\/\" title=\"Actualidad\">Actualidad<\/a>\n<\/span><span class=\"aioseo-breadcrumb-separator\">\u2013<\/span><span class=\"aioseo-breadcrumb\">\n\t<a href=\"https:\/\/www.eldigitaldeasturias.com\/noticias\/carlos-soria-cumple-75-anos-pletorico-e-ilusionado-ante-nuevos-retos\/\" title=\"Carlos Soria cumple 75 a\u00f1os \u00abplet\u00f3rico\u00bb e ilusionado ante nuevos retos\">Carlos Soria cumple 75 a\u00f1os \u00abplet\u00f3rico\u00bb e ilusionado ante nuevos retos<\/a>\n<\/span><\/div>","aioseo_breadcrumb_json":[{"label":"Home","link":"https:\/\/www.eldigitaldeasturias.com\/noticias"},{"label":"Actualidad","link":"https:\/\/www.eldigitaldeasturias.com\/noticias\/category\/actualidad\/"},{"label":"Carlos Soria cumple 75 a\u00f1os \u00abplet\u00f3rico\u00bb e ilusionado ante nuevos retos","link":"https:\/\/www.eldigitaldeasturias.com\/noticias\/carlos-soria-cumple-75-anos-pletorico-e-ilusionado-ante-nuevos-retos\/"}],"_links":{"self":[{"href":"https:\/\/www.eldigitaldeasturias.com\/noticias\/wp-json\/wp\/v2\/posts\/484152","targetHints":{"allow":["GET"]}}],"collection":[{"href":"https:\/\/www.eldigitaldeasturias.com\/noticias\/wp-json\/wp\/v2\/posts"}],"about":[{"href":"https:\/\/www.eldigitaldeasturias.com\/noticias\/wp-json\/wp\/v2\/types\/post"}],"author":[{"embeddable":true,"href":"https:\/\/www.eldigitaldeasturias.com\/noticias\/wp-json\/wp\/v2\/users\/1"}],"replies":[{"embeddable":true,"href":"https:\/\/www.eldigitaldeasturias.com\/noticias\/wp-json\/wp\/v2\/comments?post=484152"}],"version-history":[{"count":0,"href":"https:\/\/www.eldigitaldeasturias.com\/noticias\/wp-json\/wp\/v2\/posts\/484152\/revisions"}],"wp:attachment":[{"href":"https:\/\/www.eldigitaldeasturias.com\/noticias\/wp-json\/wp\/v2\/media?parent=484152"}],"wp:term":[{"taxonomy":"category","embeddable":true,"href":"https:\/\/www.eldigitaldeasturias.com\/noticias\/wp-json\/wp\/v2\/categories?post=484152"},{"taxonomy":"post_tag","embeddable":true,"href":"https:\/\/www.eldigitaldeasturias.com\/noticias\/wp-json\/wp\/v2\/tags?post=484152"}],"curies":[{"name":"wp","href":"https:\/\/api.w.org\/{rel}","templated":true}]}}