{"id":484133,"date":"2014-02-05T20:39:10","date_gmt":"2014-02-05T21:39:10","guid":{"rendered":"http:\/\/www.eldigitaldeasturias.com\/noticias\/?p=484133"},"modified":"2014-02-05T20:39:10","modified_gmt":"2014-02-05T21:39:10","slug":"el-servicio-112-atendio-casi-200-incidencias-a-causa-del-temporal","status":"publish","type":"post","link":"https:\/\/www.eldigitaldeasturias.com\/noticias\/el-servicio-112-atendio-casi-200-incidencias-a-causa-del-temporal\/","title":{"rendered":"El servicio 112 atendi\u00f3 casi 200 incidencias a causa del temporal"},"content":{"rendered":"<p><img loading=\"lazy\" decoding=\"async\" class=\"alignleft size-medium wp-image-484134\" alt=\"olas2\" src=\"https:\/\/www.eldigitaldeasturias.com\/noticias\/wp-content\/uploads\/2014\/02\/olas2-360x243.jpg\" width=\"360\" height=\"243\" \/>Santiago de Compostela, 5 feb (EFE).- El servicio de emergencias 112 atendi\u00f3 entre las 18 horas de ayer y las 8 horas de esta ma\u00f1ana 188 incidencias relacionadas con el temporal de lluvia y viento que afecta a Galicia.<\/p>\n<p>Las provincias m\u00e1s afectadas fueron A Coru\u00f1a y Pontevedra y la mayor\u00eda de las incidencias atendidas est\u00e1n relacionadas con ca\u00eddas de ramas y \u00e1rboles, inundaciones en carreteras, desprendimientos, bolsas de agua y ca\u00edda del tendido el\u00e9ctrico y telef\u00f3nico.<\/p>\n<p>Seg\u00fan informa la Conseller\u00eda de Presidencia en un comunicado, los municipios que registraron m\u00e1s incidencias fueron Bergondo y Betanzos, en A Coru\u00f1a, Mos, Sanxenxo y Vigo, en Pontevedra, Sarria y Vilalba, en Lugo y Lobios, en Ourense.<\/p>\n<p>Durante el d\u00eda de hoy todo el litoral permanece en alerta roja, con vientos del suroeste que alcanzar\u00e1n fuerza 9 y mar combinada del noroeste, con olas superiores a nueve metros.<\/p>\n<p>Seg\u00fan las predicciones de la Agencia Estatal de Meteorolog\u00eda (AEMET) esta alerta permanecer\u00e1 activada hasta las 15,00 horas aproximadamente y a partir de esa hora est\u00e1 previsto que baje a nivel naranja para el resto de la jornada.<\/p>\n<p>En cuanto al estado de las carreteras, la Conseller\u00eda de Medio Ambiente, Territorio e Infraestructuras se\u00f1ala que est\u00e1 cortada la carretera OU-122, desde el kil\u00f3metro 24 al 26, (Alto de Casaio), por un cami\u00f3n articulado atravesado debido a la nieve.<\/p>\n<p>Adem\u00e1s es necesaria la utilizaci\u00f3n de cadenas y est\u00e1 cerrado el tr\u00e1fico para veh\u00edculos pesados por presencia de nieve en la carretera LU-633 (Pedrafita N-VI &#8211; Alto Hospital), en los puertos de monta\u00f1a de \u00abO Cebreiro\u00bb (PK 0 a 6), \u00abSan Roque\u00bb(PK 6 a 10) y \u00abO Poio\u00bb (PK 10 a 20); en la LU-637 (LU-633 &#8211; Viduedo &#8211; LU-633) en el puerto de monta\u00f1a de \u00bb O Viduedo\u00bb (PK 0 a 7).<\/p>\n<p>En la carretera LU-132, PK 20+100 hay que circular con precauci\u00f3n por estrechamiento de calzada por ca\u00edda de \u00e1rboles en la calzada.<\/p>\n<p>Entre las incidencias de esta noche, Emergencias destaca el desbordamiento del r\u00edo Bubal, en Monterrei (Ourense), que provoc\u00f3 la muerte de m\u00e1s de veinte animales dom\u00e9sticos y da\u00f1os en viviendas.<\/p>\n<p>Tambi\u00e9n se desbord\u00f3 el r\u00edo Arnoia a su paso por Ba\u00f1os de Molgas y en Ribadavia se cerr\u00f3 el paseo fluvial al p\u00fablico por riesgo de desbordamiento del r\u00edo Avia.<\/p>\n<p>La Xunta pide a los ciudadanos que extremen las precauciones en las pr\u00f3ximas horas y que sigan las medidas de protecci\u00f3n, entre ellas, permanecer alejados de las playas, rompientes, paseos mar\u00edtimos, espigones y todas las zonas susceptibles de ser afectadas por un golpe de mar.<\/p>\n<p>El Gobierno gallego recuerda que se puede consultar la p\u00e1gina web del centro de Emergencias 112 (www.112galicia.org), que contiene informaci\u00f3n meteorol\u00f3gica, recomendaciones y enlaces de inter\u00e9s.<\/p>\n","protected":false},"excerpt":{"rendered":"<p>Santiago de Compostela, 5 feb (EFE).- El servicio de emergencias 112 atendi\u00f3 entre las 18 horas de ayer y las 8 horas de esta ma\u00f1ana 188 incidencias relacionadas con el temporal de lluvia y viento que afecta a Galicia. Las provincias m\u00e1s afectadas fueron A Coru\u00f1a y Pontevedra y la mayor\u00eda de las incidencias atendidas [&hellip;]<\/p>\n","protected":false},"author":1,"featured_media":484134,"comment_status":"closed","ping_status":"open","sticky":false,"template":"","format":"standard","meta":{"footnotes":""},"categories":[1],"tags":[],"class_list":["post-484133","post","type-post","status-publish","format-standard","has-post-thumbnail","hentry","category-actualidad"],"aioseo_notices":[],"aioseo_head":"\n\t\t<!-- All in One SEO Pro 5.0.1 - aioseo.com -->\n\t<meta name=\"description\" content=\"Santiago de Compostela, 5 feb (EFE).- El servicio de emergencias 112 atendi\u00f3 entre las 18 horas de ayer y las 8 horas de esta ma\u00f1ana 188 incidencias relacionadas con el temporal de lluvia y viento que afecta a Galicia. Las provincias m\u00e1s afectadas fueron A Coru\u00f1a y Pontevedra y la mayor\u00eda de las incidencias atendidas\" \/>\n\t<meta name=\"robots\" content=\"max-image-preview:large\" \/>\n\t<meta name=\"author\" content=\"El Digital de Asturias\"\/>\n\t<meta name=\"google-site-verification\" content=\"UA-38556648-1\" \/>\n\t<meta name=\"msvalidate.01\" content=\"7dfe9f3f1b24437ab69f4f2559babe99\" \/>\n\t<meta name=\"keywords\" content=\"actualidad\" \/>\n\t<link rel=\"canonical\" href=\"https:\/\/www.eldigitaldeasturias.com\/noticias\/el-servicio-112-atendio-casi-200-incidencias-a-causa-del-temporal\/\" \/>\n\t<meta name=\"generator\" content=\"All in One SEO Pro (AIOSEO) 5.0.1\" \/>\n\t\t<meta property=\"og:locale\" content=\"es_ES\" \/>\n\t\t<meta property=\"og:site_name\" content=\"El Digital de Asturias\" \/>\n\t\t<meta property=\"og:type\" content=\"article\" \/>\n\t\t<meta property=\"og:title\" content=\"El servicio 112 atendi\u00f3 casi 200 incidencias a causa del temporal - El Digital de Asturias\" \/>\n\t\t<meta property=\"og:description\" content=\"Santiago de Compostela, 5 feb (EFE).- El servicio de emergencias 112 atendi\u00f3 entre las 18 horas de ayer y las 8 horas de esta ma\u00f1ana 188 incidencias relacionadas con el temporal de lluvia y viento que afecta a Galicia. Las provincias m\u00e1s afectadas fueron A Coru\u00f1a y Pontevedra y la mayor\u00eda de las incidencias atendidas\" \/>\n\t\t<meta property=\"og:url\" content=\"https:\/\/www.eldigitaldeasturias.com\/noticias\/el-servicio-112-atendio-casi-200-incidencias-a-causa-del-temporal\/\" \/>\n\t\t<meta property=\"article:tag\" content=\"actualidad\" \/>\n\t\t<meta property=\"article:published_time\" content=\"2014-02-05T21:39:10+00:00\" \/>\n\t\t<meta property=\"article:modified_time\" content=\"2014-02-05T21:39:10+00:00\" \/>\n\t\t<meta property=\"article:publisher\" content=\"https:\/\/facebook.com\/eldigitaldeasturias\" \/>\n\t\t<meta name=\"twitter:card\" content=\"summary_large_image\" \/>\n\t\t<meta name=\"twitter:title\" content=\"El servicio 112 atendi\u00f3 casi 200 incidencias a causa del temporal - El Digital de Asturias\" \/>\n\t\t<meta name=\"twitter:description\" content=\"Santiago de Compostela, 5 feb (EFE).- El servicio de emergencias 112 atendi\u00f3 entre las 18 horas de ayer y las 8 horas de esta ma\u00f1ana 188 incidencias relacionadas con el temporal de lluvia y viento que afecta a Galicia. Las provincias m\u00e1s afectadas fueron A Coru\u00f1a y Pontevedra y la mayor\u00eda de las incidencias atendidas\" \/>\n\t\t<meta name=\"twitter:label1\" content=\"Escrito por\" \/>\n\t\t<meta name=\"twitter:data1\" content=\"El Digital de Asturias\" \/>\n\t\t<meta name=\"twitter:label2\" content=\"Tiempo de lectura estimado\" \/>\n\t\t<meta name=\"twitter:data2\" content=\"2 minutos\" \/>\n\t\t<script type=\"application\/ld+json\" class=\"aioseo-schema\">\n\t\t\t{\"@context\":\"https:\\\/\\\/schema.org\",\"@graph\":[{\"@type\":\"BlogPosting\",\"@id\":\"https:\\\/\\\/www.eldigitaldeasturias.com\\\/noticias\\\/el-servicio-112-atendio-casi-200-incidencias-a-causa-del-temporal\\\/#blogposting\",\"name\":\"El servicio 112 atendi\\u00f3 casi 200 incidencias a causa del temporal - El Digital de Asturias\",\"headline\":\"El servicio 112 atendi\\u00f3 casi 200 incidencias a causa del temporal\",\"author\":{\"@id\":\"https:\\\/\\\/www.eldigitaldeasturias.com\\\/noticias\\\/author\\\/admin\\\/#author\"},\"publisher\":{\"@id\":\"https:\\\/\\\/www.eldigitaldeasturias.com\\\/noticias\\\/#organization\"},\"image\":{\"@type\":\"ImageObject\",\"url\":484134},\"datePublished\":\"2014-02-05T20:39:10+01:00\",\"dateModified\":\"2014-02-05T20:39:10+01:00\",\"inLanguage\":\"es-ES\",\"mainEntityOfPage\":{\"@id\":\"https:\\\/\\\/www.eldigitaldeasturias.com\\\/noticias\\\/el-servicio-112-atendio-casi-200-incidencias-a-causa-del-temporal\\\/#webpage\"},\"isPartOf\":{\"@id\":\"https:\\\/\\\/www.eldigitaldeasturias.com\\\/noticias\\\/el-servicio-112-atendio-casi-200-incidencias-a-causa-del-temporal\\\/#webpage\"},\"articleSection\":\"Actualidad\"},{\"@type\":\"BreadcrumbList\",\"@id\":\"https:\\\/\\\/www.eldigitaldeasturias.com\\\/noticias\\\/el-servicio-112-atendio-casi-200-incidencias-a-causa-del-temporal\\\/#breadcrumblist\",\"itemListElement\":[{\"@type\":\"ListItem\",\"@id\":\"https:\\\/\\\/www.eldigitaldeasturias.com\\\/noticias#listItem\",\"position\":1,\"name\":\"Home\",\"item\":\"https:\\\/\\\/www.eldigitaldeasturias.com\\\/noticias\",\"nextItem\":{\"@type\":\"ListItem\",\"@id\":\"https:\\\/\\\/www.eldigitaldeasturias.com\\\/noticias\\\/category\\\/actualidad\\\/#listItem\",\"name\":\"Actualidad\"}},{\"@type\":\"ListItem\",\"@id\":\"https:\\\/\\\/www.eldigitaldeasturias.com\\\/noticias\\\/category\\\/actualidad\\\/#listItem\",\"position\":2,\"name\":\"Actualidad\",\"item\":\"https:\\\/\\\/www.eldigitaldeasturias.com\\\/noticias\\\/category\\\/actualidad\\\/\",\"nextItem\":{\"@type\":\"ListItem\",\"@id\":\"https:\\\/\\\/www.eldigitaldeasturias.com\\\/noticias\\\/el-servicio-112-atendio-casi-200-incidencias-a-causa-del-temporal\\\/#listItem\",\"name\":\"El servicio 112 atendi\\u00f3 casi 200 incidencias a causa del temporal\"},\"previousItem\":{\"@type\":\"ListItem\",\"@id\":\"https:\\\/\\\/www.eldigitaldeasturias.com\\\/noticias#listItem\",\"name\":\"Home\"}},{\"@type\":\"ListItem\",\"@id\":\"https:\\\/\\\/www.eldigitaldeasturias.com\\\/noticias\\\/el-servicio-112-atendio-casi-200-incidencias-a-causa-del-temporal\\\/#listItem\",\"position\":3,\"name\":\"El servicio 112 atendi\\u00f3 casi 200 incidencias a causa del temporal\",\"previousItem\":{\"@type\":\"ListItem\",\"@id\":\"https:\\\/\\\/www.eldigitaldeasturias.com\\\/noticias\\\/category\\\/actualidad\\\/#listItem\",\"name\":\"Actualidad\"}}]},{\"@type\":\"Organization\",\"@id\":\"https:\\\/\\\/www.eldigitaldeasturias.com\\\/noticias\\\/#organization\",\"name\":\"El Digital de Asturias\",\"description\":\"Hemeroteca\",\"url\":\"https:\\\/\\\/www.eldigitaldeasturias.com\\\/noticias\\\/\",\"email\":\"info@eldigitaldeasturias.com\",\"telephone\":\"+34652131393\",\"logo\":{\"@type\":\"ImageObject\",\"url\":\"https:\\\/\\\/www.eldigitaldeasturias.com\\\/noticias\\\/wp-content\\\/uploads\\\/2020\\\/12\\\/EDA.jpg\",\"@id\":\"https:\\\/\\\/www.eldigitaldeasturias.com\\\/noticias\\\/el-servicio-112-atendio-casi-200-incidencias-a-causa-del-temporal\\\/#organizationLogo\"},\"image\":{\"@id\":\"https:\\\/\\\/www.eldigitaldeasturias.com\\\/noticias\\\/el-servicio-112-atendio-casi-200-incidencias-a-causa-del-temporal\\\/#organizationLogo\"},\"sameAs\":[\"https:\\\/\\\/facebook.com\\\/eldigitaldeasturias\",\"https:\\\/\\\/www.youtube.com\\\/channel\\\/UCZP-2wLEB9Rv6erhFmqVnvg\"],\"address\":{\"@id\":\"https:\\\/\\\/www.eldigitaldeasturias.com\\\/noticias\\\/#postaladdress\",\"@type\":\"PostalAddress\",\"streetAddress\":\"san antonio 4\",\"postalCode\":\"33430\",\"addressLocality\":\"Cand\\u00e1s\",\"addressRegion\":\"Asturias\",\"addressCountry\":\"ES\"}},{\"@type\":\"Person\",\"@id\":\"https:\\\/\\\/www.eldigitaldeasturias.com\\\/noticias\\\/author\\\/admin\\\/#author\",\"url\":\"https:\\\/\\\/www.eldigitaldeasturias.com\\\/noticias\\\/author\\\/admin\\\/\",\"name\":\"El Digital de Asturias\",\"image\":{\"@type\":\"ImageObject\",\"@id\":\"https:\\\/\\\/www.eldigitaldeasturias.com\\\/noticias\\\/el-servicio-112-atendio-casi-200-incidencias-a-causa-del-temporal\\\/#authorImage\",\"url\":\"https:\\\/\\\/secure.gravatar.com\\\/avatar\\\/df2aeffc32bcd13f8d26072ef8a91b623d677766deac7f97ca815868cd41bf5e?s=96&d=mm&r=g\",\"width\":96,\"height\":96,\"caption\":\"El Digital de Asturias\"}},{\"@type\":\"WebPage\",\"@id\":\"https:\\\/\\\/www.eldigitaldeasturias.com\\\/noticias\\\/el-servicio-112-atendio-casi-200-incidencias-a-causa-del-temporal\\\/#webpage\",\"url\":\"https:\\\/\\\/www.eldigitaldeasturias.com\\\/noticias\\\/el-servicio-112-atendio-casi-200-incidencias-a-causa-del-temporal\\\/\",\"name\":\"El servicio 112 atendi\\u00f3 casi 200 incidencias a causa del temporal - El Digital de Asturias\",\"description\":\"Santiago de Compostela, 5 feb (EFE).- El servicio de emergencias 112 atendi\\u00f3 entre las 18 horas de ayer y las 8 horas de esta ma\\u00f1ana 188 incidencias relacionadas con el temporal de lluvia y viento que afecta a Galicia. Las provincias m\\u00e1s afectadas fueron A Coru\\u00f1a y Pontevedra y la mayor\\u00eda de las incidencias atendidas\",\"inLanguage\":\"es-ES\",\"isPartOf\":{\"@id\":\"https:\\\/\\\/www.eldigitaldeasturias.com\\\/noticias\\\/#website\"},\"breadcrumb\":{\"@id\":\"https:\\\/\\\/www.eldigitaldeasturias.com\\\/noticias\\\/el-servicio-112-atendio-casi-200-incidencias-a-causa-del-temporal\\\/#breadcrumblist\"},\"author\":{\"@id\":\"https:\\\/\\\/www.eldigitaldeasturias.com\\\/noticias\\\/author\\\/admin\\\/#author\"},\"creator\":{\"@id\":\"https:\\\/\\\/www.eldigitaldeasturias.com\\\/noticias\\\/author\\\/admin\\\/#author\"},\"image\":{\"@type\":\"ImageObject\",\"url\":484134,\"@id\":\"https:\\\/\\\/www.eldigitaldeasturias.com\\\/noticias\\\/el-servicio-112-atendio-casi-200-incidencias-a-causa-del-temporal\\\/#mainImage\"},\"primaryImageOfPage\":{\"@id\":\"https:\\\/\\\/www.eldigitaldeasturias.com\\\/noticias\\\/el-servicio-112-atendio-casi-200-incidencias-a-causa-del-temporal\\\/#mainImage\"},\"datePublished\":\"2014-02-05T20:39:10+01:00\",\"dateModified\":\"2014-02-05T20:39:10+01:00\"},{\"@type\":\"WebSite\",\"@id\":\"https:\\\/\\\/www.eldigitaldeasturias.com\\\/noticias\\\/#website\",\"url\":\"https:\\\/\\\/www.eldigitaldeasturias.com\\\/noticias\\\/\",\"name\":\"El Digital de Asturias - Diario de actualidad y noticias\",\"alternateName\":\"El Digital de Asturias - Diario de actualidad y noticias\",\"description\":\"Hemeroteca\",\"inLanguage\":\"es-ES\",\"publisher\":{\"@id\":\"https:\\\/\\\/www.eldigitaldeasturias.com\\\/noticias\\\/#organization\"}}]}\n\t\t<\/script>\n\t\t<!-- All in One SEO Pro -->\r\n\t\t<title>El servicio 112 atendi\u00f3 casi 200 incidencias a causa del temporal - El Digital de Asturias<\/title>\n\n","aioseo_head_json":{"title":"El servicio 112 atendi\u00f3 casi 200 incidencias a causa del temporal - El Digital de Asturias","description":"Santiago de Compostela, 5 feb (EFE).- El servicio de emergencias 112 atendi\u00f3 entre las 18 horas de ayer y las 8 horas de esta ma\u00f1ana 188 incidencias relacionadas con el temporal de lluvia y viento que afecta a Galicia. Las provincias m\u00e1s afectadas fueron A Coru\u00f1a y Pontevedra y la mayor\u00eda de las incidencias atendidas","canonical_url":"https:\/\/www.eldigitaldeasturias.com\/noticias\/el-servicio-112-atendio-casi-200-incidencias-a-causa-del-temporal\/","robots":"max-image-preview:large","keywords":"actualidad","webmasterTools":{"google-site-verification":"UA-38556648-1","msvalidate.01":"7dfe9f3f1b24437ab69f4f2559babe99","miscellaneous":""},"schema":{"@context":"https:\/\/schema.org","@graph":[{"@type":"BlogPosting","@id":"https:\/\/www.eldigitaldeasturias.com\/noticias\/el-servicio-112-atendio-casi-200-incidencias-a-causa-del-temporal\/#blogposting","name":"El servicio 112 atendi\u00f3 casi 200 incidencias a causa del temporal - El Digital de Asturias","headline":"El servicio 112 atendi\u00f3 casi 200 incidencias a causa del temporal","author":{"@id":"https:\/\/www.eldigitaldeasturias.com\/noticias\/author\/admin\/#author"},"publisher":{"@id":"https:\/\/www.eldigitaldeasturias.com\/noticias\/#organization"},"image":{"@type":"ImageObject","url":484134},"datePublished":"2014-02-05T20:39:10+01:00","dateModified":"2014-02-05T20:39:10+01:00","inLanguage":"es-ES","mainEntityOfPage":{"@id":"https:\/\/www.eldigitaldeasturias.com\/noticias\/el-servicio-112-atendio-casi-200-incidencias-a-causa-del-temporal\/#webpage"},"isPartOf":{"@id":"https:\/\/www.eldigitaldeasturias.com\/noticias\/el-servicio-112-atendio-casi-200-incidencias-a-causa-del-temporal\/#webpage"},"articleSection":"Actualidad"},{"@type":"BreadcrumbList","@id":"https:\/\/www.eldigitaldeasturias.com\/noticias\/el-servicio-112-atendio-casi-200-incidencias-a-causa-del-temporal\/#breadcrumblist","itemListElement":[{"@type":"ListItem","@id":"https:\/\/www.eldigitaldeasturias.com\/noticias#listItem","position":1,"name":"Home","item":"https:\/\/www.eldigitaldeasturias.com\/noticias","nextItem":{"@type":"ListItem","@id":"https:\/\/www.eldigitaldeasturias.com\/noticias\/category\/actualidad\/#listItem","name":"Actualidad"}},{"@type":"ListItem","@id":"https:\/\/www.eldigitaldeasturias.com\/noticias\/category\/actualidad\/#listItem","position":2,"name":"Actualidad","item":"https:\/\/www.eldigitaldeasturias.com\/noticias\/category\/actualidad\/","nextItem":{"@type":"ListItem","@id":"https:\/\/www.eldigitaldeasturias.com\/noticias\/el-servicio-112-atendio-casi-200-incidencias-a-causa-del-temporal\/#listItem","name":"El servicio 112 atendi\u00f3 casi 200 incidencias a causa del temporal"},"previousItem":{"@type":"ListItem","@id":"https:\/\/www.eldigitaldeasturias.com\/noticias#listItem","name":"Home"}},{"@type":"ListItem","@id":"https:\/\/www.eldigitaldeasturias.com\/noticias\/el-servicio-112-atendio-casi-200-incidencias-a-causa-del-temporal\/#listItem","position":3,"name":"El servicio 112 atendi\u00f3 casi 200 incidencias a causa del temporal","previousItem":{"@type":"ListItem","@id":"https:\/\/www.eldigitaldeasturias.com\/noticias\/category\/actualidad\/#listItem","name":"Actualidad"}}]},{"@type":"Organization","@id":"https:\/\/www.eldigitaldeasturias.com\/noticias\/#organization","name":"El Digital de Asturias","description":"Hemeroteca","url":"https:\/\/www.eldigitaldeasturias.com\/noticias\/","email":"info@eldigitaldeasturias.com","telephone":"+34652131393","logo":{"@type":"ImageObject","url":"https:\/\/www.eldigitaldeasturias.com\/noticias\/wp-content\/uploads\/2020\/12\/EDA.jpg","@id":"https:\/\/www.eldigitaldeasturias.com\/noticias\/el-servicio-112-atendio-casi-200-incidencias-a-causa-del-temporal\/#organizationLogo"},"image":{"@id":"https:\/\/www.eldigitaldeasturias.com\/noticias\/el-servicio-112-atendio-casi-200-incidencias-a-causa-del-temporal\/#organizationLogo"},"sameAs":["https:\/\/facebook.com\/eldigitaldeasturias","https:\/\/www.youtube.com\/channel\/UCZP-2wLEB9Rv6erhFmqVnvg"],"address":{"@id":"https:\/\/www.eldigitaldeasturias.com\/noticias\/#postaladdress","@type":"PostalAddress","streetAddress":"san antonio 4","postalCode":"33430","addressLocality":"Cand\u00e1s","addressRegion":"Asturias","addressCountry":"ES"}},{"@type":"Person","@id":"https:\/\/www.eldigitaldeasturias.com\/noticias\/author\/admin\/#author","url":"https:\/\/www.eldigitaldeasturias.com\/noticias\/author\/admin\/","name":"El Digital de Asturias","image":{"@type":"ImageObject","@id":"https:\/\/www.eldigitaldeasturias.com\/noticias\/el-servicio-112-atendio-casi-200-incidencias-a-causa-del-temporal\/#authorImage","url":"https:\/\/secure.gravatar.com\/avatar\/df2aeffc32bcd13f8d26072ef8a91b623d677766deac7f97ca815868cd41bf5e?s=96&d=mm&r=g","width":96,"height":96,"caption":"El Digital de Asturias"}},{"@type":"WebPage","@id":"https:\/\/www.eldigitaldeasturias.com\/noticias\/el-servicio-112-atendio-casi-200-incidencias-a-causa-del-temporal\/#webpage","url":"https:\/\/www.eldigitaldeasturias.com\/noticias\/el-servicio-112-atendio-casi-200-incidencias-a-causa-del-temporal\/","name":"El servicio 112 atendi\u00f3 casi 200 incidencias a causa del temporal - El Digital de Asturias","description":"Santiago de Compostela, 5 feb (EFE).- El servicio de emergencias 112 atendi\u00f3 entre las 18 horas de ayer y las 8 horas de esta ma\u00f1ana 188 incidencias relacionadas con el temporal de lluvia y viento que afecta a Galicia. Las provincias m\u00e1s afectadas fueron A Coru\u00f1a y Pontevedra y la mayor\u00eda de las incidencias atendidas","inLanguage":"es-ES","isPartOf":{"@id":"https:\/\/www.eldigitaldeasturias.com\/noticias\/#website"},"breadcrumb":{"@id":"https:\/\/www.eldigitaldeasturias.com\/noticias\/el-servicio-112-atendio-casi-200-incidencias-a-causa-del-temporal\/#breadcrumblist"},"author":{"@id":"https:\/\/www.eldigitaldeasturias.com\/noticias\/author\/admin\/#author"},"creator":{"@id":"https:\/\/www.eldigitaldeasturias.com\/noticias\/author\/admin\/#author"},"image":{"@type":"ImageObject","url":484134,"@id":"https:\/\/www.eldigitaldeasturias.com\/noticias\/el-servicio-112-atendio-casi-200-incidencias-a-causa-del-temporal\/#mainImage"},"primaryImageOfPage":{"@id":"https:\/\/www.eldigitaldeasturias.com\/noticias\/el-servicio-112-atendio-casi-200-incidencias-a-causa-del-temporal\/#mainImage"},"datePublished":"2014-02-05T20:39:10+01:00","dateModified":"2014-02-05T20:39:10+01:00"},{"@type":"WebSite","@id":"https:\/\/www.eldigitaldeasturias.com\/noticias\/#website","url":"https:\/\/www.eldigitaldeasturias.com\/noticias\/","name":"El Digital de Asturias - Diario de actualidad y noticias","alternateName":"El Digital de Asturias - Diario de actualidad y noticias","description":"Hemeroteca","inLanguage":"es-ES","publisher":{"@id":"https:\/\/www.eldigitaldeasturias.com\/noticias\/#organization"}}]},"og:locale":"es_ES","og:site_name":"El Digital de Asturias","og:type":"article","og:title":"El servicio 112 atendi\u00f3 casi 200 incidencias a causa del temporal - El Digital de Asturias","og:description":"Santiago de Compostela, 5 feb (EFE).- El servicio de emergencias 112 atendi\u00f3 entre las 18 horas de ayer y las 8 horas de esta ma\u00f1ana 188 incidencias relacionadas con el temporal de lluvia y viento que afecta a Galicia. Las provincias m\u00e1s afectadas fueron A Coru\u00f1a y Pontevedra y la mayor\u00eda de las incidencias atendidas","og:url":"https:\/\/www.eldigitaldeasturias.com\/noticias\/el-servicio-112-atendio-casi-200-incidencias-a-causa-del-temporal\/","article:tag":["actualidad"],"article:published_time":"2014-02-05T21:39:10+00:00","article:modified_time":"2014-02-05T21:39:10+00:00","article:publisher":"https:\/\/facebook.com\/eldigitaldeasturias","twitter:card":"summary_large_image","twitter:title":"El servicio 112 atendi\u00f3 casi 200 incidencias a causa del temporal - El Digital de Asturias","twitter:description":"Santiago de Compostela, 5 feb (EFE).- El servicio de emergencias 112 atendi\u00f3 entre las 18 horas de ayer y las 8 horas de esta ma\u00f1ana 188 incidencias relacionadas con el temporal de lluvia y viento que afecta a Galicia. Las provincias m\u00e1s afectadas fueron A Coru\u00f1a y Pontevedra y la mayor\u00eda de las incidencias atendidas","twitter:label1":"Escrito por","twitter:data1":"El Digital de Asturias","twitter:label2":"Tiempo de lectura estimado","twitter:data2":"2 minutos"},"aioseo_meta_data":{"post_id":"484133","title":null,"description":null,"keywords":null,"keyphrases":null,"primary_term":null,"canonical_url":null,"og_title":null,"og_description":null,"og_object_type":"default","og_image_type":"default","og_image_url":null,"og_image_width":null,"og_image_height":null,"og_image_custom_url":null,"og_image_custom_fields":null,"og_video":null,"og_custom_url":null,"og_article_section":null,"og_article_tags":null,"twitter_use_og":true,"twitter_card":"default","twitter_image_type":"default","twitter_image_url":null,"twitter_image_custom_url":null,"twitter_image_custom_fields":null,"twitter_title":null,"twitter_description":null,"schema":{"blockGraphs":[],"customGraphs":[],"default":{"data":{"Article":[],"Course":[],"Dataset":[],"FAQPage":[],"Movie":[],"Person":[],"Product":[],"ProductReview":[],"Car":[],"Recipe":[],"Service":[],"SoftwareApplication":[],"WebPage":[]},"graphName":"","isEnabled":true},"graphs":[],"defaultGraph":"","defaultPostTypeGraph":""},"schema_type":null,"schema_type_options":null,"pillar_content":false,"robots_default":true,"robots_noindex":false,"robots_noarchive":false,"robots_nosnippet":false,"robots_nofollow":false,"robots_noimageindex":false,"robots_noodp":false,"robots_notranslate":false,"robots_max_snippet":null,"robots_max_videopreview":null,"robots_max_imagepreview":"none","priority":null,"frequency":null,"local_seo":null,"seo_analyzer_scan_date":"2026-06-02 14:56:46","breadcrumb_settings":null,"limit_modified_date":false,"open_ai":null,"ai":null,"created":"2020-11-14 22:55:00","updated":"2026-06-02 14:56:46","focus_keyword":null,"additional_keywords":null,"truseo_locale":null},"aioseo_breadcrumb":"<div class=\"aioseo-breadcrumbs\"><span class=\"aioseo-breadcrumb\">\n\t<a href=\"https:\/\/www.eldigitaldeasturias.com\/noticias\" title=\"Home\">Home<\/a>\n<\/span><span class=\"aioseo-breadcrumb-separator\">\u2013<\/span><span class=\"aioseo-breadcrumb\">\n\t<a href=\"https:\/\/www.eldigitaldeasturias.com\/noticias\/category\/actualidad\/\" title=\"Actualidad\">Actualidad<\/a>\n<\/span><span class=\"aioseo-breadcrumb-separator\">\u2013<\/span><span class=\"aioseo-breadcrumb\">\n\t<a href=\"https:\/\/www.eldigitaldeasturias.com\/noticias\/el-servicio-112-atendio-casi-200-incidencias-a-causa-del-temporal\/\" title=\"El servicio 112 atendi\u00f3 casi 200 incidencias a causa del temporal\">El servicio 112 atendi\u00f3 casi 200 incidencias a causa del temporal<\/a>\n<\/span><\/div>","aioseo_breadcrumb_json":[{"label":"Home","link":"https:\/\/www.eldigitaldeasturias.com\/noticias"},{"label":"Actualidad","link":"https:\/\/www.eldigitaldeasturias.com\/noticias\/category\/actualidad\/"},{"label":"El servicio 112 atendi\u00f3 casi 200 incidencias a causa del temporal","link":"https:\/\/www.eldigitaldeasturias.com\/noticias\/el-servicio-112-atendio-casi-200-incidencias-a-causa-del-temporal\/"}],"_links":{"self":[{"href":"https:\/\/www.eldigitaldeasturias.com\/noticias\/wp-json\/wp\/v2\/posts\/484133","targetHints":{"allow":["GET"]}}],"collection":[{"href":"https:\/\/www.eldigitaldeasturias.com\/noticias\/wp-json\/wp\/v2\/posts"}],"about":[{"href":"https:\/\/www.eldigitaldeasturias.com\/noticias\/wp-json\/wp\/v2\/types\/post"}],"author":[{"embeddable":true,"href":"https:\/\/www.eldigitaldeasturias.com\/noticias\/wp-json\/wp\/v2\/users\/1"}],"replies":[{"embeddable":true,"href":"https:\/\/www.eldigitaldeasturias.com\/noticias\/wp-json\/wp\/v2\/comments?post=484133"}],"version-history":[{"count":0,"href":"https:\/\/www.eldigitaldeasturias.com\/noticias\/wp-json\/wp\/v2\/posts\/484133\/revisions"}],"wp:attachment":[{"href":"https:\/\/www.eldigitaldeasturias.com\/noticias\/wp-json\/wp\/v2\/media?parent=484133"}],"wp:term":[{"taxonomy":"category","embeddable":true,"href":"https:\/\/www.eldigitaldeasturias.com\/noticias\/wp-json\/wp\/v2\/categories?post=484133"},{"taxonomy":"post_tag","embeddable":true,"href":"https:\/\/www.eldigitaldeasturias.com\/noticias\/wp-json\/wp\/v2\/tags?post=484133"}],"curies":[{"name":"wp","href":"https:\/\/api.w.org\/{rel}","templated":true}]}}