{"id":484127,"date":"2014-02-05T20:36:35","date_gmt":"2014-02-05T21:36:35","guid":{"rendered":"http:\/\/www.eldigitaldeasturias.com\/noticias\/?p=484127"},"modified":"2014-02-05T20:36:35","modified_gmt":"2014-02-05T21:36:35","slug":"mato-condena-el-ultimo-crimen-machista-ocurrido-en-calella","status":"publish","type":"post","link":"https:\/\/www.eldigitaldeasturias.com\/noticias\/mato-condena-el-ultimo-crimen-machista-ocurrido-en-calella\/","title":{"rendered":"Mato condena el \u00faltimo crimen machista, ocurrido en Calella"},"content":{"rendered":"<p><img loading=\"lazy\" decoding=\"async\" class=\"alignleft size-medium wp-image-484128\" alt=\"5911782w\" src=\"https:\/\/www.eldigitaldeasturias.com\/noticias\/wp-content\/uploads\/2014\/02\/5911782w-228x320.jpg\" width=\"228\" height=\"320\" \/>Madrid, 5 feb (EFE).- La ministra de Sanidad, Servicios Sociales e Igualdad, Ana Mato, ha condenado hoy el \u00faltimo crimen machista, ocurrido el pasado 1 de febrero en Calella (Barcelona) y que cost\u00f3 la vida a una mujer espa\u00f1ola de 50 a\u00f1os.<\/p>\n<p>En un comunicado, el Ministerio ha se\u00f1alado que la mujer falleci\u00f3 a manos de su marido, de 46 a\u00f1os y tambi\u00e9n espa\u00f1ol, y es la s\u00e9ptima v\u00edctima de violencia machista en lo que va de a\u00f1o.<\/p>\n<p>La alcaldesa de la poblaci\u00f3n, Montserrat Candini, confirm\u00f3 ayer que la mujer asesinada hab\u00eda denunciado con anterioridad haber sufrido malos tratos, aunque el juez consider\u00f3 que no hab\u00eda elementos que sustentaran tal denuncia.<\/p>\n<p>Mato ha hecho un llamamiento a combatir la \u00ablacra\u00bb de la violencia de g\u00e9nero \u00abdesde la unidad y la m\u00e1xima sensibilidad\u00bb, de modo que \u00abninguna manifestaci\u00f3n de malos tratos o intimidaci\u00f3n a una mujer quede impune\u00bb.<\/p>\n<p>La ministra ha recordado que la mujer y su entorno tienen a su disposici\u00f3n el tel\u00e9fono 016, que es gratuito y garantiza la confidencialidad de la llamada, si conocen que existe violencia machista.<\/p>\n<p>Adem\u00e1s, existe tambi\u00e9n una asesor\u00eda especializada gratuita para interponer una denuncia, ha se\u00f1alado Mato, quien ha recordado que el personal sanitario \u00abpuede ayudar a salir de la lacerante lacra de la violencia contra la mujer\u00bb.<\/p>\n","protected":false},"excerpt":{"rendered":"<p>Madrid, 5 feb (EFE).- La ministra de Sanidad, Servicios Sociales e Igualdad, Ana Mato, ha condenado hoy el \u00faltimo crimen machista, ocurrido el pasado 1 de febrero en Calella (Barcelona) y que cost\u00f3 la vida a una mujer espa\u00f1ola de 50 a\u00f1os. En un comunicado, el Ministerio ha se\u00f1alado que la mujer falleci\u00f3 a manos [&hellip;]<\/p>\n","protected":false},"author":1,"featured_media":484128,"comment_status":"closed","ping_status":"open","sticky":false,"template":"","format":"standard","meta":{"footnotes":""},"categories":[1],"tags":[],"class_list":["post-484127","post","type-post","status-publish","format-standard","has-post-thumbnail","hentry","category-actualidad"],"aioseo_notices":[],"aioseo_head":"\n\t\t<!-- All in One SEO Pro 5.0.1 - aioseo.com -->\n\t<meta name=\"description\" content=\"Madrid, 5 feb (EFE).- La ministra de Sanidad, Servicios Sociales e Igualdad, Ana Mato, ha condenado hoy el \u00faltimo crimen machista, ocurrido el pasado 1 de febrero en Calella (Barcelona) y que cost\u00f3 la vida a una mujer espa\u00f1ola de 50 a\u00f1os. En un comunicado, el Ministerio ha se\u00f1alado que la mujer falleci\u00f3 a manos\" \/>\n\t<meta name=\"robots\" content=\"max-image-preview:large\" \/>\n\t<meta name=\"author\" content=\"El Digital de Asturias\"\/>\n\t<meta name=\"google-site-verification\" content=\"UA-38556648-1\" \/>\n\t<meta name=\"msvalidate.01\" content=\"7dfe9f3f1b24437ab69f4f2559babe99\" \/>\n\t<meta name=\"keywords\" content=\"actualidad\" \/>\n\t<link rel=\"canonical\" href=\"https:\/\/www.eldigitaldeasturias.com\/noticias\/mato-condena-el-ultimo-crimen-machista-ocurrido-en-calella\/\" \/>\n\t<meta name=\"generator\" content=\"All in One SEO Pro (AIOSEO) 5.0.1\" \/>\n\t\t<meta property=\"og:locale\" content=\"es_ES\" \/>\n\t\t<meta property=\"og:site_name\" content=\"El Digital de Asturias\" \/>\n\t\t<meta property=\"og:type\" content=\"article\" \/>\n\t\t<meta property=\"og:title\" content=\"Mato condena el \u00faltimo crimen machista, ocurrido en Calella - El Digital de Asturias\" \/>\n\t\t<meta property=\"og:description\" content=\"Madrid, 5 feb (EFE).- La ministra de Sanidad, Servicios Sociales e Igualdad, Ana Mato, ha condenado hoy el \u00faltimo crimen machista, ocurrido el pasado 1 de febrero en Calella (Barcelona) y que cost\u00f3 la vida a una mujer espa\u00f1ola de 50 a\u00f1os. En un comunicado, el Ministerio ha se\u00f1alado que la mujer falleci\u00f3 a manos\" \/>\n\t\t<meta property=\"og:url\" content=\"https:\/\/www.eldigitaldeasturias.com\/noticias\/mato-condena-el-ultimo-crimen-machista-ocurrido-en-calella\/\" \/>\n\t\t<meta property=\"article:tag\" content=\"actualidad\" \/>\n\t\t<meta property=\"article:published_time\" content=\"2014-02-05T21:36:35+00:00\" \/>\n\t\t<meta property=\"article:modified_time\" content=\"2014-02-05T21:36:35+00:00\" \/>\n\t\t<meta property=\"article:publisher\" content=\"https:\/\/facebook.com\/eldigitaldeasturias\" \/>\n\t\t<meta name=\"twitter:card\" content=\"summary_large_image\" \/>\n\t\t<meta name=\"twitter:title\" content=\"Mato condena el \u00faltimo crimen machista, ocurrido en Calella - El Digital de Asturias\" \/>\n\t\t<meta name=\"twitter:description\" content=\"Madrid, 5 feb (EFE).- La ministra de Sanidad, Servicios Sociales e Igualdad, Ana Mato, ha condenado hoy el \u00faltimo crimen machista, ocurrido el pasado 1 de febrero en Calella (Barcelona) y que cost\u00f3 la vida a una mujer espa\u00f1ola de 50 a\u00f1os. En un comunicado, el Ministerio ha se\u00f1alado que la mujer falleci\u00f3 a manos\" \/>\n\t\t<meta name=\"twitter:label1\" content=\"Escrito por\" \/>\n\t\t<meta name=\"twitter:data1\" content=\"El Digital de Asturias\" \/>\n\t\t<meta name=\"twitter:label2\" content=\"Tiempo de lectura estimado\" \/>\n\t\t<meta name=\"twitter:data2\" content=\"1 minuto\" \/>\n\t\t<script type=\"application\/ld+json\" class=\"aioseo-schema\">\n\t\t\t{\"@context\":\"https:\\\/\\\/schema.org\",\"@graph\":[{\"@type\":\"BlogPosting\",\"@id\":\"https:\\\/\\\/www.eldigitaldeasturias.com\\\/noticias\\\/mato-condena-el-ultimo-crimen-machista-ocurrido-en-calella\\\/#blogposting\",\"name\":\"Mato condena el \\u00faltimo crimen machista, ocurrido en Calella - El Digital de Asturias\",\"headline\":\"Mato condena el \\u00faltimo crimen machista, ocurrido en Calella\",\"author\":{\"@id\":\"https:\\\/\\\/www.eldigitaldeasturias.com\\\/noticias\\\/author\\\/admin\\\/#author\"},\"publisher\":{\"@id\":\"https:\\\/\\\/www.eldigitaldeasturias.com\\\/noticias\\\/#organization\"},\"image\":{\"@type\":\"ImageObject\",\"url\":484128},\"datePublished\":\"2014-02-05T20:36:35+01:00\",\"dateModified\":\"2014-02-05T20:36:35+01:00\",\"inLanguage\":\"es-ES\",\"mainEntityOfPage\":{\"@id\":\"https:\\\/\\\/www.eldigitaldeasturias.com\\\/noticias\\\/mato-condena-el-ultimo-crimen-machista-ocurrido-en-calella\\\/#webpage\"},\"isPartOf\":{\"@id\":\"https:\\\/\\\/www.eldigitaldeasturias.com\\\/noticias\\\/mato-condena-el-ultimo-crimen-machista-ocurrido-en-calella\\\/#webpage\"},\"articleSection\":\"Actualidad\"},{\"@type\":\"BreadcrumbList\",\"@id\":\"https:\\\/\\\/www.eldigitaldeasturias.com\\\/noticias\\\/mato-condena-el-ultimo-crimen-machista-ocurrido-en-calella\\\/#breadcrumblist\",\"itemListElement\":[{\"@type\":\"ListItem\",\"@id\":\"https:\\\/\\\/www.eldigitaldeasturias.com\\\/noticias#listItem\",\"position\":1,\"name\":\"Home\",\"item\":\"https:\\\/\\\/www.eldigitaldeasturias.com\\\/noticias\",\"nextItem\":{\"@type\":\"ListItem\",\"@id\":\"https:\\\/\\\/www.eldigitaldeasturias.com\\\/noticias\\\/category\\\/actualidad\\\/#listItem\",\"name\":\"Actualidad\"}},{\"@type\":\"ListItem\",\"@id\":\"https:\\\/\\\/www.eldigitaldeasturias.com\\\/noticias\\\/category\\\/actualidad\\\/#listItem\",\"position\":2,\"name\":\"Actualidad\",\"item\":\"https:\\\/\\\/www.eldigitaldeasturias.com\\\/noticias\\\/category\\\/actualidad\\\/\",\"nextItem\":{\"@type\":\"ListItem\",\"@id\":\"https:\\\/\\\/www.eldigitaldeasturias.com\\\/noticias\\\/mato-condena-el-ultimo-crimen-machista-ocurrido-en-calella\\\/#listItem\",\"name\":\"Mato condena el \\u00faltimo crimen machista, ocurrido en Calella\"},\"previousItem\":{\"@type\":\"ListItem\",\"@id\":\"https:\\\/\\\/www.eldigitaldeasturias.com\\\/noticias#listItem\",\"name\":\"Home\"}},{\"@type\":\"ListItem\",\"@id\":\"https:\\\/\\\/www.eldigitaldeasturias.com\\\/noticias\\\/mato-condena-el-ultimo-crimen-machista-ocurrido-en-calella\\\/#listItem\",\"position\":3,\"name\":\"Mato condena el \\u00faltimo crimen machista, ocurrido en Calella\",\"previousItem\":{\"@type\":\"ListItem\",\"@id\":\"https:\\\/\\\/www.eldigitaldeasturias.com\\\/noticias\\\/category\\\/actualidad\\\/#listItem\",\"name\":\"Actualidad\"}}]},{\"@type\":\"Organization\",\"@id\":\"https:\\\/\\\/www.eldigitaldeasturias.com\\\/noticias\\\/#organization\",\"name\":\"El Digital de Asturias\",\"description\":\"Hemeroteca\",\"url\":\"https:\\\/\\\/www.eldigitaldeasturias.com\\\/noticias\\\/\",\"email\":\"info@eldigitaldeasturias.com\",\"telephone\":\"+34652131393\",\"logo\":{\"@type\":\"ImageObject\",\"url\":\"https:\\\/\\\/www.eldigitaldeasturias.com\\\/noticias\\\/wp-content\\\/uploads\\\/2020\\\/12\\\/EDA.jpg\",\"@id\":\"https:\\\/\\\/www.eldigitaldeasturias.com\\\/noticias\\\/mato-condena-el-ultimo-crimen-machista-ocurrido-en-calella\\\/#organizationLogo\"},\"image\":{\"@id\":\"https:\\\/\\\/www.eldigitaldeasturias.com\\\/noticias\\\/mato-condena-el-ultimo-crimen-machista-ocurrido-en-calella\\\/#organizationLogo\"},\"sameAs\":[\"https:\\\/\\\/facebook.com\\\/eldigitaldeasturias\",\"https:\\\/\\\/www.youtube.com\\\/channel\\\/UCZP-2wLEB9Rv6erhFmqVnvg\"],\"address\":{\"@id\":\"https:\\\/\\\/www.eldigitaldeasturias.com\\\/noticias\\\/#postaladdress\",\"@type\":\"PostalAddress\",\"streetAddress\":\"san antonio 4\",\"postalCode\":\"33430\",\"addressLocality\":\"Cand\\u00e1s\",\"addressRegion\":\"Asturias\",\"addressCountry\":\"ES\"}},{\"@type\":\"Person\",\"@id\":\"https:\\\/\\\/www.eldigitaldeasturias.com\\\/noticias\\\/author\\\/admin\\\/#author\",\"url\":\"https:\\\/\\\/www.eldigitaldeasturias.com\\\/noticias\\\/author\\\/admin\\\/\",\"name\":\"El Digital de Asturias\",\"image\":{\"@type\":\"ImageObject\",\"@id\":\"https:\\\/\\\/www.eldigitaldeasturias.com\\\/noticias\\\/mato-condena-el-ultimo-crimen-machista-ocurrido-en-calella\\\/#authorImage\",\"url\":\"https:\\\/\\\/secure.gravatar.com\\\/avatar\\\/df2aeffc32bcd13f8d26072ef8a91b623d677766deac7f97ca815868cd41bf5e?s=96&d=mm&r=g\",\"width\":96,\"height\":96,\"caption\":\"El Digital de Asturias\"}},{\"@type\":\"WebPage\",\"@id\":\"https:\\\/\\\/www.eldigitaldeasturias.com\\\/noticias\\\/mato-condena-el-ultimo-crimen-machista-ocurrido-en-calella\\\/#webpage\",\"url\":\"https:\\\/\\\/www.eldigitaldeasturias.com\\\/noticias\\\/mato-condena-el-ultimo-crimen-machista-ocurrido-en-calella\\\/\",\"name\":\"Mato condena el \\u00faltimo crimen machista, ocurrido en Calella - El Digital de Asturias\",\"description\":\"Madrid, 5 feb (EFE).- La ministra de Sanidad, Servicios Sociales e Igualdad, Ana Mato, ha condenado hoy el \\u00faltimo crimen machista, ocurrido el pasado 1 de febrero en Calella (Barcelona) y que cost\\u00f3 la vida a una mujer espa\\u00f1ola de 50 a\\u00f1os. En un comunicado, el Ministerio ha se\\u00f1alado que la mujer falleci\\u00f3 a manos\",\"inLanguage\":\"es-ES\",\"isPartOf\":{\"@id\":\"https:\\\/\\\/www.eldigitaldeasturias.com\\\/noticias\\\/#website\"},\"breadcrumb\":{\"@id\":\"https:\\\/\\\/www.eldigitaldeasturias.com\\\/noticias\\\/mato-condena-el-ultimo-crimen-machista-ocurrido-en-calella\\\/#breadcrumblist\"},\"author\":{\"@id\":\"https:\\\/\\\/www.eldigitaldeasturias.com\\\/noticias\\\/author\\\/admin\\\/#author\"},\"creator\":{\"@id\":\"https:\\\/\\\/www.eldigitaldeasturias.com\\\/noticias\\\/author\\\/admin\\\/#author\"},\"image\":{\"@type\":\"ImageObject\",\"url\":484128,\"@id\":\"https:\\\/\\\/www.eldigitaldeasturias.com\\\/noticias\\\/mato-condena-el-ultimo-crimen-machista-ocurrido-en-calella\\\/#mainImage\"},\"primaryImageOfPage\":{\"@id\":\"https:\\\/\\\/www.eldigitaldeasturias.com\\\/noticias\\\/mato-condena-el-ultimo-crimen-machista-ocurrido-en-calella\\\/#mainImage\"},\"datePublished\":\"2014-02-05T20:36:35+01:00\",\"dateModified\":\"2014-02-05T20:36:35+01:00\"},{\"@type\":\"WebSite\",\"@id\":\"https:\\\/\\\/www.eldigitaldeasturias.com\\\/noticias\\\/#website\",\"url\":\"https:\\\/\\\/www.eldigitaldeasturias.com\\\/noticias\\\/\",\"name\":\"El Digital de Asturias - Diario de actualidad y noticias\",\"alternateName\":\"El Digital de Asturias - Diario de actualidad y noticias\",\"description\":\"Hemeroteca\",\"inLanguage\":\"es-ES\",\"publisher\":{\"@id\":\"https:\\\/\\\/www.eldigitaldeasturias.com\\\/noticias\\\/#organization\"}}]}\n\t\t<\/script>\n\t\t<!-- All in One SEO Pro -->\r\n\t\t<title>Mato condena el \u00faltimo crimen machista, ocurrido en Calella - El Digital de Asturias<\/title>\n\n","aioseo_head_json":{"title":"Mato condena el \u00faltimo crimen machista, ocurrido en Calella - El Digital de Asturias","description":"Madrid, 5 feb (EFE).- La ministra de Sanidad, Servicios Sociales e Igualdad, Ana Mato, ha condenado hoy el \u00faltimo crimen machista, ocurrido el pasado 1 de febrero en Calella (Barcelona) y que cost\u00f3 la vida a una mujer espa\u00f1ola de 50 a\u00f1os. En un comunicado, el Ministerio ha se\u00f1alado que la mujer falleci\u00f3 a manos","canonical_url":"https:\/\/www.eldigitaldeasturias.com\/noticias\/mato-condena-el-ultimo-crimen-machista-ocurrido-en-calella\/","robots":"max-image-preview:large","keywords":"actualidad","webmasterTools":{"google-site-verification":"UA-38556648-1","msvalidate.01":"7dfe9f3f1b24437ab69f4f2559babe99","miscellaneous":""},"schema":{"@context":"https:\/\/schema.org","@graph":[{"@type":"BlogPosting","@id":"https:\/\/www.eldigitaldeasturias.com\/noticias\/mato-condena-el-ultimo-crimen-machista-ocurrido-en-calella\/#blogposting","name":"Mato condena el \u00faltimo crimen machista, ocurrido en Calella - El Digital de Asturias","headline":"Mato condena el \u00faltimo crimen machista, ocurrido en Calella","author":{"@id":"https:\/\/www.eldigitaldeasturias.com\/noticias\/author\/admin\/#author"},"publisher":{"@id":"https:\/\/www.eldigitaldeasturias.com\/noticias\/#organization"},"image":{"@type":"ImageObject","url":484128},"datePublished":"2014-02-05T20:36:35+01:00","dateModified":"2014-02-05T20:36:35+01:00","inLanguage":"es-ES","mainEntityOfPage":{"@id":"https:\/\/www.eldigitaldeasturias.com\/noticias\/mato-condena-el-ultimo-crimen-machista-ocurrido-en-calella\/#webpage"},"isPartOf":{"@id":"https:\/\/www.eldigitaldeasturias.com\/noticias\/mato-condena-el-ultimo-crimen-machista-ocurrido-en-calella\/#webpage"},"articleSection":"Actualidad"},{"@type":"BreadcrumbList","@id":"https:\/\/www.eldigitaldeasturias.com\/noticias\/mato-condena-el-ultimo-crimen-machista-ocurrido-en-calella\/#breadcrumblist","itemListElement":[{"@type":"ListItem","@id":"https:\/\/www.eldigitaldeasturias.com\/noticias#listItem","position":1,"name":"Home","item":"https:\/\/www.eldigitaldeasturias.com\/noticias","nextItem":{"@type":"ListItem","@id":"https:\/\/www.eldigitaldeasturias.com\/noticias\/category\/actualidad\/#listItem","name":"Actualidad"}},{"@type":"ListItem","@id":"https:\/\/www.eldigitaldeasturias.com\/noticias\/category\/actualidad\/#listItem","position":2,"name":"Actualidad","item":"https:\/\/www.eldigitaldeasturias.com\/noticias\/category\/actualidad\/","nextItem":{"@type":"ListItem","@id":"https:\/\/www.eldigitaldeasturias.com\/noticias\/mato-condena-el-ultimo-crimen-machista-ocurrido-en-calella\/#listItem","name":"Mato condena el \u00faltimo crimen machista, ocurrido en Calella"},"previousItem":{"@type":"ListItem","@id":"https:\/\/www.eldigitaldeasturias.com\/noticias#listItem","name":"Home"}},{"@type":"ListItem","@id":"https:\/\/www.eldigitaldeasturias.com\/noticias\/mato-condena-el-ultimo-crimen-machista-ocurrido-en-calella\/#listItem","position":3,"name":"Mato condena el \u00faltimo crimen machista, ocurrido en Calella","previousItem":{"@type":"ListItem","@id":"https:\/\/www.eldigitaldeasturias.com\/noticias\/category\/actualidad\/#listItem","name":"Actualidad"}}]},{"@type":"Organization","@id":"https:\/\/www.eldigitaldeasturias.com\/noticias\/#organization","name":"El Digital de Asturias","description":"Hemeroteca","url":"https:\/\/www.eldigitaldeasturias.com\/noticias\/","email":"info@eldigitaldeasturias.com","telephone":"+34652131393","logo":{"@type":"ImageObject","url":"https:\/\/www.eldigitaldeasturias.com\/noticias\/wp-content\/uploads\/2020\/12\/EDA.jpg","@id":"https:\/\/www.eldigitaldeasturias.com\/noticias\/mato-condena-el-ultimo-crimen-machista-ocurrido-en-calella\/#organizationLogo"},"image":{"@id":"https:\/\/www.eldigitaldeasturias.com\/noticias\/mato-condena-el-ultimo-crimen-machista-ocurrido-en-calella\/#organizationLogo"},"sameAs":["https:\/\/facebook.com\/eldigitaldeasturias","https:\/\/www.youtube.com\/channel\/UCZP-2wLEB9Rv6erhFmqVnvg"],"address":{"@id":"https:\/\/www.eldigitaldeasturias.com\/noticias\/#postaladdress","@type":"PostalAddress","streetAddress":"san antonio 4","postalCode":"33430","addressLocality":"Cand\u00e1s","addressRegion":"Asturias","addressCountry":"ES"}},{"@type":"Person","@id":"https:\/\/www.eldigitaldeasturias.com\/noticias\/author\/admin\/#author","url":"https:\/\/www.eldigitaldeasturias.com\/noticias\/author\/admin\/","name":"El Digital de Asturias","image":{"@type":"ImageObject","@id":"https:\/\/www.eldigitaldeasturias.com\/noticias\/mato-condena-el-ultimo-crimen-machista-ocurrido-en-calella\/#authorImage","url":"https:\/\/secure.gravatar.com\/avatar\/df2aeffc32bcd13f8d26072ef8a91b623d677766deac7f97ca815868cd41bf5e?s=96&d=mm&r=g","width":96,"height":96,"caption":"El Digital de Asturias"}},{"@type":"WebPage","@id":"https:\/\/www.eldigitaldeasturias.com\/noticias\/mato-condena-el-ultimo-crimen-machista-ocurrido-en-calella\/#webpage","url":"https:\/\/www.eldigitaldeasturias.com\/noticias\/mato-condena-el-ultimo-crimen-machista-ocurrido-en-calella\/","name":"Mato condena el \u00faltimo crimen machista, ocurrido en Calella - El Digital de Asturias","description":"Madrid, 5 feb (EFE).- La ministra de Sanidad, Servicios Sociales e Igualdad, Ana Mato, ha condenado hoy el \u00faltimo crimen machista, ocurrido el pasado 1 de febrero en Calella (Barcelona) y que cost\u00f3 la vida a una mujer espa\u00f1ola de 50 a\u00f1os. En un comunicado, el Ministerio ha se\u00f1alado que la mujer falleci\u00f3 a manos","inLanguage":"es-ES","isPartOf":{"@id":"https:\/\/www.eldigitaldeasturias.com\/noticias\/#website"},"breadcrumb":{"@id":"https:\/\/www.eldigitaldeasturias.com\/noticias\/mato-condena-el-ultimo-crimen-machista-ocurrido-en-calella\/#breadcrumblist"},"author":{"@id":"https:\/\/www.eldigitaldeasturias.com\/noticias\/author\/admin\/#author"},"creator":{"@id":"https:\/\/www.eldigitaldeasturias.com\/noticias\/author\/admin\/#author"},"image":{"@type":"ImageObject","url":484128,"@id":"https:\/\/www.eldigitaldeasturias.com\/noticias\/mato-condena-el-ultimo-crimen-machista-ocurrido-en-calella\/#mainImage"},"primaryImageOfPage":{"@id":"https:\/\/www.eldigitaldeasturias.com\/noticias\/mato-condena-el-ultimo-crimen-machista-ocurrido-en-calella\/#mainImage"},"datePublished":"2014-02-05T20:36:35+01:00","dateModified":"2014-02-05T20:36:35+01:00"},{"@type":"WebSite","@id":"https:\/\/www.eldigitaldeasturias.com\/noticias\/#website","url":"https:\/\/www.eldigitaldeasturias.com\/noticias\/","name":"El Digital de Asturias - Diario de actualidad y noticias","alternateName":"El Digital de Asturias - Diario de actualidad y noticias","description":"Hemeroteca","inLanguage":"es-ES","publisher":{"@id":"https:\/\/www.eldigitaldeasturias.com\/noticias\/#organization"}}]},"og:locale":"es_ES","og:site_name":"El Digital de Asturias","og:type":"article","og:title":"Mato condena el \u00faltimo crimen machista, ocurrido en Calella - El Digital de Asturias","og:description":"Madrid, 5 feb (EFE).- La ministra de Sanidad, Servicios Sociales e Igualdad, Ana Mato, ha condenado hoy el \u00faltimo crimen machista, ocurrido el pasado 1 de febrero en Calella (Barcelona) y que cost\u00f3 la vida a una mujer espa\u00f1ola de 50 a\u00f1os. En un comunicado, el Ministerio ha se\u00f1alado que la mujer falleci\u00f3 a manos","og:url":"https:\/\/www.eldigitaldeasturias.com\/noticias\/mato-condena-el-ultimo-crimen-machista-ocurrido-en-calella\/","article:tag":["actualidad"],"article:published_time":"2014-02-05T21:36:35+00:00","article:modified_time":"2014-02-05T21:36:35+00:00","article:publisher":"https:\/\/facebook.com\/eldigitaldeasturias","twitter:card":"summary_large_image","twitter:title":"Mato condena el \u00faltimo crimen machista, ocurrido en Calella - El Digital de Asturias","twitter:description":"Madrid, 5 feb (EFE).- La ministra de Sanidad, Servicios Sociales e Igualdad, Ana Mato, ha condenado hoy el \u00faltimo crimen machista, ocurrido el pasado 1 de febrero en Calella (Barcelona) y que cost\u00f3 la vida a una mujer espa\u00f1ola de 50 a\u00f1os. En un comunicado, el Ministerio ha se\u00f1alado que la mujer falleci\u00f3 a manos","twitter:label1":"Escrito por","twitter:data1":"El Digital de Asturias","twitter:label2":"Tiempo de lectura estimado","twitter:data2":"1 minuto"},"aioseo_meta_data":{"post_id":"484127","title":null,"description":null,"keywords":null,"keyphrases":null,"primary_term":null,"canonical_url":null,"og_title":null,"og_description":null,"og_object_type":"default","og_image_type":"default","og_image_url":null,"og_image_width":null,"og_image_height":null,"og_image_custom_url":null,"og_image_custom_fields":null,"og_video":null,"og_custom_url":null,"og_article_section":null,"og_article_tags":null,"twitter_use_og":true,"twitter_card":"default","twitter_image_type":"default","twitter_image_url":null,"twitter_image_custom_url":null,"twitter_image_custom_fields":null,"twitter_title":null,"twitter_description":null,"schema":{"blockGraphs":[],"customGraphs":[],"default":{"data":{"Article":[],"Course":[],"Dataset":[],"FAQPage":[],"Movie":[],"Person":[],"Product":[],"ProductReview":[],"Car":[],"Recipe":[],"Service":[],"SoftwareApplication":[],"WebPage":[]},"graphName":"","isEnabled":true},"graphs":[],"defaultGraph":"","defaultPostTypeGraph":""},"schema_type":null,"schema_type_options":null,"pillar_content":false,"robots_default":true,"robots_noindex":false,"robots_noarchive":false,"robots_nosnippet":false,"robots_nofollow":false,"robots_noimageindex":false,"robots_noodp":false,"robots_notranslate":false,"robots_max_snippet":null,"robots_max_videopreview":null,"robots_max_imagepreview":"none","priority":null,"frequency":null,"local_seo":null,"seo_analyzer_scan_date":"2026-06-02 14:54:52","breadcrumb_settings":null,"limit_modified_date":false,"open_ai":null,"ai":null,"created":"2020-11-14 22:55:00","updated":"2026-06-02 14:54:52","focus_keyword":null,"additional_keywords":null,"truseo_locale":null},"aioseo_breadcrumb":"<div class=\"aioseo-breadcrumbs\"><span class=\"aioseo-breadcrumb\">\n\t<a href=\"https:\/\/www.eldigitaldeasturias.com\/noticias\" title=\"Home\">Home<\/a>\n<\/span><span class=\"aioseo-breadcrumb-separator\">\u2013<\/span><span class=\"aioseo-breadcrumb\">\n\t<a href=\"https:\/\/www.eldigitaldeasturias.com\/noticias\/category\/actualidad\/\" title=\"Actualidad\">Actualidad<\/a>\n<\/span><span class=\"aioseo-breadcrumb-separator\">\u2013<\/span><span class=\"aioseo-breadcrumb\">\n\t<a href=\"https:\/\/www.eldigitaldeasturias.com\/noticias\/mato-condena-el-ultimo-crimen-machista-ocurrido-en-calella\/\" title=\"Mato condena el \u00faltimo crimen machista, ocurrido en Calella\">Mato condena el \u00faltimo crimen machista, ocurrido en Calella<\/a>\n<\/span><\/div>","aioseo_breadcrumb_json":[{"label":"Home","link":"https:\/\/www.eldigitaldeasturias.com\/noticias"},{"label":"Actualidad","link":"https:\/\/www.eldigitaldeasturias.com\/noticias\/category\/actualidad\/"},{"label":"Mato condena el \u00faltimo crimen machista, ocurrido en Calella","link":"https:\/\/www.eldigitaldeasturias.com\/noticias\/mato-condena-el-ultimo-crimen-machista-ocurrido-en-calella\/"}],"_links":{"self":[{"href":"https:\/\/www.eldigitaldeasturias.com\/noticias\/wp-json\/wp\/v2\/posts\/484127","targetHints":{"allow":["GET"]}}],"collection":[{"href":"https:\/\/www.eldigitaldeasturias.com\/noticias\/wp-json\/wp\/v2\/posts"}],"about":[{"href":"https:\/\/www.eldigitaldeasturias.com\/noticias\/wp-json\/wp\/v2\/types\/post"}],"author":[{"embeddable":true,"href":"https:\/\/www.eldigitaldeasturias.com\/noticias\/wp-json\/wp\/v2\/users\/1"}],"replies":[{"embeddable":true,"href":"https:\/\/www.eldigitaldeasturias.com\/noticias\/wp-json\/wp\/v2\/comments?post=484127"}],"version-history":[{"count":0,"href":"https:\/\/www.eldigitaldeasturias.com\/noticias\/wp-json\/wp\/v2\/posts\/484127\/revisions"}],"wp:attachment":[{"href":"https:\/\/www.eldigitaldeasturias.com\/noticias\/wp-json\/wp\/v2\/media?parent=484127"}],"wp:term":[{"taxonomy":"category","embeddable":true,"href":"https:\/\/www.eldigitaldeasturias.com\/noticias\/wp-json\/wp\/v2\/categories?post=484127"},{"taxonomy":"post_tag","embeddable":true,"href":"https:\/\/www.eldigitaldeasturias.com\/noticias\/wp-json\/wp\/v2\/tags?post=484127"}],"curies":[{"name":"wp","href":"https:\/\/api.w.org\/{rel}","templated":true}]}}