{"id":484124,"date":"2014-02-05T20:35:33","date_gmt":"2014-02-05T21:35:33","guid":{"rendered":"http:\/\/www.eldigitaldeasturias.com\/noticias\/?p=484124"},"modified":"2014-02-05T20:35:33","modified_gmt":"2014-02-05T21:35:33","slug":"navarro-acusa-al-govern-de-impulsar-la-consulta-solo-por-interes-electoral","status":"publish","type":"post","link":"https:\/\/www.eldigitaldeasturias.com\/noticias\/navarro-acusa-al-govern-de-impulsar-la-consulta-solo-por-interes-electoral\/","title":{"rendered":"Navarro acusa al Govern de impulsar la consulta solo por inter\u00e9s electoral"},"content":{"rendered":"<p><img loading=\"lazy\" decoding=\"async\" class=\"alignleft size-medium wp-image-484125\" alt=\"5911769w\" src=\"https:\/\/www.eldigitaldeasturias.com\/noticias\/wp-content\/uploads\/2014\/02\/5911769w-360x205.jpg\" width=\"360\" height=\"205\" \/>Barcelona, 5 feb (EFE).- El l\u00edder del PSC, Pere Navarro, ha acusado al Govern de impulsar la consulta solo por inter\u00e9s electoral, y ha opinado que la reuni\u00f3n entre la vicepresidenta del Gobierno, Soraya S\u00e1enz de Santamar\u00eda, y el portavoz de CiU en el Congreso, Josep Antoni Duran Lleida, \u00abllega tarde\u00bb.<\/p>\n<p>En declaraciones a TV3, el primer secretario socialista ha considerado que la consulta soberanista \u00absolo se puede hacer de una manera: legal y acordada\u00bb, por lo que ha descartado que la ley de consultas en tr\u00e1mite en el Parlament sirva en este sentido.<\/p>\n<p>\u00abEs otra vez enredar m\u00e1s. La imaginaci\u00f3n de determinadas personas es ilimitada. La ley de consultas es de participaci\u00f3n ciudadana, no sirve para hacer un refer\u00e9ndum para preguntar sobre la relaci\u00f3n de Catalu\u00f1a con el resto de Espa\u00f1a. Seamos un poco serios. Que me presenten propuestas posibles, no de demagogia y mentira\u00bb, ha dicho.<\/p>\n<p>As\u00ed, ha exigido \u00abun poco m\u00e1s de solvencia desde el punto de vista jur\u00eddico y legal\u00bb porque su \u00absensaci\u00f3n\u00bb es que \u00abni el gobierno espa\u00f1ol ni el catal\u00e1n quieren una consulta, simplemente quieren alimentar la confrontaci\u00f3n, porque les parece que esto les alimenta electoralmente. Y eso es una gran irresponsabilidad\u00bb.<\/p>\n<p>Navarro ha instado a convocar la comisi\u00f3n bilateral Estado-Generalitat como el \u00abinstrumento para poner en com\u00fan nuevos modelos de financiaci\u00f3n, hablar de conflictos y de traspasos de competencias\u00bb, y aunque espera que la reuni\u00f3n de ayer en la Moncloa entre Duran y S\u00e1enz de Santamar\u00eda \u00absirviera para alguna cosa\u00bb, ha opinado que \u00abuna vez m\u00e1s llega tarde\u00bb.<\/p>\n","protected":false},"excerpt":{"rendered":"<p>Barcelona, 5 feb (EFE).- El l\u00edder del PSC, Pere Navarro, ha acusado al Govern de impulsar la consulta solo por inter\u00e9s electoral, y ha opinado que la reuni\u00f3n entre la vicepresidenta del Gobierno, Soraya S\u00e1enz de Santamar\u00eda, y el portavoz de CiU en el Congreso, Josep Antoni Duran Lleida, \u00abllega tarde\u00bb. En declaraciones a TV3, [&hellip;]<\/p>\n","protected":false},"author":1,"featured_media":484125,"comment_status":"closed","ping_status":"open","sticky":false,"template":"","format":"standard","meta":{"footnotes":""},"categories":[1],"tags":[],"class_list":["post-484124","post","type-post","status-publish","format-standard","has-post-thumbnail","hentry","category-actualidad"],"aioseo_notices":[],"aioseo_head":"\n\t\t<!-- All in One SEO Pro 5.0.1 - aioseo.com -->\n\t<meta name=\"description\" content=\"Barcelona, 5 feb (EFE).- El l\u00edder del PSC, Pere Navarro, ha acusado al Govern de impulsar la consulta solo por inter\u00e9s electoral, y ha opinado que la reuni\u00f3n entre la vicepresidenta del Gobierno, Soraya S\u00e1enz de Santamar\u00eda, y el portavoz de CiU en el Congreso, Josep Antoni Duran Lleida, &quot;llega tarde&quot;. En declaraciones a TV3,\" \/>\n\t<meta name=\"robots\" content=\"max-image-preview:large\" \/>\n\t<meta name=\"author\" content=\"El Digital de Asturias\"\/>\n\t<meta name=\"google-site-verification\" content=\"UA-38556648-1\" \/>\n\t<meta name=\"msvalidate.01\" content=\"7dfe9f3f1b24437ab69f4f2559babe99\" \/>\n\t<meta name=\"keywords\" content=\"actualidad\" \/>\n\t<link rel=\"canonical\" href=\"https:\/\/www.eldigitaldeasturias.com\/noticias\/navarro-acusa-al-govern-de-impulsar-la-consulta-solo-por-interes-electoral\/\" \/>\n\t<meta name=\"generator\" content=\"All in One SEO Pro (AIOSEO) 5.0.1\" \/>\n\t\t<meta property=\"og:locale\" content=\"es_ES\" \/>\n\t\t<meta property=\"og:site_name\" content=\"El Digital de Asturias\" \/>\n\t\t<meta property=\"og:type\" content=\"article\" \/>\n\t\t<meta property=\"og:title\" content=\"Navarro acusa al Govern de impulsar la consulta solo por inter\u00e9s electoral - El Digital de Asturias\" \/>\n\t\t<meta property=\"og:description\" content=\"Barcelona, 5 feb (EFE).- El l\u00edder del PSC, Pere Navarro, ha acusado al Govern de impulsar la consulta solo por inter\u00e9s electoral, y ha opinado que la reuni\u00f3n entre la vicepresidenta del Gobierno, Soraya S\u00e1enz de Santamar\u00eda, y el portavoz de CiU en el Congreso, Josep Antoni Duran Lleida, &quot;llega tarde&quot;. En declaraciones a TV3,\" \/>\n\t\t<meta property=\"og:url\" content=\"https:\/\/www.eldigitaldeasturias.com\/noticias\/navarro-acusa-al-govern-de-impulsar-la-consulta-solo-por-interes-electoral\/\" \/>\n\t\t<meta property=\"article:tag\" content=\"actualidad\" \/>\n\t\t<meta property=\"article:published_time\" content=\"2014-02-05T21:35:33+00:00\" \/>\n\t\t<meta property=\"article:modified_time\" content=\"2014-02-05T21:35:33+00:00\" \/>\n\t\t<meta property=\"article:publisher\" content=\"https:\/\/facebook.com\/eldigitaldeasturias\" \/>\n\t\t<meta name=\"twitter:card\" content=\"summary_large_image\" \/>\n\t\t<meta name=\"twitter:title\" content=\"Navarro acusa al Govern de impulsar la consulta solo por inter\u00e9s electoral - El Digital de Asturias\" \/>\n\t\t<meta name=\"twitter:description\" content=\"Barcelona, 5 feb (EFE).- El l\u00edder del PSC, Pere Navarro, ha acusado al Govern de impulsar la consulta solo por inter\u00e9s electoral, y ha opinado que la reuni\u00f3n entre la vicepresidenta del Gobierno, Soraya S\u00e1enz de Santamar\u00eda, y el portavoz de CiU en el Congreso, Josep Antoni Duran Lleida, &quot;llega tarde&quot;. En declaraciones a TV3,\" \/>\n\t\t<meta name=\"twitter:label1\" content=\"Escrito por\" \/>\n\t\t<meta name=\"twitter:data1\" content=\"El Digital de Asturias\" \/>\n\t\t<meta name=\"twitter:label2\" content=\"Tiempo de lectura estimado\" \/>\n\t\t<meta name=\"twitter:data2\" content=\"1 minuto\" \/>\n\t\t<script type=\"application\/ld+json\" class=\"aioseo-schema\">\n\t\t\t{\"@context\":\"https:\\\/\\\/schema.org\",\"@graph\":[{\"@type\":\"BlogPosting\",\"@id\":\"https:\\\/\\\/www.eldigitaldeasturias.com\\\/noticias\\\/navarro-acusa-al-govern-de-impulsar-la-consulta-solo-por-interes-electoral\\\/#blogposting\",\"name\":\"Navarro acusa al Govern de impulsar la consulta solo por inter\\u00e9s electoral - El Digital de Asturias\",\"headline\":\"Navarro acusa al Govern de impulsar la consulta solo por inter\\u00e9s electoral\",\"author\":{\"@id\":\"https:\\\/\\\/www.eldigitaldeasturias.com\\\/noticias\\\/author\\\/admin\\\/#author\"},\"publisher\":{\"@id\":\"https:\\\/\\\/www.eldigitaldeasturias.com\\\/noticias\\\/#organization\"},\"image\":{\"@type\":\"ImageObject\",\"url\":484125},\"datePublished\":\"2014-02-05T20:35:33+01:00\",\"dateModified\":\"2014-02-05T20:35:33+01:00\",\"inLanguage\":\"es-ES\",\"mainEntityOfPage\":{\"@id\":\"https:\\\/\\\/www.eldigitaldeasturias.com\\\/noticias\\\/navarro-acusa-al-govern-de-impulsar-la-consulta-solo-por-interes-electoral\\\/#webpage\"},\"isPartOf\":{\"@id\":\"https:\\\/\\\/www.eldigitaldeasturias.com\\\/noticias\\\/navarro-acusa-al-govern-de-impulsar-la-consulta-solo-por-interes-electoral\\\/#webpage\"},\"articleSection\":\"Actualidad\"},{\"@type\":\"BreadcrumbList\",\"@id\":\"https:\\\/\\\/www.eldigitaldeasturias.com\\\/noticias\\\/navarro-acusa-al-govern-de-impulsar-la-consulta-solo-por-interes-electoral\\\/#breadcrumblist\",\"itemListElement\":[{\"@type\":\"ListItem\",\"@id\":\"https:\\\/\\\/www.eldigitaldeasturias.com\\\/noticias#listItem\",\"position\":1,\"name\":\"Home\",\"item\":\"https:\\\/\\\/www.eldigitaldeasturias.com\\\/noticias\",\"nextItem\":{\"@type\":\"ListItem\",\"@id\":\"https:\\\/\\\/www.eldigitaldeasturias.com\\\/noticias\\\/category\\\/actualidad\\\/#listItem\",\"name\":\"Actualidad\"}},{\"@type\":\"ListItem\",\"@id\":\"https:\\\/\\\/www.eldigitaldeasturias.com\\\/noticias\\\/category\\\/actualidad\\\/#listItem\",\"position\":2,\"name\":\"Actualidad\",\"item\":\"https:\\\/\\\/www.eldigitaldeasturias.com\\\/noticias\\\/category\\\/actualidad\\\/\",\"nextItem\":{\"@type\":\"ListItem\",\"@id\":\"https:\\\/\\\/www.eldigitaldeasturias.com\\\/noticias\\\/navarro-acusa-al-govern-de-impulsar-la-consulta-solo-por-interes-electoral\\\/#listItem\",\"name\":\"Navarro acusa al Govern de impulsar la consulta solo por inter\\u00e9s electoral\"},\"previousItem\":{\"@type\":\"ListItem\",\"@id\":\"https:\\\/\\\/www.eldigitaldeasturias.com\\\/noticias#listItem\",\"name\":\"Home\"}},{\"@type\":\"ListItem\",\"@id\":\"https:\\\/\\\/www.eldigitaldeasturias.com\\\/noticias\\\/navarro-acusa-al-govern-de-impulsar-la-consulta-solo-por-interes-electoral\\\/#listItem\",\"position\":3,\"name\":\"Navarro acusa al Govern de impulsar la consulta solo por inter\\u00e9s electoral\",\"previousItem\":{\"@type\":\"ListItem\",\"@id\":\"https:\\\/\\\/www.eldigitaldeasturias.com\\\/noticias\\\/category\\\/actualidad\\\/#listItem\",\"name\":\"Actualidad\"}}]},{\"@type\":\"Organization\",\"@id\":\"https:\\\/\\\/www.eldigitaldeasturias.com\\\/noticias\\\/#organization\",\"name\":\"El Digital de Asturias\",\"description\":\"Hemeroteca\",\"url\":\"https:\\\/\\\/www.eldigitaldeasturias.com\\\/noticias\\\/\",\"email\":\"info@eldigitaldeasturias.com\",\"telephone\":\"+34652131393\",\"logo\":{\"@type\":\"ImageObject\",\"url\":\"https:\\\/\\\/www.eldigitaldeasturias.com\\\/noticias\\\/wp-content\\\/uploads\\\/2020\\\/12\\\/EDA.jpg\",\"@id\":\"https:\\\/\\\/www.eldigitaldeasturias.com\\\/noticias\\\/navarro-acusa-al-govern-de-impulsar-la-consulta-solo-por-interes-electoral\\\/#organizationLogo\"},\"image\":{\"@id\":\"https:\\\/\\\/www.eldigitaldeasturias.com\\\/noticias\\\/navarro-acusa-al-govern-de-impulsar-la-consulta-solo-por-interes-electoral\\\/#organizationLogo\"},\"sameAs\":[\"https:\\\/\\\/facebook.com\\\/eldigitaldeasturias\",\"https:\\\/\\\/www.youtube.com\\\/channel\\\/UCZP-2wLEB9Rv6erhFmqVnvg\"],\"address\":{\"@id\":\"https:\\\/\\\/www.eldigitaldeasturias.com\\\/noticias\\\/#postaladdress\",\"@type\":\"PostalAddress\",\"streetAddress\":\"san antonio 4\",\"postalCode\":\"33430\",\"addressLocality\":\"Cand\\u00e1s\",\"addressRegion\":\"Asturias\",\"addressCountry\":\"ES\"}},{\"@type\":\"Person\",\"@id\":\"https:\\\/\\\/www.eldigitaldeasturias.com\\\/noticias\\\/author\\\/admin\\\/#author\",\"url\":\"https:\\\/\\\/www.eldigitaldeasturias.com\\\/noticias\\\/author\\\/admin\\\/\",\"name\":\"El Digital de Asturias\",\"image\":{\"@type\":\"ImageObject\",\"@id\":\"https:\\\/\\\/www.eldigitaldeasturias.com\\\/noticias\\\/navarro-acusa-al-govern-de-impulsar-la-consulta-solo-por-interes-electoral\\\/#authorImage\",\"url\":\"https:\\\/\\\/secure.gravatar.com\\\/avatar\\\/df2aeffc32bcd13f8d26072ef8a91b623d677766deac7f97ca815868cd41bf5e?s=96&d=mm&r=g\",\"width\":96,\"height\":96,\"caption\":\"El Digital de Asturias\"}},{\"@type\":\"WebPage\",\"@id\":\"https:\\\/\\\/www.eldigitaldeasturias.com\\\/noticias\\\/navarro-acusa-al-govern-de-impulsar-la-consulta-solo-por-interes-electoral\\\/#webpage\",\"url\":\"https:\\\/\\\/www.eldigitaldeasturias.com\\\/noticias\\\/navarro-acusa-al-govern-de-impulsar-la-consulta-solo-por-interes-electoral\\\/\",\"name\":\"Navarro acusa al Govern de impulsar la consulta solo por inter\\u00e9s electoral - El Digital de Asturias\",\"description\":\"Barcelona, 5 feb (EFE).- El l\\u00edder del PSC, Pere Navarro, ha acusado al Govern de impulsar la consulta solo por inter\\u00e9s electoral, y ha opinado que la reuni\\u00f3n entre la vicepresidenta del Gobierno, Soraya S\\u00e1enz de Santamar\\u00eda, y el portavoz de CiU en el Congreso, Josep Antoni Duran Lleida, \\\"llega tarde\\\". En declaraciones a TV3,\",\"inLanguage\":\"es-ES\",\"isPartOf\":{\"@id\":\"https:\\\/\\\/www.eldigitaldeasturias.com\\\/noticias\\\/#website\"},\"breadcrumb\":{\"@id\":\"https:\\\/\\\/www.eldigitaldeasturias.com\\\/noticias\\\/navarro-acusa-al-govern-de-impulsar-la-consulta-solo-por-interes-electoral\\\/#breadcrumblist\"},\"author\":{\"@id\":\"https:\\\/\\\/www.eldigitaldeasturias.com\\\/noticias\\\/author\\\/admin\\\/#author\"},\"creator\":{\"@id\":\"https:\\\/\\\/www.eldigitaldeasturias.com\\\/noticias\\\/author\\\/admin\\\/#author\"},\"image\":{\"@type\":\"ImageObject\",\"url\":484125,\"@id\":\"https:\\\/\\\/www.eldigitaldeasturias.com\\\/noticias\\\/navarro-acusa-al-govern-de-impulsar-la-consulta-solo-por-interes-electoral\\\/#mainImage\"},\"primaryImageOfPage\":{\"@id\":\"https:\\\/\\\/www.eldigitaldeasturias.com\\\/noticias\\\/navarro-acusa-al-govern-de-impulsar-la-consulta-solo-por-interes-electoral\\\/#mainImage\"},\"datePublished\":\"2014-02-05T20:35:33+01:00\",\"dateModified\":\"2014-02-05T20:35:33+01:00\"},{\"@type\":\"WebSite\",\"@id\":\"https:\\\/\\\/www.eldigitaldeasturias.com\\\/noticias\\\/#website\",\"url\":\"https:\\\/\\\/www.eldigitaldeasturias.com\\\/noticias\\\/\",\"name\":\"El Digital de Asturias - Diario de actualidad y noticias\",\"alternateName\":\"El Digital de Asturias - Diario de actualidad y noticias\",\"description\":\"Hemeroteca\",\"inLanguage\":\"es-ES\",\"publisher\":{\"@id\":\"https:\\\/\\\/www.eldigitaldeasturias.com\\\/noticias\\\/#organization\"}}]}\n\t\t<\/script>\n\t\t<!-- All in One SEO Pro -->\r\n\t\t<title>Navarro acusa al Govern de impulsar la consulta solo por inter\u00e9s electoral - El Digital de Asturias<\/title>\n\n","aioseo_head_json":{"title":"Navarro acusa al Govern de impulsar la consulta solo por inter\u00e9s electoral - El Digital de Asturias","description":"Barcelona, 5 feb (EFE).- El l\u00edder del PSC, Pere Navarro, ha acusado al Govern de impulsar la consulta solo por inter\u00e9s electoral, y ha opinado que la reuni\u00f3n entre la vicepresidenta del Gobierno, Soraya S\u00e1enz de Santamar\u00eda, y el portavoz de CiU en el Congreso, Josep Antoni Duran Lleida, \"llega tarde\". En declaraciones a TV3,","canonical_url":"https:\/\/www.eldigitaldeasturias.com\/noticias\/navarro-acusa-al-govern-de-impulsar-la-consulta-solo-por-interes-electoral\/","robots":"max-image-preview:large","keywords":"actualidad","webmasterTools":{"google-site-verification":"UA-38556648-1","msvalidate.01":"7dfe9f3f1b24437ab69f4f2559babe99","miscellaneous":""},"schema":{"@context":"https:\/\/schema.org","@graph":[{"@type":"BlogPosting","@id":"https:\/\/www.eldigitaldeasturias.com\/noticias\/navarro-acusa-al-govern-de-impulsar-la-consulta-solo-por-interes-electoral\/#blogposting","name":"Navarro acusa al Govern de impulsar la consulta solo por inter\u00e9s electoral - El Digital de Asturias","headline":"Navarro acusa al Govern de impulsar la consulta solo por inter\u00e9s electoral","author":{"@id":"https:\/\/www.eldigitaldeasturias.com\/noticias\/author\/admin\/#author"},"publisher":{"@id":"https:\/\/www.eldigitaldeasturias.com\/noticias\/#organization"},"image":{"@type":"ImageObject","url":484125},"datePublished":"2014-02-05T20:35:33+01:00","dateModified":"2014-02-05T20:35:33+01:00","inLanguage":"es-ES","mainEntityOfPage":{"@id":"https:\/\/www.eldigitaldeasturias.com\/noticias\/navarro-acusa-al-govern-de-impulsar-la-consulta-solo-por-interes-electoral\/#webpage"},"isPartOf":{"@id":"https:\/\/www.eldigitaldeasturias.com\/noticias\/navarro-acusa-al-govern-de-impulsar-la-consulta-solo-por-interes-electoral\/#webpage"},"articleSection":"Actualidad"},{"@type":"BreadcrumbList","@id":"https:\/\/www.eldigitaldeasturias.com\/noticias\/navarro-acusa-al-govern-de-impulsar-la-consulta-solo-por-interes-electoral\/#breadcrumblist","itemListElement":[{"@type":"ListItem","@id":"https:\/\/www.eldigitaldeasturias.com\/noticias#listItem","position":1,"name":"Home","item":"https:\/\/www.eldigitaldeasturias.com\/noticias","nextItem":{"@type":"ListItem","@id":"https:\/\/www.eldigitaldeasturias.com\/noticias\/category\/actualidad\/#listItem","name":"Actualidad"}},{"@type":"ListItem","@id":"https:\/\/www.eldigitaldeasturias.com\/noticias\/category\/actualidad\/#listItem","position":2,"name":"Actualidad","item":"https:\/\/www.eldigitaldeasturias.com\/noticias\/category\/actualidad\/","nextItem":{"@type":"ListItem","@id":"https:\/\/www.eldigitaldeasturias.com\/noticias\/navarro-acusa-al-govern-de-impulsar-la-consulta-solo-por-interes-electoral\/#listItem","name":"Navarro acusa al Govern de impulsar la consulta solo por inter\u00e9s electoral"},"previousItem":{"@type":"ListItem","@id":"https:\/\/www.eldigitaldeasturias.com\/noticias#listItem","name":"Home"}},{"@type":"ListItem","@id":"https:\/\/www.eldigitaldeasturias.com\/noticias\/navarro-acusa-al-govern-de-impulsar-la-consulta-solo-por-interes-electoral\/#listItem","position":3,"name":"Navarro acusa al Govern de impulsar la consulta solo por inter\u00e9s electoral","previousItem":{"@type":"ListItem","@id":"https:\/\/www.eldigitaldeasturias.com\/noticias\/category\/actualidad\/#listItem","name":"Actualidad"}}]},{"@type":"Organization","@id":"https:\/\/www.eldigitaldeasturias.com\/noticias\/#organization","name":"El Digital de Asturias","description":"Hemeroteca","url":"https:\/\/www.eldigitaldeasturias.com\/noticias\/","email":"info@eldigitaldeasturias.com","telephone":"+34652131393","logo":{"@type":"ImageObject","url":"https:\/\/www.eldigitaldeasturias.com\/noticias\/wp-content\/uploads\/2020\/12\/EDA.jpg","@id":"https:\/\/www.eldigitaldeasturias.com\/noticias\/navarro-acusa-al-govern-de-impulsar-la-consulta-solo-por-interes-electoral\/#organizationLogo"},"image":{"@id":"https:\/\/www.eldigitaldeasturias.com\/noticias\/navarro-acusa-al-govern-de-impulsar-la-consulta-solo-por-interes-electoral\/#organizationLogo"},"sameAs":["https:\/\/facebook.com\/eldigitaldeasturias","https:\/\/www.youtube.com\/channel\/UCZP-2wLEB9Rv6erhFmqVnvg"],"address":{"@id":"https:\/\/www.eldigitaldeasturias.com\/noticias\/#postaladdress","@type":"PostalAddress","streetAddress":"san antonio 4","postalCode":"33430","addressLocality":"Cand\u00e1s","addressRegion":"Asturias","addressCountry":"ES"}},{"@type":"Person","@id":"https:\/\/www.eldigitaldeasturias.com\/noticias\/author\/admin\/#author","url":"https:\/\/www.eldigitaldeasturias.com\/noticias\/author\/admin\/","name":"El Digital de Asturias","image":{"@type":"ImageObject","@id":"https:\/\/www.eldigitaldeasturias.com\/noticias\/navarro-acusa-al-govern-de-impulsar-la-consulta-solo-por-interes-electoral\/#authorImage","url":"https:\/\/secure.gravatar.com\/avatar\/df2aeffc32bcd13f8d26072ef8a91b623d677766deac7f97ca815868cd41bf5e?s=96&d=mm&r=g","width":96,"height":96,"caption":"El Digital de Asturias"}},{"@type":"WebPage","@id":"https:\/\/www.eldigitaldeasturias.com\/noticias\/navarro-acusa-al-govern-de-impulsar-la-consulta-solo-por-interes-electoral\/#webpage","url":"https:\/\/www.eldigitaldeasturias.com\/noticias\/navarro-acusa-al-govern-de-impulsar-la-consulta-solo-por-interes-electoral\/","name":"Navarro acusa al Govern de impulsar la consulta solo por inter\u00e9s electoral - El Digital de Asturias","description":"Barcelona, 5 feb (EFE).- El l\u00edder del PSC, Pere Navarro, ha acusado al Govern de impulsar la consulta solo por inter\u00e9s electoral, y ha opinado que la reuni\u00f3n entre la vicepresidenta del Gobierno, Soraya S\u00e1enz de Santamar\u00eda, y el portavoz de CiU en el Congreso, Josep Antoni Duran Lleida, \"llega tarde\". En declaraciones a TV3,","inLanguage":"es-ES","isPartOf":{"@id":"https:\/\/www.eldigitaldeasturias.com\/noticias\/#website"},"breadcrumb":{"@id":"https:\/\/www.eldigitaldeasturias.com\/noticias\/navarro-acusa-al-govern-de-impulsar-la-consulta-solo-por-interes-electoral\/#breadcrumblist"},"author":{"@id":"https:\/\/www.eldigitaldeasturias.com\/noticias\/author\/admin\/#author"},"creator":{"@id":"https:\/\/www.eldigitaldeasturias.com\/noticias\/author\/admin\/#author"},"image":{"@type":"ImageObject","url":484125,"@id":"https:\/\/www.eldigitaldeasturias.com\/noticias\/navarro-acusa-al-govern-de-impulsar-la-consulta-solo-por-interes-electoral\/#mainImage"},"primaryImageOfPage":{"@id":"https:\/\/www.eldigitaldeasturias.com\/noticias\/navarro-acusa-al-govern-de-impulsar-la-consulta-solo-por-interes-electoral\/#mainImage"},"datePublished":"2014-02-05T20:35:33+01:00","dateModified":"2014-02-05T20:35:33+01:00"},{"@type":"WebSite","@id":"https:\/\/www.eldigitaldeasturias.com\/noticias\/#website","url":"https:\/\/www.eldigitaldeasturias.com\/noticias\/","name":"El Digital de Asturias - Diario de actualidad y noticias","alternateName":"El Digital de Asturias - Diario de actualidad y noticias","description":"Hemeroteca","inLanguage":"es-ES","publisher":{"@id":"https:\/\/www.eldigitaldeasturias.com\/noticias\/#organization"}}]},"og:locale":"es_ES","og:site_name":"El Digital de Asturias","og:type":"article","og:title":"Navarro acusa al Govern de impulsar la consulta solo por inter\u00e9s electoral - El Digital de Asturias","og:description":"Barcelona, 5 feb (EFE).- El l\u00edder del PSC, Pere Navarro, ha acusado al Govern de impulsar la consulta solo por inter\u00e9s electoral, y ha opinado que la reuni\u00f3n entre la vicepresidenta del Gobierno, Soraya S\u00e1enz de Santamar\u00eda, y el portavoz de CiU en el Congreso, Josep Antoni Duran Lleida, &quot;llega tarde&quot;. En declaraciones a TV3,","og:url":"https:\/\/www.eldigitaldeasturias.com\/noticias\/navarro-acusa-al-govern-de-impulsar-la-consulta-solo-por-interes-electoral\/","article:tag":["actualidad"],"article:published_time":"2014-02-05T21:35:33+00:00","article:modified_time":"2014-02-05T21:35:33+00:00","article:publisher":"https:\/\/facebook.com\/eldigitaldeasturias","twitter:card":"summary_large_image","twitter:title":"Navarro acusa al Govern de impulsar la consulta solo por inter\u00e9s electoral - El Digital de Asturias","twitter:description":"Barcelona, 5 feb (EFE).- El l\u00edder del PSC, Pere Navarro, ha acusado al Govern de impulsar la consulta solo por inter\u00e9s electoral, y ha opinado que la reuni\u00f3n entre la vicepresidenta del Gobierno, Soraya S\u00e1enz de Santamar\u00eda, y el portavoz de CiU en el Congreso, Josep Antoni Duran Lleida, &quot;llega tarde&quot;. En declaraciones a TV3,","twitter:label1":"Escrito por","twitter:data1":"El Digital de Asturias","twitter:label2":"Tiempo de lectura estimado","twitter:data2":"1 minuto"},"aioseo_meta_data":{"post_id":"484124","title":null,"description":null,"keywords":null,"keyphrases":null,"primary_term":null,"canonical_url":null,"og_title":null,"og_description":null,"og_object_type":"default","og_image_type":"default","og_image_url":null,"og_image_width":null,"og_image_height":null,"og_image_custom_url":null,"og_image_custom_fields":null,"og_video":null,"og_custom_url":null,"og_article_section":null,"og_article_tags":null,"twitter_use_og":true,"twitter_card":"default","twitter_image_type":"default","twitter_image_url":null,"twitter_image_custom_url":null,"twitter_image_custom_fields":null,"twitter_title":null,"twitter_description":null,"schema":{"blockGraphs":[],"customGraphs":[],"default":{"data":{"Article":[],"Course":[],"Dataset":[],"FAQPage":[],"Movie":[],"Person":[],"Product":[],"ProductReview":[],"Car":[],"Recipe":[],"Service":[],"SoftwareApplication":[],"WebPage":[]},"graphName":"","isEnabled":true},"graphs":[],"defaultGraph":"","defaultPostTypeGraph":""},"schema_type":null,"schema_type_options":null,"pillar_content":false,"robots_default":true,"robots_noindex":false,"robots_noarchive":false,"robots_nosnippet":false,"robots_nofollow":false,"robots_noimageindex":false,"robots_noodp":false,"robots_notranslate":false,"robots_max_snippet":null,"robots_max_videopreview":null,"robots_max_imagepreview":"none","priority":null,"frequency":null,"local_seo":null,"seo_analyzer_scan_date":"2026-06-02 14:54:51","breadcrumb_settings":null,"limit_modified_date":false,"open_ai":null,"ai":null,"created":"2020-11-14 22:55:00","updated":"2026-06-02 14:54:51","focus_keyword":null,"additional_keywords":null,"truseo_locale":null},"aioseo_breadcrumb":"<div class=\"aioseo-breadcrumbs\"><span class=\"aioseo-breadcrumb\">\n\t<a href=\"https:\/\/www.eldigitaldeasturias.com\/noticias\" title=\"Home\">Home<\/a>\n<\/span><span class=\"aioseo-breadcrumb-separator\">\u2013<\/span><span class=\"aioseo-breadcrumb\">\n\t<a href=\"https:\/\/www.eldigitaldeasturias.com\/noticias\/category\/actualidad\/\" title=\"Actualidad\">Actualidad<\/a>\n<\/span><span class=\"aioseo-breadcrumb-separator\">\u2013<\/span><span class=\"aioseo-breadcrumb\">\n\t<a href=\"https:\/\/www.eldigitaldeasturias.com\/noticias\/navarro-acusa-al-govern-de-impulsar-la-consulta-solo-por-interes-electoral\/\" title=\"Navarro acusa al Govern de impulsar la consulta solo por inter\u00e9s electoral\">Navarro acusa al Govern de impulsar la consulta solo por inter\u00e9s electoral<\/a>\n<\/span><\/div>","aioseo_breadcrumb_json":[{"label":"Home","link":"https:\/\/www.eldigitaldeasturias.com\/noticias"},{"label":"Actualidad","link":"https:\/\/www.eldigitaldeasturias.com\/noticias\/category\/actualidad\/"},{"label":"Navarro acusa al Govern de impulsar la consulta solo por inter\u00e9s electoral","link":"https:\/\/www.eldigitaldeasturias.com\/noticias\/navarro-acusa-al-govern-de-impulsar-la-consulta-solo-por-interes-electoral\/"}],"_links":{"self":[{"href":"https:\/\/www.eldigitaldeasturias.com\/noticias\/wp-json\/wp\/v2\/posts\/484124","targetHints":{"allow":["GET"]}}],"collection":[{"href":"https:\/\/www.eldigitaldeasturias.com\/noticias\/wp-json\/wp\/v2\/posts"}],"about":[{"href":"https:\/\/www.eldigitaldeasturias.com\/noticias\/wp-json\/wp\/v2\/types\/post"}],"author":[{"embeddable":true,"href":"https:\/\/www.eldigitaldeasturias.com\/noticias\/wp-json\/wp\/v2\/users\/1"}],"replies":[{"embeddable":true,"href":"https:\/\/www.eldigitaldeasturias.com\/noticias\/wp-json\/wp\/v2\/comments?post=484124"}],"version-history":[{"count":0,"href":"https:\/\/www.eldigitaldeasturias.com\/noticias\/wp-json\/wp\/v2\/posts\/484124\/revisions"}],"wp:attachment":[{"href":"https:\/\/www.eldigitaldeasturias.com\/noticias\/wp-json\/wp\/v2\/media?parent=484124"}],"wp:term":[{"taxonomy":"category","embeddable":true,"href":"https:\/\/www.eldigitaldeasturias.com\/noticias\/wp-json\/wp\/v2\/categories?post=484124"},{"taxonomy":"post_tag","embeddable":true,"href":"https:\/\/www.eldigitaldeasturias.com\/noticias\/wp-json\/wp\/v2\/tags?post=484124"}],"curies":[{"name":"wp","href":"https:\/\/api.w.org\/{rel}","templated":true}]}}