{"id":484070,"date":"2014-02-05T19:48:53","date_gmt":"2014-02-05T20:48:53","guid":{"rendered":"http:\/\/www.eldigitaldeasturias.com\/noticias\/?p=484070"},"modified":"2014-02-05T19:48:53","modified_gmt":"2014-02-05T20:48:53","slug":"acusan-al-gobierno-de-atacar-la-independencia-de-la-fiscalia-francesa","status":"publish","type":"post","link":"https:\/\/www.eldigitaldeasturias.com\/noticias\/acusan-al-gobierno-de-atacar-la-independencia-de-la-fiscalia-francesa\/","title":{"rendered":"Acusan al Gobierno de atacar la independencia de la Fiscal\u00eda francesa"},"content":{"rendered":"<p><img loading=\"lazy\" decoding=\"async\" class=\"alignleft size-medium wp-image-484071\" alt=\"5911612w\" src=\"https:\/\/www.eldigitaldeasturias.com\/noticias\/wp-content\/uploads\/2014\/02\/5911612w-360x239.jpg\" width=\"360\" height=\"239\" \/>Par\u00eds, 5 feb (EFE).- La ministra francesa de Justicia, Christiane Taubira, que ha hecho p\u00fablicamente de la independencia de la magistratura uno de sus principios en el cargo, ha sido acusada por el fiscal de Par\u00eds, Fran\u00e7ois Falletti, de querer reemplazarlo por no ser de la misma \u00absensibilidad pol\u00edtica\u00bb.<\/p>\n<p>La informaci\u00f3n fue revelada por \u00abLe Canard Encha\u00een\u00e9\u00bb que, en su edici\u00f3n de hoy, public\u00f3 una carta de Falletti a Taubira, en la que denuncia haber sido convocado por los responsables del gabinete de la ministra para instarle a dejar su puesto, uno de los m\u00e1s sensibles pol\u00edticamente, y ofrecerle a cambio el Tribunal Supremo.<\/p>\n<p>El fiscal de Par\u00eds, nombrado en febrero de 2010 por el anterior presidente de la Rep\u00fablica, el conservador Nicolas Sarkozy, se queja a Taubira de que sus dos colaboradores le \u00abinstaron firmemente a abandonar (sus) funciones con insistencia, con el argumento de que quer\u00eda confiarlo a un magistrado que comparta su sensibilidad\u00bb.<\/p>\n<p>\u00abNo puedo m\u00e1s que sorprenderme por este procedimiento que muestra desconfianza hacia m\u00ed a causa de una supuesta sensibilidad. Considero que esta alegaci\u00f3n no puede en ning\u00fan caso justificar mi cese de una funci\u00f3n que me empe\u00f1o en ejercer con total integridad\u00bb, a\u00f1adi\u00f3 el fiscal.<\/p>\n<p>Falletti advirti\u00f3 que est\u00e1 dispuesto a recurrir al Consejo Superior de la Magistratura para solicitar protecci\u00f3n.<\/p>\n<p>El gabinete de Taubira desminti\u00f3 haber querido destituir a Falletti, de 64 a\u00f1os, y precis\u00f3 que se trataba de proponerle un puesto vacante en el Tribunal Supremo con vistas a su pr\u00f3xima jubilaci\u00f3n.<\/p>\n<p>El Ministerio a\u00f1adi\u00f3 que puesto que el interesado hab\u00eda rechazado ese traslado, seguir\u00e1 como fiscal de Par\u00eds, un cargo donde en principio deber\u00eda permanecer hasta 2017.<\/p>\n<p>Pero m\u00e1s all\u00e1 de estas explicaciones, la Uni\u00f3n Sindical de la Magistratura (USM), principal asociaci\u00f3n corporativa, critic\u00f3 el procedimiento, en el que vio un ataque a la independencia del Ministerio P\u00fablico.<\/p>\n<p>El presidente de la USM, Christophe Regnard, en unas declaraciones a la cadena de televisi\u00f3n \u00abBFM TV\u00bb divulgadas hoy, estim\u00f3 que \u00abson las mismas pr\u00e1cticas que vimos con la derecha hace un cierto n\u00famero de a\u00f1os\u00bb.<\/p>\n<p>La titular de Justicia en Francia no puede formalmente destituir al responsable de la Fiscal\u00eda, y la \u00fanica forma para apartarlo del puesto es lanzar una acci\u00f3n disciplinaria \u00aben inter\u00e9s del servicio\u00bb.<\/p>\n<p>Seg\u00fan \u00abLe Figaro\u00bb, corre el rumor de que hay un candidato para sustituir a Falletti, el del actual fiscal de Nanterre, Robert Gelli.<\/p>\n","protected":false},"excerpt":{"rendered":"<p>Par\u00eds, 5 feb (EFE).- La ministra francesa de Justicia, Christiane Taubira, que ha hecho p\u00fablicamente de la independencia de la magistratura uno de sus principios en el cargo, ha sido acusada por el fiscal de Par\u00eds, Fran\u00e7ois Falletti, de querer reemplazarlo por no ser de la misma \u00absensibilidad pol\u00edtica\u00bb. La informaci\u00f3n fue revelada por \u00abLe [&hellip;]<\/p>\n","protected":false},"author":1,"featured_media":484071,"comment_status":"closed","ping_status":"open","sticky":false,"template":"","format":"standard","meta":{"footnotes":""},"categories":[1],"tags":[],"class_list":["post-484070","post","type-post","status-publish","format-standard","has-post-thumbnail","hentry","category-actualidad"],"aioseo_notices":[],"aioseo_head":"\n\t\t<!-- All in One SEO Pro 5.0.1 - aioseo.com -->\n\t<meta name=\"description\" content=\"Par\u00eds, 5 feb (EFE).- La ministra francesa de Justicia, Christiane Taubira, que ha hecho p\u00fablicamente de la independencia de la magistratura uno de sus principios en el cargo, ha sido acusada por el fiscal de Par\u00eds, Fran\u00e7ois Falletti, de querer reemplazarlo por no ser de la misma &quot;sensibilidad pol\u00edtica&quot;. La informaci\u00f3n fue revelada por &quot;Le\" \/>\n\t<meta name=\"robots\" content=\"max-image-preview:large\" \/>\n\t<meta name=\"author\" content=\"El Digital de Asturias\"\/>\n\t<meta name=\"google-site-verification\" content=\"UA-38556648-1\" \/>\n\t<meta name=\"msvalidate.01\" content=\"7dfe9f3f1b24437ab69f4f2559babe99\" \/>\n\t<meta name=\"keywords\" content=\"actualidad\" \/>\n\t<link rel=\"canonical\" href=\"https:\/\/www.eldigitaldeasturias.com\/noticias\/acusan-al-gobierno-de-atacar-la-independencia-de-la-fiscalia-francesa\/\" \/>\n\t<meta name=\"generator\" content=\"All in One SEO Pro (AIOSEO) 5.0.1\" \/>\n\t\t<meta property=\"og:locale\" content=\"es_ES\" \/>\n\t\t<meta property=\"og:site_name\" content=\"El Digital de Asturias\" \/>\n\t\t<meta property=\"og:type\" content=\"article\" \/>\n\t\t<meta property=\"og:title\" content=\"Acusan al Gobierno de atacar la independencia de la Fiscal\u00eda francesa - El Digital de Asturias\" \/>\n\t\t<meta property=\"og:description\" content=\"Par\u00eds, 5 feb (EFE).- La ministra francesa de Justicia, Christiane Taubira, que ha hecho p\u00fablicamente de la independencia de la magistratura uno de sus principios en el cargo, ha sido acusada por el fiscal de Par\u00eds, Fran\u00e7ois Falletti, de querer reemplazarlo por no ser de la misma &quot;sensibilidad pol\u00edtica&quot;. La informaci\u00f3n fue revelada por &quot;Le\" \/>\n\t\t<meta property=\"og:url\" content=\"https:\/\/www.eldigitaldeasturias.com\/noticias\/acusan-al-gobierno-de-atacar-la-independencia-de-la-fiscalia-francesa\/\" \/>\n\t\t<meta property=\"article:tag\" content=\"actualidad\" \/>\n\t\t<meta property=\"article:published_time\" content=\"2014-02-05T20:48:53+00:00\" \/>\n\t\t<meta property=\"article:modified_time\" content=\"2014-02-05T20:48:53+00:00\" \/>\n\t\t<meta property=\"article:publisher\" content=\"https:\/\/facebook.com\/eldigitaldeasturias\" \/>\n\t\t<meta name=\"twitter:card\" content=\"summary_large_image\" \/>\n\t\t<meta name=\"twitter:title\" content=\"Acusan al Gobierno de atacar la independencia de la Fiscal\u00eda francesa - El Digital de Asturias\" \/>\n\t\t<meta name=\"twitter:description\" content=\"Par\u00eds, 5 feb (EFE).- La ministra francesa de Justicia, Christiane Taubira, que ha hecho p\u00fablicamente de la independencia de la magistratura uno de sus principios en el cargo, ha sido acusada por el fiscal de Par\u00eds, Fran\u00e7ois Falletti, de querer reemplazarlo por no ser de la misma &quot;sensibilidad pol\u00edtica&quot;. La informaci\u00f3n fue revelada por &quot;Le\" \/>\n\t\t<meta name=\"twitter:label1\" content=\"Escrito por\" \/>\n\t\t<meta name=\"twitter:data1\" content=\"El Digital de Asturias\" \/>\n\t\t<meta name=\"twitter:label2\" content=\"Tiempo de lectura estimado\" \/>\n\t\t<meta name=\"twitter:data2\" content=\"2 minutos\" \/>\n\t\t<script type=\"application\/ld+json\" class=\"aioseo-schema\">\n\t\t\t{\"@context\":\"https:\\\/\\\/schema.org\",\"@graph\":[{\"@type\":\"BlogPosting\",\"@id\":\"https:\\\/\\\/www.eldigitaldeasturias.com\\\/noticias\\\/acusan-al-gobierno-de-atacar-la-independencia-de-la-fiscalia-francesa\\\/#blogposting\",\"name\":\"Acusan al Gobierno de atacar la independencia de la Fiscal\\u00eda francesa - El Digital de Asturias\",\"headline\":\"Acusan al Gobierno de atacar la independencia de la Fiscal\\u00eda francesa\",\"author\":{\"@id\":\"https:\\\/\\\/www.eldigitaldeasturias.com\\\/noticias\\\/author\\\/admin\\\/#author\"},\"publisher\":{\"@id\":\"https:\\\/\\\/www.eldigitaldeasturias.com\\\/noticias\\\/#organization\"},\"image\":{\"@type\":\"ImageObject\",\"url\":484071},\"datePublished\":\"2014-02-05T19:48:53+01:00\",\"dateModified\":\"2014-02-05T19:48:53+01:00\",\"inLanguage\":\"es-ES\",\"mainEntityOfPage\":{\"@id\":\"https:\\\/\\\/www.eldigitaldeasturias.com\\\/noticias\\\/acusan-al-gobierno-de-atacar-la-independencia-de-la-fiscalia-francesa\\\/#webpage\"},\"isPartOf\":{\"@id\":\"https:\\\/\\\/www.eldigitaldeasturias.com\\\/noticias\\\/acusan-al-gobierno-de-atacar-la-independencia-de-la-fiscalia-francesa\\\/#webpage\"},\"articleSection\":\"Actualidad\"},{\"@type\":\"BreadcrumbList\",\"@id\":\"https:\\\/\\\/www.eldigitaldeasturias.com\\\/noticias\\\/acusan-al-gobierno-de-atacar-la-independencia-de-la-fiscalia-francesa\\\/#breadcrumblist\",\"itemListElement\":[{\"@type\":\"ListItem\",\"@id\":\"https:\\\/\\\/www.eldigitaldeasturias.com\\\/noticias#listItem\",\"position\":1,\"name\":\"Home\",\"item\":\"https:\\\/\\\/www.eldigitaldeasturias.com\\\/noticias\",\"nextItem\":{\"@type\":\"ListItem\",\"@id\":\"https:\\\/\\\/www.eldigitaldeasturias.com\\\/noticias\\\/category\\\/actualidad\\\/#listItem\",\"name\":\"Actualidad\"}},{\"@type\":\"ListItem\",\"@id\":\"https:\\\/\\\/www.eldigitaldeasturias.com\\\/noticias\\\/category\\\/actualidad\\\/#listItem\",\"position\":2,\"name\":\"Actualidad\",\"item\":\"https:\\\/\\\/www.eldigitaldeasturias.com\\\/noticias\\\/category\\\/actualidad\\\/\",\"nextItem\":{\"@type\":\"ListItem\",\"@id\":\"https:\\\/\\\/www.eldigitaldeasturias.com\\\/noticias\\\/acusan-al-gobierno-de-atacar-la-independencia-de-la-fiscalia-francesa\\\/#listItem\",\"name\":\"Acusan al Gobierno de atacar la independencia de la Fiscal\\u00eda francesa\"},\"previousItem\":{\"@type\":\"ListItem\",\"@id\":\"https:\\\/\\\/www.eldigitaldeasturias.com\\\/noticias#listItem\",\"name\":\"Home\"}},{\"@type\":\"ListItem\",\"@id\":\"https:\\\/\\\/www.eldigitaldeasturias.com\\\/noticias\\\/acusan-al-gobierno-de-atacar-la-independencia-de-la-fiscalia-francesa\\\/#listItem\",\"position\":3,\"name\":\"Acusan al Gobierno de atacar la independencia de la Fiscal\\u00eda francesa\",\"previousItem\":{\"@type\":\"ListItem\",\"@id\":\"https:\\\/\\\/www.eldigitaldeasturias.com\\\/noticias\\\/category\\\/actualidad\\\/#listItem\",\"name\":\"Actualidad\"}}]},{\"@type\":\"Organization\",\"@id\":\"https:\\\/\\\/www.eldigitaldeasturias.com\\\/noticias\\\/#organization\",\"name\":\"El Digital de Asturias\",\"description\":\"Hemeroteca\",\"url\":\"https:\\\/\\\/www.eldigitaldeasturias.com\\\/noticias\\\/\",\"email\":\"info@eldigitaldeasturias.com\",\"telephone\":\"+34652131393\",\"logo\":{\"@type\":\"ImageObject\",\"url\":\"https:\\\/\\\/www.eldigitaldeasturias.com\\\/noticias\\\/wp-content\\\/uploads\\\/2020\\\/12\\\/EDA.jpg\",\"@id\":\"https:\\\/\\\/www.eldigitaldeasturias.com\\\/noticias\\\/acusan-al-gobierno-de-atacar-la-independencia-de-la-fiscalia-francesa\\\/#organizationLogo\"},\"image\":{\"@id\":\"https:\\\/\\\/www.eldigitaldeasturias.com\\\/noticias\\\/acusan-al-gobierno-de-atacar-la-independencia-de-la-fiscalia-francesa\\\/#organizationLogo\"},\"sameAs\":[\"https:\\\/\\\/facebook.com\\\/eldigitaldeasturias\",\"https:\\\/\\\/www.youtube.com\\\/channel\\\/UCZP-2wLEB9Rv6erhFmqVnvg\"],\"address\":{\"@id\":\"https:\\\/\\\/www.eldigitaldeasturias.com\\\/noticias\\\/#postaladdress\",\"@type\":\"PostalAddress\",\"streetAddress\":\"san antonio 4\",\"postalCode\":\"33430\",\"addressLocality\":\"Cand\\u00e1s\",\"addressRegion\":\"Asturias\",\"addressCountry\":\"ES\"}},{\"@type\":\"Person\",\"@id\":\"https:\\\/\\\/www.eldigitaldeasturias.com\\\/noticias\\\/author\\\/admin\\\/#author\",\"url\":\"https:\\\/\\\/www.eldigitaldeasturias.com\\\/noticias\\\/author\\\/admin\\\/\",\"name\":\"El Digital de Asturias\",\"image\":{\"@type\":\"ImageObject\",\"@id\":\"https:\\\/\\\/www.eldigitaldeasturias.com\\\/noticias\\\/acusan-al-gobierno-de-atacar-la-independencia-de-la-fiscalia-francesa\\\/#authorImage\",\"url\":\"https:\\\/\\\/secure.gravatar.com\\\/avatar\\\/df2aeffc32bcd13f8d26072ef8a91b623d677766deac7f97ca815868cd41bf5e?s=96&d=mm&r=g\",\"width\":96,\"height\":96,\"caption\":\"El Digital de Asturias\"}},{\"@type\":\"WebPage\",\"@id\":\"https:\\\/\\\/www.eldigitaldeasturias.com\\\/noticias\\\/acusan-al-gobierno-de-atacar-la-independencia-de-la-fiscalia-francesa\\\/#webpage\",\"url\":\"https:\\\/\\\/www.eldigitaldeasturias.com\\\/noticias\\\/acusan-al-gobierno-de-atacar-la-independencia-de-la-fiscalia-francesa\\\/\",\"name\":\"Acusan al Gobierno de atacar la independencia de la Fiscal\\u00eda francesa - El Digital de Asturias\",\"description\":\"Par\\u00eds, 5 feb (EFE).- La ministra francesa de Justicia, Christiane Taubira, que ha hecho p\\u00fablicamente de la independencia de la magistratura uno de sus principios en el cargo, ha sido acusada por el fiscal de Par\\u00eds, Fran\\u00e7ois Falletti, de querer reemplazarlo por no ser de la misma \\\"sensibilidad pol\\u00edtica\\\". La informaci\\u00f3n fue revelada por \\\"Le\",\"inLanguage\":\"es-ES\",\"isPartOf\":{\"@id\":\"https:\\\/\\\/www.eldigitaldeasturias.com\\\/noticias\\\/#website\"},\"breadcrumb\":{\"@id\":\"https:\\\/\\\/www.eldigitaldeasturias.com\\\/noticias\\\/acusan-al-gobierno-de-atacar-la-independencia-de-la-fiscalia-francesa\\\/#breadcrumblist\"},\"author\":{\"@id\":\"https:\\\/\\\/www.eldigitaldeasturias.com\\\/noticias\\\/author\\\/admin\\\/#author\"},\"creator\":{\"@id\":\"https:\\\/\\\/www.eldigitaldeasturias.com\\\/noticias\\\/author\\\/admin\\\/#author\"},\"image\":{\"@type\":\"ImageObject\",\"url\":484071,\"@id\":\"https:\\\/\\\/www.eldigitaldeasturias.com\\\/noticias\\\/acusan-al-gobierno-de-atacar-la-independencia-de-la-fiscalia-francesa\\\/#mainImage\"},\"primaryImageOfPage\":{\"@id\":\"https:\\\/\\\/www.eldigitaldeasturias.com\\\/noticias\\\/acusan-al-gobierno-de-atacar-la-independencia-de-la-fiscalia-francesa\\\/#mainImage\"},\"datePublished\":\"2014-02-05T19:48:53+01:00\",\"dateModified\":\"2014-02-05T19:48:53+01:00\"},{\"@type\":\"WebSite\",\"@id\":\"https:\\\/\\\/www.eldigitaldeasturias.com\\\/noticias\\\/#website\",\"url\":\"https:\\\/\\\/www.eldigitaldeasturias.com\\\/noticias\\\/\",\"name\":\"El Digital de Asturias - Diario de actualidad y noticias\",\"alternateName\":\"El Digital de Asturias - Diario de actualidad y noticias\",\"description\":\"Hemeroteca\",\"inLanguage\":\"es-ES\",\"publisher\":{\"@id\":\"https:\\\/\\\/www.eldigitaldeasturias.com\\\/noticias\\\/#organization\"}}]}\n\t\t<\/script>\n\t\t<!-- All in One SEO Pro -->\r\n\t\t<title>Acusan al Gobierno de atacar la independencia de la Fiscal\u00eda francesa - El Digital de Asturias<\/title>\n\n","aioseo_head_json":{"title":"Acusan al Gobierno de atacar la independencia de la Fiscal\u00eda francesa - El Digital de Asturias","description":"Par\u00eds, 5 feb (EFE).- La ministra francesa de Justicia, Christiane Taubira, que ha hecho p\u00fablicamente de la independencia de la magistratura uno de sus principios en el cargo, ha sido acusada por el fiscal de Par\u00eds, Fran\u00e7ois Falletti, de querer reemplazarlo por no ser de la misma \"sensibilidad pol\u00edtica\". La informaci\u00f3n fue revelada por \"Le","canonical_url":"https:\/\/www.eldigitaldeasturias.com\/noticias\/acusan-al-gobierno-de-atacar-la-independencia-de-la-fiscalia-francesa\/","robots":"max-image-preview:large","keywords":"actualidad","webmasterTools":{"google-site-verification":"UA-38556648-1","msvalidate.01":"7dfe9f3f1b24437ab69f4f2559babe99","miscellaneous":""},"schema":{"@context":"https:\/\/schema.org","@graph":[{"@type":"BlogPosting","@id":"https:\/\/www.eldigitaldeasturias.com\/noticias\/acusan-al-gobierno-de-atacar-la-independencia-de-la-fiscalia-francesa\/#blogposting","name":"Acusan al Gobierno de atacar la independencia de la Fiscal\u00eda francesa - El Digital de Asturias","headline":"Acusan al Gobierno de atacar la independencia de la Fiscal\u00eda francesa","author":{"@id":"https:\/\/www.eldigitaldeasturias.com\/noticias\/author\/admin\/#author"},"publisher":{"@id":"https:\/\/www.eldigitaldeasturias.com\/noticias\/#organization"},"image":{"@type":"ImageObject","url":484071},"datePublished":"2014-02-05T19:48:53+01:00","dateModified":"2014-02-05T19:48:53+01:00","inLanguage":"es-ES","mainEntityOfPage":{"@id":"https:\/\/www.eldigitaldeasturias.com\/noticias\/acusan-al-gobierno-de-atacar-la-independencia-de-la-fiscalia-francesa\/#webpage"},"isPartOf":{"@id":"https:\/\/www.eldigitaldeasturias.com\/noticias\/acusan-al-gobierno-de-atacar-la-independencia-de-la-fiscalia-francesa\/#webpage"},"articleSection":"Actualidad"},{"@type":"BreadcrumbList","@id":"https:\/\/www.eldigitaldeasturias.com\/noticias\/acusan-al-gobierno-de-atacar-la-independencia-de-la-fiscalia-francesa\/#breadcrumblist","itemListElement":[{"@type":"ListItem","@id":"https:\/\/www.eldigitaldeasturias.com\/noticias#listItem","position":1,"name":"Home","item":"https:\/\/www.eldigitaldeasturias.com\/noticias","nextItem":{"@type":"ListItem","@id":"https:\/\/www.eldigitaldeasturias.com\/noticias\/category\/actualidad\/#listItem","name":"Actualidad"}},{"@type":"ListItem","@id":"https:\/\/www.eldigitaldeasturias.com\/noticias\/category\/actualidad\/#listItem","position":2,"name":"Actualidad","item":"https:\/\/www.eldigitaldeasturias.com\/noticias\/category\/actualidad\/","nextItem":{"@type":"ListItem","@id":"https:\/\/www.eldigitaldeasturias.com\/noticias\/acusan-al-gobierno-de-atacar-la-independencia-de-la-fiscalia-francesa\/#listItem","name":"Acusan al Gobierno de atacar la independencia de la Fiscal\u00eda francesa"},"previousItem":{"@type":"ListItem","@id":"https:\/\/www.eldigitaldeasturias.com\/noticias#listItem","name":"Home"}},{"@type":"ListItem","@id":"https:\/\/www.eldigitaldeasturias.com\/noticias\/acusan-al-gobierno-de-atacar-la-independencia-de-la-fiscalia-francesa\/#listItem","position":3,"name":"Acusan al Gobierno de atacar la independencia de la Fiscal\u00eda francesa","previousItem":{"@type":"ListItem","@id":"https:\/\/www.eldigitaldeasturias.com\/noticias\/category\/actualidad\/#listItem","name":"Actualidad"}}]},{"@type":"Organization","@id":"https:\/\/www.eldigitaldeasturias.com\/noticias\/#organization","name":"El Digital de Asturias","description":"Hemeroteca","url":"https:\/\/www.eldigitaldeasturias.com\/noticias\/","email":"info@eldigitaldeasturias.com","telephone":"+34652131393","logo":{"@type":"ImageObject","url":"https:\/\/www.eldigitaldeasturias.com\/noticias\/wp-content\/uploads\/2020\/12\/EDA.jpg","@id":"https:\/\/www.eldigitaldeasturias.com\/noticias\/acusan-al-gobierno-de-atacar-la-independencia-de-la-fiscalia-francesa\/#organizationLogo"},"image":{"@id":"https:\/\/www.eldigitaldeasturias.com\/noticias\/acusan-al-gobierno-de-atacar-la-independencia-de-la-fiscalia-francesa\/#organizationLogo"},"sameAs":["https:\/\/facebook.com\/eldigitaldeasturias","https:\/\/www.youtube.com\/channel\/UCZP-2wLEB9Rv6erhFmqVnvg"],"address":{"@id":"https:\/\/www.eldigitaldeasturias.com\/noticias\/#postaladdress","@type":"PostalAddress","streetAddress":"san antonio 4","postalCode":"33430","addressLocality":"Cand\u00e1s","addressRegion":"Asturias","addressCountry":"ES"}},{"@type":"Person","@id":"https:\/\/www.eldigitaldeasturias.com\/noticias\/author\/admin\/#author","url":"https:\/\/www.eldigitaldeasturias.com\/noticias\/author\/admin\/","name":"El Digital de Asturias","image":{"@type":"ImageObject","@id":"https:\/\/www.eldigitaldeasturias.com\/noticias\/acusan-al-gobierno-de-atacar-la-independencia-de-la-fiscalia-francesa\/#authorImage","url":"https:\/\/secure.gravatar.com\/avatar\/df2aeffc32bcd13f8d26072ef8a91b623d677766deac7f97ca815868cd41bf5e?s=96&d=mm&r=g","width":96,"height":96,"caption":"El Digital de Asturias"}},{"@type":"WebPage","@id":"https:\/\/www.eldigitaldeasturias.com\/noticias\/acusan-al-gobierno-de-atacar-la-independencia-de-la-fiscalia-francesa\/#webpage","url":"https:\/\/www.eldigitaldeasturias.com\/noticias\/acusan-al-gobierno-de-atacar-la-independencia-de-la-fiscalia-francesa\/","name":"Acusan al Gobierno de atacar la independencia de la Fiscal\u00eda francesa - El Digital de Asturias","description":"Par\u00eds, 5 feb (EFE).- La ministra francesa de Justicia, Christiane Taubira, que ha hecho p\u00fablicamente de la independencia de la magistratura uno de sus principios en el cargo, ha sido acusada por el fiscal de Par\u00eds, Fran\u00e7ois Falletti, de querer reemplazarlo por no ser de la misma \"sensibilidad pol\u00edtica\". La informaci\u00f3n fue revelada por \"Le","inLanguage":"es-ES","isPartOf":{"@id":"https:\/\/www.eldigitaldeasturias.com\/noticias\/#website"},"breadcrumb":{"@id":"https:\/\/www.eldigitaldeasturias.com\/noticias\/acusan-al-gobierno-de-atacar-la-independencia-de-la-fiscalia-francesa\/#breadcrumblist"},"author":{"@id":"https:\/\/www.eldigitaldeasturias.com\/noticias\/author\/admin\/#author"},"creator":{"@id":"https:\/\/www.eldigitaldeasturias.com\/noticias\/author\/admin\/#author"},"image":{"@type":"ImageObject","url":484071,"@id":"https:\/\/www.eldigitaldeasturias.com\/noticias\/acusan-al-gobierno-de-atacar-la-independencia-de-la-fiscalia-francesa\/#mainImage"},"primaryImageOfPage":{"@id":"https:\/\/www.eldigitaldeasturias.com\/noticias\/acusan-al-gobierno-de-atacar-la-independencia-de-la-fiscalia-francesa\/#mainImage"},"datePublished":"2014-02-05T19:48:53+01:00","dateModified":"2014-02-05T19:48:53+01:00"},{"@type":"WebSite","@id":"https:\/\/www.eldigitaldeasturias.com\/noticias\/#website","url":"https:\/\/www.eldigitaldeasturias.com\/noticias\/","name":"El Digital de Asturias - Diario de actualidad y noticias","alternateName":"El Digital de Asturias - Diario de actualidad y noticias","description":"Hemeroteca","inLanguage":"es-ES","publisher":{"@id":"https:\/\/www.eldigitaldeasturias.com\/noticias\/#organization"}}]},"og:locale":"es_ES","og:site_name":"El Digital de Asturias","og:type":"article","og:title":"Acusan al Gobierno de atacar la independencia de la Fiscal\u00eda francesa - El Digital de Asturias","og:description":"Par\u00eds, 5 feb (EFE).- La ministra francesa de Justicia, Christiane Taubira, que ha hecho p\u00fablicamente de la independencia de la magistratura uno de sus principios en el cargo, ha sido acusada por el fiscal de Par\u00eds, Fran\u00e7ois Falletti, de querer reemplazarlo por no ser de la misma &quot;sensibilidad pol\u00edtica&quot;. La informaci\u00f3n fue revelada por &quot;Le","og:url":"https:\/\/www.eldigitaldeasturias.com\/noticias\/acusan-al-gobierno-de-atacar-la-independencia-de-la-fiscalia-francesa\/","article:tag":["actualidad"],"article:published_time":"2014-02-05T20:48:53+00:00","article:modified_time":"2014-02-05T20:48:53+00:00","article:publisher":"https:\/\/facebook.com\/eldigitaldeasturias","twitter:card":"summary_large_image","twitter:title":"Acusan al Gobierno de atacar la independencia de la Fiscal\u00eda francesa - El Digital de Asturias","twitter:description":"Par\u00eds, 5 feb (EFE).- La ministra francesa de Justicia, Christiane Taubira, que ha hecho p\u00fablicamente de la independencia de la magistratura uno de sus principios en el cargo, ha sido acusada por el fiscal de Par\u00eds, Fran\u00e7ois Falletti, de querer reemplazarlo por no ser de la misma &quot;sensibilidad pol\u00edtica&quot;. La informaci\u00f3n fue revelada por &quot;Le","twitter:label1":"Escrito por","twitter:data1":"El Digital de Asturias","twitter:label2":"Tiempo de lectura estimado","twitter:data2":"2 minutos"},"aioseo_meta_data":{"post_id":"484070","title":null,"description":null,"keywords":null,"keyphrases":null,"primary_term":null,"canonical_url":null,"og_title":null,"og_description":null,"og_object_type":"default","og_image_type":"default","og_image_url":null,"og_image_width":null,"og_image_height":null,"og_image_custom_url":null,"og_image_custom_fields":null,"og_video":null,"og_custom_url":null,"og_article_section":null,"og_article_tags":null,"twitter_use_og":true,"twitter_card":"default","twitter_image_type":"default","twitter_image_url":null,"twitter_image_custom_url":null,"twitter_image_custom_fields":null,"twitter_title":null,"twitter_description":null,"schema":{"blockGraphs":[],"customGraphs":[],"default":{"data":{"Article":[],"Course":[],"Dataset":[],"FAQPage":[],"Movie":[],"Person":[],"Product":[],"ProductReview":[],"Car":[],"Recipe":[],"Service":[],"SoftwareApplication":[],"WebPage":[]},"graphName":"","isEnabled":true},"graphs":[],"defaultGraph":"","defaultPostTypeGraph":""},"schema_type":null,"schema_type_options":null,"pillar_content":false,"robots_default":true,"robots_noindex":false,"robots_noarchive":false,"robots_nosnippet":false,"robots_nofollow":false,"robots_noimageindex":false,"robots_noodp":false,"robots_notranslate":false,"robots_max_snippet":null,"robots_max_videopreview":null,"robots_max_imagepreview":"none","priority":null,"frequency":null,"local_seo":null,"seo_analyzer_scan_date":"2026-06-02 14:44:54","breadcrumb_settings":null,"limit_modified_date":false,"open_ai":null,"ai":null,"created":"2020-11-14 22:55:00","updated":"2026-06-02 14:44:54","focus_keyword":null,"additional_keywords":null,"truseo_locale":null},"aioseo_breadcrumb":"<div class=\"aioseo-breadcrumbs\"><span class=\"aioseo-breadcrumb\">\n\t<a href=\"https:\/\/www.eldigitaldeasturias.com\/noticias\" title=\"Home\">Home<\/a>\n<\/span><span class=\"aioseo-breadcrumb-separator\">\u2013<\/span><span class=\"aioseo-breadcrumb\">\n\t<a href=\"https:\/\/www.eldigitaldeasturias.com\/noticias\/category\/actualidad\/\" title=\"Actualidad\">Actualidad<\/a>\n<\/span><span class=\"aioseo-breadcrumb-separator\">\u2013<\/span><span class=\"aioseo-breadcrumb\">\n\t<a href=\"https:\/\/www.eldigitaldeasturias.com\/noticias\/acusan-al-gobierno-de-atacar-la-independencia-de-la-fiscalia-francesa\/\" title=\"Acusan al Gobierno de atacar la independencia de la Fiscal\u00eda francesa\">Acusan al Gobierno de atacar la independencia de la Fiscal\u00eda francesa<\/a>\n<\/span><\/div>","aioseo_breadcrumb_json":[{"label":"Home","link":"https:\/\/www.eldigitaldeasturias.com\/noticias"},{"label":"Actualidad","link":"https:\/\/www.eldigitaldeasturias.com\/noticias\/category\/actualidad\/"},{"label":"Acusan al Gobierno de atacar la independencia de la Fiscal\u00eda francesa","link":"https:\/\/www.eldigitaldeasturias.com\/noticias\/acusan-al-gobierno-de-atacar-la-independencia-de-la-fiscalia-francesa\/"}],"_links":{"self":[{"href":"https:\/\/www.eldigitaldeasturias.com\/noticias\/wp-json\/wp\/v2\/posts\/484070","targetHints":{"allow":["GET"]}}],"collection":[{"href":"https:\/\/www.eldigitaldeasturias.com\/noticias\/wp-json\/wp\/v2\/posts"}],"about":[{"href":"https:\/\/www.eldigitaldeasturias.com\/noticias\/wp-json\/wp\/v2\/types\/post"}],"author":[{"embeddable":true,"href":"https:\/\/www.eldigitaldeasturias.com\/noticias\/wp-json\/wp\/v2\/users\/1"}],"replies":[{"embeddable":true,"href":"https:\/\/www.eldigitaldeasturias.com\/noticias\/wp-json\/wp\/v2\/comments?post=484070"}],"version-history":[{"count":0,"href":"https:\/\/www.eldigitaldeasturias.com\/noticias\/wp-json\/wp\/v2\/posts\/484070\/revisions"}],"wp:attachment":[{"href":"https:\/\/www.eldigitaldeasturias.com\/noticias\/wp-json\/wp\/v2\/media?parent=484070"}],"wp:term":[{"taxonomy":"category","embeddable":true,"href":"https:\/\/www.eldigitaldeasturias.com\/noticias\/wp-json\/wp\/v2\/categories?post=484070"},{"taxonomy":"post_tag","embeddable":true,"href":"https:\/\/www.eldigitaldeasturias.com\/noticias\/wp-json\/wp\/v2\/tags?post=484070"}],"curies":[{"name":"wp","href":"https:\/\/api.w.org\/{rel}","templated":true}]}}