{"id":484055,"date":"2014-02-05T19:39:21","date_gmt":"2014-02-05T20:39:21","guid":{"rendered":"http:\/\/www.eldigitaldeasturias.com\/noticias\/?p=484055"},"modified":"2014-02-05T19:39:21","modified_gmt":"2014-02-05T20:39:21","slug":"floriano-niega-que-haya-acelerones-y-frenazos-en-la-eleccion-del-lider-del-pp-andaluz","status":"publish","type":"post","link":"https:\/\/www.eldigitaldeasturias.com\/noticias\/floriano-niega-que-haya-acelerones-y-frenazos-en-la-eleccion-del-lider-del-pp-andaluz\/","title":{"rendered":"Floriano niega que haya \u00abacelerones y frenazos\u00bb en la elecci\u00f3n del l\u00edder del PP andaluz"},"content":{"rendered":"<p><img loading=\"lazy\" decoding=\"async\" class=\"alignleft size-medium wp-image-484056\" alt=\"5911401w\" src=\"https:\/\/www.eldigitaldeasturias.com\/noticias\/wp-content\/uploads\/2014\/02\/5911401w-213x320.jpg\" width=\"213\" height=\"320\" \/>Madrid, 5 feb (EFE).- El vicesecretario general de Organizaci\u00f3n, Carlos Floriano, ha negado hoy que haya \u00abacelerones y frenazos\u00bb en la elecci\u00f3n del nuevo l\u00edder del PP andaluz.<\/p>\n<p>En una entrevista en TVE, Floriano ha se\u00f1alado que lo que tiene previsto el partido es celebrar hoy una junta directiva regional para convocar el congreso en el que los militantes del PP de Andaluc\u00eda elegir\u00e1n al que va a ser su l\u00edder para los pr\u00f3ximos a\u00f1os.<\/p>\n<p>Una junta que, ha recordado, van a presidir la secretaria general del PP, Mar\u00eda Dolores de Cospedal, y el presidente saliente del PP andaluz, Juan Ignacio Zoido.<\/p>\n<p>\u00abLos que vivimos por dentro estas cuestiones, algunas veces nos asombramos de estos frenazos y acelerones (de los que se habla)\u00bb que nosotros no vivimos\u00bb, ha asegurado el &#8216;n\u00famero tres&#8217; del PP.<\/p>\n<p>Floriano tambi\u00e9n ha se\u00f1alado que las \u00abquinielas\u00bb que se est\u00e1n haciendo sobre qui\u00e9n va a ser el sucesor de Zoido \u00abno son responsabilidad del PP sino de quien apuesta\u00bb.<\/p>\n<p>\u00abSi hay algo que tiene el PP es a mucha gente v\u00e1lida y con capacidad, no s\u00f3lo de liderar nuestros proyectos, sino de llevar a cabo nuestras pol\u00edticas\u00bb, ha dicho el vicesecretario de Organizaci\u00f3n.<\/p>\n","protected":false},"excerpt":{"rendered":"<p>Madrid, 5 feb (EFE).- El vicesecretario general de Organizaci\u00f3n, Carlos Floriano, ha negado hoy que haya \u00abacelerones y frenazos\u00bb en la elecci\u00f3n del nuevo l\u00edder del PP andaluz. En una entrevista en TVE, Floriano ha se\u00f1alado que lo que tiene previsto el partido es celebrar hoy una junta directiva regional para convocar el congreso en [&hellip;]<\/p>\n","protected":false},"author":1,"featured_media":484056,"comment_status":"closed","ping_status":"open","sticky":false,"template":"","format":"standard","meta":{"footnotes":""},"categories":[1],"tags":[],"class_list":["post-484055","post","type-post","status-publish","format-standard","has-post-thumbnail","hentry","category-actualidad"],"aioseo_notices":[],"aioseo_head":"\n\t\t<!-- All in One SEO Pro 5.0.1 - aioseo.com -->\n\t<meta name=\"description\" content=\"Madrid, 5 feb (EFE).- El vicesecretario general de Organizaci\u00f3n, Carlos Floriano, ha negado hoy que haya &quot;acelerones y frenazos&quot; en la elecci\u00f3n del nuevo l\u00edder del PP andaluz. En una entrevista en TVE, Floriano ha se\u00f1alado que lo que tiene previsto el partido es celebrar hoy una junta directiva regional para convocar el congreso en\" \/>\n\t<meta name=\"robots\" content=\"max-image-preview:large\" \/>\n\t<meta name=\"author\" content=\"El Digital de Asturias\"\/>\n\t<meta name=\"google-site-verification\" content=\"UA-38556648-1\" \/>\n\t<meta name=\"msvalidate.01\" content=\"7dfe9f3f1b24437ab69f4f2559babe99\" \/>\n\t<meta name=\"keywords\" content=\"actualidad\" \/>\n\t<link rel=\"canonical\" href=\"https:\/\/www.eldigitaldeasturias.com\/noticias\/floriano-niega-que-haya-acelerones-y-frenazos-en-la-eleccion-del-lider-del-pp-andaluz\/\" \/>\n\t<meta name=\"generator\" content=\"All in One SEO Pro (AIOSEO) 5.0.1\" \/>\n\t\t<meta property=\"og:locale\" content=\"es_ES\" \/>\n\t\t<meta property=\"og:site_name\" content=\"El Digital de Asturias\" \/>\n\t\t<meta property=\"og:type\" content=\"article\" \/>\n\t\t<meta property=\"og:title\" content=\"Floriano niega que haya \u00abacelerones y frenazos\u00bb en la elecci\u00f3n del l\u00edder del PP andaluz - El Digital de Asturias\" \/>\n\t\t<meta property=\"og:description\" content=\"Madrid, 5 feb (EFE).- El vicesecretario general de Organizaci\u00f3n, Carlos Floriano, ha negado hoy que haya &quot;acelerones y frenazos&quot; en la elecci\u00f3n del nuevo l\u00edder del PP andaluz. En una entrevista en TVE, Floriano ha se\u00f1alado que lo que tiene previsto el partido es celebrar hoy una junta directiva regional para convocar el congreso en\" \/>\n\t\t<meta property=\"og:url\" content=\"https:\/\/www.eldigitaldeasturias.com\/noticias\/floriano-niega-que-haya-acelerones-y-frenazos-en-la-eleccion-del-lider-del-pp-andaluz\/\" \/>\n\t\t<meta property=\"article:tag\" content=\"actualidad\" \/>\n\t\t<meta property=\"article:published_time\" content=\"2014-02-05T20:39:21+00:00\" \/>\n\t\t<meta property=\"article:modified_time\" content=\"2014-02-05T20:39:21+00:00\" \/>\n\t\t<meta property=\"article:publisher\" content=\"https:\/\/facebook.com\/eldigitaldeasturias\" \/>\n\t\t<meta name=\"twitter:card\" content=\"summary_large_image\" \/>\n\t\t<meta name=\"twitter:title\" content=\"Floriano niega que haya \u00abacelerones y frenazos\u00bb en la elecci\u00f3n del l\u00edder del PP andaluz - El Digital de Asturias\" \/>\n\t\t<meta name=\"twitter:description\" content=\"Madrid, 5 feb (EFE).- El vicesecretario general de Organizaci\u00f3n, Carlos Floriano, ha negado hoy que haya &quot;acelerones y frenazos&quot; en la elecci\u00f3n del nuevo l\u00edder del PP andaluz. En una entrevista en TVE, Floriano ha se\u00f1alado que lo que tiene previsto el partido es celebrar hoy una junta directiva regional para convocar el congreso en\" \/>\n\t\t<meta name=\"twitter:label1\" content=\"Escrito por\" \/>\n\t\t<meta name=\"twitter:data1\" content=\"El Digital de Asturias\" \/>\n\t\t<meta name=\"twitter:label2\" content=\"Tiempo de lectura estimado\" \/>\n\t\t<meta name=\"twitter:data2\" content=\"1 minuto\" \/>\n\t\t<script type=\"application\/ld+json\" class=\"aioseo-schema\">\n\t\t\t{\"@context\":\"https:\\\/\\\/schema.org\",\"@graph\":[{\"@type\":\"BlogPosting\",\"@id\":\"https:\\\/\\\/www.eldigitaldeasturias.com\\\/noticias\\\/floriano-niega-que-haya-acelerones-y-frenazos-en-la-eleccion-del-lider-del-pp-andaluz\\\/#blogposting\",\"name\":\"Floriano niega que haya \\u00abacelerones y frenazos\\u00bb en la elecci\\u00f3n del l\\u00edder del PP andaluz - El Digital de Asturias\",\"headline\":\"Floriano niega que haya \\u00abacelerones y frenazos\\u00bb en la elecci\\u00f3n del l\\u00edder del PP andaluz\",\"author\":{\"@id\":\"https:\\\/\\\/www.eldigitaldeasturias.com\\\/noticias\\\/author\\\/admin\\\/#author\"},\"publisher\":{\"@id\":\"https:\\\/\\\/www.eldigitaldeasturias.com\\\/noticias\\\/#organization\"},\"image\":{\"@type\":\"ImageObject\",\"url\":484056},\"datePublished\":\"2014-02-05T19:39:21+01:00\",\"dateModified\":\"2014-02-05T19:39:21+01:00\",\"inLanguage\":\"es-ES\",\"mainEntityOfPage\":{\"@id\":\"https:\\\/\\\/www.eldigitaldeasturias.com\\\/noticias\\\/floriano-niega-que-haya-acelerones-y-frenazos-en-la-eleccion-del-lider-del-pp-andaluz\\\/#webpage\"},\"isPartOf\":{\"@id\":\"https:\\\/\\\/www.eldigitaldeasturias.com\\\/noticias\\\/floriano-niega-que-haya-acelerones-y-frenazos-en-la-eleccion-del-lider-del-pp-andaluz\\\/#webpage\"},\"articleSection\":\"Actualidad\"},{\"@type\":\"BreadcrumbList\",\"@id\":\"https:\\\/\\\/www.eldigitaldeasturias.com\\\/noticias\\\/floriano-niega-que-haya-acelerones-y-frenazos-en-la-eleccion-del-lider-del-pp-andaluz\\\/#breadcrumblist\",\"itemListElement\":[{\"@type\":\"ListItem\",\"@id\":\"https:\\\/\\\/www.eldigitaldeasturias.com\\\/noticias#listItem\",\"position\":1,\"name\":\"Home\",\"item\":\"https:\\\/\\\/www.eldigitaldeasturias.com\\\/noticias\",\"nextItem\":{\"@type\":\"ListItem\",\"@id\":\"https:\\\/\\\/www.eldigitaldeasturias.com\\\/noticias\\\/category\\\/actualidad\\\/#listItem\",\"name\":\"Actualidad\"}},{\"@type\":\"ListItem\",\"@id\":\"https:\\\/\\\/www.eldigitaldeasturias.com\\\/noticias\\\/category\\\/actualidad\\\/#listItem\",\"position\":2,\"name\":\"Actualidad\",\"item\":\"https:\\\/\\\/www.eldigitaldeasturias.com\\\/noticias\\\/category\\\/actualidad\\\/\",\"nextItem\":{\"@type\":\"ListItem\",\"@id\":\"https:\\\/\\\/www.eldigitaldeasturias.com\\\/noticias\\\/floriano-niega-que-haya-acelerones-y-frenazos-en-la-eleccion-del-lider-del-pp-andaluz\\\/#listItem\",\"name\":\"Floriano niega que haya \\u00abacelerones y frenazos\\u00bb en la elecci\\u00f3n del l\\u00edder del PP andaluz\"},\"previousItem\":{\"@type\":\"ListItem\",\"@id\":\"https:\\\/\\\/www.eldigitaldeasturias.com\\\/noticias#listItem\",\"name\":\"Home\"}},{\"@type\":\"ListItem\",\"@id\":\"https:\\\/\\\/www.eldigitaldeasturias.com\\\/noticias\\\/floriano-niega-que-haya-acelerones-y-frenazos-en-la-eleccion-del-lider-del-pp-andaluz\\\/#listItem\",\"position\":3,\"name\":\"Floriano niega que haya \\u00abacelerones y frenazos\\u00bb en la elecci\\u00f3n del l\\u00edder del PP andaluz\",\"previousItem\":{\"@type\":\"ListItem\",\"@id\":\"https:\\\/\\\/www.eldigitaldeasturias.com\\\/noticias\\\/category\\\/actualidad\\\/#listItem\",\"name\":\"Actualidad\"}}]},{\"@type\":\"Organization\",\"@id\":\"https:\\\/\\\/www.eldigitaldeasturias.com\\\/noticias\\\/#organization\",\"name\":\"El Digital de Asturias\",\"description\":\"Hemeroteca\",\"url\":\"https:\\\/\\\/www.eldigitaldeasturias.com\\\/noticias\\\/\",\"email\":\"info@eldigitaldeasturias.com\",\"telephone\":\"+34652131393\",\"logo\":{\"@type\":\"ImageObject\",\"url\":\"https:\\\/\\\/www.eldigitaldeasturias.com\\\/noticias\\\/wp-content\\\/uploads\\\/2020\\\/12\\\/EDA.jpg\",\"@id\":\"https:\\\/\\\/www.eldigitaldeasturias.com\\\/noticias\\\/floriano-niega-que-haya-acelerones-y-frenazos-en-la-eleccion-del-lider-del-pp-andaluz\\\/#organizationLogo\"},\"image\":{\"@id\":\"https:\\\/\\\/www.eldigitaldeasturias.com\\\/noticias\\\/floriano-niega-que-haya-acelerones-y-frenazos-en-la-eleccion-del-lider-del-pp-andaluz\\\/#organizationLogo\"},\"sameAs\":[\"https:\\\/\\\/facebook.com\\\/eldigitaldeasturias\",\"https:\\\/\\\/www.youtube.com\\\/channel\\\/UCZP-2wLEB9Rv6erhFmqVnvg\"],\"address\":{\"@id\":\"https:\\\/\\\/www.eldigitaldeasturias.com\\\/noticias\\\/#postaladdress\",\"@type\":\"PostalAddress\",\"streetAddress\":\"san antonio 4\",\"postalCode\":\"33430\",\"addressLocality\":\"Cand\\u00e1s\",\"addressRegion\":\"Asturias\",\"addressCountry\":\"ES\"}},{\"@type\":\"Person\",\"@id\":\"https:\\\/\\\/www.eldigitaldeasturias.com\\\/noticias\\\/author\\\/admin\\\/#author\",\"url\":\"https:\\\/\\\/www.eldigitaldeasturias.com\\\/noticias\\\/author\\\/admin\\\/\",\"name\":\"El Digital de Asturias\",\"image\":{\"@type\":\"ImageObject\",\"@id\":\"https:\\\/\\\/www.eldigitaldeasturias.com\\\/noticias\\\/floriano-niega-que-haya-acelerones-y-frenazos-en-la-eleccion-del-lider-del-pp-andaluz\\\/#authorImage\",\"url\":\"https:\\\/\\\/secure.gravatar.com\\\/avatar\\\/df2aeffc32bcd13f8d26072ef8a91b623d677766deac7f97ca815868cd41bf5e?s=96&d=mm&r=g\",\"width\":96,\"height\":96,\"caption\":\"El Digital de Asturias\"}},{\"@type\":\"WebPage\",\"@id\":\"https:\\\/\\\/www.eldigitaldeasturias.com\\\/noticias\\\/floriano-niega-que-haya-acelerones-y-frenazos-en-la-eleccion-del-lider-del-pp-andaluz\\\/#webpage\",\"url\":\"https:\\\/\\\/www.eldigitaldeasturias.com\\\/noticias\\\/floriano-niega-que-haya-acelerones-y-frenazos-en-la-eleccion-del-lider-del-pp-andaluz\\\/\",\"name\":\"Floriano niega que haya \\u00abacelerones y frenazos\\u00bb en la elecci\\u00f3n del l\\u00edder del PP andaluz - El Digital de Asturias\",\"description\":\"Madrid, 5 feb (EFE).- El vicesecretario general de Organizaci\\u00f3n, Carlos Floriano, ha negado hoy que haya \\\"acelerones y frenazos\\\" en la elecci\\u00f3n del nuevo l\\u00edder del PP andaluz. En una entrevista en TVE, Floriano ha se\\u00f1alado que lo que tiene previsto el partido es celebrar hoy una junta directiva regional para convocar el congreso en\",\"inLanguage\":\"es-ES\",\"isPartOf\":{\"@id\":\"https:\\\/\\\/www.eldigitaldeasturias.com\\\/noticias\\\/#website\"},\"breadcrumb\":{\"@id\":\"https:\\\/\\\/www.eldigitaldeasturias.com\\\/noticias\\\/floriano-niega-que-haya-acelerones-y-frenazos-en-la-eleccion-del-lider-del-pp-andaluz\\\/#breadcrumblist\"},\"author\":{\"@id\":\"https:\\\/\\\/www.eldigitaldeasturias.com\\\/noticias\\\/author\\\/admin\\\/#author\"},\"creator\":{\"@id\":\"https:\\\/\\\/www.eldigitaldeasturias.com\\\/noticias\\\/author\\\/admin\\\/#author\"},\"image\":{\"@type\":\"ImageObject\",\"url\":484056,\"@id\":\"https:\\\/\\\/www.eldigitaldeasturias.com\\\/noticias\\\/floriano-niega-que-haya-acelerones-y-frenazos-en-la-eleccion-del-lider-del-pp-andaluz\\\/#mainImage\"},\"primaryImageOfPage\":{\"@id\":\"https:\\\/\\\/www.eldigitaldeasturias.com\\\/noticias\\\/floriano-niega-que-haya-acelerones-y-frenazos-en-la-eleccion-del-lider-del-pp-andaluz\\\/#mainImage\"},\"datePublished\":\"2014-02-05T19:39:21+01:00\",\"dateModified\":\"2014-02-05T19:39:21+01:00\"},{\"@type\":\"WebSite\",\"@id\":\"https:\\\/\\\/www.eldigitaldeasturias.com\\\/noticias\\\/#website\",\"url\":\"https:\\\/\\\/www.eldigitaldeasturias.com\\\/noticias\\\/\",\"name\":\"El Digital de Asturias - Diario de actualidad y noticias\",\"alternateName\":\"El Digital de Asturias - Diario de actualidad y noticias\",\"description\":\"Hemeroteca\",\"inLanguage\":\"es-ES\",\"publisher\":{\"@id\":\"https:\\\/\\\/www.eldigitaldeasturias.com\\\/noticias\\\/#organization\"}}]}\n\t\t<\/script>\n\t\t<!-- All in One SEO Pro -->\r\n\t\t<title>Floriano niega que haya \u00abacelerones y frenazos\u00bb en la elecci\u00f3n del l\u00edder del PP andaluz - El Digital de Asturias<\/title>\n\n","aioseo_head_json":{"title":"Floriano niega que haya \u00abacelerones y frenazos\u00bb en la elecci\u00f3n del l\u00edder del PP andaluz - El Digital de Asturias","description":"Madrid, 5 feb (EFE).- El vicesecretario general de Organizaci\u00f3n, Carlos Floriano, ha negado hoy que haya \"acelerones y frenazos\" en la elecci\u00f3n del nuevo l\u00edder del PP andaluz. En una entrevista en TVE, Floriano ha se\u00f1alado que lo que tiene previsto el partido es celebrar hoy una junta directiva regional para convocar el congreso en","canonical_url":"https:\/\/www.eldigitaldeasturias.com\/noticias\/floriano-niega-que-haya-acelerones-y-frenazos-en-la-eleccion-del-lider-del-pp-andaluz\/","robots":"max-image-preview:large","keywords":"actualidad","webmasterTools":{"google-site-verification":"UA-38556648-1","msvalidate.01":"7dfe9f3f1b24437ab69f4f2559babe99","miscellaneous":""},"schema":{"@context":"https:\/\/schema.org","@graph":[{"@type":"BlogPosting","@id":"https:\/\/www.eldigitaldeasturias.com\/noticias\/floriano-niega-que-haya-acelerones-y-frenazos-en-la-eleccion-del-lider-del-pp-andaluz\/#blogposting","name":"Floriano niega que haya \u00abacelerones y frenazos\u00bb en la elecci\u00f3n del l\u00edder del PP andaluz - El Digital de Asturias","headline":"Floriano niega que haya \u00abacelerones y frenazos\u00bb en la elecci\u00f3n del l\u00edder del PP andaluz","author":{"@id":"https:\/\/www.eldigitaldeasturias.com\/noticias\/author\/admin\/#author"},"publisher":{"@id":"https:\/\/www.eldigitaldeasturias.com\/noticias\/#organization"},"image":{"@type":"ImageObject","url":484056},"datePublished":"2014-02-05T19:39:21+01:00","dateModified":"2014-02-05T19:39:21+01:00","inLanguage":"es-ES","mainEntityOfPage":{"@id":"https:\/\/www.eldigitaldeasturias.com\/noticias\/floriano-niega-que-haya-acelerones-y-frenazos-en-la-eleccion-del-lider-del-pp-andaluz\/#webpage"},"isPartOf":{"@id":"https:\/\/www.eldigitaldeasturias.com\/noticias\/floriano-niega-que-haya-acelerones-y-frenazos-en-la-eleccion-del-lider-del-pp-andaluz\/#webpage"},"articleSection":"Actualidad"},{"@type":"BreadcrumbList","@id":"https:\/\/www.eldigitaldeasturias.com\/noticias\/floriano-niega-que-haya-acelerones-y-frenazos-en-la-eleccion-del-lider-del-pp-andaluz\/#breadcrumblist","itemListElement":[{"@type":"ListItem","@id":"https:\/\/www.eldigitaldeasturias.com\/noticias#listItem","position":1,"name":"Home","item":"https:\/\/www.eldigitaldeasturias.com\/noticias","nextItem":{"@type":"ListItem","@id":"https:\/\/www.eldigitaldeasturias.com\/noticias\/category\/actualidad\/#listItem","name":"Actualidad"}},{"@type":"ListItem","@id":"https:\/\/www.eldigitaldeasturias.com\/noticias\/category\/actualidad\/#listItem","position":2,"name":"Actualidad","item":"https:\/\/www.eldigitaldeasturias.com\/noticias\/category\/actualidad\/","nextItem":{"@type":"ListItem","@id":"https:\/\/www.eldigitaldeasturias.com\/noticias\/floriano-niega-que-haya-acelerones-y-frenazos-en-la-eleccion-del-lider-del-pp-andaluz\/#listItem","name":"Floriano niega que haya \u00abacelerones y frenazos\u00bb en la elecci\u00f3n del l\u00edder del PP andaluz"},"previousItem":{"@type":"ListItem","@id":"https:\/\/www.eldigitaldeasturias.com\/noticias#listItem","name":"Home"}},{"@type":"ListItem","@id":"https:\/\/www.eldigitaldeasturias.com\/noticias\/floriano-niega-que-haya-acelerones-y-frenazos-en-la-eleccion-del-lider-del-pp-andaluz\/#listItem","position":3,"name":"Floriano niega que haya \u00abacelerones y frenazos\u00bb en la elecci\u00f3n del l\u00edder del PP andaluz","previousItem":{"@type":"ListItem","@id":"https:\/\/www.eldigitaldeasturias.com\/noticias\/category\/actualidad\/#listItem","name":"Actualidad"}}]},{"@type":"Organization","@id":"https:\/\/www.eldigitaldeasturias.com\/noticias\/#organization","name":"El Digital de Asturias","description":"Hemeroteca","url":"https:\/\/www.eldigitaldeasturias.com\/noticias\/","email":"info@eldigitaldeasturias.com","telephone":"+34652131393","logo":{"@type":"ImageObject","url":"https:\/\/www.eldigitaldeasturias.com\/noticias\/wp-content\/uploads\/2020\/12\/EDA.jpg","@id":"https:\/\/www.eldigitaldeasturias.com\/noticias\/floriano-niega-que-haya-acelerones-y-frenazos-en-la-eleccion-del-lider-del-pp-andaluz\/#organizationLogo"},"image":{"@id":"https:\/\/www.eldigitaldeasturias.com\/noticias\/floriano-niega-que-haya-acelerones-y-frenazos-en-la-eleccion-del-lider-del-pp-andaluz\/#organizationLogo"},"sameAs":["https:\/\/facebook.com\/eldigitaldeasturias","https:\/\/www.youtube.com\/channel\/UCZP-2wLEB9Rv6erhFmqVnvg"],"address":{"@id":"https:\/\/www.eldigitaldeasturias.com\/noticias\/#postaladdress","@type":"PostalAddress","streetAddress":"san antonio 4","postalCode":"33430","addressLocality":"Cand\u00e1s","addressRegion":"Asturias","addressCountry":"ES"}},{"@type":"Person","@id":"https:\/\/www.eldigitaldeasturias.com\/noticias\/author\/admin\/#author","url":"https:\/\/www.eldigitaldeasturias.com\/noticias\/author\/admin\/","name":"El Digital de Asturias","image":{"@type":"ImageObject","@id":"https:\/\/www.eldigitaldeasturias.com\/noticias\/floriano-niega-que-haya-acelerones-y-frenazos-en-la-eleccion-del-lider-del-pp-andaluz\/#authorImage","url":"https:\/\/secure.gravatar.com\/avatar\/df2aeffc32bcd13f8d26072ef8a91b623d677766deac7f97ca815868cd41bf5e?s=96&d=mm&r=g","width":96,"height":96,"caption":"El Digital de Asturias"}},{"@type":"WebPage","@id":"https:\/\/www.eldigitaldeasturias.com\/noticias\/floriano-niega-que-haya-acelerones-y-frenazos-en-la-eleccion-del-lider-del-pp-andaluz\/#webpage","url":"https:\/\/www.eldigitaldeasturias.com\/noticias\/floriano-niega-que-haya-acelerones-y-frenazos-en-la-eleccion-del-lider-del-pp-andaluz\/","name":"Floriano niega que haya \u00abacelerones y frenazos\u00bb en la elecci\u00f3n del l\u00edder del PP andaluz - El Digital de Asturias","description":"Madrid, 5 feb (EFE).- El vicesecretario general de Organizaci\u00f3n, Carlos Floriano, ha negado hoy que haya \"acelerones y frenazos\" en la elecci\u00f3n del nuevo l\u00edder del PP andaluz. En una entrevista en TVE, Floriano ha se\u00f1alado que lo que tiene previsto el partido es celebrar hoy una junta directiva regional para convocar el congreso en","inLanguage":"es-ES","isPartOf":{"@id":"https:\/\/www.eldigitaldeasturias.com\/noticias\/#website"},"breadcrumb":{"@id":"https:\/\/www.eldigitaldeasturias.com\/noticias\/floriano-niega-que-haya-acelerones-y-frenazos-en-la-eleccion-del-lider-del-pp-andaluz\/#breadcrumblist"},"author":{"@id":"https:\/\/www.eldigitaldeasturias.com\/noticias\/author\/admin\/#author"},"creator":{"@id":"https:\/\/www.eldigitaldeasturias.com\/noticias\/author\/admin\/#author"},"image":{"@type":"ImageObject","url":484056,"@id":"https:\/\/www.eldigitaldeasturias.com\/noticias\/floriano-niega-que-haya-acelerones-y-frenazos-en-la-eleccion-del-lider-del-pp-andaluz\/#mainImage"},"primaryImageOfPage":{"@id":"https:\/\/www.eldigitaldeasturias.com\/noticias\/floriano-niega-que-haya-acelerones-y-frenazos-en-la-eleccion-del-lider-del-pp-andaluz\/#mainImage"},"datePublished":"2014-02-05T19:39:21+01:00","dateModified":"2014-02-05T19:39:21+01:00"},{"@type":"WebSite","@id":"https:\/\/www.eldigitaldeasturias.com\/noticias\/#website","url":"https:\/\/www.eldigitaldeasturias.com\/noticias\/","name":"El Digital de Asturias - Diario de actualidad y noticias","alternateName":"El Digital de Asturias - Diario de actualidad y noticias","description":"Hemeroteca","inLanguage":"es-ES","publisher":{"@id":"https:\/\/www.eldigitaldeasturias.com\/noticias\/#organization"}}]},"og:locale":"es_ES","og:site_name":"El Digital de Asturias","og:type":"article","og:title":"Floriano niega que haya \u00abacelerones y frenazos\u00bb en la elecci\u00f3n del l\u00edder del PP andaluz - El Digital de Asturias","og:description":"Madrid, 5 feb (EFE).- El vicesecretario general de Organizaci\u00f3n, Carlos Floriano, ha negado hoy que haya &quot;acelerones y frenazos&quot; en la elecci\u00f3n del nuevo l\u00edder del PP andaluz. En una entrevista en TVE, Floriano ha se\u00f1alado que lo que tiene previsto el partido es celebrar hoy una junta directiva regional para convocar el congreso en","og:url":"https:\/\/www.eldigitaldeasturias.com\/noticias\/floriano-niega-que-haya-acelerones-y-frenazos-en-la-eleccion-del-lider-del-pp-andaluz\/","article:tag":["actualidad"],"article:published_time":"2014-02-05T20:39:21+00:00","article:modified_time":"2014-02-05T20:39:21+00:00","article:publisher":"https:\/\/facebook.com\/eldigitaldeasturias","twitter:card":"summary_large_image","twitter:title":"Floriano niega que haya \u00abacelerones y frenazos\u00bb en la elecci\u00f3n del l\u00edder del PP andaluz - El Digital de Asturias","twitter:description":"Madrid, 5 feb (EFE).- El vicesecretario general de Organizaci\u00f3n, Carlos Floriano, ha negado hoy que haya &quot;acelerones y frenazos&quot; en la elecci\u00f3n del nuevo l\u00edder del PP andaluz. En una entrevista en TVE, Floriano ha se\u00f1alado que lo que tiene previsto el partido es celebrar hoy una junta directiva regional para convocar el congreso en","twitter:label1":"Escrito por","twitter:data1":"El Digital de Asturias","twitter:label2":"Tiempo de lectura estimado","twitter:data2":"1 minuto"},"aioseo_meta_data":{"post_id":"484055","title":null,"description":null,"keywords":null,"keyphrases":null,"primary_term":null,"canonical_url":null,"og_title":null,"og_description":null,"og_object_type":"default","og_image_type":"default","og_image_url":null,"og_image_width":null,"og_image_height":null,"og_image_custom_url":null,"og_image_custom_fields":null,"og_video":null,"og_custom_url":null,"og_article_section":null,"og_article_tags":null,"twitter_use_og":true,"twitter_card":"default","twitter_image_type":"default","twitter_image_url":null,"twitter_image_custom_url":null,"twitter_image_custom_fields":null,"twitter_title":null,"twitter_description":null,"schema":{"blockGraphs":[],"customGraphs":[],"default":{"data":{"Article":[],"Course":[],"Dataset":[],"FAQPage":[],"Movie":[],"Person":[],"Product":[],"ProductReview":[],"Car":[],"Recipe":[],"Service":[],"SoftwareApplication":[],"WebPage":[]},"graphName":"","isEnabled":true},"graphs":[],"defaultGraph":"","defaultPostTypeGraph":""},"schema_type":null,"schema_type_options":null,"pillar_content":false,"robots_default":true,"robots_noindex":false,"robots_noarchive":false,"robots_nosnippet":false,"robots_nofollow":false,"robots_noimageindex":false,"robots_noodp":false,"robots_notranslate":false,"robots_max_snippet":null,"robots_max_videopreview":null,"robots_max_imagepreview":"none","priority":null,"frequency":null,"local_seo":null,"seo_analyzer_scan_date":"2026-06-02 14:43:17","breadcrumb_settings":null,"limit_modified_date":false,"open_ai":null,"ai":null,"created":"2020-11-14 22:55:00","updated":"2026-06-02 14:43:17","focus_keyword":null,"additional_keywords":null,"truseo_locale":null},"aioseo_breadcrumb":"<div class=\"aioseo-breadcrumbs\"><span class=\"aioseo-breadcrumb\">\n\t<a href=\"https:\/\/www.eldigitaldeasturias.com\/noticias\" title=\"Home\">Home<\/a>\n<\/span><span class=\"aioseo-breadcrumb-separator\">\u2013<\/span><span class=\"aioseo-breadcrumb\">\n\t<a href=\"https:\/\/www.eldigitaldeasturias.com\/noticias\/category\/actualidad\/\" title=\"Actualidad\">Actualidad<\/a>\n<\/span><span class=\"aioseo-breadcrumb-separator\">\u2013<\/span><span class=\"aioseo-breadcrumb\">\n\t<a href=\"https:\/\/www.eldigitaldeasturias.com\/noticias\/floriano-niega-que-haya-acelerones-y-frenazos-en-la-eleccion-del-lider-del-pp-andaluz\/\" title=\"Floriano niega que haya \u00abacelerones y frenazos\u00bb en la elecci\u00f3n del l\u00edder del PP andaluz\">Floriano niega que haya \u00abacelerones y frenazos\u00bb en la elecci\u00f3n del l\u00edder del PP andaluz<\/a>\n<\/span><\/div>","aioseo_breadcrumb_json":[{"label":"Home","link":"https:\/\/www.eldigitaldeasturias.com\/noticias"},{"label":"Actualidad","link":"https:\/\/www.eldigitaldeasturias.com\/noticias\/category\/actualidad\/"},{"label":"Floriano niega que haya \u00abacelerones y frenazos\u00bb en la elecci\u00f3n del l\u00edder del PP andaluz","link":"https:\/\/www.eldigitaldeasturias.com\/noticias\/floriano-niega-que-haya-acelerones-y-frenazos-en-la-eleccion-del-lider-del-pp-andaluz\/"}],"_links":{"self":[{"href":"https:\/\/www.eldigitaldeasturias.com\/noticias\/wp-json\/wp\/v2\/posts\/484055","targetHints":{"allow":["GET"]}}],"collection":[{"href":"https:\/\/www.eldigitaldeasturias.com\/noticias\/wp-json\/wp\/v2\/posts"}],"about":[{"href":"https:\/\/www.eldigitaldeasturias.com\/noticias\/wp-json\/wp\/v2\/types\/post"}],"author":[{"embeddable":true,"href":"https:\/\/www.eldigitaldeasturias.com\/noticias\/wp-json\/wp\/v2\/users\/1"}],"replies":[{"embeddable":true,"href":"https:\/\/www.eldigitaldeasturias.com\/noticias\/wp-json\/wp\/v2\/comments?post=484055"}],"version-history":[{"count":0,"href":"https:\/\/www.eldigitaldeasturias.com\/noticias\/wp-json\/wp\/v2\/posts\/484055\/revisions"}],"wp:attachment":[{"href":"https:\/\/www.eldigitaldeasturias.com\/noticias\/wp-json\/wp\/v2\/media?parent=484055"}],"wp:term":[{"taxonomy":"category","embeddable":true,"href":"https:\/\/www.eldigitaldeasturias.com\/noticias\/wp-json\/wp\/v2\/categories?post=484055"},{"taxonomy":"post_tag","embeddable":true,"href":"https:\/\/www.eldigitaldeasturias.com\/noticias\/wp-json\/wp\/v2\/tags?post=484055"}],"curies":[{"name":"wp","href":"https:\/\/api.w.org\/{rel}","templated":true}]}}