{"id":484052,"date":"2014-02-05T19:37:40","date_gmt":"2014-02-05T20:37:40","guid":{"rendered":"http:\/\/www.eldigitaldeasturias.com\/noticias\/?p=484052"},"modified":"2014-02-05T19:37:40","modified_gmt":"2014-02-05T20:37:40","slug":"diaz-dice-que-andalucia-no-renunciara-a-la-igualdad-de-las-comunidades","status":"publish","type":"post","link":"https:\/\/www.eldigitaldeasturias.com\/noticias\/diaz-dice-que-andalucia-no-renunciara-a-la-igualdad-de-las-comunidades\/","title":{"rendered":"D\u00edaz dice que Andaluc\u00eda no renunciar\u00e1 a la igualdad de las comunidades"},"content":{"rendered":"<p><img loading=\"lazy\" decoding=\"async\" class=\"alignleft size-medium wp-image-484053\" alt=\"5911503w\" src=\"https:\/\/www.eldigitaldeasturias.com\/noticias\/wp-content\/uploads\/2014\/02\/5911503w-360x264.jpg\" width=\"360\" height=\"264\" \/>Sevilla, 5 feb (EFE).- La presidenta de la Junta de Andaluc\u00eda, Susana D\u00edaz, ha advertido hoy de que esta comunidad \u00abnunca va a renunciar al 28F\u00bb, en referencia a la conquista de la autonom\u00eda plena, una premisa que no es \u00abnegociable\u00bb porque \u00abno s\u00f3lo fue bueno para Andaluc\u00eda, sino para toda Espa\u00f1a\u00bb como garant\u00eda de igualdad.<\/p>\n<p>D\u00edaz ha hecho esta reflexi\u00f3n en una entrevista en la Ser, en la que ha insistido en que es posible garantizar las singularidades y, al mismo tiempo, la igualdad entre los territorios dentro de un proyecto com\u00fan.<\/p>\n<p>\u00abHay singularidades, como la estructura territorial, la polic\u00eda auton\u00f3mica o la lengua que no suponen desigualdad\u00bb, ha aclarado D\u00edaz, que tambi\u00e9n ha admitido que no es \u00abjusto\u00bb que algunas comunidades como Catalu\u00f1a, pero tambi\u00e9n Andaluc\u00eda, no est\u00e9n recibiendo la financiaci\u00f3n que \u00ables corresponde\u00bb porque no se \u00abaplica bien\u00bb el sistema.<\/p>\n<p>\u00abClaro que entiendo a Catalu\u00f1a porque tambi\u00e9n le est\u00e1 pasando a los andaluces, no puede ser que unos territorios est\u00e9n m\u00e1s financiados que otros\u00bb, ha remarcado D\u00edaz, que pide que se calcule primero el coste del servicio p\u00fablico en cada comunidad porque \u00abtodos los ciudadanos tienen derecho a recibirlo con la misma calidad\u00bb.<\/p>\n<p>Sobre la intervenci\u00f3n de los presidentes auton\u00f3micos en el debate catal\u00e1n, la jefa del Gobierno andaluz ha recordado que son \u00abla m\u00e1xima autoridad del Estado\u00bb en cada una de las comunidades, por lo que es una cuesti\u00f3n de \u00abresponsabilidad\u00bb.<\/p>\n<p>Tras defender su derecho a intervenir en este debate, ha recalcado que ahora la \u00abresponsabilidad de dirigir este proceso\u00bb de di\u00e1logo la tiene el presidente del Gobierno, Mariano Rajoy, en cuyas manos est\u00e1 \u00abevitar ese choque de trenes\u00bb.<\/p>\n<p>Ha rechazado que las comunidades aut\u00f3nomas hayan sido las causantes de los problemas financieros pese a que algunos hayan conseguido que \u00abcale\u00bb ese mensaje entre la poblaci\u00f3n, y ha recalcado que en Andaluc\u00eda se ha \u00abusado\u00bb el autogobierno para proteger \u00aba quien m\u00e1s lo necesita, por eso somos inc\u00f3modos para el Gobierno del PP\u00bb, ha opinado.<\/p>\n<p>La presidenta andaluza ha pedido que no se utilicen las balanzas fiscales para la \u00abconfrontaci\u00f3n\u00bb tras reiterar que este pa\u00eds necesita \u00abmenos crispaci\u00f3n y m\u00e1s acuerdo\u00bb.<\/p>\n","protected":false},"excerpt":{"rendered":"<p>Sevilla, 5 feb (EFE).- La presidenta de la Junta de Andaluc\u00eda, Susana D\u00edaz, ha advertido hoy de que esta comunidad \u00abnunca va a renunciar al 28F\u00bb, en referencia a la conquista de la autonom\u00eda plena, una premisa que no es \u00abnegociable\u00bb porque \u00abno s\u00f3lo fue bueno para Andaluc\u00eda, sino para toda Espa\u00f1a\u00bb como garant\u00eda de [&hellip;]<\/p>\n","protected":false},"author":1,"featured_media":484053,"comment_status":"closed","ping_status":"open","sticky":false,"template":"","format":"standard","meta":{"footnotes":""},"categories":[1],"tags":[],"class_list":["post-484052","post","type-post","status-publish","format-standard","has-post-thumbnail","hentry","category-actualidad"],"aioseo_notices":[],"aioseo_head":"\n\t\t<!-- All in One SEO Pro 5.0.1 - aioseo.com -->\n\t<meta name=\"description\" content=\"Sevilla, 5 feb (EFE).- La presidenta de la Junta de Andaluc\u00eda, Susana D\u00edaz, ha advertido hoy de que esta comunidad &quot;nunca va a renunciar al 28F&quot;, en referencia a la conquista de la autonom\u00eda plena, una premisa que no es &quot;negociable&quot; porque &quot;no s\u00f3lo fue bueno para Andaluc\u00eda, sino para toda Espa\u00f1a&quot; como garant\u00eda de\" \/>\n\t<meta name=\"robots\" content=\"max-image-preview:large\" \/>\n\t<meta name=\"author\" content=\"El Digital de Asturias\"\/>\n\t<meta name=\"google-site-verification\" content=\"UA-38556648-1\" \/>\n\t<meta name=\"msvalidate.01\" content=\"7dfe9f3f1b24437ab69f4f2559babe99\" \/>\n\t<meta name=\"keywords\" content=\"actualidad\" \/>\n\t<link rel=\"canonical\" href=\"https:\/\/www.eldigitaldeasturias.com\/noticias\/diaz-dice-que-andalucia-no-renunciara-a-la-igualdad-de-las-comunidades\/\" \/>\n\t<meta name=\"generator\" content=\"All in One SEO Pro (AIOSEO) 5.0.1\" \/>\n\t\t<meta property=\"og:locale\" content=\"es_ES\" \/>\n\t\t<meta property=\"og:site_name\" content=\"El Digital de Asturias\" \/>\n\t\t<meta property=\"og:type\" content=\"article\" \/>\n\t\t<meta property=\"og:title\" content=\"D\u00edaz dice que Andaluc\u00eda no renunciar\u00e1 a la igualdad de las comunidades - El Digital de Asturias\" \/>\n\t\t<meta property=\"og:description\" content=\"Sevilla, 5 feb (EFE).- La presidenta de la Junta de Andaluc\u00eda, Susana D\u00edaz, ha advertido hoy de que esta comunidad &quot;nunca va a renunciar al 28F&quot;, en referencia a la conquista de la autonom\u00eda plena, una premisa que no es &quot;negociable&quot; porque &quot;no s\u00f3lo fue bueno para Andaluc\u00eda, sino para toda Espa\u00f1a&quot; como garant\u00eda de\" \/>\n\t\t<meta property=\"og:url\" content=\"https:\/\/www.eldigitaldeasturias.com\/noticias\/diaz-dice-que-andalucia-no-renunciara-a-la-igualdad-de-las-comunidades\/\" \/>\n\t\t<meta property=\"article:tag\" content=\"actualidad\" \/>\n\t\t<meta property=\"article:published_time\" content=\"2014-02-05T20:37:40+00:00\" \/>\n\t\t<meta property=\"article:modified_time\" content=\"2014-02-05T20:37:40+00:00\" \/>\n\t\t<meta property=\"article:publisher\" content=\"https:\/\/facebook.com\/eldigitaldeasturias\" \/>\n\t\t<meta name=\"twitter:card\" content=\"summary_large_image\" \/>\n\t\t<meta name=\"twitter:title\" content=\"D\u00edaz dice que Andaluc\u00eda no renunciar\u00e1 a la igualdad de las comunidades - El Digital de Asturias\" \/>\n\t\t<meta name=\"twitter:description\" content=\"Sevilla, 5 feb (EFE).- La presidenta de la Junta de Andaluc\u00eda, Susana D\u00edaz, ha advertido hoy de que esta comunidad &quot;nunca va a renunciar al 28F&quot;, en referencia a la conquista de la autonom\u00eda plena, una premisa que no es &quot;negociable&quot; porque &quot;no s\u00f3lo fue bueno para Andaluc\u00eda, sino para toda Espa\u00f1a&quot; como garant\u00eda de\" \/>\n\t\t<meta name=\"twitter:label1\" content=\"Escrito por\" \/>\n\t\t<meta name=\"twitter:data1\" content=\"El Digital de Asturias\" \/>\n\t\t<meta name=\"twitter:label2\" content=\"Tiempo de lectura estimado\" \/>\n\t\t<meta name=\"twitter:data2\" content=\"2 minutos\" \/>\n\t\t<script type=\"application\/ld+json\" class=\"aioseo-schema\">\n\t\t\t{\"@context\":\"https:\\\/\\\/schema.org\",\"@graph\":[{\"@type\":\"BlogPosting\",\"@id\":\"https:\\\/\\\/www.eldigitaldeasturias.com\\\/noticias\\\/diaz-dice-que-andalucia-no-renunciara-a-la-igualdad-de-las-comunidades\\\/#blogposting\",\"name\":\"D\\u00edaz dice que Andaluc\\u00eda no renunciar\\u00e1 a la igualdad de las comunidades - El Digital de Asturias\",\"headline\":\"D\\u00edaz dice que Andaluc\\u00eda no renunciar\\u00e1 a la igualdad de las comunidades\",\"author\":{\"@id\":\"https:\\\/\\\/www.eldigitaldeasturias.com\\\/noticias\\\/author\\\/admin\\\/#author\"},\"publisher\":{\"@id\":\"https:\\\/\\\/www.eldigitaldeasturias.com\\\/noticias\\\/#organization\"},\"image\":{\"@type\":\"ImageObject\",\"url\":484053},\"datePublished\":\"2014-02-05T19:37:40+01:00\",\"dateModified\":\"2014-02-05T19:37:40+01:00\",\"inLanguage\":\"es-ES\",\"mainEntityOfPage\":{\"@id\":\"https:\\\/\\\/www.eldigitaldeasturias.com\\\/noticias\\\/diaz-dice-que-andalucia-no-renunciara-a-la-igualdad-de-las-comunidades\\\/#webpage\"},\"isPartOf\":{\"@id\":\"https:\\\/\\\/www.eldigitaldeasturias.com\\\/noticias\\\/diaz-dice-que-andalucia-no-renunciara-a-la-igualdad-de-las-comunidades\\\/#webpage\"},\"articleSection\":\"Actualidad\"},{\"@type\":\"BreadcrumbList\",\"@id\":\"https:\\\/\\\/www.eldigitaldeasturias.com\\\/noticias\\\/diaz-dice-que-andalucia-no-renunciara-a-la-igualdad-de-las-comunidades\\\/#breadcrumblist\",\"itemListElement\":[{\"@type\":\"ListItem\",\"@id\":\"https:\\\/\\\/www.eldigitaldeasturias.com\\\/noticias#listItem\",\"position\":1,\"name\":\"Home\",\"item\":\"https:\\\/\\\/www.eldigitaldeasturias.com\\\/noticias\",\"nextItem\":{\"@type\":\"ListItem\",\"@id\":\"https:\\\/\\\/www.eldigitaldeasturias.com\\\/noticias\\\/category\\\/actualidad\\\/#listItem\",\"name\":\"Actualidad\"}},{\"@type\":\"ListItem\",\"@id\":\"https:\\\/\\\/www.eldigitaldeasturias.com\\\/noticias\\\/category\\\/actualidad\\\/#listItem\",\"position\":2,\"name\":\"Actualidad\",\"item\":\"https:\\\/\\\/www.eldigitaldeasturias.com\\\/noticias\\\/category\\\/actualidad\\\/\",\"nextItem\":{\"@type\":\"ListItem\",\"@id\":\"https:\\\/\\\/www.eldigitaldeasturias.com\\\/noticias\\\/diaz-dice-que-andalucia-no-renunciara-a-la-igualdad-de-las-comunidades\\\/#listItem\",\"name\":\"D\\u00edaz dice que Andaluc\\u00eda no renunciar\\u00e1 a la igualdad de las comunidades\"},\"previousItem\":{\"@type\":\"ListItem\",\"@id\":\"https:\\\/\\\/www.eldigitaldeasturias.com\\\/noticias#listItem\",\"name\":\"Home\"}},{\"@type\":\"ListItem\",\"@id\":\"https:\\\/\\\/www.eldigitaldeasturias.com\\\/noticias\\\/diaz-dice-que-andalucia-no-renunciara-a-la-igualdad-de-las-comunidades\\\/#listItem\",\"position\":3,\"name\":\"D\\u00edaz dice que Andaluc\\u00eda no renunciar\\u00e1 a la igualdad de las comunidades\",\"previousItem\":{\"@type\":\"ListItem\",\"@id\":\"https:\\\/\\\/www.eldigitaldeasturias.com\\\/noticias\\\/category\\\/actualidad\\\/#listItem\",\"name\":\"Actualidad\"}}]},{\"@type\":\"Organization\",\"@id\":\"https:\\\/\\\/www.eldigitaldeasturias.com\\\/noticias\\\/#organization\",\"name\":\"El Digital de Asturias\",\"description\":\"Hemeroteca\",\"url\":\"https:\\\/\\\/www.eldigitaldeasturias.com\\\/noticias\\\/\",\"email\":\"info@eldigitaldeasturias.com\",\"telephone\":\"+34652131393\",\"logo\":{\"@type\":\"ImageObject\",\"url\":\"https:\\\/\\\/www.eldigitaldeasturias.com\\\/noticias\\\/wp-content\\\/uploads\\\/2020\\\/12\\\/EDA.jpg\",\"@id\":\"https:\\\/\\\/www.eldigitaldeasturias.com\\\/noticias\\\/diaz-dice-que-andalucia-no-renunciara-a-la-igualdad-de-las-comunidades\\\/#organizationLogo\"},\"image\":{\"@id\":\"https:\\\/\\\/www.eldigitaldeasturias.com\\\/noticias\\\/diaz-dice-que-andalucia-no-renunciara-a-la-igualdad-de-las-comunidades\\\/#organizationLogo\"},\"sameAs\":[\"https:\\\/\\\/facebook.com\\\/eldigitaldeasturias\",\"https:\\\/\\\/www.youtube.com\\\/channel\\\/UCZP-2wLEB9Rv6erhFmqVnvg\"],\"address\":{\"@id\":\"https:\\\/\\\/www.eldigitaldeasturias.com\\\/noticias\\\/#postaladdress\",\"@type\":\"PostalAddress\",\"streetAddress\":\"san antonio 4\",\"postalCode\":\"33430\",\"addressLocality\":\"Cand\\u00e1s\",\"addressRegion\":\"Asturias\",\"addressCountry\":\"ES\"}},{\"@type\":\"Person\",\"@id\":\"https:\\\/\\\/www.eldigitaldeasturias.com\\\/noticias\\\/author\\\/admin\\\/#author\",\"url\":\"https:\\\/\\\/www.eldigitaldeasturias.com\\\/noticias\\\/author\\\/admin\\\/\",\"name\":\"El Digital de Asturias\",\"image\":{\"@type\":\"ImageObject\",\"@id\":\"https:\\\/\\\/www.eldigitaldeasturias.com\\\/noticias\\\/diaz-dice-que-andalucia-no-renunciara-a-la-igualdad-de-las-comunidades\\\/#authorImage\",\"url\":\"https:\\\/\\\/secure.gravatar.com\\\/avatar\\\/df2aeffc32bcd13f8d26072ef8a91b623d677766deac7f97ca815868cd41bf5e?s=96&d=mm&r=g\",\"width\":96,\"height\":96,\"caption\":\"El Digital de Asturias\"}},{\"@type\":\"WebPage\",\"@id\":\"https:\\\/\\\/www.eldigitaldeasturias.com\\\/noticias\\\/diaz-dice-que-andalucia-no-renunciara-a-la-igualdad-de-las-comunidades\\\/#webpage\",\"url\":\"https:\\\/\\\/www.eldigitaldeasturias.com\\\/noticias\\\/diaz-dice-que-andalucia-no-renunciara-a-la-igualdad-de-las-comunidades\\\/\",\"name\":\"D\\u00edaz dice que Andaluc\\u00eda no renunciar\\u00e1 a la igualdad de las comunidades - El Digital de Asturias\",\"description\":\"Sevilla, 5 feb (EFE).- La presidenta de la Junta de Andaluc\\u00eda, Susana D\\u00edaz, ha advertido hoy de que esta comunidad \\\"nunca va a renunciar al 28F\\\", en referencia a la conquista de la autonom\\u00eda plena, una premisa que no es \\\"negociable\\\" porque \\\"no s\\u00f3lo fue bueno para Andaluc\\u00eda, sino para toda Espa\\u00f1a\\\" como garant\\u00eda de\",\"inLanguage\":\"es-ES\",\"isPartOf\":{\"@id\":\"https:\\\/\\\/www.eldigitaldeasturias.com\\\/noticias\\\/#website\"},\"breadcrumb\":{\"@id\":\"https:\\\/\\\/www.eldigitaldeasturias.com\\\/noticias\\\/diaz-dice-que-andalucia-no-renunciara-a-la-igualdad-de-las-comunidades\\\/#breadcrumblist\"},\"author\":{\"@id\":\"https:\\\/\\\/www.eldigitaldeasturias.com\\\/noticias\\\/author\\\/admin\\\/#author\"},\"creator\":{\"@id\":\"https:\\\/\\\/www.eldigitaldeasturias.com\\\/noticias\\\/author\\\/admin\\\/#author\"},\"image\":{\"@type\":\"ImageObject\",\"url\":484053,\"@id\":\"https:\\\/\\\/www.eldigitaldeasturias.com\\\/noticias\\\/diaz-dice-que-andalucia-no-renunciara-a-la-igualdad-de-las-comunidades\\\/#mainImage\"},\"primaryImageOfPage\":{\"@id\":\"https:\\\/\\\/www.eldigitaldeasturias.com\\\/noticias\\\/diaz-dice-que-andalucia-no-renunciara-a-la-igualdad-de-las-comunidades\\\/#mainImage\"},\"datePublished\":\"2014-02-05T19:37:40+01:00\",\"dateModified\":\"2014-02-05T19:37:40+01:00\"},{\"@type\":\"WebSite\",\"@id\":\"https:\\\/\\\/www.eldigitaldeasturias.com\\\/noticias\\\/#website\",\"url\":\"https:\\\/\\\/www.eldigitaldeasturias.com\\\/noticias\\\/\",\"name\":\"El Digital de Asturias - Diario de actualidad y noticias\",\"alternateName\":\"El Digital de Asturias - Diario de actualidad y noticias\",\"description\":\"Hemeroteca\",\"inLanguage\":\"es-ES\",\"publisher\":{\"@id\":\"https:\\\/\\\/www.eldigitaldeasturias.com\\\/noticias\\\/#organization\"}}]}\n\t\t<\/script>\n\t\t<!-- All in One SEO Pro -->\r\n\t\t<title>D\u00edaz dice que Andaluc\u00eda no renunciar\u00e1 a la igualdad de las comunidades - El Digital de Asturias<\/title>\n\n","aioseo_head_json":{"title":"D\u00edaz dice que Andaluc\u00eda no renunciar\u00e1 a la igualdad de las comunidades - El Digital de Asturias","description":"Sevilla, 5 feb (EFE).- La presidenta de la Junta de Andaluc\u00eda, Susana D\u00edaz, ha advertido hoy de que esta comunidad \"nunca va a renunciar al 28F\", en referencia a la conquista de la autonom\u00eda plena, una premisa que no es \"negociable\" porque \"no s\u00f3lo fue bueno para Andaluc\u00eda, sino para toda Espa\u00f1a\" como garant\u00eda de","canonical_url":"https:\/\/www.eldigitaldeasturias.com\/noticias\/diaz-dice-que-andalucia-no-renunciara-a-la-igualdad-de-las-comunidades\/","robots":"max-image-preview:large","keywords":"actualidad","webmasterTools":{"google-site-verification":"UA-38556648-1","msvalidate.01":"7dfe9f3f1b24437ab69f4f2559babe99","miscellaneous":""},"schema":{"@context":"https:\/\/schema.org","@graph":[{"@type":"BlogPosting","@id":"https:\/\/www.eldigitaldeasturias.com\/noticias\/diaz-dice-que-andalucia-no-renunciara-a-la-igualdad-de-las-comunidades\/#blogposting","name":"D\u00edaz dice que Andaluc\u00eda no renunciar\u00e1 a la igualdad de las comunidades - El Digital de Asturias","headline":"D\u00edaz dice que Andaluc\u00eda no renunciar\u00e1 a la igualdad de las comunidades","author":{"@id":"https:\/\/www.eldigitaldeasturias.com\/noticias\/author\/admin\/#author"},"publisher":{"@id":"https:\/\/www.eldigitaldeasturias.com\/noticias\/#organization"},"image":{"@type":"ImageObject","url":484053},"datePublished":"2014-02-05T19:37:40+01:00","dateModified":"2014-02-05T19:37:40+01:00","inLanguage":"es-ES","mainEntityOfPage":{"@id":"https:\/\/www.eldigitaldeasturias.com\/noticias\/diaz-dice-que-andalucia-no-renunciara-a-la-igualdad-de-las-comunidades\/#webpage"},"isPartOf":{"@id":"https:\/\/www.eldigitaldeasturias.com\/noticias\/diaz-dice-que-andalucia-no-renunciara-a-la-igualdad-de-las-comunidades\/#webpage"},"articleSection":"Actualidad"},{"@type":"BreadcrumbList","@id":"https:\/\/www.eldigitaldeasturias.com\/noticias\/diaz-dice-que-andalucia-no-renunciara-a-la-igualdad-de-las-comunidades\/#breadcrumblist","itemListElement":[{"@type":"ListItem","@id":"https:\/\/www.eldigitaldeasturias.com\/noticias#listItem","position":1,"name":"Home","item":"https:\/\/www.eldigitaldeasturias.com\/noticias","nextItem":{"@type":"ListItem","@id":"https:\/\/www.eldigitaldeasturias.com\/noticias\/category\/actualidad\/#listItem","name":"Actualidad"}},{"@type":"ListItem","@id":"https:\/\/www.eldigitaldeasturias.com\/noticias\/category\/actualidad\/#listItem","position":2,"name":"Actualidad","item":"https:\/\/www.eldigitaldeasturias.com\/noticias\/category\/actualidad\/","nextItem":{"@type":"ListItem","@id":"https:\/\/www.eldigitaldeasturias.com\/noticias\/diaz-dice-que-andalucia-no-renunciara-a-la-igualdad-de-las-comunidades\/#listItem","name":"D\u00edaz dice que Andaluc\u00eda no renunciar\u00e1 a la igualdad de las comunidades"},"previousItem":{"@type":"ListItem","@id":"https:\/\/www.eldigitaldeasturias.com\/noticias#listItem","name":"Home"}},{"@type":"ListItem","@id":"https:\/\/www.eldigitaldeasturias.com\/noticias\/diaz-dice-que-andalucia-no-renunciara-a-la-igualdad-de-las-comunidades\/#listItem","position":3,"name":"D\u00edaz dice que Andaluc\u00eda no renunciar\u00e1 a la igualdad de las comunidades","previousItem":{"@type":"ListItem","@id":"https:\/\/www.eldigitaldeasturias.com\/noticias\/category\/actualidad\/#listItem","name":"Actualidad"}}]},{"@type":"Organization","@id":"https:\/\/www.eldigitaldeasturias.com\/noticias\/#organization","name":"El Digital de Asturias","description":"Hemeroteca","url":"https:\/\/www.eldigitaldeasturias.com\/noticias\/","email":"info@eldigitaldeasturias.com","telephone":"+34652131393","logo":{"@type":"ImageObject","url":"https:\/\/www.eldigitaldeasturias.com\/noticias\/wp-content\/uploads\/2020\/12\/EDA.jpg","@id":"https:\/\/www.eldigitaldeasturias.com\/noticias\/diaz-dice-que-andalucia-no-renunciara-a-la-igualdad-de-las-comunidades\/#organizationLogo"},"image":{"@id":"https:\/\/www.eldigitaldeasturias.com\/noticias\/diaz-dice-que-andalucia-no-renunciara-a-la-igualdad-de-las-comunidades\/#organizationLogo"},"sameAs":["https:\/\/facebook.com\/eldigitaldeasturias","https:\/\/www.youtube.com\/channel\/UCZP-2wLEB9Rv6erhFmqVnvg"],"address":{"@id":"https:\/\/www.eldigitaldeasturias.com\/noticias\/#postaladdress","@type":"PostalAddress","streetAddress":"san antonio 4","postalCode":"33430","addressLocality":"Cand\u00e1s","addressRegion":"Asturias","addressCountry":"ES"}},{"@type":"Person","@id":"https:\/\/www.eldigitaldeasturias.com\/noticias\/author\/admin\/#author","url":"https:\/\/www.eldigitaldeasturias.com\/noticias\/author\/admin\/","name":"El Digital de Asturias","image":{"@type":"ImageObject","@id":"https:\/\/www.eldigitaldeasturias.com\/noticias\/diaz-dice-que-andalucia-no-renunciara-a-la-igualdad-de-las-comunidades\/#authorImage","url":"https:\/\/secure.gravatar.com\/avatar\/df2aeffc32bcd13f8d26072ef8a91b623d677766deac7f97ca815868cd41bf5e?s=96&d=mm&r=g","width":96,"height":96,"caption":"El Digital de Asturias"}},{"@type":"WebPage","@id":"https:\/\/www.eldigitaldeasturias.com\/noticias\/diaz-dice-que-andalucia-no-renunciara-a-la-igualdad-de-las-comunidades\/#webpage","url":"https:\/\/www.eldigitaldeasturias.com\/noticias\/diaz-dice-que-andalucia-no-renunciara-a-la-igualdad-de-las-comunidades\/","name":"D\u00edaz dice que Andaluc\u00eda no renunciar\u00e1 a la igualdad de las comunidades - El Digital de Asturias","description":"Sevilla, 5 feb (EFE).- La presidenta de la Junta de Andaluc\u00eda, Susana D\u00edaz, ha advertido hoy de que esta comunidad \"nunca va a renunciar al 28F\", en referencia a la conquista de la autonom\u00eda plena, una premisa que no es \"negociable\" porque \"no s\u00f3lo fue bueno para Andaluc\u00eda, sino para toda Espa\u00f1a\" como garant\u00eda de","inLanguage":"es-ES","isPartOf":{"@id":"https:\/\/www.eldigitaldeasturias.com\/noticias\/#website"},"breadcrumb":{"@id":"https:\/\/www.eldigitaldeasturias.com\/noticias\/diaz-dice-que-andalucia-no-renunciara-a-la-igualdad-de-las-comunidades\/#breadcrumblist"},"author":{"@id":"https:\/\/www.eldigitaldeasturias.com\/noticias\/author\/admin\/#author"},"creator":{"@id":"https:\/\/www.eldigitaldeasturias.com\/noticias\/author\/admin\/#author"},"image":{"@type":"ImageObject","url":484053,"@id":"https:\/\/www.eldigitaldeasturias.com\/noticias\/diaz-dice-que-andalucia-no-renunciara-a-la-igualdad-de-las-comunidades\/#mainImage"},"primaryImageOfPage":{"@id":"https:\/\/www.eldigitaldeasturias.com\/noticias\/diaz-dice-que-andalucia-no-renunciara-a-la-igualdad-de-las-comunidades\/#mainImage"},"datePublished":"2014-02-05T19:37:40+01:00","dateModified":"2014-02-05T19:37:40+01:00"},{"@type":"WebSite","@id":"https:\/\/www.eldigitaldeasturias.com\/noticias\/#website","url":"https:\/\/www.eldigitaldeasturias.com\/noticias\/","name":"El Digital de Asturias - Diario de actualidad y noticias","alternateName":"El Digital de Asturias - Diario de actualidad y noticias","description":"Hemeroteca","inLanguage":"es-ES","publisher":{"@id":"https:\/\/www.eldigitaldeasturias.com\/noticias\/#organization"}}]},"og:locale":"es_ES","og:site_name":"El Digital de Asturias","og:type":"article","og:title":"D\u00edaz dice que Andaluc\u00eda no renunciar\u00e1 a la igualdad de las comunidades - El Digital de Asturias","og:description":"Sevilla, 5 feb (EFE).- La presidenta de la Junta de Andaluc\u00eda, Susana D\u00edaz, ha advertido hoy de que esta comunidad &quot;nunca va a renunciar al 28F&quot;, en referencia a la conquista de la autonom\u00eda plena, una premisa que no es &quot;negociable&quot; porque &quot;no s\u00f3lo fue bueno para Andaluc\u00eda, sino para toda Espa\u00f1a&quot; como garant\u00eda de","og:url":"https:\/\/www.eldigitaldeasturias.com\/noticias\/diaz-dice-que-andalucia-no-renunciara-a-la-igualdad-de-las-comunidades\/","article:tag":["actualidad"],"article:published_time":"2014-02-05T20:37:40+00:00","article:modified_time":"2014-02-05T20:37:40+00:00","article:publisher":"https:\/\/facebook.com\/eldigitaldeasturias","twitter:card":"summary_large_image","twitter:title":"D\u00edaz dice que Andaluc\u00eda no renunciar\u00e1 a la igualdad de las comunidades - El Digital de Asturias","twitter:description":"Sevilla, 5 feb (EFE).- La presidenta de la Junta de Andaluc\u00eda, Susana D\u00edaz, ha advertido hoy de que esta comunidad &quot;nunca va a renunciar al 28F&quot;, en referencia a la conquista de la autonom\u00eda plena, una premisa que no es &quot;negociable&quot; porque &quot;no s\u00f3lo fue bueno para Andaluc\u00eda, sino para toda Espa\u00f1a&quot; como garant\u00eda de","twitter:label1":"Escrito por","twitter:data1":"El Digital de Asturias","twitter:label2":"Tiempo de lectura estimado","twitter:data2":"2 minutos"},"aioseo_meta_data":{"post_id":"484052","title":null,"description":null,"keywords":null,"keyphrases":null,"primary_term":null,"canonical_url":null,"og_title":null,"og_description":null,"og_object_type":"default","og_image_type":"default","og_image_url":null,"og_image_width":null,"og_image_height":null,"og_image_custom_url":null,"og_image_custom_fields":null,"og_video":null,"og_custom_url":null,"og_article_section":null,"og_article_tags":null,"twitter_use_og":true,"twitter_card":"default","twitter_image_type":"default","twitter_image_url":null,"twitter_image_custom_url":null,"twitter_image_custom_fields":null,"twitter_title":null,"twitter_description":null,"schema":{"blockGraphs":[],"customGraphs":[],"default":{"data":{"Article":[],"Course":[],"Dataset":[],"FAQPage":[],"Movie":[],"Person":[],"Product":[],"ProductReview":[],"Car":[],"Recipe":[],"Service":[],"SoftwareApplication":[],"WebPage":[]},"graphName":"","isEnabled":true},"graphs":[],"defaultGraph":"","defaultPostTypeGraph":""},"schema_type":null,"schema_type_options":null,"pillar_content":false,"robots_default":true,"robots_noindex":false,"robots_noarchive":false,"robots_nosnippet":false,"robots_nofollow":false,"robots_noimageindex":false,"robots_noodp":false,"robots_notranslate":false,"robots_max_snippet":null,"robots_max_videopreview":null,"robots_max_imagepreview":"none","priority":null,"frequency":null,"local_seo":null,"seo_analyzer_scan_date":"2026-06-02 14:43:16","breadcrumb_settings":null,"limit_modified_date":false,"open_ai":null,"ai":null,"created":"2020-11-14 22:55:00","updated":"2026-06-02 14:43:16","focus_keyword":null,"additional_keywords":null,"truseo_locale":null},"aioseo_breadcrumb":"<div class=\"aioseo-breadcrumbs\"><span class=\"aioseo-breadcrumb\">\n\t<a href=\"https:\/\/www.eldigitaldeasturias.com\/noticias\" title=\"Home\">Home<\/a>\n<\/span><span class=\"aioseo-breadcrumb-separator\">\u2013<\/span><span class=\"aioseo-breadcrumb\">\n\t<a href=\"https:\/\/www.eldigitaldeasturias.com\/noticias\/category\/actualidad\/\" title=\"Actualidad\">Actualidad<\/a>\n<\/span><span class=\"aioseo-breadcrumb-separator\">\u2013<\/span><span class=\"aioseo-breadcrumb\">\n\t<a href=\"https:\/\/www.eldigitaldeasturias.com\/noticias\/diaz-dice-que-andalucia-no-renunciara-a-la-igualdad-de-las-comunidades\/\" title=\"D\u00edaz dice que Andaluc\u00eda no renunciar\u00e1 a la igualdad de las comunidades\">D\u00edaz dice que Andaluc\u00eda no renunciar\u00e1 a la igualdad de las comunidades<\/a>\n<\/span><\/div>","aioseo_breadcrumb_json":[{"label":"Home","link":"https:\/\/www.eldigitaldeasturias.com\/noticias"},{"label":"Actualidad","link":"https:\/\/www.eldigitaldeasturias.com\/noticias\/category\/actualidad\/"},{"label":"D\u00edaz dice que Andaluc\u00eda no renunciar\u00e1 a la igualdad de las comunidades","link":"https:\/\/www.eldigitaldeasturias.com\/noticias\/diaz-dice-que-andalucia-no-renunciara-a-la-igualdad-de-las-comunidades\/"}],"_links":{"self":[{"href":"https:\/\/www.eldigitaldeasturias.com\/noticias\/wp-json\/wp\/v2\/posts\/484052","targetHints":{"allow":["GET"]}}],"collection":[{"href":"https:\/\/www.eldigitaldeasturias.com\/noticias\/wp-json\/wp\/v2\/posts"}],"about":[{"href":"https:\/\/www.eldigitaldeasturias.com\/noticias\/wp-json\/wp\/v2\/types\/post"}],"author":[{"embeddable":true,"href":"https:\/\/www.eldigitaldeasturias.com\/noticias\/wp-json\/wp\/v2\/users\/1"}],"replies":[{"embeddable":true,"href":"https:\/\/www.eldigitaldeasturias.com\/noticias\/wp-json\/wp\/v2\/comments?post=484052"}],"version-history":[{"count":0,"href":"https:\/\/www.eldigitaldeasturias.com\/noticias\/wp-json\/wp\/v2\/posts\/484052\/revisions"}],"wp:attachment":[{"href":"https:\/\/www.eldigitaldeasturias.com\/noticias\/wp-json\/wp\/v2\/media?parent=484052"}],"wp:term":[{"taxonomy":"category","embeddable":true,"href":"https:\/\/www.eldigitaldeasturias.com\/noticias\/wp-json\/wp\/v2\/categories?post=484052"},{"taxonomy":"post_tag","embeddable":true,"href":"https:\/\/www.eldigitaldeasturias.com\/noticias\/wp-json\/wp\/v2\/tags?post=484052"}],"curies":[{"name":"wp","href":"https:\/\/api.w.org\/{rel}","templated":true}]}}