{"id":484049,"date":"2014-02-05T19:36:32","date_gmt":"2014-02-05T20:36:32","guid":{"rendered":"http:\/\/www.eldigitaldeasturias.com\/noticias\/?p=484049"},"modified":"2014-02-05T19:36:32","modified_gmt":"2014-02-05T20:36:32","slug":"aralar-afirma-que-eta-debe-desarmarse-y-declararse-organizacion-civil-pero-no-politica","status":"publish","type":"post","link":"https:\/\/www.eldigitaldeasturias.com\/noticias\/aralar-afirma-que-eta-debe-desarmarse-y-declararse-organizacion-civil-pero-no-politica\/","title":{"rendered":"Aralar afirma que ETA debe desarmarse y declararse organizaci\u00f3n civil, pero no pol\u00edtica"},"content":{"rendered":"<p><img loading=\"lazy\" decoding=\"async\" class=\"alignleft size-medium wp-image-484050\" alt=\"5911497w\" src=\"https:\/\/www.eldigitaldeasturias.com\/noticias\/wp-content\/uploads\/2014\/02\/5911497w-360x292.jpg\" width=\"360\" height=\"292\" \/>Bilbao, 5 feb (EFE).- El coordinador general de Aralar, Patxi Zabaleta, ha considerado hoy que ETA debe desarmarse unilateralmente y despu\u00e9s, declararse una \u00aborganizaci\u00f3n civil\u00bb, pero no convertirse ni en partido, ni en agente pol\u00edtico.<\/p>\n<p>Para Zabaleta, carece de sentido que la banda se disuelva mientras existan presos condenados por pertenencia a esa organizaci\u00f3n y porque \u00abdebe dar respuestas\u00bb sobre sus hechos.<\/p>\n<p>Entre estas \u00abrespuestas\u00bb, ha citado la petici\u00f3n de perd\u00f3n a las v\u00edctimas del terrorismo que, en su opini\u00f3n, no debe ser \u00abindividualizada\u00bb porque en muchas ocasiones los agresores eran \u00abmeros ejecutores\u00bb de las \u00f3rdenes de la organizaci\u00f3n.<\/p>\n<p>Durante su intervenci\u00f3n en un desayuno informativo organizado por Nueva Econom\u00eda F\u00f3rum en Bilbao, el tambi\u00e9n parlamentario navarro se ha referido al papel del Gobierno espa\u00f1ol y de su presidente, Mariano Rajoy, en este asunto y ha calificado como \u00abirresponsable\u00bb que no quieran intervenir en el desarme de ETA.<\/p>\n<p>\u00abNo es inteligente, pero quiz\u00e1s est\u00e1n maniatados por algunas fuerzas organizadas alrededor de algunas asociaciones de v\u00edctimas, que ellos mismos han impulsado\u00bb, ha sospechado.<\/p>\n<p>El dirigente de Aralar, formaci\u00f3n integrada en la coalici\u00f3n EH Bildu, ha considerado que la pacificaci\u00f3n es una tarea \u00aburgente\u00bb y ha destacado que los dos a\u00f1os transcurridos desde el anuncio de cese de la actividad armada por parte de ETA \u00abya han despejado las dudas sobre la irreversibilidad de esta decisi\u00f3n\u00bb, aunque ha puntualizado que \u00abalgunos se empecinan en no reconocer esta realidad\u00bb.<\/p>\n<p>Los pasos a dar a partir de ahora, adem\u00e1s del desarme unilateral y la conversi\u00f3n de ETA en organizaci\u00f3n civil, incluyen la pol\u00edtica penitenciaria y la reconciliaci\u00f3n social.<\/p>\n<p>Para Zabaleta, cuya hija cumple condena por el proceso judicial relacionado con el intento de reconstruir Batasuna a trav\u00e9s del grupo Bateragune, los gobiernos vasco y navarro tienen que reclamar a Madrid la transferencia de la gesti\u00f3n de la legislaci\u00f3n penitenciaria, ya que as\u00ed se garantizar\u00eda unas \u00abpol\u00edticas eficaces de reinserci\u00f3n\u00bb y se evitar\u00eda la \u00abpena a\u00f1adida\u00bb de la dispersi\u00f3n.<\/p>\n<p>\u00abYa no existe la excusa de que no hay centros penitenciarios en Euskadi y Navarra. Ahora los hay y con gran capacidad\u00bb, ha dicho.<\/p>\n<p>Sobre la reconciliaci\u00f3n, ha resaltado que en el Pa\u00eds Vasco y Navarra \u00abno existe fractura social\u00bb y que la convivencia democr\u00e1tica debe articularse \u00abcon toda la memoria y reparaci\u00f3n hacia las v\u00edctimas, pero tiene que ser entre iguales, sin vencedores ni vencidos\u00bb.<\/p>\n<p>Zabaleta ha mantenido tambi\u00e9n que \u00abno debe confundirse\u00bb la pacificaci\u00f3n con las reivindicaciones pol\u00edticas y, en este punto, ha defendido el derecho a decidir o a la autodeterminaci\u00f3n como un \u00abderecho democr\u00e1tico que no divide, sino que es necesario para el entendimiento entre diferentes\u00bb.<\/p>\n<p>Ha defendido que tanto la democracia como los derechos humanos \u00abest\u00e1n por encima de cualquier texto legal, incluida la Constituci\u00f3n\u00bb y que los desenlaces de los procesos iniciados en Catalu\u00f1a y Escocia \u00abtendr\u00e1n consecuencias en Euskadi\u00bb.<\/p>\n<p>A su juicio, hay que renovar los textos estatutarios para incluir el derecho a decidir y, en referencia al lehendakari I\u00f1igo Urkullu y su propuesta de nuevo estatus pol\u00edtico para Euskadi, ha afirmado que sin el derecho a decidir \u00abninguna modificaci\u00f3n tendr\u00e1 virtualidad\u00bb.<\/p>\n","protected":false},"excerpt":{"rendered":"<p>Bilbao, 5 feb (EFE).- El coordinador general de Aralar, Patxi Zabaleta, ha considerado hoy que ETA debe desarmarse unilateralmente y despu\u00e9s, declararse una \u00aborganizaci\u00f3n civil\u00bb, pero no convertirse ni en partido, ni en agente pol\u00edtico. Para Zabaleta, carece de sentido que la banda se disuelva mientras existan presos condenados por pertenencia a esa organizaci\u00f3n y [&hellip;]<\/p>\n","protected":false},"author":1,"featured_media":484050,"comment_status":"closed","ping_status":"open","sticky":false,"template":"","format":"standard","meta":{"footnotes":""},"categories":[1],"tags":[],"class_list":["post-484049","post","type-post","status-publish","format-standard","has-post-thumbnail","hentry","category-actualidad"],"aioseo_notices":[],"aioseo_head":"\n\t\t<!-- All in One SEO Pro 5.0.1 - aioseo.com -->\n\t<meta name=\"description\" content=\"Bilbao, 5 feb (EFE).- El coordinador general de Aralar, Patxi Zabaleta, ha considerado hoy que ETA debe desarmarse unilateralmente y despu\u00e9s, declararse una &quot;organizaci\u00f3n civil&quot;, pero no convertirse ni en partido, ni en agente pol\u00edtico. Para Zabaleta, carece de sentido que la banda se disuelva mientras existan presos condenados por pertenencia a esa organizaci\u00f3n y\" \/>\n\t<meta name=\"robots\" content=\"max-image-preview:large\" \/>\n\t<meta name=\"author\" content=\"El Digital de Asturias\"\/>\n\t<meta name=\"google-site-verification\" content=\"UA-38556648-1\" \/>\n\t<meta name=\"msvalidate.01\" content=\"7dfe9f3f1b24437ab69f4f2559babe99\" \/>\n\t<meta name=\"keywords\" content=\"actualidad\" \/>\n\t<link rel=\"canonical\" href=\"https:\/\/www.eldigitaldeasturias.com\/noticias\/aralar-afirma-que-eta-debe-desarmarse-y-declararse-organizacion-civil-pero-no-politica\/\" \/>\n\t<meta name=\"generator\" content=\"All in One SEO Pro (AIOSEO) 5.0.1\" \/>\n\t\t<meta property=\"og:locale\" content=\"es_ES\" \/>\n\t\t<meta property=\"og:site_name\" content=\"El Digital de Asturias\" \/>\n\t\t<meta property=\"og:type\" content=\"article\" \/>\n\t\t<meta property=\"og:title\" content=\"Aralar afirma que ETA debe desarmarse y declararse organizaci\u00f3n civil, pero no pol\u00edtica - El Digital de Asturias\" \/>\n\t\t<meta property=\"og:description\" content=\"Bilbao, 5 feb (EFE).- El coordinador general de Aralar, Patxi Zabaleta, ha considerado hoy que ETA debe desarmarse unilateralmente y despu\u00e9s, declararse una &quot;organizaci\u00f3n civil&quot;, pero no convertirse ni en partido, ni en agente pol\u00edtico. Para Zabaleta, carece de sentido que la banda se disuelva mientras existan presos condenados por pertenencia a esa organizaci\u00f3n y\" \/>\n\t\t<meta property=\"og:url\" content=\"https:\/\/www.eldigitaldeasturias.com\/noticias\/aralar-afirma-que-eta-debe-desarmarse-y-declararse-organizacion-civil-pero-no-politica\/\" \/>\n\t\t<meta property=\"article:tag\" content=\"actualidad\" \/>\n\t\t<meta property=\"article:published_time\" content=\"2014-02-05T20:36:32+00:00\" \/>\n\t\t<meta property=\"article:modified_time\" content=\"2014-02-05T20:36:32+00:00\" \/>\n\t\t<meta property=\"article:publisher\" content=\"https:\/\/facebook.com\/eldigitaldeasturias\" \/>\n\t\t<meta name=\"twitter:card\" content=\"summary_large_image\" \/>\n\t\t<meta name=\"twitter:title\" content=\"Aralar afirma que ETA debe desarmarse y declararse organizaci\u00f3n civil, pero no pol\u00edtica - El Digital de Asturias\" \/>\n\t\t<meta name=\"twitter:description\" content=\"Bilbao, 5 feb (EFE).- El coordinador general de Aralar, Patxi Zabaleta, ha considerado hoy que ETA debe desarmarse unilateralmente y despu\u00e9s, declararse una &quot;organizaci\u00f3n civil&quot;, pero no convertirse ni en partido, ni en agente pol\u00edtico. Para Zabaleta, carece de sentido que la banda se disuelva mientras existan presos condenados por pertenencia a esa organizaci\u00f3n y\" \/>\n\t\t<meta name=\"twitter:label1\" content=\"Escrito por\" \/>\n\t\t<meta name=\"twitter:data1\" content=\"El Digital de Asturias\" \/>\n\t\t<meta name=\"twitter:label2\" content=\"Tiempo de lectura estimado\" \/>\n\t\t<meta name=\"twitter:data2\" content=\"3 minutos\" \/>\n\t\t<script type=\"application\/ld+json\" class=\"aioseo-schema\">\n\t\t\t{\"@context\":\"https:\\\/\\\/schema.org\",\"@graph\":[{\"@type\":\"BlogPosting\",\"@id\":\"https:\\\/\\\/www.eldigitaldeasturias.com\\\/noticias\\\/aralar-afirma-que-eta-debe-desarmarse-y-declararse-organizacion-civil-pero-no-politica\\\/#blogposting\",\"name\":\"Aralar afirma que ETA debe desarmarse y declararse organizaci\\u00f3n civil, pero no pol\\u00edtica - El Digital de Asturias\",\"headline\":\"Aralar afirma que ETA debe desarmarse y declararse organizaci\\u00f3n civil, pero no pol\\u00edtica\",\"author\":{\"@id\":\"https:\\\/\\\/www.eldigitaldeasturias.com\\\/noticias\\\/author\\\/admin\\\/#author\"},\"publisher\":{\"@id\":\"https:\\\/\\\/www.eldigitaldeasturias.com\\\/noticias\\\/#organization\"},\"image\":{\"@type\":\"ImageObject\",\"url\":484050},\"datePublished\":\"2014-02-05T19:36:32+01:00\",\"dateModified\":\"2014-02-05T19:36:32+01:00\",\"inLanguage\":\"es-ES\",\"mainEntityOfPage\":{\"@id\":\"https:\\\/\\\/www.eldigitaldeasturias.com\\\/noticias\\\/aralar-afirma-que-eta-debe-desarmarse-y-declararse-organizacion-civil-pero-no-politica\\\/#webpage\"},\"isPartOf\":{\"@id\":\"https:\\\/\\\/www.eldigitaldeasturias.com\\\/noticias\\\/aralar-afirma-que-eta-debe-desarmarse-y-declararse-organizacion-civil-pero-no-politica\\\/#webpage\"},\"articleSection\":\"Actualidad\"},{\"@type\":\"BreadcrumbList\",\"@id\":\"https:\\\/\\\/www.eldigitaldeasturias.com\\\/noticias\\\/aralar-afirma-que-eta-debe-desarmarse-y-declararse-organizacion-civil-pero-no-politica\\\/#breadcrumblist\",\"itemListElement\":[{\"@type\":\"ListItem\",\"@id\":\"https:\\\/\\\/www.eldigitaldeasturias.com\\\/noticias#listItem\",\"position\":1,\"name\":\"Home\",\"item\":\"https:\\\/\\\/www.eldigitaldeasturias.com\\\/noticias\",\"nextItem\":{\"@type\":\"ListItem\",\"@id\":\"https:\\\/\\\/www.eldigitaldeasturias.com\\\/noticias\\\/category\\\/actualidad\\\/#listItem\",\"name\":\"Actualidad\"}},{\"@type\":\"ListItem\",\"@id\":\"https:\\\/\\\/www.eldigitaldeasturias.com\\\/noticias\\\/category\\\/actualidad\\\/#listItem\",\"position\":2,\"name\":\"Actualidad\",\"item\":\"https:\\\/\\\/www.eldigitaldeasturias.com\\\/noticias\\\/category\\\/actualidad\\\/\",\"nextItem\":{\"@type\":\"ListItem\",\"@id\":\"https:\\\/\\\/www.eldigitaldeasturias.com\\\/noticias\\\/aralar-afirma-que-eta-debe-desarmarse-y-declararse-organizacion-civil-pero-no-politica\\\/#listItem\",\"name\":\"Aralar afirma que ETA debe desarmarse y declararse organizaci\\u00f3n civil, pero no pol\\u00edtica\"},\"previousItem\":{\"@type\":\"ListItem\",\"@id\":\"https:\\\/\\\/www.eldigitaldeasturias.com\\\/noticias#listItem\",\"name\":\"Home\"}},{\"@type\":\"ListItem\",\"@id\":\"https:\\\/\\\/www.eldigitaldeasturias.com\\\/noticias\\\/aralar-afirma-que-eta-debe-desarmarse-y-declararse-organizacion-civil-pero-no-politica\\\/#listItem\",\"position\":3,\"name\":\"Aralar afirma que ETA debe desarmarse y declararse organizaci\\u00f3n civil, pero no pol\\u00edtica\",\"previousItem\":{\"@type\":\"ListItem\",\"@id\":\"https:\\\/\\\/www.eldigitaldeasturias.com\\\/noticias\\\/category\\\/actualidad\\\/#listItem\",\"name\":\"Actualidad\"}}]},{\"@type\":\"Organization\",\"@id\":\"https:\\\/\\\/www.eldigitaldeasturias.com\\\/noticias\\\/#organization\",\"name\":\"El Digital de Asturias\",\"description\":\"Hemeroteca\",\"url\":\"https:\\\/\\\/www.eldigitaldeasturias.com\\\/noticias\\\/\",\"email\":\"info@eldigitaldeasturias.com\",\"telephone\":\"+34652131393\",\"logo\":{\"@type\":\"ImageObject\",\"url\":\"https:\\\/\\\/www.eldigitaldeasturias.com\\\/noticias\\\/wp-content\\\/uploads\\\/2020\\\/12\\\/EDA.jpg\",\"@id\":\"https:\\\/\\\/www.eldigitaldeasturias.com\\\/noticias\\\/aralar-afirma-que-eta-debe-desarmarse-y-declararse-organizacion-civil-pero-no-politica\\\/#organizationLogo\"},\"image\":{\"@id\":\"https:\\\/\\\/www.eldigitaldeasturias.com\\\/noticias\\\/aralar-afirma-que-eta-debe-desarmarse-y-declararse-organizacion-civil-pero-no-politica\\\/#organizationLogo\"},\"sameAs\":[\"https:\\\/\\\/facebook.com\\\/eldigitaldeasturias\",\"https:\\\/\\\/www.youtube.com\\\/channel\\\/UCZP-2wLEB9Rv6erhFmqVnvg\"],\"address\":{\"@id\":\"https:\\\/\\\/www.eldigitaldeasturias.com\\\/noticias\\\/#postaladdress\",\"@type\":\"PostalAddress\",\"streetAddress\":\"san antonio 4\",\"postalCode\":\"33430\",\"addressLocality\":\"Cand\\u00e1s\",\"addressRegion\":\"Asturias\",\"addressCountry\":\"ES\"}},{\"@type\":\"Person\",\"@id\":\"https:\\\/\\\/www.eldigitaldeasturias.com\\\/noticias\\\/author\\\/admin\\\/#author\",\"url\":\"https:\\\/\\\/www.eldigitaldeasturias.com\\\/noticias\\\/author\\\/admin\\\/\",\"name\":\"El Digital de Asturias\",\"image\":{\"@type\":\"ImageObject\",\"@id\":\"https:\\\/\\\/www.eldigitaldeasturias.com\\\/noticias\\\/aralar-afirma-que-eta-debe-desarmarse-y-declararse-organizacion-civil-pero-no-politica\\\/#authorImage\",\"url\":\"https:\\\/\\\/secure.gravatar.com\\\/avatar\\\/df2aeffc32bcd13f8d26072ef8a91b623d677766deac7f97ca815868cd41bf5e?s=96&d=mm&r=g\",\"width\":96,\"height\":96,\"caption\":\"El Digital de Asturias\"}},{\"@type\":\"WebPage\",\"@id\":\"https:\\\/\\\/www.eldigitaldeasturias.com\\\/noticias\\\/aralar-afirma-que-eta-debe-desarmarse-y-declararse-organizacion-civil-pero-no-politica\\\/#webpage\",\"url\":\"https:\\\/\\\/www.eldigitaldeasturias.com\\\/noticias\\\/aralar-afirma-que-eta-debe-desarmarse-y-declararse-organizacion-civil-pero-no-politica\\\/\",\"name\":\"Aralar afirma que ETA debe desarmarse y declararse organizaci\\u00f3n civil, pero no pol\\u00edtica - El Digital de Asturias\",\"description\":\"Bilbao, 5 feb (EFE).- El coordinador general de Aralar, Patxi Zabaleta, ha considerado hoy que ETA debe desarmarse unilateralmente y despu\\u00e9s, declararse una \\\"organizaci\\u00f3n civil\\\", pero no convertirse ni en partido, ni en agente pol\\u00edtico. Para Zabaleta, carece de sentido que la banda se disuelva mientras existan presos condenados por pertenencia a esa organizaci\\u00f3n y\",\"inLanguage\":\"es-ES\",\"isPartOf\":{\"@id\":\"https:\\\/\\\/www.eldigitaldeasturias.com\\\/noticias\\\/#website\"},\"breadcrumb\":{\"@id\":\"https:\\\/\\\/www.eldigitaldeasturias.com\\\/noticias\\\/aralar-afirma-que-eta-debe-desarmarse-y-declararse-organizacion-civil-pero-no-politica\\\/#breadcrumblist\"},\"author\":{\"@id\":\"https:\\\/\\\/www.eldigitaldeasturias.com\\\/noticias\\\/author\\\/admin\\\/#author\"},\"creator\":{\"@id\":\"https:\\\/\\\/www.eldigitaldeasturias.com\\\/noticias\\\/author\\\/admin\\\/#author\"},\"image\":{\"@type\":\"ImageObject\",\"url\":484050,\"@id\":\"https:\\\/\\\/www.eldigitaldeasturias.com\\\/noticias\\\/aralar-afirma-que-eta-debe-desarmarse-y-declararse-organizacion-civil-pero-no-politica\\\/#mainImage\"},\"primaryImageOfPage\":{\"@id\":\"https:\\\/\\\/www.eldigitaldeasturias.com\\\/noticias\\\/aralar-afirma-que-eta-debe-desarmarse-y-declararse-organizacion-civil-pero-no-politica\\\/#mainImage\"},\"datePublished\":\"2014-02-05T19:36:32+01:00\",\"dateModified\":\"2014-02-05T19:36:32+01:00\"},{\"@type\":\"WebSite\",\"@id\":\"https:\\\/\\\/www.eldigitaldeasturias.com\\\/noticias\\\/#website\",\"url\":\"https:\\\/\\\/www.eldigitaldeasturias.com\\\/noticias\\\/\",\"name\":\"El Digital de Asturias - Diario de actualidad y noticias\",\"alternateName\":\"El Digital de Asturias - Diario de actualidad y noticias\",\"description\":\"Hemeroteca\",\"inLanguage\":\"es-ES\",\"publisher\":{\"@id\":\"https:\\\/\\\/www.eldigitaldeasturias.com\\\/noticias\\\/#organization\"}}]}\n\t\t<\/script>\n\t\t<!-- All in One SEO Pro -->\r\n\t\t<title>Aralar afirma que ETA debe desarmarse y declararse organizaci\u00f3n civil, pero no pol\u00edtica - El Digital de Asturias<\/title>\n\n","aioseo_head_json":{"title":"Aralar afirma que ETA debe desarmarse y declararse organizaci\u00f3n civil, pero no pol\u00edtica - El Digital de Asturias","description":"Bilbao, 5 feb (EFE).- El coordinador general de Aralar, Patxi Zabaleta, ha considerado hoy que ETA debe desarmarse unilateralmente y despu\u00e9s, declararse una \"organizaci\u00f3n civil\", pero no convertirse ni en partido, ni en agente pol\u00edtico. Para Zabaleta, carece de sentido que la banda se disuelva mientras existan presos condenados por pertenencia a esa organizaci\u00f3n y","canonical_url":"https:\/\/www.eldigitaldeasturias.com\/noticias\/aralar-afirma-que-eta-debe-desarmarse-y-declararse-organizacion-civil-pero-no-politica\/","robots":"max-image-preview:large","keywords":"actualidad","webmasterTools":{"google-site-verification":"UA-38556648-1","msvalidate.01":"7dfe9f3f1b24437ab69f4f2559babe99","miscellaneous":""},"schema":{"@context":"https:\/\/schema.org","@graph":[{"@type":"BlogPosting","@id":"https:\/\/www.eldigitaldeasturias.com\/noticias\/aralar-afirma-que-eta-debe-desarmarse-y-declararse-organizacion-civil-pero-no-politica\/#blogposting","name":"Aralar afirma que ETA debe desarmarse y declararse organizaci\u00f3n civil, pero no pol\u00edtica - El Digital de Asturias","headline":"Aralar afirma que ETA debe desarmarse y declararse organizaci\u00f3n civil, pero no pol\u00edtica","author":{"@id":"https:\/\/www.eldigitaldeasturias.com\/noticias\/author\/admin\/#author"},"publisher":{"@id":"https:\/\/www.eldigitaldeasturias.com\/noticias\/#organization"},"image":{"@type":"ImageObject","url":484050},"datePublished":"2014-02-05T19:36:32+01:00","dateModified":"2014-02-05T19:36:32+01:00","inLanguage":"es-ES","mainEntityOfPage":{"@id":"https:\/\/www.eldigitaldeasturias.com\/noticias\/aralar-afirma-que-eta-debe-desarmarse-y-declararse-organizacion-civil-pero-no-politica\/#webpage"},"isPartOf":{"@id":"https:\/\/www.eldigitaldeasturias.com\/noticias\/aralar-afirma-que-eta-debe-desarmarse-y-declararse-organizacion-civil-pero-no-politica\/#webpage"},"articleSection":"Actualidad"},{"@type":"BreadcrumbList","@id":"https:\/\/www.eldigitaldeasturias.com\/noticias\/aralar-afirma-que-eta-debe-desarmarse-y-declararse-organizacion-civil-pero-no-politica\/#breadcrumblist","itemListElement":[{"@type":"ListItem","@id":"https:\/\/www.eldigitaldeasturias.com\/noticias#listItem","position":1,"name":"Home","item":"https:\/\/www.eldigitaldeasturias.com\/noticias","nextItem":{"@type":"ListItem","@id":"https:\/\/www.eldigitaldeasturias.com\/noticias\/category\/actualidad\/#listItem","name":"Actualidad"}},{"@type":"ListItem","@id":"https:\/\/www.eldigitaldeasturias.com\/noticias\/category\/actualidad\/#listItem","position":2,"name":"Actualidad","item":"https:\/\/www.eldigitaldeasturias.com\/noticias\/category\/actualidad\/","nextItem":{"@type":"ListItem","@id":"https:\/\/www.eldigitaldeasturias.com\/noticias\/aralar-afirma-que-eta-debe-desarmarse-y-declararse-organizacion-civil-pero-no-politica\/#listItem","name":"Aralar afirma que ETA debe desarmarse y declararse organizaci\u00f3n civil, pero no pol\u00edtica"},"previousItem":{"@type":"ListItem","@id":"https:\/\/www.eldigitaldeasturias.com\/noticias#listItem","name":"Home"}},{"@type":"ListItem","@id":"https:\/\/www.eldigitaldeasturias.com\/noticias\/aralar-afirma-que-eta-debe-desarmarse-y-declararse-organizacion-civil-pero-no-politica\/#listItem","position":3,"name":"Aralar afirma que ETA debe desarmarse y declararse organizaci\u00f3n civil, pero no pol\u00edtica","previousItem":{"@type":"ListItem","@id":"https:\/\/www.eldigitaldeasturias.com\/noticias\/category\/actualidad\/#listItem","name":"Actualidad"}}]},{"@type":"Organization","@id":"https:\/\/www.eldigitaldeasturias.com\/noticias\/#organization","name":"El Digital de Asturias","description":"Hemeroteca","url":"https:\/\/www.eldigitaldeasturias.com\/noticias\/","email":"info@eldigitaldeasturias.com","telephone":"+34652131393","logo":{"@type":"ImageObject","url":"https:\/\/www.eldigitaldeasturias.com\/noticias\/wp-content\/uploads\/2020\/12\/EDA.jpg","@id":"https:\/\/www.eldigitaldeasturias.com\/noticias\/aralar-afirma-que-eta-debe-desarmarse-y-declararse-organizacion-civil-pero-no-politica\/#organizationLogo"},"image":{"@id":"https:\/\/www.eldigitaldeasturias.com\/noticias\/aralar-afirma-que-eta-debe-desarmarse-y-declararse-organizacion-civil-pero-no-politica\/#organizationLogo"},"sameAs":["https:\/\/facebook.com\/eldigitaldeasturias","https:\/\/www.youtube.com\/channel\/UCZP-2wLEB9Rv6erhFmqVnvg"],"address":{"@id":"https:\/\/www.eldigitaldeasturias.com\/noticias\/#postaladdress","@type":"PostalAddress","streetAddress":"san antonio 4","postalCode":"33430","addressLocality":"Cand\u00e1s","addressRegion":"Asturias","addressCountry":"ES"}},{"@type":"Person","@id":"https:\/\/www.eldigitaldeasturias.com\/noticias\/author\/admin\/#author","url":"https:\/\/www.eldigitaldeasturias.com\/noticias\/author\/admin\/","name":"El Digital de Asturias","image":{"@type":"ImageObject","@id":"https:\/\/www.eldigitaldeasturias.com\/noticias\/aralar-afirma-que-eta-debe-desarmarse-y-declararse-organizacion-civil-pero-no-politica\/#authorImage","url":"https:\/\/secure.gravatar.com\/avatar\/df2aeffc32bcd13f8d26072ef8a91b623d677766deac7f97ca815868cd41bf5e?s=96&d=mm&r=g","width":96,"height":96,"caption":"El Digital de Asturias"}},{"@type":"WebPage","@id":"https:\/\/www.eldigitaldeasturias.com\/noticias\/aralar-afirma-que-eta-debe-desarmarse-y-declararse-organizacion-civil-pero-no-politica\/#webpage","url":"https:\/\/www.eldigitaldeasturias.com\/noticias\/aralar-afirma-que-eta-debe-desarmarse-y-declararse-organizacion-civil-pero-no-politica\/","name":"Aralar afirma que ETA debe desarmarse y declararse organizaci\u00f3n civil, pero no pol\u00edtica - El Digital de Asturias","description":"Bilbao, 5 feb (EFE).- El coordinador general de Aralar, Patxi Zabaleta, ha considerado hoy que ETA debe desarmarse unilateralmente y despu\u00e9s, declararse una \"organizaci\u00f3n civil\", pero no convertirse ni en partido, ni en agente pol\u00edtico. Para Zabaleta, carece de sentido que la banda se disuelva mientras existan presos condenados por pertenencia a esa organizaci\u00f3n y","inLanguage":"es-ES","isPartOf":{"@id":"https:\/\/www.eldigitaldeasturias.com\/noticias\/#website"},"breadcrumb":{"@id":"https:\/\/www.eldigitaldeasturias.com\/noticias\/aralar-afirma-que-eta-debe-desarmarse-y-declararse-organizacion-civil-pero-no-politica\/#breadcrumblist"},"author":{"@id":"https:\/\/www.eldigitaldeasturias.com\/noticias\/author\/admin\/#author"},"creator":{"@id":"https:\/\/www.eldigitaldeasturias.com\/noticias\/author\/admin\/#author"},"image":{"@type":"ImageObject","url":484050,"@id":"https:\/\/www.eldigitaldeasturias.com\/noticias\/aralar-afirma-que-eta-debe-desarmarse-y-declararse-organizacion-civil-pero-no-politica\/#mainImage"},"primaryImageOfPage":{"@id":"https:\/\/www.eldigitaldeasturias.com\/noticias\/aralar-afirma-que-eta-debe-desarmarse-y-declararse-organizacion-civil-pero-no-politica\/#mainImage"},"datePublished":"2014-02-05T19:36:32+01:00","dateModified":"2014-02-05T19:36:32+01:00"},{"@type":"WebSite","@id":"https:\/\/www.eldigitaldeasturias.com\/noticias\/#website","url":"https:\/\/www.eldigitaldeasturias.com\/noticias\/","name":"El Digital de Asturias - Diario de actualidad y noticias","alternateName":"El Digital de Asturias - Diario de actualidad y noticias","description":"Hemeroteca","inLanguage":"es-ES","publisher":{"@id":"https:\/\/www.eldigitaldeasturias.com\/noticias\/#organization"}}]},"og:locale":"es_ES","og:site_name":"El Digital de Asturias","og:type":"article","og:title":"Aralar afirma que ETA debe desarmarse y declararse organizaci\u00f3n civil, pero no pol\u00edtica - El Digital de Asturias","og:description":"Bilbao, 5 feb (EFE).- El coordinador general de Aralar, Patxi Zabaleta, ha considerado hoy que ETA debe desarmarse unilateralmente y despu\u00e9s, declararse una &quot;organizaci\u00f3n civil&quot;, pero no convertirse ni en partido, ni en agente pol\u00edtico. Para Zabaleta, carece de sentido que la banda se disuelva mientras existan presos condenados por pertenencia a esa organizaci\u00f3n y","og:url":"https:\/\/www.eldigitaldeasturias.com\/noticias\/aralar-afirma-que-eta-debe-desarmarse-y-declararse-organizacion-civil-pero-no-politica\/","article:tag":["actualidad"],"article:published_time":"2014-02-05T20:36:32+00:00","article:modified_time":"2014-02-05T20:36:32+00:00","article:publisher":"https:\/\/facebook.com\/eldigitaldeasturias","twitter:card":"summary_large_image","twitter:title":"Aralar afirma que ETA debe desarmarse y declararse organizaci\u00f3n civil, pero no pol\u00edtica - El Digital de Asturias","twitter:description":"Bilbao, 5 feb (EFE).- El coordinador general de Aralar, Patxi Zabaleta, ha considerado hoy que ETA debe desarmarse unilateralmente y despu\u00e9s, declararse una &quot;organizaci\u00f3n civil&quot;, pero no convertirse ni en partido, ni en agente pol\u00edtico. Para Zabaleta, carece de sentido que la banda se disuelva mientras existan presos condenados por pertenencia a esa organizaci\u00f3n y","twitter:label1":"Escrito por","twitter:data1":"El Digital de Asturias","twitter:label2":"Tiempo de lectura estimado","twitter:data2":"3 minutos"},"aioseo_meta_data":{"post_id":"484049","title":null,"description":null,"keywords":null,"keyphrases":null,"primary_term":null,"canonical_url":null,"og_title":null,"og_description":null,"og_object_type":"default","og_image_type":"default","og_image_url":null,"og_image_width":null,"og_image_height":null,"og_image_custom_url":null,"og_image_custom_fields":null,"og_video":null,"og_custom_url":null,"og_article_section":null,"og_article_tags":null,"twitter_use_og":true,"twitter_card":"default","twitter_image_type":"default","twitter_image_url":null,"twitter_image_custom_url":null,"twitter_image_custom_fields":null,"twitter_title":null,"twitter_description":null,"schema":{"blockGraphs":[],"customGraphs":[],"default":{"data":{"Article":[],"Course":[],"Dataset":[],"FAQPage":[],"Movie":[],"Person":[],"Product":[],"ProductReview":[],"Car":[],"Recipe":[],"Service":[],"SoftwareApplication":[],"WebPage":[]},"graphName":"","isEnabled":true},"graphs":[],"defaultGraph":"","defaultPostTypeGraph":""},"schema_type":null,"schema_type_options":null,"pillar_content":false,"robots_default":true,"robots_noindex":false,"robots_noarchive":false,"robots_nosnippet":false,"robots_nofollow":false,"robots_noimageindex":false,"robots_noodp":false,"robots_notranslate":false,"robots_max_snippet":null,"robots_max_videopreview":null,"robots_max_imagepreview":"none","priority":null,"frequency":null,"local_seo":null,"seo_analyzer_scan_date":"2026-06-02 14:43:16","breadcrumb_settings":null,"limit_modified_date":false,"open_ai":null,"ai":null,"created":"2020-11-14 22:55:00","updated":"2026-06-02 14:43:16","focus_keyword":null,"additional_keywords":null,"truseo_locale":null},"aioseo_breadcrumb":"<div class=\"aioseo-breadcrumbs\"><span class=\"aioseo-breadcrumb\">\n\t<a href=\"https:\/\/www.eldigitaldeasturias.com\/noticias\" title=\"Home\">Home<\/a>\n<\/span><span class=\"aioseo-breadcrumb-separator\">\u2013<\/span><span class=\"aioseo-breadcrumb\">\n\t<a href=\"https:\/\/www.eldigitaldeasturias.com\/noticias\/category\/actualidad\/\" title=\"Actualidad\">Actualidad<\/a>\n<\/span><span class=\"aioseo-breadcrumb-separator\">\u2013<\/span><span class=\"aioseo-breadcrumb\">\n\t<a href=\"https:\/\/www.eldigitaldeasturias.com\/noticias\/aralar-afirma-que-eta-debe-desarmarse-y-declararse-organizacion-civil-pero-no-politica\/\" title=\"Aralar afirma que ETA debe desarmarse y declararse organizaci\u00f3n civil, pero no pol\u00edtica\">Aralar afirma que ETA debe desarmarse y declararse organizaci\u00f3n civil, pero no pol\u00edtica<\/a>\n<\/span><\/div>","aioseo_breadcrumb_json":[{"label":"Home","link":"https:\/\/www.eldigitaldeasturias.com\/noticias"},{"label":"Actualidad","link":"https:\/\/www.eldigitaldeasturias.com\/noticias\/category\/actualidad\/"},{"label":"Aralar afirma que ETA debe desarmarse y declararse organizaci\u00f3n civil, pero no pol\u00edtica","link":"https:\/\/www.eldigitaldeasturias.com\/noticias\/aralar-afirma-que-eta-debe-desarmarse-y-declararse-organizacion-civil-pero-no-politica\/"}],"_links":{"self":[{"href":"https:\/\/www.eldigitaldeasturias.com\/noticias\/wp-json\/wp\/v2\/posts\/484049","targetHints":{"allow":["GET"]}}],"collection":[{"href":"https:\/\/www.eldigitaldeasturias.com\/noticias\/wp-json\/wp\/v2\/posts"}],"about":[{"href":"https:\/\/www.eldigitaldeasturias.com\/noticias\/wp-json\/wp\/v2\/types\/post"}],"author":[{"embeddable":true,"href":"https:\/\/www.eldigitaldeasturias.com\/noticias\/wp-json\/wp\/v2\/users\/1"}],"replies":[{"embeddable":true,"href":"https:\/\/www.eldigitaldeasturias.com\/noticias\/wp-json\/wp\/v2\/comments?post=484049"}],"version-history":[{"count":0,"href":"https:\/\/www.eldigitaldeasturias.com\/noticias\/wp-json\/wp\/v2\/posts\/484049\/revisions"}],"wp:attachment":[{"href":"https:\/\/www.eldigitaldeasturias.com\/noticias\/wp-json\/wp\/v2\/media?parent=484049"}],"wp:term":[{"taxonomy":"category","embeddable":true,"href":"https:\/\/www.eldigitaldeasturias.com\/noticias\/wp-json\/wp\/v2\/categories?post=484049"},{"taxonomy":"post_tag","embeddable":true,"href":"https:\/\/www.eldigitaldeasturias.com\/noticias\/wp-json\/wp\/v2\/tags?post=484049"}],"curies":[{"name":"wp","href":"https:\/\/api.w.org\/{rel}","templated":true}]}}