{"id":484025,"date":"2014-02-05T19:17:30","date_gmt":"2014-02-05T20:17:30","guid":{"rendered":"http:\/\/www.eldigitaldeasturias.com\/noticias\/?p=484025"},"modified":"2014-02-05T19:17:30","modified_gmt":"2014-02-05T20:17:30","slug":"el-volumen-de-comercio-minorista-bajo-un-16-por-ciento-en-la-zona-euro-en-diciembre","status":"publish","type":"post","link":"https:\/\/www.eldigitaldeasturias.com\/noticias\/el-volumen-de-comercio-minorista-bajo-un-16-por-ciento-en-la-zona-euro-en-diciembre\/","title":{"rendered":"El volumen de comercio minorista baj\u00f3 un 1,6 por ciento en la zona euro en diciembre"},"content":{"rendered":"<p><img loading=\"lazy\" decoding=\"async\" class=\"alignleft size-medium wp-image-484026\" alt=\"5911356w\" src=\"https:\/\/www.eldigitaldeasturias.com\/noticias\/wp-content\/uploads\/2014\/02\/5911356w-360x210.jpg\" width=\"360\" height=\"210\" \/>Bruselas, 5 feb (EFE).- El volumen de ventas del comercio minorista en los pa\u00edses del euro baj\u00f3 un 1,6 % en diciembre pasado respecto al mes anterior, seg\u00fan los datos publicados hoy por Eurostat, la oficina estad\u00edstica comunitaria.<\/p>\n<p>Mientras, en el conjunto de la Uni\u00f3n Europea (UE) las ventas del comercio minorista disminuyeron ese mes un 0,8 % respecto a noviembre, cuando hab\u00edan aumentado un 0,8 % (y un 0,9 % en la zona del euro).<\/p>\n<p>En comparaci\u00f3n con diciembre de 2012, el \u00edndice de ventas cay\u00f3 un 1,0 % en la zona del euro, mientras que creci\u00f3 un 0,1 % en toda la UE.<\/p>\n<p>Por sectores, frente al mes precedente, el de la alimentaci\u00f3n, bebidas y tabaco cay\u00f3 en diciembre un 1,4 % en la zona del euro y un 0,7 % en el conjunto de la UE, mientras que el sector no alimentario retrocedi\u00f3 en la eurozona un 1,8 % % y un 0,9 % en la Uni\u00f3n.<\/p>\n<p>Por pa\u00edses, las mayores subidas se dieron en Reino Unido (2,6 %), Malta (2 %) e Irlanda (1,4 %), mientras que las bajadas m\u00e1s destacadas ocurrieron en Portugal (5,8 %), Espa\u00f1a (3,6 %) y Alemania (2,5 %).<\/p>\n<p>En Espa\u00f1a se hab\u00eda producido una subida del 1,8 % en noviembre.<\/p>\n<p>La comparaci\u00f3n interanual revela que el sector de la alimentaci\u00f3n, bebidas y tabaco baj\u00f3 en diciembre un 1,6 % en los pa\u00edses de la moneda \u00fanica y un 1,2 % en el conjunto de la UE.<\/p>\n<p>El sector no alimentario disminuy\u00f3 un 0,4 % en la zona euro y aument\u00f3 un 1,2 % en la Uni\u00f3n.<\/p>\n<p>Las principales subidas tuvieron lugar en Luxemburgo (9,4 %), Polonia (6,7 %), Ruman\u00eda (5,9 %) y Bulgaria (5,6 %) mientras que las principales bajadas se dieron en Alemania (2,4 %), B\u00e9lgica (1,9 %) y Finlandia (1,3 %).<\/p>\n","protected":false},"excerpt":{"rendered":"<p>Bruselas, 5 feb (EFE).- El volumen de ventas del comercio minorista en los pa\u00edses del euro baj\u00f3 un 1,6 % en diciembre pasado respecto al mes anterior, seg\u00fan los datos publicados hoy por Eurostat, la oficina estad\u00edstica comunitaria. Mientras, en el conjunto de la Uni\u00f3n Europea (UE) las ventas del comercio minorista disminuyeron ese mes [&hellip;]<\/p>\n","protected":false},"author":1,"featured_media":484026,"comment_status":"closed","ping_status":"open","sticky":false,"template":"","format":"standard","meta":{"footnotes":""},"categories":[1],"tags":[],"class_list":["post-484025","post","type-post","status-publish","format-standard","has-post-thumbnail","hentry","category-actualidad"],"aioseo_notices":[],"aioseo_head":"\n\t\t<!-- All in One SEO Pro 5.0.1 - aioseo.com -->\n\t<meta name=\"description\" content=\"Bruselas, 5 feb (EFE).- El volumen de ventas del comercio minorista en los pa\u00edses del euro baj\u00f3 un 1,6 % en diciembre pasado respecto al mes anterior, seg\u00fan los datos publicados hoy por Eurostat, la oficina estad\u00edstica comunitaria. Mientras, en el conjunto de la Uni\u00f3n Europea (UE) las ventas del comercio minorista disminuyeron ese mes\" \/>\n\t<meta name=\"robots\" content=\"max-image-preview:large\" \/>\n\t<meta name=\"author\" content=\"El Digital de Asturias\"\/>\n\t<meta name=\"google-site-verification\" content=\"UA-38556648-1\" \/>\n\t<meta name=\"msvalidate.01\" content=\"7dfe9f3f1b24437ab69f4f2559babe99\" \/>\n\t<meta name=\"keywords\" content=\"actualidad\" \/>\n\t<link rel=\"canonical\" href=\"https:\/\/www.eldigitaldeasturias.com\/noticias\/el-volumen-de-comercio-minorista-bajo-un-16-por-ciento-en-la-zona-euro-en-diciembre\/\" \/>\n\t<meta name=\"generator\" content=\"All in One SEO Pro (AIOSEO) 5.0.1\" \/>\n\t\t<meta property=\"og:locale\" content=\"es_ES\" \/>\n\t\t<meta property=\"og:site_name\" content=\"El Digital de Asturias\" \/>\n\t\t<meta property=\"og:type\" content=\"article\" \/>\n\t\t<meta property=\"og:title\" content=\"El volumen de comercio minorista baj\u00f3 un 1,6 por ciento en la zona euro en diciembre - El Digital de Asturias\" \/>\n\t\t<meta property=\"og:description\" content=\"Bruselas, 5 feb (EFE).- El volumen de ventas del comercio minorista en los pa\u00edses del euro baj\u00f3 un 1,6 % en diciembre pasado respecto al mes anterior, seg\u00fan los datos publicados hoy por Eurostat, la oficina estad\u00edstica comunitaria. Mientras, en el conjunto de la Uni\u00f3n Europea (UE) las ventas del comercio minorista disminuyeron ese mes\" \/>\n\t\t<meta property=\"og:url\" content=\"https:\/\/www.eldigitaldeasturias.com\/noticias\/el-volumen-de-comercio-minorista-bajo-un-16-por-ciento-en-la-zona-euro-en-diciembre\/\" \/>\n\t\t<meta property=\"article:tag\" content=\"actualidad\" \/>\n\t\t<meta property=\"article:published_time\" content=\"2014-02-05T20:17:30+00:00\" \/>\n\t\t<meta property=\"article:modified_time\" content=\"2014-02-05T20:17:30+00:00\" \/>\n\t\t<meta property=\"article:publisher\" content=\"https:\/\/facebook.com\/eldigitaldeasturias\" \/>\n\t\t<meta name=\"twitter:card\" content=\"summary_large_image\" \/>\n\t\t<meta name=\"twitter:title\" content=\"El volumen de comercio minorista baj\u00f3 un 1,6 por ciento en la zona euro en diciembre - El Digital de Asturias\" \/>\n\t\t<meta name=\"twitter:description\" content=\"Bruselas, 5 feb (EFE).- El volumen de ventas del comercio minorista en los pa\u00edses del euro baj\u00f3 un 1,6 % en diciembre pasado respecto al mes anterior, seg\u00fan los datos publicados hoy por Eurostat, la oficina estad\u00edstica comunitaria. Mientras, en el conjunto de la Uni\u00f3n Europea (UE) las ventas del comercio minorista disminuyeron ese mes\" \/>\n\t\t<meta name=\"twitter:label1\" content=\"Escrito por\" \/>\n\t\t<meta name=\"twitter:data1\" content=\"El Digital de Asturias\" \/>\n\t\t<meta name=\"twitter:label2\" content=\"Tiempo de lectura estimado\" \/>\n\t\t<meta name=\"twitter:data2\" content=\"1 minuto\" \/>\n\t\t<script type=\"application\/ld+json\" class=\"aioseo-schema\">\n\t\t\t{\"@context\":\"https:\\\/\\\/schema.org\",\"@graph\":[{\"@type\":\"BlogPosting\",\"@id\":\"https:\\\/\\\/www.eldigitaldeasturias.com\\\/noticias\\\/el-volumen-de-comercio-minorista-bajo-un-16-por-ciento-en-la-zona-euro-en-diciembre\\\/#blogposting\",\"name\":\"El volumen de comercio minorista baj\\u00f3 un 1,6 por ciento en la zona euro en diciembre - El Digital de Asturias\",\"headline\":\"El volumen de comercio minorista baj\\u00f3 un 1,6 por ciento en la zona euro en diciembre\",\"author\":{\"@id\":\"https:\\\/\\\/www.eldigitaldeasturias.com\\\/noticias\\\/author\\\/admin\\\/#author\"},\"publisher\":{\"@id\":\"https:\\\/\\\/www.eldigitaldeasturias.com\\\/noticias\\\/#organization\"},\"image\":{\"@type\":\"ImageObject\",\"url\":484026},\"datePublished\":\"2014-02-05T19:17:30+01:00\",\"dateModified\":\"2014-02-05T19:17:30+01:00\",\"inLanguage\":\"es-ES\",\"mainEntityOfPage\":{\"@id\":\"https:\\\/\\\/www.eldigitaldeasturias.com\\\/noticias\\\/el-volumen-de-comercio-minorista-bajo-un-16-por-ciento-en-la-zona-euro-en-diciembre\\\/#webpage\"},\"isPartOf\":{\"@id\":\"https:\\\/\\\/www.eldigitaldeasturias.com\\\/noticias\\\/el-volumen-de-comercio-minorista-bajo-un-16-por-ciento-en-la-zona-euro-en-diciembre\\\/#webpage\"},\"articleSection\":\"Actualidad\"},{\"@type\":\"BreadcrumbList\",\"@id\":\"https:\\\/\\\/www.eldigitaldeasturias.com\\\/noticias\\\/el-volumen-de-comercio-minorista-bajo-un-16-por-ciento-en-la-zona-euro-en-diciembre\\\/#breadcrumblist\",\"itemListElement\":[{\"@type\":\"ListItem\",\"@id\":\"https:\\\/\\\/www.eldigitaldeasturias.com\\\/noticias#listItem\",\"position\":1,\"name\":\"Home\",\"item\":\"https:\\\/\\\/www.eldigitaldeasturias.com\\\/noticias\",\"nextItem\":{\"@type\":\"ListItem\",\"@id\":\"https:\\\/\\\/www.eldigitaldeasturias.com\\\/noticias\\\/category\\\/actualidad\\\/#listItem\",\"name\":\"Actualidad\"}},{\"@type\":\"ListItem\",\"@id\":\"https:\\\/\\\/www.eldigitaldeasturias.com\\\/noticias\\\/category\\\/actualidad\\\/#listItem\",\"position\":2,\"name\":\"Actualidad\",\"item\":\"https:\\\/\\\/www.eldigitaldeasturias.com\\\/noticias\\\/category\\\/actualidad\\\/\",\"nextItem\":{\"@type\":\"ListItem\",\"@id\":\"https:\\\/\\\/www.eldigitaldeasturias.com\\\/noticias\\\/el-volumen-de-comercio-minorista-bajo-un-16-por-ciento-en-la-zona-euro-en-diciembre\\\/#listItem\",\"name\":\"El volumen de comercio minorista baj\\u00f3 un 1,6 por ciento en la zona euro en diciembre\"},\"previousItem\":{\"@type\":\"ListItem\",\"@id\":\"https:\\\/\\\/www.eldigitaldeasturias.com\\\/noticias#listItem\",\"name\":\"Home\"}},{\"@type\":\"ListItem\",\"@id\":\"https:\\\/\\\/www.eldigitaldeasturias.com\\\/noticias\\\/el-volumen-de-comercio-minorista-bajo-un-16-por-ciento-en-la-zona-euro-en-diciembre\\\/#listItem\",\"position\":3,\"name\":\"El volumen de comercio minorista baj\\u00f3 un 1,6 por ciento en la zona euro en diciembre\",\"previousItem\":{\"@type\":\"ListItem\",\"@id\":\"https:\\\/\\\/www.eldigitaldeasturias.com\\\/noticias\\\/category\\\/actualidad\\\/#listItem\",\"name\":\"Actualidad\"}}]},{\"@type\":\"Organization\",\"@id\":\"https:\\\/\\\/www.eldigitaldeasturias.com\\\/noticias\\\/#organization\",\"name\":\"El Digital de Asturias\",\"description\":\"Hemeroteca\",\"url\":\"https:\\\/\\\/www.eldigitaldeasturias.com\\\/noticias\\\/\",\"email\":\"info@eldigitaldeasturias.com\",\"telephone\":\"+34652131393\",\"logo\":{\"@type\":\"ImageObject\",\"url\":\"https:\\\/\\\/www.eldigitaldeasturias.com\\\/noticias\\\/wp-content\\\/uploads\\\/2020\\\/12\\\/EDA.jpg\",\"@id\":\"https:\\\/\\\/www.eldigitaldeasturias.com\\\/noticias\\\/el-volumen-de-comercio-minorista-bajo-un-16-por-ciento-en-la-zona-euro-en-diciembre\\\/#organizationLogo\"},\"image\":{\"@id\":\"https:\\\/\\\/www.eldigitaldeasturias.com\\\/noticias\\\/el-volumen-de-comercio-minorista-bajo-un-16-por-ciento-en-la-zona-euro-en-diciembre\\\/#organizationLogo\"},\"sameAs\":[\"https:\\\/\\\/facebook.com\\\/eldigitaldeasturias\",\"https:\\\/\\\/www.youtube.com\\\/channel\\\/UCZP-2wLEB9Rv6erhFmqVnvg\"],\"address\":{\"@id\":\"https:\\\/\\\/www.eldigitaldeasturias.com\\\/noticias\\\/#postaladdress\",\"@type\":\"PostalAddress\",\"streetAddress\":\"san antonio 4\",\"postalCode\":\"33430\",\"addressLocality\":\"Cand\\u00e1s\",\"addressRegion\":\"Asturias\",\"addressCountry\":\"ES\"}},{\"@type\":\"Person\",\"@id\":\"https:\\\/\\\/www.eldigitaldeasturias.com\\\/noticias\\\/author\\\/admin\\\/#author\",\"url\":\"https:\\\/\\\/www.eldigitaldeasturias.com\\\/noticias\\\/author\\\/admin\\\/\",\"name\":\"El Digital de Asturias\",\"image\":{\"@type\":\"ImageObject\",\"@id\":\"https:\\\/\\\/www.eldigitaldeasturias.com\\\/noticias\\\/el-volumen-de-comercio-minorista-bajo-un-16-por-ciento-en-la-zona-euro-en-diciembre\\\/#authorImage\",\"url\":\"https:\\\/\\\/secure.gravatar.com\\\/avatar\\\/df2aeffc32bcd13f8d26072ef8a91b623d677766deac7f97ca815868cd41bf5e?s=96&d=mm&r=g\",\"width\":96,\"height\":96,\"caption\":\"El Digital de Asturias\"}},{\"@type\":\"WebPage\",\"@id\":\"https:\\\/\\\/www.eldigitaldeasturias.com\\\/noticias\\\/el-volumen-de-comercio-minorista-bajo-un-16-por-ciento-en-la-zona-euro-en-diciembre\\\/#webpage\",\"url\":\"https:\\\/\\\/www.eldigitaldeasturias.com\\\/noticias\\\/el-volumen-de-comercio-minorista-bajo-un-16-por-ciento-en-la-zona-euro-en-diciembre\\\/\",\"name\":\"El volumen de comercio minorista baj\\u00f3 un 1,6 por ciento en la zona euro en diciembre - El Digital de Asturias\",\"description\":\"Bruselas, 5 feb (EFE).- El volumen de ventas del comercio minorista en los pa\\u00edses del euro baj\\u00f3 un 1,6 % en diciembre pasado respecto al mes anterior, seg\\u00fan los datos publicados hoy por Eurostat, la oficina estad\\u00edstica comunitaria. Mientras, en el conjunto de la Uni\\u00f3n Europea (UE) las ventas del comercio minorista disminuyeron ese mes\",\"inLanguage\":\"es-ES\",\"isPartOf\":{\"@id\":\"https:\\\/\\\/www.eldigitaldeasturias.com\\\/noticias\\\/#website\"},\"breadcrumb\":{\"@id\":\"https:\\\/\\\/www.eldigitaldeasturias.com\\\/noticias\\\/el-volumen-de-comercio-minorista-bajo-un-16-por-ciento-en-la-zona-euro-en-diciembre\\\/#breadcrumblist\"},\"author\":{\"@id\":\"https:\\\/\\\/www.eldigitaldeasturias.com\\\/noticias\\\/author\\\/admin\\\/#author\"},\"creator\":{\"@id\":\"https:\\\/\\\/www.eldigitaldeasturias.com\\\/noticias\\\/author\\\/admin\\\/#author\"},\"image\":{\"@type\":\"ImageObject\",\"url\":484026,\"@id\":\"https:\\\/\\\/www.eldigitaldeasturias.com\\\/noticias\\\/el-volumen-de-comercio-minorista-bajo-un-16-por-ciento-en-la-zona-euro-en-diciembre\\\/#mainImage\"},\"primaryImageOfPage\":{\"@id\":\"https:\\\/\\\/www.eldigitaldeasturias.com\\\/noticias\\\/el-volumen-de-comercio-minorista-bajo-un-16-por-ciento-en-la-zona-euro-en-diciembre\\\/#mainImage\"},\"datePublished\":\"2014-02-05T19:17:30+01:00\",\"dateModified\":\"2014-02-05T19:17:30+01:00\"},{\"@type\":\"WebSite\",\"@id\":\"https:\\\/\\\/www.eldigitaldeasturias.com\\\/noticias\\\/#website\",\"url\":\"https:\\\/\\\/www.eldigitaldeasturias.com\\\/noticias\\\/\",\"name\":\"El Digital de Asturias - Diario de actualidad y noticias\",\"alternateName\":\"El Digital de Asturias - Diario de actualidad y noticias\",\"description\":\"Hemeroteca\",\"inLanguage\":\"es-ES\",\"publisher\":{\"@id\":\"https:\\\/\\\/www.eldigitaldeasturias.com\\\/noticias\\\/#organization\"}}]}\n\t\t<\/script>\n\t\t<!-- All in One SEO Pro -->\r\n\t\t<title>El volumen de comercio minorista baj\u00f3 un 1,6 por ciento en la zona euro en diciembre - El Digital de Asturias<\/title>\n\n","aioseo_head_json":{"title":"El volumen de comercio minorista baj\u00f3 un 1,6 por ciento en la zona euro en diciembre - El Digital de Asturias","description":"Bruselas, 5 feb (EFE).- El volumen de ventas del comercio minorista en los pa\u00edses del euro baj\u00f3 un 1,6 % en diciembre pasado respecto al mes anterior, seg\u00fan los datos publicados hoy por Eurostat, la oficina estad\u00edstica comunitaria. Mientras, en el conjunto de la Uni\u00f3n Europea (UE) las ventas del comercio minorista disminuyeron ese mes","canonical_url":"https:\/\/www.eldigitaldeasturias.com\/noticias\/el-volumen-de-comercio-minorista-bajo-un-16-por-ciento-en-la-zona-euro-en-diciembre\/","robots":"max-image-preview:large","keywords":"actualidad","webmasterTools":{"google-site-verification":"UA-38556648-1","msvalidate.01":"7dfe9f3f1b24437ab69f4f2559babe99","miscellaneous":""},"schema":{"@context":"https:\/\/schema.org","@graph":[{"@type":"BlogPosting","@id":"https:\/\/www.eldigitaldeasturias.com\/noticias\/el-volumen-de-comercio-minorista-bajo-un-16-por-ciento-en-la-zona-euro-en-diciembre\/#blogposting","name":"El volumen de comercio minorista baj\u00f3 un 1,6 por ciento en la zona euro en diciembre - El Digital de Asturias","headline":"El volumen de comercio minorista baj\u00f3 un 1,6 por ciento en la zona euro en diciembre","author":{"@id":"https:\/\/www.eldigitaldeasturias.com\/noticias\/author\/admin\/#author"},"publisher":{"@id":"https:\/\/www.eldigitaldeasturias.com\/noticias\/#organization"},"image":{"@type":"ImageObject","url":484026},"datePublished":"2014-02-05T19:17:30+01:00","dateModified":"2014-02-05T19:17:30+01:00","inLanguage":"es-ES","mainEntityOfPage":{"@id":"https:\/\/www.eldigitaldeasturias.com\/noticias\/el-volumen-de-comercio-minorista-bajo-un-16-por-ciento-en-la-zona-euro-en-diciembre\/#webpage"},"isPartOf":{"@id":"https:\/\/www.eldigitaldeasturias.com\/noticias\/el-volumen-de-comercio-minorista-bajo-un-16-por-ciento-en-la-zona-euro-en-diciembre\/#webpage"},"articleSection":"Actualidad"},{"@type":"BreadcrumbList","@id":"https:\/\/www.eldigitaldeasturias.com\/noticias\/el-volumen-de-comercio-minorista-bajo-un-16-por-ciento-en-la-zona-euro-en-diciembre\/#breadcrumblist","itemListElement":[{"@type":"ListItem","@id":"https:\/\/www.eldigitaldeasturias.com\/noticias#listItem","position":1,"name":"Home","item":"https:\/\/www.eldigitaldeasturias.com\/noticias","nextItem":{"@type":"ListItem","@id":"https:\/\/www.eldigitaldeasturias.com\/noticias\/category\/actualidad\/#listItem","name":"Actualidad"}},{"@type":"ListItem","@id":"https:\/\/www.eldigitaldeasturias.com\/noticias\/category\/actualidad\/#listItem","position":2,"name":"Actualidad","item":"https:\/\/www.eldigitaldeasturias.com\/noticias\/category\/actualidad\/","nextItem":{"@type":"ListItem","@id":"https:\/\/www.eldigitaldeasturias.com\/noticias\/el-volumen-de-comercio-minorista-bajo-un-16-por-ciento-en-la-zona-euro-en-diciembre\/#listItem","name":"El volumen de comercio minorista baj\u00f3 un 1,6 por ciento en la zona euro en diciembre"},"previousItem":{"@type":"ListItem","@id":"https:\/\/www.eldigitaldeasturias.com\/noticias#listItem","name":"Home"}},{"@type":"ListItem","@id":"https:\/\/www.eldigitaldeasturias.com\/noticias\/el-volumen-de-comercio-minorista-bajo-un-16-por-ciento-en-la-zona-euro-en-diciembre\/#listItem","position":3,"name":"El volumen de comercio minorista baj\u00f3 un 1,6 por ciento en la zona euro en diciembre","previousItem":{"@type":"ListItem","@id":"https:\/\/www.eldigitaldeasturias.com\/noticias\/category\/actualidad\/#listItem","name":"Actualidad"}}]},{"@type":"Organization","@id":"https:\/\/www.eldigitaldeasturias.com\/noticias\/#organization","name":"El Digital de Asturias","description":"Hemeroteca","url":"https:\/\/www.eldigitaldeasturias.com\/noticias\/","email":"info@eldigitaldeasturias.com","telephone":"+34652131393","logo":{"@type":"ImageObject","url":"https:\/\/www.eldigitaldeasturias.com\/noticias\/wp-content\/uploads\/2020\/12\/EDA.jpg","@id":"https:\/\/www.eldigitaldeasturias.com\/noticias\/el-volumen-de-comercio-minorista-bajo-un-16-por-ciento-en-la-zona-euro-en-diciembre\/#organizationLogo"},"image":{"@id":"https:\/\/www.eldigitaldeasturias.com\/noticias\/el-volumen-de-comercio-minorista-bajo-un-16-por-ciento-en-la-zona-euro-en-diciembre\/#organizationLogo"},"sameAs":["https:\/\/facebook.com\/eldigitaldeasturias","https:\/\/www.youtube.com\/channel\/UCZP-2wLEB9Rv6erhFmqVnvg"],"address":{"@id":"https:\/\/www.eldigitaldeasturias.com\/noticias\/#postaladdress","@type":"PostalAddress","streetAddress":"san antonio 4","postalCode":"33430","addressLocality":"Cand\u00e1s","addressRegion":"Asturias","addressCountry":"ES"}},{"@type":"Person","@id":"https:\/\/www.eldigitaldeasturias.com\/noticias\/author\/admin\/#author","url":"https:\/\/www.eldigitaldeasturias.com\/noticias\/author\/admin\/","name":"El Digital de Asturias","image":{"@type":"ImageObject","@id":"https:\/\/www.eldigitaldeasturias.com\/noticias\/el-volumen-de-comercio-minorista-bajo-un-16-por-ciento-en-la-zona-euro-en-diciembre\/#authorImage","url":"https:\/\/secure.gravatar.com\/avatar\/df2aeffc32bcd13f8d26072ef8a91b623d677766deac7f97ca815868cd41bf5e?s=96&d=mm&r=g","width":96,"height":96,"caption":"El Digital de Asturias"}},{"@type":"WebPage","@id":"https:\/\/www.eldigitaldeasturias.com\/noticias\/el-volumen-de-comercio-minorista-bajo-un-16-por-ciento-en-la-zona-euro-en-diciembre\/#webpage","url":"https:\/\/www.eldigitaldeasturias.com\/noticias\/el-volumen-de-comercio-minorista-bajo-un-16-por-ciento-en-la-zona-euro-en-diciembre\/","name":"El volumen de comercio minorista baj\u00f3 un 1,6 por ciento en la zona euro en diciembre - El Digital de Asturias","description":"Bruselas, 5 feb (EFE).- El volumen de ventas del comercio minorista en los pa\u00edses del euro baj\u00f3 un 1,6 % en diciembre pasado respecto al mes anterior, seg\u00fan los datos publicados hoy por Eurostat, la oficina estad\u00edstica comunitaria. Mientras, en el conjunto de la Uni\u00f3n Europea (UE) las ventas del comercio minorista disminuyeron ese mes","inLanguage":"es-ES","isPartOf":{"@id":"https:\/\/www.eldigitaldeasturias.com\/noticias\/#website"},"breadcrumb":{"@id":"https:\/\/www.eldigitaldeasturias.com\/noticias\/el-volumen-de-comercio-minorista-bajo-un-16-por-ciento-en-la-zona-euro-en-diciembre\/#breadcrumblist"},"author":{"@id":"https:\/\/www.eldigitaldeasturias.com\/noticias\/author\/admin\/#author"},"creator":{"@id":"https:\/\/www.eldigitaldeasturias.com\/noticias\/author\/admin\/#author"},"image":{"@type":"ImageObject","url":484026,"@id":"https:\/\/www.eldigitaldeasturias.com\/noticias\/el-volumen-de-comercio-minorista-bajo-un-16-por-ciento-en-la-zona-euro-en-diciembre\/#mainImage"},"primaryImageOfPage":{"@id":"https:\/\/www.eldigitaldeasturias.com\/noticias\/el-volumen-de-comercio-minorista-bajo-un-16-por-ciento-en-la-zona-euro-en-diciembre\/#mainImage"},"datePublished":"2014-02-05T19:17:30+01:00","dateModified":"2014-02-05T19:17:30+01:00"},{"@type":"WebSite","@id":"https:\/\/www.eldigitaldeasturias.com\/noticias\/#website","url":"https:\/\/www.eldigitaldeasturias.com\/noticias\/","name":"El Digital de Asturias - Diario de actualidad y noticias","alternateName":"El Digital de Asturias - Diario de actualidad y noticias","description":"Hemeroteca","inLanguage":"es-ES","publisher":{"@id":"https:\/\/www.eldigitaldeasturias.com\/noticias\/#organization"}}]},"og:locale":"es_ES","og:site_name":"El Digital de Asturias","og:type":"article","og:title":"El volumen de comercio minorista baj\u00f3 un 1,6 por ciento en la zona euro en diciembre - El Digital de Asturias","og:description":"Bruselas, 5 feb (EFE).- El volumen de ventas del comercio minorista en los pa\u00edses del euro baj\u00f3 un 1,6 % en diciembre pasado respecto al mes anterior, seg\u00fan los datos publicados hoy por Eurostat, la oficina estad\u00edstica comunitaria. Mientras, en el conjunto de la Uni\u00f3n Europea (UE) las ventas del comercio minorista disminuyeron ese mes","og:url":"https:\/\/www.eldigitaldeasturias.com\/noticias\/el-volumen-de-comercio-minorista-bajo-un-16-por-ciento-en-la-zona-euro-en-diciembre\/","article:tag":["actualidad"],"article:published_time":"2014-02-05T20:17:30+00:00","article:modified_time":"2014-02-05T20:17:30+00:00","article:publisher":"https:\/\/facebook.com\/eldigitaldeasturias","twitter:card":"summary_large_image","twitter:title":"El volumen de comercio minorista baj\u00f3 un 1,6 por ciento en la zona euro en diciembre - El Digital de Asturias","twitter:description":"Bruselas, 5 feb (EFE).- El volumen de ventas del comercio minorista en los pa\u00edses del euro baj\u00f3 un 1,6 % en diciembre pasado respecto al mes anterior, seg\u00fan los datos publicados hoy por Eurostat, la oficina estad\u00edstica comunitaria. Mientras, en el conjunto de la Uni\u00f3n Europea (UE) las ventas del comercio minorista disminuyeron ese mes","twitter:label1":"Escrito por","twitter:data1":"El Digital de Asturias","twitter:label2":"Tiempo de lectura estimado","twitter:data2":"1 minuto"},"aioseo_meta_data":{"post_id":"484025","title":null,"description":null,"keywords":null,"keyphrases":null,"primary_term":null,"canonical_url":null,"og_title":null,"og_description":null,"og_object_type":"default","og_image_type":"default","og_image_url":null,"og_image_width":null,"og_image_height":null,"og_image_custom_url":null,"og_image_custom_fields":null,"og_video":null,"og_custom_url":null,"og_article_section":null,"og_article_tags":null,"twitter_use_og":true,"twitter_card":"default","twitter_image_type":"default","twitter_image_url":null,"twitter_image_custom_url":null,"twitter_image_custom_fields":null,"twitter_title":null,"twitter_description":null,"schema":{"blockGraphs":[],"customGraphs":[],"default":{"data":{"Article":[],"Course":[],"Dataset":[],"FAQPage":[],"Movie":[],"Person":[],"Product":[],"ProductReview":[],"Car":[],"Recipe":[],"Service":[],"SoftwareApplication":[],"WebPage":[]},"graphName":"","isEnabled":true},"graphs":[],"defaultGraph":"","defaultPostTypeGraph":""},"schema_type":null,"schema_type_options":null,"pillar_content":false,"robots_default":true,"robots_noindex":false,"robots_noarchive":false,"robots_nosnippet":false,"robots_nofollow":false,"robots_noimageindex":false,"robots_noodp":false,"robots_notranslate":false,"robots_max_snippet":null,"robots_max_videopreview":null,"robots_max_imagepreview":"none","priority":null,"frequency":null,"local_seo":null,"seo_analyzer_scan_date":"2026-06-02 14:38:56","breadcrumb_settings":null,"limit_modified_date":false,"open_ai":null,"ai":null,"created":"2020-11-14 22:54:55","updated":"2026-06-02 14:38:56","focus_keyword":null,"additional_keywords":null,"truseo_locale":null},"aioseo_breadcrumb":"<div class=\"aioseo-breadcrumbs\"><span class=\"aioseo-breadcrumb\">\n\t<a href=\"https:\/\/www.eldigitaldeasturias.com\/noticias\" title=\"Home\">Home<\/a>\n<\/span><span class=\"aioseo-breadcrumb-separator\">\u2013<\/span><span class=\"aioseo-breadcrumb\">\n\t<a href=\"https:\/\/www.eldigitaldeasturias.com\/noticias\/category\/actualidad\/\" title=\"Actualidad\">Actualidad<\/a>\n<\/span><span class=\"aioseo-breadcrumb-separator\">\u2013<\/span><span class=\"aioseo-breadcrumb\">\n\t<a href=\"https:\/\/www.eldigitaldeasturias.com\/noticias\/el-volumen-de-comercio-minorista-bajo-un-16-por-ciento-en-la-zona-euro-en-diciembre\/\" title=\"El volumen de comercio minorista baj\u00f3 un 1,6 por ciento en la zona euro en diciembre\">El volumen de comercio minorista baj\u00f3 un 1,6 por ciento en la zona euro en diciembre<\/a>\n<\/span><\/div>","aioseo_breadcrumb_json":[{"label":"Home","link":"https:\/\/www.eldigitaldeasturias.com\/noticias"},{"label":"Actualidad","link":"https:\/\/www.eldigitaldeasturias.com\/noticias\/category\/actualidad\/"},{"label":"El volumen de comercio minorista baj\u00f3 un 1,6 por ciento en la zona euro en diciembre","link":"https:\/\/www.eldigitaldeasturias.com\/noticias\/el-volumen-de-comercio-minorista-bajo-un-16-por-ciento-en-la-zona-euro-en-diciembre\/"}],"_links":{"self":[{"href":"https:\/\/www.eldigitaldeasturias.com\/noticias\/wp-json\/wp\/v2\/posts\/484025","targetHints":{"allow":["GET"]}}],"collection":[{"href":"https:\/\/www.eldigitaldeasturias.com\/noticias\/wp-json\/wp\/v2\/posts"}],"about":[{"href":"https:\/\/www.eldigitaldeasturias.com\/noticias\/wp-json\/wp\/v2\/types\/post"}],"author":[{"embeddable":true,"href":"https:\/\/www.eldigitaldeasturias.com\/noticias\/wp-json\/wp\/v2\/users\/1"}],"replies":[{"embeddable":true,"href":"https:\/\/www.eldigitaldeasturias.com\/noticias\/wp-json\/wp\/v2\/comments?post=484025"}],"version-history":[{"count":0,"href":"https:\/\/www.eldigitaldeasturias.com\/noticias\/wp-json\/wp\/v2\/posts\/484025\/revisions"}],"wp:attachment":[{"href":"https:\/\/www.eldigitaldeasturias.com\/noticias\/wp-json\/wp\/v2\/media?parent=484025"}],"wp:term":[{"taxonomy":"category","embeddable":true,"href":"https:\/\/www.eldigitaldeasturias.com\/noticias\/wp-json\/wp\/v2\/categories?post=484025"},{"taxonomy":"post_tag","embeddable":true,"href":"https:\/\/www.eldigitaldeasturias.com\/noticias\/wp-json\/wp\/v2\/tags?post=484025"}],"curies":[{"name":"wp","href":"https:\/\/api.w.org\/{rel}","templated":true}]}}