{"id":484016,"date":"2014-02-05T19:10:58","date_gmt":"2014-02-05T20:10:58","guid":{"rendered":"http:\/\/www.eldigitaldeasturias.com\/noticias\/?p=484016"},"modified":"2014-02-05T19:10:58","modified_gmt":"2014-02-05T20:10:58","slug":"una-ciudad-alemana-presenta-una-demanda-a-los-padres-del-autor-de-una-matanza-escolar","status":"publish","type":"post","link":"https:\/\/www.eldigitaldeasturias.com\/noticias\/una-ciudad-alemana-presenta-una-demanda-a-los-padres-del-autor-de-una-matanza-escolar\/","title":{"rendered":"Una ciudad alemana presenta una demanda a los padres del autor de una matanza escolar"},"content":{"rendered":"<p><img loading=\"lazy\" decoding=\"async\" class=\"alignleft size-medium wp-image-484017\" alt=\"5911097w\" src=\"https:\/\/www.eldigitaldeasturias.com\/noticias\/wp-content\/uploads\/2014\/02\/5911097w-360x239.jpg\" width=\"360\" height=\"239\" \/>Berl\u00edn, 5 feb (EFE).- La ciudad alemana de Winnenden ha presentado una demanda contra los padres de Tim Kretschmer, el estudiante de 17 a\u00f1os que en 2009 perpetr\u00f3 una matanza, con 15 v\u00edctimas, con un arma que la familia guardaba en un armario ropero de su casa.<\/p>\n<p>Las autoridades de esa ciudad, en el sur del pa\u00eds, recurrieron a la justicia tras fracasar todos los intentos por alcanzar un acuerdo acerca de las indemnizaciones que exigen a la familia, indicaron fuentes municipales.<\/p>\n<p>La ciudad reclama a la familia del estudiante, quien se suicid\u00f3 tras causar la matanza en su antigua escuela, unos 9,4 millones de euros de indemnizaci\u00f3n.<\/p>\n<p>Los padres del joven pagaron ya en su momento unos dos millones de euros a los allegados de las v\u00edctimas, con lo que consideraban cerrado el caso, apuntaron los abogados de la familia.<\/p>\n<p>Tim Kretschmer caus\u00f3 en marzo de 2009 una matanza, al irrumpir en su antigua escuela vestido con un traje paramilitar negro y armado con una pistola autom\u00e1tica Baretta que su padre guardaba en un armario de la casa sin cerrar.<\/p>\n<p>El padre fue condenado posteriormente en un proceso civil a un a\u00f1o y seis meses de libertad vigilada por negligencia.<\/p>\n<p>El caso caus\u00f3 conmoci\u00f3n en Alemania, no solo por el alto n\u00famero de v\u00edctimas, sino por suceder a otras matanzas escolares similares y confluir en el drama la negligencia de su progenitor, cuyo hijo era un fan\u00e1tico de los v\u00eddeo-juegos violentos y adem\u00e1s hab\u00eda estado en terapia por distintos transtornos ps\u00edquicos.<\/p>\n","protected":false},"excerpt":{"rendered":"<p>Berl\u00edn, 5 feb (EFE).- La ciudad alemana de Winnenden ha presentado una demanda contra los padres de Tim Kretschmer, el estudiante de 17 a\u00f1os que en 2009 perpetr\u00f3 una matanza, con 15 v\u00edctimas, con un arma que la familia guardaba en un armario ropero de su casa. Las autoridades de esa ciudad, en el sur [&hellip;]<\/p>\n","protected":false},"author":1,"featured_media":484017,"comment_status":"closed","ping_status":"open","sticky":false,"template":"","format":"standard","meta":{"footnotes":""},"categories":[1],"tags":[],"class_list":["post-484016","post","type-post","status-publish","format-standard","has-post-thumbnail","hentry","category-actualidad"],"aioseo_notices":[],"aioseo_head":"\n\t\t<!-- All in One SEO Pro 5.0.1 - aioseo.com -->\n\t<meta name=\"description\" content=\"Berl\u00edn, 5 feb (EFE).- La ciudad alemana de Winnenden ha presentado una demanda contra los padres de Tim Kretschmer, el estudiante de 17 a\u00f1os que en 2009 perpetr\u00f3 una matanza, con 15 v\u00edctimas, con un arma que la familia guardaba en un armario ropero de su casa. Las autoridades de esa ciudad, en el sur\" \/>\n\t<meta name=\"robots\" content=\"max-image-preview:large\" \/>\n\t<meta name=\"author\" content=\"El Digital de Asturias\"\/>\n\t<meta name=\"google-site-verification\" content=\"UA-38556648-1\" \/>\n\t<meta name=\"msvalidate.01\" content=\"7dfe9f3f1b24437ab69f4f2559babe99\" \/>\n\t<meta name=\"keywords\" content=\"actualidad\" \/>\n\t<link rel=\"canonical\" href=\"https:\/\/www.eldigitaldeasturias.com\/noticias\/una-ciudad-alemana-presenta-una-demanda-a-los-padres-del-autor-de-una-matanza-escolar\/\" \/>\n\t<meta name=\"generator\" content=\"All in One SEO Pro (AIOSEO) 5.0.1\" \/>\n\t\t<meta property=\"og:locale\" content=\"es_ES\" \/>\n\t\t<meta property=\"og:site_name\" content=\"El Digital de Asturias\" \/>\n\t\t<meta property=\"og:type\" content=\"article\" \/>\n\t\t<meta property=\"og:title\" content=\"Una ciudad alemana presenta una demanda a los padres del autor de una matanza escolar - El Digital de Asturias\" \/>\n\t\t<meta property=\"og:description\" content=\"Berl\u00edn, 5 feb (EFE).- La ciudad alemana de Winnenden ha presentado una demanda contra los padres de Tim Kretschmer, el estudiante de 17 a\u00f1os que en 2009 perpetr\u00f3 una matanza, con 15 v\u00edctimas, con un arma que la familia guardaba en un armario ropero de su casa. Las autoridades de esa ciudad, en el sur\" \/>\n\t\t<meta property=\"og:url\" content=\"https:\/\/www.eldigitaldeasturias.com\/noticias\/una-ciudad-alemana-presenta-una-demanda-a-los-padres-del-autor-de-una-matanza-escolar\/\" \/>\n\t\t<meta property=\"article:tag\" content=\"actualidad\" \/>\n\t\t<meta property=\"article:published_time\" content=\"2014-02-05T20:10:58+00:00\" \/>\n\t\t<meta property=\"article:modified_time\" content=\"2014-02-05T20:10:58+00:00\" \/>\n\t\t<meta property=\"article:publisher\" content=\"https:\/\/facebook.com\/eldigitaldeasturias\" \/>\n\t\t<meta name=\"twitter:card\" content=\"summary_large_image\" \/>\n\t\t<meta name=\"twitter:title\" content=\"Una ciudad alemana presenta una demanda a los padres del autor de una matanza escolar - El Digital de Asturias\" \/>\n\t\t<meta name=\"twitter:description\" content=\"Berl\u00edn, 5 feb (EFE).- La ciudad alemana de Winnenden ha presentado una demanda contra los padres de Tim Kretschmer, el estudiante de 17 a\u00f1os que en 2009 perpetr\u00f3 una matanza, con 15 v\u00edctimas, con un arma que la familia guardaba en un armario ropero de su casa. Las autoridades de esa ciudad, en el sur\" \/>\n\t\t<meta name=\"twitter:label1\" content=\"Escrito por\" \/>\n\t\t<meta name=\"twitter:data1\" content=\"El Digital de Asturias\" \/>\n\t\t<meta name=\"twitter:label2\" content=\"Tiempo de lectura estimado\" \/>\n\t\t<meta name=\"twitter:data2\" content=\"1 minuto\" \/>\n\t\t<script type=\"application\/ld+json\" class=\"aioseo-schema\">\n\t\t\t{\"@context\":\"https:\\\/\\\/schema.org\",\"@graph\":[{\"@type\":\"BlogPosting\",\"@id\":\"https:\\\/\\\/www.eldigitaldeasturias.com\\\/noticias\\\/una-ciudad-alemana-presenta-una-demanda-a-los-padres-del-autor-de-una-matanza-escolar\\\/#blogposting\",\"name\":\"Una ciudad alemana presenta una demanda a los padres del autor de una matanza escolar - El Digital de Asturias\",\"headline\":\"Una ciudad alemana presenta una demanda a los padres del autor de una matanza escolar\",\"author\":{\"@id\":\"https:\\\/\\\/www.eldigitaldeasturias.com\\\/noticias\\\/author\\\/admin\\\/#author\"},\"publisher\":{\"@id\":\"https:\\\/\\\/www.eldigitaldeasturias.com\\\/noticias\\\/#organization\"},\"image\":{\"@type\":\"ImageObject\",\"url\":484017},\"datePublished\":\"2014-02-05T19:10:58+01:00\",\"dateModified\":\"2014-02-05T19:10:58+01:00\",\"inLanguage\":\"es-ES\",\"mainEntityOfPage\":{\"@id\":\"https:\\\/\\\/www.eldigitaldeasturias.com\\\/noticias\\\/una-ciudad-alemana-presenta-una-demanda-a-los-padres-del-autor-de-una-matanza-escolar\\\/#webpage\"},\"isPartOf\":{\"@id\":\"https:\\\/\\\/www.eldigitaldeasturias.com\\\/noticias\\\/una-ciudad-alemana-presenta-una-demanda-a-los-padres-del-autor-de-una-matanza-escolar\\\/#webpage\"},\"articleSection\":\"Actualidad\"},{\"@type\":\"BreadcrumbList\",\"@id\":\"https:\\\/\\\/www.eldigitaldeasturias.com\\\/noticias\\\/una-ciudad-alemana-presenta-una-demanda-a-los-padres-del-autor-de-una-matanza-escolar\\\/#breadcrumblist\",\"itemListElement\":[{\"@type\":\"ListItem\",\"@id\":\"https:\\\/\\\/www.eldigitaldeasturias.com\\\/noticias#listItem\",\"position\":1,\"name\":\"Home\",\"item\":\"https:\\\/\\\/www.eldigitaldeasturias.com\\\/noticias\",\"nextItem\":{\"@type\":\"ListItem\",\"@id\":\"https:\\\/\\\/www.eldigitaldeasturias.com\\\/noticias\\\/category\\\/actualidad\\\/#listItem\",\"name\":\"Actualidad\"}},{\"@type\":\"ListItem\",\"@id\":\"https:\\\/\\\/www.eldigitaldeasturias.com\\\/noticias\\\/category\\\/actualidad\\\/#listItem\",\"position\":2,\"name\":\"Actualidad\",\"item\":\"https:\\\/\\\/www.eldigitaldeasturias.com\\\/noticias\\\/category\\\/actualidad\\\/\",\"nextItem\":{\"@type\":\"ListItem\",\"@id\":\"https:\\\/\\\/www.eldigitaldeasturias.com\\\/noticias\\\/una-ciudad-alemana-presenta-una-demanda-a-los-padres-del-autor-de-una-matanza-escolar\\\/#listItem\",\"name\":\"Una ciudad alemana presenta una demanda a los padres del autor de una matanza escolar\"},\"previousItem\":{\"@type\":\"ListItem\",\"@id\":\"https:\\\/\\\/www.eldigitaldeasturias.com\\\/noticias#listItem\",\"name\":\"Home\"}},{\"@type\":\"ListItem\",\"@id\":\"https:\\\/\\\/www.eldigitaldeasturias.com\\\/noticias\\\/una-ciudad-alemana-presenta-una-demanda-a-los-padres-del-autor-de-una-matanza-escolar\\\/#listItem\",\"position\":3,\"name\":\"Una ciudad alemana presenta una demanda a los padres del autor de una matanza escolar\",\"previousItem\":{\"@type\":\"ListItem\",\"@id\":\"https:\\\/\\\/www.eldigitaldeasturias.com\\\/noticias\\\/category\\\/actualidad\\\/#listItem\",\"name\":\"Actualidad\"}}]},{\"@type\":\"Organization\",\"@id\":\"https:\\\/\\\/www.eldigitaldeasturias.com\\\/noticias\\\/#organization\",\"name\":\"El Digital de Asturias\",\"description\":\"Hemeroteca\",\"url\":\"https:\\\/\\\/www.eldigitaldeasturias.com\\\/noticias\\\/\",\"email\":\"info@eldigitaldeasturias.com\",\"telephone\":\"+34652131393\",\"logo\":{\"@type\":\"ImageObject\",\"url\":\"https:\\\/\\\/www.eldigitaldeasturias.com\\\/noticias\\\/wp-content\\\/uploads\\\/2020\\\/12\\\/EDA.jpg\",\"@id\":\"https:\\\/\\\/www.eldigitaldeasturias.com\\\/noticias\\\/una-ciudad-alemana-presenta-una-demanda-a-los-padres-del-autor-de-una-matanza-escolar\\\/#organizationLogo\"},\"image\":{\"@id\":\"https:\\\/\\\/www.eldigitaldeasturias.com\\\/noticias\\\/una-ciudad-alemana-presenta-una-demanda-a-los-padres-del-autor-de-una-matanza-escolar\\\/#organizationLogo\"},\"sameAs\":[\"https:\\\/\\\/facebook.com\\\/eldigitaldeasturias\",\"https:\\\/\\\/www.youtube.com\\\/channel\\\/UCZP-2wLEB9Rv6erhFmqVnvg\"],\"address\":{\"@id\":\"https:\\\/\\\/www.eldigitaldeasturias.com\\\/noticias\\\/#postaladdress\",\"@type\":\"PostalAddress\",\"streetAddress\":\"san antonio 4\",\"postalCode\":\"33430\",\"addressLocality\":\"Cand\\u00e1s\",\"addressRegion\":\"Asturias\",\"addressCountry\":\"ES\"}},{\"@type\":\"Person\",\"@id\":\"https:\\\/\\\/www.eldigitaldeasturias.com\\\/noticias\\\/author\\\/admin\\\/#author\",\"url\":\"https:\\\/\\\/www.eldigitaldeasturias.com\\\/noticias\\\/author\\\/admin\\\/\",\"name\":\"El Digital de Asturias\",\"image\":{\"@type\":\"ImageObject\",\"@id\":\"https:\\\/\\\/www.eldigitaldeasturias.com\\\/noticias\\\/una-ciudad-alemana-presenta-una-demanda-a-los-padres-del-autor-de-una-matanza-escolar\\\/#authorImage\",\"url\":\"https:\\\/\\\/secure.gravatar.com\\\/avatar\\\/df2aeffc32bcd13f8d26072ef8a91b623d677766deac7f97ca815868cd41bf5e?s=96&d=mm&r=g\",\"width\":96,\"height\":96,\"caption\":\"El Digital de Asturias\"}},{\"@type\":\"WebPage\",\"@id\":\"https:\\\/\\\/www.eldigitaldeasturias.com\\\/noticias\\\/una-ciudad-alemana-presenta-una-demanda-a-los-padres-del-autor-de-una-matanza-escolar\\\/#webpage\",\"url\":\"https:\\\/\\\/www.eldigitaldeasturias.com\\\/noticias\\\/una-ciudad-alemana-presenta-una-demanda-a-los-padres-del-autor-de-una-matanza-escolar\\\/\",\"name\":\"Una ciudad alemana presenta una demanda a los padres del autor de una matanza escolar - El Digital de Asturias\",\"description\":\"Berl\\u00edn, 5 feb (EFE).- La ciudad alemana de Winnenden ha presentado una demanda contra los padres de Tim Kretschmer, el estudiante de 17 a\\u00f1os que en 2009 perpetr\\u00f3 una matanza, con 15 v\\u00edctimas, con un arma que la familia guardaba en un armario ropero de su casa. Las autoridades de esa ciudad, en el sur\",\"inLanguage\":\"es-ES\",\"isPartOf\":{\"@id\":\"https:\\\/\\\/www.eldigitaldeasturias.com\\\/noticias\\\/#website\"},\"breadcrumb\":{\"@id\":\"https:\\\/\\\/www.eldigitaldeasturias.com\\\/noticias\\\/una-ciudad-alemana-presenta-una-demanda-a-los-padres-del-autor-de-una-matanza-escolar\\\/#breadcrumblist\"},\"author\":{\"@id\":\"https:\\\/\\\/www.eldigitaldeasturias.com\\\/noticias\\\/author\\\/admin\\\/#author\"},\"creator\":{\"@id\":\"https:\\\/\\\/www.eldigitaldeasturias.com\\\/noticias\\\/author\\\/admin\\\/#author\"},\"image\":{\"@type\":\"ImageObject\",\"url\":484017,\"@id\":\"https:\\\/\\\/www.eldigitaldeasturias.com\\\/noticias\\\/una-ciudad-alemana-presenta-una-demanda-a-los-padres-del-autor-de-una-matanza-escolar\\\/#mainImage\"},\"primaryImageOfPage\":{\"@id\":\"https:\\\/\\\/www.eldigitaldeasturias.com\\\/noticias\\\/una-ciudad-alemana-presenta-una-demanda-a-los-padres-del-autor-de-una-matanza-escolar\\\/#mainImage\"},\"datePublished\":\"2014-02-05T19:10:58+01:00\",\"dateModified\":\"2014-02-05T19:10:58+01:00\"},{\"@type\":\"WebSite\",\"@id\":\"https:\\\/\\\/www.eldigitaldeasturias.com\\\/noticias\\\/#website\",\"url\":\"https:\\\/\\\/www.eldigitaldeasturias.com\\\/noticias\\\/\",\"name\":\"El Digital de Asturias - Diario de actualidad y noticias\",\"alternateName\":\"El Digital de Asturias - Diario de actualidad y noticias\",\"description\":\"Hemeroteca\",\"inLanguage\":\"es-ES\",\"publisher\":{\"@id\":\"https:\\\/\\\/www.eldigitaldeasturias.com\\\/noticias\\\/#organization\"}}]}\n\t\t<\/script>\n\t\t<!-- All in One SEO Pro -->\r\n\t\t<title>Una ciudad alemana presenta una demanda a los padres del autor de una matanza escolar - El Digital de Asturias<\/title>\n\n","aioseo_head_json":{"title":"Una ciudad alemana presenta una demanda a los padres del autor de una matanza escolar - El Digital de Asturias","description":"Berl\u00edn, 5 feb (EFE).- La ciudad alemana de Winnenden ha presentado una demanda contra los padres de Tim Kretschmer, el estudiante de 17 a\u00f1os que en 2009 perpetr\u00f3 una matanza, con 15 v\u00edctimas, con un arma que la familia guardaba en un armario ropero de su casa. Las autoridades de esa ciudad, en el sur","canonical_url":"https:\/\/www.eldigitaldeasturias.com\/noticias\/una-ciudad-alemana-presenta-una-demanda-a-los-padres-del-autor-de-una-matanza-escolar\/","robots":"max-image-preview:large","keywords":"actualidad","webmasterTools":{"google-site-verification":"UA-38556648-1","msvalidate.01":"7dfe9f3f1b24437ab69f4f2559babe99","miscellaneous":""},"schema":{"@context":"https:\/\/schema.org","@graph":[{"@type":"BlogPosting","@id":"https:\/\/www.eldigitaldeasturias.com\/noticias\/una-ciudad-alemana-presenta-una-demanda-a-los-padres-del-autor-de-una-matanza-escolar\/#blogposting","name":"Una ciudad alemana presenta una demanda a los padres del autor de una matanza escolar - El Digital de Asturias","headline":"Una ciudad alemana presenta una demanda a los padres del autor de una matanza escolar","author":{"@id":"https:\/\/www.eldigitaldeasturias.com\/noticias\/author\/admin\/#author"},"publisher":{"@id":"https:\/\/www.eldigitaldeasturias.com\/noticias\/#organization"},"image":{"@type":"ImageObject","url":484017},"datePublished":"2014-02-05T19:10:58+01:00","dateModified":"2014-02-05T19:10:58+01:00","inLanguage":"es-ES","mainEntityOfPage":{"@id":"https:\/\/www.eldigitaldeasturias.com\/noticias\/una-ciudad-alemana-presenta-una-demanda-a-los-padres-del-autor-de-una-matanza-escolar\/#webpage"},"isPartOf":{"@id":"https:\/\/www.eldigitaldeasturias.com\/noticias\/una-ciudad-alemana-presenta-una-demanda-a-los-padres-del-autor-de-una-matanza-escolar\/#webpage"},"articleSection":"Actualidad"},{"@type":"BreadcrumbList","@id":"https:\/\/www.eldigitaldeasturias.com\/noticias\/una-ciudad-alemana-presenta-una-demanda-a-los-padres-del-autor-de-una-matanza-escolar\/#breadcrumblist","itemListElement":[{"@type":"ListItem","@id":"https:\/\/www.eldigitaldeasturias.com\/noticias#listItem","position":1,"name":"Home","item":"https:\/\/www.eldigitaldeasturias.com\/noticias","nextItem":{"@type":"ListItem","@id":"https:\/\/www.eldigitaldeasturias.com\/noticias\/category\/actualidad\/#listItem","name":"Actualidad"}},{"@type":"ListItem","@id":"https:\/\/www.eldigitaldeasturias.com\/noticias\/category\/actualidad\/#listItem","position":2,"name":"Actualidad","item":"https:\/\/www.eldigitaldeasturias.com\/noticias\/category\/actualidad\/","nextItem":{"@type":"ListItem","@id":"https:\/\/www.eldigitaldeasturias.com\/noticias\/una-ciudad-alemana-presenta-una-demanda-a-los-padres-del-autor-de-una-matanza-escolar\/#listItem","name":"Una ciudad alemana presenta una demanda a los padres del autor de una matanza escolar"},"previousItem":{"@type":"ListItem","@id":"https:\/\/www.eldigitaldeasturias.com\/noticias#listItem","name":"Home"}},{"@type":"ListItem","@id":"https:\/\/www.eldigitaldeasturias.com\/noticias\/una-ciudad-alemana-presenta-una-demanda-a-los-padres-del-autor-de-una-matanza-escolar\/#listItem","position":3,"name":"Una ciudad alemana presenta una demanda a los padres del autor de una matanza escolar","previousItem":{"@type":"ListItem","@id":"https:\/\/www.eldigitaldeasturias.com\/noticias\/category\/actualidad\/#listItem","name":"Actualidad"}}]},{"@type":"Organization","@id":"https:\/\/www.eldigitaldeasturias.com\/noticias\/#organization","name":"El Digital de Asturias","description":"Hemeroteca","url":"https:\/\/www.eldigitaldeasturias.com\/noticias\/","email":"info@eldigitaldeasturias.com","telephone":"+34652131393","logo":{"@type":"ImageObject","url":"https:\/\/www.eldigitaldeasturias.com\/noticias\/wp-content\/uploads\/2020\/12\/EDA.jpg","@id":"https:\/\/www.eldigitaldeasturias.com\/noticias\/una-ciudad-alemana-presenta-una-demanda-a-los-padres-del-autor-de-una-matanza-escolar\/#organizationLogo"},"image":{"@id":"https:\/\/www.eldigitaldeasturias.com\/noticias\/una-ciudad-alemana-presenta-una-demanda-a-los-padres-del-autor-de-una-matanza-escolar\/#organizationLogo"},"sameAs":["https:\/\/facebook.com\/eldigitaldeasturias","https:\/\/www.youtube.com\/channel\/UCZP-2wLEB9Rv6erhFmqVnvg"],"address":{"@id":"https:\/\/www.eldigitaldeasturias.com\/noticias\/#postaladdress","@type":"PostalAddress","streetAddress":"san antonio 4","postalCode":"33430","addressLocality":"Cand\u00e1s","addressRegion":"Asturias","addressCountry":"ES"}},{"@type":"Person","@id":"https:\/\/www.eldigitaldeasturias.com\/noticias\/author\/admin\/#author","url":"https:\/\/www.eldigitaldeasturias.com\/noticias\/author\/admin\/","name":"El Digital de Asturias","image":{"@type":"ImageObject","@id":"https:\/\/www.eldigitaldeasturias.com\/noticias\/una-ciudad-alemana-presenta-una-demanda-a-los-padres-del-autor-de-una-matanza-escolar\/#authorImage","url":"https:\/\/secure.gravatar.com\/avatar\/df2aeffc32bcd13f8d26072ef8a91b623d677766deac7f97ca815868cd41bf5e?s=96&d=mm&r=g","width":96,"height":96,"caption":"El Digital de Asturias"}},{"@type":"WebPage","@id":"https:\/\/www.eldigitaldeasturias.com\/noticias\/una-ciudad-alemana-presenta-una-demanda-a-los-padres-del-autor-de-una-matanza-escolar\/#webpage","url":"https:\/\/www.eldigitaldeasturias.com\/noticias\/una-ciudad-alemana-presenta-una-demanda-a-los-padres-del-autor-de-una-matanza-escolar\/","name":"Una ciudad alemana presenta una demanda a los padres del autor de una matanza escolar - El Digital de Asturias","description":"Berl\u00edn, 5 feb (EFE).- La ciudad alemana de Winnenden ha presentado una demanda contra los padres de Tim Kretschmer, el estudiante de 17 a\u00f1os que en 2009 perpetr\u00f3 una matanza, con 15 v\u00edctimas, con un arma que la familia guardaba en un armario ropero de su casa. Las autoridades de esa ciudad, en el sur","inLanguage":"es-ES","isPartOf":{"@id":"https:\/\/www.eldigitaldeasturias.com\/noticias\/#website"},"breadcrumb":{"@id":"https:\/\/www.eldigitaldeasturias.com\/noticias\/una-ciudad-alemana-presenta-una-demanda-a-los-padres-del-autor-de-una-matanza-escolar\/#breadcrumblist"},"author":{"@id":"https:\/\/www.eldigitaldeasturias.com\/noticias\/author\/admin\/#author"},"creator":{"@id":"https:\/\/www.eldigitaldeasturias.com\/noticias\/author\/admin\/#author"},"image":{"@type":"ImageObject","url":484017,"@id":"https:\/\/www.eldigitaldeasturias.com\/noticias\/una-ciudad-alemana-presenta-una-demanda-a-los-padres-del-autor-de-una-matanza-escolar\/#mainImage"},"primaryImageOfPage":{"@id":"https:\/\/www.eldigitaldeasturias.com\/noticias\/una-ciudad-alemana-presenta-una-demanda-a-los-padres-del-autor-de-una-matanza-escolar\/#mainImage"},"datePublished":"2014-02-05T19:10:58+01:00","dateModified":"2014-02-05T19:10:58+01:00"},{"@type":"WebSite","@id":"https:\/\/www.eldigitaldeasturias.com\/noticias\/#website","url":"https:\/\/www.eldigitaldeasturias.com\/noticias\/","name":"El Digital de Asturias - Diario de actualidad y noticias","alternateName":"El Digital de Asturias - Diario de actualidad y noticias","description":"Hemeroteca","inLanguage":"es-ES","publisher":{"@id":"https:\/\/www.eldigitaldeasturias.com\/noticias\/#organization"}}]},"og:locale":"es_ES","og:site_name":"El Digital de Asturias","og:type":"article","og:title":"Una ciudad alemana presenta una demanda a los padres del autor de una matanza escolar - El Digital de Asturias","og:description":"Berl\u00edn, 5 feb (EFE).- La ciudad alemana de Winnenden ha presentado una demanda contra los padres de Tim Kretschmer, el estudiante de 17 a\u00f1os que en 2009 perpetr\u00f3 una matanza, con 15 v\u00edctimas, con un arma que la familia guardaba en un armario ropero de su casa. Las autoridades de esa ciudad, en el sur","og:url":"https:\/\/www.eldigitaldeasturias.com\/noticias\/una-ciudad-alemana-presenta-una-demanda-a-los-padres-del-autor-de-una-matanza-escolar\/","article:tag":["actualidad"],"article:published_time":"2014-02-05T20:10:58+00:00","article:modified_time":"2014-02-05T20:10:58+00:00","article:publisher":"https:\/\/facebook.com\/eldigitaldeasturias","twitter:card":"summary_large_image","twitter:title":"Una ciudad alemana presenta una demanda a los padres del autor de una matanza escolar - El Digital de Asturias","twitter:description":"Berl\u00edn, 5 feb (EFE).- La ciudad alemana de Winnenden ha presentado una demanda contra los padres de Tim Kretschmer, el estudiante de 17 a\u00f1os que en 2009 perpetr\u00f3 una matanza, con 15 v\u00edctimas, con un arma que la familia guardaba en un armario ropero de su casa. Las autoridades de esa ciudad, en el sur","twitter:label1":"Escrito por","twitter:data1":"El Digital de Asturias","twitter:label2":"Tiempo de lectura estimado","twitter:data2":"1 minuto"},"aioseo_meta_data":{"post_id":"484016","title":null,"description":null,"keywords":null,"keyphrases":null,"primary_term":null,"canonical_url":null,"og_title":null,"og_description":null,"og_object_type":"default","og_image_type":"default","og_image_url":null,"og_image_width":null,"og_image_height":null,"og_image_custom_url":null,"og_image_custom_fields":null,"og_video":null,"og_custom_url":null,"og_article_section":null,"og_article_tags":null,"twitter_use_og":true,"twitter_card":"default","twitter_image_type":"default","twitter_image_url":null,"twitter_image_custom_url":null,"twitter_image_custom_fields":null,"twitter_title":null,"twitter_description":null,"schema":{"blockGraphs":[],"customGraphs":[],"default":{"data":{"Article":[],"Course":[],"Dataset":[],"FAQPage":[],"Movie":[],"Person":[],"Product":[],"ProductReview":[],"Car":[],"Recipe":[],"Service":[],"SoftwareApplication":[],"WebPage":[]},"graphName":"","isEnabled":true},"graphs":[],"defaultGraph":"","defaultPostTypeGraph":""},"schema_type":null,"schema_type_options":null,"pillar_content":false,"robots_default":true,"robots_noindex":false,"robots_noarchive":false,"robots_nosnippet":false,"robots_nofollow":false,"robots_noimageindex":false,"robots_noodp":false,"robots_notranslate":false,"robots_max_snippet":null,"robots_max_videopreview":null,"robots_max_imagepreview":"none","priority":null,"frequency":null,"local_seo":null,"seo_analyzer_scan_date":"2026-06-02 14:36:48","breadcrumb_settings":null,"limit_modified_date":false,"open_ai":null,"ai":null,"created":"2020-11-14 22:54:55","updated":"2026-06-02 14:36:48","focus_keyword":null,"additional_keywords":null,"truseo_locale":null},"aioseo_breadcrumb":"<div class=\"aioseo-breadcrumbs\"><span class=\"aioseo-breadcrumb\">\n\t<a href=\"https:\/\/www.eldigitaldeasturias.com\/noticias\" title=\"Home\">Home<\/a>\n<\/span><span class=\"aioseo-breadcrumb-separator\">\u2013<\/span><span class=\"aioseo-breadcrumb\">\n\t<a href=\"https:\/\/www.eldigitaldeasturias.com\/noticias\/category\/actualidad\/\" title=\"Actualidad\">Actualidad<\/a>\n<\/span><span class=\"aioseo-breadcrumb-separator\">\u2013<\/span><span class=\"aioseo-breadcrumb\">\n\t<a href=\"https:\/\/www.eldigitaldeasturias.com\/noticias\/una-ciudad-alemana-presenta-una-demanda-a-los-padres-del-autor-de-una-matanza-escolar\/\" title=\"Una ciudad alemana presenta una demanda a los padres del autor de una matanza escolar\">Una ciudad alemana presenta una demanda a los padres del autor de una matanza escolar<\/a>\n<\/span><\/div>","aioseo_breadcrumb_json":[{"label":"Home","link":"https:\/\/www.eldigitaldeasturias.com\/noticias"},{"label":"Actualidad","link":"https:\/\/www.eldigitaldeasturias.com\/noticias\/category\/actualidad\/"},{"label":"Una ciudad alemana presenta una demanda a los padres del autor de una matanza escolar","link":"https:\/\/www.eldigitaldeasturias.com\/noticias\/una-ciudad-alemana-presenta-una-demanda-a-los-padres-del-autor-de-una-matanza-escolar\/"}],"_links":{"self":[{"href":"https:\/\/www.eldigitaldeasturias.com\/noticias\/wp-json\/wp\/v2\/posts\/484016","targetHints":{"allow":["GET"]}}],"collection":[{"href":"https:\/\/www.eldigitaldeasturias.com\/noticias\/wp-json\/wp\/v2\/posts"}],"about":[{"href":"https:\/\/www.eldigitaldeasturias.com\/noticias\/wp-json\/wp\/v2\/types\/post"}],"author":[{"embeddable":true,"href":"https:\/\/www.eldigitaldeasturias.com\/noticias\/wp-json\/wp\/v2\/users\/1"}],"replies":[{"embeddable":true,"href":"https:\/\/www.eldigitaldeasturias.com\/noticias\/wp-json\/wp\/v2\/comments?post=484016"}],"version-history":[{"count":0,"href":"https:\/\/www.eldigitaldeasturias.com\/noticias\/wp-json\/wp\/v2\/posts\/484016\/revisions"}],"wp:attachment":[{"href":"https:\/\/www.eldigitaldeasturias.com\/noticias\/wp-json\/wp\/v2\/media?parent=484016"}],"wp:term":[{"taxonomy":"category","embeddable":true,"href":"https:\/\/www.eldigitaldeasturias.com\/noticias\/wp-json\/wp\/v2\/categories?post=484016"},{"taxonomy":"post_tag","embeddable":true,"href":"https:\/\/www.eldigitaldeasturias.com\/noticias\/wp-json\/wp\/v2\/tags?post=484016"}],"curies":[{"name":"wp","href":"https:\/\/api.w.org\/{rel}","templated":true}]}}