{"id":483963,"date":"2014-02-05T15:42:24","date_gmt":"2014-02-05T16:42:24","guid":{"rendered":"http:\/\/www.eldigitaldeasturias.com\/noticias\/?p=483963"},"modified":"2014-02-05T15:42:24","modified_gmt":"2014-02-05T16:42:24","slug":"amarre-generalizado-de-la-flota-del-cantabrico-y-pesimismo-por-el-temporal","status":"publish","type":"post","link":"https:\/\/www.eldigitaldeasturias.com\/noticias\/amarre-generalizado-de-la-flota-del-cantabrico-y-pesimismo-por-el-temporal\/","title":{"rendered":"Amarre generalizado de la flota del Cant\u00e1brico y pesimismo por el temporal"},"content":{"rendered":"<p><img loading=\"lazy\" decoding=\"async\" class=\"alignleft size-medium wp-image-482087\" alt=\"5900771w\" src=\"https:\/\/www.eldigitaldeasturias.com\/noticias\/wp-content\/uploads\/2014\/02\/5900771w-360x238.jpg\" width=\"360\" height=\"238\" \/>Madrid, 5 feb (EFE).-\u00a0 El temporal ha provocado el amarre generalizado de la flota costera o bajura del Cant\u00e1brico y Noroeste y la desesperaci\u00f3n de los pescadores, por su falta de actividad desde hace semanas, debido a lo que llaman un a\u00f1o \u00abdesastroso\u00bb y especialmente \u00abduro\u00bb por el clima.<\/p>\n<p>Representantes de las cofrad\u00edas de Galicia, Asturias, Cantabria y el Pa\u00eds Vasco han manifestado hoy a Efeagro su preocupaci\u00f3n por la sucesi\u00f3n de temporales y las previsiones de que se repitan, con la consiguiente p\u00e9rdida de ingresos para estos profesionales por no poder faenar.<\/p>\n<p>El presidente de la Federaci\u00f3n de Cofrad\u00edas de Galicia, Benito Gonz\u00e1lez Sineiro, ha explicado que en esta Comunidad Aut\u00f3noma ning\u00fan barco est\u00e1 trabajando, salvo algunos peque\u00f1os buques dedicados al marisqueo dentro de las R\u00edas, pero fuera de ellas toda la flota est\u00e1 parada.<\/p>\n<p>Gonz\u00e1lez ha se\u00f1alado que los amarres est\u00e1n siendo muy duraderos, pues la flota de bajura lleva dos meses sin faenar excepto \u00abdos o tres d\u00edas\u00bb y en algunos casos de barcos grandes.<\/p>\n<p>Cerca de 4.000 buques componen el segmento de pesca de bajura de Galicia,<\/p>\n<p>En Asturias, \u00abhoy todos los barcos est\u00e1n amarrados\u00bb si bien ayer sali\u00f3 alguno a faenar, pero en el sector hay \u00abmucha alarma\u00bb, seg\u00fan el presidente de la Federaci\u00f3n de Cofrad\u00edas de Pescadores asturianos, Dimas Garc\u00eda.<\/p>\n<p>En comparaci\u00f3n con otros a\u00f1os, Garc\u00eda tambi\u00e9n ha recalcado que este invierno est\u00e1 siendo muy duro, con \u00abtemporales muy seguidos\u00bb.<\/p>\n<p>Ha explicado que aunque el pescador est\u00e1 acostumbrado al mal tiempo, en los meses de invierno consigue intercalar d\u00edas de trabajo con paradas y faenar varias semanas, pero este a\u00f1o los barcos \u00abhan salido un d\u00eda o dos\u00bb; unos 300 nav\u00edos forman el segmento de flota de bajura en Asturias.<\/p>\n<p>En cuanto a la infraestructuras, dentro de los da\u00f1os en el litoral asturiano publicados hasta ahora figuran los de varias cofrad\u00edas pesqueras en Llanes, Tazones (Villaviciosa), Tapia de Casariego u Ortiguera (Coa\u00f1a).<\/p>\n<p>Por su parte, el presidente de la Federaci\u00f3n de Pescadores de Vizcaya, I\u00f1aki Zabaleta, ha subrayado que la situaci\u00f3n \u00abda pena\u00bb, porque \u00abnunca se hab\u00edan encadenado cinco temporales\u00bb.<\/p>\n<p>Entre las modalidades de barcos amarrados, Zabaleta ha citado los que trabajan con rasco, dedicados al rape o con trasmallo.<\/p>\n<p>El responsable de las cofrad\u00edas vizca\u00ednas ha subrayado la \u00absituaci\u00f3n dif\u00edcil\u00bb de las familias dependientes de la pesca de bajura, por la falta de ingresos y el pesimismo ante el pron\u00f3stico del tiempo.<\/p>\n<p>Pescadores de Bermeo han trasladado a la r\u00eda de Bilbao una docena de barcos y han reforzado los amarres para evitar que los nav\u00edos sufran da\u00f1os durante el temporal.<\/p>\n<p>La reducci\u00f3n del n\u00famero de barcos que permanecen en la actualidad en el puerto de Bermeo -once grandes y otros diez m\u00e1s peque\u00f1os- disminuye la posibilidad de que sufran desperfectos al golpearse entre s\u00ed si las condiciones de la mar empeoran, seg\u00fan Zabaleta.<\/p>\n<p>El pasado domingo, el oleaje rompi\u00f3 en tres partes el dique del puerto de Bermeo, lo que dej\u00f3 a este municipio desprotegido frente a los embates de la mar.<\/p>\n<p>En Cantabria, la mayor\u00eda de los barcos est\u00e1n parados a causa del mal tiempo y solo dos buques salieron, ayer y por un d\u00eda, seg\u00fan fuentes de la Federaci\u00f3n de Cofrad\u00edas c\u00e1ntabras, quienes han explicado que la inactividad se ha visto influida tanto por los paros biol\u00f3gicos como por el mal clima.<\/p>\n","protected":false},"excerpt":{"rendered":"<p>Madrid, 5 feb (EFE).-\u00a0 El temporal ha provocado el amarre generalizado de la flota costera o bajura del Cant\u00e1brico y Noroeste y la desesperaci\u00f3n de los pescadores, por su falta de actividad desde hace semanas, debido a lo que llaman un a\u00f1o \u00abdesastroso\u00bb y especialmente \u00abduro\u00bb por el clima. Representantes de las cofrad\u00edas de Galicia, [&hellip;]<\/p>\n","protected":false},"author":1,"featured_media":482087,"comment_status":"closed","ping_status":"open","sticky":false,"template":"","format":"standard","meta":{"footnotes":""},"categories":[1,12],"tags":[],"class_list":["post-483963","post","type-post","status-publish","format-standard","has-post-thumbnail","hentry","category-actualidad","category-actualidad-asturias"],"aioseo_notices":[],"aioseo_head":"\n\t\t<!-- All in One SEO Pro 5.0.1 - aioseo.com -->\n\t<meta name=\"description\" content=\"Madrid, 5 feb (EFE).- El temporal ha provocado el amarre generalizado de la flota costera o bajura del Cant\u00e1brico y Noroeste y la desesperaci\u00f3n de los pescadores, por su falta de actividad desde hace semanas, debido a lo que llaman un a\u00f1o &quot;desastroso&quot; y especialmente &quot;duro&quot; por el clima. Representantes de las cofrad\u00edas de Galicia,\" \/>\n\t<meta name=\"robots\" content=\"max-image-preview:large\" \/>\n\t<meta name=\"author\" content=\"El Digital de Asturias\"\/>\n\t<meta name=\"google-site-verification\" content=\"UA-38556648-1\" \/>\n\t<meta name=\"msvalidate.01\" content=\"7dfe9f3f1b24437ab69f4f2559babe99\" \/>\n\t<meta name=\"keywords\" content=\"actualidad,actualidad asturias\" \/>\n\t<link rel=\"canonical\" href=\"https:\/\/www.eldigitaldeasturias.com\/noticias\/amarre-generalizado-de-la-flota-del-cantabrico-y-pesimismo-por-el-temporal\/\" \/>\n\t<meta name=\"generator\" content=\"All in One SEO Pro (AIOSEO) 5.0.1\" \/>\n\t\t<meta property=\"og:locale\" content=\"es_ES\" \/>\n\t\t<meta property=\"og:site_name\" content=\"El Digital de Asturias\" \/>\n\t\t<meta property=\"og:type\" content=\"article\" \/>\n\t\t<meta property=\"og:title\" content=\"Amarre generalizado de la flota del Cant\u00e1brico y pesimismo por el temporal - El Digital de Asturias\" \/>\n\t\t<meta property=\"og:description\" content=\"Madrid, 5 feb (EFE).- El temporal ha provocado el amarre generalizado de la flota costera o bajura del Cant\u00e1brico y Noroeste y la desesperaci\u00f3n de los pescadores, por su falta de actividad desde hace semanas, debido a lo que llaman un a\u00f1o &quot;desastroso&quot; y especialmente &quot;duro&quot; por el clima. Representantes de las cofrad\u00edas de Galicia,\" \/>\n\t\t<meta property=\"og:url\" content=\"https:\/\/www.eldigitaldeasturias.com\/noticias\/amarre-generalizado-de-la-flota-del-cantabrico-y-pesimismo-por-el-temporal\/\" \/>\n\t\t<meta property=\"article:tag\" content=\"actualidad\" \/>\n\t\t<meta property=\"article:tag\" content=\"actualidad asturias\" \/>\n\t\t<meta property=\"article:published_time\" content=\"2014-02-05T16:42:24+00:00\" \/>\n\t\t<meta property=\"article:modified_time\" content=\"2014-02-05T16:42:24+00:00\" \/>\n\t\t<meta property=\"article:publisher\" content=\"https:\/\/facebook.com\/eldigitaldeasturias\" \/>\n\t\t<meta name=\"twitter:card\" content=\"summary_large_image\" \/>\n\t\t<meta name=\"twitter:title\" content=\"Amarre generalizado de la flota del Cant\u00e1brico y pesimismo por el temporal - El Digital de Asturias\" \/>\n\t\t<meta name=\"twitter:description\" content=\"Madrid, 5 feb (EFE).- El temporal ha provocado el amarre generalizado de la flota costera o bajura del Cant\u00e1brico y Noroeste y la desesperaci\u00f3n de los pescadores, por su falta de actividad desde hace semanas, debido a lo que llaman un a\u00f1o &quot;desastroso&quot; y especialmente &quot;duro&quot; por el clima. Representantes de las cofrad\u00edas de Galicia,\" \/>\n\t\t<meta name=\"twitter:label1\" content=\"Escrito por\" \/>\n\t\t<meta name=\"twitter:data1\" content=\"El Digital de Asturias\" \/>\n\t\t<meta name=\"twitter:label2\" content=\"Tiempo de lectura estimado\" \/>\n\t\t<meta name=\"twitter:data2\" content=\"3 minutos\" \/>\n\t\t<script type=\"application\/ld+json\" class=\"aioseo-schema\">\n\t\t\t{\"@context\":\"https:\\\/\\\/schema.org\",\"@graph\":[{\"@type\":\"BlogPosting\",\"@id\":\"https:\\\/\\\/www.eldigitaldeasturias.com\\\/noticias\\\/amarre-generalizado-de-la-flota-del-cantabrico-y-pesimismo-por-el-temporal\\\/#blogposting\",\"name\":\"Amarre generalizado de la flota del Cant\\u00e1brico y pesimismo por el temporal - El Digital de Asturias\",\"headline\":\"Amarre generalizado de la flota del Cant\\u00e1brico y pesimismo por el temporal\",\"author\":{\"@id\":\"https:\\\/\\\/www.eldigitaldeasturias.com\\\/noticias\\\/author\\\/admin\\\/#author\"},\"publisher\":{\"@id\":\"https:\\\/\\\/www.eldigitaldeasturias.com\\\/noticias\\\/#organization\"},\"image\":{\"@type\":\"ImageObject\",\"url\":482087},\"datePublished\":\"2014-02-05T15:42:24+01:00\",\"dateModified\":\"2014-02-05T15:42:24+01:00\",\"inLanguage\":\"es-ES\",\"mainEntityOfPage\":{\"@id\":\"https:\\\/\\\/www.eldigitaldeasturias.com\\\/noticias\\\/amarre-generalizado-de-la-flota-del-cantabrico-y-pesimismo-por-el-temporal\\\/#webpage\"},\"isPartOf\":{\"@id\":\"https:\\\/\\\/www.eldigitaldeasturias.com\\\/noticias\\\/amarre-generalizado-de-la-flota-del-cantabrico-y-pesimismo-por-el-temporal\\\/#webpage\"},\"articleSection\":\"Actualidad, Actualidad Asturias\"},{\"@type\":\"BreadcrumbList\",\"@id\":\"https:\\\/\\\/www.eldigitaldeasturias.com\\\/noticias\\\/amarre-generalizado-de-la-flota-del-cantabrico-y-pesimismo-por-el-temporal\\\/#breadcrumblist\",\"itemListElement\":[{\"@type\":\"ListItem\",\"@id\":\"https:\\\/\\\/www.eldigitaldeasturias.com\\\/noticias#listItem\",\"position\":1,\"name\":\"Home\",\"item\":\"https:\\\/\\\/www.eldigitaldeasturias.com\\\/noticias\",\"nextItem\":{\"@type\":\"ListItem\",\"@id\":\"https:\\\/\\\/www.eldigitaldeasturias.com\\\/noticias\\\/category\\\/actualidad\\\/#listItem\",\"name\":\"Actualidad\"}},{\"@type\":\"ListItem\",\"@id\":\"https:\\\/\\\/www.eldigitaldeasturias.com\\\/noticias\\\/category\\\/actualidad\\\/#listItem\",\"position\":2,\"name\":\"Actualidad\",\"item\":\"https:\\\/\\\/www.eldigitaldeasturias.com\\\/noticias\\\/category\\\/actualidad\\\/\",\"nextItem\":{\"@type\":\"ListItem\",\"@id\":\"https:\\\/\\\/www.eldigitaldeasturias.com\\\/noticias\\\/amarre-generalizado-de-la-flota-del-cantabrico-y-pesimismo-por-el-temporal\\\/#listItem\",\"name\":\"Amarre generalizado de la flota del Cant\\u00e1brico y pesimismo por el temporal\"},\"previousItem\":{\"@type\":\"ListItem\",\"@id\":\"https:\\\/\\\/www.eldigitaldeasturias.com\\\/noticias#listItem\",\"name\":\"Home\"}},{\"@type\":\"ListItem\",\"@id\":\"https:\\\/\\\/www.eldigitaldeasturias.com\\\/noticias\\\/amarre-generalizado-de-la-flota-del-cantabrico-y-pesimismo-por-el-temporal\\\/#listItem\",\"position\":3,\"name\":\"Amarre generalizado de la flota del Cant\\u00e1brico y pesimismo por el temporal\",\"previousItem\":{\"@type\":\"ListItem\",\"@id\":\"https:\\\/\\\/www.eldigitaldeasturias.com\\\/noticias\\\/category\\\/actualidad\\\/#listItem\",\"name\":\"Actualidad\"}}]},{\"@type\":\"Organization\",\"@id\":\"https:\\\/\\\/www.eldigitaldeasturias.com\\\/noticias\\\/#organization\",\"name\":\"El Digital de Asturias\",\"description\":\"Hemeroteca\",\"url\":\"https:\\\/\\\/www.eldigitaldeasturias.com\\\/noticias\\\/\",\"email\":\"info@eldigitaldeasturias.com\",\"telephone\":\"+34652131393\",\"logo\":{\"@type\":\"ImageObject\",\"url\":\"https:\\\/\\\/www.eldigitaldeasturias.com\\\/noticias\\\/wp-content\\\/uploads\\\/2020\\\/12\\\/EDA.jpg\",\"@id\":\"https:\\\/\\\/www.eldigitaldeasturias.com\\\/noticias\\\/amarre-generalizado-de-la-flota-del-cantabrico-y-pesimismo-por-el-temporal\\\/#organizationLogo\"},\"image\":{\"@id\":\"https:\\\/\\\/www.eldigitaldeasturias.com\\\/noticias\\\/amarre-generalizado-de-la-flota-del-cantabrico-y-pesimismo-por-el-temporal\\\/#organizationLogo\"},\"sameAs\":[\"https:\\\/\\\/facebook.com\\\/eldigitaldeasturias\",\"https:\\\/\\\/www.youtube.com\\\/channel\\\/UCZP-2wLEB9Rv6erhFmqVnvg\"],\"address\":{\"@id\":\"https:\\\/\\\/www.eldigitaldeasturias.com\\\/noticias\\\/#postaladdress\",\"@type\":\"PostalAddress\",\"streetAddress\":\"san antonio 4\",\"postalCode\":\"33430\",\"addressLocality\":\"Cand\\u00e1s\",\"addressRegion\":\"Asturias\",\"addressCountry\":\"ES\"}},{\"@type\":\"Person\",\"@id\":\"https:\\\/\\\/www.eldigitaldeasturias.com\\\/noticias\\\/author\\\/admin\\\/#author\",\"url\":\"https:\\\/\\\/www.eldigitaldeasturias.com\\\/noticias\\\/author\\\/admin\\\/\",\"name\":\"El Digital de Asturias\",\"image\":{\"@type\":\"ImageObject\",\"@id\":\"https:\\\/\\\/www.eldigitaldeasturias.com\\\/noticias\\\/amarre-generalizado-de-la-flota-del-cantabrico-y-pesimismo-por-el-temporal\\\/#authorImage\",\"url\":\"https:\\\/\\\/secure.gravatar.com\\\/avatar\\\/df2aeffc32bcd13f8d26072ef8a91b623d677766deac7f97ca815868cd41bf5e?s=96&d=mm&r=g\",\"width\":96,\"height\":96,\"caption\":\"El Digital de Asturias\"}},{\"@type\":\"WebPage\",\"@id\":\"https:\\\/\\\/www.eldigitaldeasturias.com\\\/noticias\\\/amarre-generalizado-de-la-flota-del-cantabrico-y-pesimismo-por-el-temporal\\\/#webpage\",\"url\":\"https:\\\/\\\/www.eldigitaldeasturias.com\\\/noticias\\\/amarre-generalizado-de-la-flota-del-cantabrico-y-pesimismo-por-el-temporal\\\/\",\"name\":\"Amarre generalizado de la flota del Cant\\u00e1brico y pesimismo por el temporal - El Digital de Asturias\",\"description\":\"Madrid, 5 feb (EFE).- El temporal ha provocado el amarre generalizado de la flota costera o bajura del Cant\\u00e1brico y Noroeste y la desesperaci\\u00f3n de los pescadores, por su falta de actividad desde hace semanas, debido a lo que llaman un a\\u00f1o \\\"desastroso\\\" y especialmente \\\"duro\\\" por el clima. Representantes de las cofrad\\u00edas de Galicia,\",\"inLanguage\":\"es-ES\",\"isPartOf\":{\"@id\":\"https:\\\/\\\/www.eldigitaldeasturias.com\\\/noticias\\\/#website\"},\"breadcrumb\":{\"@id\":\"https:\\\/\\\/www.eldigitaldeasturias.com\\\/noticias\\\/amarre-generalizado-de-la-flota-del-cantabrico-y-pesimismo-por-el-temporal\\\/#breadcrumblist\"},\"author\":{\"@id\":\"https:\\\/\\\/www.eldigitaldeasturias.com\\\/noticias\\\/author\\\/admin\\\/#author\"},\"creator\":{\"@id\":\"https:\\\/\\\/www.eldigitaldeasturias.com\\\/noticias\\\/author\\\/admin\\\/#author\"},\"image\":{\"@type\":\"ImageObject\",\"url\":482087,\"@id\":\"https:\\\/\\\/www.eldigitaldeasturias.com\\\/noticias\\\/amarre-generalizado-de-la-flota-del-cantabrico-y-pesimismo-por-el-temporal\\\/#mainImage\"},\"primaryImageOfPage\":{\"@id\":\"https:\\\/\\\/www.eldigitaldeasturias.com\\\/noticias\\\/amarre-generalizado-de-la-flota-del-cantabrico-y-pesimismo-por-el-temporal\\\/#mainImage\"},\"datePublished\":\"2014-02-05T15:42:24+01:00\",\"dateModified\":\"2014-02-05T15:42:24+01:00\"},{\"@type\":\"WebSite\",\"@id\":\"https:\\\/\\\/www.eldigitaldeasturias.com\\\/noticias\\\/#website\",\"url\":\"https:\\\/\\\/www.eldigitaldeasturias.com\\\/noticias\\\/\",\"name\":\"El Digital de Asturias - Diario de actualidad y noticias\",\"alternateName\":\"El Digital de Asturias - Diario de actualidad y noticias\",\"description\":\"Hemeroteca\",\"inLanguage\":\"es-ES\",\"publisher\":{\"@id\":\"https:\\\/\\\/www.eldigitaldeasturias.com\\\/noticias\\\/#organization\"}}]}\n\t\t<\/script>\n\t\t<!-- All in One SEO Pro -->\r\n\t\t<title>Amarre generalizado de la flota del Cant\u00e1brico y pesimismo por el temporal - El Digital de Asturias<\/title>\n\n","aioseo_head_json":{"title":"Amarre generalizado de la flota del Cant\u00e1brico y pesimismo por el temporal - El Digital de Asturias","description":"Madrid, 5 feb (EFE).- El temporal ha provocado el amarre generalizado de la flota costera o bajura del Cant\u00e1brico y Noroeste y la desesperaci\u00f3n de los pescadores, por su falta de actividad desde hace semanas, debido a lo que llaman un a\u00f1o \"desastroso\" y especialmente \"duro\" por el clima. Representantes de las cofrad\u00edas de Galicia,","canonical_url":"https:\/\/www.eldigitaldeasturias.com\/noticias\/amarre-generalizado-de-la-flota-del-cantabrico-y-pesimismo-por-el-temporal\/","robots":"max-image-preview:large","keywords":"actualidad,actualidad asturias","webmasterTools":{"google-site-verification":"UA-38556648-1","msvalidate.01":"7dfe9f3f1b24437ab69f4f2559babe99","miscellaneous":""},"schema":{"@context":"https:\/\/schema.org","@graph":[{"@type":"BlogPosting","@id":"https:\/\/www.eldigitaldeasturias.com\/noticias\/amarre-generalizado-de-la-flota-del-cantabrico-y-pesimismo-por-el-temporal\/#blogposting","name":"Amarre generalizado de la flota del Cant\u00e1brico y pesimismo por el temporal - El Digital de Asturias","headline":"Amarre generalizado de la flota del Cant\u00e1brico y pesimismo por el temporal","author":{"@id":"https:\/\/www.eldigitaldeasturias.com\/noticias\/author\/admin\/#author"},"publisher":{"@id":"https:\/\/www.eldigitaldeasturias.com\/noticias\/#organization"},"image":{"@type":"ImageObject","url":482087},"datePublished":"2014-02-05T15:42:24+01:00","dateModified":"2014-02-05T15:42:24+01:00","inLanguage":"es-ES","mainEntityOfPage":{"@id":"https:\/\/www.eldigitaldeasturias.com\/noticias\/amarre-generalizado-de-la-flota-del-cantabrico-y-pesimismo-por-el-temporal\/#webpage"},"isPartOf":{"@id":"https:\/\/www.eldigitaldeasturias.com\/noticias\/amarre-generalizado-de-la-flota-del-cantabrico-y-pesimismo-por-el-temporal\/#webpage"},"articleSection":"Actualidad, Actualidad Asturias"},{"@type":"BreadcrumbList","@id":"https:\/\/www.eldigitaldeasturias.com\/noticias\/amarre-generalizado-de-la-flota-del-cantabrico-y-pesimismo-por-el-temporal\/#breadcrumblist","itemListElement":[{"@type":"ListItem","@id":"https:\/\/www.eldigitaldeasturias.com\/noticias#listItem","position":1,"name":"Home","item":"https:\/\/www.eldigitaldeasturias.com\/noticias","nextItem":{"@type":"ListItem","@id":"https:\/\/www.eldigitaldeasturias.com\/noticias\/category\/actualidad\/#listItem","name":"Actualidad"}},{"@type":"ListItem","@id":"https:\/\/www.eldigitaldeasturias.com\/noticias\/category\/actualidad\/#listItem","position":2,"name":"Actualidad","item":"https:\/\/www.eldigitaldeasturias.com\/noticias\/category\/actualidad\/","nextItem":{"@type":"ListItem","@id":"https:\/\/www.eldigitaldeasturias.com\/noticias\/amarre-generalizado-de-la-flota-del-cantabrico-y-pesimismo-por-el-temporal\/#listItem","name":"Amarre generalizado de la flota del Cant\u00e1brico y pesimismo por el temporal"},"previousItem":{"@type":"ListItem","@id":"https:\/\/www.eldigitaldeasturias.com\/noticias#listItem","name":"Home"}},{"@type":"ListItem","@id":"https:\/\/www.eldigitaldeasturias.com\/noticias\/amarre-generalizado-de-la-flota-del-cantabrico-y-pesimismo-por-el-temporal\/#listItem","position":3,"name":"Amarre generalizado de la flota del Cant\u00e1brico y pesimismo por el temporal","previousItem":{"@type":"ListItem","@id":"https:\/\/www.eldigitaldeasturias.com\/noticias\/category\/actualidad\/#listItem","name":"Actualidad"}}]},{"@type":"Organization","@id":"https:\/\/www.eldigitaldeasturias.com\/noticias\/#organization","name":"El Digital de Asturias","description":"Hemeroteca","url":"https:\/\/www.eldigitaldeasturias.com\/noticias\/","email":"info@eldigitaldeasturias.com","telephone":"+34652131393","logo":{"@type":"ImageObject","url":"https:\/\/www.eldigitaldeasturias.com\/noticias\/wp-content\/uploads\/2020\/12\/EDA.jpg","@id":"https:\/\/www.eldigitaldeasturias.com\/noticias\/amarre-generalizado-de-la-flota-del-cantabrico-y-pesimismo-por-el-temporal\/#organizationLogo"},"image":{"@id":"https:\/\/www.eldigitaldeasturias.com\/noticias\/amarre-generalizado-de-la-flota-del-cantabrico-y-pesimismo-por-el-temporal\/#organizationLogo"},"sameAs":["https:\/\/facebook.com\/eldigitaldeasturias","https:\/\/www.youtube.com\/channel\/UCZP-2wLEB9Rv6erhFmqVnvg"],"address":{"@id":"https:\/\/www.eldigitaldeasturias.com\/noticias\/#postaladdress","@type":"PostalAddress","streetAddress":"san antonio 4","postalCode":"33430","addressLocality":"Cand\u00e1s","addressRegion":"Asturias","addressCountry":"ES"}},{"@type":"Person","@id":"https:\/\/www.eldigitaldeasturias.com\/noticias\/author\/admin\/#author","url":"https:\/\/www.eldigitaldeasturias.com\/noticias\/author\/admin\/","name":"El Digital de Asturias","image":{"@type":"ImageObject","@id":"https:\/\/www.eldigitaldeasturias.com\/noticias\/amarre-generalizado-de-la-flota-del-cantabrico-y-pesimismo-por-el-temporal\/#authorImage","url":"https:\/\/secure.gravatar.com\/avatar\/df2aeffc32bcd13f8d26072ef8a91b623d677766deac7f97ca815868cd41bf5e?s=96&d=mm&r=g","width":96,"height":96,"caption":"El Digital de Asturias"}},{"@type":"WebPage","@id":"https:\/\/www.eldigitaldeasturias.com\/noticias\/amarre-generalizado-de-la-flota-del-cantabrico-y-pesimismo-por-el-temporal\/#webpage","url":"https:\/\/www.eldigitaldeasturias.com\/noticias\/amarre-generalizado-de-la-flota-del-cantabrico-y-pesimismo-por-el-temporal\/","name":"Amarre generalizado de la flota del Cant\u00e1brico y pesimismo por el temporal - El Digital de Asturias","description":"Madrid, 5 feb (EFE).- El temporal ha provocado el amarre generalizado de la flota costera o bajura del Cant\u00e1brico y Noroeste y la desesperaci\u00f3n de los pescadores, por su falta de actividad desde hace semanas, debido a lo que llaman un a\u00f1o \"desastroso\" y especialmente \"duro\" por el clima. Representantes de las cofrad\u00edas de Galicia,","inLanguage":"es-ES","isPartOf":{"@id":"https:\/\/www.eldigitaldeasturias.com\/noticias\/#website"},"breadcrumb":{"@id":"https:\/\/www.eldigitaldeasturias.com\/noticias\/amarre-generalizado-de-la-flota-del-cantabrico-y-pesimismo-por-el-temporal\/#breadcrumblist"},"author":{"@id":"https:\/\/www.eldigitaldeasturias.com\/noticias\/author\/admin\/#author"},"creator":{"@id":"https:\/\/www.eldigitaldeasturias.com\/noticias\/author\/admin\/#author"},"image":{"@type":"ImageObject","url":482087,"@id":"https:\/\/www.eldigitaldeasturias.com\/noticias\/amarre-generalizado-de-la-flota-del-cantabrico-y-pesimismo-por-el-temporal\/#mainImage"},"primaryImageOfPage":{"@id":"https:\/\/www.eldigitaldeasturias.com\/noticias\/amarre-generalizado-de-la-flota-del-cantabrico-y-pesimismo-por-el-temporal\/#mainImage"},"datePublished":"2014-02-05T15:42:24+01:00","dateModified":"2014-02-05T15:42:24+01:00"},{"@type":"WebSite","@id":"https:\/\/www.eldigitaldeasturias.com\/noticias\/#website","url":"https:\/\/www.eldigitaldeasturias.com\/noticias\/","name":"El Digital de Asturias - Diario de actualidad y noticias","alternateName":"El Digital de Asturias - Diario de actualidad y noticias","description":"Hemeroteca","inLanguage":"es-ES","publisher":{"@id":"https:\/\/www.eldigitaldeasturias.com\/noticias\/#organization"}}]},"og:locale":"es_ES","og:site_name":"El Digital de Asturias","og:type":"article","og:title":"Amarre generalizado de la flota del Cant\u00e1brico y pesimismo por el temporal - El Digital de Asturias","og:description":"Madrid, 5 feb (EFE).- El temporal ha provocado el amarre generalizado de la flota costera o bajura del Cant\u00e1brico y Noroeste y la desesperaci\u00f3n de los pescadores, por su falta de actividad desde hace semanas, debido a lo que llaman un a\u00f1o &quot;desastroso&quot; y especialmente &quot;duro&quot; por el clima. Representantes de las cofrad\u00edas de Galicia,","og:url":"https:\/\/www.eldigitaldeasturias.com\/noticias\/amarre-generalizado-de-la-flota-del-cantabrico-y-pesimismo-por-el-temporal\/","article:tag":["actualidad","actualidad asturias"],"article:published_time":"2014-02-05T16:42:24+00:00","article:modified_time":"2014-02-05T16:42:24+00:00","article:publisher":"https:\/\/facebook.com\/eldigitaldeasturias","twitter:card":"summary_large_image","twitter:title":"Amarre generalizado de la flota del Cant\u00e1brico y pesimismo por el temporal - El Digital de Asturias","twitter:description":"Madrid, 5 feb (EFE).- El temporal ha provocado el amarre generalizado de la flota costera o bajura del Cant\u00e1brico y Noroeste y la desesperaci\u00f3n de los pescadores, por su falta de actividad desde hace semanas, debido a lo que llaman un a\u00f1o &quot;desastroso&quot; y especialmente &quot;duro&quot; por el clima. Representantes de las cofrad\u00edas de Galicia,","twitter:label1":"Escrito por","twitter:data1":"El Digital de Asturias","twitter:label2":"Tiempo de lectura estimado","twitter:data2":"3 minutos"},"aioseo_meta_data":{"post_id":"483963","title":null,"description":null,"keywords":null,"keyphrases":null,"primary_term":null,"canonical_url":null,"og_title":null,"og_description":null,"og_object_type":"default","og_image_type":"default","og_image_url":null,"og_image_width":null,"og_image_height":null,"og_image_custom_url":null,"og_image_custom_fields":null,"og_video":null,"og_custom_url":null,"og_article_section":null,"og_article_tags":null,"twitter_use_og":true,"twitter_card":"default","twitter_image_type":"default","twitter_image_url":null,"twitter_image_custom_url":null,"twitter_image_custom_fields":null,"twitter_title":null,"twitter_description":null,"schema":{"blockGraphs":[],"customGraphs":[],"default":{"data":{"Article":[],"Course":[],"Dataset":[],"FAQPage":[],"Movie":[],"Person":[],"Product":[],"ProductReview":[],"Car":[],"Recipe":[],"Service":[],"SoftwareApplication":[],"WebPage":[]},"graphName":"","isEnabled":true},"graphs":[],"defaultGraph":"","defaultPostTypeGraph":""},"schema_type":null,"schema_type_options":null,"pillar_content":false,"robots_default":true,"robots_noindex":false,"robots_noarchive":false,"robots_nosnippet":false,"robots_nofollow":false,"robots_noimageindex":false,"robots_noodp":false,"robots_notranslate":false,"robots_max_snippet":null,"robots_max_videopreview":null,"robots_max_imagepreview":"none","priority":null,"frequency":null,"local_seo":null,"seo_analyzer_scan_date":"2026-06-02 14:24:43","breadcrumb_settings":null,"limit_modified_date":false,"open_ai":null,"ai":null,"created":"2020-11-14 22:54:55","updated":"2026-06-02 14:24:43","focus_keyword":null,"additional_keywords":null,"truseo_locale":null},"aioseo_breadcrumb":"<div class=\"aioseo-breadcrumbs\"><span class=\"aioseo-breadcrumb\">\n\t<a href=\"https:\/\/www.eldigitaldeasturias.com\/noticias\" title=\"Home\">Home<\/a>\n<\/span><span class=\"aioseo-breadcrumb-separator\">\u2013<\/span><span class=\"aioseo-breadcrumb\">\n\t<a href=\"https:\/\/www.eldigitaldeasturias.com\/noticias\/category\/actualidad\/\" title=\"Actualidad\">Actualidad<\/a>\n<\/span><span class=\"aioseo-breadcrumb-separator\">\u2013<\/span><span class=\"aioseo-breadcrumb\">\n\t<a href=\"https:\/\/www.eldigitaldeasturias.com\/noticias\/amarre-generalizado-de-la-flota-del-cantabrico-y-pesimismo-por-el-temporal\/\" title=\"Amarre generalizado de la flota del Cant\u00e1brico y pesimismo por el temporal\">Amarre generalizado de la flota del Cant\u00e1brico y pesimismo por el temporal<\/a>\n<\/span><\/div>","aioseo_breadcrumb_json":[{"label":"Home","link":"https:\/\/www.eldigitaldeasturias.com\/noticias"},{"label":"Actualidad","link":"https:\/\/www.eldigitaldeasturias.com\/noticias\/category\/actualidad\/"},{"label":"Amarre generalizado de la flota del Cant\u00e1brico y pesimismo por el temporal","link":"https:\/\/www.eldigitaldeasturias.com\/noticias\/amarre-generalizado-de-la-flota-del-cantabrico-y-pesimismo-por-el-temporal\/"}],"_links":{"self":[{"href":"https:\/\/www.eldigitaldeasturias.com\/noticias\/wp-json\/wp\/v2\/posts\/483963","targetHints":{"allow":["GET"]}}],"collection":[{"href":"https:\/\/www.eldigitaldeasturias.com\/noticias\/wp-json\/wp\/v2\/posts"}],"about":[{"href":"https:\/\/www.eldigitaldeasturias.com\/noticias\/wp-json\/wp\/v2\/types\/post"}],"author":[{"embeddable":true,"href":"https:\/\/www.eldigitaldeasturias.com\/noticias\/wp-json\/wp\/v2\/users\/1"}],"replies":[{"embeddable":true,"href":"https:\/\/www.eldigitaldeasturias.com\/noticias\/wp-json\/wp\/v2\/comments?post=483963"}],"version-history":[{"count":0,"href":"https:\/\/www.eldigitaldeasturias.com\/noticias\/wp-json\/wp\/v2\/posts\/483963\/revisions"}],"wp:attachment":[{"href":"https:\/\/www.eldigitaldeasturias.com\/noticias\/wp-json\/wp\/v2\/media?parent=483963"}],"wp:term":[{"taxonomy":"category","embeddable":true,"href":"https:\/\/www.eldigitaldeasturias.com\/noticias\/wp-json\/wp\/v2\/categories?post=483963"},{"taxonomy":"post_tag","embeddable":true,"href":"https:\/\/www.eldigitaldeasturias.com\/noticias\/wp-json\/wp\/v2\/tags?post=483963"}],"curies":[{"name":"wp","href":"https:\/\/api.w.org\/{rel}","templated":true}]}}